{"id":28805,"date":"2025-04-08T06:00:44","date_gmt":"2025-04-08T04:00:44","guid":{"rendered":"https:\/\/www.welovecycling.com\/cs\/?p=28805"},"modified":"2025-04-07T15:31:32","modified_gmt":"2025-04-07T13:31:32","slug":"vrati-silna-generace-cesko-na-vrchol","status":"publish","type":"post","link":"https:\/\/www.welovecycling.com\/cs\/2025\/04\/08\/vrati-silna-generace-cesko-na-vrchol\/","title":{"rendered":"Vr\u00e1t\u00ed siln\u00e1 generace \u010cesko na vrchol?"},"content":{"rendered":"<p><strong>T\u0159i roky \u010dek\u00e1 \u010desk\u00e1 cyklistika na stupn\u011b v\u00edt\u011bz\u016f v celkov\u00e9m po\u0159ad\u00ed. Z\u00e1vod m\u00edru do 23 let je p\u0159itom jedn\u00edm z vrchol\u016f sezony. V novodob\u00e9 historii akce, na n\u00ed\u017e startuj\u00ed reprezenta\u010dn\u00ed v\u00fdb\u011bry do 23 let a jde o sou\u010d\u00e1st presti\u017en\u00edho seri\u00e1lu Nations Cup, je\u0161t\u011b tuzemsk\u00e1 cyklistika nezapsala za jeden\u00e1ct ro\u010dn\u00edk\u016f vlastn\u00edho v\u00edt\u011bze. &#8222;Sou\u010dasn\u00e1 generace je hodn\u011b siln\u00e1,&#8220; v\u011b\u0159\u00ed tren\u00e9r \u010desk\u00e9 reprezentace Petr Kaltofen, \u017ee se historie p\u0159i leto\u0161n\u00edm ro\u010dn\u00edku z\u00e1vodu od 29. kv\u011btna do 1. \u010dervna m\u016f\u017ee zm\u011bnit.<\/strong><\/p>\n<p>Prvn\u00ed ro\u010dn\u00edk Z\u00e1vodu m\u00edru v novodob\u00e9 historii se uskute\u010dnil v roce 2013. Tehdy fini\u0161oval Jan Hirt, nyn\u00ed jezdec formace Israel PremierTech, druh\u00fd. Pouh\u00fdch \u0161estn\u00e1ct sekund sch\u00e1zelo na v\u00edt\u011bzn\u00e9ho Tomse Skujin\u0161e. O \u010dty\u0159i roky pozd\u011bji pak Michal Schlegel (Elkov Kasper) vybojoval v kone\u010dn\u00e9m \u00fa\u010dtov\u00e1n\u00ed t\u0159et\u00ed p\u0159\u00ed\u010dku. A\u017e v ro\u010dn\u00edku 2022 p\u0159i\u0161lo dal\u0161\u00ed podiov\u00e9 um\u00edst\u011bn\u00ed v absolutn\u00edm po\u0159ad\u00ed. Tehdy Mathias Vacek (Lidl-Trek) vyd\u0159el rovn\u011b\u017e bronzovou pozici.<\/p>\n<p>&#8222;Z\u00e1vod m\u00edru je jeden z nejpresti\u017en\u011bj\u0161\u00edch podnik\u016f sezony. S ohledem na dom\u00e1c\u00ed p\u016fdu jde o vrchol, na n\u011bm\u017e chceme usp\u011bt,&#8220; \u0159\u00edk\u00e1 odhodlan\u011b tren\u00e9r n\u00e1rodn\u00edho v\u00fdb\u011bru Petr Kaltofen.<\/p>\n<p>&#8222;Sou\u010dasn\u00e1 generace je hodn\u011b siln\u00e1. Pavel \u0160ump\u00edk vyhr\u00e1val z\u00e1vody juniorsk\u00e9ho Nations Cupu, kter\u00fd ovl\u00e1dl celkov\u011b. Kry\u0161tof Kr\u00e1l je v\u00fdborn\u00fd ve spurtech, vyhr\u00e1val mezi juniory hromadn\u00e9 dojezdy. Pavel Nov\u00e1k byl p\u00e1t\u00fd na Giro Next Gen, Tom\u00e1\u0161 P\u0159idal m\u00e1 jeden\u00e1ct\u00e9 m\u00edsto ze Z\u00e1vodu m\u00edru v minul\u00e9 sezon\u011b,&#8220; vypo\u010d\u00edt\u00e1v\u00e1 Petr Kaltofen p\u0159ednosti a n\u011bkter\u00fdch z borc\u016f sou\u010dasn\u00e9ho v\u00fdb\u011bru do 23 let.<\/p>\n<h2><strong>Z\u00e1vod m\u00edru je mimo\u0159\u00e1dn\u011b sledovan\u00fd<\/strong><\/h2>\n<p>Na p\u0159edb\u011b\u017en\u00e9 soupisce pro Z\u00e1vod m\u00edru do 23 let 2025 jsou Pavel Nov\u00e1k, Tom\u00e1\u0161 P\u0159idal, Pavel \u0160ump\u00edk, Kry\u0161tof Kr\u00e1l, Maty\u00e1\u0161 Fiala, Daniel Mr\u00e1z a Martin B\u00e1rta. &#8222;Po\u010d\u00edtali jsme je\u0161t\u011b s Maty\u00e1\u0161em Kopeck\u00fdm, jen\u017ee ten asi nebude moci startovat, proto\u017ee m\u00e1 kontrakt v t\u00fdmu kategorie UCIPro,&#8220; vysv\u011btluje Petr Kaltofen.<\/p>\n<figure id=\"attachment_28812\" aria-describedby=\"caption-attachment-28812\" style=\"width: 1920px\" class=\"wp-caption alignnone\"><a href=\"https:\/\/d2p6e6u75xmxt8.cloudfront.net\/13\/2025\/04\/ZM_foto_ilustrace_07-scaled.webp\"><img loading=\"lazy\" decoding=\"async\" class=\"size-extra-large wp-image-28812\" src=\"https:\/\/d2p6e6u75xmxt8.cloudfront.net\/13\/2025\/04\/ZM_foto_ilustrace_07-1920x1280.webp\" alt=\"\" width=\"1920\" height=\"1280\" srcset=\"https:\/\/d2p6e6u75xmxt8.cloudfront.net\/13\/2025\/04\/ZM_foto_ilustrace_07-1920x1280.webp 1920w, https:\/\/d2p6e6u75xmxt8.cloudfront.net\/13\/2025\/04\/ZM_foto_ilustrace_07-300x200.webp 300w, https:\/\/d2p6e6u75xmxt8.cloudfront.net\/13\/2025\/04\/ZM_foto_ilustrace_07-1024x683.webp 1024w, https:\/\/d2p6e6u75xmxt8.cloudfront.net\/13\/2025\/04\/ZM_foto_ilustrace_07-768x512.webp 768w, https:\/\/d2p6e6u75xmxt8.cloudfront.net\/13\/2025\/04\/ZM_foto_ilustrace_07-1536x1024.webp 1536w, https:\/\/d2p6e6u75xmxt8.cloudfront.net\/13\/2025\/04\/ZM_foto_ilustrace_07-2048x1365.webp 2048w, https:\/\/d2p6e6u75xmxt8.cloudfront.net\/13\/2025\/04\/ZM_foto_ilustrace_07-400x267.webp 400w, https:\/\/d2p6e6u75xmxt8.cloudfront.net\/13\/2025\/04\/ZM_foto_ilustrace_07-272x182.webp 272w, https:\/\/d2p6e6u75xmxt8.cloudfront.net\/13\/2025\/04\/ZM_foto_ilustrace_07-1920x1280.webp 1920w\" sizes=\"auto, (max-width: 1920px) 100vw, 1920px\" \/><\/a><figcaption id=\"caption-attachment-28812\" class=\"wp-caption-text\"><em>Z\u00e1vod m\u00edru 2025 se uskute\u010dn\u00ed v Jesen\u00edk\u00e1ch na p\u0159elomu kv\u011btna\u00a0 \u010dervna.<\/em><\/figcaption><\/figure>\n<p>&#8222;V\u0161em kluk\u016fm jsem nast\u00ednil program reprezentace pro leto\u0161n\u00ed sezonu. Sleduji jejich v\u00fdsledky a udr\u017euji p\u0159ehled o form\u011b. T\u0159i t\u00fddny p\u0159ed startem Z\u00e1vodu m\u00edru pak padne definitivn\u00ed verdikt v podob\u011b kone\u010dn\u00e9ho v\u00fdb\u011bru,&#8220; \u0159\u00edk\u00e1 Petr Kaltofen. &#8222;Ve v\u0161ech p\u0159\u00edpadech jde o dosp\u011bl\u00e9 lidi, kte\u0159\u00ed si um\u00ed vyhodnotit, jak\u00e1 je jejich forma. Tud\u00ed\u017e kdy\u017e \u0159e\u0161\u00edme kone\u010dnou nominaci, jsme k sob\u011b up\u0159\u00edmn\u00ed. V\u0161ichni v\u011bd\u00ed, \u017ee kdyby jeli na Z\u00e1vod m\u00edru nep\u0159ipraven\u00ed, ud\u011blali by si leda ostudu.&#8220;<\/p>\n<div class=\"shortcode-ys-post-pinup\"><article class=\"loop-simple post-28692 post type-post status-publish format-standard has-post-thumbnail hentry category-https-www-welovecycling-com-cs-category-zabava tag-cyklisticka-pravidla tag-cyklistika tag-horska-cyklistika tag-silnicni-cyklistika tag-trenink tag-zdravi-a-trenink global-categories-cycling\" data-postid=\"28692\" role=\"article\" data-post-id=\"28692\" data-word-count=\"546\" data-headline-length=\"41\" data-category=\"Z\u00c1BAVA\" data-global-category=\"Cycling\" data-author=\"We Love Cycling\" data-published=\"2025-04-01T05:00:46+02:00\" data-published-day=\"Tuesday\">\n    <div class=\"entry-thumbnail article-thumbnail\" content=\"https:\/\/d2p6e6u75xmxt8.cloudfront.net\/13\/2025\/04\/20240810_100336-150x150.webp\"><a href=\"https:\/\/www.welovecycling.com\/cs\/2025\/04\/01\/cyklisticka-pravidla-ktera-se-necti\/\" class=\"image-holder\" target=\"_self\"><img decoding=\"async\" loading=\"lazy\" class=\"\" src=\"https:\/\/d2p6e6u75xmxt8.cloudfront.net\/13\/2025\/04\/20240810_100336-1024x768.webp\" srcset=\"https:\/\/d2p6e6u75xmxt8.cloudfront.net\/13\/2025\/04\/20240810_100336-scaled.webp 2560w, https:\/\/d2p6e6u75xmxt8.cloudfront.net\/13\/2025\/04\/20240810_100336-300x225.webp 300w, https:\/\/d2p6e6u75xmxt8.cloudfront.net\/13\/2025\/04\/20240810_100336-1024x768.webp 1024w, https:\/\/d2p6e6u75xmxt8.cloudfront.net\/13\/2025\/04\/20240810_100336-768x576.webp 768w, https:\/\/d2p6e6u75xmxt8.cloudfront.net\/13\/2025\/04\/20240810_100336-1536x1152.webp 1536w, https:\/\/d2p6e6u75xmxt8.cloudfront.net\/13\/2025\/04\/20240810_100336-2048x1536.webp 2048w, https:\/\/d2p6e6u75xmxt8.cloudfront.net\/13\/2025\/04\/20240810_100336-1920x1440.webp 1920w, https:\/\/d2p6e6u75xmxt8.cloudfront.net\/13\/2025\/04\/20240810_100336-400x300.webp 400w, https:\/\/d2p6e6u75xmxt8.cloudfront.net\/13\/2025\/04\/20240810_100336-1920x1440.webp 1920w\" width=\"1024\" height=\"768\" sizes=\"auto, (min-width: 1200px) 300px, (min-width: 768px) 25vw, 100vw\" alt=\"cyklisticka-pravidla-ktera-se-necti\"\/><\/a><\/div>    <div class=\"entry-meta\">\n        <a class=\"label label-secondary post-category\" href=\"https:\/\/www.welovecycling.com\/cs\/category\/https-www-welovecycling-com-cs-category-zabava\/\" title=\"Z\u00c1BAVA\">Z\u00c1BAVA<\/a>\n    <\/div>\n    <div class=\"entry-details\">\n        <a href=\"https:\/\/www.welovecycling.com\/cs\/2025\/04\/01\/cyklisticka-pravidla-ktera-se-necti\/\" class='entry-title-wrapper'>\n            <h3 class=\"entry-title\"><span>Cyklistick\u00e1 pravidla, kter\u00e1 se (ne)ct\u00ed<\/span><\/h3>\n        <\/a>\n    <\/div>\n    <\/article>\n<\/div>\n<p>A to samoz\u0159ejm\u011b nikdo nechce. Z\u00e1vod m\u00edru je velice sledovan\u00fd z\u00e1stupci elitn\u00edch t\u00fdm\u016f. V\u017edy\u0165 v minulosti se mezi \u0161ampiony zapsali nyn\u011bj\u0161\u00ed l\u00edd\u0159i pelotonu jako Tadej Poga\u010dar (UAE Emiratex XRG), David Gaudu (Groupama FDJ), Filippo Zana (Jayco AlUla) \u010di Antoine Huby (Soudal Quick Step). &#8222;Z\u00e1vod m\u00edru je mimo\u0159\u00e1dn\u011b t\u011b\u017ek\u00fd. Profily etap jsou extr\u00e9mn\u011b n\u00e1ro\u010dn\u00e9. Rozhoduje \u010dist\u011b jenom v\u00fdkonnost. Co\u017e je ide\u00e1ln\u00ed, pokud na kopce m\u00e1me v t\u00fdmu odpov\u00eddaj\u00edc\u00ed z\u00e1vodn\u00edky,&#8220; m\u00edn\u00ed Petr Kaltofen.<\/p>\n<h2><strong>T\u0159i adepti reprezentace jezd\u00ed v zahrani\u010d\u00ed<\/strong><\/h2>\n<p>Ze sou\u010dasn\u00e9ho \u0161ir\u0161\u00edho v\u00fdb\u011bru jsou t\u0159i \u010de\u0161t\u00ed cyklist\u00e9 v sestav\u00e1ch zahrani\u010dn\u00edch t\u00fdm\u016f (\u0160ump\u00edk &#8211; Devo Picnic PostNL, Kr\u00e1l &#8211; Tudor Pro U23, Nov\u00e1k &#8211; MBH Bank Ballan CSB), dal\u0161\u00ed \u010dty\u0159i p\u016fsob\u00ed na dom\u00e1c\u00ed sc\u00e9n\u011b. &#8222;N\u011bkomu p\u0159estup hodn\u011b brzy prosp\u011bje. Kdy\u017e se pod\u00edv\u00e1me zp\u00e1tky, tak t\u0159eba Mathias Vacek a Pavel Bittner ud\u011blali rozhodn\u011b odchodem do zahrani\u010d\u00ed v mlad\u00e9m v\u011bku spr\u00e1vn\u00fd krok. Ale najdou se i jedinci, kte\u0159\u00ed se vraceli p\u0159ed\u010dasn\u011b dom\u016f. V\u017edy z\u00e1le\u017e\u00ed na konkr\u00e9tn\u00edm jezdci a jeho charakteru,&#8220; p\u0159em\u00edt\u00e1 reprezenta\u010dn\u00ed tren\u00e9r nad vhodnost\u00ed ochodu do zahrani\u010dn\u00edch formac\u00ed u\u017e v juniorsk\u00e9m v\u011bku.<\/p>\n<p><a href=\"https:\/\/d2p6e6u75xmxt8.cloudfront.net\/13\/2025\/04\/ZM_foto_ilustrace_01-scaled.webp\"><img loading=\"lazy\" decoding=\"async\" class=\"alignnone size-extra-large wp-image-28809\" src=\"https:\/\/d2p6e6u75xmxt8.cloudfront.net\/13\/2025\/04\/ZM_foto_ilustrace_01-1920x1281.webp\" alt=\"\" width=\"1920\" height=\"1281\" srcset=\"https:\/\/d2p6e6u75xmxt8.cloudfront.net\/13\/2025\/04\/ZM_foto_ilustrace_01-1920x1281.webp 1920w, https:\/\/d2p6e6u75xmxt8.cloudfront.net\/13\/2025\/04\/ZM_foto_ilustrace_01-300x200.webp 300w, https:\/\/d2p6e6u75xmxt8.cloudfront.net\/13\/2025\/04\/ZM_foto_ilustrace_01-1024x683.webp 1024w, https:\/\/d2p6e6u75xmxt8.cloudfront.net\/13\/2025\/04\/ZM_foto_ilustrace_01-768x512.webp 768w, https:\/\/d2p6e6u75xmxt8.cloudfront.net\/13\/2025\/04\/ZM_foto_ilustrace_01-1536x1025.webp 1536w, https:\/\/d2p6e6u75xmxt8.cloudfront.net\/13\/2025\/04\/ZM_foto_ilustrace_01-2048x1366.webp 2048w, https:\/\/d2p6e6u75xmxt8.cloudfront.net\/13\/2025\/04\/ZM_foto_ilustrace_01-400x267.webp 400w, https:\/\/d2p6e6u75xmxt8.cloudfront.net\/13\/2025\/04\/ZM_foto_ilustrace_01-272x182.webp 272w, https:\/\/d2p6e6u75xmxt8.cloudfront.net\/13\/2025\/04\/ZM_foto_ilustrace_01-1920x1281.webp 1920w\" sizes=\"auto, (max-width: 1920px) 100vw, 1920px\" \/><\/a><\/p>\n<p>&#8222;Mysl\u00edm, \u017ee jsme se z\u00e1padn\u00edm t\u00fdm\u016fm v ml\u00e1de\u017enick\u00fdch kategori\u00edch hodn\u011b p\u0159ibl\u00ed\u017eili. Kdy\u017e p\u0159estupuj\u00ed kluci do zahrani\u010d\u00ed jako t\u0159eba nyn\u00ed Pavel \u0160ump\u00edk, u\u017e maj\u00ed n\u00e1vyky a v\u011bd\u00ed, jak maj\u00ed fungovat. T\u0159eba od doby p\u0159estupu Pavla Bittnera jsme se na dom\u00e1c\u00ed juniorsk\u00e9 sc\u00e9n\u011b hodn\u011b posunuli,&#8220; je p\u0159esv\u011bd\u010den\u00fd Petr Kaltofen.<\/p>\n<h2><strong>Petr Kaltofen: Vyhr\u00e1t alespo\u0148 jednu etapu<\/strong><\/h2>\n<p>Z\u00e1vodu m\u00edru pat\u0159\u00ed do s\u00e9rie kategorie Nations Cup, kter\u00fd zahrnuje je\u0161t\u011b kv\u011btnov\u00fd etapov\u00fd z\u00e1vod v Polsku a n\u00e1sledn\u011b srpnov\u00fd Tour de l\u00b4Avenir. &#8222;Polsko profilov\u011b nen\u00ed tak n\u00e1ro\u010dn\u00e9 a je ur\u010den\u00e9 sp\u00ed\u0161e pro rychl\u00e9 kluky, klasik\u00e1\u0159e. Za organizac\u00ed stoj\u00ed t\u00fdm, kter\u00fd p\u0159ipravuje etap\u00e1k Kolem Polska, tud\u00ed\u017e jde o skv\u011bl\u00fd z\u00e1vod,&#8220; nab\u00edz\u00ed Petr Kaltofen pohled na \u00favodn\u00ed d\u011bjstv\u00ed Nations Cupu, kter\u00fd v\u017edy uzav\u00edr\u00e1 bitva ve Francii ozna\u010dovan\u00e1 jako mal\u00e1 Tour de France.<\/p>\n<div class=\"shortcode-ys-post-pinup\"><article class=\"loop-simple post-28643 post type-post status-publish format-standard has-post-thumbnail hentry category-https-www-welovecycling-com-cs-category-zabava tag-cena-kol tag-cyklistika tag-gravel tag-horska-cyklistika tag-kola tag-proc-jsou-kola-draha-jako-auta tag-silnicni-cyklistika global-categories-cycling\" data-postid=\"28643\" role=\"article\" data-post-id=\"28643\" data-word-count=\"476\" data-headline-length=\"33\" data-category=\"Z\u00c1BAVA\" data-global-category=\"Cycling\" data-author=\"We Love Cycling\" data-published=\"2025-03-24T13:14:27+02:00\" data-published-day=\"Monday\">\n    <div class=\"entry-thumbnail article-thumbnail\" content=\"https:\/\/d2p6e6u75xmxt8.cloudfront.net\/13\/2025\/02\/futurecycling.kolaprodejna-12-150x150.webp\"><a href=\"https:\/\/www.welovecycling.com\/cs\/2025\/03\/24\/proc-jsou-kola-draha-jako-auta\/\" class=\"image-holder\" target=\"_self\"><img decoding=\"async\" loading=\"lazy\" class=\"\" src=\"https:\/\/d2p6e6u75xmxt8.cloudfront.net\/13\/2025\/02\/futurecycling.kolaprodejna-12-1024x683.webp\" srcset=\"https:\/\/d2p6e6u75xmxt8.cloudfront.net\/13\/2025\/02\/futurecycling.kolaprodejna-12-scaled.webp 2560w, https:\/\/d2p6e6u75xmxt8.cloudfront.net\/13\/2025\/02\/futurecycling.kolaprodejna-12-300x200.webp 300w, https:\/\/d2p6e6u75xmxt8.cloudfront.net\/13\/2025\/02\/futurecycling.kolaprodejna-12-1024x683.webp 1024w, https:\/\/d2p6e6u75xmxt8.cloudfront.net\/13\/2025\/02\/futurecycling.kolaprodejna-12-768x512.webp 768w, https:\/\/d2p6e6u75xmxt8.cloudfront.net\/13\/2025\/02\/futurecycling.kolaprodejna-12-1536x1024.webp 1536w, https:\/\/d2p6e6u75xmxt8.cloudfront.net\/13\/2025\/02\/futurecycling.kolaprodejna-12-2048x1365.webp 2048w, https:\/\/d2p6e6u75xmxt8.cloudfront.net\/13\/2025\/02\/futurecycling.kolaprodejna-12-1920x1280.webp 1920w, https:\/\/d2p6e6u75xmxt8.cloudfront.net\/13\/2025\/02\/futurecycling.kolaprodejna-12-400x267.webp 400w, https:\/\/d2p6e6u75xmxt8.cloudfront.net\/13\/2025\/02\/futurecycling.kolaprodejna-12-272x182.webp 272w, https:\/\/d2p6e6u75xmxt8.cloudfront.net\/13\/2025\/02\/futurecycling.kolaprodejna-12-1920x1280.webp 1920w\" width=\"1024\" height=\"683\" sizes=\"auto, (min-width: 1200px) 300px, (min-width: 768px) 25vw, 100vw\" alt=\"proc-jsou-kola-draha-jako-auta\"\/><\/a><\/div>    <div class=\"entry-meta\">\n        <a class=\"label label-secondary post-category\" href=\"https:\/\/www.welovecycling.com\/cs\/category\/https-www-welovecycling-com-cs-category-zabava\/\" title=\"Z\u00c1BAVA\">Z\u00c1BAVA<\/a>\n    <\/div>\n    <div class=\"entry-details\">\n        <a href=\"https:\/\/www.welovecycling.com\/cs\/2025\/03\/24\/proc-jsou-kola-draha-jako-auta\/\" class='entry-title-wrapper'>\n            <h3 class=\"entry-title\"><span>Pro\u010d jsou kola drah\u00e1 jako auta?<\/span><\/h3>\n        <\/a>\n    <\/div>\n    <\/article>\n<\/div>\n<p>&#8222;Pro n\u00e1s s ohledem na dom\u00e1c\u00ed prost\u0159ed\u00ed z\u016fst\u00e1v\u00e1 vrcholem Z\u00e1vod m\u00edru. Prim\u00e1rn\u00edm c\u00edlem je vybojovat elitn\u00ed des\u00edtku. A alespo\u0148 jednu etapu bychom cht\u011bli vyhr\u00e1t, nebo ji dokon\u010dit alespo\u0148 na podiu,&#8220; m\u00e1 jasno Petr Kaltofen a douf\u00e1, \u017ee se v jeho dru\u017ein\u011b najde cyklista, kter\u00fd nav\u00e1\u017ee na Hirta, Schlegla nebo Vacka.<\/p>\n<p><a href=\"https:\/\/d2p6e6u75xmxt8.cloudfront.net\/13\/2025\/04\/ZM_foto_ilustrace_02-scaled.webp\"><img loading=\"lazy\" decoding=\"async\" class=\"alignnone size-extra-large wp-image-28810\" src=\"https:\/\/d2p6e6u75xmxt8.cloudfront.net\/13\/2025\/04\/ZM_foto_ilustrace_02-1920x1281.webp\" alt=\"\" width=\"1920\" height=\"1281\" srcset=\"https:\/\/d2p6e6u75xmxt8.cloudfront.net\/13\/2025\/04\/ZM_foto_ilustrace_02-1920x1281.webp 1920w, https:\/\/d2p6e6u75xmxt8.cloudfront.net\/13\/2025\/04\/ZM_foto_ilustrace_02-300x200.webp 300w, https:\/\/d2p6e6u75xmxt8.cloudfront.net\/13\/2025\/04\/ZM_foto_ilustrace_02-1024x683.webp 1024w, https:\/\/d2p6e6u75xmxt8.cloudfront.net\/13\/2025\/04\/ZM_foto_ilustrace_02-768x512.webp 768w, https:\/\/d2p6e6u75xmxt8.cloudfront.net\/13\/2025\/04\/ZM_foto_ilustrace_02-1536x1025.webp 1536w, https:\/\/d2p6e6u75xmxt8.cloudfront.net\/13\/2025\/04\/ZM_foto_ilustrace_02-2048x1366.webp 2048w, https:\/\/d2p6e6u75xmxt8.cloudfront.net\/13\/2025\/04\/ZM_foto_ilustrace_02-400x267.webp 400w, https:\/\/d2p6e6u75xmxt8.cloudfront.net\/13\/2025\/04\/ZM_foto_ilustrace_02-272x182.webp 272w, https:\/\/d2p6e6u75xmxt8.cloudfront.net\/13\/2025\/04\/ZM_foto_ilustrace_02-1920x1281.webp 1920w\" sizes=\"auto, (max-width: 1920px) 100vw, 1920px\" \/><\/a><\/p>\n<p>&#8222;V\u0161echno se \u0159e\u0161\u00ed vlastn\u011b u\u017e od ledna. P\u0159edb\u011b\u017en\u00e1 nominace se tvo\u0159\u00ed podle prvn\u00edch v\u00fdsledk\u016f sezony, ale zejm\u00e9na podle osobn\u00edch rozhovor\u016f a bilance z minul\u00e9 sezony. Letos zat\u00edm kluci mnoho z\u00e1vodn\u00edch dn\u016f neodjeli,&#8220; nech\u00e1v\u00e1 Petr Kaltofen nahl\u00e9dnout do p\u0159\u00edpravy na jeden z<a href=\"https:\/\/www.welovecycling.com\/cs\/2021\/06\/03\/zavod-miru-u23-vystrelil-pogacara-nebo-hirschiho-cesi-jdou-na-start-s-velkymi-ambicemi\/\"> vrchol\u016f dom\u00e1c\u00ed etapov\u00e9 sc\u00e9ny<\/a>.<\/p>\n<p>Za posledn\u00ed \u010dty\u0159i ro\u010dn\u00edky m\u011blo \u010cesko v\u017edy alespo\u0148 jednoho jezdce, kter\u00fd jel o elitn\u00ed des\u00edtku. Po sezon\u011b 2020, kdy se kv\u016fli pandemii koronaviru <a href=\"https:\/\/zavodmiru.com\/cs\/o-zavodu\">Z\u00e1vod m\u00edru do 23 let<\/a> neuskute\u010dnil, byl v roce 2021 Mathias Vacek celkov\u011b \u0161est\u00fd. O rok pozd\u011bji bylo zastoupen\u00ed \u010desk\u00fdch barev mezi nejlep\u0161\u00edmi dokonce dvojn\u00e1sobn\u00e9, kdy\u017e Mathias Vacek dojel t\u0159et\u00ed a jeho bratr Karel sedm\u00fd. B\u011bhem sezony 2023 byl dev\u00e1t\u00fd Karel Camrda, minul\u00fd rok pak Tom\u00e1\u0161 P\u0159idal dokon\u010dil coby jeden\u00e1ct\u00fd.<\/p>\n<h2><strong>Z\u00e1vodu m\u00edru U23 2025<\/strong><\/h2>\n<p><strong>1. etapa \u2013 29. kv\u011btna<\/strong>: Krnov \u2013 \u0160ternberk (170 km\/2419 v\u00fd\u0161kov\u00fdch metr\u016f), <strong>2. etapa \u2013 30. kv\u011btna:<\/strong> Uni\u010dov \u2013 R\u00fdma\u0159ov (150 km\/2136 v\u00fd\u0161kov\u00fdch metr\u016f), <strong>3. etapa \u2013 31. kv\u011btna<\/strong>: Z\u00e1b\u0159eh \u2013 Dlouh\u00e9 str\u00e1n\u011b (131 km\/2847 v\u00fd\u0161kov\u00fdch metr\u016f), <strong>4. etapa \u2013 1. \u010dervna<\/strong>: Jesen\u00edk \u2013 \u0160umperk (121 km\/1878 v\u00fd\u0161kov\u00fdch metr\u016f)<\/p>\n","protected":false},"excerpt":{"rendered":"<p>T\u0159i roky \u010dek\u00e1 \u010desk\u00e1 cyklistika na stupn\u011b v\u00edt\u011bz\u016f v celkov\u00e9m po\u0159ad\u00ed. Z\u00e1vod m\u00edru do 23 let je p\u0159itom jedn\u00edm z [&hellip;]<\/p>\n","protected":false},"author":138,"featured_media":28811,"comment_status":"open","ping_status":"open","sticky":false,"template":"","format":"standard","meta":{"footnotes":""},"categories":[4018],"tags":[126,4142,2407,4141,4140,9,3631,595],"global-categories":[411],"class_list":["post-28805","post","type-post","status-publish","format-standard","has-post-thumbnail","hentry","category-cyklistika","tag-cyklistika","tag-krystof-kral","tag-pavel-novak","tag-pavel-sumpik","tag-petr-kaltofen","tag-silnicni-cyklistika","tag-tomas-pridal","tag-zavod-miru","global-categories-cycling"],"yoast_head":"<!-- This site is optimized with the Yoast SEO Premium plugin v25.3 (Yoast SEO v25.9) - https:\/\/yoast.com\/wordpress\/plugins\/seo\/ -->\n<title>Vr\u00e1t\u00ed siln\u00e1 generace \u010cesko na vrchol? | \u0160koda We Love Cycling - \u010cesk\u00e1 republika<\/title>\n<meta name=\"description\" content=\"U\u017e t\u0159i roky \u010dek\u00e1 \u010desk\u00e1 reprezentace na stupn\u011b v\u00edt\u011bz\u016f! Z\u00e1vod m\u00edru do 23 let je p\u0159itom jedn\u00edm z vrchol\u016f sezony. Vybojuje siln\u00e1 generace podium?\" \/>\n<meta name=\"robots\" content=\"index, follow, max-snippet:-1, max-image-preview:large, max-video-preview:-1\" \/>\n<link rel=\"canonical\" href=\"https:\/\/www.welovecycling.com\/cs\/2025\/04\/08\/vrati-silna-generace-cesko-na-vrchol\/\" \/>\n<meta property=\"og:locale\" content=\"cs_CZ\" \/>\n<meta property=\"og:type\" content=\"article\" \/>\n<meta property=\"og:title\" content=\"Vr\u00e1t\u00ed siln\u00e1 generace \u010cesko na vrchol?\" \/>\n<meta property=\"og:description\" content=\"U\u017e t\u0159i roky \u010dek\u00e1 \u010desk\u00e1 reprezentace na stupn\u011b v\u00edt\u011bz\u016f! Z\u00e1vod m\u00edru do 23 let je p\u0159itom jedn\u00edm z vrchol\u016f sezony. Vybojuje siln\u00e1 generace podium?\" \/>\n<meta property=\"og:url\" content=\"https:\/\/www.welovecycling.com\/cs\/2025\/04\/08\/vrati-silna-generace-cesko-na-vrchol\/\" \/>\n<meta property=\"og:site_name\" content=\"\u0160koda We Love Cycling - \u010cesk\u00e1 republika\" \/>\n<meta property=\"article:published_time\" content=\"2025-04-08T04:00:44+00:00\" \/>\n<meta property=\"og:image\" content=\"https:\/\/d2p6e6u75xmxt8.cloudfront.net\/13\/2025\/04\/ZM_foto_ilustrace_03-scaled.webp\" \/>\n\t<meta property=\"og:image:width\" content=\"2560\" \/>\n\t<meta property=\"og:image:height\" content=\"1708\" \/>\n\t<meta property=\"og:image:type\" content=\"image\/webp\" \/>\n<meta name=\"author\" content=\"radekmalina\" \/>\n<meta name=\"twitter:card\" content=\"summary_large_image\" \/>\n<meta name=\"twitter:label1\" content=\"Written by\" \/>\n\t<meta name=\"twitter:data1\" content=\"We Love Cycling\" \/>\n\t<meta name=\"twitter:label2\" content=\"Est. reading time\" \/>\n\t<meta name=\"twitter:data2\" content=\"5\" \/>\n<script type=\"application\/ld+json\" class=\"yoast-schema-graph\">{\"@context\":\"https:\/\/schema.org\",\"@graph\":[{\"@type\":\"WebPage\",\"@id\":\"https:\/\/www.welovecycling.com\/cs\/2025\/04\/08\/vrati-silna-generace-cesko-na-vrchol\/\",\"url\":\"https:\/\/www.welovecycling.com\/cs\/2025\/04\/08\/vrati-silna-generace-cesko-na-vrchol\/\",\"name\":\"Vr\u00e1t\u00ed siln\u00e1 generace \u010cesko na vrchol? | \u0160koda We Love Cycling - \u010cesk\u00e1 republika\",\"isPartOf\":{\"@id\":\"https:\/\/www.welovecycling.com\/cs\/#website\"},\"primaryImageOfPage\":{\"@id\":\"https:\/\/www.welovecycling.com\/cs\/2025\/04\/08\/vrati-silna-generace-cesko-na-vrchol\/#primaryimage\"},\"image\":{\"@id\":\"https:\/\/www.welovecycling.com\/cs\/2025\/04\/08\/vrati-silna-generace-cesko-na-vrchol\/#primaryimage\"},\"thumbnailUrl\":\"https:\/\/d2p6e6u75xmxt8.cloudfront.net\/13\/2025\/04\/ZM_foto_ilustrace_03-scaled.webp\",\"datePublished\":\"2025-04-08T04:00:44+00:00\",\"author\":{\"@id\":\"https:\/\/www.welovecycling.com\/cs\/#\/schema\/person\/d9eeb0a378f3a7e4a6d12d2b536b04b8\"},\"description\":\"U\u017e t\u0159i roky \u010dek\u00e1 \u010desk\u00e1 reprezentace na stupn\u011b v\u00edt\u011bz\u016f! Z\u00e1vod m\u00edru do 23 let je p\u0159itom jedn\u00edm z vrchol\u016f sezony. Vybojuje siln\u00e1 generace podium?\",\"inLanguage\":\"cs\",\"potentialAction\":[{\"@type\":\"ReadAction\",\"target\":[\"https:\/\/www.welovecycling.com\/cs\/2025\/04\/08\/vrati-silna-generace-cesko-na-vrchol\/\"]}]},{\"@type\":\"ImageObject\",\"inLanguage\":\"cs\",\"@id\":\"https:\/\/www.welovecycling.com\/cs\/2025\/04\/08\/vrati-silna-generace-cesko-na-vrchol\/#primaryimage\",\"url\":\"https:\/\/d2p6e6u75xmxt8.cloudfront.net\/13\/2025\/04\/ZM_foto_ilustrace_03-scaled.webp\",\"contentUrl\":\"https:\/\/d2p6e6u75xmxt8.cloudfront.net\/13\/2025\/04\/ZM_foto_ilustrace_03-scaled.webp\",\"width\":2560,\"height\":1708,\"caption\":\"Z\u00e1vod m\u00edru\"},{\"@type\":\"WebSite\",\"@id\":\"https:\/\/www.welovecycling.com\/cs\/#website\",\"url\":\"https:\/\/www.welovecycling.com\/cs\/\",\"name\":\"\u0160koda We Love Cycling - \u010cesk\u00e1 republika\",\"description\":\"WeLoveCycling.cz je online magaz\u00edn, kter\u00fd v\u00e1m pravideln\u011b p\u0159in\u00e1\u0161\u00ed rady a tipy, zaj\u00edmav\u00e9 \u010dl\u00e1nky, videa a jedine\u010dn\u00e9 report\u00e1\u017ee ze sv\u011bta cyklistiky.\",\"potentialAction\":[{\"@type\":\"SearchAction\",\"target\":{\"@type\":\"EntryPoint\",\"urlTemplate\":\"https:\/\/www.welovecycling.com\/cs\/?s={search_term_string}\"},\"query-input\":{\"@type\":\"PropertyValueSpecification\",\"valueRequired\":true,\"valueName\":\"search_term_string\"}}],\"inLanguage\":\"cs\"},{\"@type\":\"Person\",\"@id\":\"https:\/\/www.welovecycling.com\/cs\/#\/schema\/person\/d9eeb0a378f3a7e4a6d12d2b536b04b8\",\"name\":\"radekmalina\",\"image\":{\"@type\":\"ImageObject\",\"inLanguage\":\"cs\",\"@id\":\"https:\/\/www.welovecycling.com\/cs\/#\/schema\/person\/image\/\",\"url\":\"https:\/\/secure.gravatar.com\/avatar\/66994b632cb8c39a46b9f54afa3ae07201b678d32a54275b6f1c9ffec356bfc0?s=96&d=mm&r=g\",\"contentUrl\":\"https:\/\/secure.gravatar.com\/avatar\/66994b632cb8c39a46b9f54afa3ae07201b678d32a54275b6f1c9ffec356bfc0?s=96&d=mm&r=g\",\"caption\":\"radekmalina\"},\"url\":\"https:\/\/www.welovecycling.com\/cs\/author\/radekmalina\/\"}]}<\/script>\n<!-- \/ Yoast SEO Premium plugin. -->","yoast_head_json":{"title":"Vr\u00e1t\u00ed siln\u00e1 generace \u010cesko na vrchol? | \u0160koda We Love Cycling - \u010cesk\u00e1 republika","description":"U\u017e t\u0159i roky \u010dek\u00e1 \u010desk\u00e1 reprezentace na stupn\u011b v\u00edt\u011bz\u016f! Z\u00e1vod m\u00edru do 23 let je p\u0159itom jedn\u00edm z vrchol\u016f sezony. Vybojuje siln\u00e1 generace podium?","robots":{"index":"index","follow":"follow","max-snippet":"max-snippet:-1","max-image-preview":"max-image-preview:large","max-video-preview":"max-video-preview:-1"},"canonical":"https:\/\/www.welovecycling.com\/cs\/2025\/04\/08\/vrati-silna-generace-cesko-na-vrchol\/","og_locale":"cs_CZ","og_type":"article","og_title":"Vr\u00e1t\u00ed siln\u00e1 generace \u010cesko na vrchol?","og_description":"U\u017e t\u0159i roky \u010dek\u00e1 \u010desk\u00e1 reprezentace na stupn\u011b v\u00edt\u011bz\u016f! Z\u00e1vod m\u00edru do 23 let je p\u0159itom jedn\u00edm z vrchol\u016f sezony. Vybojuje siln\u00e1 generace podium?","og_url":"https:\/\/www.welovecycling.com\/cs\/2025\/04\/08\/vrati-silna-generace-cesko-na-vrchol\/","og_site_name":"\u0160koda We Love Cycling - \u010cesk\u00e1 republika","article_published_time":"2025-04-08T04:00:44+00:00","og_image":[{"width":2560,"height":1708,"url":"https:\/\/d2p6e6u75xmxt8.cloudfront.net\/13\/2025\/04\/ZM_foto_ilustrace_03-scaled.webp","type":"image\/webp"}],"author":"radekmalina","twitter_card":"summary_large_image","twitter_misc":{"Written by":"We Love Cycling","Est. reading time":"5"},"schema":{"@context":"https:\/\/schema.org","@graph":[{"@type":"WebPage","@id":"https:\/\/www.welovecycling.com\/cs\/2025\/04\/08\/vrati-silna-generace-cesko-na-vrchol\/","url":"https:\/\/www.welovecycling.com\/cs\/2025\/04\/08\/vrati-silna-generace-cesko-na-vrchol\/","name":"Vr\u00e1t\u00ed siln\u00e1 generace \u010cesko na vrchol? | \u0160koda We Love Cycling - \u010cesk\u00e1 republika","isPartOf":{"@id":"https:\/\/www.welovecycling.com\/cs\/#website"},"primaryImageOfPage":{"@id":"https:\/\/www.welovecycling.com\/cs\/2025\/04\/08\/vrati-silna-generace-cesko-na-vrchol\/#primaryimage"},"image":{"@id":"https:\/\/www.welovecycling.com\/cs\/2025\/04\/08\/vrati-silna-generace-cesko-na-vrchol\/#primaryimage"},"thumbnailUrl":"https:\/\/d2p6e6u75xmxt8.cloudfront.net\/13\/2025\/04\/ZM_foto_ilustrace_03-scaled.webp","datePublished":"2025-04-08T04:00:44+00:00","author":{"@id":"https:\/\/www.welovecycling.com\/cs\/#\/schema\/person\/d9eeb0a378f3a7e4a6d12d2b536b04b8"},"description":"U\u017e t\u0159i roky \u010dek\u00e1 \u010desk\u00e1 reprezentace na stupn\u011b v\u00edt\u011bz\u016f! Z\u00e1vod m\u00edru do 23 let je p\u0159itom jedn\u00edm z vrchol\u016f sezony. Vybojuje siln\u00e1 generace podium?","inLanguage":"cs","potentialAction":[{"@type":"ReadAction","target":["https:\/\/www.welovecycling.com\/cs\/2025\/04\/08\/vrati-silna-generace-cesko-na-vrchol\/"]}]},{"@type":"ImageObject","inLanguage":"cs","@id":"https:\/\/www.welovecycling.com\/cs\/2025\/04\/08\/vrati-silna-generace-cesko-na-vrchol\/#primaryimage","url":"https:\/\/d2p6e6u75xmxt8.cloudfront.net\/13\/2025\/04\/ZM_foto_ilustrace_03-scaled.webp","contentUrl":"https:\/\/d2p6e6u75xmxt8.cloudfront.net\/13\/2025\/04\/ZM_foto_ilustrace_03-scaled.webp","width":2560,"height":1708,"caption":"Z\u00e1vod m\u00edru"},{"@type":"WebSite","@id":"https:\/\/www.welovecycling.com\/cs\/#website","url":"https:\/\/www.welovecycling.com\/cs\/","name":"\u0160koda We Love Cycling - \u010cesk\u00e1 republika","description":"WeLoveCycling.cz je online magaz\u00edn, kter\u00fd v\u00e1m pravideln\u011b p\u0159in\u00e1\u0161\u00ed rady a tipy, zaj\u00edmav\u00e9 \u010dl\u00e1nky, videa a jedine\u010dn\u00e9 report\u00e1\u017ee ze sv\u011bta cyklistiky.","potentialAction":[{"@type":"SearchAction","target":{"@type":"EntryPoint","urlTemplate":"https:\/\/www.welovecycling.com\/cs\/?s={search_term_string}"},"query-input":{"@type":"PropertyValueSpecification","valueRequired":true,"valueName":"search_term_string"}}],"inLanguage":"cs"},{"@type":"Person","@id":"https:\/\/www.welovecycling.com\/cs\/#\/schema\/person\/d9eeb0a378f3a7e4a6d12d2b536b04b8","name":"radekmalina","image":{"@type":"ImageObject","inLanguage":"cs","@id":"https:\/\/www.welovecycling.com\/cs\/#\/schema\/person\/image\/","url":"https:\/\/secure.gravatar.com\/avatar\/66994b632cb8c39a46b9f54afa3ae07201b678d32a54275b6f1c9ffec356bfc0?s=96&d=mm&r=g","contentUrl":"https:\/\/secure.gravatar.com\/avatar\/66994b632cb8c39a46b9f54afa3ae07201b678d32a54275b6f1c9ffec356bfc0?s=96&d=mm&r=g","caption":"radekmalina"},"url":"https:\/\/www.welovecycling.com\/cs\/author\/radekmalina\/"}]}},"_links":{"self":[{"href":"https:\/\/www.welovecycling.com\/cs\/wp-json\/wp\/v2\/posts\/28805","targetHints":{"allow":["GET"]}}],"collection":[{"href":"https:\/\/www.welovecycling.com\/cs\/wp-json\/wp\/v2\/posts"}],"about":[{"href":"https:\/\/www.welovecycling.com\/cs\/wp-json\/wp\/v2\/types\/post"}],"author":[{"embeddable":true,"href":"https:\/\/www.welovecycling.com\/cs\/wp-json\/wp\/v2\/users\/138"}],"replies":[{"embeddable":true,"href":"https:\/\/www.welovecycling.com\/cs\/wp-json\/wp\/v2\/comments?post=28805"}],"version-history":[{"count":10,"href":"https:\/\/www.welovecycling.com\/cs\/wp-json\/wp\/v2\/posts\/28805\/revisions"}],"predecessor-version":[{"id":28821,"href":"https:\/\/www.welovecycling.com\/cs\/wp-json\/wp\/v2\/posts\/28805\/revisions\/28821"}],"wp:featuredmedia":[{"embeddable":true,"href":"https:\/\/www.welovecycling.com\/cs\/wp-json\/wp\/v2\/media\/28811"}],"wp:attachment":[{"href":"https:\/\/www.welovecycling.com\/cs\/wp-json\/wp\/v2\/media?parent=28805"}],"wp:term":[{"taxonomy":"category","embeddable":true,"href":"https:\/\/www.welovecycling.com\/cs\/wp-json\/wp\/v2\/categories?post=28805"},{"taxonomy":"post_tag","embeddable":true,"href":"https:\/\/www.welovecycling.com\/cs\/wp-json\/wp\/v2\/tags?post=28805"},{"taxonomy":"global-categories","embeddable":true,"href":"https:\/\/www.welovecycling.com\/cs\/wp-json\/wp\/v2\/global-categories?post=28805"}],"curies":[{"name":"wp","href":"https:\/\/api.w.org\/{rel}","templated":true}]}}