{"id":28773,"date":"2025-04-03T05:00:29","date_gmt":"2025-04-03T03:00:29","guid":{"rendered":"https:\/\/www.welovecycling.com\/cs\/?p=28773"},"modified":"2025-04-02T23:51:25","modified_gmt":"2025-04-02T21:51:25","slug":"styby-nebo-niki-jedte-jak-ceska-hvezda-zavahala","status":"publish","type":"post","link":"https:\/\/www.welovecycling.com\/cs\/2025\/04\/03\/styby-nebo-niki-jedte-jak-ceska-hvezda-zavahala\/","title":{"rendered":"\u0160tyby nebo Niki, je\u010fte! Jak \u010desk\u00e1 hv\u011bzda zav\u00e1hala"},"content":{"rendered":"<p><strong>Nejbrut\u00e1ln\u011bj\u0161\u00ed z\u00e1vody silni\u010dn\u00edho kalend\u00e1\u0159e v pr\u016fb\u011bhu jara! Kolem Flander. Pak Pa\u0159\u00ed\u017e-Roubaix. Dva Monumenty, kter\u00e9 m\u011bn\u00ed kari\u00e9ry z\u00e1vodn\u00edk\u016f. Desetkr\u00e1t st\u00e1l na startu ka\u017ed\u00e9ho z nich i Zden\u011bk \u0160tybar, b\u00fdval\u00fd profesion\u00e1ln\u00ed cyklista. Flandry dokon\u010dil t\u0159ikr\u00e1t v elitn\u00ed des\u00edtce. Na Pekle severu vybojoval top ten \u0161estkr\u00e1t, p\u0159i\u010dem\u017e dvakr\u00e1t byl druh\u00fd. &#8222;Roubaix pro m\u011b nav\u017edy z\u016fstane sladkokysel\u00e9. \u0160anc\u00ed na v\u00fdhru bylo v\u00edce ne\u017e jen v t\u011bch dvou st\u0159\u00edbrn\u00fdch letech,&#8220; vzpom\u00edn\u00e1 Zden\u011bk \u0160tybar.<\/strong><\/p>\n<p>Jde o dv\u011b ikonick\u00e9 klasiky. Z\u00e1vody, kter\u00e9 mnoz\u00ed cyklist\u00e9 prokl\u00ednaj\u00ed. N\u011bkte\u0159\u00ed je naopak vyhl\u00ed\u017e\u00ed jako jeden z vrchol\u016f. &#8222;J\u00e1 se v\u017edy t\u011b\u0161il. Pro m\u011b Flandry i Roubaix p\u0159edstavovaly vrchol prvn\u00ed \u010d\u00e1sti sezony. A moc m\u011b mrz\u00ed, \u017ee ani jednou nevy\u0161lo v\u00edt\u011bzstv\u00ed,&#8220; vypravuje b\u00fdval\u00fd borec sestavy Deceuninck Quick Step a Jayco AlUla.<\/p>\n<h2><strong>Zden\u011bk \u0160tybar: Monumenty, to jsou t\u00fddny stresu<\/strong><\/h2>\n<p>Pro\u010d jsou v o\u010d\u00edch profesion\u00e1l\u016f tyhle z\u00e1vody tak v\u00fdjime\u010dn\u00e9? &#8222;Maj\u00ed obrovskou historii. Jde o d\u00e9lku z\u00e1vodu. O jeho n\u00e1ro\u010dnost. T\u011blo i hlava jsou jinak napojen\u00e9 na tyhle z\u00e1vody. Jezd\u00ed se i spousta dal\u0161\u00ed klasik, ale ty se jenom vezou na vln\u011b t\u011bch p\u011bti v\u00fdjime\u010dn\u00fdch Monument\u016f,&#8220; p\u0159ipom\u00edn\u00e1 Zden\u011bk \u0160tybar, \u017ee punc z\u00e1vodu \u010dinic\u00edho z v\u00edt\u011bz\u016f nesmrteln\u00e9 legendy maj\u00ed je\u0161t\u011b <a href=\"https:\/\/www.welovecycling.com\/cs\/2025\/03\/18\/peloton-brecel-bolesti-kdyz-primavera-ukaze-odvracenou-tvar\/\">Mil\u00e1n-San Remo<\/a>, Lutych-Bastogne-Lutych a Lombardie.<\/p>\n<p>&#8222;\u00dapln\u011b ka\u017ed\u00fd chce b\u00fdt v top form\u011b. Donekone\u010dna se prob\u00edr\u00e1 taktika. Proj\u00ed\u017ed\u00ed se \u00faseky Flander i Roubaix. Testuje se materi\u00e1l. V\u0161echno se to\u010d\u00ed kolem t\u011bch dvou z\u00e1vod\u016f. Bylo d\u011bsn\u011b vy\u010derp\u00e1vaj\u00edc\u00ed, jak jsme cel\u00e9 jaro bojovali o ka\u017edou zat\u00e1\u010dku, o ka\u017ed\u00fd \u00fasek. Po\u0159\u00e1d jsme m\u011bli t\u00fdmov\u00e9 sch\u016fze, \u0159e\u0161ili taktiku, vhodn\u00fd materi\u00e1l. A kdy\u017e do\u0161lo na Flandry a Roubaix, v\u0161e se zn\u00e1sobilo minim\u00e1ln\u011b deseti. Prob\u00edralo se v\u0161echno. Nejr\u016fzn\u011bj\u0161\u00ed sc\u00e9n\u00e1\u0159e. Co se bude d\u00edt, kdy\u017e odjede tenhle z\u00e1vodn\u00edk, co ud\u011bl\u00e1me pokud z\u016fstane vzadu n\u011bkdo od n\u00e1s. Varianty se p\u0159ehazovaly a dosazovala se jin\u00e1 jm\u00e9na. P\u0159ipravovaly se i mo\u017enosti pro p\u0159\u00edpad p\u00e1d\u016f. Byly to t\u00fddny stresu,&#8220; p\u0159ibli\u017euje Zden\u011bk \u0160tybar, co obn\u00e1\u0161\u00ed pozice l\u00eddra v t\u00fdmu, pro n\u011bho\u017e jsou klasiky jedn\u00edm z vrchol\u016f.<\/p>\n<figure id=\"attachment_14694\" aria-describedby=\"caption-attachment-14694\" style=\"width: 1200px\" class=\"wp-caption alignnone\"><a href=\"https:\/\/d2p6e6u75xmxt8.cloudfront.net\/13\/2021\/10\/stybar-1344592273_1633275306.webp\"><img loading=\"lazy\" decoding=\"async\" class=\"size-full wp-image-14694\" src=\"https:\/\/d2p6e6u75xmxt8.cloudfront.net\/13\/2021\/10\/stybar-1344592273_1633275306.webp\" alt=\"Wout van Aert\" width=\"1200\" height=\"762\" srcset=\"https:\/\/d2p6e6u75xmxt8.cloudfront.net\/13\/2021\/10\/stybar-1344592273_1633275306.webp 1200w, https:\/\/d2p6e6u75xmxt8.cloudfront.net\/13\/2021\/10\/stybar-1344592273_1633275306-300x191.webp 300w, https:\/\/d2p6e6u75xmxt8.cloudfront.net\/13\/2021\/10\/stybar-1344592273_1633275306-1024x650.webp 1024w, https:\/\/d2p6e6u75xmxt8.cloudfront.net\/13\/2021\/10\/stybar-1344592273_1633275306-768x488.webp 768w\" sizes=\"auto, (max-width: 1200px) 100vw, 1200px\" \/><\/a><figcaption id=\"caption-attachment-14694\" class=\"wp-caption-text\"><em>Zden\u011bk \u0160tybar p\u0159i mokr\u00e9 edici Pa\u0159\u00ed\u017e-Roubaix.<\/em><\/figcaption><\/figure>\n<p>&#8222;Bylo to hodn\u011b vy\u010derp\u00e1vaj\u00edc\u00ed. \u010clov\u011bk byl po tomhle dvojboji tot\u00e1ln\u011b vys\u00e1t\u00fd. I proto jsem nejezdil Lutych, na jeho\u017e startu jsem byl jenom jednou. M\u011bli jsme rozd\u011blen\u00e9 t\u00fdmy, kdy jedna parta byla pro San Remo, Flandry a Roubaix, dal\u0161\u00ed pak ladili formu na Lutych a dal\u0161\u00ed jarn\u00ed klasiky. V\u011bt\u0161inou jsme po Roubaix od t\u00fdmu dostali t\u00fdden volno. A v\u00e1\u017en\u011b jsem odpo\u010d\u00edval. Dva t\u0159i dny jsem pot\u0159eboval tot\u00e1ln\u00ed relax. Hlavn\u011b z psychick\u00e9ho hlediska bylo pot\u0159eba vypnout,&#8220; vzpom\u00edn\u00e1 Zden\u011bk \u0160tybar.<\/p>\n<div class=\"shortcode-ys-post-pinup\"><article class=\"loop-simple post-28572 post type-post status-publish format-standard has-post-thumbnail hentry category-silnicni-cyklistika tag-milan-san-remo tag-milan-san-remo-2013 tag-monumenty tag-primavera tag-zdenek-stybar global-categories-cycling\" data-postid=\"28572\" role=\"article\" data-post-id=\"28572\" data-word-count=\"794\" data-headline-length=\"68\" data-category=\"Silni\u010dn\u00ed cyklistika\" data-global-category=\"Cycling\" data-author=\"Radek Malina\" data-published=\"2025-03-18T05:00:57+02:00\" data-published-day=\"Tuesday\">\n    <div class=\"entry-thumbnail article-thumbnail\" content=\"https:\/\/d2p6e6u75xmxt8.cloudfront.net\/13\/2025\/03\/profimedia-0276787881-150x150.webp\"><a href=\"https:\/\/www.welovecycling.com\/cs\/2025\/03\/18\/peloton-brecel-bolesti-kdyz-primavera-ukaze-odvracenou-tvar\/\" class=\"image-holder\" target=\"_self\"><img decoding=\"async\" loading=\"lazy\" class=\"\" src=\"https:\/\/d2p6e6u75xmxt8.cloudfront.net\/13\/2025\/03\/profimedia-0276787881-1024x683.webp\" srcset=\"https:\/\/d2p6e6u75xmxt8.cloudfront.net\/13\/2025\/03\/profimedia-0276787881.webp 1800w, https:\/\/d2p6e6u75xmxt8.cloudfront.net\/13\/2025\/03\/profimedia-0276787881-300x200.webp 300w, https:\/\/d2p6e6u75xmxt8.cloudfront.net\/13\/2025\/03\/profimedia-0276787881-1024x683.webp 1024w, https:\/\/d2p6e6u75xmxt8.cloudfront.net\/13\/2025\/03\/profimedia-0276787881-768x512.webp 768w, https:\/\/d2p6e6u75xmxt8.cloudfront.net\/13\/2025\/03\/profimedia-0276787881-1536x1024.webp 1536w, https:\/\/d2p6e6u75xmxt8.cloudfront.net\/13\/2025\/03\/profimedia-0276787881-400x267.webp 400w, https:\/\/d2p6e6u75xmxt8.cloudfront.net\/13\/2025\/03\/profimedia-0276787881-272x182.webp 272w\" width=\"1024\" height=\"683\" sizes=\"auto, (min-width: 1200px) 300px, (min-width: 768px) 25vw, 100vw\" alt=\"peloton-brecel-bolesti-kdyz-primavera-ukaze-odvracenou-tvar\"\/><\/a><\/div>    <div class=\"entry-meta\">\n        <a class=\"label label-secondary post-category\" href=\"https:\/\/www.welovecycling.com\/cs\/category\/silnicni-cyklistika\/\" title=\"Silni\u010dn\u00ed cyklistika\">Silni\u010dn\u00ed cyklistika<\/a>\n    <\/div>\n    <div class=\"entry-details\">\n        <a href=\"https:\/\/www.welovecycling.com\/cs\/2025\/03\/18\/peloton-brecel-bolesti-kdyz-primavera-ukaze-odvracenou-tvar\/\" class='entry-title-wrapper'>\n            <h3 class=\"entry-title\"><span>Peloton bre\u010del bolest\u00ed! Kdy\u017e Primavera uk\u00e1\u017ee odvr\u00e1cenou tv\u00e1\u0159<\/span><\/h3>\n        <\/a>\n    <\/div>\n    <\/article>\n<\/div>\n<p>I p\u0159es mimo\u0159\u00e1dnou brutalitu obou z\u00e1vod\u016f ve srovn\u00e1n\u00ed s ostatn\u00edmi cyklisty nijak dramaticky netrp\u011bl z hlediska zdravotn\u00edho, tud\u00ed\u017e nevy\u017eadoval speci\u00e1ln\u00ed \u00fapravy na kole. Nepot\u0159eboval dvojitou omot\u00e1vku na \u0159\u00edd\u00edtka, nem\u011bl zkrvaven\u00e9 ruce ani rozed\u0159en\u00fd zadek. &#8222;Nikdy jsem netrp\u011bl t\u0159eba na puch\u00fd\u0159e. Asi jsem m\u011bl v\u00fdhodu z cyklokrosu, z n\u011bho\u017e jsem byl otrkan\u00fd. Sed\u011bl jsem na kole i v drsn\u00fdch podm\u00ednk\u00e1ch uvoln\u011bn\u011b, \u017e\u00e1dn\u00e1 k\u0159e\u010d. Samoz\u0159ejm\u011b jsem byl rozbit\u00fd z obrovsk\u00e9 porce kilometr\u016f, ale z hlediska zdravotn\u00edho jsem nikdy netrp\u011bl,&#8220; vypravuje Zden\u011bk \u0160tybar.<\/p>\n<h2><strong>Flandry a Roubaix jsou tot\u00e1ln\u00ed chaos<\/strong><\/h2>\n<p>Z deseti start\u016f v Monumentu Kolem Flander, kter\u00fd se jede 6. dubna, byl t\u0159ikr\u00e1t v elitn\u00ed des\u00edtce. Nejl\u00e9pe v\u0161ak osm\u00fd. Na Pekle severu se \u0160tybarovi da\u0159ilo mnohem v\u00edce. Byl \u0161est\u00fd, p\u00e1t\u00fd, dev\u00e1t\u00fd, osm\u00fd a v letech 2015 a 2017 dvakr\u00e1t druh\u00fd. &#8222;Moje prohry ve sprintu jsou omlet\u00e9,&#8220; posteskne si Zden\u011bk \u0160tybar p\u0159i vzpom\u00ednce na nezdar ve fini\u0161i s Degenkolbem, respektive van Avermaetem. &#8222;Mohl jsem vyhr\u00e1t v roce 2014, kdy jsem byl nakonec p\u00e1t\u00fd,&#8220; vzpom\u00edn\u00e1 dev\u011btat\u0159icetilet\u00fd rod\u00e1k ze St\u0159\u00edbra.<\/p>\n<p><a href=\"https:\/\/d2p6e6u75xmxt8.cloudfront.net\/13\/2021\/10\/pariz-roubaix-profimedia-0635179760.webp\"><img loading=\"lazy\" decoding=\"async\" class=\"alignnone size-full wp-image-14659\" src=\"https:\/\/d2p6e6u75xmxt8.cloudfront.net\/13\/2021\/10\/pariz-roubaix-profimedia-0635179760.webp\" alt=\"\" width=\"1800\" height=\"905\" srcset=\"https:\/\/d2p6e6u75xmxt8.cloudfront.net\/13\/2021\/10\/pariz-roubaix-profimedia-0635179760.webp 1800w, https:\/\/d2p6e6u75xmxt8.cloudfront.net\/13\/2021\/10\/pariz-roubaix-profimedia-0635179760-300x151.webp 300w, https:\/\/d2p6e6u75xmxt8.cloudfront.net\/13\/2021\/10\/pariz-roubaix-profimedia-0635179760-1024x515.webp 1024w, https:\/\/d2p6e6u75xmxt8.cloudfront.net\/13\/2021\/10\/pariz-roubaix-profimedia-0635179760-768x386.webp 768w, https:\/\/d2p6e6u75xmxt8.cloudfront.net\/13\/2021\/10\/pariz-roubaix-profimedia-0635179760-1536x772.webp 1536w\" sizes=\"auto, (max-width: 1800px) 100vw, 1800px\" \/><\/a><\/p>\n<p>Tehdy jela na \u010dele z\u00e1vodu siln\u00e1 skupina. Degenkolb, Cancellara, Vanmarcke, Sagan, Thomas, Langeveld, Wiggins a trojice t\u00fdmu Quick Step Boonen, Terpstra, \u0160tybar. Do c\u00edle zb\u00fdvalo \u0161est tis\u00edc t\u0159i sta metr\u016f&#8230; &#8222;Z vys\u00edla\u010dky zazn\u011bl pokyn. \u0160tyby nebo Niki, je\u010fte! Terpstra zareagoval o setinku rychleji. A dot\u00e1hl Roubaix k v\u00edt\u011bzstv\u00ed. M\u011bl jsem minim\u00e1ln\u011b stejn\u011b dobr\u00e9 nohy,&#8220; pokr\u010d\u00ed rameny Zden\u011bk \u0160tybar. &#8222;Roubiax pro m\u011b prost\u011b z\u016fstane sladkokysel\u00e9. Ale nezapomenuteln\u00fdch z\u00e1\u017eitk\u016f m\u00e1m mraky. V ka\u017ed\u00e9m ro\u010dn\u00edku se p\u0159ihodilo na trase n\u011bco zvl\u00e1\u0161tn\u00edho,&#8220; ohl\u00ed\u017e\u00ed se z\u00e1vodem, jemu\u017e se tak\u00e9 p\u0159ezd\u00edv\u00e1 Ned\u011ble v pekle.<\/p>\n<div class=\"shortcode-ys-post-pinup\"><article class=\"loop-simple post-28692 post type-post status-publish format-standard has-post-thumbnail hentry category-https-www-welovecycling-com-cs-category-zabava tag-cyklisticka-pravidla tag-cyklistika tag-horska-cyklistika tag-silnicni-cyklistika tag-trenink tag-zdravi-a-trenink global-categories-cycling\" data-postid=\"28692\" role=\"article\" data-post-id=\"28692\" data-word-count=\"546\" data-headline-length=\"41\" data-category=\"Z\u00c1BAVA\" data-global-category=\"Cycling\" data-author=\"We Love Cycling\" data-published=\"2025-04-01T05:00:46+02:00\" data-published-day=\"Tuesday\">\n    <div class=\"entry-thumbnail article-thumbnail\" content=\"https:\/\/d2p6e6u75xmxt8.cloudfront.net\/13\/2025\/04\/20240810_100336-150x150.webp\"><a href=\"https:\/\/www.welovecycling.com\/cs\/2025\/04\/01\/cyklisticka-pravidla-ktera-se-necti\/\" class=\"image-holder\" target=\"_self\"><img decoding=\"async\" loading=\"lazy\" class=\"\" src=\"https:\/\/d2p6e6u75xmxt8.cloudfront.net\/13\/2025\/04\/20240810_100336-1024x768.webp\" srcset=\"https:\/\/d2p6e6u75xmxt8.cloudfront.net\/13\/2025\/04\/20240810_100336-scaled.webp 2560w, https:\/\/d2p6e6u75xmxt8.cloudfront.net\/13\/2025\/04\/20240810_100336-300x225.webp 300w, https:\/\/d2p6e6u75xmxt8.cloudfront.net\/13\/2025\/04\/20240810_100336-1024x768.webp 1024w, https:\/\/d2p6e6u75xmxt8.cloudfront.net\/13\/2025\/04\/20240810_100336-768x576.webp 768w, https:\/\/d2p6e6u75xmxt8.cloudfront.net\/13\/2025\/04\/20240810_100336-1536x1152.webp 1536w, https:\/\/d2p6e6u75xmxt8.cloudfront.net\/13\/2025\/04\/20240810_100336-2048x1536.webp 2048w, https:\/\/d2p6e6u75xmxt8.cloudfront.net\/13\/2025\/04\/20240810_100336-1920x1440.webp 1920w, https:\/\/d2p6e6u75xmxt8.cloudfront.net\/13\/2025\/04\/20240810_100336-400x300.webp 400w, https:\/\/d2p6e6u75xmxt8.cloudfront.net\/13\/2025\/04\/20240810_100336-1920x1440.webp 1920w\" width=\"1024\" height=\"768\" sizes=\"auto, (min-width: 1200px) 300px, (min-width: 768px) 25vw, 100vw\" alt=\"cyklisticka-pravidla-ktera-se-necti\"\/><\/a><\/div>    <div class=\"entry-meta\">\n        <a class=\"label label-secondary post-category\" href=\"https:\/\/www.welovecycling.com\/cs\/category\/https-www-welovecycling-com-cs-category-zabava\/\" title=\"Z\u00c1BAVA\">Z\u00c1BAVA<\/a>\n    <\/div>\n    <div class=\"entry-details\">\n        <a href=\"https:\/\/www.welovecycling.com\/cs\/2025\/04\/01\/cyklisticka-pravidla-ktera-se-necti\/\" class='entry-title-wrapper'>\n            <h3 class=\"entry-title\"><span>Cyklistick\u00e1 pravidla, kter\u00e1 se (ne)ct\u00ed<\/span><\/h3>\n        <\/a>\n    <\/div>\n    <\/article>\n<\/div>\n<p>Pr\u00e1v\u011b zku\u0161enosti z klasik ambasadora We Love Cycling utvrzuj\u00ed v p\u0159esv\u011bd\u010den\u00ed, \u017ee vys\u00edla\u010dky jsou pro profesion\u00e1ln\u00ed peloton nezbytn\u00e9. &#8222;Flandry a Roubaix jsou z\u00e1vody v tot\u00e1ln\u00edm chaosu. Z hlediska sportovn\u00edho nen\u00ed mo\u017en\u00e9 udr\u017eet orientaci, kdo odj\u00ed\u017ed\u00ed z bal\u00edku. A z pohledu bezpe\u010dnostn\u00edho jde o naprostou nezbytnost kv\u016fli p\u00e1d\u016fm, jich\u017e je mnoho, i dal\u0161\u00edm n\u00e1strah\u00e1m v podob\u011b lou\u017e\u00ed, chuml\u016f div\u00e1k\u016f, stavu jednotliv\u00fdch sektor\u016f. Pokud by se zru\u0161ily vys\u00edla\u010dky, ztratila by \u00faloha sportovn\u00edho \u0159editele smysl. Sta\u010dil by jenom \u0161ikovn\u00fd \u0159idi\u010d.&#8220;<\/p>\n","protected":false},"excerpt":{"rendered":"<p>Nejbrut\u00e1ln\u011bj\u0161\u00ed z\u00e1vody silni\u010dn\u00edho kalend\u00e1\u0159e v pr\u016fb\u011bhu jara! Kolem Flander. Pak Pa\u0159\u00ed\u017e-Roubaix. Dva Monumenty, kter\u00e9 m\u011bn\u00ed kari\u00e9ry z\u00e1vodn\u00edk\u016f. Desetkr\u00e1t st\u00e1l na [&hellip;]<\/p>\n","protected":false},"author":138,"featured_media":14695,"comment_status":"open","ping_status":"open","sticky":false,"template":"","format":"standard","meta":{"footnotes":""},"categories":[10],"tags":[126,845,151,2271,168,9,73],"global-categories":[411],"class_list":["post-28773","post","type-post","status-publish","format-standard","has-post-thumbnail","hentry","category-silnicni-cyklistika","tag-cyklistika","tag-klasiky","tag-kolem-flander","tag-monumenty","tag-pariz-roubaix","tag-silnicni-cyklistika","tag-zdenek-stybar","global-categories-cycling"],"yoast_head":"<!-- This site is optimized with the Yoast SEO Premium plugin v25.3 (Yoast SEO v25.9) - https:\/\/yoast.com\/wordpress\/plugins\/seo\/ -->\n<title>\u0160tyby nebo Niki, je\u010fte! Jak \u010desk\u00e1 hv\u011bzda zav\u00e1hala | \u0160koda We Love Cycling - \u010cesk\u00e1 republika<\/title>\n<meta name=\"description\" content=\"Nejbrut\u00e1ln\u011bj\u0161\u00ed z\u00e1vody silni\u010dn\u00edho kalend\u00e1\u0159e v pr\u016fb\u011bhu jara! Kolem Flander. Pak Pa\u0159\u00ed\u017e-Roubaix. Dva Monumenty, kter\u00e9 m\u011bn\u00ed kari\u00e9ry z\u00e1vodn\u00edk\u016f. Desetkr\u00e1t st\u00e1l na startu ka\u017ed\u00e9ho z nich i Zden\u011bk \u0160tybar, b\u00fdval\u00fd profesion\u00e1ln\u00ed z\u00e1vodn\u00edk. Flandry dokon\u010dil t\u0159ikr\u00e1t v elitn\u00ed des\u00edtce, kterou na Pekle severu vybojoval \u0161estkr\u00e1t. Dvakr\u00e1t byl druh\u00fd. &quot;Roubaix pro m\u011b nav\u017edy z\u016fstane sladkokysel\u00e9. \u0160anc\u00ed na v\u00fdhru bylo v\u00edce ne\u017e jen v t\u011bch dvou st\u0159\u00edbrn\u00fdch letech,&quot; vzpom\u00edn\u00e1 Zden\u011bk \u0160tybar.\" \/>\n<meta name=\"robots\" content=\"index, follow, max-snippet:-1, max-image-preview:large, max-video-preview:-1\" \/>\n<link rel=\"canonical\" href=\"https:\/\/www.welovecycling.com\/cs\/2025\/04\/03\/styby-nebo-niki-jedte-jak-ceska-hvezda-zavahala\/\" \/>\n<meta property=\"og:locale\" content=\"cs_CZ\" \/>\n<meta property=\"og:type\" content=\"article\" \/>\n<meta property=\"og:title\" content=\"\u0160tyby nebo Niki, je\u010fte! Jak \u010desk\u00e1 hv\u011bzda zav\u00e1hala\" \/>\n<meta property=\"og:description\" content=\"Nejbrut\u00e1ln\u011bj\u0161\u00ed z\u00e1vody silni\u010dn\u00edho kalend\u00e1\u0159e v pr\u016fb\u011bhu jara! Kolem Flander. Pak Pa\u0159\u00ed\u017e-Roubaix. Dva Monumenty, kter\u00e9 m\u011bn\u00ed kari\u00e9ry z\u00e1vodn\u00edk\u016f. Desetkr\u00e1t st\u00e1l na startu ka\u017ed\u00e9ho z nich i Zden\u011bk \u0160tybar, b\u00fdval\u00fd profesion\u00e1ln\u00ed z\u00e1vodn\u00edk. Flandry dokon\u010dil t\u0159ikr\u00e1t v elitn\u00ed des\u00edtce, kterou na Pekle severu vybojoval \u0161estkr\u00e1t. Dvakr\u00e1t byl druh\u00fd. &quot;Roubaix pro m\u011b nav\u017edy z\u016fstane sladkokysel\u00e9. \u0160anc\u00ed na v\u00fdhru bylo v\u00edce ne\u017e jen v t\u011bch dvou st\u0159\u00edbrn\u00fdch letech,&quot; vzpom\u00edn\u00e1 Zden\u011bk \u0160tybar.\" \/>\n<meta property=\"og:url\" content=\"https:\/\/www.welovecycling.com\/cs\/2025\/04\/03\/styby-nebo-niki-jedte-jak-ceska-hvezda-zavahala\/\" \/>\n<meta property=\"og:site_name\" content=\"\u0160koda We Love Cycling - \u010cesk\u00e1 republika\" \/>\n<meta property=\"article:published_time\" content=\"2025-04-03T03:00:29+00:00\" \/>\n<meta property=\"og:image\" content=\"https:\/\/d2p6e6u75xmxt8.cloudfront.net\/13\/2021\/10\/stybar-1344604525_1633282117-Tim-de-Waele.webp\" \/>\n\t<meta property=\"og:image:width\" content=\"1200\" \/>\n\t<meta property=\"og:image:height\" content=\"800\" \/>\n\t<meta property=\"og:image:type\" content=\"image\/webp\" \/>\n<meta name=\"author\" content=\"radekmalina\" \/>\n<meta name=\"twitter:card\" content=\"summary_large_image\" \/>\n<meta name=\"twitter:label1\" content=\"Written by\" \/>\n\t<meta name=\"twitter:data1\" content=\"We Love Cycling\" \/>\n\t<meta name=\"twitter:label2\" content=\"Est. reading time\" \/>\n\t<meta name=\"twitter:data2\" content=\"5\" \/>\n<script type=\"application\/ld+json\" class=\"yoast-schema-graph\">{\"@context\":\"https:\/\/schema.org\",\"@graph\":[{\"@type\":\"WebPage\",\"@id\":\"https:\/\/www.welovecycling.com\/cs\/2025\/04\/03\/styby-nebo-niki-jedte-jak-ceska-hvezda-zavahala\/\",\"url\":\"https:\/\/www.welovecycling.com\/cs\/2025\/04\/03\/styby-nebo-niki-jedte-jak-ceska-hvezda-zavahala\/\",\"name\":\"\u0160tyby nebo Niki, je\u010fte! Jak \u010desk\u00e1 hv\u011bzda zav\u00e1hala | \u0160koda We Love Cycling - \u010cesk\u00e1 republika\",\"isPartOf\":{\"@id\":\"https:\/\/www.welovecycling.com\/cs\/#website\"},\"primaryImageOfPage\":{\"@id\":\"https:\/\/www.welovecycling.com\/cs\/2025\/04\/03\/styby-nebo-niki-jedte-jak-ceska-hvezda-zavahala\/#primaryimage\"},\"image\":{\"@id\":\"https:\/\/www.welovecycling.com\/cs\/2025\/04\/03\/styby-nebo-niki-jedte-jak-ceska-hvezda-zavahala\/#primaryimage\"},\"thumbnailUrl\":\"https:\/\/d2p6e6u75xmxt8.cloudfront.net\/13\/2021\/10\/stybar-1344604525_1633282117-Tim-de-Waele.webp\",\"datePublished\":\"2025-04-03T03:00:29+00:00\",\"author\":{\"@id\":\"https:\/\/www.welovecycling.com\/cs\/#\/schema\/person\/d9eeb0a378f3a7e4a6d12d2b536b04b8\"},\"description\":\"Nejbrut\u00e1ln\u011bj\u0161\u00ed z\u00e1vody silni\u010dn\u00edho kalend\u00e1\u0159e v pr\u016fb\u011bhu jara! Kolem Flander. Pak Pa\u0159\u00ed\u017e-Roubaix. Dva Monumenty, kter\u00e9 m\u011bn\u00ed kari\u00e9ry z\u00e1vodn\u00edk\u016f. Desetkr\u00e1t st\u00e1l na startu ka\u017ed\u00e9ho z nich i Zden\u011bk \u0160tybar, b\u00fdval\u00fd profesion\u00e1ln\u00ed z\u00e1vodn\u00edk. Flandry dokon\u010dil t\u0159ikr\u00e1t v elitn\u00ed des\u00edtce, kterou na Pekle severu vybojoval \u0161estkr\u00e1t. Dvakr\u00e1t byl druh\u00fd. \\\"Roubaix pro m\u011b nav\u017edy z\u016fstane sladkokysel\u00e9. \u0160anc\u00ed na v\u00fdhru bylo v\u00edce ne\u017e jen v t\u011bch dvou st\u0159\u00edbrn\u00fdch letech,\\\" vzpom\u00edn\u00e1 Zden\u011bk \u0160tybar.\",\"inLanguage\":\"cs\",\"potentialAction\":[{\"@type\":\"ReadAction\",\"target\":[\"https:\/\/www.welovecycling.com\/cs\/2025\/04\/03\/styby-nebo-niki-jedte-jak-ceska-hvezda-zavahala\/\"]}]},{\"@type\":\"ImageObject\",\"inLanguage\":\"cs\",\"@id\":\"https:\/\/www.welovecycling.com\/cs\/2025\/04\/03\/styby-nebo-niki-jedte-jak-ceska-hvezda-zavahala\/#primaryimage\",\"url\":\"https:\/\/d2p6e6u75xmxt8.cloudfront.net\/13\/2021\/10\/stybar-1344604525_1633282117-Tim-de-Waele.webp\",\"contentUrl\":\"https:\/\/d2p6e6u75xmxt8.cloudfront.net\/13\/2021\/10\/stybar-1344604525_1633282117-Tim-de-Waele.webp\",\"width\":1200,\"height\":800,\"caption\":\"Zden\u011bk \u0160tybar v c\u00edli z\u00e1vodu Pa\u0159\u00ed\u017e-Roubaix 2021. Foto: Tim de Waele\/Getty Images\/Deceuninck Quick Step\"},{\"@type\":\"WebSite\",\"@id\":\"https:\/\/www.welovecycling.com\/cs\/#website\",\"url\":\"https:\/\/www.welovecycling.com\/cs\/\",\"name\":\"\u0160koda We Love Cycling - \u010cesk\u00e1 republika\",\"description\":\"WeLoveCycling.cz je online magaz\u00edn, kter\u00fd v\u00e1m pravideln\u011b p\u0159in\u00e1\u0161\u00ed rady a tipy, zaj\u00edmav\u00e9 \u010dl\u00e1nky, videa a jedine\u010dn\u00e9 report\u00e1\u017ee ze sv\u011bta cyklistiky.\",\"potentialAction\":[{\"@type\":\"SearchAction\",\"target\":{\"@type\":\"EntryPoint\",\"urlTemplate\":\"https:\/\/www.welovecycling.com\/cs\/?s={search_term_string}\"},\"query-input\":{\"@type\":\"PropertyValueSpecification\",\"valueRequired\":true,\"valueName\":\"search_term_string\"}}],\"inLanguage\":\"cs\"},{\"@type\":\"Person\",\"@id\":\"https:\/\/www.welovecycling.com\/cs\/#\/schema\/person\/d9eeb0a378f3a7e4a6d12d2b536b04b8\",\"name\":\"radekmalina\",\"image\":{\"@type\":\"ImageObject\",\"inLanguage\":\"cs\",\"@id\":\"https:\/\/www.welovecycling.com\/cs\/#\/schema\/person\/image\/\",\"url\":\"https:\/\/secure.gravatar.com\/avatar\/66994b632cb8c39a46b9f54afa3ae07201b678d32a54275b6f1c9ffec356bfc0?s=96&d=mm&r=g\",\"contentUrl\":\"https:\/\/secure.gravatar.com\/avatar\/66994b632cb8c39a46b9f54afa3ae07201b678d32a54275b6f1c9ffec356bfc0?s=96&d=mm&r=g\",\"caption\":\"radekmalina\"},\"url\":\"https:\/\/www.welovecycling.com\/cs\/author\/radekmalina\/\"}]}<\/script>\n<!-- \/ Yoast SEO Premium plugin. -->","yoast_head_json":{"title":"\u0160tyby nebo Niki, je\u010fte! Jak \u010desk\u00e1 hv\u011bzda zav\u00e1hala | \u0160koda We Love Cycling - \u010cesk\u00e1 republika","description":"Nejbrut\u00e1ln\u011bj\u0161\u00ed z\u00e1vody silni\u010dn\u00edho kalend\u00e1\u0159e v pr\u016fb\u011bhu jara! Kolem Flander. Pak Pa\u0159\u00ed\u017e-Roubaix. Dva Monumenty, kter\u00e9 m\u011bn\u00ed kari\u00e9ry z\u00e1vodn\u00edk\u016f. Desetkr\u00e1t st\u00e1l na startu ka\u017ed\u00e9ho z nich i Zden\u011bk \u0160tybar, b\u00fdval\u00fd profesion\u00e1ln\u00ed z\u00e1vodn\u00edk. Flandry dokon\u010dil t\u0159ikr\u00e1t v elitn\u00ed des\u00edtce, kterou na Pekle severu vybojoval \u0161estkr\u00e1t. Dvakr\u00e1t byl druh\u00fd. \"Roubaix pro m\u011b nav\u017edy z\u016fstane sladkokysel\u00e9. \u0160anc\u00ed na v\u00fdhru bylo v\u00edce ne\u017e jen v t\u011bch dvou st\u0159\u00edbrn\u00fdch letech,\" vzpom\u00edn\u00e1 Zden\u011bk \u0160tybar.","robots":{"index":"index","follow":"follow","max-snippet":"max-snippet:-1","max-image-preview":"max-image-preview:large","max-video-preview":"max-video-preview:-1"},"canonical":"https:\/\/www.welovecycling.com\/cs\/2025\/04\/03\/styby-nebo-niki-jedte-jak-ceska-hvezda-zavahala\/","og_locale":"cs_CZ","og_type":"article","og_title":"\u0160tyby nebo Niki, je\u010fte! Jak \u010desk\u00e1 hv\u011bzda zav\u00e1hala","og_description":"Nejbrut\u00e1ln\u011bj\u0161\u00ed z\u00e1vody silni\u010dn\u00edho kalend\u00e1\u0159e v pr\u016fb\u011bhu jara! Kolem Flander. Pak Pa\u0159\u00ed\u017e-Roubaix. Dva Monumenty, kter\u00e9 m\u011bn\u00ed kari\u00e9ry z\u00e1vodn\u00edk\u016f. Desetkr\u00e1t st\u00e1l na startu ka\u017ed\u00e9ho z nich i Zden\u011bk \u0160tybar, b\u00fdval\u00fd profesion\u00e1ln\u00ed z\u00e1vodn\u00edk. Flandry dokon\u010dil t\u0159ikr\u00e1t v elitn\u00ed des\u00edtce, kterou na Pekle severu vybojoval \u0161estkr\u00e1t. Dvakr\u00e1t byl druh\u00fd. \"Roubaix pro m\u011b nav\u017edy z\u016fstane sladkokysel\u00e9. \u0160anc\u00ed na v\u00fdhru bylo v\u00edce ne\u017e jen v t\u011bch dvou st\u0159\u00edbrn\u00fdch letech,\" vzpom\u00edn\u00e1 Zden\u011bk \u0160tybar.","og_url":"https:\/\/www.welovecycling.com\/cs\/2025\/04\/03\/styby-nebo-niki-jedte-jak-ceska-hvezda-zavahala\/","og_site_name":"\u0160koda We Love Cycling - \u010cesk\u00e1 republika","article_published_time":"2025-04-03T03:00:29+00:00","og_image":[{"width":1200,"height":800,"url":"https:\/\/d2p6e6u75xmxt8.cloudfront.net\/13\/2021\/10\/stybar-1344604525_1633282117-Tim-de-Waele.webp","type":"image\/webp"}],"author":"radekmalina","twitter_card":"summary_large_image","twitter_misc":{"Written by":"We Love Cycling","Est. reading time":"5"},"schema":{"@context":"https:\/\/schema.org","@graph":[{"@type":"WebPage","@id":"https:\/\/www.welovecycling.com\/cs\/2025\/04\/03\/styby-nebo-niki-jedte-jak-ceska-hvezda-zavahala\/","url":"https:\/\/www.welovecycling.com\/cs\/2025\/04\/03\/styby-nebo-niki-jedte-jak-ceska-hvezda-zavahala\/","name":"\u0160tyby nebo Niki, je\u010fte! Jak \u010desk\u00e1 hv\u011bzda zav\u00e1hala | \u0160koda We Love Cycling - \u010cesk\u00e1 republika","isPartOf":{"@id":"https:\/\/www.welovecycling.com\/cs\/#website"},"primaryImageOfPage":{"@id":"https:\/\/www.welovecycling.com\/cs\/2025\/04\/03\/styby-nebo-niki-jedte-jak-ceska-hvezda-zavahala\/#primaryimage"},"image":{"@id":"https:\/\/www.welovecycling.com\/cs\/2025\/04\/03\/styby-nebo-niki-jedte-jak-ceska-hvezda-zavahala\/#primaryimage"},"thumbnailUrl":"https:\/\/d2p6e6u75xmxt8.cloudfront.net\/13\/2021\/10\/stybar-1344604525_1633282117-Tim-de-Waele.webp","datePublished":"2025-04-03T03:00:29+00:00","author":{"@id":"https:\/\/www.welovecycling.com\/cs\/#\/schema\/person\/d9eeb0a378f3a7e4a6d12d2b536b04b8"},"description":"Nejbrut\u00e1ln\u011bj\u0161\u00ed z\u00e1vody silni\u010dn\u00edho kalend\u00e1\u0159e v pr\u016fb\u011bhu jara! Kolem Flander. Pak Pa\u0159\u00ed\u017e-Roubaix. Dva Monumenty, kter\u00e9 m\u011bn\u00ed kari\u00e9ry z\u00e1vodn\u00edk\u016f. Desetkr\u00e1t st\u00e1l na startu ka\u017ed\u00e9ho z nich i Zden\u011bk \u0160tybar, b\u00fdval\u00fd profesion\u00e1ln\u00ed z\u00e1vodn\u00edk. Flandry dokon\u010dil t\u0159ikr\u00e1t v elitn\u00ed des\u00edtce, kterou na Pekle severu vybojoval \u0161estkr\u00e1t. Dvakr\u00e1t byl druh\u00fd. \"Roubaix pro m\u011b nav\u017edy z\u016fstane sladkokysel\u00e9. \u0160anc\u00ed na v\u00fdhru bylo v\u00edce ne\u017e jen v t\u011bch dvou st\u0159\u00edbrn\u00fdch letech,\" vzpom\u00edn\u00e1 Zden\u011bk \u0160tybar.","inLanguage":"cs","potentialAction":[{"@type":"ReadAction","target":["https:\/\/www.welovecycling.com\/cs\/2025\/04\/03\/styby-nebo-niki-jedte-jak-ceska-hvezda-zavahala\/"]}]},{"@type":"ImageObject","inLanguage":"cs","@id":"https:\/\/www.welovecycling.com\/cs\/2025\/04\/03\/styby-nebo-niki-jedte-jak-ceska-hvezda-zavahala\/#primaryimage","url":"https:\/\/d2p6e6u75xmxt8.cloudfront.net\/13\/2021\/10\/stybar-1344604525_1633282117-Tim-de-Waele.webp","contentUrl":"https:\/\/d2p6e6u75xmxt8.cloudfront.net\/13\/2021\/10\/stybar-1344604525_1633282117-Tim-de-Waele.webp","width":1200,"height":800,"caption":"Zden\u011bk \u0160tybar v c\u00edli z\u00e1vodu Pa\u0159\u00ed\u017e-Roubaix 2021. Foto: Tim de Waele\/Getty Images\/Deceuninck Quick Step"},{"@type":"WebSite","@id":"https:\/\/www.welovecycling.com\/cs\/#website","url":"https:\/\/www.welovecycling.com\/cs\/","name":"\u0160koda We Love Cycling - \u010cesk\u00e1 republika","description":"WeLoveCycling.cz je online magaz\u00edn, kter\u00fd v\u00e1m pravideln\u011b p\u0159in\u00e1\u0161\u00ed rady a tipy, zaj\u00edmav\u00e9 \u010dl\u00e1nky, videa a jedine\u010dn\u00e9 report\u00e1\u017ee ze sv\u011bta cyklistiky.","potentialAction":[{"@type":"SearchAction","target":{"@type":"EntryPoint","urlTemplate":"https:\/\/www.welovecycling.com\/cs\/?s={search_term_string}"},"query-input":{"@type":"PropertyValueSpecification","valueRequired":true,"valueName":"search_term_string"}}],"inLanguage":"cs"},{"@type":"Person","@id":"https:\/\/www.welovecycling.com\/cs\/#\/schema\/person\/d9eeb0a378f3a7e4a6d12d2b536b04b8","name":"radekmalina","image":{"@type":"ImageObject","inLanguage":"cs","@id":"https:\/\/www.welovecycling.com\/cs\/#\/schema\/person\/image\/","url":"https:\/\/secure.gravatar.com\/avatar\/66994b632cb8c39a46b9f54afa3ae07201b678d32a54275b6f1c9ffec356bfc0?s=96&d=mm&r=g","contentUrl":"https:\/\/secure.gravatar.com\/avatar\/66994b632cb8c39a46b9f54afa3ae07201b678d32a54275b6f1c9ffec356bfc0?s=96&d=mm&r=g","caption":"radekmalina"},"url":"https:\/\/www.welovecycling.com\/cs\/author\/radekmalina\/"}]}},"_links":{"self":[{"href":"https:\/\/www.welovecycling.com\/cs\/wp-json\/wp\/v2\/posts\/28773","targetHints":{"allow":["GET"]}}],"collection":[{"href":"https:\/\/www.welovecycling.com\/cs\/wp-json\/wp\/v2\/posts"}],"about":[{"href":"https:\/\/www.welovecycling.com\/cs\/wp-json\/wp\/v2\/types\/post"}],"author":[{"embeddable":true,"href":"https:\/\/www.welovecycling.com\/cs\/wp-json\/wp\/v2\/users\/138"}],"replies":[{"embeddable":true,"href":"https:\/\/www.welovecycling.com\/cs\/wp-json\/wp\/v2\/comments?post=28773"}],"version-history":[{"count":3,"href":"https:\/\/www.welovecycling.com\/cs\/wp-json\/wp\/v2\/posts\/28773\/revisions"}],"predecessor-version":[{"id":28776,"href":"https:\/\/www.welovecycling.com\/cs\/wp-json\/wp\/v2\/posts\/28773\/revisions\/28776"}],"wp:featuredmedia":[{"embeddable":true,"href":"https:\/\/www.welovecycling.com\/cs\/wp-json\/wp\/v2\/media\/14695"}],"wp:attachment":[{"href":"https:\/\/www.welovecycling.com\/cs\/wp-json\/wp\/v2\/media?parent=28773"}],"wp:term":[{"taxonomy":"category","embeddable":true,"href":"https:\/\/www.welovecycling.com\/cs\/wp-json\/wp\/v2\/categories?post=28773"},{"taxonomy":"post_tag","embeddable":true,"href":"https:\/\/www.welovecycling.com\/cs\/wp-json\/wp\/v2\/tags?post=28773"},{"taxonomy":"global-categories","embeddable":true,"href":"https:\/\/www.welovecycling.com\/cs\/wp-json\/wp\/v2\/global-categories?post=28773"}],"curies":[{"name":"wp","href":"https:\/\/api.w.org\/{rel}","templated":true}]}}