{"id":28695,"date":"2025-04-02T05:00:43","date_gmt":"2025-04-02T03:00:43","guid":{"rendered":"https:\/\/www.welovecycling.com\/cs\/?p=28695"},"modified":"2025-04-02T08:46:40","modified_gmt":"2025-04-02T06:46:40","slug":"je-primoz-roglic-prilis-stary-na-vyhru-z-tour-de-france","status":"publish","type":"post","link":"https:\/\/www.welovecycling.com\/cs\/2025\/04\/02\/je-primoz-roglic-prilis-stary-na-vyhru-z-tour-de-france\/","title":{"rendered":"Je Primo\u017e Rogli\u010d p\u0159\u00edli\u0161 star\u00fd na v\u00fdhru z Tour de France?"},"content":{"rendered":"<p><strong>Veter\u00e1n na startu sezony z\u00e1\u0159\u00ed! Dv\u011b vyhran\u00e9 etapy a celkov\u00fd triumf ze z\u00e1vodu Kolem Katal\u00e1nska, jedn\u00e9 z nejv\u011bt\u0161\u00edch p\u0159\u00edpravn\u00fdch etapov\u00fdch bitev roku! Primo\u017e Rogli\u010d je v p\u011btat\u0159iceti letech matadorem pelotonu. P\u0159esto je l\u00eddrem sestavy Red Bull Bora hansgrohe. Pat\u0159\u00ed v\u0161ak st\u00e1le do velk\u00e9 \u010dty\u0159ky? M\u016f\u017ee vyhr\u00e1t Grand Tour? A hlavn\u011b naplnit sen o Tour de France?<\/strong><\/p>\n<p>Slovinec se stal tv\u00e1\u0159\u00ed cyklistick\u00e9ho projektu Red Bull, kter\u00fd vstoupil minulou sezonu do formace Bora hansgrohe. Nejv\u011bt\u0161\u00ed ambic\u00ed n\u00e1pojov\u00e9ho giganta je triumf z Tour de France. Jde o dlouhodob\u00fd projekt, nicm\u00e9n\u011b veden\u00ed prahne po \u00fasp\u011bchu v bitv\u011b o maillot jaune co nejd\u0159\u00edve. Stejn\u011b jako Primo\u017e Rogli\u010d, jemu\u017e rozhodn\u011b nezb\u00fdv\u00e1 tolik \u010dasu. Jednak na konci sezony vypr\u0161\u00ed jeho kontrakt a hlavn\u011b je velice nepravd\u011bpodobn\u00e9, \u017ee pokud nebude plnit p\u0159edstavy, z\u016fstane d\u00e1l jedni\u010dkou formace i v p\u0159\u00edpad\u011b prodlou\u017een\u00ed smlouvy.<\/p>\n<h2><strong>Ohromuj\u00edc\u00ed s\u00f3lo<\/strong><\/h2>\n<p>Ve srovn\u00e1n\u00ed s lo\u0148skou debutovou sezonou v n\u011bmeck\u00e9 sestav\u011b, po osmi letech v nizozemsk\u00e9m Visma Lease a Bike, se zd\u00e1 b\u00fdt b\u00fdval\u00fd skokan na ly\u017e\u00edch v mnohem lep\u0161\u00ed form\u011b. V Katal\u00e1nsku vyhr\u00e1l dv\u011b etapy, p\u0159i\u010dem\u017e zejm\u00e9na triumf v z\u00e1v\u011bre\u010dn\u00e9m d\u011bjstv\u00ed <a href=\"https:\/\/x.com\/Eurosport_NL\/status\/1906302194254590141?ref_src=twsrc%5Etfw%7Ctwcamp%5Etweetembed%7Ctwterm%5E1906302194254590141%7Ctwgr%5E7c646e13a6eec9104bb7005fc7bc951cceb39886%7Ctwcon%5Es1_&amp;ref_url=https%3A%2F%2Fsporza.be%2Fnl%2Fmatches%2Fwielrennen%2Fronde-van-catalonie%2F2025%2Fronde-van-catalonie-2025-rit-7-solerende-primoz-roglic-slaat-dubbelslag-op-montjuic-rit-en-eindwinst-in-catalonie-de-plus-2e-van-eetvelt-3e1728393366922%2F\">po s\u00f3lov\u00e9m \u00faniku<\/a> dlouh\u00e9m dvacet kilometr\u016f s opakovan\u00fdm v\u00fdstupem na vrchol Montjuic, byl ohromuj\u00edc\u00ed. Stejn\u011b jako druh\u00fd celkov\u00fd triumf z velk\u00e9 gener\u00e1lky, j\u00edm\u017e Rogli\u010d nav\u00e1zal na prvenstv\u00ed z roku 2023.<\/p>\n<p>&#8222;Je fajn vid\u011bt, \u017ee tr\u00e9ninkov\u00e9 hodiny m\u011bly smysl. Ale sm\u011brem k Giru moje v\u00edt\u011bzstv\u00ed neznamen\u00e1 v\u016fbec nic,&#8220; prohl\u00e1sil up\u0159\u00edmn\u011b Primo\u017e Rogli\u010d s vidinou startu na \u00favodn\u00ed Grand Tour sezony 2025 a n\u00e1sledn\u00e9 \u00fa\u010dasti na Tour de France.<\/p>\n<figure id=\"attachment_28709\" aria-describedby=\"caption-attachment-28709\" style=\"width: 1170px\" class=\"wp-caption alignnone\"><a href=\"https:\/\/d2p6e6u75xmxt8.cloudfront.net\/13\/2025\/03\/primoz-roglic.webp\"><img loading=\"lazy\" decoding=\"async\" class=\"size-full wp-image-28709\" src=\"https:\/\/d2p6e6u75xmxt8.cloudfront.net\/13\/2025\/03\/primoz-roglic.webp\" alt=\"\" width=\"1170\" height=\"646\" srcset=\"https:\/\/d2p6e6u75xmxt8.cloudfront.net\/13\/2025\/03\/primoz-roglic.webp 1170w, https:\/\/d2p6e6u75xmxt8.cloudfront.net\/13\/2025\/03\/primoz-roglic-300x166.webp 300w, https:\/\/d2p6e6u75xmxt8.cloudfront.net\/13\/2025\/03\/primoz-roglic-1024x565.webp 1024w, https:\/\/d2p6e6u75xmxt8.cloudfront.net\/13\/2025\/03\/primoz-roglic-768x424.webp 768w, https:\/\/d2p6e6u75xmxt8.cloudfront.net\/13\/2025\/03\/primoz-roglic-400x221.webp 400w\" sizes=\"auto, (max-width: 1170px) 100vw, 1170px\" \/><\/a><figcaption id=\"caption-attachment-28709\" class=\"wp-caption-text\"><em>Primo\u017e Rogli\u010d slav\u00ed v\u00edt\u011bzstv\u00ed v z\u00e1vod\u011b Kolem Katal\u00e1nska. Foto: RedBullBorahansgrohe.com\/Getty Images<\/em><\/figcaption><\/figure>\n<p>Jde o jeho dva hlavn\u00ed c\u00edle. Grand Tour pod Apeninami ovl\u00e1dl v sezon\u011b 2023. Ale Grande Boucle nikdy. Je v\u0161ak schopn\u00fd usp\u011bt v konkurenci z\u00e1vodn\u00edk\u016f mlad\u0161\u00edch mnohdy o deset let?<\/p>\n<div class=\"shortcode-ys-post-pinup\"><article class=\"loop-simple post-16192 post type-post status-publish format-standard has-post-thumbnail hentry category-zdravi-a-trenink tag-cyklistika tag-fabio-jakobsen tag-horska-cyklistika tag-mark-cavendish tag-silnicni-cyklistika tag-tour-de-france tag-trenink tag-vaha tag-vek tag-vyziva tag-zdravi-a-trenink global-categories-cycling\" data-postid=\"16192\" role=\"article\" data-post-id=\"16192\" data-word-count=\"568\" data-headline-length=\"54\" data-category=\"Zdrav\u00ed a tr\u00e9nink\" data-global-category=\"Cycling\" data-author=\"Adam Bouda\" data-published=\"2022-03-05T07:00:10+02:00\" data-published-day=\"Saturday\">\n    <div class=\"entry-thumbnail article-thumbnail\" content=\"https:\/\/d2p6e6u75xmxt8.cloudfront.net\/13\/2021\/07\/Mark-Cavendish-Tour-de-France-Stage-13-Victory-_Tim-De-Waele-Getty-Images-scaled-150x150.webp\"><a href=\"https:\/\/www.welovecycling.com\/cs\/2022\/03\/05\/proc-vek-neni-prekazkou-byt-lepsim-cyklistou\/\" class=\"image-holder\" target=\"_self\"><img decoding=\"async\" loading=\"lazy\" class=\"\" src=\"https:\/\/d2p6e6u75xmxt8.cloudfront.net\/13\/2021\/07\/Mark-Cavendish-Tour-de-France-Stage-13-Victory-_Tim-De-Waele-Getty-Images-scaled-1024x703.webp\" srcset=\"https:\/\/d2p6e6u75xmxt8.cloudfront.net\/13\/2021\/07\/Mark-Cavendish-Tour-de-France-Stage-13-Victory-_Tim-De-Waele-Getty-Images-scaled.webp 2560w, https:\/\/d2p6e6u75xmxt8.cloudfront.net\/13\/2021\/07\/Mark-Cavendish-Tour-de-France-Stage-13-Victory-_Tim-De-Waele-Getty-Images-scaled-300x206.webp 300w, https:\/\/d2p6e6u75xmxt8.cloudfront.net\/13\/2021\/07\/Mark-Cavendish-Tour-de-France-Stage-13-Victory-_Tim-De-Waele-Getty-Images-scaled-1024x703.webp 1024w, https:\/\/d2p6e6u75xmxt8.cloudfront.net\/13\/2021\/07\/Mark-Cavendish-Tour-de-France-Stage-13-Victory-_Tim-De-Waele-Getty-Images-scaled-768x527.webp 768w, https:\/\/d2p6e6u75xmxt8.cloudfront.net\/13\/2021\/07\/Mark-Cavendish-Tour-de-France-Stage-13-Victory-_Tim-De-Waele-Getty-Images-scaled-1536x1054.webp 1536w, https:\/\/d2p6e6u75xmxt8.cloudfront.net\/13\/2021\/07\/Mark-Cavendish-Tour-de-France-Stage-13-Victory-_Tim-De-Waele-Getty-Images-scaled-2048x1406.webp 2048w, https:\/\/d2p6e6u75xmxt8.cloudfront.net\/13\/2021\/07\/Mark-Cavendish-Tour-de-France-Stage-13-Victory-_Tim-De-Waele-Getty-Images-scaled-1920x1318.webp 1920w, https:\/\/d2p6e6u75xmxt8.cloudfront.net\/13\/2021\/07\/Mark-Cavendish-Tour-de-France-Stage-13-Victory-_Tim-De-Waele-Getty-Images-scaled-1920x1318.webp 1920w\" width=\"1024\" height=\"703\" sizes=\"auto, (min-width: 1200px) 300px, (min-width: 768px) 25vw, 100vw\" alt=\"proc-vek-neni-prekazkou-byt-lepsim-cyklistou\"\/><\/a><\/div>    <div class=\"entry-meta\">\n        <a class=\"label label-secondary post-category\" href=\"https:\/\/www.welovecycling.com\/cs\/category\/zdravi-a-trenink\/\" title=\"Zdrav\u00ed a tr\u00e9nink\">Zdrav\u00ed a tr\u00e9nink<\/a>\n    <\/div>\n    <div class=\"entry-details\">\n        <a href=\"https:\/\/www.welovecycling.com\/cs\/2022\/03\/05\/proc-vek-neni-prekazkou-byt-lepsim-cyklistou\/\" class='entry-title-wrapper'>\n            <h3 class=\"entry-title\"><span>Pro\u010d v\u011bk nen\u00ed p\u0159ek\u00e1\u017ekou b\u00fdt lep\u0161\u00edm cyklistou?<\/span><\/h3>\n        <\/a>\n    <\/div>\n    <\/article>\n<\/div>\n<p>S p\u0159ib\u00fdvaj\u00edc\u00edm v\u011bkem kles\u00e1 rychlost regenerace, sni\u017euje se svalov\u00e1 s\u00edla, kles\u00e1 VO2 Max. Prost\u011b \u010d\u00edm star\u0161\u00ed jezdec, t\u00edm je slo\u017eit\u011bj\u0161\u00ed udr\u017eet vysokou v\u00fdkonnost. P\u0159ipo\u010dt\u011bte si psychickou str\u00e1nku v\u011bci, kdy je Primo\u017e Rogli\u010d coby l\u00eddr jednoho z nejbohat\u0161\u00edch t\u00fdmu pelotonu pod obrovsk\u00fdm tlakem. Na druhou stranu s p\u0159ib\u00fdvaj\u00edc\u00edm v\u011bkem m\u016f\u017ee Primo\u017e Rogli\u010d uplatnit zku\u0161enosti, jich\u017e se mu ur\u010dit\u011b dost\u00e1v\u00e1 mnohem v\u00edce ve srovn\u00e1n\u00ed s mlad\u00fdmi vl\u010d\u00e1ky.<\/p>\n<h2><strong>Nen\u00ed tolik opot\u0159ebovan\u00fd<\/strong><\/h2>\n<p>Tren\u00e9\u0159i st\u00e1je Red Bull Bora hansgrohe tvrd\u00ed, \u017ee \u010d\u00edsla Primo\u017ee Rogli\u010de z testov\u00e1n\u00ed b\u011bhem zimn\u00ed pauzy jsou lep\u0161\u00ed ne\u017e v minulosti. Jin\u00fdmi slovy Slovincova v\u00fdkonnost po\u0159\u00e1d roste. I p\u0159es pokro\u010dil\u00fd v\u011bk. Datum narozen\u00ed ur\u010dit\u011b nemus\u00ed b\u00fdt p\u0159ek\u00e1\u017ekou jako v d\u0159\u00edv\u011bj\u0161\u00edch dob\u00e1ch cyklistiky. T\u00edm sp\u00ed\u0161e, \u017ee modern\u00ed tr\u00e9ninkov\u00e9 metody, pokrokov\u00e9 technologie v oblasti regenerace a v neposledn\u00ed \u0159ad\u011b v\u00fd\u017eivov\u00ed specialist\u00e9 um\u00ed z\u00e1zraky.<\/p>\n<p>&#8222;Ur\u010dit\u011b m\u016f\u017ee v\u00fdkonnost zvednout. Ale je m\u00e1lo pravd\u011bpodobn\u00e9, \u017ee by doch\u00e1zelo ke zlep\u0161ov\u00e1n\u00ed jako u mlad\u00fdch z\u00e1vodn\u00edk\u016f. Jde sp\u00ed\u0161e o ot\u00e1zku tr\u00e9ninkov\u00e9 metodiky, kterou je t\u0159eba spr\u00e1vn\u011b pojmout. Pak je mo\u017en\u00e9 v\u0161e \u00fasp\u011b\u0161n\u011b aplikovat i na p\u011btat\u0159icetilet\u00e9ho z\u00e1vodn\u00edka,&#8220; p\u0159em\u00edt\u00e1 Martin Ha\u010deck\u00fd, b\u00fdval\u00fd z\u00e1vodn\u00edk a nyn\u00ed koment\u00e1tor stanice Eurosport.<\/p>\n<figure id=\"attachment_26354\" aria-describedby=\"caption-attachment-26354\" style=\"width: 1800px\" class=\"wp-caption alignnone\"><a href=\"https:\/\/d2p6e6u75xmxt8.cloudfront.net\/13\/2024\/07\/profimedia-0888804022.webp\"><img loading=\"lazy\" decoding=\"async\" class=\"size-full wp-image-26354\" src=\"https:\/\/d2p6e6u75xmxt8.cloudfront.net\/13\/2024\/07\/profimedia-0888804022.webp\" alt=\"Primo\u017e Rogli\u010d se po p\u00e1du v jeden\u00e1ct\u00e9 etap\u011b\" width=\"1800\" height=\"1200\" srcset=\"https:\/\/d2p6e6u75xmxt8.cloudfront.net\/13\/2024\/07\/profimedia-0888804022.webp 1800w, https:\/\/d2p6e6u75xmxt8.cloudfront.net\/13\/2024\/07\/profimedia-0888804022-300x200.webp 300w, https:\/\/d2p6e6u75xmxt8.cloudfront.net\/13\/2024\/07\/profimedia-0888804022-1024x683.webp 1024w, https:\/\/d2p6e6u75xmxt8.cloudfront.net\/13\/2024\/07\/profimedia-0888804022-768x512.webp 768w, https:\/\/d2p6e6u75xmxt8.cloudfront.net\/13\/2024\/07\/profimedia-0888804022-1536x1024.webp 1536w, https:\/\/d2p6e6u75xmxt8.cloudfront.net\/13\/2024\/07\/profimedia-0888804022-400x267.webp 400w, https:\/\/d2p6e6u75xmxt8.cloudfront.net\/13\/2024\/07\/profimedia-0888804022-272x182.webp 272w\" sizes=\"auto, (max-width: 1800px) 100vw, 1800px\" \/><\/a><figcaption id=\"caption-attachment-26354\" class=\"wp-caption-text\"><em>Primo\u017e Rogli\u010d se po p\u00e1du v jeden\u00e1ct\u00e9 etap\u011b rozlou\u010dil s Tour de France 2024. U\u017e t\u0159ikr\u00e1t v \u0159ad\u011b Grande Boucle nedokon\u010dil.\u00a0<\/em><\/figcaption><\/figure>\n<p>Jistou v\u00fdhodou pro <a href=\"https:\/\/www.welovecycling.com\/cs\/2024\/09\/08\/proc-primoz-roglic-na-vuelte-exceluje-zatimco-tour-de-france-mu-unika\/\">\u010dty\u0159n\u00e1sobn\u00e9ho v\u00edt\u011bze Vuelty<\/a> m\u016f\u017ee b\u00fdt skute\u010dnost, \u017ee s cyklistikou za\u010dal a\u017e mnohem pozd\u011bji. Teprve v p\u011btadvaceti letech podepsal do t\u00fdmu Visma Lease a Bike. Tak\u017ee v profesion\u00e1ln\u00edm pelotonu World Tour je des\u00e1tou sezonu. Red Bull tvrd\u00ed, \u017ee z hlediska cyklistick\u00e9ho v\u011bku je Slovinec po\u0159\u00e1d mlad\u00fd.<\/p>\n<h2><strong>Pat\u0159\u00ed st\u00e1le do velk\u00e9 \u010dty\u0159ky?<\/strong><\/h2>\n<p>Je v\u0161ak dostate\u010dn\u011b mlad\u00fd? \u010casto je Primo\u017e Rogli\u010d ozna\u010dov\u00e1n jako \u010dlen &#8222;velk\u00e9 \u010dty\u0159ky&#8220;. Do t\u00e9 se \u0159ad\u00ed je\u0161t\u011b Tadej Poga\u010dar (26 let), Remco Evenepoel (25 let) a Jonas Vingegaard (28 let). To jest neju\u017e\u0161\u00ed elita pelotonu World Tour.<\/p>\n<p>A pak jsou zde dal\u0161\u00ed adepti na celkov\u00e9 po\u0159ad\u00ed z velk\u00fdch z\u00e1vod\u016f: Joao Almeida (UAE Emirates): 26 let. Juan Ayuso (UAE Emirates): 22 let. Antonio Tiberi (Bahrain Victorious): 23 let. Ben O&#8217;Connor (Jayco AlUla): 29 let. Egan Bernal (Ineos Grenadiers): 28 let. Jedin\u00fd Simon Yates (Visma Lease a Bike) p\u0159es\u00e1hl o dva roky t\u0159ic\u00edtku.<\/p>\n<div class=\"shortcode-ys-post-pinup\"><article class=\"loop-simple post-27189 post type-post status-publish format-standard has-post-thumbnail hentry category-silnicni-cyklistika tag-cyklistika tag-mistrovstvi-sveta tag-ms-2024 tag-primoz-roglic tag-red-bull-bora-hansgrohe tag-silnicni-cyklistika tag-tour-de-france tag-vuelta tag-vuelta-2024 tag-zlomene-obratle tag-zraneni global-categories-cycling\" data-postid=\"27189\" role=\"article\" data-post-id=\"27189\" data-word-count=\"574\" data-headline-length=\"89\" data-category=\"Silni\u010dn\u00ed cyklistika\" data-global-category=\"Cycling\" data-author=\"We Love Cycling\" data-published=\"2024-09-20T05:00:41+02:00\" data-published-day=\"Friday\">\n    <div class=\"entry-thumbnail article-thumbnail\" content=\"https:\/\/d2p6e6u75xmxt8.cloudfront.net\/13\/2024\/07\/profimedia-0889067336-150x150.webp\"><a href=\"https:\/\/www.welovecycling.com\/cs\/2024\/09\/20\/mam-zapotrebi-takove-utrpeni-primoz-roglic-chtel-pred-vueltou-ukoncit-karieru\/\" class=\"image-holder\" target=\"_self\"><img decoding=\"async\" loading=\"lazy\" class=\"\" src=\"https:\/\/d2p6e6u75xmxt8.cloudfront.net\/13\/2024\/07\/profimedia-0889067336-1024x683.webp\" srcset=\"https:\/\/d2p6e6u75xmxt8.cloudfront.net\/13\/2024\/07\/profimedia-0889067336.webp 1800w, https:\/\/d2p6e6u75xmxt8.cloudfront.net\/13\/2024\/07\/profimedia-0889067336-300x200.webp 300w, https:\/\/d2p6e6u75xmxt8.cloudfront.net\/13\/2024\/07\/profimedia-0889067336-1024x683.webp 1024w, https:\/\/d2p6e6u75xmxt8.cloudfront.net\/13\/2024\/07\/profimedia-0889067336-768x512.webp 768w, https:\/\/d2p6e6u75xmxt8.cloudfront.net\/13\/2024\/07\/profimedia-0889067336-1536x1024.webp 1536w, https:\/\/d2p6e6u75xmxt8.cloudfront.net\/13\/2024\/07\/profimedia-0889067336-400x267.webp 400w, https:\/\/d2p6e6u75xmxt8.cloudfront.net\/13\/2024\/07\/profimedia-0889067336-272x182.webp 272w\" width=\"1024\" height=\"683\" sizes=\"auto, (min-width: 1200px) 300px, (min-width: 768px) 25vw, 100vw\" alt=\"mam-zapotrebi-takove-utrpeni-primoz-roglic-chtel-pred-vueltou-ukoncit-karieru\"\/><\/a><\/div>    <div class=\"entry-meta\">\n        <a class=\"label label-secondary post-category\" href=\"https:\/\/www.welovecycling.com\/cs\/category\/silnicni-cyklistika\/\" title=\"Silni\u010dn\u00ed cyklistika\">Silni\u010dn\u00ed cyklistika<\/a>\n    <\/div>\n    <div class=\"entry-details\">\n        <a href=\"https:\/\/www.welovecycling.com\/cs\/2024\/09\/20\/mam-zapotrebi-takove-utrpeni-primoz-roglic-chtel-pred-vueltou-ukoncit-karieru\/\" class='entry-title-wrapper'>\n            <h3 class=\"entry-title\"><span>M\u00e1m zapot\u0159eb\u00ed takov\u00e9 utrpen\u00ed? Primo\u017e Rogli\u010d cht\u011bl p\u0159ed Vueltou ukon\u010dit kari\u00e9ru<\/span><\/h3>\n        <\/a>\n    <\/div>\n    <\/article>\n<\/div>\n<p>&#8222;Asi bych Rogli\u010de neza\u0159adil mezi mimozem\u0161\u0165any cyklistick\u00e9ho pelotonu. Ale mezi elitu s ambicemi na celkov\u00e9 v\u00edt\u011bzstv\u00ed z Grand Tour pat\u0159\u00ed st\u00e1le,&#8220; dum\u00e1 Martin Ha\u010deck\u00fd. D\u016fle\u017eit\u00e9 je spojen\u00ed slov Grand Tour. &#8222;Giro a Vueltu vyhr\u00e1t m\u016f\u017ee, ale Tour de France? To si neum\u00edm p\u0159edstavit,&#8220; p\u0159izn\u00e1v\u00e1 up\u0159\u00edmn\u011b koment\u00e1tor Eurosportu.<\/p>\n<h2><strong>Primo\u017e Rogli\u010d je n\u00e1\u0161 mu\u017e, v\u011b\u0159\u00ed veden\u00ed t\u00fdmu<\/strong><\/h2>\n<p>V n\u011bmeck\u00e9 formaci v\u0161ak v\u011b\u0159\u00ed, \u017ee Primo\u017e Rogli\u010d nen\u00ed tak star\u00fd, aby nemohl v \u010dervenci bitvu o \u017elut\u00fd trikot zvl\u00e1dnout v\u00edt\u011bzn\u011b. &#8222;M\u011bli jsme \u0161patn\u00e9 dny, z nich\u017e jsme rozhodn\u011b vze\u0161li siln\u011bj\u0161\u00ed. A triumf Primo\u017ee na Vuelt\u011b na\u0161e spojenectv\u00ed rozhodn\u011b pos\u00edlil,&#8220; odkazuje Ralph Denk, gener\u00e1ln\u00ed mana\u017eer Red Bull Bora hansgrohe, na lo\u0148skou premi\u00e9rovou sezonu vz\u00e1jemn\u00e9ho partnerstv\u00ed. Je v\u0161ak t\u0159eba p\u0159ipomenout, \u017ee Tour skon\u010dila katastrofou v podob\u011b p\u00e1du a p\u0159ed\u010dasn\u00fdm odstoupen\u00edm. Ve startovn\u00ed listin\u011b Vuelty pak nikdo dal\u0161\u00ed z &#8222;velk\u00e9 \u010dty\u0159ky&#8220; nebyl&#8230;<\/p>\n<p>Podle dat je pr\u016fm\u011brn\u00fd v\u011bk v\u00edt\u011bz\u016f bitvy o maillot jaune mezi dvaceti a t\u0159iceti lety. Cyklist\u00e9 jsou ve v\u011bku, kdy maj\u00ed po\u0159\u00e1d je\u0161t\u011b dravost, sou\u010dasn\u011b u\u017e tak\u00e9 vytrvalost a rovn\u011b\u017e zku\u0161enosti.<\/p>\n<figure id=\"attachment_25885\" aria-describedby=\"caption-attachment-25885\" style=\"width: 1800px\" class=\"wp-caption alignnone\"><a href=\"https:\/\/d2p6e6u75xmxt8.cloudfront.net\/13\/2024\/06\/profimedia-0100443572.webp\"><img loading=\"lazy\" decoding=\"async\" class=\"size-full wp-image-25885\" src=\"https:\/\/d2p6e6u75xmxt8.cloudfront.net\/13\/2024\/06\/profimedia-0100443572.webp\" alt=\"Cadel Evans\" width=\"1800\" height=\"1040\" srcset=\"https:\/\/d2p6e6u75xmxt8.cloudfront.net\/13\/2024\/06\/profimedia-0100443572.webp 1800w, https:\/\/d2p6e6u75xmxt8.cloudfront.net\/13\/2024\/06\/profimedia-0100443572-300x173.webp 300w, https:\/\/d2p6e6u75xmxt8.cloudfront.net\/13\/2024\/06\/profimedia-0100443572-1024x592.webp 1024w, https:\/\/d2p6e6u75xmxt8.cloudfront.net\/13\/2024\/06\/profimedia-0100443572-768x444.webp 768w, https:\/\/d2p6e6u75xmxt8.cloudfront.net\/13\/2024\/06\/profimedia-0100443572-1536x887.webp 1536w, https:\/\/d2p6e6u75xmxt8.cloudfront.net\/13\/2024\/06\/profimedia-0100443572-400x231.webp 400w\" sizes=\"auto, (max-width: 1800px) 100vw, 1800px\" \/><\/a><figcaption id=\"caption-attachment-25885\" class=\"wp-caption-text\"><em>Cadel Evans je nejstar\u0161\u00edm v\u00edt\u011bzem Tour de France v novodob\u00e9 historii. V roce 2011 mu bylo 34 let.<\/em><\/figcaption><\/figure>\n<p>Grand Tour maj\u00ed historicky i v\u00edt\u011bze se star\u0161\u00edm datem narozen\u00ed? Chris Horner ovl\u00e1dl na podzim 2013 Vueltu v jedna\u010dty\u0159iceti letech! Tak\u017ee Primo\u017e Rogli\u010d by rozhodn\u011b nem\u011bl ztr\u00e1cet nad\u011bji. Nejstar\u0161\u00edm v\u00edt\u011bzem Tour de France je Firmin Lambot, kter\u00fd opanoval Grande Boucle v roce 1922 ve v\u011bku 36 let a 4 m\u011bs\u00edc\u016f. Tud\u00ed\u017e a\u017e 5. \u010dervence prob\u011bhne Grand D\u00e9part, po\u0159\u00e1d bude Primo\u017e Rogli\u010d o osm m\u011bs\u00edc\u016f mlad\u0161\u00ed. Samoz\u0159ejm\u011b jde o d\u00e1vnou historii. V novodob\u00e9 dr\u017e\u00ed rekord nejstar\u0161\u00edho \u0161ampiona Cadel Evans, jemu\u017e bylo v roce 2011 p\u0159i prvenstv\u00ed na Tour de France 34 let.<\/p>\n<div class=\"shortcode-ys-post-pinup\"><article class=\"loop-simple post-27080 post type-post status-publish format-standard has-post-thumbnail hentry category-silnicni-cyklistika tag-ben-oconnor tag-cyklistika tag-enric-mas tag-mattia-cattaneo tag-pablo-castrillo tag-primoz-roglic tag-silnicni-cyklistika tag-urko-berrade tag-vuelta tag-vuelta-2024 tag-zdenek-stybar global-categories-cycling\" data-postid=\"27080\" role=\"article\" data-post-id=\"27080\" data-word-count=\"649\" data-headline-length=\"81\" data-category=\"Silni\u010dn\u00ed cyklistika\" data-global-category=\"Cycling\" data-author=\"We Love Cycling\" data-published=\"2024-09-09T15:24:54+02:00\" data-published-day=\"Monday\">\n    <div class=\"entry-thumbnail article-thumbnail\" content=\"https:\/\/d2p6e6u75xmxt8.cloudfront.net\/13\/2024\/07\/1800-x-1200-velky-150x150.webp\"><a href=\"https:\/\/www.welovecycling.com\/cs\/2024\/09\/09\/je-snadne-vyhrat-vueltu-vzdyt-je-tezka-jako-prase-haji-expert-triumf-ktery-slavi-primoz-roglic\/\" class=\"image-holder\" target=\"_self\"><img decoding=\"async\" loading=\"lazy\" class=\"\" src=\"https:\/\/d2p6e6u75xmxt8.cloudfront.net\/13\/2024\/07\/1800-x-1200-velky-1024x683.webp\" srcset=\"https:\/\/d2p6e6u75xmxt8.cloudfront.net\/13\/2024\/07\/1800-x-1200-velky.webp 1800w, https:\/\/d2p6e6u75xmxt8.cloudfront.net\/13\/2024\/07\/1800-x-1200-velky-300x200.webp 300w, https:\/\/d2p6e6u75xmxt8.cloudfront.net\/13\/2024\/07\/1800-x-1200-velky-1024x683.webp 1024w, https:\/\/d2p6e6u75xmxt8.cloudfront.net\/13\/2024\/07\/1800-x-1200-velky-768x512.webp 768w, https:\/\/d2p6e6u75xmxt8.cloudfront.net\/13\/2024\/07\/1800-x-1200-velky-1536x1024.webp 1536w, https:\/\/d2p6e6u75xmxt8.cloudfront.net\/13\/2024\/07\/1800-x-1200-velky-400x267.webp 400w, https:\/\/d2p6e6u75xmxt8.cloudfront.net\/13\/2024\/07\/1800-x-1200-velky-272x182.webp 272w\" width=\"1024\" height=\"683\" sizes=\"auto, (min-width: 1200px) 300px, (min-width: 768px) 25vw, 100vw\" alt=\"je-snadne-vyhrat-vueltu-vzdyt-je-tezka-jako-prase-haji-expert-triumf-ktery-slavi-primoz-roglic\"\/><\/a><\/div>    <div class=\"entry-meta\">\n        <a class=\"label label-secondary post-category\" href=\"https:\/\/www.welovecycling.com\/cs\/category\/silnicni-cyklistika\/\" title=\"Silni\u010dn\u00ed cyklistika\">Silni\u010dn\u00ed cyklistika<\/a>\n    <\/div>\n    <div class=\"entry-details\">\n        <a href=\"https:\/\/www.welovecycling.com\/cs\/2024\/09\/09\/je-snadne-vyhrat-vueltu-vzdyt-je-tezka-jako-prase-haji-expert-triumf-ktery-slavi-primoz-roglic\/\" class='entry-title-wrapper'>\n            <h3 class=\"entry-title\"><span>Je snadn\u00e9 vyhr\u00e1t Vueltu? V\u017edy\u0165 je t\u011b\u017ek\u00e1 jako prase, h\u00e1j\u00ed expert Rogli\u010de<\/span><\/h3>\n        <\/a>\n    <\/div>\n    <\/article>\n<\/div>\n<p>Je jasn\u00e9, \u017ee si Primo\u017e Rogli\u010d nezaslou\u017e\u00ed, aby byl \u0159azen do star\u00e9ho \u017eeleza. Ale do\u010dk\u00e1 se v\u0161echna jeho snaha odm\u011bny v podob\u011b maillot jaune 27. \u010dervence 2025 v Pa\u0159\u00ed\u017ei? Nebo jde v konkurenci nadpozemsky dobr\u00e9ho krajana Tadeje Poga\u010dara o science fiction?<\/p>\n","protected":false},"excerpt":{"rendered":"<p>Veter\u00e1n na startu sezony z\u00e1\u0159\u00ed! Dv\u011b vyhran\u00e9 etapy a celkov\u00fd triumf ze z\u00e1vodu Kolem Katal\u00e1nska, jedn\u00e9 z nejv\u011bt\u0161\u00edch p\u0159\u00edpravn\u00fdch etapov\u00fdch [&hellip;]<\/p>\n","protected":false},"author":138,"featured_media":28714,"comment_status":"open","ping_status":"open","sticky":false,"template":"","format":"standard","meta":{"footnotes":""},"categories":[10],"tags":[126,3842,102,3713,9,3843],"global-categories":[411],"class_list":["post-28695","post","type-post","status-publish","format-standard","has-post-thumbnail","hentry","category-silnicni-cyklistika","tag-cyklistika","tag-giro-2025","tag-primoz-roglic","tag-red-bull-bora-hansgrohe","tag-silnicni-cyklistika","tag-tour-de-france-2025","global-categories-cycling"],"yoast_head":"<!-- This site is optimized with the Yoast SEO Premium plugin v25.3 (Yoast SEO v25.9) - https:\/\/yoast.com\/wordpress\/plugins\/seo\/ -->\n<title>Je Primo\u017e Rogli\u010d p\u0159\u00edli\u0161 star\u00fd na v\u00fdhru z Tour de France? | \u0160koda We Love Cycling - \u010cesk\u00e1 republika<\/title>\n<meta name=\"description\" content=\"Veter\u00e1n na startu sezony z\u00e1\u0159\u00ed! Dv\u011b vyhran\u00e9 etapy a celkov\u00fd triumf ze z\u00e1vodu Kolem Katal\u00e1nska, jedn\u00e9 z nejv\u011bt\u0161\u00edch p\u0159\u00edpravn\u00fdch etapov\u00fdch bitev sezony! Primo\u017e Rogli\u010d je v p\u011btat\u0159iceti letech matadorem pelotonu. P\u0159esto je l\u00eddrem sestavy Red Bull Bora hansgrohe. Pat\u0159\u00ed v\u0161ak st\u00e1le do velk\u00e9 \u010dty\u0159ky? M\u016f\u017ee vyhr\u00e1t Grand Tour? A hlavn\u011b naplnit sen o Tour de France?\" \/>\n<meta name=\"robots\" content=\"index, follow, max-snippet:-1, max-image-preview:large, max-video-preview:-1\" \/>\n<link rel=\"canonical\" href=\"https:\/\/www.welovecycling.com\/cs\/2025\/04\/02\/je-primoz-roglic-prilis-stary-na-vyhru-z-tour-de-france\/\" \/>\n<meta property=\"og:locale\" content=\"cs_CZ\" \/>\n<meta property=\"og:type\" content=\"article\" \/>\n<meta property=\"og:title\" content=\"Je Primo\u017e Rogli\u010d p\u0159\u00edli\u0161 star\u00fd na v\u00fdhru z Tour de France?\" \/>\n<meta property=\"og:description\" content=\"Veter\u00e1n na startu sezony z\u00e1\u0159\u00ed! Dv\u011b vyhran\u00e9 etapy a celkov\u00fd triumf ze z\u00e1vodu Kolem Katal\u00e1nska, jedn\u00e9 z nejv\u011bt\u0161\u00edch p\u0159\u00edpravn\u00fdch etapov\u00fdch bitev sezony! Primo\u017e Rogli\u010d je v p\u011btat\u0159iceti letech matadorem pelotonu. P\u0159esto je l\u00eddrem sestavy Red Bull Bora hansgrohe. Pat\u0159\u00ed v\u0161ak st\u00e1le do velk\u00e9 \u010dty\u0159ky? M\u016f\u017ee vyhr\u00e1t Grand Tour? A hlavn\u011b naplnit sen o Tour de France?\" \/>\n<meta property=\"og:url\" content=\"https:\/\/www.welovecycling.com\/cs\/2025\/04\/02\/je-primoz-roglic-prilis-stary-na-vyhru-z-tour-de-france\/\" \/>\n<meta property=\"og:site_name\" content=\"\u0160koda We Love Cycling - \u010cesk\u00e1 republika\" \/>\n<meta property=\"article:published_time\" content=\"2025-04-02T03:00:43+00:00\" \/>\n<meta property=\"article:modified_time\" content=\"2025-04-02T06:46:40+00:00\" \/>\n<meta property=\"og:image\" content=\"https:\/\/d2p6e6u75xmxt8.cloudfront.net\/13\/2025\/04\/profimedia-0916716610.webp\" \/>\n\t<meta property=\"og:image:width\" content=\"1800\" \/>\n\t<meta property=\"og:image:height\" content=\"1200\" \/>\n\t<meta property=\"og:image:type\" content=\"image\/webp\" \/>\n<meta name=\"author\" content=\"radekmalina\" \/>\n<meta name=\"twitter:card\" content=\"summary_large_image\" \/>\n<meta name=\"twitter:label1\" content=\"Written by\" \/>\n\t<meta name=\"twitter:data1\" content=\"We Love Cycling\" \/>\n\t<meta name=\"twitter:label2\" content=\"Est. reading time\" \/>\n\t<meta name=\"twitter:data2\" content=\"5\" \/>\n<script type=\"application\/ld+json\" class=\"yoast-schema-graph\">{\"@context\":\"https:\/\/schema.org\",\"@graph\":[{\"@type\":\"WebPage\",\"@id\":\"https:\/\/www.welovecycling.com\/cs\/2025\/04\/02\/je-primoz-roglic-prilis-stary-na-vyhru-z-tour-de-france\/\",\"url\":\"https:\/\/www.welovecycling.com\/cs\/2025\/04\/02\/je-primoz-roglic-prilis-stary-na-vyhru-z-tour-de-france\/\",\"name\":\"Je Primo\u017e Rogli\u010d p\u0159\u00edli\u0161 star\u00fd na v\u00fdhru z Tour de France? | \u0160koda We Love Cycling - \u010cesk\u00e1 republika\",\"isPartOf\":{\"@id\":\"https:\/\/www.welovecycling.com\/cs\/#website\"},\"primaryImageOfPage\":{\"@id\":\"https:\/\/www.welovecycling.com\/cs\/2025\/04\/02\/je-primoz-roglic-prilis-stary-na-vyhru-z-tour-de-france\/#primaryimage\"},\"image\":{\"@id\":\"https:\/\/www.welovecycling.com\/cs\/2025\/04\/02\/je-primoz-roglic-prilis-stary-na-vyhru-z-tour-de-france\/#primaryimage\"},\"thumbnailUrl\":\"https:\/\/d2p6e6u75xmxt8.cloudfront.net\/13\/2025\/04\/profimedia-0916716610.webp\",\"datePublished\":\"2025-04-02T03:00:43+00:00\",\"dateModified\":\"2025-04-02T06:46:40+00:00\",\"author\":{\"@id\":\"https:\/\/www.welovecycling.com\/cs\/#\/schema\/person\/d9eeb0a378f3a7e4a6d12d2b536b04b8\"},\"description\":\"Veter\u00e1n na startu sezony z\u00e1\u0159\u00ed! Dv\u011b vyhran\u00e9 etapy a celkov\u00fd triumf ze z\u00e1vodu Kolem Katal\u00e1nska, jedn\u00e9 z nejv\u011bt\u0161\u00edch p\u0159\u00edpravn\u00fdch etapov\u00fdch bitev sezony! Primo\u017e Rogli\u010d je v p\u011btat\u0159iceti letech matadorem pelotonu. P\u0159esto je l\u00eddrem sestavy Red Bull Bora hansgrohe. Pat\u0159\u00ed v\u0161ak st\u00e1le do velk\u00e9 \u010dty\u0159ky? M\u016f\u017ee vyhr\u00e1t Grand Tour? A hlavn\u011b naplnit sen o Tour de France?\",\"inLanguage\":\"cs\",\"potentialAction\":[{\"@type\":\"ReadAction\",\"target\":[\"https:\/\/www.welovecycling.com\/cs\/2025\/04\/02\/je-primoz-roglic-prilis-stary-na-vyhru-z-tour-de-france\/\"]}]},{\"@type\":\"ImageObject\",\"inLanguage\":\"cs\",\"@id\":\"https:\/\/www.welovecycling.com\/cs\/2025\/04\/02\/je-primoz-roglic-prilis-stary-na-vyhru-z-tour-de-france\/#primaryimage\",\"url\":\"https:\/\/d2p6e6u75xmxt8.cloudfront.net\/13\/2025\/04\/profimedia-0916716610.webp\",\"contentUrl\":\"https:\/\/d2p6e6u75xmxt8.cloudfront.net\/13\/2025\/04\/profimedia-0916716610.webp\",\"width\":1800,\"height\":1200,\"caption\":\"Primo\u017e Rogli\u010d Tadej Poga\u010dar\"},{\"@type\":\"WebSite\",\"@id\":\"https:\/\/www.welovecycling.com\/cs\/#website\",\"url\":\"https:\/\/www.welovecycling.com\/cs\/\",\"name\":\"\u0160koda We Love Cycling - \u010cesk\u00e1 republika\",\"description\":\"WeLoveCycling.cz je online magaz\u00edn, kter\u00fd v\u00e1m pravideln\u011b p\u0159in\u00e1\u0161\u00ed rady a tipy, zaj\u00edmav\u00e9 \u010dl\u00e1nky, videa a jedine\u010dn\u00e9 report\u00e1\u017ee ze sv\u011bta cyklistiky.\",\"potentialAction\":[{\"@type\":\"SearchAction\",\"target\":{\"@type\":\"EntryPoint\",\"urlTemplate\":\"https:\/\/www.welovecycling.com\/cs\/?s={search_term_string}\"},\"query-input\":{\"@type\":\"PropertyValueSpecification\",\"valueRequired\":true,\"valueName\":\"search_term_string\"}}],\"inLanguage\":\"cs\"},{\"@type\":\"Person\",\"@id\":\"https:\/\/www.welovecycling.com\/cs\/#\/schema\/person\/d9eeb0a378f3a7e4a6d12d2b536b04b8\",\"name\":\"radekmalina\",\"image\":{\"@type\":\"ImageObject\",\"inLanguage\":\"cs\",\"@id\":\"https:\/\/www.welovecycling.com\/cs\/#\/schema\/person\/image\/\",\"url\":\"https:\/\/secure.gravatar.com\/avatar\/66994b632cb8c39a46b9f54afa3ae07201b678d32a54275b6f1c9ffec356bfc0?s=96&d=mm&r=g\",\"contentUrl\":\"https:\/\/secure.gravatar.com\/avatar\/66994b632cb8c39a46b9f54afa3ae07201b678d32a54275b6f1c9ffec356bfc0?s=96&d=mm&r=g\",\"caption\":\"radekmalina\"},\"url\":\"https:\/\/www.welovecycling.com\/cs\/author\/radekmalina\/\"}]}<\/script>\n<!-- \/ Yoast SEO Premium plugin. -->","yoast_head_json":{"title":"Je Primo\u017e Rogli\u010d p\u0159\u00edli\u0161 star\u00fd na v\u00fdhru z Tour de France? | \u0160koda We Love Cycling - \u010cesk\u00e1 republika","description":"Veter\u00e1n na startu sezony z\u00e1\u0159\u00ed! Dv\u011b vyhran\u00e9 etapy a celkov\u00fd triumf ze z\u00e1vodu Kolem Katal\u00e1nska, jedn\u00e9 z nejv\u011bt\u0161\u00edch p\u0159\u00edpravn\u00fdch etapov\u00fdch bitev sezony! Primo\u017e Rogli\u010d je v p\u011btat\u0159iceti letech matadorem pelotonu. P\u0159esto je l\u00eddrem sestavy Red Bull Bora hansgrohe. Pat\u0159\u00ed v\u0161ak st\u00e1le do velk\u00e9 \u010dty\u0159ky? M\u016f\u017ee vyhr\u00e1t Grand Tour? A hlavn\u011b naplnit sen o Tour de France?","robots":{"index":"index","follow":"follow","max-snippet":"max-snippet:-1","max-image-preview":"max-image-preview:large","max-video-preview":"max-video-preview:-1"},"canonical":"https:\/\/www.welovecycling.com\/cs\/2025\/04\/02\/je-primoz-roglic-prilis-stary-na-vyhru-z-tour-de-france\/","og_locale":"cs_CZ","og_type":"article","og_title":"Je Primo\u017e Rogli\u010d p\u0159\u00edli\u0161 star\u00fd na v\u00fdhru z Tour de France?","og_description":"Veter\u00e1n na startu sezony z\u00e1\u0159\u00ed! Dv\u011b vyhran\u00e9 etapy a celkov\u00fd triumf ze z\u00e1vodu Kolem Katal\u00e1nska, jedn\u00e9 z nejv\u011bt\u0161\u00edch p\u0159\u00edpravn\u00fdch etapov\u00fdch bitev sezony! Primo\u017e Rogli\u010d je v p\u011btat\u0159iceti letech matadorem pelotonu. P\u0159esto je l\u00eddrem sestavy Red Bull Bora hansgrohe. Pat\u0159\u00ed v\u0161ak st\u00e1le do velk\u00e9 \u010dty\u0159ky? M\u016f\u017ee vyhr\u00e1t Grand Tour? A hlavn\u011b naplnit sen o Tour de France?","og_url":"https:\/\/www.welovecycling.com\/cs\/2025\/04\/02\/je-primoz-roglic-prilis-stary-na-vyhru-z-tour-de-france\/","og_site_name":"\u0160koda We Love Cycling - \u010cesk\u00e1 republika","article_published_time":"2025-04-02T03:00:43+00:00","article_modified_time":"2025-04-02T06:46:40+00:00","og_image":[{"width":1800,"height":1200,"url":"https:\/\/d2p6e6u75xmxt8.cloudfront.net\/13\/2025\/04\/profimedia-0916716610.webp","type":"image\/webp"}],"author":"radekmalina","twitter_card":"summary_large_image","twitter_misc":{"Written by":"We Love Cycling","Est. reading time":"5"},"schema":{"@context":"https:\/\/schema.org","@graph":[{"@type":"WebPage","@id":"https:\/\/www.welovecycling.com\/cs\/2025\/04\/02\/je-primoz-roglic-prilis-stary-na-vyhru-z-tour-de-france\/","url":"https:\/\/www.welovecycling.com\/cs\/2025\/04\/02\/je-primoz-roglic-prilis-stary-na-vyhru-z-tour-de-france\/","name":"Je Primo\u017e Rogli\u010d p\u0159\u00edli\u0161 star\u00fd na v\u00fdhru z Tour de France? | \u0160koda We Love Cycling - \u010cesk\u00e1 republika","isPartOf":{"@id":"https:\/\/www.welovecycling.com\/cs\/#website"},"primaryImageOfPage":{"@id":"https:\/\/www.welovecycling.com\/cs\/2025\/04\/02\/je-primoz-roglic-prilis-stary-na-vyhru-z-tour-de-france\/#primaryimage"},"image":{"@id":"https:\/\/www.welovecycling.com\/cs\/2025\/04\/02\/je-primoz-roglic-prilis-stary-na-vyhru-z-tour-de-france\/#primaryimage"},"thumbnailUrl":"https:\/\/d2p6e6u75xmxt8.cloudfront.net\/13\/2025\/04\/profimedia-0916716610.webp","datePublished":"2025-04-02T03:00:43+00:00","dateModified":"2025-04-02T06:46:40+00:00","author":{"@id":"https:\/\/www.welovecycling.com\/cs\/#\/schema\/person\/d9eeb0a378f3a7e4a6d12d2b536b04b8"},"description":"Veter\u00e1n na startu sezony z\u00e1\u0159\u00ed! Dv\u011b vyhran\u00e9 etapy a celkov\u00fd triumf ze z\u00e1vodu Kolem Katal\u00e1nska, jedn\u00e9 z nejv\u011bt\u0161\u00edch p\u0159\u00edpravn\u00fdch etapov\u00fdch bitev sezony! Primo\u017e Rogli\u010d je v p\u011btat\u0159iceti letech matadorem pelotonu. P\u0159esto je l\u00eddrem sestavy Red Bull Bora hansgrohe. Pat\u0159\u00ed v\u0161ak st\u00e1le do velk\u00e9 \u010dty\u0159ky? M\u016f\u017ee vyhr\u00e1t Grand Tour? A hlavn\u011b naplnit sen o Tour de France?","inLanguage":"cs","potentialAction":[{"@type":"ReadAction","target":["https:\/\/www.welovecycling.com\/cs\/2025\/04\/02\/je-primoz-roglic-prilis-stary-na-vyhru-z-tour-de-france\/"]}]},{"@type":"ImageObject","inLanguage":"cs","@id":"https:\/\/www.welovecycling.com\/cs\/2025\/04\/02\/je-primoz-roglic-prilis-stary-na-vyhru-z-tour-de-france\/#primaryimage","url":"https:\/\/d2p6e6u75xmxt8.cloudfront.net\/13\/2025\/04\/profimedia-0916716610.webp","contentUrl":"https:\/\/d2p6e6u75xmxt8.cloudfront.net\/13\/2025\/04\/profimedia-0916716610.webp","width":1800,"height":1200,"caption":"Primo\u017e Rogli\u010d Tadej Poga\u010dar"},{"@type":"WebSite","@id":"https:\/\/www.welovecycling.com\/cs\/#website","url":"https:\/\/www.welovecycling.com\/cs\/","name":"\u0160koda We Love Cycling - \u010cesk\u00e1 republika","description":"WeLoveCycling.cz je online magaz\u00edn, kter\u00fd v\u00e1m pravideln\u011b p\u0159in\u00e1\u0161\u00ed rady a tipy, zaj\u00edmav\u00e9 \u010dl\u00e1nky, videa a jedine\u010dn\u00e9 report\u00e1\u017ee ze sv\u011bta cyklistiky.","potentialAction":[{"@type":"SearchAction","target":{"@type":"EntryPoint","urlTemplate":"https:\/\/www.welovecycling.com\/cs\/?s={search_term_string}"},"query-input":{"@type":"PropertyValueSpecification","valueRequired":true,"valueName":"search_term_string"}}],"inLanguage":"cs"},{"@type":"Person","@id":"https:\/\/www.welovecycling.com\/cs\/#\/schema\/person\/d9eeb0a378f3a7e4a6d12d2b536b04b8","name":"radekmalina","image":{"@type":"ImageObject","inLanguage":"cs","@id":"https:\/\/www.welovecycling.com\/cs\/#\/schema\/person\/image\/","url":"https:\/\/secure.gravatar.com\/avatar\/66994b632cb8c39a46b9f54afa3ae07201b678d32a54275b6f1c9ffec356bfc0?s=96&d=mm&r=g","contentUrl":"https:\/\/secure.gravatar.com\/avatar\/66994b632cb8c39a46b9f54afa3ae07201b678d32a54275b6f1c9ffec356bfc0?s=96&d=mm&r=g","caption":"radekmalina"},"url":"https:\/\/www.welovecycling.com\/cs\/author\/radekmalina\/"}]}},"_links":{"self":[{"href":"https:\/\/www.welovecycling.com\/cs\/wp-json\/wp\/v2\/posts\/28695","targetHints":{"allow":["GET"]}}],"collection":[{"href":"https:\/\/www.welovecycling.com\/cs\/wp-json\/wp\/v2\/posts"}],"about":[{"href":"https:\/\/www.welovecycling.com\/cs\/wp-json\/wp\/v2\/types\/post"}],"author":[{"embeddable":true,"href":"https:\/\/www.welovecycling.com\/cs\/wp-json\/wp\/v2\/users\/138"}],"replies":[{"embeddable":true,"href":"https:\/\/www.welovecycling.com\/cs\/wp-json\/wp\/v2\/comments?post=28695"}],"version-history":[{"count":19,"href":"https:\/\/www.welovecycling.com\/cs\/wp-json\/wp\/v2\/posts\/28695\/revisions"}],"predecessor-version":[{"id":28723,"href":"https:\/\/www.welovecycling.com\/cs\/wp-json\/wp\/v2\/posts\/28695\/revisions\/28723"}],"wp:featuredmedia":[{"embeddable":true,"href":"https:\/\/www.welovecycling.com\/cs\/wp-json\/wp\/v2\/media\/28714"}],"wp:attachment":[{"href":"https:\/\/www.welovecycling.com\/cs\/wp-json\/wp\/v2\/media?parent=28695"}],"wp:term":[{"taxonomy":"category","embeddable":true,"href":"https:\/\/www.welovecycling.com\/cs\/wp-json\/wp\/v2\/categories?post=28695"},{"taxonomy":"post_tag","embeddable":true,"href":"https:\/\/www.welovecycling.com\/cs\/wp-json\/wp\/v2\/tags?post=28695"},{"taxonomy":"global-categories","embeddable":true,"href":"https:\/\/www.welovecycling.com\/cs\/wp-json\/wp\/v2\/global-categories?post=28695"}],"curies":[{"name":"wp","href":"https:\/\/api.w.org\/{rel}","templated":true}]}}