{"id":28692,"date":"2025-04-01T05:00:46","date_gmt":"2025-04-01T03:00:46","guid":{"rendered":"https:\/\/www.welovecycling.com\/cs\/?p=28692"},"modified":"2025-04-01T08:07:19","modified_gmt":"2025-04-01T06:07:19","slug":"cyklisticka-pravidla-ktera-se-necti","status":"publish","type":"post","link":"https:\/\/www.welovecycling.com\/cs\/2025\/04\/01\/cyklisticka-pravidla-ktera-se-necti\/","title":{"rendered":"Cyklistick\u00e1 pravidla, kter\u00e1 se (ne)ct\u00ed"},"content":{"rendered":"<p><strong>Jsou n\u011bco jako svat\u00e9 p\u0159ik\u00e1z\u00e1n\u00ed v sedle kola! Cyklistick\u00e1 pravidla pro skupinov\u00e9 j\u00edzdy p\u0159edstavuj\u00ed nepsan\u00fd z\u00e1kon. Nebo snad ne? Tak\u00e9 m\u00e1te ob\u010das pocit, \u017ee jste ve va\u0161\u00ed part\u011b jedin\u00fd, kdo nevytrousil z hlavy v\u00fdznam pojm\u016f, jimi\u017e se pravideln\u011b v bal\u00edku oh\u00e1n\u00edme?<\/strong><\/p>\n<p>Tak jenom na startu jara kr\u00e1tk\u00e1 rekapitulace, aby cyklistick\u00e1 pravidla \u00fapln\u011b nezapadla. A zda budou p\u0159edstavovat nepsan\u00fd z\u00e1kon, je u\u017e jen na v\u00e1s&#8230;<\/p>\n<p>Hlavn\u011b v \u00favodu sezony se ze v\u0161ech stran oz\u00fdv\u00e1: jedeme No drop ride. Tedy v p\u0159ekladu \u0161vih, p\u0159i n\u011bm\u017e se jede pohodov\u00e9 tempo, kdy nikdo ze skupiny nevypadne, aby nemusel s chabou kondic\u00ed na za\u010d\u00e1tku sezony tahat na v\u011btru s\u00e1m. Realita v\u0161ak nez\u0159\u00eddka b\u00fdv\u00e1 takov\u00e1, \u017ee jde o pomyslnou sout\u011b\u017e, koho utrhneme prvn\u00edho?<\/p>\n<p>Velmi \u010dasto je zejm\u00e9na v prom\u011bnliv\u00e9m apr\u00edlov\u00e9m po\u010das\u00ed sly\u0161et tvrzen\u00ed, \u017ee pr\u0161et ur\u010dit\u011b nebude. Ve skute\u010dnosti se jen v\u00fdjime\u010dn\u011b vrac\u00ed skupina such\u00e1 a s trikoty, kter\u00e9 nejsou pot\u0159\u00edsn\u011bn\u00e9 od \u0161p\u00edny povaluj\u00edc\u00ed se na cest\u00e1ch \u010di bahna na stezk\u00e1ch.<\/p>\n<h2><strong>Cyklistick\u00e1 pravidla aneb j\u00edzda v z\u00f3n\u011b 2<\/strong><\/h2>\n<p>K\u00e1va pat\u0159\u00ed k cyklistice od nepam\u011bti. Nejslavn\u011bj\u0161\u00ed hv\u011bzdy historie jezdily v dresech t\u00fdm\u016f sponzorovan\u00fdch giganty specializuj\u00edc\u00edmi se na \u010dern\u00fd n\u00e1poj. V modern\u00edm pojet\u00ed se p\u0159idala je\u0161t\u011b n\u011bjak\u00e1 ta dobrota v kav\u00e1rn\u011b. A odtud v\u00fdraz coffee ride. Tedy pohodi\u010dka na kolech se zast\u00e1vkou \u010di zast\u00e1vkami na espresso a dort\u00edk. Ve skute\u010dnosti jde mnohdy o j\u00edzdu, kdy se jede na pln\u00fd plyn od prvn\u00edch metr\u016f a\u017e do \u00fapln\u00e9ho konce \u0161vihu.<\/p>\n<figure id=\"attachment_24882\" aria-describedby=\"caption-attachment-24882\" style=\"width: 1920px\" class=\"wp-caption alignnone\"><a href=\"https:\/\/d2p6e6u75xmxt8.cloudfront.net\/13\/2024\/02\/emilia-romagna-kava-scaled.webp\"><img loading=\"lazy\" decoding=\"async\" class=\"size-extra-large wp-image-24882\" src=\"https:\/\/d2p6e6u75xmxt8.cloudfront.net\/13\/2024\/02\/emilia-romagna-kava-1920x1280.webp\" alt=\"\" width=\"1920\" height=\"1280\" srcset=\"https:\/\/d2p6e6u75xmxt8.cloudfront.net\/13\/2024\/02\/emilia-romagna-kava-1920x1280.webp 1920w, https:\/\/d2p6e6u75xmxt8.cloudfront.net\/13\/2024\/02\/emilia-romagna-kava-300x200.webp 300w, https:\/\/d2p6e6u75xmxt8.cloudfront.net\/13\/2024\/02\/emilia-romagna-kava-1024x683.webp 1024w, https:\/\/d2p6e6u75xmxt8.cloudfront.net\/13\/2024\/02\/emilia-romagna-kava-768x512.webp 768w, https:\/\/d2p6e6u75xmxt8.cloudfront.net\/13\/2024\/02\/emilia-romagna-kava-1536x1024.webp 1536w, https:\/\/d2p6e6u75xmxt8.cloudfront.net\/13\/2024\/02\/emilia-romagna-kava-2048x1365.webp 2048w, https:\/\/d2p6e6u75xmxt8.cloudfront.net\/13\/2024\/02\/emilia-romagna-kava-400x267.webp 400w, https:\/\/d2p6e6u75xmxt8.cloudfront.net\/13\/2024\/02\/emilia-romagna-kava-272x182.webp 272w, https:\/\/d2p6e6u75xmxt8.cloudfront.net\/13\/2024\/02\/emilia-romagna-kava-1920x1280.webp 1920w\" sizes=\"auto, (max-width: 1920px) 100vw, 1920px\" \/><\/a><figcaption id=\"caption-attachment-24882\" class=\"wp-caption-text\"><em>Coffee ride je j\u00edzda na k\u00e1vu a dort\u00edk, kdy se jede na pohodu. Tak prav\u00ed cyklistick\u00e1 pravidla. Realita m\u016f\u017ee b\u00fdt odli\u0161n\u00e1.<\/em><\/figcaption><\/figure>\n<p>J\u00edzda v z\u00f3n\u011b 2 je n\u011bco jako mantra pro tr\u00e9nink. V\u011bt\u0161inu tr\u00e9ninku na kardiovaskul\u00e1rn\u00ed kondici je vhodn\u00e9 prov\u00e1d\u011bt v r\u00e1mci t\u00e9to z\u00f3ny. Jen\u017ee ve skupin\u011b se \u010dasto zapom\u00edn\u00e1&#8230; V\u00fdsledkem je tot\u00e1ln\u00ed \u0161rot, v krajn\u00edm p\u0159\u00edpad\u011b nasazen\u00ed s ozna\u010den\u00edm &#8222;satan\u016fv hn\u011bv&#8220;. Jen u toho v\u011bt\u0161ina z\u00fa\u010dastn\u011bn\u00fdch p\u0159edst\u00edr\u00e1, \u017ee je \u00fapln\u011b v pohod\u011b.<\/p>\n<p>Obdobou je pojmenov\u00e1n\u00ed j\u00edzdy Endurance Ride. Tedy n\u011bco jako vytrvalostn\u00ed j\u00edzda. Prost\u011b pomalu to\u010dit nohama, aby se \u010dlov\u011bk zdokonalil a budoval z\u00e1klad vytrvalosti. To je teoretick\u00e1 \u010d\u00e1st. Skute\u010dnost? J\u00edzda na krev!<\/p>\n<div class=\"shortcode-ys-post-pinup\"><article class=\"loop-simple post-11691 post type-post status-publish format-standard has-post-thumbnail hentry category-zdravi-a-trenink tag-cyklistika tag-horska-cyklistika tag-prumerna-rychlost tag-silnicni-cyklistika tag-trenink tag-vojtech-hacecky tag-vyziva tag-zdravi-a-trenink global-categories-cycling\" data-postid=\"11691\" role=\"article\" data-post-id=\"11691\" data-word-count=\"470\" data-headline-length=\"20\" data-category=\"Zdrav\u00ed a tr\u00e9nink\" data-global-category=\"Cycling\" data-author=\"Vojt\u011bch Ha\u010deck\u00fd\" data-published=\"2021-02-17T12:00:23+02:00\" data-published-day=\"Wednesday\">\n    <div class=\"entry-thumbnail article-thumbnail\" content=\"https:\/\/d2p6e6u75xmxt8.cloudfront.net\/13\/2020\/04\/rt\u011bnka-cyklistka-150x150.webp\"><a href=\"https:\/\/www.welovecycling.com\/cs\/2021\/02\/17\/magicka-tricitka\/\" class=\"image-holder\" target=\"_self\"><img decoding=\"async\" loading=\"lazy\" class=\"\" src=\"https:\/\/d2p6e6u75xmxt8.cloudfront.net\/13\/2020\/04\/rt\u011bnka-cyklistka-1024x682.webp\" srcset=\"https:\/\/d2p6e6u75xmxt8.cloudfront.net\/13\/2020\/04\/rt\u011bnka-cyklistka.webp 2000w, https:\/\/d2p6e6u75xmxt8.cloudfront.net\/13\/2020\/04\/rt\u011bnka-cyklistka-300x200.webp 300w, https:\/\/d2p6e6u75xmxt8.cloudfront.net\/13\/2020\/04\/rt\u011bnka-cyklistka-1024x682.webp 1024w, https:\/\/d2p6e6u75xmxt8.cloudfront.net\/13\/2020\/04\/rt\u011bnka-cyklistka-768x512.webp 768w, https:\/\/d2p6e6u75xmxt8.cloudfront.net\/13\/2020\/04\/rt\u011bnka-cyklistka-1536x1024.webp 1536w, https:\/\/d2p6e6u75xmxt8.cloudfront.net\/13\/2020\/04\/rt\u011bnka-cyklistka-1920x1280.webp 1920w, https:\/\/d2p6e6u75xmxt8.cloudfront.net\/13\/2020\/04\/rt\u011bnka-cyklistka-272x182.webp 272w, https:\/\/d2p6e6u75xmxt8.cloudfront.net\/13\/2020\/04\/rt\u011bnka-cyklistka-1920x1280.webp 1920w\" width=\"1024\" height=\"682\" sizes=\"auto, (min-width: 1200px) 300px, (min-width: 768px) 25vw, 100vw\" alt=\"magicka-tricitka\"\/><\/a><\/div>    <div class=\"entry-meta\">\n        <a class=\"label label-secondary post-category\" href=\"https:\/\/www.welovecycling.com\/cs\/category\/zdravi-a-trenink\/\" title=\"Zdrav\u00ed a tr\u00e9nink\">Zdrav\u00ed a tr\u00e9nink<\/a>\n    <\/div>\n    <div class=\"entry-details\">\n        <a href=\"https:\/\/www.welovecycling.com\/cs\/2021\/02\/17\/magicka-tricitka\/\" class='entry-title-wrapper'>\n            <h3 class=\"entry-title\"><span>Magick\u00e1 t\u0159ic\u00edtka!<\/span><\/h3>\n        <\/a>\n    <\/div>\n    <\/article>\n<\/div>\n<p>K tr\u00e9ninkov\u00fdm specifik\u016fm nezbytn\u00fdm pro ka\u017ed\u00e9ho cyklistu pat\u0159\u00ed pochopiteln\u011b recovery ride. Kup\u0159\u00edkladu po intervalov\u00fdch tr\u00e9ninc\u00edch nebo z\u00e1vodech se za\u0159azuje tato f\u00e1ze, kdy se svaly cyklist\u016f maj\u00ed zotavit. Snadno se v\u0161ak m\u016f\u017ee st\u00e1t, \u017ee re\u00e1ln\u011b se octnete na \u0161vihu, kter\u00fd je nejrychlej\u0161\u00ed j\u00edzdou t\u00fddne, proto\u017ee ego ka\u017ed\u00e9ho ve skupin\u011b je v\u00edc, ne\u017e cyklistick\u00e1 pravidla.<\/p>\n<p><a href=\"https:\/\/d2p6e6u75xmxt8.cloudfront.net\/13\/2024\/04\/contador-stybar-8-scaled.webp\"><img loading=\"lazy\" decoding=\"async\" class=\"size-extra-large wp-image-25333\" src=\"https:\/\/d2p6e6u75xmxt8.cloudfront.net\/13\/2024\/04\/contador-stybar-8-1920x1280.webp\" alt=\"Alberto Contador\" width=\"1920\" height=\"1280\" srcset=\"https:\/\/d2p6e6u75xmxt8.cloudfront.net\/13\/2024\/04\/contador-stybar-8-1920x1280.webp 1920w, https:\/\/d2p6e6u75xmxt8.cloudfront.net\/13\/2024\/04\/contador-stybar-8-300x200.webp 300w, https:\/\/d2p6e6u75xmxt8.cloudfront.net\/13\/2024\/04\/contador-stybar-8-1024x683.webp 1024w, https:\/\/d2p6e6u75xmxt8.cloudfront.net\/13\/2024\/04\/contador-stybar-8-768x512.webp 768w, https:\/\/d2p6e6u75xmxt8.cloudfront.net\/13\/2024\/04\/contador-stybar-8-1536x1024.webp 1536w, https:\/\/d2p6e6u75xmxt8.cloudfront.net\/13\/2024\/04\/contador-stybar-8-2048x1365.webp 2048w, https:\/\/d2p6e6u75xmxt8.cloudfront.net\/13\/2024\/04\/contador-stybar-8-400x267.webp 400w, https:\/\/d2p6e6u75xmxt8.cloudfront.net\/13\/2024\/04\/contador-stybar-8-272x182.webp 272w, https:\/\/d2p6e6u75xmxt8.cloudfront.net\/13\/2024\/04\/contador-stybar-8-1920x1280.webp 1920w\" sizes=\"auto, (max-width: 1920px) 100vw, 1920px\" \/><\/a><\/p>\n<p>Social ride jsou velice popul\u00e1rn\u00ed. Organizovan\u00fdm zp\u016fsobem se sejde parta lid\u00ed, kter\u00e1 m\u00e1 stejn\u00e9ho kon\u00ed\u010dka, tud\u00ed\u017e je o \u010dem kl\u00e1bosit. V\u017edy\u0165 novinek je spousta. A\u0165 u\u017e v profesion\u00e1ln\u00edm pelotonu, na amat\u00e9rsk\u00e9 \u00farovni nebo t\u0159eba z hlediska techniky a obl\u00e9k\u00e1n\u00ed. Jen\u017ee i tady se najdou dravci, kte\u0159\u00ed ne v\u017edy ct\u00ed cyklistick\u00e1 pravidla. A tak se social ride prom\u011bn\u00ed v ponur\u00e9 ticho, proto\u017ee v\u0161ichni jedou na limitu.<\/p>\n<h2><strong>Nen\u00ed kde zabloudit<\/strong><\/h2>\n<p>Zejm\u00e9na mezi bikery se pravideln\u011b oz\u00fdv\u00e1 hl\u00e1\u0161ka &#8222;je to ur\u010dit\u011b cel\u00e9 sj\u00edzdn\u00e9&#8220;. Pochopiteln\u011b ve sjezdech nikdo nechce kolo nosit, proto\u017ee kles\u00e1n\u00ed je p\u0159ece za odm\u011bnu. Nez\u0159\u00eddka je opak pravdou a po drsn\u00e9m v\u00fd\u0161lapu n\u00e1sleduje je\u0161t\u011b drsn\u011bj\u0161\u00ed se\u0161up dol\u016f takov\u00fdm ter\u00e9nem, \u017ee bu\u010f mus\u00edte m\u00edt posunut\u00fd pr\u00e1h vn\u00edm\u00e1n\u00ed nebezpe\u010d\u00ed nebo dokonale zvl\u00e1dnutou techniku a kolo nejvy\u0161\u0161\u00ed kvality, abyste si troufli.<\/p>\n<div class=\"shortcode-ys-post-pinup\"><article class=\"loop-simple post-27490 post type-post status-publish format-standard has-post-thumbnail hentry category-zdravi-a-trenink tag-cyklistika tag-cyklistika-a-regenerace tag-gravel tag-horska-cyklistika tag-regenerace tag-silnicni-cyklistika tag-zdravi-a-trenink global-categories-cycling\" data-postid=\"27490\" role=\"article\" data-post-id=\"27490\" data-word-count=\"408\" data-headline-length=\"65\" data-category=\"Zdrav\u00ed a tr\u00e9nink\" data-global-category=\"Cycling\" data-author=\"We Love Cycling\" data-published=\"2024-11-04T10:37:52+02:00\" data-published-day=\"Monday\">\n    <div class=\"entry-thumbnail article-thumbnail\" content=\"https:\/\/d2p6e6u75xmxt8.cloudfront.net\/13\/2021\/04\/wlc-regenerace-piti-bidon-michal-cerveny-150x150.webp\"><a href=\"https:\/\/www.welovecycling.com\/cs\/2024\/11\/04\/regenerace-je-klicova-slozka-treninku-jak-ji-optimalizovat\/\" class=\"image-holder\" target=\"_self\"><img decoding=\"async\" loading=\"lazy\" class=\"\" src=\"https:\/\/d2p6e6u75xmxt8.cloudfront.net\/13\/2021\/04\/wlc-regenerace-piti-bidon-michal-cerveny-1024x683.webp\" srcset=\"https:\/\/d2p6e6u75xmxt8.cloudfront.net\/13\/2021\/04\/wlc-regenerace-piti-bidon-michal-cerveny.webp 1600w, https:\/\/d2p6e6u75xmxt8.cloudfront.net\/13\/2021\/04\/wlc-regenerace-piti-bidon-michal-cerveny-300x200.webp 300w, https:\/\/d2p6e6u75xmxt8.cloudfront.net\/13\/2021\/04\/wlc-regenerace-piti-bidon-michal-cerveny-1024x683.webp 1024w, https:\/\/d2p6e6u75xmxt8.cloudfront.net\/13\/2021\/04\/wlc-regenerace-piti-bidon-michal-cerveny-768x512.webp 768w, https:\/\/d2p6e6u75xmxt8.cloudfront.net\/13\/2021\/04\/wlc-regenerace-piti-bidon-michal-cerveny-1536x1024.webp 1536w, https:\/\/d2p6e6u75xmxt8.cloudfront.net\/13\/2021\/04\/wlc-regenerace-piti-bidon-michal-cerveny-272x182.webp 272w\" width=\"1024\" height=\"683\" sizes=\"auto, (min-width: 1200px) 300px, (min-width: 768px) 25vw, 100vw\" alt=\"regenerace-je-klicova-slozka-treninku-jak-ji-optimalizovat\"\/><\/a><\/div>    <div class=\"entry-meta\">\n        <a class=\"label label-secondary post-category\" href=\"https:\/\/www.welovecycling.com\/cs\/category\/zdravi-a-trenink\/\" title=\"Zdrav\u00ed a tr\u00e9nink\">Zdrav\u00ed a tr\u00e9nink<\/a>\n    <\/div>\n    <div class=\"entry-details\">\n        <a href=\"https:\/\/www.welovecycling.com\/cs\/2024\/11\/04\/regenerace-je-klicova-slozka-treninku-jak-ji-optimalizovat\/\" class='entry-title-wrapper'>\n            <h3 class=\"entry-title\"><span>Regenerace je kl\u00ed\u010dov\u00e1 slo\u017eka tr\u00e9ninku. Jak ji optimalizovat?<\/span><\/h3>\n        <\/a>\n    <\/div>\n    <\/article>\n<\/div>\n<p>S t\u00edm souvis\u00ed tvrzen\u00ed &#8222;tady to zn\u00e1m, nen\u00ed kde zabloudit&#8220;. V\u00fdsledkem jest d\u0159\u00edve \u010di pozd\u011bji civ\u011bn\u00ed do mapy na mobiln\u00edm telefonu, proto\u017ee se ocitneme ztraceni v \u010dase i prostoru. Logicky se pak kumuluje \u00fanava, proto\u017ee objem p\u016fvodn\u011b pl\u00e1novan\u00fdch kilometr\u016f je v\u00fdrazn\u011b vy\u0161\u0161\u00ed. Nikdy se tud\u00ed\u017e nenechte uchl\u00e1cholit hl\u00e1\u0161kou, \u017ee &#8222;odsud je to jenom kousek&#8220;, proto\u017ee v\u00e1s velmi pravd\u011bpodobn\u011b \u010dek\u00e1 je\u0161t\u011b p\u00e1r des\u00edtek minut v sedle.<\/p>\n<p>Nemluv\u011b o nastoupen\u00fdch metrech. Jakmile se toti\u017e jednou ztrat\u00edte, t\u011b\u017eko p\u0159ece m\u016f\u017eete zn\u00e1t profil trasy. Tud\u00ed\u017e bude-li n\u011bkdo tvrdit, \u017ee u\u017e to bude posledn\u00ed kopec dne, zbyte\u010dn\u011b nevyst\u0159\u00edlejte v\u0161echnu energii, nebo\u0165 v\u011bt\u0161inou v\u00fd\u0161kov\u00fdch metr\u016f bude je\u0161t\u011b v\u00fdrazn\u011b v\u00edce.<\/p>\n<h2><strong>Kdy\u017e se lov\u00ed KOM<\/strong><\/h2>\n<p>A co se t\u00fd\u010de stoup\u00e1n\u00ed&#8230; Tak\u00e9 v\u00e1s t\u011b\u0161\u00ed, kdy\u017e je kopec jenom kr\u00e1tk\u00fd a s m\u00edrn\u00fdm sklonem? Pochopiteln\u011b. Co na tom, \u017ee ve skute\u010dnosti jde o nekone\u010dn\u00fd v\u00fdstup a pr\u016fm\u011brn\u00fd sklon neklesne pod sedm procent.<\/p>\n<p><a href=\"https:\/\/d2p6e6u75xmxt8.cloudfront.net\/13\/2024\/06\/Martin-hacecky-katerina-svobodova-III.webp\"><img loading=\"lazy\" decoding=\"async\" class=\"size-full wp-image-25615\" src=\"https:\/\/d2p6e6u75xmxt8.cloudfront.net\/13\/2024\/06\/Martin-hacecky-katerina-svobodova-III.webp\" alt=\"J\u00edzda ve skupin\u011b\" width=\"1328\" height=\"885\" srcset=\"https:\/\/d2p6e6u75xmxt8.cloudfront.net\/13\/2024\/06\/Martin-hacecky-katerina-svobodova-III.webp 1328w, https:\/\/d2p6e6u75xmxt8.cloudfront.net\/13\/2024\/06\/Martin-hacecky-katerina-svobodova-III-300x200.webp 300w, https:\/\/d2p6e6u75xmxt8.cloudfront.net\/13\/2024\/06\/Martin-hacecky-katerina-svobodova-III-1024x682.webp 1024w, https:\/\/d2p6e6u75xmxt8.cloudfront.net\/13\/2024\/06\/Martin-hacecky-katerina-svobodova-III-768x512.webp 768w, https:\/\/d2p6e6u75xmxt8.cloudfront.net\/13\/2024\/06\/Martin-hacecky-katerina-svobodova-III-400x267.webp 400w, https:\/\/d2p6e6u75xmxt8.cloudfront.net\/13\/2024\/06\/Martin-hacecky-katerina-svobodova-III-272x182.webp 272w\" sizes=\"auto, (max-width: 1328px) 100vw, 1328px\" \/><\/a><\/p>\n<p>Rovn\u011b\u017e jste nad\u0161en\u00ed, kdy\u017e se domluv\u00edte s kamar\u00e1dy, \u017ee si d\u00e1te v ned\u011bli po ob\u011bd\u011b jenom takov\u00fd lehk\u00fd &#8222;easy spin&#8220; pro vyto\u010den\u00ed nohou? Napln\u00ed se pak dohoda? Nebo je realita zcela odli\u0161n\u00e1 a odpoledne se prom\u011bn\u00ed v ned\u011bln\u00ed \u0161tvanici, p\u0159i n\u00ed\u017e se sprintuje na cedule a lov\u00ed osobn\u00ed rekordy v segmentech na Strav\u011b, v hor\u0161\u00edm p\u0159\u00edpad\u011b dokonce n\u011bkdo vyhl\u00e1s\u00ed \u00fatok na <a href=\"https:\/\/www.welovecycling.com\/cs\/2024\/08\/27\/jak-aplikace-strava-meni-zivoty-dansky-talent-podepsal-kontrakt-u-ineosu\/\">KOM<\/a>? Pak se ka\u017ed\u00e9mu ulev\u00ed, kdy\u017e l\u00eddr skupiny zahl\u00e1s\u00ed &#8222;za p\u011bt minut jsme tam&#8220;&#8230; Nebo snad ne? \u010cek\u00e1 je\u0161t\u011b dal\u0161\u00ed \u0161tvanice?<\/p>\n<div class=\"shortcode-ys-post-pinup\"><article class=\"loop-simple post-28660 post type-post status-publish format-standard has-post-thumbnail hentry category-silnicni-cyklistika tag-cyklistika tag-pariz-roubaix tag-pariz-roubaix-2025 tag-peklo-severu tag-roubaix-2025 tag-silnicni-cyklistika tag-tadej-pogacar tag-uae-emirates-xrg global-categories-cycling\" data-postid=\"28660\" role=\"article\" data-post-id=\"28660\" data-word-count=\"614\" data-headline-length=\"62\" data-category=\"Silni\u010dn\u00ed cyklistika\" data-global-category=\"Cycling\" data-author=\"We Love Cycling\" data-published=\"2025-03-26T16:51:27+02:00\" data-published-day=\"Wednesday\">\n    <div class=\"entry-thumbnail article-thumbnail\" content=\"https:\/\/d2p6e6u75xmxt8.cloudfront.net\/13\/2025\/03\/profimedia-0979750152-150x150.webp\"><a href=\"https:\/\/www.welovecycling.com\/cs\/2025\/03\/26\/tadej-pogacar-na-roubaix-hazard-nebo-brana-k-nesmrtelnosti\/\" class=\"image-holder\" target=\"_self\"><img decoding=\"async\" loading=\"lazy\" class=\"\" src=\"https:\/\/d2p6e6u75xmxt8.cloudfront.net\/13\/2025\/03\/profimedia-0979750152-1024x683.webp\" srcset=\"https:\/\/d2p6e6u75xmxt8.cloudfront.net\/13\/2025\/03\/profimedia-0979750152.webp 1800w, https:\/\/d2p6e6u75xmxt8.cloudfront.net\/13\/2025\/03\/profimedia-0979750152-300x200.webp 300w, https:\/\/d2p6e6u75xmxt8.cloudfront.net\/13\/2025\/03\/profimedia-0979750152-1024x683.webp 1024w, https:\/\/d2p6e6u75xmxt8.cloudfront.net\/13\/2025\/03\/profimedia-0979750152-768x512.webp 768w, https:\/\/d2p6e6u75xmxt8.cloudfront.net\/13\/2025\/03\/profimedia-0979750152-1536x1024.webp 1536w, https:\/\/d2p6e6u75xmxt8.cloudfront.net\/13\/2025\/03\/profimedia-0979750152-400x267.webp 400w, https:\/\/d2p6e6u75xmxt8.cloudfront.net\/13\/2025\/03\/profimedia-0979750152-272x182.webp 272w\" width=\"1024\" height=\"683\" sizes=\"auto, (min-width: 1200px) 300px, (min-width: 768px) 25vw, 100vw\" alt=\"tadej-pogacar-na-roubaix-hazard-nebo-brana-k-nesmrtelnosti\"\/><\/a><\/div>    <div class=\"entry-meta\">\n        <a class=\"label label-secondary post-category\" href=\"https:\/\/www.welovecycling.com\/cs\/category\/silnicni-cyklistika\/\" title=\"Silni\u010dn\u00ed cyklistika\">Silni\u010dn\u00ed cyklistika<\/a>\n    <\/div>\n    <div class=\"entry-details\">\n        <a href=\"https:\/\/www.welovecycling.com\/cs\/2025\/03\/26\/tadej-pogacar-na-roubaix-hazard-nebo-brana-k-nesmrtelnosti\/\" class='entry-title-wrapper'>\n            <h3 class=\"entry-title\"><span>Tadej Poga\u010dar na Roubaix! Hazard nebo br\u00e1na k nesmrtelnosti?<\/span><\/h3>\n        <\/a>\n    <\/div>\n    <\/article>\n<\/div>\n<p>Cyklistick\u00e1 pravidla pochopiteln\u011b pamatuj\u00ed i na tyto &#8222;nad\u0161ence&#8220; bez pudu sebez\u00e1chovy. Proto se jasn\u011b stanovuje, \u017ee se jede short ride, tedy kr\u00e1tk\u00e1 j\u00edzda. Jenom tak pro po\u0159\u00e1dek, co je kr\u00e1tk\u00e1 j\u00edzda? Sto? Sto pades\u00e1t? Nebo snad dokonce v\u00edce?<\/p>\n<p>Na\u0161li jste svoje cyklistick\u00e1 pravidla, kter\u00e1 dodr\u017eujete nebo naopak pravideln\u011b poru\u0161ujete? A\u0165 je to jakkoliv, hlavn\u00ed je, \u017ee jezd\u00edte&#8230;<\/p>\n","protected":false},"excerpt":{"rendered":"<p>Jsou n\u011bco jako svat\u00e9 p\u0159ik\u00e1z\u00e1n\u00ed v sedle kola! Cyklistick\u00e1 pravidla pro skupinov\u00e9 j\u00edzdy p\u0159edstavuj\u00ed nepsan\u00fd z\u00e1kon. Nebo snad ne? Tak\u00e9 [&hellip;]<\/p>\n","protected":false},"author":138,"featured_media":28716,"comment_status":"open","ping_status":"open","sticky":false,"template":"","format":"standard","meta":{"footnotes":""},"categories":[660],"tags":[3442,126,56,9,27,67],"global-categories":[411],"class_list":["post-28692","post","type-post","status-publish","format-standard","has-post-thumbnail","hentry","category-https-www-welovecycling-com-cs-category-zabava","tag-cyklisticka-pravidla","tag-cyklistika","tag-horska-cyklistika","tag-silnicni-cyklistika","tag-trenink","tag-zdravi-a-trenink","global-categories-cycling"],"yoast_head":"<!-- This site is optimized with the Yoast SEO Premium plugin v25.3 (Yoast SEO v25.9) - https:\/\/yoast.com\/wordpress\/plugins\/seo\/ -->\n<title>Cyklistick\u00e1 pravidla, kter\u00e1 se (ne)ct\u00ed | \u0160koda We Love Cycling - \u010cesk\u00e1 republika<\/title>\n<meta name=\"description\" content=\"Jsou n\u011bco jako svat\u00e9 p\u0159ik\u00e1z\u00e1n\u00ed v sedle kola! Cyklistick\u00e1 pravidla pro skupinov\u00e9 j\u00edzdy p\u0159edstavuj\u00ed nepsan\u00fd z\u00e1kon. Nebo snad ne? Tak\u00e9 m\u00e1te ob\u010das pocit, \u017ee jste ve va\u0161\u00ed part\u011b jedin\u00fd, kdo nevytrousil z hlavy v\u00fdznam pojm\u016f, jimi\u017e se pravideln\u011b v bal\u00edku oh\u00e1n\u00edme?\" \/>\n<meta name=\"robots\" content=\"index, follow, max-snippet:-1, max-image-preview:large, max-video-preview:-1\" \/>\n<link rel=\"canonical\" href=\"https:\/\/www.welovecycling.com\/cs\/2025\/04\/01\/cyklisticka-pravidla-ktera-se-necti\/\" \/>\n<meta property=\"og:locale\" content=\"cs_CZ\" \/>\n<meta property=\"og:type\" content=\"article\" \/>\n<meta property=\"og:title\" content=\"Cyklistick\u00e1 pravidla, kter\u00e1 se (ne)ct\u00ed\" \/>\n<meta property=\"og:description\" content=\"Jsou n\u011bco jako svat\u00e9 p\u0159ik\u00e1z\u00e1n\u00ed v sedle kola! Cyklistick\u00e1 pravidla pro skupinov\u00e9 j\u00edzdy p\u0159edstavuj\u00ed nepsan\u00fd z\u00e1kon. Nebo snad ne? Tak\u00e9 m\u00e1te ob\u010das pocit, \u017ee jste ve va\u0161\u00ed part\u011b jedin\u00fd, kdo nevytrousil z hlavy v\u00fdznam pojm\u016f, jimi\u017e se pravideln\u011b v bal\u00edku oh\u00e1n\u00edme?\" \/>\n<meta property=\"og:url\" content=\"https:\/\/www.welovecycling.com\/cs\/2025\/04\/01\/cyklisticka-pravidla-ktera-se-necti\/\" \/>\n<meta property=\"og:site_name\" content=\"\u0160koda We Love Cycling - \u010cesk\u00e1 republika\" \/>\n<meta property=\"article:published_time\" content=\"2025-04-01T03:00:46+00:00\" \/>\n<meta property=\"article:modified_time\" content=\"2025-04-01T06:07:19+00:00\" \/>\n<meta property=\"og:image\" content=\"https:\/\/d2p6e6u75xmxt8.cloudfront.net\/13\/2025\/04\/20240810_100336-scaled.webp\" \/>\n\t<meta property=\"og:image:width\" content=\"2560\" \/>\n\t<meta property=\"og:image:height\" content=\"1920\" \/>\n\t<meta property=\"og:image:type\" content=\"image\/webp\" \/>\n<meta name=\"author\" content=\"radekmalina\" \/>\n<meta name=\"twitter:card\" content=\"summary_large_image\" \/>\n<meta name=\"twitter:label1\" content=\"Written by\" \/>\n\t<meta name=\"twitter:data1\" content=\"We Love Cycling\" \/>\n\t<meta name=\"twitter:label2\" content=\"Est. reading time\" \/>\n\t<meta name=\"twitter:data2\" content=\"5\" \/>\n<script type=\"application\/ld+json\" class=\"yoast-schema-graph\">{\"@context\":\"https:\/\/schema.org\",\"@graph\":[{\"@type\":\"WebPage\",\"@id\":\"https:\/\/www.welovecycling.com\/cs\/2025\/04\/01\/cyklisticka-pravidla-ktera-se-necti\/\",\"url\":\"https:\/\/www.welovecycling.com\/cs\/2025\/04\/01\/cyklisticka-pravidla-ktera-se-necti\/\",\"name\":\"Cyklistick\u00e1 pravidla, kter\u00e1 se (ne)ct\u00ed | \u0160koda We Love Cycling - \u010cesk\u00e1 republika\",\"isPartOf\":{\"@id\":\"https:\/\/www.welovecycling.com\/cs\/#website\"},\"primaryImageOfPage\":{\"@id\":\"https:\/\/www.welovecycling.com\/cs\/2025\/04\/01\/cyklisticka-pravidla-ktera-se-necti\/#primaryimage\"},\"image\":{\"@id\":\"https:\/\/www.welovecycling.com\/cs\/2025\/04\/01\/cyklisticka-pravidla-ktera-se-necti\/#primaryimage\"},\"thumbnailUrl\":\"https:\/\/d2p6e6u75xmxt8.cloudfront.net\/13\/2025\/04\/20240810_100336-scaled.webp\",\"datePublished\":\"2025-04-01T03:00:46+00:00\",\"dateModified\":\"2025-04-01T06:07:19+00:00\",\"author\":{\"@id\":\"https:\/\/www.welovecycling.com\/cs\/#\/schema\/person\/d9eeb0a378f3a7e4a6d12d2b536b04b8\"},\"description\":\"Jsou n\u011bco jako svat\u00e9 p\u0159ik\u00e1z\u00e1n\u00ed v sedle kola! Cyklistick\u00e1 pravidla pro skupinov\u00e9 j\u00edzdy p\u0159edstavuj\u00ed nepsan\u00fd z\u00e1kon. Nebo snad ne? Tak\u00e9 m\u00e1te ob\u010das pocit, \u017ee jste ve va\u0161\u00ed part\u011b jedin\u00fd, kdo nevytrousil z hlavy v\u00fdznam pojm\u016f, jimi\u017e se pravideln\u011b v bal\u00edku oh\u00e1n\u00edme?\",\"inLanguage\":\"cs\",\"potentialAction\":[{\"@type\":\"ReadAction\",\"target\":[\"https:\/\/www.welovecycling.com\/cs\/2025\/04\/01\/cyklisticka-pravidla-ktera-se-necti\/\"]}]},{\"@type\":\"ImageObject\",\"inLanguage\":\"cs\",\"@id\":\"https:\/\/www.welovecycling.com\/cs\/2025\/04\/01\/cyklisticka-pravidla-ktera-se-necti\/#primaryimage\",\"url\":\"https:\/\/d2p6e6u75xmxt8.cloudfront.net\/13\/2025\/04\/20240810_100336-scaled.webp\",\"contentUrl\":\"https:\/\/d2p6e6u75xmxt8.cloudfront.net\/13\/2025\/04\/20240810_100336-scaled.webp\",\"width\":2560,\"height\":1920,\"caption\":\"Cyklistick\u00e1 pravidla\"},{\"@type\":\"WebSite\",\"@id\":\"https:\/\/www.welovecycling.com\/cs\/#website\",\"url\":\"https:\/\/www.welovecycling.com\/cs\/\",\"name\":\"\u0160koda We Love Cycling - \u010cesk\u00e1 republika\",\"description\":\"WeLoveCycling.cz je online magaz\u00edn, kter\u00fd v\u00e1m pravideln\u011b p\u0159in\u00e1\u0161\u00ed rady a tipy, zaj\u00edmav\u00e9 \u010dl\u00e1nky, videa a jedine\u010dn\u00e9 report\u00e1\u017ee ze sv\u011bta cyklistiky.\",\"potentialAction\":[{\"@type\":\"SearchAction\",\"target\":{\"@type\":\"EntryPoint\",\"urlTemplate\":\"https:\/\/www.welovecycling.com\/cs\/?s={search_term_string}\"},\"query-input\":{\"@type\":\"PropertyValueSpecification\",\"valueRequired\":true,\"valueName\":\"search_term_string\"}}],\"inLanguage\":\"cs\"},{\"@type\":\"Person\",\"@id\":\"https:\/\/www.welovecycling.com\/cs\/#\/schema\/person\/d9eeb0a378f3a7e4a6d12d2b536b04b8\",\"name\":\"radekmalina\",\"image\":{\"@type\":\"ImageObject\",\"inLanguage\":\"cs\",\"@id\":\"https:\/\/www.welovecycling.com\/cs\/#\/schema\/person\/image\/\",\"url\":\"https:\/\/secure.gravatar.com\/avatar\/66994b632cb8c39a46b9f54afa3ae07201b678d32a54275b6f1c9ffec356bfc0?s=96&d=mm&r=g\",\"contentUrl\":\"https:\/\/secure.gravatar.com\/avatar\/66994b632cb8c39a46b9f54afa3ae07201b678d32a54275b6f1c9ffec356bfc0?s=96&d=mm&r=g\",\"caption\":\"radekmalina\"},\"url\":\"https:\/\/www.welovecycling.com\/cs\/author\/radekmalina\/\"}]}<\/script>\n<!-- \/ Yoast SEO Premium plugin. -->","yoast_head_json":{"title":"Cyklistick\u00e1 pravidla, kter\u00e1 se (ne)ct\u00ed | \u0160koda We Love Cycling - \u010cesk\u00e1 republika","description":"Jsou n\u011bco jako svat\u00e9 p\u0159ik\u00e1z\u00e1n\u00ed v sedle kola! Cyklistick\u00e1 pravidla pro skupinov\u00e9 j\u00edzdy p\u0159edstavuj\u00ed nepsan\u00fd z\u00e1kon. Nebo snad ne? Tak\u00e9 m\u00e1te ob\u010das pocit, \u017ee jste ve va\u0161\u00ed part\u011b jedin\u00fd, kdo nevytrousil z hlavy v\u00fdznam pojm\u016f, jimi\u017e se pravideln\u011b v bal\u00edku oh\u00e1n\u00edme?","robots":{"index":"index","follow":"follow","max-snippet":"max-snippet:-1","max-image-preview":"max-image-preview:large","max-video-preview":"max-video-preview:-1"},"canonical":"https:\/\/www.welovecycling.com\/cs\/2025\/04\/01\/cyklisticka-pravidla-ktera-se-necti\/","og_locale":"cs_CZ","og_type":"article","og_title":"Cyklistick\u00e1 pravidla, kter\u00e1 se (ne)ct\u00ed","og_description":"Jsou n\u011bco jako svat\u00e9 p\u0159ik\u00e1z\u00e1n\u00ed v sedle kola! Cyklistick\u00e1 pravidla pro skupinov\u00e9 j\u00edzdy p\u0159edstavuj\u00ed nepsan\u00fd z\u00e1kon. Nebo snad ne? Tak\u00e9 m\u00e1te ob\u010das pocit, \u017ee jste ve va\u0161\u00ed part\u011b jedin\u00fd, kdo nevytrousil z hlavy v\u00fdznam pojm\u016f, jimi\u017e se pravideln\u011b v bal\u00edku oh\u00e1n\u00edme?","og_url":"https:\/\/www.welovecycling.com\/cs\/2025\/04\/01\/cyklisticka-pravidla-ktera-se-necti\/","og_site_name":"\u0160koda We Love Cycling - \u010cesk\u00e1 republika","article_published_time":"2025-04-01T03:00:46+00:00","article_modified_time":"2025-04-01T06:07:19+00:00","og_image":[{"width":2560,"height":1920,"url":"https:\/\/d2p6e6u75xmxt8.cloudfront.net\/13\/2025\/04\/20240810_100336-scaled.webp","type":"image\/webp"}],"author":"radekmalina","twitter_card":"summary_large_image","twitter_misc":{"Written by":"We Love Cycling","Est. reading time":"5"},"schema":{"@context":"https:\/\/schema.org","@graph":[{"@type":"WebPage","@id":"https:\/\/www.welovecycling.com\/cs\/2025\/04\/01\/cyklisticka-pravidla-ktera-se-necti\/","url":"https:\/\/www.welovecycling.com\/cs\/2025\/04\/01\/cyklisticka-pravidla-ktera-se-necti\/","name":"Cyklistick\u00e1 pravidla, kter\u00e1 se (ne)ct\u00ed | \u0160koda We Love Cycling - \u010cesk\u00e1 republika","isPartOf":{"@id":"https:\/\/www.welovecycling.com\/cs\/#website"},"primaryImageOfPage":{"@id":"https:\/\/www.welovecycling.com\/cs\/2025\/04\/01\/cyklisticka-pravidla-ktera-se-necti\/#primaryimage"},"image":{"@id":"https:\/\/www.welovecycling.com\/cs\/2025\/04\/01\/cyklisticka-pravidla-ktera-se-necti\/#primaryimage"},"thumbnailUrl":"https:\/\/d2p6e6u75xmxt8.cloudfront.net\/13\/2025\/04\/20240810_100336-scaled.webp","datePublished":"2025-04-01T03:00:46+00:00","dateModified":"2025-04-01T06:07:19+00:00","author":{"@id":"https:\/\/www.welovecycling.com\/cs\/#\/schema\/person\/d9eeb0a378f3a7e4a6d12d2b536b04b8"},"description":"Jsou n\u011bco jako svat\u00e9 p\u0159ik\u00e1z\u00e1n\u00ed v sedle kola! Cyklistick\u00e1 pravidla pro skupinov\u00e9 j\u00edzdy p\u0159edstavuj\u00ed nepsan\u00fd z\u00e1kon. Nebo snad ne? Tak\u00e9 m\u00e1te ob\u010das pocit, \u017ee jste ve va\u0161\u00ed part\u011b jedin\u00fd, kdo nevytrousil z hlavy v\u00fdznam pojm\u016f, jimi\u017e se pravideln\u011b v bal\u00edku oh\u00e1n\u00edme?","inLanguage":"cs","potentialAction":[{"@type":"ReadAction","target":["https:\/\/www.welovecycling.com\/cs\/2025\/04\/01\/cyklisticka-pravidla-ktera-se-necti\/"]}]},{"@type":"ImageObject","inLanguage":"cs","@id":"https:\/\/www.welovecycling.com\/cs\/2025\/04\/01\/cyklisticka-pravidla-ktera-se-necti\/#primaryimage","url":"https:\/\/d2p6e6u75xmxt8.cloudfront.net\/13\/2025\/04\/20240810_100336-scaled.webp","contentUrl":"https:\/\/d2p6e6u75xmxt8.cloudfront.net\/13\/2025\/04\/20240810_100336-scaled.webp","width":2560,"height":1920,"caption":"Cyklistick\u00e1 pravidla"},{"@type":"WebSite","@id":"https:\/\/www.welovecycling.com\/cs\/#website","url":"https:\/\/www.welovecycling.com\/cs\/","name":"\u0160koda We Love Cycling - \u010cesk\u00e1 republika","description":"WeLoveCycling.cz je online magaz\u00edn, kter\u00fd v\u00e1m pravideln\u011b p\u0159in\u00e1\u0161\u00ed rady a tipy, zaj\u00edmav\u00e9 \u010dl\u00e1nky, videa a jedine\u010dn\u00e9 report\u00e1\u017ee ze sv\u011bta cyklistiky.","potentialAction":[{"@type":"SearchAction","target":{"@type":"EntryPoint","urlTemplate":"https:\/\/www.welovecycling.com\/cs\/?s={search_term_string}"},"query-input":{"@type":"PropertyValueSpecification","valueRequired":true,"valueName":"search_term_string"}}],"inLanguage":"cs"},{"@type":"Person","@id":"https:\/\/www.welovecycling.com\/cs\/#\/schema\/person\/d9eeb0a378f3a7e4a6d12d2b536b04b8","name":"radekmalina","image":{"@type":"ImageObject","inLanguage":"cs","@id":"https:\/\/www.welovecycling.com\/cs\/#\/schema\/person\/image\/","url":"https:\/\/secure.gravatar.com\/avatar\/66994b632cb8c39a46b9f54afa3ae07201b678d32a54275b6f1c9ffec356bfc0?s=96&d=mm&r=g","contentUrl":"https:\/\/secure.gravatar.com\/avatar\/66994b632cb8c39a46b9f54afa3ae07201b678d32a54275b6f1c9ffec356bfc0?s=96&d=mm&r=g","caption":"radekmalina"},"url":"https:\/\/www.welovecycling.com\/cs\/author\/radekmalina\/"}]}},"_links":{"self":[{"href":"https:\/\/www.welovecycling.com\/cs\/wp-json\/wp\/v2\/posts\/28692","targetHints":{"allow":["GET"]}}],"collection":[{"href":"https:\/\/www.welovecycling.com\/cs\/wp-json\/wp\/v2\/posts"}],"about":[{"href":"https:\/\/www.welovecycling.com\/cs\/wp-json\/wp\/v2\/types\/post"}],"author":[{"embeddable":true,"href":"https:\/\/www.welovecycling.com\/cs\/wp-json\/wp\/v2\/users\/138"}],"replies":[{"embeddable":true,"href":"https:\/\/www.welovecycling.com\/cs\/wp-json\/wp\/v2\/comments?post=28692"}],"version-history":[{"count":6,"href":"https:\/\/www.welovecycling.com\/cs\/wp-json\/wp\/v2\/posts\/28692\/revisions"}],"predecessor-version":[{"id":28717,"href":"https:\/\/www.welovecycling.com\/cs\/wp-json\/wp\/v2\/posts\/28692\/revisions\/28717"}],"wp:featuredmedia":[{"embeddable":true,"href":"https:\/\/www.welovecycling.com\/cs\/wp-json\/wp\/v2\/media\/28716"}],"wp:attachment":[{"href":"https:\/\/www.welovecycling.com\/cs\/wp-json\/wp\/v2\/media?parent=28692"}],"wp:term":[{"taxonomy":"category","embeddable":true,"href":"https:\/\/www.welovecycling.com\/cs\/wp-json\/wp\/v2\/categories?post=28692"},{"taxonomy":"post_tag","embeddable":true,"href":"https:\/\/www.welovecycling.com\/cs\/wp-json\/wp\/v2\/tags?post=28692"},{"taxonomy":"global-categories","embeddable":true,"href":"https:\/\/www.welovecycling.com\/cs\/wp-json\/wp\/v2\/global-categories?post=28692"}],"curies":[{"name":"wp","href":"https:\/\/api.w.org\/{rel}","templated":true}]}}