{"id":2863,"date":"2019-07-13T21:15:21","date_gmt":"2019-07-13T20:15:21","guid":{"rendered":"https:\/\/www.welovecycling.com\/cs\/?p=2863"},"modified":"2019-07-13T21:15:21","modified_gmt":"2019-07-13T20:15:21","slug":"domestici-ti-kteri-delaji-cernou-praci-welovecycling-cr","status":"publish","type":"post","link":"https:\/\/www.welovecycling.com\/cs\/2019\/07\/13\/domestici-ti-kteri-delaji-cernou-praci-welovecycling-cr\/","title":{"rendered":"Domestici. Ti, kte\u0159\u00ed d\u011blaj\u00ed \u010dernou pr\u00e1ci"},"content":{"rendered":"<p><strong>V\u00a0pelotonu se jim \u0159\u00edk\u00e1 domestici. N\u011bkdy taky nosi\u010di vody. Jsou to cyklist\u00e9, kte\u0159\u00ed skoro nikdy nic velk\u00e9ho nevyhraj\u00ed, ale hraj\u00ed kl\u00ed\u010dovou roli p\u0159i v\u00edt\u011bzstv\u00edch t\u011bch nejv\u011bt\u0161\u00ed hv\u011bzd, co\u017e plat\u00ed i pro <a href=\"https:\/\/www.letour.fr\/en\/\">Tour de France<\/a>. Bez domestik\u016f by l\u00edd\u0159i t\u00fdm\u016f byli nulov\u00ed.\u00a0<\/strong><\/p>\n<p><!--more--><\/p>\n<p>Ta role je \u010dasto nevd\u011b\u010dn\u00e1. Domestik jede p\u0159ed l\u00eddrem na v\u011btru, star\u00e1 se o tempo na rovin\u00e1ch, v\u00a0kopc\u00edch, voz\u00ed l\u00eddrovi pit\u00ed, j\u00eddlo, prost\u011b zaji\u0161\u0165uje stoprocentn\u00ed servis. Kdy\u017e l\u00eddr zastav\u00ed na malou pot\u0159ebu, domestik automaticky zastavuje taky, aby ho pak dot\u00e1hl zp\u011bt do pelotonu.<\/p>\n<p><em>\u201eTy \u00fakoly jsou v\u00edce m\u00e9n\u011b dan\u00e9. \u010clov\u011bk z\u00edsk\u00e1 ka\u017ed\u00fdm rokem zku\u0161enosti a pak u\u017e jsou to skoro automatismy,\u201c<\/em> \u0159\u00edk\u00e1 Ren\u00e9 Andrle, kter\u00fd \u0159adu let p\u016fsobil v\u00a0elitn\u00edch \u0161pan\u011blsk\u00fdch profit\u00fdmech a pom\u00e1hal hv\u011bzd\u00e1m jako Olano, Beloki nebo Heras.<\/p>\n<figure id=\"attachment_2864\" aria-describedby=\"caption-attachment-2864\" style=\"width: 1024px\" class=\"wp-caption alignnone\"><a href=\"https:\/\/d2p6e6u75xmxt8.cloudfront.net\/13\/2019\/07\/profimedia-0157835407.jpg\"><img loading=\"lazy\" decoding=\"async\" class=\"size-large wp-image-2864\" src=\"https:\/\/d2p6e6u75xmxt8.cloudfront.net\/13\/2019\/07\/profimedia-0157835407-1024x910.jpg\" alt=\"\" width=\"1024\" height=\"910\" \/><\/a><figcaption id=\"caption-attachment-2864\" class=\"wp-caption-text\">Ren\u00e9 Andrle. Foto: Profimedia, CNC &#8211; sport<\/figcaption><\/figure>\n<p>B\u011bhem sv\u00e9 kari\u00e9ry jel \u010dty\u0159i Grand Tours. Jednou Tour, jednou Vueltu a dvakr\u00e1t Giro. V\u0161echny dokon\u010dil. V\u00a0roce 2004 slavil s\u00a0t\u00fdmem Liberty Seguros celkov\u00e9 v\u00edt\u011bzstv\u00ed d\u00edky \u0160pan\u011blu Robertu Herasovi. Na Giru 2001 byl Andrle u toho, kdy\u017e jeho par\u0165\u00e1k z\u00a0t\u00fdmu ONCE Abraham Olano skon\u010dil druh\u00fd.<\/p>\n<p>Ne\u017e ode\u0161el do \u0160pan\u011blska, doma z\u00edskal titul mistra republiky, vyhr\u00e1l z\u00e1vod Kolem Slovenska, m\u011bl \u00fasp\u011bchy i na z\u00e1vodech v\u00a0zahrani\u010d\u00ed. <em>\u201eCyklistika u n\u00e1s a venku je jin\u00e1. Kdy\u017e jsem z\u00edskal anga\u017em\u00e1 ve \u0160pan\u011blsku, bylo jasn\u00e9, \u017ee tam jdu jako domestik. \u010clov\u011bk mus\u00ed b\u00fdt soudn\u00fd. Na to, abych vyhr\u00e1val velk\u00e9 z\u00e1vody, jsem prost\u011b nem\u011bl,\u201c<\/em> prozrazuje Andrle, kter\u00fd b\u00fdval velmi dobr\u00fdm \u010dasovk\u00e1\u0159em a t\u0159eba v\u00a0prologu Gira 2001 skon\u010dil t\u0159et\u00ed.<\/p>\n<p>Cyklistika se neust\u00e1le vyv\u00edj\u00ed a taktika hraje \u010d\u00edm d\u00e1l t\u00edm v\u011bt\u0161\u00ed roli. Ty tam jsou doby, kdy na Tour slavili \u00fasp\u011bch jedinci bez podpory t\u00fdmu. Dnes to nen\u00ed mo\u017en\u00e9. Sebelep\u0161\u00ed \u010dlov\u011bk s\u00e1m Grand Tour nevyhraje.<\/p>\n<p><em>\u201eKa\u017ed\u00fd z\u00a0domestik\u016f m\u00e1 n\u011bjakou roli. N\u011bkdo je na roviny, jin\u00fd do kopc\u016f, n\u011bkdo rozj\u00ed\u017ed\u00ed spurty. J\u00e1 m\u011bl sv\u00e9 \u00fakoly na rovin\u00e1ch. Kdy\u017e jsem jezdil v\u00a0ONCE, byli jsme na Tour t\u0159i kolem na\u0161eho l\u00eddra Belokiho. Nesm\u011bli jsme se od n\u011bj hnout. \u010clov\u011bk mus\u00ed b\u00fdt po\u0159\u00e1d ve st\u0159ehu, proto\u017ee v\u0161ichni l\u00edd\u0159i se tla\u010d\u00ed dop\u0159edu a je to neust\u00e1l\u00fd boj o pozice,\u201c popisuje Andrle. \u201eA na Tour je to v\u0161echno dvojn\u00e1sobn\u011b t\u011b\u017ek\u00e9, proto\u017ee je to nejv\u011bt\u0161\u00ed z\u00e1vod a ka\u017ed\u00fd m\u00e1 obrovskou motivaci usp\u011bt,\u201c<\/em> p\u0159id\u00e1v\u00e1.<\/p>\n<p>Jeho pr\u00e1ce zpravidla kon\u010dila, kdy\u017e p\u0159i\u0161ly kopce. <em>\u201eNa n\u011b u\u017e byly zase jin\u00ed domestici. Mn\u011b \u0159ekli z\u00a0auta: tvoje pr\u00e1ce skon\u010dila, je\u010f co nejpomaleji a \u0161et\u0159i s\u00edly na dal\u0161\u00ed den,\u201c<\/em> nech\u00e1v\u00e1 nahl\u00e9dnout pod pokli\u010dku \u017eivota domestika.<\/p>\n<p>Jestli takov\u00fd cyklista skon\u010d\u00ed na Tour \u00fapln\u011b posledn\u00ed, je \u00fapln\u011b jedno. D\u016fle\u017eit\u00e1 je 100% pr\u00e1ce pro t\u00fdm. Dnes je d\u00e1v\u00e1n za p\u0159\u00edklad dokonal\u00e9 spolupr\u00e1ce Team Ineos (d\u0159\u00edve Sky), v\u00a0jeho\u017e dresu usiluje o obhajobu v\u00edt\u011bzstv\u00ed Geraint Thomas. Lidi jako Kwiatkowski, Rowe, Poels, Moscon, Castroviejo, to je jistota.<\/p>\n<figure id=\"attachment_2411\" aria-describedby=\"caption-attachment-2411\" style=\"width: 960px\" class=\"wp-caption alignnone\"><a href=\"https:\/\/d2p6e6u75xmxt8.cloudfront.net\/13\/2019\/06\/tour-1-Foto-ASO-Tour-de-France.jpg\"><img loading=\"lazy\" decoding=\"async\" class=\"size-full wp-image-2411\" src=\"https:\/\/d2p6e6u75xmxt8.cloudfront.net\/13\/2019\/06\/tour-1-Foto-ASO-Tour-de-France.jpg\" alt=\"\" width=\"960\" height=\"639\" \/><\/a><figcaption id=\"caption-attachment-2411\" class=\"wp-caption-text\">Foto: Tour de France\/ASO<\/figcaption><\/figure>\n<p><em>\u201eV\u017edycky je lep\u0161\u00ed, kdy\u017e se domestik s\u00a0t\u00edm l\u00eddrem v\u00edc sbl\u00ed\u017e\u00ed. Pak pro n\u011bj t\u0159eba v\u00a0z\u00e1vod\u011b ud\u011bl\u00e1 i je\u0161t\u011b n\u011bco nav\u00edc, ne\u017e mus\u00ed. J\u00e1 m\u011bl t\u0159eba nejbl\u00ed\u017e k\u00a0Olanovi. To byl profesor, kter\u00fd jezdil hodn\u011b takticky a um\u011bl se i \u0161et\u0159it. To byla je\u0161t\u011b takov\u00e1 ta star\u00e1 \u0161kola. Byl to pohod\u00e1\u0159, sna\u017eil se \u010dlov\u011bku v\u0161echno vysv\u011btlit. Heras byl hodn\u011b n\u00e1ro\u010dn\u00fd, cht\u011bl, abychom neust\u00e1le byli vp\u0159edu. Beloki se dost b\u00e1l a kolikr\u00e1t z\u016fstal vzadu. Museli jsme ho pak zase dost\u00e1vat na lep\u0161\u00ed pozice a pr\u00e1ce pro n\u011bj hodn\u011b bolela,\u201c<\/em> srovn\u00e1v\u00e1 r\u016fzn\u00e9 l\u00eddry Andrle, sou\u010dasn\u00fd sportovn\u00ed \u0159editel st\u00e1je Israel Cycling Academy.<\/p>\n<p>Z\u00a0\u010cech\u016f b\u00fdval fam\u00f3zn\u00edm domestikem rovn\u011b\u017e Pavel Padrnos, ze sou\u010dasn\u00fdch z\u00e1vodn\u00edk\u016f nemaj\u00ed s\u00a0touto rol\u00ed v\u00a0n\u011bkter\u00fdch z\u00e1vodech probl\u00e9m Petr Vako\u010d ani Zden\u011bk \u0160tybar, st\u00e1jov\u00ed kolegov\u00e9 z\u00a0Deceuninck-Quick Step. P\u0159ev\u00e1\u017en\u011b domestikem je v\u00a0CCC Josef \u010cern\u00fd, Jan Hirt v\u00a0Astan\u011b ob\u010das \u0161anci na individu\u00e1ln\u00ed v\u00fdsledek dostane, ale na Grand Tours je domestikem do hor.<\/p>\n<p>I kdy\u017e nosi\u010d vody zast\u00e1v\u00e1 hlavn\u011b \u010dernou pr\u00e1ci, zkr\u00e1tka nep\u0159ijde. Prize money ze z\u00e1vod\u016f se mezi t\u00fdm d\u011bl\u00ed rovn\u00fdm d\u00edlem a nap\u0159\u00edklad na Grand Tours se v\u00edt\u011bz sv\u00e9 \u010dasto odm\u011bny ve prosp\u011bch zbytku t\u00fdmu vzd\u00e1. S\u00e1m zkr\u00e1tka nep\u0159ijde, proto\u017ee m\u00e1 individu\u00e1ln\u00ed bonusy ve smlouv\u011b.<\/p>\n<p><em>\u201eJe to pr\u00e1ce jako ka\u017ed\u00e1 jin\u00e1. N\u011bkdo m\u00e1 prost\u011b p\u0159edpoklady k\u00a0tomu, aby vyhr\u00e1val velk\u00e9 z\u00e1vody a jin\u00fd ne. Ti l\u00edd\u0159i jsou vybran\u00ed spr\u00e1vn\u011b, nikdo tuhle roli nedostane n\u00e1hodou. No a ti ostatn\u00ed jim mus\u00ed pom\u00e1hat. Takhle to v\u00a0cyklistice fungovalo, funguje a fungovat bude,<\/em>\u201c dod\u00e1v\u00e1 Ren\u00e9 Andrle.<\/p>\n","protected":false},"excerpt":{"rendered":"<p>V\u00a0pelotonu se jim \u0159\u00edk\u00e1 domestici. N\u011bkdy taky nosi\u010di vody. Jsou to cyklist\u00e9, kte\u0159\u00ed skoro nikdy nic velk\u00e9ho nevyhraj\u00ed, ale hraj\u00ed [&hellip;]<\/p>\n","protected":false},"author":95,"featured_media":2868,"comment_status":"open","ping_status":"open","sticky":false,"template":"","format":"standard","meta":{"footnotes":""},"categories":[243],"tags":[328,329,23],"global-categories":[],"class_list":["post-2863","post","type-post","status-publish","format-standard","has-post-thumbnail","hentry","category-welovecycling-com-cs-tdf","tag-domestici","tag-rene-andrle","tag-tour-de-france"],"yoast_head":"<!-- This site is optimized with the Yoast SEO Premium plugin v25.3 (Yoast SEO v25.9) - https:\/\/yoast.com\/wordpress\/plugins\/seo\/ -->\n<title>Domestici. Ti, kte\u0159\u00ed d\u011blaj\u00ed \u010dernou pr\u00e1ci | \u0160koda We Love Cycling - \u010cesk\u00e1 republika<\/title>\n<meta name=\"description\" content=\"Domestici jsou cyklist\u00e9, kte\u0159\u00ed skoro nikdy nic velk\u00e9ho nevyhraj\u00ed, ale hraj\u00ed kl\u00ed\u010dovou roli p\u0159i v\u00edt\u011bzstv\u00edch hv\u011bzd, co\u017e plat\u00ed i pro Tour de France.\" \/>\n<meta name=\"robots\" content=\"index, follow, max-snippet:-1, max-image-preview:large, max-video-preview:-1\" \/>\n<link rel=\"canonical\" href=\"https:\/\/www.welovecycling.com\/cs\/2019\/07\/13\/domestici-ti-kteri-delaji-cernou-praci-welovecycling-cr\/\" \/>\n<meta property=\"og:locale\" content=\"cs_CZ\" \/>\n<meta property=\"og:type\" content=\"article\" \/>\n<meta property=\"og:title\" content=\"Domestici. Ti, kte\u0159\u00ed d\u011blaj\u00ed \u010dernou pr\u00e1ci\" \/>\n<meta property=\"og:description\" content=\"Domestici jsou cyklist\u00e9, kte\u0159\u00ed skoro nikdy nic velk\u00e9ho nevyhraj\u00ed, ale hraj\u00ed kl\u00ed\u010dovou roli p\u0159i v\u00edt\u011bzstv\u00edch hv\u011bzd, co\u017e plat\u00ed i pro Tour de France.\" \/>\n<meta property=\"og:url\" content=\"https:\/\/www.welovecycling.com\/cs\/2019\/07\/13\/domestici-ti-kteri-delaji-cernou-praci-welovecycling-cr\/\" \/>\n<meta property=\"og:site_name\" content=\"\u0160koda We Love Cycling - \u010cesk\u00e1 republika\" \/>\n<meta property=\"article:published_time\" content=\"2019-07-13T20:15:21+00:00\" \/>\n<meta property=\"og:image\" content=\"https:\/\/d2p6e6u75xmxt8.cloudfront.net\/13\/2019\/07\/profimedia-0456508821.webp\" \/>\n\t<meta property=\"og:image:width\" content=\"1250\" \/>\n\t<meta property=\"og:image:height\" content=\"830\" \/>\n\t<meta property=\"og:image:type\" content=\"image\/webp\" \/>\n<meta name=\"twitter:card\" content=\"summary_large_image\" \/>\n<meta name=\"twitter:label1\" content=\"Written by\" \/>\n\t<meta name=\"twitter:data1\" content=\"Jan Kr\u016fta\" \/>\n\t<meta name=\"twitter:label2\" content=\"Est. reading time\" \/>\n\t<meta name=\"twitter:data2\" content=\"6\" \/>\n<script type=\"application\/ld+json\" class=\"yoast-schema-graph\">{\"@context\":\"https:\/\/schema.org\",\"@graph\":[{\"@type\":\"WebPage\",\"@id\":\"https:\/\/www.welovecycling.com\/cs\/2019\/07\/13\/domestici-ti-kteri-delaji-cernou-praci-welovecycling-cr\/\",\"url\":\"https:\/\/www.welovecycling.com\/cs\/2019\/07\/13\/domestici-ti-kteri-delaji-cernou-praci-welovecycling-cr\/\",\"name\":\"Domestici. Ti, kte\u0159\u00ed d\u011blaj\u00ed \u010dernou pr\u00e1ci | \u0160koda We Love Cycling - \u010cesk\u00e1 republika\",\"isPartOf\":{\"@id\":\"https:\/\/www.welovecycling.com\/cs\/#website\"},\"primaryImageOfPage\":{\"@id\":\"https:\/\/www.welovecycling.com\/cs\/2019\/07\/13\/domestici-ti-kteri-delaji-cernou-praci-welovecycling-cr\/#primaryimage\"},\"image\":{\"@id\":\"https:\/\/www.welovecycling.com\/cs\/2019\/07\/13\/domestici-ti-kteri-delaji-cernou-praci-welovecycling-cr\/#primaryimage\"},\"thumbnailUrl\":\"https:\/\/d2p6e6u75xmxt8.cloudfront.net\/13\/2019\/07\/profimedia-0456508821.webp\",\"datePublished\":\"2019-07-13T20:15:21+00:00\",\"author\":{\"@id\":\"\"},\"description\":\"Domestici jsou cyklist\u00e9, kte\u0159\u00ed skoro nikdy nic velk\u00e9ho nevyhraj\u00ed, ale hraj\u00ed kl\u00ed\u010dovou roli p\u0159i v\u00edt\u011bzstv\u00edch hv\u011bzd, co\u017e plat\u00ed i pro Tour de France.\",\"inLanguage\":\"cs\",\"potentialAction\":[{\"@type\":\"ReadAction\",\"target\":[\"https:\/\/www.welovecycling.com\/cs\/2019\/07\/13\/domestici-ti-kteri-delaji-cernou-praci-welovecycling-cr\/\"]}]},{\"@type\":\"ImageObject\",\"inLanguage\":\"cs\",\"@id\":\"https:\/\/www.welovecycling.com\/cs\/2019\/07\/13\/domestici-ti-kteri-delaji-cernou-praci-welovecycling-cr\/#primaryimage\",\"url\":\"https:\/\/d2p6e6u75xmxt8.cloudfront.net\/13\/2019\/07\/profimedia-0456508821.webp\",\"contentUrl\":\"https:\/\/d2p6e6u75xmxt8.cloudfront.net\/13\/2019\/07\/profimedia-0456508821.webp\",\"width\":1250,\"height\":830,\"caption\":\"Cyklistika July 9, 2019 - Nancy, France: Deceunick - Quickstep; Viviani, Elia. Italian rider Elia Viviani claimed his first career stage win on the Tour de France after storming a bunch sprint. He was ideally set up by the Deceuninck-Quick Step leadout train in the finale. He used his considerable power to edge Alexander Kristoff and Caleb Ewan. The 213.5-kilometer (133-mile) flat route did not pose any major difficulty and was a perfect opportunity for sprinters to get a stage win. Viviani's teammate Julian Alaphilippe, the first Frenchman to wear the yellow jersey in five years after his solo victory in Stage 3, kept the overall lead, with no change at the top of the overall standings. Defending champion Geraint Thomas and other main contenders enjoyed a calm day, just making sure they rode at the front to avoid crashes or splits. Peter Sagan retained the green jersey for leading on points. Tim Wellens retained the polka-dot jersey with 7 points, Greg Van Avermaet was 3rd with 2 points. Wout Van Aert retained the white jersey for best young rider, followed by Ergan Bernal. Michael Schar was awarded the combativity award., Image: 456508821, License: Rights-managed, Restrictions: No publication in France, Germany and Italy, Model Release: no, Credit line: Profimedia, Polaris\"},{\"@type\":\"WebSite\",\"@id\":\"https:\/\/www.welovecycling.com\/cs\/#website\",\"url\":\"https:\/\/www.welovecycling.com\/cs\/\",\"name\":\"\u0160koda We Love Cycling - \u010cesk\u00e1 republika\",\"description\":\"WeLoveCycling.cz je online magaz\u00edn, kter\u00fd v\u00e1m pravideln\u011b p\u0159in\u00e1\u0161\u00ed rady a tipy, zaj\u00edmav\u00e9 \u010dl\u00e1nky, videa a jedine\u010dn\u00e9 report\u00e1\u017ee ze sv\u011bta cyklistiky.\",\"potentialAction\":[{\"@type\":\"SearchAction\",\"target\":{\"@type\":\"EntryPoint\",\"urlTemplate\":\"https:\/\/www.welovecycling.com\/cs\/?s={search_term_string}\"},\"query-input\":{\"@type\":\"PropertyValueSpecification\",\"valueRequired\":true,\"valueName\":\"search_term_string\"}}],\"inLanguage\":\"cs\"},{\"@type\":\"Person\",\"@id\":\"\",\"url\":\"https:\/\/www.welovecycling.com\/cs\/author\/\"}]}<\/script>\n<!-- \/ Yoast SEO Premium plugin. -->","yoast_head_json":{"title":"Domestici. Ti, kte\u0159\u00ed d\u011blaj\u00ed \u010dernou pr\u00e1ci | \u0160koda We Love Cycling - \u010cesk\u00e1 republika","description":"Domestici jsou cyklist\u00e9, kte\u0159\u00ed skoro nikdy nic velk\u00e9ho nevyhraj\u00ed, ale hraj\u00ed kl\u00ed\u010dovou roli p\u0159i v\u00edt\u011bzstv\u00edch hv\u011bzd, co\u017e plat\u00ed i pro Tour de France.","robots":{"index":"index","follow":"follow","max-snippet":"max-snippet:-1","max-image-preview":"max-image-preview:large","max-video-preview":"max-video-preview:-1"},"canonical":"https:\/\/www.welovecycling.com\/cs\/2019\/07\/13\/domestici-ti-kteri-delaji-cernou-praci-welovecycling-cr\/","og_locale":"cs_CZ","og_type":"article","og_title":"Domestici. Ti, kte\u0159\u00ed d\u011blaj\u00ed \u010dernou pr\u00e1ci","og_description":"Domestici jsou cyklist\u00e9, kte\u0159\u00ed skoro nikdy nic velk\u00e9ho nevyhraj\u00ed, ale hraj\u00ed kl\u00ed\u010dovou roli p\u0159i v\u00edt\u011bzstv\u00edch hv\u011bzd, co\u017e plat\u00ed i pro Tour de France.","og_url":"https:\/\/www.welovecycling.com\/cs\/2019\/07\/13\/domestici-ti-kteri-delaji-cernou-praci-welovecycling-cr\/","og_site_name":"\u0160koda We Love Cycling - \u010cesk\u00e1 republika","article_published_time":"2019-07-13T20:15:21+00:00","og_image":[{"width":1250,"height":830,"url":"https:\/\/d2p6e6u75xmxt8.cloudfront.net\/13\/2019\/07\/profimedia-0456508821.webp","type":"image\/webp"}],"twitter_card":"summary_large_image","twitter_misc":{"Written by":"Jan Kr\u016fta","Est. reading time":"6"},"schema":{"@context":"https:\/\/schema.org","@graph":[{"@type":"WebPage","@id":"https:\/\/www.welovecycling.com\/cs\/2019\/07\/13\/domestici-ti-kteri-delaji-cernou-praci-welovecycling-cr\/","url":"https:\/\/www.welovecycling.com\/cs\/2019\/07\/13\/domestici-ti-kteri-delaji-cernou-praci-welovecycling-cr\/","name":"Domestici. Ti, kte\u0159\u00ed d\u011blaj\u00ed \u010dernou pr\u00e1ci | \u0160koda We Love Cycling - \u010cesk\u00e1 republika","isPartOf":{"@id":"https:\/\/www.welovecycling.com\/cs\/#website"},"primaryImageOfPage":{"@id":"https:\/\/www.welovecycling.com\/cs\/2019\/07\/13\/domestici-ti-kteri-delaji-cernou-praci-welovecycling-cr\/#primaryimage"},"image":{"@id":"https:\/\/www.welovecycling.com\/cs\/2019\/07\/13\/domestici-ti-kteri-delaji-cernou-praci-welovecycling-cr\/#primaryimage"},"thumbnailUrl":"https:\/\/d2p6e6u75xmxt8.cloudfront.net\/13\/2019\/07\/profimedia-0456508821.webp","datePublished":"2019-07-13T20:15:21+00:00","author":{"@id":""},"description":"Domestici jsou cyklist\u00e9, kte\u0159\u00ed skoro nikdy nic velk\u00e9ho nevyhraj\u00ed, ale hraj\u00ed kl\u00ed\u010dovou roli p\u0159i v\u00edt\u011bzstv\u00edch hv\u011bzd, co\u017e plat\u00ed i pro Tour de France.","inLanguage":"cs","potentialAction":[{"@type":"ReadAction","target":["https:\/\/www.welovecycling.com\/cs\/2019\/07\/13\/domestici-ti-kteri-delaji-cernou-praci-welovecycling-cr\/"]}]},{"@type":"ImageObject","inLanguage":"cs","@id":"https:\/\/www.welovecycling.com\/cs\/2019\/07\/13\/domestici-ti-kteri-delaji-cernou-praci-welovecycling-cr\/#primaryimage","url":"https:\/\/d2p6e6u75xmxt8.cloudfront.net\/13\/2019\/07\/profimedia-0456508821.webp","contentUrl":"https:\/\/d2p6e6u75xmxt8.cloudfront.net\/13\/2019\/07\/profimedia-0456508821.webp","width":1250,"height":830,"caption":"Cyklistika July 9, 2019 - Nancy, France: Deceunick - Quickstep; Viviani, Elia. Italian rider Elia Viviani claimed his first career stage win on the Tour de France after storming a bunch sprint. He was ideally set up by the Deceuninck-Quick Step leadout train in the finale. He used his considerable power to edge Alexander Kristoff and Caleb Ewan. The 213.5-kilometer (133-mile) flat route did not pose any major difficulty and was a perfect opportunity for sprinters to get a stage win. Viviani's teammate Julian Alaphilippe, the first Frenchman to wear the yellow jersey in five years after his solo victory in Stage 3, kept the overall lead, with no change at the top of the overall standings. Defending champion Geraint Thomas and other main contenders enjoyed a calm day, just making sure they rode at the front to avoid crashes or splits. Peter Sagan retained the green jersey for leading on points. Tim Wellens retained the polka-dot jersey with 7 points, Greg Van Avermaet was 3rd with 2 points. Wout Van Aert retained the white jersey for best young rider, followed by Ergan Bernal. Michael Schar was awarded the combativity award., Image: 456508821, License: Rights-managed, Restrictions: No publication in France, Germany and Italy, Model Release: no, Credit line: Profimedia, Polaris"},{"@type":"WebSite","@id":"https:\/\/www.welovecycling.com\/cs\/#website","url":"https:\/\/www.welovecycling.com\/cs\/","name":"\u0160koda We Love Cycling - \u010cesk\u00e1 republika","description":"WeLoveCycling.cz je online magaz\u00edn, kter\u00fd v\u00e1m pravideln\u011b p\u0159in\u00e1\u0161\u00ed rady a tipy, zaj\u00edmav\u00e9 \u010dl\u00e1nky, videa a jedine\u010dn\u00e9 report\u00e1\u017ee ze sv\u011bta cyklistiky.","potentialAction":[{"@type":"SearchAction","target":{"@type":"EntryPoint","urlTemplate":"https:\/\/www.welovecycling.com\/cs\/?s={search_term_string}"},"query-input":{"@type":"PropertyValueSpecification","valueRequired":true,"valueName":"search_term_string"}}],"inLanguage":"cs"},{"@type":"Person","@id":"","url":"https:\/\/www.welovecycling.com\/cs\/author\/"}]}},"_links":{"self":[{"href":"https:\/\/www.welovecycling.com\/cs\/wp-json\/wp\/v2\/posts\/2863","targetHints":{"allow":["GET"]}}],"collection":[{"href":"https:\/\/www.welovecycling.com\/cs\/wp-json\/wp\/v2\/posts"}],"about":[{"href":"https:\/\/www.welovecycling.com\/cs\/wp-json\/wp\/v2\/types\/post"}],"author":[{"embeddable":true,"href":"https:\/\/www.welovecycling.com\/cs\/wp-json\/wp\/v2\/users\/95"}],"replies":[{"embeddable":true,"href":"https:\/\/www.welovecycling.com\/cs\/wp-json\/wp\/v2\/comments?post=2863"}],"version-history":[{"count":1,"href":"https:\/\/www.welovecycling.com\/cs\/wp-json\/wp\/v2\/posts\/2863\/revisions"}],"predecessor-version":[{"id":2865,"href":"https:\/\/www.welovecycling.com\/cs\/wp-json\/wp\/v2\/posts\/2863\/revisions\/2865"}],"wp:featuredmedia":[{"embeddable":true,"href":"https:\/\/www.welovecycling.com\/cs\/wp-json\/wp\/v2\/media\/2868"}],"wp:attachment":[{"href":"https:\/\/www.welovecycling.com\/cs\/wp-json\/wp\/v2\/media?parent=2863"}],"wp:term":[{"taxonomy":"category","embeddable":true,"href":"https:\/\/www.welovecycling.com\/cs\/wp-json\/wp\/v2\/categories?post=2863"},{"taxonomy":"post_tag","embeddable":true,"href":"https:\/\/www.welovecycling.com\/cs\/wp-json\/wp\/v2\/tags?post=2863"},{"taxonomy":"global-categories","embeddable":true,"href":"https:\/\/www.welovecycling.com\/cs\/wp-json\/wp\/v2\/global-categories?post=2863"}],"curies":[{"name":"wp","href":"https:\/\/api.w.org\/{rel}","templated":true}]}}