{"id":28615,"date":"2025-03-20T05:00:23","date_gmt":"2025-03-20T03:00:23","guid":{"rendered":"https:\/\/www.welovecycling.com\/cs\/?p=28615"},"modified":"2025-03-19T21:27:35","modified_gmt":"2025-03-19T19:27:35","slug":"kralove-tour-de-france-pojedou-v-praze-i-prachaticich","status":"publish","type":"post","link":"https:\/\/www.welovecycling.com\/cs\/2025\/03\/20\/kralove-tour-de-france-pojedou-v-praze-i-prachaticich\/","title":{"rendered":"Kr\u00e1lov\u00e9 Tour de France pojedou v Praze i Prachatic\u00edch"},"content":{"rendered":"<p><strong>V\u00edt\u011bzov\u00e9 Tour de France se letos p\u0159edstav\u00ed v \u010cesku p\u0159i nejv\u011bt\u0161\u00edm tuzemsk\u00e9m z\u00e1vod\u011b pro amat\u00e9ry. L&#8217;Etape Czech Republic by Tour de France oko\u0159en\u00ed \u00fa\u010dast\u00ed coby ambasado\u0159i minul\u00ed \u0161ampioni nejslavn\u011bj\u0161\u00ed etapov\u00e9 bitvy. &#8222;Mohu prozradit, \u017ee v Praze i Prachatic\u00edch by m\u011bl startovat v\u00edt\u011bz Tour de France. A nejde o toto\u017enou osobu,&#8220; uvedl \u0159editel projektu P\u0159emysl Nov\u00e1k s odkazem na fakt, \u017ee na Kopcovitou etapu do Prahy 21. \u010dervna i Horskou etapu do Prachatic 2. srpna doraz\u00ed dva supercyklist\u00e9.<\/strong><\/p>\n<h2><strong>Aktivity L&#8217;Etape Czech Republic pro sezonu 2025 otev\u0159ela akce Tvrdej \u00fanor. Splnila o\u010dek\u00e1v\u00e1n\u00ed?<\/strong><\/h2>\n<p>Nadm\u00edru! Jednalo se n\u00e1m prim\u00e1rn\u011b o motivaci pro amat\u00e9rsk\u00e9 sportovce, kte\u0159\u00ed nem\u011bli tak pevn\u00e9 odhodl\u00e1n\u00ed a pot\u0159ebovali t\u0159eba jen mal\u00fd impuls. Smyslem na\u0161eho jedn\u00e1n\u00ed je aktivovat lidi k pohybu nejen v dob\u011b z\u00e1vodu, ale celoro\u010dn\u011b. Na\u0161\u00ed ambic\u00ed je, aby se aktivn\u00ed cyklistika stala pevnou sou\u010d\u00e1st\u00ed \u017eivotn\u00edho stylu. \u00danor cyklistice v tuzemsku nep\u0159eje, ale d\u00edky partnerovi v podob\u011b virtu\u00e1ln\u00ed platformy Rouvy a ve spolupr\u00e1ci s podcastem Insider jsme p\u0159i\u0161li s v\u00fdzvou Tvrdej \u00fanor. Sportuj\u00edc\u00ed jedinci sd\u00edleli pod hashtagem tvrdej\u00fanor svoje tr\u00e9ninky. Zapojily se vy\u0161\u0161\u00ed stovky lid\u00ed.<\/p>\n<h2><strong>Vyvrcholen\u00edm byla tr\u00e9ninkov\u00e1 j\u00edzda v p\u0159\u00edrodn\u00edch podm\u00ednk\u00e1ch na okruhu dlouh\u00e9m \u0161edes\u00e1t kilometr\u016f. Strachovali jste se, zda nez\u016fstane v\u00fdzva ke \u0161vihu v \u00fanorov\u00fdch klimatick\u00fdch podm\u00ednk\u00e1ch nevysly\u0161ena?<\/strong><\/h2>\n<p>Byli jsme z\u00e1jmem hodn\u011b p\u0159ekvapen\u00ed. Stejn\u011b jako \u0159idi\u010di vozidel, kter\u00e9 jsme potk\u00e1vali na z\u00e1pad od Prahy. Cyklist\u00e9 jsou pro n\u011b sice v dan\u00e9 lokalit\u011b b\u011b\u017enou sou\u010d\u00e1st\u00ed provozu, nikoliv v\u0161ak v \u00fanoru. Vyjelo p\u0159es t\u0159icet cyklist\u016f, p\u0159esto\u017ee teplota byla p\u0159ibli\u017en\u011b p\u011bt stup\u0148\u016f a kolem silnic je\u0161t\u011b le\u017eel sn\u00edh. V\u0161ichni byli nad\u0161en\u00ed. Aktivita jednozna\u010dn\u011b p\u0159ed\u010dila na\u0161e o\u010dek\u00e1v\u00e1n\u00ed.<\/p>\n<figure id=\"attachment_16831\" aria-describedby=\"caption-attachment-16831\" style=\"width: 1920px\" class=\"wp-caption alignnone\"><a href=\"https:\/\/d2p6e6u75xmxt8.cloudfront.net\/13\/2022\/05\/schleck-J98A8496.webp\"><img loading=\"lazy\" decoding=\"async\" class=\"size-extra-large wp-image-16831\" src=\"https:\/\/d2p6e6u75xmxt8.cloudfront.net\/13\/2022\/05\/schleck-J98A8496-1920x1279.webp\" alt=\"Andy Schleck u \u0159editelsk\u00e9ho vozu Enyaq iV.\" width=\"1920\" height=\"1279\" srcset=\"https:\/\/d2p6e6u75xmxt8.cloudfront.net\/13\/2022\/05\/schleck-J98A8496-1920x1279.webp 1920w, https:\/\/d2p6e6u75xmxt8.cloudfront.net\/13\/2022\/05\/schleck-J98A8496-300x200.webp 300w, https:\/\/d2p6e6u75xmxt8.cloudfront.net\/13\/2022\/05\/schleck-J98A8496-1024x682.webp 1024w, https:\/\/d2p6e6u75xmxt8.cloudfront.net\/13\/2022\/05\/schleck-J98A8496-768x512.webp 768w, https:\/\/d2p6e6u75xmxt8.cloudfront.net\/13\/2022\/05\/schleck-J98A8496-1536x1024.webp 1536w, https:\/\/d2p6e6u75xmxt8.cloudfront.net\/13\/2022\/05\/schleck-J98A8496-2048x1365.webp 2048w, https:\/\/d2p6e6u75xmxt8.cloudfront.net\/13\/2022\/05\/schleck-J98A8496-272x182.webp 272w, https:\/\/d2p6e6u75xmxt8.cloudfront.net\/13\/2022\/05\/schleck-J98A8496-1920x1279.webp 1920w\" sizes=\"auto, (max-width: 1920px) 100vw, 1920px\" \/><\/a><figcaption id=\"caption-attachment-16831\" class=\"wp-caption-text\"><em>Andy Schleck u \u0159editelsk\u00e9ho vozu Enyaq iV p\u0159ed startem L\u2019Etape Czech Republic.<\/em><\/figcaption><\/figure>\n<h2><strong>Na p\u0159elomu b\u0159ezna a dubna navazuje na \u00fanorov\u00e9 aktivity L&#8217;Etape Czech Republic soust\u0159ed\u011bn\u00ed na Mallorce. V pr\u016fb\u011bhu jara a za\u010d\u00ednaj\u00edc\u00edho l\u00e9ta jsou v pl\u00e1nu Soust\u0159ed\u011bn\u00ed s Krakono\u0161em (30. 5. &#8211; 1. 6.), L&#8217;Etape Femmes \u0160umava (13.-15. 6.) a v pr\u016fb\u011bhu pr\u00e1zdnin pak Tour de France (12.-21. 7.). Komu jsou prim\u00e1rn\u011b v\u00edceden\u00ed aktivity ur\u010deny?<\/strong><\/h2>\n<p>Sportovc\u016fm, kte\u0159\u00ed cht\u011bj\u00ed za\u017e\u00edt je\u0161t\u011b n\u011bco v\u00edce. T\u0159eba soust\u0159ed\u011bn\u00ed na Mallorce, ale nemaj\u00ed kapacitu a mo\u017enosti pro zaji\u0161t\u011bn\u00ed vlastn\u00ed cestou. A n\u00e1sledn\u011b necht\u011bj\u00ed na m\u00edst\u011b jezdit sami. Jedno soust\u0159ed\u011bn\u00ed v podob\u011b prodlou\u017een\u00e9ho v\u00edkendu po\u0159\u00e1d\u00e1me spole\u010dn\u011b se z\u00e1vodem Krakono\u0161\u016fv cyklomaraton v Krkono\u0161\u00edch. Vrcholem je samoz\u0159ejm\u011b v\u00fdjezd na Tour de France, kde v\u0161ichni mohou za\u017e\u00edt atmosf\u00e9ru Tour de France a jezdit p\u0159itom na kole v idylick\u00e9m prost\u0159ed\u00ed. Prim\u00e1rn\u011b je smyslem t\u011bchto v\u00edcedenn\u00edch akc\u00ed b\u00fdt v kontaktu s komunitou, abychom vn\u00edmali, co se cyklist\u016fm napojen\u00fdm na na\u0161e akce l\u00edb\u00ed a naopak je nevyhovuj\u00edc\u00ed. Osobn\u00ed kontakt nic nenahrad\u00ed.<\/p>\n<div class=\"shortcode-ys-post-pinup\"><article class=\"loop-simple post-28583 post type-post status-publish format-standard has-post-thumbnail hentry category-silnicni-cyklistika tag-joao-almeida tag-jonas-vingegaard tag-lance-armstrong tag-matteo-jorgenson tag-pariz-nice tag-strade-bianche tag-tadej-pogacar tag-tour-de-france tag-visma-lease-a-bike tag-zraneni global-categories-cycling\" data-postid=\"28583\" role=\"article\" data-post-id=\"28583\" data-word-count=\"772\" data-headline-length=\"59\" data-category=\"Silni\u010dn\u00ed cyklistika\" data-global-category=\"Cycling\" data-author=\"We Love Cycling\" data-published=\"2025-03-16T21:17:03+02:00\" data-published-day=\"Sunday\">\n    <div class=\"entry-thumbnail article-thumbnail\" content=\"https:\/\/d2p6e6u75xmxt8.cloudfront.net\/13\/2025\/03\/profimedia-0975123070-150x150.webp\"><a href=\"https:\/\/www.welovecycling.com\/cs\/2025\/03\/16\/ma-jonas-vingegaard-vetsi-problem-nez-zranenou-ruku\/\" class=\"image-holder\" target=\"_self\"><img decoding=\"async\" loading=\"lazy\" class=\"\" src=\"https:\/\/d2p6e6u75xmxt8.cloudfront.net\/13\/2025\/03\/profimedia-0975123070-1024x683.webp\" srcset=\"https:\/\/d2p6e6u75xmxt8.cloudfront.net\/13\/2025\/03\/profimedia-0975123070.webp 1800w, https:\/\/d2p6e6u75xmxt8.cloudfront.net\/13\/2025\/03\/profimedia-0975123070-300x200.webp 300w, https:\/\/d2p6e6u75xmxt8.cloudfront.net\/13\/2025\/03\/profimedia-0975123070-1024x683.webp 1024w, https:\/\/d2p6e6u75xmxt8.cloudfront.net\/13\/2025\/03\/profimedia-0975123070-768x512.webp 768w, https:\/\/d2p6e6u75xmxt8.cloudfront.net\/13\/2025\/03\/profimedia-0975123070-1536x1024.webp 1536w, https:\/\/d2p6e6u75xmxt8.cloudfront.net\/13\/2025\/03\/profimedia-0975123070-400x267.webp 400w, https:\/\/d2p6e6u75xmxt8.cloudfront.net\/13\/2025\/03\/profimedia-0975123070-272x182.webp 272w\" width=\"1024\" height=\"683\" sizes=\"auto, (min-width: 1200px) 300px, (min-width: 768px) 25vw, 100vw\" alt=\"ma-jonas-vingegaard-vetsi-problem-nez-zranenou-ruku\"\/><\/a><\/div>    <div class=\"entry-meta\">\n        <a class=\"label label-secondary post-category\" href=\"https:\/\/www.welovecycling.com\/cs\/category\/silnicni-cyklistika\/\" title=\"Silni\u010dn\u00ed cyklistika\">Silni\u010dn\u00ed cyklistika<\/a>\n    <\/div>\n    <div class=\"entry-details\">\n        <a href=\"https:\/\/www.welovecycling.com\/cs\/2025\/03\/16\/ma-jonas-vingegaard-vetsi-problem-nez-zranenou-ruku\/\" class='entry-title-wrapper'>\n            <h3 class=\"entry-title\"><span>M\u00e1 Jonas Vingegaard v\u011bt\u0161\u00ed probl\u00e9m ne\u017e zran\u011bnou ruku?<\/span><\/h3>\n        <\/a>\n    <\/div>\n    <\/article>\n<\/div>\n<h2><strong>V r\u00e1mci jarn\u00edho soust\u0159ed\u011bn\u00ed na ostrov\u011b ve St\u0159edozemn\u00edm mo\u0159i organizuje L&#8217;Etape akci Mallorka s Terezou Vlk Hu\u0159\u00edkovou, ambasadorkou Horsk\u00e9 etapy a aktivity L&#8217;Etape Femmes. B\u00fdval\u00e1 mistryn\u011b sv\u011bta v \u010dasovce a cross country horsk\u00fdch kol je n\u00e1sledn\u011b patronkou soust\u0159ed\u011bn\u00ed na \u0160umav\u011b pouze pro \u017eeny. Da\u0159\u00ed se cyklistky motivovat?<\/strong><\/h2>\n<p>Procento \u017een p\u0159ihl\u00e1\u0161en\u00fdch do z\u00e1vodu nar\u016fst\u00e1. Jde to postupn\u011b. Pom\u00e1h\u00e1 n\u00e1m kr\u00e1tk\u00e1 trasa, na n\u00ed\u017e si mnoh\u00e9 \u017eeny otestuj\u00ed prost\u0159ed\u00ed a n\u00e1sledn\u011b se do z\u00e1vodu vrac\u00ed, mnohdy na del\u0161\u00ed distanci. Roste i po\u010det cyklistek p\u0159ihl\u00e1\u0161en\u00fdch na pobytov\u00e9 akce p\u0159\u00edpadn\u011b \u00fa\u010dastn\u00edc\u00edch se social ride. Obecn\u011b jsme si jist\u00ed, \u017ee po\u010det \u017een tr\u00e1v\u00edc\u00edch voln\u00fd \u010das na kole se zvy\u0161uje. Potk\u00e1v\u00e1me jich na silni\u010dn\u00edch kolech v r\u00e1mci na\u0161ich aktivit \u010di individu\u00e1ln\u00edch vyj\u00ed\u017ed\u011bk spoustu. Z komunikace s na\u0161imi zapojen\u00fdmi cyklistkami ale dost\u00e1v\u00e1me zp\u011btnou vazbu, \u017ee se nec\u00edt\u00ed b\u00fdt p\u0159ipraven\u00e9 na zapojen\u00ed do skupinov\u00fdch j\u00edzd. Rozhodn\u011b na n\u011b chceme apelovat, aby se nezdr\u00e1haly, proto\u017ee na\u0161e social rides L&#8217;Etape Femmes jsou i pro \u00fapln\u00e9 za\u010d\u00e1te\u010dnice a pod patronoc\u00ed Terezy Hu\u0159\u00edkov\u00e9 ur\u010dit\u011b rychle z\u00edskaj\u00ed pot\u0159ebn\u00e9 zku\u0161enosti a dovednosti. Celkem jich od 16. dubna p\u0159ipravujeme sedm.<\/p>\n<figure id=\"attachment_17500\" aria-describedby=\"caption-attachment-17500\" style=\"width: 1920px\" class=\"wp-caption alignnone\"><a href=\"https:\/\/d2p6e6u75xmxt8.cloudfront.net\/13\/2022\/06\/l-etape-BE7A9182-scaled.webp\"><img loading=\"lazy\" decoding=\"async\" class=\"size-extra-large wp-image-17500\" src=\"https:\/\/d2p6e6u75xmxt8.cloudfront.net\/13\/2022\/06\/l-etape-BE7A9182-scaled-1920x1280.webp\" alt=\"El Diablo, aneb legend\u00e1rn\u00ed \u010e\u00e1bel z Tour de France, dorazil na Andy Schleck (vlevo) a Zden\u011bk \u0160tybar na startu dlouh\u00e9 trasy L'Etape 2022.\" width=\"1920\" height=\"1280\" srcset=\"https:\/\/d2p6e6u75xmxt8.cloudfront.net\/13\/2022\/06\/l-etape-BE7A9182-scaled-1920x1280.webp 1920w, https:\/\/d2p6e6u75xmxt8.cloudfront.net\/13\/2022\/06\/l-etape-BE7A9182-scaled-300x200.webp 300w, https:\/\/d2p6e6u75xmxt8.cloudfront.net\/13\/2022\/06\/l-etape-BE7A9182-scaled-1024x682.webp 1024w, https:\/\/d2p6e6u75xmxt8.cloudfront.net\/13\/2022\/06\/l-etape-BE7A9182-scaled-768x512.webp 768w, https:\/\/d2p6e6u75xmxt8.cloudfront.net\/13\/2022\/06\/l-etape-BE7A9182-scaled-1536x1024.webp 1536w, https:\/\/d2p6e6u75xmxt8.cloudfront.net\/13\/2022\/06\/l-etape-BE7A9182-scaled-2048x1365.webp 2048w, https:\/\/d2p6e6u75xmxt8.cloudfront.net\/13\/2022\/06\/l-etape-BE7A9182-scaled-272x182.webp 272w, https:\/\/d2p6e6u75xmxt8.cloudfront.net\/13\/2022\/06\/l-etape-BE7A9182-scaled-1920x1280.webp 1920w\" sizes=\"auto, (max-width: 1920px) 100vw, 1920px\" \/><\/a><figcaption id=\"caption-attachment-17500\" class=\"wp-caption-text\"><em>El Diablo, aneb legend\u00e1rn\u00ed \u010e\u00e1bel z Tour de France, dorazil L&#8217;Etape 2022.<\/em><\/figcaption><\/figure>\n<h2><strong>N\u011bkolik dn\u016f trvaj\u00edc\u00ed soust\u0159ed\u011bn\u00ed jsou sp\u00ed\u0161e zpest\u0159en\u00edm tr\u00e9ninkov\u00e9ho programu, jeho\u017e pevnou sou\u010d\u00e1st\u00ed mohou b\u00fdt pr\u00e1v\u011b social rides. Jejich program zahrnuje celkem jeden\u00e1ct spole\u010dn\u00fdch vyj\u00ed\u017ed\u011bk, dal\u0161\u00edch sedm jen pro \u017eeny. Prvn\u00ed se uskute\u010dn\u00ed u\u017e 13. dubna v Brn\u011b. Jsou ur\u010deny pouze pro cyklisty, kte\u0159\u00ed se chystaj\u00ed na Kopcovitou L&#8217;Etape 21. \u010dervna do Prahy nebo Horskou L&#8217;Etape 2. srpna v Prachatic\u00edch?<\/strong><\/h2>\n<p>Jsou pro v\u0161echny, kte\u0159\u00ed jezd\u00ed na kole. Spousta lid\u00ed absolvuj\u00edc\u00edch social rides L&#8217;Etape v\u016fbec nen\u00ed k n\u011bkter\u00e9mu ze z\u00e1vod\u016f p\u0159ihl\u00e1\u0161ena. Jen cht\u011bj\u00ed b\u00fdt sou\u010d\u00e1st\u00ed komunity a l\u00edb\u00ed se jim my\u0161lenka j\u00edzdy ve skupin\u011b. Pr\u00e1v\u011b soci\u00e1ln\u00ed rozm\u011br odli\u0161uje silni\u010dn\u00ed cyklistiku od ostatn\u00edch cyklistick\u00fdch discipl\u00edn. Rozhodn\u011b se p\u0159ed nik\u00fdm neuzav\u00edr\u00e1me. Tud\u00ed\u017e s n\u00e1mi jedou cyklist\u00e9, kte\u0159\u00ed absolvovali t\u0159eba jeden ro\u010dn\u00edk z\u00e1vodu p\u0159\u00edpadn\u011b jsou pravideln\u00fdmi startuj\u00edc\u00edmi, ale pro nadch\u00e1zej\u00edc\u00ed rok jim pracovn\u00ed \u010di rodinn\u00fd program neumo\u017e\u0148uje \u00fa\u010dast v z\u00e1vod\u011b. A pak pochopiteln\u011b i tac\u00ed, jim\u017e se do z\u00e1vodn\u00edho pelotonu nechce. Ale j\u00edzdu v bal\u00edku si cht\u011bj\u00ed vyzkou\u0161et, osvojit si n\u00e1vyky, jet organizovan\u011b a s podporou v z\u00e1dech. A t\u0159eba pr\u00e1v\u011b d\u00edky social rides zm\u011bn\u00ed rozhodnut\u00ed, jako se to u\u017e stalo. L&#8217;Etape prost\u011b nen\u00ed jednodenn\u00edm z\u00e1vodem. Fungujeme jako komunita, kterou spojuje l\u00e1ska k silni\u010dn\u00ed cyklistice a k Tour de France.<\/p>\n<div class=\"shortcode-ys-post-pinup\"><article class=\"loop-simple post-28550 post type-post status-publish format-standard has-post-thumbnail hentry category-silnicni-cyklistika tag-cyklistika tag-divoke-karty tag-giro-2025 tag-grand-tour tag-q36-5-pro-cycling tag-rozsireni-grand-tour tag-silnicni-cyklistika tag-tour-de-france tag-tudor-pro-cycling tag-uno-x-mobility tag-vuelta global-categories-cycling\" data-postid=\"28550\" role=\"article\" data-post-id=\"28550\" data-word-count=\"641\" data-headline-length=\"44\" data-category=\"Silni\u010dn\u00ed cyklistika\" data-global-category=\"Cycling\" data-author=\"We Love Cycling\" data-published=\"2025-03-13T05:00:35+02:00\" data-published-day=\"Thursday\">\n    <div class=\"entry-thumbnail article-thumbnail\" content=\"https:\/\/d2p6e6u75xmxt8.cloudfront.net\/13\/2022\/10\/froome-peloton-150x150.webp\"><a href=\"https:\/\/www.welovecycling.com\/cs\/2025\/03\/13\/grand-tour-budou-mozna-jeste-vetsi\/\" class=\"image-holder\" target=\"_self\"><img decoding=\"async\" loading=\"lazy\" class=\"\" src=\"https:\/\/d2p6e6u75xmxt8.cloudfront.net\/13\/2022\/10\/froome-peloton-1024x682.webp\" srcset=\"https:\/\/d2p6e6u75xmxt8.cloudfront.net\/13\/2022\/10\/froome-peloton.webp 2048w, https:\/\/d2p6e6u75xmxt8.cloudfront.net\/13\/2022\/10\/froome-peloton-300x200.webp 300w, https:\/\/d2p6e6u75xmxt8.cloudfront.net\/13\/2022\/10\/froome-peloton-1024x682.webp 1024w, https:\/\/d2p6e6u75xmxt8.cloudfront.net\/13\/2022\/10\/froome-peloton-768x511.webp 768w, https:\/\/d2p6e6u75xmxt8.cloudfront.net\/13\/2022\/10\/froome-peloton-1536x1022.webp 1536w, https:\/\/d2p6e6u75xmxt8.cloudfront.net\/13\/2022\/10\/froome-peloton-1920x1278.webp 1920w, https:\/\/d2p6e6u75xmxt8.cloudfront.net\/13\/2022\/10\/froome-peloton-272x182.webp 272w, https:\/\/d2p6e6u75xmxt8.cloudfront.net\/13\/2022\/10\/froome-peloton-1920x1278.webp 1920w\" width=\"1024\" height=\"682\" sizes=\"auto, (min-width: 1200px) 300px, (min-width: 768px) 25vw, 100vw\" alt=\"grand-tour-budou-mozna-jeste-vetsi\"\/><\/a><\/div>    <div class=\"entry-meta\">\n        <a class=\"label label-secondary post-category\" href=\"https:\/\/www.welovecycling.com\/cs\/category\/silnicni-cyklistika\/\" title=\"Silni\u010dn\u00ed cyklistika\">Silni\u010dn\u00ed cyklistika<\/a>\n    <\/div>\n    <div class=\"entry-details\">\n        <a href=\"https:\/\/www.welovecycling.com\/cs\/2025\/03\/13\/grand-tour-budou-mozna-jeste-vetsi\/\" class='entry-title-wrapper'>\n            <h3 class=\"entry-title\"><span>Grand Tour budou (mo\u017en\u00e1) je\u0161t\u011b v\u011bt\u0161\u00ed!<\/span><\/h3>\n        <\/a>\n    <\/div>\n    <\/article>\n<\/div>\n<h2><strong>Mohou se nov\u00e1\u010dkov\u00e9 i pravideln\u00ed \u00fa\u010dastn\u00edci t\u011b\u0161it jako v minulosti na v\u00fdjime\u010dn\u00e9ho ambasadora?<\/strong><\/h2>\n<p>V minulosti se jako ambasado\u0159i L&#8217;Etape Czech Republic by Tour de France p\u0159edstavili Zden\u011bk \u0160tybar, Andy Schleck \u010di <a href=\"https:\/\/www.welovecycling.com\/cs\/2024\/06\/16\/fotogalerie-letape-czech-republic-2024-oslnila-contadora-vitezstvi-slavil-fiala\/\">Alberto Contador<\/a>. Jedn\u00e1n\u00ed s adepty pro leto\u0161n\u00ed rok prob\u00edhaj\u00ed a zat\u00edm se vyv\u00edj\u00ed velice slibn\u011b. Mohu prozradit jen tolik, \u017ee v Praze i Prachatic\u00edch by m\u011bl startovat v\u00edt\u011bz Tour de France. A nejde o toto\u017enou osobu. Konkr\u00e9tn\u00ed jm\u00e9na zve\u0159ejn\u00edme na tiskov\u00e9 konferenci 23. dubna.<\/p>\n","protected":false},"excerpt":{"rendered":"<p>V\u00edt\u011bzov\u00e9 Tour de France se letos p\u0159edstav\u00ed v \u010cesku p\u0159i nejv\u011bt\u0161\u00edm tuzemsk\u00e9m z\u00e1vod\u011b pro amat\u00e9ry. L&#8217;Etape Czech Republic by Tour [&hellip;]<\/p>\n","protected":false},"author":138,"featured_media":25851,"comment_status":"open","ping_status":"open","sticky":false,"template":"","format":"standard","meta":{"footnotes":""},"categories":[1564],"tags":[2709,126,3753,4127,4126,2703,9,3315],"global-categories":[411],"class_list":["post-28615","post","type-post","status-publish","format-standard","has-post-thumbnail","hentry","category-letape-czech-republic","tag-ambasador-letape-czech-republic-by-tour-de-france-2023","tag-cyklistika","tag-horska-letape-czech-republic","tag-kopcovita-letape-czech-republic","tag-letape-czech-republic-2025","tag-premysl-novak","tag-silnicni-cyklistika","tag-tereza-vlk-hurikova","global-categories-cycling"],"yoast_head":"<!-- This site is optimized with the Yoast SEO Premium plugin v25.3 (Yoast SEO v25.9) - https:\/\/yoast.com\/wordpress\/plugins\/seo\/ -->\n<title>Kr\u00e1lov\u00e9 Tour de France pojedou v Praze i Prachatic\u00edch | \u0160koda We Love Cycling - \u010cesk\u00e1 republika<\/title>\n<meta name=\"description\" content=\"V\u00edt\u011bzov\u00e9 Tour de France se letos p\u0159edstav\u00ed v \u010cesku p\u0159i nejv\u011bt\u0161\u00edm tuzemsk\u00e9m z\u00e1vod\u011b pro amat\u00e9ry. L&#039;Etape Czech Republic by Tour de France oko\u0159en\u00ed \u00fa\u010dast\u00ed coby ambasado\u0159i minul\u00ed \u0161ampioni nejslavn\u011bj\u0161\u00ed etapov\u00e9 bitvy.\" \/>\n<meta name=\"robots\" content=\"index, follow, max-snippet:-1, max-image-preview:large, max-video-preview:-1\" \/>\n<link rel=\"canonical\" href=\"https:\/\/www.welovecycling.com\/cs\/2025\/03\/20\/kralove-tour-de-france-pojedou-v-praze-i-prachaticich\/\" \/>\n<meta property=\"og:locale\" content=\"cs_CZ\" \/>\n<meta property=\"og:type\" content=\"article\" \/>\n<meta property=\"og:title\" content=\"Kr\u00e1lov\u00e9 Tour de France pojedou v Praze i Prachatic\u00edch\" \/>\n<meta property=\"og:description\" content=\"V\u00edt\u011bzov\u00e9 Tour de France se letos p\u0159edstav\u00ed v \u010cesku p\u0159i nejv\u011bt\u0161\u00edm tuzemsk\u00e9m z\u00e1vod\u011b pro amat\u00e9ry. L&#039;Etape Czech Republic by Tour de France oko\u0159en\u00ed \u00fa\u010dast\u00ed coby ambasado\u0159i minul\u00ed \u0161ampioni nejslavn\u011bj\u0161\u00ed etapov\u00e9 bitvy.\" \/>\n<meta property=\"og:url\" content=\"https:\/\/www.welovecycling.com\/cs\/2025\/03\/20\/kralove-tour-de-france-pojedou-v-praze-i-prachaticich\/\" \/>\n<meta property=\"og:site_name\" content=\"\u0160koda We Love Cycling - \u010cesk\u00e1 republika\" \/>\n<meta property=\"article:published_time\" content=\"2025-03-20T03:00:23+00:00\" \/>\n<meta property=\"og:image\" content=\"https:\/\/d2p6e6u75xmxt8.cloudfront.net\/13\/2024\/06\/contador-nenacovice-3.webp\" \/>\n\t<meta property=\"og:image:width\" content=\"2040\" \/>\n\t<meta property=\"og:image:height\" content=\"1149\" \/>\n\t<meta property=\"og:image:type\" content=\"image\/webp\" \/>\n<meta name=\"author\" content=\"radekmalina\" \/>\n<meta name=\"twitter:card\" content=\"summary_large_image\" \/>\n<meta name=\"twitter:label1\" content=\"Written by\" \/>\n\t<meta name=\"twitter:data1\" content=\"We Love Cycling\" \/>\n\t<meta name=\"twitter:label2\" content=\"Est. reading time\" \/>\n\t<meta name=\"twitter:data2\" content=\"6\" \/>\n<script type=\"application\/ld+json\" class=\"yoast-schema-graph\">{\"@context\":\"https:\/\/schema.org\",\"@graph\":[{\"@type\":\"WebPage\",\"@id\":\"https:\/\/www.welovecycling.com\/cs\/2025\/03\/20\/kralove-tour-de-france-pojedou-v-praze-i-prachaticich\/\",\"url\":\"https:\/\/www.welovecycling.com\/cs\/2025\/03\/20\/kralove-tour-de-france-pojedou-v-praze-i-prachaticich\/\",\"name\":\"Kr\u00e1lov\u00e9 Tour de France pojedou v Praze i Prachatic\u00edch | \u0160koda We Love Cycling - \u010cesk\u00e1 republika\",\"isPartOf\":{\"@id\":\"https:\/\/www.welovecycling.com\/cs\/#website\"},\"primaryImageOfPage\":{\"@id\":\"https:\/\/www.welovecycling.com\/cs\/2025\/03\/20\/kralove-tour-de-france-pojedou-v-praze-i-prachaticich\/#primaryimage\"},\"image\":{\"@id\":\"https:\/\/www.welovecycling.com\/cs\/2025\/03\/20\/kralove-tour-de-france-pojedou-v-praze-i-prachaticich\/#primaryimage\"},\"thumbnailUrl\":\"https:\/\/d2p6e6u75xmxt8.cloudfront.net\/13\/2024\/06\/contador-nenacovice-3.webp\",\"datePublished\":\"2025-03-20T03:00:23+00:00\",\"author\":{\"@id\":\"https:\/\/www.welovecycling.com\/cs\/#\/schema\/person\/d9eeb0a378f3a7e4a6d12d2b536b04b8\"},\"description\":\"V\u00edt\u011bzov\u00e9 Tour de France se letos p\u0159edstav\u00ed v \u010cesku p\u0159i nejv\u011bt\u0161\u00edm tuzemsk\u00e9m z\u00e1vod\u011b pro amat\u00e9ry. L'Etape Czech Republic by Tour de France oko\u0159en\u00ed \u00fa\u010dast\u00ed coby ambasado\u0159i minul\u00ed \u0161ampioni nejslavn\u011bj\u0161\u00ed etapov\u00e9 bitvy.\",\"inLanguage\":\"cs\",\"potentialAction\":[{\"@type\":\"ReadAction\",\"target\":[\"https:\/\/www.welovecycling.com\/cs\/2025\/03\/20\/kralove-tour-de-france-pojedou-v-praze-i-prachaticich\/\"]}]},{\"@type\":\"ImageObject\",\"inLanguage\":\"cs\",\"@id\":\"https:\/\/www.welovecycling.com\/cs\/2025\/03\/20\/kralove-tour-de-france-pojedou-v-praze-i-prachaticich\/#primaryimage\",\"url\":\"https:\/\/d2p6e6u75xmxt8.cloudfront.net\/13\/2024\/06\/contador-nenacovice-3.webp\",\"contentUrl\":\"https:\/\/d2p6e6u75xmxt8.cloudfront.net\/13\/2024\/06\/contador-nenacovice-3.webp\",\"width\":2040,\"height\":1149,\"caption\":\"Alberto Contador jel nejv\u011bt\u0161\u00ed tuzemsk\u00fd z\u00e1vod pro amat\u00e9ry L\u2019Etape Czech Republic v roce 2024.\"},{\"@type\":\"WebSite\",\"@id\":\"https:\/\/www.welovecycling.com\/cs\/#website\",\"url\":\"https:\/\/www.welovecycling.com\/cs\/\",\"name\":\"\u0160koda We Love Cycling - \u010cesk\u00e1 republika\",\"description\":\"WeLoveCycling.cz je online magaz\u00edn, kter\u00fd v\u00e1m pravideln\u011b p\u0159in\u00e1\u0161\u00ed rady a tipy, zaj\u00edmav\u00e9 \u010dl\u00e1nky, videa a jedine\u010dn\u00e9 report\u00e1\u017ee ze sv\u011bta cyklistiky.\",\"potentialAction\":[{\"@type\":\"SearchAction\",\"target\":{\"@type\":\"EntryPoint\",\"urlTemplate\":\"https:\/\/www.welovecycling.com\/cs\/?s={search_term_string}\"},\"query-input\":{\"@type\":\"PropertyValueSpecification\",\"valueRequired\":true,\"valueName\":\"search_term_string\"}}],\"inLanguage\":\"cs\"},{\"@type\":\"Person\",\"@id\":\"https:\/\/www.welovecycling.com\/cs\/#\/schema\/person\/d9eeb0a378f3a7e4a6d12d2b536b04b8\",\"name\":\"radekmalina\",\"image\":{\"@type\":\"ImageObject\",\"inLanguage\":\"cs\",\"@id\":\"https:\/\/www.welovecycling.com\/cs\/#\/schema\/person\/image\/\",\"url\":\"https:\/\/secure.gravatar.com\/avatar\/66994b632cb8c39a46b9f54afa3ae07201b678d32a54275b6f1c9ffec356bfc0?s=96&d=mm&r=g\",\"contentUrl\":\"https:\/\/secure.gravatar.com\/avatar\/66994b632cb8c39a46b9f54afa3ae07201b678d32a54275b6f1c9ffec356bfc0?s=96&d=mm&r=g\",\"caption\":\"radekmalina\"},\"url\":\"https:\/\/www.welovecycling.com\/cs\/author\/radekmalina\/\"}]}<\/script>\n<!-- \/ Yoast SEO Premium plugin. -->","yoast_head_json":{"title":"Kr\u00e1lov\u00e9 Tour de France pojedou v Praze i Prachatic\u00edch | \u0160koda We Love Cycling - \u010cesk\u00e1 republika","description":"V\u00edt\u011bzov\u00e9 Tour de France se letos p\u0159edstav\u00ed v \u010cesku p\u0159i nejv\u011bt\u0161\u00edm tuzemsk\u00e9m z\u00e1vod\u011b pro amat\u00e9ry. L'Etape Czech Republic by Tour de France oko\u0159en\u00ed \u00fa\u010dast\u00ed coby ambasado\u0159i minul\u00ed \u0161ampioni nejslavn\u011bj\u0161\u00ed etapov\u00e9 bitvy.","robots":{"index":"index","follow":"follow","max-snippet":"max-snippet:-1","max-image-preview":"max-image-preview:large","max-video-preview":"max-video-preview:-1"},"canonical":"https:\/\/www.welovecycling.com\/cs\/2025\/03\/20\/kralove-tour-de-france-pojedou-v-praze-i-prachaticich\/","og_locale":"cs_CZ","og_type":"article","og_title":"Kr\u00e1lov\u00e9 Tour de France pojedou v Praze i Prachatic\u00edch","og_description":"V\u00edt\u011bzov\u00e9 Tour de France se letos p\u0159edstav\u00ed v \u010cesku p\u0159i nejv\u011bt\u0161\u00edm tuzemsk\u00e9m z\u00e1vod\u011b pro amat\u00e9ry. L'Etape Czech Republic by Tour de France oko\u0159en\u00ed \u00fa\u010dast\u00ed coby ambasado\u0159i minul\u00ed \u0161ampioni nejslavn\u011bj\u0161\u00ed etapov\u00e9 bitvy.","og_url":"https:\/\/www.welovecycling.com\/cs\/2025\/03\/20\/kralove-tour-de-france-pojedou-v-praze-i-prachaticich\/","og_site_name":"\u0160koda We Love Cycling - \u010cesk\u00e1 republika","article_published_time":"2025-03-20T03:00:23+00:00","og_image":[{"width":2040,"height":1149,"url":"https:\/\/d2p6e6u75xmxt8.cloudfront.net\/13\/2024\/06\/contador-nenacovice-3.webp","type":"image\/webp"}],"author":"radekmalina","twitter_card":"summary_large_image","twitter_misc":{"Written by":"We Love Cycling","Est. reading time":"6"},"schema":{"@context":"https:\/\/schema.org","@graph":[{"@type":"WebPage","@id":"https:\/\/www.welovecycling.com\/cs\/2025\/03\/20\/kralove-tour-de-france-pojedou-v-praze-i-prachaticich\/","url":"https:\/\/www.welovecycling.com\/cs\/2025\/03\/20\/kralove-tour-de-france-pojedou-v-praze-i-prachaticich\/","name":"Kr\u00e1lov\u00e9 Tour de France pojedou v Praze i Prachatic\u00edch | \u0160koda We Love Cycling - \u010cesk\u00e1 republika","isPartOf":{"@id":"https:\/\/www.welovecycling.com\/cs\/#website"},"primaryImageOfPage":{"@id":"https:\/\/www.welovecycling.com\/cs\/2025\/03\/20\/kralove-tour-de-france-pojedou-v-praze-i-prachaticich\/#primaryimage"},"image":{"@id":"https:\/\/www.welovecycling.com\/cs\/2025\/03\/20\/kralove-tour-de-france-pojedou-v-praze-i-prachaticich\/#primaryimage"},"thumbnailUrl":"https:\/\/d2p6e6u75xmxt8.cloudfront.net\/13\/2024\/06\/contador-nenacovice-3.webp","datePublished":"2025-03-20T03:00:23+00:00","author":{"@id":"https:\/\/www.welovecycling.com\/cs\/#\/schema\/person\/d9eeb0a378f3a7e4a6d12d2b536b04b8"},"description":"V\u00edt\u011bzov\u00e9 Tour de France se letos p\u0159edstav\u00ed v \u010cesku p\u0159i nejv\u011bt\u0161\u00edm tuzemsk\u00e9m z\u00e1vod\u011b pro amat\u00e9ry. L'Etape Czech Republic by Tour de France oko\u0159en\u00ed \u00fa\u010dast\u00ed coby ambasado\u0159i minul\u00ed \u0161ampioni nejslavn\u011bj\u0161\u00ed etapov\u00e9 bitvy.","inLanguage":"cs","potentialAction":[{"@type":"ReadAction","target":["https:\/\/www.welovecycling.com\/cs\/2025\/03\/20\/kralove-tour-de-france-pojedou-v-praze-i-prachaticich\/"]}]},{"@type":"ImageObject","inLanguage":"cs","@id":"https:\/\/www.welovecycling.com\/cs\/2025\/03\/20\/kralove-tour-de-france-pojedou-v-praze-i-prachaticich\/#primaryimage","url":"https:\/\/d2p6e6u75xmxt8.cloudfront.net\/13\/2024\/06\/contador-nenacovice-3.webp","contentUrl":"https:\/\/d2p6e6u75xmxt8.cloudfront.net\/13\/2024\/06\/contador-nenacovice-3.webp","width":2040,"height":1149,"caption":"Alberto Contador jel nejv\u011bt\u0161\u00ed tuzemsk\u00fd z\u00e1vod pro amat\u00e9ry L\u2019Etape Czech Republic v roce 2024."},{"@type":"WebSite","@id":"https:\/\/www.welovecycling.com\/cs\/#website","url":"https:\/\/www.welovecycling.com\/cs\/","name":"\u0160koda We Love Cycling - \u010cesk\u00e1 republika","description":"WeLoveCycling.cz je online magaz\u00edn, kter\u00fd v\u00e1m pravideln\u011b p\u0159in\u00e1\u0161\u00ed rady a tipy, zaj\u00edmav\u00e9 \u010dl\u00e1nky, videa a jedine\u010dn\u00e9 report\u00e1\u017ee ze sv\u011bta cyklistiky.","potentialAction":[{"@type":"SearchAction","target":{"@type":"EntryPoint","urlTemplate":"https:\/\/www.welovecycling.com\/cs\/?s={search_term_string}"},"query-input":{"@type":"PropertyValueSpecification","valueRequired":true,"valueName":"search_term_string"}}],"inLanguage":"cs"},{"@type":"Person","@id":"https:\/\/www.welovecycling.com\/cs\/#\/schema\/person\/d9eeb0a378f3a7e4a6d12d2b536b04b8","name":"radekmalina","image":{"@type":"ImageObject","inLanguage":"cs","@id":"https:\/\/www.welovecycling.com\/cs\/#\/schema\/person\/image\/","url":"https:\/\/secure.gravatar.com\/avatar\/66994b632cb8c39a46b9f54afa3ae07201b678d32a54275b6f1c9ffec356bfc0?s=96&d=mm&r=g","contentUrl":"https:\/\/secure.gravatar.com\/avatar\/66994b632cb8c39a46b9f54afa3ae07201b678d32a54275b6f1c9ffec356bfc0?s=96&d=mm&r=g","caption":"radekmalina"},"url":"https:\/\/www.welovecycling.com\/cs\/author\/radekmalina\/"}]}},"_links":{"self":[{"href":"https:\/\/www.welovecycling.com\/cs\/wp-json\/wp\/v2\/posts\/28615","targetHints":{"allow":["GET"]}}],"collection":[{"href":"https:\/\/www.welovecycling.com\/cs\/wp-json\/wp\/v2\/posts"}],"about":[{"href":"https:\/\/www.welovecycling.com\/cs\/wp-json\/wp\/v2\/types\/post"}],"author":[{"embeddable":true,"href":"https:\/\/www.welovecycling.com\/cs\/wp-json\/wp\/v2\/users\/138"}],"replies":[{"embeddable":true,"href":"https:\/\/www.welovecycling.com\/cs\/wp-json\/wp\/v2\/comments?post=28615"}],"version-history":[{"count":2,"href":"https:\/\/www.welovecycling.com\/cs\/wp-json\/wp\/v2\/posts\/28615\/revisions"}],"predecessor-version":[{"id":28617,"href":"https:\/\/www.welovecycling.com\/cs\/wp-json\/wp\/v2\/posts\/28615\/revisions\/28617"}],"wp:featuredmedia":[{"embeddable":true,"href":"https:\/\/www.welovecycling.com\/cs\/wp-json\/wp\/v2\/media\/25851"}],"wp:attachment":[{"href":"https:\/\/www.welovecycling.com\/cs\/wp-json\/wp\/v2\/media?parent=28615"}],"wp:term":[{"taxonomy":"category","embeddable":true,"href":"https:\/\/www.welovecycling.com\/cs\/wp-json\/wp\/v2\/categories?post=28615"},{"taxonomy":"post_tag","embeddable":true,"href":"https:\/\/www.welovecycling.com\/cs\/wp-json\/wp\/v2\/tags?post=28615"},{"taxonomy":"global-categories","embeddable":true,"href":"https:\/\/www.welovecycling.com\/cs\/wp-json\/wp\/v2\/global-categories?post=28615"}],"curies":[{"name":"wp","href":"https:\/\/api.w.org\/{rel}","templated":true}]}}