{"id":28583,"date":"2025-03-16T21:17:03","date_gmt":"2025-03-16T19:17:03","guid":{"rendered":"https:\/\/www.welovecycling.com\/cs\/?p=28583"},"modified":"2025-03-16T21:41:24","modified_gmt":"2025-03-16T19:41:24","slug":"ma-jonas-vingegaard-vetsi-problem-nez-zranenou-ruku","status":"publish","type":"post","link":"https:\/\/www.welovecycling.com\/cs\/2025\/03\/16\/ma-jonas-vingegaard-vetsi-problem-nez-zranenou-ruku\/","title":{"rendered":"M\u00e1 Jonas Vingegaard v\u011bt\u0161\u00ed probl\u00e9m ne\u017e zran\u011bnou ruku?"},"content":{"rendered":"<p><strong>Jonas Vingegaard nedokon\u010dil kv\u016fli zran\u011bn\u00ed etapov\u00fd z\u00e1vod Pa\u0159\u00ed\u017e-Nice. D\u00e1nsk\u00fd l\u00eddr Visma Lease a Bike chystaj\u00edc\u00ed se k \u00fatoku na t\u0159et\u00ed triumf z Tour de France m\u00e1 v\u0161ak t\u0159i a p\u016fl m\u011bs\u00edce p\u0159ed startem nejv\u011bt\u0161\u00edho z\u00e1vodu planety z\u0159ejm\u011b v\u011bt\u0161\u00ed probl\u00e9m. B\u011bhem \u010dtvrt\u00e9ho d\u011bjstv\u00ed Z\u00e1vodu za sluncem, jak je bitva vedouc\u00ed z hlavn\u00edho m\u011bsta Francie na Azurov\u00e9 pob\u0159e\u017e\u00ed ozna\u010dov\u00e1na, prohr\u00e1l souboj o etapov\u00e9 prvenstv\u00ed s domestikem \u00fahlavn\u00edho rivala Tadeje Poga\u010dara. T\u011b\u017ek\u00e1 r\u00e1na pro sebev\u011bdom\u00ed. A aby nebylo mrzutost\u00ed m\u00e1lo, cel\u00fd lapsus prov\u00e1zel \u00fatok na vlastn\u00edho t\u00fdmov\u00e9ho kolegu&#8230;<\/strong><\/p>\n<p>Jonas Vingegaard nebyl schopn\u00fd p\u0159i Tour de France 2024 konkurovat Tadeji Poga\u010darovi, hv\u011bzd\u011b ve slu\u017eb\u00e1ch UAE Emirates. Pom\u011br v\u00edt\u011bzstv\u00ed z Grande Boucle se tak p\u0159ev\u00e1\u017eil na stranu Slovince, kter\u00fd m\u00e1 nyn\u00ed t\u0159i prvenstv\u00ed, zat\u00edmco d\u00e1nsk\u00fd jezdec dv\u011b. Objektivn\u011b v posledn\u00edm ro\u010dn\u00edku Star\u00e9 d\u00e1my rod\u00e1k z Hillerslevu nebyl stoprocentn\u00ed, proto\u017ee se cel\u00e9 jaro pral s n\u00e1sledky hororov\u00e9ho p\u00e1du p\u0159i z\u00e1vod\u011b Kolem Baskicka. Nav\u00edc Tadej Poga\u010dar pro\u017eil sezonu z \u0159\u00ed\u0161e sn\u016f.<\/p>\n<h2><strong>Tadej Poga\u010dar d\u00e1rky ned\u00e1v\u00e1, ale pr\u00e1ci koleg\u016f m\u011bn\u00ed ve zlato<\/strong><\/h2>\n<p>Nen\u00ed tud\u00ed\u017e divu, \u017ee nejv\u00edce o\u010dek\u00e1van\u00fdm duelem leto\u0161n\u00ed sezony je vz\u00e1jemn\u00fd st\u0159et p\u0159i sto dvan\u00e1ct\u00e9m ro\u010dn\u00edku Tour de France. Psychologick\u00e1 bitva se rozehr\u00e1la u\u017e na startu sezony. By\u0165 zat\u00edm jen na d\u00e1lku.<\/p>\n<p>Prvn\u00ed do z\u00e1vodn\u00ed sezony vstoupil Tadej Poga\u010dar. Vyhr\u00e1l dv\u011b etapy s horsk\u00fdm dojezdem p\u0159i UAE Tour a stal se i celkov\u00fdm \u0161ampionem z\u00e1vodu. N\u00e1sledn\u011b ovl\u00e1dl pot\u0159et\u00ed v historii Strade Bianche, p\u0159esto\u017ee pades\u00e1t kilometr\u016f p\u0159ed c\u00edlem utrp\u011bl stra\u0161ideln\u00fd p\u00e1d, ale potrhan\u00fd a zkrvaven\u00fd se vr\u00e1til na kolo a p\u0159edvedl fam\u00f3zn\u00ed v\u00edt\u011bzn\u00e9 s\u00f3lo.<\/p>\n<figure id=\"attachment_28497\" aria-describedby=\"caption-attachment-28497\" style=\"width: 1800px\" class=\"wp-caption alignnone\"><a href=\"https:\/\/d2p6e6u75xmxt8.cloudfront.net\/13\/2025\/03\/profimedia-0973823179.webp\"><img loading=\"lazy\" decoding=\"async\" class=\"size-full wp-image-28497\" src=\"https:\/\/d2p6e6u75xmxt8.cloudfront.net\/13\/2025\/03\/profimedia-0973823179.webp\" alt=\"\" width=\"1800\" height=\"1199\" srcset=\"https:\/\/d2p6e6u75xmxt8.cloudfront.net\/13\/2025\/03\/profimedia-0973823179.webp 1800w, https:\/\/d2p6e6u75xmxt8.cloudfront.net\/13\/2025\/03\/profimedia-0973823179-300x200.webp 300w, https:\/\/d2p6e6u75xmxt8.cloudfront.net\/13\/2025\/03\/profimedia-0973823179-1024x682.webp 1024w, https:\/\/d2p6e6u75xmxt8.cloudfront.net\/13\/2025\/03\/profimedia-0973823179-768x512.webp 768w, https:\/\/d2p6e6u75xmxt8.cloudfront.net\/13\/2025\/03\/profimedia-0973823179-1536x1023.webp 1536w, https:\/\/d2p6e6u75xmxt8.cloudfront.net\/13\/2025\/03\/profimedia-0973823179-400x266.webp 400w, https:\/\/d2p6e6u75xmxt8.cloudfront.net\/13\/2025\/03\/profimedia-0973823179-272x182.webp 272w\" sizes=\"auto, (max-width: 1800px) 100vw, 1800px\" \/><\/a><figcaption id=\"caption-attachment-28497\" class=\"wp-caption-text\"><em>Tadej Poga\u010dar v p\u0159\u00edkopu po karambolu p\u0159i Strade Bianche 2025.<\/em><\/figcaption><\/figure>\n<p>Jonas Vingegaard vyhr\u00e1l \u010dasovku coby posledn\u00ed d\u011bjstv\u00ed p\u011bt dn\u016f trvaj\u00edc\u00edho z\u00e1vodu Kolem Algarve, \u010d\u00edm\u017e se stal i celkov\u00fdm v\u00edt\u011bzem. Z\u00e1vod Pa\u0159\u00ed\u017e-Nice nedokon\u010dil po p\u00e1du v p\u00e1t\u00e9 etap\u011b, jeho\u017e n\u00e1sledkem m\u00e1 poran\u011bnou ruku. Z\u00e1sadn\u011bj\u0161\u00ed ud\u00e1losti se v\u0161ak odehr\u00e1ly v p\u0159edchoz\u00edm d\u011bjstv\u00ed.<\/p>\n<p>P\u0159i etap\u011b, kterou zas\u00e1hla sn\u011bhov\u00e1 v\u00e1nice. C\u00edl byl na La Loge des Gardes po v\u00fdstupu dlouh\u00e9m 6,7 kilometr\u016f s pr\u016fm\u011brn\u00fdm sklonem 7,1 procenta. Ve \u017elut\u00e9m trikotu l\u00eddra Pa\u0159\u00ed\u017e-Nice jel Matteo Jorgenson, par\u0165\u00e1k d\u00e1nsk\u00e9ho cyklisty. Jen\u017ee Jonas Vingegaard nepochopiteln\u011b v z\u00e1v\u011bru opakovan\u011b ze skupiny favorit\u016f \u00fato\u010dil a\u017e se mu poda\u0159ilo odjet. Jen\u017ee etapu nevyhr\u00e1l. Par\u00e1dn\u00edm v\u00fdkonem jej o triumf obral Joao Almeida, z\u00e1vodn\u00edk formace UAE Emirates.<\/p>\n<h2><strong>Pro\u010d cht\u011bl triumf, kter\u00fd pro n\u011bj nem\u00e1 v\u00fdznam?<\/strong><\/h2>\n<p>Jonas Vingegaard se sice i p\u0159es prohru posunul do \u010dela pr\u016fb\u011b\u017en\u00e9ho po\u0159ad\u00ed. Ale \u00fato\u010dit na vlastn\u00edho t\u00fdmov\u00e9ho kolegu, jeho\u017e v\u011brn\u00e9 slu\u017eby bude pot\u0159ebovat v \u010dervenci p\u0159i Tour de France? Nav\u00edc v situaci, kdy Jorgenson usiloval o obhajobu prvenstv\u00ed? A je\u0161t\u011b podlehnout domestikovi \u00fahlavn\u00edho rivala?<\/p>\n<p>Jestli d\u00e1nsk\u00fd borec n\u011bco nepot\u0159eboval, tak pr\u00e1v\u011b tenhle sc\u00e9n\u00e1\u0159. Chab\u00e9 jsou argumenty, \u017ee teprve buduje formu sm\u011brem k Tour de France. Tadej Poga\u010dar nepochybn\u011b rovn\u011b\u017e je\u0161t\u011b nen\u00ed na vrcholu sil. Stejn\u011b jako jeho pomocn\u00edk Joao Almeida. Tak\u017ee pokud doufal d\u00e1nsk\u00fd cyklista v pos\u00edlen\u00ed sebed\u016fv\u011bru, sp\u00ed\u0161e ji rozkol\u00edsal. A vztah\u016fm uvnit\u0159 t\u00fdmu rovn\u011b\u017e moc nep\u0159isp\u011bl.<\/p>\n<div class=\"shortcode-ys-post-pinup\"><article class=\"loop-simple post-28503 post type-post status-publish format-standard has-post-thumbnail hentry category-silnicni-cyklistika tag-85-etap tag-cyklistika tag-etapova-prvenstvi tag-frantisek-rabon tag-htc-columbia tag-rekord tag-rekord-v-poctu-vitezstvi tag-rekord-v-poctu-vyhranych-etap tag-silnicni-cyklistika tag-tadej-pogacar tag-uae-emirates global-categories-cycling\" data-postid=\"28503\" role=\"article\" data-post-id=\"28503\" data-word-count=\"829\" data-headline-length=\"39\" data-category=\"Silni\u010dn\u00ed cyklistika\" data-global-category=\"Cycling\" data-author=\"Radek Malina\" data-published=\"2025-03-10T11:00:44+02:00\" data-published-day=\"Monday\">\n    <div class=\"entry-thumbnail article-thumbnail\" content=\"https:\/\/d2p6e6u75xmxt8.cloudfront.net\/13\/2025\/03\/profimedia-0677420927-150x150.webp\"><a href=\"https:\/\/www.welovecycling.com\/cs\/2025\/03\/10\/rekord-zaklad-polozila-hadka-hvezd\/\" class=\"image-holder\" target=\"_self\"><img decoding=\"async\" loading=\"lazy\" class=\"\" src=\"https:\/\/d2p6e6u75xmxt8.cloudfront.net\/13\/2025\/03\/profimedia-0677420927-1024x742.webp\" srcset=\"https:\/\/d2p6e6u75xmxt8.cloudfront.net\/13\/2025\/03\/profimedia-0677420927.webp 1800w, https:\/\/d2p6e6u75xmxt8.cloudfront.net\/13\/2025\/03\/profimedia-0677420927-300x218.webp 300w, https:\/\/d2p6e6u75xmxt8.cloudfront.net\/13\/2025\/03\/profimedia-0677420927-1024x742.webp 1024w, https:\/\/d2p6e6u75xmxt8.cloudfront.net\/13\/2025\/03\/profimedia-0677420927-768x557.webp 768w, https:\/\/d2p6e6u75xmxt8.cloudfront.net\/13\/2025\/03\/profimedia-0677420927-1536x1114.webp 1536w, https:\/\/d2p6e6u75xmxt8.cloudfront.net\/13\/2025\/03\/profimedia-0677420927-400x290.webp 400w\" width=\"1024\" height=\"742\" sizes=\"auto, (min-width: 1200px) 300px, (min-width: 768px) 25vw, 100vw\" alt=\"rekord-zaklad-polozila-hadka-hvezd\"\/><\/a><\/div>    <div class=\"entry-meta\">\n        <a class=\"label label-secondary post-category\" href=\"https:\/\/www.welovecycling.com\/cs\/category\/silnicni-cyklistika\/\" title=\"Silni\u010dn\u00ed cyklistika\">Silni\u010dn\u00ed cyklistika<\/a>\n    <\/div>\n    <div class=\"entry-details\">\n        <a href=\"https:\/\/www.welovecycling.com\/cs\/2025\/03\/10\/rekord-zaklad-polozila-hadka-hvezd\/\" class='entry-title-wrapper'>\n            <h3 class=\"entry-title\"><span>Rekord? Z\u00e1klad polo\u017eila h\u00e1dka hv\u011bzd<\/span><\/h3>\n        <\/a>\n    <\/div>\n    <\/article>\n<\/div>\n<p>&#8222;Nejprve jsem si myslel, \u017ee Jonas Vingegaard p\u0159ipravuje pozici pro Jorgensona. Jak\u00fd d\u00e1v\u00e1 smysl \u00fato\u010dit na t\u00fdmov\u00e9ho kolegu, kter\u00fd je pr\u016fb\u011b\u017en\u011b prvn\u00ed? Nav\u00edc v z\u00e1vod\u011b, o n\u011bm\u017e \u0159ekne\u0161, \u017ee pro tebe nen\u00ed c\u00edlem? A je\u0161t\u011b za\u00fato\u010d\u00ed\u0161 t\u0159ikr\u00e1t? A pak prohraje\u0161? P\u0159itom Jorgenson v minulosti n\u011bkolikr\u00e1t zachr\u00e1nil Tour de France pro d\u00e1nsk\u00e9ho par\u0165\u00e1ka,&#8220; pronesl Bob Roll, b\u00fdval\u00fd profesion\u00e1ln\u00ed cyklista se t\u0159emi starty z Tour de France a nyn\u00ed koment\u00e1tor <a href=\"https:\/\/x.com\/NBCSCycling\/status\/1899958835030212769\">NBC Sports Cycling<\/a>.<\/p>\n<p>&#8222;Je fajn, kdy\u017e pro par\u0165\u00e1ka pokryje\u0161 \u00fatok Lennyho Martineze, j\u00edm\u017e v\u0161echno za\u010dalo. Alespo\u0148 tak se to zd\u00e1lo. Ale pak opakovan\u011b \u00fato\u010dit na kluka z vlastn\u00edho t\u00fdmu? Kdy\u017e to ud\u011bl\u00e1\u0161, mus\u00ed\u0161 b\u00fdt nejagresivn\u011bj\u0161\u00ed, nejsiln\u011bj\u0161\u00ed a uk\u00e1zat v\u00e1\u017en\u011b spektakul\u00e1rn\u00ed v\u011bc. A jestli bude Jonas Vingegaard lep\u0161\u00ed v \u010dervenci, za such\u00fdch podm\u00ednek a\u017e nebude panovat mraziv\u00e9 po\u010das\u00ed? Ostatn\u00ed lep\u0161\u00ed nebudou? Byl bych opatrn\u00fd s t\u011bmito progn\u00f3zami,&#8220; uvedl Christian Vande Velde, b\u00fdval\u00fd profesion\u00e1ln\u00ed cyklista s jeden\u00e1cti starty na Tour de France.<\/p>\n<h2><strong>Ud\u011blala Visma chybu?<\/strong><\/h2>\n<p>Matteo Jorgenson nakonec Pa\u0159\u00ed\u017e-Nice vyhr\u00e1l a obh\u00e1jil lo\u0148sk\u00e9 prvenstv\u00ed. Ale stalo by se tak i v p\u0159\u00edpad\u011b, \u017ee by Jonas Vingegaard v z\u00e1vod\u011b pokra\u010doval?<\/p>\n<p>&#8222;Visma ud\u011blala chybu. U\u017e p\u0159ed startem m\u011blo b\u00fdt jasn\u011b dan\u00e9, \u017ee se pojede na Jorgensona. Pokud by se dostal Matteo do probl\u00e9m\u016f, byl \u00fatok, kter\u00fd p\u0159edvedl Jonas Vingegaard, ospravedlniteln\u00fd. Ale jinak rozhodn\u011b ne. D\u00e1n si m\u011bl uv\u011bdomit, jak neuv\u011b\u0159itelnou hodnotu pro n\u011bj m\u00e1 Jorgenson a jeho loajalita,&#8220; komentoval situaci Johan Bruyneel, b\u00fdval\u00fd belgick\u00fd z\u00e1vodn\u00edk a sportovn\u00ed \u0159editel.<\/p>\n<figure id=\"attachment_28585\" aria-describedby=\"caption-attachment-28585\" style=\"width: 1800px\" class=\"wp-caption alignnone\"><a href=\"https:\/\/d2p6e6u75xmxt8.cloudfront.net\/13\/2025\/03\/profimedia-0975007025.webp\"><img loading=\"lazy\" decoding=\"async\" class=\"size-full wp-image-28585\" src=\"https:\/\/d2p6e6u75xmxt8.cloudfront.net\/13\/2025\/03\/profimedia-0975007025.webp\" alt=\"\" width=\"1800\" height=\"1200\" srcset=\"https:\/\/d2p6e6u75xmxt8.cloudfront.net\/13\/2025\/03\/profimedia-0975007025.webp 1800w, https:\/\/d2p6e6u75xmxt8.cloudfront.net\/13\/2025\/03\/profimedia-0975007025-300x200.webp 300w, https:\/\/d2p6e6u75xmxt8.cloudfront.net\/13\/2025\/03\/profimedia-0975007025-1024x683.webp 1024w, https:\/\/d2p6e6u75xmxt8.cloudfront.net\/13\/2025\/03\/profimedia-0975007025-768x512.webp 768w, https:\/\/d2p6e6u75xmxt8.cloudfront.net\/13\/2025\/03\/profimedia-0975007025-1536x1024.webp 1536w, https:\/\/d2p6e6u75xmxt8.cloudfront.net\/13\/2025\/03\/profimedia-0975007025-400x267.webp 400w, https:\/\/d2p6e6u75xmxt8.cloudfront.net\/13\/2025\/03\/profimedia-0975007025-272x182.webp 272w\" sizes=\"auto, (max-width: 1800px) 100vw, 1800px\" \/><\/a><figcaption id=\"caption-attachment-28585\" class=\"wp-caption-text\"><em>Jonas Vingegaard pr\u00e1v\u011b p\u0159i \u010dtvrt\u00e9 etap\u011b Pa\u0159\u00ed\u017e-Nice 2025 prohr\u00e1v\u00e1 souboj s Joao Almeidou, domestikem Tadeje Poga\u010dara.<\/em><\/figcaption><\/figure>\n<p>&#8222;Pro Vingegaarda nem\u00e1 triumf z Pa\u0159\u00ed\u017e-Nice \u017e\u00e1dnou cenu. Kdy\u017e dop\u0159eje v\u00edt\u011bzstv\u00ed par\u0165\u00e1kovi, ud\u011bl\u00e1 jej \u0161\u0165astn\u00e9ho a super oddan\u00e9ho. Jist\u011b, Jorgenson by ur\u010dit\u011b svou pr\u00e1ci d\u011blal i kdyby mu prvenstv\u00ed nebylo dop\u0159\u00e1no. Ale jde o mali\u010dkosti, o chemii uvnit\u0159 t\u00fdmu. A tohle j\u00ed nepom\u00e1h\u00e1,&#8220; doplnil Bruyneel.<\/p>\n<h2><strong>Jonas Vingegaard dvakr\u00e1t podlehl domestikovi Poga\u010dara<\/strong><\/h2>\n<p>Je\u0161t\u011b v\u00edce ot\u00e1zek ne\u017e budov\u00e1n\u00ed vztah\u016f uvnit\u0159 sestavy Visma Lease a Bike vyvol\u00e1v\u00e1 prohra s Almeidou. Fakt, \u017ee Jonas Vingegaard nebyl schopn\u00fd \u00fatok na vrcholu La Loge des Gardes dot\u00e1hnout do zd\u00e1rn\u00e9ho konce, mus\u00ed b\u00fdt znepokojiv\u00fd pro cel\u00fd t\u00fdm. T\u00edm sp\u00ed\u0161e s v\u011bdom\u00edm dojezd\u016f Tadeje Poga\u010dara na Jebel Jais a Jebel Hafeet p\u0159i UAE Tour, nemluv\u011b o v\u00e1\u017en\u011b <a href=\"https:\/\/www.welovecycling.com\/cs\/2025\/03\/08\/zkrvaveny-demon-tadej-pogacar-epickym-vykonem-napsal-historii\/\">spektakul\u00e1rn\u00edm p\u0159edstaven\u00ed<\/a> na Strade Bianche. Slovinec nem\u00e1 ve zvyku rozd\u00e1vat &#8222;d\u00e1rky&#8220; koleg\u016fm, ale sou\u010dasn\u011b nemrh\u00e1 jejich prac\u00ed a stoprocentn\u011b ji dok\u00e1\u017ee p\u0159etavit v pomysln\u00e9 zlato.<\/p>\n<div class=\"shortcode-ys-post-pinup\"><article class=\"loop-simple post-28234 post type-post status-publish format-standard has-post-thumbnail hentry category-gravel tag-classified-x-rose tag-cyklistika tag-gravel tag-posedla tag-thomas-de-gendt global-categories-cycling\" data-postid=\"28234\" role=\"article\" data-post-id=\"28234\" data-word-count=\"790\" data-headline-length=\"69\" data-category=\"Gravel\" data-global-category=\"Cycling\" data-author=\"Radek Malina\" data-published=\"2025-02-13T08:53:47+02:00\" data-published-day=\"Thursday\">\n    <div class=\"entry-thumbnail article-thumbnail\" content=\"https:\/\/d2p6e6u75xmxt8.cloudfront.net\/13\/2025\/02\/brazodehierro_classified-X-rosebikes_portraits_team-4960-1-150x150.webp\"><a href=\"https:\/\/www.welovecycling.com\/cs\/2025\/02\/13\/ahoj-kluci-budeme-spolupracovat-hvezda-world-tour-oslovila-posedla\/\" class=\"image-holder\" target=\"_self\"><img decoding=\"async\" loading=\"lazy\" class=\"\" src=\"https:\/\/d2p6e6u75xmxt8.cloudfront.net\/13\/2025\/02\/brazodehierro_classified-X-rosebikes_portraits_team-4960-1-1024x683.webp\" srcset=\"https:\/\/d2p6e6u75xmxt8.cloudfront.net\/13\/2025\/02\/brazodehierro_classified-X-rosebikes_portraits_team-4960-1-scaled.webp 2560w, https:\/\/d2p6e6u75xmxt8.cloudfront.net\/13\/2025\/02\/brazodehierro_classified-X-rosebikes_portraits_team-4960-1-300x200.webp 300w, https:\/\/d2p6e6u75xmxt8.cloudfront.net\/13\/2025\/02\/brazodehierro_classified-X-rosebikes_portraits_team-4960-1-1024x683.webp 1024w, https:\/\/d2p6e6u75xmxt8.cloudfront.net\/13\/2025\/02\/brazodehierro_classified-X-rosebikes_portraits_team-4960-1-768x512.webp 768w, https:\/\/d2p6e6u75xmxt8.cloudfront.net\/13\/2025\/02\/brazodehierro_classified-X-rosebikes_portraits_team-4960-1-1536x1025.webp 1536w, https:\/\/d2p6e6u75xmxt8.cloudfront.net\/13\/2025\/02\/brazodehierro_classified-X-rosebikes_portraits_team-4960-1-2048x1366.webp 2048w, https:\/\/d2p6e6u75xmxt8.cloudfront.net\/13\/2025\/02\/brazodehierro_classified-X-rosebikes_portraits_team-4960-1-1920x1281.webp 1920w, https:\/\/d2p6e6u75xmxt8.cloudfront.net\/13\/2025\/02\/brazodehierro_classified-X-rosebikes_portraits_team-4960-1-400x267.webp 400w, https:\/\/d2p6e6u75xmxt8.cloudfront.net\/13\/2025\/02\/brazodehierro_classified-X-rosebikes_portraits_team-4960-1-272x182.webp 272w, https:\/\/d2p6e6u75xmxt8.cloudfront.net\/13\/2025\/02\/brazodehierro_classified-X-rosebikes_portraits_team-4960-1-1920x1281.webp 1920w\" width=\"1024\" height=\"683\" sizes=\"auto, (min-width: 1200px) 300px, (min-width: 768px) 25vw, 100vw\" alt=\"ahoj-kluci-budeme-spolupracovat-hvezda-world-tour-oslovila-posedla\"\/><\/a><\/div>    <div class=\"entry-meta\">\n        <a class=\"label label-secondary post-category\" href=\"https:\/\/www.welovecycling.com\/cs\/category\/gravel\/\" title=\"Gravel\">Gravel<\/a>\n    <\/div>\n    <div class=\"entry-details\">\n        <a href=\"https:\/\/www.welovecycling.com\/cs\/2025\/02\/13\/ahoj-kluci-budeme-spolupracovat-hvezda-world-tour-oslovila-posedla\/\" class='entry-title-wrapper'>\n            <h3 class=\"entry-title\"><span>Ahoj kluci, budeme spolupracovat? Hv\u011bzda World Tour oslovila Posedla<\/span><\/h3>\n        <\/a>\n    <\/div>\n    <\/article>\n<\/div>\n<p>&#8222;Jak chcete porazit na Tour de France Tadeje Poga\u010dara, kdy\u017e neporaz\u00edte Almeidu? Dvakr\u00e1t \u010delil Jonas Vingegaard portugalsk\u00e9mu domestikovi Poga\u010dara a dvakr\u00e1t prohr\u00e1l,&#8220; upozornil Lance Armstrong, b\u00fdval\u00fd cyklista, v podcastu The Move. &#8222;Almeida je p\u0159itom takov\u00fd slab\u0161\u00ed Poga\u010dar,&#8220; doplnil je\u0161t\u011b.<\/p>\n<p>Nar\u00e1\u017eel na skute\u010dnost, \u017ee d\u00e1nsk\u00fd z\u00e1vodn\u00edk podlehl Almeidovi nejen ve \u010dtvrt\u00e9m d\u011bjstv\u00ed p\u0159i Pa\u0159\u00ed\u017e-Nice, ale tak\u00e9 v druh\u00e9 etap\u011b Kolem Algarve s vrcholov\u00fdm dojezdem na Alto da Foia. Do c\u00edle stoup\u00e1n\u00ed dlouh\u00e9ho 8,5 kilometr\u016f s pr\u016fm\u011brn\u00fdm sklonem p\u011bt procent dojel s mankem deseti sekund pr\u00e1v\u011b na Almeidu, kter\u00fd daroval v\u00edt\u011bzstv\u00ed t\u00fdmov\u00e9mu kolegovi Janu Christenovi\u2026<\/p>\n<p>Oba superfavorit\u00e9 maj\u00ed pro dal\u0161\u00ed jarn\u00ed m\u011bs\u00edce odli\u0161n\u00fd program. Jonas Vingegaard by m\u011bl jet posledn\u00ed b\u0159eznov\u00fd t\u00fdden Kolem Katal\u00e1nska, v \u010dervnu pak coby gener\u00e1lku na Tour de France tradi\u010dn\u00ed Crit\u00e9rium du Dauphin\u00e9. Tento z\u00e1vod m\u00e1 v kalend\u00e1\u0159i i Tadej Poga\u010dar. Jeho program v\u0161ak tvo\u0159\u00ed pouze jednor\u00e1zovky: Mil\u00e1n-San Remo, E3 Saxo Classic, Gent Wevelgem, Kolem Flander, Amstel Gold Race, Valonsk\u00fd \u0161\u00edp a Lutych-Basto\u0148-Lutych. Je v\u0161ak ot\u00e1zka, do jak\u00e9 m\u00edry kalend\u00e1\u0159 ovlivn\u00ed zran\u011bn\u00ed obou z\u00e1vodn\u00edk\u016f z jejich posledn\u00edch start\u016f.<\/p>\n","protected":false},"excerpt":{"rendered":"<p>Jonas Vingegaard nedokon\u010dil kv\u016fli zran\u011bn\u00ed etapov\u00fd z\u00e1vod Pa\u0159\u00ed\u017e-Nice. D\u00e1nsk\u00fd l\u00eddr Visma Lease a Bike chystaj\u00edc\u00ed se k \u00fatoku na t\u0159et\u00ed [&hellip;]<\/p>\n","protected":false},"author":138,"featured_media":28584,"comment_status":"open","ping_status":"open","sticky":false,"template":"","format":"standard","meta":{"footnotes":""},"categories":[10],"tags":[1205,1601,242,1927,101,1057,502,23,3566,113],"global-categories":[411],"class_list":["post-28583","post","type-post","status-publish","format-standard","has-post-thumbnail","hentry","category-silnicni-cyklistika","tag-joao-almeida","tag-jonas-vingegaard","tag-lance-armstrong","tag-matteo-jorgenson","tag-pariz-nice","tag-strade-bianche","tag-tadej-pogacar","tag-tour-de-france","tag-visma-lease-a-bike","tag-zraneni","global-categories-cycling"],"yoast_head":"<!-- This site is optimized with the Yoast SEO Premium plugin v25.3 (Yoast SEO v25.9) - https:\/\/yoast.com\/wordpress\/plugins\/seo\/ -->\n<title>M\u00e1 Jonas Vingegaard v\u011bt\u0161\u00ed probl\u00e9m ne\u017e zran\u011bnou ruku? | \u0160koda We Love Cycling - \u010cesk\u00e1 republika<\/title>\n<meta name=\"description\" content=\"Jonas Vingegaard nedokon\u010dil kv\u016fli zran\u011bn\u00ed z\u00e1vod Pa\u0159\u00ed\u017e-Nice. Je ospravedlniteln\u00fd jeho \u00fatok na t\u00fdmov\u00e9ho kolegu? A prohra s domestikem Poga\u010dara?\" \/>\n<meta name=\"robots\" content=\"index, follow, max-snippet:-1, max-image-preview:large, max-video-preview:-1\" \/>\n<link rel=\"canonical\" href=\"https:\/\/www.welovecycling.com\/cs\/2025\/03\/16\/ma-jonas-vingegaard-vetsi-problem-nez-zranenou-ruku\/\" \/>\n<meta property=\"og:locale\" content=\"cs_CZ\" \/>\n<meta property=\"og:type\" content=\"article\" \/>\n<meta property=\"og:title\" content=\"M\u00e1 Jonas Vingegaard v\u011bt\u0161\u00ed probl\u00e9m ne\u017e zran\u011bnou ruku?\" \/>\n<meta property=\"og:description\" content=\"Jonas Vingegaard nedokon\u010dil kv\u016fli zran\u011bn\u00ed z\u00e1vod Pa\u0159\u00ed\u017e-Nice. Je ospravedlniteln\u00fd jeho \u00fatok na t\u00fdmov\u00e9ho kolegu? A prohra s domestikem Poga\u010dara?\" \/>\n<meta property=\"og:url\" content=\"https:\/\/www.welovecycling.com\/cs\/2025\/03\/16\/ma-jonas-vingegaard-vetsi-problem-nez-zranenou-ruku\/\" \/>\n<meta property=\"og:site_name\" content=\"\u0160koda We Love Cycling - \u010cesk\u00e1 republika\" \/>\n<meta property=\"article:published_time\" content=\"2025-03-16T19:17:03+00:00\" \/>\n<meta property=\"article:modified_time\" content=\"2025-03-16T19:41:24+00:00\" \/>\n<meta property=\"og:image\" content=\"https:\/\/d2p6e6u75xmxt8.cloudfront.net\/13\/2025\/03\/profimedia-0975123070.webp\" \/>\n\t<meta property=\"og:image:width\" content=\"1800\" \/>\n\t<meta property=\"og:image:height\" content=\"1200\" \/>\n\t<meta property=\"og:image:type\" content=\"image\/webp\" \/>\n<meta name=\"author\" content=\"radekmalina\" \/>\n<meta name=\"twitter:card\" content=\"summary_large_image\" \/>\n<meta name=\"twitter:label1\" content=\"Written by\" \/>\n\t<meta name=\"twitter:data1\" content=\"Radek Malina\" \/>\n\t<meta name=\"twitter:label2\" content=\"Est. reading time\" \/>\n\t<meta name=\"twitter:data2\" content=\"5\" \/>\n<script type=\"application\/ld+json\" class=\"yoast-schema-graph\">{\"@context\":\"https:\/\/schema.org\",\"@graph\":[{\"@type\":\"WebPage\",\"@id\":\"https:\/\/www.welovecycling.com\/cs\/2025\/03\/16\/ma-jonas-vingegaard-vetsi-problem-nez-zranenou-ruku\/\",\"url\":\"https:\/\/www.welovecycling.com\/cs\/2025\/03\/16\/ma-jonas-vingegaard-vetsi-problem-nez-zranenou-ruku\/\",\"name\":\"M\u00e1 Jonas Vingegaard v\u011bt\u0161\u00ed probl\u00e9m ne\u017e zran\u011bnou ruku? | \u0160koda We Love Cycling - \u010cesk\u00e1 republika\",\"isPartOf\":{\"@id\":\"https:\/\/www.welovecycling.com\/cs\/#website\"},\"primaryImageOfPage\":{\"@id\":\"https:\/\/www.welovecycling.com\/cs\/2025\/03\/16\/ma-jonas-vingegaard-vetsi-problem-nez-zranenou-ruku\/#primaryimage\"},\"image\":{\"@id\":\"https:\/\/www.welovecycling.com\/cs\/2025\/03\/16\/ma-jonas-vingegaard-vetsi-problem-nez-zranenou-ruku\/#primaryimage\"},\"thumbnailUrl\":\"https:\/\/d2p6e6u75xmxt8.cloudfront.net\/13\/2025\/03\/profimedia-0975123070.webp\",\"datePublished\":\"2025-03-16T19:17:03+00:00\",\"dateModified\":\"2025-03-16T19:41:24+00:00\",\"author\":{\"@id\":\"https:\/\/www.welovecycling.com\/cs\/#\/schema\/person\/d9eeb0a378f3a7e4a6d12d2b536b04b8\"},\"description\":\"Jonas Vingegaard nedokon\u010dil kv\u016fli zran\u011bn\u00ed z\u00e1vod Pa\u0159\u00ed\u017e-Nice. Je ospravedlniteln\u00fd jeho \u00fatok na t\u00fdmov\u00e9ho kolegu? A prohra s domestikem Poga\u010dara?\",\"inLanguage\":\"cs\",\"potentialAction\":[{\"@type\":\"ReadAction\",\"target\":[\"https:\/\/www.welovecycling.com\/cs\/2025\/03\/16\/ma-jonas-vingegaard-vetsi-problem-nez-zranenou-ruku\/\"]}]},{\"@type\":\"ImageObject\",\"inLanguage\":\"cs\",\"@id\":\"https:\/\/www.welovecycling.com\/cs\/2025\/03\/16\/ma-jonas-vingegaard-vetsi-problem-nez-zranenou-ruku\/#primaryimage\",\"url\":\"https:\/\/d2p6e6u75xmxt8.cloudfront.net\/13\/2025\/03\/profimedia-0975123070.webp\",\"contentUrl\":\"https:\/\/d2p6e6u75xmxt8.cloudfront.net\/13\/2025\/03\/profimedia-0975123070.webp\",\"width\":1800,\"height\":1200,\"caption\":\"Jonas Vingegaard p\u0159i z\u00e1vod\u011b Pa\u0159\u00ed\u017e-Nice 2025.\"},{\"@type\":\"WebSite\",\"@id\":\"https:\/\/www.welovecycling.com\/cs\/#website\",\"url\":\"https:\/\/www.welovecycling.com\/cs\/\",\"name\":\"\u0160koda We Love Cycling - \u010cesk\u00e1 republika\",\"description\":\"WeLoveCycling.cz je online magaz\u00edn, kter\u00fd v\u00e1m pravideln\u011b p\u0159in\u00e1\u0161\u00ed rady a tipy, zaj\u00edmav\u00e9 \u010dl\u00e1nky, videa a jedine\u010dn\u00e9 report\u00e1\u017ee ze sv\u011bta cyklistiky.\",\"potentialAction\":[{\"@type\":\"SearchAction\",\"target\":{\"@type\":\"EntryPoint\",\"urlTemplate\":\"https:\/\/www.welovecycling.com\/cs\/?s={search_term_string}\"},\"query-input\":{\"@type\":\"PropertyValueSpecification\",\"valueRequired\":true,\"valueName\":\"search_term_string\"}}],\"inLanguage\":\"cs\"},{\"@type\":\"Person\",\"@id\":\"https:\/\/www.welovecycling.com\/cs\/#\/schema\/person\/d9eeb0a378f3a7e4a6d12d2b536b04b8\",\"name\":\"radekmalina\",\"image\":{\"@type\":\"ImageObject\",\"inLanguage\":\"cs\",\"@id\":\"https:\/\/www.welovecycling.com\/cs\/#\/schema\/person\/image\/\",\"url\":\"https:\/\/secure.gravatar.com\/avatar\/66994b632cb8c39a46b9f54afa3ae07201b678d32a54275b6f1c9ffec356bfc0?s=96&d=mm&r=g\",\"contentUrl\":\"https:\/\/secure.gravatar.com\/avatar\/66994b632cb8c39a46b9f54afa3ae07201b678d32a54275b6f1c9ffec356bfc0?s=96&d=mm&r=g\",\"caption\":\"radekmalina\"},\"url\":\"https:\/\/www.welovecycling.com\/cs\/author\/radekmalina\/\"}]}<\/script>\n<!-- \/ Yoast SEO Premium plugin. -->","yoast_head_json":{"title":"M\u00e1 Jonas Vingegaard v\u011bt\u0161\u00ed probl\u00e9m ne\u017e zran\u011bnou ruku? | \u0160koda We Love Cycling - \u010cesk\u00e1 republika","description":"Jonas Vingegaard nedokon\u010dil kv\u016fli zran\u011bn\u00ed z\u00e1vod Pa\u0159\u00ed\u017e-Nice. Je ospravedlniteln\u00fd jeho \u00fatok na t\u00fdmov\u00e9ho kolegu? A prohra s domestikem Poga\u010dara?","robots":{"index":"index","follow":"follow","max-snippet":"max-snippet:-1","max-image-preview":"max-image-preview:large","max-video-preview":"max-video-preview:-1"},"canonical":"https:\/\/www.welovecycling.com\/cs\/2025\/03\/16\/ma-jonas-vingegaard-vetsi-problem-nez-zranenou-ruku\/","og_locale":"cs_CZ","og_type":"article","og_title":"M\u00e1 Jonas Vingegaard v\u011bt\u0161\u00ed probl\u00e9m ne\u017e zran\u011bnou ruku?","og_description":"Jonas Vingegaard nedokon\u010dil kv\u016fli zran\u011bn\u00ed z\u00e1vod Pa\u0159\u00ed\u017e-Nice. Je ospravedlniteln\u00fd jeho \u00fatok na t\u00fdmov\u00e9ho kolegu? A prohra s domestikem Poga\u010dara?","og_url":"https:\/\/www.welovecycling.com\/cs\/2025\/03\/16\/ma-jonas-vingegaard-vetsi-problem-nez-zranenou-ruku\/","og_site_name":"\u0160koda We Love Cycling - \u010cesk\u00e1 republika","article_published_time":"2025-03-16T19:17:03+00:00","article_modified_time":"2025-03-16T19:41:24+00:00","og_image":[{"width":1800,"height":1200,"url":"https:\/\/d2p6e6u75xmxt8.cloudfront.net\/13\/2025\/03\/profimedia-0975123070.webp","type":"image\/webp"}],"author":"radekmalina","twitter_card":"summary_large_image","twitter_misc":{"Written by":"Radek Malina","Est. reading time":"5"},"schema":{"@context":"https:\/\/schema.org","@graph":[{"@type":"WebPage","@id":"https:\/\/www.welovecycling.com\/cs\/2025\/03\/16\/ma-jonas-vingegaard-vetsi-problem-nez-zranenou-ruku\/","url":"https:\/\/www.welovecycling.com\/cs\/2025\/03\/16\/ma-jonas-vingegaard-vetsi-problem-nez-zranenou-ruku\/","name":"M\u00e1 Jonas Vingegaard v\u011bt\u0161\u00ed probl\u00e9m ne\u017e zran\u011bnou ruku? | \u0160koda We Love Cycling - \u010cesk\u00e1 republika","isPartOf":{"@id":"https:\/\/www.welovecycling.com\/cs\/#website"},"primaryImageOfPage":{"@id":"https:\/\/www.welovecycling.com\/cs\/2025\/03\/16\/ma-jonas-vingegaard-vetsi-problem-nez-zranenou-ruku\/#primaryimage"},"image":{"@id":"https:\/\/www.welovecycling.com\/cs\/2025\/03\/16\/ma-jonas-vingegaard-vetsi-problem-nez-zranenou-ruku\/#primaryimage"},"thumbnailUrl":"https:\/\/d2p6e6u75xmxt8.cloudfront.net\/13\/2025\/03\/profimedia-0975123070.webp","datePublished":"2025-03-16T19:17:03+00:00","dateModified":"2025-03-16T19:41:24+00:00","author":{"@id":"https:\/\/www.welovecycling.com\/cs\/#\/schema\/person\/d9eeb0a378f3a7e4a6d12d2b536b04b8"},"description":"Jonas Vingegaard nedokon\u010dil kv\u016fli zran\u011bn\u00ed z\u00e1vod Pa\u0159\u00ed\u017e-Nice. Je ospravedlniteln\u00fd jeho \u00fatok na t\u00fdmov\u00e9ho kolegu? A prohra s domestikem Poga\u010dara?","inLanguage":"cs","potentialAction":[{"@type":"ReadAction","target":["https:\/\/www.welovecycling.com\/cs\/2025\/03\/16\/ma-jonas-vingegaard-vetsi-problem-nez-zranenou-ruku\/"]}]},{"@type":"ImageObject","inLanguage":"cs","@id":"https:\/\/www.welovecycling.com\/cs\/2025\/03\/16\/ma-jonas-vingegaard-vetsi-problem-nez-zranenou-ruku\/#primaryimage","url":"https:\/\/d2p6e6u75xmxt8.cloudfront.net\/13\/2025\/03\/profimedia-0975123070.webp","contentUrl":"https:\/\/d2p6e6u75xmxt8.cloudfront.net\/13\/2025\/03\/profimedia-0975123070.webp","width":1800,"height":1200,"caption":"Jonas Vingegaard p\u0159i z\u00e1vod\u011b Pa\u0159\u00ed\u017e-Nice 2025."},{"@type":"WebSite","@id":"https:\/\/www.welovecycling.com\/cs\/#website","url":"https:\/\/www.welovecycling.com\/cs\/","name":"\u0160koda We Love Cycling - \u010cesk\u00e1 republika","description":"WeLoveCycling.cz je online magaz\u00edn, kter\u00fd v\u00e1m pravideln\u011b p\u0159in\u00e1\u0161\u00ed rady a tipy, zaj\u00edmav\u00e9 \u010dl\u00e1nky, videa a jedine\u010dn\u00e9 report\u00e1\u017ee ze sv\u011bta cyklistiky.","potentialAction":[{"@type":"SearchAction","target":{"@type":"EntryPoint","urlTemplate":"https:\/\/www.welovecycling.com\/cs\/?s={search_term_string}"},"query-input":{"@type":"PropertyValueSpecification","valueRequired":true,"valueName":"search_term_string"}}],"inLanguage":"cs"},{"@type":"Person","@id":"https:\/\/www.welovecycling.com\/cs\/#\/schema\/person\/d9eeb0a378f3a7e4a6d12d2b536b04b8","name":"radekmalina","image":{"@type":"ImageObject","inLanguage":"cs","@id":"https:\/\/www.welovecycling.com\/cs\/#\/schema\/person\/image\/","url":"https:\/\/secure.gravatar.com\/avatar\/66994b632cb8c39a46b9f54afa3ae07201b678d32a54275b6f1c9ffec356bfc0?s=96&d=mm&r=g","contentUrl":"https:\/\/secure.gravatar.com\/avatar\/66994b632cb8c39a46b9f54afa3ae07201b678d32a54275b6f1c9ffec356bfc0?s=96&d=mm&r=g","caption":"radekmalina"},"url":"https:\/\/www.welovecycling.com\/cs\/author\/radekmalina\/"}]}},"_links":{"self":[{"href":"https:\/\/www.welovecycling.com\/cs\/wp-json\/wp\/v2\/posts\/28583","targetHints":{"allow":["GET"]}}],"collection":[{"href":"https:\/\/www.welovecycling.com\/cs\/wp-json\/wp\/v2\/posts"}],"about":[{"href":"https:\/\/www.welovecycling.com\/cs\/wp-json\/wp\/v2\/types\/post"}],"author":[{"embeddable":true,"href":"https:\/\/www.welovecycling.com\/cs\/wp-json\/wp\/v2\/users\/138"}],"replies":[{"embeddable":true,"href":"https:\/\/www.welovecycling.com\/cs\/wp-json\/wp\/v2\/comments?post=28583"}],"version-history":[{"count":6,"href":"https:\/\/www.welovecycling.com\/cs\/wp-json\/wp\/v2\/posts\/28583\/revisions"}],"predecessor-version":[{"id":28591,"href":"https:\/\/www.welovecycling.com\/cs\/wp-json\/wp\/v2\/posts\/28583\/revisions\/28591"}],"wp:featuredmedia":[{"embeddable":true,"href":"https:\/\/www.welovecycling.com\/cs\/wp-json\/wp\/v2\/media\/28584"}],"wp:attachment":[{"href":"https:\/\/www.welovecycling.com\/cs\/wp-json\/wp\/v2\/media?parent=28583"}],"wp:term":[{"taxonomy":"category","embeddable":true,"href":"https:\/\/www.welovecycling.com\/cs\/wp-json\/wp\/v2\/categories?post=28583"},{"taxonomy":"post_tag","embeddable":true,"href":"https:\/\/www.welovecycling.com\/cs\/wp-json\/wp\/v2\/tags?post=28583"},{"taxonomy":"global-categories","embeddable":true,"href":"https:\/\/www.welovecycling.com\/cs\/wp-json\/wp\/v2\/global-categories?post=28583"}],"curies":[{"name":"wp","href":"https:\/\/api.w.org\/{rel}","templated":true}]}}