{"id":28562,"date":"2025-03-14T14:24:20","date_gmt":"2025-03-14T12:24:20","guid":{"rendered":"https:\/\/www.welovecycling.com\/cs\/?p=28562"},"modified":"2025-03-14T14:24:49","modified_gmt":"2025-03-14T12:24:49","slug":"martin-stosek-cape-epic-je-letos-tak-drsny-ze-jsem-se-zaradoval","status":"publish","type":"post","link":"https:\/\/www.welovecycling.com\/cs\/2025\/03\/14\/martin-stosek-cape-epic-je-letos-tak-drsny-ze-jsem-se-zaradoval\/","title":{"rendered":"Martin Sto\u0161ek: Cape Epic je letos tak drsn\u00fd, \u017ee jsem se zaradoval"},"content":{"rendered":"<p><strong>V\u0161echno je jinak. Martin Sto\u0161ek, \u010desk\u00fd biker ve slu\u017eb\u00e1ch t\u00fdmu Buff Megamo, dostane p\u0159\u00edle\u017eitost jako t\u0159et\u00ed \u010desk\u00fd cyklista vybojovat triumf z Cape Epic. Jednat\u0159icetilet\u00fd \u010desk\u00fd reprezentant m\u011bl jet p\u016fvodn\u011b v z\u00e1lo\u017en\u00edm t\u00fdmu \u0161pan\u011blsk\u00e9 formace. Ale v ned\u011bli budou s Belgi\u010danem Woutem Allemanem jako l\u00edd\u0159i st\u00e1je na startu nejt\u011b\u017e\u0161\u00edho etapov\u00e9ho z\u00e1vodu planety horsk\u00fdch kol.<\/strong><\/p>\n<p>&#8222;U\u017e od posledn\u00edho \u00fanorov\u00e9ho t\u00fddne jsem v\u011bd\u011bl, \u017ee budu v prvn\u00edm t\u00fdmu. M\u011bl jsem p\u016fvodn\u011b jet s Portugalcem Diasem jako podpora, ale Hans Becking ze zdravotn\u00edch d\u016fvod\u016f startovat nem\u016f\u017ee. P\u0159\u00edprava prob\u00edhala stejn\u011b, jen se zm\u011bnil tlak. Od okam\u017eiku, kdy jsem se o zm\u011bn\u011b dozv\u011bd\u011bl, jsem za\u010dal b\u00fdt nerv\u00f3zn\u00ed,&#8220; vypravuje Martin Sto\u0161ek v rozhovoru pro WeLoveCycling z d\u011bji\u0161t\u011b z\u00e1vodu.<\/p>\n<p>Cape Epic je nejv\u011bt\u0161\u00ed a nejn\u00e1ro\u010dn\u011bj\u0161\u00ed etapov\u00fd z\u00e1vod horsk\u00fdch kol: pra\u0161n\u00e9 a n\u00e1ro\u010dn\u00e9 \u0161otolinov\u00e9 cesty, nam\u00e1hav\u00e1 kamenit\u00e1 stoup\u00e1n\u00ed, technick\u00e9 sjezdy, p\u0159ejezdy \u0159ek a rychl\u00e9 lesn\u00ed singletracky. V historii jej vyhr\u00e1li pouze dva \u010de\u0161t\u00ed bike\u0159i: Jaroslav Kulhav\u00fd a Kristian Hynek. Ne\u010dekan\u00e1 zm\u011bna d\u00e1v\u00e1 \u00fa\u0159aduj\u00edc\u00edmu<a href=\"https:\/\/www.welovecycling.com\/cs\/2024\/10\/13\/zlate-solo-martin-stosek-je-mistrem-evropy-v-gravelu\/\"> mistru Evropy v gravelu<\/a> p\u0159\u00edle\u017eitost za\u00fato\u010dit na triumf.<\/p>\n<h2><strong>L\u00edb\u00ed se v\u00e1m trasa Cape Epic 2025, kter\u00fd podle tvrzen\u00ed organiz\u00e1tor\u016f zahrnuje 300 kilometr\u016f zcela nov\u00fdch cest? Celkem b\u011bhem osmi etap bike\u0159i poko\u0159\u00ed 603 kilometr\u016f a 16 500 v\u00fd\u0161kov\u00fdch metr\u016f&#8230;<\/strong><\/h2>\n<p>Mn\u011b je vlastn\u011b jedno, jak trasy vypadaj\u00ed. Bude to klasick\u00fd Cape Epic. T\u011b\u0161\u00ed m\u011b, \u017ee je v itiner\u00e1\u0159i n\u011bkolik del\u0161\u00edch etap. I v druh\u00e9 polovin\u011b z\u00e1vodu. A hodn\u011b nastoupen\u00fdch metr\u016f. J\u00e1 m\u00e1m rad\u011bji fyzicky n\u00e1ro\u010dnou tra\u0165. Kopce mi v\u017edy \u0161ly, tam jsem siln\u011bj\u0161\u00ed. Preferuji stoup\u00e1n\u00ed p\u0159ed rychlej\u0161\u00ed trasou. O\u010dek\u00e1v\u00e1m, \u017ee nebudu tolik trp\u011bt. M\u016fj par\u0165\u00e1k Wout Alleman je lep\u0161\u00ed na rovin\u00e1ch, je skv\u011bl\u00fd do tahu. Budeme se ur\u010dit\u011b dob\u0159e dopl\u0148ovat. Snad n\u00e1m bude spolupr\u00e1ce sed\u011bt.<\/p>\n<figure id=\"attachment_28563\" aria-describedby=\"caption-attachment-28563\" style=\"width: 994px\" class=\"wp-caption alignnone\"><a href=\"https:\/\/d2p6e6u75xmxt8.cloudfront.net\/13\/2025\/03\/stosek-megamo-2.webp\"><img loading=\"lazy\" decoding=\"async\" class=\" wp-image-28563\" src=\"https:\/\/d2p6e6u75xmxt8.cloudfront.net\/13\/2025\/03\/stosek-megamo-2.webp\" alt=\"\" width=\"994\" height=\"693\" srcset=\"https:\/\/d2p6e6u75xmxt8.cloudfront.net\/13\/2025\/03\/stosek-megamo-2.webp 720w, https:\/\/d2p6e6u75xmxt8.cloudfront.net\/13\/2025\/03\/stosek-megamo-2-300x209.webp 300w, https:\/\/d2p6e6u75xmxt8.cloudfront.net\/13\/2025\/03\/stosek-megamo-2-400x279.webp 400w\" sizes=\"auto, (max-width: 994px) 100vw, 994px\" \/><\/a><figcaption id=\"caption-attachment-28563\" class=\"wp-caption-text\"><em>Martin Sto\u0161ek v barv\u00e1ch t\u00fdmu Buff Megamo pat\u0159\u00ed k adept\u016fm na v\u00edt\u011bzstv\u00ed z Cape Epic.<\/em><\/figcaption><\/figure>\n<h2><strong>Pojedete Cape Epic u\u017e pop\u00e1t\u00e9 v kari\u00e9\u0159e. Jste m\u00e9n\u011b nerv\u00f3zn\u00ed ne\u017e p\u0159i debutu? Nebo v\u00e1s svazuje fakt, \u017ee je pot\u0159eba se uk\u00e1zat po p\u0159estupu do \u0161pan\u011blsk\u00e9ho t\u00fdmu?<\/strong><\/h2>\n<p>Je lep\u0161\u00ed, \u017ee m\u00e1m se z\u00e1vodem v\u00edce zku\u0161enost\u00ed. Sou\u010dasn\u011b v nov\u00e9m t\u00fdmu se chce \u010dlov\u011bk uk\u00e1zat a nechce n\u011bco pokazit. Ale p\u0159estupoval jsem do Buff Megamo s ur\u010dit\u00fdmi v\u00fdsledky z posledn\u00edch sezon. U\u017e jsem vybojoval dost p\u00f3diov\u00fdch um\u00edst\u011bn\u00ed a m\u00e1m po\u0159\u00e1d velkou motivaci d\u011blat skv\u011bl\u00e9 v\u00fdsledky. Nen\u00ed pot\u0159eba ka\u017ed\u00fd rok n\u011bco dokazovat.<\/p>\n<h2><strong>Jak jste vlastn\u011b na nov\u00e9 adrese po p\u0159estupu z Canyon Sidi spokojen\u00fd?<\/strong><\/h2>\n<p>M\u011bl jsem \u0161t\u011bst\u00ed na z\u00e1zem\u00ed i na lidi. P\u0159ich\u00e1zel jsem s ur\u010dit\u00fdmi o\u010dek\u00e1v\u00e1n\u00edmi, kter\u00e1 se naplnila. C\u00edt\u00edm se dob\u0159e. P\u0159ijde mi, \u017ee re\u017eim je hodn\u011b podobn\u00fd. Byli jsme v t\u00fdmu Kristiana Hynka na dobr\u00e9 \u00farovni. \u017d\u00e1dn\u00e9 extr\u00e9mn\u00ed zm\u011bny se kolem m\u011b neodehr\u00e1ly. S kluky jsem si sednul lidsky. Komunikuje se anglicky, co\u017e nen\u00ed velk\u00e1 zm\u011bna, proto\u017ee na minul\u00e9 adrese jsme byli sice \u010desk\u00fdm t\u00fdmem, ale hodn\u011b mezin\u00e1rodn\u00edm.<\/p>\n<div class=\"shortcode-ys-post-pinup\"><article class=\"loop-simple post-28503 post type-post status-publish format-standard has-post-thumbnail hentry category-silnicni-cyklistika tag-85-etap tag-cyklistika tag-etapova-prvenstvi tag-frantisek-rabon tag-htc-columbia tag-rekord tag-rekord-v-poctu-vitezstvi tag-rekord-v-poctu-vyhranych-etap tag-silnicni-cyklistika tag-tadej-pogacar tag-uae-emirates global-categories-cycling\" data-postid=\"28503\" role=\"article\" data-post-id=\"28503\" data-word-count=\"829\" data-headline-length=\"39\" data-category=\"Silni\u010dn\u00ed cyklistika\" data-global-category=\"Cycling\" data-author=\"Radek Malina\" data-published=\"2025-03-10T11:00:44+02:00\" data-published-day=\"Monday\">\n    <div class=\"entry-thumbnail article-thumbnail\" content=\"https:\/\/d2p6e6u75xmxt8.cloudfront.net\/13\/2025\/03\/profimedia-0677420927-150x150.webp\"><a href=\"https:\/\/www.welovecycling.com\/cs\/2025\/03\/10\/rekord-zaklad-polozila-hadka-hvezd\/\" class=\"image-holder\" target=\"_self\"><img decoding=\"async\" loading=\"lazy\" class=\"\" src=\"https:\/\/d2p6e6u75xmxt8.cloudfront.net\/13\/2025\/03\/profimedia-0677420927-1024x742.webp\" srcset=\"https:\/\/d2p6e6u75xmxt8.cloudfront.net\/13\/2025\/03\/profimedia-0677420927.webp 1800w, https:\/\/d2p6e6u75xmxt8.cloudfront.net\/13\/2025\/03\/profimedia-0677420927-300x218.webp 300w, https:\/\/d2p6e6u75xmxt8.cloudfront.net\/13\/2025\/03\/profimedia-0677420927-1024x742.webp 1024w, https:\/\/d2p6e6u75xmxt8.cloudfront.net\/13\/2025\/03\/profimedia-0677420927-768x557.webp 768w, https:\/\/d2p6e6u75xmxt8.cloudfront.net\/13\/2025\/03\/profimedia-0677420927-1536x1114.webp 1536w, https:\/\/d2p6e6u75xmxt8.cloudfront.net\/13\/2025\/03\/profimedia-0677420927-400x290.webp 400w\" width=\"1024\" height=\"742\" sizes=\"auto, (min-width: 1200px) 300px, (min-width: 768px) 25vw, 100vw\" alt=\"rekord-zaklad-polozila-hadka-hvezd\"\/><\/a><\/div>    <div class=\"entry-meta\">\n        <a class=\"label label-secondary post-category\" href=\"https:\/\/www.welovecycling.com\/cs\/category\/silnicni-cyklistika\/\" title=\"Silni\u010dn\u00ed cyklistika\">Silni\u010dn\u00ed cyklistika<\/a>\n    <\/div>\n    <div class=\"entry-details\">\n        <a href=\"https:\/\/www.welovecycling.com\/cs\/2025\/03\/10\/rekord-zaklad-polozila-hadka-hvezd\/\" class='entry-title-wrapper'>\n            <h3 class=\"entry-title\"><span>Rekord? Z\u00e1klad polo\u017eila h\u00e1dka hv\u011bzd<\/span><\/h3>\n        <\/a>\n    <\/div>\n    <\/article>\n<\/div>\n<h2><strong>Absolvoval jste dva z\u00e1vody. Nejprve Mediterranean Epic v \u00favodu \u00fanora, v jeho z\u00e1v\u011bru pak Andaluc\u00eda Bike Race. T\u0159in\u00e1ct\u00e9 a \u0161est\u00e9 m\u00edsto ve dvojici s Portugalcem Diasem bylo sm\u011brem pro Cape Epic dobr\u00fdm sign\u00e1lem?<\/strong><\/h2>\n<p>Na prvn\u00edch z\u00e1vodech jsem \u0159e\u0161il probl\u00e9m se z\u00e1dy, co\u017e m\u011b dost limitovalo. V Andalusii jsem byl ve dvojici siln\u011bj\u0161\u00ed, ale nemohl jsem bojovat o p\u0159edn\u00ed p\u0159\u00ed\u010dky. P\u0159i z\u00e1vod\u011b dvojic nikdy nejde jen o v\u00fdkonnost jednotlivce. Ka\u017edop\u00e1dn\u011b mysl\u00edm, \u017ee forma je hodn\u011b dobr\u00e1.<\/p>\n<h2><strong>Cape Epic 2025 po va\u0161em boku pojede Belgi\u010dan Wout Alleman. Jde o t\u0159et\u00edho par\u0165\u00e1ka, jeho\u017e budete m\u00edt p\u0159i africk\u00e9m dobrodru\u017estv\u00ed. Jak\u00fd je ve srovn\u00e1n\u00ed s Andreasem Seewaldem, kter\u00e1 byl va\u0161\u00edm kolegou t\u0159ikr\u00e1t, a Petrem Vako\u010dem, s n\u00edm\u017e jste minul\u00fd rok tvo\u0159ili z\u00e1lo\u017en\u00ed dvojici t\u00fdmu Canyon Sidi?<\/strong><\/h2>\n<p>Wout jezd\u00ed od startu hodn\u011b rychle, je dynamick\u00fd a skv\u011bl\u00fd pozi\u010dn\u011b. Snad budeme jezdit chyt\u0159e. Kdy\u017e jsem byl na startu s Andreasem Seewaldem, nebyli jsme v \u00favodu etap dob\u0159\u00ed pozi\u010dn\u011b. V\u017edy jsme vypl\u00fdtvali mnoho psychick\u00fdch i fyzick\u00fdch sil. Po\u0159\u00e1d jsme n\u011bco honili. Douf\u00e1m, \u017ee letos budeme z\u00e1vodit od za\u010d\u00e1tku a nebudeme muset sj\u00ed\u017ed\u011bt \u017e\u00e1dn\u00e9 manko. U\u0161et\u0159\u00ed to obrovsk\u00e9 mno\u017estv\u00ed energie. Poznal jsem to u\u017e minul\u00fd rok, kdy jsme s Petrem Vako\u010dem rovn\u011b\u017e byli schopn\u00ed jezdit po startu vp\u0159edu.<\/p>\n<figure id=\"attachment_28566\" aria-describedby=\"caption-attachment-28566\" style=\"width: 1800px\" class=\"wp-caption alignnone\"><a href=\"https:\/\/d2p6e6u75xmxt8.cloudfront.net\/13\/2025\/03\/profimedia-0910838204.webp\"><img loading=\"lazy\" decoding=\"async\" class=\"size-full wp-image-28566\" src=\"https:\/\/d2p6e6u75xmxt8.cloudfront.net\/13\/2025\/03\/profimedia-0910838204.webp\" alt=\"\" width=\"1800\" height=\"1200\" srcset=\"https:\/\/d2p6e6u75xmxt8.cloudfront.net\/13\/2025\/03\/profimedia-0910838204.webp 1800w, https:\/\/d2p6e6u75xmxt8.cloudfront.net\/13\/2025\/03\/profimedia-0910838204-300x200.webp 300w, https:\/\/d2p6e6u75xmxt8.cloudfront.net\/13\/2025\/03\/profimedia-0910838204-1024x683.webp 1024w, https:\/\/d2p6e6u75xmxt8.cloudfront.net\/13\/2025\/03\/profimedia-0910838204-768x512.webp 768w, https:\/\/d2p6e6u75xmxt8.cloudfront.net\/13\/2025\/03\/profimedia-0910838204-1536x1024.webp 1536w, https:\/\/d2p6e6u75xmxt8.cloudfront.net\/13\/2025\/03\/profimedia-0910838204-400x267.webp 400w, https:\/\/d2p6e6u75xmxt8.cloudfront.net\/13\/2025\/03\/profimedia-0910838204-272x182.webp 272w\" sizes=\"auto, (max-width: 1800px) 100vw, 1800px\" \/><\/a><figcaption id=\"caption-attachment-28566\" class=\"wp-caption-text\"><em>Martin Sto\u0161ek m\u016f\u017ee jako t\u0159et\u00ed \u010desk\u00fd biker v historii vyhr\u00e1t Cape Epic. Foto: profimedia<\/em><\/figcaption><\/figure>\n<h2><strong>Jedete letos v nejsiln\u011bj\u0161\u00edm t\u00fdmu z t\u011bch p\u011bti \u00fa\u010dast\u00ed?<\/strong><\/h2>\n<p>Kdy\u017e jsme jeli Cape Epice v roce 2021 s Andreasem Seewaldem, tak jsem se c\u00edtil velice dob\u0159e. Andy byl tehdy mistr sv\u011bta v maratonu. V\u011bd\u011bl jsem, \u017ee je na tom dob\u0159e. M\u016fj leto\u0161n\u00ed par\u0165\u00e1k Wout Alleman je kluk, kter\u00fd jednou velmi pravd\u011bpodobn\u011b Cape Epic vyhraje. Tak\u017ee jsem r\u00e1d, \u017ee pojedeme spole\u010dn\u011b. M\u016f\u017eeme klidn\u011b vyhr\u00e1t, ale jak\u00e1koliv pozice na stupn\u00edch v\u00edt\u011bz\u016f bude super. A kdybychom vyhr\u00e1li etapu a t\u0159eba jeden den jeli ve \u017elut\u00fdch trikotech l\u00eddr\u016f z\u00e1vodu, ur\u010dit\u011b bychom n\u00e1sledn\u011b Cape Epic rovn\u011b\u017e hodnotili jako \u00fasp\u011b\u0161n\u00fd.<\/p>\n<h2><strong>Jak moc se li\u0161\u00ed Martin Sto\u0161ek 2025 od Martina Sto\u0161ka 2021?<\/strong><\/h2>\n<p>P\u0159i premi\u00e9\u0159e na Cape Epic jsem m\u011bl pocit, \u017ee nen\u00ed tak t\u011b\u017ek\u00fd, jak v\u0161ichni tvrd\u00ed. A domn\u00edval jsem se, \u017ee v\u0161echno p\u016fjde samo. A \u0161lo to v\u00e1\u017en\u011b dob\u0159e. Ne\u017e jsme museli odstoupit kv\u016fli \u017ealude\u010dn\u00edm obt\u00ed\u017e\u00edm, kter\u00e9 m\u011b postihly, zvl\u00e1dli jsme vyhr\u00e1t etapu. Ale \u010d\u00edm jsem na startu \u010dast\u011bji, t\u00edm v\u00edce se moje pocity prom\u011b\u0148uj\u00ed. Vid\u00edm, \u017ee to samo nejde. V\u00edm, kolik v\u011bc\u00ed se m\u016f\u017ee pokazit. A n\u011bkter\u00e9 nem\u016f\u017ee z\u00e1vodn\u00edk ovlivnit. A tak\u00e9 si uv\u011bdomuji, \u017ee Cape Epic nen\u00ed jenom vesel\u00fd a jednoduch\u00fd. Tak\u017ee jsem ztratil nad\u0161en\u00ed a v\u00edru, \u017ee v\u0161e jde samo. Na druhou stranu u\u017e m\u011b nestresuje tolik z\u00e1vod a jeho jm\u00e9no.<\/p>\n<div class=\"shortcode-ys-post-pinup\"><article class=\"loop-simple post-28416 post type-post status-publish format-standard has-post-thumbnail hentry category-silnicni-cyklistika tag-cyklistika tag-nasledky-padu tag-otres-mozku tag-petr-kelemen tag-silnicni-cyklistika tag-tudor-pro-cycling tag-zraneni tag-zraneni-po-padu global-categories-cycling\" data-postid=\"28416\" role=\"article\" data-post-id=\"28416\" data-word-count=\"996\" data-headline-length=\"92\" data-category=\"Silni\u010dn\u00ed cyklistika\" data-global-category=\"Cycling\" data-author=\"Radek Malina\" data-published=\"2025-02-27T05:00:19+02:00\" data-published-day=\"Thursday\">\n    <div class=\"entry-thumbnail article-thumbnail\" content=\"https:\/\/d2p6e6u75xmxt8.cloudfront.net\/13\/2025\/02\/profimedia-0890638167-150x150.webp\"><a href=\"https:\/\/www.welovecycling.com\/cs\/2025\/02\/27\/dva-mesice-jsem-skoro-nic-nevidel-petr-kelemen-o-nasledcich-padu-a-tezkem-navratu\/\" class=\"image-holder\" target=\"_self\"><img decoding=\"async\" loading=\"lazy\" class=\"\" src=\"https:\/\/d2p6e6u75xmxt8.cloudfront.net\/13\/2025\/02\/profimedia-0890638167-1024x682.webp\" srcset=\"https:\/\/d2p6e6u75xmxt8.cloudfront.net\/13\/2025\/02\/profimedia-0890638167.webp 1800w, https:\/\/d2p6e6u75xmxt8.cloudfront.net\/13\/2025\/02\/profimedia-0890638167-300x200.webp 300w, https:\/\/d2p6e6u75xmxt8.cloudfront.net\/13\/2025\/02\/profimedia-0890638167-1024x682.webp 1024w, https:\/\/d2p6e6u75xmxt8.cloudfront.net\/13\/2025\/02\/profimedia-0890638167-768x511.webp 768w, https:\/\/d2p6e6u75xmxt8.cloudfront.net\/13\/2025\/02\/profimedia-0890638167-1536x1022.webp 1536w, https:\/\/d2p6e6u75xmxt8.cloudfront.net\/13\/2025\/02\/profimedia-0890638167-400x266.webp 400w, https:\/\/d2p6e6u75xmxt8.cloudfront.net\/13\/2025\/02\/profimedia-0890638167-272x182.webp 272w\" width=\"1024\" height=\"682\" sizes=\"auto, (min-width: 1200px) 300px, (min-width: 768px) 25vw, 100vw\" alt=\"dva-mesice-jsem-skoro-nic-nevidel-petr-kelemen-o-nasledcich-padu-a-tezkem-navratu\"\/><\/a><\/div>    <div class=\"entry-meta\">\n        <a class=\"label label-secondary post-category\" href=\"https:\/\/www.welovecycling.com\/cs\/category\/silnicni-cyklistika\/\" title=\"Silni\u010dn\u00ed cyklistika\">Silni\u010dn\u00ed cyklistika<\/a>\n    <\/div>\n    <div class=\"entry-details\">\n        <a href=\"https:\/\/www.welovecycling.com\/cs\/2025\/02\/27\/dva-mesice-jsem-skoro-nic-nevidel-petr-kelemen-o-nasledcich-padu-a-tezkem-navratu\/\" class='entry-title-wrapper'>\n            <h3 class=\"entry-title\"><span>Dva m\u011bs\u00edce jsem skoro nic nevid\u011bl! Petr Kelemen o n\u00e1sledc\u00edch p\u00e1du a t\u011b\u017ek\u00e9m n\u00e1vratu<\/span><\/h3>\n        <\/a>\n    <\/div>\n    <\/article>\n<\/div>\n<h2><strong>Prom\u011bnila se b\u011bhem p\u011bti let hodn\u011b kvalita soupe\u0159\u016f?<\/strong><\/h2>\n<p>Jde o velice prom\u011bnlivou z\u00e1le\u017eitost. Kvalita se li\u0161\u00ed rok od roku. Kdy\u017e se jel Cape Epic v roce 2021 kv\u016fli pandemii koronaviru a\u017e b\u011bhem podzimu, nebyla startovn\u00ed listina tak na\u0161lapan\u00e1. Stejn\u011b jako lo\u0148sk\u00fd rok, kter\u00fd byl olympijsk\u00fd. Ale letos se jede v \u0159\u00e1dn\u00e9m term\u00ednu a olympijsk\u00e9 hry se nekonaj\u00ed, tud\u00ed\u017e konkurence je neb\u00fdval\u00e1. V\u017edy kvalitu zvedne \u00fa\u010dast t\u00fdm\u016f z kategorie cross country. A je dob\u0159e, \u017ee se \u00fa\u010dastn\u00ed, proto\u017ee svoj\u00ed m\u011brou p\u0159isp\u00edvaj\u00ed k rozvoji z\u00e1vodu.<\/p>\n<h2><strong>Kter\u00fd t\u00fdm bude pro dvojici Martin Sto\u0161ek-Wout Alleman nejv\u011bt\u0161\u00edm soupe\u0159em?<\/strong><\/h2>\n<p>Cape Epic v b\u0159eznov\u00e9m term\u00ednu je hodn\u011b nevyzpytateln\u00fd, proto\u017ee nikdo vlastn\u011b po\u0159\u00e1dn\u011b nev\u00ed, v jak\u00e9 je form\u011b. Jet testovac\u00ed z\u00e1vody na \u010dty\u0159i dny je n\u011bco \u00fapln\u011b jin\u00e9ho. \u0160v\u00fdca\u0159i Schurter a Colombo budou ur\u010dit\u011b skv\u011bl\u00ed. Dvojice Beers-Swenson m\u00e1 v sou\u010dtu t\u0159i v\u00edt\u011bzstv\u00ed a jeden\u00e1ct vyhran\u00fdch etap. Jde o hlavn\u00ed favority. Ale p\u0159ekvapit m\u016f\u017ee mnoho dal\u0161\u00edch.<\/p>\n","protected":false},"excerpt":{"rendered":"<p>V\u0161echno je jinak. Martin Sto\u0161ek, \u010desk\u00fd biker ve slu\u017eb\u00e1ch t\u00fdmu Buff Megamo, dostane p\u0159\u00edle\u017eitost jako t\u0159et\u00ed \u010desk\u00fd cyklista vybojovat triumf [&hellip;]<\/p>\n","protected":false},"author":138,"featured_media":28564,"comment_status":"open","ping_status":"open","sticky":false,"template":"","format":"standard","meta":{"footnotes":""},"categories":[11],"tags":[3921,4120,56,863,4121],"global-categories":[411],"class_list":["post-28562","post","type-post","status-publish","format-standard","has-post-thumbnail","hentry","category-horska-cyklistika","tag-buff-megamo","tag-cape-epic-2025","tag-horska-cyklistika","tag-martin-stosek","tag-wout-alleman","global-categories-cycling"],"yoast_head":"<!-- This site is optimized with the Yoast SEO Premium plugin v25.3 (Yoast SEO v25.9) - https:\/\/yoast.com\/wordpress\/plugins\/seo\/ -->\n<title>Martin Sto\u0161ek: Cape Epic je letos tak drsn\u00fd, \u017ee jsem se zaradoval | \u0160koda We Love Cycling - \u010cesk\u00e1 republika<\/title>\n<meta name=\"description\" content=\"Martin Sto\u0161ek m\u016f\u017ee jako t\u0159et\u00ed \u010cech vybojovat triumf z Cape Epic. Biker ve slu\u017eb\u00e1ch t\u00fdmu Buff Megamo dostane p\u0159\u00edle\u017eitost v prvn\u00edm t\u00fdmu!\" \/>\n<meta name=\"robots\" content=\"index, follow, max-snippet:-1, max-image-preview:large, max-video-preview:-1\" \/>\n<link rel=\"canonical\" href=\"https:\/\/www.welovecycling.com\/cs\/2025\/03\/14\/martin-stosek-cape-epic-je-letos-tak-drsny-ze-jsem-se-zaradoval\/\" \/>\n<meta property=\"og:locale\" content=\"cs_CZ\" \/>\n<meta property=\"og:type\" content=\"article\" \/>\n<meta property=\"og:title\" content=\"Martin Sto\u0161ek: Cape Epic je letos tak drsn\u00fd, \u017ee jsem se zaradoval\" \/>\n<meta property=\"og:description\" content=\"Martin Sto\u0161ek m\u016f\u017ee jako t\u0159et\u00ed \u010cech vybojovat triumf z Cape Epic. Biker ve slu\u017eb\u00e1ch t\u00fdmu Buff Megamo dostane p\u0159\u00edle\u017eitost v prvn\u00edm t\u00fdmu!\" \/>\n<meta property=\"og:url\" content=\"https:\/\/www.welovecycling.com\/cs\/2025\/03\/14\/martin-stosek-cape-epic-je-letos-tak-drsny-ze-jsem-se-zaradoval\/\" \/>\n<meta property=\"og:site_name\" content=\"\u0160koda We Love Cycling - \u010cesk\u00e1 republika\" \/>\n<meta property=\"article:published_time\" content=\"2025-03-14T12:24:20+00:00\" \/>\n<meta property=\"article:modified_time\" content=\"2025-03-14T12:24:49+00:00\" \/>\n<meta property=\"og:image\" content=\"https:\/\/d2p6e6u75xmxt8.cloudfront.net\/13\/2025\/03\/stosek-megamo.webp\" \/>\n\t<meta property=\"og:image:width\" content=\"802\" \/>\n\t<meta property=\"og:image:height\" content=\"540\" \/>\n\t<meta property=\"og:image:type\" content=\"image\/webp\" \/>\n<meta name=\"author\" content=\"radekmalina\" \/>\n<meta name=\"twitter:card\" content=\"summary_large_image\" \/>\n<meta name=\"twitter:label1\" content=\"Written by\" \/>\n\t<meta name=\"twitter:data1\" content=\"Radek Malina\" \/>\n\t<meta name=\"twitter:label2\" content=\"Est. reading time\" \/>\n\t<meta name=\"twitter:data2\" content=\"6\" \/>\n<script type=\"application\/ld+json\" class=\"yoast-schema-graph\">{\"@context\":\"https:\/\/schema.org\",\"@graph\":[{\"@type\":\"WebPage\",\"@id\":\"https:\/\/www.welovecycling.com\/cs\/2025\/03\/14\/martin-stosek-cape-epic-je-letos-tak-drsny-ze-jsem-se-zaradoval\/\",\"url\":\"https:\/\/www.welovecycling.com\/cs\/2025\/03\/14\/martin-stosek-cape-epic-je-letos-tak-drsny-ze-jsem-se-zaradoval\/\",\"name\":\"Martin Sto\u0161ek: Cape Epic je letos tak drsn\u00fd, \u017ee jsem se zaradoval | \u0160koda We Love Cycling - \u010cesk\u00e1 republika\",\"isPartOf\":{\"@id\":\"https:\/\/www.welovecycling.com\/cs\/#website\"},\"primaryImageOfPage\":{\"@id\":\"https:\/\/www.welovecycling.com\/cs\/2025\/03\/14\/martin-stosek-cape-epic-je-letos-tak-drsny-ze-jsem-se-zaradoval\/#primaryimage\"},\"image\":{\"@id\":\"https:\/\/www.welovecycling.com\/cs\/2025\/03\/14\/martin-stosek-cape-epic-je-letos-tak-drsny-ze-jsem-se-zaradoval\/#primaryimage\"},\"thumbnailUrl\":\"https:\/\/d2p6e6u75xmxt8.cloudfront.net\/13\/2025\/03\/stosek-megamo.webp\",\"datePublished\":\"2025-03-14T12:24:20+00:00\",\"dateModified\":\"2025-03-14T12:24:49+00:00\",\"author\":{\"@id\":\"https:\/\/www.welovecycling.com\/cs\/#\/schema\/person\/d9eeb0a378f3a7e4a6d12d2b536b04b8\"},\"description\":\"Martin Sto\u0161ek m\u016f\u017ee jako t\u0159et\u00ed \u010cech vybojovat triumf z Cape Epic. Biker ve slu\u017eb\u00e1ch t\u00fdmu Buff Megamo dostane p\u0159\u00edle\u017eitost v prvn\u00edm t\u00fdmu!\",\"inLanguage\":\"cs\",\"potentialAction\":[{\"@type\":\"ReadAction\",\"target\":[\"https:\/\/www.welovecycling.com\/cs\/2025\/03\/14\/martin-stosek-cape-epic-je-letos-tak-drsny-ze-jsem-se-zaradoval\/\"]}]},{\"@type\":\"ImageObject\",\"inLanguage\":\"cs\",\"@id\":\"https:\/\/www.welovecycling.com\/cs\/2025\/03\/14\/martin-stosek-cape-epic-je-letos-tak-drsny-ze-jsem-se-zaradoval\/#primaryimage\",\"url\":\"https:\/\/d2p6e6u75xmxt8.cloudfront.net\/13\/2025\/03\/stosek-megamo.webp\",\"contentUrl\":\"https:\/\/d2p6e6u75xmxt8.cloudfront.net\/13\/2025\/03\/stosek-megamo.webp\",\"width\":802,\"height\":540,\"caption\":\"Martin Sto\u0161ek je \u017ehav\u00fdm adeptem na v\u00edt\u011bzstv\u00ed v Cape Epic.\"},{\"@type\":\"WebSite\",\"@id\":\"https:\/\/www.welovecycling.com\/cs\/#website\",\"url\":\"https:\/\/www.welovecycling.com\/cs\/\",\"name\":\"\u0160koda We Love Cycling - \u010cesk\u00e1 republika\",\"description\":\"WeLoveCycling.cz je online magaz\u00edn, kter\u00fd v\u00e1m pravideln\u011b p\u0159in\u00e1\u0161\u00ed rady a tipy, zaj\u00edmav\u00e9 \u010dl\u00e1nky, videa a jedine\u010dn\u00e9 report\u00e1\u017ee ze sv\u011bta cyklistiky.\",\"potentialAction\":[{\"@type\":\"SearchAction\",\"target\":{\"@type\":\"EntryPoint\",\"urlTemplate\":\"https:\/\/www.welovecycling.com\/cs\/?s={search_term_string}\"},\"query-input\":{\"@type\":\"PropertyValueSpecification\",\"valueRequired\":true,\"valueName\":\"search_term_string\"}}],\"inLanguage\":\"cs\"},{\"@type\":\"Person\",\"@id\":\"https:\/\/www.welovecycling.com\/cs\/#\/schema\/person\/d9eeb0a378f3a7e4a6d12d2b536b04b8\",\"name\":\"radekmalina\",\"image\":{\"@type\":\"ImageObject\",\"inLanguage\":\"cs\",\"@id\":\"https:\/\/www.welovecycling.com\/cs\/#\/schema\/person\/image\/\",\"url\":\"https:\/\/secure.gravatar.com\/avatar\/66994b632cb8c39a46b9f54afa3ae07201b678d32a54275b6f1c9ffec356bfc0?s=96&d=mm&r=g\",\"contentUrl\":\"https:\/\/secure.gravatar.com\/avatar\/66994b632cb8c39a46b9f54afa3ae07201b678d32a54275b6f1c9ffec356bfc0?s=96&d=mm&r=g\",\"caption\":\"radekmalina\"},\"url\":\"https:\/\/www.welovecycling.com\/cs\/author\/radekmalina\/\"}]}<\/script>\n<!-- \/ Yoast SEO Premium plugin. -->","yoast_head_json":{"title":"Martin Sto\u0161ek: Cape Epic je letos tak drsn\u00fd, \u017ee jsem se zaradoval | \u0160koda We Love Cycling - \u010cesk\u00e1 republika","description":"Martin Sto\u0161ek m\u016f\u017ee jako t\u0159et\u00ed \u010cech vybojovat triumf z Cape Epic. Biker ve slu\u017eb\u00e1ch t\u00fdmu Buff Megamo dostane p\u0159\u00edle\u017eitost v prvn\u00edm t\u00fdmu!","robots":{"index":"index","follow":"follow","max-snippet":"max-snippet:-1","max-image-preview":"max-image-preview:large","max-video-preview":"max-video-preview:-1"},"canonical":"https:\/\/www.welovecycling.com\/cs\/2025\/03\/14\/martin-stosek-cape-epic-je-letos-tak-drsny-ze-jsem-se-zaradoval\/","og_locale":"cs_CZ","og_type":"article","og_title":"Martin Sto\u0161ek: Cape Epic je letos tak drsn\u00fd, \u017ee jsem se zaradoval","og_description":"Martin Sto\u0161ek m\u016f\u017ee jako t\u0159et\u00ed \u010cech vybojovat triumf z Cape Epic. Biker ve slu\u017eb\u00e1ch t\u00fdmu Buff Megamo dostane p\u0159\u00edle\u017eitost v prvn\u00edm t\u00fdmu!","og_url":"https:\/\/www.welovecycling.com\/cs\/2025\/03\/14\/martin-stosek-cape-epic-je-letos-tak-drsny-ze-jsem-se-zaradoval\/","og_site_name":"\u0160koda We Love Cycling - \u010cesk\u00e1 republika","article_published_time":"2025-03-14T12:24:20+00:00","article_modified_time":"2025-03-14T12:24:49+00:00","og_image":[{"width":802,"height":540,"url":"https:\/\/d2p6e6u75xmxt8.cloudfront.net\/13\/2025\/03\/stosek-megamo.webp","type":"image\/webp"}],"author":"radekmalina","twitter_card":"summary_large_image","twitter_misc":{"Written by":"Radek Malina","Est. reading time":"6"},"schema":{"@context":"https:\/\/schema.org","@graph":[{"@type":"WebPage","@id":"https:\/\/www.welovecycling.com\/cs\/2025\/03\/14\/martin-stosek-cape-epic-je-letos-tak-drsny-ze-jsem-se-zaradoval\/","url":"https:\/\/www.welovecycling.com\/cs\/2025\/03\/14\/martin-stosek-cape-epic-je-letos-tak-drsny-ze-jsem-se-zaradoval\/","name":"Martin Sto\u0161ek: Cape Epic je letos tak drsn\u00fd, \u017ee jsem se zaradoval | \u0160koda We Love Cycling - \u010cesk\u00e1 republika","isPartOf":{"@id":"https:\/\/www.welovecycling.com\/cs\/#website"},"primaryImageOfPage":{"@id":"https:\/\/www.welovecycling.com\/cs\/2025\/03\/14\/martin-stosek-cape-epic-je-letos-tak-drsny-ze-jsem-se-zaradoval\/#primaryimage"},"image":{"@id":"https:\/\/www.welovecycling.com\/cs\/2025\/03\/14\/martin-stosek-cape-epic-je-letos-tak-drsny-ze-jsem-se-zaradoval\/#primaryimage"},"thumbnailUrl":"https:\/\/d2p6e6u75xmxt8.cloudfront.net\/13\/2025\/03\/stosek-megamo.webp","datePublished":"2025-03-14T12:24:20+00:00","dateModified":"2025-03-14T12:24:49+00:00","author":{"@id":"https:\/\/www.welovecycling.com\/cs\/#\/schema\/person\/d9eeb0a378f3a7e4a6d12d2b536b04b8"},"description":"Martin Sto\u0161ek m\u016f\u017ee jako t\u0159et\u00ed \u010cech vybojovat triumf z Cape Epic. Biker ve slu\u017eb\u00e1ch t\u00fdmu Buff Megamo dostane p\u0159\u00edle\u017eitost v prvn\u00edm t\u00fdmu!","inLanguage":"cs","potentialAction":[{"@type":"ReadAction","target":["https:\/\/www.welovecycling.com\/cs\/2025\/03\/14\/martin-stosek-cape-epic-je-letos-tak-drsny-ze-jsem-se-zaradoval\/"]}]},{"@type":"ImageObject","inLanguage":"cs","@id":"https:\/\/www.welovecycling.com\/cs\/2025\/03\/14\/martin-stosek-cape-epic-je-letos-tak-drsny-ze-jsem-se-zaradoval\/#primaryimage","url":"https:\/\/d2p6e6u75xmxt8.cloudfront.net\/13\/2025\/03\/stosek-megamo.webp","contentUrl":"https:\/\/d2p6e6u75xmxt8.cloudfront.net\/13\/2025\/03\/stosek-megamo.webp","width":802,"height":540,"caption":"Martin Sto\u0161ek je \u017ehav\u00fdm adeptem na v\u00edt\u011bzstv\u00ed v Cape Epic."},{"@type":"WebSite","@id":"https:\/\/www.welovecycling.com\/cs\/#website","url":"https:\/\/www.welovecycling.com\/cs\/","name":"\u0160koda We Love Cycling - \u010cesk\u00e1 republika","description":"WeLoveCycling.cz je online magaz\u00edn, kter\u00fd v\u00e1m pravideln\u011b p\u0159in\u00e1\u0161\u00ed rady a tipy, zaj\u00edmav\u00e9 \u010dl\u00e1nky, videa a jedine\u010dn\u00e9 report\u00e1\u017ee ze sv\u011bta cyklistiky.","potentialAction":[{"@type":"SearchAction","target":{"@type":"EntryPoint","urlTemplate":"https:\/\/www.welovecycling.com\/cs\/?s={search_term_string}"},"query-input":{"@type":"PropertyValueSpecification","valueRequired":true,"valueName":"search_term_string"}}],"inLanguage":"cs"},{"@type":"Person","@id":"https:\/\/www.welovecycling.com\/cs\/#\/schema\/person\/d9eeb0a378f3a7e4a6d12d2b536b04b8","name":"radekmalina","image":{"@type":"ImageObject","inLanguage":"cs","@id":"https:\/\/www.welovecycling.com\/cs\/#\/schema\/person\/image\/","url":"https:\/\/secure.gravatar.com\/avatar\/66994b632cb8c39a46b9f54afa3ae07201b678d32a54275b6f1c9ffec356bfc0?s=96&d=mm&r=g","contentUrl":"https:\/\/secure.gravatar.com\/avatar\/66994b632cb8c39a46b9f54afa3ae07201b678d32a54275b6f1c9ffec356bfc0?s=96&d=mm&r=g","caption":"radekmalina"},"url":"https:\/\/www.welovecycling.com\/cs\/author\/radekmalina\/"}]}},"_links":{"self":[{"href":"https:\/\/www.welovecycling.com\/cs\/wp-json\/wp\/v2\/posts\/28562","targetHints":{"allow":["GET"]}}],"collection":[{"href":"https:\/\/www.welovecycling.com\/cs\/wp-json\/wp\/v2\/posts"}],"about":[{"href":"https:\/\/www.welovecycling.com\/cs\/wp-json\/wp\/v2\/types\/post"}],"author":[{"embeddable":true,"href":"https:\/\/www.welovecycling.com\/cs\/wp-json\/wp\/v2\/users\/138"}],"replies":[{"embeddable":true,"href":"https:\/\/www.welovecycling.com\/cs\/wp-json\/wp\/v2\/comments?post=28562"}],"version-history":[{"count":3,"href":"https:\/\/www.welovecycling.com\/cs\/wp-json\/wp\/v2\/posts\/28562\/revisions"}],"predecessor-version":[{"id":28571,"href":"https:\/\/www.welovecycling.com\/cs\/wp-json\/wp\/v2\/posts\/28562\/revisions\/28571"}],"wp:featuredmedia":[{"embeddable":true,"href":"https:\/\/www.welovecycling.com\/cs\/wp-json\/wp\/v2\/media\/28564"}],"wp:attachment":[{"href":"https:\/\/www.welovecycling.com\/cs\/wp-json\/wp\/v2\/media?parent=28562"}],"wp:term":[{"taxonomy":"category","embeddable":true,"href":"https:\/\/www.welovecycling.com\/cs\/wp-json\/wp\/v2\/categories?post=28562"},{"taxonomy":"post_tag","embeddable":true,"href":"https:\/\/www.welovecycling.com\/cs\/wp-json\/wp\/v2\/tags?post=28562"},{"taxonomy":"global-categories","embeddable":true,"href":"https:\/\/www.welovecycling.com\/cs\/wp-json\/wp\/v2\/global-categories?post=28562"}],"curies":[{"name":"wp","href":"https:\/\/api.w.org\/{rel}","templated":true}]}}