{"id":28556,"date":"2025-03-15T04:00:08","date_gmt":"2025-03-15T02:00:08","guid":{"rendered":"https:\/\/www.welovecycling.com\/cs\/?p=28556"},"modified":"2025-03-14T00:04:47","modified_gmt":"2025-03-13T22:04:47","slug":"tour-de-france-odstartuje-v-edinburghu","status":"publish","type":"post","link":"https:\/\/www.welovecycling.com\/cs\/2025\/03\/15\/tour-de-france-odstartuje-v-edinburghu\/","title":{"rendered":"Tour de France odstartuje v Edinburghu?!"},"content":{"rendered":"<p><strong>Tour de France z\u0159ejm\u011b pot\u0159et\u00ed v historii bude startovat ve Velk\u00e9 Brit\u00e1nii! Grand D\u00e9part 2027 by se podle zji\u0161t\u011bn\u00ed serveru BBC m\u011bl odehr\u00e1t v Edinburghu. Za kan\u00e1lem La Manche se n\u011bkter\u00e9 z etap Grande Boucle uskute\u010dnily u\u017e v letech 2007 a 2014.<\/strong><\/p>\n<p>Organizace UK Sport v kooperaci s Britskou federac\u00ed jednala s A.S.O., organiz\u00e1torem Tour de France, o mo\u017enosti uspo\u0159\u00e1dat pot\u0159et\u00ed v historii Grand D\u00e9part. &#8222;Na\u0161\u00ed ambic\u00ed je dostat Grand D\u00e9part znovu do Velk\u00e9 Brit\u00e1nie a inspirovat tak v\u00edce lid\u00ed, aby si u\u017eili cyklistiku. A tak\u00e9 p\u0159in\u00e9st trval\u00e9 v\u00fdhody komunit\u00e1m. Respektujeme v\u0161ak, \u017ee jde o rozhodnut\u00ed A.S.O. a z\u016fst\u00e1v\u00e1me odhodl\u00e1ni tvrd\u011b pracovat na rozvoji p\u0159\u00edle\u017eitost\u00ed, kter\u00e9 mohou p\u0159in\u00e9st radost z cyklistiky v\u0161em,&#8220; uvedla v ofici\u00e1ln\u00edm prohl\u00e1\u0161en\u00ed spole\u010dnost UK Sport.<\/p>\n<p>Je velmi pravd\u011bpodobn\u00e9, \u017ee dohoda u\u017e je uzav\u0159en\u00e1. Jen\u017ee podle intern\u00edch sm\u011brnic nesm\u00ed po\u0159adatel\u00e9 Grand D\u00e9part pod hrozbou smluvn\u00edch pokut zve\u0159ejnit podrobnosti d\u0159\u00edve, ne\u017e je publikuj\u00ed samotn\u00ed organiz\u00e1to\u0159i Tour de France. &#8222;Nijak jsme se netajili snahou vr\u00e1tit Tour de France, respektive jej\u00ed \u010d\u00e1st, do Velk\u00e9 Brit\u00e1nie,&#8220; nep\u0159\u00edmo potvrdila britsk\u00e1 organizace, \u017ee v\u0161e u\u017e je vy\u0159e\u0161en\u00e9.<\/p>\n<h2><strong>Tour de France startovala v Brit\u00e1nii u\u017e dvakr\u00e1t<\/strong><\/h2>\n<p>Ve Velk\u00e9 Brit\u00e1nii startovala Tour de France u\u017e v roce 2007. Tehdy se nejprve v ulic\u00edch Lond\u00fdna uskute\u010dnil prolog. Druh\u00fd den se pak jela sprintersk\u00e1 etapa z Lond\u00fdna do Canterbury a t\u0159et\u00ed etapa u\u017e se odehr\u00e1la na francouzsk\u00e9m \u00fazem\u00ed.<\/p>\n<p>O sedm let pozd\u011bji se peloton Grande Boucle za La Manche vr\u00e1til. Prvn\u00ed etapa po startu z Leedsu m\u00ed\u0159ila do Harrogate. Druh\u00e9 d\u011bjstv\u00ed se jelo z Yorku do Sheffieldu a t\u0159et\u00ed z Cambridge do Lond\u00fdna, v n\u00ed\u017e se zaskv\u011bl \u010desk\u00fd cyklista Jan B\u00e1rta, kter\u00fd z\u00edskal cenu pro nejv\u011bt\u0161\u00edho bojovn\u00edka dne.<\/p>\n<figure id=\"attachment_2824\" aria-describedby=\"caption-attachment-2824\" style=\"width: 1250px\" class=\"wp-caption alignnone\"><a href=\"https:\/\/d2p6e6u75xmxt8.cloudfront.net\/13\/2019\/07\/profimedia-0204749841.webp\"><img loading=\"lazy\" decoding=\"async\" class=\"size-full wp-image-2824\" src=\"https:\/\/d2p6e6u75xmxt8.cloudfront.net\/13\/2019\/07\/profimedia-0204749841.webp\" alt=\"\" width=\"1250\" height=\"833\" srcset=\"https:\/\/d2p6e6u75xmxt8.cloudfront.net\/13\/2019\/07\/profimedia-0204749841.webp 1250w, https:\/\/d2p6e6u75xmxt8.cloudfront.net\/13\/2019\/07\/profimedia-0204749841-300x200.webp 300w, https:\/\/d2p6e6u75xmxt8.cloudfront.net\/13\/2019\/07\/profimedia-0204749841-1024x682.webp 1024w, https:\/\/d2p6e6u75xmxt8.cloudfront.net\/13\/2019\/07\/profimedia-0204749841-768x512.webp 768w, https:\/\/d2p6e6u75xmxt8.cloudfront.net\/13\/2019\/07\/profimedia-0204749841-272x182.webp 272w\" sizes=\"auto, (max-width: 1250px) 100vw, 1250px\" \/><\/a><figcaption id=\"caption-attachment-2824\" class=\"wp-caption-text\"><em>Na oslavu Tour de France 2014 vyrobily yorkshirsk\u00e9 pletac\u00ed skupiny pleten\u00e1 kola, kter\u00e1 byla po dobu z\u00e1vodu vystavena v Sheffieldsk\u00e9 katedr\u00e1le.<\/em><\/figcaption><\/figure>\n<p>T\u0159i etapy na britsk\u00e9m \u00fazem\u00ed vid\u011blo pod\u00e9l silnic neuv\u011b\u0159iteln\u00fdch 4,8 milionu div\u00e1k\u016f! Pr\u00e1v\u011b vysok\u00e1 n\u00e1v\u0161t\u011bvnost pomohla vygenerovat odhadovan\u00e9 p\u0159\u00edjmy ve v\u00fd\u0161i 128 milion\u016f liber, tedy p\u0159ibli\u017en\u011b \u010dty\u0159i miliardy korun! Poplatek za z\u00edsk\u00e1n\u00ed jedn\u00e9 etapy je necel\u00fdch deset milion\u016f liber&#8230;<\/p>\n<div class=\"shortcode-ys-post-pinup\"><article class=\"loop-simple post-28430 post type-post status-publish format-standard has-post-thumbnail hentry category-tour-de-france tag-barcelona tag-cyklistika tag-grand-depart tag-grand-depart-2026 tag-montjuic tag-silnicni-cyklistika tag-tadej-pogacar tag-tour-de-france tag-tour-de-france-2026 global-categories-cycling\" data-postid=\"28430\" role=\"article\" data-post-id=\"28430\" data-word-count=\"284\" data-headline-length=\"71\" data-category=\"Tour de France\" data-global-category=\"Cycling\" data-author=\"We Love Cycling\" data-published=\"2025-02-26T00:17:04+02:00\" data-published-day=\"Wednesday\">\n    <div class=\"entry-thumbnail article-thumbnail\" content=\"https:\/\/d2p6e6u75xmxt8.cloudfront.net\/13\/2025\/02\/Barcelona-150x150.webp\"><a href=\"https:\/\/www.welovecycling.com\/cs\/2025\/02\/26\/sprinteri-placou-montjuic-v-hlavni-roli-startu-tour-de-france-2026\/\" class=\"image-holder\" target=\"_self\"><img decoding=\"async\" loading=\"lazy\" class=\"\" src=\"https:\/\/d2p6e6u75xmxt8.cloudfront.net\/13\/2025\/02\/Barcelona-1024x599.webp\" srcset=\"https:\/\/d2p6e6u75xmxt8.cloudfront.net\/13\/2025\/02\/Barcelona.webp 1377w, https:\/\/d2p6e6u75xmxt8.cloudfront.net\/13\/2025\/02\/Barcelona-300x175.webp 300w, https:\/\/d2p6e6u75xmxt8.cloudfront.net\/13\/2025\/02\/Barcelona-1024x599.webp 1024w, https:\/\/d2p6e6u75xmxt8.cloudfront.net\/13\/2025\/02\/Barcelona-768x449.webp 768w, https:\/\/d2p6e6u75xmxt8.cloudfront.net\/13\/2025\/02\/Barcelona-400x234.webp 400w\" width=\"1024\" height=\"599\" sizes=\"auto, (min-width: 1200px) 342px, (min-width: 768px) 29vw, 100vw\" alt=\"sprinteri-placou-montjuic-v-hlavni-roli-startu-tour-de-france-2026\"\/><\/a><\/div>    <div class=\"entry-meta\">\n        <a class=\"label label-secondary post-category\" href=\"https:\/\/www.welovecycling.com\/cs\/category\/tour-de-france\/\" title=\"Tour de France\">Tour de France<\/a>\n    <\/div>\n    <div class=\"entry-details\">\n        <a href=\"https:\/\/www.welovecycling.com\/cs\/2025\/02\/26\/sprinteri-placou-montjuic-v-hlavni-roli-startu-tour-de-france-2026\/\" class='entry-title-wrapper'>\n            <h3 class=\"entry-title\"><span>Sprinte\u0159i pl\u00e1\u010dou, Montjuic v hlavn\u00ed roli startu Tour de France 2026<\/span><\/h3>\n        <\/a>\n    <\/div>\n    <\/article>\n<\/div>\n<p>U\u017e v roce 2021, podle tvrzen\u00ed BBC, britsk\u00e1 vl\u00e1da uvedla, \u017ee vy\u010dlen\u00ed miliony liber na pokus z\u00edskat Grand D\u00e9part v roce 2026. M\u011blo se jednat o t\u0159i d\u011bjstv\u00ed nap\u0159\u00ed\u010d Angli\u00ed, Skotskem a Walesem. O t\u0159i roky pozd\u011bji Irsko kandidovalo na po\u0159\u00e1d\u00e1n\u00ed Grand D\u00e9part v roce 2026 nebo 2027, ale \u017e\u00e1dost st\u00e1hlo.<\/p>\n<h2><strong>Edinburgh by zkomplikoval \u010deskou kandidaturu<\/strong><\/h2>\n<p>Minul\u00fd ro\u010dn\u00edk Tour de France odstartoval na italsk\u00e9m \u00fazem\u00ed, kde se uskute\u010dnily t\u0159i etapy. \u010ctvrt\u00e1 v It\u00e1lii startovala. <a href=\"https:\/\/www.welovecycling.com\/cs\/2024\/10\/29\/tour-de-france-2025-uvod-bez-hor-navrat-legend-prevyseni-51-tisic-metru\/\">Letos se Grande Boucle<\/a> uskute\u010dn\u00ed v\u00fdhradn\u011b na francouzsk\u00e9m \u00fazem\u00ed. P\u0159\u00ed\u0161t\u00ed rok bude startovat nejslavn\u011bj\u0161\u00ed etapov\u00fd z\u00e1vod planety v Barcelon\u011b.<\/p>\n<p>Pokud se napln\u00ed informace BBC o Grand D\u00e9part 2027 na britsk\u00e9m \u00fazem\u00ed, p\u016fjde o t\u011b\u017ekou r\u00e1nu pro \u010desk\u00e9 ambice p\u0159il\u00e1kat v l\u00e9t\u011b 2028 start Grande Boucle do Prahy. Je toti\u017e nepravd\u011bpodobn\u00e9, \u017ee by t\u0159i ro\u010dn\u00edky za sebou startovaly mimo \u00fazem\u00ed Francie. \u010cesko by se tak muselo zam\u011b\u0159it na pokus uspo\u0159\u00e1dat Grand D\u00e9part v roce 2029.<\/p>\n","protected":false},"excerpt":{"rendered":"<p>Tour de France z\u0159ejm\u011b pot\u0159et\u00ed v historii bude startovat ve Velk\u00e9 Brit\u00e1nii! Grand D\u00e9part 2027 by se podle zji\u0161t\u011bn\u00ed serveru [&hellip;]<\/p>\n","protected":false},"author":138,"featured_media":2895,"comment_status":"open","ping_status":"open","sticky":false,"template":"","format":"standard","meta":{"footnotes":""},"categories":[1711],"tags":[126,4119,9,23],"global-categories":[411],"class_list":["post-28556","post","type-post","status-publish","format-standard","has-post-thumbnail","hentry","category-tour-de-france","tag-cyklistika","tag-grand-depart-2027","tag-silnicni-cyklistika","tag-tour-de-france","global-categories-cycling"],"yoast_head":"<!-- This site is optimized with the Yoast SEO Premium plugin v25.3 (Yoast SEO v25.9) - https:\/\/yoast.com\/wordpress\/plugins\/seo\/ -->\n<title>Tour de France odstartuje v Edinburghu?! | \u0160koda We Love Cycling - \u010cesk\u00e1 republika<\/title>\n<meta name=\"description\" content=\"Tour de France z\u0159ejm\u011b pot\u0159et\u00ed v historii bude startovat ve Velk\u00e9 Brit\u00e1nii! Grand D\u00e9part 2027 by se podle zji\u0161t\u011bn\u00ed serveru BBC m\u011bl odehr\u00e1t v Edinburghu. Za kan\u00e1lem La Manche se n\u011bkter\u00e9 z etap Grande Boucle uskute\u010dnily u\u017e v letech 2007 a 2014.\" \/>\n<meta name=\"robots\" content=\"index, follow, max-snippet:-1, max-image-preview:large, max-video-preview:-1\" \/>\n<link rel=\"canonical\" href=\"https:\/\/www.welovecycling.com\/cs\/2025\/03\/15\/tour-de-france-odstartuje-v-edinburghu\/\" \/>\n<meta property=\"og:locale\" content=\"cs_CZ\" \/>\n<meta property=\"og:type\" content=\"article\" \/>\n<meta property=\"og:title\" content=\"Tour de France odstartuje v Edinburghu?!\" \/>\n<meta property=\"og:description\" content=\"Tour de France z\u0159ejm\u011b pot\u0159et\u00ed v historii bude startovat ve Velk\u00e9 Brit\u00e1nii! Grand D\u00e9part 2027 by se podle zji\u0161t\u011bn\u00ed serveru BBC m\u011bl odehr\u00e1t v Edinburghu. Za kan\u00e1lem La Manche se n\u011bkter\u00e9 z etap Grande Boucle uskute\u010dnily u\u017e v letech 2007 a 2014.\" \/>\n<meta property=\"og:url\" content=\"https:\/\/www.welovecycling.com\/cs\/2025\/03\/15\/tour-de-france-odstartuje-v-edinburghu\/\" \/>\n<meta property=\"og:site_name\" content=\"\u0160koda We Love Cycling - \u010cesk\u00e1 republika\" \/>\n<meta property=\"article:published_time\" content=\"2025-03-15T02:00:08+00:00\" \/>\n<meta property=\"og:image\" content=\"https:\/\/d2p6e6u75xmxt8.cloudfront.net\/13\/2019\/07\/profimedia-0229528997.webp\" \/>\n\t<meta property=\"og:image:width\" content=\"1250\" \/>\n\t<meta property=\"og:image:height\" content=\"768\" \/>\n\t<meta property=\"og:image:type\" content=\"image\/webp\" \/>\n<meta name=\"author\" content=\"radekmalina\" \/>\n<meta name=\"twitter:card\" content=\"summary_large_image\" \/>\n<meta name=\"twitter:label1\" content=\"Written by\" \/>\n\t<meta name=\"twitter:data1\" content=\"We Love Cycling\" \/>\n\t<meta name=\"twitter:label2\" content=\"Est. reading time\" \/>\n\t<meta name=\"twitter:data2\" content=\"5\" \/>\n<script type=\"application\/ld+json\" class=\"yoast-schema-graph\">{\"@context\":\"https:\/\/schema.org\",\"@graph\":[{\"@type\":\"WebPage\",\"@id\":\"https:\/\/www.welovecycling.com\/cs\/2025\/03\/15\/tour-de-france-odstartuje-v-edinburghu\/\",\"url\":\"https:\/\/www.welovecycling.com\/cs\/2025\/03\/15\/tour-de-france-odstartuje-v-edinburghu\/\",\"name\":\"Tour de France odstartuje v Edinburghu?! | \u0160koda We Love Cycling - \u010cesk\u00e1 republika\",\"isPartOf\":{\"@id\":\"https:\/\/www.welovecycling.com\/cs\/#website\"},\"primaryImageOfPage\":{\"@id\":\"https:\/\/www.welovecycling.com\/cs\/2025\/03\/15\/tour-de-france-odstartuje-v-edinburghu\/#primaryimage\"},\"image\":{\"@id\":\"https:\/\/www.welovecycling.com\/cs\/2025\/03\/15\/tour-de-france-odstartuje-v-edinburghu\/#primaryimage\"},\"thumbnailUrl\":\"https:\/\/d2p6e6u75xmxt8.cloudfront.net\/13\/2019\/07\/profimedia-0229528997.webp\",\"datePublished\":\"2025-03-15T02:00:08+00:00\",\"author\":{\"@id\":\"https:\/\/www.welovecycling.com\/cs\/#\/schema\/person\/d9eeb0a378f3a7e4a6d12d2b536b04b8\"},\"description\":\"Tour de France z\u0159ejm\u011b pot\u0159et\u00ed v historii bude startovat ve Velk\u00e9 Brit\u00e1nii! Grand D\u00e9part 2027 by se podle zji\u0161t\u011bn\u00ed serveru BBC m\u011bl odehr\u00e1t v Edinburghu. Za kan\u00e1lem La Manche se n\u011bkter\u00e9 z etap Grande Boucle uskute\u010dnily u\u017e v letech 2007 a 2014.\",\"inLanguage\":\"cs\",\"potentialAction\":[{\"@type\":\"ReadAction\",\"target\":[\"https:\/\/www.welovecycling.com\/cs\/2025\/03\/15\/tour-de-france-odstartuje-v-edinburghu\/\"]}]},{\"@type\":\"ImageObject\",\"inLanguage\":\"cs\",\"@id\":\"https:\/\/www.welovecycling.com\/cs\/2025\/03\/15\/tour-de-france-odstartuje-v-edinburghu\/#primaryimage\",\"url\":\"https:\/\/d2p6e6u75xmxt8.cloudfront.net\/13\/2019\/07\/profimedia-0229528997.webp\",\"contentUrl\":\"https:\/\/d2p6e6u75xmxt8.cloudfront.net\/13\/2019\/07\/profimedia-0229528997.webp\",\"width\":1250,\"height\":768,\"caption\":\"Marcel Kittel cross the finish line to win stage 3 Tour de France cycling race, Stage 3 - Cambridge to London, Britain - 07 Jul 2014, Image: 229528997, License: Rights-managed, Restrictions: , Model Release: no, Credit line: Profimedia, TEMP Rex Features\"},{\"@type\":\"WebSite\",\"@id\":\"https:\/\/www.welovecycling.com\/cs\/#website\",\"url\":\"https:\/\/www.welovecycling.com\/cs\/\",\"name\":\"\u0160koda We Love Cycling - \u010cesk\u00e1 republika\",\"description\":\"WeLoveCycling.cz je online magaz\u00edn, kter\u00fd v\u00e1m pravideln\u011b p\u0159in\u00e1\u0161\u00ed rady a tipy, zaj\u00edmav\u00e9 \u010dl\u00e1nky, videa a jedine\u010dn\u00e9 report\u00e1\u017ee ze sv\u011bta cyklistiky.\",\"potentialAction\":[{\"@type\":\"SearchAction\",\"target\":{\"@type\":\"EntryPoint\",\"urlTemplate\":\"https:\/\/www.welovecycling.com\/cs\/?s={search_term_string}\"},\"query-input\":{\"@type\":\"PropertyValueSpecification\",\"valueRequired\":true,\"valueName\":\"search_term_string\"}}],\"inLanguage\":\"cs\"},{\"@type\":\"Person\",\"@id\":\"https:\/\/www.welovecycling.com\/cs\/#\/schema\/person\/d9eeb0a378f3a7e4a6d12d2b536b04b8\",\"name\":\"radekmalina\",\"image\":{\"@type\":\"ImageObject\",\"inLanguage\":\"cs\",\"@id\":\"https:\/\/www.welovecycling.com\/cs\/#\/schema\/person\/image\/\",\"url\":\"https:\/\/secure.gravatar.com\/avatar\/66994b632cb8c39a46b9f54afa3ae07201b678d32a54275b6f1c9ffec356bfc0?s=96&d=mm&r=g\",\"contentUrl\":\"https:\/\/secure.gravatar.com\/avatar\/66994b632cb8c39a46b9f54afa3ae07201b678d32a54275b6f1c9ffec356bfc0?s=96&d=mm&r=g\",\"caption\":\"radekmalina\"},\"url\":\"https:\/\/www.welovecycling.com\/cs\/author\/radekmalina\/\"}]}<\/script>\n<!-- \/ Yoast SEO Premium plugin. -->","yoast_head_json":{"title":"Tour de France odstartuje v Edinburghu?! | \u0160koda We Love Cycling - \u010cesk\u00e1 republika","description":"Tour de France z\u0159ejm\u011b pot\u0159et\u00ed v historii bude startovat ve Velk\u00e9 Brit\u00e1nii! Grand D\u00e9part 2027 by se podle zji\u0161t\u011bn\u00ed serveru BBC m\u011bl odehr\u00e1t v Edinburghu. Za kan\u00e1lem La Manche se n\u011bkter\u00e9 z etap Grande Boucle uskute\u010dnily u\u017e v letech 2007 a 2014.","robots":{"index":"index","follow":"follow","max-snippet":"max-snippet:-1","max-image-preview":"max-image-preview:large","max-video-preview":"max-video-preview:-1"},"canonical":"https:\/\/www.welovecycling.com\/cs\/2025\/03\/15\/tour-de-france-odstartuje-v-edinburghu\/","og_locale":"cs_CZ","og_type":"article","og_title":"Tour de France odstartuje v Edinburghu?!","og_description":"Tour de France z\u0159ejm\u011b pot\u0159et\u00ed v historii bude startovat ve Velk\u00e9 Brit\u00e1nii! Grand D\u00e9part 2027 by se podle zji\u0161t\u011bn\u00ed serveru BBC m\u011bl odehr\u00e1t v Edinburghu. Za kan\u00e1lem La Manche se n\u011bkter\u00e9 z etap Grande Boucle uskute\u010dnily u\u017e v letech 2007 a 2014.","og_url":"https:\/\/www.welovecycling.com\/cs\/2025\/03\/15\/tour-de-france-odstartuje-v-edinburghu\/","og_site_name":"\u0160koda We Love Cycling - \u010cesk\u00e1 republika","article_published_time":"2025-03-15T02:00:08+00:00","og_image":[{"width":1250,"height":768,"url":"https:\/\/d2p6e6u75xmxt8.cloudfront.net\/13\/2019\/07\/profimedia-0229528997.webp","type":"image\/webp"}],"author":"radekmalina","twitter_card":"summary_large_image","twitter_misc":{"Written by":"We Love Cycling","Est. reading time":"5"},"schema":{"@context":"https:\/\/schema.org","@graph":[{"@type":"WebPage","@id":"https:\/\/www.welovecycling.com\/cs\/2025\/03\/15\/tour-de-france-odstartuje-v-edinburghu\/","url":"https:\/\/www.welovecycling.com\/cs\/2025\/03\/15\/tour-de-france-odstartuje-v-edinburghu\/","name":"Tour de France odstartuje v Edinburghu?! | \u0160koda We Love Cycling - \u010cesk\u00e1 republika","isPartOf":{"@id":"https:\/\/www.welovecycling.com\/cs\/#website"},"primaryImageOfPage":{"@id":"https:\/\/www.welovecycling.com\/cs\/2025\/03\/15\/tour-de-france-odstartuje-v-edinburghu\/#primaryimage"},"image":{"@id":"https:\/\/www.welovecycling.com\/cs\/2025\/03\/15\/tour-de-france-odstartuje-v-edinburghu\/#primaryimage"},"thumbnailUrl":"https:\/\/d2p6e6u75xmxt8.cloudfront.net\/13\/2019\/07\/profimedia-0229528997.webp","datePublished":"2025-03-15T02:00:08+00:00","author":{"@id":"https:\/\/www.welovecycling.com\/cs\/#\/schema\/person\/d9eeb0a378f3a7e4a6d12d2b536b04b8"},"description":"Tour de France z\u0159ejm\u011b pot\u0159et\u00ed v historii bude startovat ve Velk\u00e9 Brit\u00e1nii! Grand D\u00e9part 2027 by se podle zji\u0161t\u011bn\u00ed serveru BBC m\u011bl odehr\u00e1t v Edinburghu. Za kan\u00e1lem La Manche se n\u011bkter\u00e9 z etap Grande Boucle uskute\u010dnily u\u017e v letech 2007 a 2014.","inLanguage":"cs","potentialAction":[{"@type":"ReadAction","target":["https:\/\/www.welovecycling.com\/cs\/2025\/03\/15\/tour-de-france-odstartuje-v-edinburghu\/"]}]},{"@type":"ImageObject","inLanguage":"cs","@id":"https:\/\/www.welovecycling.com\/cs\/2025\/03\/15\/tour-de-france-odstartuje-v-edinburghu\/#primaryimage","url":"https:\/\/d2p6e6u75xmxt8.cloudfront.net\/13\/2019\/07\/profimedia-0229528997.webp","contentUrl":"https:\/\/d2p6e6u75xmxt8.cloudfront.net\/13\/2019\/07\/profimedia-0229528997.webp","width":1250,"height":768,"caption":"Marcel Kittel cross the finish line to win stage 3 Tour de France cycling race, Stage 3 - Cambridge to London, Britain - 07 Jul 2014, Image: 229528997, License: Rights-managed, Restrictions: , Model Release: no, Credit line: Profimedia, TEMP Rex Features"},{"@type":"WebSite","@id":"https:\/\/www.welovecycling.com\/cs\/#website","url":"https:\/\/www.welovecycling.com\/cs\/","name":"\u0160koda We Love Cycling - \u010cesk\u00e1 republika","description":"WeLoveCycling.cz je online magaz\u00edn, kter\u00fd v\u00e1m pravideln\u011b p\u0159in\u00e1\u0161\u00ed rady a tipy, zaj\u00edmav\u00e9 \u010dl\u00e1nky, videa a jedine\u010dn\u00e9 report\u00e1\u017ee ze sv\u011bta cyklistiky.","potentialAction":[{"@type":"SearchAction","target":{"@type":"EntryPoint","urlTemplate":"https:\/\/www.welovecycling.com\/cs\/?s={search_term_string}"},"query-input":{"@type":"PropertyValueSpecification","valueRequired":true,"valueName":"search_term_string"}}],"inLanguage":"cs"},{"@type":"Person","@id":"https:\/\/www.welovecycling.com\/cs\/#\/schema\/person\/d9eeb0a378f3a7e4a6d12d2b536b04b8","name":"radekmalina","image":{"@type":"ImageObject","inLanguage":"cs","@id":"https:\/\/www.welovecycling.com\/cs\/#\/schema\/person\/image\/","url":"https:\/\/secure.gravatar.com\/avatar\/66994b632cb8c39a46b9f54afa3ae07201b678d32a54275b6f1c9ffec356bfc0?s=96&d=mm&r=g","contentUrl":"https:\/\/secure.gravatar.com\/avatar\/66994b632cb8c39a46b9f54afa3ae07201b678d32a54275b6f1c9ffec356bfc0?s=96&d=mm&r=g","caption":"radekmalina"},"url":"https:\/\/www.welovecycling.com\/cs\/author\/radekmalina\/"}]}},"_links":{"self":[{"href":"https:\/\/www.welovecycling.com\/cs\/wp-json\/wp\/v2\/posts\/28556","targetHints":{"allow":["GET"]}}],"collection":[{"href":"https:\/\/www.welovecycling.com\/cs\/wp-json\/wp\/v2\/posts"}],"about":[{"href":"https:\/\/www.welovecycling.com\/cs\/wp-json\/wp\/v2\/types\/post"}],"author":[{"embeddable":true,"href":"https:\/\/www.welovecycling.com\/cs\/wp-json\/wp\/v2\/users\/138"}],"replies":[{"embeddable":true,"href":"https:\/\/www.welovecycling.com\/cs\/wp-json\/wp\/v2\/comments?post=28556"}],"version-history":[{"count":5,"href":"https:\/\/www.welovecycling.com\/cs\/wp-json\/wp\/v2\/posts\/28556\/revisions"}],"predecessor-version":[{"id":28561,"href":"https:\/\/www.welovecycling.com\/cs\/wp-json\/wp\/v2\/posts\/28556\/revisions\/28561"}],"wp:featuredmedia":[{"embeddable":true,"href":"https:\/\/www.welovecycling.com\/cs\/wp-json\/wp\/v2\/media\/2895"}],"wp:attachment":[{"href":"https:\/\/www.welovecycling.com\/cs\/wp-json\/wp\/v2\/media?parent=28556"}],"wp:term":[{"taxonomy":"category","embeddable":true,"href":"https:\/\/www.welovecycling.com\/cs\/wp-json\/wp\/v2\/categories?post=28556"},{"taxonomy":"post_tag","embeddable":true,"href":"https:\/\/www.welovecycling.com\/cs\/wp-json\/wp\/v2\/tags?post=28556"},{"taxonomy":"global-categories","embeddable":true,"href":"https:\/\/www.welovecycling.com\/cs\/wp-json\/wp\/v2\/global-categories?post=28556"}],"curies":[{"name":"wp","href":"https:\/\/api.w.org\/{rel}","templated":true}]}}