{"id":28526,"date":"2025-03-11T06:10:29","date_gmt":"2025-03-11T04:10:29","guid":{"rendered":"https:\/\/www.welovecycling.com\/cs\/?p=28526"},"modified":"2025-03-10T19:27:39","modified_gmt":"2025-03-10T17:27:39","slug":"kolik-kilometru-ujedete-jak-naplanovat-magicke-cislo","status":"publish","type":"post","link":"https:\/\/www.welovecycling.com\/cs\/2025\/03\/11\/kolik-kilometru-ujedete-jak-naplanovat-magicke-cislo\/","title":{"rendered":"Kolik kilometr\u016f ujedete? Jak napl\u00e1novat magick\u00e9 \u010d\u00edslo&#8230;"},"content":{"rendered":"<p><strong>Cyklistick\u00e1 komunita se d\u011bl\u00ed prim\u00e1rn\u011b na dva t\u00e1bory. Jeden z\u00e1sadn\u011b \u0159e\u0161\u00ed kolik kilometr\u016f za sezonu ujede, druh\u00e1 skupina naopak v\u016fbec nevn\u00edm\u00e1, co v sedle kola za rok zvl\u00e1dne. Jak\u00fd je spr\u00e1vn\u00fd p\u0159\u00edstup? A pro\u010d je dobr\u00e9 m\u00edt c\u00edl, k n\u011bmu\u017e sm\u011b\u0159ujete svoje \u00fasil\u00ed?<\/strong><\/p>\n<p>Samoz\u0159ejm\u011b, ka\u017ed\u00fd jsme jin\u00fd. Pro jednoho m\u016f\u017ee b\u00fdt p\u011bt tis\u00edc kilometr\u016f za rok hodn\u011b, pro dal\u0161\u00edho p\u016fjde o naprosto irelevantn\u00ed \u010d\u00edslo. Ka\u017ed\u00fd amat\u00e9rsk\u00fd cyklista \u0159e\u0161\u00ed pracovn\u00ed povinnosti, rodinn\u00e9 aspekty, pot\u00fdk\u00e1 se s nemocemi, v\u011bkem. Pak je t\u0159eba p\u0159ipo\u010d\u00edst i vlivy jako je t\u0159eba po\u010das\u00ed&#8230; Jak tedy ur\u010dit, kolik kilometr\u016f za rok v sedle kola ujet?<\/p>\n<h2><strong>Pro\u010d si ur\u010dovat, kolik kilometr\u016f ujedete?<\/strong><\/h2>\n<p>Existuje v\u0161ak mnoho d\u016fvod\u016f, pro\u010d si stanovit konkr\u00e9tn\u00ed c\u00edle. Jde o osv\u011bd\u010den\u00fd postup, jak si udr\u017eet motivaci. A\u0165 u\u017e d\u011bl\u00e1te cokoliv, je p\u0159ece fajn m\u00edt konkr\u00e9tn\u00ed c\u00edl.<\/p>\n<p>Pl\u00e1n z hlediska po\u010dtu kilometr\u016f nemus\u00ed b\u00fdt striktn\u011b v\u00e1z\u00e1n na konkr\u00e9tn\u00ed datumy. M\u016f\u017eete stup\u0148ovat n\u00e1jezd b\u011bhem t\u00fddne v pr\u016fb\u011bhu jara a\u017e k letn\u00edmu vrcholu. Stejn\u011b tak lze p\u0159id\u00e1vat v pr\u016fb\u011bhu m\u011bs\u00edc\u016f. A t\u00edm se doberete kone\u010dn\u00e9 \u010d\u00edslovky za cel\u00fd rok.<\/p>\n<p><a href=\"https:\/\/d2p6e6u75xmxt8.cloudfront.net\/13\/2022\/01\/intervaly-watty-computer-unava-michal-cerveny.webp\"><img loading=\"lazy\" decoding=\"async\" class=\"size-extra-large wp-image-15769\" src=\"https:\/\/d2p6e6u75xmxt8.cloudfront.net\/13\/2022\/01\/intervaly-watty-computer-unava-michal-cerveny-1920x1280.webp\" alt=\"Intervalov\u00fd tr\u00e9nink vede k n\u00e1r\u016fstu v\u00fdkonnosti. Z\u00e1le\u017e\u00ed jen na ochot\u011b sn\u00e1\u0161et bolest....\" width=\"1920\" height=\"1280\" srcset=\"https:\/\/d2p6e6u75xmxt8.cloudfront.net\/13\/2022\/01\/intervaly-watty-computer-unava-michal-cerveny-1920x1280.webp 1920w, https:\/\/d2p6e6u75xmxt8.cloudfront.net\/13\/2022\/01\/intervaly-watty-computer-unava-michal-cerveny-300x200.webp 300w, https:\/\/d2p6e6u75xmxt8.cloudfront.net\/13\/2022\/01\/intervaly-watty-computer-unava-michal-cerveny-1024x682.webp 1024w, https:\/\/d2p6e6u75xmxt8.cloudfront.net\/13\/2022\/01\/intervaly-watty-computer-unava-michal-cerveny-768x512.webp 768w, https:\/\/d2p6e6u75xmxt8.cloudfront.net\/13\/2022\/01\/intervaly-watty-computer-unava-michal-cerveny-1536x1024.webp 1536w, https:\/\/d2p6e6u75xmxt8.cloudfront.net\/13\/2022\/01\/intervaly-watty-computer-unava-michal-cerveny-272x182.webp 272w, https:\/\/d2p6e6u75xmxt8.cloudfront.net\/13\/2022\/01\/intervaly-watty-computer-unava-michal-cerveny.webp 2000w, https:\/\/d2p6e6u75xmxt8.cloudfront.net\/13\/2022\/01\/intervaly-watty-computer-unava-michal-cerveny-1920x1280.webp 1920w\" sizes=\"auto, (max-width: 1920px) 100vw, 1920px\" \/><\/a><\/p>\n<p>Konkr\u00e9tn\u00ed c\u00edl kolik kilometr\u016f chcete za sezonu ujet, je skv\u011bl\u00fd z hlediska odpov\u011bdnosti k tr\u00e9ninku. Je toti\u017e jasn\u00e9, \u017ee nem\u016f\u017eete napln\u011bn\u00ed pl\u00e1n\u016f odkl\u00e1dat. Pl\u00e1n si \u017e\u00e1d\u00e1 ur\u010dit\u00fd \u010das v pr\u016fb\u011bhu dn\u016f, respektive t\u00fddn\u016f.<\/p>\n<p>Stanoven\u00ed konkr\u00e9tn\u00ed mety v po\u010dtu kilometr\u016f za sezonu z\u00e1sadn\u011b prosp\u00edv\u00e1 i celkov\u00e9 vytrvalosti cyklisty ve srovn\u00e1n\u00ed s naprosto nahodil\u00fdm a nekoordinovan\u00fdm je\u017ed\u011bn\u00edm.<\/p>\n<h2><strong>Nev\u00edte, jak si stanovit pl\u00e1n?<\/strong><\/h2>\n<p>M\u016f\u017eete si stanovit kr\u00e1tkodob\u00fd i dlouhodob\u00fd pl\u00e1n. T\u00fddenn\u00ed \u010di m\u011bs\u00ed\u010dn\u00ed c\u00edl je skv\u011bl\u00fd pro propo\u010det k cel\u00e9 sezon\u011b.<\/p>\n<p>Prvn\u00edm bodem je z\u016fstat realistou za ka\u017edou cenu. Nem\u00e1 smysl kl\u00e1st si nedosa\u017eiteln\u00e9 c\u00edle. Jestli\u017ee jste na za\u010d\u00e1tku cyklistick\u00e9 kari\u00e9ry, dr\u017ete se p\u0159i pl\u00e1nov\u00e1n\u00ed sp\u00ed\u0161e p\u0159i zemi. Pokud se uk\u00e1\u017ee, \u017ee jste zdatn\u00fd biker, v\u017edy m\u016f\u017eete pl\u00e1novan\u00e9 \u010d\u00edslo nav\u00fd\u0161it.<\/p>\n<div class=\"shortcode-ys-post-pinup\"><article class=\"loop-simple post-28344 post type-post status-publish format-standard has-post-thumbnail hentry category-rady-tipy tag-cyklistika tag-enve-melee tag-future-cycling tag-kristian-hynek tag-predstaveni-kola tag-silnicni-cyklistika global-categories-cycling\" data-postid=\"28344\" role=\"article\" data-post-id=\"28344\" data-word-count=\"656\" data-headline-length=\"80\" data-category=\"Rady &amp; tipy\" data-global-category=\"Cycling\" data-author=\"We Love Cycling\" data-published=\"2025-03-03T04:05:29+02:00\" data-published-day=\"Monday\">\n    <div class=\"entry-thumbnail article-thumbnail\" content=\"https:\/\/d2p6e6u75xmxt8.cloudfront.net\/13\/2025\/02\/IMG-20250220-WA0009-150x150.webp\"><a href=\"https:\/\/www.welovecycling.com\/cs\/2025\/03\/03\/predstaveni-enve-melee-ohromujici-zavodak-co-z-hobika-nevytrese-dusi\/\" class=\"image-holder\" target=\"_self\"><img decoding=\"async\" loading=\"lazy\" class=\"\" src=\"https:\/\/d2p6e6u75xmxt8.cloudfront.net\/13\/2025\/02\/IMG-20250220-WA0009-1024x768.webp\" srcset=\"https:\/\/d2p6e6u75xmxt8.cloudfront.net\/13\/2025\/02\/IMG-20250220-WA0009-scaled.webp 2560w, https:\/\/d2p6e6u75xmxt8.cloudfront.net\/13\/2025\/02\/IMG-20250220-WA0009-300x225.webp 300w, https:\/\/d2p6e6u75xmxt8.cloudfront.net\/13\/2025\/02\/IMG-20250220-WA0009-1024x768.webp 1024w, https:\/\/d2p6e6u75xmxt8.cloudfront.net\/13\/2025\/02\/IMG-20250220-WA0009-768x576.webp 768w, https:\/\/d2p6e6u75xmxt8.cloudfront.net\/13\/2025\/02\/IMG-20250220-WA0009-1536x1152.webp 1536w, https:\/\/d2p6e6u75xmxt8.cloudfront.net\/13\/2025\/02\/IMG-20250220-WA0009-2048x1536.webp 2048w, https:\/\/d2p6e6u75xmxt8.cloudfront.net\/13\/2025\/02\/IMG-20250220-WA0009-1920x1440.webp 1920w, https:\/\/d2p6e6u75xmxt8.cloudfront.net\/13\/2025\/02\/IMG-20250220-WA0009-400x300.webp 400w, https:\/\/d2p6e6u75xmxt8.cloudfront.net\/13\/2025\/02\/IMG-20250220-WA0009-1920x1440.webp 1920w\" width=\"1024\" height=\"768\" sizes=\"auto, (min-width: 1200px) 300px, (min-width: 768px) 25vw, 100vw\" alt=\"predstaveni-enve-melee-ohromujici-zavodak-co-z-hobika-nevytrese-dusi\"\/><\/a><\/div>    <div class=\"entry-meta\">\n        <a class=\"label label-secondary post-category\" href=\"https:\/\/www.welovecycling.com\/cs\/category\/rady-tipy\/\" title=\"Rady &amp; tipy\">Rady &amp; tipy<\/a>\n    <\/div>\n    <div class=\"entry-details\">\n        <a href=\"https:\/\/www.welovecycling.com\/cs\/2025\/03\/03\/predstaveni-enve-melee-ohromujici-zavodak-co-z-hobika-nevytrese-dusi\/\" class='entry-title-wrapper'>\n            <h3 class=\"entry-title\"><span>P\u0159edstaven\u00ed Enve Melee: ohromuj\u00edc\u00ed z\u00e1vo\u010f\u00e1k, co z hob\u00edka nevyt\u0159ese du\u0161i<\/span><\/h3>\n        <\/a>\n    <\/div>\n    <\/article>\n<\/div>\n<p>D\u016fle\u017eit\u00e1 je celkov\u00e1 motivace. Tr\u00e9nujete, abyste budovali vytrvalost? Sm\u011b\u0159ujete k pohodov\u011bj\u0161\u00edm dlouh\u00fdm j\u00edzd\u00e1m? Tr\u00e9nujete na z\u00e1vod? Chcete b\u00fdt prost\u011b jenom rychlej\u0161\u00ed? Nebo v\u00e1m jde o pravidelnost a konzistentn\u00ed rutinu?<\/p>\n<p>Rozhodn\u011b neexistuje unifikovan\u00e1 odpov\u011b\u010f, kolik kilometr\u016f by m\u011bl ka\u017ed\u00fd cyklista ujet. Z\u00e1le\u017e\u00ed na \u00farovni jednotlivce.\u00a0Za\u010d\u00e1te\u010dn\u00edk bude pova\u017eovat za \u00fasp\u011bch stovku t\u00fddn\u011b. Kl\u00ed\u010dem je budovat kondici postupn\u011b a v mal\u00e9m. Ka\u017ed\u00e9 dva t\u00fddny m\u016f\u017eete objem zv\u00fd\u0161it t\u0159eba o deset procent.<\/p>\n<figure id=\"attachment_11204\" aria-describedby=\"caption-attachment-11204\" style=\"width: 1920px\" class=\"wp-caption alignnone\"><a href=\"https:\/\/d2p6e6u75xmxt8.cloudfront.net\/13\/2020\/12\/WLC-computer-scaled.webp\"><img loading=\"lazy\" decoding=\"async\" class=\"size-extra-large wp-image-11204\" src=\"https:\/\/d2p6e6u75xmxt8.cloudfront.net\/13\/2020\/12\/WLC-computer-scaled-1920x1080.webp\" alt=\"Hled\u00e1te motivaci do cyklistick\u00e9ho tr\u00e9ninku? Zkuste b\u011bhem jedin\u00e9ho roku najet deset tis\u00edc kilometr\u016f.\" width=\"1920\" height=\"1080\" srcset=\"https:\/\/d2p6e6u75xmxt8.cloudfront.net\/13\/2020\/12\/WLC-computer-scaled-1920x1080.webp 1920w, https:\/\/d2p6e6u75xmxt8.cloudfront.net\/13\/2020\/12\/WLC-computer-scaled-300x169.webp 300w, https:\/\/d2p6e6u75xmxt8.cloudfront.net\/13\/2020\/12\/WLC-computer-scaled-1024x576.webp 1024w, https:\/\/d2p6e6u75xmxt8.cloudfront.net\/13\/2020\/12\/WLC-computer-scaled-768x432.webp 768w, https:\/\/d2p6e6u75xmxt8.cloudfront.net\/13\/2020\/12\/WLC-computer-scaled-1536x864.webp 1536w, https:\/\/d2p6e6u75xmxt8.cloudfront.net\/13\/2020\/12\/WLC-computer-scaled-2048x1152.webp 2048w, https:\/\/d2p6e6u75xmxt8.cloudfront.net\/13\/2020\/12\/WLC-computer-scaled-1920x1080.webp 1920w\" sizes=\"auto, (max-width: 1920px) 100vw, 1920px\" \/><\/a><figcaption id=\"caption-attachment-11204\" class=\"wp-caption-text\"><em>Hled\u00e1te motivaci do cyklistick\u00e9ho tr\u00e9ninku? Zkuste b\u011bhem jedin\u00e9ho roku najet deset tis\u00edc kilometr\u016f.<\/em><\/figcaption><\/figure>\n<p>Pro zku\u0161en\u011bj\u0161\u00ed cyklisty bude meta kolik kilometr\u016f ujet za sedm dn\u016f p\u0159eci jen vy\u0161\u0161\u00ed. Minim\u00e1ln\u011b o polovinu v\u00edce proti za\u010d\u00e1te\u010dn\u00edk\u016fm, v p\u0159\u00edpad\u011b ambici\u00f3zn\u00edch jedinc\u016f pak m\u016f\u017ee b\u00fdt porce klidn\u011b dvojn\u00e1sobn\u00e1. D\u016fle\u017eit\u00e9 je pamatovat mezi jednotliv\u00fdmi tr\u00e9ninky na dostate\u010dn\u00fd prostor k regeneraci, aby se dostavilo zlep\u0161en\u00ed.<\/p>\n<p>V p\u0159\u00edpad\u011b cyklistick\u00fdch bard\u016f hraje roli mnoho faktor\u016f. N\u011bkter\u00e9 z chrt\u016f uspokoj\u00ed t\u0159i sta kilometr\u016f za t\u00fdden, jin\u00fdm polyka\u010d\u016fm kilometr\u016f bude p\u011bt set m\u00e1lo. Zde u\u017e se bav\u00edme o n\u00e1r\u016fstu rychlosti, s\u00edly, vytrvalosti i aerobn\u00ed kapacity, kdy budete hrav\u011b zdol\u00e1vat del\u0161\u00ed vzd\u00e1lenosti a p\u0159itom z\u016fstanete relativn\u011b sv\u011b\u017e\u00ed.<\/p>\n<h2><strong>Nejezd\u011bte jen jednou a dlouze<\/strong><\/h2>\n<p>Roli p\u0159i ur\u010dov\u00e1n\u00ed kolik kilometr\u016f ujedete hraje i f\u00e1ze sezony, v n\u00ed\u017e se nach\u00e1z\u00edte. Prvn\u00ed jarn\u00ed tr\u00e9ninky v chladn\u00fdch podm\u00ednk\u00e1ch v\u00e1m umo\u017en\u00ed jin\u00fd p\u0159\u00edstup ne\u017e pokud vyraz\u00edte do tepl\u00fdch kraj\u016f na cyklistick\u00e9 soust\u0159ed\u011bn\u00ed a n\u00e1sledn\u011b budete pokra\u010dovat s p\u00e1r set kilometry v noh\u00e1ch. Ka\u017edop\u00e1dn\u011b pamatujte, \u017ee d\u016fle\u017eit\u00e9 je se cyklistikou po\u0159\u00e1d bavit. Pokud se budete a\u017e p\u0159\u00edli\u0161 up\u00ednat na fakt, kolik kilometr\u016f jste ujeli, m\u016f\u017ee doj\u00edt k vyho\u0159en\u00ed. Tak\u017ee si d\u00e1vejte v\u00fdzvy, kter\u00e9 v\u00e1s nadchnou a povedou ke zlep\u0161en\u00ed va\u0161\u00ed kondice.<\/p>\n<div class=\"shortcode-ys-post-pinup\"><article class=\"loop-simple post-28493 post type-post status-publish format-standard has-post-thumbnail hentry category-silnicni-cyklistika tag-cyklistika tag-fabian-cancellara tag-mathias-vacek tag-nehoda tag-pad tag-silnicni-cyklistika tag-strade-bianche tag-tadej-pogacar tag-toskansko tag-zraneni global-categories-cycling\" data-postid=\"28493\" role=\"article\" data-post-id=\"28493\" data-word-count=\"488\" data-headline-length=\"65\" data-category=\"Silni\u010dn\u00ed cyklistika\" data-global-category=\"Cycling\" data-author=\"Radek Malina\" data-published=\"2025-03-08T23:48:46+02:00\" data-published-day=\"Saturday\">\n    <div class=\"entry-thumbnail article-thumbnail\" content=\"https:\/\/d2p6e6u75xmxt8.cloudfront.net\/13\/2025\/03\/profimedia-0973823179-150x150.webp\"><a href=\"https:\/\/www.welovecycling.com\/cs\/2025\/03\/08\/zkrvaveny-demon-tadej-pogacar-epickym-vykonem-napsal-historii\/\" class=\"image-holder\" target=\"_self\"><img decoding=\"async\" loading=\"lazy\" class=\"\" src=\"https:\/\/d2p6e6u75xmxt8.cloudfront.net\/13\/2025\/03\/profimedia-0973823179-1024x682.webp\" srcset=\"https:\/\/d2p6e6u75xmxt8.cloudfront.net\/13\/2025\/03\/profimedia-0973823179.webp 1800w, https:\/\/d2p6e6u75xmxt8.cloudfront.net\/13\/2025\/03\/profimedia-0973823179-300x200.webp 300w, https:\/\/d2p6e6u75xmxt8.cloudfront.net\/13\/2025\/03\/profimedia-0973823179-1024x682.webp 1024w, https:\/\/d2p6e6u75xmxt8.cloudfront.net\/13\/2025\/03\/profimedia-0973823179-768x512.webp 768w, https:\/\/d2p6e6u75xmxt8.cloudfront.net\/13\/2025\/03\/profimedia-0973823179-1536x1023.webp 1536w, https:\/\/d2p6e6u75xmxt8.cloudfront.net\/13\/2025\/03\/profimedia-0973823179-400x266.webp 400w, https:\/\/d2p6e6u75xmxt8.cloudfront.net\/13\/2025\/03\/profimedia-0973823179-272x182.webp 272w\" width=\"1024\" height=\"682\" sizes=\"auto, (min-width: 1200px) 300px, (min-width: 768px) 25vw, 100vw\" alt=\"zkrvaveny-demon-tadej-pogacar-epickym-vykonem-napsal-historii\"\/><\/a><\/div>    <div class=\"entry-meta\">\n        <a class=\"label label-secondary post-category\" href=\"https:\/\/www.welovecycling.com\/cs\/category\/silnicni-cyklistika\/\" title=\"Silni\u010dn\u00ed cyklistika\">Silni\u010dn\u00ed cyklistika<\/a>\n    <\/div>\n    <div class=\"entry-details\">\n        <a href=\"https:\/\/www.welovecycling.com\/cs\/2025\/03\/08\/zkrvaveny-demon-tadej-pogacar-epickym-vykonem-napsal-historii\/\" class='entry-title-wrapper'>\n            <h3 class=\"entry-title\"><span>Tadej Poga\u010dar, a\u010d zkrvaven\u00fd, epick\u00fdm v\u00fdkonem napsal historii<\/span><\/h3>\n        <\/a>\n    <\/div>\n    <\/article>\n<\/div>\n<p>V\u017edy jsou kl\u00ed\u010dov\u00e9 \u010dasov\u00e9 mo\u017enosti ka\u017ed\u00e9ho jednotlivce. Pokud se dostanete na kolo t\u0159ikr\u00e1t v t\u00fddnu, jde o bilanci, kter\u00e1 si zaslou\u017e\u00ed uzn\u00e1n\u00ed bez ohledu na po\u010det ujet\u00fdch kilometr\u016f.\u00a0 V\u017edy z\u00e1le\u017e\u00ed na ter\u00e9nu, typu kola a cyklistick\u00fdch dovednostech. Pokud pak zvl\u00e1dnete t\u0159eba o v\u00edkendu jednu j\u00edzdu prot\u00e1hnout, p\u016fjde o skv\u011bl\u00fd bonus. Ur\u010dit\u011b byste se nem\u011bli up\u00ednat k alternativ\u011b, kdy cel\u00fd po\u010det kilometr\u016f, na kter\u00e9 c\u00edl\u00edte b\u011bhem t\u00fddne, ujedete za jedin\u00fd v\u00edkendov\u00fd den. T\u011blu sp\u00ed\u0161e u\u0161kod\u00edte, z dlouhodob\u00e9ho tr\u00e9ninkov\u00e9ho hlediska je takov\u00fd p\u0159\u00edstup negativn\u00ed.<\/p>\n","protected":false},"excerpt":{"rendered":"<p>Cyklistick\u00e1 komunita se d\u011bl\u00ed prim\u00e1rn\u011b na dva t\u00e1bory. Jeden z\u00e1sadn\u011b \u0159e\u0161\u00ed kolik kilometr\u016f za sezonu ujede, druh\u00e1 skupina naopak v\u016fbec [&hellip;]<\/p>\n","protected":false},"author":138,"featured_media":26547,"comment_status":"open","ping_status":"open","sticky":false,"template":"","format":"standard","meta":{"footnotes":""},"categories":[660],"tags":[126,2001,56,4112,4109,4111,4110,9],"global-categories":[411],"class_list":["post-28526","post","type-post","status-publish","format-standard","has-post-thumbnail","hentry","category-https-www-welovecycling-com-cs-category-zabava","tag-cyklistika","tag-gravel","tag-horska-cyklistika","tag-jak-urcit-rocni-najezd","tag-kolik-kilometru-ujet-za-rok","tag-magicke-cislo","tag-rocni-najezd-kilometru-na-kole","tag-silnicni-cyklistika","global-categories-cycling"],"yoast_head":"<!-- This site is optimized with the Yoast SEO Premium plugin v25.3 (Yoast SEO v25.9) - https:\/\/yoast.com\/wordpress\/plugins\/seo\/ -->\n<title>Kolik kilometr\u016f ujedete? Jak napl\u00e1novat magick\u00e9 \u010d\u00edslo... | \u0160koda We Love Cycling - \u010cesk\u00e1 republika<\/title>\n<meta name=\"description\" content=\"Cyklistick\u00e1 komunita se d\u011bl\u00ed prim\u00e1rn\u011b na dva t\u00e1bory. Jeden z\u00e1sadn\u011b \u0159e\u0161\u00ed kolik kilometr\u016f za sezonu ujede, druh\u00e1 skupina naopak v\u016fbec nevn\u00edm\u00e1, co v sedle kola za rok zvl\u00e1dne. Jak\u00fd je spr\u00e1vn\u00fd p\u0159\u00edstup? A pro\u010d je dobr\u00e9 m\u00edt c\u00edl, k n\u011bmu\u017e sm\u011b\u0159ujete svoje \u00fasil\u00ed?\" \/>\n<meta name=\"robots\" content=\"index, follow, max-snippet:-1, max-image-preview:large, max-video-preview:-1\" \/>\n<link rel=\"canonical\" href=\"https:\/\/www.welovecycling.com\/cs\/2025\/03\/11\/kolik-kilometru-ujedete-jak-naplanovat-magicke-cislo\/\" \/>\n<meta property=\"og:locale\" content=\"cs_CZ\" \/>\n<meta property=\"og:type\" content=\"article\" \/>\n<meta property=\"og:title\" content=\"Kolik kilometr\u016f ujedete? Jak napl\u00e1novat magick\u00e9 \u010d\u00edslo...\" \/>\n<meta property=\"og:description\" content=\"Cyklistick\u00e1 komunita se d\u011bl\u00ed prim\u00e1rn\u011b na dva t\u00e1bory. Jeden z\u00e1sadn\u011b \u0159e\u0161\u00ed kolik kilometr\u016f za sezonu ujede, druh\u00e1 skupina naopak v\u016fbec nevn\u00edm\u00e1, co v sedle kola za rok zvl\u00e1dne. Jak\u00fd je spr\u00e1vn\u00fd p\u0159\u00edstup? A pro\u010d je dobr\u00e9 m\u00edt c\u00edl, k n\u011bmu\u017e sm\u011b\u0159ujete svoje \u00fasil\u00ed?\" \/>\n<meta property=\"og:url\" content=\"https:\/\/www.welovecycling.com\/cs\/2025\/03\/11\/kolik-kilometru-ujedete-jak-naplanovat-magicke-cislo\/\" \/>\n<meta property=\"og:site_name\" content=\"\u0160koda We Love Cycling - \u010cesk\u00e1 republika\" \/>\n<meta property=\"article:published_time\" content=\"2025-03-11T04:10:29+00:00\" \/>\n<meta property=\"og:image\" content=\"https:\/\/d2p6e6u75xmxt8.cloudfront.net\/13\/2024\/07\/1721499275967-scaled.webp\" \/>\n\t<meta property=\"og:image:width\" content=\"2560\" \/>\n\t<meta property=\"og:image:height\" content=\"1920\" \/>\n\t<meta property=\"og:image:type\" content=\"image\/webp\" \/>\n<meta name=\"author\" content=\"radekmalina\" \/>\n<meta name=\"twitter:card\" content=\"summary_large_image\" \/>\n<meta name=\"twitter:label1\" content=\"Written by\" \/>\n\t<meta name=\"twitter:data1\" content=\"Radek Malina\" \/>\n\t<meta name=\"twitter:label2\" content=\"Est. reading time\" \/>\n\t<meta name=\"twitter:data2\" content=\"5\" \/>\n<script type=\"application\/ld+json\" class=\"yoast-schema-graph\">{\"@context\":\"https:\/\/schema.org\",\"@graph\":[{\"@type\":\"WebPage\",\"@id\":\"https:\/\/www.welovecycling.com\/cs\/2025\/03\/11\/kolik-kilometru-ujedete-jak-naplanovat-magicke-cislo\/\",\"url\":\"https:\/\/www.welovecycling.com\/cs\/2025\/03\/11\/kolik-kilometru-ujedete-jak-naplanovat-magicke-cislo\/\",\"name\":\"Kolik kilometr\u016f ujedete? Jak napl\u00e1novat magick\u00e9 \u010d\u00edslo... | \u0160koda We Love Cycling - \u010cesk\u00e1 republika\",\"isPartOf\":{\"@id\":\"https:\/\/www.welovecycling.com\/cs\/#website\"},\"primaryImageOfPage\":{\"@id\":\"https:\/\/www.welovecycling.com\/cs\/2025\/03\/11\/kolik-kilometru-ujedete-jak-naplanovat-magicke-cislo\/#primaryimage\"},\"image\":{\"@id\":\"https:\/\/www.welovecycling.com\/cs\/2025\/03\/11\/kolik-kilometru-ujedete-jak-naplanovat-magicke-cislo\/#primaryimage\"},\"thumbnailUrl\":\"https:\/\/d2p6e6u75xmxt8.cloudfront.net\/13\/2024\/07\/1721499275967-scaled.webp\",\"datePublished\":\"2025-03-11T04:10:29+00:00\",\"author\":{\"@id\":\"https:\/\/www.welovecycling.com\/cs\/#\/schema\/person\/d9eeb0a378f3a7e4a6d12d2b536b04b8\"},\"description\":\"Cyklistick\u00e1 komunita se d\u011bl\u00ed prim\u00e1rn\u011b na dva t\u00e1bory. Jeden z\u00e1sadn\u011b \u0159e\u0161\u00ed kolik kilometr\u016f za sezonu ujede, druh\u00e1 skupina naopak v\u016fbec nevn\u00edm\u00e1, co v sedle kola za rok zvl\u00e1dne. Jak\u00fd je spr\u00e1vn\u00fd p\u0159\u00edstup? A pro\u010d je dobr\u00e9 m\u00edt c\u00edl, k n\u011bmu\u017e sm\u011b\u0159ujete svoje \u00fasil\u00ed?\",\"inLanguage\":\"cs\",\"potentialAction\":[{\"@type\":\"ReadAction\",\"target\":[\"https:\/\/www.welovecycling.com\/cs\/2025\/03\/11\/kolik-kilometru-ujedete-jak-naplanovat-magicke-cislo\/\"]}]},{\"@type\":\"ImageObject\",\"inLanguage\":\"cs\",\"@id\":\"https:\/\/www.welovecycling.com\/cs\/2025\/03\/11\/kolik-kilometru-ujedete-jak-naplanovat-magicke-cislo\/#primaryimage\",\"url\":\"https:\/\/d2p6e6u75xmxt8.cloudfront.net\/13\/2024\/07\/1721499275967-scaled.webp\",\"contentUrl\":\"https:\/\/d2p6e6u75xmxt8.cloudfront.net\/13\/2024\/07\/1721499275967-scaled.webp\",\"width\":2560,\"height\":1920,\"caption\":\"Garmin Edge Explore je skv\u011bl\u00fd n\u00e1stroj pro kontrolu, kolik kilometr\u016f ujedete za sezonu.\"},{\"@type\":\"WebSite\",\"@id\":\"https:\/\/www.welovecycling.com\/cs\/#website\",\"url\":\"https:\/\/www.welovecycling.com\/cs\/\",\"name\":\"\u0160koda We Love Cycling - \u010cesk\u00e1 republika\",\"description\":\"WeLoveCycling.cz je online magaz\u00edn, kter\u00fd v\u00e1m pravideln\u011b p\u0159in\u00e1\u0161\u00ed rady a tipy, zaj\u00edmav\u00e9 \u010dl\u00e1nky, videa a jedine\u010dn\u00e9 report\u00e1\u017ee ze sv\u011bta cyklistiky.\",\"potentialAction\":[{\"@type\":\"SearchAction\",\"target\":{\"@type\":\"EntryPoint\",\"urlTemplate\":\"https:\/\/www.welovecycling.com\/cs\/?s={search_term_string}\"},\"query-input\":{\"@type\":\"PropertyValueSpecification\",\"valueRequired\":true,\"valueName\":\"search_term_string\"}}],\"inLanguage\":\"cs\"},{\"@type\":\"Person\",\"@id\":\"https:\/\/www.welovecycling.com\/cs\/#\/schema\/person\/d9eeb0a378f3a7e4a6d12d2b536b04b8\",\"name\":\"radekmalina\",\"image\":{\"@type\":\"ImageObject\",\"inLanguage\":\"cs\",\"@id\":\"https:\/\/www.welovecycling.com\/cs\/#\/schema\/person\/image\/\",\"url\":\"https:\/\/secure.gravatar.com\/avatar\/66994b632cb8c39a46b9f54afa3ae07201b678d32a54275b6f1c9ffec356bfc0?s=96&d=mm&r=g\",\"contentUrl\":\"https:\/\/secure.gravatar.com\/avatar\/66994b632cb8c39a46b9f54afa3ae07201b678d32a54275b6f1c9ffec356bfc0?s=96&d=mm&r=g\",\"caption\":\"radekmalina\"},\"url\":\"https:\/\/www.welovecycling.com\/cs\/author\/radekmalina\/\"}]}<\/script>\n<!-- \/ Yoast SEO Premium plugin. -->","yoast_head_json":{"title":"Kolik kilometr\u016f ujedete? Jak napl\u00e1novat magick\u00e9 \u010d\u00edslo... | \u0160koda We Love Cycling - \u010cesk\u00e1 republika","description":"Cyklistick\u00e1 komunita se d\u011bl\u00ed prim\u00e1rn\u011b na dva t\u00e1bory. Jeden z\u00e1sadn\u011b \u0159e\u0161\u00ed kolik kilometr\u016f za sezonu ujede, druh\u00e1 skupina naopak v\u016fbec nevn\u00edm\u00e1, co v sedle kola za rok zvl\u00e1dne. Jak\u00fd je spr\u00e1vn\u00fd p\u0159\u00edstup? A pro\u010d je dobr\u00e9 m\u00edt c\u00edl, k n\u011bmu\u017e sm\u011b\u0159ujete svoje \u00fasil\u00ed?","robots":{"index":"index","follow":"follow","max-snippet":"max-snippet:-1","max-image-preview":"max-image-preview:large","max-video-preview":"max-video-preview:-1"},"canonical":"https:\/\/www.welovecycling.com\/cs\/2025\/03\/11\/kolik-kilometru-ujedete-jak-naplanovat-magicke-cislo\/","og_locale":"cs_CZ","og_type":"article","og_title":"Kolik kilometr\u016f ujedete? Jak napl\u00e1novat magick\u00e9 \u010d\u00edslo...","og_description":"Cyklistick\u00e1 komunita se d\u011bl\u00ed prim\u00e1rn\u011b na dva t\u00e1bory. Jeden z\u00e1sadn\u011b \u0159e\u0161\u00ed kolik kilometr\u016f za sezonu ujede, druh\u00e1 skupina naopak v\u016fbec nevn\u00edm\u00e1, co v sedle kola za rok zvl\u00e1dne. Jak\u00fd je spr\u00e1vn\u00fd p\u0159\u00edstup? A pro\u010d je dobr\u00e9 m\u00edt c\u00edl, k n\u011bmu\u017e sm\u011b\u0159ujete svoje \u00fasil\u00ed?","og_url":"https:\/\/www.welovecycling.com\/cs\/2025\/03\/11\/kolik-kilometru-ujedete-jak-naplanovat-magicke-cislo\/","og_site_name":"\u0160koda We Love Cycling - \u010cesk\u00e1 republika","article_published_time":"2025-03-11T04:10:29+00:00","og_image":[{"width":2560,"height":1920,"url":"https:\/\/d2p6e6u75xmxt8.cloudfront.net\/13\/2024\/07\/1721499275967-scaled.webp","type":"image\/webp"}],"author":"radekmalina","twitter_card":"summary_large_image","twitter_misc":{"Written by":"Radek Malina","Est. reading time":"5"},"schema":{"@context":"https:\/\/schema.org","@graph":[{"@type":"WebPage","@id":"https:\/\/www.welovecycling.com\/cs\/2025\/03\/11\/kolik-kilometru-ujedete-jak-naplanovat-magicke-cislo\/","url":"https:\/\/www.welovecycling.com\/cs\/2025\/03\/11\/kolik-kilometru-ujedete-jak-naplanovat-magicke-cislo\/","name":"Kolik kilometr\u016f ujedete? Jak napl\u00e1novat magick\u00e9 \u010d\u00edslo... | \u0160koda We Love Cycling - \u010cesk\u00e1 republika","isPartOf":{"@id":"https:\/\/www.welovecycling.com\/cs\/#website"},"primaryImageOfPage":{"@id":"https:\/\/www.welovecycling.com\/cs\/2025\/03\/11\/kolik-kilometru-ujedete-jak-naplanovat-magicke-cislo\/#primaryimage"},"image":{"@id":"https:\/\/www.welovecycling.com\/cs\/2025\/03\/11\/kolik-kilometru-ujedete-jak-naplanovat-magicke-cislo\/#primaryimage"},"thumbnailUrl":"https:\/\/d2p6e6u75xmxt8.cloudfront.net\/13\/2024\/07\/1721499275967-scaled.webp","datePublished":"2025-03-11T04:10:29+00:00","author":{"@id":"https:\/\/www.welovecycling.com\/cs\/#\/schema\/person\/d9eeb0a378f3a7e4a6d12d2b536b04b8"},"description":"Cyklistick\u00e1 komunita se d\u011bl\u00ed prim\u00e1rn\u011b na dva t\u00e1bory. Jeden z\u00e1sadn\u011b \u0159e\u0161\u00ed kolik kilometr\u016f za sezonu ujede, druh\u00e1 skupina naopak v\u016fbec nevn\u00edm\u00e1, co v sedle kola za rok zvl\u00e1dne. Jak\u00fd je spr\u00e1vn\u00fd p\u0159\u00edstup? A pro\u010d je dobr\u00e9 m\u00edt c\u00edl, k n\u011bmu\u017e sm\u011b\u0159ujete svoje \u00fasil\u00ed?","inLanguage":"cs","potentialAction":[{"@type":"ReadAction","target":["https:\/\/www.welovecycling.com\/cs\/2025\/03\/11\/kolik-kilometru-ujedete-jak-naplanovat-magicke-cislo\/"]}]},{"@type":"ImageObject","inLanguage":"cs","@id":"https:\/\/www.welovecycling.com\/cs\/2025\/03\/11\/kolik-kilometru-ujedete-jak-naplanovat-magicke-cislo\/#primaryimage","url":"https:\/\/d2p6e6u75xmxt8.cloudfront.net\/13\/2024\/07\/1721499275967-scaled.webp","contentUrl":"https:\/\/d2p6e6u75xmxt8.cloudfront.net\/13\/2024\/07\/1721499275967-scaled.webp","width":2560,"height":1920,"caption":"Garmin Edge Explore je skv\u011bl\u00fd n\u00e1stroj pro kontrolu, kolik kilometr\u016f ujedete za sezonu."},{"@type":"WebSite","@id":"https:\/\/www.welovecycling.com\/cs\/#website","url":"https:\/\/www.welovecycling.com\/cs\/","name":"\u0160koda We Love Cycling - \u010cesk\u00e1 republika","description":"WeLoveCycling.cz je online magaz\u00edn, kter\u00fd v\u00e1m pravideln\u011b p\u0159in\u00e1\u0161\u00ed rady a tipy, zaj\u00edmav\u00e9 \u010dl\u00e1nky, videa a jedine\u010dn\u00e9 report\u00e1\u017ee ze sv\u011bta cyklistiky.","potentialAction":[{"@type":"SearchAction","target":{"@type":"EntryPoint","urlTemplate":"https:\/\/www.welovecycling.com\/cs\/?s={search_term_string}"},"query-input":{"@type":"PropertyValueSpecification","valueRequired":true,"valueName":"search_term_string"}}],"inLanguage":"cs"},{"@type":"Person","@id":"https:\/\/www.welovecycling.com\/cs\/#\/schema\/person\/d9eeb0a378f3a7e4a6d12d2b536b04b8","name":"radekmalina","image":{"@type":"ImageObject","inLanguage":"cs","@id":"https:\/\/www.welovecycling.com\/cs\/#\/schema\/person\/image\/","url":"https:\/\/secure.gravatar.com\/avatar\/66994b632cb8c39a46b9f54afa3ae07201b678d32a54275b6f1c9ffec356bfc0?s=96&d=mm&r=g","contentUrl":"https:\/\/secure.gravatar.com\/avatar\/66994b632cb8c39a46b9f54afa3ae07201b678d32a54275b6f1c9ffec356bfc0?s=96&d=mm&r=g","caption":"radekmalina"},"url":"https:\/\/www.welovecycling.com\/cs\/author\/radekmalina\/"}]}},"_links":{"self":[{"href":"https:\/\/www.welovecycling.com\/cs\/wp-json\/wp\/v2\/posts\/28526","targetHints":{"allow":["GET"]}}],"collection":[{"href":"https:\/\/www.welovecycling.com\/cs\/wp-json\/wp\/v2\/posts"}],"about":[{"href":"https:\/\/www.welovecycling.com\/cs\/wp-json\/wp\/v2\/types\/post"}],"author":[{"embeddable":true,"href":"https:\/\/www.welovecycling.com\/cs\/wp-json\/wp\/v2\/users\/138"}],"replies":[{"embeddable":true,"href":"https:\/\/www.welovecycling.com\/cs\/wp-json\/wp\/v2\/comments?post=28526"}],"version-history":[{"count":5,"href":"https:\/\/www.welovecycling.com\/cs\/wp-json\/wp\/v2\/posts\/28526\/revisions"}],"predecessor-version":[{"id":28531,"href":"https:\/\/www.welovecycling.com\/cs\/wp-json\/wp\/v2\/posts\/28526\/revisions\/28531"}],"wp:featuredmedia":[{"embeddable":true,"href":"https:\/\/www.welovecycling.com\/cs\/wp-json\/wp\/v2\/media\/26547"}],"wp:attachment":[{"href":"https:\/\/www.welovecycling.com\/cs\/wp-json\/wp\/v2\/media?parent=28526"}],"wp:term":[{"taxonomy":"category","embeddable":true,"href":"https:\/\/www.welovecycling.com\/cs\/wp-json\/wp\/v2\/categories?post=28526"},{"taxonomy":"post_tag","embeddable":true,"href":"https:\/\/www.welovecycling.com\/cs\/wp-json\/wp\/v2\/tags?post=28526"},{"taxonomy":"global-categories","embeddable":true,"href":"https:\/\/www.welovecycling.com\/cs\/wp-json\/wp\/v2\/global-categories?post=28526"}],"curies":[{"name":"wp","href":"https:\/\/api.w.org\/{rel}","templated":true}]}}