{"id":28521,"date":"2025-03-12T04:30:04","date_gmt":"2025-03-12T02:30:04","guid":{"rendered":"https:\/\/www.welovecycling.com\/cs\/?p=28521"},"modified":"2025-03-10T19:37:11","modified_gmt":"2025-03-10T17:37:11","slug":"kristyna-zemanova-idealni-cas-na-zmenu","status":"publish","type":"post","link":"https:\/\/www.welovecycling.com\/cs\/2025\/03\/12\/kristyna-zemanova-idealni-cas-na-zmenu\/","title":{"rendered":"Krist\u00fdna Zemanov\u00e1: Ide\u00e1ln\u00ed \u010das na zm\u011bnu"},"content":{"rendered":"<p><strong>Uskute\u010dnila v \u010desk\u00fdch pom\u011brech tak tro\u0161ku senza\u010dn\u00ed p\u0159estup. Krist\u00fdna Zemanov\u00e1, nejlep\u0161\u00ed \u010desk\u00e1 cyklokrosa\u0159ka sou\u010dasnosti a dvojn\u00e1sobn\u00e1 medailistka z mistrovstv\u00ed sv\u011bta, je od ledna \u010dlenkou \u017eensk\u00e9ho t\u00fdmu VIF Cycling. Je\u0161t\u011b v pr\u016fb\u011bhu podzimu p\u0159itom necht\u011bla o zm\u011bn\u011b dresu ani sly\u0161et. &#8222;Nade\u0161el \u010das zkusit n\u011bco nov\u00e9ho,&#8220; usm\u00edv\u00e1 se jednadvacetilet\u00e1 \u010desk\u00e1 reprezentantka.<\/strong><\/p>\n<h2><strong>Co v\u00e1s vedlo ke zm\u011bn\u011b dresu, kdy\u017e jste je\u0161t\u011b na startu zimy necht\u011bla o p\u0159estupu ani sly\u0161et?<\/strong><\/h2>\n<p>Mn\u011b se ohromn\u00fdm zp\u016fsobem l\u00edbila my\u0161lenka zalo\u017een\u00ed \u010dist\u011b \u017eensk\u00e9ho t\u00fdmu a fakt, \u017ee se n\u011bkdo sna\u017e\u00ed pozvednout \u017eenskou cyklistiku. Kdy\u017e m\u011b kluci na konci lo\u0148sk\u00e9ho l\u00e9ta oslovili, moc se mi jejich projekt l\u00edbil. Hr\u00e1la jsem si s my\u0161lenkou na p\u0159estup. Po podzimn\u00edch ud\u00e1lostech, a\u0165 u\u017e se t\u00fdkaly m\u00e9ho zdrav\u00ed nebo situace v p\u0159ede\u0161l\u00e9m t\u00fdmu, jsem si v\u0161e vyhodnotila jako ide\u00e1ln\u00ed situaci pro p\u0159estup. Nade\u0161el prost\u011b \u010das zkusit n\u011bco nov\u00e9ho, za\u010d\u00edt fungovat jinak a posunout se.<\/p>\n<h2><strong>M\u016f\u017eete prozradit faktory, kter\u00e9 rozhodly pro podpis kontraktu ve VIF Cycling?<\/strong><\/h2>\n<p>T\u011bch v\u011bc\u00ed bylo v\u00edce. Podpora v minul\u00e9m t\u00fdmu p\u0159est\u00e1vala fungovat. A j\u00e1 sama na sob\u011b c\u00edtila, \u017ee kdy\u017e m\u011b nikdo nevede a nem\u00e1m po\u0159\u00e1dn\u00fd z\u00e1vodn\u00ed program, tak jenom ztr\u00e1c\u00edm. Tud\u00ed\u017e pova\u017euji p\u0159estup za spr\u00e1vn\u00fd. Tom\u00e1\u0161 Kone\u010dn\u00fd a Vojt\u011bch \u0158epa jako sportovn\u00ed \u0159editel\u00e9 t\u00fdmu budou dohl\u00ed\u017eet na tr\u00e9ninky. M\u00e1me zaji\u0161t\u011bn\u00fd perfektn\u00ed z\u00e1vodn\u00ed program.<\/p>\n<figure id=\"attachment_28533\" aria-describedby=\"caption-attachment-28533\" style=\"width: 1536px\" class=\"wp-caption alignnone\"><a href=\"https:\/\/d2p6e6u75xmxt8.cloudfront.net\/13\/2025\/03\/Tymove-soustredeni-VIF-Cycling-Team-Mallorca-ESP-_-\u00a9Filip-Bezdek-2025-285-scaled.webp\"><img loading=\"lazy\" decoding=\"async\" class=\"size-extra-large wp-image-28533\" src=\"https:\/\/d2p6e6u75xmxt8.cloudfront.net\/13\/2025\/03\/Tymove-soustredeni-VIF-Cycling-Team-Mallorca-ESP-_-\u00a9Filip-Bezdek-2025-285-1536x1920.webp\" alt=\"\" width=\"1536\" height=\"1920\" srcset=\"https:\/\/d2p6e6u75xmxt8.cloudfront.net\/13\/2025\/03\/Tymove-soustredeni-VIF-Cycling-Team-Mallorca-ESP-_-\u00a9Filip-Bezdek-2025-285-1536x1920.webp 1536w, https:\/\/d2p6e6u75xmxt8.cloudfront.net\/13\/2025\/03\/Tymove-soustredeni-VIF-Cycling-Team-Mallorca-ESP-_-\u00a9Filip-Bezdek-2025-285-240x300.webp 240w, https:\/\/d2p6e6u75xmxt8.cloudfront.net\/13\/2025\/03\/Tymove-soustredeni-VIF-Cycling-Team-Mallorca-ESP-_-\u00a9Filip-Bezdek-2025-285-819x1024.webp 819w, https:\/\/d2p6e6u75xmxt8.cloudfront.net\/13\/2025\/03\/Tymove-soustredeni-VIF-Cycling-Team-Mallorca-ESP-_-\u00a9Filip-Bezdek-2025-285-768x960.webp 768w, https:\/\/d2p6e6u75xmxt8.cloudfront.net\/13\/2025\/03\/Tymove-soustredeni-VIF-Cycling-Team-Mallorca-ESP-_-\u00a9Filip-Bezdek-2025-285-1229x1536.webp 1229w, https:\/\/d2p6e6u75xmxt8.cloudfront.net\/13\/2025\/03\/Tymove-soustredeni-VIF-Cycling-Team-Mallorca-ESP-_-\u00a9Filip-Bezdek-2025-285-1639x2048.webp 1639w, https:\/\/d2p6e6u75xmxt8.cloudfront.net\/13\/2025\/03\/Tymove-soustredeni-VIF-Cycling-Team-Mallorca-ESP-_-\u00a9Filip-Bezdek-2025-285-320x400.webp 320w, https:\/\/d2p6e6u75xmxt8.cloudfront.net\/13\/2025\/03\/Tymove-soustredeni-VIF-Cycling-Team-Mallorca-ESP-_-\u00a9Filip-Bezdek-2025-285-scaled.webp 2048w, https:\/\/d2p6e6u75xmxt8.cloudfront.net\/13\/2025\/03\/Tymove-soustredeni-VIF-Cycling-Team-Mallorca-ESP-_-\u00a9Filip-Bezdek-2025-285-1536x1920.webp 1536w\" sizes=\"auto, (max-width: 1536px) 100vw, 1536px\" \/><\/a><figcaption id=\"caption-attachment-28533\" class=\"wp-caption-text\"><em>Krist\u00fdna Zemanov\u00e1 na t\u00fdmov\u00e9m soust\u0159ed\u011bn\u00ed ve \u0160pan\u011blsku.<\/em><\/figcaption><\/figure>\n<h2><strong>Bojovala jste s my\u0161lenkami na p\u0159esun? Nebo se jednalo o ur\u010ditou \u00falevu?<\/strong><\/h2>\n<p>Jsem r\u00e1da, \u017ee jsem se ke zm\u011bn\u011b odhodlala. M\u011bla jsem i nab\u00eddky ze zahrani\u010d\u00ed a ohromn\u00fdm zp\u016fsobem jsem si jich v\u00e1\u017eila. Je\u0161t\u011b p\u0159ed p\u011bti lety bych \u0159ekla, \u017ee je m\u016fj sen dostat se do zahrani\u010d\u00ed. Ale postupem \u010dasu se moje priority m\u011bn\u00ed. Cyklistiku miluji. A kdy\u017e vznik\u00e1 takov\u00fd t\u00fdm v \u010cesku, chci b\u00fdt jeho sou\u010d\u00e1st\u00ed.<\/p>\n<h2><strong>Konzultovala jste zm\u011bnu s ohledem na v\u00fdznam pro dal\u0161\u00ed kari\u00e9ru s n\u011bk\u00fdm nebo jste si v duchu dosavadn\u00ed kari\u00e9ry v\u0161e \u0159e\u0161ila sama?<\/strong><\/h2>\n<p>Nad nab\u00eddkou z VIC Cycling jsem p\u0159em\u00fd\u0161lela opravdu hodn\u011b dlouho. Mysl\u00edm \u017ee jsem to \u0159e\u0161ila nep\u0159etr\u017eit\u011b alespo\u0148 jeden m\u011bs\u00edc. Do\u0161la jsem k z\u00e1v\u011bru, \u017ee jde o rozhodnut\u00ed, kter\u00e9 mi ur\u010dit\u011b pom\u016f\u017ee v dal\u0161\u00ed kari\u00e9\u0159e. Rodina m\u011b bezmezn\u011b podporovala. P\u0159\u00edtel tak\u00e9. Tud\u00ed\u017e nebylo co \u0159e\u0161it.<\/p>\n<div class=\"shortcode-ys-post-pinup\"><article class=\"loop-simple post-28481 post type-post status-publish format-standard has-post-thumbnail hentry category-https-www-welovecycling-com-cs-category-zabava tag-cyklistika tag-gravel tag-horska-cyklistika tag-jarni-cyklistika tag-kompenzacni-cviceni tag-silnicni-cyklistika global-categories-cycling\" data-postid=\"28481\" role=\"article\" data-post-id=\"28481\" data-word-count=\"404\" data-headline-length=\"54\" data-category=\"Z\u00c1BAVA\" data-global-category=\"Cycling\" data-author=\"We Love Cycling\" data-published=\"2025-03-07T03:00:39+02:00\" data-published-day=\"Friday\">\n    <div class=\"entry-thumbnail article-thumbnail\" content=\"https:\/\/d2p6e6u75xmxt8.cloudfront.net\/13\/2020\/08\/wlc-tr\u00e9nink-hynek-150x150.webp\"><a href=\"https:\/\/www.welovecycling.com\/cs\/2025\/03\/07\/jarni-cyklistika-5-tipu-pro-maximalni-poteseni\/\" class=\"image-holder\" target=\"_self\"><img decoding=\"async\" loading=\"lazy\" class=\"\" src=\"https:\/\/d2p6e6u75xmxt8.cloudfront.net\/13\/2020\/08\/wlc-tr\u00e9nink-hynek-1024x683.webp\" srcset=\"https:\/\/d2p6e6u75xmxt8.cloudfront.net\/13\/2020\/08\/wlc-tr\u00e9nink-hynek.webp 1600w, https:\/\/d2p6e6u75xmxt8.cloudfront.net\/13\/2020\/08\/wlc-tr\u00e9nink-hynek-300x200.webp 300w, https:\/\/d2p6e6u75xmxt8.cloudfront.net\/13\/2020\/08\/wlc-tr\u00e9nink-hynek-1024x683.webp 1024w, https:\/\/d2p6e6u75xmxt8.cloudfront.net\/13\/2020\/08\/wlc-tr\u00e9nink-hynek-768x512.webp 768w, https:\/\/d2p6e6u75xmxt8.cloudfront.net\/13\/2020\/08\/wlc-tr\u00e9nink-hynek-1536x1024.webp 1536w, https:\/\/d2p6e6u75xmxt8.cloudfront.net\/13\/2020\/08\/wlc-tr\u00e9nink-hynek-272x182.webp 272w\" width=\"1024\" height=\"683\" sizes=\"auto, (min-width: 1200px) 300px, (min-width: 768px) 25vw, 100vw\" alt=\"jarni-cyklistika-5-tipu-pro-maximalni-poteseni\"\/><\/a><\/div>    <div class=\"entry-meta\">\n        <a class=\"label label-secondary post-category\" href=\"https:\/\/www.welovecycling.com\/cs\/category\/https-www-welovecycling-com-cs-category-zabava\/\" title=\"Z\u00c1BAVA\">Z\u00c1BAVA<\/a>\n    <\/div>\n    <div class=\"entry-details\">\n        <a href=\"https:\/\/www.welovecycling.com\/cs\/2025\/03\/07\/jarni-cyklistika-5-tipu-pro-maximalni-poteseni\/\" class='entry-title-wrapper'>\n            <h3 class=\"entry-title\"><span>Jarn\u00ed cyklistika: 5 tip\u016f pro maxim\u00e1ln\u00ed pot\u011b\u0161en\u00ed<\/span><\/h3>\n        <\/a>\n    <\/div>\n    <\/article>\n<\/div>\n<h2><strong>Dosud jste si tr\u00e9ninkov\u00fd program sestavovala na z\u00e1klad\u011b vlastn\u00edch pocit\u016f a zku\u0161enost\u00ed. \u010cekaj\u00ed v\u00e1s v tomto sm\u011bru velk\u00e9 zm\u011bny?<\/strong><\/h2>\n<p>Ur\u010dit\u011b budu p\u0159\u00edpravu konzultovat s Tom\u00e1\u0161em Kone\u010dn\u00fdm a Vojtou \u0158epou, sportovn\u00edmi \u0159editeli. Mysl\u00edm, \u017ee sama u\u017e se tr\u00e9novat nemohu. U\u017e si nem\u00e1m, co p\u0159edat&#8230; Kdy\u017e na p\u0159\u00edpravu budou dohl\u00ed\u017eet tak zku\u0161en\u00ed kluci, kte\u0159\u00ed v minulosti absolvovali Grand Tour, m\u011blo by j\u00edt o velk\u00fd posun. Nejz\u00e1sadn\u011bj\u0161\u00ed zm\u011bna v\u0161ak bude v z\u00e1vodn\u00edm programu, kter\u00fd bude o dost pln\u011bj\u0161\u00ed zejm\u00e9na s d\u016frazem na jaro a l\u00e9to.<\/p>\n<h2><strong>Jednozna\u010dnou prioritou pro v\u00e1s byl cyklokros. Ov\u0161em VIF Cycling je silni\u010dn\u00ed t\u00fdm. Zm\u011bn\u00ed se tud\u00ed\u017e i va\u0161e zam\u011b\u0159en\u00ed?<\/strong><\/h2>\n<p>Cyklokros d\u00e1l z\u016fstane moj\u00ed prioritou, prvn\u00ed discipl\u00ednou. Veden\u00ed t\u00fdmu nem\u00e1 s t\u00edmhle probl\u00e9m. Jsem si jist\u00e1, \u017ee najdeme rovnov\u00e1hu mezi silni\u010dn\u00edm a cyklokrosov\u00fdm z\u00e1vodn\u00edm programem.<\/p>\n<figure id=\"attachment_24750\" aria-describedby=\"caption-attachment-24750\" style=\"width: 1920px\" class=\"wp-caption alignnone\"><a href=\"https:\/\/d2p6e6u75xmxt8.cloudfront.net\/13\/2024\/02\/036_20240204_JSvoboda_Tabor-1-scaled.webp\"><img loading=\"lazy\" decoding=\"async\" class=\"size-extra-large wp-image-24750\" src=\"https:\/\/d2p6e6u75xmxt8.cloudfront.net\/13\/2024\/02\/036_20240204_JSvoboda_Tabor-1-1920x1280.webp\" alt=\"\" width=\"1920\" height=\"1280\" srcset=\"https:\/\/d2p6e6u75xmxt8.cloudfront.net\/13\/2024\/02\/036_20240204_JSvoboda_Tabor-1-1920x1280.webp 1920w, https:\/\/d2p6e6u75xmxt8.cloudfront.net\/13\/2024\/02\/036_20240204_JSvoboda_Tabor-1-300x200.webp 300w, https:\/\/d2p6e6u75xmxt8.cloudfront.net\/13\/2024\/02\/036_20240204_JSvoboda_Tabor-1-1024x683.webp 1024w, https:\/\/d2p6e6u75xmxt8.cloudfront.net\/13\/2024\/02\/036_20240204_JSvoboda_Tabor-1-768x512.webp 768w, https:\/\/d2p6e6u75xmxt8.cloudfront.net\/13\/2024\/02\/036_20240204_JSvoboda_Tabor-1-1536x1024.webp 1536w, https:\/\/d2p6e6u75xmxt8.cloudfront.net\/13\/2024\/02\/036_20240204_JSvoboda_Tabor-1-2048x1365.webp 2048w, https:\/\/d2p6e6u75xmxt8.cloudfront.net\/13\/2024\/02\/036_20240204_JSvoboda_Tabor-1-400x267.webp 400w, https:\/\/d2p6e6u75xmxt8.cloudfront.net\/13\/2024\/02\/036_20240204_JSvoboda_Tabor-1-272x182.webp 272w, https:\/\/d2p6e6u75xmxt8.cloudfront.net\/13\/2024\/02\/036_20240204_JSvoboda_Tabor-1-1920x1280.webp 1920w\" sizes=\"auto, (max-width: 1920px) 100vw, 1920px\" \/><\/a><figcaption id=\"caption-attachment-24750\" class=\"wp-caption-text\"><em>Krist\u00fdna Zemanov\u00e1 douf\u00e1, \u017ee i na nov\u00e9 adrese bude sb\u00edrat \u00fasp\u011bchy na vrcholn\u00fdch cyklokrosov\u00fdch akc\u00edch, jako minul\u00fd rok na MS v T\u00e1bo\u0159e.<\/em><\/figcaption><\/figure>\n<h2><strong>M\u00e1te za sebou spole\u010dn\u00e9 soust\u0159ed\u011bn\u00ed ve \u0160pan\u011blsku. Tu\u0161\u00ed <a href=\"https:\/\/www.welovecycling.com\/cs\/2025\/01\/08\/kristyna-zemanova-o-postcovidovem-syndromu-bez-rodiny-a-pratel-bych-situaci-mozna-neustala\/\">Krist\u00fdna Zemanov\u00e1<\/a>, jak\u00e1 bude jej\u00ed role v nov\u00e9 sestav\u011b?<\/strong><\/h2>\n<p>Nem\u00e1m pon\u011bt\u00ed. Mysl\u00edm, \u017ee hodn\u011b bude z\u00e1le\u017eet na moj\u00ed v\u00fdkonnosti. A tak\u00e9 na veden\u00ed t\u00fdmu. Jsem p\u0159ipravena na jakoukoliv roli.<\/p>\n<h2><strong>Nikdy jste se netajila sv\u00fdm hodn\u011b osobit\u00fdm a individu\u00e1ln\u00edm p\u0159\u00edstupem. Nebude probl\u00e9m se pod\u0159izovat z\u00e1jm\u016fm t\u00fdmu?<\/strong><\/h2>\n<p><span style=\"font-size: 12pt;\">Absolutn\u011b ne. Kdy\u017e budu m\u00edt \u00fakol, abych pom\u00e1hala holk\u00e1m, tak jim pomohu. Bude to pro m\u011b nov\u00e9. A vlastn\u011b se na moc t\u011b\u0161\u00edm. R\u00e1da se nau\u010d\u00edm hr\u00e1t t\u00fdmov\u011b. Jsem p\u0159ipraven\u00e1, \u017ee usly\u0161\u00edm pokyn, kdy budu v pozici domestika pro n\u011bkterou z dal\u0161\u00edch holek v t\u00fdmu.<\/span><\/p>\n<div class=\"shortcode-ys-post-pinup\"><article class=\"loop-simple post-28426 post type-post status-publish format-standard has-post-thumbnail hentry category-rady-tipy tag-cyklistika tag-gravel tag-horska-cyklistika tag-jizda-ve-skupine tag-prvni-zavod tag-silnicni-cyklistika tag-stravovani-na-kole global-categories-cycling\" data-postid=\"28426\" role=\"article\" data-post-id=\"28426\" data-word-count=\"474\" data-headline-length=\"35\" data-category=\"Rady &amp; tipy\" data-global-category=\"Cycling\" data-author=\"We Love Cycling\" data-published=\"2025-03-05T05:00:03+02:00\" data-published-day=\"Wednesday\">\n    <div class=\"entry-thumbnail article-thumbnail\" content=\"https:\/\/d2p6e6u75xmxt8.cloudfront.net\/13\/2021\/05\/cislo-150x150.webp\"><a href=\"https:\/\/www.welovecycling.com\/cs\/2025\/03\/05\/jak-se-pripravit-na-prvni-zavod\/\" class=\"image-holder\" target=\"_self\"><img decoding=\"async\" loading=\"lazy\" class=\"\" src=\"https:\/\/d2p6e6u75xmxt8.cloudfront.net\/13\/2021\/05\/cislo.webp\" srcset=\"https:\/\/d2p6e6u75xmxt8.cloudfront.net\/13\/2021\/05\/cislo.webp 659w, https:\/\/d2p6e6u75xmxt8.cloudfront.net\/13\/2021\/05\/cislo-300x200.webp 300w, https:\/\/d2p6e6u75xmxt8.cloudfront.net\/13\/2021\/05\/cislo-272x182.webp 272w\" width=\"659\" height=\"440\" sizes=\"auto, (min-width: 1200px) 300px, (min-width: 768px) 25vw, 100vw\" alt=\"jak-se-pripravit-na-prvni-zavod\"\/><\/a><\/div>    <div class=\"entry-meta\">\n        <a class=\"label label-secondary post-category\" href=\"https:\/\/www.welovecycling.com\/cs\/category\/rady-tipy\/\" title=\"Rady &amp; tipy\">Rady &amp; tipy<\/a>\n    <\/div>\n    <div class=\"entry-details\">\n        <a href=\"https:\/\/www.welovecycling.com\/cs\/2025\/03\/05\/jak-se-pripravit-na-prvni-zavod\/\" class='entry-title-wrapper'>\n            <h3 class=\"entry-title\"><span>Jak se p\u0159ipravit na prvn\u00ed z\u00e1vod?<\/span><\/h3>\n        <\/a>\n    <\/div>\n    <\/article>\n<\/div>\n<h2><strong>Tuzemsk\u00e9 cyklokrosov\u00e9 sc\u00e9n\u011b vl\u00e1dnete nep\u0159etr\u017eit\u011b u\u017e \u010dty\u0159i roky. Dvakr\u00e1t jste na mistrovstv\u00ed sv\u011bta v kategorii do 23 let z\u00edskala medaili. Ale jak\u00e9 jsou va\u0161e ambice sm\u011brem k silni\u010dn\u00edm z\u00e1vod\u016fm?<\/strong><\/h2>\n<p>Pokud budeme m\u00edt jako t\u00fdm titul ze silnice, p\u016fjde o \u00fasp\u011bch n\u00e1s v\u0161ech. To je moje priorita. Kdyby se mi poda\u0159ilo z\u00edskat medaili z mistrovstv\u00ed republiky, nebo snad dokonce vyhr\u00e1t, byl by to spln\u011bn\u00fd sen. L\u00edb\u00ed se mi p\u0159edstava, \u017ee bych m\u011bla tituly nap\u0159\u00ed\u010d discipl\u00ednami. M\u00e1m prvenstv\u00ed z krosu, z gravelu&#8230; Ale up\u0159\u00edmn\u011b netu\u0161\u00edm, jak\u00e9 c\u00edle si na silnici stanovit. Proto z\u016fstanu skromn\u00e1 a budu r\u00e1da, kdy\u017e se mi bude da\u0159it na \u010desk\u00e9 sc\u00e9n\u011b. Uvid\u00edme, v jak\u00e9 bude form\u011b. V l\u00e9t\u011b budu cht\u00edt titul na gravelu, v krosu bych rovn\u011b\u017e r\u00e1da z\u016fstala \u010deskou jedni\u010dkou. A chci se v ter\u00e9nu vr\u00e1tit \u00fasp\u011b\u0161n\u011b na zahrani\u010dn\u00ed sc\u00e9nu.<\/p>\n<h2><strong>Na kter\u00fd z\u00e1vod se t\u011b\u0161\u00edte?<\/strong><\/h2>\n<p>V minulosti jsem dvakr\u00e1t absolvovala etapov\u00fd z\u00e1vod Gracia Orlov\u00e1, co\u017e bude i letos pro n\u00e1\u0161 t\u00fdm prvn\u00ed v\u011bt\u0161\u00ed start. Cht\u011bla bych se pokusit o p\u011bkn\u00e9 v\u00fdsledky hned v \u00favodu sezony.<\/p>\n<p>&nbsp;<\/p>\n","protected":false},"excerpt":{"rendered":"<p>Uskute\u010dnila v \u010desk\u00fdch pom\u011brech tak tro\u0161ku senza\u010dn\u00ed p\u0159estup. Krist\u00fdna Zemanov\u00e1, nejlep\u0161\u00ed \u010desk\u00e1 cyklokrosa\u0159ka sou\u010dasnosti a dvojn\u00e1sobn\u00e1 medailistka z mistrovstv\u00ed sv\u011bta, [&hellip;]<\/p>\n","protected":false},"author":138,"featured_media":28532,"comment_status":"open","ping_status":"open","sticky":false,"template":"","format":"standard","meta":{"footnotes":""},"categories":[10],"tags":[126,723,2026,9,4108,43],"global-categories":[411],"class_list":["post-28521","post","type-post","status-publish","format-standard","has-post-thumbnail","hentry","category-silnicni-cyklistika","tag-cyklistika","tag-cyklokros","tag-kristyna-zemanova","tag-silnicni-cyklistika","tag-vif-cycling","tag-zeny","global-categories-cycling"],"yoast_head":"<!-- This site is optimized with the Yoast SEO Premium plugin v25.3 (Yoast SEO v25.9) - https:\/\/yoast.com\/wordpress\/plugins\/seo\/ -->\n<title>Krist\u00fdna Zemanov\u00e1: Ide\u00e1ln\u00ed \u010das na zm\u011bnu | \u0160koda We Love Cycling - \u010cesk\u00e1 republika<\/title>\n<meta name=\"description\" content=\"Uskute\u010dnila v \u010desk\u00fdch pom\u011brech tak tro\u0161ku senza\u010dn\u00ed p\u0159estup. Krist\u00fdna Zemanov\u00e1, nejlep\u0161\u00ed \u010desk\u00e1 cyklokrosa\u0159ka sou\u010dasnosti a dvojn\u00e1sobn\u00e1 medailistka z mistrovstv\u00ed sv\u011bta, je od ledna \u010dlenkou \u017eensk\u00e9ho t\u00fdmu VIF Cycling. Je\u0161t\u011b v pr\u016fb\u011bhu podzimu p\u0159itom necht\u011bla o zm\u011bn\u011b dresu ani sly\u0161et. &quot;Nade\u0161el \u010das zkusit n\u011bco nov\u00e9ho,&quot; usm\u00edv\u00e1 se jednadvacetilet\u00e1 \u010desk\u00e1 reprezentantka.\" \/>\n<meta name=\"robots\" content=\"index, follow, max-snippet:-1, max-image-preview:large, max-video-preview:-1\" \/>\n<link rel=\"canonical\" href=\"https:\/\/www.welovecycling.com\/cs\/2025\/03\/12\/kristyna-zemanova-idealni-cas-na-zmenu\/\" \/>\n<meta property=\"og:locale\" content=\"cs_CZ\" \/>\n<meta property=\"og:type\" content=\"article\" \/>\n<meta property=\"og:title\" content=\"Krist\u00fdna Zemanov\u00e1: Ide\u00e1ln\u00ed \u010das na zm\u011bnu\" \/>\n<meta property=\"og:description\" content=\"Uskute\u010dnila v \u010desk\u00fdch pom\u011brech tak tro\u0161ku senza\u010dn\u00ed p\u0159estup. Krist\u00fdna Zemanov\u00e1, nejlep\u0161\u00ed \u010desk\u00e1 cyklokrosa\u0159ka sou\u010dasnosti a dvojn\u00e1sobn\u00e1 medailistka z mistrovstv\u00ed sv\u011bta, je od ledna \u010dlenkou \u017eensk\u00e9ho t\u00fdmu VIF Cycling. Je\u0161t\u011b v pr\u016fb\u011bhu podzimu p\u0159itom necht\u011bla o zm\u011bn\u011b dresu ani sly\u0161et. &quot;Nade\u0161el \u010das zkusit n\u011bco nov\u00e9ho,&quot; usm\u00edv\u00e1 se jednadvacetilet\u00e1 \u010desk\u00e1 reprezentantka.\" \/>\n<meta property=\"og:url\" content=\"https:\/\/www.welovecycling.com\/cs\/2025\/03\/12\/kristyna-zemanova-idealni-cas-na-zmenu\/\" \/>\n<meta property=\"og:site_name\" content=\"\u0160koda We Love Cycling - \u010cesk\u00e1 republika\" \/>\n<meta property=\"article:published_time\" content=\"2025-03-12T02:30:04+00:00\" \/>\n<meta property=\"og:image\" content=\"https:\/\/d2p6e6u75xmxt8.cloudfront.net\/13\/2025\/03\/Tymove-soustredeni-VIF-Cycling-Team-Mallorca-ESP-_-\u00a9Filip-Bezdek-2025-276-scaled.webp\" \/>\n\t<meta property=\"og:image:width\" content=\"2560\" \/>\n\t<meta property=\"og:image:height\" content=\"1707\" \/>\n\t<meta property=\"og:image:type\" content=\"image\/webp\" \/>\n<meta name=\"author\" content=\"radekmalina\" \/>\n<meta name=\"twitter:card\" content=\"summary_large_image\" \/>\n<meta name=\"twitter:label1\" content=\"Written by\" \/>\n\t<meta name=\"twitter:data1\" content=\"We Love Cycling\" \/>\n\t<meta name=\"twitter:label2\" content=\"Est. reading time\" \/>\n\t<meta name=\"twitter:data2\" content=\"5\" \/>\n<script type=\"application\/ld+json\" class=\"yoast-schema-graph\">{\"@context\":\"https:\/\/schema.org\",\"@graph\":[{\"@type\":\"WebPage\",\"@id\":\"https:\/\/www.welovecycling.com\/cs\/2025\/03\/12\/kristyna-zemanova-idealni-cas-na-zmenu\/\",\"url\":\"https:\/\/www.welovecycling.com\/cs\/2025\/03\/12\/kristyna-zemanova-idealni-cas-na-zmenu\/\",\"name\":\"Krist\u00fdna Zemanov\u00e1: Ide\u00e1ln\u00ed \u010das na zm\u011bnu | \u0160koda We Love Cycling - \u010cesk\u00e1 republika\",\"isPartOf\":{\"@id\":\"https:\/\/www.welovecycling.com\/cs\/#website\"},\"primaryImageOfPage\":{\"@id\":\"https:\/\/www.welovecycling.com\/cs\/2025\/03\/12\/kristyna-zemanova-idealni-cas-na-zmenu\/#primaryimage\"},\"image\":{\"@id\":\"https:\/\/www.welovecycling.com\/cs\/2025\/03\/12\/kristyna-zemanova-idealni-cas-na-zmenu\/#primaryimage\"},\"thumbnailUrl\":\"https:\/\/d2p6e6u75xmxt8.cloudfront.net\/13\/2025\/03\/Tymove-soustredeni-VIF-Cycling-Team-Mallorca-ESP-_-\u00a9Filip-Bezdek-2025-276-scaled.webp\",\"datePublished\":\"2025-03-12T02:30:04+00:00\",\"author\":{\"@id\":\"https:\/\/www.welovecycling.com\/cs\/#\/schema\/person\/d9eeb0a378f3a7e4a6d12d2b536b04b8\"},\"description\":\"Uskute\u010dnila v \u010desk\u00fdch pom\u011brech tak tro\u0161ku senza\u010dn\u00ed p\u0159estup. Krist\u00fdna Zemanov\u00e1, nejlep\u0161\u00ed \u010desk\u00e1 cyklokrosa\u0159ka sou\u010dasnosti a dvojn\u00e1sobn\u00e1 medailistka z mistrovstv\u00ed sv\u011bta, je od ledna \u010dlenkou \u017eensk\u00e9ho t\u00fdmu VIF Cycling. Je\u0161t\u011b v pr\u016fb\u011bhu podzimu p\u0159itom necht\u011bla o zm\u011bn\u011b dresu ani sly\u0161et. \\\"Nade\u0161el \u010das zkusit n\u011bco nov\u00e9ho,\\\" usm\u00edv\u00e1 se jednadvacetilet\u00e1 \u010desk\u00e1 reprezentantka.\",\"inLanguage\":\"cs\",\"potentialAction\":[{\"@type\":\"ReadAction\",\"target\":[\"https:\/\/www.welovecycling.com\/cs\/2025\/03\/12\/kristyna-zemanova-idealni-cas-na-zmenu\/\"]}]},{\"@type\":\"ImageObject\",\"inLanguage\":\"cs\",\"@id\":\"https:\/\/www.welovecycling.com\/cs\/2025\/03\/12\/kristyna-zemanova-idealni-cas-na-zmenu\/#primaryimage\",\"url\":\"https:\/\/d2p6e6u75xmxt8.cloudfront.net\/13\/2025\/03\/Tymove-soustredeni-VIF-Cycling-Team-Mallorca-ESP-_-\u00a9Filip-Bezdek-2025-276-scaled.webp\",\"contentUrl\":\"https:\/\/d2p6e6u75xmxt8.cloudfront.net\/13\/2025\/03\/Tymove-soustredeni-VIF-Cycling-Team-Mallorca-ESP-_-\u00a9Filip-Bezdek-2025-276-scaled.webp\",\"width\":2560,\"height\":1707,\"caption\":\"Krist\u00fdna Zemanov\u00e1 na t\u00fdmov\u00e9m soust\u0159ed\u011bn\u00ed VIF Cyling ve \u0160pan\u011blsku. Foto: Filip Bezd\u011bk\"},{\"@type\":\"WebSite\",\"@id\":\"https:\/\/www.welovecycling.com\/cs\/#website\",\"url\":\"https:\/\/www.welovecycling.com\/cs\/\",\"name\":\"\u0160koda We Love Cycling - \u010cesk\u00e1 republika\",\"description\":\"WeLoveCycling.cz je online magaz\u00edn, kter\u00fd v\u00e1m pravideln\u011b p\u0159in\u00e1\u0161\u00ed rady a tipy, zaj\u00edmav\u00e9 \u010dl\u00e1nky, videa a jedine\u010dn\u00e9 report\u00e1\u017ee ze sv\u011bta cyklistiky.\",\"potentialAction\":[{\"@type\":\"SearchAction\",\"target\":{\"@type\":\"EntryPoint\",\"urlTemplate\":\"https:\/\/www.welovecycling.com\/cs\/?s={search_term_string}\"},\"query-input\":{\"@type\":\"PropertyValueSpecification\",\"valueRequired\":true,\"valueName\":\"search_term_string\"}}],\"inLanguage\":\"cs\"},{\"@type\":\"Person\",\"@id\":\"https:\/\/www.welovecycling.com\/cs\/#\/schema\/person\/d9eeb0a378f3a7e4a6d12d2b536b04b8\",\"name\":\"radekmalina\",\"image\":{\"@type\":\"ImageObject\",\"inLanguage\":\"cs\",\"@id\":\"https:\/\/www.welovecycling.com\/cs\/#\/schema\/person\/image\/\",\"url\":\"https:\/\/secure.gravatar.com\/avatar\/66994b632cb8c39a46b9f54afa3ae07201b678d32a54275b6f1c9ffec356bfc0?s=96&d=mm&r=g\",\"contentUrl\":\"https:\/\/secure.gravatar.com\/avatar\/66994b632cb8c39a46b9f54afa3ae07201b678d32a54275b6f1c9ffec356bfc0?s=96&d=mm&r=g\",\"caption\":\"radekmalina\"},\"url\":\"https:\/\/www.welovecycling.com\/cs\/author\/radekmalina\/\"}]}<\/script>\n<!-- \/ Yoast SEO Premium plugin. -->","yoast_head_json":{"title":"Krist\u00fdna Zemanov\u00e1: Ide\u00e1ln\u00ed \u010das na zm\u011bnu | \u0160koda We Love Cycling - \u010cesk\u00e1 republika","description":"Uskute\u010dnila v \u010desk\u00fdch pom\u011brech tak tro\u0161ku senza\u010dn\u00ed p\u0159estup. Krist\u00fdna Zemanov\u00e1, nejlep\u0161\u00ed \u010desk\u00e1 cyklokrosa\u0159ka sou\u010dasnosti a dvojn\u00e1sobn\u00e1 medailistka z mistrovstv\u00ed sv\u011bta, je od ledna \u010dlenkou \u017eensk\u00e9ho t\u00fdmu VIF Cycling. Je\u0161t\u011b v pr\u016fb\u011bhu podzimu p\u0159itom necht\u011bla o zm\u011bn\u011b dresu ani sly\u0161et. \"Nade\u0161el \u010das zkusit n\u011bco nov\u00e9ho,\" usm\u00edv\u00e1 se jednadvacetilet\u00e1 \u010desk\u00e1 reprezentantka.","robots":{"index":"index","follow":"follow","max-snippet":"max-snippet:-1","max-image-preview":"max-image-preview:large","max-video-preview":"max-video-preview:-1"},"canonical":"https:\/\/www.welovecycling.com\/cs\/2025\/03\/12\/kristyna-zemanova-idealni-cas-na-zmenu\/","og_locale":"cs_CZ","og_type":"article","og_title":"Krist\u00fdna Zemanov\u00e1: Ide\u00e1ln\u00ed \u010das na zm\u011bnu","og_description":"Uskute\u010dnila v \u010desk\u00fdch pom\u011brech tak tro\u0161ku senza\u010dn\u00ed p\u0159estup. Krist\u00fdna Zemanov\u00e1, nejlep\u0161\u00ed \u010desk\u00e1 cyklokrosa\u0159ka sou\u010dasnosti a dvojn\u00e1sobn\u00e1 medailistka z mistrovstv\u00ed sv\u011bta, je od ledna \u010dlenkou \u017eensk\u00e9ho t\u00fdmu VIF Cycling. Je\u0161t\u011b v pr\u016fb\u011bhu podzimu p\u0159itom necht\u011bla o zm\u011bn\u011b dresu ani sly\u0161et. \"Nade\u0161el \u010das zkusit n\u011bco nov\u00e9ho,\" usm\u00edv\u00e1 se jednadvacetilet\u00e1 \u010desk\u00e1 reprezentantka.","og_url":"https:\/\/www.welovecycling.com\/cs\/2025\/03\/12\/kristyna-zemanova-idealni-cas-na-zmenu\/","og_site_name":"\u0160koda We Love Cycling - \u010cesk\u00e1 republika","article_published_time":"2025-03-12T02:30:04+00:00","og_image":[{"width":2560,"height":1707,"url":"https:\/\/d2p6e6u75xmxt8.cloudfront.net\/13\/2025\/03\/Tymove-soustredeni-VIF-Cycling-Team-Mallorca-ESP-_-\u00a9Filip-Bezdek-2025-276-scaled.webp","type":"image\/webp"}],"author":"radekmalina","twitter_card":"summary_large_image","twitter_misc":{"Written by":"We Love Cycling","Est. reading time":"5"},"schema":{"@context":"https:\/\/schema.org","@graph":[{"@type":"WebPage","@id":"https:\/\/www.welovecycling.com\/cs\/2025\/03\/12\/kristyna-zemanova-idealni-cas-na-zmenu\/","url":"https:\/\/www.welovecycling.com\/cs\/2025\/03\/12\/kristyna-zemanova-idealni-cas-na-zmenu\/","name":"Krist\u00fdna Zemanov\u00e1: Ide\u00e1ln\u00ed \u010das na zm\u011bnu | \u0160koda We Love Cycling - \u010cesk\u00e1 republika","isPartOf":{"@id":"https:\/\/www.welovecycling.com\/cs\/#website"},"primaryImageOfPage":{"@id":"https:\/\/www.welovecycling.com\/cs\/2025\/03\/12\/kristyna-zemanova-idealni-cas-na-zmenu\/#primaryimage"},"image":{"@id":"https:\/\/www.welovecycling.com\/cs\/2025\/03\/12\/kristyna-zemanova-idealni-cas-na-zmenu\/#primaryimage"},"thumbnailUrl":"https:\/\/d2p6e6u75xmxt8.cloudfront.net\/13\/2025\/03\/Tymove-soustredeni-VIF-Cycling-Team-Mallorca-ESP-_-\u00a9Filip-Bezdek-2025-276-scaled.webp","datePublished":"2025-03-12T02:30:04+00:00","author":{"@id":"https:\/\/www.welovecycling.com\/cs\/#\/schema\/person\/d9eeb0a378f3a7e4a6d12d2b536b04b8"},"description":"Uskute\u010dnila v \u010desk\u00fdch pom\u011brech tak tro\u0161ku senza\u010dn\u00ed p\u0159estup. Krist\u00fdna Zemanov\u00e1, nejlep\u0161\u00ed \u010desk\u00e1 cyklokrosa\u0159ka sou\u010dasnosti a dvojn\u00e1sobn\u00e1 medailistka z mistrovstv\u00ed sv\u011bta, je od ledna \u010dlenkou \u017eensk\u00e9ho t\u00fdmu VIF Cycling. Je\u0161t\u011b v pr\u016fb\u011bhu podzimu p\u0159itom necht\u011bla o zm\u011bn\u011b dresu ani sly\u0161et. \"Nade\u0161el \u010das zkusit n\u011bco nov\u00e9ho,\" usm\u00edv\u00e1 se jednadvacetilet\u00e1 \u010desk\u00e1 reprezentantka.","inLanguage":"cs","potentialAction":[{"@type":"ReadAction","target":["https:\/\/www.welovecycling.com\/cs\/2025\/03\/12\/kristyna-zemanova-idealni-cas-na-zmenu\/"]}]},{"@type":"ImageObject","inLanguage":"cs","@id":"https:\/\/www.welovecycling.com\/cs\/2025\/03\/12\/kristyna-zemanova-idealni-cas-na-zmenu\/#primaryimage","url":"https:\/\/d2p6e6u75xmxt8.cloudfront.net\/13\/2025\/03\/Tymove-soustredeni-VIF-Cycling-Team-Mallorca-ESP-_-\u00a9Filip-Bezdek-2025-276-scaled.webp","contentUrl":"https:\/\/d2p6e6u75xmxt8.cloudfront.net\/13\/2025\/03\/Tymove-soustredeni-VIF-Cycling-Team-Mallorca-ESP-_-\u00a9Filip-Bezdek-2025-276-scaled.webp","width":2560,"height":1707,"caption":"Krist\u00fdna Zemanov\u00e1 na t\u00fdmov\u00e9m soust\u0159ed\u011bn\u00ed VIF Cyling ve \u0160pan\u011blsku. Foto: Filip Bezd\u011bk"},{"@type":"WebSite","@id":"https:\/\/www.welovecycling.com\/cs\/#website","url":"https:\/\/www.welovecycling.com\/cs\/","name":"\u0160koda We Love Cycling - \u010cesk\u00e1 republika","description":"WeLoveCycling.cz je online magaz\u00edn, kter\u00fd v\u00e1m pravideln\u011b p\u0159in\u00e1\u0161\u00ed rady a tipy, zaj\u00edmav\u00e9 \u010dl\u00e1nky, videa a jedine\u010dn\u00e9 report\u00e1\u017ee ze sv\u011bta cyklistiky.","potentialAction":[{"@type":"SearchAction","target":{"@type":"EntryPoint","urlTemplate":"https:\/\/www.welovecycling.com\/cs\/?s={search_term_string}"},"query-input":{"@type":"PropertyValueSpecification","valueRequired":true,"valueName":"search_term_string"}}],"inLanguage":"cs"},{"@type":"Person","@id":"https:\/\/www.welovecycling.com\/cs\/#\/schema\/person\/d9eeb0a378f3a7e4a6d12d2b536b04b8","name":"radekmalina","image":{"@type":"ImageObject","inLanguage":"cs","@id":"https:\/\/www.welovecycling.com\/cs\/#\/schema\/person\/image\/","url":"https:\/\/secure.gravatar.com\/avatar\/66994b632cb8c39a46b9f54afa3ae07201b678d32a54275b6f1c9ffec356bfc0?s=96&d=mm&r=g","contentUrl":"https:\/\/secure.gravatar.com\/avatar\/66994b632cb8c39a46b9f54afa3ae07201b678d32a54275b6f1c9ffec356bfc0?s=96&d=mm&r=g","caption":"radekmalina"},"url":"https:\/\/www.welovecycling.com\/cs\/author\/radekmalina\/"}]}},"_links":{"self":[{"href":"https:\/\/www.welovecycling.com\/cs\/wp-json\/wp\/v2\/posts\/28521","targetHints":{"allow":["GET"]}}],"collection":[{"href":"https:\/\/www.welovecycling.com\/cs\/wp-json\/wp\/v2\/posts"}],"about":[{"href":"https:\/\/www.welovecycling.com\/cs\/wp-json\/wp\/v2\/types\/post"}],"author":[{"embeddable":true,"href":"https:\/\/www.welovecycling.com\/cs\/wp-json\/wp\/v2\/users\/138"}],"replies":[{"embeddable":true,"href":"https:\/\/www.welovecycling.com\/cs\/wp-json\/wp\/v2\/comments?post=28521"}],"version-history":[{"count":5,"href":"https:\/\/www.welovecycling.com\/cs\/wp-json\/wp\/v2\/posts\/28521\/revisions"}],"predecessor-version":[{"id":28535,"href":"https:\/\/www.welovecycling.com\/cs\/wp-json\/wp\/v2\/posts\/28521\/revisions\/28535"}],"wp:featuredmedia":[{"embeddable":true,"href":"https:\/\/www.welovecycling.com\/cs\/wp-json\/wp\/v2\/media\/28532"}],"wp:attachment":[{"href":"https:\/\/www.welovecycling.com\/cs\/wp-json\/wp\/v2\/media?parent=28521"}],"wp:term":[{"taxonomy":"category","embeddable":true,"href":"https:\/\/www.welovecycling.com\/cs\/wp-json\/wp\/v2\/categories?post=28521"},{"taxonomy":"post_tag","embeddable":true,"href":"https:\/\/www.welovecycling.com\/cs\/wp-json\/wp\/v2\/tags?post=28521"},{"taxonomy":"global-categories","embeddable":true,"href":"https:\/\/www.welovecycling.com\/cs\/wp-json\/wp\/v2\/global-categories?post=28521"}],"curies":[{"name":"wp","href":"https:\/\/api.w.org\/{rel}","templated":true}]}}