{"id":28493,"date":"2025-03-08T23:48:46","date_gmt":"2025-03-08T21:48:46","guid":{"rendered":"https:\/\/www.welovecycling.com\/cs\/?p=28493"},"modified":"2025-03-09T08:56:01","modified_gmt":"2025-03-09T06:56:01","slug":"zkrvaveny-demon-tadej-pogacar-epickym-vykonem-napsal-historii","status":"publish","type":"post","link":"https:\/\/www.welovecycling.com\/cs\/2025\/03\/08\/zkrvaveny-demon-tadej-pogacar-epickym-vykonem-napsal-historii\/","title":{"rendered":"Tadej Poga\u010dar, a\u010d zkrvaven\u00fd, epick\u00fdm v\u00fdkonem napsal historii"},"content":{"rendered":"<p><strong>Nezapomenuteln\u00e1 bitva! Tadej Poga\u010dar, cyklista ozna\u010dov\u00e1n jako mimozem\u0161\u0165an pelotonu, chyboval. A p\u0159esto pot\u0159et\u00ed v kari\u00e9\u0159e ovl\u00e1dl Strade Bianche. V\u00edt\u011bzn\u00fd hattrick p\u0159i\u0161el stejn\u011b jako v p\u0159\u00edpad\u011b p\u0159ede\u0161l\u00fdch dvou triumf\u016f po dal\u0161\u00edm \u00fachvatn\u00e9m s\u00f3lu. Ale z\u00e1vod rozhodn\u011b nenudil. \u0160lo o v\u00fdjime\u010dn\u00e9 p\u0159edstaven\u00ed. Borec z UAE Emirates XRG slavil triumf po d\u011bsiv\u00e9m p\u00e1du, jeho\u017e n\u00e1sledkem cr\u010dela krev ze Slovincova t\u011bla na n\u011bkolika m\u00edstech. I tak byl nep\u0159emo\u017eiteln\u00fd!<\/strong><\/p>\n<p>Tadej Poga\u010dar pad\u00e1 v z\u00e1vodech jen v\u00fdjime\u010dn\u011b. Do c\u00edle devaten\u00e1ct\u00e9ho ro\u010dn\u00edku Strade Bianche zb\u00fdvalo pades\u00e1t kilometr\u016f. Slovinsk\u00fd fenom\u00e9n usiluj\u00edc\u00ed o t\u0159et\u00ed v\u00edt\u011bzstv\u00ed byl na \u010dele z\u00e1vodu n\u00e1sledov\u00e1n Tomem Pidcockem (Q36.5) a Connorem Swiftem (Ineos Grenadiers). Do levoto\u010div\u00e9 zat\u00e1\u010dky na asfaltov\u00e9 pas\u00e1\u017ei najel v\u0161ak Poga\u010dar p\u0159\u00edli\u0161 rychle, kolo mu podklouzlo a \u00fa\u0159aduj\u00edc\u00ed mistr sv\u011bta po divok\u00e9m p\u0159emetu skon\u010dil v p\u0159\u00edkopu.<\/p>\n<p>&#8222;Jeli jako \u0161\u00edlenci,&#8220; prohl\u00e1sil Connor Swift v c\u00edli na adresu dvou protivn\u00edk\u016f z \u00faniku. &#8222;Byl jsem pod tlakem hlavn\u011b ze strany Toma Pidcocka, kter\u00fd je olympijsk\u00fd v\u00edt\u011bz na biku, mistr sv\u011bta v krosu. M\u011bl jsem uk\u00e1zat, jak um\u00edm ovl\u00e1dat kolo. Moc se mi to nepoda\u0159ilo,&#8220; \u017eertoval s odstupem po z\u00e1vod\u011b Tadej Poga\u010dar.<\/p>\n<p><a href=\"https:\/\/d2p6e6u75xmxt8.cloudfront.net\/13\/2025\/03\/profimedia-0973732938.webp\"><img loading=\"lazy\" decoding=\"async\" class=\"alignnone size-full wp-image-28496\" src=\"https:\/\/d2p6e6u75xmxt8.cloudfront.net\/13\/2025\/03\/profimedia-0973732938.webp\" alt=\"\" width=\"1800\" height=\"1200\" srcset=\"https:\/\/d2p6e6u75xmxt8.cloudfront.net\/13\/2025\/03\/profimedia-0973732938.webp 1800w, https:\/\/d2p6e6u75xmxt8.cloudfront.net\/13\/2025\/03\/profimedia-0973732938-300x200.webp 300w, https:\/\/d2p6e6u75xmxt8.cloudfront.net\/13\/2025\/03\/profimedia-0973732938-1024x683.webp 1024w, https:\/\/d2p6e6u75xmxt8.cloudfront.net\/13\/2025\/03\/profimedia-0973732938-768x512.webp 768w, https:\/\/d2p6e6u75xmxt8.cloudfront.net\/13\/2025\/03\/profimedia-0973732938-1536x1024.webp 1536w, https:\/\/d2p6e6u75xmxt8.cloudfront.net\/13\/2025\/03\/profimedia-0973732938-400x267.webp 400w, https:\/\/d2p6e6u75xmxt8.cloudfront.net\/13\/2025\/03\/profimedia-0973732938-272x182.webp 272w\" sizes=\"auto, (max-width: 1800px) 100vw, 1800px\" \/><\/a><\/p>\n<p>M\u011bl obrovsk\u00e9 \u0161t\u011bst\u00ed, proto\u017ee ve vysok\u00e9 rychlosti si nep\u0159ivodil \u017e\u00e1dnou zlomeninu. P\u0159i cest\u011b do ostru\u017ein\u00ed v p\u0159\u00edkopu nest\u00e1la \u017e\u00e1dn\u00e1 zna\u010dka \u010di betonov\u00fd sloupek, kter\u00e9 mohly ukon\u010dit Slovincovu sezonu. &#8222;Velik\u00e1 klika,&#8220; uznal. &#8222;P\u0159itom zn\u00e1m n\u00e1m tyhle silnice moc dob\u0159e. Zat\u00e1\u010dku jsem projel za \u017eivot snad dvacetkr\u00e1t. Prost\u011b jsem to \u0161patn\u011b odhadl.&#8220;<\/p>\n<h2><strong>Tadej Poga\u010dar byl po p\u00e1du d\u011bsiv\u011b potrhan\u00fd<\/strong><\/h2>\n<p>Vyv\u00e1zl bez v\u00e1\u017en\u00e9ho zran\u011bn\u00ed, ale d\u011bsiv\u011b potrhan\u00fd. Lev\u00e9 koleno a hole\u0148 sed\u0159en\u00e1, stejn\u011b jako lev\u00e9 rameno a p\u0159edlokt\u00ed, k tomu sed\u0159en\u00e1 prav\u00e1 \u010d\u00e1st sedac\u00edch parti\u00ed a tak\u00e9 klouby na lev\u00e9 ruce. &#8222;Pro\u017e\u00edval jsem tot\u00e1ln\u00ed paniku. Jestli jsem v po\u0159\u00e1dku a nem\u00e1m nic zlomen\u00e9ho. Zda je v po\u0159\u00e1dku kolo, m\u016fj po\u010d\u00edta\u010d. Jak nehoda poznamen\u00e1 moje t\u011blo,&#8220; p\u0159ibli\u017eoval Tadej Poga\u010dar po projet\u00ed c\u00edlem pocity bezprost\u0159edn\u011b pot\u00e9, co se katapultoval z kola.<\/p>\n<div class=\"shortcode-ys-post-pinup\"><article class=\"loop-simple post-28488 post type-post status-publish format-standard has-post-thumbnail hentry category-silnicni-cyklistika tag-cyklistika tag-jarni-klasika tag-mathias-vacek tag-silnicni-cyklistika tag-strade-bianche tag-strade-bianche-2025 tag-tadej-pogacar global-categories-cycling\" data-postid=\"28488\" role=\"article\" data-post-id=\"28488\" data-word-count=\"451\" data-headline-length=\"35\" data-category=\"Silni\u010dn\u00ed cyklistika\" data-global-category=\"Cycling\" data-author=\"Radek Malina\" data-published=\"2025-03-07T12:31:07+02:00\" data-published-day=\"Friday\">\n    <div class=\"entry-thumbnail article-thumbnail\" content=\"https:\/\/d2p6e6u75xmxt8.cloudfront.net\/13\/2022\/03\/strade-bianche-michal-cerveny-5-150x150.webp\"><a href=\"https:\/\/www.welovecycling.com\/cs\/2025\/03\/07\/je-strade-bianche-jen-pro-vrchare\/\" class=\"image-holder\" target=\"_self\"><img decoding=\"async\" loading=\"lazy\" class=\"\" src=\"https:\/\/d2p6e6u75xmxt8.cloudfront.net\/13\/2022\/03\/strade-bianche-michal-cerveny-5-1024x683.webp\" srcset=\"https:\/\/d2p6e6u75xmxt8.cloudfront.net\/13\/2022\/03\/strade-bianche-michal-cerveny-5.webp 1600w, https:\/\/d2p6e6u75xmxt8.cloudfront.net\/13\/2022\/03\/strade-bianche-michal-cerveny-5-300x200.webp 300w, https:\/\/d2p6e6u75xmxt8.cloudfront.net\/13\/2022\/03\/strade-bianche-michal-cerveny-5-1024x683.webp 1024w, https:\/\/d2p6e6u75xmxt8.cloudfront.net\/13\/2022\/03\/strade-bianche-michal-cerveny-5-768x512.webp 768w, https:\/\/d2p6e6u75xmxt8.cloudfront.net\/13\/2022\/03\/strade-bianche-michal-cerveny-5-1536x1024.webp 1536w, https:\/\/d2p6e6u75xmxt8.cloudfront.net\/13\/2022\/03\/strade-bianche-michal-cerveny-5-272x182.webp 272w\" width=\"1024\" height=\"683\" sizes=\"auto, (min-width: 1200px) 300px, (min-width: 768px) 25vw, 100vw\" alt=\"je-strade-bianche-jen-pro-vrchare\"\/><\/a><\/div>    <div class=\"entry-meta\">\n        <a class=\"label label-secondary post-category\" href=\"https:\/\/www.welovecycling.com\/cs\/category\/silnicni-cyklistika\/\" title=\"Silni\u010dn\u00ed cyklistika\">Silni\u010dn\u00ed cyklistika<\/a>\n    <\/div>\n    <div class=\"entry-details\">\n        <a href=\"https:\/\/www.welovecycling.com\/cs\/2025\/03\/07\/je-strade-bianche-jen-pro-vrchare\/\" class='entry-title-wrapper'>\n            <h3 class=\"entry-title\"><span>Je Strade Bianche jen pro vrcha\u0159e?<\/span><\/h3>\n        <\/a>\n    <\/div>\n    <\/article>\n<\/div>\n<p>Bicykl musel za p\u00e1r set metr\u016f vym\u011bnit. Nefungoval na sto procent. I p\u0159es bolestiv\u00e1 zran\u011bn\u00ed uk\u00e1zal charakter a hnal se za Tomem Pidcockem, kter\u00fd ryt\u00ed\u0159sk\u00fd zvolnil. &#8222;Omluvil jsem se ob\u011bma kluk\u016fm, proto\u017ee z moj\u00ed blbosti mohla vzniknout skute\u010dn\u011b katastrofa,&#8220; k\u00e1l se Poga\u010dar.<\/p>\n<figure id=\"attachment_28495\" aria-describedby=\"caption-attachment-28495\" style=\"width: 1800px\" class=\"wp-caption alignnone\"><a href=\"https:\/\/d2p6e6u75xmxt8.cloudfront.net\/13\/2025\/03\/profimedia-0973748932.webp\"><img loading=\"lazy\" decoding=\"async\" class=\"size-full wp-image-28495\" src=\"https:\/\/d2p6e6u75xmxt8.cloudfront.net\/13\/2025\/03\/profimedia-0973748932.webp\" alt=\"\" width=\"1800\" height=\"1200\" srcset=\"https:\/\/d2p6e6u75xmxt8.cloudfront.net\/13\/2025\/03\/profimedia-0973748932.webp 1800w, https:\/\/d2p6e6u75xmxt8.cloudfront.net\/13\/2025\/03\/profimedia-0973748932-300x200.webp 300w, https:\/\/d2p6e6u75xmxt8.cloudfront.net\/13\/2025\/03\/profimedia-0973748932-1024x683.webp 1024w, https:\/\/d2p6e6u75xmxt8.cloudfront.net\/13\/2025\/03\/profimedia-0973748932-768x512.webp 768w, https:\/\/d2p6e6u75xmxt8.cloudfront.net\/13\/2025\/03\/profimedia-0973748932-1536x1024.webp 1536w, https:\/\/d2p6e6u75xmxt8.cloudfront.net\/13\/2025\/03\/profimedia-0973748932-400x267.webp 400w, https:\/\/d2p6e6u75xmxt8.cloudfront.net\/13\/2025\/03\/profimedia-0973748932-272x182.webp 272w\" sizes=\"auto, (max-width: 1800px) 100vw, 1800px\" \/><\/a><figcaption id=\"caption-attachment-28495\" class=\"wp-caption-text\"><em>Tadej Poga\u010dar v kl\u00ed\u010dov\u00e9 f\u00e1zi Strade Bianche 2025, kdy rozhodl o v\u00edt\u011bzstv\u00ed.<\/em><\/figcaption><\/figure>\n<p>Dok\u00e1zal v\u0161ak bleskov\u011b naj\u00edt pat\u0159i\u010dn\u00e9 tempo a p\u0159i druh\u00e9m v\u00fdstupu na Colle Pinzuto necel\u00fdch devaten\u00e1ct kilometr\u016f p\u0159ed c\u00edlem zv\u00fd\u0161il kadenci. A\u010d d\u011bsiv\u011b potlu\u010den\u00fd, st\u00e1le byl o t\u0159\u00eddu siln\u011bj\u0161\u00ed ne\u017e Pidcock. &#8222;Cht\u011bl jsem v t\u00e9to pas\u00e1\u017ei \u00fato\u010dit u\u017e p\u0159i prvn\u00edm pr\u016fjezdu. Po p\u00e1du jsem musel pl\u00e1ny zm\u011bnit. Ale necht\u011bl jsem nechat rozhoduj\u00edc\u00ed \u00fatok a\u017e do Sieny. Byl by to velk\u00fd risk,&#8220; vysv\u011btloval, \u017ee jej stra\u0161ideln\u00e1 nehoda nezlomila psychicky ani fyzicky.<\/p>\n<p>Britsk\u00fd soupe\u0159 nebyl schopn\u00fd reagovat. Tadej Poga\u010dar si tak mohl vychutnat v\u00fdstup na Piazza del Campo stejn\u011b jako v minul\u00e9m roce s \u00fasm\u011bvem. Po obrovsk\u00e9 uk\u00e1zce charakteru, v\u016fle a odhodl\u00e1n\u00ed, jim\u017e p\u0159edch\u00e1zel d\u016fkaz, \u017ee i slovinsk\u00fd fenom\u00e9n je jenom \u010dlov\u011bk a dokonce chybuj\u00edc\u00ed.<\/p>\n<h2><strong>Nejrychlej\u0161\u00ed Strade Bianche v historii<\/strong><\/h2>\n<p>Jako prvn\u00ed cyklista v historii <a href=\"https:\/\/www.welovecycling.com\/cs\/2023\/03\/02\/strade-bianche-v-prachu-zrozena-romantika-davnych-cyklistickych-casu\/\">Strade Bianche<\/a> dok\u00e1zal obh\u00e1jit v\u00edt\u011bzstv\u00ed. A jako prvn\u00ed v d\u011bjin\u00e1ch z\u00e1vodu slavil triumf v dresu mistra sv\u011bta. Navrch p\u0159idal rekord v podob\u011b nejrychlej\u0161\u00edho ro\u010dn\u00edku, kdy\u017e 213 kilometr\u016f se \u0161estn\u00e1cti \u0161otolinov\u00fdmi \u00faseky prolet\u011bl pr\u016fm\u011brnou rychlost\u00ed 40,705 kilometr\u016f v hodin\u011b. Stejn\u011b jako v letech 2022 a 2024 vybojoval prvenstv\u00ed po s\u00f3lov\u00e9m \u00faniku. Tentokr\u00e1t nejkrat\u0161\u00edm. P\u0159ed t\u0159emi lety jel pro v\u00edt\u011bzstv\u00ed osamocen\u011b 49,2 kilometr\u016f, minul\u00fd rok byl na \u010dele Tadej Poga\u010dar s\u00e1m 81 kilometr\u016f a letos &#8222;jen&#8220; 18,6 kilometr\u016f.<\/p>\n<div class=\"mceTemp\">\n<figure id=\"attachment_28494\" aria-describedby=\"caption-attachment-28494\" style=\"width: 1800px\" class=\"wp-caption alignnone\"><a href=\"https:\/\/d2p6e6u75xmxt8.cloudfront.net\/13\/2025\/03\/profimedia-0973752672.webp\"><img loading=\"lazy\" decoding=\"async\" class=\"size-full wp-image-28494\" src=\"https:\/\/d2p6e6u75xmxt8.cloudfront.net\/13\/2025\/03\/profimedia-0973752672.webp\" alt=\"\" width=\"1800\" height=\"1200\" srcset=\"https:\/\/d2p6e6u75xmxt8.cloudfront.net\/13\/2025\/03\/profimedia-0973752672.webp 1800w, https:\/\/d2p6e6u75xmxt8.cloudfront.net\/13\/2025\/03\/profimedia-0973752672-300x200.webp 300w, https:\/\/d2p6e6u75xmxt8.cloudfront.net\/13\/2025\/03\/profimedia-0973752672-1024x683.webp 1024w, https:\/\/d2p6e6u75xmxt8.cloudfront.net\/13\/2025\/03\/profimedia-0973752672-768x512.webp 768w, https:\/\/d2p6e6u75xmxt8.cloudfront.net\/13\/2025\/03\/profimedia-0973752672-1536x1024.webp 1536w, https:\/\/d2p6e6u75xmxt8.cloudfront.net\/13\/2025\/03\/profimedia-0973752672-400x267.webp 400w, https:\/\/d2p6e6u75xmxt8.cloudfront.net\/13\/2025\/03\/profimedia-0973752672-272x182.webp 272w\" sizes=\"auto, (max-width: 1800px) 100vw, 1800px\" \/><\/a><figcaption id=\"caption-attachment-28494\" class=\"wp-caption-text\"><em>Tadej Poga\u010dar slav\u00ed triumf na Strade Bianche 2025.<\/em><\/figcaption><\/figure>\n<p>&#8222;Jsem \u0161\u0165astn\u00fd, proto\u017ee Strade Bianche je m\u00fdm obl\u00edben\u00fdm z\u00e1vodem. Ale jak odezn\u011bl adrenalin, v\u0161echno m\u011b bol\u00ed,&#8220; p\u0159iznal Tadej Poga\u010dar, kter\u00fd napodobil Fabiana Cancellaru a v p\u0159\u00ed\u0161t\u00edm ro\u010dn\u00edku jeden ze \u0161otolinov\u00fdch \u00fasek\u016f, tak typick\u00fdch pro tosk\u00e1nskou bitvu, ponese Slovincovo jm\u00e9no. Jde o privilegium trojn\u00e1sobn\u00fdch \u0161ampion\u016f.<\/p>\n<div class=\"shortcode-ys-post-pinup\"><article class=\"loop-simple post-28416 post type-post status-publish format-standard has-post-thumbnail hentry category-silnicni-cyklistika tag-cyklistika tag-nasledky-padu tag-otres-mozku tag-petr-kelemen tag-silnicni-cyklistika tag-tudor-pro-cycling tag-zraneni tag-zraneni-po-padu global-categories-cycling\" data-postid=\"28416\" role=\"article\" data-post-id=\"28416\" data-word-count=\"996\" data-headline-length=\"92\" data-category=\"Silni\u010dn\u00ed cyklistika\" data-global-category=\"Cycling\" data-author=\"Radek Malina\" data-published=\"2025-02-27T05:00:19+02:00\" data-published-day=\"Thursday\">\n    <div class=\"entry-thumbnail article-thumbnail\" content=\"https:\/\/d2p6e6u75xmxt8.cloudfront.net\/13\/2025\/02\/profimedia-0890638167-150x150.webp\"><a href=\"https:\/\/www.welovecycling.com\/cs\/2025\/02\/27\/dva-mesice-jsem-skoro-nic-nevidel-petr-kelemen-o-nasledcich-padu-a-tezkem-navratu\/\" class=\"image-holder\" target=\"_self\"><img decoding=\"async\" loading=\"lazy\" class=\"\" src=\"https:\/\/d2p6e6u75xmxt8.cloudfront.net\/13\/2025\/02\/profimedia-0890638167-1024x682.webp\" srcset=\"https:\/\/d2p6e6u75xmxt8.cloudfront.net\/13\/2025\/02\/profimedia-0890638167.webp 1800w, https:\/\/d2p6e6u75xmxt8.cloudfront.net\/13\/2025\/02\/profimedia-0890638167-300x200.webp 300w, https:\/\/d2p6e6u75xmxt8.cloudfront.net\/13\/2025\/02\/profimedia-0890638167-1024x682.webp 1024w, https:\/\/d2p6e6u75xmxt8.cloudfront.net\/13\/2025\/02\/profimedia-0890638167-768x511.webp 768w, https:\/\/d2p6e6u75xmxt8.cloudfront.net\/13\/2025\/02\/profimedia-0890638167-1536x1022.webp 1536w, https:\/\/d2p6e6u75xmxt8.cloudfront.net\/13\/2025\/02\/profimedia-0890638167-400x266.webp 400w, https:\/\/d2p6e6u75xmxt8.cloudfront.net\/13\/2025\/02\/profimedia-0890638167-272x182.webp 272w\" width=\"1024\" height=\"682\" sizes=\"auto, (min-width: 1200px) 300px, (min-width: 768px) 25vw, 100vw\" alt=\"dva-mesice-jsem-skoro-nic-nevidel-petr-kelemen-o-nasledcich-padu-a-tezkem-navratu\"\/><\/a><\/div>    <div class=\"entry-meta\">\n        <a class=\"label label-secondary post-category\" href=\"https:\/\/www.welovecycling.com\/cs\/category\/silnicni-cyklistika\/\" title=\"Silni\u010dn\u00ed cyklistika\">Silni\u010dn\u00ed cyklistika<\/a>\n    <\/div>\n    <div class=\"entry-details\">\n        <a href=\"https:\/\/www.welovecycling.com\/cs\/2025\/02\/27\/dva-mesice-jsem-skoro-nic-nevidel-petr-kelemen-o-nasledcich-padu-a-tezkem-navratu\/\" class='entry-title-wrapper'>\n            <h3 class=\"entry-title\"><span>Dva m\u011bs\u00edce jsem skoro nic nevid\u011bl! Petr Kelemen o n\u00e1sledc\u00edch p\u00e1du a t\u011b\u017ek\u00e9m n\u00e1vratu<\/span><\/h3>\n        <\/a>\n    <\/div>\n    <\/article>\n<\/div>\n<p>\u00dasp\u011bch formace UAE Emiratex XRG pe\u010detil Tim Wellens, kter\u00fd dojel t\u0159et\u00ed s m\u00edrn\u00fdm odstupem za st\u0159\u00edbrn\u00fdm Tomem Pidcockem. \u010cesk\u00fd z\u00e1stupce Mathias Vacek z Lidl-Trek skon\u010dil po p\u00e1du v nemocnici a l\u00e9ka\u0159i mu museli se\u0161\u00edt koleno.<\/p>\n<\/div>\n","protected":false},"excerpt":{"rendered":"<p>Nezapomenuteln\u00e1 bitva! Tadej Poga\u010dar, cyklista ozna\u010dov\u00e1n jako mimozem\u0161\u0165an pelotonu, chyboval. A p\u0159esto pot\u0159et\u00ed v kari\u00e9\u0159e ovl\u00e1dl Strade Bianche. V\u00edt\u011bzn\u00fd hattrick [&hellip;]<\/p>\n","protected":false},"author":138,"featured_media":28497,"comment_status":"open","ping_status":"open","sticky":false,"template":"","format":"standard","meta":{"footnotes":""},"categories":[10],"tags":[126,1364,305,2263,2773,9,1057,502,2871,113],"global-categories":[411],"class_list":["post-28493","post","type-post","status-publish","format-standard","has-post-thumbnail","hentry","category-silnicni-cyklistika","tag-cyklistika","tag-fabian-cancellara","tag-mathias-vacek","tag-nehoda","tag-pad","tag-silnicni-cyklistika","tag-strade-bianche","tag-tadej-pogacar","tag-toskansko","tag-zraneni","global-categories-cycling"],"yoast_head":"<!-- This site is optimized with the Yoast SEO Premium plugin v25.3 (Yoast SEO v25.9) - https:\/\/yoast.com\/wordpress\/plugins\/seo\/ -->\n<title>Tadej Poga\u010dar, a\u010d zkrvaven\u00fd, epick\u00fdm v\u00fdkonem napsal historii | \u0160koda We Love Cycling - \u010cesk\u00e1 republika<\/title>\n<meta name=\"description\" content=\"Nezapomenuteln\u00e1 bitva! Tadej Poga\u010dar, cyklista ozna\u010dov\u00e1n jako mimozem\u0161\u0165an pelotonu, chyboval. A p\u0159esto pot\u0159et\u00ed v kari\u00e9\u0159e ovl\u00e1dl Strade Bianche. V\u00edt\u011bzn\u00fd hattrick p\u0159i\u0161el stejn\u011b jako v p\u0159\u00edpad\u011b p\u0159ede\u0161l\u00fdch dvou triumf\u016f po dal\u0161\u00edm \u00fachvatn\u00e9m s\u00f3lu. Ale z\u00e1vod rozhodn\u011b nenudil. \u0160lo o v\u00fdjime\u010dn\u00e9 p\u0159edstaven\u00ed. Borec z UAE Emirates XRG slavil triumf po d\u011bsiv\u00e9m p\u00e1du, jeho\u017e n\u00e1sledkem cr\u010dela krev ze Slovincova t\u011bla na n\u011bkolika m\u00edstech. I tak byl nep\u0159emo\u017eiteln\u00fd!\" \/>\n<meta name=\"robots\" content=\"index, follow, max-snippet:-1, max-image-preview:large, max-video-preview:-1\" \/>\n<link rel=\"canonical\" href=\"https:\/\/www.welovecycling.com\/cs\/2025\/03\/08\/zkrvaveny-demon-tadej-pogacar-epickym-vykonem-napsal-historii\/\" \/>\n<meta property=\"og:locale\" content=\"cs_CZ\" \/>\n<meta property=\"og:type\" content=\"article\" \/>\n<meta property=\"og:title\" content=\"Tadej Poga\u010dar, a\u010d zkrvaven\u00fd, epick\u00fdm v\u00fdkonem napsal historii\" \/>\n<meta property=\"og:description\" content=\"Nezapomenuteln\u00e1 bitva! Tadej Poga\u010dar, cyklista ozna\u010dov\u00e1n jako mimozem\u0161\u0165an pelotonu, chyboval. A p\u0159esto pot\u0159et\u00ed v kari\u00e9\u0159e ovl\u00e1dl Strade Bianche. V\u00edt\u011bzn\u00fd hattrick p\u0159i\u0161el stejn\u011b jako v p\u0159\u00edpad\u011b p\u0159ede\u0161l\u00fdch dvou triumf\u016f po dal\u0161\u00edm \u00fachvatn\u00e9m s\u00f3lu. Ale z\u00e1vod rozhodn\u011b nenudil. \u0160lo o v\u00fdjime\u010dn\u00e9 p\u0159edstaven\u00ed. Borec z UAE Emirates XRG slavil triumf po d\u011bsiv\u00e9m p\u00e1du, jeho\u017e n\u00e1sledkem cr\u010dela krev ze Slovincova t\u011bla na n\u011bkolika m\u00edstech. I tak byl nep\u0159emo\u017eiteln\u00fd!\" \/>\n<meta property=\"og:url\" content=\"https:\/\/www.welovecycling.com\/cs\/2025\/03\/08\/zkrvaveny-demon-tadej-pogacar-epickym-vykonem-napsal-historii\/\" \/>\n<meta property=\"og:site_name\" content=\"\u0160koda We Love Cycling - \u010cesk\u00e1 republika\" \/>\n<meta property=\"article:published_time\" content=\"2025-03-08T21:48:46+00:00\" \/>\n<meta property=\"article:modified_time\" content=\"2025-03-09T06:56:01+00:00\" \/>\n<meta property=\"og:image\" content=\"https:\/\/d2p6e6u75xmxt8.cloudfront.net\/13\/2025\/03\/profimedia-0973823179.webp\" \/>\n\t<meta property=\"og:image:width\" content=\"1800\" \/>\n\t<meta property=\"og:image:height\" content=\"1199\" \/>\n\t<meta property=\"og:image:type\" content=\"image\/webp\" \/>\n<meta name=\"author\" content=\"radekmalina\" \/>\n<meta name=\"twitter:card\" content=\"summary_large_image\" \/>\n<meta name=\"twitter:label1\" content=\"Written by\" \/>\n\t<meta name=\"twitter:data1\" content=\"Radek Malina\" \/>\n\t<meta name=\"twitter:label2\" content=\"Est. reading time\" \/>\n\t<meta name=\"twitter:data2\" content=\"6\" \/>\n<script type=\"application\/ld+json\" class=\"yoast-schema-graph\">{\"@context\":\"https:\/\/schema.org\",\"@graph\":[{\"@type\":\"WebPage\",\"@id\":\"https:\/\/www.welovecycling.com\/cs\/2025\/03\/08\/zkrvaveny-demon-tadej-pogacar-epickym-vykonem-napsal-historii\/\",\"url\":\"https:\/\/www.welovecycling.com\/cs\/2025\/03\/08\/zkrvaveny-demon-tadej-pogacar-epickym-vykonem-napsal-historii\/\",\"name\":\"Tadej Poga\u010dar, a\u010d zkrvaven\u00fd, epick\u00fdm v\u00fdkonem napsal historii | \u0160koda We Love Cycling - \u010cesk\u00e1 republika\",\"isPartOf\":{\"@id\":\"https:\/\/www.welovecycling.com\/cs\/#website\"},\"primaryImageOfPage\":{\"@id\":\"https:\/\/www.welovecycling.com\/cs\/2025\/03\/08\/zkrvaveny-demon-tadej-pogacar-epickym-vykonem-napsal-historii\/#primaryimage\"},\"image\":{\"@id\":\"https:\/\/www.welovecycling.com\/cs\/2025\/03\/08\/zkrvaveny-demon-tadej-pogacar-epickym-vykonem-napsal-historii\/#primaryimage\"},\"thumbnailUrl\":\"https:\/\/d2p6e6u75xmxt8.cloudfront.net\/13\/2025\/03\/profimedia-0973823179.webp\",\"datePublished\":\"2025-03-08T21:48:46+00:00\",\"dateModified\":\"2025-03-09T06:56:01+00:00\",\"author\":{\"@id\":\"https:\/\/www.welovecycling.com\/cs\/#\/schema\/person\/d9eeb0a378f3a7e4a6d12d2b536b04b8\"},\"description\":\"Nezapomenuteln\u00e1 bitva! Tadej Poga\u010dar, cyklista ozna\u010dov\u00e1n jako mimozem\u0161\u0165an pelotonu, chyboval. A p\u0159esto pot\u0159et\u00ed v kari\u00e9\u0159e ovl\u00e1dl Strade Bianche. V\u00edt\u011bzn\u00fd hattrick p\u0159i\u0161el stejn\u011b jako v p\u0159\u00edpad\u011b p\u0159ede\u0161l\u00fdch dvou triumf\u016f po dal\u0161\u00edm \u00fachvatn\u00e9m s\u00f3lu. Ale z\u00e1vod rozhodn\u011b nenudil. \u0160lo o v\u00fdjime\u010dn\u00e9 p\u0159edstaven\u00ed. Borec z UAE Emirates XRG slavil triumf po d\u011bsiv\u00e9m p\u00e1du, jeho\u017e n\u00e1sledkem cr\u010dela krev ze Slovincova t\u011bla na n\u011bkolika m\u00edstech. I tak byl nep\u0159emo\u017eiteln\u00fd!\",\"inLanguage\":\"cs\",\"potentialAction\":[{\"@type\":\"ReadAction\",\"target\":[\"https:\/\/www.welovecycling.com\/cs\/2025\/03\/08\/zkrvaveny-demon-tadej-pogacar-epickym-vykonem-napsal-historii\/\"]}]},{\"@type\":\"ImageObject\",\"inLanguage\":\"cs\",\"@id\":\"https:\/\/www.welovecycling.com\/cs\/2025\/03\/08\/zkrvaveny-demon-tadej-pogacar-epickym-vykonem-napsal-historii\/#primaryimage\",\"url\":\"https:\/\/d2p6e6u75xmxt8.cloudfront.net\/13\/2025\/03\/profimedia-0973823179.webp\",\"contentUrl\":\"https:\/\/d2p6e6u75xmxt8.cloudfront.net\/13\/2025\/03\/profimedia-0973823179.webp\",\"width\":1800,\"height\":1199,\"caption\":\"Tadej Poga\u010dar v p\u0159\u00edkopu po karambolu p\u0159i Strade Bianche 2025.\"},{\"@type\":\"WebSite\",\"@id\":\"https:\/\/www.welovecycling.com\/cs\/#website\",\"url\":\"https:\/\/www.welovecycling.com\/cs\/\",\"name\":\"\u0160koda We Love Cycling - \u010cesk\u00e1 republika\",\"description\":\"WeLoveCycling.cz je online magaz\u00edn, kter\u00fd v\u00e1m pravideln\u011b p\u0159in\u00e1\u0161\u00ed rady a tipy, zaj\u00edmav\u00e9 \u010dl\u00e1nky, videa a jedine\u010dn\u00e9 report\u00e1\u017ee ze sv\u011bta cyklistiky.\",\"potentialAction\":[{\"@type\":\"SearchAction\",\"target\":{\"@type\":\"EntryPoint\",\"urlTemplate\":\"https:\/\/www.welovecycling.com\/cs\/?s={search_term_string}\"},\"query-input\":{\"@type\":\"PropertyValueSpecification\",\"valueRequired\":true,\"valueName\":\"search_term_string\"}}],\"inLanguage\":\"cs\"},{\"@type\":\"Person\",\"@id\":\"https:\/\/www.welovecycling.com\/cs\/#\/schema\/person\/d9eeb0a378f3a7e4a6d12d2b536b04b8\",\"name\":\"radekmalina\",\"image\":{\"@type\":\"ImageObject\",\"inLanguage\":\"cs\",\"@id\":\"https:\/\/www.welovecycling.com\/cs\/#\/schema\/person\/image\/\",\"url\":\"https:\/\/secure.gravatar.com\/avatar\/66994b632cb8c39a46b9f54afa3ae07201b678d32a54275b6f1c9ffec356bfc0?s=96&d=mm&r=g\",\"contentUrl\":\"https:\/\/secure.gravatar.com\/avatar\/66994b632cb8c39a46b9f54afa3ae07201b678d32a54275b6f1c9ffec356bfc0?s=96&d=mm&r=g\",\"caption\":\"radekmalina\"},\"url\":\"https:\/\/www.welovecycling.com\/cs\/author\/radekmalina\/\"}]}<\/script>\n<!-- \/ Yoast SEO Premium plugin. -->","yoast_head_json":{"title":"Tadej Poga\u010dar, a\u010d zkrvaven\u00fd, epick\u00fdm v\u00fdkonem napsal historii | \u0160koda We Love Cycling - \u010cesk\u00e1 republika","description":"Nezapomenuteln\u00e1 bitva! Tadej Poga\u010dar, cyklista ozna\u010dov\u00e1n jako mimozem\u0161\u0165an pelotonu, chyboval. A p\u0159esto pot\u0159et\u00ed v kari\u00e9\u0159e ovl\u00e1dl Strade Bianche. V\u00edt\u011bzn\u00fd hattrick p\u0159i\u0161el stejn\u011b jako v p\u0159\u00edpad\u011b p\u0159ede\u0161l\u00fdch dvou triumf\u016f po dal\u0161\u00edm \u00fachvatn\u00e9m s\u00f3lu. Ale z\u00e1vod rozhodn\u011b nenudil. \u0160lo o v\u00fdjime\u010dn\u00e9 p\u0159edstaven\u00ed. Borec z UAE Emirates XRG slavil triumf po d\u011bsiv\u00e9m p\u00e1du, jeho\u017e n\u00e1sledkem cr\u010dela krev ze Slovincova t\u011bla na n\u011bkolika m\u00edstech. I tak byl nep\u0159emo\u017eiteln\u00fd!","robots":{"index":"index","follow":"follow","max-snippet":"max-snippet:-1","max-image-preview":"max-image-preview:large","max-video-preview":"max-video-preview:-1"},"canonical":"https:\/\/www.welovecycling.com\/cs\/2025\/03\/08\/zkrvaveny-demon-tadej-pogacar-epickym-vykonem-napsal-historii\/","og_locale":"cs_CZ","og_type":"article","og_title":"Tadej Poga\u010dar, a\u010d zkrvaven\u00fd, epick\u00fdm v\u00fdkonem napsal historii","og_description":"Nezapomenuteln\u00e1 bitva! Tadej Poga\u010dar, cyklista ozna\u010dov\u00e1n jako mimozem\u0161\u0165an pelotonu, chyboval. A p\u0159esto pot\u0159et\u00ed v kari\u00e9\u0159e ovl\u00e1dl Strade Bianche. V\u00edt\u011bzn\u00fd hattrick p\u0159i\u0161el stejn\u011b jako v p\u0159\u00edpad\u011b p\u0159ede\u0161l\u00fdch dvou triumf\u016f po dal\u0161\u00edm \u00fachvatn\u00e9m s\u00f3lu. Ale z\u00e1vod rozhodn\u011b nenudil. \u0160lo o v\u00fdjime\u010dn\u00e9 p\u0159edstaven\u00ed. Borec z UAE Emirates XRG slavil triumf po d\u011bsiv\u00e9m p\u00e1du, jeho\u017e n\u00e1sledkem cr\u010dela krev ze Slovincova t\u011bla na n\u011bkolika m\u00edstech. I tak byl nep\u0159emo\u017eiteln\u00fd!","og_url":"https:\/\/www.welovecycling.com\/cs\/2025\/03\/08\/zkrvaveny-demon-tadej-pogacar-epickym-vykonem-napsal-historii\/","og_site_name":"\u0160koda We Love Cycling - \u010cesk\u00e1 republika","article_published_time":"2025-03-08T21:48:46+00:00","article_modified_time":"2025-03-09T06:56:01+00:00","og_image":[{"width":1800,"height":1199,"url":"https:\/\/d2p6e6u75xmxt8.cloudfront.net\/13\/2025\/03\/profimedia-0973823179.webp","type":"image\/webp"}],"author":"radekmalina","twitter_card":"summary_large_image","twitter_misc":{"Written by":"Radek Malina","Est. reading time":"6"},"schema":{"@context":"https:\/\/schema.org","@graph":[{"@type":"WebPage","@id":"https:\/\/www.welovecycling.com\/cs\/2025\/03\/08\/zkrvaveny-demon-tadej-pogacar-epickym-vykonem-napsal-historii\/","url":"https:\/\/www.welovecycling.com\/cs\/2025\/03\/08\/zkrvaveny-demon-tadej-pogacar-epickym-vykonem-napsal-historii\/","name":"Tadej Poga\u010dar, a\u010d zkrvaven\u00fd, epick\u00fdm v\u00fdkonem napsal historii | \u0160koda We Love Cycling - \u010cesk\u00e1 republika","isPartOf":{"@id":"https:\/\/www.welovecycling.com\/cs\/#website"},"primaryImageOfPage":{"@id":"https:\/\/www.welovecycling.com\/cs\/2025\/03\/08\/zkrvaveny-demon-tadej-pogacar-epickym-vykonem-napsal-historii\/#primaryimage"},"image":{"@id":"https:\/\/www.welovecycling.com\/cs\/2025\/03\/08\/zkrvaveny-demon-tadej-pogacar-epickym-vykonem-napsal-historii\/#primaryimage"},"thumbnailUrl":"https:\/\/d2p6e6u75xmxt8.cloudfront.net\/13\/2025\/03\/profimedia-0973823179.webp","datePublished":"2025-03-08T21:48:46+00:00","dateModified":"2025-03-09T06:56:01+00:00","author":{"@id":"https:\/\/www.welovecycling.com\/cs\/#\/schema\/person\/d9eeb0a378f3a7e4a6d12d2b536b04b8"},"description":"Nezapomenuteln\u00e1 bitva! Tadej Poga\u010dar, cyklista ozna\u010dov\u00e1n jako mimozem\u0161\u0165an pelotonu, chyboval. A p\u0159esto pot\u0159et\u00ed v kari\u00e9\u0159e ovl\u00e1dl Strade Bianche. V\u00edt\u011bzn\u00fd hattrick p\u0159i\u0161el stejn\u011b jako v p\u0159\u00edpad\u011b p\u0159ede\u0161l\u00fdch dvou triumf\u016f po dal\u0161\u00edm \u00fachvatn\u00e9m s\u00f3lu. Ale z\u00e1vod rozhodn\u011b nenudil. \u0160lo o v\u00fdjime\u010dn\u00e9 p\u0159edstaven\u00ed. Borec z UAE Emirates XRG slavil triumf po d\u011bsiv\u00e9m p\u00e1du, jeho\u017e n\u00e1sledkem cr\u010dela krev ze Slovincova t\u011bla na n\u011bkolika m\u00edstech. I tak byl nep\u0159emo\u017eiteln\u00fd!","inLanguage":"cs","potentialAction":[{"@type":"ReadAction","target":["https:\/\/www.welovecycling.com\/cs\/2025\/03\/08\/zkrvaveny-demon-tadej-pogacar-epickym-vykonem-napsal-historii\/"]}]},{"@type":"ImageObject","inLanguage":"cs","@id":"https:\/\/www.welovecycling.com\/cs\/2025\/03\/08\/zkrvaveny-demon-tadej-pogacar-epickym-vykonem-napsal-historii\/#primaryimage","url":"https:\/\/d2p6e6u75xmxt8.cloudfront.net\/13\/2025\/03\/profimedia-0973823179.webp","contentUrl":"https:\/\/d2p6e6u75xmxt8.cloudfront.net\/13\/2025\/03\/profimedia-0973823179.webp","width":1800,"height":1199,"caption":"Tadej Poga\u010dar v p\u0159\u00edkopu po karambolu p\u0159i Strade Bianche 2025."},{"@type":"WebSite","@id":"https:\/\/www.welovecycling.com\/cs\/#website","url":"https:\/\/www.welovecycling.com\/cs\/","name":"\u0160koda We Love Cycling - \u010cesk\u00e1 republika","description":"WeLoveCycling.cz je online magaz\u00edn, kter\u00fd v\u00e1m pravideln\u011b p\u0159in\u00e1\u0161\u00ed rady a tipy, zaj\u00edmav\u00e9 \u010dl\u00e1nky, videa a jedine\u010dn\u00e9 report\u00e1\u017ee ze sv\u011bta cyklistiky.","potentialAction":[{"@type":"SearchAction","target":{"@type":"EntryPoint","urlTemplate":"https:\/\/www.welovecycling.com\/cs\/?s={search_term_string}"},"query-input":{"@type":"PropertyValueSpecification","valueRequired":true,"valueName":"search_term_string"}}],"inLanguage":"cs"},{"@type":"Person","@id":"https:\/\/www.welovecycling.com\/cs\/#\/schema\/person\/d9eeb0a378f3a7e4a6d12d2b536b04b8","name":"radekmalina","image":{"@type":"ImageObject","inLanguage":"cs","@id":"https:\/\/www.welovecycling.com\/cs\/#\/schema\/person\/image\/","url":"https:\/\/secure.gravatar.com\/avatar\/66994b632cb8c39a46b9f54afa3ae07201b678d32a54275b6f1c9ffec356bfc0?s=96&d=mm&r=g","contentUrl":"https:\/\/secure.gravatar.com\/avatar\/66994b632cb8c39a46b9f54afa3ae07201b678d32a54275b6f1c9ffec356bfc0?s=96&d=mm&r=g","caption":"radekmalina"},"url":"https:\/\/www.welovecycling.com\/cs\/author\/radekmalina\/"}]}},"_links":{"self":[{"href":"https:\/\/www.welovecycling.com\/cs\/wp-json\/wp\/v2\/posts\/28493","targetHints":{"allow":["GET"]}}],"collection":[{"href":"https:\/\/www.welovecycling.com\/cs\/wp-json\/wp\/v2\/posts"}],"about":[{"href":"https:\/\/www.welovecycling.com\/cs\/wp-json\/wp\/v2\/types\/post"}],"author":[{"embeddable":true,"href":"https:\/\/www.welovecycling.com\/cs\/wp-json\/wp\/v2\/users\/138"}],"replies":[{"embeddable":true,"href":"https:\/\/www.welovecycling.com\/cs\/wp-json\/wp\/v2\/comments?post=28493"}],"version-history":[{"count":5,"href":"https:\/\/www.welovecycling.com\/cs\/wp-json\/wp\/v2\/posts\/28493\/revisions"}],"predecessor-version":[{"id":28499,"href":"https:\/\/www.welovecycling.com\/cs\/wp-json\/wp\/v2\/posts\/28493\/revisions\/28499"}],"wp:featuredmedia":[{"embeddable":true,"href":"https:\/\/www.welovecycling.com\/cs\/wp-json\/wp\/v2\/media\/28497"}],"wp:attachment":[{"href":"https:\/\/www.welovecycling.com\/cs\/wp-json\/wp\/v2\/media?parent=28493"}],"wp:term":[{"taxonomy":"category","embeddable":true,"href":"https:\/\/www.welovecycling.com\/cs\/wp-json\/wp\/v2\/categories?post=28493"},{"taxonomy":"post_tag","embeddable":true,"href":"https:\/\/www.welovecycling.com\/cs\/wp-json\/wp\/v2\/tags?post=28493"},{"taxonomy":"global-categories","embeddable":true,"href":"https:\/\/www.welovecycling.com\/cs\/wp-json\/wp\/v2\/global-categories?post=28493"}],"curies":[{"name":"wp","href":"https:\/\/api.w.org\/{rel}","templated":true}]}}