{"id":28464,"date":"2025-03-02T20:28:51","date_gmt":"2025-03-02T18:28:51","guid":{"rendered":"https:\/\/www.welovecycling.com\/cs\/?p=28464"},"modified":"2025-03-02T20:33:02","modified_gmt":"2025-03-02T18:33:02","slug":"jasper-philipsen-utnul-bidu-a-je-kralem-uvodniho-vikendu-klasik","status":"publish","type":"post","link":"https:\/\/www.welovecycling.com\/cs\/2025\/03\/02\/jasper-philipsen-utnul-bidu-a-je-kralem-uvodniho-vikendu-klasik\/","title":{"rendered":"Jasper Philipsen utnul b\u00eddu a je kr\u00e1lem \u00favodn\u00edho v\u00edkendu klasik"},"content":{"rendered":"<p><strong>Grandi\u00f3zn\u00ed oslava narozenin! Belgick\u00fd sprinter Jasper Philipsen ovl\u00e1dl druhou jarn\u00ed klasiku Kuurne-Brusel-Kuurne v den sv\u00fdch sedmadvac\u00e1t\u00fdch narozenin. O den d\u0159\u00edve, v c\u00edli Omloop Nieuwsblad, byl p\u0159itom na rozpac\u00edch. Pochyboval o vlastn\u00ed v\u00fdkonnosti.<\/strong><\/p>\n<p>Nikdy v minulosti se mu zahajovac\u00ed klasik\u00e1\u0159sk\u00fd v\u00edkend nevyda\u0159il. Nejl\u00e9pe byl t\u0159iat\u0159ic\u00e1t\u00fd v roce 2023 na Omloop Nieuwsblad, p\u0159i Kuurne p\u0159edstavovala maximum sprintera Alpecin Deceuninck \u010dty\u0159iadvac\u00e1t\u00e9 p\u0159\u00ed\u010dka z roku 2019. Oba z\u00e1vody jel p\u0159itom v minulosti celkem p\u011btkr\u00e1t.<\/p>\n<h2><strong>Jednou druh\u00fd, dvakr\u00e1t t\u0159et\u00ed, jednou penalizovan\u00fd<\/strong><\/h2>\n<p>Letos dostal pro Opening Weekend k dispozici skv\u011bl\u00fd t\u00fdm. A tak doufal, \u017ee hned p\u0159i prvn\u00ed klasice jara utne \u010dek\u00e1n\u00ed na v\u00edt\u011bzstv\u00ed. Majitel zelen\u00e9ho dresu pro v\u00edt\u011bze bodovac\u00ed sout\u011b\u017ee na Tour de France 2023 vstoupil do sezony u\u017e p\u0159i UAE Tour. Jen\u017ee po \u00favodn\u00ed etap\u011b a prvn\u00edm hromadn\u00e9m sprintu sezony byl za nepovolen\u00fd man\u00e9vr penalizov\u00e1n odsunut\u00edm z druh\u00e9ho m\u00edsta (prohr\u00e1l s Jonathanem Milanem) na dvaapades\u00e1t\u00e9. P\u0159i \u010dtvrt\u00e9 etap\u011b prolet\u011bl c\u00edlem t\u0159et\u00ed, v \u0161est\u00e9 etap\u011b byl druh\u00fd.<\/p>\n<div class=\"shortcode-ys-post-pinup\"><article class=\"loop-simple post-28416 post type-post status-publish format-standard has-post-thumbnail hentry category-silnicni-cyklistika tag-cyklistika tag-nasledky-padu tag-otres-mozku tag-petr-kelemen tag-silnicni-cyklistika tag-tudor-pro-cycling tag-zraneni tag-zraneni-po-padu global-categories-cycling\" data-postid=\"28416\" role=\"article\" data-post-id=\"28416\" data-word-count=\"996\" data-headline-length=\"92\" data-category=\"Silni\u010dn\u00ed cyklistika\" data-global-category=\"Cycling\" data-author=\"Radek Malina\" data-published=\"2025-02-27T05:00:19+02:00\" data-published-day=\"Thursday\">\n    <div class=\"entry-thumbnail article-thumbnail\" content=\"https:\/\/d2p6e6u75xmxt8.cloudfront.net\/13\/2025\/02\/profimedia-0890638167-150x150.webp\"><a href=\"https:\/\/www.welovecycling.com\/cs\/2025\/02\/27\/dva-mesice-jsem-skoro-nic-nevidel-petr-kelemen-o-nasledcich-padu-a-tezkem-navratu\/\" class=\"image-holder\" target=\"_self\"><img decoding=\"async\" loading=\"lazy\" class=\"\" src=\"https:\/\/d2p6e6u75xmxt8.cloudfront.net\/13\/2025\/02\/profimedia-0890638167-1024x682.webp\" srcset=\"https:\/\/d2p6e6u75xmxt8.cloudfront.net\/13\/2025\/02\/profimedia-0890638167.webp 1800w, https:\/\/d2p6e6u75xmxt8.cloudfront.net\/13\/2025\/02\/profimedia-0890638167-300x200.webp 300w, https:\/\/d2p6e6u75xmxt8.cloudfront.net\/13\/2025\/02\/profimedia-0890638167-1024x682.webp 1024w, https:\/\/d2p6e6u75xmxt8.cloudfront.net\/13\/2025\/02\/profimedia-0890638167-768x511.webp 768w, https:\/\/d2p6e6u75xmxt8.cloudfront.net\/13\/2025\/02\/profimedia-0890638167-1536x1022.webp 1536w, https:\/\/d2p6e6u75xmxt8.cloudfront.net\/13\/2025\/02\/profimedia-0890638167-400x266.webp 400w, https:\/\/d2p6e6u75xmxt8.cloudfront.net\/13\/2025\/02\/profimedia-0890638167-272x182.webp 272w\" width=\"1024\" height=\"682\" sizes=\"auto, (min-width: 1200px) 300px, (min-width: 768px) 25vw, 100vw\" alt=\"dva-mesice-jsem-skoro-nic-nevidel-petr-kelemen-o-nasledcich-padu-a-tezkem-navratu\"\/><\/a><\/div>    <div class=\"entry-meta\">\n        <a class=\"label label-secondary post-category\" href=\"https:\/\/www.welovecycling.com\/cs\/category\/silnicni-cyklistika\/\" title=\"Silni\u010dn\u00ed cyklistika\">Silni\u010dn\u00ed cyklistika<\/a>\n    <\/div>\n    <div class=\"entry-details\">\n        <a href=\"https:\/\/www.welovecycling.com\/cs\/2025\/02\/27\/dva-mesice-jsem-skoro-nic-nevidel-petr-kelemen-o-nasledcich-padu-a-tezkem-navratu\/\" class='entry-title-wrapper'>\n            <h3 class=\"entry-title\"><span>Dva m\u011bs\u00edce jsem skoro nic nevid\u011bl! Petr Kelemen o n\u00e1sledc\u00edch p\u00e1du a t\u011b\u017ek\u00e9m n\u00e1vratu<\/span><\/h3>\n        <\/a>\n    <\/div>\n    <\/article>\n<\/div>\n<p>Po p\u011bti dnech odpo\u010dinku cht\u011bl kone\u010dn\u011b vyst\u0159elit ruce k nebes\u016fm na znamen\u00ed v\u00edt\u011bzstv\u00ed. Ve stoup\u00e1n\u00edch udivoval silnou. U\u017e po bloku zimn\u00edch soust\u0159ed\u011bn\u00edch avizoval, \u017ee je siln\u011bj\u0161\u00ed ne\u017e v minulosti. Jen\u017ee p\u0159i hromadn\u00e9m dojezdu skon\u010dil t\u0159et\u00ed za v\u00edt\u011bzn\u00fdm Sorenem Waerenskjoldem a st\u0159\u00edbrn\u00fdm Paulem Magnierem. &#8222;Nebyl jsem dost siln\u00fd,&#8220; p\u0159ipustil Jasper Philipsen pro \u00favodn\u00ed klasice sezony, kterou tradi\u010dn\u011b p\u0159edstavuje Omloop.<\/p>\n<figure id=\"attachment_28465\" aria-describedby=\"caption-attachment-28465\" style=\"width: 1800px\" class=\"wp-caption alignnone\"><a href=\"https:\/\/d2p6e6u75xmxt8.cloudfront.net\/13\/2025\/03\/profimedia-0970649148.webp\"><img loading=\"lazy\" decoding=\"async\" class=\"size-full wp-image-28465\" src=\"https:\/\/d2p6e6u75xmxt8.cloudfront.net\/13\/2025\/03\/profimedia-0970649148.webp\" alt=\"\" width=\"1800\" height=\"1200\" srcset=\"https:\/\/d2p6e6u75xmxt8.cloudfront.net\/13\/2025\/03\/profimedia-0970649148.webp 1800w, https:\/\/d2p6e6u75xmxt8.cloudfront.net\/13\/2025\/03\/profimedia-0970649148-300x200.webp 300w, https:\/\/d2p6e6u75xmxt8.cloudfront.net\/13\/2025\/03\/profimedia-0970649148-1024x683.webp 1024w, https:\/\/d2p6e6u75xmxt8.cloudfront.net\/13\/2025\/03\/profimedia-0970649148-768x512.webp 768w, https:\/\/d2p6e6u75xmxt8.cloudfront.net\/13\/2025\/03\/profimedia-0970649148-1536x1024.webp 1536w, https:\/\/d2p6e6u75xmxt8.cloudfront.net\/13\/2025\/03\/profimedia-0970649148-400x267.webp 400w, https:\/\/d2p6e6u75xmxt8.cloudfront.net\/13\/2025\/03\/profimedia-0970649148-272x182.webp 272w\" sizes=\"auto, (max-width: 1800px) 100vw, 1800px\" \/><\/a><figcaption id=\"caption-attachment-28465\" class=\"wp-caption-text\"><em>Jasper Philipsen p\u0159i Omloopu dojel t\u0159et\u00ed za v\u00edt\u011bzn\u00fdm Sorenem Waerenskjoldem (vlevo) a st\u0159\u00edbrn\u00fdm Paulem Magnierem (vpravo).<\/em><\/figcaption><\/figure>\n<p>&#8222;Sna\u017eil jsem se naj\u00edt zadn\u00ed kolo Wouta van Aerta. Domn\u00edval jsem se, \u017ee bude m\u00edt dobr\u00e9 nohy. Nakonec jsem vstupoval do bitvy o v\u00edt\u011bzstv\u00ed z p\u0159\u00edli\u0161 velk\u00e9 d\u00e1lky,&#8220; posteskl si, kdy\u017e se \u0161okuj\u00edc\u00edm v\u00edt\u011bzem stal z\u00e1vodn\u00edk prokontinent\u00e1ln\u00ed formace Uno-X. &#8222;Mo\u017en\u00e1 jsem trochu zapomn\u011bl, jak vyhr\u00e1t sprint,&#8220; pokr\u010dil rameny Jasper Philipsen a jen slabou \u00fat\u011bchou pro n\u011bj bylo, \u017ee poprv\u00e9 v kari\u00e9\u0159e Omloop dokon\u010dil v elitn\u00ed des\u00edtce. Dokonce na stupn\u00edch v\u00edt\u011bz\u016f. &#8222;P\u0159ed startem bych takov\u00fd v\u00fdsledek bral, ale s ohledem na pr\u016fb\u011bh&#8230;,&#8220; kr\u010dil rameny belgick\u00fd sprinter.<\/p>\n<h2><strong>Jasper Philipsen douf\u00e1 v p\u0159\u00edliv sebev\u011bdom\u00ed<\/strong><\/h2>\n<p>O den pozd\u011bji <a href=\"https:\/\/www.instagram.com\/p\/DGtJgfisg6c\/?hl=cs&amp;img_index=1\">v den sedmadvac\u00e1t\u00fdch narozenin<\/a> se v pr\u016fb\u011bhu z\u00e1vodu nezd\u00e1lo, \u017ee je nejsiln\u011bj\u0161\u00ed z cel\u00e9ho pelotonu. &#8222;Ve stoup\u00e1n\u00edch jsem nem\u011bl nejlep\u0161\u00ed nohy. Ale v\u011bd\u011bl jsem, \u017ee \u0161ance na hromadn\u00fd sprint je vysok\u00e1,&#8220; neskr\u00fdval po dojezdu, \u017ee se sna\u017eil \u0161et\u0159it maximum sil na fini\u0161.<\/p>\n<p>&#8222;V\u0161ech kluk\u016f z t\u00fdmu jsem se ptal, jak se c\u00edt\u00ed. Kdyby m\u011bl Kaden Groves super nohy, mohlo se jet pro n\u011bj. Ale v\u0161ichni byli tro\u0161ku unaven\u00ed,&#8220; vypr\u00e1v\u011bl po spurtu, v n\u011bm\u017e byl naprosto excelentn\u00ed. &#8222;Bez na\u0161eho siln\u00e9ho t\u00fdmu bych vyhr\u00e1t ur\u010dit\u011b nemohl,&#8220; vysekl poklonu par\u0165\u00e1k\u016fm. &#8222;Zejm\u00e9na Jonas Rickaert a Kaden Groves pro m\u011b odvedli obrovsk\u00e9 mno\u017estv\u00ed pr\u00e1ce. P\u0159itom Kaden by s\u00e1m mohl jet na v\u00edt\u011bzstv\u00ed. Je skv\u011bl\u00e9, \u017ee jsme se dok\u00e1zali dostat na stejnou vlnu.&#8220;<\/p>\n<div class=\"shortcode-ys-post-pinup\"><article class=\"loop-simple post-28320 post type-post status-publish format-standard has-post-thumbnail hentry category-silnicni-cyklistika tag-angazma tag-ceska-vlajka tag-cyklistika tag-karel-vacek tag-kontrakt tag-petr-kelemen tag-silnicni-cyklistika tag-smlouva tag-uci-pro-teams tag-world-teams tag-world-tour tag-zdenek-stybar global-categories-cycling\" data-postid=\"28320\" role=\"article\" data-post-id=\"28320\" data-word-count=\"928\" data-headline-length=\"67\" data-category=\"Silni\u010dn\u00ed cyklistika\" data-global-category=\"Cycling\" data-author=\"Radek Malina\" data-published=\"2025-02-19T06:00:27+02:00\" data-published-day=\"Wednesday\">\n    <div class=\"entry-thumbnail article-thumbnail\" content=\"https:\/\/d2p6e6u75xmxt8.cloudfront.net\/13\/2023\/01\/Kelemen-BrychtaJan_MR_MCR_MSR_U23_Ceska_Trebova_20220716_165844_DSC_7466-150x150.webp\"><a href=\"https:\/\/www.welovecycling.com\/cs\/2025\/02\/19\/ivan-drago-a-ti-dalsi-z-vychodu-je-ceska-vlajka-pritezi\/\" class=\"image-holder\" target=\"_self\"><img decoding=\"async\" loading=\"lazy\" class=\"\" src=\"https:\/\/d2p6e6u75xmxt8.cloudfront.net\/13\/2023\/01\/Kelemen-BrychtaJan_MR_MCR_MSR_U23_Ceska_Trebova_20220716_165844_DSC_7466-1024x684.webp\" srcset=\"https:\/\/d2p6e6u75xmxt8.cloudfront.net\/13\/2023\/01\/Kelemen-BrychtaJan_MR_MCR_MSR_U23_Ceska_Trebova_20220716_165844_DSC_7466.webp 2000w, https:\/\/d2p6e6u75xmxt8.cloudfront.net\/13\/2023\/01\/Kelemen-BrychtaJan_MR_MCR_MSR_U23_Ceska_Trebova_20220716_165844_DSC_7466-300x200.webp 300w, https:\/\/d2p6e6u75xmxt8.cloudfront.net\/13\/2023\/01\/Kelemen-BrychtaJan_MR_MCR_MSR_U23_Ceska_Trebova_20220716_165844_DSC_7466-1024x684.webp 1024w, https:\/\/d2p6e6u75xmxt8.cloudfront.net\/13\/2023\/01\/Kelemen-BrychtaJan_MR_MCR_MSR_U23_Ceska_Trebova_20220716_165844_DSC_7466-768x513.webp 768w, https:\/\/d2p6e6u75xmxt8.cloudfront.net\/13\/2023\/01\/Kelemen-BrychtaJan_MR_MCR_MSR_U23_Ceska_Trebova_20220716_165844_DSC_7466-1536x1025.webp 1536w, https:\/\/d2p6e6u75xmxt8.cloudfront.net\/13\/2023\/01\/Kelemen-BrychtaJan_MR_MCR_MSR_U23_Ceska_Trebova_20220716_165844_DSC_7466-1920x1282.webp 1920w, https:\/\/d2p6e6u75xmxt8.cloudfront.net\/13\/2023\/01\/Kelemen-BrychtaJan_MR_MCR_MSR_U23_Ceska_Trebova_20220716_165844_DSC_7466-272x182.webp 272w, https:\/\/d2p6e6u75xmxt8.cloudfront.net\/13\/2023\/01\/Kelemen-BrychtaJan_MR_MCR_MSR_U23_Ceska_Trebova_20220716_165844_DSC_7466-1920x1282.webp 1920w\" width=\"1024\" height=\"684\" sizes=\"auto, (min-width: 1200px) 300px, (min-width: 768px) 25vw, 100vw\" alt=\"ivan-drago-a-ti-dalsi-z-vychodu-je-ceska-vlajka-pritezi\"\/><\/a><\/div>    <div class=\"entry-meta\">\n        <a class=\"label label-secondary post-category\" href=\"https:\/\/www.welovecycling.com\/cs\/category\/silnicni-cyklistika\/\" title=\"Silni\u010dn\u00ed cyklistika\">Silni\u010dn\u00ed cyklistika<\/a>\n    <\/div>\n    <div class=\"entry-details\">\n        <a href=\"https:\/\/www.welovecycling.com\/cs\/2025\/02\/19\/ivan-drago-a-ti-dalsi-z-vychodu-je-ceska-vlajka-pritezi\/\" class='entry-title-wrapper'>\n            <h3 class=\"entry-title\"><span>Ivan Drago a ti dal\u0161\u00ed z V\u00fdchodu. Je \u010desk\u00e1 vlajka p\u0159\u00edt\u011b\u017e\u00ed?<\/span><\/h3>\n        <\/a>\n    <\/div>\n    <\/article>\n<\/div>\n<p>Philipsen p\u0159ed sebou m\u011bl je\u0161t\u011b v posledn\u00ed zat\u00e1\u010dce dva t\u00fdmov\u00e9 par\u0165\u00e1ky. Tak\u017ee se jeho prvenstv\u00ed zd\u00e1lo jako naprosto samoz\u0159ejm\u00e9. &#8222;Nem\u011bl jsem nohy, abych vyhr\u00e1l. Jasper Philipsen byl nejsiln\u011bj\u0161\u00ed,&#8220; poklonil se st\u0159\u00edbrn\u00fd Olav Kooij v\u00edt\u011bzi Kuurne-Brusel-Kuurne.<\/p>\n<p>&#8222;Nikdy v minulosti jsem nebyl b\u011bhem Opening Weekendu p\u0159\u00edli\u0161 \u00fasp\u011b\u0161n\u00fd. Po Omloopu jsem m\u011bl sm\u00ed\u0161en\u00e9 pocity. Ale Kuurne v\u0161echno zm\u011bnilo. Snad mi skv\u011bl\u00fd \u00favodn\u00ed v\u00edkend vy\u0161perkovan\u00fd v\u00fdhrou dod\u00e1 je\u0161t\u011b v\u00edce sebev\u011bdom\u00ed pro nadch\u00e1zej\u00edc\u00ed sezonu,&#8220; doufal Jasper Philipsen, kdy\u017e za\u0159\u00eddil prvn\u00ed v\u00edt\u011bzstv\u00ed roku pro formaci Alpecin-Deceuninck.<\/p>\n<p>Nyn\u00ed jej \u010dek\u00e1 z\u00e1vodn\u00ed pauza a po rozjet\u00ed p\u0159i Nokere Koerse (19. b\u0159ezna) bude <a href=\"https:\/\/www.welovecycling.com\/cs\/2025\/02\/13\/o-co-prosil-jasper-philipsen-kamarada-tadeje-a-proc-si-mysli-ze-zbytecne\/\">obhajovat v\u00edt\u011bzstv\u00ed p\u0159i Mil\u00e1n-San Remo<\/a>.<\/p>\n","protected":false},"excerpt":{"rendered":"<p>Grandi\u00f3zn\u00ed oslava narozenin! Belgick\u00fd sprinter Jasper Philipsen ovl\u00e1dl druhou jarn\u00ed klasiku Kuurne-Brusel-Kuurne v den sv\u00fdch sedmadvac\u00e1t\u00fdch narozenin. O den d\u0159\u00edve, [&hellip;]<\/p>\n","protected":false},"author":138,"featured_media":28466,"comment_status":"open","ping_status":"open","sticky":false,"template":"","format":"standard","meta":{"footnotes":""},"categories":[10],"tags":[126,2985,1482,4094,4095,9,4096],"global-categories":[411],"class_list":["post-28464","post","type-post","status-publish","format-standard","has-post-thumbnail","hentry","category-silnicni-cyklistika","tag-cyklistika","tag-jasper-philipsen","tag-kuurne-brusel-kuurne","tag-omloop-nieuwsblad","tag-openin-weekend","tag-silnicni-cyklistika","tag-soren-waerenskjold","global-categories-cycling"],"yoast_head":"<!-- This site is optimized with the Yoast SEO Premium plugin v25.3 (Yoast SEO v25.9) - https:\/\/yoast.com\/wordpress\/plugins\/seo\/ -->\n<title>Jasper Philipsen utnul b\u00eddu a je kr\u00e1lem \u00favodn\u00edho v\u00edkendu klasik | \u0160koda We Love Cycling - \u010cesk\u00e1 republika<\/title>\n<meta name=\"description\" content=\"Grandi\u00f3zn\u00ed oslava narozenin! Belgick\u00fd sprinter Jasper Philipsen ovl\u00e1dl druhou jarn\u00ed klasiku Kuurne-Brusel-Kuurne v den sv\u00fdch sedmadvac\u00e1t\u00fdch narozenin. O den d\u0159\u00edve, v c\u00edli Omloop Nieuwsblad, byl p\u0159itom na rozpac\u00edch. Pochyboval o vlastn\u00ed v\u00fdkonnosti.\" \/>\n<meta name=\"robots\" content=\"index, follow, max-snippet:-1, max-image-preview:large, max-video-preview:-1\" \/>\n<link rel=\"canonical\" href=\"https:\/\/www.welovecycling.com\/cs\/2025\/03\/02\/jasper-philipsen-utnul-bidu-a-je-kralem-uvodniho-vikendu-klasik\/\" \/>\n<meta property=\"og:locale\" content=\"cs_CZ\" \/>\n<meta property=\"og:type\" content=\"article\" \/>\n<meta property=\"og:title\" content=\"Jasper Philipsen utnul b\u00eddu a je kr\u00e1lem \u00favodn\u00edho v\u00edkendu klasik\" \/>\n<meta property=\"og:description\" content=\"Grandi\u00f3zn\u00ed oslava narozenin! Belgick\u00fd sprinter Jasper Philipsen ovl\u00e1dl druhou jarn\u00ed klasiku Kuurne-Brusel-Kuurne v den sv\u00fdch sedmadvac\u00e1t\u00fdch narozenin. O den d\u0159\u00edve, v c\u00edli Omloop Nieuwsblad, byl p\u0159itom na rozpac\u00edch. Pochyboval o vlastn\u00ed v\u00fdkonnosti.\" \/>\n<meta property=\"og:url\" content=\"https:\/\/www.welovecycling.com\/cs\/2025\/03\/02\/jasper-philipsen-utnul-bidu-a-je-kralem-uvodniho-vikendu-klasik\/\" \/>\n<meta property=\"og:site_name\" content=\"\u0160koda We Love Cycling - \u010cesk\u00e1 republika\" \/>\n<meta property=\"article:published_time\" content=\"2025-03-02T18:28:51+00:00\" \/>\n<meta property=\"article:modified_time\" content=\"2025-03-02T18:33:02+00:00\" \/>\n<meta property=\"og:image\" content=\"https:\/\/d2p6e6u75xmxt8.cloudfront.net\/13\/2025\/03\/profimedia-0971076324.webp\" \/>\n\t<meta property=\"og:image:width\" content=\"1800\" \/>\n\t<meta property=\"og:image:height\" content=\"1199\" \/>\n\t<meta property=\"og:image:type\" content=\"image\/webp\" \/>\n<meta name=\"author\" content=\"radekmalina\" \/>\n<meta name=\"twitter:card\" content=\"summary_large_image\" \/>\n<meta name=\"twitter:label1\" content=\"Written by\" \/>\n\t<meta name=\"twitter:data1\" content=\"Radek Malina\" \/>\n\t<meta name=\"twitter:label2\" content=\"Est. reading time\" \/>\n\t<meta name=\"twitter:data2\" content=\"6\" \/>\n<script type=\"application\/ld+json\" class=\"yoast-schema-graph\">{\"@context\":\"https:\/\/schema.org\",\"@graph\":[{\"@type\":\"WebPage\",\"@id\":\"https:\/\/www.welovecycling.com\/cs\/2025\/03\/02\/jasper-philipsen-utnul-bidu-a-je-kralem-uvodniho-vikendu-klasik\/\",\"url\":\"https:\/\/www.welovecycling.com\/cs\/2025\/03\/02\/jasper-philipsen-utnul-bidu-a-je-kralem-uvodniho-vikendu-klasik\/\",\"name\":\"Jasper Philipsen utnul b\u00eddu a je kr\u00e1lem \u00favodn\u00edho v\u00edkendu klasik | \u0160koda We Love Cycling - \u010cesk\u00e1 republika\",\"isPartOf\":{\"@id\":\"https:\/\/www.welovecycling.com\/cs\/#website\"},\"primaryImageOfPage\":{\"@id\":\"https:\/\/www.welovecycling.com\/cs\/2025\/03\/02\/jasper-philipsen-utnul-bidu-a-je-kralem-uvodniho-vikendu-klasik\/#primaryimage\"},\"image\":{\"@id\":\"https:\/\/www.welovecycling.com\/cs\/2025\/03\/02\/jasper-philipsen-utnul-bidu-a-je-kralem-uvodniho-vikendu-klasik\/#primaryimage\"},\"thumbnailUrl\":\"https:\/\/d2p6e6u75xmxt8.cloudfront.net\/13\/2025\/03\/profimedia-0971076324.webp\",\"datePublished\":\"2025-03-02T18:28:51+00:00\",\"dateModified\":\"2025-03-02T18:33:02+00:00\",\"author\":{\"@id\":\"https:\/\/www.welovecycling.com\/cs\/#\/schema\/person\/d9eeb0a378f3a7e4a6d12d2b536b04b8\"},\"description\":\"Grandi\u00f3zn\u00ed oslava narozenin! Belgick\u00fd sprinter Jasper Philipsen ovl\u00e1dl druhou jarn\u00ed klasiku Kuurne-Brusel-Kuurne v den sv\u00fdch sedmadvac\u00e1t\u00fdch narozenin. O den d\u0159\u00edve, v c\u00edli Omloop Nieuwsblad, byl p\u0159itom na rozpac\u00edch. Pochyboval o vlastn\u00ed v\u00fdkonnosti.\",\"inLanguage\":\"cs\",\"potentialAction\":[{\"@type\":\"ReadAction\",\"target\":[\"https:\/\/www.welovecycling.com\/cs\/2025\/03\/02\/jasper-philipsen-utnul-bidu-a-je-kralem-uvodniho-vikendu-klasik\/\"]}]},{\"@type\":\"ImageObject\",\"inLanguage\":\"cs\",\"@id\":\"https:\/\/www.welovecycling.com\/cs\/2025\/03\/02\/jasper-philipsen-utnul-bidu-a-je-kralem-uvodniho-vikendu-klasik\/#primaryimage\",\"url\":\"https:\/\/d2p6e6u75xmxt8.cloudfront.net\/13\/2025\/03\/profimedia-0971076324.webp\",\"contentUrl\":\"https:\/\/d2p6e6u75xmxt8.cloudfront.net\/13\/2025\/03\/profimedia-0971076324.webp\",\"width\":1800,\"height\":1199,\"caption\":\"Jasper Philipsen je jedni\u010dka Kuurne-Brusel-Kuurne.\"},{\"@type\":\"WebSite\",\"@id\":\"https:\/\/www.welovecycling.com\/cs\/#website\",\"url\":\"https:\/\/www.welovecycling.com\/cs\/\",\"name\":\"\u0160koda We Love Cycling - \u010cesk\u00e1 republika\",\"description\":\"WeLoveCycling.cz je online magaz\u00edn, kter\u00fd v\u00e1m pravideln\u011b p\u0159in\u00e1\u0161\u00ed rady a tipy, zaj\u00edmav\u00e9 \u010dl\u00e1nky, videa a jedine\u010dn\u00e9 report\u00e1\u017ee ze sv\u011bta cyklistiky.\",\"potentialAction\":[{\"@type\":\"SearchAction\",\"target\":{\"@type\":\"EntryPoint\",\"urlTemplate\":\"https:\/\/www.welovecycling.com\/cs\/?s={search_term_string}\"},\"query-input\":{\"@type\":\"PropertyValueSpecification\",\"valueRequired\":true,\"valueName\":\"search_term_string\"}}],\"inLanguage\":\"cs\"},{\"@type\":\"Person\",\"@id\":\"https:\/\/www.welovecycling.com\/cs\/#\/schema\/person\/d9eeb0a378f3a7e4a6d12d2b536b04b8\",\"name\":\"radekmalina\",\"image\":{\"@type\":\"ImageObject\",\"inLanguage\":\"cs\",\"@id\":\"https:\/\/www.welovecycling.com\/cs\/#\/schema\/person\/image\/\",\"url\":\"https:\/\/secure.gravatar.com\/avatar\/66994b632cb8c39a46b9f54afa3ae07201b678d32a54275b6f1c9ffec356bfc0?s=96&d=mm&r=g\",\"contentUrl\":\"https:\/\/secure.gravatar.com\/avatar\/66994b632cb8c39a46b9f54afa3ae07201b678d32a54275b6f1c9ffec356bfc0?s=96&d=mm&r=g\",\"caption\":\"radekmalina\"},\"url\":\"https:\/\/www.welovecycling.com\/cs\/author\/radekmalina\/\"}]}<\/script>\n<!-- \/ Yoast SEO Premium plugin. -->","yoast_head_json":{"title":"Jasper Philipsen utnul b\u00eddu a je kr\u00e1lem \u00favodn\u00edho v\u00edkendu klasik | \u0160koda We Love Cycling - \u010cesk\u00e1 republika","description":"Grandi\u00f3zn\u00ed oslava narozenin! Belgick\u00fd sprinter Jasper Philipsen ovl\u00e1dl druhou jarn\u00ed klasiku Kuurne-Brusel-Kuurne v den sv\u00fdch sedmadvac\u00e1t\u00fdch narozenin. O den d\u0159\u00edve, v c\u00edli Omloop Nieuwsblad, byl p\u0159itom na rozpac\u00edch. Pochyboval o vlastn\u00ed v\u00fdkonnosti.","robots":{"index":"index","follow":"follow","max-snippet":"max-snippet:-1","max-image-preview":"max-image-preview:large","max-video-preview":"max-video-preview:-1"},"canonical":"https:\/\/www.welovecycling.com\/cs\/2025\/03\/02\/jasper-philipsen-utnul-bidu-a-je-kralem-uvodniho-vikendu-klasik\/","og_locale":"cs_CZ","og_type":"article","og_title":"Jasper Philipsen utnul b\u00eddu a je kr\u00e1lem \u00favodn\u00edho v\u00edkendu klasik","og_description":"Grandi\u00f3zn\u00ed oslava narozenin! Belgick\u00fd sprinter Jasper Philipsen ovl\u00e1dl druhou jarn\u00ed klasiku Kuurne-Brusel-Kuurne v den sv\u00fdch sedmadvac\u00e1t\u00fdch narozenin. O den d\u0159\u00edve, v c\u00edli Omloop Nieuwsblad, byl p\u0159itom na rozpac\u00edch. Pochyboval o vlastn\u00ed v\u00fdkonnosti.","og_url":"https:\/\/www.welovecycling.com\/cs\/2025\/03\/02\/jasper-philipsen-utnul-bidu-a-je-kralem-uvodniho-vikendu-klasik\/","og_site_name":"\u0160koda We Love Cycling - \u010cesk\u00e1 republika","article_published_time":"2025-03-02T18:28:51+00:00","article_modified_time":"2025-03-02T18:33:02+00:00","og_image":[{"width":1800,"height":1199,"url":"https:\/\/d2p6e6u75xmxt8.cloudfront.net\/13\/2025\/03\/profimedia-0971076324.webp","type":"image\/webp"}],"author":"radekmalina","twitter_card":"summary_large_image","twitter_misc":{"Written by":"Radek Malina","Est. reading time":"6"},"schema":{"@context":"https:\/\/schema.org","@graph":[{"@type":"WebPage","@id":"https:\/\/www.welovecycling.com\/cs\/2025\/03\/02\/jasper-philipsen-utnul-bidu-a-je-kralem-uvodniho-vikendu-klasik\/","url":"https:\/\/www.welovecycling.com\/cs\/2025\/03\/02\/jasper-philipsen-utnul-bidu-a-je-kralem-uvodniho-vikendu-klasik\/","name":"Jasper Philipsen utnul b\u00eddu a je kr\u00e1lem \u00favodn\u00edho v\u00edkendu klasik | \u0160koda We Love Cycling - \u010cesk\u00e1 republika","isPartOf":{"@id":"https:\/\/www.welovecycling.com\/cs\/#website"},"primaryImageOfPage":{"@id":"https:\/\/www.welovecycling.com\/cs\/2025\/03\/02\/jasper-philipsen-utnul-bidu-a-je-kralem-uvodniho-vikendu-klasik\/#primaryimage"},"image":{"@id":"https:\/\/www.welovecycling.com\/cs\/2025\/03\/02\/jasper-philipsen-utnul-bidu-a-je-kralem-uvodniho-vikendu-klasik\/#primaryimage"},"thumbnailUrl":"https:\/\/d2p6e6u75xmxt8.cloudfront.net\/13\/2025\/03\/profimedia-0971076324.webp","datePublished":"2025-03-02T18:28:51+00:00","dateModified":"2025-03-02T18:33:02+00:00","author":{"@id":"https:\/\/www.welovecycling.com\/cs\/#\/schema\/person\/d9eeb0a378f3a7e4a6d12d2b536b04b8"},"description":"Grandi\u00f3zn\u00ed oslava narozenin! Belgick\u00fd sprinter Jasper Philipsen ovl\u00e1dl druhou jarn\u00ed klasiku Kuurne-Brusel-Kuurne v den sv\u00fdch sedmadvac\u00e1t\u00fdch narozenin. O den d\u0159\u00edve, v c\u00edli Omloop Nieuwsblad, byl p\u0159itom na rozpac\u00edch. Pochyboval o vlastn\u00ed v\u00fdkonnosti.","inLanguage":"cs","potentialAction":[{"@type":"ReadAction","target":["https:\/\/www.welovecycling.com\/cs\/2025\/03\/02\/jasper-philipsen-utnul-bidu-a-je-kralem-uvodniho-vikendu-klasik\/"]}]},{"@type":"ImageObject","inLanguage":"cs","@id":"https:\/\/www.welovecycling.com\/cs\/2025\/03\/02\/jasper-philipsen-utnul-bidu-a-je-kralem-uvodniho-vikendu-klasik\/#primaryimage","url":"https:\/\/d2p6e6u75xmxt8.cloudfront.net\/13\/2025\/03\/profimedia-0971076324.webp","contentUrl":"https:\/\/d2p6e6u75xmxt8.cloudfront.net\/13\/2025\/03\/profimedia-0971076324.webp","width":1800,"height":1199,"caption":"Jasper Philipsen je jedni\u010dka Kuurne-Brusel-Kuurne."},{"@type":"WebSite","@id":"https:\/\/www.welovecycling.com\/cs\/#website","url":"https:\/\/www.welovecycling.com\/cs\/","name":"\u0160koda We Love Cycling - \u010cesk\u00e1 republika","description":"WeLoveCycling.cz je online magaz\u00edn, kter\u00fd v\u00e1m pravideln\u011b p\u0159in\u00e1\u0161\u00ed rady a tipy, zaj\u00edmav\u00e9 \u010dl\u00e1nky, videa a jedine\u010dn\u00e9 report\u00e1\u017ee ze sv\u011bta cyklistiky.","potentialAction":[{"@type":"SearchAction","target":{"@type":"EntryPoint","urlTemplate":"https:\/\/www.welovecycling.com\/cs\/?s={search_term_string}"},"query-input":{"@type":"PropertyValueSpecification","valueRequired":true,"valueName":"search_term_string"}}],"inLanguage":"cs"},{"@type":"Person","@id":"https:\/\/www.welovecycling.com\/cs\/#\/schema\/person\/d9eeb0a378f3a7e4a6d12d2b536b04b8","name":"radekmalina","image":{"@type":"ImageObject","inLanguage":"cs","@id":"https:\/\/www.welovecycling.com\/cs\/#\/schema\/person\/image\/","url":"https:\/\/secure.gravatar.com\/avatar\/66994b632cb8c39a46b9f54afa3ae07201b678d32a54275b6f1c9ffec356bfc0?s=96&d=mm&r=g","contentUrl":"https:\/\/secure.gravatar.com\/avatar\/66994b632cb8c39a46b9f54afa3ae07201b678d32a54275b6f1c9ffec356bfc0?s=96&d=mm&r=g","caption":"radekmalina"},"url":"https:\/\/www.welovecycling.com\/cs\/author\/radekmalina\/"}]}},"_links":{"self":[{"href":"https:\/\/www.welovecycling.com\/cs\/wp-json\/wp\/v2\/posts\/28464","targetHints":{"allow":["GET"]}}],"collection":[{"href":"https:\/\/www.welovecycling.com\/cs\/wp-json\/wp\/v2\/posts"}],"about":[{"href":"https:\/\/www.welovecycling.com\/cs\/wp-json\/wp\/v2\/types\/post"}],"author":[{"embeddable":true,"href":"https:\/\/www.welovecycling.com\/cs\/wp-json\/wp\/v2\/users\/138"}],"replies":[{"embeddable":true,"href":"https:\/\/www.welovecycling.com\/cs\/wp-json\/wp\/v2\/comments?post=28464"}],"version-history":[{"count":5,"href":"https:\/\/www.welovecycling.com\/cs\/wp-json\/wp\/v2\/posts\/28464\/revisions"}],"predecessor-version":[{"id":28469,"href":"https:\/\/www.welovecycling.com\/cs\/wp-json\/wp\/v2\/posts\/28464\/revisions\/28469"}],"wp:featuredmedia":[{"embeddable":true,"href":"https:\/\/www.welovecycling.com\/cs\/wp-json\/wp\/v2\/media\/28466"}],"wp:attachment":[{"href":"https:\/\/www.welovecycling.com\/cs\/wp-json\/wp\/v2\/media?parent=28464"}],"wp:term":[{"taxonomy":"category","embeddable":true,"href":"https:\/\/www.welovecycling.com\/cs\/wp-json\/wp\/v2\/categories?post=28464"},{"taxonomy":"post_tag","embeddable":true,"href":"https:\/\/www.welovecycling.com\/cs\/wp-json\/wp\/v2\/tags?post=28464"},{"taxonomy":"global-categories","embeddable":true,"href":"https:\/\/www.welovecycling.com\/cs\/wp-json\/wp\/v2\/global-categories?post=28464"}],"curies":[{"name":"wp","href":"https:\/\/api.w.org\/{rel}","templated":true}]}}