{"id":28436,"date":"2025-03-06T05:00:55","date_gmt":"2025-03-06T03:00:55","guid":{"rendered":"https:\/\/www.welovecycling.com\/cs\/?p=28436"},"modified":"2025-03-05T22:02:53","modified_gmt":"2025-03-05T20:02:53","slug":"teleskopicka-sedlovka-a-jeji-benefity-kdo-ji-skutecne-vyuzije","status":"publish","type":"post","link":"https:\/\/www.welovecycling.com\/cs\/2025\/03\/06\/teleskopicka-sedlovka-a-jeji-benefity-kdo-ji-skutecne-vyuzije\/","title":{"rendered":"Teleskopick\u00e1 sedlovka a jej\u00ed benefity. Kdo ji skute\u010dn\u011b vyu\u017eije?"},"content":{"rendered":"<p><strong>Pl\u00e1nujete upgrade kola a p\u0159em\u00fd\u0161l\u00edte, zda je pro v\u00e1s prosp\u011b\u0161n\u00e1 teleskopick\u00e1 sedlovka? Pro j\u00edzdu v ter\u00e9nu jde o prvek, kter\u00fd m\u016f\u017ee b\u00fdt velmi u\u017eite\u010dn\u00fd. Ale m\u00e1 smysl pro ka\u017ed\u00e9ho? Nemontuje se tenhle komponent mnohdy jenom proto, \u017ee jde o cool z\u00e1le\u017eitost? A pat\u0159\u00ed v\u00fdhradn\u011b do ter\u00e9nu, nebo ji u\u017eij\u00ed i milovn\u00edci silni\u010dn\u00edch \u010di gravel kol?<\/strong><\/p>\n<p>&#8222;U\u017e d\u00e1vno neplat\u00ed, \u017ee teleskopick\u00e1 sedlovka je dom\u00e9nou pouze pro enduro kola a trail biky. Jej\u00ed pou\u017eit\u00ed je velice komplexn\u00ed,&#8220; \u0159\u00edk\u00e1 Robert Hula, mechanik cykloservisu Balek sport a aktivn\u00ed z\u00e1vodn\u00edk se zku\u0161enostmi ze sv\u011bta silni\u010dn\u00ed cyklistiky, stejn\u011b jako cyklokrosu \u010di cross country.<\/p>\n<h2><strong>Teleskopick\u00e1 sedlovka zaji\u0161\u0165uje lep\u0161\u00ed ovladatelnost<\/strong><\/h2>\n<p>Teleskopick\u00e1 sedlovka funguje velmi jednodu\u0161e \u2013 jde o p\u00edst a pouzdro, jejich\u017e vz\u00e1jemn\u00fd pohyb je regulov\u00e1n hydraulikou. P\u00e1\u010dkou z \u0159\u00edd\u00edtek ovl\u00e1d\u00e1te regulaci pr\u016ftoku oleje a t\u00edm i pohyb sedlovky. Pokud ventil otev\u0159ete a sedlovku zat\u00ed\u017e\u00edte, zasouv\u00e1 se dol\u016f, pokud ji uvoln\u00edte, vyj\u00ed\u017ed\u00ed vzh\u016fru. Prakticky v\u0161echny sedlovky lze dnes zastavit a pou\u017e\u00edvat v jak\u00e9koli pozici v pr\u016fb\u011bhu zdvihu.<\/p>\n<p>Pro profesion\u00e1ln\u00ed z\u00e1vodn\u00edky na horsk\u00fdch kolech jde o samoz\u0159ejmost. Ale teleskopick\u00e1 sedlovka za\u017e\u00edv\u00e1 velk\u00fd boom i mezi b\u011b\u017enou cyklistickou komunitou. &#8222;Velk\u00e9 procento lid\u00ed cestuj\u00edc\u00edch za z\u00e1vody na biku pova\u017euje teleskopickou sedlovku za nezbytnost. Kolo je s t\u00edmto dopl\u0148kem pochopiteln\u011b l\u00e9pe ovladateln\u00e9,&#8220; vysv\u011btluje Robert Hula.<\/p>\n<figure id=\"attachment_11850\" aria-describedby=\"caption-attachment-11850\" style=\"width: 1600px\" class=\"wp-caption alignnone\"><a href=\"https:\/\/d2p6e6u75xmxt8.cloudfront.net\/13\/2021\/03\/Specialized-4.webp\"><img loading=\"lazy\" decoding=\"async\" class=\"size-full wp-image-11850\" src=\"https:\/\/d2p6e6u75xmxt8.cloudfront.net\/13\/2021\/03\/Specialized-4.webp\" alt=\"Specialized S-Works Epic 29er. Samoz\u0159ejm\u011b karbonov\u00fd, s chytr\u00fdm odpru\u017een\u00edm Brain, bezdr\u00e1tov\u00fdm \u0159azen\u00edm i teleskopickou sedlovkou a v\u00e1hou pod 10 kilogram\u016f. Foto: Michal \u010cerven\u00fd\" width=\"1600\" height=\"1067\" srcset=\"https:\/\/d2p6e6u75xmxt8.cloudfront.net\/13\/2021\/03\/Specialized-4.webp 1600w, https:\/\/d2p6e6u75xmxt8.cloudfront.net\/13\/2021\/03\/Specialized-4-300x200.webp 300w, https:\/\/d2p6e6u75xmxt8.cloudfront.net\/13\/2021\/03\/Specialized-4-1024x683.webp 1024w, https:\/\/d2p6e6u75xmxt8.cloudfront.net\/13\/2021\/03\/Specialized-4-768x512.webp 768w, https:\/\/d2p6e6u75xmxt8.cloudfront.net\/13\/2021\/03\/Specialized-4-1536x1024.webp 1536w, https:\/\/d2p6e6u75xmxt8.cloudfront.net\/13\/2021\/03\/Specialized-4-272x182.webp 272w\" sizes=\"auto, (max-width: 1600px) 100vw, 1600px\" \/><\/a><figcaption id=\"caption-attachment-11850\" class=\"wp-caption-text\"><em>Specialized S-Works Epic 29er. Samoz\u0159ejm\u011b karbonov\u00fd, s chytr\u00fdm odpru\u017een\u00edm Brain, bezdr\u00e1tov\u00fdm \u0159azen\u00edm i teleskopickou sedlovkou a v\u00e1hou pod 10 kilogram\u016f. Foto: Michal \u010cerven\u00fd<\/em><\/figcaption><\/figure>\n<p>&#8222;Pokud n\u011bkdo uva\u017euje o vylep\u0161en\u00ed j\u00edzdn\u00edch vlastnost\u00ed kola, p\u0159edstavuje teleskopick\u00e1 sedlovka rozhodn\u011b lep\u0161\u00ed volbu ne\u017e t\u0159eba zm\u011bna vidlice. Cyklista s t\u00edmhle komponentem na biku si m\u016f\u017ee dovolit hr\u00e1t v\u00edce s t\u011b\u017ei\u0161t\u011bm. Snadn\u011bji se p\u0159ekon\u00e1vaj\u00ed i \u00fahly, kter\u00e9 by s b\u011b\u017enou sedlovkou byly zapov\u011bzen\u00e9. Zdol\u00e1v\u00e1n\u00ed kamenit\u00fdch \u010di skalnat\u00fdch \u00fasek\u016f stejn\u011b jako p\u0159ej\u00ed\u017ed\u011bn\u00ed v\u011bt\u0161\u00edch v\u011btv\u00ed \u010di mal\u00fdch strom\u016f v lese se stane hra\u010dkou,&#8220; p\u0159ibli\u017euje mechanik Balek sport p\u0159ednosti teleskopick\u00e9 sedlovky.<\/p>\n<p>Kde je tedy hranice, kter\u00e1 ospravedl\u0148uje investici do mo\u017enosti regulovat v\u00fd\u0161ku sedla? &#8222;Pokud n\u011bkdo jezd\u00ed v\u011bt\u0161inu roku na silni\u010dn\u00edm kole a bike pro n\u011bj p\u0159edstavuje jen dopln\u011bk, ned\u00e1v\u00e1 to smysl. Zejm\u00e9na pokud i na biku hlavn\u011b naj\u00ed\u017ed\u00ed kilometry a maxim\u00e1ln\u011b p\u0159ejede obrubn\u00edk u silnice. Jestli\u017ee jsou prim\u00e1rn\u011b c\u00edlem vyj\u00ed\u017ed\u011bk na biku cyklostezky nebo pohodov\u00e9 lesn\u00ed cesty, jde o zbyte\u010dnost,&#8220; upozor\u0148uje na nastupuj\u00edc\u00ed trend Robert Hula.<\/p>\n<h2><strong>Teleskopick\u00e1 sedlovka je super i pro elektrokolo<\/strong><\/h2>\n<p>Specifickou skupinu v\u0161ak p\u0159edstavuje star\u0161\u00ed generace cyklist\u016f. S n\u00e1stupem elektrokol se po\u010det aktivn\u00edch jezdc\u016f rozrostl a v sedlech jsou i bike\u0159i v\u011bkem pokro\u010dilej\u0161\u00ed. &#8222;Teleskopick\u00e1 sedlovka je skv\u011bl\u00e1 i pro lidi, kte\u0159\u00ed maj\u00ed hor\u0161\u00ed mobilitu. Mnoz\u00ed star\u0161\u00ed cyklist\u00e9 maj\u00ed t\u0159eba probl\u00e9my s ky\u010dlemi, ale necht\u011bj\u00ed se j\u00edzdy vzd\u00e1t. Kdy\u017e si mohou p\u0159i nasednut\u00ed sn\u00ed\u017eit v\u00fd\u0161ku sedla a n\u00e1sledn\u011b ji zase uv\u00e9st do vyhovuj\u00edc\u00ed pozice, d\u00e1v\u00e1 mont\u00e1\u017e smysl. Ostatn\u011b mnoz\u00ed v\u00fdrobci u\u017e nab\u00edz\u00ed teleskopickou sedlovku u elektrokol automaticky,&#8220; podot\u00fdk\u00e1 Robert Hula.<\/p>\n<div class=\"shortcode-ys-post-pinup\"><article class=\"loop-simple post-28346 post type-post status-publish format-standard has-post-thumbnail hentry category-silnicni-cyklistika tag-caja-rural-seguros-rga tag-cyklistika tag-epronex-hungary tag-prestup tag-silnicni-cyklistika tag-sprinter tag-tomas-barta tag-uci-pro-teams global-categories-cycling\" data-postid=\"28346\" role=\"article\" data-post-id=\"28346\" data-word-count=\"938\" data-headline-length=\"58\" data-category=\"Silni\u010dn\u00ed cyklistika\" data-global-category=\"Cycling\" data-author=\"Radek Malina\" data-published=\"2025-02-20T06:00:21+02:00\" data-published-day=\"Thursday\">\n    <div class=\"entry-thumbnail article-thumbnail\" content=\"https:\/\/d2p6e6u75xmxt8.cloudfront.net\/13\/2025\/02\/barta-3-150x150.webp\"><a href=\"https:\/\/www.welovecycling.com\/cs\/2025\/02\/20\/uz-koukal-na-pracovni-inzeraty-pak-podepsal-jako-lidr\/\" class=\"image-holder\" target=\"_self\"><img decoding=\"async\" loading=\"lazy\" class=\"\" src=\"https:\/\/d2p6e6u75xmxt8.cloudfront.net\/13\/2025\/02\/barta-3-1024x681.webp\" srcset=\"https:\/\/d2p6e6u75xmxt8.cloudfront.net\/13\/2025\/02\/barta-3.webp 1500w, https:\/\/d2p6e6u75xmxt8.cloudfront.net\/13\/2025\/02\/barta-3-300x200.webp 300w, https:\/\/d2p6e6u75xmxt8.cloudfront.net\/13\/2025\/02\/barta-3-1024x681.webp 1024w, https:\/\/d2p6e6u75xmxt8.cloudfront.net\/13\/2025\/02\/barta-3-768x511.webp 768w, https:\/\/d2p6e6u75xmxt8.cloudfront.net\/13\/2025\/02\/barta-3-400x266.webp 400w, https:\/\/d2p6e6u75xmxt8.cloudfront.net\/13\/2025\/02\/barta-3-272x182.webp 272w\" width=\"1024\" height=\"681\" sizes=\"auto, (min-width: 1200px) 300px, (min-width: 768px) 25vw, 100vw\" alt=\"uz-koukal-na-pracovni-inzeraty-pak-podepsal-jako-lidr\"\/><\/a><\/div>    <div class=\"entry-meta\">\n        <a class=\"label label-secondary post-category\" href=\"https:\/\/www.welovecycling.com\/cs\/category\/silnicni-cyklistika\/\" title=\"Silni\u010dn\u00ed cyklistika\">Silni\u010dn\u00ed cyklistika<\/a>\n    <\/div>\n    <div class=\"entry-details\">\n        <a href=\"https:\/\/www.welovecycling.com\/cs\/2025\/02\/20\/uz-koukal-na-pracovni-inzeraty-pak-podepsal-jako-lidr\/\" class='entry-title-wrapper'>\n            <h3 class=\"entry-title\"><span>U\u017e koukal na pracovn\u00ed inzer\u00e1ty, pak podepsal jako l\u00eddr<\/span><\/h3>\n        <\/a>\n    <\/div>\n    <\/article>\n<\/div>\n<p>&#8222;Obecn\u011b plat\u00ed, \u017ee teleskopickou sedlovku cht\u011bj\u00ed hlavn\u011b mlad\u0161\u00ed bike\u0159i, kte\u0159\u00ed to mysl\u00ed s je\u017ed\u011bn\u00edm v\u00e1\u017en\u011b. Pravideln\u011b jezd\u00ed na kole, u\u017e\u00edvaj\u00ed si traily, jsou \u010dast\u00fdmi n\u00e1v\u0161t\u011bvn\u00edky bikepark\u016f nebo jezd\u00ed t\u0159eba na enduro z\u00e1vody. Kdy\u017e n\u011bkdo za\u010dne s horsk\u00fdm kolem v z\u00e1kladn\u00edm setupu, p\u0159edstavuje pr\u00e1v\u011b teleskopick\u00e1 sedlovka a lep\u0161\u00ed brzdy nejjednodu\u0161\u0161\u00ed zp\u016fsob vylep\u0161en\u00ed. A p\u0159itom kolo posunou dramaticky.&#8220;<\/p>\n<p>Z\u00e1sadn\u00ed veli\u010dinou promlouvaj\u00edc\u00ed do n\u00e1kupu teleskopick\u00e9 sedlovky je i v\u011bk cyklisty. &#8222;Kdy\u017e pominu zm\u00edn\u011bnou star\u0161\u00ed generaci, tak jde o dom\u00e9nu hlavn\u011b mlad\u00fdch. Jsou odv\u00e1\u017en\u011bj\u0161\u00ed, ne\u0159e\u0161\u00ed tolik mo\u017en\u00e9 n\u00e1sledky karambol\u016f. Kdy\u017e n\u011bkdo za\u010dne ve dvaceti nebo ve t\u0159iceti, m\u00e1 velk\u00e9 rezervy. V pades\u00e1ti u\u017e je pravd\u011bpodobnost progresu men\u0161\u00ed. Nav\u00edc m\u00e1 \u010dlov\u011bk ur\u010dit\u00e9 z\u00e1vazky, v\u00edce \u0159e\u0161\u00ed rizika, kter\u00e1 agresivn\u011bj\u0161\u00ed j\u00edzda souvisej\u00edc\u00ed s teleskopickou sedlovkou obn\u00e1\u0161\u00ed,&#8220; p\u0159em\u00edt\u00e1 Robert Hula.<\/p>\n<h2><strong>Pomohla k triumfu na Monumentu<\/strong><\/h2>\n<p>Zdvih teleskopick\u00e9 sedlovky je od 75 do 170 milimetr\u016f. B\u011b\u017en\u00e1 cyklistick\u00e1 populace nej\u010dast\u011bji vyu\u017eije zdvih kolem stovky milimetr\u016f. Na traily a pro enduro kolo se pou\u017e\u00edvaj\u00ed zdvihy v pr\u016fm\u011bru kolem 150 milimetr\u016f, proto\u017ee maj\u00ed vy\u0161\u0161\u00ed odolnost. Sedlovky s n\u00edzk\u00fdm zdvihem jsou odleh\u010den\u00e9 a n\u00e1chyln\u011bj\u0161\u00ed k po\u0161kozen\u00ed, tud\u00ed\u017e jsou ur\u010den\u00e9 pro j\u00edzdy, kde nejsou velk\u00e9 skoky.<\/p>\n<figure id=\"attachment_16355\" aria-describedby=\"caption-attachment-16355\" style=\"width: 1800px\" class=\"wp-caption alignnone\"><a href=\"https:\/\/d2p6e6u75xmxt8.cloudfront.net\/13\/2022\/03\/mohoric-profimedia-0671846395.webp\"><img loading=\"lazy\" decoding=\"async\" class=\"size-full wp-image-16355\" src=\"https:\/\/d2p6e6u75xmxt8.cloudfront.net\/13\/2022\/03\/mohoric-profimedia-0671846395.webp\" alt=\"Matej Mohori\u010d a jeho kolo s teleskopickou sedlovkou.\" width=\"1800\" height=\"1200\" srcset=\"https:\/\/d2p6e6u75xmxt8.cloudfront.net\/13\/2022\/03\/mohoric-profimedia-0671846395.webp 1800w, https:\/\/d2p6e6u75xmxt8.cloudfront.net\/13\/2022\/03\/mohoric-profimedia-0671846395-300x200.webp 300w, https:\/\/d2p6e6u75xmxt8.cloudfront.net\/13\/2022\/03\/mohoric-profimedia-0671846395-1024x683.webp 1024w, https:\/\/d2p6e6u75xmxt8.cloudfront.net\/13\/2022\/03\/mohoric-profimedia-0671846395-768x512.webp 768w, https:\/\/d2p6e6u75xmxt8.cloudfront.net\/13\/2022\/03\/mohoric-profimedia-0671846395-1536x1024.webp 1536w, https:\/\/d2p6e6u75xmxt8.cloudfront.net\/13\/2022\/03\/mohoric-profimedia-0671846395-272x182.webp 272w\" sizes=\"auto, (max-width: 1800px) 100vw, 1800px\" \/><\/a><figcaption id=\"caption-attachment-16355\" class=\"wp-caption-text\"><em>Matej Mohori\u010d a jeho kolo pro Mil\u00e1n-San Remo, kde sehr\u00e1la kl\u00ed\u010dovou roli teleskopick\u00e1 sedlovka.<\/em><\/figcaption><\/figure>\n<p>Teleskopick\u00e1 sedlovka v\u0161ak nemus\u00ed m\u00edt vyu\u017eit\u00ed v\u00fdhradn\u011b v segmentu horsk\u00fdch kol. &#8222;Za\u017eil jsem v cyklokrosu z\u00e1vodn\u00edky, kte\u0159\u00ed tenhle dopln\u011bk na kole m\u011bli a p\u0159ed n\u00e1jezdem na p\u0159ek\u00e1\u017eky si sn\u00ed\u017een\u00edm sedla pom\u00e1hali,&#8220; vypravuje z\u00e1vodn\u00edk formace FanyGastro L27 Integray, kter\u00fd v minul\u00e9 sezon\u011b vyhr\u00e1l Horskou L&#8217;Etape v Prachatic\u00edch \u010di Road Classics na Kl\u00ednovci.<\/p>\n<p>Pro silni\u010dn\u00ed kolo jde o dopln\u011bk zna\u010dn\u011b kontraproduktivn\u00ed. Zejm\u00e9na v p\u0159\u00edpad\u011b ambici\u00f3zn\u00edch cyklist\u016f, kte\u0159\u00ed \u0159e\u0161\u00ed ka\u017ed\u00fd gram v\u00e1hy. P\u0159ibli\u017en\u011b m\u00e1 toti\u017e teleskopick\u00e1 sedlovka 350 gram\u016f. Proto se na gravelu \u010di silnici pou\u017e\u00edv\u00e1 jen vz\u00e1cn\u011b a pro specifick\u00e9 \u00fa\u010dely. T\u0159eba kdy\u017e chcete vyhr\u00e1t jeden z nejv\u011bt\u0161\u00edch z\u00e1vod\u016f planety. Ano, p\u0159esn\u011b tak. Matej Mohori\u010d, respektive jeho teleskopick\u00e1 sedlovka, p\u0159i Monumentu <a href=\"https:\/\/www.welovecycling.com\/cs\/2022\/03\/22\/kamikadze-matej-mohoric-sokoval-odpruzenou-sedlovkou\/\">Mil\u00e1n-San Remo<\/a> byla krom\u011b nohou slovinsk\u00e9ho z\u00e1vodn\u00edka rozhoduj\u00edc\u00edm prvkem p\u0159i cest\u011b za nesmrtelnost\u00ed v podob\u011b v\u00edt\u011bzstv\u00ed.<\/p>\n","protected":false},"excerpt":{"rendered":"<p>Pl\u00e1nujete upgrade kola a p\u0159em\u00fd\u0161l\u00edte, zda je pro v\u00e1s prosp\u011b\u0161n\u00e1 teleskopick\u00e1 sedlovka? Pro j\u00edzdu v ter\u00e9nu jde o prvek, kter\u00fd [&hellip;]<\/p>\n","protected":false},"author":138,"featured_media":14641,"comment_status":"open","ping_status":"open","sticky":false,"template":"","format":"standard","meta":{"footnotes":""},"categories":[15],"tags":[126,2001,56,9,4099,1351],"global-categories":[411],"class_list":["post-28436","post","type-post","status-publish","format-standard","has-post-thumbnail","hentry","category-rady-tipy","tag-cyklistika","tag-gravel","tag-horska-cyklistika","tag-silnicni-cyklistika","tag-technicke-novinky","tag-teleskopicka-sedlovka","global-categories-cycling"],"yoast_head":"<!-- This site is optimized with the Yoast SEO Premium plugin v25.3 (Yoast SEO v25.9) - https:\/\/yoast.com\/wordpress\/plugins\/seo\/ -->\n<title>Teleskopick\u00e1 sedlovka a jej\u00ed benefity. Kdo ji skute\u010dn\u011b vyu\u017eije? | \u0160koda We Love Cycling - \u010cesk\u00e1 republika<\/title>\n<meta name=\"description\" content=\"Pl\u00e1nujete upgrade kola a p\u0159em\u00fd\u0161l\u00edte, zda je pro v\u00e1s prosp\u011b\u0161n\u00e1 teleskopick\u00e1 sedlovka? Pro j\u00edzdu v ter\u00e9nu jde o prvek, kter\u00fd m\u016f\u017ee b\u00fdt velmi u\u017eite\u010dn\u00fd. Ale m\u00e1 smysl pro ka\u017ed\u00e9ho? Nemontuje se tenhle komponent mnohdy jenom proto, \u017ee jde o cool z\u00e1le\u017eitost? A pat\u0159\u00ed v\u00fdhradn\u011b do ter\u00e9nu, nebo ji u\u017eij\u00ed i milovn\u00edci silni\u010dn\u00edch \u010di gravel kol?\" \/>\n<meta name=\"robots\" content=\"index, follow, max-snippet:-1, max-image-preview:large, max-video-preview:-1\" \/>\n<link rel=\"canonical\" href=\"https:\/\/www.welovecycling.com\/cs\/2025\/03\/06\/teleskopicka-sedlovka-a-jeji-benefity-kdo-ji-skutecne-vyuzije\/\" \/>\n<meta property=\"og:locale\" content=\"cs_CZ\" \/>\n<meta property=\"og:type\" content=\"article\" \/>\n<meta property=\"og:title\" content=\"Teleskopick\u00e1 sedlovka a jej\u00ed benefity. Kdo ji skute\u010dn\u011b vyu\u017eije?\" \/>\n<meta property=\"og:description\" content=\"Pl\u00e1nujete upgrade kola a p\u0159em\u00fd\u0161l\u00edte, zda je pro v\u00e1s prosp\u011b\u0161n\u00e1 teleskopick\u00e1 sedlovka? Pro j\u00edzdu v ter\u00e9nu jde o prvek, kter\u00fd m\u016f\u017ee b\u00fdt velmi u\u017eite\u010dn\u00fd. Ale m\u00e1 smysl pro ka\u017ed\u00e9ho? Nemontuje se tenhle komponent mnohdy jenom proto, \u017ee jde o cool z\u00e1le\u017eitost? A pat\u0159\u00ed v\u00fdhradn\u011b do ter\u00e9nu, nebo ji u\u017eij\u00ed i milovn\u00edci silni\u010dn\u00edch \u010di gravel kol?\" \/>\n<meta property=\"og:url\" content=\"https:\/\/www.welovecycling.com\/cs\/2025\/03\/06\/teleskopicka-sedlovka-a-jeji-benefity-kdo-ji-skutecne-vyuzije\/\" \/>\n<meta property=\"og:site_name\" content=\"\u0160koda We Love Cycling - \u010cesk\u00e1 republika\" \/>\n<meta property=\"article:published_time\" content=\"2025-03-06T03:00:55+00:00\" \/>\n<meta property=\"og:image\" content=\"https:\/\/d2p6e6u75xmxt8.cloudfront.net\/13\/2021\/09\/stosek-michal-cerveny-7.webp\" \/>\n\t<meta property=\"og:image:width\" content=\"1600\" \/>\n\t<meta property=\"og:image:height\" content=\"1067\" \/>\n\t<meta property=\"og:image:type\" content=\"image\/webp\" \/>\n<meta name=\"author\" content=\"radekmalina\" \/>\n<meta name=\"twitter:card\" content=\"summary_large_image\" \/>\n<meta name=\"twitter:label1\" content=\"Written by\" \/>\n\t<meta name=\"twitter:data1\" content=\"Radek Malina\" \/>\n\t<meta name=\"twitter:label2\" content=\"Est. reading time\" \/>\n\t<meta name=\"twitter:data2\" content=\"6\" \/>\n<script type=\"application\/ld+json\" class=\"yoast-schema-graph\">{\"@context\":\"https:\/\/schema.org\",\"@graph\":[{\"@type\":\"WebPage\",\"@id\":\"https:\/\/www.welovecycling.com\/cs\/2025\/03\/06\/teleskopicka-sedlovka-a-jeji-benefity-kdo-ji-skutecne-vyuzije\/\",\"url\":\"https:\/\/www.welovecycling.com\/cs\/2025\/03\/06\/teleskopicka-sedlovka-a-jeji-benefity-kdo-ji-skutecne-vyuzije\/\",\"name\":\"Teleskopick\u00e1 sedlovka a jej\u00ed benefity. Kdo ji skute\u010dn\u011b vyu\u017eije? | \u0160koda We Love Cycling - \u010cesk\u00e1 republika\",\"isPartOf\":{\"@id\":\"https:\/\/www.welovecycling.com\/cs\/#website\"},\"primaryImageOfPage\":{\"@id\":\"https:\/\/www.welovecycling.com\/cs\/2025\/03\/06\/teleskopicka-sedlovka-a-jeji-benefity-kdo-ji-skutecne-vyuzije\/#primaryimage\"},\"image\":{\"@id\":\"https:\/\/www.welovecycling.com\/cs\/2025\/03\/06\/teleskopicka-sedlovka-a-jeji-benefity-kdo-ji-skutecne-vyuzije\/#primaryimage\"},\"thumbnailUrl\":\"https:\/\/d2p6e6u75xmxt8.cloudfront.net\/13\/2021\/09\/stosek-michal-cerveny-7.webp\",\"datePublished\":\"2025-03-06T03:00:55+00:00\",\"author\":{\"@id\":\"https:\/\/www.welovecycling.com\/cs\/#\/schema\/person\/d9eeb0a378f3a7e4a6d12d2b536b04b8\"},\"description\":\"Pl\u00e1nujete upgrade kola a p\u0159em\u00fd\u0161l\u00edte, zda je pro v\u00e1s prosp\u011b\u0161n\u00e1 teleskopick\u00e1 sedlovka? Pro j\u00edzdu v ter\u00e9nu jde o prvek, kter\u00fd m\u016f\u017ee b\u00fdt velmi u\u017eite\u010dn\u00fd. Ale m\u00e1 smysl pro ka\u017ed\u00e9ho? Nemontuje se tenhle komponent mnohdy jenom proto, \u017ee jde o cool z\u00e1le\u017eitost? A pat\u0159\u00ed v\u00fdhradn\u011b do ter\u00e9nu, nebo ji u\u017eij\u00ed i milovn\u00edci silni\u010dn\u00edch \u010di gravel kol?\",\"inLanguage\":\"cs\",\"potentialAction\":[{\"@type\":\"ReadAction\",\"target\":[\"https:\/\/www.welovecycling.com\/cs\/2025\/03\/06\/teleskopicka-sedlovka-a-jeji-benefity-kdo-ji-skutecne-vyuzije\/\"]}]},{\"@type\":\"ImageObject\",\"inLanguage\":\"cs\",\"@id\":\"https:\/\/www.welovecycling.com\/cs\/2025\/03\/06\/teleskopicka-sedlovka-a-jeji-benefity-kdo-ji-skutecne-vyuzije\/#primaryimage\",\"url\":\"https:\/\/d2p6e6u75xmxt8.cloudfront.net\/13\/2021\/09\/stosek-michal-cerveny-7.webp\",\"contentUrl\":\"https:\/\/d2p6e6u75xmxt8.cloudfront.net\/13\/2021\/09\/stosek-michal-cerveny-7.webp\",\"width\":1600,\"height\":1067,\"caption\":\"Teleskopick\u00e1 sedlovka\"},{\"@type\":\"WebSite\",\"@id\":\"https:\/\/www.welovecycling.com\/cs\/#website\",\"url\":\"https:\/\/www.welovecycling.com\/cs\/\",\"name\":\"\u0160koda We Love Cycling - \u010cesk\u00e1 republika\",\"description\":\"WeLoveCycling.cz je online magaz\u00edn, kter\u00fd v\u00e1m pravideln\u011b p\u0159in\u00e1\u0161\u00ed rady a tipy, zaj\u00edmav\u00e9 \u010dl\u00e1nky, videa a jedine\u010dn\u00e9 report\u00e1\u017ee ze sv\u011bta cyklistiky.\",\"potentialAction\":[{\"@type\":\"SearchAction\",\"target\":{\"@type\":\"EntryPoint\",\"urlTemplate\":\"https:\/\/www.welovecycling.com\/cs\/?s={search_term_string}\"},\"query-input\":{\"@type\":\"PropertyValueSpecification\",\"valueRequired\":true,\"valueName\":\"search_term_string\"}}],\"inLanguage\":\"cs\"},{\"@type\":\"Person\",\"@id\":\"https:\/\/www.welovecycling.com\/cs\/#\/schema\/person\/d9eeb0a378f3a7e4a6d12d2b536b04b8\",\"name\":\"radekmalina\",\"image\":{\"@type\":\"ImageObject\",\"inLanguage\":\"cs\",\"@id\":\"https:\/\/www.welovecycling.com\/cs\/#\/schema\/person\/image\/\",\"url\":\"https:\/\/secure.gravatar.com\/avatar\/66994b632cb8c39a46b9f54afa3ae07201b678d32a54275b6f1c9ffec356bfc0?s=96&d=mm&r=g\",\"contentUrl\":\"https:\/\/secure.gravatar.com\/avatar\/66994b632cb8c39a46b9f54afa3ae07201b678d32a54275b6f1c9ffec356bfc0?s=96&d=mm&r=g\",\"caption\":\"radekmalina\"},\"url\":\"https:\/\/www.welovecycling.com\/cs\/author\/radekmalina\/\"}]}<\/script>\n<!-- \/ Yoast SEO Premium plugin. -->","yoast_head_json":{"title":"Teleskopick\u00e1 sedlovka a jej\u00ed benefity. Kdo ji skute\u010dn\u011b vyu\u017eije? | \u0160koda We Love Cycling - \u010cesk\u00e1 republika","description":"Pl\u00e1nujete upgrade kola a p\u0159em\u00fd\u0161l\u00edte, zda je pro v\u00e1s prosp\u011b\u0161n\u00e1 teleskopick\u00e1 sedlovka? Pro j\u00edzdu v ter\u00e9nu jde o prvek, kter\u00fd m\u016f\u017ee b\u00fdt velmi u\u017eite\u010dn\u00fd. Ale m\u00e1 smysl pro ka\u017ed\u00e9ho? Nemontuje se tenhle komponent mnohdy jenom proto, \u017ee jde o cool z\u00e1le\u017eitost? A pat\u0159\u00ed v\u00fdhradn\u011b do ter\u00e9nu, nebo ji u\u017eij\u00ed i milovn\u00edci silni\u010dn\u00edch \u010di gravel kol?","robots":{"index":"index","follow":"follow","max-snippet":"max-snippet:-1","max-image-preview":"max-image-preview:large","max-video-preview":"max-video-preview:-1"},"canonical":"https:\/\/www.welovecycling.com\/cs\/2025\/03\/06\/teleskopicka-sedlovka-a-jeji-benefity-kdo-ji-skutecne-vyuzije\/","og_locale":"cs_CZ","og_type":"article","og_title":"Teleskopick\u00e1 sedlovka a jej\u00ed benefity. Kdo ji skute\u010dn\u011b vyu\u017eije?","og_description":"Pl\u00e1nujete upgrade kola a p\u0159em\u00fd\u0161l\u00edte, zda je pro v\u00e1s prosp\u011b\u0161n\u00e1 teleskopick\u00e1 sedlovka? Pro j\u00edzdu v ter\u00e9nu jde o prvek, kter\u00fd m\u016f\u017ee b\u00fdt velmi u\u017eite\u010dn\u00fd. Ale m\u00e1 smysl pro ka\u017ed\u00e9ho? Nemontuje se tenhle komponent mnohdy jenom proto, \u017ee jde o cool z\u00e1le\u017eitost? A pat\u0159\u00ed v\u00fdhradn\u011b do ter\u00e9nu, nebo ji u\u017eij\u00ed i milovn\u00edci silni\u010dn\u00edch \u010di gravel kol?","og_url":"https:\/\/www.welovecycling.com\/cs\/2025\/03\/06\/teleskopicka-sedlovka-a-jeji-benefity-kdo-ji-skutecne-vyuzije\/","og_site_name":"\u0160koda We Love Cycling - \u010cesk\u00e1 republika","article_published_time":"2025-03-06T03:00:55+00:00","og_image":[{"width":1600,"height":1067,"url":"https:\/\/d2p6e6u75xmxt8.cloudfront.net\/13\/2021\/09\/stosek-michal-cerveny-7.webp","type":"image\/webp"}],"author":"radekmalina","twitter_card":"summary_large_image","twitter_misc":{"Written by":"Radek Malina","Est. reading time":"6"},"schema":{"@context":"https:\/\/schema.org","@graph":[{"@type":"WebPage","@id":"https:\/\/www.welovecycling.com\/cs\/2025\/03\/06\/teleskopicka-sedlovka-a-jeji-benefity-kdo-ji-skutecne-vyuzije\/","url":"https:\/\/www.welovecycling.com\/cs\/2025\/03\/06\/teleskopicka-sedlovka-a-jeji-benefity-kdo-ji-skutecne-vyuzije\/","name":"Teleskopick\u00e1 sedlovka a jej\u00ed benefity. Kdo ji skute\u010dn\u011b vyu\u017eije? | \u0160koda We Love Cycling - \u010cesk\u00e1 republika","isPartOf":{"@id":"https:\/\/www.welovecycling.com\/cs\/#website"},"primaryImageOfPage":{"@id":"https:\/\/www.welovecycling.com\/cs\/2025\/03\/06\/teleskopicka-sedlovka-a-jeji-benefity-kdo-ji-skutecne-vyuzije\/#primaryimage"},"image":{"@id":"https:\/\/www.welovecycling.com\/cs\/2025\/03\/06\/teleskopicka-sedlovka-a-jeji-benefity-kdo-ji-skutecne-vyuzije\/#primaryimage"},"thumbnailUrl":"https:\/\/d2p6e6u75xmxt8.cloudfront.net\/13\/2021\/09\/stosek-michal-cerveny-7.webp","datePublished":"2025-03-06T03:00:55+00:00","author":{"@id":"https:\/\/www.welovecycling.com\/cs\/#\/schema\/person\/d9eeb0a378f3a7e4a6d12d2b536b04b8"},"description":"Pl\u00e1nujete upgrade kola a p\u0159em\u00fd\u0161l\u00edte, zda je pro v\u00e1s prosp\u011b\u0161n\u00e1 teleskopick\u00e1 sedlovka? Pro j\u00edzdu v ter\u00e9nu jde o prvek, kter\u00fd m\u016f\u017ee b\u00fdt velmi u\u017eite\u010dn\u00fd. Ale m\u00e1 smysl pro ka\u017ed\u00e9ho? Nemontuje se tenhle komponent mnohdy jenom proto, \u017ee jde o cool z\u00e1le\u017eitost? A pat\u0159\u00ed v\u00fdhradn\u011b do ter\u00e9nu, nebo ji u\u017eij\u00ed i milovn\u00edci silni\u010dn\u00edch \u010di gravel kol?","inLanguage":"cs","potentialAction":[{"@type":"ReadAction","target":["https:\/\/www.welovecycling.com\/cs\/2025\/03\/06\/teleskopicka-sedlovka-a-jeji-benefity-kdo-ji-skutecne-vyuzije\/"]}]},{"@type":"ImageObject","inLanguage":"cs","@id":"https:\/\/www.welovecycling.com\/cs\/2025\/03\/06\/teleskopicka-sedlovka-a-jeji-benefity-kdo-ji-skutecne-vyuzije\/#primaryimage","url":"https:\/\/d2p6e6u75xmxt8.cloudfront.net\/13\/2021\/09\/stosek-michal-cerveny-7.webp","contentUrl":"https:\/\/d2p6e6u75xmxt8.cloudfront.net\/13\/2021\/09\/stosek-michal-cerveny-7.webp","width":1600,"height":1067,"caption":"Teleskopick\u00e1 sedlovka"},{"@type":"WebSite","@id":"https:\/\/www.welovecycling.com\/cs\/#website","url":"https:\/\/www.welovecycling.com\/cs\/","name":"\u0160koda We Love Cycling - \u010cesk\u00e1 republika","description":"WeLoveCycling.cz je online magaz\u00edn, kter\u00fd v\u00e1m pravideln\u011b p\u0159in\u00e1\u0161\u00ed rady a tipy, zaj\u00edmav\u00e9 \u010dl\u00e1nky, videa a jedine\u010dn\u00e9 report\u00e1\u017ee ze sv\u011bta cyklistiky.","potentialAction":[{"@type":"SearchAction","target":{"@type":"EntryPoint","urlTemplate":"https:\/\/www.welovecycling.com\/cs\/?s={search_term_string}"},"query-input":{"@type":"PropertyValueSpecification","valueRequired":true,"valueName":"search_term_string"}}],"inLanguage":"cs"},{"@type":"Person","@id":"https:\/\/www.welovecycling.com\/cs\/#\/schema\/person\/d9eeb0a378f3a7e4a6d12d2b536b04b8","name":"radekmalina","image":{"@type":"ImageObject","inLanguage":"cs","@id":"https:\/\/www.welovecycling.com\/cs\/#\/schema\/person\/image\/","url":"https:\/\/secure.gravatar.com\/avatar\/66994b632cb8c39a46b9f54afa3ae07201b678d32a54275b6f1c9ffec356bfc0?s=96&d=mm&r=g","contentUrl":"https:\/\/secure.gravatar.com\/avatar\/66994b632cb8c39a46b9f54afa3ae07201b678d32a54275b6f1c9ffec356bfc0?s=96&d=mm&r=g","caption":"radekmalina"},"url":"https:\/\/www.welovecycling.com\/cs\/author\/radekmalina\/"}]}},"_links":{"self":[{"href":"https:\/\/www.welovecycling.com\/cs\/wp-json\/wp\/v2\/posts\/28436","targetHints":{"allow":["GET"]}}],"collection":[{"href":"https:\/\/www.welovecycling.com\/cs\/wp-json\/wp\/v2\/posts"}],"about":[{"href":"https:\/\/www.welovecycling.com\/cs\/wp-json\/wp\/v2\/types\/post"}],"author":[{"embeddable":true,"href":"https:\/\/www.welovecycling.com\/cs\/wp-json\/wp\/v2\/users\/138"}],"replies":[{"embeddable":true,"href":"https:\/\/www.welovecycling.com\/cs\/wp-json\/wp\/v2\/comments?post=28436"}],"version-history":[{"count":4,"href":"https:\/\/www.welovecycling.com\/cs\/wp-json\/wp\/v2\/posts\/28436\/revisions"}],"predecessor-version":[{"id":28480,"href":"https:\/\/www.welovecycling.com\/cs\/wp-json\/wp\/v2\/posts\/28436\/revisions\/28480"}],"wp:featuredmedia":[{"embeddable":true,"href":"https:\/\/www.welovecycling.com\/cs\/wp-json\/wp\/v2\/media\/14641"}],"wp:attachment":[{"href":"https:\/\/www.welovecycling.com\/cs\/wp-json\/wp\/v2\/media?parent=28436"}],"wp:term":[{"taxonomy":"category","embeddable":true,"href":"https:\/\/www.welovecycling.com\/cs\/wp-json\/wp\/v2\/categories?post=28436"},{"taxonomy":"post_tag","embeddable":true,"href":"https:\/\/www.welovecycling.com\/cs\/wp-json\/wp\/v2\/tags?post=28436"},{"taxonomy":"global-categories","embeddable":true,"href":"https:\/\/www.welovecycling.com\/cs\/wp-json\/wp\/v2\/global-categories?post=28436"}],"curies":[{"name":"wp","href":"https:\/\/api.w.org\/{rel}","templated":true}]}}