{"id":28426,"date":"2025-03-05T05:00:03","date_gmt":"2025-03-05T03:00:03","guid":{"rendered":"https:\/\/www.welovecycling.com\/cs\/?p=28426"},"modified":"2025-03-04T19:58:50","modified_gmt":"2025-03-04T17:58:50","slug":"jak-se-pripravit-na-prvni-zavod","status":"publish","type":"post","link":"https:\/\/www.welovecycling.com\/cs\/2025\/03\/05\/jak-se-pripravit-na-prvni-zavod\/","title":{"rendered":"Jak se p\u0159ipravit na prvn\u00ed z\u00e1vod?"},"content":{"rendered":"<p><strong>M\u016f\u017ee j\u00edt o skv\u011blou motivaci? Co m\u00e1me na mysli? P\u0159ece prvn\u00ed z\u00e1vod. Nen\u00ed nic lep\u0161\u00edho ne\u017e se po zimn\u00ed d\u0159in\u011b na trena\u017e\u00e9ru, v posilovn\u011b \u010di v baz\u00e9nu nebo na b\u011b\u017ek\u00e1ch odm\u011bnit \u00fa\u010dast\u00ed v sout\u011b\u017en\u00ed akci se startovn\u00edm \u010d\u00edslem na dresu a kole. Jak se ale na prvn\u00ed z\u00e1vod nachystat?<\/strong><\/p>\n<h2><strong>Vyberte vhodn\u00fd prvn\u00ed z\u00e1vod<\/strong><\/h2>\n<p>Z\u00e1vod\u016f v \u010cesku existuje nepo\u010d\u00edtan\u011b. Silni\u010dn\u00ed z\u00e1vody, gravelov\u00e9 z\u00e1vody, z\u00e1vody horsk\u00fdch kol. Tak\u017ee prim\u00e1rn\u011b je t\u0159eba zvolit discipl\u00ednu, v kter\u00e9 si chcete p\u0159ipnout startovn\u00ed \u010d\u00edslo. Gravel z\u00e1vody jsou fajn pro za\u010d\u00e1te\u010dn\u00edky, proto\u017ee se nemus\u00ed b\u00e1t tla\u010denice v pelotonu. Nav\u00edc v\u011bt\u0161inou jde o krat\u0161\u00ed distance ne\u017e v p\u0159\u00edpad\u011b silni\u010dn\u00ed cyklistiky. Z\u00e1vody horsk\u00fdch kol sice nab\u00edz\u00ed r\u016fzn\u00e9 kategorie podle d\u00e9lky z\u00e1vod\u016f, ale je pot\u0159eba b\u00fdt p\u0159ipraven\u00fd na mnohem v\u011bt\u0161\u00ed technickou n\u00e1ro\u010dnost.<\/p>\n<h2><strong>Zam\u011b\u0159te se na j\u00eddlo i pit\u00ed<\/strong><\/h2>\n<p>Jestli\u017ee nem\u00e1te zku\u0161enosti s dopl\u0148ov\u00e1n\u00edm energie b\u011bhem z\u00e1vodu, v\u0161echno v p\u0159edstihu tr\u00e9nujte. Ano, p\u0159\u00edjem potravy a tak\u00e9 hydratace organismu p\u0159i ostr\u00e9 j\u00edzd\u011b je skute\u010dn\u00e1 v\u011bda. Tak\u017ee v\u011bnujte jednotliv\u00e9 tr\u00e9ninky v dostate\u010dn\u00e9m \u010dasov\u00e9m p\u0159edstihu <a href=\"https:\/\/www.welovecycling.com\/cs\/2023\/02\/07\/jak-dulezite-je-nacasovani-jidla-a-treninku\/\">vylad\u011bn\u00ed p\u0159\u00edjmu mno\u017estv\u00ed j\u00eddla<\/a>, frekvenci mls\u00e1n\u00ed v sedle i jeho podob\u011b.<\/p>\n<figure id=\"attachment_17988\" aria-describedby=\"caption-attachment-17988\" style=\"width: 1800px\" class=\"wp-caption alignnone\"><a href=\"https:\/\/d2p6e6u75xmxt8.cloudfront.net\/13\/2022\/07\/wlc-jidlo-profimedia-0018538651.webp\"><img loading=\"lazy\" decoding=\"async\" class=\"size-full wp-image-17988\" src=\"https:\/\/d2p6e6u75xmxt8.cloudfront.net\/13\/2022\/07\/wlc-jidlo-profimedia-0018538651.webp\" alt=\"\" width=\"1800\" height=\"1233\" srcset=\"https:\/\/d2p6e6u75xmxt8.cloudfront.net\/13\/2022\/07\/wlc-jidlo-profimedia-0018538651.webp 1800w, https:\/\/d2p6e6u75xmxt8.cloudfront.net\/13\/2022\/07\/wlc-jidlo-profimedia-0018538651-300x206.webp 300w, https:\/\/d2p6e6u75xmxt8.cloudfront.net\/13\/2022\/07\/wlc-jidlo-profimedia-0018538651-1024x701.webp 1024w, https:\/\/d2p6e6u75xmxt8.cloudfront.net\/13\/2022\/07\/wlc-jidlo-profimedia-0018538651-768x526.webp 768w, https:\/\/d2p6e6u75xmxt8.cloudfront.net\/13\/2022\/07\/wlc-jidlo-profimedia-0018538651-1536x1052.webp 1536w\" sizes=\"auto, (max-width: 1800px) 100vw, 1800px\" \/><\/a><figcaption id=\"caption-attachment-17988\" class=\"wp-caption-text\"><em>J\u00eddlo je d\u016fle\u017eitou sou\u010d\u00e1st\u00ed p\u0159\u00edpravy na prvn\u00ed z\u00e1vod.<\/em><\/figcaption><\/figure>\n<p>N\u011bkdo preferuje gely, dal\u0161\u00edm cyklist\u016fm sed\u00ed t\u0159eba mal\u00e9 sendvi\u010de, jin\u00fdm ban\u00e1ny&#8230; Pak je zde volba, zda p\u0159ijmout v\u00edce slan\u00e9ho \u010di sladk\u00e9ho. N\u011bkdo chce sacharidy v tekut\u00e9 form\u011b do bidonu, dal\u0161\u00ed preferuje v l\u00e1hv\u00edch \u010distou vodu&#8230;<\/p>\n<h2><strong>Dostate\u010dn\u011b tr\u00e9nujte<\/strong><\/h2>\n<p>P\u0159ihl\u00e1\u0161en\u00ed do z\u00e1vodu je z\u00e1sadn\u00edm motiva\u010dn\u00edm motorem do p\u0159\u00edpravy. V m\u011bs\u00edc\u00edch p\u0159ed term\u00ednem z\u00e1vodu je pot\u0159eba tr\u00e1vit dostatek \u010dasu p\u0159\u00edpravou, abyste v den D byli skv\u011ble p\u0159ipraveni.<\/p>\n<div class=\"shortcode-ys-post-pinup\"><article class=\"loop-simple post-28344 post type-post status-publish format-standard has-post-thumbnail hentry category-rady-tipy tag-cyklistika tag-enve-melee tag-future-cycling tag-kristian-hynek tag-predstaveni-kola tag-silnicni-cyklistika global-categories-cycling\" data-postid=\"28344\" role=\"article\" data-post-id=\"28344\" data-word-count=\"656\" data-headline-length=\"80\" data-category=\"Rady &amp; tipy\" data-global-category=\"Cycling\" data-author=\"We Love Cycling\" data-published=\"2025-03-03T04:05:29+02:00\" data-published-day=\"Monday\">\n    <div class=\"entry-thumbnail article-thumbnail\" content=\"https:\/\/d2p6e6u75xmxt8.cloudfront.net\/13\/2025\/02\/IMG-20250220-WA0009-150x150.webp\"><a href=\"https:\/\/www.welovecycling.com\/cs\/2025\/03\/03\/predstaveni-enve-melee-ohromujici-zavodak-co-z-hobika-nevytrese-dusi\/\" class=\"image-holder\" target=\"_self\"><img decoding=\"async\" loading=\"lazy\" class=\"\" src=\"https:\/\/d2p6e6u75xmxt8.cloudfront.net\/13\/2025\/02\/IMG-20250220-WA0009-1024x768.webp\" srcset=\"https:\/\/d2p6e6u75xmxt8.cloudfront.net\/13\/2025\/02\/IMG-20250220-WA0009-scaled.webp 2560w, https:\/\/d2p6e6u75xmxt8.cloudfront.net\/13\/2025\/02\/IMG-20250220-WA0009-300x225.webp 300w, https:\/\/d2p6e6u75xmxt8.cloudfront.net\/13\/2025\/02\/IMG-20250220-WA0009-1024x768.webp 1024w, https:\/\/d2p6e6u75xmxt8.cloudfront.net\/13\/2025\/02\/IMG-20250220-WA0009-768x576.webp 768w, https:\/\/d2p6e6u75xmxt8.cloudfront.net\/13\/2025\/02\/IMG-20250220-WA0009-1536x1152.webp 1536w, https:\/\/d2p6e6u75xmxt8.cloudfront.net\/13\/2025\/02\/IMG-20250220-WA0009-2048x1536.webp 2048w, https:\/\/d2p6e6u75xmxt8.cloudfront.net\/13\/2025\/02\/IMG-20250220-WA0009-1920x1440.webp 1920w, https:\/\/d2p6e6u75xmxt8.cloudfront.net\/13\/2025\/02\/IMG-20250220-WA0009-400x300.webp 400w, https:\/\/d2p6e6u75xmxt8.cloudfront.net\/13\/2025\/02\/IMG-20250220-WA0009-1920x1440.webp 1920w\" width=\"1024\" height=\"768\" sizes=\"auto, (min-width: 1200px) 300px, (min-width: 768px) 25vw, 100vw\" alt=\"predstaveni-enve-melee-ohromujici-zavodak-co-z-hobika-nevytrese-dusi\"\/><\/a><\/div>    <div class=\"entry-meta\">\n        <a class=\"label label-secondary post-category\" href=\"https:\/\/www.welovecycling.com\/cs\/category\/rady-tipy\/\" title=\"Rady &amp; tipy\">Rady &amp; tipy<\/a>\n    <\/div>\n    <div class=\"entry-details\">\n        <a href=\"https:\/\/www.welovecycling.com\/cs\/2025\/03\/03\/predstaveni-enve-melee-ohromujici-zavodak-co-z-hobika-nevytrese-dusi\/\" class='entry-title-wrapper'>\n            <h3 class=\"entry-title\"><span>P\u0159edstaven\u00ed Enve Melee: ohromuj\u00edc\u00ed z\u00e1vo\u010f\u00e1k, co z hob\u00edka nevyt\u0159ese du\u0161i<\/span><\/h3>\n        <\/a>\n    <\/div>\n    <\/article>\n<\/div>\n<p>Jakmile to umo\u017en\u00ed po\u010das\u00ed, zakomponujte do tr\u00e9ninkov\u00e9ho pl\u00e1nu minim\u00e1ln\u011b jednu j\u00edzdu v d\u00e9lce z\u00e1vodu, abyste alespo\u0148 kop\u00edrovali \u010das v sedle, kter\u00fd si bude \u017e\u00e1dat z\u00e1vod. Sna\u017ete se tr\u00e9novat v podobn\u00e9m ter\u00e9nu a pokud jste zvolili del\u0161\u00ed distanci, nezapome\u0148te na vytrvalost.<\/p>\n<h2><strong>Zkuste j\u00edzdu ve skupin\u011b<\/strong><\/h2>\n<p>A\u0165 u\u017e pojedete silni\u010dn\u00ed z\u00e1vod nebo se chyst\u00e1te s \u010d\u00edslem na dresu do bitvy v ter\u00e9nu, zkuste v p\u0159edstihu <a href=\"https:\/\/www.welovecycling.com\/cs\/2021\/07\/22\/ve-zdravi-tam-a-zase-zpet-tipy-pro-jizdu-v-baliku-pelotonu\/\">tr\u00e9nink ve skupin\u011b<\/a>. Proto\u017ee pokud nem\u00e1te s takovou j\u00edzdou zku\u0161enosti, je dobr\u00e9 osvojit si z\u00e1kladn\u00ed pravidla j\u00edzdy v bal\u00edku a adaptovat se na pot\u0159eby n\u00e1le\u017e\u00edc\u00ed z\u00e1vodu ve skupin\u011b. A nejde jenom o silni\u010dn\u00ed bitvy.<\/p>\n<p><a href=\"https:\/\/d2p6e6u75xmxt8.cloudfront.net\/13\/2024\/06\/Letape2024vyber-053.webp\"><img loading=\"lazy\" decoding=\"async\" class=\"alignnone size-extra-large wp-image-25784\" src=\"https:\/\/d2p6e6u75xmxt8.cloudfront.net\/13\/2024\/06\/Letape2024vyber-053-1920x1281.webp\" alt=\"\" width=\"1920\" height=\"1281\" srcset=\"https:\/\/d2p6e6u75xmxt8.cloudfront.net\/13\/2024\/06\/Letape2024vyber-053-1920x1281.webp 1920w, https:\/\/d2p6e6u75xmxt8.cloudfront.net\/13\/2024\/06\/Letape2024vyber-053-300x200.webp 300w, https:\/\/d2p6e6u75xmxt8.cloudfront.net\/13\/2024\/06\/Letape2024vyber-053-1024x683.webp 1024w, https:\/\/d2p6e6u75xmxt8.cloudfront.net\/13\/2024\/06\/Letape2024vyber-053-768x512.webp 768w, https:\/\/d2p6e6u75xmxt8.cloudfront.net\/13\/2024\/06\/Letape2024vyber-053-1536x1025.webp 1536w, https:\/\/d2p6e6u75xmxt8.cloudfront.net\/13\/2024\/06\/Letape2024vyber-053-400x267.webp 400w, https:\/\/d2p6e6u75xmxt8.cloudfront.net\/13\/2024\/06\/Letape2024vyber-053-272x182.webp 272w, https:\/\/d2p6e6u75xmxt8.cloudfront.net\/13\/2024\/06\/Letape2024vyber-053.webp 2048w, https:\/\/d2p6e6u75xmxt8.cloudfront.net\/13\/2024\/06\/Letape2024vyber-053-1920x1281.webp 1920w\" sizes=\"auto, (max-width: 1920px) 100vw, 1920px\" \/><\/a><\/p>\n<p>Budete p\u0159ekvapen\u00ed, jak\u00e1 \u0159evnivost m\u016f\u017ee nastat mezi bikery p\u0159i n\u00e1jezdu ze \u0161irok\u00e9 pol\u0148a\u010dky na \u00fazkou lesn\u00ed cesti\u010dku nebo bitva o pozice p\u0159ed bl\u00ed\u017e\u00edc\u00edm se sjezdem.<\/p>\n<h2><strong>Tr\u00e9nujte v z\u00e1vodn\u00edm re\u017eimu<\/strong><\/h2>\n<p>Rozhodn\u011b minim\u00e1ln\u011b jednu tr\u00e9ninkovou j\u00edzdu absolvujte v z\u00e1vodn\u00edm nastaven\u00ed. Vezm\u011bte si dres, kra\u0165asy i tretry, s nimi\u017e pl\u00e1nujete z\u00e1vodit, abyste se vyhnuli nep\u0159\u00edjemn\u00e9m p\u0159ekvapen\u00edm, \u017ee t\u0159eba kalhoty nesed\u00ed ide\u00e1ln\u011b a dres v\u00e1s n\u011bkde \u0161krt\u00ed. V den z\u00e1 vodu je t\u0159eba sto procent my\u0161lenek v\u011bnovat pouze j\u00edzd\u011b na kole. Kdy\u017e v\u00e1m bude v\u0161e sed\u011bt, budete p\u0159i z\u00e1vod\u011b jist\u011bj\u0161\u00ed a tud\u00ed\u017e rychlej\u0161\u00ed.<\/p>\n<h2><strong>V\u011bnujte p\u00e9\u010di bicyklu<\/strong><\/h2>\n<p>S dostate\u010dn\u00fdm p\u0159edstihem d\u016fkladn\u011b zkontrolujte kolo a v\u0161echny jeho komponenty, abyste m\u011bli jistotu, \u017ee v den z\u00e1vodu bude v\u00e1\u0161 bicykl fungovat dokonale.<\/p>\n<p><a href=\"https:\/\/d2p6e6u75xmxt8.cloudfront.net\/13\/2023\/01\/mcer-prehazovacka-kazeta-blato-paska-defekt-michal-cerveny.webp\"><img loading=\"lazy\" decoding=\"async\" class=\"size-full wp-image-20230\" src=\"https:\/\/d2p6e6u75xmxt8.cloudfront.net\/13\/2023\/01\/mcer-prehazovacka-kazeta-blato-paska-defekt-michal-cerveny.webp\" alt=\"\" width=\"1600\" height=\"1067\" srcset=\"https:\/\/d2p6e6u75xmxt8.cloudfront.net\/13\/2023\/01\/mcer-prehazovacka-kazeta-blato-paska-defekt-michal-cerveny.webp 1600w, https:\/\/d2p6e6u75xmxt8.cloudfront.net\/13\/2023\/01\/mcer-prehazovacka-kazeta-blato-paska-defekt-michal-cerveny-300x200.webp 300w, https:\/\/d2p6e6u75xmxt8.cloudfront.net\/13\/2023\/01\/mcer-prehazovacka-kazeta-blato-paska-defekt-michal-cerveny-1024x683.webp 1024w, https:\/\/d2p6e6u75xmxt8.cloudfront.net\/13\/2023\/01\/mcer-prehazovacka-kazeta-blato-paska-defekt-michal-cerveny-768x512.webp 768w, https:\/\/d2p6e6u75xmxt8.cloudfront.net\/13\/2023\/01\/mcer-prehazovacka-kazeta-blato-paska-defekt-michal-cerveny-1536x1024.webp 1536w, https:\/\/d2p6e6u75xmxt8.cloudfront.net\/13\/2023\/01\/mcer-prehazovacka-kazeta-blato-paska-defekt-michal-cerveny-272x182.webp 272w\" sizes=\"auto, (max-width: 1600px) 100vw, 1600px\" \/><\/a><\/p>\n<p>Nezapome\u0148te na kontrolu pneumatik, aby nebyly n\u011bkter\u00e9 natr\u017een\u00e9 nebo jinak po\u0161kozen\u00e9. Nezapome\u0148te vy\u010distit a promazat \u0159et\u011bz. P\u00e9\u010di v\u011bnujte i \u0159azen\u00ed a brzd\u00e1m.<\/p>\n<h2><strong>P\u0159ed z\u00e1vodem se dob\u0159e najezte<\/strong><\/h2>\n<p>Nejpozd\u011bji den p\u0159ed z\u00e1vodem se zam\u011b\u0159te na dostate\u010dnou hydrataci s v\u011bdom\u00edm bl\u00ed\u017e\u00edc\u00edho se sportovn\u00edho v\u00fdkonu. A dob\u0159e jezte. Rozhodn\u011b se vyhn\u011bte experiment\u016fm s j\u00eddlem b\u011bhem osma\u010dty\u0159iceti hodin p\u0159ed startem z\u00e1vodu. A \u010dty\u0159iadvacet hodin p\u0159ed startem pamatujte na dostate\u010dn\u00fd p\u0159\u00edsun sacharid\u016f a b\u00edlkovin.<\/p>\n<h2><strong>U\u017eijte si z\u00e1vod<\/strong><\/h2>\n<p>Prvn\u00edm bodem je p\u0159ijet do d\u011bji\u0161t\u011b z\u00e1vodu v\u010das. Pokud je startovn\u00ed v\u00fdst\u0159el napl\u00e1novan\u00fd \u010dasn\u011b r\u00e1no a mus\u00edte absolvovat dlouh\u00fd transfer, zva\u017ete ubytov\u00e1n\u00ed v m\u00edst\u011b z\u00e1vodu. Proto\u017ee nen\u00ed nic hor\u0161\u00edho, ne\u017e pro\u017e\u00edvat posledn\u00ed des\u00edtky minut p\u0159ed \u00favodn\u00edmi metry ve stresu. T\u00edm sp\u00ed\u0161e, pokud jde o v\u00e1\u0161 prvn\u00ed z\u00e1vod.<\/p>\n<div class=\"shortcode-ys-post-pinup\"><article class=\"loop-simple post-28257 post type-post status-publish format-standard has-post-thumbnail hentry category-https-www-welovecycling-com-cs-category-zabava tag-bradley-wiggins tag-cyklistika tag-jiri-jezek tag-lance-armstrong tag-lets-dance tag-peter-sagan tag-reality-show tag-richard-virenque tag-silnicni-cyklistika tag-tanecni-soutez global-categories-cycling\" data-postid=\"28257\" role=\"article\" data-post-id=\"28257\" data-word-count=\"647\" data-headline-length=\"52\" data-category=\"Z\u00c1BAVA\" data-global-category=\"Cycling\" data-author=\"We Love Cycling\" data-published=\"2025-02-16T17:30:57+02:00\" data-published-day=\"Sunday\">\n    <div class=\"entry-thumbnail article-thumbnail\" content=\"https:\/\/d2p6e6u75xmxt8.cloudfront.net\/13\/2022\/08\/zeleny-sagan-profimedia-0461065075-150x150.webp\"><a href=\"https:\/\/www.welovecycling.com\/cs\/2025\/02\/16\/peter-sagan-je-zpet-radikalne-meni-disciplinu\/\" class=\"image-holder\" target=\"_self\"><img decoding=\"async\" loading=\"lazy\" class=\"\" src=\"https:\/\/d2p6e6u75xmxt8.cloudfront.net\/13\/2022\/08\/zeleny-sagan-profimedia-0461065075-1024x683.webp\" srcset=\"https:\/\/d2p6e6u75xmxt8.cloudfront.net\/13\/2022\/08\/zeleny-sagan-profimedia-0461065075.webp 1800w, https:\/\/d2p6e6u75xmxt8.cloudfront.net\/13\/2022\/08\/zeleny-sagan-profimedia-0461065075-300x200.webp 300w, https:\/\/d2p6e6u75xmxt8.cloudfront.net\/13\/2022\/08\/zeleny-sagan-profimedia-0461065075-1024x683.webp 1024w, https:\/\/d2p6e6u75xmxt8.cloudfront.net\/13\/2022\/08\/zeleny-sagan-profimedia-0461065075-768x512.webp 768w, https:\/\/d2p6e6u75xmxt8.cloudfront.net\/13\/2022\/08\/zeleny-sagan-profimedia-0461065075-1536x1024.webp 1536w, https:\/\/d2p6e6u75xmxt8.cloudfront.net\/13\/2022\/08\/zeleny-sagan-profimedia-0461065075-272x182.webp 272w\" width=\"1024\" height=\"683\" sizes=\"auto, (min-width: 1200px) 300px, (min-width: 768px) 25vw, 100vw\" alt=\"peter-sagan-je-zpet-radikalne-meni-disciplinu\"\/><\/a><\/div>    <div class=\"entry-meta\">\n        <a class=\"label label-secondary post-category\" href=\"https:\/\/www.welovecycling.com\/cs\/category\/https-www-welovecycling-com-cs-category-zabava\/\" title=\"Z\u00c1BAVA\">Z\u00c1BAVA<\/a>\n    <\/div>\n    <div class=\"entry-details\">\n        <a href=\"https:\/\/www.welovecycling.com\/cs\/2025\/02\/16\/peter-sagan-je-zpet-radikalne-meni-disciplinu\/\" class='entry-title-wrapper'>\n            <h3 class=\"entry-title\"><span>Peter Sagan je zp\u011bt! Radik\u00e1ln\u011b m\u011bn\u00ed discipl\u00ednu<\/span><\/h3>\n        <\/a>\n    <\/div>\n    <\/article>\n<\/div>\n<p>Nezapome\u0148te se p\u0159ed startem zah\u0159\u00e1t. A pak u\u017e si jen u\u017eijte den v sedle po boku stejn\u00fdch nad\u0161enc\u016f. Pamatujte, \u017ee v p\u0159\u00edpad\u011b amat\u00e9rsk\u00fdch cyklist\u016f, zejm\u00e9na pokud jde o v\u00e1\u0161 prvn\u00ed z\u00e1vod, je smyslem dokon\u010dit z\u00e1vod ve zdrav\u00ed. Je\u010fte tak, abyste neohrozili sebe ani ostatn\u00ed. Kdy\u017e z\u016fstanete na zadn\u00edch pozic\u00edch, nejde o trag\u00e9dii. V\u0161echno p\u0159edstavuje novou zku\u0161enost, kterou m\u016f\u017eete z\u00faro\u010dit v dal\u0161\u00edm z\u00e1vod\u011b.<\/p>\n","protected":false},"excerpt":{"rendered":"<p>M\u016f\u017ee j\u00edt o skv\u011blou motivaci? Co m\u00e1me na mysli? P\u0159ece prvn\u00ed z\u00e1vod. Nen\u00ed nic lep\u0161\u00edho ne\u017e se po zimn\u00ed d\u0159in\u011b [&hellip;]<\/p>\n","protected":false},"author":138,"featured_media":12973,"comment_status":"open","ping_status":"open","sticky":false,"template":"","format":"standard","meta":{"footnotes":""},"categories":[15],"tags":[126,2001,56,3597,4087,9,4098],"global-categories":[411],"class_list":["post-28426","post","type-post","status-publish","format-standard","has-post-thumbnail","hentry","category-rady-tipy","tag-cyklistika","tag-gravel","tag-horska-cyklistika","tag-jizda-ve-skupine","tag-prvni-zavod","tag-silnicni-cyklistika","tag-stravovani-na-kole","global-categories-cycling"],"yoast_head":"<!-- This site is optimized with the Yoast SEO Premium plugin v25.3 (Yoast SEO v25.9) - https:\/\/yoast.com\/wordpress\/plugins\/seo\/ -->\n<title>Jak se p\u0159ipravit na prvn\u00ed z\u00e1vod? | \u0160koda We Love Cycling - \u010cesk\u00e1 republika<\/title>\n<meta name=\"description\" content=\"Prvn\u00ed z\u00e1vod m\u016f\u017ee poslou\u017eit jako skv\u011bl\u00e1 motivace do tr\u00e9ninku. Je v\u0161ak d\u016fle\u017eit\u00e9 v\u0161echno dob\u0159e promyslet a napl\u00e1novat!\" \/>\n<meta name=\"robots\" content=\"index, follow, max-snippet:-1, max-image-preview:large, max-video-preview:-1\" \/>\n<link rel=\"canonical\" href=\"https:\/\/www.welovecycling.com\/cs\/2025\/03\/05\/jak-se-pripravit-na-prvni-zavod\/\" \/>\n<meta property=\"og:locale\" content=\"cs_CZ\" \/>\n<meta property=\"og:type\" content=\"article\" \/>\n<meta property=\"og:title\" content=\"Jak se p\u0159ipravit na prvn\u00ed z\u00e1vod?\" \/>\n<meta property=\"og:description\" content=\"Prvn\u00ed z\u00e1vod m\u016f\u017ee poslou\u017eit jako skv\u011bl\u00e1 motivace do tr\u00e9ninku. Je v\u0161ak d\u016fle\u017eit\u00e9 v\u0161echno dob\u0159e promyslet a napl\u00e1novat!\" \/>\n<meta property=\"og:url\" content=\"https:\/\/www.welovecycling.com\/cs\/2025\/03\/05\/jak-se-pripravit-na-prvni-zavod\/\" \/>\n<meta property=\"og:site_name\" content=\"\u0160koda We Love Cycling - \u010cesk\u00e1 republika\" \/>\n<meta property=\"article:published_time\" content=\"2025-03-05T03:00:03+00:00\" \/>\n<meta property=\"og:image\" content=\"https:\/\/d2p6e6u75xmxt8.cloudfront.net\/13\/2021\/05\/cislo.webp\" \/>\n\t<meta property=\"og:image:width\" content=\"659\" \/>\n\t<meta property=\"og:image:height\" content=\"440\" \/>\n\t<meta property=\"og:image:type\" content=\"image\/webp\" \/>\n<meta name=\"author\" content=\"radekmalina\" \/>\n<meta name=\"twitter:card\" content=\"summary_large_image\" \/>\n<meta name=\"twitter:label1\" content=\"Written by\" \/>\n\t<meta name=\"twitter:data1\" content=\"We Love Cycling\" \/>\n\t<meta name=\"twitter:label2\" content=\"Est. reading time\" \/>\n\t<meta name=\"twitter:data2\" content=\"5\" \/>\n<script type=\"application\/ld+json\" class=\"yoast-schema-graph\">{\"@context\":\"https:\/\/schema.org\",\"@graph\":[{\"@type\":\"WebPage\",\"@id\":\"https:\/\/www.welovecycling.com\/cs\/2025\/03\/05\/jak-se-pripravit-na-prvni-zavod\/\",\"url\":\"https:\/\/www.welovecycling.com\/cs\/2025\/03\/05\/jak-se-pripravit-na-prvni-zavod\/\",\"name\":\"Jak se p\u0159ipravit na prvn\u00ed z\u00e1vod? | \u0160koda We Love Cycling - \u010cesk\u00e1 republika\",\"isPartOf\":{\"@id\":\"https:\/\/www.welovecycling.com\/cs\/#website\"},\"primaryImageOfPage\":{\"@id\":\"https:\/\/www.welovecycling.com\/cs\/2025\/03\/05\/jak-se-pripravit-na-prvni-zavod\/#primaryimage\"},\"image\":{\"@id\":\"https:\/\/www.welovecycling.com\/cs\/2025\/03\/05\/jak-se-pripravit-na-prvni-zavod\/#primaryimage\"},\"thumbnailUrl\":\"https:\/\/d2p6e6u75xmxt8.cloudfront.net\/13\/2021\/05\/cislo.webp\",\"datePublished\":\"2025-03-05T03:00:03+00:00\",\"author\":{\"@id\":\"https:\/\/www.welovecycling.com\/cs\/#\/schema\/person\/d9eeb0a378f3a7e4a6d12d2b536b04b8\"},\"description\":\"Prvn\u00ed z\u00e1vod m\u016f\u017ee poslou\u017eit jako skv\u011bl\u00e1 motivace do tr\u00e9ninku. Je v\u0161ak d\u016fle\u017eit\u00e9 v\u0161echno dob\u0159e promyslet a napl\u00e1novat!\",\"inLanguage\":\"cs\",\"potentialAction\":[{\"@type\":\"ReadAction\",\"target\":[\"https:\/\/www.welovecycling.com\/cs\/2025\/03\/05\/jak-se-pripravit-na-prvni-zavod\/\"]}]},{\"@type\":\"ImageObject\",\"inLanguage\":\"cs\",\"@id\":\"https:\/\/www.welovecycling.com\/cs\/2025\/03\/05\/jak-se-pripravit-na-prvni-zavod\/#primaryimage\",\"url\":\"https:\/\/d2p6e6u75xmxt8.cloudfront.net\/13\/2021\/05\/cislo.webp\",\"contentUrl\":\"https:\/\/d2p6e6u75xmxt8.cloudfront.net\/13\/2021\/05\/cislo.webp\",\"width\":659,\"height\":440,\"caption\":\"Prvn\u00ed z\u00e1vod, prvn\u00ed startovn\u00ed \u010d\u00edslo\"},{\"@type\":\"WebSite\",\"@id\":\"https:\/\/www.welovecycling.com\/cs\/#website\",\"url\":\"https:\/\/www.welovecycling.com\/cs\/\",\"name\":\"\u0160koda We Love Cycling - \u010cesk\u00e1 republika\",\"description\":\"WeLoveCycling.cz je online magaz\u00edn, kter\u00fd v\u00e1m pravideln\u011b p\u0159in\u00e1\u0161\u00ed rady a tipy, zaj\u00edmav\u00e9 \u010dl\u00e1nky, videa a jedine\u010dn\u00e9 report\u00e1\u017ee ze sv\u011bta cyklistiky.\",\"potentialAction\":[{\"@type\":\"SearchAction\",\"target\":{\"@type\":\"EntryPoint\",\"urlTemplate\":\"https:\/\/www.welovecycling.com\/cs\/?s={search_term_string}\"},\"query-input\":{\"@type\":\"PropertyValueSpecification\",\"valueRequired\":true,\"valueName\":\"search_term_string\"}}],\"inLanguage\":\"cs\"},{\"@type\":\"Person\",\"@id\":\"https:\/\/www.welovecycling.com\/cs\/#\/schema\/person\/d9eeb0a378f3a7e4a6d12d2b536b04b8\",\"name\":\"radekmalina\",\"image\":{\"@type\":\"ImageObject\",\"inLanguage\":\"cs\",\"@id\":\"https:\/\/www.welovecycling.com\/cs\/#\/schema\/person\/image\/\",\"url\":\"https:\/\/secure.gravatar.com\/avatar\/66994b632cb8c39a46b9f54afa3ae07201b678d32a54275b6f1c9ffec356bfc0?s=96&d=mm&r=g\",\"contentUrl\":\"https:\/\/secure.gravatar.com\/avatar\/66994b632cb8c39a46b9f54afa3ae07201b678d32a54275b6f1c9ffec356bfc0?s=96&d=mm&r=g\",\"caption\":\"radekmalina\"},\"url\":\"https:\/\/www.welovecycling.com\/cs\/author\/radekmalina\/\"}]}<\/script>\n<!-- \/ Yoast SEO Premium plugin. -->","yoast_head_json":{"title":"Jak se p\u0159ipravit na prvn\u00ed z\u00e1vod? | \u0160koda We Love Cycling - \u010cesk\u00e1 republika","description":"Prvn\u00ed z\u00e1vod m\u016f\u017ee poslou\u017eit jako skv\u011bl\u00e1 motivace do tr\u00e9ninku. Je v\u0161ak d\u016fle\u017eit\u00e9 v\u0161echno dob\u0159e promyslet a napl\u00e1novat!","robots":{"index":"index","follow":"follow","max-snippet":"max-snippet:-1","max-image-preview":"max-image-preview:large","max-video-preview":"max-video-preview:-1"},"canonical":"https:\/\/www.welovecycling.com\/cs\/2025\/03\/05\/jak-se-pripravit-na-prvni-zavod\/","og_locale":"cs_CZ","og_type":"article","og_title":"Jak se p\u0159ipravit na prvn\u00ed z\u00e1vod?","og_description":"Prvn\u00ed z\u00e1vod m\u016f\u017ee poslou\u017eit jako skv\u011bl\u00e1 motivace do tr\u00e9ninku. Je v\u0161ak d\u016fle\u017eit\u00e9 v\u0161echno dob\u0159e promyslet a napl\u00e1novat!","og_url":"https:\/\/www.welovecycling.com\/cs\/2025\/03\/05\/jak-se-pripravit-na-prvni-zavod\/","og_site_name":"\u0160koda We Love Cycling - \u010cesk\u00e1 republika","article_published_time":"2025-03-05T03:00:03+00:00","og_image":[{"width":659,"height":440,"url":"https:\/\/d2p6e6u75xmxt8.cloudfront.net\/13\/2021\/05\/cislo.webp","type":"image\/webp"}],"author":"radekmalina","twitter_card":"summary_large_image","twitter_misc":{"Written by":"We Love Cycling","Est. reading time":"5"},"schema":{"@context":"https:\/\/schema.org","@graph":[{"@type":"WebPage","@id":"https:\/\/www.welovecycling.com\/cs\/2025\/03\/05\/jak-se-pripravit-na-prvni-zavod\/","url":"https:\/\/www.welovecycling.com\/cs\/2025\/03\/05\/jak-se-pripravit-na-prvni-zavod\/","name":"Jak se p\u0159ipravit na prvn\u00ed z\u00e1vod? | \u0160koda We Love Cycling - \u010cesk\u00e1 republika","isPartOf":{"@id":"https:\/\/www.welovecycling.com\/cs\/#website"},"primaryImageOfPage":{"@id":"https:\/\/www.welovecycling.com\/cs\/2025\/03\/05\/jak-se-pripravit-na-prvni-zavod\/#primaryimage"},"image":{"@id":"https:\/\/www.welovecycling.com\/cs\/2025\/03\/05\/jak-se-pripravit-na-prvni-zavod\/#primaryimage"},"thumbnailUrl":"https:\/\/d2p6e6u75xmxt8.cloudfront.net\/13\/2021\/05\/cislo.webp","datePublished":"2025-03-05T03:00:03+00:00","author":{"@id":"https:\/\/www.welovecycling.com\/cs\/#\/schema\/person\/d9eeb0a378f3a7e4a6d12d2b536b04b8"},"description":"Prvn\u00ed z\u00e1vod m\u016f\u017ee poslou\u017eit jako skv\u011bl\u00e1 motivace do tr\u00e9ninku. Je v\u0161ak d\u016fle\u017eit\u00e9 v\u0161echno dob\u0159e promyslet a napl\u00e1novat!","inLanguage":"cs","potentialAction":[{"@type":"ReadAction","target":["https:\/\/www.welovecycling.com\/cs\/2025\/03\/05\/jak-se-pripravit-na-prvni-zavod\/"]}]},{"@type":"ImageObject","inLanguage":"cs","@id":"https:\/\/www.welovecycling.com\/cs\/2025\/03\/05\/jak-se-pripravit-na-prvni-zavod\/#primaryimage","url":"https:\/\/d2p6e6u75xmxt8.cloudfront.net\/13\/2021\/05\/cislo.webp","contentUrl":"https:\/\/d2p6e6u75xmxt8.cloudfront.net\/13\/2021\/05\/cislo.webp","width":659,"height":440,"caption":"Prvn\u00ed z\u00e1vod, prvn\u00ed startovn\u00ed \u010d\u00edslo"},{"@type":"WebSite","@id":"https:\/\/www.welovecycling.com\/cs\/#website","url":"https:\/\/www.welovecycling.com\/cs\/","name":"\u0160koda We Love Cycling - \u010cesk\u00e1 republika","description":"WeLoveCycling.cz je online magaz\u00edn, kter\u00fd v\u00e1m pravideln\u011b p\u0159in\u00e1\u0161\u00ed rady a tipy, zaj\u00edmav\u00e9 \u010dl\u00e1nky, videa a jedine\u010dn\u00e9 report\u00e1\u017ee ze sv\u011bta cyklistiky.","potentialAction":[{"@type":"SearchAction","target":{"@type":"EntryPoint","urlTemplate":"https:\/\/www.welovecycling.com\/cs\/?s={search_term_string}"},"query-input":{"@type":"PropertyValueSpecification","valueRequired":true,"valueName":"search_term_string"}}],"inLanguage":"cs"},{"@type":"Person","@id":"https:\/\/www.welovecycling.com\/cs\/#\/schema\/person\/d9eeb0a378f3a7e4a6d12d2b536b04b8","name":"radekmalina","image":{"@type":"ImageObject","inLanguage":"cs","@id":"https:\/\/www.welovecycling.com\/cs\/#\/schema\/person\/image\/","url":"https:\/\/secure.gravatar.com\/avatar\/66994b632cb8c39a46b9f54afa3ae07201b678d32a54275b6f1c9ffec356bfc0?s=96&d=mm&r=g","contentUrl":"https:\/\/secure.gravatar.com\/avatar\/66994b632cb8c39a46b9f54afa3ae07201b678d32a54275b6f1c9ffec356bfc0?s=96&d=mm&r=g","caption":"radekmalina"},"url":"https:\/\/www.welovecycling.com\/cs\/author\/radekmalina\/"}]}},"_links":{"self":[{"href":"https:\/\/www.welovecycling.com\/cs\/wp-json\/wp\/v2\/posts\/28426","targetHints":{"allow":["GET"]}}],"collection":[{"href":"https:\/\/www.welovecycling.com\/cs\/wp-json\/wp\/v2\/posts"}],"about":[{"href":"https:\/\/www.welovecycling.com\/cs\/wp-json\/wp\/v2\/types\/post"}],"author":[{"embeddable":true,"href":"https:\/\/www.welovecycling.com\/cs\/wp-json\/wp\/v2\/users\/138"}],"replies":[{"embeddable":true,"href":"https:\/\/www.welovecycling.com\/cs\/wp-json\/wp\/v2\/comments?post=28426"}],"version-history":[{"count":4,"href":"https:\/\/www.welovecycling.com\/cs\/wp-json\/wp\/v2\/posts\/28426\/revisions"}],"predecessor-version":[{"id":28477,"href":"https:\/\/www.welovecycling.com\/cs\/wp-json\/wp\/v2\/posts\/28426\/revisions\/28477"}],"wp:featuredmedia":[{"embeddable":true,"href":"https:\/\/www.welovecycling.com\/cs\/wp-json\/wp\/v2\/media\/12973"}],"wp:attachment":[{"href":"https:\/\/www.welovecycling.com\/cs\/wp-json\/wp\/v2\/media?parent=28426"}],"wp:term":[{"taxonomy":"category","embeddable":true,"href":"https:\/\/www.welovecycling.com\/cs\/wp-json\/wp\/v2\/categories?post=28426"},{"taxonomy":"post_tag","embeddable":true,"href":"https:\/\/www.welovecycling.com\/cs\/wp-json\/wp\/v2\/tags?post=28426"},{"taxonomy":"global-categories","embeddable":true,"href":"https:\/\/www.welovecycling.com\/cs\/wp-json\/wp\/v2\/global-categories?post=28426"}],"curies":[{"name":"wp","href":"https:\/\/api.w.org\/{rel}","templated":true}]}}