{"id":28408,"date":"2025-02-24T03:00:33","date_gmt":"2025-02-24T01:00:33","guid":{"rendered":"https:\/\/www.welovecycling.com\/cs\/?p=28408"},"modified":"2025-02-24T00:04:09","modified_gmt":"2025-02-23T22:04:09","slug":"odsouzeni-k-porazce-titani-zacali-triumfy","status":"publish","type":"post","link":"https:\/\/www.welovecycling.com\/cs\/2025\/02\/24\/odsouzeni-k-porazce-titani-zacali-triumfy\/","title":{"rendered":"Odsouzeni k por\u00e1\u017ece!? Tit\u00e1ni za\u010dali triumfy"},"content":{"rendered":"<p><strong>V\u00edce ne\u017e \u010dty\u0159i m\u011bs\u00edce zb\u00fdvaj\u00ed do startu Tour de France, nejv\u011bt\u0161\u00ed cyklistick\u00e9 bitvy planety. Ale dva tit\u00e1ni sou\u010dasn\u00e9ho pelotonu Tadej Poga\u010dar z UAE Emirates XRG a Jonas Vingegaard z Visma Lease a Bike za\u010dali vz\u00e1jemn\u00e9 ko\u010dkov\u00e1n\u00ed u\u017e t\u0159et\u00ed \u00fanorov\u00fd t\u00fdden. Slovinec suver\u00e9nn\u011b ovl\u00e1dl &#8222;dom\u00e1c\u00ed&#8220; UAE Tour, Jonas Vingegaard opanoval fam\u00f3zn\u00edm p\u0159edstaven\u00edm v posledn\u00ed den z\u00e1vodu Kolem Algarve.<\/strong><\/p>\n<p>&#8222;Ka\u017edou sezonu za\u010d\u00edn\u00e1m s pochybnostmi. Jestli jsem zvl\u00e1dl dob\u0159e p\u0159\u00edpravu. Zda moje forma bude sta\u010dit na nejvy\u0161\u0161\u00ed \u00farove\u0148. A pochopiteln\u011b si p\u0159eju, aby nov\u00e1 sezona byla jako ta minul\u00e1,&#8220; usm\u00e1l se Tadej Poga\u010dar p\u0159ed \u00favodn\u00ed etapou UAE Tour, \u017ee i \u00fa\u0159aduj\u00edc\u00edho mistra sv\u011bta tr\u00e1p\u00ed pochybnosti a pocit nejistoty.<\/p>\n<p>Velice rychle je rozpt\u00fdlil. Ve dvou vrcha\u0159sk\u00fdch dojezdech nem\u011bl soupe\u0159e. A naplnily se obavy v\u011bt\u0161iny adept\u016f celkov\u00e9ho po\u0159ad\u00ed, \u017ee s Poga\u010darem ve startovn\u00ed listin\u011b se pojede jen o druh\u00e9 m\u00edsto. &#8222;Nikdy nejdete na start s my\u0161lenkou, \u017ee nem\u016f\u017eete vyhr\u00e1t. Ale kdy\u017e je v pelotonu Poga\u010dar, je t\u011b\u017ek\u00e9 bojovat. Obvykle se jede jen o druh\u00e9 m\u00edsto,&#8220; p\u0159ipustil Lennert van Eetvedl z t\u00fdmu Lotto, kter\u00fd ve Spojen\u00fdch arabsk\u00fdch emir\u00e1tech podle o\u010dek\u00e1v\u00e1n\u00ed ne\u00fasp\u011b\u0161n\u011b obhajoval lo\u0148sk\u00e9 v\u00edt\u011bzstv\u00ed. &#8222;V kopc\u00edch je vlastn\u011b neporaziteln\u00fd. Tak\u017ee jde o moment p\u0159ekvapen\u00ed. Ale i to je skoro nemo\u017en\u00e9,&#8220; p\u0159ipustil t\u0159et\u00ed mu\u017e kone\u010dn\u00e9ho po\u0159ad\u00ed Pello Bilbao z formace Bahrain-Victorious, \u017ee vyzr\u00e1t na \u00fa\u0159aduj\u00edc\u00edho mistra sv\u011bta je prakticky nemo\u017en\u00e9.<\/p>\n<h2><strong>Poga\u010dar \u00fato\u010dil pro z\u00e1bavu i na rovin\u00e1ch<\/strong><\/h2>\n<p>Slovinec byl tak dominantn\u00ed, \u017ee i v pr\u016fb\u011bhu rovinat\u00fdch etap pro z\u00e1bavu \u00fato\u010dil a naskakoval do \u00fanik\u016f. &#8222;Na za\u010d\u00e1tku sezony jsou v\u017edy v\u0161ichni d\u011bsn\u011b nedo\u010dkav\u00ed a motivovan\u00ed. Pro m\u011b bylo \u00fa\u017easn\u00e9 jet na dom\u00e1c\u00ed p\u016fd\u011b m\u00e9ho t\u00fdmu v trikotu mistra sv\u011bta. Je pro m\u011b neskute\u010dn\u00e9 jezdit ka\u017ed\u00fd den v duhov\u00e9m dresu. To je moje nejv\u011bt\u0161\u00ed motivace, nejv\u011bt\u0161\u00ed v\u00fdzva. \u0160lo o sen, kter\u00fd se pln\u00ed. Chci se posouvat a pozn\u00e1vat vlastn\u00ed limity,&#8220; usm\u00edval se Tadej Poga\u010dar, \u017ee by r\u00e1d p\u0159ekonal lo\u0148sk\u00fdch p\u011btadvacet v\u00edt\u011bzstv\u00ed.<\/p>\n<p>&#8222;Sledoval jsem tro\u0161ku s vyt\u0159e\u0161t\u011bn\u00fdma o\u010dima, \u017ee pokra\u010duje tam, kde minul\u00fd rok skon\u010dil,&#8220; p\u0159iznal s \u00fasm\u011bvem Wout van Aert, jeden z kl\u00ed\u010dov\u00fdch mu\u017e\u016f Visma Lease a Bike, \u017ee Poga\u010dar m\u00e1 hned od \u00favodn\u00edho startu sezony perfektn\u00ed formu. &#8222;Ale na UAE Tour nebyli kluci, kte\u0159\u00ed mu cestu za v\u00edt\u011bzstv\u00edm mohou zkomplikovat,&#8220; prohl\u00e1sil sebev\u011bdom\u011b belgick\u00fd cyklista, kter\u00fd o jeden\u00e1ct sekund prohr\u00e1l z\u00e1v\u011bre\u010dnou \u010dasovku z\u00e1vodu Kolem Algarve.<\/p>\n<figure id=\"attachment_28409\" aria-describedby=\"caption-attachment-28409\" style=\"width: 1800px\" class=\"wp-caption alignnone\"><a href=\"https:\/\/d2p6e6u75xmxt8.cloudfront.net\/13\/2025\/02\/profimedia-0967993023.webp\"><img loading=\"lazy\" decoding=\"async\" class=\"size-full wp-image-28409\" src=\"https:\/\/d2p6e6u75xmxt8.cloudfront.net\/13\/2025\/02\/profimedia-0967993023.webp\" alt=\"\" width=\"1800\" height=\"1199\" srcset=\"https:\/\/d2p6e6u75xmxt8.cloudfront.net\/13\/2025\/02\/profimedia-0967993023.webp 1800w, https:\/\/d2p6e6u75xmxt8.cloudfront.net\/13\/2025\/02\/profimedia-0967993023-300x200.webp 300w, https:\/\/d2p6e6u75xmxt8.cloudfront.net\/13\/2025\/02\/profimedia-0967993023-1024x682.webp 1024w, https:\/\/d2p6e6u75xmxt8.cloudfront.net\/13\/2025\/02\/profimedia-0967993023-768x512.webp 768w, https:\/\/d2p6e6u75xmxt8.cloudfront.net\/13\/2025\/02\/profimedia-0967993023-1536x1023.webp 1536w, https:\/\/d2p6e6u75xmxt8.cloudfront.net\/13\/2025\/02\/profimedia-0967993023-400x266.webp 400w, https:\/\/d2p6e6u75xmxt8.cloudfront.net\/13\/2025\/02\/profimedia-0967993023-272x182.webp 272w\" sizes=\"auto, (max-width: 1800px) 100vw, 1800px\" \/><\/a><figcaption id=\"caption-attachment-28409\" class=\"wp-caption-text\"><em>Tadej Poga\u010dar se raduje z v\u00edt\u011bzstv\u00ed na UAE Tour 2025. Foto: profimedia<\/em><\/figcaption><\/figure>\n<p>Jeho p\u0159emo\u017eitelem nebyl nikdo jin\u00fd ne\u017e t\u00fdmov\u00fd par\u0165\u00e1k a l\u00eddra Jonas Vingegaard, kter\u00fd m\u00e1 na kont\u011b dva triumfy z Tour de France. Minul\u00fd rok se v\u0161ak musel sklonit p\u0159ed v\u00fdkony slovinsk\u00e9ho rivala.<\/p>\n<p>Jejich leto\u0161n\u00ed duel se do\u010dk\u00e1 rozuzlen\u00ed a\u017e v pr\u016fb\u011bhu \u010dervence na silnic\u00edch ve Francii, ov\u0161em Vingegaard dok\u00e1zal bleskov\u011b odpov\u011bd\u011bt na Poga\u010darovo prvn\u00ed v\u00edt\u011bzstv\u00ed sezony.<\/p>\n<p>D\u00e1nsk\u00fd cyklista m\u011bl minul\u00fd rok fam\u00f3zn\u00ed formu na startu sezony. Ale v\u0161echno rozmetal drsn\u00fd karambol na Itzulia Basque Country, po n\u011bm\u017e se strachoval o \u017eivot. Na Tour pak nedok\u00e1zal &#8222;d\u011blov\u00e9mu&#8220; Poga\u010darovi konkurovat.<\/p>\n<div class=\"shortcode-ys-post-pinup\"><article class=\"loop-simple post-28320 post type-post status-publish format-standard has-post-thumbnail hentry category-silnicni-cyklistika tag-angazma tag-ceska-vlajka tag-cyklistika tag-karel-vacek tag-kontrakt tag-petr-kelemen tag-silnicni-cyklistika tag-smlouva tag-uci-pro-teams tag-world-teams tag-world-tour tag-zdenek-stybar global-categories-cycling\" data-postid=\"28320\" role=\"article\" data-post-id=\"28320\" data-word-count=\"928\" data-headline-length=\"67\" data-category=\"Silni\u010dn\u00ed cyklistika\" data-global-category=\"Cycling\" data-author=\"Radek Malina\" data-published=\"2025-02-19T06:00:27+02:00\" data-published-day=\"Wednesday\">\n    <div class=\"entry-thumbnail article-thumbnail\" content=\"https:\/\/d2p6e6u75xmxt8.cloudfront.net\/13\/2023\/01\/Kelemen-BrychtaJan_MR_MCR_MSR_U23_Ceska_Trebova_20220716_165844_DSC_7466-150x150.webp\"><a href=\"https:\/\/www.welovecycling.com\/cs\/2025\/02\/19\/ivan-drago-a-ti-dalsi-z-vychodu-je-ceska-vlajka-pritezi\/\" class=\"image-holder\" target=\"_self\"><img decoding=\"async\" loading=\"lazy\" class=\"\" src=\"https:\/\/d2p6e6u75xmxt8.cloudfront.net\/13\/2023\/01\/Kelemen-BrychtaJan_MR_MCR_MSR_U23_Ceska_Trebova_20220716_165844_DSC_7466-1024x684.webp\" srcset=\"https:\/\/d2p6e6u75xmxt8.cloudfront.net\/13\/2023\/01\/Kelemen-BrychtaJan_MR_MCR_MSR_U23_Ceska_Trebova_20220716_165844_DSC_7466.webp 2000w, https:\/\/d2p6e6u75xmxt8.cloudfront.net\/13\/2023\/01\/Kelemen-BrychtaJan_MR_MCR_MSR_U23_Ceska_Trebova_20220716_165844_DSC_7466-300x200.webp 300w, https:\/\/d2p6e6u75xmxt8.cloudfront.net\/13\/2023\/01\/Kelemen-BrychtaJan_MR_MCR_MSR_U23_Ceska_Trebova_20220716_165844_DSC_7466-1024x684.webp 1024w, https:\/\/d2p6e6u75xmxt8.cloudfront.net\/13\/2023\/01\/Kelemen-BrychtaJan_MR_MCR_MSR_U23_Ceska_Trebova_20220716_165844_DSC_7466-768x513.webp 768w, https:\/\/d2p6e6u75xmxt8.cloudfront.net\/13\/2023\/01\/Kelemen-BrychtaJan_MR_MCR_MSR_U23_Ceska_Trebova_20220716_165844_DSC_7466-1536x1025.webp 1536w, https:\/\/d2p6e6u75xmxt8.cloudfront.net\/13\/2023\/01\/Kelemen-BrychtaJan_MR_MCR_MSR_U23_Ceska_Trebova_20220716_165844_DSC_7466-1920x1282.webp 1920w, https:\/\/d2p6e6u75xmxt8.cloudfront.net\/13\/2023\/01\/Kelemen-BrychtaJan_MR_MCR_MSR_U23_Ceska_Trebova_20220716_165844_DSC_7466-272x182.webp 272w, https:\/\/d2p6e6u75xmxt8.cloudfront.net\/13\/2023\/01\/Kelemen-BrychtaJan_MR_MCR_MSR_U23_Ceska_Trebova_20220716_165844_DSC_7466-1920x1282.webp 1920w\" width=\"1024\" height=\"684\" sizes=\"auto, (min-width: 1200px) 300px, (min-width: 768px) 25vw, 100vw\" alt=\"ivan-drago-a-ti-dalsi-z-vychodu-je-ceska-vlajka-pritezi\"\/><\/a><\/div>    <div class=\"entry-meta\">\n        <a class=\"label label-secondary post-category\" href=\"https:\/\/www.welovecycling.com\/cs\/category\/silnicni-cyklistika\/\" title=\"Silni\u010dn\u00ed cyklistika\">Silni\u010dn\u00ed cyklistika<\/a>\n    <\/div>\n    <div class=\"entry-details\">\n        <a href=\"https:\/\/www.welovecycling.com\/cs\/2025\/02\/19\/ivan-drago-a-ti-dalsi-z-vychodu-je-ceska-vlajka-pritezi\/\" class='entry-title-wrapper'>\n            <h3 class=\"entry-title\"><span>Ivan Drago a ti dal\u0161\u00ed z V\u00fdchodu. Je \u010desk\u00e1 vlajka p\u0159\u00edt\u011b\u017e\u00ed?<\/span><\/h3>\n        <\/a>\n    <\/div>\n    <\/article>\n<\/div>\n<p>&#8222;Je to rozhodn\u011b pos\u00edlen\u00ed sebev\u011bdom\u00ed pro zbytek sezony,&#8220; lebedil si Jonas Vingegaard, kdy\u017e v \u010dasovce na z\u00e1v\u011br Kolem Algarve porazil v\u0161echny soupe\u0159e takov\u00fdm rozd\u00edlem, \u017ee sko\u010dil do \u010dela cel\u00e9ho z\u00e1vodu. &#8222;Byla to \u010dasovka, kter\u00e1 vyprav\u00ed poctiv\u00fd p\u0159\u00edb\u011bh.&#8220;<\/p>\n<h2><strong>V\u0161ichni tit\u00e1ni se st\u0159etnou a\u017e na Tour<\/strong><\/h2>\n<p>Oba tit\u00e1ni sou\u010dasn\u00e9ho pelotonu se budou navz\u00e1jem bedliv\u011b sledovat dlouh\u00e9 m\u011bs\u00edce jen z d\u00e1lky. <a href=\"https:\/\/www.welovecycling.com\/cs\/2024\/11\/26\/jonas-vingegaard-a-jeho-nejvetsi-inspirace\/\">Jonas Vingegaard<\/a> pojede etap\u00e1k Pa\u0159\u00ed\u017e-Nice, Kolem Katal\u00e1nska, a pak 8. \u010dervna Crit\u00e9rium du Dauphin\u00e9. Tam se potkaj\u00ed s Poga\u010darem, jeho\u017e jarn\u00ed program tvo\u0159\u00ed v\u00fdhradn\u011b jednor\u00e1zovky. A tak\u00e9 s Evenepoelem ze Soudal Quick Step kter\u00fd pat\u0159\u00ed mezi \u010dtve\u0159ici adept\u016f na celkov\u00e9 prvenstv\u00ed z Grande Boucle. Po zran\u011bn\u00ed z \u00favodu zimy se v\u0161ak teprve d\u00e1v\u00e1 dohromady a debutovat bude a\u017e 18. dubna p\u0159i Brabantsk\u00e9m \u0161\u00edpu.<\/p>\n<figure id=\"attachment_28411\" aria-describedby=\"caption-attachment-28411\" style=\"width: 1196px\" class=\"wp-caption alignnone\"><a href=\"https:\/\/d2p6e6u75xmxt8.cloudfront.net\/13\/2025\/02\/algarve-jonas-3.webp\"><img loading=\"lazy\" decoding=\"async\" class=\"size-full wp-image-28411\" src=\"https:\/\/d2p6e6u75xmxt8.cloudfront.net\/13\/2025\/02\/algarve-jonas-3.webp\" alt=\"\" width=\"1196\" height=\"662\" srcset=\"https:\/\/d2p6e6u75xmxt8.cloudfront.net\/13\/2025\/02\/algarve-jonas-3.webp 1196w, https:\/\/d2p6e6u75xmxt8.cloudfront.net\/13\/2025\/02\/algarve-jonas-3-300x166.webp 300w, https:\/\/d2p6e6u75xmxt8.cloudfront.net\/13\/2025\/02\/algarve-jonas-3-1024x567.webp 1024w, https:\/\/d2p6e6u75xmxt8.cloudfront.net\/13\/2025\/02\/algarve-jonas-3-768x425.webp 768w, https:\/\/d2p6e6u75xmxt8.cloudfront.net\/13\/2025\/02\/algarve-jonas-3-400x221.webp 400w\" sizes=\"auto, (max-width: 1196px) 100vw, 1196px\" \/><\/a><figcaption id=\"caption-attachment-28411\" class=\"wp-caption-text\"><em>Jonas Vingegaard oslavuje triumf v etapov\u00e9m z\u00e1vod\u011b Kolem Algarve.<\/em><\/figcaption><\/figure>\n<p>Posledn\u00edm do party je Primo\u017e Rogli\u010d, slovinsk\u00fd z\u00e1vodn\u00edk Red Bull Bora-hansgrohe. Na Algarve bral a\u017e osmou p\u0159\u00ed\u010dku a nevypadal v top form\u011b. &#8222;Jsem p\u0159esn\u011b tam, kde b\u00fdt chci. V\u0161e jde podle pl\u00e1nu,&#8220; ned\u011blal si t\u011b\u017ekou hlavu p\u011btat\u0159icetilet\u00fd z\u00e1vodn\u00edk, kter\u00fd pojede Kolem Katal\u00e1nska, a pak italsk\u00e9 Giro, z n\u011bho\u017e chce nabrat s\u00edlu pro Tour de France!<\/p>\n<p>A\u017e tam se st\u0159etnou v\u0161ichni \u010dty\u0159i tit\u00e1ni sou\u010dasn\u00e9ho pelotonu.<\/p>\n<p><em>Tituln\u00ed foto: teamvismaleaseabike.com<\/em><\/p>\n","protected":false},"excerpt":{"rendered":"<p>V\u00edce ne\u017e \u010dty\u0159i m\u011bs\u00edce zb\u00fdvaj\u00ed do startu Tour de France, nejv\u011bt\u0161\u00ed cyklistick\u00e9 bitvy planety. Ale dva tit\u00e1ni sou\u010dasn\u00e9ho pelotonu Tadej [&hellip;]<\/p>\n","protected":false},"author":138,"featured_media":28410,"comment_status":"open","ping_status":"open","sticky":false,"template":"","format":"standard","meta":{"footnotes":""},"categories":[10],"tags":[126,1601,4082,102,1072,9,502,23,1367],"global-categories":[411],"class_list":["post-28408","post","type-post","status-publish","format-standard","has-post-thumbnail","hentry","category-silnicni-cyklistika","tag-cyklistika","tag-jonas-vingegaard","tag-kolem-algarve","tag-primoz-roglic","tag-remco-evenepoel","tag-silnicni-cyklistika","tag-tadej-pogacar","tag-tour-de-france","tag-uae-tour","global-categories-cycling"],"yoast_head":"<!-- This site is optimized with the Yoast SEO Premium plugin v25.3 (Yoast SEO v25.9) - https:\/\/yoast.com\/wordpress\/plugins\/seo\/ -->\n<title>Odsouzeni k por\u00e1\u017ece!? Tit\u00e1ni za\u010dali triumfy | \u0160koda We Love Cycling - \u010cesk\u00e1 republika<\/title>\n<meta name=\"description\" content=\"V\u00edce ne\u017e \u010dty\u0159i m\u011bs\u00edce zb\u00fdvaj\u00ed do startu Tour de France, nejv\u011bt\u0161\u00ed cyklistick\u00e9 bitvy planety. Ale dva tit\u00e1ni sou\u010dasn\u00e9ho pelotonu Tadej Poga\u010dar z UAE Emirates XRG a Jonas Vingegaard z Visma Lease a Bike za\u010dali vz\u00e1jemn\u00e9 ko\u010dkov\u00e1n\u00ed u\u017e t\u0159et\u00ed \u00fanorov\u00fd t\u00fdden. Slovinec suver\u00e9nn\u011b ovl\u00e1dl &quot;dom\u00e1c\u00ed&quot; UAE Tour, Jonas Vingegaard opanoval fam\u00f3zn\u00edm p\u0159edstaven\u00edm v posledn\u00ed den z\u00e1vodu Kolem Algarve.\" \/>\n<meta name=\"robots\" content=\"index, follow, max-snippet:-1, max-image-preview:large, max-video-preview:-1\" \/>\n<link rel=\"canonical\" href=\"https:\/\/www.welovecycling.com\/cs\/2025\/02\/24\/odsouzeni-k-porazce-titani-zacali-triumfy\/\" \/>\n<meta property=\"og:locale\" content=\"cs_CZ\" \/>\n<meta property=\"og:type\" content=\"article\" \/>\n<meta property=\"og:title\" content=\"Odsouzeni k por\u00e1\u017ece!? Tit\u00e1ni za\u010dali triumfy\" \/>\n<meta property=\"og:description\" content=\"V\u00edce ne\u017e \u010dty\u0159i m\u011bs\u00edce zb\u00fdvaj\u00ed do startu Tour de France, nejv\u011bt\u0161\u00ed cyklistick\u00e9 bitvy planety. Ale dva tit\u00e1ni sou\u010dasn\u00e9ho pelotonu Tadej Poga\u010dar z UAE Emirates XRG a Jonas Vingegaard z Visma Lease a Bike za\u010dali vz\u00e1jemn\u00e9 ko\u010dkov\u00e1n\u00ed u\u017e t\u0159et\u00ed \u00fanorov\u00fd t\u00fdden. Slovinec suver\u00e9nn\u011b ovl\u00e1dl &quot;dom\u00e1c\u00ed&quot; UAE Tour, Jonas Vingegaard opanoval fam\u00f3zn\u00edm p\u0159edstaven\u00edm v posledn\u00ed den z\u00e1vodu Kolem Algarve.\" \/>\n<meta property=\"og:url\" content=\"https:\/\/www.welovecycling.com\/cs\/2025\/02\/24\/odsouzeni-k-porazce-titani-zacali-triumfy\/\" \/>\n<meta property=\"og:site_name\" content=\"\u0160koda We Love Cycling - \u010cesk\u00e1 republika\" \/>\n<meta property=\"article:published_time\" content=\"2025-02-24T01:00:33+00:00\" \/>\n<meta property=\"og:image\" content=\"https:\/\/d2p6e6u75xmxt8.cloudfront.net\/13\/2025\/02\/algarve-jonas-2.webp\" \/>\n\t<meta property=\"og:image:width\" content=\"2000\" \/>\n\t<meta property=\"og:image:height\" content=\"1333\" \/>\n\t<meta property=\"og:image:type\" content=\"image\/webp\" \/>\n<meta name=\"author\" content=\"radekmalina\" \/>\n<meta name=\"twitter:card\" content=\"summary_large_image\" \/>\n<meta name=\"twitter:label1\" content=\"Written by\" \/>\n\t<meta name=\"twitter:data1\" content=\"Radek Malina\" \/>\n\t<meta name=\"twitter:label2\" content=\"Est. reading time\" \/>\n\t<meta name=\"twitter:data2\" content=\"6\" \/>\n<script type=\"application\/ld+json\" class=\"yoast-schema-graph\">{\"@context\":\"https:\/\/schema.org\",\"@graph\":[{\"@type\":\"WebPage\",\"@id\":\"https:\/\/www.welovecycling.com\/cs\/2025\/02\/24\/odsouzeni-k-porazce-titani-zacali-triumfy\/\",\"url\":\"https:\/\/www.welovecycling.com\/cs\/2025\/02\/24\/odsouzeni-k-porazce-titani-zacali-triumfy\/\",\"name\":\"Odsouzeni k por\u00e1\u017ece!? Tit\u00e1ni za\u010dali triumfy | \u0160koda We Love Cycling - \u010cesk\u00e1 republika\",\"isPartOf\":{\"@id\":\"https:\/\/www.welovecycling.com\/cs\/#website\"},\"primaryImageOfPage\":{\"@id\":\"https:\/\/www.welovecycling.com\/cs\/2025\/02\/24\/odsouzeni-k-porazce-titani-zacali-triumfy\/#primaryimage\"},\"image\":{\"@id\":\"https:\/\/www.welovecycling.com\/cs\/2025\/02\/24\/odsouzeni-k-porazce-titani-zacali-triumfy\/#primaryimage\"},\"thumbnailUrl\":\"https:\/\/d2p6e6u75xmxt8.cloudfront.net\/13\/2025\/02\/algarve-jonas-2.webp\",\"datePublished\":\"2025-02-24T01:00:33+00:00\",\"author\":{\"@id\":\"https:\/\/www.welovecycling.com\/cs\/#\/schema\/person\/d9eeb0a378f3a7e4a6d12d2b536b04b8\"},\"description\":\"V\u00edce ne\u017e \u010dty\u0159i m\u011bs\u00edce zb\u00fdvaj\u00ed do startu Tour de France, nejv\u011bt\u0161\u00ed cyklistick\u00e9 bitvy planety. Ale dva tit\u00e1ni sou\u010dasn\u00e9ho pelotonu Tadej Poga\u010dar z UAE Emirates XRG a Jonas Vingegaard z Visma Lease a Bike za\u010dali vz\u00e1jemn\u00e9 ko\u010dkov\u00e1n\u00ed u\u017e t\u0159et\u00ed \u00fanorov\u00fd t\u00fdden. Slovinec suver\u00e9nn\u011b ovl\u00e1dl \\\"dom\u00e1c\u00ed\\\" UAE Tour, Jonas Vingegaard opanoval fam\u00f3zn\u00edm p\u0159edstaven\u00edm v posledn\u00ed den z\u00e1vodu Kolem Algarve.\",\"inLanguage\":\"cs\",\"potentialAction\":[{\"@type\":\"ReadAction\",\"target\":[\"https:\/\/www.welovecycling.com\/cs\/2025\/02\/24\/odsouzeni-k-porazce-titani-zacali-triumfy\/\"]}]},{\"@type\":\"ImageObject\",\"inLanguage\":\"cs\",\"@id\":\"https:\/\/www.welovecycling.com\/cs\/2025\/02\/24\/odsouzeni-k-porazce-titani-zacali-triumfy\/#primaryimage\",\"url\":\"https:\/\/d2p6e6u75xmxt8.cloudfront.net\/13\/2025\/02\/algarve-jonas-2.webp\",\"contentUrl\":\"https:\/\/d2p6e6u75xmxt8.cloudfront.net\/13\/2025\/02\/algarve-jonas-2.webp\",\"width\":2000,\"height\":1333,\"caption\":\"Tit\u00e1ni jdou do akce Jonas vingegaard\"},{\"@type\":\"WebSite\",\"@id\":\"https:\/\/www.welovecycling.com\/cs\/#website\",\"url\":\"https:\/\/www.welovecycling.com\/cs\/\",\"name\":\"\u0160koda We Love Cycling - \u010cesk\u00e1 republika\",\"description\":\"WeLoveCycling.cz je online magaz\u00edn, kter\u00fd v\u00e1m pravideln\u011b p\u0159in\u00e1\u0161\u00ed rady a tipy, zaj\u00edmav\u00e9 \u010dl\u00e1nky, videa a jedine\u010dn\u00e9 report\u00e1\u017ee ze sv\u011bta cyklistiky.\",\"potentialAction\":[{\"@type\":\"SearchAction\",\"target\":{\"@type\":\"EntryPoint\",\"urlTemplate\":\"https:\/\/www.welovecycling.com\/cs\/?s={search_term_string}\"},\"query-input\":{\"@type\":\"PropertyValueSpecification\",\"valueRequired\":true,\"valueName\":\"search_term_string\"}}],\"inLanguage\":\"cs\"},{\"@type\":\"Person\",\"@id\":\"https:\/\/www.welovecycling.com\/cs\/#\/schema\/person\/d9eeb0a378f3a7e4a6d12d2b536b04b8\",\"name\":\"radekmalina\",\"image\":{\"@type\":\"ImageObject\",\"inLanguage\":\"cs\",\"@id\":\"https:\/\/www.welovecycling.com\/cs\/#\/schema\/person\/image\/\",\"url\":\"https:\/\/secure.gravatar.com\/avatar\/66994b632cb8c39a46b9f54afa3ae07201b678d32a54275b6f1c9ffec356bfc0?s=96&d=mm&r=g\",\"contentUrl\":\"https:\/\/secure.gravatar.com\/avatar\/66994b632cb8c39a46b9f54afa3ae07201b678d32a54275b6f1c9ffec356bfc0?s=96&d=mm&r=g\",\"caption\":\"radekmalina\"},\"url\":\"https:\/\/www.welovecycling.com\/cs\/author\/radekmalina\/\"}]}<\/script>\n<!-- \/ Yoast SEO Premium plugin. -->","yoast_head_json":{"title":"Odsouzeni k por\u00e1\u017ece!? Tit\u00e1ni za\u010dali triumfy | \u0160koda We Love Cycling - \u010cesk\u00e1 republika","description":"V\u00edce ne\u017e \u010dty\u0159i m\u011bs\u00edce zb\u00fdvaj\u00ed do startu Tour de France, nejv\u011bt\u0161\u00ed cyklistick\u00e9 bitvy planety. Ale dva tit\u00e1ni sou\u010dasn\u00e9ho pelotonu Tadej Poga\u010dar z UAE Emirates XRG a Jonas Vingegaard z Visma Lease a Bike za\u010dali vz\u00e1jemn\u00e9 ko\u010dkov\u00e1n\u00ed u\u017e t\u0159et\u00ed \u00fanorov\u00fd t\u00fdden. Slovinec suver\u00e9nn\u011b ovl\u00e1dl \"dom\u00e1c\u00ed\" UAE Tour, Jonas Vingegaard opanoval fam\u00f3zn\u00edm p\u0159edstaven\u00edm v posledn\u00ed den z\u00e1vodu Kolem Algarve.","robots":{"index":"index","follow":"follow","max-snippet":"max-snippet:-1","max-image-preview":"max-image-preview:large","max-video-preview":"max-video-preview:-1"},"canonical":"https:\/\/www.welovecycling.com\/cs\/2025\/02\/24\/odsouzeni-k-porazce-titani-zacali-triumfy\/","og_locale":"cs_CZ","og_type":"article","og_title":"Odsouzeni k por\u00e1\u017ece!? Tit\u00e1ni za\u010dali triumfy","og_description":"V\u00edce ne\u017e \u010dty\u0159i m\u011bs\u00edce zb\u00fdvaj\u00ed do startu Tour de France, nejv\u011bt\u0161\u00ed cyklistick\u00e9 bitvy planety. Ale dva tit\u00e1ni sou\u010dasn\u00e9ho pelotonu Tadej Poga\u010dar z UAE Emirates XRG a Jonas Vingegaard z Visma Lease a Bike za\u010dali vz\u00e1jemn\u00e9 ko\u010dkov\u00e1n\u00ed u\u017e t\u0159et\u00ed \u00fanorov\u00fd t\u00fdden. Slovinec suver\u00e9nn\u011b ovl\u00e1dl \"dom\u00e1c\u00ed\" UAE Tour, Jonas Vingegaard opanoval fam\u00f3zn\u00edm p\u0159edstaven\u00edm v posledn\u00ed den z\u00e1vodu Kolem Algarve.","og_url":"https:\/\/www.welovecycling.com\/cs\/2025\/02\/24\/odsouzeni-k-porazce-titani-zacali-triumfy\/","og_site_name":"\u0160koda We Love Cycling - \u010cesk\u00e1 republika","article_published_time":"2025-02-24T01:00:33+00:00","og_image":[{"width":2000,"height":1333,"url":"https:\/\/d2p6e6u75xmxt8.cloudfront.net\/13\/2025\/02\/algarve-jonas-2.webp","type":"image\/webp"}],"author":"radekmalina","twitter_card":"summary_large_image","twitter_misc":{"Written by":"Radek Malina","Est. reading time":"6"},"schema":{"@context":"https:\/\/schema.org","@graph":[{"@type":"WebPage","@id":"https:\/\/www.welovecycling.com\/cs\/2025\/02\/24\/odsouzeni-k-porazce-titani-zacali-triumfy\/","url":"https:\/\/www.welovecycling.com\/cs\/2025\/02\/24\/odsouzeni-k-porazce-titani-zacali-triumfy\/","name":"Odsouzeni k por\u00e1\u017ece!? Tit\u00e1ni za\u010dali triumfy | \u0160koda We Love Cycling - \u010cesk\u00e1 republika","isPartOf":{"@id":"https:\/\/www.welovecycling.com\/cs\/#website"},"primaryImageOfPage":{"@id":"https:\/\/www.welovecycling.com\/cs\/2025\/02\/24\/odsouzeni-k-porazce-titani-zacali-triumfy\/#primaryimage"},"image":{"@id":"https:\/\/www.welovecycling.com\/cs\/2025\/02\/24\/odsouzeni-k-porazce-titani-zacali-triumfy\/#primaryimage"},"thumbnailUrl":"https:\/\/d2p6e6u75xmxt8.cloudfront.net\/13\/2025\/02\/algarve-jonas-2.webp","datePublished":"2025-02-24T01:00:33+00:00","author":{"@id":"https:\/\/www.welovecycling.com\/cs\/#\/schema\/person\/d9eeb0a378f3a7e4a6d12d2b536b04b8"},"description":"V\u00edce ne\u017e \u010dty\u0159i m\u011bs\u00edce zb\u00fdvaj\u00ed do startu Tour de France, nejv\u011bt\u0161\u00ed cyklistick\u00e9 bitvy planety. Ale dva tit\u00e1ni sou\u010dasn\u00e9ho pelotonu Tadej Poga\u010dar z UAE Emirates XRG a Jonas Vingegaard z Visma Lease a Bike za\u010dali vz\u00e1jemn\u00e9 ko\u010dkov\u00e1n\u00ed u\u017e t\u0159et\u00ed \u00fanorov\u00fd t\u00fdden. Slovinec suver\u00e9nn\u011b ovl\u00e1dl \"dom\u00e1c\u00ed\" UAE Tour, Jonas Vingegaard opanoval fam\u00f3zn\u00edm p\u0159edstaven\u00edm v posledn\u00ed den z\u00e1vodu Kolem Algarve.","inLanguage":"cs","potentialAction":[{"@type":"ReadAction","target":["https:\/\/www.welovecycling.com\/cs\/2025\/02\/24\/odsouzeni-k-porazce-titani-zacali-triumfy\/"]}]},{"@type":"ImageObject","inLanguage":"cs","@id":"https:\/\/www.welovecycling.com\/cs\/2025\/02\/24\/odsouzeni-k-porazce-titani-zacali-triumfy\/#primaryimage","url":"https:\/\/d2p6e6u75xmxt8.cloudfront.net\/13\/2025\/02\/algarve-jonas-2.webp","contentUrl":"https:\/\/d2p6e6u75xmxt8.cloudfront.net\/13\/2025\/02\/algarve-jonas-2.webp","width":2000,"height":1333,"caption":"Tit\u00e1ni jdou do akce Jonas vingegaard"},{"@type":"WebSite","@id":"https:\/\/www.welovecycling.com\/cs\/#website","url":"https:\/\/www.welovecycling.com\/cs\/","name":"\u0160koda We Love Cycling - \u010cesk\u00e1 republika","description":"WeLoveCycling.cz je online magaz\u00edn, kter\u00fd v\u00e1m pravideln\u011b p\u0159in\u00e1\u0161\u00ed rady a tipy, zaj\u00edmav\u00e9 \u010dl\u00e1nky, videa a jedine\u010dn\u00e9 report\u00e1\u017ee ze sv\u011bta cyklistiky.","potentialAction":[{"@type":"SearchAction","target":{"@type":"EntryPoint","urlTemplate":"https:\/\/www.welovecycling.com\/cs\/?s={search_term_string}"},"query-input":{"@type":"PropertyValueSpecification","valueRequired":true,"valueName":"search_term_string"}}],"inLanguage":"cs"},{"@type":"Person","@id":"https:\/\/www.welovecycling.com\/cs\/#\/schema\/person\/d9eeb0a378f3a7e4a6d12d2b536b04b8","name":"radekmalina","image":{"@type":"ImageObject","inLanguage":"cs","@id":"https:\/\/www.welovecycling.com\/cs\/#\/schema\/person\/image\/","url":"https:\/\/secure.gravatar.com\/avatar\/66994b632cb8c39a46b9f54afa3ae07201b678d32a54275b6f1c9ffec356bfc0?s=96&d=mm&r=g","contentUrl":"https:\/\/secure.gravatar.com\/avatar\/66994b632cb8c39a46b9f54afa3ae07201b678d32a54275b6f1c9ffec356bfc0?s=96&d=mm&r=g","caption":"radekmalina"},"url":"https:\/\/www.welovecycling.com\/cs\/author\/radekmalina\/"}]}},"_links":{"self":[{"href":"https:\/\/www.welovecycling.com\/cs\/wp-json\/wp\/v2\/posts\/28408","targetHints":{"allow":["GET"]}}],"collection":[{"href":"https:\/\/www.welovecycling.com\/cs\/wp-json\/wp\/v2\/posts"}],"about":[{"href":"https:\/\/www.welovecycling.com\/cs\/wp-json\/wp\/v2\/types\/post"}],"author":[{"embeddable":true,"href":"https:\/\/www.welovecycling.com\/cs\/wp-json\/wp\/v2\/users\/138"}],"replies":[{"embeddable":true,"href":"https:\/\/www.welovecycling.com\/cs\/wp-json\/wp\/v2\/comments?post=28408"}],"version-history":[{"count":4,"href":"https:\/\/www.welovecycling.com\/cs\/wp-json\/wp\/v2\/posts\/28408\/revisions"}],"predecessor-version":[{"id":28415,"href":"https:\/\/www.welovecycling.com\/cs\/wp-json\/wp\/v2\/posts\/28408\/revisions\/28415"}],"wp:featuredmedia":[{"embeddable":true,"href":"https:\/\/www.welovecycling.com\/cs\/wp-json\/wp\/v2\/media\/28410"}],"wp:attachment":[{"href":"https:\/\/www.welovecycling.com\/cs\/wp-json\/wp\/v2\/media?parent=28408"}],"wp:term":[{"taxonomy":"category","embeddable":true,"href":"https:\/\/www.welovecycling.com\/cs\/wp-json\/wp\/v2\/categories?post=28408"},{"taxonomy":"post_tag","embeddable":true,"href":"https:\/\/www.welovecycling.com\/cs\/wp-json\/wp\/v2\/tags?post=28408"},{"taxonomy":"global-categories","embeddable":true,"href":"https:\/\/www.welovecycling.com\/cs\/wp-json\/wp\/v2\/global-categories?post=28408"}],"curies":[{"name":"wp","href":"https:\/\/api.w.org\/{rel}","templated":true}]}}