{"id":28402,"date":"2025-03-04T05:00:01","date_gmt":"2025-03-04T03:00:01","guid":{"rendered":"https:\/\/www.welovecycling.com\/cs\/?p=28402"},"modified":"2025-03-02T20:46:40","modified_gmt":"2025-03-02T18:46:40","slug":"10-let-fenomenu-uphill-flow","status":"publish","type":"post","link":"https:\/\/www.welovecycling.com\/cs\/2025\/03\/04\/10-let-fenomenu-uphill-flow\/","title":{"rendered":"10 let fenom\u00e9nu Uphill Flow"},"content":{"rendered":"<p><strong>J\u00edzda do kopce? Pro v\u011bt\u0161inu cyklist\u016f sp\u00ed\u0161 d\u0159ina ne\u017e z\u00e1bava. Mo\u017en\u00e1 v\u00fdzva, uspokojen\u00ed ze sportovn\u00edho v\u00fdkonu nebo dobr\u00fd pocit z dosa\u017een\u00e9ho vrcholu, ale rozhodn\u011b ne radost. P\u0159ed deseti lety se to ale zm\u011bnilo. Pr\u016fkopn\u00edk eMTB ze spole\u010dnosti Bosch eBike Systems Claus Fleischer a jeho kolega, cyklotrialov\u00fd profesion\u00e1l Stefan Schlie, p\u0159i\u0161li na to, \u017ee s pomoc\u00ed elektromotoru m\u016f\u017ee b\u00fdt i v\u00fd\u0161lap do strm\u00e9ho kopce stejn\u011b vzru\u0161uj\u00edc\u00ed jako sjezd.\u00a0P\u0159ed deseti lety se zrodil n\u00e1pad, kter\u00fd zp\u016fsobil revoluci v horsk\u00e9 cyklistice a prom\u011bnil cel\u00fd cyklistick\u00fd sv\u011bt: Uphill Flow.<\/strong><\/p>\n<p>\u201eUphill Flow znamen\u00e1 fascinaci zkoum\u00e1n\u00edm technick\u00fdch mo\u017enost\u00ed p\u0159i j\u00edzd\u011b do kopce, pohr\u00e1v\u00e1n\u00edm si s fyzikou a po\u017eitkem z j\u00edzdy na eMTB pr\u00e1v\u011b i do kopce,\u201d \u0159\u00edk\u00e1 Claus Fleischer, CEO spole\u010dnosti Bosch eBike Systems.<\/p>\n<p>Tento pojem definoval p\u0159ed deseti lety spole\u010dn\u011b s b\u00fdval\u00fdm cyklotrialov\u00fdm profesion\u00e1lem Stefanem Schliem. Tehdy spolu zdol\u00e1vali stoup\u00e1n\u00ed na technick\u00fdch trailech a brzy je napadlo: \u201ePokud by tohle bylo by\u0165 jen pro zlomek cyklist\u016f na horsk\u00fdch kolech stejn\u011b super jako pro n\u00e1s, mohlo by z toho b\u00fdt n\u011bco opravdu velk\u00e9ho.\u201d<\/p>\n<p>Uk\u00e1zalo se, \u017ee m\u011bli pravdu. Dnes u\u017e je jasn\u00e9, \u017ee Uphill Flow otev\u0159el cyklist\u016fm na horsk\u00fdch elektrokolech zcela nov\u00e9 mo\u017enosti a p\u0159inesl z\u00e1\u017eitky, kter\u00e9 \u010dasto p\u0159ed\u010d\u00ed i j\u00edzdu na b\u011b\u017en\u00e9m horsk\u00e9m kole.<\/p>\n<h2><strong>Od n\u00e1padu k nov\u00e9 dimenzi MTB<\/strong><\/h2>\n<p>Z n\u00e1padu, kter\u00fd se zrodil po dni str\u00e1ven\u00e9m na trailu, se stal miln\u00edk, jen\u017e horskou cyklistiku posunul o dal\u0161\u00ed dimenzi \u2013 sm\u011brem vzh\u016fru. U\u017e to d\u00e1vno nebylo jen o sjezdu. \u201eUphill Flow prom\u011bnil strm\u00e1 stoup\u00e1n\u00ed, ko\u0159enov\u00e9 pas\u00e1\u017ee i schody v radost z j\u00edzdy. Z toho, co d\u0159\u00edv cyklisty sp\u00ed\u0161 tr\u00e1pilo, se stal po\u017eitek,\u201d \u0159\u00edk\u00e1 Fleischer. S elektrokolem se otev\u0159ely dlouh\u00e9 horsk\u00e9 trasy bez nutnosti spol\u00e9hat na lanovky nebo shuttlovac\u00ed dod\u00e1vky.<\/p>\n<p>Fleischer a Schlie sv\u00fdm nad\u0161en\u00edm pro nov\u00e9 cesty inspirovali v\u00fdvoj spousty produkt\u016f, projekt\u016f zam\u011b\u0159en\u00fdch na budov\u00e1n\u00ed cyklistick\u00e9 infrastruktury v turistick\u00fdch oblastech i vznik nov\u00fdch z\u00e1vodn\u00edch form\u00e1t\u016f.<\/p>\n<p><a href=\"https:\/\/d2p6e6u75xmxt8.cloudfront.net\/13\/2025\/02\/uphill_flow_3-scaled.webp\"><img loading=\"lazy\" decoding=\"async\" class=\"alignnone size-extra-large wp-image-28406\" src=\"https:\/\/d2p6e6u75xmxt8.cloudfront.net\/13\/2025\/02\/uphill_flow_3-1920x1280.webp\" alt=\"\" width=\"1920\" height=\"1280\" srcset=\"https:\/\/d2p6e6u75xmxt8.cloudfront.net\/13\/2025\/02\/uphill_flow_3-1920x1280.webp 1920w, https:\/\/d2p6e6u75xmxt8.cloudfront.net\/13\/2025\/02\/uphill_flow_3-300x200.webp 300w, https:\/\/d2p6e6u75xmxt8.cloudfront.net\/13\/2025\/02\/uphill_flow_3-1024x683.webp 1024w, https:\/\/d2p6e6u75xmxt8.cloudfront.net\/13\/2025\/02\/uphill_flow_3-768x512.webp 768w, https:\/\/d2p6e6u75xmxt8.cloudfront.net\/13\/2025\/02\/uphill_flow_3-1536x1024.webp 1536w, https:\/\/d2p6e6u75xmxt8.cloudfront.net\/13\/2025\/02\/uphill_flow_3-2048x1366.webp 2048w, https:\/\/d2p6e6u75xmxt8.cloudfront.net\/13\/2025\/02\/uphill_flow_3-400x267.webp 400w, https:\/\/d2p6e6u75xmxt8.cloudfront.net\/13\/2025\/02\/uphill_flow_3-272x182.webp 272w, https:\/\/d2p6e6u75xmxt8.cloudfront.net\/13\/2025\/02\/uphill_flow_3-1920x1280.webp 1920w\" sizes=\"auto, (max-width: 1920px) 100vw, 1920px\" \/><\/a><\/p>\n<p>\u201eP\u0159ed deseti lety byly eMTB je\u0161t\u011b zcela nezn\u00e1m\u00e9, n\u011bco naprosto nov\u00e9ho, co vzbuzovalo velk\u00e9 pochybnosti. My jsme t\u00e9 my\u0161lence prost\u011b v\u011b\u0159ili a v roce 2015 jsme v podob\u011b \u0159ady Performance Line CX uvedli na trh prvn\u00ed pohon ur\u010den\u00fd speci\u00e1ln\u011b pro horsk\u00e1 elektrokola,\u201d vysv\u011btluje Fleischer.<\/p>\n<p>T\u00edm se trh otev\u0159el. N\u00e1sledn\u011b za\u010dalo st\u00e1le v\u00edce v\u00fdrobc\u016f p\u0159izp\u016fsobovat sv\u016fj design a strategii, nab\u00edzet <a href=\"https:\/\/www.welovecycling.com\/cs\/2021\/09\/14\/video-domaci-servis-elektrokola\/\">eMTB<\/a> ve sv\u00e9m portfoliu a dop\u0159\u00e1vat tento v\u00fdjime\u010dn\u00fd po\u017eitek z j\u00edzdy st\u00e1le v\u011bt\u0161\u00edmu po\u010dtu cyklist\u016f. Po\u010d\u00e1te\u010dn\u00ed pochybnosti vyst\u0159\u00eddala fascinace a horsk\u00e1 cyklistika dostala nov\u00fd rozm\u011br. \u201eeMTB prom\u011bnily celou komunitu,\u201d \u0159\u00edk\u00e1 Fleischer. \u201eMilovn\u00edci sportovn\u00edch z\u00e1\u017eitk\u016f na horsk\u00fdch kolech ani trailov\u00ed jezdci si svou obl\u00edbenou z\u00e1bavu bez ebiku u\u017e neum\u011bj\u00ed p\u0159edstavit.&#8220;<\/p>\n<div class=\"shortcode-ys-post-pinup\"><article class=\"loop-simple post-28416 post type-post status-publish format-standard has-post-thumbnail hentry category-silnicni-cyklistika tag-cyklistika tag-nasledky-padu tag-otres-mozku tag-petr-kelemen tag-silnicni-cyklistika tag-tudor-pro-cycling tag-zraneni tag-zraneni-po-padu global-categories-cycling\" data-postid=\"28416\" role=\"article\" data-post-id=\"28416\" data-word-count=\"996\" data-headline-length=\"92\" data-category=\"Silni\u010dn\u00ed cyklistika\" data-global-category=\"Cycling\" data-author=\"Radek Malina\" data-published=\"2025-02-27T05:00:19+02:00\" data-published-day=\"Thursday\">\n    <div class=\"entry-thumbnail article-thumbnail\" content=\"https:\/\/d2p6e6u75xmxt8.cloudfront.net\/13\/2025\/02\/profimedia-0890638167-150x150.webp\"><a href=\"https:\/\/www.welovecycling.com\/cs\/2025\/02\/27\/dva-mesice-jsem-skoro-nic-nevidel-petr-kelemen-o-nasledcich-padu-a-tezkem-navratu\/\" class=\"image-holder\" target=\"_self\"><img decoding=\"async\" loading=\"lazy\" class=\"\" src=\"https:\/\/d2p6e6u75xmxt8.cloudfront.net\/13\/2025\/02\/profimedia-0890638167-1024x682.webp\" srcset=\"https:\/\/d2p6e6u75xmxt8.cloudfront.net\/13\/2025\/02\/profimedia-0890638167.webp 1800w, https:\/\/d2p6e6u75xmxt8.cloudfront.net\/13\/2025\/02\/profimedia-0890638167-300x200.webp 300w, https:\/\/d2p6e6u75xmxt8.cloudfront.net\/13\/2025\/02\/profimedia-0890638167-1024x682.webp 1024w, https:\/\/d2p6e6u75xmxt8.cloudfront.net\/13\/2025\/02\/profimedia-0890638167-768x511.webp 768w, https:\/\/d2p6e6u75xmxt8.cloudfront.net\/13\/2025\/02\/profimedia-0890638167-1536x1022.webp 1536w, https:\/\/d2p6e6u75xmxt8.cloudfront.net\/13\/2025\/02\/profimedia-0890638167-400x266.webp 400w, https:\/\/d2p6e6u75xmxt8.cloudfront.net\/13\/2025\/02\/profimedia-0890638167-272x182.webp 272w\" width=\"1024\" height=\"682\" sizes=\"auto, (min-width: 1200px) 300px, (min-width: 768px) 25vw, 100vw\" alt=\"dva-mesice-jsem-skoro-nic-nevidel-petr-kelemen-o-nasledcich-padu-a-tezkem-navratu\"\/><\/a><\/div>    <div class=\"entry-meta\">\n        <a class=\"label label-secondary post-category\" href=\"https:\/\/www.welovecycling.com\/cs\/category\/silnicni-cyklistika\/\" title=\"Silni\u010dn\u00ed cyklistika\">Silni\u010dn\u00ed cyklistika<\/a>\n    <\/div>\n    <div class=\"entry-details\">\n        <a href=\"https:\/\/www.welovecycling.com\/cs\/2025\/02\/27\/dva-mesice-jsem-skoro-nic-nevidel-petr-kelemen-o-nasledcich-padu-a-tezkem-navratu\/\" class='entry-title-wrapper'>\n            <h3 class=\"entry-title\"><span>Dva m\u011bs\u00edce jsem skoro nic nevid\u011bl! Petr Kelemen o n\u00e1sledc\u00edch p\u00e1du a t\u011b\u017ek\u00e9m n\u00e1vratu<\/span><\/h3>\n        <\/a>\n    <\/div>\n    <\/article>\n<\/div>\n<p>Dod\u00e1v\u00e1, \u017ee dokonal\u00fd motor mus\u00ed pom\u00e1hat natolik p\u0159irozen\u011b, harmonicky a intuitivn\u011b, \u017ee ho na trailu ani nepost\u0159ehnete. \u201eJedin\u011b tak se dostav\u00ed perfektn\u00ed Uphill Flow,\u201d uzav\u00edr\u00e1 Fleischer.<\/p>\n<h2><strong>Uphill Flow i na startovn\u00ed \u010d\u00e1\u0159e<\/strong><\/h2>\n<p>Uphill Flow u\u017e d\u00e1vno nen\u00ed jen o v\u00fdletech do hor. Stal se i sou\u010d\u00e1st\u00ed z\u00e1vodn\u00edho kalend\u00e1\u0159e. Z\u00e1vody jako eMTB Challenge l\u00e1kaj\u00ed \u00fa\u010dastn\u00edky na speci\u00e1ln\u00ed horsk\u00e9 scen\u00e9rie a technick\u00e9 pas\u00e1\u017ee. V \u010cesku se letos nap\u0159\u00edklad v r\u00e1mci obl\u00edben\u00e9ho Blindura pojede i discipl\u00edna ur\u010den\u00e1 v\u00fdhradn\u011b pro e-biky. I tady plat\u00ed, \u017ee Uphill Flow nen\u00ed jen fr\u00e1ze, ale styl j\u00edzdy, kter\u00fd cyklisty chytne a nepust\u00ed.<\/p>\n<figure id=\"attachment_28405\" aria-describedby=\"caption-attachment-28405\" style=\"width: 1920px\" class=\"wp-caption alignnone\"><a href=\"https:\/\/d2p6e6u75xmxt8.cloudfront.net\/13\/2025\/02\/Stefan_Schlie_Claus_Fleischer-scaled.webp\"><img loading=\"lazy\" decoding=\"async\" class=\"size-extra-large wp-image-28405\" src=\"https:\/\/d2p6e6u75xmxt8.cloudfront.net\/13\/2025\/02\/Stefan_Schlie_Claus_Fleischer-1920x1280.webp\" alt=\"\" width=\"1920\" height=\"1280\" srcset=\"https:\/\/d2p6e6u75xmxt8.cloudfront.net\/13\/2025\/02\/Stefan_Schlie_Claus_Fleischer-1920x1280.webp 1920w, https:\/\/d2p6e6u75xmxt8.cloudfront.net\/13\/2025\/02\/Stefan_Schlie_Claus_Fleischer-300x200.webp 300w, https:\/\/d2p6e6u75xmxt8.cloudfront.net\/13\/2025\/02\/Stefan_Schlie_Claus_Fleischer-1024x683.webp 1024w, https:\/\/d2p6e6u75xmxt8.cloudfront.net\/13\/2025\/02\/Stefan_Schlie_Claus_Fleischer-768x512.webp 768w, https:\/\/d2p6e6u75xmxt8.cloudfront.net\/13\/2025\/02\/Stefan_Schlie_Claus_Fleischer-1536x1024.webp 1536w, https:\/\/d2p6e6u75xmxt8.cloudfront.net\/13\/2025\/02\/Stefan_Schlie_Claus_Fleischer-2048x1365.webp 2048w, https:\/\/d2p6e6u75xmxt8.cloudfront.net\/13\/2025\/02\/Stefan_Schlie_Claus_Fleischer-400x267.webp 400w, https:\/\/d2p6e6u75xmxt8.cloudfront.net\/13\/2025\/02\/Stefan_Schlie_Claus_Fleischer-272x182.webp 272w, https:\/\/d2p6e6u75xmxt8.cloudfront.net\/13\/2025\/02\/Stefan_Schlie_Claus_Fleischer-1920x1280.webp 1920w\" sizes=\"auto, (max-width: 1920px) 100vw, 1920px\" \/><\/a><figcaption id=\"caption-attachment-28405\" class=\"wp-caption-text\"><em>Cyklotrialov\u00fd profesion\u00e1l Stefan Schlie a Claus Fleischer jsou duchovn\u00edmi otci fenom\u00e9nu Uphill Flow.<\/em><\/figcaption><\/figure>\n<p>Pohonn\u00e9 syst\u00e9my jako Performance Line CX, Performance Line CX Race a Performance Line SX, pr\u016fkopnick\u00fd progresivn\u011b-dynamick\u00fd re\u017eim eMTB, Extended Boost a mnoho dal\u0161\u00edch technick\u00fdch inovac\u00ed od spole\u010dnosti Bosch eBike Systems bylo vyvinuto s c\u00edlem zprost\u0159edkovat tento v\u00fdjime\u010dn\u00fd po\u017eitek z j\u00edzdy na trailu co nej\u0161ir\u0161\u00edmu okruhu cyklist\u016f.<\/p>\n<div class=\"shortcode-ys-post-pinup\"><article class=\"loop-simple post-28320 post type-post status-publish format-standard has-post-thumbnail hentry category-silnicni-cyklistika tag-angazma tag-ceska-vlajka tag-cyklistika tag-karel-vacek tag-kontrakt tag-petr-kelemen tag-silnicni-cyklistika tag-smlouva tag-uci-pro-teams tag-world-teams tag-world-tour tag-zdenek-stybar global-categories-cycling\" data-postid=\"28320\" role=\"article\" data-post-id=\"28320\" data-word-count=\"928\" data-headline-length=\"67\" data-category=\"Silni\u010dn\u00ed cyklistika\" data-global-category=\"Cycling\" data-author=\"Radek Malina\" data-published=\"2025-02-19T06:00:27+02:00\" data-published-day=\"Wednesday\">\n    <div class=\"entry-thumbnail article-thumbnail\" content=\"https:\/\/d2p6e6u75xmxt8.cloudfront.net\/13\/2023\/01\/Kelemen-BrychtaJan_MR_MCR_MSR_U23_Ceska_Trebova_20220716_165844_DSC_7466-150x150.webp\"><a href=\"https:\/\/www.welovecycling.com\/cs\/2025\/02\/19\/ivan-drago-a-ti-dalsi-z-vychodu-je-ceska-vlajka-pritezi\/\" class=\"image-holder\" target=\"_self\"><img decoding=\"async\" loading=\"lazy\" class=\"\" src=\"https:\/\/d2p6e6u75xmxt8.cloudfront.net\/13\/2023\/01\/Kelemen-BrychtaJan_MR_MCR_MSR_U23_Ceska_Trebova_20220716_165844_DSC_7466-1024x684.webp\" srcset=\"https:\/\/d2p6e6u75xmxt8.cloudfront.net\/13\/2023\/01\/Kelemen-BrychtaJan_MR_MCR_MSR_U23_Ceska_Trebova_20220716_165844_DSC_7466.webp 2000w, https:\/\/d2p6e6u75xmxt8.cloudfront.net\/13\/2023\/01\/Kelemen-BrychtaJan_MR_MCR_MSR_U23_Ceska_Trebova_20220716_165844_DSC_7466-300x200.webp 300w, https:\/\/d2p6e6u75xmxt8.cloudfront.net\/13\/2023\/01\/Kelemen-BrychtaJan_MR_MCR_MSR_U23_Ceska_Trebova_20220716_165844_DSC_7466-1024x684.webp 1024w, https:\/\/d2p6e6u75xmxt8.cloudfront.net\/13\/2023\/01\/Kelemen-BrychtaJan_MR_MCR_MSR_U23_Ceska_Trebova_20220716_165844_DSC_7466-768x513.webp 768w, https:\/\/d2p6e6u75xmxt8.cloudfront.net\/13\/2023\/01\/Kelemen-BrychtaJan_MR_MCR_MSR_U23_Ceska_Trebova_20220716_165844_DSC_7466-1536x1025.webp 1536w, https:\/\/d2p6e6u75xmxt8.cloudfront.net\/13\/2023\/01\/Kelemen-BrychtaJan_MR_MCR_MSR_U23_Ceska_Trebova_20220716_165844_DSC_7466-1920x1282.webp 1920w, https:\/\/d2p6e6u75xmxt8.cloudfront.net\/13\/2023\/01\/Kelemen-BrychtaJan_MR_MCR_MSR_U23_Ceska_Trebova_20220716_165844_DSC_7466-272x182.webp 272w, https:\/\/d2p6e6u75xmxt8.cloudfront.net\/13\/2023\/01\/Kelemen-BrychtaJan_MR_MCR_MSR_U23_Ceska_Trebova_20220716_165844_DSC_7466-1920x1282.webp 1920w\" width=\"1024\" height=\"684\" sizes=\"auto, (min-width: 1200px) 300px, (min-width: 768px) 25vw, 100vw\" alt=\"ivan-drago-a-ti-dalsi-z-vychodu-je-ceska-vlajka-pritezi\"\/><\/a><\/div>    <div class=\"entry-meta\">\n        <a class=\"label label-secondary post-category\" href=\"https:\/\/www.welovecycling.com\/cs\/category\/silnicni-cyklistika\/\" title=\"Silni\u010dn\u00ed cyklistika\">Silni\u010dn\u00ed cyklistika<\/a>\n    <\/div>\n    <div class=\"entry-details\">\n        <a href=\"https:\/\/www.welovecycling.com\/cs\/2025\/02\/19\/ivan-drago-a-ti-dalsi-z-vychodu-je-ceska-vlajka-pritezi\/\" class='entry-title-wrapper'>\n            <h3 class=\"entry-title\"><span>Ivan Drago a ti dal\u0161\u00ed z V\u00fdchodu. Je \u010desk\u00e1 vlajka p\u0159\u00edt\u011b\u017e\u00ed?<\/span><\/h3>\n        <\/a>\n    <\/div>\n    <\/article>\n<\/div>\n<p>To, co za\u010dalo jako vize, se stalo synonymem pro radost z j\u00edzdy, kter\u00e1 d\u00edky inovac\u00edm pozitivn\u011b formovala, roz\u0161\u00ed\u0159ila a prom\u011bnila sv\u011bt horsk\u00fdch kol i celou cyklistickou komunitu.<\/p>\n","protected":false},"excerpt":{"rendered":"<p>J\u00edzda do kopce? Pro v\u011bt\u0161inu cyklist\u016f sp\u00ed\u0161 d\u0159ina ne\u017e z\u00e1bava. Mo\u017en\u00e1 v\u00fdzva, uspokojen\u00ed ze sportovn\u00edho v\u00fdkonu nebo dobr\u00fd pocit z [&hellip;]<\/p>\n","protected":false},"author":138,"featured_media":28407,"comment_status":"open","ping_status":"open","sticky":false,"template":"","format":"standard","meta":{"footnotes":""},"categories":[11],"tags":[4097,126,56,27,4081,67],"global-categories":[411],"class_list":["post-28402","post","type-post","status-publish","format-standard","has-post-thumbnail","hentry","category-horska-cyklistika","tag-claus-fleischer","tag-cyklistika","tag-horska-cyklistika","tag-trenink","tag-uphill-flow","tag-zdravi-a-trenink","global-categories-cycling"],"yoast_head":"<!-- This site is optimized with the Yoast SEO Premium plugin v25.3 (Yoast SEO v25.9) - https:\/\/yoast.com\/wordpress\/plugins\/seo\/ -->\n<title>10 let fenom\u00e9nu Uphill Flow | \u0160koda We Love Cycling - \u010cesk\u00e1 republika<\/title>\n<meta name=\"description\" content=\"J\u00edzda do kopce? Pro v\u011bt\u0161inu cyklist\u016f sp\u00ed\u0161 d\u0159ina ne\u017e z\u00e1bava. Mo\u017en\u00e1 v\u00fdzva, uspokojen\u00ed ze sportovn\u00edho v\u00fdkonu nebo dobr\u00fd pocit z dosa\u017een\u00e9ho vrcholu, ale rozhodn\u011b ne radost. P\u0159ed deseti lety se to ale zm\u011bnilo. Pr\u016fkopn\u00edk eMTB ze spole\u010dnosti Bosch eBike Systems Claus Fleischer a jeho kolega, cyklotrialov\u00fd profesion\u00e1l Stefan Schlie, p\u0159i\u0161li na to, \u017ee s pomoc\u00ed elektromotoru m\u016f\u017ee b\u00fdt i v\u00fd\u0161lap do strm\u00e9ho kopce stejn\u011b vzru\u0161uj\u00edc\u00ed jako sjezd.\u00a0P\u0159ed deseti lety se zrodil n\u00e1pad, kter\u00fd zp\u016fsobil revoluci v horsk\u00e9 cyklistice a prom\u011bnil cel\u00fd cyklistick\u00fd sv\u011bt: Uphill Flow.\" \/>\n<meta name=\"robots\" content=\"index, follow, max-snippet:-1, max-image-preview:large, max-video-preview:-1\" \/>\n<link rel=\"canonical\" href=\"https:\/\/www.welovecycling.com\/cs\/2025\/03\/04\/10-let-fenomenu-uphill-flow\/\" \/>\n<meta property=\"og:locale\" content=\"cs_CZ\" \/>\n<meta property=\"og:type\" content=\"article\" \/>\n<meta property=\"og:title\" content=\"10 let fenom\u00e9nu Uphill Flow\" \/>\n<meta property=\"og:description\" content=\"J\u00edzda do kopce? Pro v\u011bt\u0161inu cyklist\u016f sp\u00ed\u0161 d\u0159ina ne\u017e z\u00e1bava. Mo\u017en\u00e1 v\u00fdzva, uspokojen\u00ed ze sportovn\u00edho v\u00fdkonu nebo dobr\u00fd pocit z dosa\u017een\u00e9ho vrcholu, ale rozhodn\u011b ne radost. P\u0159ed deseti lety se to ale zm\u011bnilo. Pr\u016fkopn\u00edk eMTB ze spole\u010dnosti Bosch eBike Systems Claus Fleischer a jeho kolega, cyklotrialov\u00fd profesion\u00e1l Stefan Schlie, p\u0159i\u0161li na to, \u017ee s pomoc\u00ed elektromotoru m\u016f\u017ee b\u00fdt i v\u00fd\u0161lap do strm\u00e9ho kopce stejn\u011b vzru\u0161uj\u00edc\u00ed jako sjezd.\u00a0P\u0159ed deseti lety se zrodil n\u00e1pad, kter\u00fd zp\u016fsobil revoluci v horsk\u00e9 cyklistice a prom\u011bnil cel\u00fd cyklistick\u00fd sv\u011bt: Uphill Flow.\" \/>\n<meta property=\"og:url\" content=\"https:\/\/www.welovecycling.com\/cs\/2025\/03\/04\/10-let-fenomenu-uphill-flow\/\" \/>\n<meta property=\"og:site_name\" content=\"\u0160koda We Love Cycling - \u010cesk\u00e1 republika\" \/>\n<meta property=\"article:published_time\" content=\"2025-03-04T03:00:01+00:00\" \/>\n<meta property=\"og:image\" content=\"https:\/\/d2p6e6u75xmxt8.cloudfront.net\/13\/2025\/02\/uphill_flow_2-scaled.webp\" \/>\n\t<meta property=\"og:image:width\" content=\"2560\" \/>\n\t<meta property=\"og:image:height\" content=\"1707\" \/>\n\t<meta property=\"og:image:type\" content=\"image\/webp\" \/>\n<meta name=\"author\" content=\"radekmalina\" \/>\n<meta name=\"twitter:card\" content=\"summary_large_image\" \/>\n<meta name=\"twitter:label1\" content=\"Written by\" \/>\n\t<meta name=\"twitter:data1\" content=\"Radek Malina\" \/>\n\t<meta name=\"twitter:label2\" content=\"Est. reading time\" \/>\n\t<meta name=\"twitter:data2\" content=\"6\" \/>\n<script type=\"application\/ld+json\" class=\"yoast-schema-graph\">{\"@context\":\"https:\/\/schema.org\",\"@graph\":[{\"@type\":\"WebPage\",\"@id\":\"https:\/\/www.welovecycling.com\/cs\/2025\/03\/04\/10-let-fenomenu-uphill-flow\/\",\"url\":\"https:\/\/www.welovecycling.com\/cs\/2025\/03\/04\/10-let-fenomenu-uphill-flow\/\",\"name\":\"10 let fenom\u00e9nu Uphill Flow | \u0160koda We Love Cycling - \u010cesk\u00e1 republika\",\"isPartOf\":{\"@id\":\"https:\/\/www.welovecycling.com\/cs\/#website\"},\"primaryImageOfPage\":{\"@id\":\"https:\/\/www.welovecycling.com\/cs\/2025\/03\/04\/10-let-fenomenu-uphill-flow\/#primaryimage\"},\"image\":{\"@id\":\"https:\/\/www.welovecycling.com\/cs\/2025\/03\/04\/10-let-fenomenu-uphill-flow\/#primaryimage\"},\"thumbnailUrl\":\"https:\/\/d2p6e6u75xmxt8.cloudfront.net\/13\/2025\/02\/uphill_flow_2-scaled.webp\",\"datePublished\":\"2025-03-04T03:00:01+00:00\",\"author\":{\"@id\":\"https:\/\/www.welovecycling.com\/cs\/#\/schema\/person\/d9eeb0a378f3a7e4a6d12d2b536b04b8\"},\"description\":\"J\u00edzda do kopce? Pro v\u011bt\u0161inu cyklist\u016f sp\u00ed\u0161 d\u0159ina ne\u017e z\u00e1bava. Mo\u017en\u00e1 v\u00fdzva, uspokojen\u00ed ze sportovn\u00edho v\u00fdkonu nebo dobr\u00fd pocit z dosa\u017een\u00e9ho vrcholu, ale rozhodn\u011b ne radost. P\u0159ed deseti lety se to ale zm\u011bnilo. Pr\u016fkopn\u00edk eMTB ze spole\u010dnosti Bosch eBike Systems Claus Fleischer a jeho kolega, cyklotrialov\u00fd profesion\u00e1l Stefan Schlie, p\u0159i\u0161li na to, \u017ee s pomoc\u00ed elektromotoru m\u016f\u017ee b\u00fdt i v\u00fd\u0161lap do strm\u00e9ho kopce stejn\u011b vzru\u0161uj\u00edc\u00ed jako sjezd.\u00a0P\u0159ed deseti lety se zrodil n\u00e1pad, kter\u00fd zp\u016fsobil revoluci v horsk\u00e9 cyklistice a prom\u011bnil cel\u00fd cyklistick\u00fd sv\u011bt: Uphill Flow.\",\"inLanguage\":\"cs\",\"potentialAction\":[{\"@type\":\"ReadAction\",\"target\":[\"https:\/\/www.welovecycling.com\/cs\/2025\/03\/04\/10-let-fenomenu-uphill-flow\/\"]}]},{\"@type\":\"ImageObject\",\"inLanguage\":\"cs\",\"@id\":\"https:\/\/www.welovecycling.com\/cs\/2025\/03\/04\/10-let-fenomenu-uphill-flow\/#primaryimage\",\"url\":\"https:\/\/d2p6e6u75xmxt8.cloudfront.net\/13\/2025\/02\/uphill_flow_2-scaled.webp\",\"contentUrl\":\"https:\/\/d2p6e6u75xmxt8.cloudfront.net\/13\/2025\/02\/uphill_flow_2-scaled.webp\",\"width\":2560,\"height\":1707,\"caption\":\"Uphill Flow.\"},{\"@type\":\"WebSite\",\"@id\":\"https:\/\/www.welovecycling.com\/cs\/#website\",\"url\":\"https:\/\/www.welovecycling.com\/cs\/\",\"name\":\"\u0160koda We Love Cycling - \u010cesk\u00e1 republika\",\"description\":\"WeLoveCycling.cz je online magaz\u00edn, kter\u00fd v\u00e1m pravideln\u011b p\u0159in\u00e1\u0161\u00ed rady a tipy, zaj\u00edmav\u00e9 \u010dl\u00e1nky, videa a jedine\u010dn\u00e9 report\u00e1\u017ee ze sv\u011bta cyklistiky.\",\"potentialAction\":[{\"@type\":\"SearchAction\",\"target\":{\"@type\":\"EntryPoint\",\"urlTemplate\":\"https:\/\/www.welovecycling.com\/cs\/?s={search_term_string}\"},\"query-input\":{\"@type\":\"PropertyValueSpecification\",\"valueRequired\":true,\"valueName\":\"search_term_string\"}}],\"inLanguage\":\"cs\"},{\"@type\":\"Person\",\"@id\":\"https:\/\/www.welovecycling.com\/cs\/#\/schema\/person\/d9eeb0a378f3a7e4a6d12d2b536b04b8\",\"name\":\"radekmalina\",\"image\":{\"@type\":\"ImageObject\",\"inLanguage\":\"cs\",\"@id\":\"https:\/\/www.welovecycling.com\/cs\/#\/schema\/person\/image\/\",\"url\":\"https:\/\/secure.gravatar.com\/avatar\/66994b632cb8c39a46b9f54afa3ae07201b678d32a54275b6f1c9ffec356bfc0?s=96&d=mm&r=g\",\"contentUrl\":\"https:\/\/secure.gravatar.com\/avatar\/66994b632cb8c39a46b9f54afa3ae07201b678d32a54275b6f1c9ffec356bfc0?s=96&d=mm&r=g\",\"caption\":\"radekmalina\"},\"url\":\"https:\/\/www.welovecycling.com\/cs\/author\/radekmalina\/\"}]}<\/script>\n<!-- \/ Yoast SEO Premium plugin. -->","yoast_head_json":{"title":"10 let fenom\u00e9nu Uphill Flow | \u0160koda We Love Cycling - \u010cesk\u00e1 republika","description":"J\u00edzda do kopce? Pro v\u011bt\u0161inu cyklist\u016f sp\u00ed\u0161 d\u0159ina ne\u017e z\u00e1bava. Mo\u017en\u00e1 v\u00fdzva, uspokojen\u00ed ze sportovn\u00edho v\u00fdkonu nebo dobr\u00fd pocit z dosa\u017een\u00e9ho vrcholu, ale rozhodn\u011b ne radost. P\u0159ed deseti lety se to ale zm\u011bnilo. Pr\u016fkopn\u00edk eMTB ze spole\u010dnosti Bosch eBike Systems Claus Fleischer a jeho kolega, cyklotrialov\u00fd profesion\u00e1l Stefan Schlie, p\u0159i\u0161li na to, \u017ee s pomoc\u00ed elektromotoru m\u016f\u017ee b\u00fdt i v\u00fd\u0161lap do strm\u00e9ho kopce stejn\u011b vzru\u0161uj\u00edc\u00ed jako sjezd.\u00a0P\u0159ed deseti lety se zrodil n\u00e1pad, kter\u00fd zp\u016fsobil revoluci v horsk\u00e9 cyklistice a prom\u011bnil cel\u00fd cyklistick\u00fd sv\u011bt: Uphill Flow.","robots":{"index":"index","follow":"follow","max-snippet":"max-snippet:-1","max-image-preview":"max-image-preview:large","max-video-preview":"max-video-preview:-1"},"canonical":"https:\/\/www.welovecycling.com\/cs\/2025\/03\/04\/10-let-fenomenu-uphill-flow\/","og_locale":"cs_CZ","og_type":"article","og_title":"10 let fenom\u00e9nu Uphill Flow","og_description":"J\u00edzda do kopce? Pro v\u011bt\u0161inu cyklist\u016f sp\u00ed\u0161 d\u0159ina ne\u017e z\u00e1bava. Mo\u017en\u00e1 v\u00fdzva, uspokojen\u00ed ze sportovn\u00edho v\u00fdkonu nebo dobr\u00fd pocit z dosa\u017een\u00e9ho vrcholu, ale rozhodn\u011b ne radost. P\u0159ed deseti lety se to ale zm\u011bnilo. Pr\u016fkopn\u00edk eMTB ze spole\u010dnosti Bosch eBike Systems Claus Fleischer a jeho kolega, cyklotrialov\u00fd profesion\u00e1l Stefan Schlie, p\u0159i\u0161li na to, \u017ee s pomoc\u00ed elektromotoru m\u016f\u017ee b\u00fdt i v\u00fd\u0161lap do strm\u00e9ho kopce stejn\u011b vzru\u0161uj\u00edc\u00ed jako sjezd.\u00a0P\u0159ed deseti lety se zrodil n\u00e1pad, kter\u00fd zp\u016fsobil revoluci v horsk\u00e9 cyklistice a prom\u011bnil cel\u00fd cyklistick\u00fd sv\u011bt: Uphill Flow.","og_url":"https:\/\/www.welovecycling.com\/cs\/2025\/03\/04\/10-let-fenomenu-uphill-flow\/","og_site_name":"\u0160koda We Love Cycling - \u010cesk\u00e1 republika","article_published_time":"2025-03-04T03:00:01+00:00","og_image":[{"width":2560,"height":1707,"url":"https:\/\/d2p6e6u75xmxt8.cloudfront.net\/13\/2025\/02\/uphill_flow_2-scaled.webp","type":"image\/webp"}],"author":"radekmalina","twitter_card":"summary_large_image","twitter_misc":{"Written by":"Radek Malina","Est. reading time":"6"},"schema":{"@context":"https:\/\/schema.org","@graph":[{"@type":"WebPage","@id":"https:\/\/www.welovecycling.com\/cs\/2025\/03\/04\/10-let-fenomenu-uphill-flow\/","url":"https:\/\/www.welovecycling.com\/cs\/2025\/03\/04\/10-let-fenomenu-uphill-flow\/","name":"10 let fenom\u00e9nu Uphill Flow | \u0160koda We Love Cycling - \u010cesk\u00e1 republika","isPartOf":{"@id":"https:\/\/www.welovecycling.com\/cs\/#website"},"primaryImageOfPage":{"@id":"https:\/\/www.welovecycling.com\/cs\/2025\/03\/04\/10-let-fenomenu-uphill-flow\/#primaryimage"},"image":{"@id":"https:\/\/www.welovecycling.com\/cs\/2025\/03\/04\/10-let-fenomenu-uphill-flow\/#primaryimage"},"thumbnailUrl":"https:\/\/d2p6e6u75xmxt8.cloudfront.net\/13\/2025\/02\/uphill_flow_2-scaled.webp","datePublished":"2025-03-04T03:00:01+00:00","author":{"@id":"https:\/\/www.welovecycling.com\/cs\/#\/schema\/person\/d9eeb0a378f3a7e4a6d12d2b536b04b8"},"description":"J\u00edzda do kopce? Pro v\u011bt\u0161inu cyklist\u016f sp\u00ed\u0161 d\u0159ina ne\u017e z\u00e1bava. Mo\u017en\u00e1 v\u00fdzva, uspokojen\u00ed ze sportovn\u00edho v\u00fdkonu nebo dobr\u00fd pocit z dosa\u017een\u00e9ho vrcholu, ale rozhodn\u011b ne radost. P\u0159ed deseti lety se to ale zm\u011bnilo. Pr\u016fkopn\u00edk eMTB ze spole\u010dnosti Bosch eBike Systems Claus Fleischer a jeho kolega, cyklotrialov\u00fd profesion\u00e1l Stefan Schlie, p\u0159i\u0161li na to, \u017ee s pomoc\u00ed elektromotoru m\u016f\u017ee b\u00fdt i v\u00fd\u0161lap do strm\u00e9ho kopce stejn\u011b vzru\u0161uj\u00edc\u00ed jako sjezd.\u00a0P\u0159ed deseti lety se zrodil n\u00e1pad, kter\u00fd zp\u016fsobil revoluci v horsk\u00e9 cyklistice a prom\u011bnil cel\u00fd cyklistick\u00fd sv\u011bt: Uphill Flow.","inLanguage":"cs","potentialAction":[{"@type":"ReadAction","target":["https:\/\/www.welovecycling.com\/cs\/2025\/03\/04\/10-let-fenomenu-uphill-flow\/"]}]},{"@type":"ImageObject","inLanguage":"cs","@id":"https:\/\/www.welovecycling.com\/cs\/2025\/03\/04\/10-let-fenomenu-uphill-flow\/#primaryimage","url":"https:\/\/d2p6e6u75xmxt8.cloudfront.net\/13\/2025\/02\/uphill_flow_2-scaled.webp","contentUrl":"https:\/\/d2p6e6u75xmxt8.cloudfront.net\/13\/2025\/02\/uphill_flow_2-scaled.webp","width":2560,"height":1707,"caption":"Uphill Flow."},{"@type":"WebSite","@id":"https:\/\/www.welovecycling.com\/cs\/#website","url":"https:\/\/www.welovecycling.com\/cs\/","name":"\u0160koda We Love Cycling - \u010cesk\u00e1 republika","description":"WeLoveCycling.cz je online magaz\u00edn, kter\u00fd v\u00e1m pravideln\u011b p\u0159in\u00e1\u0161\u00ed rady a tipy, zaj\u00edmav\u00e9 \u010dl\u00e1nky, videa a jedine\u010dn\u00e9 report\u00e1\u017ee ze sv\u011bta cyklistiky.","potentialAction":[{"@type":"SearchAction","target":{"@type":"EntryPoint","urlTemplate":"https:\/\/www.welovecycling.com\/cs\/?s={search_term_string}"},"query-input":{"@type":"PropertyValueSpecification","valueRequired":true,"valueName":"search_term_string"}}],"inLanguage":"cs"},{"@type":"Person","@id":"https:\/\/www.welovecycling.com\/cs\/#\/schema\/person\/d9eeb0a378f3a7e4a6d12d2b536b04b8","name":"radekmalina","image":{"@type":"ImageObject","inLanguage":"cs","@id":"https:\/\/www.welovecycling.com\/cs\/#\/schema\/person\/image\/","url":"https:\/\/secure.gravatar.com\/avatar\/66994b632cb8c39a46b9f54afa3ae07201b678d32a54275b6f1c9ffec356bfc0?s=96&d=mm&r=g","contentUrl":"https:\/\/secure.gravatar.com\/avatar\/66994b632cb8c39a46b9f54afa3ae07201b678d32a54275b6f1c9ffec356bfc0?s=96&d=mm&r=g","caption":"radekmalina"},"url":"https:\/\/www.welovecycling.com\/cs\/author\/radekmalina\/"}]}},"_links":{"self":[{"href":"https:\/\/www.welovecycling.com\/cs\/wp-json\/wp\/v2\/posts\/28402","targetHints":{"allow":["GET"]}}],"collection":[{"href":"https:\/\/www.welovecycling.com\/cs\/wp-json\/wp\/v2\/posts"}],"about":[{"href":"https:\/\/www.welovecycling.com\/cs\/wp-json\/wp\/v2\/types\/post"}],"author":[{"embeddable":true,"href":"https:\/\/www.welovecycling.com\/cs\/wp-json\/wp\/v2\/users\/138"}],"replies":[{"embeddable":true,"href":"https:\/\/www.welovecycling.com\/cs\/wp-json\/wp\/v2\/comments?post=28402"}],"version-history":[{"count":3,"href":"https:\/\/www.welovecycling.com\/cs\/wp-json\/wp\/v2\/posts\/28402\/revisions"}],"predecessor-version":[{"id":28473,"href":"https:\/\/www.welovecycling.com\/cs\/wp-json\/wp\/v2\/posts\/28402\/revisions\/28473"}],"wp:featuredmedia":[{"embeddable":true,"href":"https:\/\/www.welovecycling.com\/cs\/wp-json\/wp\/v2\/media\/28407"}],"wp:attachment":[{"href":"https:\/\/www.welovecycling.com\/cs\/wp-json\/wp\/v2\/media?parent=28402"}],"wp:term":[{"taxonomy":"category","embeddable":true,"href":"https:\/\/www.welovecycling.com\/cs\/wp-json\/wp\/v2\/categories?post=28402"},{"taxonomy":"post_tag","embeddable":true,"href":"https:\/\/www.welovecycling.com\/cs\/wp-json\/wp\/v2\/tags?post=28402"},{"taxonomy":"global-categories","embeddable":true,"href":"https:\/\/www.welovecycling.com\/cs\/wp-json\/wp\/v2\/global-categories?post=28402"}],"curies":[{"name":"wp","href":"https:\/\/api.w.org\/{rel}","templated":true}]}}