{"id":2836,"date":"2019-07-12T08:13:52","date_gmt":"2019-07-12T07:13:52","guid":{"rendered":"https:\/\/www.welovecycling.com\/cs\/?p=2836"},"modified":"2019-07-12T08:13:52","modified_gmt":"2019-07-12T07:13:52","slug":"jak-pripravit-kolo-na-bikepacking-we-love-cycling-cr","status":"publish","type":"post","link":"https:\/\/www.welovecycling.com\/cs\/2019\/07\/12\/jak-pripravit-kolo-na-bikepacking-we-love-cycling-cr\/","title":{"rendered":"Jak p\u0159ipravit kolo na Bikepacking"},"content":{"rendered":"<p><strong>Nov\u00e9 technologie d\u011blaj\u00ed dlouh\u00e9 cesty na kolech dostupn\u00e9 pro v\u0161echny. U\u017e nen\u00ed pot\u0159eba speci\u00e1ln\u00ed kolo a hromada vybaven\u00ed jako kdysi, kdy\u017e cht\u011bl \u010dlov\u011bk vyrazit na d\u00e1lkovou cyklo-turistiku. S\u00a0p\u0159\u00edchodem bikepackingu, minimalistick\u00e9ho zp\u016fsobu objevov\u00e1n\u00ed nov\u00fdch cest a trail\u016f, se hodn\u011b zm\u011bnilo. Poj\u010fme se pod\u00edvat, co budete pot\u0159ebovat, abyste na bikepacking p\u0159ipravili va\u0161e kolo.<\/strong><br \/>\n<!--more--><\/p>\n<p>U\u017e nemus\u00edte obstar\u00e1vat t\u011b\u017ek\u00e9 nosi\u010de a speci\u00e1ln\u00ed velko-objemov\u00e9 bra\u0161ny, abyste mohli vyrazit na dobrodru\u017en\u00fd v\u00edkendov\u00fd cyklov\u00fdlet. Bikepacking je o jednoduch\u00e9m cestov\u00e1n\u00ed s\u00a0lehk\u00fdm vybaven\u00edm. V\u0161e, co pot\u0159ebujete je j\u00edzdn\u00ed kolo, a\u0165 u\u017e horsk\u00e9, silni\u010dn\u00ed, nebo m\u011bstsk\u00e9, ke kter\u00e9mu p\u0159ipnete p\u00e1r bra\u0161en, ty napln\u00edte jen nejnutn\u011bj\u0161\u00edm vybaven\u00edm, ud\u011bl\u00e1te n\u011bkolik jednoduch\u00fdch \u00faprav a m\u016f\u017eete vyrazit.<\/p>\n<h2><strong>Vyberte ty spr\u00e1vn\u00e9 bra\u0161ny<\/strong><\/h2>\n<p>V\u0161echny bra\u0161ny vhodn\u00e9 na bikepacking maj\u00ed n\u011bkolik spole\u010dn\u00fdch vlastnost\u00ed. Svou v\u00e1hou a velikost\u00ed jsou minimalistick\u00e9 a vyr\u00e1b\u011bj\u00ed se z\u00a0velmi odoln\u00fdch a nepromokav\u00fdch materi\u00e1l\u016f. Existuje n\u011bkolik druh\u016f, ka\u017ed\u00fd je vhodn\u00fd pro jin\u00fd typ n\u00e1kladu. Nemus\u00edte po\u0159izovat v\u0161echny, sta\u010d\u00ed jen ty, kter\u00e9 poberou v\u0161e, co pl\u00e1nujte vz\u00edt sebou.<\/p>\n<p><a href=\"https:\/\/d2p6e6u75xmxt8.cloudfront.net\/13\/2019\/07\/WLC-packaging-1080x1080.png\"><img loading=\"lazy\" decoding=\"async\" class=\"alignnone size-full wp-image-2839\" src=\"https:\/\/d2p6e6u75xmxt8.cloudfront.net\/13\/2019\/07\/WLC-packaging-1080x1080.png\" alt=\"\" width=\"1080\" height=\"1080\" \/><\/a><\/p>\n<p>Sedlov\u00e9 bra\u0161ny jsou ide\u00e1ln\u00ed na spac\u00e1k, proto\u017ee je lze dob\u0159e stla\u010dit. Bra\u0161ny na r\u00e1m je vhodn\u00e9 naplnit t\u011b\u017e\u0161\u00edmi kusy vybaven\u00ed jako je va\u0159i\u010d, j\u00eddlo \u010di n\u00e1\u0159ad\u00ed, aby z\u016fstalo t\u011b\u017ei\u0161t\u011b kola co nejn\u00ed\u017ee. Bra\u0161ny na \u0159\u00edd\u00edtka se naopak hod\u00ed na lehk\u00e9 kousky v\u00fdbavy, t\u0159eba na karimatku, aby nekomplikovaly \u0159\u00edzen\u00ed kola. Bra\u0161ny na horn\u00ed r\u00e1m jsou vhodn\u00e9 na v\u011bci, kter\u00e9 pot\u0159ebujete m\u00edt po ruce, jako j\u00eddlo.<\/p>\n<p>https:\/\/www.instagram.com\/p\/BTlq9pqBqr4\/<\/p>\n<h2><strong>Upravte odpru\u017een\u00ed<\/strong><\/h2>\n<p>Ne\u017e vyraz\u00edte s\u00a0pln\u011b nalo\u017een\u00fdm kolem na trail, je dobr\u00e9 p\u0159idat asi 10 psi na zadn\u00ed odpru\u017een\u00ed, zhruba 5 psi na p\u0159edn\u00ed a zv\u00fd\u0161it tlumen\u00ed komprese, aby odpru\u017een\u00ed reagovalo svi\u017en\u011b i p\u0159i v\u011bt\u0161\u00edm zat\u00ed\u017een\u00ed. Tohle je ale jenom obecn\u00e9 doporu\u010den\u00ed, bude pot\u0159eba si s\u00a0t\u00edm trochu pohr\u00e1t v\u00a0z\u00e1vislosti na v\u00e1ze va\u0161eho n\u00e1kladu.<\/p>\n<h2><strong>P\u0159e\u0159a\u010fte<\/strong><\/h2>\n<p>\u010c\u00edm t\u011b\u017e\u0161\u00ed n\u00e1klad, t\u00edm v\u00edce budete muset tla\u010dit do ped\u00e1l\u016f, pokud ov\u0161em nepod\u0159ad\u00edte. I kopce, kter\u00e9 v\u011bt\u0161inou zvl\u00e1d\u00e1te bez probl\u00e9m\u016f, budou s\u00a0pln\u00fdm n\u00e1kladem a po dlouh\u00e9m dni v\u00a0sedle nov\u00e1 v\u00fdzva. Nebojte se j\u00edt na 24-zub\u00fd p\u0159evodn\u00edk, nohy v\u00e1m pod\u011bkuj\u00ed.<\/p>\n<h2><strong>Vyberte \u0161ir\u0161\u00ed pl\u00e1\u0161t\u011b<\/strong><\/h2>\n<p>Kola s\u00a0t\u011b\u017ek\u00fdm n\u00e1kladem jsou stabiln\u011bj\u0161\u00ed na \u0161ir\u0161\u00edch pl\u00e1\u0161t\u00edch, zejm\u00e9na v\u00a0ter\u00e9nu. M\u016f\u017eete vyzkou\u0161et pl\u00e1\u0161t\u011b v\u00a0rozmez\u00ed 6 cm a\u017e 7,5 cm pro trochu extra pohodl\u00ed b\u011bhem dlouh\u00fdch hodin, kter\u00e9 na kole str\u00e1v\u00edte.<\/p>\n<h2><strong>P\u0159ipravte se na v\u00edkendov\u00fd cyklov\u00fdlet<\/strong><\/h2>\n<p>Te\u010f, kdy\u017e m\u00e1te kolo p\u0159ipraven\u00e9 a vybaven\u00e9 bra\u0161nami, je \u010das vybrat to spr\u00e1vn\u00e9 vybaven\u00ed. Nejd\u0159\u00edv budete pot\u0159ebovat v\u011bci na p\u0159esp\u00e1n\u00ed \u2013 stan, spac\u00e1k a karimatku. \u010c\u00edm leh\u010d\u00ed a men\u0161\u00ed si m\u016f\u017eete dovolit, t\u00edm l\u00e9pe. Extra pono\u017eky a pl\u00e1\u0161t\u011bnka jsou nutn\u00e9 pro ka\u017ed\u00fd v\u00fdlet. Nezapome\u0148te taky na z\u00e1kladn\u00ed hygienick\u00e9 pot\u0159eby jako kart\u00e1\u010dek, pasta, ru\u010dn\u00edk a deodorant, pro p\u0159\u00edpad, \u017ee byste se cht\u011bli ve\u010derech dru\u017eit. Kvalitn\u00ed sv\u011btla na kolo, pro p\u0159\u00edpad, \u017ee pojedete po setm\u011bn\u00ed a \u010delovka do kempu se p\u0159ijdou vhod. Extra du\u0161e a z\u00e1kladn\u00ed n\u00e1\u0159ad\u00ed na kolo jsou samoz\u0159ejmost\u00ed.<\/p>\n<div class=\"embed-controller-wrapper\">\n<blockquote class=\"twitter-tweet\" data-width=\"500\" data-dnt=\"true\">\n<p lang=\"en\" dir=\"ltr\">Find a detailed kit list for <a href=\"https:\/\/twitter.com\/hashtag\/europecycleworldrecord?src=hash&amp;ref_src=twsrc%5Etfw\">#europecycleworldrecord<\/a> here: <a href=\"https:\/\/t.co\/Y114DfiBcs\">https:\/\/t.co\/Y114DfiBcs<\/a> <a href=\"https:\/\/t.co\/RwFl9qDERQ\">pic.twitter.com\/RwFl9qDERQ<\/a><\/p>\n<p>&mdash; Sean Conway (@Conway_Sean) <a href=\"https:\/\/twitter.com\/Conway_Sean\/status\/893412749245591552?ref_src=twsrc%5Etfw\">August 4, 2017<\/a><\/p><\/blockquote>\n<p><script async data-src=\"https:\/\/platform.twitter.com\/widgets.js\" charset=\"utf-8\"><\/script><\/div>\n<p>Pokud jedete na v\u00edkend, tak se obejdete bez vybaven\u00ed na va\u0159en\u00ed, restaurace a hospody po cest\u011b to jist\u00ed. Na del\u0161\u00ed v\u00fdlety se ale vyplat\u00ed zainvestovat do mal\u00e9ho p\u0159enosn\u00e9ho va\u0159i\u010de. A pokud v\u00e1s l\u00e1kaj\u00ed opravdu dlouh\u00e9 v\u00fdpravy, tak se m\u016f\u017eete inspirovat u lid\u00ed, jako je Sean Conway, kte\u0159\u00ed se t\u00edm \u017eiv\u00ed!<\/p>\n<p>Sv\u016fj v\u00fdlet si m\u016f\u017eete napl\u00e1novat i p\u0159es n\u00e1\u0161 <a href=\"https:\/\/www.welovecycling.com\/cs\/otestovano-jizdou\/?lat=49.490489052260074&amp;lng=15.224188281250006&amp;radius=414.7234754782617&amp;zoom=7\">Pl\u00e1nova\u010d cyklotras.<\/a><\/p>\n","protected":false},"excerpt":{"rendered":"<p>Nov\u00e9 technologie d\u011blaj\u00ed dlouh\u00e9 cesty na kolech dostupn\u00e9 pro v\u0161echny. U\u017e nen\u00ed pot\u0159eba speci\u00e1ln\u00ed kolo a hromada vybaven\u00ed jako kdysi, [&hellip;]<\/p>\n","protected":false},"author":95,"featured_media":2841,"comment_status":"open","ping_status":"open","sticky":false,"template":"","format":"standard","meta":{"footnotes":""},"categories":[15],"tags":[324,228,149],"global-categories":[],"class_list":["post-2836","post","type-post","status-publish","format-standard","has-post-thumbnail","hentry","category-rady-tipy","tag-bikepacking","tag-cyklovylet","tag-tip-na-cyklovylet"],"yoast_head":"<!-- This site is optimized with the Yoast SEO Premium plugin v25.3 (Yoast SEO v25.9) - https:\/\/yoast.com\/wordpress\/plugins\/seo\/ -->\n<title>Jak p\u0159ipravit kolo na Bikepacking | \u0160koda We Love Cycling - \u010cesk\u00e1 republika<\/title>\n<meta name=\"description\" content=\"S\u00a0p\u0159\u00edchodem bikepackingu, minimalistick\u00e9ho zp\u016fsobu objevov\u00e1n\u00ed nov\u00fdch cest a trail\u016f, se hodn\u011b zm\u011bnilo. Poj\u010fme se pod\u00edvat jak p\u0159ipravit kolo na bikepacking.\" \/>\n<meta name=\"robots\" content=\"index, follow, max-snippet:-1, max-image-preview:large, max-video-preview:-1\" \/>\n<link rel=\"canonical\" href=\"https:\/\/www.welovecycling.com\/cs\/2019\/07\/12\/jak-pripravit-kolo-na-bikepacking-we-love-cycling-cr\/\" \/>\n<meta property=\"og:locale\" content=\"cs_CZ\" \/>\n<meta property=\"og:type\" content=\"article\" \/>\n<meta property=\"og:title\" content=\"Jak p\u0159ipravit kolo na Bikepacking\" \/>\n<meta property=\"og:description\" content=\"S\u00a0p\u0159\u00edchodem bikepackingu, minimalistick\u00e9ho zp\u016fsobu objevov\u00e1n\u00ed nov\u00fdch cest a trail\u016f, se hodn\u011b zm\u011bnilo. Poj\u010fme se pod\u00edvat jak p\u0159ipravit kolo na bikepacking.\" \/>\n<meta property=\"og:url\" content=\"https:\/\/www.welovecycling.com\/cs\/2019\/07\/12\/jak-pripravit-kolo-na-bikepacking-we-love-cycling-cr\/\" \/>\n<meta property=\"og:site_name\" content=\"\u0160koda We Love Cycling - \u010cesk\u00e1 republika\" \/>\n<meta property=\"article:published_time\" content=\"2019-07-12T07:13:52+00:00\" \/>\n<meta property=\"og:image\" content=\"https:\/\/d2p6e6u75xmxt8.cloudfront.net\/13\/2019\/07\/profimedia-0347236165-1.webp\" \/>\n\t<meta property=\"og:image:width\" content=\"1375\" \/>\n\t<meta property=\"og:image:height\" content=\"600\" \/>\n\t<meta property=\"og:image:type\" content=\"image\/webp\" \/>\n<meta name=\"twitter:card\" content=\"summary_large_image\" \/>\n<meta name=\"twitter:label1\" content=\"Written by\" \/>\n\t<meta name=\"twitter:data1\" content=\"Jiri Kaloc\" \/>\n\t<meta name=\"twitter:label2\" content=\"Est. reading time\" \/>\n\t<meta name=\"twitter:data2\" content=\"5\" \/>\n<script type=\"application\/ld+json\" class=\"yoast-schema-graph\">{\"@context\":\"https:\/\/schema.org\",\"@graph\":[{\"@type\":\"WebPage\",\"@id\":\"https:\/\/www.welovecycling.com\/cs\/2019\/07\/12\/jak-pripravit-kolo-na-bikepacking-we-love-cycling-cr\/\",\"url\":\"https:\/\/www.welovecycling.com\/cs\/2019\/07\/12\/jak-pripravit-kolo-na-bikepacking-we-love-cycling-cr\/\",\"name\":\"Jak p\u0159ipravit kolo na Bikepacking | \u0160koda We Love Cycling - \u010cesk\u00e1 republika\",\"isPartOf\":{\"@id\":\"https:\/\/www.welovecycling.com\/cs\/#website\"},\"primaryImageOfPage\":{\"@id\":\"https:\/\/www.welovecycling.com\/cs\/2019\/07\/12\/jak-pripravit-kolo-na-bikepacking-we-love-cycling-cr\/#primaryimage\"},\"image\":{\"@id\":\"https:\/\/www.welovecycling.com\/cs\/2019\/07\/12\/jak-pripravit-kolo-na-bikepacking-we-love-cycling-cr\/#primaryimage\"},\"thumbnailUrl\":\"https:\/\/d2p6e6u75xmxt8.cloudfront.net\/13\/2019\/07\/profimedia-0347236165-1.webp\",\"datePublished\":\"2019-07-12T07:13:52+00:00\",\"author\":{\"@id\":\"\"},\"description\":\"S\u00a0p\u0159\u00edchodem bikepackingu, minimalistick\u00e9ho zp\u016fsobu objevov\u00e1n\u00ed nov\u00fdch cest a trail\u016f, se hodn\u011b zm\u011bnilo. Poj\u010fme se pod\u00edvat jak p\u0159ipravit kolo na bikepacking.\",\"inLanguage\":\"cs\",\"potentialAction\":[{\"@type\":\"ReadAction\",\"target\":[\"https:\/\/www.welovecycling.com\/cs\/2019\/07\/12\/jak-pripravit-kolo-na-bikepacking-we-love-cycling-cr\/\"]}]},{\"@type\":\"ImageObject\",\"inLanguage\":\"cs\",\"@id\":\"https:\/\/www.welovecycling.com\/cs\/2019\/07\/12\/jak-pripravit-kolo-na-bikepacking-we-love-cycling-cr\/#primaryimage\",\"url\":\"https:\/\/d2p6e6u75xmxt8.cloudfront.net\/13\/2019\/07\/profimedia-0347236165-1.webp\",\"contentUrl\":\"https:\/\/d2p6e6u75xmxt8.cloudfront.net\/13\/2019\/07\/profimedia-0347236165-1.webp\",\"width\":1375,\"height\":600},{\"@type\":\"WebSite\",\"@id\":\"https:\/\/www.welovecycling.com\/cs\/#website\",\"url\":\"https:\/\/www.welovecycling.com\/cs\/\",\"name\":\"\u0160koda We Love Cycling - \u010cesk\u00e1 republika\",\"description\":\"WeLoveCycling.cz je online magaz\u00edn, kter\u00fd v\u00e1m pravideln\u011b p\u0159in\u00e1\u0161\u00ed rady a tipy, zaj\u00edmav\u00e9 \u010dl\u00e1nky, videa a jedine\u010dn\u00e9 report\u00e1\u017ee ze sv\u011bta cyklistiky.\",\"potentialAction\":[{\"@type\":\"SearchAction\",\"target\":{\"@type\":\"EntryPoint\",\"urlTemplate\":\"https:\/\/www.welovecycling.com\/cs\/?s={search_term_string}\"},\"query-input\":{\"@type\":\"PropertyValueSpecification\",\"valueRequired\":true,\"valueName\":\"search_term_string\"}}],\"inLanguage\":\"cs\"},{\"@type\":\"Person\",\"@id\":\"\",\"url\":\"https:\/\/www.welovecycling.com\/cs\/author\/\"}]}<\/script>\n<!-- \/ Yoast SEO Premium plugin. -->","yoast_head_json":{"title":"Jak p\u0159ipravit kolo na Bikepacking | \u0160koda We Love Cycling - \u010cesk\u00e1 republika","description":"S\u00a0p\u0159\u00edchodem bikepackingu, minimalistick\u00e9ho zp\u016fsobu objevov\u00e1n\u00ed nov\u00fdch cest a trail\u016f, se hodn\u011b zm\u011bnilo. Poj\u010fme se pod\u00edvat jak p\u0159ipravit kolo na bikepacking.","robots":{"index":"index","follow":"follow","max-snippet":"max-snippet:-1","max-image-preview":"max-image-preview:large","max-video-preview":"max-video-preview:-1"},"canonical":"https:\/\/www.welovecycling.com\/cs\/2019\/07\/12\/jak-pripravit-kolo-na-bikepacking-we-love-cycling-cr\/","og_locale":"cs_CZ","og_type":"article","og_title":"Jak p\u0159ipravit kolo na Bikepacking","og_description":"S\u00a0p\u0159\u00edchodem bikepackingu, minimalistick\u00e9ho zp\u016fsobu objevov\u00e1n\u00ed nov\u00fdch cest a trail\u016f, se hodn\u011b zm\u011bnilo. Poj\u010fme se pod\u00edvat jak p\u0159ipravit kolo na bikepacking.","og_url":"https:\/\/www.welovecycling.com\/cs\/2019\/07\/12\/jak-pripravit-kolo-na-bikepacking-we-love-cycling-cr\/","og_site_name":"\u0160koda We Love Cycling - \u010cesk\u00e1 republika","article_published_time":"2019-07-12T07:13:52+00:00","og_image":[{"width":1375,"height":600,"url":"https:\/\/d2p6e6u75xmxt8.cloudfront.net\/13\/2019\/07\/profimedia-0347236165-1.webp","type":"image\/webp"}],"twitter_card":"summary_large_image","twitter_misc":{"Written by":"Jiri Kaloc","Est. reading time":"5"},"schema":{"@context":"https:\/\/schema.org","@graph":[{"@type":"WebPage","@id":"https:\/\/www.welovecycling.com\/cs\/2019\/07\/12\/jak-pripravit-kolo-na-bikepacking-we-love-cycling-cr\/","url":"https:\/\/www.welovecycling.com\/cs\/2019\/07\/12\/jak-pripravit-kolo-na-bikepacking-we-love-cycling-cr\/","name":"Jak p\u0159ipravit kolo na Bikepacking | \u0160koda We Love Cycling - \u010cesk\u00e1 republika","isPartOf":{"@id":"https:\/\/www.welovecycling.com\/cs\/#website"},"primaryImageOfPage":{"@id":"https:\/\/www.welovecycling.com\/cs\/2019\/07\/12\/jak-pripravit-kolo-na-bikepacking-we-love-cycling-cr\/#primaryimage"},"image":{"@id":"https:\/\/www.welovecycling.com\/cs\/2019\/07\/12\/jak-pripravit-kolo-na-bikepacking-we-love-cycling-cr\/#primaryimage"},"thumbnailUrl":"https:\/\/d2p6e6u75xmxt8.cloudfront.net\/13\/2019\/07\/profimedia-0347236165-1.webp","datePublished":"2019-07-12T07:13:52+00:00","author":{"@id":""},"description":"S\u00a0p\u0159\u00edchodem bikepackingu, minimalistick\u00e9ho zp\u016fsobu objevov\u00e1n\u00ed nov\u00fdch cest a trail\u016f, se hodn\u011b zm\u011bnilo. Poj\u010fme se pod\u00edvat jak p\u0159ipravit kolo na bikepacking.","inLanguage":"cs","potentialAction":[{"@type":"ReadAction","target":["https:\/\/www.welovecycling.com\/cs\/2019\/07\/12\/jak-pripravit-kolo-na-bikepacking-we-love-cycling-cr\/"]}]},{"@type":"ImageObject","inLanguage":"cs","@id":"https:\/\/www.welovecycling.com\/cs\/2019\/07\/12\/jak-pripravit-kolo-na-bikepacking-we-love-cycling-cr\/#primaryimage","url":"https:\/\/d2p6e6u75xmxt8.cloudfront.net\/13\/2019\/07\/profimedia-0347236165-1.webp","contentUrl":"https:\/\/d2p6e6u75xmxt8.cloudfront.net\/13\/2019\/07\/profimedia-0347236165-1.webp","width":1375,"height":600},{"@type":"WebSite","@id":"https:\/\/www.welovecycling.com\/cs\/#website","url":"https:\/\/www.welovecycling.com\/cs\/","name":"\u0160koda We Love Cycling - \u010cesk\u00e1 republika","description":"WeLoveCycling.cz je online magaz\u00edn, kter\u00fd v\u00e1m pravideln\u011b p\u0159in\u00e1\u0161\u00ed rady a tipy, zaj\u00edmav\u00e9 \u010dl\u00e1nky, videa a jedine\u010dn\u00e9 report\u00e1\u017ee ze sv\u011bta cyklistiky.","potentialAction":[{"@type":"SearchAction","target":{"@type":"EntryPoint","urlTemplate":"https:\/\/www.welovecycling.com\/cs\/?s={search_term_string}"},"query-input":{"@type":"PropertyValueSpecification","valueRequired":true,"valueName":"search_term_string"}}],"inLanguage":"cs"},{"@type":"Person","@id":"","url":"https:\/\/www.welovecycling.com\/cs\/author\/"}]}},"_links":{"self":[{"href":"https:\/\/www.welovecycling.com\/cs\/wp-json\/wp\/v2\/posts\/2836","targetHints":{"allow":["GET"]}}],"collection":[{"href":"https:\/\/www.welovecycling.com\/cs\/wp-json\/wp\/v2\/posts"}],"about":[{"href":"https:\/\/www.welovecycling.com\/cs\/wp-json\/wp\/v2\/types\/post"}],"author":[{"embeddable":true,"href":"https:\/\/www.welovecycling.com\/cs\/wp-json\/wp\/v2\/users\/95"}],"replies":[{"embeddable":true,"href":"https:\/\/www.welovecycling.com\/cs\/wp-json\/wp\/v2\/comments?post=2836"}],"version-history":[{"count":2,"href":"https:\/\/www.welovecycling.com\/cs\/wp-json\/wp\/v2\/posts\/2836\/revisions"}],"predecessor-version":[{"id":2843,"href":"https:\/\/www.welovecycling.com\/cs\/wp-json\/wp\/v2\/posts\/2836\/revisions\/2843"}],"wp:featuredmedia":[{"embeddable":true,"href":"https:\/\/www.welovecycling.com\/cs\/wp-json\/wp\/v2\/media\/2841"}],"wp:attachment":[{"href":"https:\/\/www.welovecycling.com\/cs\/wp-json\/wp\/v2\/media?parent=2836"}],"wp:term":[{"taxonomy":"category","embeddable":true,"href":"https:\/\/www.welovecycling.com\/cs\/wp-json\/wp\/v2\/categories?post=2836"},{"taxonomy":"post_tag","embeddable":true,"href":"https:\/\/www.welovecycling.com\/cs\/wp-json\/wp\/v2\/tags?post=2836"},{"taxonomy":"global-categories","embeddable":true,"href":"https:\/\/www.welovecycling.com\/cs\/wp-json\/wp\/v2\/global-categories?post=2836"}],"curies":[{"name":"wp","href":"https:\/\/api.w.org\/{rel}","templated":true}]}}