{"id":28339,"date":"2025-02-19T16:00:57","date_gmt":"2025-02-19T14:00:57","guid":{"rendered":"https:\/\/www.welovecycling.com\/cs\/?p=28339"},"modified":"2025-03-17T11:06:17","modified_gmt":"2025-03-17T09:06:17","slug":"vyhrajte-joyseat-soutez-o-sedlo-na-miru-od-posedla","status":"publish","type":"post","link":"https:\/\/www.welovecycling.com\/cs\/2025\/02\/19\/vyhrajte-joyseat-soutez-o-sedlo-na-miru-od-posedla\/","title":{"rendered":"Vyhrajte Joyseat! Sout\u011b\u017e o sedlo na m\u00edru od Posedla"},"content":{"rendered":"<p><strong>Je jedine\u010dn\u00e9! P\u0159esn\u011b podle sedac\u00edch parti\u00ed ka\u017ed\u00e9ho cyklisty. Sedlo Joyseat od spole\u010dnosti Posedla vstoupilo do historie jako prvn\u00ed na sv\u011bt\u011b, kter\u00e9 se vyr\u00e1b\u00ed pomoc\u00ed 3D tisku. V\u00fdsledek tak dokonale zaji\u0161\u0165uje komfort p\u0159i j\u00edzd\u011b na bicyklu. A te\u010f je tu pro v\u00e1s jedine\u010dn\u00e1 p\u0159\u00edle\u017eitost vstoupit do nov\u00e9 sezony pr\u00e1v\u011b s v\u00fdrobkem \u010desk\u00e9 spole\u010dnosti.<\/strong><\/p>\n<p>Zprvu se jejich n\u00e1pad zd\u00e1l jako bl\u00e1zniv\u00fd. Ji\u0159\u00ed Du\u017e\u00e1r a Martin \u0158\u00edpa, dva kamar\u00e1di miluj\u00edc\u00ed cyklistiku, jezdili tis\u00edce kilometr\u016f za rok na kole. U\u017e\u00edvali si ka\u017ed\u00fd \u0161vih. Ale cht\u011bli si u\u017e\u00edvat je\u0161t\u011b v\u00edc. Cht\u011bli v\u011bt\u0161\u00ed komfort. Kdy\u017e na kole tr\u00e1v\u00edte des\u00edtky hodin, pot\u0159ebujete dokonal\u00e9 sedlo! \u201eJen\u017ee jsme zjistili, \u017ee a\u0165 u\u017e zvol\u00edme jak\u00e9hokoliv v\u00fdrobce, stejn\u011b v\u017edy skon\u010d\u00edme u reg\u00e1lu, z n\u011bho\u017e si mus\u00edme vybrat,\u201c vysv\u011btluje Martin \u0158\u00edpa. \u201eA tak n\u00e1s napadlo, \u017ee si vyrob\u00edme vlastn\u00ed sedlo,\u201c usm\u011bje se Ji\u0159\u00ed Du\u017e\u00e1r. A tak vznikla spole\u010dnost Posedla.<\/p>\n<h2><strong>Joyseat nab\u00edz\u00ed r\u016fznou tvrdost jednotliv\u00fdch \u010d\u00e1st\u00ed<\/strong><\/h2>\n<p>Hlavn\u00edm produktem firmy, kter\u00e1 za \u010dty\u0159i roky fungov\u00e1n\u00ed z\u00edskala \u0159adu ocen\u011bn\u00ed a klienty nap\u0159\u00ed\u010d kontinenty od profesion\u00e1l\u016f po amat\u00e9ry jezd\u00edc\u00ed na elektrokolech, je cyklistick\u00e9 sedlo <a href=\"https:\/\/www.welovecycling.com\/cs\/2025\/02\/13\/ahoj-kluci-budeme-spolupracovat-hvezda-world-tour-oslovila-posedla\/\">Joyseat<\/a> vyr\u00e1b\u011bn\u00e9 na m\u00edru s vyu\u017eit\u00edm <a href=\"https:\/\/posedla.cz\/\">pr\u016fmyslov\u00e9ho 3D tisku<\/a>. Svrchn\u00ed \u010d\u00e1st sedla je tvo\u0159ena termoplastick\u00fdm polyuretanem, co\u017e je materi\u00e1l umo\u017e\u0148uj\u00edc\u00ed r\u016fznou tvrdost jednotliv\u00fdch \u010d\u00e1st\u00ed sedla p\u0159esn\u011b podle pot\u0159eb a sedac\u00edch kost\u00ed ka\u017ed\u00e9ho cyklisty.<\/p>\n<figure id=\"attachment_28372\" aria-describedby=\"caption-attachment-28372\" style=\"width: 1920px\" class=\"wp-caption alignnone\"><a href=\"https:\/\/d2p6e6u75xmxt8.cloudfront.net\/13\/2025\/02\/Mbecko-77-scaled.webp\"><img loading=\"lazy\" decoding=\"async\" class=\"size-extra-large wp-image-28372\" src=\"https:\/\/d2p6e6u75xmxt8.cloudfront.net\/13\/2025\/02\/Mbecko-77-1920x1280.webp\" alt=\"\" width=\"1920\" height=\"1280\" srcset=\"https:\/\/d2p6e6u75xmxt8.cloudfront.net\/13\/2025\/02\/Mbecko-77-1920x1280.webp 1920w, https:\/\/d2p6e6u75xmxt8.cloudfront.net\/13\/2025\/02\/Mbecko-77-300x200.webp 300w, https:\/\/d2p6e6u75xmxt8.cloudfront.net\/13\/2025\/02\/Mbecko-77-1024x683.webp 1024w, https:\/\/d2p6e6u75xmxt8.cloudfront.net\/13\/2025\/02\/Mbecko-77-768x512.webp 768w, https:\/\/d2p6e6u75xmxt8.cloudfront.net\/13\/2025\/02\/Mbecko-77-1536x1024.webp 1536w, https:\/\/d2p6e6u75xmxt8.cloudfront.net\/13\/2025\/02\/Mbecko-77-2048x1365.webp 2048w, https:\/\/d2p6e6u75xmxt8.cloudfront.net\/13\/2025\/02\/Mbecko-77-400x267.webp 400w, https:\/\/d2p6e6u75xmxt8.cloudfront.net\/13\/2025\/02\/Mbecko-77-272x182.webp 272w, https:\/\/d2p6e6u75xmxt8.cloudfront.net\/13\/2025\/02\/Mbecko-77-1920x1280.webp 1920w\" sizes=\"auto, (max-width: 1920px) 100vw, 1920px\" \/><\/a><figcaption id=\"caption-attachment-28372\" class=\"wp-caption-text\"><em>Posedla nab\u00edz\u00ed cyklist\u016fm komfort v podob\u011b v\u00fdroby cyklistick\u00e9ho sedla na m\u00edru Joyseat. Foto: posedla.com (2x)<\/em><\/figcaption><\/figure>\n<p>&#8222;Sedlo na m\u00edru je prvn\u00ed krok, jak optimalizovat komfort na kole a po\u017eitek z j\u00edzdy. Jak p\u0159edej\u00edt zdravotn\u00edm probl\u00e9m\u016fm. Tohle je z\u00e1sadn\u00ed faktor na\u0161eho produktu. S ka\u017ed\u00fdm z\u00e1kazn\u00edkem \u0159e\u0161\u00edme p\u0159esnou rozte\u010d sedac\u00edch kost\u00ed. Pak jejich typ kola a styl j\u00edzdy. Jde o indik\u00e1tory, podle nich\u017e m\u016f\u017eeme konkr\u00e9tn\u00ed m\u00edsto na sedle zm\u011bk\u010dit, na jin\u00e9m p\u0159idat tvrdost a na dal\u0161\u00edm zase zak\u0159iven\u00ed,&#8220; vysv\u011btluje Ji\u0159\u00ed Du\u017e\u00e1r.<\/p>\n<p>&#8222;Do v\u00fdroby Joyseat promlouv\u00e1 pochopiteln\u011b i v\u00e1ha. V\u0161echny zm\u00edn\u011bn\u00e9 parametry si mezi sebou tak \u0159\u00edkaj\u00edc pov\u00eddaj\u00ed. V tom spo\u010d\u00edv\u00e1 na\u0161e know how. Kdy\u017e je \u010dlov\u011bk mlad\u0161\u00ed a jezd\u00ed na silni\u010dce, tak na kole sed\u00ed jinak ne\u017e star\u0161\u00ed \u010dlov\u011bk. Jen v\u00fdjime\u010dn\u011b se u dvou r\u016fzn\u00fdch lid\u00ed najde shoda v posedu na kole. A 3D tisk umo\u017e\u0148uje individu\u00e1ln\u00ed v\u00fdrobu,&#8220; dopl\u0148uje Martin \u0158\u00edpa.<\/p>\n<p>Sout\u011b\u017e byla ukon\u010dena. V\u00fdherce bude vylosov\u00e1n a kontaktov\u00e1n prost\u0159ednictv\u00edm emailu.<\/p>\n","protected":false},"excerpt":{"rendered":"<p>Je jedine\u010dn\u00e9! P\u0159esn\u011b podle sedac\u00edch parti\u00ed ka\u017ed\u00e9ho cyklisty. Sedlo Joyseat od spole\u010dnosti Posedla vstoupilo do historie jako prvn\u00ed na sv\u011bt\u011b, [&hellip;]<\/p>\n","protected":false},"author":137,"featured_media":28374,"comment_status":"open","ping_status":"open","sticky":false,"template":"","format":"standard","meta":{"footnotes":""},"categories":[150],"tags":[126,2001,56,4071,2676,9,4072,27,67],"global-categories":[411],"class_list":["post-28339","post","type-post","status-publish","format-standard","has-post-thumbnail","hentry","category-soutez","tag-cyklistika","tag-gravel","tag-horska-cyklistika","tag-joyseat","tag-posedla","tag-silnicni-cyklistika","tag-soutez-o-sedlo","tag-trenink","tag-zdravi-a-trenink","global-categories-cycling"],"yoast_head":"<!-- This site is optimized with the Yoast SEO Premium plugin v25.3 (Yoast SEO v25.9) - https:\/\/yoast.com\/wordpress\/plugins\/seo\/ -->\n<title>Vyhrajte Joyseat! Sout\u011b\u017e o sedlo na m\u00edru od Posedla | \u0160koda We Love Cycling - \u010cesk\u00e1 republika<\/title>\n<meta name=\"description\" content=\"Je jedine\u010dn\u00e9! P\u0159esn\u011b podle sedac\u00edch parti\u00ed ka\u017ed\u00e9ho cyklisty. Sedlo Joyseat od spole\u010dnosti Posedla vstoupilo do historie jako prvn\u00ed na sv\u011bt\u011b, kter\u00e9 se vyr\u00e1b\u00ed pomoc\u00ed 3D tisku. V\u00fdsledek tak dokonale zaji\u0161\u0165uje komfort p\u0159i j\u00edzd\u011b na bicyklu. A te\u010f je tu pro v\u00e1s jedine\u010dn\u00e1 p\u0159\u00edle\u017eitost vstoupit do nov\u00e9 sezony pr\u00e1v\u011b na v\u00fdrobku \u010desk\u00e9 spole\u010dnosti.\" \/>\n<meta name=\"robots\" content=\"index, follow, max-snippet:-1, max-image-preview:large, max-video-preview:-1\" \/>\n<link rel=\"canonical\" href=\"https:\/\/www.welovecycling.com\/cs\/2025\/02\/19\/vyhrajte-joyseat-soutez-o-sedlo-na-miru-od-posedla\/\" \/>\n<meta property=\"og:locale\" content=\"cs_CZ\" \/>\n<meta property=\"og:type\" content=\"article\" \/>\n<meta property=\"og:title\" content=\"Vyhrajte Joyseat! Sout\u011b\u017e o sedlo na m\u00edru od Posedla\" \/>\n<meta property=\"og:description\" content=\"Je jedine\u010dn\u00e9! P\u0159esn\u011b podle sedac\u00edch parti\u00ed ka\u017ed\u00e9ho cyklisty. Sedlo Joyseat od spole\u010dnosti Posedla vstoupilo do historie jako prvn\u00ed na sv\u011bt\u011b, kter\u00e9 se vyr\u00e1b\u00ed pomoc\u00ed 3D tisku. V\u00fdsledek tak dokonale zaji\u0161\u0165uje komfort p\u0159i j\u00edzd\u011b na bicyklu. A te\u010f je tu pro v\u00e1s jedine\u010dn\u00e1 p\u0159\u00edle\u017eitost vstoupit do nov\u00e9 sezony pr\u00e1v\u011b na v\u00fdrobku \u010desk\u00e9 spole\u010dnosti.\" \/>\n<meta property=\"og:url\" content=\"https:\/\/www.welovecycling.com\/cs\/2025\/02\/19\/vyhrajte-joyseat-soutez-o-sedlo-na-miru-od-posedla\/\" \/>\n<meta property=\"og:site_name\" content=\"\u0160koda We Love Cycling - \u010cesk\u00e1 republika\" \/>\n<meta property=\"article:published_time\" content=\"2025-02-19T14:00:57+00:00\" \/>\n<meta property=\"article:modified_time\" content=\"2025-03-17T09:06:17+00:00\" \/>\n<meta property=\"og:image\" content=\"https:\/\/d2p6e6u75xmxt8.cloudfront.net\/13\/2025\/02\/P4280040-scaled.webp\" \/>\n\t<meta property=\"og:image:width\" content=\"2560\" \/>\n\t<meta property=\"og:image:height\" content=\"1920\" \/>\n\t<meta property=\"og:image:type\" content=\"image\/webp\" \/>\n<meta name=\"author\" content=\"bartosek\" \/>\n<meta name=\"twitter:card\" content=\"summary_large_image\" \/>\n<meta name=\"twitter:label1\" content=\"Written by\" \/>\n\t<meta name=\"twitter:data1\" content=\"We Love Cycling\" \/>\n\t<meta name=\"twitter:label2\" content=\"Est. reading time\" \/>\n\t<meta name=\"twitter:data2\" content=\"5\" \/>\n<script type=\"application\/ld+json\" class=\"yoast-schema-graph\">{\"@context\":\"https:\/\/schema.org\",\"@graph\":[{\"@type\":\"WebPage\",\"@id\":\"https:\/\/www.welovecycling.com\/cs\/2025\/02\/19\/vyhrajte-joyseat-soutez-o-sedlo-na-miru-od-posedla\/\",\"url\":\"https:\/\/www.welovecycling.com\/cs\/2025\/02\/19\/vyhrajte-joyseat-soutez-o-sedlo-na-miru-od-posedla\/\",\"name\":\"Vyhrajte Joyseat! Sout\u011b\u017e o sedlo na m\u00edru od Posedla | \u0160koda We Love Cycling - \u010cesk\u00e1 republika\",\"isPartOf\":{\"@id\":\"https:\/\/www.welovecycling.com\/cs\/#website\"},\"primaryImageOfPage\":{\"@id\":\"https:\/\/www.welovecycling.com\/cs\/2025\/02\/19\/vyhrajte-joyseat-soutez-o-sedlo-na-miru-od-posedla\/#primaryimage\"},\"image\":{\"@id\":\"https:\/\/www.welovecycling.com\/cs\/2025\/02\/19\/vyhrajte-joyseat-soutez-o-sedlo-na-miru-od-posedla\/#primaryimage\"},\"thumbnailUrl\":\"https:\/\/d2p6e6u75xmxt8.cloudfront.net\/13\/2025\/02\/P4280040-scaled.webp\",\"datePublished\":\"2025-02-19T14:00:57+00:00\",\"dateModified\":\"2025-03-17T09:06:17+00:00\",\"author\":{\"@id\":\"https:\/\/www.welovecycling.com\/cs\/#\/schema\/person\/e1c6405fe3725f2ffb5db320c875ea31\"},\"description\":\"Je jedine\u010dn\u00e9! P\u0159esn\u011b podle sedac\u00edch parti\u00ed ka\u017ed\u00e9ho cyklisty. Sedlo Joyseat od spole\u010dnosti Posedla vstoupilo do historie jako prvn\u00ed na sv\u011bt\u011b, kter\u00e9 se vyr\u00e1b\u00ed pomoc\u00ed 3D tisku. V\u00fdsledek tak dokonale zaji\u0161\u0165uje komfort p\u0159i j\u00edzd\u011b na bicyklu. A te\u010f je tu pro v\u00e1s jedine\u010dn\u00e1 p\u0159\u00edle\u017eitost vstoupit do nov\u00e9 sezony pr\u00e1v\u011b na v\u00fdrobku \u010desk\u00e9 spole\u010dnosti.\",\"inLanguage\":\"cs\",\"potentialAction\":[{\"@type\":\"ReadAction\",\"target\":[\"https:\/\/www.welovecycling.com\/cs\/2025\/02\/19\/vyhrajte-joyseat-soutez-o-sedlo-na-miru-od-posedla\/\"]}]},{\"@type\":\"ImageObject\",\"inLanguage\":\"cs\",\"@id\":\"https:\/\/www.welovecycling.com\/cs\/2025\/02\/19\/vyhrajte-joyseat-soutez-o-sedlo-na-miru-od-posedla\/#primaryimage\",\"url\":\"https:\/\/d2p6e6u75xmxt8.cloudfront.net\/13\/2025\/02\/P4280040-scaled.webp\",\"contentUrl\":\"https:\/\/d2p6e6u75xmxt8.cloudfront.net\/13\/2025\/02\/P4280040-scaled.webp\",\"width\":2560,\"height\":1920,\"caption\":\"Joyseat je cyklistick\u00e9 sedlo na m\u00edru od spole\u010dnosti Posedla.\"},{\"@type\":\"WebSite\",\"@id\":\"https:\/\/www.welovecycling.com\/cs\/#website\",\"url\":\"https:\/\/www.welovecycling.com\/cs\/\",\"name\":\"\u0160koda We Love Cycling - \u010cesk\u00e1 republika\",\"description\":\"WeLoveCycling.cz je online magaz\u00edn, kter\u00fd v\u00e1m pravideln\u011b p\u0159in\u00e1\u0161\u00ed rady a tipy, zaj\u00edmav\u00e9 \u010dl\u00e1nky, videa a jedine\u010dn\u00e9 report\u00e1\u017ee ze sv\u011bta cyklistiky.\",\"potentialAction\":[{\"@type\":\"SearchAction\",\"target\":{\"@type\":\"EntryPoint\",\"urlTemplate\":\"https:\/\/www.welovecycling.com\/cs\/?s={search_term_string}\"},\"query-input\":{\"@type\":\"PropertyValueSpecification\",\"valueRequired\":true,\"valueName\":\"search_term_string\"}}],\"inLanguage\":\"cs\"},{\"@type\":\"Person\",\"@id\":\"https:\/\/www.welovecycling.com\/cs\/#\/schema\/person\/e1c6405fe3725f2ffb5db320c875ea31\",\"name\":\"bartosek\",\"image\":{\"@type\":\"ImageObject\",\"inLanguage\":\"cs\",\"@id\":\"https:\/\/www.welovecycling.com\/cs\/#\/schema\/person\/image\/\",\"url\":\"https:\/\/secure.gravatar.com\/avatar\/0e88996c3e5788daece0439a835b6439c171a42e3978ec00cfb1913dd71bef33?s=96&d=mm&r=g\",\"contentUrl\":\"https:\/\/secure.gravatar.com\/avatar\/0e88996c3e5788daece0439a835b6439c171a42e3978ec00cfb1913dd71bef33?s=96&d=mm&r=g\",\"caption\":\"bartosek\"},\"url\":\"https:\/\/www.welovecycling.com\/cs\/author\/bartosek\/\"}]}<\/script>\n<!-- \/ Yoast SEO Premium plugin. -->","yoast_head_json":{"title":"Vyhrajte Joyseat! Sout\u011b\u017e o sedlo na m\u00edru od Posedla | \u0160koda We Love Cycling - \u010cesk\u00e1 republika","description":"Je jedine\u010dn\u00e9! P\u0159esn\u011b podle sedac\u00edch parti\u00ed ka\u017ed\u00e9ho cyklisty. Sedlo Joyseat od spole\u010dnosti Posedla vstoupilo do historie jako prvn\u00ed na sv\u011bt\u011b, kter\u00e9 se vyr\u00e1b\u00ed pomoc\u00ed 3D tisku. V\u00fdsledek tak dokonale zaji\u0161\u0165uje komfort p\u0159i j\u00edzd\u011b na bicyklu. A te\u010f je tu pro v\u00e1s jedine\u010dn\u00e1 p\u0159\u00edle\u017eitost vstoupit do nov\u00e9 sezony pr\u00e1v\u011b na v\u00fdrobku \u010desk\u00e9 spole\u010dnosti.","robots":{"index":"index","follow":"follow","max-snippet":"max-snippet:-1","max-image-preview":"max-image-preview:large","max-video-preview":"max-video-preview:-1"},"canonical":"https:\/\/www.welovecycling.com\/cs\/2025\/02\/19\/vyhrajte-joyseat-soutez-o-sedlo-na-miru-od-posedla\/","og_locale":"cs_CZ","og_type":"article","og_title":"Vyhrajte Joyseat! Sout\u011b\u017e o sedlo na m\u00edru od Posedla","og_description":"Je jedine\u010dn\u00e9! P\u0159esn\u011b podle sedac\u00edch parti\u00ed ka\u017ed\u00e9ho cyklisty. Sedlo Joyseat od spole\u010dnosti Posedla vstoupilo do historie jako prvn\u00ed na sv\u011bt\u011b, kter\u00e9 se vyr\u00e1b\u00ed pomoc\u00ed 3D tisku. V\u00fdsledek tak dokonale zaji\u0161\u0165uje komfort p\u0159i j\u00edzd\u011b na bicyklu. A te\u010f je tu pro v\u00e1s jedine\u010dn\u00e1 p\u0159\u00edle\u017eitost vstoupit do nov\u00e9 sezony pr\u00e1v\u011b na v\u00fdrobku \u010desk\u00e9 spole\u010dnosti.","og_url":"https:\/\/www.welovecycling.com\/cs\/2025\/02\/19\/vyhrajte-joyseat-soutez-o-sedlo-na-miru-od-posedla\/","og_site_name":"\u0160koda We Love Cycling - \u010cesk\u00e1 republika","article_published_time":"2025-02-19T14:00:57+00:00","article_modified_time":"2025-03-17T09:06:17+00:00","og_image":[{"width":2560,"height":1920,"url":"https:\/\/d2p6e6u75xmxt8.cloudfront.net\/13\/2025\/02\/P4280040-scaled.webp","type":"image\/webp"}],"author":"bartosek","twitter_card":"summary_large_image","twitter_misc":{"Written by":"We Love Cycling","Est. reading time":"5"},"schema":{"@context":"https:\/\/schema.org","@graph":[{"@type":"WebPage","@id":"https:\/\/www.welovecycling.com\/cs\/2025\/02\/19\/vyhrajte-joyseat-soutez-o-sedlo-na-miru-od-posedla\/","url":"https:\/\/www.welovecycling.com\/cs\/2025\/02\/19\/vyhrajte-joyseat-soutez-o-sedlo-na-miru-od-posedla\/","name":"Vyhrajte Joyseat! Sout\u011b\u017e o sedlo na m\u00edru od Posedla | \u0160koda We Love Cycling - \u010cesk\u00e1 republika","isPartOf":{"@id":"https:\/\/www.welovecycling.com\/cs\/#website"},"primaryImageOfPage":{"@id":"https:\/\/www.welovecycling.com\/cs\/2025\/02\/19\/vyhrajte-joyseat-soutez-o-sedlo-na-miru-od-posedla\/#primaryimage"},"image":{"@id":"https:\/\/www.welovecycling.com\/cs\/2025\/02\/19\/vyhrajte-joyseat-soutez-o-sedlo-na-miru-od-posedla\/#primaryimage"},"thumbnailUrl":"https:\/\/d2p6e6u75xmxt8.cloudfront.net\/13\/2025\/02\/P4280040-scaled.webp","datePublished":"2025-02-19T14:00:57+00:00","dateModified":"2025-03-17T09:06:17+00:00","author":{"@id":"https:\/\/www.welovecycling.com\/cs\/#\/schema\/person\/e1c6405fe3725f2ffb5db320c875ea31"},"description":"Je jedine\u010dn\u00e9! P\u0159esn\u011b podle sedac\u00edch parti\u00ed ka\u017ed\u00e9ho cyklisty. Sedlo Joyseat od spole\u010dnosti Posedla vstoupilo do historie jako prvn\u00ed na sv\u011bt\u011b, kter\u00e9 se vyr\u00e1b\u00ed pomoc\u00ed 3D tisku. V\u00fdsledek tak dokonale zaji\u0161\u0165uje komfort p\u0159i j\u00edzd\u011b na bicyklu. A te\u010f je tu pro v\u00e1s jedine\u010dn\u00e1 p\u0159\u00edle\u017eitost vstoupit do nov\u00e9 sezony pr\u00e1v\u011b na v\u00fdrobku \u010desk\u00e9 spole\u010dnosti.","inLanguage":"cs","potentialAction":[{"@type":"ReadAction","target":["https:\/\/www.welovecycling.com\/cs\/2025\/02\/19\/vyhrajte-joyseat-soutez-o-sedlo-na-miru-od-posedla\/"]}]},{"@type":"ImageObject","inLanguage":"cs","@id":"https:\/\/www.welovecycling.com\/cs\/2025\/02\/19\/vyhrajte-joyseat-soutez-o-sedlo-na-miru-od-posedla\/#primaryimage","url":"https:\/\/d2p6e6u75xmxt8.cloudfront.net\/13\/2025\/02\/P4280040-scaled.webp","contentUrl":"https:\/\/d2p6e6u75xmxt8.cloudfront.net\/13\/2025\/02\/P4280040-scaled.webp","width":2560,"height":1920,"caption":"Joyseat je cyklistick\u00e9 sedlo na m\u00edru od spole\u010dnosti Posedla."},{"@type":"WebSite","@id":"https:\/\/www.welovecycling.com\/cs\/#website","url":"https:\/\/www.welovecycling.com\/cs\/","name":"\u0160koda We Love Cycling - \u010cesk\u00e1 republika","description":"WeLoveCycling.cz je online magaz\u00edn, kter\u00fd v\u00e1m pravideln\u011b p\u0159in\u00e1\u0161\u00ed rady a tipy, zaj\u00edmav\u00e9 \u010dl\u00e1nky, videa a jedine\u010dn\u00e9 report\u00e1\u017ee ze sv\u011bta cyklistiky.","potentialAction":[{"@type":"SearchAction","target":{"@type":"EntryPoint","urlTemplate":"https:\/\/www.welovecycling.com\/cs\/?s={search_term_string}"},"query-input":{"@type":"PropertyValueSpecification","valueRequired":true,"valueName":"search_term_string"}}],"inLanguage":"cs"},{"@type":"Person","@id":"https:\/\/www.welovecycling.com\/cs\/#\/schema\/person\/e1c6405fe3725f2ffb5db320c875ea31","name":"bartosek","image":{"@type":"ImageObject","inLanguage":"cs","@id":"https:\/\/www.welovecycling.com\/cs\/#\/schema\/person\/image\/","url":"https:\/\/secure.gravatar.com\/avatar\/0e88996c3e5788daece0439a835b6439c171a42e3978ec00cfb1913dd71bef33?s=96&d=mm&r=g","contentUrl":"https:\/\/secure.gravatar.com\/avatar\/0e88996c3e5788daece0439a835b6439c171a42e3978ec00cfb1913dd71bef33?s=96&d=mm&r=g","caption":"bartosek"},"url":"https:\/\/www.welovecycling.com\/cs\/author\/bartosek\/"}]}},"_links":{"self":[{"href":"https:\/\/www.welovecycling.com\/cs\/wp-json\/wp\/v2\/posts\/28339","targetHints":{"allow":["GET"]}}],"collection":[{"href":"https:\/\/www.welovecycling.com\/cs\/wp-json\/wp\/v2\/posts"}],"about":[{"href":"https:\/\/www.welovecycling.com\/cs\/wp-json\/wp\/v2\/types\/post"}],"author":[{"embeddable":true,"href":"https:\/\/www.welovecycling.com\/cs\/wp-json\/wp\/v2\/users\/137"}],"replies":[{"embeddable":true,"href":"https:\/\/www.welovecycling.com\/cs\/wp-json\/wp\/v2\/comments?post=28339"}],"version-history":[{"count":7,"href":"https:\/\/www.welovecycling.com\/cs\/wp-json\/wp\/v2\/posts\/28339\/revisions"}],"predecessor-version":[{"id":28600,"href":"https:\/\/www.welovecycling.com\/cs\/wp-json\/wp\/v2\/posts\/28339\/revisions\/28600"}],"wp:featuredmedia":[{"embeddable":true,"href":"https:\/\/www.welovecycling.com\/cs\/wp-json\/wp\/v2\/media\/28374"}],"wp:attachment":[{"href":"https:\/\/www.welovecycling.com\/cs\/wp-json\/wp\/v2\/media?parent=28339"}],"wp:term":[{"taxonomy":"category","embeddable":true,"href":"https:\/\/www.welovecycling.com\/cs\/wp-json\/wp\/v2\/categories?post=28339"},{"taxonomy":"post_tag","embeddable":true,"href":"https:\/\/www.welovecycling.com\/cs\/wp-json\/wp\/v2\/tags?post=28339"},{"taxonomy":"global-categories","embeddable":true,"href":"https:\/\/www.welovecycling.com\/cs\/wp-json\/wp\/v2\/global-categories?post=28339"}],"curies":[{"name":"wp","href":"https:\/\/api.w.org\/{rel}","templated":true}]}}