{"id":2831,"date":"2019-07-11T17:48:30","date_gmt":"2019-07-11T16:48:30","guid":{"rendered":"https:\/\/www.welovecycling.com\/cs\/?p=2831"},"modified":"2019-07-11T17:48:30","modified_gmt":"2019-07-11T16:48:30","slug":"5-zpusobu-jak-stravit-dovolenou-na-kole","status":"publish","type":"post","link":"https:\/\/www.welovecycling.com\/cs\/2019\/07\/11\/5-zpusobu-jak-stravit-dovolenou-na-kole\/","title":{"rendered":"5 zp\u016fsob\u016f, jak str\u00e1vit dovolenou na kole"},"content":{"rendered":"<p><strong>Cht\u011bli byste str\u00e1vit dovolenou aktivn\u011b na kole, ale nev\u00edte, jak se zorientovat v\u00a0\u0161irok\u00e9 nab\u00eddce cestovn\u00edch kancel\u00e1\u0159\u00ed, jak vybrat lokalitu a spr\u00e1vnou n\u00e1ro\u010dnost? P\u0159ipravili jsme pro v\u00e1s p\u0159ehled popul\u00e1rn\u00edch typ\u016f cyklo-dovolen\u00fdch, abyste v\u011bd\u011bli, jak\u00fd rozpo\u010det budete pot\u0159ebovat a jak\u00e9 v\u00fdhody a nev\u00fdhody kter\u00fd zp\u016fsob rekreace p\u0159in\u00e1\u0161\u00ed.<\/strong><\/p>\n<p><!--more--><\/p>\n<h2><strong>S\u00a0kolem pod stan po Evrop\u011b<\/strong><\/h2>\n<p>Tento typ dovolen\u00e9 kombinuje romantiku span\u00ed pod stanem s\u00a0kr\u00e1sou objevov\u00e1n\u00ed nov\u00fdch m\u00edst na kole. Je to nav\u00edc i jeden z\u00a0nejlevn\u011bj\u0161\u00edch zp\u016fsob\u016f, jak si zajezdit v\u00a0zahrani\u010d\u00ed. Existuje n\u011bkolik mo\u017enost\u00ed, jak takovou dovolenou realizovat. Nejdobrodru\u017en\u011bj\u0161\u00ed je vybavit si kolo tak, aby uvezlo stan a spac\u00e1k a vyrazit. M\u016f\u017eete ale vyu\u017e\u00edt i cestovn\u00ed kancel\u00e1\u0159e, kter\u00e9 zajist\u00ed p\u0159epravu pot\u0159ebn\u00e9ho materi\u00e1lu.<\/p>\n<p>Mezi vyhl\u00e1\u0161en\u00e9 evropsk\u00e9 lokality pat\u0159\u00ed nap\u0159\u00edklad stezka pod\u00e9l \u0159eky Mohan. M\u011b\u0159\u00ed skoro 600 km, je odd\u011blen\u00e1 od silnice, m\u00e1 mimo\u0159\u00e1dn\u011b kvalitn\u00ed povrch a je v\u00fdborn\u011b zna\u010den\u00e1. Kolem trati je nav\u00edc spousta mo\u017enost\u00ed, kde p\u0159espat. Dal\u0161\u00ed velmi popul\u00e1rn\u00ed je cyklostezka pod\u00e9l \u0159eky Loiry, kter\u00e1 m\u011b\u0159\u00ed p\u0159es 800 km a je pln\u00e1 n\u00e1dhern\u00e9 architektury francouzsk\u00fdch z\u00e1mk\u016f. Asi nejzn\u00e1m\u011bj\u0161\u00ed je Podunajsk\u00e1 cyklostezka, kter\u00e1 m\u011b\u0159\u00ed 1250 km a nab\u00edz\u00ed nen\u00e1ro\u010dnou cyklistiku bez velk\u00e9ho p\u0159ev\u00fd\u0161en\u00ed. Obl\u00edben\u00e1 je i kopcovit\u011bj\u0161\u00ed oblast Andalusie a v\u00ednem proslul\u00e1 Provence.<\/p>\n<p><strong>N\u00e1ro\u010dnost<\/strong><\/p>\n<p>N\u00e1ro\u010dnost je v\u00a0tomto p\u0159\u00edpad\u011b voliteln\u00e1, v\u00fd\u0161e zm\u00edn\u011bn\u00e9 cyklostezky nab\u00edzej\u00ed velkou spoustu kemp\u016f, tak\u017ee denn\u00ed vzd\u00e1lenost si lze vybrat. Romantika p\u0159esp\u00e1v\u00e1n\u00ed ve stanu ka\u017edou noc jinde m\u00e1 v\u0161ak sv\u00e1 \u00faskal\u00ed. Regenerace i odpo\u010dinek nemus\u00ed b\u00fdt tak dobr\u00e9, jako kdy\u017e sp\u00edte v\u00a0pohodln\u00e9\u00a0posteli. Tento typ cyklo-dovolen\u00e9 je tedy vhodn\u00fd bu\u010f pro dobr\u00e9 cyklisty, kte\u0159\u00ed mohou pl\u00e1novat etapy s\u00a0rezervou nebo pro v\u00fdletn\u00edky zvykl\u00e9 na \u017eivot ve stanu.<\/p>\n<p><a href=\"https:\/\/d2p6e6u75xmxt8.cloudfront.net\/13\/2019\/01\/00-2.jpg\"><img loading=\"lazy\" decoding=\"async\" class=\"alignnone size-large wp-image-221\" src=\"https:\/\/d2p6e6u75xmxt8.cloudfront.net\/13\/2019\/01\/00-2-1024x445.jpg\" alt=\"\" width=\"1024\" height=\"445\" \/><\/a><\/p>\n<p><strong>Cena<\/strong><\/p>\n<p>Pokud se vyd\u00e1te ve dvou s\u00a0vlastn\u00edm stanem, tak za 14den\u00ed v\u00a0kempech (\u0160pan\u011blsko, Francie) zaplat\u00edte dohromady okolo 3500-7000 K\u010d podle toho, jak hezk\u00e9 a vybaven\u00e9 kempy vyberete. K\u00a0tomu p\u0159ipo\u010d\u00edtejte p\u00e1r tis\u00edc za dopravu na m\u00edsto a m\u00e1te pom\u011brn\u011b levnou dovolenou, na kterou jen tak nezapomenete. Pokud se v\u00e1m nechce pl\u00e1novat a ocen\u00edte pr\u016fvodce, vy\u0159e\u0161enou dopravu a hotov\u00e9 sn\u00eddan\u011b, tak m\u016f\u017eete vyu\u017e\u00edt i slu\u017eby cestovn\u00edch kancel\u00e1\u0159\u00ed. Ceny za\u010d\u00ednaj\u00ed na 14000 K\u010d za osobu za 14 dn\u00ed. Vlastn\u00ed stany ale budete pot\u0159ebovat tak \u010di tak.<\/p>\n<h2><strong>Exotick\u00e1 etapov\u00e1 cyklo-dovolen\u00e1<\/strong><\/h2>\n<p>L\u00e1kalo by v\u00e1s prozkoumat na kole starov\u011bk\u00e9 ruiny <a href=\"https:\/\/www.welovecycling.com\/cs\/2019\/05\/23\/na-kole-starovekymi-ruinami-polonnaruwy\/\">Polonnaruwy na Sr\u00ed Lance<\/a> jako jednoho z\u00a0na\u0161ich redaktor\u016f?\u00a0Potom jste ide\u00e1ln\u00edmi adepty na exotickou cyklo-dovolenou s\u00a0cestovn\u00ed kancel\u00e1\u0159\u00ed. V\u00a0nab\u00eddce najdete lokality jako Maroko, Filip\u00edny Vietnam, Kuba, Nep\u00e1l, Patagonie, Gruzie \u010di zm\u00edn\u011bn\u00e1 Sr\u00ed Lanka. Velkou v\u00fdhodou je, \u017ee nemus\u00edte \u0159e\u0161it ubytov\u00e1n\u00ed, studovat okol\u00ed, dopravu a komplikovan\u011b pl\u00e1novat trasu tak, abyste vid\u011bli co nejv\u00edce zaj\u00edmav\u00fdch m\u00edst. Po p\u0159edem vybran\u00e9 trase prozkoum\u00e1te ka\u017ed\u00fd den jinou lokalitu a etapov\u00fdm stylem tak p\u0159ekon\u00e1te kus exotick\u00e9 zem\u011b. V cen\u011b nej\u010dast\u011bji budete m\u00edt i pr\u016fvodce a transport zavazadel i kol.<\/p>\n<figure id=\"attachment_1927\" aria-describedby=\"caption-attachment-1927\" style=\"width: 1024px\" class=\"wp-caption alignnone\"><a href=\"https:\/\/d2p6e6u75xmxt8.cloudfront.net\/13\/2019\/05\/Polonnaruwa-Cycling-4.jpg\"><img loading=\"lazy\" decoding=\"async\" class=\"wp-image-1927 size-large\" src=\"https:\/\/d2p6e6u75xmxt8.cloudfront.net\/13\/2019\/05\/Polonnaruwa-Cycling-4-1024x683.jpg\" alt=\"\" width=\"1024\" height=\"683\" \/><\/a><figcaption id=\"caption-attachment-1927\" class=\"wp-caption-text\">Polonnaruwy na Sr\u00ed Lance, exotick\u00fd cyklov\u00fdlet.<\/figcaption><\/figure>\n<p><strong>N\u00e1ro\u010dnost<\/strong><\/p>\n<p>Na z\u00e1jezdech tohoto typu v\u011bt\u0161inou najezd\u00edte 350-450 km za 2-3 t\u00fddny, tak\u017ee celkov\u00e1 n\u00e1ro\u010dnost je n\u00edzk\u00e1 a\u017e st\u0159edn\u00ed, s\u00a0v\u00fdjimkami jako Nep\u00e1l, kde m\u016f\u017eete nastoupat p\u0159es 10000 m, co\u017e je sp\u00ed\u0161e pro pokro\u010dil\u00e9.<\/p>\n<p><strong>Cena<\/strong><\/p>\n<p>Tento typ dovolen\u00e9 pat\u0159\u00ed jednozna\u010dn\u011b mezi nejdra\u017e\u0161\u00ed. Ceny se pohybuj\u00ed v\u00a0rozmez\u00ed 30000-70000 K\u010d za osobu za 14 dn\u00ed.<\/p>\n<h2><strong>Cyklopobyty<\/strong><\/h2>\n<p>Cyklopobyty jsou asi nejbli\u017e\u0161\u00ed formou klasick\u00fdm dovolen\u00fdm. Sp\u00edte na jednom hotelu \u010di pensionu, m\u00e1te k\u00a0dispozici autobus, kter\u00fd v\u00e1s rozveze po okol\u00ed a m\u016f\u017eete se spolehnout na p\u0159ichystanou sn\u00eddani a ve\u010de\u0159i. V\u00fdhodou je tak\u00e9 program, kter\u00fd \u010dasto kombinuje pozn\u00e1vac\u00ed dny bez kola a zaj\u00edmav\u011b napl\u00e1novan\u00e9 cyklov\u00fdlety. Velmi popul\u00e1rn\u00ed jsou pro tyto pobyty cyklostezky v prost\u0159ed\u00ed Alp, zejm\u00e9na tedy Rakousko, \u0160v\u00fdcarsko, Francie, It\u00e1lie a Slovinsko.<\/p>\n<p><a href=\"https:\/\/d2p6e6u75xmxt8.cloudfront.net\/13\/2019\/02\/2424224_2424242.jpg\"><img loading=\"lazy\" decoding=\"async\" class=\"alignnone size-large wp-image-650\" src=\"https:\/\/d2p6e6u75xmxt8.cloudfront.net\/13\/2019\/02\/2424224_2424242-1024x447.jpg\" alt=\"\" width=\"1024\" height=\"447\" \/><\/a><\/p>\n<p><strong>N\u00e1ro\u010dnost<\/strong><\/p>\n<p>Cestovn\u00ed kancel\u00e1\u0159e v\u011bt\u0161inou nab\u00edz\u00ed velmi dob\u0159e zvladateln\u00e9 trasy 25-60 km za den. \u010casto m\u00e1te v\u00a0jeden den k\u00a0dispozici dv\u011b alternativn\u00ed trasy s\u00a0rozd\u00edlnou n\u00e1ro\u010dnost\u00ed. V\u00fdhodou ubytov\u00e1n\u00ed a autobusu k\u00a0dispozici je i mo\u017enost si trasu kdykoli zkr\u00e1tit, tak\u017ee na cyklopobyt m\u016f\u017ee opravdu ka\u017ed\u00fd.<\/p>\n<p><strong>Cena<\/strong><\/p>\n<p>Desetidenn\u00ed cyklopobyt v\u00e1s vyjde v\u011bt\u0161inou okolo 15000 K\u010d, a\u0165 u\u017e je to v\u00a0D\u00e1nsku nebo na Korsice. Zaj\u00edmav\u00e9 jsou ale i prodlou\u017een\u00e9 v\u00edkendy v\u00a0Alp\u00e1ch, kter\u00e9 vyjdou okolo 5000 K\u010d na osobu.<\/p>\n<h2><strong>Soust\u0159ed\u011bn\u00ed<\/strong><\/h2>\n<p>Pro zap\u00e1len\u00e9 v\u00fdkonnostn\u00ed cyklisty je \u010dasto ide\u00e1ln\u00ed dovolenou soust\u0159ed\u011bn\u00ed. T\u00fdden v\u00a0hor\u00e1ch, ka\u017edodenn\u00ed n\u00e1ro\u010dn\u00e9 trasy pod veden\u00edm tren\u00e9ra, mechanik k\u00a0dispozici a parta cyklo-nad\u0161enc\u016f, to v\u0161e je na tomto typu dovolen\u00e9 standard. Jestli v\u00e1s takov\u00fd z\u00e1\u017eitek l\u00e1k\u00e1, hledejte destinace jako Livigno, Gargano, Mallorca, Algarve nebo Zell am See. To v\u0161e jsou vyhl\u00e1\u0161en\u00e9 oblasti, kam jezd\u00ed ka\u017edoro\u010dn\u011b tr\u00e9novat i \u0161pi\u010dky sv\u011btov\u00e9 cyklistiky.<\/p>\n<p><strong>N\u00e1ro\u010dnost<\/strong><\/p>\n<p>Toto je varianta pro v\u00fdkonnostn\u011b zalo\u017een\u00e9 cyklisty a odpov\u00edd\u00e1 tomu i program. Trasy pro silni\u010dn\u00ed kola maj\u00ed \u010dasto p\u0159es 100 km za den s\u00a0vysok\u00fdm p\u0159ev\u00fd\u0161en\u00edm i p\u0159es 3000 m. Pro horsk\u00e1 kola jsou trasy v\u011bt\u0161inou okolo 60 km s\u00a0downhilly, kde nakles\u00e1te i 4000 m.<\/p>\n<p><strong>Cena<\/strong><\/p>\n<p>Ceny velmi z\u00e1le\u017e\u00ed, jak\u00fd komfort si dop\u0159ejete. T\u0159eba z\u00e1jezd na 6 dn\u00ed autobusem v\u00a0Livignu ve vlastn\u00edm apartm\u00e1nu najdete za 8000 K\u010d. Naopak t\u00fdden na Mallorce v\u00a0kr\u00e1sn\u00e9m hotelu s\u00a0wellnessem, zap\u016fj\u010den\u00edm \u0161pi\u010dkov\u00e9ho kola a sportovn\u00ed v\u00fd\u017eivou v\u00a0cen\u011b m\u016f\u017ee vyj\u00edt i na 25000 K\u010d.<\/p>\n<h2><strong>Cyklo dovolen\u00e1 v\u00a0\u010cR<\/strong><\/h2>\n<p>Nejjednodu\u0161\u0161\u00ed je cyklo-dovolenou napl\u00e1novat u n\u00e1s v\u00a0\u010cesku. Je pravda, \u017ee spoustu tras se d\u00e1 zvl\u00e1dnout za prodlou\u017een\u00fd v\u00edkend, ale i p\u0159esto \u010cesk\u00e1 republika nab\u00edz\u00ed n\u011bkolik velmi zaj\u00edmav\u00fdch lokalit, kter\u00e9 za del\u0161\u00ed dovolenou na kole stoj\u00ed. Pokud v\u00e1s l\u00e1k\u00e1 etapov\u00fd styl dovolen\u00e9, tak se p\u0159\u00edmo nab\u00edz\u00ed <a href=\"http:\/\/www.labskastezka.cz\/\">Labsk\u00e1 stezka<\/a>, kter\u00e1 m\u00e1 na na\u0161em \u00fazem\u00ed 370 km a u M\u011bln\u00edka lze nav\u00e1zat na <a href=\"http:\/\/www.vltavska-cyklostezka.cz\/\">Vltavskou cyklistickou cestu<\/a>, kter\u00e1 m\u011b\u0159\u00ed dal\u0161\u00edch 270 km. Ob\u011b trasy pat\u0159\u00ed mezi nejkr\u00e1sn\u011bj\u0161\u00ed a z\u00e1rove\u0148 nejpohodov\u011bj\u0161\u00ed trasy u n\u00e1s. Z\u00a0\u0159\u00ed\u010dn\u00edch tras stoj\u00ed za zm\u00ednku i velmi atraktivn\u00ed cyklostezka pod\u00e9l Oh\u0159e, kter\u00e1 m\u011b\u0159\u00ed 300 km. Pokud r\u00e1di spoj\u00edte p\u0159\u00edjemn\u00e9 s\u00a0je\u0161t\u011b p\u0159\u00edjemn\u011bj\u0161\u00edm, tak jsou v\u00edt\u011bzem jednozna\u010dn\u011b <a href=\"https:\/\/www.stezky.cz\/\">Moravsk\u00e9 vina\u0159sk\u00e9 stezky<\/a>, s\u00ed\u0165 1250 km cyklotras propojuj\u00edc\u00ed p\u0159es 300 vina\u0159sk\u00fdch obc\u00ed Ji\u017en\u00ed Moravy. A pokud v\u00e1s l\u00e1k\u00e1 ubytovat se na jednom m\u00edst\u011b a pozn\u00e1vat okol\u00ed, tak v\u00e1s ur\u010dit\u011b okouzl\u00ed <a href=\"http:\/\/www.npsumava.cz\/cz\/\">\u0160umava<\/a> nebo <a href=\"https:\/\/www.beskydy.cz\/Content\/default.aspx\">Beskydy.<\/a> Inspirovat se m\u016f\u017eete i n\u011bjak\u00fdmi z\u00a0na\u0161ich zdokumentovan\u00fdch stezek, nap\u0159\u00edklad cyklotrasu z\u00a0<a href=\"https:\/\/www.welovecycling.com\/cs\/2019\/04\/04\/otrokovice-misto-cyklistice-zaslibene-vyzkousejte-cyklotrasu-do-vizovic\/\">Otrokovic do Vizovic.<\/a><\/p>\n<figure id=\"attachment_1362\" aria-describedby=\"caption-attachment-1362\" style=\"width: 980px\" class=\"wp-caption alignnone\"><a href=\"https:\/\/d2p6e6u75xmxt8.cloudfront.net\/13\/2019\/04\/Zamek-Vizovice-.png\"><img loading=\"lazy\" decoding=\"async\" class=\"size-full wp-image-1362\" src=\"https:\/\/d2p6e6u75xmxt8.cloudfront.net\/13\/2019\/04\/Zamek-Vizovice-.png\" alt=\"\" width=\"980\" height=\"654\" \/><\/a><figcaption id=\"caption-attachment-1362\" class=\"wp-caption-text\">Trasu cyklov\u00fdletu do Vizovic m\u016f\u017eete zakon\u010dit na Z\u00e1mku Vizovice. Foto: Den\u00edk.<\/figcaption><\/figure>\n<p><strong>N\u00e1ro\u010dnost<\/strong><\/p>\n<p>Trasy lze v\u017edy napl\u00e1novat tak, aby je zvl\u00e1dli za\u010d\u00e1te\u010dn\u00edci, ale aby se vy\u017eili i pokro\u010dil\u00ed. Labsk\u00e1 stezka pat\u0159\u00ed mezi ty snadn\u011bj\u0161\u00ed, naopak Beskydy a dal\u0161\u00ed kopcovit\u00e9 oblasti ocen\u00ed pokro\u010dil\u00ed.<\/p>\n<p><strong>Cena<\/strong><\/p>\n<p>Cena z\u00e1le\u017e\u00ed na va\u0161em rozpo\u010dtu a po\u017eadavc\u00edch. Pokud se spokoj\u00edte s\u00a0m\u00e1lem a m\u00e1te omezen\u00fd rozpo\u010det, tak s\u00a0trochou pl\u00e1nov\u00e1n\u00ed se\u017eenete ubytovnu za p\u00e1r stovek na osobu a noc. Pro n\u00e1ro\u010dn\u011bj\u0161\u00ed pak lze naj\u00edt dovolenou v\u00a0prostoru moravsk\u00fdch vina\u0159sk\u00fdch stezek, kde dostanete napl\u00e1novan\u00e9 trasy i zast\u00e1vky na ob\u010derstven\u00ed ve skl\u00edpc\u00edch.<\/p>\n<h2><strong>Kter\u00fd zp\u016fsob cyklo-dovolen\u00e9 je pro v\u00e1s ten prav\u00fd?<\/strong><\/h2>\n<p>Pro ty, kte\u0159\u00ed je\u0161t\u011b dovolenou na kole neza\u017eili je ide\u00e1ln\u00ed po\u0159\u00eddit si cyklopobyt s\u00a0cestovkou. Nemus\u00edte tak nic \u0159e\u0161it ani se ob\u00e1vat, \u017ee trasy neujedete. Pro ty zku\u0161en\u011bj\u0161\u00ed u\u017e je mo\u017enosti nespo\u010det a z\u00e1le\u017e\u00ed na preferenc\u00edch. Pokud toho chcete najezdit co nejv\u00edc, poohl\u00e9dn\u011bte se po nab\u00eddk\u00e1ch s\u00a0kl\u00ed\u010dov\u00fdmi slovy soust\u0159ed\u011bn\u00ed, kemp nebo tr\u00e9nink. Pokud v\u00e1s l\u00e1k\u00e1 romantika a siln\u00e9 z\u00e1\u017eitky, vyrazte se stanem nebo do dalek\u00fdch zem\u00ed. Na kole bude v\u017edycky co objevovat.<\/p>\n","protected":false},"excerpt":{"rendered":"<p>Cht\u011bli byste str\u00e1vit dovolenou aktivn\u011b na kole, ale nev\u00edte, jak se zorientovat v\u00a0\u0161irok\u00e9 nab\u00eddce cestovn\u00edch kancel\u00e1\u0159\u00ed, jak vybrat lokalitu a [&hellip;]<\/p>\n","protected":false},"author":95,"featured_media":675,"comment_status":"open","ping_status":"open","sticky":false,"template":"","format":"standard","meta":{"footnotes":""},"categories":[167],"tags":[323,116],"global-categories":[],"class_list":["post-2831","post","type-post","status-publish","format-standard","has-post-thumbnail","hentry","category-tipy-na-vylet","tag-cyklo-dovolena","tag-cyklostezky"],"yoast_head":"<!-- This site is optimized with the Yoast SEO Premium plugin v25.3 (Yoast SEO v25.9) - https:\/\/yoast.com\/wordpress\/plugins\/seo\/ -->\n<title>5 zp\u016fsob\u016f, jak str\u00e1vit dovolenou na kole | \u0160koda We Love Cycling - \u010cesk\u00e1 republika<\/title>\n<meta name=\"robots\" content=\"index, follow, max-snippet:-1, max-image-preview:large, max-video-preview:-1\" \/>\n<link rel=\"canonical\" href=\"https:\/\/www.welovecycling.com\/cs\/2019\/07\/11\/5-zpusobu-jak-stravit-dovolenou-na-kole\/\" \/>\n<meta property=\"og:locale\" content=\"cs_CZ\" \/>\n<meta property=\"og:type\" content=\"article\" \/>\n<meta property=\"og:title\" content=\"5 zp\u016fsob\u016f, jak str\u00e1vit dovolenou na kole\" \/>\n<meta property=\"og:description\" content=\"Cht\u011bli byste str\u00e1vit dovolenou aktivn\u011b na kole, ale nev\u00edte, jak se zorientovat v\u00a0\u0161irok\u00e9 nab\u00eddce cestovn\u00edch kancel\u00e1\u0159\u00ed, jak vybrat lokalitu a [&hellip;]\" \/>\n<meta property=\"og:url\" content=\"https:\/\/www.welovecycling.com\/cs\/2019\/07\/11\/5-zpusobu-jak-stravit-dovolenou-na-kole\/\" \/>\n<meta property=\"og:site_name\" content=\"\u0160koda We Love Cycling - \u010cesk\u00e1 republika\" \/>\n<meta property=\"article:published_time\" content=\"2019-07-11T16:48:30+00:00\" \/>\n<meta property=\"og:image\" content=\"https:\/\/d2p6e6u75xmxt8.cloudfront.net\/13\/2019\/03\/profimedia-0295554212-e1551882296565-scaled.webp\" \/>\n\t<meta property=\"og:image:width\" content=\"2560\" \/>\n\t<meta property=\"og:image:height\" content=\"1107\" \/>\n\t<meta property=\"og:image:type\" content=\"image\/webp\" \/>\n<meta name=\"twitter:card\" content=\"summary_large_image\" \/>\n<meta name=\"twitter:label1\" content=\"Written by\" \/>\n\t<meta name=\"twitter:data1\" content=\"Ji\u0159\u00ed Kalo\u010d\" \/>\n\t<meta name=\"twitter:label2\" content=\"Est. reading time\" \/>\n\t<meta name=\"twitter:data2\" content=\"7\" \/>\n<script type=\"application\/ld+json\" class=\"yoast-schema-graph\">{\"@context\":\"https:\/\/schema.org\",\"@graph\":[{\"@type\":\"WebPage\",\"@id\":\"https:\/\/www.welovecycling.com\/cs\/2019\/07\/11\/5-zpusobu-jak-stravit-dovolenou-na-kole\/\",\"url\":\"https:\/\/www.welovecycling.com\/cs\/2019\/07\/11\/5-zpusobu-jak-stravit-dovolenou-na-kole\/\",\"name\":\"5 zp\u016fsob\u016f, jak str\u00e1vit dovolenou na kole | \u0160koda We Love Cycling - \u010cesk\u00e1 republika\",\"isPartOf\":{\"@id\":\"https:\/\/www.welovecycling.com\/cs\/#website\"},\"primaryImageOfPage\":{\"@id\":\"https:\/\/www.welovecycling.com\/cs\/2019\/07\/11\/5-zpusobu-jak-stravit-dovolenou-na-kole\/#primaryimage\"},\"image\":{\"@id\":\"https:\/\/www.welovecycling.com\/cs\/2019\/07\/11\/5-zpusobu-jak-stravit-dovolenou-na-kole\/#primaryimage\"},\"thumbnailUrl\":\"https:\/\/d2p6e6u75xmxt8.cloudfront.net\/13\/2019\/03\/profimedia-0295554212-e1551882296565-scaled.webp\",\"datePublished\":\"2019-07-11T16:48:30+00:00\",\"author\":{\"@id\":\"\"},\"inLanguage\":\"cs\",\"potentialAction\":[{\"@type\":\"ReadAction\",\"target\":[\"https:\/\/www.welovecycling.com\/cs\/2019\/07\/11\/5-zpusobu-jak-stravit-dovolenou-na-kole\/\"]}]},{\"@type\":\"ImageObject\",\"inLanguage\":\"cs\",\"@id\":\"https:\/\/www.welovecycling.com\/cs\/2019\/07\/11\/5-zpusobu-jak-stravit-dovolenou-na-kole\/#primaryimage\",\"url\":\"https:\/\/d2p6e6u75xmxt8.cloudfront.net\/13\/2019\/03\/profimedia-0295554212-e1551882296565-scaled.webp\",\"contentUrl\":\"https:\/\/d2p6e6u75xmxt8.cloudfront.net\/13\/2019\/03\/profimedia-0295554212-e1551882296565-scaled.webp\",\"width\":2560,\"height\":1107,\"caption\":\"Bicycling in fog. Stanley Park Drive, Vancouver, British Columbia, Canada, Image: 295554212, License: Rights-managed, Restrictions: , Model Release: no, Credit line: Profimedia, All Canada Photos\"},{\"@type\":\"WebSite\",\"@id\":\"https:\/\/www.welovecycling.com\/cs\/#website\",\"url\":\"https:\/\/www.welovecycling.com\/cs\/\",\"name\":\"\u0160koda We Love Cycling - \u010cesk\u00e1 republika\",\"description\":\"WeLoveCycling.cz je online magaz\u00edn, kter\u00fd v\u00e1m pravideln\u011b p\u0159in\u00e1\u0161\u00ed rady a tipy, zaj\u00edmav\u00e9 \u010dl\u00e1nky, videa a jedine\u010dn\u00e9 report\u00e1\u017ee ze sv\u011bta cyklistiky.\",\"potentialAction\":[{\"@type\":\"SearchAction\",\"target\":{\"@type\":\"EntryPoint\",\"urlTemplate\":\"https:\/\/www.welovecycling.com\/cs\/?s={search_term_string}\"},\"query-input\":{\"@type\":\"PropertyValueSpecification\",\"valueRequired\":true,\"valueName\":\"search_term_string\"}}],\"inLanguage\":\"cs\"},{\"@type\":\"Person\",\"@id\":\"\",\"url\":\"https:\/\/www.welovecycling.com\/cs\/author\/\"}]}<\/script>\n<!-- \/ Yoast SEO Premium plugin. -->","yoast_head_json":{"title":"5 zp\u016fsob\u016f, jak str\u00e1vit dovolenou na kole | \u0160koda We Love Cycling - \u010cesk\u00e1 republika","robots":{"index":"index","follow":"follow","max-snippet":"max-snippet:-1","max-image-preview":"max-image-preview:large","max-video-preview":"max-video-preview:-1"},"canonical":"https:\/\/www.welovecycling.com\/cs\/2019\/07\/11\/5-zpusobu-jak-stravit-dovolenou-na-kole\/","og_locale":"cs_CZ","og_type":"article","og_title":"5 zp\u016fsob\u016f, jak str\u00e1vit dovolenou na kole","og_description":"Cht\u011bli byste str\u00e1vit dovolenou aktivn\u011b na kole, ale nev\u00edte, jak se zorientovat v\u00a0\u0161irok\u00e9 nab\u00eddce cestovn\u00edch kancel\u00e1\u0159\u00ed, jak vybrat lokalitu a [&hellip;]","og_url":"https:\/\/www.welovecycling.com\/cs\/2019\/07\/11\/5-zpusobu-jak-stravit-dovolenou-na-kole\/","og_site_name":"\u0160koda We Love Cycling - \u010cesk\u00e1 republika","article_published_time":"2019-07-11T16:48:30+00:00","og_image":[{"width":2560,"height":1107,"url":"https:\/\/d2p6e6u75xmxt8.cloudfront.net\/13\/2019\/03\/profimedia-0295554212-e1551882296565-scaled.webp","type":"image\/webp"}],"twitter_card":"summary_large_image","twitter_misc":{"Written by":"Ji\u0159\u00ed Kalo\u010d","Est. reading time":"7"},"schema":{"@context":"https:\/\/schema.org","@graph":[{"@type":"WebPage","@id":"https:\/\/www.welovecycling.com\/cs\/2019\/07\/11\/5-zpusobu-jak-stravit-dovolenou-na-kole\/","url":"https:\/\/www.welovecycling.com\/cs\/2019\/07\/11\/5-zpusobu-jak-stravit-dovolenou-na-kole\/","name":"5 zp\u016fsob\u016f, jak str\u00e1vit dovolenou na kole | \u0160koda We Love Cycling - \u010cesk\u00e1 republika","isPartOf":{"@id":"https:\/\/www.welovecycling.com\/cs\/#website"},"primaryImageOfPage":{"@id":"https:\/\/www.welovecycling.com\/cs\/2019\/07\/11\/5-zpusobu-jak-stravit-dovolenou-na-kole\/#primaryimage"},"image":{"@id":"https:\/\/www.welovecycling.com\/cs\/2019\/07\/11\/5-zpusobu-jak-stravit-dovolenou-na-kole\/#primaryimage"},"thumbnailUrl":"https:\/\/d2p6e6u75xmxt8.cloudfront.net\/13\/2019\/03\/profimedia-0295554212-e1551882296565-scaled.webp","datePublished":"2019-07-11T16:48:30+00:00","author":{"@id":""},"inLanguage":"cs","potentialAction":[{"@type":"ReadAction","target":["https:\/\/www.welovecycling.com\/cs\/2019\/07\/11\/5-zpusobu-jak-stravit-dovolenou-na-kole\/"]}]},{"@type":"ImageObject","inLanguage":"cs","@id":"https:\/\/www.welovecycling.com\/cs\/2019\/07\/11\/5-zpusobu-jak-stravit-dovolenou-na-kole\/#primaryimage","url":"https:\/\/d2p6e6u75xmxt8.cloudfront.net\/13\/2019\/03\/profimedia-0295554212-e1551882296565-scaled.webp","contentUrl":"https:\/\/d2p6e6u75xmxt8.cloudfront.net\/13\/2019\/03\/profimedia-0295554212-e1551882296565-scaled.webp","width":2560,"height":1107,"caption":"Bicycling in fog. Stanley Park Drive, Vancouver, British Columbia, Canada, Image: 295554212, License: Rights-managed, Restrictions: , Model Release: no, Credit line: Profimedia, All Canada Photos"},{"@type":"WebSite","@id":"https:\/\/www.welovecycling.com\/cs\/#website","url":"https:\/\/www.welovecycling.com\/cs\/","name":"\u0160koda We Love Cycling - \u010cesk\u00e1 republika","description":"WeLoveCycling.cz je online magaz\u00edn, kter\u00fd v\u00e1m pravideln\u011b p\u0159in\u00e1\u0161\u00ed rady a tipy, zaj\u00edmav\u00e9 \u010dl\u00e1nky, videa a jedine\u010dn\u00e9 report\u00e1\u017ee ze sv\u011bta cyklistiky.","potentialAction":[{"@type":"SearchAction","target":{"@type":"EntryPoint","urlTemplate":"https:\/\/www.welovecycling.com\/cs\/?s={search_term_string}"},"query-input":{"@type":"PropertyValueSpecification","valueRequired":true,"valueName":"search_term_string"}}],"inLanguage":"cs"},{"@type":"Person","@id":"","url":"https:\/\/www.welovecycling.com\/cs\/author\/"}]}},"_links":{"self":[{"href":"https:\/\/www.welovecycling.com\/cs\/wp-json\/wp\/v2\/posts\/2831","targetHints":{"allow":["GET"]}}],"collection":[{"href":"https:\/\/www.welovecycling.com\/cs\/wp-json\/wp\/v2\/posts"}],"about":[{"href":"https:\/\/www.welovecycling.com\/cs\/wp-json\/wp\/v2\/types\/post"}],"author":[{"embeddable":true,"href":"https:\/\/www.welovecycling.com\/cs\/wp-json\/wp\/v2\/users\/95"}],"replies":[{"embeddable":true,"href":"https:\/\/www.welovecycling.com\/cs\/wp-json\/wp\/v2\/comments?post=2831"}],"version-history":[{"count":2,"href":"https:\/\/www.welovecycling.com\/cs\/wp-json\/wp\/v2\/posts\/2831\/revisions"}],"predecessor-version":[{"id":2834,"href":"https:\/\/www.welovecycling.com\/cs\/wp-json\/wp\/v2\/posts\/2831\/revisions\/2834"}],"wp:featuredmedia":[{"embeddable":true,"href":"https:\/\/www.welovecycling.com\/cs\/wp-json\/wp\/v2\/media\/675"}],"wp:attachment":[{"href":"https:\/\/www.welovecycling.com\/cs\/wp-json\/wp\/v2\/media?parent=2831"}],"wp:term":[{"taxonomy":"category","embeddable":true,"href":"https:\/\/www.welovecycling.com\/cs\/wp-json\/wp\/v2\/categories?post=2831"},{"taxonomy":"post_tag","embeddable":true,"href":"https:\/\/www.welovecycling.com\/cs\/wp-json\/wp\/v2\/tags?post=2831"},{"taxonomy":"global-categories","embeddable":true,"href":"https:\/\/www.welovecycling.com\/cs\/wp-json\/wp\/v2\/global-categories?post=2831"}],"curies":[{"name":"wp","href":"https:\/\/api.w.org\/{rel}","templated":true}]}}