{"id":28255,"date":"2025-02-14T06:00:39","date_gmt":"2025-02-14T04:00:39","guid":{"rendered":"https:\/\/www.welovecycling.com\/cs\/?p=28255"},"modified":"2025-02-13T19:01:42","modified_gmt":"2025-02-13T17:01:42","slug":"nedejte-zlodejum-sanci-nejlepsi-trackovaci-zarizeni","status":"publish","type":"post","link":"https:\/\/www.welovecycling.com\/cs\/2025\/02\/14\/nedejte-zlodejum-sanci-nejlepsi-trackovaci-zarizeni\/","title":{"rendered":"Nedejte zlod\u011bj\u016fm \u0161anci! Nejlep\u0161\u00ed trackovac\u00ed za\u0159\u00edzen\u00ed"},"content":{"rendered":"<p><strong>Nechcete si nechat ukr\u00e1st kolo, \u017ee? A kdyby se to p\u0159ece jen stalo, co byste dali za to, abyste se se sv\u00fdm bicyklem op\u011bt setkali? M\u00e1me pro v\u00e1s trackovac\u00ed za\u0159\u00edzen\u00ed, kter\u00e1 stoj\u00ed zhruba od tis\u00edcovky do p\u011bti tis\u00edc korun. Co nab\u00edzej\u00ed digit\u00e1ln\u00ed \u201ehl\u00eddac\u00ed psi\u201d pro va\u0161e j\u00edzdn\u00ed kola?<\/strong><\/p>\n<h2><strong>Apple Airtag<\/strong><\/h2>\n<p>Boom v oblasti sledov\u00e1n\u00ed GPS odstartoval Apple AirTag, mal\u00fd kulat\u00fd tracker, kter\u00fd lze za pomoci r\u016fzn\u00fdch chytr\u00fdch dr\u017e\u00e1k\u016f p\u0159ipevnit na mnoho nen\u00e1padn\u00fdch m\u00edst &#8211; a to nejen na kolo. Aplikace \u201eFind My\u201c od spole\u010dnosti Apple umo\u017e\u0148uje rychle lokalizovat polohu kola a v \u0159ad\u011b p\u0159\u00edpad\u016f kr\u00e1de\u017e\u00ed kol prokazateln\u011b pomohla z\u00edskat je zp\u011bt. AirTag vys\u00edl\u00e1 zabezpe\u010den\u00fd Bluetooth sign\u00e1l. Okoln\u00ed za\u0159\u00edzen\u00ed zapojen\u00e1 do s\u00edt\u011b slu\u017eby Naj\u00edt sign\u00e1l zachyt\u00ed a nahl\u00e1s\u00ed polohu va\u0161eho AirTagu do iCloudu. Majitel ji pak uvid\u00ed na map\u011b v aplikaci FindMy.\u00a0Cel\u00fd proces je anonymn\u00ed a za\u0161ifrovan\u00fd, a chr\u00e1n\u00ed tak soukrom\u00ed v\u0161ech z\u00fa\u010dastn\u011bn\u00fdch. Nav\u00edc je \u00fasporn\u00fd, tak\u017ee v\u00e1s nemus\u00ed tr\u00e1pit baterie ani datov\u00e9 limity.<\/p>\n<p><a href=\"https:\/\/d2p6e6u75xmxt8.cloudfront.net\/13\/2025\/02\/airtag-double-select-202104.webp\"><img loading=\"lazy\" decoding=\"async\" class=\"alignnone size-full wp-image-28284\" src=\"https:\/\/d2p6e6u75xmxt8.cloudfront.net\/13\/2025\/02\/airtag-double-select-202104.webp\" alt=\"\" width=\"890\" height=\"740\" srcset=\"https:\/\/d2p6e6u75xmxt8.cloudfront.net\/13\/2025\/02\/airtag-double-select-202104.webp 890w, https:\/\/d2p6e6u75xmxt8.cloudfront.net\/13\/2025\/02\/airtag-double-select-202104-300x249.webp 300w, https:\/\/d2p6e6u75xmxt8.cloudfront.net\/13\/2025\/02\/airtag-double-select-202104-768x639.webp 768w, https:\/\/d2p6e6u75xmxt8.cloudfront.net\/13\/2025\/02\/airtag-double-select-202104-400x333.webp 400w\" sizes=\"auto, (max-width: 890px) 100vw, 890px\" \/><\/a><\/p>\n<p>Integrovan\u00fd knofl\u00edkov\u00fd \u010dl\u00e1nek je t\u0159eba p\u0159ibli\u017en\u011b po roce vym\u011bnit, ale AirTag v\u00e1m d\u00e1 v\u010das v\u011bd\u011bt, kdy\u017e se vybije, a aplikace \u201eFind My\u201c v\u00e1m nahl\u00e1s\u00ed stav baterie. Za\u0159\u00edzen\u00ed AirTag lze sd\u00edlet a\u017e s p\u011bti osobami, tak\u017ee na kolo m\u016f\u017ee dohl\u00ed\u017eet v\u00edce lid\u00ed. Pokud bylo kolo odcizeno ze s\u00edt\u011b \u201eFind My\u201c, m\u016f\u017eete ho v aplikaci nahl\u00e1sit jako ztracen\u00e9. Pokud kolo najdou dal\u0161\u00ed lid\u00e9, kte\u0159\u00ed nejsou v s\u00edti, mohou si klepnut\u00edm smartphonem na Apple AirTag zobrazit kontaktn\u00ed \u00fadaje, kter\u00e9 m\u00e1te ulo\u017een\u00e9 v iPhonu. Na trhu najdete bezpo\u010det nejr\u016fzn\u011bj\u0161\u00edch za\u0159\u00edzen\u00ed d\u00edky nim\u017e AirTag p\u0159ipevn\u00edte k sedlu, p\u0159edstavci nebo \u0159id\u00edtk\u016fm. Zaj\u00edmav\u00e9 vylep\u0161en\u00ed nab\u00edz\u00ed spole\u010dnost <a href=\"https:\/\/www.sbsmobile.com\/ita\/en\/utilities\/9537-rear-bike-reflector-with-integrated-locator-compatible-with-the-apple-find-my-app-8018417474989.html\">SBS Mobile<\/a>, kter\u00e1 AirTag integrovala do zadn\u00ed odrazky.<\/p>\n<p><strong>Cena<\/strong>: 800 korun za kus nebo v balen\u00ed po \u010dty\u0159ech za 2250 korun<\/p>\n<h2><strong>Knog Scout<\/strong><\/h2>\n<p>Hled\u00e1te vod\u011bodoln\u00fd, lehce ovladateln\u00fd a dob\u00edjec\u00ed lok\u00e1tor a alarm pro j\u00edzdn\u00ed kola? Seznamte se s modelem <a href=\"https:\/\/www.knog.com\/products\/scout?_pos=1&amp;_psq=scout&amp;_ss=e&amp;_v=1.0\">KNOG Scout<\/a>, kter\u00fd namontujete diskr\u00e9tn\u011b pod ko\u0161\u00edk na l\u00e1hev, tak\u017ee nebude vid\u011bt. V\u017edy v\u00e1m \u0159ekne, kde se va\u0161e kolo nach\u00e1z\u00ed, a v p\u0159\u00edpad\u011b snahy o odcizen\u00ed, spust\u00ed rand\u00e1l o nastaviteln\u00e9 hlasitosti a\u017e 85 dB, tak\u017ee odrad\u00ed ka\u017ed\u00e9ho soudn\u00e9ho zlod\u011bje.<\/p>\n<div class=\"shortcode-ys-post-pinup\"><article class=\"loop-simple post-28181 post type-post status-publish format-standard has-post-thumbnail hentry category-silnicni-cyklistika tag-burgos tag-cyklistika tag-giro-ditalia tag-karel-vacek tag-mathias-vacek tag-silnicni-cyklistika global-categories-cycling\" data-postid=\"28181\" role=\"article\" data-post-id=\"28181\" data-word-count=\"1226\" data-headline-length=\"59\" data-category=\"Silni\u010dn\u00ed cyklistika\" data-global-category=\"Cycling\" data-author=\"Radek Malina\" data-published=\"2025-02-06T05:00:13+02:00\" data-published-day=\"Thursday\">\n    <div class=\"entry-thumbnail article-thumbnail\" content=\"https:\/\/d2p6e6u75xmxt8.cloudfront.net\/13\/2023\/05\/profimedia-0775428988-150x150.webp\"><a href=\"https:\/\/www.welovecycling.com\/cs\/2025\/02\/06\/karel-vacek-nabidky-jsem-mel-ale-uz-to-nedavalo-smysl\/\" class=\"image-holder\" target=\"_self\"><img decoding=\"async\" loading=\"lazy\" class=\"\" src=\"https:\/\/d2p6e6u75xmxt8.cloudfront.net\/13\/2023\/05\/profimedia-0775428988-1024x713.webp\" srcset=\"https:\/\/d2p6e6u75xmxt8.cloudfront.net\/13\/2023\/05\/profimedia-0775428988.webp 1800w, https:\/\/d2p6e6u75xmxt8.cloudfront.net\/13\/2023\/05\/profimedia-0775428988-300x209.webp 300w, https:\/\/d2p6e6u75xmxt8.cloudfront.net\/13\/2023\/05\/profimedia-0775428988-1024x713.webp 1024w, https:\/\/d2p6e6u75xmxt8.cloudfront.net\/13\/2023\/05\/profimedia-0775428988-768x535.webp 768w, https:\/\/d2p6e6u75xmxt8.cloudfront.net\/13\/2023\/05\/profimedia-0775428988-1536x1069.webp 1536w, https:\/\/d2p6e6u75xmxt8.cloudfront.net\/13\/2023\/05\/profimedia-0775428988-400x278.webp 400w\" width=\"1024\" height=\"713\" sizes=\"auto, (min-width: 1200px) 300px, (min-width: 768px) 25vw, 100vw\" alt=\"karel-vacek-nabidky-jsem-mel-ale-uz-to-nedavalo-smysl\"\/><\/a><\/div>    <div class=\"entry-meta\">\n        <a class=\"label label-secondary post-category\" href=\"https:\/\/www.welovecycling.com\/cs\/category\/silnicni-cyklistika\/\" title=\"Silni\u010dn\u00ed cyklistika\">Silni\u010dn\u00ed cyklistika<\/a>\n    <\/div>\n    <div class=\"entry-details\">\n        <a href=\"https:\/\/www.welovecycling.com\/cs\/2025\/02\/06\/karel-vacek-nabidky-jsem-mel-ale-uz-to-nedavalo-smysl\/\" class='entry-title-wrapper'>\n            <h3 class=\"entry-title\"><span>Karel Vacek: Nab\u00eddky jsem m\u011bl, ale u\u017e to ned\u00e1valo smysl<\/span><\/h3>\n        <\/a>\n    <\/div>\n    <\/article>\n<\/div>\n<p>Alarm je navr\u017een\u00fd tak, aby se snadno integroval do vyhled\u00e1vac\u00ed s\u00edt\u011b FindMy od spole\u010dnosti Apple. Za\u0159\u00edzen\u00ed se dob\u00edj\u00ed p\u0159es USB-C a p\u0159i b\u011b\u017en\u00e9m pou\u017e\u00edv\u00e1n\u00ed vydr\u017e\u00ed v provozu p\u0159ibli\u017en\u011b 6 m\u011bs\u00edc\u016f.<\/p>\n<p><strong>Cena<\/strong>: 1500 korun<\/p>\n<h2><strong>AlterLock Gen3<\/strong><\/h2>\n<p>Tak\u00e9 <a href=\"https:\/\/alterlock.net\/en\">Alterlock<\/a> se ukr\u00fdv\u00e1 v tenk\u00e9 placi\u010dce p\u0159ipraven\u00e9 k nen\u00e1padn\u00e9mu um\u00edst\u011bn\u00ed pod ko\u0161\u00edk lahve. Aktivujete jej za pomoci mobiln\u00ed aplikace a pokud se n\u011bkdo pokus\u00ed odcizit kolo, spust\u00ed hlasit\u00fd poplach o s\u00edle a\u017e 95 dB. D\u00edky vysoce p\u0159esn\u00e9mu modulu GPS a komunikaci Sigfox je Alterlock p\u0159ipojen k internetu a kolo m\u016f\u017ee poskytovat \u00fadaje o poloze na vzd\u00e1lenost stovek kilometr\u016f.<\/p>\n<figure id=\"attachment_28279\" aria-describedby=\"caption-attachment-28279\" style=\"width: 1600px\" class=\"wp-caption alignnone\"><a href=\"https:\/\/d2p6e6u75xmxt8.cloudfront.net\/13\/2025\/02\/alterlock_gen3-product-image02.webp\"><img loading=\"lazy\" decoding=\"async\" class=\"size-full wp-image-28279\" src=\"https:\/\/d2p6e6u75xmxt8.cloudfront.net\/13\/2025\/02\/alterlock_gen3-product-image02.webp\" alt=\"\" width=\"1600\" height=\"1600\" srcset=\"https:\/\/d2p6e6u75xmxt8.cloudfront.net\/13\/2025\/02\/alterlock_gen3-product-image02.webp 1600w, https:\/\/d2p6e6u75xmxt8.cloudfront.net\/13\/2025\/02\/alterlock_gen3-product-image02-300x300.webp 300w, https:\/\/d2p6e6u75xmxt8.cloudfront.net\/13\/2025\/02\/alterlock_gen3-product-image02-1024x1024.webp 1024w, https:\/\/d2p6e6u75xmxt8.cloudfront.net\/13\/2025\/02\/alterlock_gen3-product-image02-150x150.webp 150w, https:\/\/d2p6e6u75xmxt8.cloudfront.net\/13\/2025\/02\/alterlock_gen3-product-image02-768x768.webp 768w, https:\/\/d2p6e6u75xmxt8.cloudfront.net\/13\/2025\/02\/alterlock_gen3-product-image02-1536x1536.webp 1536w, https:\/\/d2p6e6u75xmxt8.cloudfront.net\/13\/2025\/02\/alterlock_gen3-product-image02-400x400.webp 400w\" sizes=\"auto, (max-width: 1600px) 100vw, 1600px\" \/><\/a><figcaption id=\"caption-attachment-28279\" class=\"wp-caption-text\"><em>Trackovac\u00ed za\u0159\u00edzen\u00ed Alterlock Gen3 je skv\u011blou variantou pro zaji\u0161t\u011bn\u00ed va\u0161eho kola.<\/em><\/figcaption><\/figure>\n<p>Trackovac\u00ed za\u0159\u00edzen\u00ed Alterlock vedle GPS pracuje tak\u00e9 s WiFi, co\u017e zvy\u0161uje \u0161anci k nalezen\u00ed kola v p\u0159\u00edpad\u011b, \u017ee jej zlod\u011bj schov\u00e1 v budov\u011b, kde je sign\u00e1l GPS obecn\u011b obecn\u011b mnohem slab\u0161\u00ed ne\u017e pod otev\u0159enou oblohou. P\u0159ed parkov\u00e1n\u00edm m\u016f\u017eete nastavit m\u00edru citlivosti, kdy se spust\u00ed alarm. V potaz lze br\u00e1t tolernaci na b\u011b\u017en\u00e9 vibrace zp\u016fsoben\u00e9 nap\u0159\u00edklad v\u011btrem. Jste-li nedaleko, za\u0159\u00edzen\u00ed vn\u00edm\u00e1 p\u0159\u00edtomnost va\u0161eho mobilu prost\u0159ednictv\u00edm Bluetooth, ale jakmile byste se vzd\u00e1lil, po\u0161le v\u00e1m upozorn\u011bn\u00ed.<\/p>\n<p><strong>Cena<\/strong>: podle typu \u0161roub\u016f 3375 korun nebo 3500 korun<\/p>\n<h2><strong>I Lock It<\/strong><\/h2>\n<p>Vypad\u00e1 jako klasick\u00fd r\u00e1mov\u00fd z\u00e1mek, ale ovl\u00e1d\u00e1 se bez pou\u017eit\u00ed kl\u00ed\u010de prost\u0159ednictv\u00edm aplikace. Silnou str\u00e1nkou <a href=\"https:\/\/ilockit.bike\/collections\/i-lock-it-schlosser\">trackeru ocen\u011bn\u00e9ho zlatou medail\u00ed<\/a> na veletrhu Eurobike je skryt\u00e9 vnit\u0159n\u00ed za\u0159\u00edzen\u00ed, o n\u011bm\u017e zlod\u011bj nem\u00e1 nejmen\u0161\u00ed tu\u0161en\u00ed. Pokud dojde k neautorizovan\u00e9mu pohybu kola, syst\u00e9m spust\u00ed v aplikaci majitele alarm a v re\u00e1ln\u00e9m \u010dase za\u010dne kolo lokalizovat.<\/p>\n<p><a href=\"https:\/\/d2p6e6u75xmxt8.cloudfront.net\/13\/2025\/02\/i_lock_it.webp\"><img loading=\"lazy\" decoding=\"async\" class=\"alignnone size-full wp-image-28276\" src=\"https:\/\/d2p6e6u75xmxt8.cloudfront.net\/13\/2025\/02\/i_lock_it.webp\" alt=\"\" width=\"1070\" height=\"725\" srcset=\"https:\/\/d2p6e6u75xmxt8.cloudfront.net\/13\/2025\/02\/i_lock_it.webp 1070w, https:\/\/d2p6e6u75xmxt8.cloudfront.net\/13\/2025\/02\/i_lock_it-300x203.webp 300w, https:\/\/d2p6e6u75xmxt8.cloudfront.net\/13\/2025\/02\/i_lock_it-1024x694.webp 1024w, https:\/\/d2p6e6u75xmxt8.cloudfront.net\/13\/2025\/02\/i_lock_it-768x520.webp 768w, https:\/\/d2p6e6u75xmxt8.cloudfront.net\/13\/2025\/02\/i_lock_it-400x271.webp 400w\" sizes=\"auto, (max-width: 1070px) 100vw, 1070px\" \/><\/a><\/p>\n<p>Soub\u011b\u017en\u011b s t\u00edm se spust\u00ed poplach o s\u00edle 110 dB. Spojen\u00ed je nav\u00e1z\u00e1no prost\u0159ednictv\u00edm Bluetooth a r\u00e1diov\u00e9ho sign\u00e1lu. Li-Ion baterie s kapacitou 1000 mAh se nab\u00edj\u00ed prost\u0159ednictv\u00edm rozhran\u00ed USB-C. Sledov\u00e1n\u00ed je zdarma po dobu dvou let od zakoupen\u00ed z\u00e1mku za 5000 korun, pot\u00e9 je mo\u017en\u00e9 slu\u017ebu prodlou\u017eit za 75 korun m\u011bs\u00ed\u010dn\u011b m\u011bs\u00ed\u010dn\u011b.<\/p>\n<p><strong>Cena<\/strong>: 5000 korun<\/p>\n<h2><strong>BikeTrax eBike Tracker<\/strong><\/h2>\n<p>GPS tracker <a href=\"https:\/\/powunity.com\/en\/product\/e-bike-gps-tracker\">BikeTrax<\/a> je speci\u00e1ln\u011b navr\u017een pro elektrokola s podporou hned n\u011bkolika p\u0159edn\u00edch v\u00fdrobc\u016f elektrick\u00e9ho pohonu. Nejprve si vyberete motor sv\u00e9ho elektrokola a pot\u00e9 obdr\u017e\u00edte odpov\u00eddaj\u00edc\u00ed tracker k instalaci. BikeTrax je nainstalov\u00e1n p\u0159\u00edmo uvnit\u0159 va\u0161eho elektrokola a je neviditeln\u00fd a nezjistiteln\u00fd pro p\u0159\u00edpadn\u00e9ho zlod\u011bje! V <a href=\"https:\/\/www.welovecycling.com\/cs\/2020\/07\/17\/jak-vybrat-zamek-ke-kolu-tri-kroky-aby-nezustaly-oci-pro-plac\/\">p\u0159\u00edpad\u011b kr\u00e1de\u017ee<\/a> nebo neopr\u00e1vn\u011bn\u00e9ho pou\u017eit\u00ed se syst\u00e9m GPS aktivuje a okam\u017eit\u011b ode\u0161le poplach na v\u00e1\u0161 smartphone a online sleduje trasu kola.<\/p>\n<div class=\"shortcode-ys-post-pinup\"><article class=\"loop-simple post-28213 post type-post status-publish format-standard has-post-thumbnail hentry category-rady-tipy tag-cyklisticke-soustredeni tag-cyklistika tag-jak-pujcit-kolo tag-jarni-soustredeni tag-pujceni-kola tag-silnicni-cyklistika tag-zdenek-stybar tag-zdravi-a-trenink global-categories-cycling\" data-postid=\"28213\" role=\"article\" data-post-id=\"28213\" data-word-count=\"768\" data-headline-length=\"49\" data-category=\"Rady &amp; tipy\" data-global-category=\"Cycling\" data-author=\"We Love Cycling\" data-published=\"2025-02-10T10:01:52+02:00\" data-published-day=\"Monday\">\n    <div class=\"entry-thumbnail article-thumbnail\" content=\"https:\/\/d2p6e6u75xmxt8.cloudfront.net\/13\/2019\/12\/profimedia-0390359778-150x150.webp\"><a href=\"https:\/\/www.welovecycling.com\/cs\/2025\/02\/10\/jak-pujcit-kolo-na-soustredeni-tipy-experta\/\" class=\"image-holder\" target=\"_self\"><img decoding=\"async\" loading=\"lazy\" class=\"\" src=\"https:\/\/d2p6e6u75xmxt8.cloudfront.net\/13\/2019\/12\/profimedia-0390359778-1024x667.webp\" srcset=\"https:\/\/d2p6e6u75xmxt8.cloudfront.net\/13\/2019\/12\/profimedia-0390359778.webp 1800w, https:\/\/d2p6e6u75xmxt8.cloudfront.net\/13\/2019\/12\/profimedia-0390359778-300x196.webp 300w, https:\/\/d2p6e6u75xmxt8.cloudfront.net\/13\/2019\/12\/profimedia-0390359778-1024x667.webp 1024w, https:\/\/d2p6e6u75xmxt8.cloudfront.net\/13\/2019\/12\/profimedia-0390359778-768x500.webp 768w, https:\/\/d2p6e6u75xmxt8.cloudfront.net\/13\/2019\/12\/profimedia-0390359778-1536x1001.webp 1536w\" width=\"1024\" height=\"667\" sizes=\"auto, (min-width: 1200px) 308px, (min-width: 768px) 26vw, 100vw\" alt=\"jak-pujcit-kolo-na-soustredeni-tipy-experta\"\/><\/a><\/div>    <div class=\"entry-meta\">\n        <a class=\"label label-secondary post-category\" href=\"https:\/\/www.welovecycling.com\/cs\/category\/rady-tipy\/\" title=\"Rady &amp; tipy\">Rady &amp; tipy<\/a>\n    <\/div>\n    <div class=\"entry-details\">\n        <a href=\"https:\/\/www.welovecycling.com\/cs\/2025\/02\/10\/jak-pujcit-kolo-na-soustredeni-tipy-experta\/\" class='entry-title-wrapper'>\n            <h3 class=\"entry-title\"><span>Jak p\u016fj\u010dit kolo na soust\u0159ed\u011bn\u00ed? Tipy experta<\/span><\/h3>\n        <\/a>\n    <\/div>\n    <\/article>\n<\/div>\n<p>K dispozici je zde tak\u00e9 pohybov\u00fd alarm a kolo lze sledovat t\u00e9m\u011b\u0159 kdekoli na sv\u011bt\u011b v re\u00e1ln\u00e9m \u010dase v p\u0159\u00edslu\u0161n\u00e9 aplikaci. V aplikaci si m\u016f\u017eete vytvo\u0159it tak\u00e9 pas kola, kter\u00fd pak v p\u0159\u00edpad\u011b kr\u00e1de\u017ee p\u0159edlo\u017e\u00edte policii se v\u0161emi d\u016fle\u017eit\u00fdmi \u00fadaji o kole. Tracker m\u00e1 vlastn\u00ed nap\u00e1jen\u00ed nez\u00e1visl\u00e9 na stavu akumul\u00e1toru ebiku, kter\u00e9 vydr\u017e\u00ed a\u017e 14 hodin<\/p>\n<p><strong>Cena<\/strong>: 5000 korun<\/p>\n<h2><strong>Trackovac\u00ed za\u0159\u00edzen\u00ed Bikefinder<\/strong><\/h2>\n<p>Trackovac\u00ed za\u0159\u00edzen\u00ed <a href=\"https:\/\/bikefinder.com\/e\/\">Bikefinder<\/a> je pr\u00fd ide\u00e1ln\u00ed pro silni\u010dn\u00ed kola, proto\u017ee se snadno zasune od beran\u016f (drop bars) a zvenku nen\u00ed v\u016fbec vid\u011bt. Vhodn\u00fd je pro mont\u00e1\u017e do trubek o pr\u016fm\u011bru od 15 do 27 mm. Demontovat jej lze jen za pomoci speci\u00e1ln\u00edho n\u00e1\u0159ad\u00ed. Spolehlivost a p\u0159esnost sledov\u00e1n\u00ed zvy\u0161uje p\u0159ipojen\u00ed p\u0159es GPS, GSM a Bluetooth.<\/p>\n<p><a href=\"https:\/\/d2p6e6u75xmxt8.cloudfront.net\/13\/2025\/02\/bikefinder1.webp\"><img loading=\"lazy\" decoding=\"async\" class=\"alignnone size-extra-large wp-image-28282\" src=\"https:\/\/d2p6e6u75xmxt8.cloudfront.net\/13\/2025\/02\/bikefinder1-1920x1920.webp\" alt=\"\" width=\"1920\" height=\"1920\" srcset=\"https:\/\/d2p6e6u75xmxt8.cloudfront.net\/13\/2025\/02\/bikefinder1-1920x1920.webp 1920w, https:\/\/d2p6e6u75xmxt8.cloudfront.net\/13\/2025\/02\/bikefinder1-300x300.webp 300w, https:\/\/d2p6e6u75xmxt8.cloudfront.net\/13\/2025\/02\/bikefinder1-1024x1024.webp 1024w, https:\/\/d2p6e6u75xmxt8.cloudfront.net\/13\/2025\/02\/bikefinder1-150x150.webp 150w, https:\/\/d2p6e6u75xmxt8.cloudfront.net\/13\/2025\/02\/bikefinder1-768x768.webp 768w, https:\/\/d2p6e6u75xmxt8.cloudfront.net\/13\/2025\/02\/bikefinder1-1536x1536.webp 1536w, https:\/\/d2p6e6u75xmxt8.cloudfront.net\/13\/2025\/02\/bikefinder1-400x400.webp 400w, https:\/\/d2p6e6u75xmxt8.cloudfront.net\/13\/2025\/02\/bikefinder1.webp 2048w, https:\/\/d2p6e6u75xmxt8.cloudfront.net\/13\/2025\/02\/bikefinder1-1920x1920.webp 1920w\" sizes=\"auto, (max-width: 1920px) 100vw, 1920px\" \/><\/a><\/p>\n<p>Za\u0159\u00edzen\u00ed je nutn\u00e9 dob\u00edjet ka\u017ed\u00fdch osm t\u00fddn\u016f pomoc\u00ed kabelu USB. Pokud se kolo i p\u0159es sledov\u00e1n\u00ed nenajde, spole\u010dnost slibuje, \u017ee vstoup\u00ed v platnost integrovan\u00e1 pojistn\u00e1 smlouva a vy obdr\u017e\u00edte od\u0161kodn\u011bn\u00ed.<\/p>\n<p><strong>Cena<\/strong>: 4625 korun za produkt + slu\u017eba sledov\u00e1n\u00ed od 75 korun m\u011bs\u00ed\u010dn\u011b<\/p>\n","protected":false},"excerpt":{"rendered":"<p>Nechcete si nechat ukr\u00e1st kolo, \u017ee? A kdyby se to p\u0159ece jen stalo, co byste dali za to, abyste se [&hellip;]<\/p>\n","protected":false},"author":138,"featured_media":28275,"comment_status":"open","ping_status":"open","sticky":false,"template":"","format":"standard","meta":{"footnotes":""},"categories":[15],"tags":[4061,126,2001,56,1530,9,4058,4060,4059],"global-categories":[411],"class_list":["post-28255","post","type-post","status-publish","format-standard","has-post-thumbnail","hentry","category-rady-tipy","tag-bezpecnost-kola","tag-cyklistika","tag-gravel","tag-horska-cyklistika","tag-pece-o-kolo","tag-silnicni-cyklistika","tag-trackovaci-zarizeni","tag-zajisteni-kola","tag-zamek-kola","global-categories-cycling"],"yoast_head":"<!-- This site is optimized with the Yoast SEO Premium plugin v25.3 (Yoast SEO v25.9) - https:\/\/yoast.com\/wordpress\/plugins\/seo\/ -->\n<title>Nedejte zlod\u011bj\u016fm \u0161anci! Nejlep\u0161\u00ed trackovac\u00ed za\u0159\u00edzen\u00ed | \u0160koda We Love Cycling - \u010cesk\u00e1 republika<\/title>\n<meta name=\"description\" content=\"Nechcete si nechat ukr\u00e1st kolo, \u017ee? A kdyby se to p\u0159ece jen stalo, co byste dali za to, abyste se se sv\u00fdm bicyklem op\u011bt setkali? M\u00e1me pro v\u00e1s trackovac\u00ed za\u0159\u00edzen\u00ed, kter\u00e1 stoj\u00ed zhruba od tis\u00edcovky do p\u011bti tis\u00edc korun. Co nab\u00edzej\u00ed digit\u00e1ln\u00ed \u201ehl\u00eddac\u00ed psi\u201d pro va\u0161e j\u00edzdn\u00ed kola?\" \/>\n<meta name=\"robots\" content=\"index, follow, max-snippet:-1, max-image-preview:large, max-video-preview:-1\" \/>\n<link rel=\"canonical\" href=\"https:\/\/www.welovecycling.com\/cs\/2025\/02\/14\/nedejte-zlodejum-sanci-nejlepsi-trackovaci-zarizeni\/\" \/>\n<meta property=\"og:locale\" content=\"cs_CZ\" \/>\n<meta property=\"og:type\" content=\"article\" \/>\n<meta property=\"og:title\" content=\"Nedejte zlod\u011bj\u016fm \u0161anci! Nejlep\u0161\u00ed trackovac\u00ed za\u0159\u00edzen\u00ed\" \/>\n<meta property=\"og:description\" content=\"Nechcete si nechat ukr\u00e1st kolo, \u017ee? A kdyby se to p\u0159ece jen stalo, co byste dali za to, abyste se se sv\u00fdm bicyklem op\u011bt setkali? M\u00e1me pro v\u00e1s trackovac\u00ed za\u0159\u00edzen\u00ed, kter\u00e1 stoj\u00ed zhruba od tis\u00edcovky do p\u011bti tis\u00edc korun. Co nab\u00edzej\u00ed digit\u00e1ln\u00ed \u201ehl\u00eddac\u00ed psi\u201d pro va\u0161e j\u00edzdn\u00ed kola?\" \/>\n<meta property=\"og:url\" content=\"https:\/\/www.welovecycling.com\/cs\/2025\/02\/14\/nedejte-zlodejum-sanci-nejlepsi-trackovaci-zarizeni\/\" \/>\n<meta property=\"og:site_name\" content=\"\u0160koda We Love Cycling - \u010cesk\u00e1 republika\" \/>\n<meta property=\"article:published_time\" content=\"2025-02-14T04:00:39+00:00\" \/>\n<meta property=\"og:image\" content=\"https:\/\/d2p6e6u75xmxt8.cloudfront.net\/13\/2025\/02\/bikefinder2.webp\" \/>\n\t<meta property=\"og:image:width\" content=\"679\" \/>\n\t<meta property=\"og:image:height\" content=\"635\" \/>\n\t<meta property=\"og:image:type\" content=\"image\/webp\" \/>\n<meta name=\"author\" content=\"radekmalina\" \/>\n<meta name=\"twitter:card\" content=\"summary_large_image\" \/>\n<meta name=\"twitter:label1\" content=\"Written by\" \/>\n\t<meta name=\"twitter:data1\" content=\"We Love Cycling\" \/>\n\t<meta name=\"twitter:label2\" content=\"Est. reading time\" \/>\n\t<meta name=\"twitter:data2\" content=\"5\" \/>\n<script type=\"application\/ld+json\" class=\"yoast-schema-graph\">{\"@context\":\"https:\/\/schema.org\",\"@graph\":[{\"@type\":\"WebPage\",\"@id\":\"https:\/\/www.welovecycling.com\/cs\/2025\/02\/14\/nedejte-zlodejum-sanci-nejlepsi-trackovaci-zarizeni\/\",\"url\":\"https:\/\/www.welovecycling.com\/cs\/2025\/02\/14\/nedejte-zlodejum-sanci-nejlepsi-trackovaci-zarizeni\/\",\"name\":\"Nedejte zlod\u011bj\u016fm \u0161anci! Nejlep\u0161\u00ed trackovac\u00ed za\u0159\u00edzen\u00ed | \u0160koda We Love Cycling - \u010cesk\u00e1 republika\",\"isPartOf\":{\"@id\":\"https:\/\/www.welovecycling.com\/cs\/#website\"},\"primaryImageOfPage\":{\"@id\":\"https:\/\/www.welovecycling.com\/cs\/2025\/02\/14\/nedejte-zlodejum-sanci-nejlepsi-trackovaci-zarizeni\/#primaryimage\"},\"image\":{\"@id\":\"https:\/\/www.welovecycling.com\/cs\/2025\/02\/14\/nedejte-zlodejum-sanci-nejlepsi-trackovaci-zarizeni\/#primaryimage\"},\"thumbnailUrl\":\"https:\/\/d2p6e6u75xmxt8.cloudfront.net\/13\/2025\/02\/bikefinder2.webp\",\"datePublished\":\"2025-02-14T04:00:39+00:00\",\"author\":{\"@id\":\"https:\/\/www.welovecycling.com\/cs\/#\/schema\/person\/d9eeb0a378f3a7e4a6d12d2b536b04b8\"},\"description\":\"Nechcete si nechat ukr\u00e1st kolo, \u017ee? A kdyby se to p\u0159ece jen stalo, co byste dali za to, abyste se se sv\u00fdm bicyklem op\u011bt setkali? M\u00e1me pro v\u00e1s trackovac\u00ed za\u0159\u00edzen\u00ed, kter\u00e1 stoj\u00ed zhruba od tis\u00edcovky do p\u011bti tis\u00edc korun. Co nab\u00edzej\u00ed digit\u00e1ln\u00ed \u201ehl\u00eddac\u00ed psi\u201d pro va\u0161e j\u00edzdn\u00ed kola?\",\"inLanguage\":\"cs\",\"potentialAction\":[{\"@type\":\"ReadAction\",\"target\":[\"https:\/\/www.welovecycling.com\/cs\/2025\/02\/14\/nedejte-zlodejum-sanci-nejlepsi-trackovaci-zarizeni\/\"]}]},{\"@type\":\"ImageObject\",\"inLanguage\":\"cs\",\"@id\":\"https:\/\/www.welovecycling.com\/cs\/2025\/02\/14\/nedejte-zlodejum-sanci-nejlepsi-trackovaci-zarizeni\/#primaryimage\",\"url\":\"https:\/\/d2p6e6u75xmxt8.cloudfront.net\/13\/2025\/02\/bikefinder2.webp\",\"contentUrl\":\"https:\/\/d2p6e6u75xmxt8.cloudfront.net\/13\/2025\/02\/bikefinder2.webp\",\"width\":679,\"height\":635,\"caption\":\"Trackovac\u00ed za\u0159\u00edzen\u00ed Bikefinder.\"},{\"@type\":\"WebSite\",\"@id\":\"https:\/\/www.welovecycling.com\/cs\/#website\",\"url\":\"https:\/\/www.welovecycling.com\/cs\/\",\"name\":\"\u0160koda We Love Cycling - \u010cesk\u00e1 republika\",\"description\":\"WeLoveCycling.cz je online magaz\u00edn, kter\u00fd v\u00e1m pravideln\u011b p\u0159in\u00e1\u0161\u00ed rady a tipy, zaj\u00edmav\u00e9 \u010dl\u00e1nky, videa a jedine\u010dn\u00e9 report\u00e1\u017ee ze sv\u011bta cyklistiky.\",\"potentialAction\":[{\"@type\":\"SearchAction\",\"target\":{\"@type\":\"EntryPoint\",\"urlTemplate\":\"https:\/\/www.welovecycling.com\/cs\/?s={search_term_string}\"},\"query-input\":{\"@type\":\"PropertyValueSpecification\",\"valueRequired\":true,\"valueName\":\"search_term_string\"}}],\"inLanguage\":\"cs\"},{\"@type\":\"Person\",\"@id\":\"https:\/\/www.welovecycling.com\/cs\/#\/schema\/person\/d9eeb0a378f3a7e4a6d12d2b536b04b8\",\"name\":\"radekmalina\",\"image\":{\"@type\":\"ImageObject\",\"inLanguage\":\"cs\",\"@id\":\"https:\/\/www.welovecycling.com\/cs\/#\/schema\/person\/image\/\",\"url\":\"https:\/\/secure.gravatar.com\/avatar\/66994b632cb8c39a46b9f54afa3ae07201b678d32a54275b6f1c9ffec356bfc0?s=96&d=mm&r=g\",\"contentUrl\":\"https:\/\/secure.gravatar.com\/avatar\/66994b632cb8c39a46b9f54afa3ae07201b678d32a54275b6f1c9ffec356bfc0?s=96&d=mm&r=g\",\"caption\":\"radekmalina\"},\"url\":\"https:\/\/www.welovecycling.com\/cs\/author\/radekmalina\/\"}]}<\/script>\n<!-- \/ Yoast SEO Premium plugin. -->","yoast_head_json":{"title":"Nedejte zlod\u011bj\u016fm \u0161anci! Nejlep\u0161\u00ed trackovac\u00ed za\u0159\u00edzen\u00ed | \u0160koda We Love Cycling - \u010cesk\u00e1 republika","description":"Nechcete si nechat ukr\u00e1st kolo, \u017ee? A kdyby se to p\u0159ece jen stalo, co byste dali za to, abyste se se sv\u00fdm bicyklem op\u011bt setkali? M\u00e1me pro v\u00e1s trackovac\u00ed za\u0159\u00edzen\u00ed, kter\u00e1 stoj\u00ed zhruba od tis\u00edcovky do p\u011bti tis\u00edc korun. Co nab\u00edzej\u00ed digit\u00e1ln\u00ed \u201ehl\u00eddac\u00ed psi\u201d pro va\u0161e j\u00edzdn\u00ed kola?","robots":{"index":"index","follow":"follow","max-snippet":"max-snippet:-1","max-image-preview":"max-image-preview:large","max-video-preview":"max-video-preview:-1"},"canonical":"https:\/\/www.welovecycling.com\/cs\/2025\/02\/14\/nedejte-zlodejum-sanci-nejlepsi-trackovaci-zarizeni\/","og_locale":"cs_CZ","og_type":"article","og_title":"Nedejte zlod\u011bj\u016fm \u0161anci! Nejlep\u0161\u00ed trackovac\u00ed za\u0159\u00edzen\u00ed","og_description":"Nechcete si nechat ukr\u00e1st kolo, \u017ee? A kdyby se to p\u0159ece jen stalo, co byste dali za to, abyste se se sv\u00fdm bicyklem op\u011bt setkali? M\u00e1me pro v\u00e1s trackovac\u00ed za\u0159\u00edzen\u00ed, kter\u00e1 stoj\u00ed zhruba od tis\u00edcovky do p\u011bti tis\u00edc korun. Co nab\u00edzej\u00ed digit\u00e1ln\u00ed \u201ehl\u00eddac\u00ed psi\u201d pro va\u0161e j\u00edzdn\u00ed kola?","og_url":"https:\/\/www.welovecycling.com\/cs\/2025\/02\/14\/nedejte-zlodejum-sanci-nejlepsi-trackovaci-zarizeni\/","og_site_name":"\u0160koda We Love Cycling - \u010cesk\u00e1 republika","article_published_time":"2025-02-14T04:00:39+00:00","og_image":[{"width":679,"height":635,"url":"https:\/\/d2p6e6u75xmxt8.cloudfront.net\/13\/2025\/02\/bikefinder2.webp","type":"image\/webp"}],"author":"radekmalina","twitter_card":"summary_large_image","twitter_misc":{"Written by":"We Love Cycling","Est. reading time":"5"},"schema":{"@context":"https:\/\/schema.org","@graph":[{"@type":"WebPage","@id":"https:\/\/www.welovecycling.com\/cs\/2025\/02\/14\/nedejte-zlodejum-sanci-nejlepsi-trackovaci-zarizeni\/","url":"https:\/\/www.welovecycling.com\/cs\/2025\/02\/14\/nedejte-zlodejum-sanci-nejlepsi-trackovaci-zarizeni\/","name":"Nedejte zlod\u011bj\u016fm \u0161anci! Nejlep\u0161\u00ed trackovac\u00ed za\u0159\u00edzen\u00ed | \u0160koda We Love Cycling - \u010cesk\u00e1 republika","isPartOf":{"@id":"https:\/\/www.welovecycling.com\/cs\/#website"},"primaryImageOfPage":{"@id":"https:\/\/www.welovecycling.com\/cs\/2025\/02\/14\/nedejte-zlodejum-sanci-nejlepsi-trackovaci-zarizeni\/#primaryimage"},"image":{"@id":"https:\/\/www.welovecycling.com\/cs\/2025\/02\/14\/nedejte-zlodejum-sanci-nejlepsi-trackovaci-zarizeni\/#primaryimage"},"thumbnailUrl":"https:\/\/d2p6e6u75xmxt8.cloudfront.net\/13\/2025\/02\/bikefinder2.webp","datePublished":"2025-02-14T04:00:39+00:00","author":{"@id":"https:\/\/www.welovecycling.com\/cs\/#\/schema\/person\/d9eeb0a378f3a7e4a6d12d2b536b04b8"},"description":"Nechcete si nechat ukr\u00e1st kolo, \u017ee? A kdyby se to p\u0159ece jen stalo, co byste dali za to, abyste se se sv\u00fdm bicyklem op\u011bt setkali? M\u00e1me pro v\u00e1s trackovac\u00ed za\u0159\u00edzen\u00ed, kter\u00e1 stoj\u00ed zhruba od tis\u00edcovky do p\u011bti tis\u00edc korun. Co nab\u00edzej\u00ed digit\u00e1ln\u00ed \u201ehl\u00eddac\u00ed psi\u201d pro va\u0161e j\u00edzdn\u00ed kola?","inLanguage":"cs","potentialAction":[{"@type":"ReadAction","target":["https:\/\/www.welovecycling.com\/cs\/2025\/02\/14\/nedejte-zlodejum-sanci-nejlepsi-trackovaci-zarizeni\/"]}]},{"@type":"ImageObject","inLanguage":"cs","@id":"https:\/\/www.welovecycling.com\/cs\/2025\/02\/14\/nedejte-zlodejum-sanci-nejlepsi-trackovaci-zarizeni\/#primaryimage","url":"https:\/\/d2p6e6u75xmxt8.cloudfront.net\/13\/2025\/02\/bikefinder2.webp","contentUrl":"https:\/\/d2p6e6u75xmxt8.cloudfront.net\/13\/2025\/02\/bikefinder2.webp","width":679,"height":635,"caption":"Trackovac\u00ed za\u0159\u00edzen\u00ed Bikefinder."},{"@type":"WebSite","@id":"https:\/\/www.welovecycling.com\/cs\/#website","url":"https:\/\/www.welovecycling.com\/cs\/","name":"\u0160koda We Love Cycling - \u010cesk\u00e1 republika","description":"WeLoveCycling.cz je online magaz\u00edn, kter\u00fd v\u00e1m pravideln\u011b p\u0159in\u00e1\u0161\u00ed rady a tipy, zaj\u00edmav\u00e9 \u010dl\u00e1nky, videa a jedine\u010dn\u00e9 report\u00e1\u017ee ze sv\u011bta cyklistiky.","potentialAction":[{"@type":"SearchAction","target":{"@type":"EntryPoint","urlTemplate":"https:\/\/www.welovecycling.com\/cs\/?s={search_term_string}"},"query-input":{"@type":"PropertyValueSpecification","valueRequired":true,"valueName":"search_term_string"}}],"inLanguage":"cs"},{"@type":"Person","@id":"https:\/\/www.welovecycling.com\/cs\/#\/schema\/person\/d9eeb0a378f3a7e4a6d12d2b536b04b8","name":"radekmalina","image":{"@type":"ImageObject","inLanguage":"cs","@id":"https:\/\/www.welovecycling.com\/cs\/#\/schema\/person\/image\/","url":"https:\/\/secure.gravatar.com\/avatar\/66994b632cb8c39a46b9f54afa3ae07201b678d32a54275b6f1c9ffec356bfc0?s=96&d=mm&r=g","contentUrl":"https:\/\/secure.gravatar.com\/avatar\/66994b632cb8c39a46b9f54afa3ae07201b678d32a54275b6f1c9ffec356bfc0?s=96&d=mm&r=g","caption":"radekmalina"},"url":"https:\/\/www.welovecycling.com\/cs\/author\/radekmalina\/"}]}},"_links":{"self":[{"href":"https:\/\/www.welovecycling.com\/cs\/wp-json\/wp\/v2\/posts\/28255","targetHints":{"allow":["GET"]}}],"collection":[{"href":"https:\/\/www.welovecycling.com\/cs\/wp-json\/wp\/v2\/posts"}],"about":[{"href":"https:\/\/www.welovecycling.com\/cs\/wp-json\/wp\/v2\/types\/post"}],"author":[{"embeddable":true,"href":"https:\/\/www.welovecycling.com\/cs\/wp-json\/wp\/v2\/users\/138"}],"replies":[{"embeddable":true,"href":"https:\/\/www.welovecycling.com\/cs\/wp-json\/wp\/v2\/comments?post=28255"}],"version-history":[{"count":12,"href":"https:\/\/www.welovecycling.com\/cs\/wp-json\/wp\/v2\/posts\/28255\/revisions"}],"predecessor-version":[{"id":28288,"href":"https:\/\/www.welovecycling.com\/cs\/wp-json\/wp\/v2\/posts\/28255\/revisions\/28288"}],"wp:featuredmedia":[{"embeddable":true,"href":"https:\/\/www.welovecycling.com\/cs\/wp-json\/wp\/v2\/media\/28275"}],"wp:attachment":[{"href":"https:\/\/www.welovecycling.com\/cs\/wp-json\/wp\/v2\/media?parent=28255"}],"wp:term":[{"taxonomy":"category","embeddable":true,"href":"https:\/\/www.welovecycling.com\/cs\/wp-json\/wp\/v2\/categories?post=28255"},{"taxonomy":"post_tag","embeddable":true,"href":"https:\/\/www.welovecycling.com\/cs\/wp-json\/wp\/v2\/tags?post=28255"},{"taxonomy":"global-categories","embeddable":true,"href":"https:\/\/www.welovecycling.com\/cs\/wp-json\/wp\/v2\/global-categories?post=28255"}],"curies":[{"name":"wp","href":"https:\/\/api.w.org\/{rel}","templated":true}]}}