{"id":28234,"date":"2025-02-13T08:53:47","date_gmt":"2025-02-13T06:53:47","guid":{"rendered":"https:\/\/www.welovecycling.com\/cs\/?p=28234"},"modified":"2025-02-13T08:53:47","modified_gmt":"2025-02-13T06:53:47","slug":"ahoj-kluci-budeme-spolupracovat-hvezda-world-tour-oslovila-posedla","status":"publish","type":"post","link":"https:\/\/www.welovecycling.com\/cs\/2025\/02\/13\/ahoj-kluci-budeme-spolupracovat-hvezda-world-tour-oslovila-posedla\/","title":{"rendered":"Ahoj kluci, budeme spolupracovat? Hv\u011bzda World Tour oslovila Posedla"},"content":{"rendered":"<p><strong>Ten borec jel p\u011btadvacet Grand Tour, nejv\u011bt\u0161\u00edch cyklistick\u00fdch etapov\u00fdch z\u00e1vod\u016f planety. Pat\u0159\u00ed mezi sto dev\u011bt vyvolen\u00fdch, kte\u0159\u00ed vyhr\u00e1li etapu na Tour de France, Giru i Vuelt\u011b. Thomas de Gendt si vyslou\u017eil p\u0159ezd\u00edvku Kr\u00e1l \u00fanik\u016f. Z\u00edskat takovou hv\u011bzdu pro spolupr\u00e1ci mus\u00ed b\u00fdt nemo\u017en\u00e9 \u010di minim\u00e1ln\u011b hodn\u011b slo\u017eit\u00e9. Nebo ne? P\u0159\u00edb\u011bh spojen\u00ed s \u010deskou spole\u010dnost\u00ed Posedla je d\u016fkazem, \u017ee n\u011bkdy se velk\u00e9 v\u011bci d\u011bj\u00ed jednodu\u0161e&#8230;<\/strong><\/p>\n<p>&#8222;Na podzim lo\u0148sk\u00e9ho roku p\u0159i\u0161el na firemn\u00ed adresu email&#8230; Ahoj kluci. Sleduji del\u0161\u00ed dobu v\u00e1\u0161 vzestup a produkty, kter\u00e9 d\u011bl\u00e1te. Od p\u0159\u00ed\u0161t\u00ed sezony budu jezdit profesion\u00e1ln\u011b gravel. M\u011bli byste z\u00e1jem o spolupr\u00e1ci. Podeps\u00e1n Thomas de Gendt,&#8220; vypravuje Ji\u0159\u00ed Du\u017e\u00e1r, spoluzakladatel spole\u010dnosti Posedla.<\/p>\n<h2><strong>P\u00ed\u0161e n\u00e1m Thomas de Gendt&#8230;<\/strong><\/h2>\n<p>Jako prvn\u00ed na sv\u011bt\u011b se pustila do v\u00fdroby cyklistick\u00e9ho sedla na m\u00edru s vyu\u017eit\u00edm 3D tisku. Jejich Joyseat vznik\u00e1, zjednodu\u0161en\u011b \u0159e\u010deno, na m\u00edru podle otisku sedac\u00edch kost\u00ed. Na z\u00e1klad\u011b sofistikovan\u00e9ho algoritmu doch\u00e1z\u00ed k v\u00fdrob\u011b sedla, kter\u00e9 m\u016f\u017ee pomoci od bolesti zad, otla\u010denin a dal\u0161\u00edch zdravotn\u00edch probl\u00e9m\u016f. Sedla \u010desk\u00e9 firmy u\u017e pou\u017e\u00edvaj\u00ed nejen tuzem\u0161t\u00ed rekrea\u010dn\u00ed cyklist\u00e9, ale lid\u00e9 jezd\u00edc\u00ed na kole nap\u0159\u00ed\u010d kontinenty v\u010detn\u011b profesion\u00e1l\u016f. A jedn\u00edm z nejnov\u011bj\u0161\u00edch u\u017eivatel\u016f je pr\u00e1v\u011b Thomas de Gendt.<\/p>\n<p>Jestli jen tro\u0161ku sledujete cyklistiku, je s podivem, pokud jste o cyklistick\u00e9 hv\u011bzd\u011b z Belgie nesly\u0161eli. Postupn\u011b pro\u0161el na nejvy\u0161\u0161\u00ed \u00farovni t\u00fdmy Vacansoleil-DCM, Omega Pharma Quick Step a Lotto Soudal, jemu\u017e z\u016fstal v\u011brn\u00fd deset let. Dev\u011btkr\u00e1t jel Tour de France, \u0161estkr\u00e1t Giro, desetkr\u00e1t Vueltu. Na Grand Tour zvl\u00e1dl p\u0159es p\u011bt set etap. Dvakr\u00e1t slavil triumf na Tour de France a italsk\u00e9m Giru, jednou na Vuelt\u011b. Tam byl v roce 2018 i nejlep\u0161\u00edm vrcha\u0159em. \u010casto z\u00edsk\u00e1val cenu Nejv\u011bt\u0161\u00edho bojovn\u00edka v jednotliv\u00fdch etap\u00e1ch. Jeho p\u0159ezd\u00edvka Kr\u00e1l \u00fanik\u016f je p\u0159\u00edzna\u010dn\u00e1 s ohledem na fakt, \u017ee mnohdy na etap\u00e1c\u00edch trvaj\u00edc\u00edch t\u0159i t\u00fddny str\u00e1vil p\u0159es tis\u00edc kilometr\u016f j\u00edzdou p\u0159ed pelotonem.<\/p>\n<p>Na konci minul\u00e9ho roku se v\u0161ak rozhodl silni\u010dn\u00ed cyklistiku opustit. A vrhnout se na gravel sc\u00e9nu s t\u00fdmem Classified X Rose.<\/p>\n<p><a href=\"https:\/\/d2p6e6u75xmxt8.cloudfront.net\/13\/2025\/02\/brazodehierro_classified-X-rosebikes_riding-8465.webp\"><img loading=\"lazy\" decoding=\"async\" class=\"alignnone size-full wp-image-28247\" src=\"https:\/\/d2p6e6u75xmxt8.cloudfront.net\/13\/2025\/02\/brazodehierro_classified-X-rosebikes_riding-8465.webp\" alt=\"\" width=\"1920\" height=\"1281\" srcset=\"https:\/\/d2p6e6u75xmxt8.cloudfront.net\/13\/2025\/02\/brazodehierro_classified-X-rosebikes_riding-8465.webp 1920w, https:\/\/d2p6e6u75xmxt8.cloudfront.net\/13\/2025\/02\/brazodehierro_classified-X-rosebikes_riding-8465-300x200.webp 300w, https:\/\/d2p6e6u75xmxt8.cloudfront.net\/13\/2025\/02\/brazodehierro_classified-X-rosebikes_riding-8465-1024x683.webp 1024w, https:\/\/d2p6e6u75xmxt8.cloudfront.net\/13\/2025\/02\/brazodehierro_classified-X-rosebikes_riding-8465-768x512.webp 768w, https:\/\/d2p6e6u75xmxt8.cloudfront.net\/13\/2025\/02\/brazodehierro_classified-X-rosebikes_riding-8465-1536x1025.webp 1536w, https:\/\/d2p6e6u75xmxt8.cloudfront.net\/13\/2025\/02\/brazodehierro_classified-X-rosebikes_riding-8465-400x267.webp 400w, https:\/\/d2p6e6u75xmxt8.cloudfront.net\/13\/2025\/02\/brazodehierro_classified-X-rosebikes_riding-8465-272x182.webp 272w\" sizes=\"auto, (max-width: 1920px) 100vw, 1920px\" \/><\/a><\/p>\n<p>&#8222;P\u0159eposlali jsme si email v r\u00e1mci firmy a v prvn\u00ed chv\u00edli jsme si \u0159\u00edkali, jestli je to skute\u010dn\u00e9. Nicm\u00e9n\u011b o t\u0159i dny pozd\u011bji u\u017e jsme spolu mluvili po telefonu. N\u00e1sledn\u011b jsme se se\u0161li. A na za\u010d\u00e1tku ledna dostal t\u00fdm prvn\u00ed v\u00e1rku na\u0161ich Joyseat. V\u011bt\u0161ina z \u010dlen\u016f t\u00fdmu u\u017e na nich odjela p\u0159es dva tis\u00edce kilometr\u016f a nem\u011bli jsme \u017e\u00e1dnou reklamaci nebo p\u0159ipom\u00ednku,&#8220; \u0159\u00edk\u00e1 s opr\u00e1vn\u011bnou hrdost\u00ed Ji\u0159\u00ed Du\u017e\u00e1r. Ani nejv\u011bt\u0161\u00ed hv\u011bzda t\u00fdmu, kter\u00fd je na startu t\u0159et\u00ed sezony existence, nem\u011bla \u017e\u00e1dn\u00e9 koment\u00e1\u0159e.<\/p>\n<div class=\"shortcode-ys-post-pinup\"><article class=\"loop-simple post-28181 post type-post status-publish format-standard has-post-thumbnail hentry category-silnicni-cyklistika tag-burgos tag-cyklistika tag-giro-ditalia tag-karel-vacek tag-mathias-vacek tag-silnicni-cyklistika global-categories-cycling\" data-postid=\"28181\" role=\"article\" data-post-id=\"28181\" data-word-count=\"1226\" data-headline-length=\"59\" data-category=\"Silni\u010dn\u00ed cyklistika\" data-global-category=\"Cycling\" data-author=\"Radek Malina\" data-published=\"2025-02-06T05:00:13+02:00\" data-published-day=\"Thursday\">\n    <div class=\"entry-thumbnail article-thumbnail\" content=\"https:\/\/d2p6e6u75xmxt8.cloudfront.net\/13\/2023\/05\/profimedia-0775428988-150x150.webp\"><a href=\"https:\/\/www.welovecycling.com\/cs\/2025\/02\/06\/karel-vacek-nabidky-jsem-mel-ale-uz-to-nedavalo-smysl\/\" class=\"image-holder\" target=\"_self\"><img decoding=\"async\" loading=\"lazy\" class=\"\" src=\"https:\/\/d2p6e6u75xmxt8.cloudfront.net\/13\/2023\/05\/profimedia-0775428988-1024x713.webp\" srcset=\"https:\/\/d2p6e6u75xmxt8.cloudfront.net\/13\/2023\/05\/profimedia-0775428988.webp 1800w, https:\/\/d2p6e6u75xmxt8.cloudfront.net\/13\/2023\/05\/profimedia-0775428988-300x209.webp 300w, https:\/\/d2p6e6u75xmxt8.cloudfront.net\/13\/2023\/05\/profimedia-0775428988-1024x713.webp 1024w, https:\/\/d2p6e6u75xmxt8.cloudfront.net\/13\/2023\/05\/profimedia-0775428988-768x535.webp 768w, https:\/\/d2p6e6u75xmxt8.cloudfront.net\/13\/2023\/05\/profimedia-0775428988-1536x1069.webp 1536w, https:\/\/d2p6e6u75xmxt8.cloudfront.net\/13\/2023\/05\/profimedia-0775428988-400x278.webp 400w\" width=\"1024\" height=\"713\" sizes=\"auto, (min-width: 1200px) 300px, (min-width: 768px) 25vw, 100vw\" alt=\"karel-vacek-nabidky-jsem-mel-ale-uz-to-nedavalo-smysl\"\/><\/a><\/div>    <div class=\"entry-meta\">\n        <a class=\"label label-secondary post-category\" href=\"https:\/\/www.welovecycling.com\/cs\/category\/silnicni-cyklistika\/\" title=\"Silni\u010dn\u00ed cyklistika\">Silni\u010dn\u00ed cyklistika<\/a>\n    <\/div>\n    <div class=\"entry-details\">\n        <a href=\"https:\/\/www.welovecycling.com\/cs\/2025\/02\/06\/karel-vacek-nabidky-jsem-mel-ale-uz-to-nedavalo-smysl\/\" class='entry-title-wrapper'>\n            <h3 class=\"entry-title\"><span>Karel Vacek: Nab\u00eddky jsem m\u011bl, ale u\u017e to ned\u00e1valo smysl<\/span><\/h3>\n        <\/a>\n    <\/div>\n    <\/article>\n<\/div>\n<p>Pro Posedla p\u0159edstavuje spojen\u00ed s belgickou profesion\u00e1ln\u00ed gravelovou st\u00e1j\u00ed p\u0159ibl\u00ed\u017een\u00ed snu o World Tour. &#8222;Na\u0161\u00ed ambic\u00ed je dostat se v budoucnosti do nejvy\u0161\u0161\u00edch pater cyklistiky, co\u017e p\u0159edstavuje silni\u010dn\u00ed World Tour t\u00fdm. Ale tam jde o obrovskou hru \u010d\u00edsel. Pln\u011bn\u00ed p\u0159edstavuje p\u0159ibli\u017en\u011b t\u0159i sta sedel za sezonu. A k tomu jist\u00e9 finan\u010dn\u00ed n\u00e1klady. Tak\u017ee men\u0161\u00ed \u0161esti\u010dlenn\u00fd belgick\u00fd t\u00fdm je skv\u011bl\u00fd p\u0159edstupe\u0148. Nav\u00edc gravel sc\u00e9na nen\u00ed tak brut\u00e1ln\u011b obsazen\u00e1 jako silnice. Bereme Classified X Rose Gravel t\u00fdm jako skv\u011blou p\u0159\u00edle\u017eitost, jak se posunout,&#8220; vysv\u011btluje Ji\u0159\u00ed Du\u017e\u00e1r ze spole\u010dnosti Posedla.<\/p>\n<p>&#8222;Gravel kolo m\u00e1 mnoho cyklist\u016f u\u017e jako prim\u00e1rn\u00ed. A trouf\u00e1m si tvrdit, \u017ee do budoucnosti s ohledem na bezpe\u010dnost bude tou\u017eit po \u00faniku mimo silni\u010dn\u00ed tahy st\u00e1le v\u00edce lid\u00ed. Pro milovn\u00edky kulat\u00fdch \u0159\u00edd\u00edtek p\u0159edstavuje gravel skv\u011blou mo\u017enost, jak p\u0159epnout a ne\u0159e\u0161it v\u016fbec nic.&#8220;<\/p>\n<h2><strong>Thomas de Gendt nechce na gravelu jen do\u017e\u00edt<\/strong><\/h2>\n<p>Spolupr\u00e1ce s belgick\u00fdm t\u00fdmem, kterou iniciovala hv\u011bzda World Tour sc\u00e9ny, p\u0159edstavovala pro spole\u010dnost ze severu \u010cech v\u00fdrobu t\u0159iceti sedel. &#8222;Ka\u017ed\u00fd z\u00e1vodn\u00edk m\u00e1 p\u011bt kol. V\u011bt\u0161inou dva z\u00e1vodn\u00ed speci\u00e1ly, k tomu jedno silni\u010dn\u00ed kolo, jedno horsk\u00e9 a jeden r\u00e1m permanentn\u011b upnut\u00fd do trena\u017e\u00e9ru. Nav\u00edc kontrakt obsahuje ur\u010dit\u00e9 finan\u010dn\u00ed pln\u011bn\u00ed, p\u0159ibli\u017en\u011b desetkr\u00e1t men\u0161\u00ed ne\u017e v p\u0159\u00edpad\u011b World Tour,&#8220; vysv\u011btluje Ji\u0159\u00ed Du\u017e\u00e1r.<\/p>\n<figure id=\"attachment_28248\" aria-describedby=\"caption-attachment-28248\" style=\"width: 850px\" class=\"wp-caption alignnone\"><a href=\"https:\/\/d2p6e6u75xmxt8.cloudfront.net\/13\/2025\/02\/thomas-de-gendt.webp\"><img loading=\"lazy\" decoding=\"async\" class=\" wp-image-28248\" src=\"https:\/\/d2p6e6u75xmxt8.cloudfront.net\/13\/2025\/02\/thomas-de-gendt.webp\" alt=\"\" width=\"850\" height=\"1233\" srcset=\"https:\/\/d2p6e6u75xmxt8.cloudfront.net\/13\/2025\/02\/thomas-de-gendt.webp 573w, https:\/\/d2p6e6u75xmxt8.cloudfront.net\/13\/2025\/02\/thomas-de-gendt-207x300.webp 207w, https:\/\/d2p6e6u75xmxt8.cloudfront.net\/13\/2025\/02\/thomas-de-gendt-276x400.webp 276w\" sizes=\"auto, (max-width: 850px) 100vw, 850px\" \/><\/a><figcaption id=\"caption-attachment-28248\" class=\"wp-caption-text\"><em>Thomas de Gendt je ob\u0159\u00ed posilou gravel t\u00fdmu Classified X Rose.<\/em><\/figcaption><\/figure>\n<p>Pokud cyklistick\u00e1 hv\u011bzda jako Thomas de Gendt, kter\u00fd m\u00e1 na soci\u00e1ln\u00edch s\u00edt\u00edch t\u0159i sta tis\u00edc sleduj\u00edc\u00edch, pou\u017e\u00edv\u00e1 produkt firmy, jde o skv\u011blou reklamu. Zejm\u00e9na p\u0159i o\u010dek\u00e1van\u00e9 medializaci a \u00fa\u010dasti na nejpresti\u017en\u011bj\u0161\u00edch z\u00e1vodech. &#8222;T\u00fdm bude startovat na z\u00e1vodech Gravel Earth Series, kde pl\u00e1nuje sb\u00edrat \u00fasp\u011bchy. Velk\u00fd d\u016fraz je rovn\u011b\u017e kladen na Traka Race a Unbound Gravel Race, kde chce t\u00fdm na stupn\u011b v\u00edt\u011bz\u016f a v ide\u00e1ln\u00edm p\u0159\u00edpad\u011b na ten nejvy\u0161\u0161\u00ed. Ambice jsou obrovsk\u00e9. A pokud se napln\u00ed, p\u016fjde pro n\u00e1s coby zna\u010dku o perfektn\u00ed propagaci,&#8220; popisuje Ji\u0159\u00ed Du\u017e\u00e1r.<\/p>\n<div class=\"shortcode-ys-post-pinup\"><article class=\"loop-simple post-28236 post type-post status-publish format-standard has-post-thumbnail hentry category-zdravi-a-trenink tag-cyklisticky-trenink tag-cyklistika tag-cyklistika-a-plavani tag-gravel tag-horska-cyklistika tag-plavani tag-plavani-a-cyklistika tag-silnicni-cyklistika tag-trenink tag-zdravi-a-trenink global-categories-cycling\" data-postid=\"28236\" role=\"article\" data-post-id=\"28236\" data-word-count=\"441\" data-headline-length=\"52\" data-category=\"Zdrav\u00ed a tr\u00e9nink\" data-global-category=\"Cycling\" data-author=\"We Love Cycling\" data-published=\"2025-02-12T05:00:29+02:00\" data-published-day=\"Wednesday\">\n    <div class=\"entry-thumbnail article-thumbnail\" content=\"https:\/\/d2p6e6u75xmxt8.cloudfront.net\/13\/2025\/02\/profimedia-0946601118-150x150.webp\"><a href=\"https:\/\/www.welovecycling.com\/cs\/2025\/02\/12\/proc-je-plavani-skvele-jako-doplnek-treninku\/\" class=\"image-holder\" target=\"_self\"><img decoding=\"async\" loading=\"lazy\" class=\"\" src=\"https:\/\/d2p6e6u75xmxt8.cloudfront.net\/13\/2025\/02\/profimedia-0946601118-1024x682.webp\" srcset=\"https:\/\/d2p6e6u75xmxt8.cloudfront.net\/13\/2025\/02\/profimedia-0946601118.webp 1800w, https:\/\/d2p6e6u75xmxt8.cloudfront.net\/13\/2025\/02\/profimedia-0946601118-300x200.webp 300w, https:\/\/d2p6e6u75xmxt8.cloudfront.net\/13\/2025\/02\/profimedia-0946601118-1024x682.webp 1024w, https:\/\/d2p6e6u75xmxt8.cloudfront.net\/13\/2025\/02\/profimedia-0946601118-768x512.webp 768w, https:\/\/d2p6e6u75xmxt8.cloudfront.net\/13\/2025\/02\/profimedia-0946601118-1536x1023.webp 1536w, https:\/\/d2p6e6u75xmxt8.cloudfront.net\/13\/2025\/02\/profimedia-0946601118-400x266.webp 400w, https:\/\/d2p6e6u75xmxt8.cloudfront.net\/13\/2025\/02\/profimedia-0946601118-272x182.webp 272w\" width=\"1024\" height=\"682\" sizes=\"auto, (min-width: 1200px) 300px, (min-width: 768px) 25vw, 100vw\" alt=\"proc-je-plavani-skvele-jako-doplnek-treninku\"\/><\/a><\/div>    <div class=\"entry-meta\">\n        <a class=\"label label-secondary post-category\" href=\"https:\/\/www.welovecycling.com\/cs\/category\/zdravi-a-trenink\/\" title=\"Zdrav\u00ed a tr\u00e9nink\">Zdrav\u00ed a tr\u00e9nink<\/a>\n    <\/div>\n    <div class=\"entry-details\">\n        <a href=\"https:\/\/www.welovecycling.com\/cs\/2025\/02\/12\/proc-je-plavani-skvele-jako-doplnek-treninku\/\" class='entry-title-wrapper'>\n            <h3 class=\"entry-title\"><span>Pro\u010d je plav\u00e1n\u00ed skv\u011bl\u00e9 jako dopln\u011bk tr\u00e9ninku?<\/span><\/h3>\n        <\/a>\n    <\/div>\n    <\/article>\n<\/div>\n<p>Thomas de Gendt p\u0159edstavuje garanci v\u00fdsledk\u016f. V\u017edy\u0165 belgick\u00e1 hv\u011bzda je\u0161t\u011b v minul\u00e9 sezon\u011b absolvovala 75 z\u00e1vodn\u00edch dn\u016f na nejvy\u0161\u0161\u00ed \u00farovni, p\u0159i nich\u017e zdolala deset tis\u00edc kilometr\u016f. &#8222;M\u00e1 b\u00fdt mentorem pro mlad\u0161\u00ed kolegy v t\u00fdmu, ale sou\u010dasn\u011b je i nad\u00e1le velmi ambici\u00f3zn\u00ed. Nep\u0159ich\u00e1z\u00ed na gravel sc\u00e9nu jen jako vyslou\u017eil\u00fd p\u00e1n, co se chce vozit. S\u00e1m \u0159\u00edkal, \u017ee od sebe m\u00e1 velk\u00e1 o\u010dek\u00e1v\u00e1n\u00ed a nepochybuje o sv\u00e9 v\u00fdkonnosti,&#8220; tlumo\u010d\u00ed Ji\u0159\u00ed Du\u017e\u00e1r rozhovor s osmat\u0159icetilet\u00fdm z\u00e1vodn\u00edkem.<\/p>\n<h2><strong>Partnerstv\u00ed, kter\u00e9 otev\u0159e dve\u0159e?<\/strong><\/h2>\n<p>I proto jsou o\u010dek\u00e1v\u00e1n\u00ed spole\u010dnosti ze severu \u010cech velik\u00e1. &#8222;Neexistuje pochopiteln\u011b \u017e\u00e1dn\u00e1 metrika, zda se spolupr\u00e1ce s profesion\u00e1ln\u00edm t\u00fdmem vyplat\u00ed. Nejv\u011bt\u0161\u00ed efekt p\u0159edstavuje validace zna\u010dky. Ve\u0159ejnost vid\u00ed, \u017ee se Joyseat pou\u017e\u00edv\u00e1 na nejvy\u0161\u0161\u00ed \u00farovni, co\u017e zvy\u0161uje popt\u00e1vku. \u010casto sly\u0161\u00edme v r\u00e1mci \u0161irok\u00e9 ve\u0159ejnosti, \u017ee si konkr\u00e9tn\u00ed produkt koup\u00ed v okam\u017eiku, kdy jej pou\u017e\u00edvaj\u00ed cyklist\u00e9 na Tour de France. Spojen\u00ed s t\u011bmi nejpresti\u017en\u011bj\u0161\u00edmi z\u00e1vody \u010di t\u00fdmy je ur\u010dit\u00fd vrchol, kam se cht\u011bj\u00ed v\u0161ichni dostat. V\u011b\u0159\u00edme, \u017ee nyn\u011bj\u0161\u00ed partnerstv\u00ed n\u00e1m otev\u0159e dal\u0161\u00ed dve\u0159e,&#8220; netaj\u00ed spoluzakladatel Posedla.<\/p>\n<p>Nemal\u00fd bonus p\u0159edstavuje zp\u011btn\u00e1 vazba od z\u00e1vodn\u00edk\u016f, kte\u0159\u00ed na Joyseat tr\u00e1v\u00ed stovky hodin ro\u010dn\u011b. &#8222;Z hlediska sb\u011bru dat a poznatk\u016f jde o velk\u00fd p\u0159\u00ednos,&#8220; pochvaluje si Ji\u0159\u00ed Du\u017e\u00e1r. &#8222;Komunikovali jsme s mnoha sportovn\u00edmi \u0159editeli t\u00fdm\u016f na nejvy\u0161\u0161\u00ed \u00farovni a prakticky ka\u017ed\u00fd p\u0159ipou\u0161t\u00ed, \u017ee po etap\u00e1ku dlouh\u00e9m t\u0159i t\u00fddny jsou sedac\u00ed partie z\u00e1vodn\u00edk\u016f hodn\u011b poznamenan\u00e9. A t\u0159eba profi cyklist\u00e9 n\u00e1m \u0159\u00edkaj\u00ed, \u017ee se jich mnohdy ani nikdo nept\u00e1, a prost\u011b mus\u00ed jezdit na sedlech, kter\u00e1 t\u00fdm na\u0159\u00edd\u00ed, p\u0159esto\u017ee jim t\u0159eba nevyhovuj\u00ed,&#8220; nech\u00e1v\u00e1 \u0161\u00e9f Posedla nahl\u00e9dnout do z\u00e1kulis\u00ed komunikace se z\u00e1stupci elitn\u00ed cyklistick\u00e9 sc\u00e9ny.<\/p>\n<figure id=\"attachment_28246\" aria-describedby=\"caption-attachment-28246\" style=\"width: 1920px\" class=\"wp-caption alignnone\"><a href=\"https:\/\/d2p6e6u75xmxt8.cloudfront.net\/13\/2025\/02\/brazodehierro_classified-X-rosebikes_product-shots-4557.webp\"><img loading=\"lazy\" decoding=\"async\" class=\"size-full wp-image-28246\" src=\"https:\/\/d2p6e6u75xmxt8.cloudfront.net\/13\/2025\/02\/brazodehierro_classified-X-rosebikes_product-shots-4557.webp\" alt=\"\" width=\"1920\" height=\"1281\" srcset=\"https:\/\/d2p6e6u75xmxt8.cloudfront.net\/13\/2025\/02\/brazodehierro_classified-X-rosebikes_product-shots-4557.webp 1920w, https:\/\/d2p6e6u75xmxt8.cloudfront.net\/13\/2025\/02\/brazodehierro_classified-X-rosebikes_product-shots-4557-300x200.webp 300w, https:\/\/d2p6e6u75xmxt8.cloudfront.net\/13\/2025\/02\/brazodehierro_classified-X-rosebikes_product-shots-4557-1024x683.webp 1024w, https:\/\/d2p6e6u75xmxt8.cloudfront.net\/13\/2025\/02\/brazodehierro_classified-X-rosebikes_product-shots-4557-768x512.webp 768w, https:\/\/d2p6e6u75xmxt8.cloudfront.net\/13\/2025\/02\/brazodehierro_classified-X-rosebikes_product-shots-4557-1536x1025.webp 1536w, https:\/\/d2p6e6u75xmxt8.cloudfront.net\/13\/2025\/02\/brazodehierro_classified-X-rosebikes_product-shots-4557-400x267.webp 400w, https:\/\/d2p6e6u75xmxt8.cloudfront.net\/13\/2025\/02\/brazodehierro_classified-X-rosebikes_product-shots-4557-272x182.webp 272w\" sizes=\"auto, (max-width: 1920px) 100vw, 1920px\" \/><\/a><figcaption id=\"caption-attachment-28246\" class=\"wp-caption-text\"><em>Sedlo od spole\u010dnosti Posedla vyroben\u00e9 pro gravel t\u00fdm Classified X Rose.\u00a0 Foto: \u00a0Brazo de Hierro (4x)<\/em><\/figcaption><\/figure>\n<p>&#8222;P\u0159i v\u00fdrob\u011b na m\u00edru se v\u0161echny obt\u00ed\u017ee daj\u00ed odstranit. Na\u0161\u00edm obrovsk\u00fdm bonusem je, \u017ee nab\u00edz\u00edme komfort na m\u00edru. N\u011bkte\u0159\u00ed cyklist\u00e9 cht\u011bj\u00ed \u0161ir\u0161\u00ed \u0161pi\u010dku sedla, jin\u00ed zase zadn\u00ed \u010d\u00e1st. Jsme schopn\u00ed ud\u011blat v\u0161echno,&#8220; vysv\u011btluje Ji\u0159\u00ed Du\u017e\u00e1r.<\/p>\n<div class=\"shortcode-ys-post-pinup\"><article class=\"loop-simple post-28204 post type-post status-publish format-standard has-post-thumbnail hentry category-https-www-welovecycling-com-cs-category-zabava tag-cyklisticky-trenink tag-cyklistika tag-silnicni-cyklistika tag-tadej-pogacar tag-tour-de-france tag-trenink-tadeje-pogacara tag-trenink-v-zone-2 tag-trenuj-jako-pogacar tag-zdravi-a-trenink global-categories-cycling\" data-postid=\"28204\" role=\"article\" data-post-id=\"28204\" data-word-count=\"685\" data-headline-length=\"47\" data-category=\"Z\u00c1BAVA\" data-global-category=\"Cycling\" data-author=\"We Love Cycling\" data-published=\"2025-02-07T09:14:18+02:00\" data-published-day=\"Friday\">\n    <div class=\"entry-thumbnail article-thumbnail\" content=\"https:\/\/d2p6e6u75xmxt8.cloudfront.net\/13\/2024\/07\/profimedia-0890928696-150x150.webp\"><a href=\"https:\/\/www.welovecycling.com\/cs\/2025\/02\/07\/tadej-pogacar-a-jeho-kucharka-zluteho-dresu\/\" class=\"image-holder\" target=\"_self\"><img decoding=\"async\" loading=\"lazy\" class=\"\" src=\"https:\/\/d2p6e6u75xmxt8.cloudfront.net\/13\/2024\/07\/profimedia-0890928696-1024x683.webp\" srcset=\"https:\/\/d2p6e6u75xmxt8.cloudfront.net\/13\/2024\/07\/profimedia-0890928696.webp 1800w, https:\/\/d2p6e6u75xmxt8.cloudfront.net\/13\/2024\/07\/profimedia-0890928696-300x200.webp 300w, https:\/\/d2p6e6u75xmxt8.cloudfront.net\/13\/2024\/07\/profimedia-0890928696-1024x683.webp 1024w, https:\/\/d2p6e6u75xmxt8.cloudfront.net\/13\/2024\/07\/profimedia-0890928696-768x512.webp 768w, https:\/\/d2p6e6u75xmxt8.cloudfront.net\/13\/2024\/07\/profimedia-0890928696-1536x1024.webp 1536w, https:\/\/d2p6e6u75xmxt8.cloudfront.net\/13\/2024\/07\/profimedia-0890928696-400x267.webp 400w, https:\/\/d2p6e6u75xmxt8.cloudfront.net\/13\/2024\/07\/profimedia-0890928696-272x182.webp 272w\" width=\"1024\" height=\"683\" sizes=\"auto, (min-width: 1200px) 300px, (min-width: 768px) 25vw, 100vw\" alt=\"tadej-pogacar-a-jeho-kucharka-zluteho-dresu\"\/><\/a><\/div>    <div class=\"entry-meta\">\n        <a class=\"label label-secondary post-category\" href=\"https:\/\/www.welovecycling.com\/cs\/category\/https-www-welovecycling-com-cs-category-zabava\/\" title=\"Z\u00c1BAVA\">Z\u00c1BAVA<\/a>\n    <\/div>\n    <div class=\"entry-details\">\n        <a href=\"https:\/\/www.welovecycling.com\/cs\/2025\/02\/07\/tadej-pogacar-a-jeho-kucharka-zluteho-dresu\/\" class='entry-title-wrapper'>\n            <h3 class=\"entry-title\"><span>Tadej Poga\u010dar a jeho kucha\u0159ka \u017elut\u00e9ho dresu<\/span><\/h3>\n        <\/a>\n    <\/div>\n    <\/article>\n<\/div>\n<p>T\u0159eba pr\u00e1v\u011b pro z\u00e1vodn\u00ed pou\u017eit\u00ed jsou gravel sedla odli\u0161n\u00e1. &#8222;Edice je o patn\u00e1ct gram\u016f t\u011b\u017e\u0161\u00ed a m\u00e1 speci\u00e1ln\u00ed v\u00fdztuhu. Ka\u017ed\u00e1 d\u00edra v rychlosti p\u0159es \u010dty\u0159icet kilometr\u016f p\u0159edstavuje brut\u00e1ln\u00ed n\u00e1raz pro t\u011blo. Proto jsme skelet zes\u00edlili, aby v\u0161echny n\u00e1razy maxim\u00e1ln\u011b absorboval a cyklista si u\u017e\u00edval komfort na\u0161eho sedla i v nejn\u00e1ro\u010dn\u011bj\u0161\u00edch pas\u00e1\u017e\u00edch trat\u011b,&#8220; p\u0159ibli\u017euje spoluzakladatel firmy Posedla, co oslovilo Thomase de Gendta i z\u00e1stupce jeho nov\u00e9ho zam\u011bstnavatele. A ka\u017ed\u00fd zlomek energie v dne\u0161n\u00ed cyklistice p\u0159edstavuje ve fin\u00e1le rozd\u00edle mezi v\u00edt\u011bzem a pora\u017een\u00fdm. Na severu \u010cech te\u010f doufaj\u00ed, \u017ee Joyseat doveze n\u011bkter\u00e9ho ze cyklist\u016f\u00a0 k velk\u00e9mu v\u00edt\u011bzstv\u00ed&#8230;<\/p>\n","protected":false},"excerpt":{"rendered":"<p>Ten borec jel p\u011btadvacet Grand Tour, nejv\u011bt\u0161\u00edch cyklistick\u00fdch etapov\u00fdch z\u00e1vod\u016f planety. Pat\u0159\u00ed mezi sto dev\u011bt vyvolen\u00fdch, kte\u0159\u00ed vyhr\u00e1li etapu na [&hellip;]<\/p>\n","protected":false},"author":138,"featured_media":28250,"comment_status":"open","ping_status":"open","sticky":false,"template":"","format":"standard","meta":{"footnotes":""},"categories":[2602],"tags":[4056,126,2001,2676,4055],"global-categories":[411],"class_list":["post-28234","post","type-post","status-publish","format-standard","has-post-thumbnail","hentry","category-gravel","tag-classified-x-rose","tag-cyklistika","tag-gravel","tag-posedla","tag-thomas-de-gendt","global-categories-cycling"],"yoast_head":"<!-- This site is optimized with the Yoast SEO Premium plugin v25.3 (Yoast SEO v25.9) - https:\/\/yoast.com\/wordpress\/plugins\/seo\/ -->\n<title>Ahoj kluci, budeme spolupracovat? Hv\u011bzda World Tour oslovila Posedla | \u0160koda We Love Cycling - \u010cesk\u00e1 republika<\/title>\n<meta name=\"description\" content=\"Hv\u011bzda World Tour Thomas de Gendt bude pou\u017e\u00edvat sedlo \u010desk\u00e9 v\u00fdroby. Firmu Posedla s\u00e1m oslovil prost\u0159ednictv\u00edm emailu...\" \/>\n<meta name=\"robots\" content=\"index, follow, max-snippet:-1, max-image-preview:large, max-video-preview:-1\" \/>\n<link rel=\"canonical\" href=\"https:\/\/www.welovecycling.com\/cs\/2025\/02\/13\/ahoj-kluci-budeme-spolupracovat-hvezda-world-tour-oslovila-posedla\/\" \/>\n<meta property=\"og:locale\" content=\"cs_CZ\" \/>\n<meta property=\"og:type\" content=\"article\" \/>\n<meta property=\"og:title\" content=\"Ahoj kluci, budeme spolupracovat? Hv\u011bzda World Tour oslovila Posedla\" \/>\n<meta property=\"og:description\" content=\"Hv\u011bzda World Tour Thomas de Gendt bude pou\u017e\u00edvat sedlo \u010desk\u00e9 v\u00fdroby. Firmu Posedla s\u00e1m oslovil prost\u0159ednictv\u00edm emailu...\" \/>\n<meta property=\"og:url\" content=\"https:\/\/www.welovecycling.com\/cs\/2025\/02\/13\/ahoj-kluci-budeme-spolupracovat-hvezda-world-tour-oslovila-posedla\/\" \/>\n<meta property=\"og:site_name\" content=\"\u0160koda We Love Cycling - \u010cesk\u00e1 republika\" \/>\n<meta property=\"article:published_time\" content=\"2025-02-13T06:53:47+00:00\" \/>\n<meta property=\"og:image\" content=\"https:\/\/d2p6e6u75xmxt8.cloudfront.net\/13\/2025\/02\/brazodehierro_classified-X-rosebikes_portraits_team-4960-1-scaled.webp\" \/>\n\t<meta property=\"og:image:width\" content=\"2560\" \/>\n\t<meta property=\"og:image:height\" content=\"1708\" \/>\n\t<meta property=\"og:image:type\" content=\"image\/webp\" \/>\n<meta name=\"author\" content=\"radekmalina\" \/>\n<meta name=\"twitter:card\" content=\"summary_large_image\" \/>\n<meta name=\"twitter:label1\" content=\"Written by\" \/>\n\t<meta name=\"twitter:data1\" content=\"We Love Cycling\" \/>\n\t<meta name=\"twitter:label2\" content=\"Est. reading time\" \/>\n\t<meta name=\"twitter:data2\" content=\"5\" \/>\n<script type=\"application\/ld+json\" class=\"yoast-schema-graph\">{\"@context\":\"https:\/\/schema.org\",\"@graph\":[{\"@type\":\"WebPage\",\"@id\":\"https:\/\/www.welovecycling.com\/cs\/2025\/02\/13\/ahoj-kluci-budeme-spolupracovat-hvezda-world-tour-oslovila-posedla\/\",\"url\":\"https:\/\/www.welovecycling.com\/cs\/2025\/02\/13\/ahoj-kluci-budeme-spolupracovat-hvezda-world-tour-oslovila-posedla\/\",\"name\":\"Ahoj kluci, budeme spolupracovat? Hv\u011bzda World Tour oslovila Posedla | \u0160koda We Love Cycling - \u010cesk\u00e1 republika\",\"isPartOf\":{\"@id\":\"https:\/\/www.welovecycling.com\/cs\/#website\"},\"primaryImageOfPage\":{\"@id\":\"https:\/\/www.welovecycling.com\/cs\/2025\/02\/13\/ahoj-kluci-budeme-spolupracovat-hvezda-world-tour-oslovila-posedla\/#primaryimage\"},\"image\":{\"@id\":\"https:\/\/www.welovecycling.com\/cs\/2025\/02\/13\/ahoj-kluci-budeme-spolupracovat-hvezda-world-tour-oslovila-posedla\/#primaryimage\"},\"thumbnailUrl\":\"https:\/\/d2p6e6u75xmxt8.cloudfront.net\/13\/2025\/02\/brazodehierro_classified-X-rosebikes_portraits_team-4960-1-scaled.webp\",\"datePublished\":\"2025-02-13T06:53:47+00:00\",\"author\":{\"@id\":\"https:\/\/www.welovecycling.com\/cs\/#\/schema\/person\/d9eeb0a378f3a7e4a6d12d2b536b04b8\"},\"description\":\"Hv\u011bzda World Tour Thomas de Gendt bude pou\u017e\u00edvat sedlo \u010desk\u00e9 v\u00fdroby. Firmu Posedla s\u00e1m oslovil prost\u0159ednictv\u00edm emailu...\",\"inLanguage\":\"cs\",\"potentialAction\":[{\"@type\":\"ReadAction\",\"target\":[\"https:\/\/www.welovecycling.com\/cs\/2025\/02\/13\/ahoj-kluci-budeme-spolupracovat-hvezda-world-tour-oslovila-posedla\/\"]}]},{\"@type\":\"ImageObject\",\"inLanguage\":\"cs\",\"@id\":\"https:\/\/www.welovecycling.com\/cs\/2025\/02\/13\/ahoj-kluci-budeme-spolupracovat-hvezda-world-tour-oslovila-posedla\/#primaryimage\",\"url\":\"https:\/\/d2p6e6u75xmxt8.cloudfront.net\/13\/2025\/02\/brazodehierro_classified-X-rosebikes_portraits_team-4960-1-scaled.webp\",\"contentUrl\":\"https:\/\/d2p6e6u75xmxt8.cloudfront.net\/13\/2025\/02\/brazodehierro_classified-X-rosebikes_portraits_team-4960-1-scaled.webp\",\"width\":2560,\"height\":1708,\"caption\":\"Thomas de Gendt, hv\u011bzda World Tour, bude jezdit gravel.\"},{\"@type\":\"WebSite\",\"@id\":\"https:\/\/www.welovecycling.com\/cs\/#website\",\"url\":\"https:\/\/www.welovecycling.com\/cs\/\",\"name\":\"\u0160koda We Love Cycling - \u010cesk\u00e1 republika\",\"description\":\"WeLoveCycling.cz je online magaz\u00edn, kter\u00fd v\u00e1m pravideln\u011b p\u0159in\u00e1\u0161\u00ed rady a tipy, zaj\u00edmav\u00e9 \u010dl\u00e1nky, videa a jedine\u010dn\u00e9 report\u00e1\u017ee ze sv\u011bta cyklistiky.\",\"potentialAction\":[{\"@type\":\"SearchAction\",\"target\":{\"@type\":\"EntryPoint\",\"urlTemplate\":\"https:\/\/www.welovecycling.com\/cs\/?s={search_term_string}\"},\"query-input\":{\"@type\":\"PropertyValueSpecification\",\"valueRequired\":true,\"valueName\":\"search_term_string\"}}],\"inLanguage\":\"cs\"},{\"@type\":\"Person\",\"@id\":\"https:\/\/www.welovecycling.com\/cs\/#\/schema\/person\/d9eeb0a378f3a7e4a6d12d2b536b04b8\",\"name\":\"radekmalina\",\"image\":{\"@type\":\"ImageObject\",\"inLanguage\":\"cs\",\"@id\":\"https:\/\/www.welovecycling.com\/cs\/#\/schema\/person\/image\/\",\"url\":\"https:\/\/secure.gravatar.com\/avatar\/66994b632cb8c39a46b9f54afa3ae07201b678d32a54275b6f1c9ffec356bfc0?s=96&d=mm&r=g\",\"contentUrl\":\"https:\/\/secure.gravatar.com\/avatar\/66994b632cb8c39a46b9f54afa3ae07201b678d32a54275b6f1c9ffec356bfc0?s=96&d=mm&r=g\",\"caption\":\"radekmalina\"},\"url\":\"https:\/\/www.welovecycling.com\/cs\/author\/radekmalina\/\"}]}<\/script>\n<!-- \/ Yoast SEO Premium plugin. -->","yoast_head_json":{"title":"Ahoj kluci, budeme spolupracovat? Hv\u011bzda World Tour oslovila Posedla | \u0160koda We Love Cycling - \u010cesk\u00e1 republika","description":"Hv\u011bzda World Tour Thomas de Gendt bude pou\u017e\u00edvat sedlo \u010desk\u00e9 v\u00fdroby. Firmu Posedla s\u00e1m oslovil prost\u0159ednictv\u00edm emailu...","robots":{"index":"index","follow":"follow","max-snippet":"max-snippet:-1","max-image-preview":"max-image-preview:large","max-video-preview":"max-video-preview:-1"},"canonical":"https:\/\/www.welovecycling.com\/cs\/2025\/02\/13\/ahoj-kluci-budeme-spolupracovat-hvezda-world-tour-oslovila-posedla\/","og_locale":"cs_CZ","og_type":"article","og_title":"Ahoj kluci, budeme spolupracovat? Hv\u011bzda World Tour oslovila Posedla","og_description":"Hv\u011bzda World Tour Thomas de Gendt bude pou\u017e\u00edvat sedlo \u010desk\u00e9 v\u00fdroby. Firmu Posedla s\u00e1m oslovil prost\u0159ednictv\u00edm emailu...","og_url":"https:\/\/www.welovecycling.com\/cs\/2025\/02\/13\/ahoj-kluci-budeme-spolupracovat-hvezda-world-tour-oslovila-posedla\/","og_site_name":"\u0160koda We Love Cycling - \u010cesk\u00e1 republika","article_published_time":"2025-02-13T06:53:47+00:00","og_image":[{"width":2560,"height":1708,"url":"https:\/\/d2p6e6u75xmxt8.cloudfront.net\/13\/2025\/02\/brazodehierro_classified-X-rosebikes_portraits_team-4960-1-scaled.webp","type":"image\/webp"}],"author":"radekmalina","twitter_card":"summary_large_image","twitter_misc":{"Written by":"We Love Cycling","Est. reading time":"5"},"schema":{"@context":"https:\/\/schema.org","@graph":[{"@type":"WebPage","@id":"https:\/\/www.welovecycling.com\/cs\/2025\/02\/13\/ahoj-kluci-budeme-spolupracovat-hvezda-world-tour-oslovila-posedla\/","url":"https:\/\/www.welovecycling.com\/cs\/2025\/02\/13\/ahoj-kluci-budeme-spolupracovat-hvezda-world-tour-oslovila-posedla\/","name":"Ahoj kluci, budeme spolupracovat? Hv\u011bzda World Tour oslovila Posedla | \u0160koda We Love Cycling - \u010cesk\u00e1 republika","isPartOf":{"@id":"https:\/\/www.welovecycling.com\/cs\/#website"},"primaryImageOfPage":{"@id":"https:\/\/www.welovecycling.com\/cs\/2025\/02\/13\/ahoj-kluci-budeme-spolupracovat-hvezda-world-tour-oslovila-posedla\/#primaryimage"},"image":{"@id":"https:\/\/www.welovecycling.com\/cs\/2025\/02\/13\/ahoj-kluci-budeme-spolupracovat-hvezda-world-tour-oslovila-posedla\/#primaryimage"},"thumbnailUrl":"https:\/\/d2p6e6u75xmxt8.cloudfront.net\/13\/2025\/02\/brazodehierro_classified-X-rosebikes_portraits_team-4960-1-scaled.webp","datePublished":"2025-02-13T06:53:47+00:00","author":{"@id":"https:\/\/www.welovecycling.com\/cs\/#\/schema\/person\/d9eeb0a378f3a7e4a6d12d2b536b04b8"},"description":"Hv\u011bzda World Tour Thomas de Gendt bude pou\u017e\u00edvat sedlo \u010desk\u00e9 v\u00fdroby. Firmu Posedla s\u00e1m oslovil prost\u0159ednictv\u00edm emailu...","inLanguage":"cs","potentialAction":[{"@type":"ReadAction","target":["https:\/\/www.welovecycling.com\/cs\/2025\/02\/13\/ahoj-kluci-budeme-spolupracovat-hvezda-world-tour-oslovila-posedla\/"]}]},{"@type":"ImageObject","inLanguage":"cs","@id":"https:\/\/www.welovecycling.com\/cs\/2025\/02\/13\/ahoj-kluci-budeme-spolupracovat-hvezda-world-tour-oslovila-posedla\/#primaryimage","url":"https:\/\/d2p6e6u75xmxt8.cloudfront.net\/13\/2025\/02\/brazodehierro_classified-X-rosebikes_portraits_team-4960-1-scaled.webp","contentUrl":"https:\/\/d2p6e6u75xmxt8.cloudfront.net\/13\/2025\/02\/brazodehierro_classified-X-rosebikes_portraits_team-4960-1-scaled.webp","width":2560,"height":1708,"caption":"Thomas de Gendt, hv\u011bzda World Tour, bude jezdit gravel."},{"@type":"WebSite","@id":"https:\/\/www.welovecycling.com\/cs\/#website","url":"https:\/\/www.welovecycling.com\/cs\/","name":"\u0160koda We Love Cycling - \u010cesk\u00e1 republika","description":"WeLoveCycling.cz je online magaz\u00edn, kter\u00fd v\u00e1m pravideln\u011b p\u0159in\u00e1\u0161\u00ed rady a tipy, zaj\u00edmav\u00e9 \u010dl\u00e1nky, videa a jedine\u010dn\u00e9 report\u00e1\u017ee ze sv\u011bta cyklistiky.","potentialAction":[{"@type":"SearchAction","target":{"@type":"EntryPoint","urlTemplate":"https:\/\/www.welovecycling.com\/cs\/?s={search_term_string}"},"query-input":{"@type":"PropertyValueSpecification","valueRequired":true,"valueName":"search_term_string"}}],"inLanguage":"cs"},{"@type":"Person","@id":"https:\/\/www.welovecycling.com\/cs\/#\/schema\/person\/d9eeb0a378f3a7e4a6d12d2b536b04b8","name":"radekmalina","image":{"@type":"ImageObject","inLanguage":"cs","@id":"https:\/\/www.welovecycling.com\/cs\/#\/schema\/person\/image\/","url":"https:\/\/secure.gravatar.com\/avatar\/66994b632cb8c39a46b9f54afa3ae07201b678d32a54275b6f1c9ffec356bfc0?s=96&d=mm&r=g","contentUrl":"https:\/\/secure.gravatar.com\/avatar\/66994b632cb8c39a46b9f54afa3ae07201b678d32a54275b6f1c9ffec356bfc0?s=96&d=mm&r=g","caption":"radekmalina"},"url":"https:\/\/www.welovecycling.com\/cs\/author\/radekmalina\/"}]}},"_links":{"self":[{"href":"https:\/\/www.welovecycling.com\/cs\/wp-json\/wp\/v2\/posts\/28234","targetHints":{"allow":["GET"]}}],"collection":[{"href":"https:\/\/www.welovecycling.com\/cs\/wp-json\/wp\/v2\/posts"}],"about":[{"href":"https:\/\/www.welovecycling.com\/cs\/wp-json\/wp\/v2\/types\/post"}],"author":[{"embeddable":true,"href":"https:\/\/www.welovecycling.com\/cs\/wp-json\/wp\/v2\/users\/138"}],"replies":[{"embeddable":true,"href":"https:\/\/www.welovecycling.com\/cs\/wp-json\/wp\/v2\/comments?post=28234"}],"version-history":[{"count":7,"href":"https:\/\/www.welovecycling.com\/cs\/wp-json\/wp\/v2\/posts\/28234\/revisions"}],"predecessor-version":[{"id":28252,"href":"https:\/\/www.welovecycling.com\/cs\/wp-json\/wp\/v2\/posts\/28234\/revisions\/28252"}],"wp:featuredmedia":[{"embeddable":true,"href":"https:\/\/www.welovecycling.com\/cs\/wp-json\/wp\/v2\/media\/28250"}],"wp:attachment":[{"href":"https:\/\/www.welovecycling.com\/cs\/wp-json\/wp\/v2\/media?parent=28234"}],"wp:term":[{"taxonomy":"category","embeddable":true,"href":"https:\/\/www.welovecycling.com\/cs\/wp-json\/wp\/v2\/categories?post=28234"},{"taxonomy":"post_tag","embeddable":true,"href":"https:\/\/www.welovecycling.com\/cs\/wp-json\/wp\/v2\/tags?post=28234"},{"taxonomy":"global-categories","embeddable":true,"href":"https:\/\/www.welovecycling.com\/cs\/wp-json\/wp\/v2\/global-categories?post=28234"}],"curies":[{"name":"wp","href":"https:\/\/api.w.org\/{rel}","templated":true}]}}