{"id":28215,"date":"2025-02-10T14:30:34","date_gmt":"2025-02-10T12:30:34","guid":{"rendered":"https:\/\/www.welovecycling.com\/cs\/?p=28215"},"modified":"2025-02-10T14:47:20","modified_gmt":"2025-02-10T12:47:20","slug":"na-95-procent-zemres-o-1347-dnu-pozdeji-egan-bernal-vitezi","status":"publish","type":"post","link":"https:\/\/www.welovecycling.com\/cs\/2025\/02\/10\/na-95-procent-zemres-o-1347-dnu-pozdeji-egan-bernal-vitezi\/","title":{"rendered":"Na 95 procent zem\u0159e\u0161! O t\u0159i roky pozd\u011bji Egan Bernal v\u00edt\u011bz\u00ed"},"content":{"rendered":"<p><strong>Zlomenina obratl\u016f. Zlomenina prav\u00e9 stehenn\u00ed kosti. Zlomenina \u010d\u00e9\u0161ky. Zl\u00e1man\u00e1 \u017eebra. V sou\u010dtu dvacet zlomenin. K tomu poran\u011bn\u00ed hrudn\u00edku. A prop\u00edchnut\u00e1 pl\u00edce. Egan Bernal, kolumbijck\u00fd cyklista t\u00fdmu Ineos Grenadiers, hled\u011bl v lednu 2022 smrti do tv\u00e1\u0159e. Dlouho bojoval o n\u00e1vrat. A o v\u00edt\u011bzstv\u00ed. Celkem 1347 dn\u016f \u010dekal na ten opojn\u00fd pocit. Triumf z \u010dasovky na kolumbijsk\u00e9m \u0161ampion\u00e1tu, a pak i v hromadn\u00e9m z\u00e1vod\u011b p\u0159edstavuje start nov\u00e9 \u00e9ry.<\/strong><\/p>\n<p>&#8222;P\u011btadevades\u00e1t procent! Tak velk\u00e1 byla pravd\u011bpodobnost, \u017ee zem\u0159u nebo budu v lep\u0161\u00edm p\u0159\u00edpad\u011b paraplegik. Byl bych ob\u011bt\u00ed milovan\u00e9ho sportu,&#8220; vracel se Egan Bernal v my\u0161lenk\u00e1ch k 24. lednu 2022.<\/p>\n<p>O t\u0159i roky d\u0159\u00edve, v l\u00e9t\u011b 2019, se stal nejmlad\u0161\u00edm v\u00edt\u011bzem Tour de France za posledn\u00edch 110 let. Slavil v pouh\u00fdch dvaadvaceti letech. Na ja\u0159e 2021 ovl\u00e1dl dv\u011b etapy a tak\u00e9 celkov\u00e9 po\u0159ad\u00ed italsk\u00e9ho Gira. Veden\u00ed formace Ineos Grenadier v\u011b\u0159ilo, \u017ee m\u00e1 klenot budoucnosti. Kolumbijsk\u00fd talent m\u011bl b\u00fdt poukazem na dominanci t\u00fdmu, kter\u00fd z osmi ro\u010dn\u00edk\u016f sedmkr\u00e1t ovl\u00e1dl Grande Boucle.<\/p>\n<h2><strong>Na \u010dasovk\u00e1\u0159sk\u00e9m speci\u00e1lu zastavil o autobus<\/strong><\/h2>\n<p>Jen\u017ee v p\u0159\u00edprav\u011b na dal\u0161\u00ed sezonu jel Egan Bernal pobl\u00ed\u017e Bogoty tr\u00e9nink na \u010dasovk\u00e1\u0159sk\u00e9m speci\u00e1lu. V rychlosti p\u0159es pades\u00e1t kilometr\u016f v hodin\u011b nap\u00e1lil do stoj\u00edc\u00edho autobusu. V\u00fd\u010det zran\u011bn\u00ed byl devastuj\u00edc\u00ed. L\u00e9ka\u0159i nev\u011b\u0159ili, \u017ee kolumbijsk\u00fd z\u00e1vodn\u00edk z\u016fstane bez n\u00e1sledk\u016f. Dv\u011b masivn\u00ed operace udr\u017eely v\u00edt\u011bze Tour de France p\u0159i \u017eivot\u011b.<\/p>\n<p>A pak za\u010dala bitva o n\u00e1vrat. Nejd\u0159\u00edve zdlouhavou regenerac\u00ed. Pak v r\u00e1mci z\u00e1vodn\u00edho koloto\u010de. Je\u0161t\u011b na podzim 2022 nasko\u010dil Egan Bernal do pelotonu. Dva etap\u00e1ky nedokon\u010dil, ze dvou italsk\u00fdch jednor\u00e1zovek se do c\u00edle dostal jen jednou, av\u0161ak daleko za v\u00edt\u011bzem.<\/p>\n<figure id=\"attachment_28221\" aria-describedby=\"caption-attachment-28221\" style=\"width: 1280px\" class=\"wp-caption alignnone\"><a href=\"https:\/\/d2p6e6u75xmxt8.cloudfront.net\/13\/2025\/02\/profimedia-0660046031.webp\"><img loading=\"lazy\" decoding=\"async\" class=\"size-full wp-image-28221\" src=\"https:\/\/d2p6e6u75xmxt8.cloudfront.net\/13\/2025\/02\/profimedia-0660046031.webp\" alt=\"\" width=\"1280\" height=\"852\" srcset=\"https:\/\/d2p6e6u75xmxt8.cloudfront.net\/13\/2025\/02\/profimedia-0660046031.webp 1280w, https:\/\/d2p6e6u75xmxt8.cloudfront.net\/13\/2025\/02\/profimedia-0660046031-300x200.webp 300w, https:\/\/d2p6e6u75xmxt8.cloudfront.net\/13\/2025\/02\/profimedia-0660046031-1024x682.webp 1024w, https:\/\/d2p6e6u75xmxt8.cloudfront.net\/13\/2025\/02\/profimedia-0660046031-768x511.webp 768w, https:\/\/d2p6e6u75xmxt8.cloudfront.net\/13\/2025\/02\/profimedia-0660046031-400x266.webp 400w, https:\/\/d2p6e6u75xmxt8.cloudfront.net\/13\/2025\/02\/profimedia-0660046031-272x182.webp 272w\" sizes=\"auto, (max-width: 1280px) 100vw, 1280px\" \/><\/a><figcaption id=\"caption-attachment-28221\" class=\"wp-caption-text\"><em>Egan Bernal na voz\u00ed\u010dku kr\u00e1tce po karambolu, kdy m\u00e1lem p\u0159i\u0161el o \u017eivot.\u00a0 Foto: profimedia (2x)<\/em><\/figcaption><\/figure>\n<p>Ani sezona 2023 nep\u0159inesla mnoho d\u016fvod\u016f k optimismu. \u010dtvrt\u00e1 des\u00edtka na Tour de France 2023, \u0161est\u00e1 des\u00edtka na Vuelt\u011b v t\u00e9m\u017ee roce nebyly zdaleka podle p\u0159edstav kolumbijsk\u00e9ho cyklisty.<\/p>\n<div class=\"shortcode-ys-post-pinup\"><article class=\"loop-simple post-28122 post type-post status-publish format-standard has-post-thumbnail hentry category-silnicni-cyklistika tag-cyklistika tag-lidl-trek tag-mathias-vacek tag-silnicni-cyklistika global-categories-cycling\" data-postid=\"28122\" role=\"article\" data-post-id=\"28122\" data-word-count=\"990\" data-headline-length=\"57\" data-category=\"Silni\u010dn\u00ed cyklistika\" data-global-category=\"Cycling\" data-author=\"Radek Malina\" data-published=\"2025-02-04T05:00:41+02:00\" data-published-day=\"Tuesday\">\n    <div class=\"entry-thumbnail article-thumbnail\" content=\"https:\/\/d2p6e6u75xmxt8.cloudfront.net\/13\/2025\/01\/profimedia-0884231140-150x150.webp\"><a href=\"https:\/\/www.welovecycling.com\/cs\/2025\/02\/04\/mathias-vacek-moje-telo-se-zmenilo-mam-lepsi-motor\/\" class=\"image-holder\" target=\"_self\"><img decoding=\"async\" loading=\"lazy\" class=\"\" src=\"https:\/\/d2p6e6u75xmxt8.cloudfront.net\/13\/2025\/01\/profimedia-0884231140-1024x681.webp\" srcset=\"https:\/\/d2p6e6u75xmxt8.cloudfront.net\/13\/2025\/01\/profimedia-0884231140.webp 1800w, https:\/\/d2p6e6u75xmxt8.cloudfront.net\/13\/2025\/01\/profimedia-0884231140-300x200.webp 300w, https:\/\/d2p6e6u75xmxt8.cloudfront.net\/13\/2025\/01\/profimedia-0884231140-1024x681.webp 1024w, https:\/\/d2p6e6u75xmxt8.cloudfront.net\/13\/2025\/01\/profimedia-0884231140-768x511.webp 768w, https:\/\/d2p6e6u75xmxt8.cloudfront.net\/13\/2025\/01\/profimedia-0884231140-1536x1021.webp 1536w, https:\/\/d2p6e6u75xmxt8.cloudfront.net\/13\/2025\/01\/profimedia-0884231140-400x266.webp 400w, https:\/\/d2p6e6u75xmxt8.cloudfront.net\/13\/2025\/01\/profimedia-0884231140-272x182.webp 272w\" width=\"1024\" height=\"681\" sizes=\"auto, (min-width: 1200px) 300px, (min-width: 768px) 25vw, 100vw\" alt=\"mathias-vacek-moje-telo-se-zmenilo-mam-lepsi-motor\"\/><\/a><\/div>    <div class=\"entry-meta\">\n        <a class=\"label label-secondary post-category\" href=\"https:\/\/www.welovecycling.com\/cs\/category\/silnicni-cyklistika\/\" title=\"Silni\u010dn\u00ed cyklistika\">Silni\u010dn\u00ed cyklistika<\/a>\n    <\/div>\n    <div class=\"entry-details\">\n        <a href=\"https:\/\/www.welovecycling.com\/cs\/2025\/02\/04\/mathias-vacek-moje-telo-se-zmenilo-mam-lepsi-motor\/\" class='entry-title-wrapper'>\n            <h3 class=\"entry-title\"><span>Mathias Vacek: Moje t\u011blo se zm\u011bnilo. M\u00e1m lep\u0161\u00ed motor<\/span><\/h3>\n        <\/a>\n    <\/div>\n    <\/article>\n<\/div>\n<p>&#8222;N\u011bkolikr\u00e1t jsem p\u0159em\u00fd\u0161lel o odchodu ze sc\u00e9ny. Myslel jsem, \u017ee to v\u0161echno ukon\u010d\u00edm a p\u0159estanu jezdit,&#8220; p\u0159ipustil Egan Bernal.<\/p>\n<h2><strong>Dostal jsem druhou \u0161anci, d\u011bkoval Egan Bernal<\/strong><\/h2>\n<p>V minul\u00e9m roce byl t\u0159et\u00ed Kolem Katal\u00e1nska a rovn\u011b\u017e na etap\u00e1ku Gran Cami\u00f1o, p\u00e1t\u00fd Kolem Kolumbie, av\u0161ak a\u017e dev\u011btadvac\u00e1t\u00fd na Tour de France. Nicm\u00e9n\u011b \u0161lo o z\u00e1blesky b\u00fdval\u00e9 cyklistick\u00e9 v\u00fdjime\u010dnosti, kterou kolumbijsk\u00fd z\u00e1vodn\u00edk okouzloval fanou\u0161ky.<\/p>\n<figure id=\"attachment_28216\" aria-describedby=\"caption-attachment-28216\" style=\"width: 1280px\" class=\"wp-caption alignnone\"><a href=\"https:\/\/d2p6e6u75xmxt8.cloudfront.net\/13\/2025\/02\/bernal.webp\"><img loading=\"lazy\" decoding=\"async\" class=\"size-full wp-image-28216\" src=\"https:\/\/d2p6e6u75xmxt8.cloudfront.net\/13\/2025\/02\/bernal.webp\" alt=\"\" width=\"1280\" height=\"560\" srcset=\"https:\/\/d2p6e6u75xmxt8.cloudfront.net\/13\/2025\/02\/bernal.webp 1280w, https:\/\/d2p6e6u75xmxt8.cloudfront.net\/13\/2025\/02\/bernal-300x131.webp 300w, https:\/\/d2p6e6u75xmxt8.cloudfront.net\/13\/2025\/02\/bernal-1024x448.webp 1024w, https:\/\/d2p6e6u75xmxt8.cloudfront.net\/13\/2025\/02\/bernal-768x336.webp 768w, https:\/\/d2p6e6u75xmxt8.cloudfront.net\/13\/2025\/02\/bernal-400x175.webp 400w\" sizes=\"auto, (max-width: 1280px) 100vw, 1280px\" \/><\/a><figcaption id=\"caption-attachment-28216\" class=\"wp-caption-text\"><em>Egan Bernal slav\u00ed v\u00edt\u011bzstv\u00ed z hromadn\u00e9ho z\u00e1vodu na kolumbijsk\u00e9m \u0161ampion\u00e1tu. Foto: ineosgrenadiers.com<\/em><\/figcaption><\/figure>\n<p>&#8222;Dostal jsem druhou \u0161anci. Spousta lid\u00ed byla a je sou\u010d\u00e1st\u00ed procesu m\u00e9ho comebacku. V\u0161em pat\u0159\u00ed velk\u00e9 pod\u011bkov\u00e1n\u00ed,&#8220; zalykal se \u0161t\u011bst\u00edm, kdy\u017e nejprve t\u011bsn\u011b vyhr\u00e1l \u010dasovku, a pak ohromuj\u00edc\u00edm zp\u016fsobem &#8211; o v\u00edce ne\u017e dv\u011b minuty &#8211; z\u00e1vod o \u0161ampiona Kolumbie na 237 kilometr\u016f.<\/p>\n<div class=\"shortcode-ys-post-pinup\"><article class=\"loop-simple post-24809 post type-post status-publish format-standard has-post-thumbnail hentry category-zdravi-a-trenink tag-chris-froome tag-cyklistika tag-egan-bernal tag-geraint-thomas tag-horska-cyklistika tag-ineos-grenadiers tag-obracena-periodizace-treninku tag-periodizace-treninku tag-reverzni-periodizace-treninku tag-silnicni-cyklistika tag-tim-kerrison tag-trenink tag-vojtech-hacecky tag-zdravi-a-trenink global-categories-cycling\" data-postid=\"24809\" role=\"article\" data-post-id=\"24809\" data-word-count=\"541\" data-headline-length=\"84\" data-category=\"Zdrav\u00ed a tr\u00e9nink\" data-global-category=\"Cycling\" data-author=\"Radek Malina\" data-published=\"2024-02-09T05:30:20+02:00\" data-published-day=\"Friday\">\n    <div class=\"entry-thumbnail article-thumbnail\" content=\"https:\/\/d2p6e6u75xmxt8.cloudfront.net\/13\/2024\/02\/profimedia-0786244790-150x150.webp\"><a href=\"https:\/\/www.welovecycling.com\/cs\/2024\/02\/09\/chces-trenovat-jako-froome-nebo-bernal-pak-je-tu-obracena-periodizace-treninku\/\" class=\"image-holder\" target=\"_self\"><img decoding=\"async\" loading=\"lazy\" class=\"\" src=\"https:\/\/d2p6e6u75xmxt8.cloudfront.net\/13\/2024\/02\/profimedia-0786244790-1024x683.webp\" srcset=\"https:\/\/d2p6e6u75xmxt8.cloudfront.net\/13\/2024\/02\/profimedia-0786244790.webp 1800w, https:\/\/d2p6e6u75xmxt8.cloudfront.net\/13\/2024\/02\/profimedia-0786244790-300x200.webp 300w, https:\/\/d2p6e6u75xmxt8.cloudfront.net\/13\/2024\/02\/profimedia-0786244790-1024x683.webp 1024w, https:\/\/d2p6e6u75xmxt8.cloudfront.net\/13\/2024\/02\/profimedia-0786244790-768x512.webp 768w, https:\/\/d2p6e6u75xmxt8.cloudfront.net\/13\/2024\/02\/profimedia-0786244790-1536x1024.webp 1536w, https:\/\/d2p6e6u75xmxt8.cloudfront.net\/13\/2024\/02\/profimedia-0786244790-400x267.webp 400w, https:\/\/d2p6e6u75xmxt8.cloudfront.net\/13\/2024\/02\/profimedia-0786244790-272x182.webp 272w\" width=\"1024\" height=\"683\" sizes=\"auto, (min-width: 1200px) 300px, (min-width: 768px) 25vw, 100vw\" alt=\"chces-trenovat-jako-froome-nebo-bernal-pak-je-tu-obracena-periodizace-treninku\"\/><\/a><\/div>    <div class=\"entry-meta\">\n        <a class=\"label label-secondary post-category\" href=\"https:\/\/www.welovecycling.com\/cs\/category\/zdravi-a-trenink\/\" title=\"Zdrav\u00ed a tr\u00e9nink\">Zdrav\u00ed a tr\u00e9nink<\/a>\n    <\/div>\n    <div class=\"entry-details\">\n        <a href=\"https:\/\/www.welovecycling.com\/cs\/2024\/02\/09\/chces-trenovat-jako-froome-nebo-bernal-pak-je-tu-obracena-periodizace-treninku\/\" class='entry-title-wrapper'>\n            <h3 class=\"entry-title\"><span>Chce\u0161 tr\u00e9novat jako Froome nebo Bernal? Pak je tu obr\u00e1cen\u00e1 periodizace tr\u00e9ninku<\/span><\/h3>\n        <\/a>\n    <\/div>\n    <\/article>\n<\/div>\n<p>Zdlouhav\u00e1 cesta na v\u00fdslun\u00ed se zd\u00e1 b\u00fdt u konce. Zd\u00e1 se, \u017ee <a href=\"https:\/\/www.welovecycling.com\/cs\/2022\/08\/18\/hrozilo-ze-uz-nikdy-nebude-chodit-po-sedmi-mesicich-egan-bernal-znovu-zavodi\/\">Egan Bernal<\/a> v osmadvaceti letech m\u016f\u017ee naru\u0161it dominanci kvarteta Poga\u010dar, Vingegaard, Rogli\u010d, Evenepoel. Jde jist\u011b o skv\u011blou zpr\u00e1vu pro fanou\u0161ky. A je\u0161t\u011b lep\u0161\u00ed pro Ineos Grenadiers, kter\u00fd za sebou m\u00e1 nejhor\u0161\u00ed sezonu v historii. Kdysi mocn\u00fd, doslova nejmocn\u011bj\u0161\u00ed t\u00fdm pelotonu, slavil minul\u00fd rok pouze \u010dtrn\u00e1ct v\u00edt\u011bzstv\u00ed. Tak\u017ee dva triumfy, kter\u00e9 slavil Egan Bernal, p\u0159edstavuj\u00ed v\u00edtanou vzpruhu.<\/p>\n","protected":false},"excerpt":{"rendered":"<p>Zlomenina obratl\u016f. Zlomenina prav\u00e9 stehenn\u00ed kosti. Zlomenina \u010d\u00e9\u0161ky. Zl\u00e1man\u00e1 \u017eebra. V sou\u010dtu dvacet zlomenin. K tomu poran\u011bn\u00ed hrudn\u00edku. A prop\u00edchnut\u00e1 [&hellip;]<\/p>\n","protected":false},"author":138,"featured_media":28220,"comment_status":"open","ping_status":"open","sticky":false,"template":"","format":"standard","meta":{"footnotes":""},"categories":[10],"tags":[103],"global-categories":[411],"class_list":["post-28215","post","type-post","status-publish","format-standard","has-post-thumbnail","hentry","category-silnicni-cyklistika","tag-egan-bernal","global-categories-cycling"],"yoast_head":"<!-- This site is optimized with the Yoast SEO Premium plugin v25.3 (Yoast SEO v25.9) - https:\/\/yoast.com\/wordpress\/plugins\/seo\/ -->\n<title>Na 95 procent zem\u0159e\u0161! O t\u0159i roky pozd\u011bji Egan Bernal v\u00edt\u011bz\u00ed | \u0160koda We Love Cycling - \u010cesk\u00e1 republika<\/title>\n<meta name=\"description\" content=\"Zlomenina obratl\u016f. Zlomenina prav\u00e9 stehenn\u00ed kosti. Zlomenina \u010d\u00e9\u0161ky. Zl\u00e1man\u00e1 \u017eebra. V sou\u010dtu dvacet zlomenin. K tomu poran\u011bn\u00ed hrudn\u00edku. A prop\u00edchnut\u00e1 pl\u00edce. Egan Bernal, kolumbijck\u00fd cyklista t\u00fdmu Ineos Grenadiers, hled\u011bl v lednu 2022 smrti do tv\u00e1\u0159e. Dlouho bojoval o n\u00e1vrat. A o v\u00edt\u011bzstv\u00ed. Celkem 1347 dn\u016f \u010dekal na ten opojn\u00fd pocit. Triumf z \u010dasovky na kolumbijsk\u00e9m \u0161ampion\u00e1tu, a pak i v hromadn\u00e9m z\u00e1vod\u011b p\u0159edstavuje start nov\u00e9 \u00e9ry.\" \/>\n<meta name=\"robots\" content=\"index, follow, max-snippet:-1, max-image-preview:large, max-video-preview:-1\" \/>\n<link rel=\"canonical\" href=\"https:\/\/www.welovecycling.com\/cs\/2025\/02\/10\/na-95-procent-zemres-o-1347-dnu-pozdeji-egan-bernal-vitezi\/\" \/>\n<meta property=\"og:locale\" content=\"cs_CZ\" \/>\n<meta property=\"og:type\" content=\"article\" \/>\n<meta property=\"og:title\" content=\"Na 95 procent zem\u0159e\u0161! O t\u0159i roky pozd\u011bji Egan Bernal v\u00edt\u011bz\u00ed\" \/>\n<meta property=\"og:description\" content=\"Zlomenina obratl\u016f. Zlomenina prav\u00e9 stehenn\u00ed kosti. Zlomenina \u010d\u00e9\u0161ky. Zl\u00e1man\u00e1 \u017eebra. V sou\u010dtu dvacet zlomenin. K tomu poran\u011bn\u00ed hrudn\u00edku. A prop\u00edchnut\u00e1 pl\u00edce. Egan Bernal, kolumbijck\u00fd cyklista t\u00fdmu Ineos Grenadiers, hled\u011bl v lednu 2022 smrti do tv\u00e1\u0159e. Dlouho bojoval o n\u00e1vrat. A o v\u00edt\u011bzstv\u00ed. Celkem 1347 dn\u016f \u010dekal na ten opojn\u00fd pocit. Triumf z \u010dasovky na kolumbijsk\u00e9m \u0161ampion\u00e1tu, a pak i v hromadn\u00e9m z\u00e1vod\u011b p\u0159edstavuje start nov\u00e9 \u00e9ry.\" \/>\n<meta property=\"og:url\" content=\"https:\/\/www.welovecycling.com\/cs\/2025\/02\/10\/na-95-procent-zemres-o-1347-dnu-pozdeji-egan-bernal-vitezi\/\" \/>\n<meta property=\"og:site_name\" content=\"\u0160koda We Love Cycling - \u010cesk\u00e1 republika\" \/>\n<meta property=\"article:published_time\" content=\"2025-02-10T12:30:34+00:00\" \/>\n<meta property=\"article:modified_time\" content=\"2025-02-10T12:47:20+00:00\" \/>\n<meta property=\"og:image\" content=\"https:\/\/d2p6e6u75xmxt8.cloudfront.net\/13\/2025\/02\/profimedia-0888754614.webp\" \/>\n\t<meta property=\"og:image:width\" content=\"1800\" \/>\n\t<meta property=\"og:image:height\" content=\"1200\" \/>\n\t<meta property=\"og:image:type\" content=\"image\/webp\" \/>\n<meta name=\"author\" content=\"radekmalina\" \/>\n<meta name=\"twitter:card\" content=\"summary_large_image\" \/>\n<meta name=\"twitter:label1\" content=\"Written by\" \/>\n\t<meta name=\"twitter:data1\" content=\"Radek Malina\" \/>\n\t<meta name=\"twitter:label2\" content=\"Est. reading time\" \/>\n\t<meta name=\"twitter:data2\" content=\"7\" \/>\n<script type=\"application\/ld+json\" class=\"yoast-schema-graph\">{\"@context\":\"https:\/\/schema.org\",\"@graph\":[{\"@type\":\"WebPage\",\"@id\":\"https:\/\/www.welovecycling.com\/cs\/2025\/02\/10\/na-95-procent-zemres-o-1347-dnu-pozdeji-egan-bernal-vitezi\/\",\"url\":\"https:\/\/www.welovecycling.com\/cs\/2025\/02\/10\/na-95-procent-zemres-o-1347-dnu-pozdeji-egan-bernal-vitezi\/\",\"name\":\"Na 95 procent zem\u0159e\u0161! O t\u0159i roky pozd\u011bji Egan Bernal v\u00edt\u011bz\u00ed | \u0160koda We Love Cycling - \u010cesk\u00e1 republika\",\"isPartOf\":{\"@id\":\"https:\/\/www.welovecycling.com\/cs\/#website\"},\"primaryImageOfPage\":{\"@id\":\"https:\/\/www.welovecycling.com\/cs\/2025\/02\/10\/na-95-procent-zemres-o-1347-dnu-pozdeji-egan-bernal-vitezi\/#primaryimage\"},\"image\":{\"@id\":\"https:\/\/www.welovecycling.com\/cs\/2025\/02\/10\/na-95-procent-zemres-o-1347-dnu-pozdeji-egan-bernal-vitezi\/#primaryimage\"},\"thumbnailUrl\":\"https:\/\/d2p6e6u75xmxt8.cloudfront.net\/13\/2025\/02\/profimedia-0888754614.webp\",\"datePublished\":\"2025-02-10T12:30:34+00:00\",\"dateModified\":\"2025-02-10T12:47:20+00:00\",\"author\":{\"@id\":\"https:\/\/www.welovecycling.com\/cs\/#\/schema\/person\/d9eeb0a378f3a7e4a6d12d2b536b04b8\"},\"description\":\"Zlomenina obratl\u016f. Zlomenina prav\u00e9 stehenn\u00ed kosti. Zlomenina \u010d\u00e9\u0161ky. Zl\u00e1man\u00e1 \u017eebra. V sou\u010dtu dvacet zlomenin. K tomu poran\u011bn\u00ed hrudn\u00edku. A prop\u00edchnut\u00e1 pl\u00edce. Egan Bernal, kolumbijck\u00fd cyklista t\u00fdmu Ineos Grenadiers, hled\u011bl v lednu 2022 smrti do tv\u00e1\u0159e. Dlouho bojoval o n\u00e1vrat. A o v\u00edt\u011bzstv\u00ed. Celkem 1347 dn\u016f \u010dekal na ten opojn\u00fd pocit. Triumf z \u010dasovky na kolumbijsk\u00e9m \u0161ampion\u00e1tu, a pak i v hromadn\u00e9m z\u00e1vod\u011b p\u0159edstavuje start nov\u00e9 \u00e9ry.\",\"inLanguage\":\"cs\",\"potentialAction\":[{\"@type\":\"ReadAction\",\"target\":[\"https:\/\/www.welovecycling.com\/cs\/2025\/02\/10\/na-95-procent-zemres-o-1347-dnu-pozdeji-egan-bernal-vitezi\/\"]}]},{\"@type\":\"ImageObject\",\"inLanguage\":\"cs\",\"@id\":\"https:\/\/www.welovecycling.com\/cs\/2025\/02\/10\/na-95-procent-zemres-o-1347-dnu-pozdeji-egan-bernal-vitezi\/#primaryimage\",\"url\":\"https:\/\/d2p6e6u75xmxt8.cloudfront.net\/13\/2025\/02\/profimedia-0888754614.webp\",\"contentUrl\":\"https:\/\/d2p6e6u75xmxt8.cloudfront.net\/13\/2025\/02\/profimedia-0888754614.webp\",\"width\":1800,\"height\":1200,\"caption\":\"Egan Bernal slav\u00ed velk\u00fd comeback.\"},{\"@type\":\"WebSite\",\"@id\":\"https:\/\/www.welovecycling.com\/cs\/#website\",\"url\":\"https:\/\/www.welovecycling.com\/cs\/\",\"name\":\"\u0160koda We Love Cycling - \u010cesk\u00e1 republika\",\"description\":\"WeLoveCycling.cz je online magaz\u00edn, kter\u00fd v\u00e1m pravideln\u011b p\u0159in\u00e1\u0161\u00ed rady a tipy, zaj\u00edmav\u00e9 \u010dl\u00e1nky, videa a jedine\u010dn\u00e9 report\u00e1\u017ee ze sv\u011bta cyklistiky.\",\"potentialAction\":[{\"@type\":\"SearchAction\",\"target\":{\"@type\":\"EntryPoint\",\"urlTemplate\":\"https:\/\/www.welovecycling.com\/cs\/?s={search_term_string}\"},\"query-input\":{\"@type\":\"PropertyValueSpecification\",\"valueRequired\":true,\"valueName\":\"search_term_string\"}}],\"inLanguage\":\"cs\"},{\"@type\":\"Person\",\"@id\":\"https:\/\/www.welovecycling.com\/cs\/#\/schema\/person\/d9eeb0a378f3a7e4a6d12d2b536b04b8\",\"name\":\"radekmalina\",\"image\":{\"@type\":\"ImageObject\",\"inLanguage\":\"cs\",\"@id\":\"https:\/\/www.welovecycling.com\/cs\/#\/schema\/person\/image\/\",\"url\":\"https:\/\/secure.gravatar.com\/avatar\/66994b632cb8c39a46b9f54afa3ae07201b678d32a54275b6f1c9ffec356bfc0?s=96&d=mm&r=g\",\"contentUrl\":\"https:\/\/secure.gravatar.com\/avatar\/66994b632cb8c39a46b9f54afa3ae07201b678d32a54275b6f1c9ffec356bfc0?s=96&d=mm&r=g\",\"caption\":\"radekmalina\"},\"url\":\"https:\/\/www.welovecycling.com\/cs\/author\/radekmalina\/\"}]}<\/script>\n<!-- \/ Yoast SEO Premium plugin. -->","yoast_head_json":{"title":"Na 95 procent zem\u0159e\u0161! O t\u0159i roky pozd\u011bji Egan Bernal v\u00edt\u011bz\u00ed | \u0160koda We Love Cycling - \u010cesk\u00e1 republika","description":"Zlomenina obratl\u016f. Zlomenina prav\u00e9 stehenn\u00ed kosti. Zlomenina \u010d\u00e9\u0161ky. Zl\u00e1man\u00e1 \u017eebra. V sou\u010dtu dvacet zlomenin. K tomu poran\u011bn\u00ed hrudn\u00edku. A prop\u00edchnut\u00e1 pl\u00edce. Egan Bernal, kolumbijck\u00fd cyklista t\u00fdmu Ineos Grenadiers, hled\u011bl v lednu 2022 smrti do tv\u00e1\u0159e. Dlouho bojoval o n\u00e1vrat. A o v\u00edt\u011bzstv\u00ed. Celkem 1347 dn\u016f \u010dekal na ten opojn\u00fd pocit. Triumf z \u010dasovky na kolumbijsk\u00e9m \u0161ampion\u00e1tu, a pak i v hromadn\u00e9m z\u00e1vod\u011b p\u0159edstavuje start nov\u00e9 \u00e9ry.","robots":{"index":"index","follow":"follow","max-snippet":"max-snippet:-1","max-image-preview":"max-image-preview:large","max-video-preview":"max-video-preview:-1"},"canonical":"https:\/\/www.welovecycling.com\/cs\/2025\/02\/10\/na-95-procent-zemres-o-1347-dnu-pozdeji-egan-bernal-vitezi\/","og_locale":"cs_CZ","og_type":"article","og_title":"Na 95 procent zem\u0159e\u0161! O t\u0159i roky pozd\u011bji Egan Bernal v\u00edt\u011bz\u00ed","og_description":"Zlomenina obratl\u016f. Zlomenina prav\u00e9 stehenn\u00ed kosti. Zlomenina \u010d\u00e9\u0161ky. Zl\u00e1man\u00e1 \u017eebra. V sou\u010dtu dvacet zlomenin. K tomu poran\u011bn\u00ed hrudn\u00edku. A prop\u00edchnut\u00e1 pl\u00edce. Egan Bernal, kolumbijck\u00fd cyklista t\u00fdmu Ineos Grenadiers, hled\u011bl v lednu 2022 smrti do tv\u00e1\u0159e. Dlouho bojoval o n\u00e1vrat. A o v\u00edt\u011bzstv\u00ed. Celkem 1347 dn\u016f \u010dekal na ten opojn\u00fd pocit. Triumf z \u010dasovky na kolumbijsk\u00e9m \u0161ampion\u00e1tu, a pak i v hromadn\u00e9m z\u00e1vod\u011b p\u0159edstavuje start nov\u00e9 \u00e9ry.","og_url":"https:\/\/www.welovecycling.com\/cs\/2025\/02\/10\/na-95-procent-zemres-o-1347-dnu-pozdeji-egan-bernal-vitezi\/","og_site_name":"\u0160koda We Love Cycling - \u010cesk\u00e1 republika","article_published_time":"2025-02-10T12:30:34+00:00","article_modified_time":"2025-02-10T12:47:20+00:00","og_image":[{"width":1800,"height":1200,"url":"https:\/\/d2p6e6u75xmxt8.cloudfront.net\/13\/2025\/02\/profimedia-0888754614.webp","type":"image\/webp"}],"author":"radekmalina","twitter_card":"summary_large_image","twitter_misc":{"Written by":"Radek Malina","Est. reading time":"7"},"schema":{"@context":"https:\/\/schema.org","@graph":[{"@type":"WebPage","@id":"https:\/\/www.welovecycling.com\/cs\/2025\/02\/10\/na-95-procent-zemres-o-1347-dnu-pozdeji-egan-bernal-vitezi\/","url":"https:\/\/www.welovecycling.com\/cs\/2025\/02\/10\/na-95-procent-zemres-o-1347-dnu-pozdeji-egan-bernal-vitezi\/","name":"Na 95 procent zem\u0159e\u0161! O t\u0159i roky pozd\u011bji Egan Bernal v\u00edt\u011bz\u00ed | \u0160koda We Love Cycling - \u010cesk\u00e1 republika","isPartOf":{"@id":"https:\/\/www.welovecycling.com\/cs\/#website"},"primaryImageOfPage":{"@id":"https:\/\/www.welovecycling.com\/cs\/2025\/02\/10\/na-95-procent-zemres-o-1347-dnu-pozdeji-egan-bernal-vitezi\/#primaryimage"},"image":{"@id":"https:\/\/www.welovecycling.com\/cs\/2025\/02\/10\/na-95-procent-zemres-o-1347-dnu-pozdeji-egan-bernal-vitezi\/#primaryimage"},"thumbnailUrl":"https:\/\/d2p6e6u75xmxt8.cloudfront.net\/13\/2025\/02\/profimedia-0888754614.webp","datePublished":"2025-02-10T12:30:34+00:00","dateModified":"2025-02-10T12:47:20+00:00","author":{"@id":"https:\/\/www.welovecycling.com\/cs\/#\/schema\/person\/d9eeb0a378f3a7e4a6d12d2b536b04b8"},"description":"Zlomenina obratl\u016f. Zlomenina prav\u00e9 stehenn\u00ed kosti. Zlomenina \u010d\u00e9\u0161ky. Zl\u00e1man\u00e1 \u017eebra. V sou\u010dtu dvacet zlomenin. K tomu poran\u011bn\u00ed hrudn\u00edku. A prop\u00edchnut\u00e1 pl\u00edce. Egan Bernal, kolumbijck\u00fd cyklista t\u00fdmu Ineos Grenadiers, hled\u011bl v lednu 2022 smrti do tv\u00e1\u0159e. Dlouho bojoval o n\u00e1vrat. A o v\u00edt\u011bzstv\u00ed. Celkem 1347 dn\u016f \u010dekal na ten opojn\u00fd pocit. Triumf z \u010dasovky na kolumbijsk\u00e9m \u0161ampion\u00e1tu, a pak i v hromadn\u00e9m z\u00e1vod\u011b p\u0159edstavuje start nov\u00e9 \u00e9ry.","inLanguage":"cs","potentialAction":[{"@type":"ReadAction","target":["https:\/\/www.welovecycling.com\/cs\/2025\/02\/10\/na-95-procent-zemres-o-1347-dnu-pozdeji-egan-bernal-vitezi\/"]}]},{"@type":"ImageObject","inLanguage":"cs","@id":"https:\/\/www.welovecycling.com\/cs\/2025\/02\/10\/na-95-procent-zemres-o-1347-dnu-pozdeji-egan-bernal-vitezi\/#primaryimage","url":"https:\/\/d2p6e6u75xmxt8.cloudfront.net\/13\/2025\/02\/profimedia-0888754614.webp","contentUrl":"https:\/\/d2p6e6u75xmxt8.cloudfront.net\/13\/2025\/02\/profimedia-0888754614.webp","width":1800,"height":1200,"caption":"Egan Bernal slav\u00ed velk\u00fd comeback."},{"@type":"WebSite","@id":"https:\/\/www.welovecycling.com\/cs\/#website","url":"https:\/\/www.welovecycling.com\/cs\/","name":"\u0160koda We Love Cycling - \u010cesk\u00e1 republika","description":"WeLoveCycling.cz je online magaz\u00edn, kter\u00fd v\u00e1m pravideln\u011b p\u0159in\u00e1\u0161\u00ed rady a tipy, zaj\u00edmav\u00e9 \u010dl\u00e1nky, videa a jedine\u010dn\u00e9 report\u00e1\u017ee ze sv\u011bta cyklistiky.","potentialAction":[{"@type":"SearchAction","target":{"@type":"EntryPoint","urlTemplate":"https:\/\/www.welovecycling.com\/cs\/?s={search_term_string}"},"query-input":{"@type":"PropertyValueSpecification","valueRequired":true,"valueName":"search_term_string"}}],"inLanguage":"cs"},{"@type":"Person","@id":"https:\/\/www.welovecycling.com\/cs\/#\/schema\/person\/d9eeb0a378f3a7e4a6d12d2b536b04b8","name":"radekmalina","image":{"@type":"ImageObject","inLanguage":"cs","@id":"https:\/\/www.welovecycling.com\/cs\/#\/schema\/person\/image\/","url":"https:\/\/secure.gravatar.com\/avatar\/66994b632cb8c39a46b9f54afa3ae07201b678d32a54275b6f1c9ffec356bfc0?s=96&d=mm&r=g","contentUrl":"https:\/\/secure.gravatar.com\/avatar\/66994b632cb8c39a46b9f54afa3ae07201b678d32a54275b6f1c9ffec356bfc0?s=96&d=mm&r=g","caption":"radekmalina"},"url":"https:\/\/www.welovecycling.com\/cs\/author\/radekmalina\/"}]}},"_links":{"self":[{"href":"https:\/\/www.welovecycling.com\/cs\/wp-json\/wp\/v2\/posts\/28215","targetHints":{"allow":["GET"]}}],"collection":[{"href":"https:\/\/www.welovecycling.com\/cs\/wp-json\/wp\/v2\/posts"}],"about":[{"href":"https:\/\/www.welovecycling.com\/cs\/wp-json\/wp\/v2\/types\/post"}],"author":[{"embeddable":true,"href":"https:\/\/www.welovecycling.com\/cs\/wp-json\/wp\/v2\/users\/138"}],"replies":[{"embeddable":true,"href":"https:\/\/www.welovecycling.com\/cs\/wp-json\/wp\/v2\/comments?post=28215"}],"version-history":[{"count":6,"href":"https:\/\/www.welovecycling.com\/cs\/wp-json\/wp\/v2\/posts\/28215\/revisions"}],"predecessor-version":[{"id":28224,"href":"https:\/\/www.welovecycling.com\/cs\/wp-json\/wp\/v2\/posts\/28215\/revisions\/28224"}],"wp:featuredmedia":[{"embeddable":true,"href":"https:\/\/www.welovecycling.com\/cs\/wp-json\/wp\/v2\/media\/28220"}],"wp:attachment":[{"href":"https:\/\/www.welovecycling.com\/cs\/wp-json\/wp\/v2\/media?parent=28215"}],"wp:term":[{"taxonomy":"category","embeddable":true,"href":"https:\/\/www.welovecycling.com\/cs\/wp-json\/wp\/v2\/categories?post=28215"},{"taxonomy":"post_tag","embeddable":true,"href":"https:\/\/www.welovecycling.com\/cs\/wp-json\/wp\/v2\/tags?post=28215"},{"taxonomy":"global-categories","embeddable":true,"href":"https:\/\/www.welovecycling.com\/cs\/wp-json\/wp\/v2\/global-categories?post=28215"}],"curies":[{"name":"wp","href":"https:\/\/api.w.org\/{rel}","templated":true}]}}