{"id":28213,"date":"2025-02-10T10:01:52","date_gmt":"2025-02-10T08:01:52","guid":{"rendered":"https:\/\/www.welovecycling.com\/cs\/?p=28213"},"modified":"2025-02-10T10:01:52","modified_gmt":"2025-02-10T08:01:52","slug":"jak-pujcit-kolo-na-soustredeni-tipy-experta","status":"publish","type":"post","link":"https:\/\/www.welovecycling.com\/cs\/2025\/02\/10\/jak-pujcit-kolo-na-soustredeni-tipy-experta\/","title":{"rendered":"Jak p\u016fj\u010dit kolo na soust\u0159ed\u011bn\u00ed? Tipy experta"},"content":{"rendered":"<p><strong>Vlastn\u00ed kolo nebo stroj z p\u016fj\u010dovny? Dilema, kter\u00e9 \u0159e\u0161\u00ed mnoho cyklist\u016f, kdy\u017e m\u00ed\u0159\u00ed na jarn\u00ed soust\u0159ed\u011bn\u00ed. Kapacity na p\u0159epravu bicykl\u016f jsou v p\u0159\u00edpad\u011b leteck\u00fdch spole\u010dnost\u00ed omezen\u00e9, nemluv\u011b o finan\u010dn\u00ed n\u00e1ro\u010dnosti cel\u00e9ho \u00fakonu. A ceny za pron\u00e1jem v m\u00edst\u011b tr\u00e9ninkov\u00e9ho kempu b\u00fdvaj\u00ed velmi p\u0159\u00edzniv\u00e9. Jak p\u016fj\u010dit kolo a nezkazit si dovolenou? &#8222;Existuj\u00ed jist\u00e1 pravidla, kter\u00fdch by se m\u011bl \u010dlov\u011bk dr\u017eet, aby si v\u0161e n\u00e1le\u017eit\u011b u\u017eil,&#8220; \u0159\u00edk\u00e1 Zden\u011bk \u0160tybar, b\u00fdval\u00fd profesion\u00e1l.<\/strong><\/p>\n<p>&#8222;Osobn\u011b jednozna\u010dn\u011b preferuji p\u016fj\u010den\u00ed kola v c\u00edlov\u00e9 destinaci. Kdy\u017e nyn\u00ed cestuji na Mallorku, m\u00e1m bat\u016f\u017eek a p\u0159\u00edru\u010dn\u00ed kuf\u0159\u00edk, do n\u011bho\u017e slo\u017e\u00edm tretry, p\u0159ilbu, br\u00fdle, dvoje cyklistick\u00e9 kra\u0165asy, dva dresy, bundi\u010dku a vestu. Ani ped\u00e1ly si nevoz\u00edm. Na m\u00edst\u011b jsem p\u016fj\u010dil kolo a absolvoval \u0161est tr\u00e9nink\u016f. Bez starost\u00ed a zdr\u017eov\u00e1n\u00ed s p\u0159epravou vlastn\u00edho kola,&#8220; vyzdvihuje Zden\u011bk \u0160tybar, \u017ee na cyklistick\u00e9 soust\u0159ed\u011bn\u00ed lze dnes vyrazit prakticky ze dne na den.<\/p>\n<h2><strong>Jak p\u016fj\u010dit kolo? Rozhodn\u011b v p\u0159edstihu<\/strong><\/h2>\n<p>Pro b\u00fdval\u00e9ho z\u00e1vodn\u00edka t\u00fdmu Deceuninck Quick Step nebo Jayco AlUla byla pr\u00e1v\u011b Mallorka v dob\u011b aktivn\u00ed kari\u00e9ry pravideln\u011b na mnoho t\u00fddn\u016f v roce domovem. I proto je spolumajitelem <a href=\"https:\/\/www.54eleven.com\/\">firmy 54eleven<\/a>, kter\u00e1 na ostrov\u011b provozuje t\u0159i p\u016fj\u010dovny. &#8222;V jednu chv\u00edli bylo na cel\u00e9m ostrov\u011b \u010dty\u0159i sta pades\u00e1t p\u016fj\u010doven, b\u011bhem pandemie se situace tro\u0161ku uklidnila,&#8220; vypravuje Zden\u011bk \u0160tybar a p\u0159em\u00edt\u00e1 nad doporu\u010den\u00edmi pro amat\u00e9rsk\u00e9 cyklisty <a href=\"https:\/\/www.welovecycling.com\/cs\/2023\/01\/29\/kam-na-zimni-cyklisticke-soustredeni\/\">cestuj\u00edc\u00ed na soust\u0159ed\u011bn\u00ed<\/a>. A v\u016fbec nemus\u00ed j\u00edt jen o \u0161pan\u011blsk\u00fd ostrov ve St\u0159edozemn\u00edm mo\u0159i&#8230;<\/p>\n<figure id=\"attachment_20916\" aria-describedby=\"caption-attachment-20916\" style=\"width: 1800px\" class=\"wp-caption alignnone\"><a href=\"https:\/\/d2p6e6u75xmxt8.cloudfront.net\/13\/2023\/02\/Mallorka-puig-de-major-profimedia-0218456660.webp\"><img loading=\"lazy\" decoding=\"async\" class=\"size-full wp-image-20916\" src=\"https:\/\/d2p6e6u75xmxt8.cloudfront.net\/13\/2023\/02\/Mallorka-puig-de-major-profimedia-0218456660.webp\" alt=\"Mallorka a v\u00fdstup na Puig de Major.\" width=\"1800\" height=\"1199\" srcset=\"https:\/\/d2p6e6u75xmxt8.cloudfront.net\/13\/2023\/02\/Mallorka-puig-de-major-profimedia-0218456660.webp 1800w, https:\/\/d2p6e6u75xmxt8.cloudfront.net\/13\/2023\/02\/Mallorka-puig-de-major-profimedia-0218456660-300x200.webp 300w, https:\/\/d2p6e6u75xmxt8.cloudfront.net\/13\/2023\/02\/Mallorka-puig-de-major-profimedia-0218456660-1024x682.webp 1024w, https:\/\/d2p6e6u75xmxt8.cloudfront.net\/13\/2023\/02\/Mallorka-puig-de-major-profimedia-0218456660-768x512.webp 768w, https:\/\/d2p6e6u75xmxt8.cloudfront.net\/13\/2023\/02\/Mallorka-puig-de-major-profimedia-0218456660-1536x1023.webp 1536w, https:\/\/d2p6e6u75xmxt8.cloudfront.net\/13\/2023\/02\/Mallorka-puig-de-major-profimedia-0218456660-400x266.webp 400w, https:\/\/d2p6e6u75xmxt8.cloudfront.net\/13\/2023\/02\/Mallorka-puig-de-major-profimedia-0218456660-272x182.webp 272w\" sizes=\"auto, (max-width: 1800px) 100vw, 1800px\" \/><\/a><figcaption id=\"caption-attachment-20916\" class=\"wp-caption-text\"><em>Mallorka a v\u00fdstup na Puig de Major.<\/em><\/figcaption><\/figure>\n<p>&#8222;Na Mallorce je hlavn\u00ed sezona od poloviny b\u0159ezna do p\u016flky kv\u011btna. To se kolo sh\u00e1n\u00ed \u0161patn\u011b. Na\u0161i z\u00e1kazn\u00edci m\u00ed\u0159\u00edc\u00ed na ostrov pr\u00e1v\u011b v tomto obdob\u00ed se v\u011bt\u0161inou vracej\u00ed, tak\u017ee kdy\u017e stroj po soust\u0159ed\u011bn\u00ed p\u0159ivezou do p\u016fj\u010dovny, tak u\u017e rovnou provedenou rezervaci na dal\u0161\u00ed rok,&#8220; vypravuje Zden\u011bk \u0160tybar. &#8222;Pokud chce cyklista vyrazit v tomto obdob\u00ed a nech\u00e1 rezervac\u00ed na posledn\u00ed chv\u00edli nebo dokonce p\u0159ijde bez rezervace, tak mus\u00ed d\u011blat kompromisy. M\u016f\u017ee se mu st\u00e1t, \u017ee dostane kolo, kter\u00e9 by si jindy nevybral,&#8220; kr\u010d\u00ed rameny dev\u011btat\u0159icetilet\u00fd cyklista.<\/p>\n<div class=\"shortcode-ys-post-pinup\"><article class=\"loop-simple post-20911 post type-post status-publish format-standard has-post-thumbnail hentry category-zima2022 category-tipy-na-vylet tag-atalaya-de-albercutx tag-coll-dhonor tag-coll-de-sa-batalla tag-cyklistika tag-cyklovylet tag-horska-cyklistika tag-mallorka tag-puig-de-randa tag-puig-major tag-sa-calobra tag-san-salvador tag-silnicni-cyklistika tag-trenink global-categories-cycling\" data-postid=\"20911\" role=\"article\" data-post-id=\"20911\" data-word-count=\"641\" data-headline-length=\"51\" data-category=\"Na kole v zim\u011b\" data-global-category=\"Cycling\" data-author=\"We Love Cycling\" data-published=\"2023-02-28T12:00:26+02:00\" data-published-day=\"Tuesday\">\n    <div class=\"entry-thumbnail article-thumbnail\" content=\"https:\/\/d2p6e6u75xmxt8.cloudfront.net\/13\/2023\/02\/mallorka-formentor-profimedia-0395950519-150x150.webp\"><a href=\"https:\/\/www.welovecycling.com\/cs\/2023\/02\/28\/mallorka-pestra-paleta-cest-pro-vsechny-cyklisty\/\" class=\"image-holder\" target=\"_self\"><img decoding=\"async\" loading=\"lazy\" class=\"\" src=\"https:\/\/d2p6e6u75xmxt8.cloudfront.net\/13\/2023\/02\/mallorka-formentor-profimedia-0395950519-1024x683.webp\" srcset=\"https:\/\/d2p6e6u75xmxt8.cloudfront.net\/13\/2023\/02\/mallorka-formentor-profimedia-0395950519.webp 1800w, https:\/\/d2p6e6u75xmxt8.cloudfront.net\/13\/2023\/02\/mallorka-formentor-profimedia-0395950519-300x200.webp 300w, https:\/\/d2p6e6u75xmxt8.cloudfront.net\/13\/2023\/02\/mallorka-formentor-profimedia-0395950519-1024x683.webp 1024w, https:\/\/d2p6e6u75xmxt8.cloudfront.net\/13\/2023\/02\/mallorka-formentor-profimedia-0395950519-768x512.webp 768w, https:\/\/d2p6e6u75xmxt8.cloudfront.net\/13\/2023\/02\/mallorka-formentor-profimedia-0395950519-1536x1024.webp 1536w, https:\/\/d2p6e6u75xmxt8.cloudfront.net\/13\/2023\/02\/mallorka-formentor-profimedia-0395950519-400x267.webp 400w, https:\/\/d2p6e6u75xmxt8.cloudfront.net\/13\/2023\/02\/mallorka-formentor-profimedia-0395950519-272x182.webp 272w\" width=\"1024\" height=\"683\" sizes=\"auto, (min-width: 1200px) 300px, (min-width: 768px) 25vw, 100vw\" alt=\"mallorka-pestra-paleta-cest-pro-vsechny-cyklisty\"\/><\/a><\/div>    <div class=\"entry-meta\">\n        <a class=\"label label-secondary post-category\" href=\"https:\/\/www.welovecycling.com\/cs\/category\/zima2022\/\" title=\"Na kole v zim\u011b\">Na kole v zim\u011b<\/a>\n    <\/div>\n    <div class=\"entry-details\">\n        <a href=\"https:\/\/www.welovecycling.com\/cs\/2023\/02\/28\/mallorka-pestra-paleta-cest-pro-vsechny-cyklisty\/\" class='entry-title-wrapper'>\n            <h3 class=\"entry-title\"><span>Mallorka: pestr\u00e1 paleta cest pro v\u0161echny cyklisty<\/span><\/h3>\n        <\/a>\n    <\/div>\n    <\/article>\n<\/div>\n<p>&#8222;Duben je opravdu z hlediska n\u00e1v\u0161t\u011bvnosti vrcholem. Do servisu bereme mechaniky nav\u00edc a jde o v\u00e1\u017en\u011b hodn\u011b hektick\u00e9 obdob\u00ed. Z hlediska cyklist\u016f jde o p\u0159\u00edzniv\u00fd jev, proto\u017ee je velice snadn\u00e9 nasko\u010dit do skupiny, kter\u00e1 je v\u00e1m v\u00fdkonnostn\u011b bl\u00edzk\u00e1,&#8220; p\u0159em\u00edt\u00e1 Zden\u011bk \u0160tybar.\u00a0&#8222;Osobn\u011b mi p\u0159ijde v tomto obdob\u00ed ostrov p\u0159ehu\u0161t\u011bn\u00fd. Vracel jsem se na Mallorku b\u011bhem kari\u00e9ry po Pa\u0159\u00ed\u017e-Roubaix v polovin\u011b dubna a poka\u017ed\u00e9 jsem tro\u0161ku bojoval s t\u00edm, kolik cyklist\u016f br\u00e1zdilo silnice,&#8220; vzpom\u00edn\u00e1 v\u00edt\u011bz etap na Tour de France \u010di \u0161pan\u011blsk\u00e9 Vuelt\u011b.<\/p>\n<h2><strong>Kl\u00ed\u010dov\u00e9 jsou p\u0159evody<\/strong><\/h2>\n<p>Kdy si cyklista ostrov u\u017eije nejv\u00edce? &#8222;Pro m\u011b je nejlep\u0161\u00ed obdob\u00ed z\u00e1\u0159\u00ed a \u0159\u00edjen. Panuje je\u0161t\u011b letn\u00ed po\u010das\u00ed, na ostrov\u011b vl\u00e1dne klid a v noci jsou teploty hodn\u011b p\u0159\u00edjemn\u00e9, proto\u017ee se p\u0159eci jen ochlad\u00ed. Ale ch\u00e1pu, \u017ee to je sp\u00ed\u0161e na pozn\u00e1va\u010dku ne\u017e naj\u00ed\u017ed\u011bn\u00ed kilometr\u016f p\u0159ed sezonou,&#8220; usm\u00edv\u00e1 se v\u00edt\u011bz klasik Strade Bianche, E3 a Omloop.<\/p>\n<p>&#8222;P\u0159i v\u00fdb\u011bru kola je d\u016fle\u017eit\u00e9 m\u00edt p\u0159edstavu o tr\u00e9ninkov\u00e9m pl\u00e1nu. Kolik kilometr\u016f chcete najezdit, zda budou p\u0159eva\u017eovat roviny nebo kopce. Jak\u00fd charakter budou jednotliv\u00e9 tr\u00e9ninkov\u00e9 dny m\u00edt. Mysl\u00edm, \u017ee kl\u00ed\u010dovou ot\u00e1zkou jsou v\u017edy p\u0159evody. Proto\u017ee s kazetou, kde bude nejv\u011bt\u0161\u00ed kole\u010dko o \u0161estadvaceti zubech, si pochopiteln\u011b mnoho z\u00e1bavy na dlouh\u00fdch kopc\u00edch neu\u017eijete,&#8220; zd\u016fraz\u0148uje Zden\u011bk \u0160tybar, \u017ee je t\u0159eba pamatovat na vlastn\u00ed komfort a v\u00fdkonnost v \u00favodu sezony.<\/p>\n<figure id=\"attachment_20915\" aria-describedby=\"caption-attachment-20915\" style=\"width: 1800px\" class=\"wp-caption alignnone\"><a href=\"https:\/\/d2p6e6u75xmxt8.cloudfront.net\/13\/2023\/02\/mallorka-profimedia-0501332895.webp\"><img loading=\"lazy\" decoding=\"async\" class=\"size-full wp-image-20915\" src=\"https:\/\/d2p6e6u75xmxt8.cloudfront.net\/13\/2023\/02\/mallorka-profimedia-0501332895.webp\" alt=\"\" width=\"1800\" height=\"1200\" srcset=\"https:\/\/d2p6e6u75xmxt8.cloudfront.net\/13\/2023\/02\/mallorka-profimedia-0501332895.webp 1800w, https:\/\/d2p6e6u75xmxt8.cloudfront.net\/13\/2023\/02\/mallorka-profimedia-0501332895-300x200.webp 300w, https:\/\/d2p6e6u75xmxt8.cloudfront.net\/13\/2023\/02\/mallorka-profimedia-0501332895-1024x683.webp 1024w, https:\/\/d2p6e6u75xmxt8.cloudfront.net\/13\/2023\/02\/mallorka-profimedia-0501332895-768x512.webp 768w, https:\/\/d2p6e6u75xmxt8.cloudfront.net\/13\/2023\/02\/mallorka-profimedia-0501332895-1536x1024.webp 1536w, https:\/\/d2p6e6u75xmxt8.cloudfront.net\/13\/2023\/02\/mallorka-profimedia-0501332895-400x267.webp 400w, https:\/\/d2p6e6u75xmxt8.cloudfront.net\/13\/2023\/02\/mallorka-profimedia-0501332895-272x182.webp 272w\" sizes=\"auto, (max-width: 1800px) 100vw, 1800px\" \/><\/a><figcaption id=\"caption-attachment-20915\" class=\"wp-caption-text\"><em>Jak p\u016fj\u010dit kolo na soust\u0159ed\u011bn\u00ed? Zden\u011bk \u0160tybar, b\u00fdval\u00fd profesion\u00e1l a nyn\u00ed spolumajitel p\u016fj\u010dovn\u00fd, nab\u00edz\u00ed svoje tipy&#8230;<\/em><\/figcaption><\/figure>\n<p>Jak\u00e1 jsou tedy krit\u00e9ria p\u0159i rezervaci kola? &#8222;Na prvn\u00edm m\u00edst\u011b jsou p\u0159evody. T\u00e9m\u011b\u0159 v\u0161ichni cht\u011bj\u00ed elektrick\u00e9 \u0159azen\u00ed a kotou\u010dov\u00e9 brzdy. Ale vlastn\u011b jde o samoz\u0159ejmost, kterou maj\u00ed v dne\u0161n\u00ed dob\u011b v\u0161echny p\u016fj\u010dovan\u00e9 bicykly. Zda je kolo Specialized, Colnago nebo BMC u\u017e v\u011bt\u0161ina ne\u0159e\u0161\u00ed. Devades\u00e1t procent klient\u016f nelp\u00ed na konkr\u00e9tn\u00ed zna\u010dce,&#8220; vykl\u00e1d\u00e1 Zden\u011bk \u0160tybar a dopl\u0148uje d\u016fvod, pro\u010d je v\u00fdhodn\u00e9 ud\u011blat rezervaci kola v p\u0159edstihu. &#8222;Z\u00e1kazn\u00edk \u0161et\u0159\u00ed \u010das sob\u011b i na\u0161im mechanik\u016fm. Kolo je toti\u017e v p\u0159\u00edpad\u011b rezervace p\u0159edp\u0159ipraven\u00e9. Mechanik nastav\u00ed posed, namontuje ped\u00e1ly, uprav\u00ed \u0159\u00edd\u00edtka. A p\u0159i p\u0159evzet\u00ed u\u017e se v\u0161e jenom rychle dolad\u00ed. Neza\u010d\u00edn\u00e1 se od nuly.&#8220;<\/p>\n<div class=\"shortcode-ys-post-pinup\"><article class=\"loop-simple post-28204 post type-post status-publish format-standard has-post-thumbnail hentry category-https-www-welovecycling-com-cs-category-zabava tag-cyklisticky-trenink tag-cyklistika tag-silnicni-cyklistika tag-tadej-pogacar tag-tour-de-france tag-trenink-tadeje-pogacara tag-trenink-v-zone-2 tag-trenuj-jako-pogacar tag-zdravi-a-trenink global-categories-cycling\" data-postid=\"28204\" role=\"article\" data-post-id=\"28204\" data-word-count=\"685\" data-headline-length=\"47\" data-category=\"Z\u00c1BAVA\" data-global-category=\"Cycling\" data-author=\"We Love Cycling\" data-published=\"2025-02-07T09:14:18+02:00\" data-published-day=\"Friday\">\n    <div class=\"entry-thumbnail article-thumbnail\" content=\"https:\/\/d2p6e6u75xmxt8.cloudfront.net\/13\/2024\/07\/profimedia-0890928696-150x150.webp\"><a href=\"https:\/\/www.welovecycling.com\/cs\/2025\/02\/07\/tadej-pogacar-a-jeho-kucharka-zluteho-dresu\/\" class=\"image-holder\" target=\"_self\"><img decoding=\"async\" loading=\"lazy\" class=\"\" src=\"https:\/\/d2p6e6u75xmxt8.cloudfront.net\/13\/2024\/07\/profimedia-0890928696-1024x683.webp\" srcset=\"https:\/\/d2p6e6u75xmxt8.cloudfront.net\/13\/2024\/07\/profimedia-0890928696.webp 1800w, https:\/\/d2p6e6u75xmxt8.cloudfront.net\/13\/2024\/07\/profimedia-0890928696-300x200.webp 300w, https:\/\/d2p6e6u75xmxt8.cloudfront.net\/13\/2024\/07\/profimedia-0890928696-1024x683.webp 1024w, https:\/\/d2p6e6u75xmxt8.cloudfront.net\/13\/2024\/07\/profimedia-0890928696-768x512.webp 768w, https:\/\/d2p6e6u75xmxt8.cloudfront.net\/13\/2024\/07\/profimedia-0890928696-1536x1024.webp 1536w, https:\/\/d2p6e6u75xmxt8.cloudfront.net\/13\/2024\/07\/profimedia-0890928696-400x267.webp 400w, https:\/\/d2p6e6u75xmxt8.cloudfront.net\/13\/2024\/07\/profimedia-0890928696-272x182.webp 272w\" width=\"1024\" height=\"683\" sizes=\"auto, (min-width: 1200px) 300px, (min-width: 768px) 25vw, 100vw\" alt=\"tadej-pogacar-a-jeho-kucharka-zluteho-dresu\"\/><\/a><\/div>    <div class=\"entry-meta\">\n        <a class=\"label label-secondary post-category\" href=\"https:\/\/www.welovecycling.com\/cs\/category\/https-www-welovecycling-com-cs-category-zabava\/\" title=\"Z\u00c1BAVA\">Z\u00c1BAVA<\/a>\n    <\/div>\n    <div class=\"entry-details\">\n        <a href=\"https:\/\/www.welovecycling.com\/cs\/2025\/02\/07\/tadej-pogacar-a-jeho-kucharka-zluteho-dresu\/\" class='entry-title-wrapper'>\n            <h3 class=\"entry-title\"><span>Tadej Poga\u010dar a jeho kucha\u0159ka \u017elut\u00e9ho dresu<\/span><\/h3>\n        <\/a>\n    <\/div>\n    <\/article>\n<\/div>\n<p>P\u016fj\u010dovny kola pravideln\u011b obm\u011b\u0148uj\u00ed, tud\u00ed\u017e z\u00e1kazn\u00edci nemus\u00ed m\u00edt strach, \u017ee by jezdili na stroji, kter\u00fd u\u017e m\u00e1 nejlep\u0161\u00ed roky d\u00e1vno za sebou. &#8222;U n\u00e1s m\u00e1 ka\u017ed\u00e9 kolo svoje \u010d\u00edslo a historii v po\u010d\u00edta\u010di. Tak\u017ee b\u011bhem p\u00e1r sekund zjist\u00edme, kter\u00e1 se p\u016fj\u010duj\u00ed nejv\u00edce a zda naopak n\u011bkter\u00e9 najelo za sezonu jen p\u00e1r kilometr\u016f. N\u011bkter\u00e1 kola vy\u0159azujeme t\u0159eba i po jednom roce u\u017e\u00edv\u00e1n\u00ed a prod\u00e1v\u00e1me. Jin\u00e1 z\u016fstanou t\u0159eba dv\u011b t\u0159i sezony, proto\u017ee nemaj\u00ed najeto mnoho kilometr\u016f. Tohle hodn\u011b ovliv\u0148uje velikost a model kola, proto\u017ee ur\u010dit\u00e9 r\u00e1my jsou p\u0159eci jen frekventovan\u011bj\u0161\u00ed,&#8220; popisuje Zden\u011bk \u0160tybar.<\/p>\n<h2><strong>Zkontrolujte poji\u0161t\u011bn\u00ed<\/strong><\/h2>\n<p>Kola v &#8222;jeho&#8220; p\u016fj\u010dovn\u00e1ch jsou poji\u0161t\u011bn\u00e1, nicm\u00e9n\u011b je dobr\u00e9 se p\u0159ed prvn\u00edm \u0161l\u00e1pnut\u00edm nebo u\u017e p\u0159i rezervaci na poji\u0161t\u011bn\u00ed stroje informovat. &#8222;V\u017edy je tam n\u011bjak\u00e1 spolu\u00fa\u010dast pro p\u0159\u00edpad po\u0161kozen\u00ed \u010di odcizen\u00ed podle v\u00fd\u0161e pojistky. Je dobr\u00e9 tohle v\u011bd\u011bt. A pokud n\u011bkde naraz\u00edte na men\u0161\u00ed kryt\u00ed, uzav\u0159\u00edt si p\u0159ipoji\u0161t\u011bn\u00ed,&#8220; doporu\u010duje Zden\u011bk \u0160tybar. P\u0159eci jen sou\u010dasn\u00e1 kola maj\u00ed vysokou hodnotu a karambol m\u016f\u017ee potkat ka\u017ed\u00e9ho, tud\u00ed\u017e je dobr\u00e9 eliminovat hrozbu ekonomick\u00fdch v\u00fddaj\u016f, kter\u00e9 by cyklistick\u00e9 soust\u0159ed\u011bn\u00ed prom\u011bnily v no\u010dn\u00ed m\u016fru.<\/p>\n<p>B\u00fdval\u00fd \u010desk\u00fd \u0161ampion uji\u0161\u0165uje, \u017ee t\u0159eba v p\u0159\u00edpad\u011b Mallorky se rozhodn\u011b nen\u00ed t\u0159eba strachovat ani automobilov\u00e9ho provozu a hrozby st\u0159etu s nepozorn\u00fdmi \u0159idi\u010di. &#8222;Kdy\u017e n\u011bkdo zp\u016fsob\u00ed nehodu, jde v drtiv\u00e9 v\u011bt\u0161in\u011b p\u0159\u00edpad\u016f o turisty. M\u00edstn\u00ed toti\u017e nikam nechv\u00e1taj\u00ed. A kdy\u017e jsou v \u00faseku, kde je pln\u00e1 \u010d\u00e1ra, nep\u0159edj\u00ed\u017ed\u00ed. Z vlastn\u00ed zku\u0161enosti v\u00edm, \u017ee maj\u00ed velkou trp\u011blivost a dokud nejsou v \u00faseku s jasnou mo\u017enost\u00ed cyklistu bez pot\u00ed\u017e\u00ed objet, tak prost\u011b jedou za kolem nebo bal\u00edkem jezdc\u016f,&#8220; podot\u00fdk\u00e1 Zden\u011bk \u0160tybar.<\/p>\n<figure id=\"attachment_21467\" aria-describedby=\"caption-attachment-21467\" style=\"width: 1920px\" class=\"wp-caption alignnone\"><a href=\"https:\/\/d2p6e6u75xmxt8.cloudfront.net\/13\/2023\/03\/toskansko-20220529_121253-scaled.webp\"><img loading=\"lazy\" decoding=\"async\" class=\"size-extra-large wp-image-21467\" src=\"https:\/\/d2p6e6u75xmxt8.cloudfront.net\/13\/2023\/03\/toskansko-20220529_121253-1920x1440.webp\" alt=\"Tosk\u00e1nsko\" width=\"1920\" height=\"1440\" srcset=\"https:\/\/d2p6e6u75xmxt8.cloudfront.net\/13\/2023\/03\/toskansko-20220529_121253-1920x1440.webp 1920w, https:\/\/d2p6e6u75xmxt8.cloudfront.net\/13\/2023\/03\/toskansko-20220529_121253-300x225.webp 300w, https:\/\/d2p6e6u75xmxt8.cloudfront.net\/13\/2023\/03\/toskansko-20220529_121253-1024x768.webp 1024w, https:\/\/d2p6e6u75xmxt8.cloudfront.net\/13\/2023\/03\/toskansko-20220529_121253-768x576.webp 768w, https:\/\/d2p6e6u75xmxt8.cloudfront.net\/13\/2023\/03\/toskansko-20220529_121253-1536x1152.webp 1536w, https:\/\/d2p6e6u75xmxt8.cloudfront.net\/13\/2023\/03\/toskansko-20220529_121253-2048x1536.webp 2048w, https:\/\/d2p6e6u75xmxt8.cloudfront.net\/13\/2023\/03\/toskansko-20220529_121253-400x300.webp 400w, https:\/\/d2p6e6u75xmxt8.cloudfront.net\/13\/2023\/03\/toskansko-20220529_121253-1920x1440.webp 1920w\" sizes=\"auto, (max-width: 1920px) 100vw, 1920px\" \/><\/a><figcaption id=\"caption-attachment-21467\" class=\"wp-caption-text\"><em>Je lep\u0161\u00ed cestovat na jarn\u00ed soust\u0159ed\u011bn\u00ed s vlastn\u00edm kolem nebo volit variantu pron\u00e1jmu? Jak p\u016fj\u010dit kolo poradil b\u00fdval\u00fd profesion\u00e1l&#8230;<\/em><\/figcaption><\/figure>\n<p>V p\u016fj\u010dovn\u00e1ch porad\u00ed v p\u0159\u00edpad\u011b z\u00e1jmu i s trasov\u00e1n\u00edm, ov\u0161em s rozmachem aplikac\u00ed jako je Strava, u\u017e v\u011bt\u0161ina z\u00e1kazn\u00edk\u016f konzultace nevy\u017eaduje. &#8222;Nab\u00edzeli jsme computery od Garminu s mapov\u00fdmi podklady. Ale u\u017e si ka\u017ed\u00fd voz\u00ed svoje. Nicm\u00e9n\u011b pokud je z\u00e1jem, person\u00e1l v\u017edy porad\u00ed podle sportovn\u00edch a v\u00fdkonnostn\u00edch preferenc\u00ed klienta,&#8220; \u0159\u00edk\u00e1 rod\u00e1k ze St\u0159\u00edbra.<\/p>\n<div class=\"shortcode-ys-post-pinup\"><article class=\"loop-simple post-27588 post type-post status-publish format-standard has-post-thumbnail hentry category-zdravi-a-trenink tag-calpe tag-mallorka tag-soustredeni-v-teple tag-treninkovy-kemp-mallorka global-categories-cycling\" data-postid=\"27588\" role=\"article\" data-post-id=\"27588\" data-word-count=\"586\" data-headline-length=\"57\" data-category=\"Zdrav\u00ed a tr\u00e9nink\" data-global-category=\"Cycling\" data-author=\"We Love Cycling\" data-published=\"2024-11-19T05:00:45+02:00\" data-published-day=\"Tuesday\">\n    <div class=\"entry-thumbnail article-thumbnail\" content=\"https:\/\/d2p6e6u75xmxt8.cloudfront.net\/13\/2023\/02\/costa-blanca-profimedia-0732779889-150x150.webp\"><a href=\"https:\/\/www.welovecycling.com\/cs\/2024\/11\/19\/soustredeni-v-teple-za-11-tisic-korun-nejde-o-sci-fi\/\" class=\"image-holder\" target=\"_self\"><img decoding=\"async\" loading=\"lazy\" class=\"\" src=\"https:\/\/d2p6e6u75xmxt8.cloudfront.net\/13\/2023\/02\/costa-blanca-profimedia-0732779889-1024x683.webp\" srcset=\"https:\/\/d2p6e6u75xmxt8.cloudfront.net\/13\/2023\/02\/costa-blanca-profimedia-0732779889.webp 1800w, https:\/\/d2p6e6u75xmxt8.cloudfront.net\/13\/2023\/02\/costa-blanca-profimedia-0732779889-300x200.webp 300w, https:\/\/d2p6e6u75xmxt8.cloudfront.net\/13\/2023\/02\/costa-blanca-profimedia-0732779889-1024x683.webp 1024w, https:\/\/d2p6e6u75xmxt8.cloudfront.net\/13\/2023\/02\/costa-blanca-profimedia-0732779889-768x512.webp 768w, https:\/\/d2p6e6u75xmxt8.cloudfront.net\/13\/2023\/02\/costa-blanca-profimedia-0732779889-1536x1024.webp 1536w, https:\/\/d2p6e6u75xmxt8.cloudfront.net\/13\/2023\/02\/costa-blanca-profimedia-0732779889-400x267.webp 400w, https:\/\/d2p6e6u75xmxt8.cloudfront.net\/13\/2023\/02\/costa-blanca-profimedia-0732779889-272x182.webp 272w\" width=\"1024\" height=\"683\" sizes=\"auto, (min-width: 1200px) 300px, (min-width: 768px) 25vw, 100vw\" alt=\"soustredeni-v-teple-za-11-tisic-korun-nejde-o-sci-fi\"\/><\/a><\/div>    <div class=\"entry-meta\">\n        <a class=\"label label-secondary post-category\" href=\"https:\/\/www.welovecycling.com\/cs\/category\/zdravi-a-trenink\/\" title=\"Zdrav\u00ed a tr\u00e9nink\">Zdrav\u00ed a tr\u00e9nink<\/a>\n    <\/div>\n    <div class=\"entry-details\">\n        <a href=\"https:\/\/www.welovecycling.com\/cs\/2024\/11\/19\/soustredeni-v-teple-za-11-tisic-korun-nejde-o-sci-fi\/\" class='entry-title-wrapper'>\n            <h3 class=\"entry-title\"><span>Soust\u0159ed\u011bn\u00ed v teple za 11 tis\u00edc korun? Nejde o sci-fi<\/span><\/h3>\n        <\/a>\n    <\/div>\n    <\/article>\n<\/div>\n<p>V p\u0159\u00edpad\u011b Mallorky, kterou br\u00e1zdil v r\u00e1mci tr\u00e9ninkov\u00fdch program\u016f denn\u011b, m\u00e1 jasnou p\u0159edstavu, kterou lokalitu maj\u00ed amat\u00e9r\u0161t\u00ed cyklist\u00e9 zvolit za do\u010dasn\u00fd domov. &#8222;Kdo chce roviny, a pak t\u0159eba po p\u00e1r dnech p\u0159idat kopce, doporu\u010dil bych ubytov\u00e1n\u00ed v Playa de Palma. Pokud n\u011bkdo preferuje sp\u00ed\u0161e tr\u00e9ninkov\u00fd kemp v kopc\u00edch, pak je ide\u00e1ln\u00edm v\u00fdchoz\u00edm bodem Alc\u00fadia,&#8220; prom\u00edt\u00e1 si Zden\u011bk \u0160tybar nejv\u011bt\u0161\u00ed z Bale\u00e1rsk\u00fdch ostrov\u016f, kam ro\u010dn\u011b m\u00ed\u0159\u00ed za prvn\u00edmi kilometry stovky \u010desk\u00fdch cyklist\u016f.<\/p>\n","protected":false},"excerpt":{"rendered":"<p>Vlastn\u00ed kolo nebo stroj z p\u016fj\u010dovny? Dilema, kter\u00e9 \u0159e\u0161\u00ed mnoho cyklist\u016f, kdy\u017e m\u00ed\u0159\u00ed na jarn\u00ed soust\u0159ed\u011bn\u00ed. Kapacity na p\u0159epravu bicykl\u016f [&hellip;]<\/p>\n","protected":false},"author":138,"featured_media":5046,"comment_status":"open","ping_status":"open","sticky":false,"template":"","format":"standard","meta":{"footnotes":""},"categories":[15],"tags":[4052,126,4051,2999,4050,9,73,67],"global-categories":[411],"class_list":["post-28213","post","type-post","status-publish","format-standard","has-post-thumbnail","hentry","category-rady-tipy","tag-cyklisticke-soustredeni","tag-cyklistika","tag-jak-pujcit-kolo","tag-jarni-soustredeni","tag-pujceni-kola","tag-silnicni-cyklistika","tag-zdenek-stybar","tag-zdravi-a-trenink","global-categories-cycling"],"yoast_head":"<!-- This site is optimized with the Yoast SEO Premium plugin v25.3 (Yoast SEO v25.9) - https:\/\/yoast.com\/wordpress\/plugins\/seo\/ -->\n<title>Jak p\u016fj\u010dit kolo na soust\u0159ed\u011bn\u00ed? Tipy experta | \u0160koda We Love Cycling - \u010cesk\u00e1 republika<\/title>\n<meta name=\"description\" content=\"Vlastn\u00ed kolo nebo stroj z p\u016fj\u010dovny? Jak p\u016fj\u010dit kolo na cyklistick\u00e9 soust\u0159ed\u011bn\u00ed, \u010deho se vyvarovat a co je z\u00e1sadn\u00ed rad\u00ed majitel p\u016fj\u010dovny.\" \/>\n<meta name=\"robots\" content=\"index, follow, max-snippet:-1, max-image-preview:large, max-video-preview:-1\" \/>\n<link rel=\"canonical\" href=\"https:\/\/www.welovecycling.com\/cs\/2025\/02\/10\/jak-pujcit-kolo-na-soustredeni-tipy-experta\/\" \/>\n<meta property=\"og:locale\" content=\"cs_CZ\" \/>\n<meta property=\"og:type\" content=\"article\" \/>\n<meta property=\"og:title\" content=\"Jak p\u016fj\u010dit kolo na soust\u0159ed\u011bn\u00ed? Tipy experta\" \/>\n<meta property=\"og:description\" content=\"Vlastn\u00ed kolo nebo stroj z p\u016fj\u010dovny? Jak p\u016fj\u010dit kolo na cyklistick\u00e9 soust\u0159ed\u011bn\u00ed, \u010deho se vyvarovat a co je z\u00e1sadn\u00ed rad\u00ed majitel p\u016fj\u010dovny.\" \/>\n<meta property=\"og:url\" content=\"https:\/\/www.welovecycling.com\/cs\/2025\/02\/10\/jak-pujcit-kolo-na-soustredeni-tipy-experta\/\" \/>\n<meta property=\"og:site_name\" content=\"\u0160koda We Love Cycling - \u010cesk\u00e1 republika\" \/>\n<meta property=\"article:published_time\" content=\"2025-02-10T08:01:52+00:00\" \/>\n<meta property=\"og:image\" content=\"https:\/\/d2p6e6u75xmxt8.cloudfront.net\/13\/2019\/12\/profimedia-0390359778.webp\" \/>\n\t<meta property=\"og:image:width\" content=\"1800\" \/>\n\t<meta property=\"og:image:height\" content=\"1173\" \/>\n\t<meta property=\"og:image:type\" content=\"image\/webp\" \/>\n<meta name=\"author\" content=\"radekmalina\" \/>\n<meta name=\"twitter:card\" content=\"summary_large_image\" \/>\n<meta name=\"twitter:label1\" content=\"Written by\" \/>\n\t<meta name=\"twitter:data1\" content=\"We Love Cycling\" \/>\n\t<meta name=\"twitter:label2\" content=\"Est. reading time\" \/>\n\t<meta name=\"twitter:data2\" content=\"6\" \/>\n<script type=\"application\/ld+json\" class=\"yoast-schema-graph\">{\"@context\":\"https:\/\/schema.org\",\"@graph\":[{\"@type\":\"WebPage\",\"@id\":\"https:\/\/www.welovecycling.com\/cs\/2025\/02\/10\/jak-pujcit-kolo-na-soustredeni-tipy-experta\/\",\"url\":\"https:\/\/www.welovecycling.com\/cs\/2025\/02\/10\/jak-pujcit-kolo-na-soustredeni-tipy-experta\/\",\"name\":\"Jak p\u016fj\u010dit kolo na soust\u0159ed\u011bn\u00ed? Tipy experta | \u0160koda We Love Cycling - \u010cesk\u00e1 republika\",\"isPartOf\":{\"@id\":\"https:\/\/www.welovecycling.com\/cs\/#website\"},\"primaryImageOfPage\":{\"@id\":\"https:\/\/www.welovecycling.com\/cs\/2025\/02\/10\/jak-pujcit-kolo-na-soustredeni-tipy-experta\/#primaryimage\"},\"image\":{\"@id\":\"https:\/\/www.welovecycling.com\/cs\/2025\/02\/10\/jak-pujcit-kolo-na-soustredeni-tipy-experta\/#primaryimage\"},\"thumbnailUrl\":\"https:\/\/d2p6e6u75xmxt8.cloudfront.net\/13\/2019\/12\/profimedia-0390359778.webp\",\"datePublished\":\"2025-02-10T08:01:52+00:00\",\"author\":{\"@id\":\"https:\/\/www.welovecycling.com\/cs\/#\/schema\/person\/d9eeb0a378f3a7e4a6d12d2b536b04b8\"},\"description\":\"Vlastn\u00ed kolo nebo stroj z p\u016fj\u010dovny? Jak p\u016fj\u010dit kolo na cyklistick\u00e9 soust\u0159ed\u011bn\u00ed, \u010deho se vyvarovat a co je z\u00e1sadn\u00ed rad\u00ed majitel p\u016fj\u010dovny.\",\"inLanguage\":\"cs\",\"potentialAction\":[{\"@type\":\"ReadAction\",\"target\":[\"https:\/\/www.welovecycling.com\/cs\/2025\/02\/10\/jak-pujcit-kolo-na-soustredeni-tipy-experta\/\"]}]},{\"@type\":\"ImageObject\",\"inLanguage\":\"cs\",\"@id\":\"https:\/\/www.welovecycling.com\/cs\/2025\/02\/10\/jak-pujcit-kolo-na-soustredeni-tipy-experta\/#primaryimage\",\"url\":\"https:\/\/d2p6e6u75xmxt8.cloudfront.net\/13\/2019\/12\/profimedia-0390359778.webp\",\"contentUrl\":\"https:\/\/d2p6e6u75xmxt8.cloudfront.net\/13\/2019\/12\/profimedia-0390359778.webp\",\"width\":1800,\"height\":1173,\"caption\":\"Sunset view of Port de Pollenca and Pollenca bay, Mallorca\"},{\"@type\":\"WebSite\",\"@id\":\"https:\/\/www.welovecycling.com\/cs\/#website\",\"url\":\"https:\/\/www.welovecycling.com\/cs\/\",\"name\":\"\u0160koda We Love Cycling - \u010cesk\u00e1 republika\",\"description\":\"WeLoveCycling.cz je online magaz\u00edn, kter\u00fd v\u00e1m pravideln\u011b p\u0159in\u00e1\u0161\u00ed rady a tipy, zaj\u00edmav\u00e9 \u010dl\u00e1nky, videa a jedine\u010dn\u00e9 report\u00e1\u017ee ze sv\u011bta cyklistiky.\",\"potentialAction\":[{\"@type\":\"SearchAction\",\"target\":{\"@type\":\"EntryPoint\",\"urlTemplate\":\"https:\/\/www.welovecycling.com\/cs\/?s={search_term_string}\"},\"query-input\":{\"@type\":\"PropertyValueSpecification\",\"valueRequired\":true,\"valueName\":\"search_term_string\"}}],\"inLanguage\":\"cs\"},{\"@type\":\"Person\",\"@id\":\"https:\/\/www.welovecycling.com\/cs\/#\/schema\/person\/d9eeb0a378f3a7e4a6d12d2b536b04b8\",\"name\":\"radekmalina\",\"image\":{\"@type\":\"ImageObject\",\"inLanguage\":\"cs\",\"@id\":\"https:\/\/www.welovecycling.com\/cs\/#\/schema\/person\/image\/\",\"url\":\"https:\/\/secure.gravatar.com\/avatar\/66994b632cb8c39a46b9f54afa3ae07201b678d32a54275b6f1c9ffec356bfc0?s=96&d=mm&r=g\",\"contentUrl\":\"https:\/\/secure.gravatar.com\/avatar\/66994b632cb8c39a46b9f54afa3ae07201b678d32a54275b6f1c9ffec356bfc0?s=96&d=mm&r=g\",\"caption\":\"radekmalina\"},\"url\":\"https:\/\/www.welovecycling.com\/cs\/author\/radekmalina\/\"}]}<\/script>\n<!-- \/ Yoast SEO Premium plugin. -->","yoast_head_json":{"title":"Jak p\u016fj\u010dit kolo na soust\u0159ed\u011bn\u00ed? Tipy experta | \u0160koda We Love Cycling - \u010cesk\u00e1 republika","description":"Vlastn\u00ed kolo nebo stroj z p\u016fj\u010dovny? Jak p\u016fj\u010dit kolo na cyklistick\u00e9 soust\u0159ed\u011bn\u00ed, \u010deho se vyvarovat a co je z\u00e1sadn\u00ed rad\u00ed majitel p\u016fj\u010dovny.","robots":{"index":"index","follow":"follow","max-snippet":"max-snippet:-1","max-image-preview":"max-image-preview:large","max-video-preview":"max-video-preview:-1"},"canonical":"https:\/\/www.welovecycling.com\/cs\/2025\/02\/10\/jak-pujcit-kolo-na-soustredeni-tipy-experta\/","og_locale":"cs_CZ","og_type":"article","og_title":"Jak p\u016fj\u010dit kolo na soust\u0159ed\u011bn\u00ed? Tipy experta","og_description":"Vlastn\u00ed kolo nebo stroj z p\u016fj\u010dovny? Jak p\u016fj\u010dit kolo na cyklistick\u00e9 soust\u0159ed\u011bn\u00ed, \u010deho se vyvarovat a co je z\u00e1sadn\u00ed rad\u00ed majitel p\u016fj\u010dovny.","og_url":"https:\/\/www.welovecycling.com\/cs\/2025\/02\/10\/jak-pujcit-kolo-na-soustredeni-tipy-experta\/","og_site_name":"\u0160koda We Love Cycling - \u010cesk\u00e1 republika","article_published_time":"2025-02-10T08:01:52+00:00","og_image":[{"width":1800,"height":1173,"url":"https:\/\/d2p6e6u75xmxt8.cloudfront.net\/13\/2019\/12\/profimedia-0390359778.webp","type":"image\/webp"}],"author":"radekmalina","twitter_card":"summary_large_image","twitter_misc":{"Written by":"We Love Cycling","Est. reading time":"6"},"schema":{"@context":"https:\/\/schema.org","@graph":[{"@type":"WebPage","@id":"https:\/\/www.welovecycling.com\/cs\/2025\/02\/10\/jak-pujcit-kolo-na-soustredeni-tipy-experta\/","url":"https:\/\/www.welovecycling.com\/cs\/2025\/02\/10\/jak-pujcit-kolo-na-soustredeni-tipy-experta\/","name":"Jak p\u016fj\u010dit kolo na soust\u0159ed\u011bn\u00ed? Tipy experta | \u0160koda We Love Cycling - \u010cesk\u00e1 republika","isPartOf":{"@id":"https:\/\/www.welovecycling.com\/cs\/#website"},"primaryImageOfPage":{"@id":"https:\/\/www.welovecycling.com\/cs\/2025\/02\/10\/jak-pujcit-kolo-na-soustredeni-tipy-experta\/#primaryimage"},"image":{"@id":"https:\/\/www.welovecycling.com\/cs\/2025\/02\/10\/jak-pujcit-kolo-na-soustredeni-tipy-experta\/#primaryimage"},"thumbnailUrl":"https:\/\/d2p6e6u75xmxt8.cloudfront.net\/13\/2019\/12\/profimedia-0390359778.webp","datePublished":"2025-02-10T08:01:52+00:00","author":{"@id":"https:\/\/www.welovecycling.com\/cs\/#\/schema\/person\/d9eeb0a378f3a7e4a6d12d2b536b04b8"},"description":"Vlastn\u00ed kolo nebo stroj z p\u016fj\u010dovny? Jak p\u016fj\u010dit kolo na cyklistick\u00e9 soust\u0159ed\u011bn\u00ed, \u010deho se vyvarovat a co je z\u00e1sadn\u00ed rad\u00ed majitel p\u016fj\u010dovny.","inLanguage":"cs","potentialAction":[{"@type":"ReadAction","target":["https:\/\/www.welovecycling.com\/cs\/2025\/02\/10\/jak-pujcit-kolo-na-soustredeni-tipy-experta\/"]}]},{"@type":"ImageObject","inLanguage":"cs","@id":"https:\/\/www.welovecycling.com\/cs\/2025\/02\/10\/jak-pujcit-kolo-na-soustredeni-tipy-experta\/#primaryimage","url":"https:\/\/d2p6e6u75xmxt8.cloudfront.net\/13\/2019\/12\/profimedia-0390359778.webp","contentUrl":"https:\/\/d2p6e6u75xmxt8.cloudfront.net\/13\/2019\/12\/profimedia-0390359778.webp","width":1800,"height":1173,"caption":"Sunset view of Port de Pollenca and Pollenca bay, Mallorca"},{"@type":"WebSite","@id":"https:\/\/www.welovecycling.com\/cs\/#website","url":"https:\/\/www.welovecycling.com\/cs\/","name":"\u0160koda We Love Cycling - \u010cesk\u00e1 republika","description":"WeLoveCycling.cz je online magaz\u00edn, kter\u00fd v\u00e1m pravideln\u011b p\u0159in\u00e1\u0161\u00ed rady a tipy, zaj\u00edmav\u00e9 \u010dl\u00e1nky, videa a jedine\u010dn\u00e9 report\u00e1\u017ee ze sv\u011bta cyklistiky.","potentialAction":[{"@type":"SearchAction","target":{"@type":"EntryPoint","urlTemplate":"https:\/\/www.welovecycling.com\/cs\/?s={search_term_string}"},"query-input":{"@type":"PropertyValueSpecification","valueRequired":true,"valueName":"search_term_string"}}],"inLanguage":"cs"},{"@type":"Person","@id":"https:\/\/www.welovecycling.com\/cs\/#\/schema\/person\/d9eeb0a378f3a7e4a6d12d2b536b04b8","name":"radekmalina","image":{"@type":"ImageObject","inLanguage":"cs","@id":"https:\/\/www.welovecycling.com\/cs\/#\/schema\/person\/image\/","url":"https:\/\/secure.gravatar.com\/avatar\/66994b632cb8c39a46b9f54afa3ae07201b678d32a54275b6f1c9ffec356bfc0?s=96&d=mm&r=g","contentUrl":"https:\/\/secure.gravatar.com\/avatar\/66994b632cb8c39a46b9f54afa3ae07201b678d32a54275b6f1c9ffec356bfc0?s=96&d=mm&r=g","caption":"radekmalina"},"url":"https:\/\/www.welovecycling.com\/cs\/author\/radekmalina\/"}]}},"_links":{"self":[{"href":"https:\/\/www.welovecycling.com\/cs\/wp-json\/wp\/v2\/posts\/28213","targetHints":{"allow":["GET"]}}],"collection":[{"href":"https:\/\/www.welovecycling.com\/cs\/wp-json\/wp\/v2\/posts"}],"about":[{"href":"https:\/\/www.welovecycling.com\/cs\/wp-json\/wp\/v2\/types\/post"}],"author":[{"embeddable":true,"href":"https:\/\/www.welovecycling.com\/cs\/wp-json\/wp\/v2\/users\/138"}],"replies":[{"embeddable":true,"href":"https:\/\/www.welovecycling.com\/cs\/wp-json\/wp\/v2\/comments?post=28213"}],"version-history":[{"count":1,"href":"https:\/\/www.welovecycling.com\/cs\/wp-json\/wp\/v2\/posts\/28213\/revisions"}],"predecessor-version":[{"id":28214,"href":"https:\/\/www.welovecycling.com\/cs\/wp-json\/wp\/v2\/posts\/28213\/revisions\/28214"}],"wp:featuredmedia":[{"embeddable":true,"href":"https:\/\/www.welovecycling.com\/cs\/wp-json\/wp\/v2\/media\/5046"}],"wp:attachment":[{"href":"https:\/\/www.welovecycling.com\/cs\/wp-json\/wp\/v2\/media?parent=28213"}],"wp:term":[{"taxonomy":"category","embeddable":true,"href":"https:\/\/www.welovecycling.com\/cs\/wp-json\/wp\/v2\/categories?post=28213"},{"taxonomy":"post_tag","embeddable":true,"href":"https:\/\/www.welovecycling.com\/cs\/wp-json\/wp\/v2\/tags?post=28213"},{"taxonomy":"global-categories","embeddable":true,"href":"https:\/\/www.welovecycling.com\/cs\/wp-json\/wp\/v2\/global-categories?post=28213"}],"curies":[{"name":"wp","href":"https:\/\/api.w.org\/{rel}","templated":true}]}}