{"id":28145,"date":"2025-02-01T14:13:47","date_gmt":"2025-02-01T12:13:47","guid":{"rendered":"https:\/\/www.welovecycling.com\/cs\/?p=28145"},"modified":"2025-02-01T14:15:22","modified_gmt":"2025-02-01T12:15:22","slug":"barbora-bukovska-ma-stribro-z-mistrovstvi-sveta","status":"publish","type":"post","link":"https:\/\/www.welovecycling.com\/cs\/2025\/02\/01\/barbora-bukovska-ma-stribro-z-mistrovstvi-sveta\/","title":{"rendered":"Barbora Bukovsk\u00e1 slav\u00ed st\u0159\u00edbro z mistrovstv\u00ed sv\u011bta"},"content":{"rendered":"<p><strong>St\u0159\u00edbrnou medaili vybojovala Barbora Bukovsk\u00e1 v \u00favodn\u00edm z\u00e1vod\u011b mistrovstv\u00ed sv\u011bta v cyklokrosu ve francouzsk\u00e9m Li\u00e9vinu. Jde o historicky prvn\u00ed cenn\u00fd kov z kategorie pro \u010cesko. Titul z\u00edskala Francouzka Lise Revolov\u00e1.<\/strong><\/p>\n<p>&#8222;M\u011bla jsem super nohy a cel\u00fd z\u00e1vod si jela to svoje. Dala jsem do bitvy o zlato v\u0161echno a jsem moc r\u00e1da za st\u0159\u00edbrnou medaili,&#8220; hodnotila Barbora Bukovsk\u00e1 prvn\u00ed vystoupen\u00ed na mistrovstv\u00ed sv\u011bta, kter\u00e9 zakon\u010dila st\u0159\u00edbrem.<\/p>\n<p>\u0160estn\u00e1ctilet\u00e1 \u010desk\u00e1 reprezentantka vstupovala do z\u00e1vodu jako jedna z favoritek, kdy\u017e v gener\u00e1lce p\u0159i posledn\u00edm Sv\u011btov\u00e9m poh\u00e1ru v<a href=\"https:\/\/www.welovecycling.com\/cs\/2025\/01\/26\/senzacni-triumf-barbora-bukovska-i-pres-pad-a-odreniny-slavi-zivotni-vyhru\/\"> Hoogerheide slavila v\u00edt\u011bzstv\u00ed<\/a>.<\/p>\n<h2><strong>Do bitvy o titul \u0161patn\u011b odstartovala<\/strong><\/h2>\n<p>Stejn\u011b jako v Nizozemsku v\u0161ak \u010desk\u00e1 z\u00e1vodnice nezvl\u00e1dla start. Z prvn\u00ed \u0159ady se v Li\u00e9vinu propadla a\u017e do druh\u00e9 des\u00edtky. Uk\u00e1zala v\u0161ak skv\u011blou formu a rychle se drala startovn\u00edm polem vp\u0159ed. U\u017e na konci prvn\u00edho kola byla v kontaktu s \u010delem z\u00e1vodu a v pr\u016fb\u011bhu druh\u00e9ho kola se probojovala na druhou pozici. Do t\u0159et\u00edho kola naj\u00ed\u017ed\u011bla se ztr\u00e1tou dvan\u00e1cti vte\u0159in na vedouc\u00ed Revolovou.<\/p>\n<p>&#8222;Start se mi nepovedl ide\u00e1ln\u011b. P\u0159itom jsem m\u011bla pocit, \u017ee to m\u00e1m pod kontrolou. Uzav\u0159ela jsem se pak do sebe a jela si cel\u00fd z\u00e1vod to svoje. Postupn\u011b jsem se propracov\u00e1vala vp\u0159ed,&#8220; ohl\u00ed\u017eela se za prvn\u00ed polovinou bitvy o duhov\u00fd trikot Barbora Bukovsk\u00e1.<\/p>\n<figure id=\"attachment_28149\" aria-describedby=\"caption-attachment-28149\" style=\"width: 1920px\" class=\"wp-caption alignnone\"><a href=\"https:\/\/d2p6e6u75xmxt8.cloudfront.net\/13\/2025\/02\/Bukovska_1-scaled.webp\"><img loading=\"lazy\" decoding=\"async\" class=\"size-extra-large wp-image-28149\" src=\"https:\/\/d2p6e6u75xmxt8.cloudfront.net\/13\/2025\/02\/Bukovska_1-1920x1280.webp\" alt=\"\" width=\"1920\" height=\"1280\" srcset=\"https:\/\/d2p6e6u75xmxt8.cloudfront.net\/13\/2025\/02\/Bukovska_1-1920x1280.webp 1920w, https:\/\/d2p6e6u75xmxt8.cloudfront.net\/13\/2025\/02\/Bukovska_1-300x200.webp 300w, https:\/\/d2p6e6u75xmxt8.cloudfront.net\/13\/2025\/02\/Bukovska_1-1024x683.webp 1024w, https:\/\/d2p6e6u75xmxt8.cloudfront.net\/13\/2025\/02\/Bukovska_1-768x512.webp 768w, https:\/\/d2p6e6u75xmxt8.cloudfront.net\/13\/2025\/02\/Bukovska_1-1536x1024.webp 1536w, https:\/\/d2p6e6u75xmxt8.cloudfront.net\/13\/2025\/02\/Bukovska_1-2048x1365.webp 2048w, https:\/\/d2p6e6u75xmxt8.cloudfront.net\/13\/2025\/02\/Bukovska_1-400x267.webp 400w, https:\/\/d2p6e6u75xmxt8.cloudfront.net\/13\/2025\/02\/Bukovska_1-272x182.webp 272w, https:\/\/d2p6e6u75xmxt8.cloudfront.net\/13\/2025\/02\/Bukovska_1-1920x1280.webp 1920w\" sizes=\"auto, (max-width: 1920px) 100vw, 1920px\" \/><\/a><figcaption id=\"caption-attachment-28149\" class=\"wp-caption-text\"><em>Barbora Bukovsk\u00e1 na \u010dele mistrovstv\u00ed sv\u011bta v cyklokrosu 2025.<\/em><\/figcaption><\/figure>\n<p>\u010cesk\u00e1 reprezentantka se z\u00e1hy dot\u00e1hla na francouzskou z\u00e1vodnici a okam\u017eit\u011b za\u00fato\u010dila. &#8222;Kdy\u017e jsem dojela Lisu Revolovou, c\u00edtila jsem se v\u00e1\u017en\u011b dob\u0159e, a tak jsem \u0161la hned na \u010delo,&#8220; rekapitulovala pr\u016fb\u011bh z\u00e1vodu.<\/p>\n<div class=\"shortcode-ys-post-pinup\"><article class=\"loop-simple post-28103 post type-post status-publish format-standard has-post-thumbnail hentry category-cyklistika category-silnicni-cyklistika tag-bezpecnost tag-cyklisticke-dresy tag-cyklisticke-obleceni tag-frantisek-kloucek tag-frantisek-rabon tag-kalas tag-nehody tag-obleceni global-categories-cycling\" data-postid=\"28103\" role=\"article\" data-post-id=\"28103\" data-word-count=\"588\" data-headline-length=\"82\" data-category=\"Cyklistika\" data-global-category=\"Cycling\" data-author=\"Radek Malina\" data-published=\"2025-01-29T05:00:32+02:00\" data-published-day=\"Wednesday\">\n    <div class=\"entry-thumbnail article-thumbnail\" content=\"https:\/\/d2p6e6u75xmxt8.cloudfront.net\/13\/2025\/01\/profimedia-0756473352-150x150.webp\"><a href=\"https:\/\/www.welovecycling.com\/cs\/2025\/01\/29\/specialni-obleceni-jako-ochrana-cyklistu\/\" class=\"image-holder\" target=\"_self\"><img decoding=\"async\" loading=\"lazy\" class=\"\" src=\"https:\/\/d2p6e6u75xmxt8.cloudfront.net\/13\/2025\/01\/profimedia-0756473352-1024x683.webp\" srcset=\"https:\/\/d2p6e6u75xmxt8.cloudfront.net\/13\/2025\/01\/profimedia-0756473352.webp 1800w, https:\/\/d2p6e6u75xmxt8.cloudfront.net\/13\/2025\/01\/profimedia-0756473352-300x200.webp 300w, https:\/\/d2p6e6u75xmxt8.cloudfront.net\/13\/2025\/01\/profimedia-0756473352-1024x683.webp 1024w, https:\/\/d2p6e6u75xmxt8.cloudfront.net\/13\/2025\/01\/profimedia-0756473352-768x512.webp 768w, https:\/\/d2p6e6u75xmxt8.cloudfront.net\/13\/2025\/01\/profimedia-0756473352-1536x1024.webp 1536w, https:\/\/d2p6e6u75xmxt8.cloudfront.net\/13\/2025\/01\/profimedia-0756473352-400x267.webp 400w, https:\/\/d2p6e6u75xmxt8.cloudfront.net\/13\/2025\/01\/profimedia-0756473352-272x182.webp 272w\" width=\"1024\" height=\"683\" sizes=\"auto, (min-width: 1200px) 300px, (min-width: 768px) 25vw, 100vw\" alt=\"specialni-obleceni-jako-ochrana-cyklistu\"\/><\/a><\/div>    <div class=\"entry-meta\">\n        <a class=\"label label-secondary post-category\" href=\"https:\/\/www.welovecycling.com\/cs\/category\/cyklistika\/\" title=\"Cyklistika\">Cyklistika<\/a>\n    <\/div>\n    <div class=\"entry-details\">\n        <a href=\"https:\/\/www.welovecycling.com\/cs\/2025\/01\/29\/specialni-obleceni-jako-ochrana-cyklistu\/\" class='entry-title-wrapper'>\n            <h3 class=\"entry-title\"><span>Speci\u00e1ln\u00ed oble\u010den\u00ed jako ochrana cyklist\u016f? Prioritou je aerodynamika a komfort<\/span><\/h3>\n        <\/a>\n    <\/div>\n    <\/article>\n<\/div>\n<p>Barbora Bukovsk\u00e1 jela na \u010dele a p\u0159esto\u017ee j\u00ed zejm\u00e9na technick\u00e9 sjezdy d\u011blaly probl\u00e9m, dok\u00e1zala si vybudovat n\u00e1skok. Udr\u017eela ho i v pr\u016fb\u011bhu \u010dtvrt\u00e9ho okruhu, na jeho\u017e konci p\u0159i pr\u016fjezdu c\u00edlem slavila titul mistryn\u011b sv\u011bta. Jen\u017ee z\u00e1vod byl vyps\u00e1n na p\u011bt okruh\u016f. &#8222;Myslela jsem, \u017ee jsme v posledn\u00edm kole. A po pr\u016fjezdu c\u00edlem jsem zjistila, \u017ee m\u00e1me je\u0161t\u011b jeden okruh,&#8220; pokr\u010dila rameny.<\/p>\n<h2><strong>Oslava m\u011b nerozhodila, uji\u0161\u0165ovala Barbora Bukovsk\u00e1<\/strong><\/h2>\n<p>\u010cesk\u00e1 reprezentantka pak je\u0161t\u011b vzdorovala p\u0159es p\u016fl kola \u00fatok\u016fm francouzsk\u00e9 soupe\u0159ky, nakonec ale neodolala a je\u0161t\u011b p\u0159ed n\u00e1jezdem do c\u00edlov\u00e9 rovinky se propadla na druhou pozici. &#8222;Ta p\u0159ed\u010dasn\u00e1 oslava m\u011b nerozhodila. Prost\u011b jsem pokra\u010dovala d\u00e1l ve stejn\u00e9m v\u00fdkonu. Dala jsem do z\u00e1vodu v\u0161echno a jsem r\u00e1da za st\u0159\u00edbrnou medaili. Rozhodn\u011b nec\u00edt\u00edm \u017e\u00e1dn\u00e9 zklam\u00e1n\u00ed,&#8220; prohl\u00e1sila st\u0159\u00edbrn\u00e1 medailistka Barbora Bukovsk\u00e1.<\/p>\n<figure id=\"attachment_28147\" aria-describedby=\"caption-attachment-28147\" style=\"width: 1920px\" class=\"wp-caption alignnone\"><a href=\"https:\/\/d2p6e6u75xmxt8.cloudfront.net\/13\/2025\/02\/Bukovska_2-scaled.webp\"><img loading=\"lazy\" decoding=\"async\" class=\"size-extra-large wp-image-28147\" src=\"https:\/\/d2p6e6u75xmxt8.cloudfront.net\/13\/2025\/02\/Bukovska_2-1920x1280.webp\" alt=\"\" width=\"1920\" height=\"1280\" srcset=\"https:\/\/d2p6e6u75xmxt8.cloudfront.net\/13\/2025\/02\/Bukovska_2-1920x1280.webp 1920w, https:\/\/d2p6e6u75xmxt8.cloudfront.net\/13\/2025\/02\/Bukovska_2-300x200.webp 300w, https:\/\/d2p6e6u75xmxt8.cloudfront.net\/13\/2025\/02\/Bukovska_2-1024x683.webp 1024w, https:\/\/d2p6e6u75xmxt8.cloudfront.net\/13\/2025\/02\/Bukovska_2-768x512.webp 768w, https:\/\/d2p6e6u75xmxt8.cloudfront.net\/13\/2025\/02\/Bukovska_2-1536x1024.webp 1536w, https:\/\/d2p6e6u75xmxt8.cloudfront.net\/13\/2025\/02\/Bukovska_2-2048x1365.webp 2048w, https:\/\/d2p6e6u75xmxt8.cloudfront.net\/13\/2025\/02\/Bukovska_2-400x267.webp 400w, https:\/\/d2p6e6u75xmxt8.cloudfront.net\/13\/2025\/02\/Bukovska_2-272x182.webp 272w, https:\/\/d2p6e6u75xmxt8.cloudfront.net\/13\/2025\/02\/Bukovska_2-1920x1280.webp 1920w\" sizes=\"auto, (max-width: 1920px) 100vw, 1920px\" \/><\/a><figcaption id=\"caption-attachment-28147\" class=\"wp-caption-text\"><em>Barbora Bukovsk\u00e1 na stupn\u00edch v\u00edt\u011bz\u016f MS 2025. Foto: \u010cSC\/Filip Bezd\u011bk (3x)<\/em><\/figcaption><\/figure>\n<p>Opakoval se tak vzd\u00e1len\u011b p\u0159\u00edb\u011bh z mistrovstv\u00ed sv\u011bta v Zolderu 2016, kde Adam \u0164oupal\u00edk v kategorii do 23 let slavil titul mistra sv\u011bta, ov\u0161em stejn\u011b jako v Lievinu do konce z\u00e1vodu chyb\u011bl je\u0161t\u011b jeden okruh. V jeho pr\u016fb\u011bhu pak \u010desk\u00fd reprezentant o titul p\u0159i\u0161el a skon\u010dil druh\u00fd.<\/p>\n<p><strong>V\u00fdsledky MS v Li\u00e9vinu &#8211; juniorky:<\/strong> 1. Revolov\u00e1 (FRA) 45:25 min., 2. Bukovsk\u00e1 (\u010cR) +11, 3. Carrierov\u00e1 (Kan.) +1:43 min., 4. Grossmannov\u00e1 (\u0160v\u00fd.) +1:53 min., 5. Cusakov\u00e1 (USA) +1:53 min.,\u00a0&#8230;8. Grohov\u00e1 +2:31 min., 16. Gottwaldov\u00e1 +3:48 min., 29. Vikov\u00e1 (v\u0161. \u010cR) +6:54 min.<\/p>\n","protected":false},"excerpt":{"rendered":"<p>St\u0159\u00edbrnou medaili vybojovala Barbora Bukovsk\u00e1 v \u00favodn\u00edm z\u00e1vod\u011b mistrovstv\u00ed sv\u011bta v cyklokrosu ve francouzsk\u00e9m Li\u00e9vinu. Jde o historicky prvn\u00ed cenn\u00fd [&hellip;]<\/p>\n","protected":false},"author":138,"featured_media":28148,"comment_status":"open","ping_status":"open","sticky":false,"template":"","format":"standard","meta":{"footnotes":""},"categories":[1303],"tags":[4025,723,2195,4039,4040,4041],"global-categories":[411],"class_list":["post-28145","post","type-post","status-publish","format-standard","has-post-thumbnail","hentry","category-cyklokros","tag-barbora-bukovska","tag-cyklokros","tag-mistrovstvi-sveta-v-cyklokrosu","tag-ms-francie","tag-ms-lievin","tag-stribrna-medaile","global-categories-cycling"],"yoast_head":"<!-- This site is optimized with the Yoast SEO Premium plugin v25.3 (Yoast SEO v25.9) - https:\/\/yoast.com\/wordpress\/plugins\/seo\/ -->\n<title>Barbora Bukovsk\u00e1 slav\u00ed st\u0159\u00edbro z mistrovstv\u00ed sv\u011bta | \u0160koda We Love Cycling - \u010cesk\u00e1 republika<\/title>\n<meta name=\"description\" content=\"St\u0159\u00edbrnou medaili vybojovala Barbora Bukovsk\u00e1 v \u00favodn\u00edm z\u00e1vod\u011b mistrovstv\u00ed sv\u011bta v cyklokrosu ve francouzsk\u00e9m Li\u00e9vinu. Jde o historicky prvn\u00ed cenn\u00fd kov z kategorie pro \u010cesko. Titul z\u00edskala Francouzka Lise Revolov\u00e1.\" \/>\n<meta name=\"robots\" content=\"index, follow, max-snippet:-1, max-image-preview:large, max-video-preview:-1\" \/>\n<link rel=\"canonical\" href=\"https:\/\/www.welovecycling.com\/cs\/2025\/02\/01\/barbora-bukovska-ma-stribro-z-mistrovstvi-sveta\/\" \/>\n<meta property=\"og:locale\" content=\"cs_CZ\" \/>\n<meta property=\"og:type\" content=\"article\" \/>\n<meta property=\"og:title\" content=\"Barbora Bukovsk\u00e1 slav\u00ed st\u0159\u00edbro z mistrovstv\u00ed sv\u011bta\" \/>\n<meta property=\"og:description\" content=\"St\u0159\u00edbrnou medaili vybojovala Barbora Bukovsk\u00e1 v \u00favodn\u00edm z\u00e1vod\u011b mistrovstv\u00ed sv\u011bta v cyklokrosu ve francouzsk\u00e9m Li\u00e9vinu. Jde o historicky prvn\u00ed cenn\u00fd kov z kategorie pro \u010cesko. Titul z\u00edskala Francouzka Lise Revolov\u00e1.\" \/>\n<meta property=\"og:url\" content=\"https:\/\/www.welovecycling.com\/cs\/2025\/02\/01\/barbora-bukovska-ma-stribro-z-mistrovstvi-sveta\/\" \/>\n<meta property=\"og:site_name\" content=\"\u0160koda We Love Cycling - \u010cesk\u00e1 republika\" \/>\n<meta property=\"article:published_time\" content=\"2025-02-01T12:13:47+00:00\" \/>\n<meta property=\"article:modified_time\" content=\"2025-02-01T12:15:22+00:00\" \/>\n<meta property=\"og:image\" content=\"https:\/\/d2p6e6u75xmxt8.cloudfront.net\/13\/2025\/02\/Bukovska_3-scaled.webp\" \/>\n\t<meta property=\"og:image:width\" content=\"2560\" \/>\n\t<meta property=\"og:image:height\" content=\"1706\" \/>\n\t<meta property=\"og:image:type\" content=\"image\/webp\" \/>\n<meta name=\"author\" content=\"radekmalina\" \/>\n<meta name=\"twitter:card\" content=\"summary_large_image\" \/>\n<meta name=\"twitter:label1\" content=\"Written by\" \/>\n\t<meta name=\"twitter:data1\" content=\"Radek Malina\" \/>\n\t<meta name=\"twitter:label2\" content=\"Est. reading time\" \/>\n\t<meta name=\"twitter:data2\" content=\"6\" \/>\n<script type=\"application\/ld+json\" class=\"yoast-schema-graph\">{\"@context\":\"https:\/\/schema.org\",\"@graph\":[{\"@type\":\"WebPage\",\"@id\":\"https:\/\/www.welovecycling.com\/cs\/2025\/02\/01\/barbora-bukovska-ma-stribro-z-mistrovstvi-sveta\/\",\"url\":\"https:\/\/www.welovecycling.com\/cs\/2025\/02\/01\/barbora-bukovska-ma-stribro-z-mistrovstvi-sveta\/\",\"name\":\"Barbora Bukovsk\u00e1 slav\u00ed st\u0159\u00edbro z mistrovstv\u00ed sv\u011bta | \u0160koda We Love Cycling - \u010cesk\u00e1 republika\",\"isPartOf\":{\"@id\":\"https:\/\/www.welovecycling.com\/cs\/#website\"},\"primaryImageOfPage\":{\"@id\":\"https:\/\/www.welovecycling.com\/cs\/2025\/02\/01\/barbora-bukovska-ma-stribro-z-mistrovstvi-sveta\/#primaryimage\"},\"image\":{\"@id\":\"https:\/\/www.welovecycling.com\/cs\/2025\/02\/01\/barbora-bukovska-ma-stribro-z-mistrovstvi-sveta\/#primaryimage\"},\"thumbnailUrl\":\"https:\/\/d2p6e6u75xmxt8.cloudfront.net\/13\/2025\/02\/Bukovska_3-scaled.webp\",\"datePublished\":\"2025-02-01T12:13:47+00:00\",\"dateModified\":\"2025-02-01T12:15:22+00:00\",\"author\":{\"@id\":\"https:\/\/www.welovecycling.com\/cs\/#\/schema\/person\/d9eeb0a378f3a7e4a6d12d2b536b04b8\"},\"description\":\"St\u0159\u00edbrnou medaili vybojovala Barbora Bukovsk\u00e1 v \u00favodn\u00edm z\u00e1vod\u011b mistrovstv\u00ed sv\u011bta v cyklokrosu ve francouzsk\u00e9m Li\u00e9vinu. Jde o historicky prvn\u00ed cenn\u00fd kov z kategorie pro \u010cesko. Titul z\u00edskala Francouzka Lise Revolov\u00e1.\",\"inLanguage\":\"cs\",\"potentialAction\":[{\"@type\":\"ReadAction\",\"target\":[\"https:\/\/www.welovecycling.com\/cs\/2025\/02\/01\/barbora-bukovska-ma-stribro-z-mistrovstvi-sveta\/\"]}]},{\"@type\":\"ImageObject\",\"inLanguage\":\"cs\",\"@id\":\"https:\/\/www.welovecycling.com\/cs\/2025\/02\/01\/barbora-bukovska-ma-stribro-z-mistrovstvi-sveta\/#primaryimage\",\"url\":\"https:\/\/d2p6e6u75xmxt8.cloudfront.net\/13\/2025\/02\/Bukovska_3-scaled.webp\",\"contentUrl\":\"https:\/\/d2p6e6u75xmxt8.cloudfront.net\/13\/2025\/02\/Bukovska_3-scaled.webp\",\"width\":2560,\"height\":1706,\"caption\":\"Barbora Bukovsk\u00e1 se st\u0159\u00edbrnou medail\u00ed z mistrovstv\u00ed sv\u011bta v cyklokrosu 2025.\"},{\"@type\":\"WebSite\",\"@id\":\"https:\/\/www.welovecycling.com\/cs\/#website\",\"url\":\"https:\/\/www.welovecycling.com\/cs\/\",\"name\":\"\u0160koda We Love Cycling - \u010cesk\u00e1 republika\",\"description\":\"WeLoveCycling.cz je online magaz\u00edn, kter\u00fd v\u00e1m pravideln\u011b p\u0159in\u00e1\u0161\u00ed rady a tipy, zaj\u00edmav\u00e9 \u010dl\u00e1nky, videa a jedine\u010dn\u00e9 report\u00e1\u017ee ze sv\u011bta cyklistiky.\",\"potentialAction\":[{\"@type\":\"SearchAction\",\"target\":{\"@type\":\"EntryPoint\",\"urlTemplate\":\"https:\/\/www.welovecycling.com\/cs\/?s={search_term_string}\"},\"query-input\":{\"@type\":\"PropertyValueSpecification\",\"valueRequired\":true,\"valueName\":\"search_term_string\"}}],\"inLanguage\":\"cs\"},{\"@type\":\"Person\",\"@id\":\"https:\/\/www.welovecycling.com\/cs\/#\/schema\/person\/d9eeb0a378f3a7e4a6d12d2b536b04b8\",\"name\":\"radekmalina\",\"image\":{\"@type\":\"ImageObject\",\"inLanguage\":\"cs\",\"@id\":\"https:\/\/www.welovecycling.com\/cs\/#\/schema\/person\/image\/\",\"url\":\"https:\/\/secure.gravatar.com\/avatar\/66994b632cb8c39a46b9f54afa3ae07201b678d32a54275b6f1c9ffec356bfc0?s=96&d=mm&r=g\",\"contentUrl\":\"https:\/\/secure.gravatar.com\/avatar\/66994b632cb8c39a46b9f54afa3ae07201b678d32a54275b6f1c9ffec356bfc0?s=96&d=mm&r=g\",\"caption\":\"radekmalina\"},\"url\":\"https:\/\/www.welovecycling.com\/cs\/author\/radekmalina\/\"}]}<\/script>\n<!-- \/ Yoast SEO Premium plugin. -->","yoast_head_json":{"title":"Barbora Bukovsk\u00e1 slav\u00ed st\u0159\u00edbro z mistrovstv\u00ed sv\u011bta | \u0160koda We Love Cycling - \u010cesk\u00e1 republika","description":"St\u0159\u00edbrnou medaili vybojovala Barbora Bukovsk\u00e1 v \u00favodn\u00edm z\u00e1vod\u011b mistrovstv\u00ed sv\u011bta v cyklokrosu ve francouzsk\u00e9m Li\u00e9vinu. Jde o historicky prvn\u00ed cenn\u00fd kov z kategorie pro \u010cesko. Titul z\u00edskala Francouzka Lise Revolov\u00e1.","robots":{"index":"index","follow":"follow","max-snippet":"max-snippet:-1","max-image-preview":"max-image-preview:large","max-video-preview":"max-video-preview:-1"},"canonical":"https:\/\/www.welovecycling.com\/cs\/2025\/02\/01\/barbora-bukovska-ma-stribro-z-mistrovstvi-sveta\/","og_locale":"cs_CZ","og_type":"article","og_title":"Barbora Bukovsk\u00e1 slav\u00ed st\u0159\u00edbro z mistrovstv\u00ed sv\u011bta","og_description":"St\u0159\u00edbrnou medaili vybojovala Barbora Bukovsk\u00e1 v \u00favodn\u00edm z\u00e1vod\u011b mistrovstv\u00ed sv\u011bta v cyklokrosu ve francouzsk\u00e9m Li\u00e9vinu. Jde o historicky prvn\u00ed cenn\u00fd kov z kategorie pro \u010cesko. Titul z\u00edskala Francouzka Lise Revolov\u00e1.","og_url":"https:\/\/www.welovecycling.com\/cs\/2025\/02\/01\/barbora-bukovska-ma-stribro-z-mistrovstvi-sveta\/","og_site_name":"\u0160koda We Love Cycling - \u010cesk\u00e1 republika","article_published_time":"2025-02-01T12:13:47+00:00","article_modified_time":"2025-02-01T12:15:22+00:00","og_image":[{"width":2560,"height":1706,"url":"https:\/\/d2p6e6u75xmxt8.cloudfront.net\/13\/2025\/02\/Bukovska_3-scaled.webp","type":"image\/webp"}],"author":"radekmalina","twitter_card":"summary_large_image","twitter_misc":{"Written by":"Radek Malina","Est. reading time":"6"},"schema":{"@context":"https:\/\/schema.org","@graph":[{"@type":"WebPage","@id":"https:\/\/www.welovecycling.com\/cs\/2025\/02\/01\/barbora-bukovska-ma-stribro-z-mistrovstvi-sveta\/","url":"https:\/\/www.welovecycling.com\/cs\/2025\/02\/01\/barbora-bukovska-ma-stribro-z-mistrovstvi-sveta\/","name":"Barbora Bukovsk\u00e1 slav\u00ed st\u0159\u00edbro z mistrovstv\u00ed sv\u011bta | \u0160koda We Love Cycling - \u010cesk\u00e1 republika","isPartOf":{"@id":"https:\/\/www.welovecycling.com\/cs\/#website"},"primaryImageOfPage":{"@id":"https:\/\/www.welovecycling.com\/cs\/2025\/02\/01\/barbora-bukovska-ma-stribro-z-mistrovstvi-sveta\/#primaryimage"},"image":{"@id":"https:\/\/www.welovecycling.com\/cs\/2025\/02\/01\/barbora-bukovska-ma-stribro-z-mistrovstvi-sveta\/#primaryimage"},"thumbnailUrl":"https:\/\/d2p6e6u75xmxt8.cloudfront.net\/13\/2025\/02\/Bukovska_3-scaled.webp","datePublished":"2025-02-01T12:13:47+00:00","dateModified":"2025-02-01T12:15:22+00:00","author":{"@id":"https:\/\/www.welovecycling.com\/cs\/#\/schema\/person\/d9eeb0a378f3a7e4a6d12d2b536b04b8"},"description":"St\u0159\u00edbrnou medaili vybojovala Barbora Bukovsk\u00e1 v \u00favodn\u00edm z\u00e1vod\u011b mistrovstv\u00ed sv\u011bta v cyklokrosu ve francouzsk\u00e9m Li\u00e9vinu. Jde o historicky prvn\u00ed cenn\u00fd kov z kategorie pro \u010cesko. Titul z\u00edskala Francouzka Lise Revolov\u00e1.","inLanguage":"cs","potentialAction":[{"@type":"ReadAction","target":["https:\/\/www.welovecycling.com\/cs\/2025\/02\/01\/barbora-bukovska-ma-stribro-z-mistrovstvi-sveta\/"]}]},{"@type":"ImageObject","inLanguage":"cs","@id":"https:\/\/www.welovecycling.com\/cs\/2025\/02\/01\/barbora-bukovska-ma-stribro-z-mistrovstvi-sveta\/#primaryimage","url":"https:\/\/d2p6e6u75xmxt8.cloudfront.net\/13\/2025\/02\/Bukovska_3-scaled.webp","contentUrl":"https:\/\/d2p6e6u75xmxt8.cloudfront.net\/13\/2025\/02\/Bukovska_3-scaled.webp","width":2560,"height":1706,"caption":"Barbora Bukovsk\u00e1 se st\u0159\u00edbrnou medail\u00ed z mistrovstv\u00ed sv\u011bta v cyklokrosu 2025."},{"@type":"WebSite","@id":"https:\/\/www.welovecycling.com\/cs\/#website","url":"https:\/\/www.welovecycling.com\/cs\/","name":"\u0160koda We Love Cycling - \u010cesk\u00e1 republika","description":"WeLoveCycling.cz je online magaz\u00edn, kter\u00fd v\u00e1m pravideln\u011b p\u0159in\u00e1\u0161\u00ed rady a tipy, zaj\u00edmav\u00e9 \u010dl\u00e1nky, videa a jedine\u010dn\u00e9 report\u00e1\u017ee ze sv\u011bta cyklistiky.","potentialAction":[{"@type":"SearchAction","target":{"@type":"EntryPoint","urlTemplate":"https:\/\/www.welovecycling.com\/cs\/?s={search_term_string}"},"query-input":{"@type":"PropertyValueSpecification","valueRequired":true,"valueName":"search_term_string"}}],"inLanguage":"cs"},{"@type":"Person","@id":"https:\/\/www.welovecycling.com\/cs\/#\/schema\/person\/d9eeb0a378f3a7e4a6d12d2b536b04b8","name":"radekmalina","image":{"@type":"ImageObject","inLanguage":"cs","@id":"https:\/\/www.welovecycling.com\/cs\/#\/schema\/person\/image\/","url":"https:\/\/secure.gravatar.com\/avatar\/66994b632cb8c39a46b9f54afa3ae07201b678d32a54275b6f1c9ffec356bfc0?s=96&d=mm&r=g","contentUrl":"https:\/\/secure.gravatar.com\/avatar\/66994b632cb8c39a46b9f54afa3ae07201b678d32a54275b6f1c9ffec356bfc0?s=96&d=mm&r=g","caption":"radekmalina"},"url":"https:\/\/www.welovecycling.com\/cs\/author\/radekmalina\/"}]}},"_links":{"self":[{"href":"https:\/\/www.welovecycling.com\/cs\/wp-json\/wp\/v2\/posts\/28145","targetHints":{"allow":["GET"]}}],"collection":[{"href":"https:\/\/www.welovecycling.com\/cs\/wp-json\/wp\/v2\/posts"}],"about":[{"href":"https:\/\/www.welovecycling.com\/cs\/wp-json\/wp\/v2\/types\/post"}],"author":[{"embeddable":true,"href":"https:\/\/www.welovecycling.com\/cs\/wp-json\/wp\/v2\/users\/138"}],"replies":[{"embeddable":true,"href":"https:\/\/www.welovecycling.com\/cs\/wp-json\/wp\/v2\/comments?post=28145"}],"version-history":[{"count":4,"href":"https:\/\/www.welovecycling.com\/cs\/wp-json\/wp\/v2\/posts\/28145\/revisions"}],"predecessor-version":[{"id":28152,"href":"https:\/\/www.welovecycling.com\/cs\/wp-json\/wp\/v2\/posts\/28145\/revisions\/28152"}],"wp:featuredmedia":[{"embeddable":true,"href":"https:\/\/www.welovecycling.com\/cs\/wp-json\/wp\/v2\/media\/28148"}],"wp:attachment":[{"href":"https:\/\/www.welovecycling.com\/cs\/wp-json\/wp\/v2\/media?parent=28145"}],"wp:term":[{"taxonomy":"category","embeddable":true,"href":"https:\/\/www.welovecycling.com\/cs\/wp-json\/wp\/v2\/categories?post=28145"},{"taxonomy":"post_tag","embeddable":true,"href":"https:\/\/www.welovecycling.com\/cs\/wp-json\/wp\/v2\/tags?post=28145"},{"taxonomy":"global-categories","embeddable":true,"href":"https:\/\/www.welovecycling.com\/cs\/wp-json\/wp\/v2\/global-categories?post=28145"}],"curies":[{"name":"wp","href":"https:\/\/api.w.org\/{rel}","templated":true}]}}