{"id":28122,"date":"2025-02-04T05:00:41","date_gmt":"2025-02-04T03:00:41","guid":{"rendered":"https:\/\/www.welovecycling.com\/cs\/?p=28122"},"modified":"2025-01-31T10:44:14","modified_gmt":"2025-01-31T08:44:14","slug":"mathias-vacek-moje-telo-se-zmenilo-mam-lepsi-motor","status":"publish","type":"post","link":"https:\/\/www.welovecycling.com\/cs\/2025\/02\/04\/mathias-vacek-moje-telo-se-zmenilo-mam-lepsi-motor\/","title":{"rendered":"Mathias Vacek: Moje t\u011blo se zm\u011bnilo. M\u00e1m lep\u0161\u00ed motor"},"content":{"rendered":"<p><strong>Utnout \u010dek\u00e1n\u00ed na v\u00edt\u011bzstv\u00ed! C\u00edl jednoho z nejtalentovan\u011bj\u0161\u00edch \u010desk\u00fdch cyklist\u016f pro sezonu 2025 je jednozna\u010dn\u00fd. Mathias Vacek z\u016fstal v minul\u00e9m roce n\u011bkolikr\u00e1t o milimetry v elitn\u00edch z\u00e1vodech druh\u00fd. Do t\u0159et\u00ed kompletn\u00ed sezony ve formaci Lidl-Trek vstupuje po skv\u011bl\u00fdch lo\u0148sk\u00fdch v\u00fdkonech ve zcela jin\u00e9 pozici. A s obrovsk\u00fdm o\u010dek\u00e1v\u00e1n\u00edm.<\/strong><\/p>\n<p>&#8222;Jdu do nov\u00e9 sezony s obrovskou porc\u00ed sebev\u011bdom\u00ed,&#8220; usm\u00edval se dvaadvacetilet\u00fd Mathias Vacek v exkluzivn\u00edm rozhovoru pro We Love Cycling, ne\u017e se pustil do testov\u00e1n\u00ed ve v\u011btrn\u00e9m tunelu v Nizozemsku. B\u011bhem sezony 2024 mu p\u0159i \u0161pan\u011blsk\u00e9 Vuelt\u011b v \u00favodn\u00ed \u010dasovce unikl dres l\u00eddra o dv\u011b sekundy. Pak bral druh\u00e9 m\u00edsto v dojezdu sedm\u00e9 etapy t\u0159et\u00ed Grand Tour. Druh\u00fd v \u010dasovce i v celkov\u00e9m po\u0159ad\u00ed byl p\u0159i Baloise Tour, celkov\u011b \u010dtvrt\u00fd odj\u00ed\u017ed\u011bl z Tour of Norway. Sezonu pak ukon\u010dil druh\u00fdm m\u00edstem p\u0159i jednor\u00e1zovce Pa\u0159\u00ed\u017e-Tours. Jak\u00fd bude jeho program v roce 2025? Kterou Grand Tour si vybral? A jak velk\u00e9 slovo m\u011bl p\u0159i skl\u00e1d\u00e1n\u00ed z\u00e1vodn\u00edho kalend\u00e1\u0159e?<\/p>\n<h2><strong>V roce 2024 m\u011bl Mathias Vacek 67 z\u00e1vodn\u00edch dn\u016f, co\u017e \u010dinilo 10 747 kilometr\u016f. Kolik odpo\u010dinku jste po sezon\u011b pot\u0159eboval, aby t\u011blo dostate\u010dn\u011b zregenerovalo?<\/strong><\/h2>\n<p>M\u011bl jsem t\u0159i t\u00fddny volna. T\u00fdden jsem byl ve \u0160v\u00fdcarsku na hor\u00e1ch, pak jsem pro\u017eil t\u00fdden doma na \u0160umav\u011b, a pak jsem let\u011bl do \u0160pan\u011blska, abych se aklimatizoval p\u0159ed za\u010d\u00e1tkem p\u0159\u00edpravn\u00e9ho obdob\u00ed. Ale je\u0161t\u011b jsem odpo\u010d\u00edval. N\u00e1sledn\u011b jsem se pustil do tr\u00e9ninku. Do prvn\u00edho t\u00fdmov\u00e9ho soust\u0159ed\u011bn\u00ed v prosinci jsem jezdil hodiny bez interval\u016f. Jenom jsem se na kole vozil. V prosinci jsme si s t\u00fdmem \u0159ekli z\u00e1vodn\u00ed program, tak\u017ee jsem se u\u017e \u0159\u00eddil konkr\u00e9tn\u00edm p\u0159\u00edpravn\u00fdm programem.<\/p>\n<figure id=\"attachment_28123\" aria-describedby=\"caption-attachment-28123\" style=\"width: 1800px\" class=\"wp-caption alignnone\"><a href=\"https:\/\/d2p6e6u75xmxt8.cloudfront.net\/13\/2025\/01\/profimedia-0917248192.webp\"><img loading=\"lazy\" decoding=\"async\" class=\"size-full wp-image-28123\" src=\"https:\/\/d2p6e6u75xmxt8.cloudfront.net\/13\/2025\/01\/profimedia-0917248192.webp\" alt=\"\" width=\"1800\" height=\"1200\" srcset=\"https:\/\/d2p6e6u75xmxt8.cloudfront.net\/13\/2025\/01\/profimedia-0917248192.webp 1800w, https:\/\/d2p6e6u75xmxt8.cloudfront.net\/13\/2025\/01\/profimedia-0917248192-300x200.webp 300w, https:\/\/d2p6e6u75xmxt8.cloudfront.net\/13\/2025\/01\/profimedia-0917248192-1024x683.webp 1024w, https:\/\/d2p6e6u75xmxt8.cloudfront.net\/13\/2025\/01\/profimedia-0917248192-768x512.webp 768w, https:\/\/d2p6e6u75xmxt8.cloudfront.net\/13\/2025\/01\/profimedia-0917248192-1536x1024.webp 1536w, https:\/\/d2p6e6u75xmxt8.cloudfront.net\/13\/2025\/01\/profimedia-0917248192-400x267.webp 400w, https:\/\/d2p6e6u75xmxt8.cloudfront.net\/13\/2025\/01\/profimedia-0917248192-272x182.webp 272w\" sizes=\"auto, (max-width: 1800px) 100vw, 1800px\" \/><\/a><figcaption id=\"caption-attachment-28123\" class=\"wp-caption-text\"><em>Mathias Vacek na \u010dele sto osmn\u00e1ct\u00e9ho ro\u010dn\u00edku z\u00e1vodu Pa\u0159\u00ed\u017e-Tours. Foto: profimedia<\/em><\/figcaption><\/figure>\n<h2><strong>Kdy\u017e se ohl\u00e9dnete zp\u011bt, jste s druh\u00fdm kompletn\u00edm rokem v Lidl-Trek spokojen\u00fd?<\/strong><\/h2>\n<p>Za\u010d\u00e1tek sezony 2024 nebyl podle m\u00fdch p\u0159edstav. Hodn\u011b m\u011b rozhodil start na Tour Down Under. A negativn\u011b m\u011b poznamenala ne\u00fa\u010dast v z\u00e1vod\u011b Kolem Flander. Mrzelo m\u011b, \u017ee jsem nebyl nominov\u00e1n. Sou\u010dasn\u011b \u0161lo o moment, kter\u00fd m\u011b zdrav\u011b na\u0161tval nebo sp\u00ed\u0161e motivoval. Od Pa\u0159\u00ed\u017e-Roubaix jsem m\u011bl stabiln\u00ed v\u00fdkonnost, sp\u00ed\u0161e stoupaj\u00edc\u00ed. Na Vueltu jsem se p\u0159ipravil perfektn\u011b. V\u017edy mi kous\u00ed\u010dek chyb\u011bl na v\u00edt\u011bzstv\u00ed. Ale ud\u011blal jsem velk\u00fd krok dop\u0159edu. Jezdil jsem skv\u011bl\u00e9 v\u00fdsledky, kter\u00e9 mi dodaly sebev\u011bdom\u00ed a motivaci do dal\u0161\u00edch z\u00e1vod\u016f. Vy\u0161lo mi mistrovstv\u00ed sv\u011bta i olympi\u00e1da. V\u011b\u0159\u00edm, \u017ee letos ud\u011bl\u00e1m je\u0161t\u011b dal\u0161\u00ed krok vp\u0159ed a budu v\u00edt\u011bzit. Byla tam mezera, abych bojoval o v\u00edt\u011bzstv\u00ed. Snad ji letos p\u0159eklenu.<\/p>\n<h2><strong>Jak bude vypadat v\u00e1\u0161 z\u00e1vodn\u00ed program v sezon\u011b 2025?<\/strong><\/h2>\n<p>Prvn\u00edm z\u00e1vodem bude etap\u00e1k Valenciana, kter\u00fd za\u010d\u00edn\u00e1 t\u00fdmovou \u010dasovkou 5. \u00fanora. N\u00e1sledn\u011b pojedu Figueira Classic, navazovat bude Algarve. Prvn\u00ed b\u0159eznov\u00fd v\u00edkend Omloop a Kuurne, n\u00e1sledn\u011b Strade Bianche. Pak m\u011b \u010dek\u00e1 kr\u00e1tk\u00e9 soust\u0159ed\u011bn\u00ed ve \u0160pan\u011blsku a z\u00e1vody v podob\u011b velk\u00fdch klasik jako jsou E3 Harelbeke, Gent, Flandry a Roubaix.<\/p>\n<div class=\"shortcode-ys-post-pinup\"><article class=\"loop-simple post-28103 post type-post status-publish format-standard has-post-thumbnail hentry category-cyklistika category-silnicni-cyklistika tag-bezpecnost tag-cyklisticke-dresy tag-cyklisticke-obleceni tag-frantisek-kloucek tag-frantisek-rabon tag-kalas tag-nehody tag-obleceni global-categories-cycling\" data-postid=\"28103\" role=\"article\" data-post-id=\"28103\" data-word-count=\"588\" data-headline-length=\"82\" data-category=\"Cyklistika\" data-global-category=\"Cycling\" data-author=\"Radek Malina\" data-published=\"2025-01-29T05:00:32+02:00\" data-published-day=\"Wednesday\">\n    <div class=\"entry-thumbnail article-thumbnail\" content=\"https:\/\/d2p6e6u75xmxt8.cloudfront.net\/13\/2025\/01\/profimedia-0756473352-150x150.webp\"><a href=\"https:\/\/www.welovecycling.com\/cs\/2025\/01\/29\/specialni-obleceni-jako-ochrana-cyklistu\/\" class=\"image-holder\" target=\"_self\"><img decoding=\"async\" loading=\"lazy\" class=\"\" src=\"https:\/\/d2p6e6u75xmxt8.cloudfront.net\/13\/2025\/01\/profimedia-0756473352-1024x683.webp\" srcset=\"https:\/\/d2p6e6u75xmxt8.cloudfront.net\/13\/2025\/01\/profimedia-0756473352.webp 1800w, https:\/\/d2p6e6u75xmxt8.cloudfront.net\/13\/2025\/01\/profimedia-0756473352-300x200.webp 300w, https:\/\/d2p6e6u75xmxt8.cloudfront.net\/13\/2025\/01\/profimedia-0756473352-1024x683.webp 1024w, https:\/\/d2p6e6u75xmxt8.cloudfront.net\/13\/2025\/01\/profimedia-0756473352-768x512.webp 768w, https:\/\/d2p6e6u75xmxt8.cloudfront.net\/13\/2025\/01\/profimedia-0756473352-1536x1024.webp 1536w, https:\/\/d2p6e6u75xmxt8.cloudfront.net\/13\/2025\/01\/profimedia-0756473352-400x267.webp 400w, https:\/\/d2p6e6u75xmxt8.cloudfront.net\/13\/2025\/01\/profimedia-0756473352-272x182.webp 272w\" width=\"1024\" height=\"683\" sizes=\"auto, (min-width: 1200px) 300px, (min-width: 768px) 25vw, 100vw\" alt=\"specialni-obleceni-jako-ochrana-cyklistu\"\/><\/a><\/div>    <div class=\"entry-meta\">\n        <a class=\"label label-secondary post-category\" href=\"https:\/\/www.welovecycling.com\/cs\/category\/cyklistika\/\" title=\"Cyklistika\">Cyklistika<\/a>\n    <\/div>\n    <div class=\"entry-details\">\n        <a href=\"https:\/\/www.welovecycling.com\/cs\/2025\/01\/29\/specialni-obleceni-jako-ochrana-cyklistu\/\" class='entry-title-wrapper'>\n            <h3 class=\"entry-title\"><span>Speci\u00e1ln\u00ed oble\u010den\u00ed jako ochrana cyklist\u016f? Prioritou je aerodynamika a komfort<\/span><\/h3>\n        <\/a>\n    <\/div>\n    <\/article>\n<\/div>\n<h2><strong>Ve srovn\u00e1n\u00ed s lo\u0148sk\u00fdm rokem jste vynechal australsk\u00e9 z\u00e1vody. Pro\u010d?<\/strong><\/h2>\n<p>Rozhodn\u011b jsem necht\u011bl jet Down Under. Na prvn\u00ed \u010d\u00e1st sezony d\u00e1v\u00e1m velk\u00fd d\u016fraz a Austr\u00e1lie mi do programu nezapadala. Cestov\u00e1n\u00ed je hodn\u011b n\u00e1ro\u010dn\u00e9, zm\u011bna prost\u0159ed\u00ed v kr\u00e1tk\u00e9m \u010dasov\u00e9m \u00faseku klade velk\u00e9 n\u00e1roky na t\u011blo. Nav\u00edc \u010dlov\u011bk vypadne z konzistentn\u00edho tr\u00e9ninku. Minul\u00fd rok byl je\u0161t\u011b t\u00fdden po n\u00e1vratu m\u016fj tr\u00e9nink poznamenan\u00fd. \u010clov\u011bk se zotavuje z vedra, teplotn\u00ed rozd\u00edl je t\u0159eba t\u0159icet stup\u0148\u016f. K tomu t\u0159i dny, kdy \u010dlov\u011bk nesp\u00ed optim\u00e1ln\u011b. Z\u00e1vodn\u00edk je rozhozen\u00fd a nen\u00ed mo\u017en\u00e9 b\u00fdt v top form\u011b na \u00favodn\u00ed klasiky.<\/p>\n<h2><strong>Jste u\u017e v takov\u00e9 pozici, \u017ee jste mohl za\u0159azen\u00ed do skupiny pro australsk\u00e9 z\u00e1vody odm\u00edtnout?<\/strong><\/h2>\n<p>Ano. \u0158ekl jsem p\u0159i m\u00edtinku s tren\u00e9rem, sportovn\u00edmi \u0159editeli a veden\u00edm t\u00fdmu, \u017ee moje c\u00edle jsou v prvn\u00ed \u010d\u00e1sti sezony a starty v Austr\u00e1lie je ohro\u017euj\u00ed.<\/p>\n<figure id=\"attachment_27184\" aria-describedby=\"caption-attachment-27184\" style=\"width: 1800px\" class=\"wp-caption alignnone\"><a href=\"https:\/\/d2p6e6u75xmxt8.cloudfront.net\/13\/2024\/09\/profimedia-0899885786.webp\"><img loading=\"lazy\" decoding=\"async\" class=\"size-full wp-image-27184\" src=\"https:\/\/d2p6e6u75xmxt8.cloudfront.net\/13\/2024\/09\/profimedia-0899885786.webp\" alt=\"\" width=\"1800\" height=\"1200\" srcset=\"https:\/\/d2p6e6u75xmxt8.cloudfront.net\/13\/2024\/09\/profimedia-0899885786.webp 1800w, https:\/\/d2p6e6u75xmxt8.cloudfront.net\/13\/2024\/09\/profimedia-0899885786-300x200.webp 300w, https:\/\/d2p6e6u75xmxt8.cloudfront.net\/13\/2024\/09\/profimedia-0899885786-1024x683.webp 1024w, https:\/\/d2p6e6u75xmxt8.cloudfront.net\/13\/2024\/09\/profimedia-0899885786-768x512.webp 768w, https:\/\/d2p6e6u75xmxt8.cloudfront.net\/13\/2024\/09\/profimedia-0899885786-1536x1024.webp 1536w, https:\/\/d2p6e6u75xmxt8.cloudfront.net\/13\/2024\/09\/profimedia-0899885786-400x267.webp 400w, https:\/\/d2p6e6u75xmxt8.cloudfront.net\/13\/2024\/09\/profimedia-0899885786-272x182.webp 272w\" sizes=\"auto, (max-width: 1800px) 100vw, 1800px\" \/><\/a><figcaption id=\"caption-attachment-27184\" class=\"wp-caption-text\"><em>Mathias Vacek na Vuelt\u011b 2024 v b\u00edl\u00e9m dresu l\u00eddra sout\u011b\u017ee do 25 let.<\/em><\/figcaption><\/figure>\n<h2><strong>M\u016f\u017eete prozradit, jak se vlastn\u011b z\u00e1vodn\u00ed program rod\u00ed? Je ur\u010den\u00fd v\u00edce ze strany t\u00fdmu? Nebo u\u017e jste v hierarchii tak vysoko, \u017ee vych\u00e1z\u00ed z va\u0161\u00ed strany?<\/strong><\/h2>\n<p>S tren\u00e9rem jsme si v p\u0159edstihu \u0159ekli, na co se zam\u011b\u0159\u00edm. P\u0159i m\u00edtinku se sportovn\u00edmi \u0159editeli jsme pak argumentovali m\u00fdmi p\u0159ednostmi. T\u00fdm cht\u011bl do m\u00e9ho programu zahrnout ur\u010dit\u00e9 z\u00e1vody, kter\u00e9 se mi nepozd\u00e1valy. Argumentovali jsme se tren\u00e9rem pot\u0159ebou v\u011bt\u0161\u00edho \u010dasu na regeneraci a odpo\u010dinek. Vysv\u011btloval jsem, \u017ee kdy\u017e p\u016fjdu ze z\u00e1vodu do z\u00e1vodu, ambice na celkov\u00e9 po\u0159ad\u00ed utrp\u00ed. Cht\u011bl jsem m\u00edt prost\u011b dostatek prostoru na zotaven\u00ed mezi jednotliv\u00fdmi starty. Veden\u00ed t\u00fdmu mi vy\u0161lo vst\u0159\u00edc. T\u0159i z\u00e1vody jsme vy\u0161krtly a s kone\u010dn\u00fdm z\u00e1vodn\u00edm pl\u00e1nem jsem hodn\u011b spokojen\u00fd. Prvn\u00ed \u010d\u00e1st sezony bude nabit\u00e1, ale tak jsem to cht\u011bl. Dostanu prostor jet jako l\u00eddr, tak\u017ee se moc t\u011b\u0161\u00edm.<\/p>\n<div class=\"shortcode-ys-post-pinup\"><article class=\"loop-simple post-27996 post type-post status-publish format-standard has-post-thumbnail hentry category-silnicni-cyklistika tag-bezpecnost-pelotonu tag-cyklisticke-pady tag-cyklistika tag-czech-tour tag-leopold-konig tag-omezeni-prevodu tag-safety-car tag-tour-de-france tag-zakaz-vysilacek tag-zavod-miru global-categories-cycling\" data-postid=\"27996\" role=\"article\" data-post-id=\"27996\" data-word-count=\"718\" data-headline-length=\"80\" data-category=\"Silni\u010dn\u00ed cyklistika\" data-global-category=\"Cycling\" data-author=\"Radek Malina\" data-published=\"2025-01-22T06:00:24+02:00\" data-published-day=\"Wednesday\">\n    <div class=\"entry-thumbnail article-thumbnail\" content=\"https:\/\/d2p6e6u75xmxt8.cloudfront.net\/13\/2020\/09\/wlc-p\u00e1dy-skuijn\u0161-profimedia-0556834297-150x150.webp\"><a href=\"https:\/\/www.welovecycling.com\/cs\/2025\/01\/22\/bezpecnost-pelotonu-riziko-je-soucasti-cyklistiky\/\" class=\"image-holder\" target=\"_self\"><img decoding=\"async\" loading=\"lazy\" class=\"\" src=\"https:\/\/d2p6e6u75xmxt8.cloudfront.net\/13\/2020\/09\/wlc-p\u00e1dy-skuijn\u0161-profimedia-0556834297-1024x683.webp\" srcset=\"https:\/\/d2p6e6u75xmxt8.cloudfront.net\/13\/2020\/09\/wlc-p\u00e1dy-skuijn\u0161-profimedia-0556834297.webp 1800w, https:\/\/d2p6e6u75xmxt8.cloudfront.net\/13\/2020\/09\/wlc-p\u00e1dy-skuijn\u0161-profimedia-0556834297-300x200.webp 300w, https:\/\/d2p6e6u75xmxt8.cloudfront.net\/13\/2020\/09\/wlc-p\u00e1dy-skuijn\u0161-profimedia-0556834297-1024x683.webp 1024w, https:\/\/d2p6e6u75xmxt8.cloudfront.net\/13\/2020\/09\/wlc-p\u00e1dy-skuijn\u0161-profimedia-0556834297-768x512.webp 768w, https:\/\/d2p6e6u75xmxt8.cloudfront.net\/13\/2020\/09\/wlc-p\u00e1dy-skuijn\u0161-profimedia-0556834297-1536x1024.webp 1536w, https:\/\/d2p6e6u75xmxt8.cloudfront.net\/13\/2020\/09\/wlc-p\u00e1dy-skuijn\u0161-profimedia-0556834297-272x182.webp 272w\" width=\"1024\" height=\"683\" sizes=\"auto, (min-width: 1200px) 300px, (min-width: 768px) 25vw, 100vw\" alt=\"bezpecnost-pelotonu-riziko-je-soucasti-cyklistiky\"\/><\/a><\/div>    <div class=\"entry-meta\">\n        <a class=\"label label-secondary post-category\" href=\"https:\/\/www.welovecycling.com\/cs\/category\/silnicni-cyklistika\/\" title=\"Silni\u010dn\u00ed cyklistika\">Silni\u010dn\u00ed cyklistika<\/a>\n    <\/div>\n    <div class=\"entry-details\">\n        <a href=\"https:\/\/www.welovecycling.com\/cs\/2025\/01\/22\/bezpecnost-pelotonu-riziko-je-soucasti-cyklistiky\/\" class='entry-title-wrapper'>\n            <h3 class=\"entry-title\"><span>Bezpe\u010dnost pelotonu? Riziko je sou\u010d\u00e1st\u00ed cyklistiky, m\u00edn\u00ed \u0159editel z\u00e1vod\u016f<\/span><\/h3>\n        <\/a>\n    <\/div>\n    <\/article>\n<\/div>\n<h2><strong>Kde pojede Mathias Vacek jako l\u00eddr?<\/strong><\/h2>\n<p>Hned \u00favodn\u00ed Valencianu zkus\u00edm na celkov\u00e9 po\u0159ad\u00ed. Zahajovac\u00ed \u010dasovku chceme jet na v\u00edt\u011bzstv\u00ed. Prvn\u00ed z\u00e1vody jsou v\u017edy nezn\u00e1mou, ale hodn\u011b si v\u011b\u0159\u00edm. Klasiku Figueira m\u00e1m r\u00e1d a bylo by skv\u011bl\u00e9 b\u00fdt na seznamu v\u00edt\u011bz\u016f. Pak chci b\u00fdt stoprocentn\u00ed na prvn\u00ed b\u0159eznov\u00fd v\u00edkend, kdy se jede Omloop a Kuurne. M\u011bl bych bojovat o nejvy\u0161\u0161\u00ed p\u0159\u00ed\u010dky. Je\u0161t\u011b je \u010das v\u0161echno vyladit i podle prvn\u00edch z\u00e1vod\u016f. Na otv\u00edr\u00e1k belgick\u00fdch klasik se hodn\u011b zam\u011b\u0159uji. \u010clov\u011bk pochopiteln\u011b pot\u0159ebuje i \u0161t\u011bst\u00ed. Minul\u00fd rok p\u0159i Strade jsem zlomil \u0159\u00edd\u00edtka a bylo po nad\u011bj\u00edch.<\/p>\n<h2><strong>Druhou polovinu sezony 2024 jste m\u011bl vynikaj\u00edc\u00ed. Byla pro v\u00e1s z\u00e1sadn\u00ed \u00fa\u010dast na Vuelt\u011b, prvn\u00ed Grand Tour kari\u00e9ry?<\/strong><\/h2>\n<p>Moje t\u011blo se zm\u011bnilo. Kapacita je jednozna\u010dn\u011b v\u011bt\u0161\u00ed. Kdy\u017e si porovn\u00e1m \u010d\u00edsla z leto\u0161n\u00edch test\u016f v lednu a lo\u0148sk\u00e9ho roku, zlep\u0161il jsem se. Jezd\u00ed se mi lehce. Jednadvacet dn\u016f z\u00e1vod\u011bn\u00ed v kuse p\u0159i Vuelt\u011b m\u011b posunulo. T\u011blo je p\u0159i Grand Tour ve stresu, pod velk\u00fdm tlakem. Ve srovn\u00e1n\u00ed se stejn\u00fdm obdob\u00edm p\u0159ed rokem tr\u00e9nuji o dost v\u00edce a t\u011blo v\u0161echny tr\u00e9ninkov\u00e9 d\u00e1vky dob\u0159e vst\u0159eb\u00e1v\u00e1. M\u016fj motor je lep\u0161\u00ed, zv\u011bt\u0161uje se. Z\u00e1kladn\u00ed vytrvalost je vy\u0161\u0161\u00ed, ne\u017e byla. Jsem prost\u011b na jin\u00e9m levelu ne\u017e p\u0159ed rokem. T\u011b\u017e\u00edm z konzistentn\u00edho tr\u00e9ninku ve \u0161pan\u011blsk\u00e9m prost\u0159ed\u00ed. Podle \u010d\u00edsel m\u00e1m na v\u00edt\u011bzstv\u00ed.<\/p>\n<p><a href=\"https:\/\/d2p6e6u75xmxt8.cloudfront.net\/13\/2024\/08\/mathias-vacek-michal-cerveny-pariz-2024-scaled.webp\"><img loading=\"lazy\" decoding=\"async\" class=\"alignnone size-extra-large wp-image-26778\" src=\"https:\/\/d2p6e6u75xmxt8.cloudfront.net\/13\/2024\/08\/mathias-vacek-michal-cerveny-pariz-2024-1920x1280.webp\" alt=\"\" width=\"1920\" height=\"1280\" srcset=\"https:\/\/d2p6e6u75xmxt8.cloudfront.net\/13\/2024\/08\/mathias-vacek-michal-cerveny-pariz-2024-1920x1280.webp 1920w, https:\/\/d2p6e6u75xmxt8.cloudfront.net\/13\/2024\/08\/mathias-vacek-michal-cerveny-pariz-2024-300x200.webp 300w, https:\/\/d2p6e6u75xmxt8.cloudfront.net\/13\/2024\/08\/mathias-vacek-michal-cerveny-pariz-2024-1024x683.webp 1024w, https:\/\/d2p6e6u75xmxt8.cloudfront.net\/13\/2024\/08\/mathias-vacek-michal-cerveny-pariz-2024-768x512.webp 768w, https:\/\/d2p6e6u75xmxt8.cloudfront.net\/13\/2024\/08\/mathias-vacek-michal-cerveny-pariz-2024-1536x1024.webp 1536w, https:\/\/d2p6e6u75xmxt8.cloudfront.net\/13\/2024\/08\/mathias-vacek-michal-cerveny-pariz-2024-2048x1365.webp 2048w, https:\/\/d2p6e6u75xmxt8.cloudfront.net\/13\/2024\/08\/mathias-vacek-michal-cerveny-pariz-2024-400x267.webp 400w, https:\/\/d2p6e6u75xmxt8.cloudfront.net\/13\/2024\/08\/mathias-vacek-michal-cerveny-pariz-2024-272x182.webp 272w, https:\/\/d2p6e6u75xmxt8.cloudfront.net\/13\/2024\/08\/mathias-vacek-michal-cerveny-pariz-2024-1920x1280.webp 1920w\" sizes=\"auto, (max-width: 1920px) 100vw, 1920px\" \/><\/a><\/p>\n<h2><strong>Omezil jste ve srovn\u00e1n\u00ed s minulost\u00ed pobyt na milovan\u00e9 \u0160umav\u011b?<\/strong><\/h2>\n<p>Ano. Pomohlo mi, \u017ee po\u0159\u00e1d nejezd\u00edm dom\u016f. Sna\u017e\u00edm se co nejv\u00edce \u010dasu tr\u00e1vit ve \u0160pan\u011blsku, kde mohu jezdit denn\u011b tr\u00e9nink podle pl\u00e1nu. Nemus\u00edm improvizovat. Je jasn\u00e9, \u017ee tr\u00e9ninky na trena\u017e\u00e9ru v p\u0159\u00edpad\u011b nep\u0159\u00edzniv\u00fdch podm\u00ednek v\u00fdkonnost nezvednou.<\/p>\n<h2><strong>\u0160lo o va\u0161e rozhodnut\u00ed? Nebo apeloval tren\u00e9r a veden\u00ed t\u00fdmu, \u017ee je pot\u0159eba tr\u00e1vit v\u00edce \u010dasu v lokalit\u011b, kde jsou lep\u0161\u00ed tr\u00e9ninkov\u00e9 podm\u00ednky?<\/strong><\/h2>\n<p>Tren\u00e9r m\u011b do ni\u010deho nenut\u00ed. Jen mi \u0159ekne sv\u016fj n\u00e1zor. T\u0159eba, \u017ee ve \u0160pan\u011blsku mohu tr\u00e9novat p\u0159esn\u011b podle pl\u00e1n\u016f, kter\u00e9 mi sestavuje a j\u00e1 pak nemus\u00edm nic doh\u00e1n\u011bt. Tak\u017ee jsem si na\u0161el kousek od Malagy byt. A u\u017e je to pro m\u011b druh\u00fd domov. Vybudoval jsem si tam s br\u00e1chou z\u00e1zem\u00ed. Jde o super p\u0159\u00ednos i z hlediska cestov\u00e1n\u00ed. Na soust\u0159ed\u011bn\u00ed jsem dojel za p\u00e1r hodin autem, nebyl jsem cel\u00fd den v letadle. Stejn\u00e9 je to i s cestov\u00e1n\u00edm na z\u00e1vody. Tahle zm\u011bna mi p\u0159idala i na ment\u00e1ln\u00edm klidu.<\/p>\n<div class=\"shortcode-ys-post-pinup\"><article class=\"loop-simple post-27915 post type-post status-publish format-standard has-post-thumbnail hentry category-silnicni-cyklistika tag-cyklistika tag-cyklokros tag-horska-cyklistika tag-kolem-flander tag-mathieu-van-der-poel tag-ms-cross-country tag-ms-cyklokros tag-ms-horskych-kol-2025 tag-pariz-roubaix tag-silnicni-cyklistika tag-tour-de-france global-categories-cycling\" data-postid=\"27915\" role=\"article\" data-post-id=\"27915\" data-word-count=\"478\" data-headline-length=\"88\" data-category=\"Silni\u010dn\u00ed cyklistika\" data-global-category=\"Cycling\" data-author=\"We Love Cycling\" data-published=\"2025-01-19T04:00:48+02:00\" data-published-day=\"Sunday\">\n    <div class=\"entry-thumbnail article-thumbnail\" content=\"https:\/\/d2p6e6u75xmxt8.cloudfront.net\/13\/2024\/10\/profimedia-0917248283-150x150.webp\"><a href=\"https:\/\/www.welovecycling.com\/cs\/2025\/01\/19\/mathieu-van-der-poel-chci-rekord-z-flander-a-titul-na-biku-ma-to-jeden-hacek\/\" class=\"image-holder\" target=\"_self\"><img decoding=\"async\" loading=\"lazy\" class=\"\" src=\"https:\/\/d2p6e6u75xmxt8.cloudfront.net\/13\/2024\/10\/profimedia-0917248283-1024x683.webp\" srcset=\"https:\/\/d2p6e6u75xmxt8.cloudfront.net\/13\/2024\/10\/profimedia-0917248283.webp 1800w, https:\/\/d2p6e6u75xmxt8.cloudfront.net\/13\/2024\/10\/profimedia-0917248283-300x200.webp 300w, https:\/\/d2p6e6u75xmxt8.cloudfront.net\/13\/2024\/10\/profimedia-0917248283-1024x683.webp 1024w, https:\/\/d2p6e6u75xmxt8.cloudfront.net\/13\/2024\/10\/profimedia-0917248283-768x512.webp 768w, https:\/\/d2p6e6u75xmxt8.cloudfront.net\/13\/2024\/10\/profimedia-0917248283-1536x1024.webp 1536w, https:\/\/d2p6e6u75xmxt8.cloudfront.net\/13\/2024\/10\/profimedia-0917248283-400x267.webp 400w, https:\/\/d2p6e6u75xmxt8.cloudfront.net\/13\/2024\/10\/profimedia-0917248283-272x182.webp 272w\" width=\"1024\" height=\"683\" sizes=\"auto, (min-width: 1200px) 300px, (min-width: 768px) 25vw, 100vw\" alt=\"mathieu-van-der-poel-chci-rekord-z-flander-a-titul-na-biku-ma-to-jeden-hacek\"\/><\/a><\/div>    <div class=\"entry-meta\">\n        <a class=\"label label-secondary post-category\" href=\"https:\/\/www.welovecycling.com\/cs\/category\/silnicni-cyklistika\/\" title=\"Silni\u010dn\u00ed cyklistika\">Silni\u010dn\u00ed cyklistika<\/a>\n    <\/div>\n    <div class=\"entry-details\">\n        <a href=\"https:\/\/www.welovecycling.com\/cs\/2025\/01\/19\/mathieu-van-der-poel-chci-rekord-z-flander-a-titul-na-biku-ma-to-jeden-hacek\/\" class='entry-title-wrapper'>\n            <h3 class=\"entry-title\"><span>Mathieu van der Poel: Chci rekord z Flander a titul na biku! M\u00e1 to jeden h\u00e1\u010dek&#8230;<\/span><\/h3>\n        <\/a>\n    <\/div>\n    <\/article>\n<\/div>\n<h2><strong>M\u00e1te jasno i o \u00fa\u010dasti na Grand Tour?<\/strong><\/h2>\n<p>V tomhle sm\u011bru jsem byl otev\u0159en\u00fd v\u0161emu. Nechal jsem na t\u00fdmu, aby rozhodl, jestli m\u011b budou na n\u011bkter\u00e9m ze t\u0159\u00ed nejv\u011bt\u0161\u00edch z\u00e1vod\u016f cht\u00edt. A pokud se nic nestane, m\u011bl bych jet italsk\u00e9 Giro. M\u011bli bychom jet s Madsem Pedersenem. Pl\u00e1n je z\u00e1vodit hodn\u011b otev\u0159en\u011b. Podle prvn\u00edch pl\u00e1n\u016f bych m\u011bl dostat prostor i s\u00e1m pro sebe.<\/p>\n<h2><strong>V programu italsk\u00e9 Grand Tour jsou i dv\u011b \u010dasovky. Jde o motivaci nav\u00edc?<\/strong><\/h2>\n<p>Na \u010dasovku jsem v p\u0159\u00edprav\u011b kladl velk\u00fd d\u016fraz. P\u0159i soust\u0159ed\u011bn\u00ed jsme se zam\u011b\u0159ili i na t\u00fdmovou \u010dasovku, kter\u00e1 je v programu na Valencian\u011b i Algarve. Osobn\u011b jsem ladil v\u0161echny detaily a pracoval na z\u00edsk\u00e1n\u00ed ka\u017ed\u00e9 setinky. V z\u00e1v\u011bru ledna jsem absolvoval testov\u00e1n\u00ed ve v\u011btrn\u00e9m tunelu v Nizozemsku. Zkou\u0161el jsem helmu, kombin\u00e9zu&#8230; To v\u0161e p\u0159i r\u016fzn\u00e9m proud\u011bn\u00ed vzduchu ze strany, z \u010dela. Pro m\u011b budou \u010dasovky p\u0159edstavovat jeden z hlavn\u00edch c\u00edl\u016f.<\/p>\n<figure id=\"attachment_28124\" aria-describedby=\"caption-attachment-28124\" style=\"width: 1800px\" class=\"wp-caption alignnone\"><a href=\"https:\/\/d2p6e6u75xmxt8.cloudfront.net\/13\/2025\/01\/profimedia-0910724716.webp\"><img loading=\"lazy\" decoding=\"async\" class=\"size-full wp-image-28124\" src=\"https:\/\/d2p6e6u75xmxt8.cloudfront.net\/13\/2025\/01\/profimedia-0910724716.webp\" alt=\"\" width=\"1800\" height=\"1199\" srcset=\"https:\/\/d2p6e6u75xmxt8.cloudfront.net\/13\/2025\/01\/profimedia-0910724716.webp 1800w, https:\/\/d2p6e6u75xmxt8.cloudfront.net\/13\/2025\/01\/profimedia-0910724716-300x200.webp 300w, https:\/\/d2p6e6u75xmxt8.cloudfront.net\/13\/2025\/01\/profimedia-0910724716-1024x682.webp 1024w, https:\/\/d2p6e6u75xmxt8.cloudfront.net\/13\/2025\/01\/profimedia-0910724716-768x512.webp 768w, https:\/\/d2p6e6u75xmxt8.cloudfront.net\/13\/2025\/01\/profimedia-0910724716-1536x1023.webp 1536w, https:\/\/d2p6e6u75xmxt8.cloudfront.net\/13\/2025\/01\/profimedia-0910724716-400x266.webp 400w, https:\/\/d2p6e6u75xmxt8.cloudfront.net\/13\/2025\/01\/profimedia-0910724716-272x182.webp 272w\" sizes=\"auto, (max-width: 1800px) 100vw, 1800px\" \/><\/a><figcaption id=\"caption-attachment-28124\" class=\"wp-caption-text\"><em>Mathias Vacek v reprezenta\u010dn\u00edm dresu p\u0159i \u010dasovce na mistrovstv\u00ed sv\u011bta.<\/em><\/figcaption><\/figure>\n<h2><strong>Byla ve h\u0159e i mo\u017enost, \u017ee <a href=\"https:\/\/www.welovecycling.com\/cs\/2024\/06\/19\/dostal-jsem-facku-nechci-jen-hresit-na-talent-rika-mathias-vacek-o-zmene-pristupu\/\">Mathias Vacek<\/a> bude v sestav\u011b Lidl-Trek pro Tour de France 2025?<\/strong><\/h2>\n<p>Ano. Ale m\u00e1m za sebou teprve jednu Grand Tour. A nominace na Tour de France p\u0159edstavuje obrovskou odpov\u011bdnost. V\u0161echno se nav\u00edc posuzovalo s ohledem na charakter etap. A hned \u00favodn\u00ed d\u011bjstv\u00ed na Tour je absolutn\u00ed placka. O \u017elut\u00fd dres tam bude usilovat hodn\u011b t\u00fdm\u016f, proto\u017ee jde o absolutn\u00ed vrchol sezony. N\u00e1s pochopiteln\u011b nevyj\u00edmaje. Kdybych jel na Tour de France, minim\u00e1ln\u011b z osmdes\u00e1ti procent bych pracoval pro n\u011bkoho dal\u0161\u00edho. Na Giru dostanu hodn\u011b prostoru.<\/p>\n<div class=\"shortcode-ys-post-pinup\"><article class=\"loop-simple post-28036 post type-post status-publish format-standard has-post-thumbnail hentry category-https-www-welovecycling-com-cs-category-zabava tag-bidony tag-cyklistika tag-dresy tag-kola tag-kolik-materialu-potrebuje-tym tag-material tag-pneumatiky tag-silnicni-cyklistika global-categories-cycling\" data-postid=\"28036\" role=\"article\" data-post-id=\"28036\" data-word-count=\"406\" data-headline-length=\"77\" data-category=\"Z\u00c1BAVA\" data-global-category=\"Cycling\" data-author=\"We Love Cycling\" data-published=\"2025-01-20T06:00:51+02:00\" data-published-day=\"Monday\">\n    <div class=\"entry-thumbnail article-thumbnail\" content=\"https:\/\/d2p6e6u75xmxt8.cloudfront.net\/13\/2025\/01\/Y2A6099-1536x1025-1-150x150.webp\"><a href=\"https:\/\/www.welovecycling.com\/cs\/2025\/01\/20\/kolik-materialu-v-podobe-dresu-bidonu-pneumatik-a-kol-spotrebuje-tym\/\" class=\"image-holder\" target=\"_self\"><img decoding=\"async\" loading=\"lazy\" class=\"\" src=\"https:\/\/d2p6e6u75xmxt8.cloudfront.net\/13\/2025\/01\/Y2A6099-1536x1025-1-1024x683.webp\" srcset=\"https:\/\/d2p6e6u75xmxt8.cloudfront.net\/13\/2025\/01\/Y2A6099-1536x1025-1.webp 1536w, https:\/\/d2p6e6u75xmxt8.cloudfront.net\/13\/2025\/01\/Y2A6099-1536x1025-1-300x200.webp 300w, https:\/\/d2p6e6u75xmxt8.cloudfront.net\/13\/2025\/01\/Y2A6099-1536x1025-1-1024x683.webp 1024w, https:\/\/d2p6e6u75xmxt8.cloudfront.net\/13\/2025\/01\/Y2A6099-1536x1025-1-768x513.webp 768w, https:\/\/d2p6e6u75xmxt8.cloudfront.net\/13\/2025\/01\/Y2A6099-1536x1025-1-400x267.webp 400w, https:\/\/d2p6e6u75xmxt8.cloudfront.net\/13\/2025\/01\/Y2A6099-1536x1025-1-272x182.webp 272w\" width=\"1024\" height=\"683\" sizes=\"auto, (min-width: 1200px) 300px, (min-width: 768px) 25vw, 100vw\" alt=\"kolik-materialu-v-podobe-dresu-bidonu-pneumatik-a-kol-spotrebuje-tym\"\/><\/a><\/div>    <div class=\"entry-meta\">\n        <a class=\"label label-secondary post-category\" href=\"https:\/\/www.welovecycling.com\/cs\/category\/https-www-welovecycling-com-cs-category-zabava\/\" title=\"Z\u00c1BAVA\">Z\u00c1BAVA<\/a>\n    <\/div>\n    <div class=\"entry-details\">\n        <a href=\"https:\/\/www.welovecycling.com\/cs\/2025\/01\/20\/kolik-materialu-v-podobe-dresu-bidonu-pneumatik-a-kol-spotrebuje-tym\/\" class='entry-title-wrapper'>\n            <h3 class=\"entry-title\"><span>Kolik materi\u00e1lu v podob\u011b dres\u016f, bidon\u016f, pneumatik a kol spot\u0159ebuje t\u00fdm?<\/span><\/h3>\n        <\/a>\n    <\/div>\n    <\/article>\n<\/div>\n<h2><strong>A kombinace dvou Grand Tour v jedin\u00e9 sezon\u011b? P\u0159id\u00e1te k Giru start na Vuelt\u011b?<\/strong><\/h2>\n<p>Ne. Bylo by to mimo\u0159\u00e1dn\u011b stresuj\u00edc\u00ed. P\u0159edb\u011b\u017en\u00fd program pro druhou polovinu sezony m\u00e1m jasn\u011b dan\u00fd a Vuelta tam nen\u00ed. Hodn\u011b m\u011b bude zaj\u00edmat \u010dasovka na mistrovstv\u00ed sv\u011bta. \u010cty\u0159icet kilometr\u016f, sedm set v\u00fd\u0161kov\u00fdch metr\u016f a relativn\u011b vysok\u00e1 nadmo\u0159sk\u00e1 v\u00fd\u0161ka&#8230; Pojedu p\u0159ed \u0161ampion\u00e1tem na vysokohorsk\u00e9 soust\u0159ed\u011bn\u00ed a budu se sna\u017eit maxim\u00e1ln\u011b vyladit formu pro \u010dasovku. Hromadn\u00fd z\u00e1vod bude nesm\u00edrn\u011b n\u00e1ro\u010dn\u00fd, proto\u017ee 267 kilometr\u016f a 5400 v\u00fd\u0161kov\u00fdch metr\u016f, to je pro elitn\u00ed vrcha\u0159e.<\/p>\n","protected":false},"excerpt":{"rendered":"<p>Utnout \u010dek\u00e1n\u00ed na v\u00edt\u011bzstv\u00ed! C\u00edl jednoho z nejtalentovan\u011bj\u0161\u00edch \u010desk\u00fdch cyklist\u016f pro sezonu 2025 je jednozna\u010dn\u00fd. Mathias Vacek z\u016fstal v minul\u00e9m [&hellip;]<\/p>\n","protected":false},"author":138,"featured_media":28126,"comment_status":"open","ping_status":"open","sticky":false,"template":"","format":"standard","meta":{"footnotes":""},"categories":[10],"tags":[126,3152,305,9],"global-categories":[411],"class_list":["post-28122","post","type-post","status-publish","format-standard","has-post-thumbnail","hentry","category-silnicni-cyklistika","tag-cyklistika","tag-lidl-trek","tag-mathias-vacek","tag-silnicni-cyklistika","global-categories-cycling"],"yoast_head":"<!-- This site is optimized with the Yoast SEO Premium plugin v25.3 (Yoast SEO v25.9) - https:\/\/yoast.com\/wordpress\/plugins\/seo\/ -->\n<title>Mathias Vacek: Moje t\u011blo se zm\u011bnilo. M\u00e1m lep\u0161\u00ed motor | \u0160koda We Love Cycling - \u010cesk\u00e1 republika<\/title>\n<meta name=\"description\" content=\"Utnout \u010dek\u00e1n\u00ed na v\u00edt\u011bzstv\u00ed! C\u00edl jednoho z nejtalentovan\u011bj\u0161\u00edch \u010desk\u00fdch cyklist\u016f pro sezonu 2025 je jednozna\u010dn\u00fd. Mathias Vacek z\u016fstal v minul\u00e9m roce n\u011bkolikr\u00e1t o milimetry v elitn\u00edch z\u00e1vodech druh\u00fd. Do t\u0159et\u00ed kompletn\u00ed sezony ve formaci Lidl-Trek vstupuje po skv\u011bl\u00fdch lo\u0148sk\u00fdch v\u00fdkonech ve zcela jin\u00e9 pozici. A s obrovsk\u00fdm o\u010dek\u00e1v\u00e1n\u00edm.\" \/>\n<meta name=\"robots\" content=\"index, follow, max-snippet:-1, max-image-preview:large, max-video-preview:-1\" \/>\n<link rel=\"canonical\" href=\"https:\/\/www.welovecycling.com\/cs\/2025\/02\/04\/mathias-vacek-moje-telo-se-zmenilo-mam-lepsi-motor\/\" \/>\n<meta property=\"og:locale\" content=\"cs_CZ\" \/>\n<meta property=\"og:type\" content=\"article\" \/>\n<meta property=\"og:title\" content=\"Mathias Vacek: Moje t\u011blo se zm\u011bnilo. M\u00e1m lep\u0161\u00ed motor\" \/>\n<meta property=\"og:description\" content=\"Utnout \u010dek\u00e1n\u00ed na v\u00edt\u011bzstv\u00ed! C\u00edl jednoho z nejtalentovan\u011bj\u0161\u00edch \u010desk\u00fdch cyklist\u016f pro sezonu 2025 je jednozna\u010dn\u00fd. Mathias Vacek z\u016fstal v minul\u00e9m roce n\u011bkolikr\u00e1t o milimetry v elitn\u00edch z\u00e1vodech druh\u00fd. Do t\u0159et\u00ed kompletn\u00ed sezony ve formaci Lidl-Trek vstupuje po skv\u011bl\u00fdch lo\u0148sk\u00fdch v\u00fdkonech ve zcela jin\u00e9 pozici. A s obrovsk\u00fdm o\u010dek\u00e1v\u00e1n\u00edm.\" \/>\n<meta property=\"og:url\" content=\"https:\/\/www.welovecycling.com\/cs\/2025\/02\/04\/mathias-vacek-moje-telo-se-zmenilo-mam-lepsi-motor\/\" \/>\n<meta property=\"og:site_name\" content=\"\u0160koda We Love Cycling - \u010cesk\u00e1 republika\" \/>\n<meta property=\"article:published_time\" content=\"2025-02-04T03:00:41+00:00\" \/>\n<meta property=\"og:image\" content=\"https:\/\/d2p6e6u75xmxt8.cloudfront.net\/13\/2025\/01\/profimedia-0884231140.webp\" \/>\n\t<meta property=\"og:image:width\" content=\"1800\" \/>\n\t<meta property=\"og:image:height\" content=\"1197\" \/>\n\t<meta property=\"og:image:type\" content=\"image\/webp\" \/>\n<meta name=\"author\" content=\"radekmalina\" \/>\n<meta name=\"twitter:card\" content=\"summary_large_image\" \/>\n<meta name=\"twitter:label1\" content=\"Written by\" \/>\n\t<meta name=\"twitter:data1\" content=\"We Love Cycling\" \/>\n\t<meta name=\"twitter:label2\" content=\"Est. reading time\" \/>\n\t<meta name=\"twitter:data2\" content=\"5\" \/>\n<script type=\"application\/ld+json\" class=\"yoast-schema-graph\">{\"@context\":\"https:\/\/schema.org\",\"@graph\":[{\"@type\":\"WebPage\",\"@id\":\"https:\/\/www.welovecycling.com\/cs\/2025\/02\/04\/mathias-vacek-moje-telo-se-zmenilo-mam-lepsi-motor\/\",\"url\":\"https:\/\/www.welovecycling.com\/cs\/2025\/02\/04\/mathias-vacek-moje-telo-se-zmenilo-mam-lepsi-motor\/\",\"name\":\"Mathias Vacek: Moje t\u011blo se zm\u011bnilo. M\u00e1m lep\u0161\u00ed motor | \u0160koda We Love Cycling - \u010cesk\u00e1 republika\",\"isPartOf\":{\"@id\":\"https:\/\/www.welovecycling.com\/cs\/#website\"},\"primaryImageOfPage\":{\"@id\":\"https:\/\/www.welovecycling.com\/cs\/2025\/02\/04\/mathias-vacek-moje-telo-se-zmenilo-mam-lepsi-motor\/#primaryimage\"},\"image\":{\"@id\":\"https:\/\/www.welovecycling.com\/cs\/2025\/02\/04\/mathias-vacek-moje-telo-se-zmenilo-mam-lepsi-motor\/#primaryimage\"},\"thumbnailUrl\":\"https:\/\/d2p6e6u75xmxt8.cloudfront.net\/13\/2025\/01\/profimedia-0884231140.webp\",\"datePublished\":\"2025-02-04T03:00:41+00:00\",\"author\":{\"@id\":\"https:\/\/www.welovecycling.com\/cs\/#\/schema\/person\/d9eeb0a378f3a7e4a6d12d2b536b04b8\"},\"description\":\"Utnout \u010dek\u00e1n\u00ed na v\u00edt\u011bzstv\u00ed! C\u00edl jednoho z nejtalentovan\u011bj\u0161\u00edch \u010desk\u00fdch cyklist\u016f pro sezonu 2025 je jednozna\u010dn\u00fd. Mathias Vacek z\u016fstal v minul\u00e9m roce n\u011bkolikr\u00e1t o milimetry v elitn\u00edch z\u00e1vodech druh\u00fd. Do t\u0159et\u00ed kompletn\u00ed sezony ve formaci Lidl-Trek vstupuje po skv\u011bl\u00fdch lo\u0148sk\u00fdch v\u00fdkonech ve zcela jin\u00e9 pozici. A s obrovsk\u00fdm o\u010dek\u00e1v\u00e1n\u00edm.\",\"inLanguage\":\"cs\",\"potentialAction\":[{\"@type\":\"ReadAction\",\"target\":[\"https:\/\/www.welovecycling.com\/cs\/2025\/02\/04\/mathias-vacek-moje-telo-se-zmenilo-mam-lepsi-motor\/\"]}]},{\"@type\":\"ImageObject\",\"inLanguage\":\"cs\",\"@id\":\"https:\/\/www.welovecycling.com\/cs\/2025\/02\/04\/mathias-vacek-moje-telo-se-zmenilo-mam-lepsi-motor\/#primaryimage\",\"url\":\"https:\/\/d2p6e6u75xmxt8.cloudfront.net\/13\/2025\/01\/profimedia-0884231140.webp\",\"contentUrl\":\"https:\/\/d2p6e6u75xmxt8.cloudfront.net\/13\/2025\/01\/profimedia-0884231140.webp\",\"width\":1800,\"height\":1197,\"caption\":\"Mathias Vacek\"},{\"@type\":\"WebSite\",\"@id\":\"https:\/\/www.welovecycling.com\/cs\/#website\",\"url\":\"https:\/\/www.welovecycling.com\/cs\/\",\"name\":\"\u0160koda We Love Cycling - \u010cesk\u00e1 republika\",\"description\":\"WeLoveCycling.cz je online magaz\u00edn, kter\u00fd v\u00e1m pravideln\u011b p\u0159in\u00e1\u0161\u00ed rady a tipy, zaj\u00edmav\u00e9 \u010dl\u00e1nky, videa a jedine\u010dn\u00e9 report\u00e1\u017ee ze sv\u011bta cyklistiky.\",\"potentialAction\":[{\"@type\":\"SearchAction\",\"target\":{\"@type\":\"EntryPoint\",\"urlTemplate\":\"https:\/\/www.welovecycling.com\/cs\/?s={search_term_string}\"},\"query-input\":{\"@type\":\"PropertyValueSpecification\",\"valueRequired\":true,\"valueName\":\"search_term_string\"}}],\"inLanguage\":\"cs\"},{\"@type\":\"Person\",\"@id\":\"https:\/\/www.welovecycling.com\/cs\/#\/schema\/person\/d9eeb0a378f3a7e4a6d12d2b536b04b8\",\"name\":\"radekmalina\",\"image\":{\"@type\":\"ImageObject\",\"inLanguage\":\"cs\",\"@id\":\"https:\/\/www.welovecycling.com\/cs\/#\/schema\/person\/image\/\",\"url\":\"https:\/\/secure.gravatar.com\/avatar\/66994b632cb8c39a46b9f54afa3ae07201b678d32a54275b6f1c9ffec356bfc0?s=96&d=mm&r=g\",\"contentUrl\":\"https:\/\/secure.gravatar.com\/avatar\/66994b632cb8c39a46b9f54afa3ae07201b678d32a54275b6f1c9ffec356bfc0?s=96&d=mm&r=g\",\"caption\":\"radekmalina\"},\"url\":\"https:\/\/www.welovecycling.com\/cs\/author\/radekmalina\/\"}]}<\/script>\n<!-- \/ Yoast SEO Premium plugin. -->","yoast_head_json":{"title":"Mathias Vacek: Moje t\u011blo se zm\u011bnilo. M\u00e1m lep\u0161\u00ed motor | \u0160koda We Love Cycling - \u010cesk\u00e1 republika","description":"Utnout \u010dek\u00e1n\u00ed na v\u00edt\u011bzstv\u00ed! C\u00edl jednoho z nejtalentovan\u011bj\u0161\u00edch \u010desk\u00fdch cyklist\u016f pro sezonu 2025 je jednozna\u010dn\u00fd. Mathias Vacek z\u016fstal v minul\u00e9m roce n\u011bkolikr\u00e1t o milimetry v elitn\u00edch z\u00e1vodech druh\u00fd. Do t\u0159et\u00ed kompletn\u00ed sezony ve formaci Lidl-Trek vstupuje po skv\u011bl\u00fdch lo\u0148sk\u00fdch v\u00fdkonech ve zcela jin\u00e9 pozici. A s obrovsk\u00fdm o\u010dek\u00e1v\u00e1n\u00edm.","robots":{"index":"index","follow":"follow","max-snippet":"max-snippet:-1","max-image-preview":"max-image-preview:large","max-video-preview":"max-video-preview:-1"},"canonical":"https:\/\/www.welovecycling.com\/cs\/2025\/02\/04\/mathias-vacek-moje-telo-se-zmenilo-mam-lepsi-motor\/","og_locale":"cs_CZ","og_type":"article","og_title":"Mathias Vacek: Moje t\u011blo se zm\u011bnilo. M\u00e1m lep\u0161\u00ed motor","og_description":"Utnout \u010dek\u00e1n\u00ed na v\u00edt\u011bzstv\u00ed! C\u00edl jednoho z nejtalentovan\u011bj\u0161\u00edch \u010desk\u00fdch cyklist\u016f pro sezonu 2025 je jednozna\u010dn\u00fd. Mathias Vacek z\u016fstal v minul\u00e9m roce n\u011bkolikr\u00e1t o milimetry v elitn\u00edch z\u00e1vodech druh\u00fd. Do t\u0159et\u00ed kompletn\u00ed sezony ve formaci Lidl-Trek vstupuje po skv\u011bl\u00fdch lo\u0148sk\u00fdch v\u00fdkonech ve zcela jin\u00e9 pozici. A s obrovsk\u00fdm o\u010dek\u00e1v\u00e1n\u00edm.","og_url":"https:\/\/www.welovecycling.com\/cs\/2025\/02\/04\/mathias-vacek-moje-telo-se-zmenilo-mam-lepsi-motor\/","og_site_name":"\u0160koda We Love Cycling - \u010cesk\u00e1 republika","article_published_time":"2025-02-04T03:00:41+00:00","og_image":[{"width":1800,"height":1197,"url":"https:\/\/d2p6e6u75xmxt8.cloudfront.net\/13\/2025\/01\/profimedia-0884231140.webp","type":"image\/webp"}],"author":"radekmalina","twitter_card":"summary_large_image","twitter_misc":{"Written by":"We Love Cycling","Est. reading time":"5"},"schema":{"@context":"https:\/\/schema.org","@graph":[{"@type":"WebPage","@id":"https:\/\/www.welovecycling.com\/cs\/2025\/02\/04\/mathias-vacek-moje-telo-se-zmenilo-mam-lepsi-motor\/","url":"https:\/\/www.welovecycling.com\/cs\/2025\/02\/04\/mathias-vacek-moje-telo-se-zmenilo-mam-lepsi-motor\/","name":"Mathias Vacek: Moje t\u011blo se zm\u011bnilo. M\u00e1m lep\u0161\u00ed motor | \u0160koda We Love Cycling - \u010cesk\u00e1 republika","isPartOf":{"@id":"https:\/\/www.welovecycling.com\/cs\/#website"},"primaryImageOfPage":{"@id":"https:\/\/www.welovecycling.com\/cs\/2025\/02\/04\/mathias-vacek-moje-telo-se-zmenilo-mam-lepsi-motor\/#primaryimage"},"image":{"@id":"https:\/\/www.welovecycling.com\/cs\/2025\/02\/04\/mathias-vacek-moje-telo-se-zmenilo-mam-lepsi-motor\/#primaryimage"},"thumbnailUrl":"https:\/\/d2p6e6u75xmxt8.cloudfront.net\/13\/2025\/01\/profimedia-0884231140.webp","datePublished":"2025-02-04T03:00:41+00:00","author":{"@id":"https:\/\/www.welovecycling.com\/cs\/#\/schema\/person\/d9eeb0a378f3a7e4a6d12d2b536b04b8"},"description":"Utnout \u010dek\u00e1n\u00ed na v\u00edt\u011bzstv\u00ed! C\u00edl jednoho z nejtalentovan\u011bj\u0161\u00edch \u010desk\u00fdch cyklist\u016f pro sezonu 2025 je jednozna\u010dn\u00fd. Mathias Vacek z\u016fstal v minul\u00e9m roce n\u011bkolikr\u00e1t o milimetry v elitn\u00edch z\u00e1vodech druh\u00fd. Do t\u0159et\u00ed kompletn\u00ed sezony ve formaci Lidl-Trek vstupuje po skv\u011bl\u00fdch lo\u0148sk\u00fdch v\u00fdkonech ve zcela jin\u00e9 pozici. A s obrovsk\u00fdm o\u010dek\u00e1v\u00e1n\u00edm.","inLanguage":"cs","potentialAction":[{"@type":"ReadAction","target":["https:\/\/www.welovecycling.com\/cs\/2025\/02\/04\/mathias-vacek-moje-telo-se-zmenilo-mam-lepsi-motor\/"]}]},{"@type":"ImageObject","inLanguage":"cs","@id":"https:\/\/www.welovecycling.com\/cs\/2025\/02\/04\/mathias-vacek-moje-telo-se-zmenilo-mam-lepsi-motor\/#primaryimage","url":"https:\/\/d2p6e6u75xmxt8.cloudfront.net\/13\/2025\/01\/profimedia-0884231140.webp","contentUrl":"https:\/\/d2p6e6u75xmxt8.cloudfront.net\/13\/2025\/01\/profimedia-0884231140.webp","width":1800,"height":1197,"caption":"Mathias Vacek"},{"@type":"WebSite","@id":"https:\/\/www.welovecycling.com\/cs\/#website","url":"https:\/\/www.welovecycling.com\/cs\/","name":"\u0160koda We Love Cycling - \u010cesk\u00e1 republika","description":"WeLoveCycling.cz je online magaz\u00edn, kter\u00fd v\u00e1m pravideln\u011b p\u0159in\u00e1\u0161\u00ed rady a tipy, zaj\u00edmav\u00e9 \u010dl\u00e1nky, videa a jedine\u010dn\u00e9 report\u00e1\u017ee ze sv\u011bta cyklistiky.","potentialAction":[{"@type":"SearchAction","target":{"@type":"EntryPoint","urlTemplate":"https:\/\/www.welovecycling.com\/cs\/?s={search_term_string}"},"query-input":{"@type":"PropertyValueSpecification","valueRequired":true,"valueName":"search_term_string"}}],"inLanguage":"cs"},{"@type":"Person","@id":"https:\/\/www.welovecycling.com\/cs\/#\/schema\/person\/d9eeb0a378f3a7e4a6d12d2b536b04b8","name":"radekmalina","image":{"@type":"ImageObject","inLanguage":"cs","@id":"https:\/\/www.welovecycling.com\/cs\/#\/schema\/person\/image\/","url":"https:\/\/secure.gravatar.com\/avatar\/66994b632cb8c39a46b9f54afa3ae07201b678d32a54275b6f1c9ffec356bfc0?s=96&d=mm&r=g","contentUrl":"https:\/\/secure.gravatar.com\/avatar\/66994b632cb8c39a46b9f54afa3ae07201b678d32a54275b6f1c9ffec356bfc0?s=96&d=mm&r=g","caption":"radekmalina"},"url":"https:\/\/www.welovecycling.com\/cs\/author\/radekmalina\/"}]}},"_links":{"self":[{"href":"https:\/\/www.welovecycling.com\/cs\/wp-json\/wp\/v2\/posts\/28122","targetHints":{"allow":["GET"]}}],"collection":[{"href":"https:\/\/www.welovecycling.com\/cs\/wp-json\/wp\/v2\/posts"}],"about":[{"href":"https:\/\/www.welovecycling.com\/cs\/wp-json\/wp\/v2\/types\/post"}],"author":[{"embeddable":true,"href":"https:\/\/www.welovecycling.com\/cs\/wp-json\/wp\/v2\/users\/138"}],"replies":[{"embeddable":true,"href":"https:\/\/www.welovecycling.com\/cs\/wp-json\/wp\/v2\/comments?post=28122"}],"version-history":[{"count":4,"href":"https:\/\/www.welovecycling.com\/cs\/wp-json\/wp\/v2\/posts\/28122\/revisions"}],"predecessor-version":[{"id":28138,"href":"https:\/\/www.welovecycling.com\/cs\/wp-json\/wp\/v2\/posts\/28122\/revisions\/28138"}],"wp:featuredmedia":[{"embeddable":true,"href":"https:\/\/www.welovecycling.com\/cs\/wp-json\/wp\/v2\/media\/28126"}],"wp:attachment":[{"href":"https:\/\/www.welovecycling.com\/cs\/wp-json\/wp\/v2\/media?parent=28122"}],"wp:term":[{"taxonomy":"category","embeddable":true,"href":"https:\/\/www.welovecycling.com\/cs\/wp-json\/wp\/v2\/categories?post=28122"},{"taxonomy":"post_tag","embeddable":true,"href":"https:\/\/www.welovecycling.com\/cs\/wp-json\/wp\/v2\/tags?post=28122"},{"taxonomy":"global-categories","embeddable":true,"href":"https:\/\/www.welovecycling.com\/cs\/wp-json\/wp\/v2\/global-categories?post=28122"}],"curies":[{"name":"wp","href":"https:\/\/api.w.org\/{rel}","templated":true}]}}