{"id":28083,"date":"2025-01-27T03:00:25","date_gmt":"2025-01-27T01:00:25","guid":{"rendered":"https:\/\/www.welovecycling.com\/cs\/?p=28083"},"modified":"2025-01-26T23:28:53","modified_gmt":"2025-01-26T21:28:53","slug":"fenomen-vladne-i-se-zlomenym-zebrem-je-rekord-jen-formalitou","status":"publish","type":"post","link":"https:\/\/www.welovecycling.com\/cs\/2025\/01\/27\/fenomen-vladne-i-se-zlomenym-zebrem-je-rekord-jen-formalitou\/","title":{"rendered":"Fenom\u00e9n vl\u00e1dne i se zlomen\u00fdm \u017eebrem. Je rekord jen formalitou?"},"content":{"rendered":"<p><strong>Je tak dominantn\u00ed, \u017ee z\u00e1vodit proti n\u011bmu se zd\u00e1 jako masochismus. Mathieu van der Poel vyhr\u00e1l v prob\u00edhaj\u00edc\u00ed sezon\u011b sedm ze sedmi z\u00e1vod\u016f, do nich\u017e nastoupil. Dokonce i se zlomeninou \u017eebra, kterou utrp\u011bl v prosinci, dok\u00e1zal vyhr\u00e1t t\u0159i z\u00e1vody. Je v\u016fbec mo\u017en\u00e9, aby prvn\u00ed \u00fanorovou ned\u011bli nez\u00edskal ve Francii sedm\u00fd titul mistra sv\u011bta? A porazil ho vlastn\u011b n\u011bkdo v posledn\u00ed dob\u011b?<\/strong><\/p>\n<p>Mathieu van der Poel je v posledn\u00edch dvou letech v cyklokrosu nezastaviteln\u00fd. V prob\u00edhaj\u00edc\u00ed sezon\u011b nastoupil do sedmi z\u00e1vod\u016f. Sedmkr\u00e1t slavil triumf ani\u017e by se mu alespo\u0148 jednou kdokoliv p\u0159ibl\u00ed\u017eil a byl schopn\u00fd t\u0159icetilet\u00e9ho borce ohrozit. B\u011bhem lo\u0148sk\u00e9 sezony jel \u010dtrn\u00e1ct z\u00e1vod\u016f. Pouze jedinkr\u00e1t neslavil v\u00edt\u011bzstv\u00ed. A \u0161est z\u00e1vod\u016f v \u00favodu roku 2023 zakon\u010den\u00fdch triumfem v bitv\u011b o duhov\u00fd trikot v Hoogerheide? \u010cty\u0159i v\u00fdhry, dv\u011b druh\u00e1 m\u00edsta.<\/p>\n<p>Mathieu van der Poel okouzluje v ka\u017ed\u00e9m z\u00e1vod\u011b \u00fa\u017easnou sm\u011bs\u00ed syrov\u00e9 s\u00edly, technick\u00fdch schopnost\u00ed a taktick\u00e9 inteligence. Tato sm\u011bs ho \u010dasto stav\u00ed na \u00farove\u0148 daleko nad jeho konkurenty. Ze sedmadvaceti z\u00e1vod\u016f pouze t\u0159ikr\u00e1t nevyhr\u00e1l! Bilance, kter\u00e1 mus\u00ed ohromit ka\u017ed\u00e9ho. Pro\u010d se nizozemsk\u00fd cyklista nemus\u00ed s vidinou mistrovstv\u00ed sv\u011bta ob\u00e1vat, \u017ee by neslavil v\u00edt\u011bzstv\u00ed? T\u0159i z\u00e1vody bez jm\u00e9na nizozemsk\u00e9ho borce na pol\u00ed\u010dku nejrychlej\u0161\u00edho mu\u017ee maj\u00ed jednoho v\u00edt\u011bze. V\u011b\u010dn\u00e9ho rivala jm\u00e9nem Wout van Aert! A ten ne\u010dekan\u011b ozn\u00e1mil, \u017ee ve Francii pojede&#8230;<\/p>\n<h2><strong>Kdy nedok\u00e1zal Mathieu van der Poel vyhr\u00e1t?<\/strong><\/h2>\n<p><strong>X20 Trofee Koksijde, leden 2023:<\/strong>\u00a0P\u00edse\u010dn\u00fd ter\u00e9n v Koksijde uk\u00e1zal, kde je mo\u017enost favorizovanou nizozemskou hv\u011bzdu porazit. Wout van Aert uk\u00e1zal vynikaj\u00edc\u00ed ovl\u00e1d\u00e1n\u00ed kola a mimo\u0159\u00e1dnou s\u00edlu, tak\u017ee si vytvo\u0159il velik\u00fd n\u00e1skok a vyhr\u00e1l suver\u00e9nn\u011b.<\/p>\n<figure id=\"attachment_11536\" aria-describedby=\"caption-attachment-11536\" style=\"width: 1600px\" class=\"wp-caption alignnone\"><a href=\"https:\/\/d2p6e6u75xmxt8.cloudfront.net\/13\/2021\/02\/Mathieu-van-der-Poel-2.webp\"><img loading=\"lazy\" decoding=\"async\" class=\"size-full wp-image-11536\" src=\"https:\/\/d2p6e6u75xmxt8.cloudfront.net\/13\/2021\/02\/Mathieu-van-der-Poel-2.webp\" alt=\"Mathieu van der Poel v \u00favodu z\u00e1vodu na druh\u00e9 p\u0159\u00ed\u010dce za Belgi\u010danem Woutem van Aertem. Foto: Michal \u010cerven\u00fd\" width=\"1600\" height=\"1067\" srcset=\"https:\/\/d2p6e6u75xmxt8.cloudfront.net\/13\/2021\/02\/Mathieu-van-der-Poel-2.webp 1600w, https:\/\/d2p6e6u75xmxt8.cloudfront.net\/13\/2021\/02\/Mathieu-van-der-Poel-2-300x200.webp 300w, https:\/\/d2p6e6u75xmxt8.cloudfront.net\/13\/2021\/02\/Mathieu-van-der-Poel-2-1024x683.webp 1024w, https:\/\/d2p6e6u75xmxt8.cloudfront.net\/13\/2021\/02\/Mathieu-van-der-Poel-2-768x512.webp 768w, https:\/\/d2p6e6u75xmxt8.cloudfront.net\/13\/2021\/02\/Mathieu-van-der-Poel-2-1536x1024.webp 1536w, https:\/\/d2p6e6u75xmxt8.cloudfront.net\/13\/2021\/02\/Mathieu-van-der-Poel-2-272x182.webp 272w\" sizes=\"auto, (max-width: 1600px) 100vw, 1600px\" \/><\/a><figcaption id=\"caption-attachment-11536\" class=\"wp-caption-text\"><em>Mathieu van der Poel vz\u00e1cn\u011b jede na druh\u00e9 pozici za Belgi\u010danem Woutem van Aertem. Foto: Michal \u010cerven\u00fd<\/em><\/figcaption><\/figure>\n<p><strong>Sv\u011btov\u00fd poh\u00e1r Zonhoven, leden 2023:<\/strong>\u00a0P\u00edse\u010dn\u00e9 duny hr\u00e1ly do noty Wouta van Aerta. Belgi\u010dan l\u00e9tal po p\u00edsku s neuv\u011b\u0159itelnou lehkost\u00ed a vyhr\u00e1l s n\u00e1skokem 83 sekund. Bylo to po sezon\u011b, kdy z\u00edskal zelen\u00fd dres \u0160koda Auto na Tour de France. Nutno p\u0159ipomenout, \u017ee z\u00e1vodn\u00edk formace Alpecin Deceuninck m\u011bl mechanickou z\u00e1vadu na kole, kter\u00e1 ho p\u0159ibrzdila. I proto nebyl schopn\u00fd reagovat a podruh\u00e9 v \u0159ad\u011b prohr\u00e1l, co\u017e je v jeho p\u0159\u00edpad\u011b v\u011bc nev\u00eddan\u00e1.<\/p>\n<div class=\"shortcode-ys-post-pinup\"><article class=\"loop-simple post-28013 post type-post status-publish format-standard has-post-thumbnail hentry category-https-www-welovecycling-com-cs-category-zabava tag-cyklistika tag-hry-na-pocitaci tag-parcel-corps tag-pro-cycling-manager-2024 tag-tour-de-france tag-videohry global-categories-cycling\" data-postid=\"28013\" role=\"article\" data-post-id=\"28013\" data-word-count=\"357\" data-headline-length=\"68\" data-category=\"Z\u00c1BAVA\" data-global-category=\"Cycling\" data-author=\"We Love Cycling\" data-published=\"2025-01-17T05:30:50+02:00\" data-published-day=\"Friday\">\n    <div class=\"entry-thumbnail article-thumbnail\" content=\"https:\/\/d2p6e6u75xmxt8.cloudfront.net\/13\/2025\/01\/uvodka2-150x150.webp\"><a href=\"https:\/\/www.welovecycling.com\/cs\/2025\/01\/17\/tour-de-gauc-nejlepsi-cyklisticke-video-hry-pro-ledove-mesice\/\" class=\"image-holder\" target=\"_self\"><img decoding=\"async\" loading=\"lazy\" class=\"\" src=\"https:\/\/d2p6e6u75xmxt8.cloudfront.net\/13\/2025\/01\/uvodka2-1024x680.webp\" srcset=\"https:\/\/d2p6e6u75xmxt8.cloudfront.net\/13\/2025\/01\/uvodka2-scaled.webp 2560w, https:\/\/d2p6e6u75xmxt8.cloudfront.net\/13\/2025\/01\/uvodka2-300x199.webp 300w, https:\/\/d2p6e6u75xmxt8.cloudfront.net\/13\/2025\/01\/uvodka2-1024x680.webp 1024w, https:\/\/d2p6e6u75xmxt8.cloudfront.net\/13\/2025\/01\/uvodka2-768x510.webp 768w, https:\/\/d2p6e6u75xmxt8.cloudfront.net\/13\/2025\/01\/uvodka2-1536x1020.webp 1536w, https:\/\/d2p6e6u75xmxt8.cloudfront.net\/13\/2025\/01\/uvodka2-2048x1360.webp 2048w, https:\/\/d2p6e6u75xmxt8.cloudfront.net\/13\/2025\/01\/uvodka2-1920x1275.webp 1920w, https:\/\/d2p6e6u75xmxt8.cloudfront.net\/13\/2025\/01\/uvodka2-400x266.webp 400w, https:\/\/d2p6e6u75xmxt8.cloudfront.net\/13\/2025\/01\/uvodka2-272x182.webp 272w, https:\/\/d2p6e6u75xmxt8.cloudfront.net\/13\/2025\/01\/uvodka2-1920x1275.webp 1920w\" width=\"1024\" height=\"680\" sizes=\"auto, (min-width: 1200px) 302px, (min-width: 768px) 25vw, 100vw\" alt=\"tour-de-gauc-nejlepsi-cyklisticke-video-hry-pro-ledove-mesice\"\/><\/a><\/div>    <div class=\"entry-meta\">\n        <a class=\"label label-secondary post-category\" href=\"https:\/\/www.welovecycling.com\/cs\/category\/https-www-welovecycling-com-cs-category-zabava\/\" title=\"Z\u00c1BAVA\">Z\u00c1BAVA<\/a>\n    <\/div>\n    <div class=\"entry-details\">\n        <a href=\"https:\/\/www.welovecycling.com\/cs\/2025\/01\/17\/tour-de-gauc-nejlepsi-cyklisticke-video-hry-pro-ledove-mesice\/\" class='entry-title-wrapper'>\n            <h3 class=\"entry-title\"><span>Tour de Gau\u010d. Nejlep\u0161\u00ed cyklistick\u00e9 videohry pro ledov\u00e9 m\u011bs\u00edce<\/span><\/h3>\n        <\/a>\n    <\/div>\n    <\/article>\n<\/div>\n<p><strong>Sv\u011btov\u00fd poh\u00e1r v Benidormu, leden 2024:<\/strong>\u00a0Nizozemsk\u00fd z\u00e1vodn\u00edk dorazil do \u0160pan\u011blska s deseti cyklokrosov\u00fdmi triumfy v sezon\u011b v \u0159ad\u011b. Byla to epick\u00e1 bitva. Po\u0159ad\u00ed se n\u011bkolikr\u00e1t p\u0159elilo, borci ve veden\u00ed vyst\u0159\u00eddali. P\u0159esto\u017ee Nizozemec p\u0159edvedl fantastick\u00fd v\u00fdkon, Wout van Aert na technick\u00e9m a rychl\u00e9m okruhu dok\u00e1zal s trochou \u0161t\u011bst\u00ed a po bezchybn\u00e9m v\u00fdkonu zv\u00edt\u011bzit. V dal\u0161\u00edch t\u0159ech z\u00e1vodech, v\u010detn\u011b mistrovstv\u00ed sv\u011bta v T\u00e1bo\u0159e, u\u017e byl v\u0161ak Mathieu van der Poel op\u011bt dominantn\u00ed.<\/p>\n<h2><strong>Je neporaziteln\u00fd i se zlomen\u00fdm \u017eebrem<\/strong><\/h2>\n<p>Zkr\u00e1tka, aby nez\u00edskal sedm\u00fd titul mistra sv\u011bta, mus\u00ed m\u00edt n\u011bkter\u00fd ze soupe\u0159\u016f perfektn\u00ed den. A Mathieu van der Poel hodn\u011b \u0161patn\u00fd. Jde o tak v\u0161estrann\u00e9ho jezdce, \u017ee je skoro nemo\u017en\u00e9 jej porazit. Nav\u00edc mezi cyklokrosov\u00fdmi specialisty, ruku na srdce, nem\u00e1 sob\u011b rovn\u00e9ho. Situaci m\u016f\u017ee zm\u011bnit ne\u010dekan\u00e9 rozhodnut\u00ed Wouta van Aerta o startu ve Francii. Ale i tak z\u016fst\u00e1v\u00e1 MVDP jasn\u00fdm favoritem. Kdy\u017e u\u017e se potkaly, jako t\u0159eba v Maasmechelenu, kupil Belgi\u010dan mnoho chyb.<\/p>\n<figure id=\"attachment_28084\" aria-describedby=\"caption-attachment-28084\" style=\"width: 1800px\" class=\"wp-caption alignnone\"><a href=\"https:\/\/d2p6e6u75xmxt8.cloudfront.net\/13\/2025\/01\/profimedia-0957809269.webp\"><img loading=\"lazy\" decoding=\"async\" class=\"size-full wp-image-28084\" src=\"https:\/\/d2p6e6u75xmxt8.cloudfront.net\/13\/2025\/01\/profimedia-0957809269.webp\" alt=\"\" width=\"1800\" height=\"1200\" srcset=\"https:\/\/d2p6e6u75xmxt8.cloudfront.net\/13\/2025\/01\/profimedia-0957809269.webp 1800w, https:\/\/d2p6e6u75xmxt8.cloudfront.net\/13\/2025\/01\/profimedia-0957809269-300x200.webp 300w, https:\/\/d2p6e6u75xmxt8.cloudfront.net\/13\/2025\/01\/profimedia-0957809269-1024x683.webp 1024w, https:\/\/d2p6e6u75xmxt8.cloudfront.net\/13\/2025\/01\/profimedia-0957809269-768x512.webp 768w, https:\/\/d2p6e6u75xmxt8.cloudfront.net\/13\/2025\/01\/profimedia-0957809269-1536x1024.webp 1536w, https:\/\/d2p6e6u75xmxt8.cloudfront.net\/13\/2025\/01\/profimedia-0957809269-400x267.webp 400w, https:\/\/d2p6e6u75xmxt8.cloudfront.net\/13\/2025\/01\/profimedia-0957809269-272x182.webp 272w\" sizes=\"auto, (max-width: 1800px) 100vw, 1800px\" \/><\/a><figcaption id=\"caption-attachment-28084\" class=\"wp-caption-text\"><em>Mathieu van der Poel usiluje o vyrovn\u00e1n\u00ed rekordu v po\u010dtu duhov\u00fdch trikot\u016f mistra sv\u011bta mezi elitou. Foto: profimedia<\/em><\/figcaption><\/figure>\n<p>Pikantn\u00ed je, \u017ee nizozemsk\u00fd d\u00e9mon dok\u00e1zal v\u00edt\u011bzit i se zlomen\u00fdm \u017eebrem. P\u0159iznal, \u017ee p\u00e1d v z\u00e1v\u011bru sezony mu nezp\u016fsobil pohmo\u017ed\u011bninu, ale zlomeninu \u017eebra. &#8222;Je\u0161t\u011b to \u00fapln\u011b nesrostlo. Na kole se nec\u00edt\u00edm \u00fapln\u011b komfortn\u011b, ale d\u00e1 se to zvl\u00e1dnout,&#8220; p\u0159iznal nizozemsk\u00fd fenom\u00e9n.<\/p>\n<div class=\"shortcode-ys-post-pinup\"><article class=\"loop-simple post-27984 post type-post status-publish format-standard has-post-thumbnail hentry category-silnicni-cyklistika tag-cyklisticke-tresty tag-cyklistika tag-delka-zavodu tag-ms-zen-do-23-let tag-nova-pravidla tag-pravidla-2025 tag-silnicni-cyklistika tag-zlute-karty tag-zmena-sprintu global-categories-cycling\" data-postid=\"27984\" role=\"article\" data-post-id=\"27984\" data-word-count=\"425\" data-headline-length=\"51\" data-category=\"Silni\u010dn\u00ed cyklistika\" data-global-category=\"Cycling\" data-author=\"We Love Cycling\" data-published=\"2025-01-08T21:06:07+02:00\" data-published-day=\"Wednesday\">\n    <div class=\"entry-thumbnail article-thumbnail\" content=\"https:\/\/d2p6e6u75xmxt8.cloudfront.net\/13\/2025\/01\/profimedia-0950848480-150x150.webp\"><a href=\"https:\/\/www.welovecycling.com\/cs\/2025\/01\/08\/nova-pravidla-zlute-karty-mohou-nadelat-paseku\/\" class=\"image-holder\" target=\"_self\"><img decoding=\"async\" loading=\"lazy\" class=\"\" src=\"https:\/\/d2p6e6u75xmxt8.cloudfront.net\/13\/2025\/01\/profimedia-0950848480-1024x681.webp\" srcset=\"https:\/\/d2p6e6u75xmxt8.cloudfront.net\/13\/2025\/01\/profimedia-0950848480.webp 1800w, https:\/\/d2p6e6u75xmxt8.cloudfront.net\/13\/2025\/01\/profimedia-0950848480-300x200.webp 300w, https:\/\/d2p6e6u75xmxt8.cloudfront.net\/13\/2025\/01\/profimedia-0950848480-1024x681.webp 1024w, https:\/\/d2p6e6u75xmxt8.cloudfront.net\/13\/2025\/01\/profimedia-0950848480-768x511.webp 768w, https:\/\/d2p6e6u75xmxt8.cloudfront.net\/13\/2025\/01\/profimedia-0950848480-1536x1021.webp 1536w, https:\/\/d2p6e6u75xmxt8.cloudfront.net\/13\/2025\/01\/profimedia-0950848480-400x266.webp 400w, https:\/\/d2p6e6u75xmxt8.cloudfront.net\/13\/2025\/01\/profimedia-0950848480-272x182.webp 272w\" width=\"1024\" height=\"681\" sizes=\"auto, (min-width: 1200px) 300px, (min-width: 768px) 25vw, 100vw\" alt=\"nova-pravidla-zlute-karty-mohou-nadelat-paseku\"\/><\/a><\/div>    <div class=\"entry-meta\">\n        <a class=\"label label-secondary post-category\" href=\"https:\/\/www.welovecycling.com\/cs\/category\/silnicni-cyklistika\/\" title=\"Silni\u010dn\u00ed cyklistika\">Silni\u010dn\u00ed cyklistika<\/a>\n    <\/div>\n    <div class=\"entry-details\">\n        <a href=\"https:\/\/www.welovecycling.com\/cs\/2025\/01\/08\/nova-pravidla-zlute-karty-mohou-nadelat-paseku\/\" class='entry-title-wrapper'>\n            <h3 class=\"entry-title\"><span>Nov\u00e1 pravidla: \u017elut\u00e9 karty mohou nad\u011blat paseku<\/span><\/h3>\n        <\/a>\n    <\/div>\n    <\/article>\n<\/div>\n<p>P\u0159ipo\u010dt\u011bte fakt, \u017ee schopnost dr\u017eet dominanci celou sezonu i se zran\u011bn\u00edm, d\u011bl\u00e1 z <a href=\"https:\/\/www.welovecycling.com\/cs\/2025\/01\/19\/mathieu-van-der-poel-chci-rekord-z-flander-a-titul-na-biku-ma-to-jeden-hacek\/\">Mathieu van der Poela<\/a> jednoho z nejlep\u0161\u00edch cyklokrosa\u0159\u016f v\u0161ech dob. A m\u016f\u017eete si b\u00fdt jist\u00ed, \u017ee v Lievinu bude slavit sedm\u00fd titul mistra sv\u011bta v cyklokrosu mezi elitou, \u010d\u00edm\u017e vyrovn\u00e1 dosavadn\u00edho rekordmana, j\u00edm\u017e je Belgi\u010dan Erik de Vlaeminck.<\/p>\n","protected":false},"excerpt":{"rendered":"<p>Je tak dominantn\u00ed, \u017ee z\u00e1vodit proti n\u011bmu se zd\u00e1 jako masochismus. Mathieu van der Poel vyhr\u00e1l v prob\u00edhaj\u00edc\u00ed sezon\u011b sedm [&hellip;]<\/p>\n","protected":false},"author":138,"featured_media":28085,"comment_status":"open","ping_status":"open","sticky":false,"template":"","format":"standard","meta":{"footnotes":""},"categories":[1303],"tags":[126,723,178,1154,1073,4027],"global-categories":[411],"class_list":["post-28083","post","type-post","status-publish","format-standard","has-post-thumbnail","hentry","category-cyklokros","tag-cyklistika","tag-cyklokros","tag-mathieu-van-der-poel","tag-mistrovstvi-sveta","tag-wout-van-aert","tag-zlomene-zebro","global-categories-cycling"],"yoast_head":"<!-- This site is optimized with the Yoast SEO Premium plugin v25.3 (Yoast SEO v25.9) - https:\/\/yoast.com\/wordpress\/plugins\/seo\/ -->\n<title>Fenom\u00e9n vl\u00e1dne i se zlomen\u00fdm \u017eebrem. Je rekord jen formalitou? | \u0160koda We Love Cycling - \u010cesk\u00e1 republika<\/title>\n<meta name=\"description\" content=\"Mathieu van der Poel za posledn\u00ed dva roky nevyhr\u00e1l jen t\u0159i z\u00e1vody. Dominuje i se zlomen\u00fdm \u017eebrem. Je mo\u017en\u00e9, aby Nizozemec nevyhr\u00e1l sedm\u00fd titul mistra sv\u011bta?\" \/>\n<meta name=\"robots\" content=\"index, follow, max-snippet:-1, max-image-preview:large, max-video-preview:-1\" \/>\n<link rel=\"canonical\" href=\"https:\/\/www.welovecycling.com\/cs\/2025\/01\/27\/fenomen-vladne-i-se-zlomenym-zebrem-je-rekord-jen-formalitou\/\" \/>\n<meta property=\"og:locale\" content=\"cs_CZ\" \/>\n<meta property=\"og:type\" content=\"article\" \/>\n<meta property=\"og:title\" content=\"Fenom\u00e9n vl\u00e1dne i se zlomen\u00fdm \u017eebrem. Je rekord jen formalitou?\" \/>\n<meta property=\"og:description\" content=\"Mathieu van der Poel za posledn\u00ed dva roky nevyhr\u00e1l jen t\u0159i z\u00e1vody. Dominuje i se zlomen\u00fdm \u017eebrem. Je mo\u017en\u00e9, aby Nizozemec nevyhr\u00e1l sedm\u00fd titul mistra sv\u011bta?\" \/>\n<meta property=\"og:url\" content=\"https:\/\/www.welovecycling.com\/cs\/2025\/01\/27\/fenomen-vladne-i-se-zlomenym-zebrem-je-rekord-jen-formalitou\/\" \/>\n<meta property=\"og:site_name\" content=\"\u0160koda We Love Cycling - \u010cesk\u00e1 republika\" \/>\n<meta property=\"article:published_time\" content=\"2025-01-27T01:00:25+00:00\" \/>\n<meta property=\"og:image\" content=\"https:\/\/d2p6e6u75xmxt8.cloudfront.net\/13\/2025\/01\/profimedia-0957810069.webp\" \/>\n\t<meta property=\"og:image:width\" content=\"1800\" \/>\n\t<meta property=\"og:image:height\" content=\"1200\" \/>\n\t<meta property=\"og:image:type\" content=\"image\/webp\" \/>\n<meta name=\"author\" content=\"radekmalina\" \/>\n<meta name=\"twitter:card\" content=\"summary_large_image\" \/>\n<meta name=\"twitter:label1\" content=\"Written by\" \/>\n\t<meta name=\"twitter:data1\" content=\"We Love Cycling\" \/>\n\t<meta name=\"twitter:label2\" content=\"Est. reading time\" \/>\n\t<meta name=\"twitter:data2\" content=\"5\" \/>\n<script type=\"application\/ld+json\" class=\"yoast-schema-graph\">{\"@context\":\"https:\/\/schema.org\",\"@graph\":[{\"@type\":\"WebPage\",\"@id\":\"https:\/\/www.welovecycling.com\/cs\/2025\/01\/27\/fenomen-vladne-i-se-zlomenym-zebrem-je-rekord-jen-formalitou\/\",\"url\":\"https:\/\/www.welovecycling.com\/cs\/2025\/01\/27\/fenomen-vladne-i-se-zlomenym-zebrem-je-rekord-jen-formalitou\/\",\"name\":\"Fenom\u00e9n vl\u00e1dne i se zlomen\u00fdm \u017eebrem. Je rekord jen formalitou? | \u0160koda We Love Cycling - \u010cesk\u00e1 republika\",\"isPartOf\":{\"@id\":\"https:\/\/www.welovecycling.com\/cs\/#website\"},\"primaryImageOfPage\":{\"@id\":\"https:\/\/www.welovecycling.com\/cs\/2025\/01\/27\/fenomen-vladne-i-se-zlomenym-zebrem-je-rekord-jen-formalitou\/#primaryimage\"},\"image\":{\"@id\":\"https:\/\/www.welovecycling.com\/cs\/2025\/01\/27\/fenomen-vladne-i-se-zlomenym-zebrem-je-rekord-jen-formalitou\/#primaryimage\"},\"thumbnailUrl\":\"https:\/\/d2p6e6u75xmxt8.cloudfront.net\/13\/2025\/01\/profimedia-0957810069.webp\",\"datePublished\":\"2025-01-27T01:00:25+00:00\",\"author\":{\"@id\":\"https:\/\/www.welovecycling.com\/cs\/#\/schema\/person\/d9eeb0a378f3a7e4a6d12d2b536b04b8\"},\"description\":\"Mathieu van der Poel za posledn\u00ed dva roky nevyhr\u00e1l jen t\u0159i z\u00e1vody. Dominuje i se zlomen\u00fdm \u017eebrem. Je mo\u017en\u00e9, aby Nizozemec nevyhr\u00e1l sedm\u00fd titul mistra sv\u011bta?\",\"inLanguage\":\"cs\",\"potentialAction\":[{\"@type\":\"ReadAction\",\"target\":[\"https:\/\/www.welovecycling.com\/cs\/2025\/01\/27\/fenomen-vladne-i-se-zlomenym-zebrem-je-rekord-jen-formalitou\/\"]}]},{\"@type\":\"ImageObject\",\"inLanguage\":\"cs\",\"@id\":\"https:\/\/www.welovecycling.com\/cs\/2025\/01\/27\/fenomen-vladne-i-se-zlomenym-zebrem-je-rekord-jen-formalitou\/#primaryimage\",\"url\":\"https:\/\/d2p6e6u75xmxt8.cloudfront.net\/13\/2025\/01\/profimedia-0957810069.webp\",\"contentUrl\":\"https:\/\/d2p6e6u75xmxt8.cloudfront.net\/13\/2025\/01\/profimedia-0957810069.webp\",\"width\":1800,\"height\":1200,\"caption\":\"Mathieu van der Poel\"},{\"@type\":\"WebSite\",\"@id\":\"https:\/\/www.welovecycling.com\/cs\/#website\",\"url\":\"https:\/\/www.welovecycling.com\/cs\/\",\"name\":\"\u0160koda We Love Cycling - \u010cesk\u00e1 republika\",\"description\":\"WeLoveCycling.cz je online magaz\u00edn, kter\u00fd v\u00e1m pravideln\u011b p\u0159in\u00e1\u0161\u00ed rady a tipy, zaj\u00edmav\u00e9 \u010dl\u00e1nky, videa a jedine\u010dn\u00e9 report\u00e1\u017ee ze sv\u011bta cyklistiky.\",\"potentialAction\":[{\"@type\":\"SearchAction\",\"target\":{\"@type\":\"EntryPoint\",\"urlTemplate\":\"https:\/\/www.welovecycling.com\/cs\/?s={search_term_string}\"},\"query-input\":{\"@type\":\"PropertyValueSpecification\",\"valueRequired\":true,\"valueName\":\"search_term_string\"}}],\"inLanguage\":\"cs\"},{\"@type\":\"Person\",\"@id\":\"https:\/\/www.welovecycling.com\/cs\/#\/schema\/person\/d9eeb0a378f3a7e4a6d12d2b536b04b8\",\"name\":\"radekmalina\",\"image\":{\"@type\":\"ImageObject\",\"inLanguage\":\"cs\",\"@id\":\"https:\/\/www.welovecycling.com\/cs\/#\/schema\/person\/image\/\",\"url\":\"https:\/\/secure.gravatar.com\/avatar\/66994b632cb8c39a46b9f54afa3ae07201b678d32a54275b6f1c9ffec356bfc0?s=96&d=mm&r=g\",\"contentUrl\":\"https:\/\/secure.gravatar.com\/avatar\/66994b632cb8c39a46b9f54afa3ae07201b678d32a54275b6f1c9ffec356bfc0?s=96&d=mm&r=g\",\"caption\":\"radekmalina\"},\"url\":\"https:\/\/www.welovecycling.com\/cs\/author\/radekmalina\/\"}]}<\/script>\n<!-- \/ Yoast SEO Premium plugin. -->","yoast_head_json":{"title":"Fenom\u00e9n vl\u00e1dne i se zlomen\u00fdm \u017eebrem. Je rekord jen formalitou? | \u0160koda We Love Cycling - \u010cesk\u00e1 republika","description":"Mathieu van der Poel za posledn\u00ed dva roky nevyhr\u00e1l jen t\u0159i z\u00e1vody. Dominuje i se zlomen\u00fdm \u017eebrem. Je mo\u017en\u00e9, aby Nizozemec nevyhr\u00e1l sedm\u00fd titul mistra sv\u011bta?","robots":{"index":"index","follow":"follow","max-snippet":"max-snippet:-1","max-image-preview":"max-image-preview:large","max-video-preview":"max-video-preview:-1"},"canonical":"https:\/\/www.welovecycling.com\/cs\/2025\/01\/27\/fenomen-vladne-i-se-zlomenym-zebrem-je-rekord-jen-formalitou\/","og_locale":"cs_CZ","og_type":"article","og_title":"Fenom\u00e9n vl\u00e1dne i se zlomen\u00fdm \u017eebrem. Je rekord jen formalitou?","og_description":"Mathieu van der Poel za posledn\u00ed dva roky nevyhr\u00e1l jen t\u0159i z\u00e1vody. Dominuje i se zlomen\u00fdm \u017eebrem. Je mo\u017en\u00e9, aby Nizozemec nevyhr\u00e1l sedm\u00fd titul mistra sv\u011bta?","og_url":"https:\/\/www.welovecycling.com\/cs\/2025\/01\/27\/fenomen-vladne-i-se-zlomenym-zebrem-je-rekord-jen-formalitou\/","og_site_name":"\u0160koda We Love Cycling - \u010cesk\u00e1 republika","article_published_time":"2025-01-27T01:00:25+00:00","og_image":[{"width":1800,"height":1200,"url":"https:\/\/d2p6e6u75xmxt8.cloudfront.net\/13\/2025\/01\/profimedia-0957810069.webp","type":"image\/webp"}],"author":"radekmalina","twitter_card":"summary_large_image","twitter_misc":{"Written by":"We Love Cycling","Est. reading time":"5"},"schema":{"@context":"https:\/\/schema.org","@graph":[{"@type":"WebPage","@id":"https:\/\/www.welovecycling.com\/cs\/2025\/01\/27\/fenomen-vladne-i-se-zlomenym-zebrem-je-rekord-jen-formalitou\/","url":"https:\/\/www.welovecycling.com\/cs\/2025\/01\/27\/fenomen-vladne-i-se-zlomenym-zebrem-je-rekord-jen-formalitou\/","name":"Fenom\u00e9n vl\u00e1dne i se zlomen\u00fdm \u017eebrem. Je rekord jen formalitou? | \u0160koda We Love Cycling - \u010cesk\u00e1 republika","isPartOf":{"@id":"https:\/\/www.welovecycling.com\/cs\/#website"},"primaryImageOfPage":{"@id":"https:\/\/www.welovecycling.com\/cs\/2025\/01\/27\/fenomen-vladne-i-se-zlomenym-zebrem-je-rekord-jen-formalitou\/#primaryimage"},"image":{"@id":"https:\/\/www.welovecycling.com\/cs\/2025\/01\/27\/fenomen-vladne-i-se-zlomenym-zebrem-je-rekord-jen-formalitou\/#primaryimage"},"thumbnailUrl":"https:\/\/d2p6e6u75xmxt8.cloudfront.net\/13\/2025\/01\/profimedia-0957810069.webp","datePublished":"2025-01-27T01:00:25+00:00","author":{"@id":"https:\/\/www.welovecycling.com\/cs\/#\/schema\/person\/d9eeb0a378f3a7e4a6d12d2b536b04b8"},"description":"Mathieu van der Poel za posledn\u00ed dva roky nevyhr\u00e1l jen t\u0159i z\u00e1vody. Dominuje i se zlomen\u00fdm \u017eebrem. Je mo\u017en\u00e9, aby Nizozemec nevyhr\u00e1l sedm\u00fd titul mistra sv\u011bta?","inLanguage":"cs","potentialAction":[{"@type":"ReadAction","target":["https:\/\/www.welovecycling.com\/cs\/2025\/01\/27\/fenomen-vladne-i-se-zlomenym-zebrem-je-rekord-jen-formalitou\/"]}]},{"@type":"ImageObject","inLanguage":"cs","@id":"https:\/\/www.welovecycling.com\/cs\/2025\/01\/27\/fenomen-vladne-i-se-zlomenym-zebrem-je-rekord-jen-formalitou\/#primaryimage","url":"https:\/\/d2p6e6u75xmxt8.cloudfront.net\/13\/2025\/01\/profimedia-0957810069.webp","contentUrl":"https:\/\/d2p6e6u75xmxt8.cloudfront.net\/13\/2025\/01\/profimedia-0957810069.webp","width":1800,"height":1200,"caption":"Mathieu van der Poel"},{"@type":"WebSite","@id":"https:\/\/www.welovecycling.com\/cs\/#website","url":"https:\/\/www.welovecycling.com\/cs\/","name":"\u0160koda We Love Cycling - \u010cesk\u00e1 republika","description":"WeLoveCycling.cz je online magaz\u00edn, kter\u00fd v\u00e1m pravideln\u011b p\u0159in\u00e1\u0161\u00ed rady a tipy, zaj\u00edmav\u00e9 \u010dl\u00e1nky, videa a jedine\u010dn\u00e9 report\u00e1\u017ee ze sv\u011bta cyklistiky.","potentialAction":[{"@type":"SearchAction","target":{"@type":"EntryPoint","urlTemplate":"https:\/\/www.welovecycling.com\/cs\/?s={search_term_string}"},"query-input":{"@type":"PropertyValueSpecification","valueRequired":true,"valueName":"search_term_string"}}],"inLanguage":"cs"},{"@type":"Person","@id":"https:\/\/www.welovecycling.com\/cs\/#\/schema\/person\/d9eeb0a378f3a7e4a6d12d2b536b04b8","name":"radekmalina","image":{"@type":"ImageObject","inLanguage":"cs","@id":"https:\/\/www.welovecycling.com\/cs\/#\/schema\/person\/image\/","url":"https:\/\/secure.gravatar.com\/avatar\/66994b632cb8c39a46b9f54afa3ae07201b678d32a54275b6f1c9ffec356bfc0?s=96&d=mm&r=g","contentUrl":"https:\/\/secure.gravatar.com\/avatar\/66994b632cb8c39a46b9f54afa3ae07201b678d32a54275b6f1c9ffec356bfc0?s=96&d=mm&r=g","caption":"radekmalina"},"url":"https:\/\/www.welovecycling.com\/cs\/author\/radekmalina\/"}]}},"_links":{"self":[{"href":"https:\/\/www.welovecycling.com\/cs\/wp-json\/wp\/v2\/posts\/28083","targetHints":{"allow":["GET"]}}],"collection":[{"href":"https:\/\/www.welovecycling.com\/cs\/wp-json\/wp\/v2\/posts"}],"about":[{"href":"https:\/\/www.welovecycling.com\/cs\/wp-json\/wp\/v2\/types\/post"}],"author":[{"embeddable":true,"href":"https:\/\/www.welovecycling.com\/cs\/wp-json\/wp\/v2\/users\/138"}],"replies":[{"embeddable":true,"href":"https:\/\/www.welovecycling.com\/cs\/wp-json\/wp\/v2\/comments?post=28083"}],"version-history":[{"count":5,"href":"https:\/\/www.welovecycling.com\/cs\/wp-json\/wp\/v2\/posts\/28083\/revisions"}],"predecessor-version":[{"id":28208,"href":"https:\/\/www.welovecycling.com\/cs\/wp-json\/wp\/v2\/posts\/28083\/revisions\/28208"}],"wp:featuredmedia":[{"embeddable":true,"href":"https:\/\/www.welovecycling.com\/cs\/wp-json\/wp\/v2\/media\/28085"}],"wp:attachment":[{"href":"https:\/\/www.welovecycling.com\/cs\/wp-json\/wp\/v2\/media?parent=28083"}],"wp:term":[{"taxonomy":"category","embeddable":true,"href":"https:\/\/www.welovecycling.com\/cs\/wp-json\/wp\/v2\/categories?post=28083"},{"taxonomy":"post_tag","embeddable":true,"href":"https:\/\/www.welovecycling.com\/cs\/wp-json\/wp\/v2\/tags?post=28083"},{"taxonomy":"global-categories","embeddable":true,"href":"https:\/\/www.welovecycling.com\/cs\/wp-json\/wp\/v2\/global-categories?post=28083"}],"curies":[{"name":"wp","href":"https:\/\/api.w.org\/{rel}","templated":true}]}}