{"id":28077,"date":"2025-01-26T17:52:53","date_gmt":"2025-01-26T15:52:53","guid":{"rendered":"https:\/\/www.welovecycling.com\/cs\/?p=28077"},"modified":"2025-01-26T17:52:53","modified_gmt":"2025-01-26T15:52:53","slug":"senzacni-triumf-barbora-bukovska-i-pres-pad-a-odreniny-slavi-zivotni-vyhru","status":"publish","type":"post","link":"https:\/\/www.welovecycling.com\/cs\/2025\/01\/26\/senzacni-triumf-barbora-bukovska-i-pres-pad-a-odreniny-slavi-zivotni-vyhru\/","title":{"rendered":"Senza\u010dn\u00ed triumf! Barbora Bukovsk\u00e1 i p\u0159es p\u00e1d a od\u0159eniny slav\u00ed \u017eivotn\u00ed v\u00fdhru"},"content":{"rendered":"<p><strong>Byla sed\u0159en\u00e1 a na posledn\u00edm m\u00edst\u011b startovn\u00edho pole. P\u0159itom ujela jen p\u00e1r metr\u016f, kdy\u017e ji ne\u0161ikovn\u00e1 soupe\u0159ka srazila. Barbora Bukovsk\u00e1 p\u0159esto p\u0159i Sv\u011btov\u00e9m poh\u00e1ru v Hoogerheide p\u0159edvedla fam\u00f3zn\u00ed v\u00fdkon a slavila v\u00edt\u011bzstv\u00ed. Prvn\u00ed v kari\u00e9\u0159e na nejvy\u0161\u0161\u00ed \u00farovni!<\/strong><\/p>\n<p>Barbora Bukovsk\u00e1 jezd\u00ed mezi juniorkami prvn\u00ed sezonu. Triumf na mezin\u00e1rodn\u00ed sc\u00e9n\u011b dlouho unikal. Na mistrovstv\u00ed Evropy ve \u0160pan\u011blsku byla v listopadu druh\u00e1, p\u0159i z\u00e1vod\u011b Sv\u011btov\u00e9ho poh\u00e1ru v Dublinu fini\u0161ovala osm\u00e1, v prosinci v Hulstu dojela druh\u00e1, v Zonhovenu t\u0159et\u00ed a v Besanconu skon\u010dila \u010dtvrt\u00e1.<\/p>\n<p>V Hoogerheide p\u00e1r des\u00edtek metr\u016f po startu nic nenasv\u011bd\u010dovalo, \u017ee by m\u011bla b\u00fdt o necelou hodinu pozd\u011bji v\u00edt\u011bzkou presti\u017en\u00ed bitvy. &#8222;Hned po startu m\u011b potkal p\u00e1d, kdy\u017e do m\u011b najela \u0161pan\u011blsk\u00e1 z\u00e1vodnice. Skon\u010dila jsem na posledn\u00ed pozici, ale rychle jsem se oklepala, vstala, jela jsem a probojov\u00e1vala se postupn\u011b po\u0159ad\u00edm,&#8220; rekapitulovala v c\u00edli \u0161estn\u00e1ctilet\u00e1 \u010desk\u00e1 reprezentantka.<\/p>\n<figure id=\"attachment_28080\" aria-describedby=\"caption-attachment-28080\" style=\"width: 1920px\" class=\"wp-caption alignnone\"><a href=\"https:\/\/d2p6e6u75xmxt8.cloudfront.net\/13\/2025\/01\/UCI-World-Cyclo-Cross-Cup-Hulst-2024-_-\u00a9Filip-Bezdek-2024-23-scaled.webp\"><img loading=\"lazy\" decoding=\"async\" class=\"size-extra-large wp-image-28080\" src=\"https:\/\/d2p6e6u75xmxt8.cloudfront.net\/13\/2025\/01\/UCI-World-Cyclo-Cross-Cup-Hulst-2024-_-\u00a9Filip-Bezdek-2024-23-1920x1280.webp\" alt=\"\" width=\"1920\" height=\"1280\" srcset=\"https:\/\/d2p6e6u75xmxt8.cloudfront.net\/13\/2025\/01\/UCI-World-Cyclo-Cross-Cup-Hulst-2024-_-\u00a9Filip-Bezdek-2024-23-1920x1280.webp 1920w, https:\/\/d2p6e6u75xmxt8.cloudfront.net\/13\/2025\/01\/UCI-World-Cyclo-Cross-Cup-Hulst-2024-_-\u00a9Filip-Bezdek-2024-23-300x200.webp 300w, https:\/\/d2p6e6u75xmxt8.cloudfront.net\/13\/2025\/01\/UCI-World-Cyclo-Cross-Cup-Hulst-2024-_-\u00a9Filip-Bezdek-2024-23-1024x683.webp 1024w, https:\/\/d2p6e6u75xmxt8.cloudfront.net\/13\/2025\/01\/UCI-World-Cyclo-Cross-Cup-Hulst-2024-_-\u00a9Filip-Bezdek-2024-23-768x512.webp 768w, https:\/\/d2p6e6u75xmxt8.cloudfront.net\/13\/2025\/01\/UCI-World-Cyclo-Cross-Cup-Hulst-2024-_-\u00a9Filip-Bezdek-2024-23-1536x1024.webp 1536w, https:\/\/d2p6e6u75xmxt8.cloudfront.net\/13\/2025\/01\/UCI-World-Cyclo-Cross-Cup-Hulst-2024-_-\u00a9Filip-Bezdek-2024-23-2048x1365.webp 2048w, https:\/\/d2p6e6u75xmxt8.cloudfront.net\/13\/2025\/01\/UCI-World-Cyclo-Cross-Cup-Hulst-2024-_-\u00a9Filip-Bezdek-2024-23-400x267.webp 400w, https:\/\/d2p6e6u75xmxt8.cloudfront.net\/13\/2025\/01\/UCI-World-Cyclo-Cross-Cup-Hulst-2024-_-\u00a9Filip-Bezdek-2024-23-272x182.webp 272w, https:\/\/d2p6e6u75xmxt8.cloudfront.net\/13\/2025\/01\/UCI-World-Cyclo-Cross-Cup-Hulst-2024-_-\u00a9Filip-Bezdek-2024-23-1920x1280.webp 1920w\" sizes=\"auto, (max-width: 1920px) 100vw, 1920px\" \/><\/a><figcaption id=\"caption-attachment-28080\" class=\"wp-caption-text\"><em>Barbora Bukovsk\u00e1 p\u0159i gener\u00e1lce na MS vyhr\u00e1la v Hoogerheide.<\/em><\/figcaption><\/figure>\n<p>&#8222;B\u00e1ra na\u0161t\u011bst\u00ed z p\u00e1du vyv\u00e1zla jenom od\u0159ena, bylo to je\u0161t\u011b na asfaltov\u00e9m \u00faseku. Ztr\u00e1cela deset sekund na p\u0159edposledn\u00ed z\u00e1vodn\u00edci, tak\u017ee klobouk dol\u016f p\u0159ed jej\u00edm v\u00fdkonem. Zp\u016fsob, jak\u00fdm se prodrala na \u010delo a jela pro v\u00edt\u011bzstv\u00ed je obdivuhodn\u00fd,&#8220; vyzdvihl mladou z\u00e1vodnici Michal Bedn\u00e1\u0159, tren\u00e9r \u010desk\u00e9 cyklokrosov\u00e9 reprezentace.<\/p>\n<h2><strong>Barbora Bukovsk\u00e1: Hoogerheide mi sedlo<\/strong><\/h2>\n<p>Barbora Bukovsk\u00e1 se vysok\u00fdm tempem dot\u00e1hla na \u010delo z\u00e1vodu. Jakmile byla v kontaktu se \u0161pi\u010dkou startovn\u00edho pole, m\u00edsto odpo\u010dinku a sb\u00edr\u00e1n\u00ed sil vrhla v\u0161echnu energii do \u00fatoku.<\/p>\n<div class=\"shortcode-ys-post-pinup\"><article class=\"loop-simple post-28036 post type-post status-publish format-standard has-post-thumbnail hentry category-https-www-welovecycling-com-cs-category-zabava tag-bidony tag-cyklistika tag-dresy tag-kola tag-kolik-materialu-potrebuje-tym tag-material tag-pneumatiky tag-silnicni-cyklistika global-categories-cycling\" data-postid=\"28036\" role=\"article\" data-post-id=\"28036\" data-word-count=\"406\" data-headline-length=\"77\" data-category=\"Z\u00c1BAVA\" data-global-category=\"Cycling\" data-author=\"We Love Cycling\" data-published=\"2025-01-20T06:00:51+02:00\" data-published-day=\"Monday\">\n    <div class=\"entry-thumbnail article-thumbnail\" content=\"https:\/\/d2p6e6u75xmxt8.cloudfront.net\/13\/2025\/01\/Y2A6099-1536x1025-1-150x150.webp\"><a href=\"https:\/\/www.welovecycling.com\/cs\/2025\/01\/20\/kolik-materialu-v-podobe-dresu-bidonu-pneumatik-a-kol-spotrebuje-tym\/\" class=\"image-holder\" target=\"_self\"><img decoding=\"async\" loading=\"lazy\" class=\"\" src=\"https:\/\/d2p6e6u75xmxt8.cloudfront.net\/13\/2025\/01\/Y2A6099-1536x1025-1-1024x683.webp\" srcset=\"https:\/\/d2p6e6u75xmxt8.cloudfront.net\/13\/2025\/01\/Y2A6099-1536x1025-1.webp 1536w, https:\/\/d2p6e6u75xmxt8.cloudfront.net\/13\/2025\/01\/Y2A6099-1536x1025-1-300x200.webp 300w, https:\/\/d2p6e6u75xmxt8.cloudfront.net\/13\/2025\/01\/Y2A6099-1536x1025-1-1024x683.webp 1024w, https:\/\/d2p6e6u75xmxt8.cloudfront.net\/13\/2025\/01\/Y2A6099-1536x1025-1-768x513.webp 768w, https:\/\/d2p6e6u75xmxt8.cloudfront.net\/13\/2025\/01\/Y2A6099-1536x1025-1-400x267.webp 400w, https:\/\/d2p6e6u75xmxt8.cloudfront.net\/13\/2025\/01\/Y2A6099-1536x1025-1-272x182.webp 272w\" width=\"1024\" height=\"683\" sizes=\"auto, (min-width: 1200px) 300px, (min-width: 768px) 25vw, 100vw\" alt=\"kolik-materialu-v-podobe-dresu-bidonu-pneumatik-a-kol-spotrebuje-tym\"\/><\/a><\/div>    <div class=\"entry-meta\">\n        <a class=\"label label-secondary post-category\" href=\"https:\/\/www.welovecycling.com\/cs\/category\/https-www-welovecycling-com-cs-category-zabava\/\" title=\"Z\u00c1BAVA\">Z\u00c1BAVA<\/a>\n    <\/div>\n    <div class=\"entry-details\">\n        <a href=\"https:\/\/www.welovecycling.com\/cs\/2025\/01\/20\/kolik-materialu-v-podobe-dresu-bidonu-pneumatik-a-kol-spotrebuje-tym\/\" class='entry-title-wrapper'>\n            <h3 class=\"entry-title\"><span>Kolik materi\u00e1lu v podob\u011b dres\u016f, bidon\u016f, pneumatik a kol spot\u0159ebuje t\u00fdm?<\/span><\/h3>\n        <\/a>\n    <\/div>\n    <\/article>\n<\/div>\n<p>&#8222;Kdy\u017e jsem dojela \u010delo, m\u011bla jsem dost energie a c\u00edtila jsem se siln\u00e1, tud\u00ed\u017e jsem okam\u017eit\u011b nastoupila. Vydr\u017eelo mi to a\u017e do c\u00edle,&#8220; popisovala v\u00edt\u011bzka. &#8222;Tra\u0165 byla super, hodn\u011b mi to sedlo. M\u011blo jsem okruh dob\u0159e najet\u00fd. Nohy byly siln\u00e9. Jsem v\u00e1\u017en\u011b \u0161\u0165astn\u00e1, jak mi z\u00e1vod vy\u0161el,&#8220; usm\u00edvala se po \u017eivotn\u00edm v\u00edt\u011bzstv\u00ed Barbora Bukovsk\u00e1.<\/p>\n<p><a href=\"https:\/\/d2p6e6u75xmxt8.cloudfront.net\/13\/2025\/01\/UCI-World-Cyclo-Cross-Cup-Hulst-2024-_-\u00a9Filip-Bezdek-2024-46-scaled.webp\"><img loading=\"lazy\" decoding=\"async\" class=\"alignnone size-extra-large wp-image-28081\" src=\"https:\/\/d2p6e6u75xmxt8.cloudfront.net\/13\/2025\/01\/UCI-World-Cyclo-Cross-Cup-Hulst-2024-_-\u00a9Filip-Bezdek-2024-46-1920x1280.webp\" alt=\"\" width=\"1920\" height=\"1280\" srcset=\"https:\/\/d2p6e6u75xmxt8.cloudfront.net\/13\/2025\/01\/UCI-World-Cyclo-Cross-Cup-Hulst-2024-_-\u00a9Filip-Bezdek-2024-46-1920x1280.webp 1920w, https:\/\/d2p6e6u75xmxt8.cloudfront.net\/13\/2025\/01\/UCI-World-Cyclo-Cross-Cup-Hulst-2024-_-\u00a9Filip-Bezdek-2024-46-300x200.webp 300w, https:\/\/d2p6e6u75xmxt8.cloudfront.net\/13\/2025\/01\/UCI-World-Cyclo-Cross-Cup-Hulst-2024-_-\u00a9Filip-Bezdek-2024-46-1024x683.webp 1024w, https:\/\/d2p6e6u75xmxt8.cloudfront.net\/13\/2025\/01\/UCI-World-Cyclo-Cross-Cup-Hulst-2024-_-\u00a9Filip-Bezdek-2024-46-768x512.webp 768w, https:\/\/d2p6e6u75xmxt8.cloudfront.net\/13\/2025\/01\/UCI-World-Cyclo-Cross-Cup-Hulst-2024-_-\u00a9Filip-Bezdek-2024-46-1536x1024.webp 1536w, https:\/\/d2p6e6u75xmxt8.cloudfront.net\/13\/2025\/01\/UCI-World-Cyclo-Cross-Cup-Hulst-2024-_-\u00a9Filip-Bezdek-2024-46-2048x1365.webp 2048w, https:\/\/d2p6e6u75xmxt8.cloudfront.net\/13\/2025\/01\/UCI-World-Cyclo-Cross-Cup-Hulst-2024-_-\u00a9Filip-Bezdek-2024-46-400x267.webp 400w, https:\/\/d2p6e6u75xmxt8.cloudfront.net\/13\/2025\/01\/UCI-World-Cyclo-Cross-Cup-Hulst-2024-_-\u00a9Filip-Bezdek-2024-46-272x182.webp 272w, https:\/\/d2p6e6u75xmxt8.cloudfront.net\/13\/2025\/01\/UCI-World-Cyclo-Cross-Cup-Hulst-2024-_-\u00a9Filip-Bezdek-2024-46-1920x1280.webp 1920w\" sizes=\"auto, (max-width: 1920px) 100vw, 1920px\" \/><\/a><\/p>\n<p>Jde o skv\u011bl\u00fd v\u00fdkon necel\u00fd t\u00fdden p\u0159ed mistrovstv\u00edm sv\u011bta ve Francii.\u00a0&#8222;P\u0159edev\u0161\u00edm na mlad\u00e9 bude ur\u010dit\u00fd tlak, tak\u017ee uvid\u00edme, jak se na mistrovstv\u00ed sv\u011bta s o\u010dek\u00e1v\u00e1n\u00edm vypo\u0159\u00e1daj\u00ed po ment\u00e1ln\u00ed str\u00e1nce,&#8220; neskr\u00fdval reprezenta\u010dn\u00ed tren\u00e9r, \u017ee pr\u00e1v\u011b mezi juniorkami by se pro \u010desk\u00e9 barvy mohla urodit medaile.<\/p>\n<p>\u017densk\u00e9 elit\u011b kralovala v Hoogerheide Lucina Brandov\u00e1, mezi mu\u017ei p\u0159edvedl sedm\u00fd triumf p\u0159i sedm\u00e9m startu v cyklokrosov\u00e9 sezon\u011b <a href=\"https:\/\/www.welovecycling.com\/cs\/2025\/01\/19\/mathieu-van-der-poel-chci-rekord-z-flander-a-titul-na-biku-ma-to-jeden-hacek\/\">Mathieu van der Poel<\/a>.<\/p>\n<p><em>Foto: Filip Bezd\u011bk\/\u010cesk\u00fd svaz cyklistiky (3x)<\/em><\/p>\n","protected":false},"excerpt":{"rendered":"<p>Byla sed\u0159en\u00e1 a na posledn\u00edm m\u00edst\u011b startovn\u00edho pole. P\u0159itom ujela jen p\u00e1r metr\u016f, kdy\u017e ji ne\u0161ikovn\u00e1 soupe\u0159ka srazila. Barbora Bukovsk\u00e1 [&hellip;]<\/p>\n","protected":false},"author":138,"featured_media":28078,"comment_status":"open","ping_status":"open","sticky":false,"template":"","format":"standard","meta":{"footnotes":""},"categories":[1303],"tags":[4025,126,723,1439,4026,66,918],"global-categories":[411],"class_list":["post-28077","post","type-post","status-publish","format-standard","has-post-thumbnail","hentry","category-cyklokros","tag-barbora-bukovska","tag-cyklistika","tag-cyklokros","tag-hoogerheide","tag-michal-bednar","tag-reprezentace","tag-svetovy-pohar","global-categories-cycling"],"yoast_head":"<!-- This site is optimized with the Yoast SEO Premium plugin v25.3 (Yoast SEO v25.9) - https:\/\/yoast.com\/wordpress\/plugins\/seo\/ -->\n<title>Senza\u010dn\u00ed triumf! Barbora Bukovsk\u00e1 i p\u0159es p\u00e1d a od\u0159eniny slav\u00ed \u017eivotn\u00ed v\u00fdhru | \u0160koda We Love Cycling - \u010cesk\u00e1 republika<\/title>\n<meta name=\"description\" content=\"Byla sed\u0159en\u00e1 a na posledn\u00edm m\u00edst\u011b startovn\u00edho pole. P\u0159itom ujela jen p\u00e1r metr\u016f, kdy\u017e ji ne\u0161ikovn\u00e1 soupe\u0159ka srazila. Barbora Bukovsk\u00e1 p\u0159esto p\u0159i Sv\u011btov\u00e9m poh\u00e1ru v Hoogerheide p\u0159edvedla fam\u00f3zn\u00ed v\u00fdkon a slavila v\u00edt\u011bzstv\u00ed. Prvn\u00ed v kari\u00e9\u0159e na nejvy\u0161\u0161\u00ed \u00farovni!\" \/>\n<meta name=\"robots\" content=\"index, follow, max-snippet:-1, max-image-preview:large, max-video-preview:-1\" \/>\n<link rel=\"canonical\" href=\"https:\/\/www.welovecycling.com\/cs\/2025\/01\/26\/senzacni-triumf-barbora-bukovska-i-pres-pad-a-odreniny-slavi-zivotni-vyhru\/\" \/>\n<meta property=\"og:locale\" content=\"cs_CZ\" \/>\n<meta property=\"og:type\" content=\"article\" \/>\n<meta property=\"og:title\" content=\"Senza\u010dn\u00ed triumf! Barbora Bukovsk\u00e1 i p\u0159es p\u00e1d a od\u0159eniny slav\u00ed \u017eivotn\u00ed v\u00fdhru\" \/>\n<meta property=\"og:description\" content=\"Byla sed\u0159en\u00e1 a na posledn\u00edm m\u00edst\u011b startovn\u00edho pole. P\u0159itom ujela jen p\u00e1r metr\u016f, kdy\u017e ji ne\u0161ikovn\u00e1 soupe\u0159ka srazila. Barbora Bukovsk\u00e1 p\u0159esto p\u0159i Sv\u011btov\u00e9m poh\u00e1ru v Hoogerheide p\u0159edvedla fam\u00f3zn\u00ed v\u00fdkon a slavila v\u00edt\u011bzstv\u00ed. Prvn\u00ed v kari\u00e9\u0159e na nejvy\u0161\u0161\u00ed \u00farovni!\" \/>\n<meta property=\"og:url\" content=\"https:\/\/www.welovecycling.com\/cs\/2025\/01\/26\/senzacni-triumf-barbora-bukovska-i-pres-pad-a-odreniny-slavi-zivotni-vyhru\/\" \/>\n<meta property=\"og:site_name\" content=\"\u0160koda We Love Cycling - \u010cesk\u00e1 republika\" \/>\n<meta property=\"article:published_time\" content=\"2025-01-26T15:52:53+00:00\" \/>\n<meta property=\"og:image\" content=\"https:\/\/d2p6e6u75xmxt8.cloudfront.net\/13\/2025\/01\/UCI-World-Cyclo-Cross-Cup-Hulst-2024-_-\u00a9Filip-Bezdek-2024-54-scaled.webp\" \/>\n\t<meta property=\"og:image:width\" content=\"2560\" \/>\n\t<meta property=\"og:image:height\" content=\"1707\" \/>\n\t<meta property=\"og:image:type\" content=\"image\/webp\" \/>\n<meta name=\"author\" content=\"radekmalina\" \/>\n<meta name=\"twitter:card\" content=\"summary_large_image\" \/>\n<meta name=\"twitter:label1\" content=\"Written by\" \/>\n\t<meta name=\"twitter:data1\" content=\"We Love Cycling\" \/>\n\t<meta name=\"twitter:label2\" content=\"Est. reading time\" \/>\n\t<meta name=\"twitter:data2\" content=\"5\" \/>\n<script type=\"application\/ld+json\" class=\"yoast-schema-graph\">{\"@context\":\"https:\/\/schema.org\",\"@graph\":[{\"@type\":\"WebPage\",\"@id\":\"https:\/\/www.welovecycling.com\/cs\/2025\/01\/26\/senzacni-triumf-barbora-bukovska-i-pres-pad-a-odreniny-slavi-zivotni-vyhru\/\",\"url\":\"https:\/\/www.welovecycling.com\/cs\/2025\/01\/26\/senzacni-triumf-barbora-bukovska-i-pres-pad-a-odreniny-slavi-zivotni-vyhru\/\",\"name\":\"Senza\u010dn\u00ed triumf! Barbora Bukovsk\u00e1 i p\u0159es p\u00e1d a od\u0159eniny slav\u00ed \u017eivotn\u00ed v\u00fdhru | \u0160koda We Love Cycling - \u010cesk\u00e1 republika\",\"isPartOf\":{\"@id\":\"https:\/\/www.welovecycling.com\/cs\/#website\"},\"primaryImageOfPage\":{\"@id\":\"https:\/\/www.welovecycling.com\/cs\/2025\/01\/26\/senzacni-triumf-barbora-bukovska-i-pres-pad-a-odreniny-slavi-zivotni-vyhru\/#primaryimage\"},\"image\":{\"@id\":\"https:\/\/www.welovecycling.com\/cs\/2025\/01\/26\/senzacni-triumf-barbora-bukovska-i-pres-pad-a-odreniny-slavi-zivotni-vyhru\/#primaryimage\"},\"thumbnailUrl\":\"https:\/\/d2p6e6u75xmxt8.cloudfront.net\/13\/2025\/01\/UCI-World-Cyclo-Cross-Cup-Hulst-2024-_-\u00a9Filip-Bezdek-2024-54-scaled.webp\",\"datePublished\":\"2025-01-26T15:52:53+00:00\",\"author\":{\"@id\":\"https:\/\/www.welovecycling.com\/cs\/#\/schema\/person\/d9eeb0a378f3a7e4a6d12d2b536b04b8\"},\"description\":\"Byla sed\u0159en\u00e1 a na posledn\u00edm m\u00edst\u011b startovn\u00edho pole. P\u0159itom ujela jen p\u00e1r metr\u016f, kdy\u017e ji ne\u0161ikovn\u00e1 soupe\u0159ka srazila. Barbora Bukovsk\u00e1 p\u0159esto p\u0159i Sv\u011btov\u00e9m poh\u00e1ru v Hoogerheide p\u0159edvedla fam\u00f3zn\u00ed v\u00fdkon a slavila v\u00edt\u011bzstv\u00ed. Prvn\u00ed v kari\u00e9\u0159e na nejvy\u0161\u0161\u00ed \u00farovni!\",\"inLanguage\":\"cs\",\"potentialAction\":[{\"@type\":\"ReadAction\",\"target\":[\"https:\/\/www.welovecycling.com\/cs\/2025\/01\/26\/senzacni-triumf-barbora-bukovska-i-pres-pad-a-odreniny-slavi-zivotni-vyhru\/\"]}]},{\"@type\":\"ImageObject\",\"inLanguage\":\"cs\",\"@id\":\"https:\/\/www.welovecycling.com\/cs\/2025\/01\/26\/senzacni-triumf-barbora-bukovska-i-pres-pad-a-odreniny-slavi-zivotni-vyhru\/#primaryimage\",\"url\":\"https:\/\/d2p6e6u75xmxt8.cloudfront.net\/13\/2025\/01\/UCI-World-Cyclo-Cross-Cup-Hulst-2024-_-\u00a9Filip-Bezdek-2024-54-scaled.webp\",\"contentUrl\":\"https:\/\/d2p6e6u75xmxt8.cloudfront.net\/13\/2025\/01\/UCI-World-Cyclo-Cross-Cup-Hulst-2024-_-\u00a9Filip-Bezdek-2024-54-scaled.webp\",\"width\":2560,\"height\":1707,\"caption\":\"Barbora Bukovsk\u00e1 vyhr\u00e1la Sv\u011btov\u00fd poh\u00e1r v Hoogerheide.\"},{\"@type\":\"WebSite\",\"@id\":\"https:\/\/www.welovecycling.com\/cs\/#website\",\"url\":\"https:\/\/www.welovecycling.com\/cs\/\",\"name\":\"\u0160koda We Love Cycling - \u010cesk\u00e1 republika\",\"description\":\"WeLoveCycling.cz je online magaz\u00edn, kter\u00fd v\u00e1m pravideln\u011b p\u0159in\u00e1\u0161\u00ed rady a tipy, zaj\u00edmav\u00e9 \u010dl\u00e1nky, videa a jedine\u010dn\u00e9 report\u00e1\u017ee ze sv\u011bta cyklistiky.\",\"potentialAction\":[{\"@type\":\"SearchAction\",\"target\":{\"@type\":\"EntryPoint\",\"urlTemplate\":\"https:\/\/www.welovecycling.com\/cs\/?s={search_term_string}\"},\"query-input\":{\"@type\":\"PropertyValueSpecification\",\"valueRequired\":true,\"valueName\":\"search_term_string\"}}],\"inLanguage\":\"cs\"},{\"@type\":\"Person\",\"@id\":\"https:\/\/www.welovecycling.com\/cs\/#\/schema\/person\/d9eeb0a378f3a7e4a6d12d2b536b04b8\",\"name\":\"radekmalina\",\"image\":{\"@type\":\"ImageObject\",\"inLanguage\":\"cs\",\"@id\":\"https:\/\/www.welovecycling.com\/cs\/#\/schema\/person\/image\/\",\"url\":\"https:\/\/secure.gravatar.com\/avatar\/66994b632cb8c39a46b9f54afa3ae07201b678d32a54275b6f1c9ffec356bfc0?s=96&d=mm&r=g\",\"contentUrl\":\"https:\/\/secure.gravatar.com\/avatar\/66994b632cb8c39a46b9f54afa3ae07201b678d32a54275b6f1c9ffec356bfc0?s=96&d=mm&r=g\",\"caption\":\"radekmalina\"},\"url\":\"https:\/\/www.welovecycling.com\/cs\/author\/radekmalina\/\"}]}<\/script>\n<!-- \/ Yoast SEO Premium plugin. -->","yoast_head_json":{"title":"Senza\u010dn\u00ed triumf! Barbora Bukovsk\u00e1 i p\u0159es p\u00e1d a od\u0159eniny slav\u00ed \u017eivotn\u00ed v\u00fdhru | \u0160koda We Love Cycling - \u010cesk\u00e1 republika","description":"Byla sed\u0159en\u00e1 a na posledn\u00edm m\u00edst\u011b startovn\u00edho pole. P\u0159itom ujela jen p\u00e1r metr\u016f, kdy\u017e ji ne\u0161ikovn\u00e1 soupe\u0159ka srazila. Barbora Bukovsk\u00e1 p\u0159esto p\u0159i Sv\u011btov\u00e9m poh\u00e1ru v Hoogerheide p\u0159edvedla fam\u00f3zn\u00ed v\u00fdkon a slavila v\u00edt\u011bzstv\u00ed. Prvn\u00ed v kari\u00e9\u0159e na nejvy\u0161\u0161\u00ed \u00farovni!","robots":{"index":"index","follow":"follow","max-snippet":"max-snippet:-1","max-image-preview":"max-image-preview:large","max-video-preview":"max-video-preview:-1"},"canonical":"https:\/\/www.welovecycling.com\/cs\/2025\/01\/26\/senzacni-triumf-barbora-bukovska-i-pres-pad-a-odreniny-slavi-zivotni-vyhru\/","og_locale":"cs_CZ","og_type":"article","og_title":"Senza\u010dn\u00ed triumf! Barbora Bukovsk\u00e1 i p\u0159es p\u00e1d a od\u0159eniny slav\u00ed \u017eivotn\u00ed v\u00fdhru","og_description":"Byla sed\u0159en\u00e1 a na posledn\u00edm m\u00edst\u011b startovn\u00edho pole. P\u0159itom ujela jen p\u00e1r metr\u016f, kdy\u017e ji ne\u0161ikovn\u00e1 soupe\u0159ka srazila. Barbora Bukovsk\u00e1 p\u0159esto p\u0159i Sv\u011btov\u00e9m poh\u00e1ru v Hoogerheide p\u0159edvedla fam\u00f3zn\u00ed v\u00fdkon a slavila v\u00edt\u011bzstv\u00ed. Prvn\u00ed v kari\u00e9\u0159e na nejvy\u0161\u0161\u00ed \u00farovni!","og_url":"https:\/\/www.welovecycling.com\/cs\/2025\/01\/26\/senzacni-triumf-barbora-bukovska-i-pres-pad-a-odreniny-slavi-zivotni-vyhru\/","og_site_name":"\u0160koda We Love Cycling - \u010cesk\u00e1 republika","article_published_time":"2025-01-26T15:52:53+00:00","og_image":[{"width":2560,"height":1707,"url":"https:\/\/d2p6e6u75xmxt8.cloudfront.net\/13\/2025\/01\/UCI-World-Cyclo-Cross-Cup-Hulst-2024-_-\u00a9Filip-Bezdek-2024-54-scaled.webp","type":"image\/webp"}],"author":"radekmalina","twitter_card":"summary_large_image","twitter_misc":{"Written by":"We Love Cycling","Est. reading time":"5"},"schema":{"@context":"https:\/\/schema.org","@graph":[{"@type":"WebPage","@id":"https:\/\/www.welovecycling.com\/cs\/2025\/01\/26\/senzacni-triumf-barbora-bukovska-i-pres-pad-a-odreniny-slavi-zivotni-vyhru\/","url":"https:\/\/www.welovecycling.com\/cs\/2025\/01\/26\/senzacni-triumf-barbora-bukovska-i-pres-pad-a-odreniny-slavi-zivotni-vyhru\/","name":"Senza\u010dn\u00ed triumf! Barbora Bukovsk\u00e1 i p\u0159es p\u00e1d a od\u0159eniny slav\u00ed \u017eivotn\u00ed v\u00fdhru | \u0160koda We Love Cycling - \u010cesk\u00e1 republika","isPartOf":{"@id":"https:\/\/www.welovecycling.com\/cs\/#website"},"primaryImageOfPage":{"@id":"https:\/\/www.welovecycling.com\/cs\/2025\/01\/26\/senzacni-triumf-barbora-bukovska-i-pres-pad-a-odreniny-slavi-zivotni-vyhru\/#primaryimage"},"image":{"@id":"https:\/\/www.welovecycling.com\/cs\/2025\/01\/26\/senzacni-triumf-barbora-bukovska-i-pres-pad-a-odreniny-slavi-zivotni-vyhru\/#primaryimage"},"thumbnailUrl":"https:\/\/d2p6e6u75xmxt8.cloudfront.net\/13\/2025\/01\/UCI-World-Cyclo-Cross-Cup-Hulst-2024-_-\u00a9Filip-Bezdek-2024-54-scaled.webp","datePublished":"2025-01-26T15:52:53+00:00","author":{"@id":"https:\/\/www.welovecycling.com\/cs\/#\/schema\/person\/d9eeb0a378f3a7e4a6d12d2b536b04b8"},"description":"Byla sed\u0159en\u00e1 a na posledn\u00edm m\u00edst\u011b startovn\u00edho pole. P\u0159itom ujela jen p\u00e1r metr\u016f, kdy\u017e ji ne\u0161ikovn\u00e1 soupe\u0159ka srazila. Barbora Bukovsk\u00e1 p\u0159esto p\u0159i Sv\u011btov\u00e9m poh\u00e1ru v Hoogerheide p\u0159edvedla fam\u00f3zn\u00ed v\u00fdkon a slavila v\u00edt\u011bzstv\u00ed. Prvn\u00ed v kari\u00e9\u0159e na nejvy\u0161\u0161\u00ed \u00farovni!","inLanguage":"cs","potentialAction":[{"@type":"ReadAction","target":["https:\/\/www.welovecycling.com\/cs\/2025\/01\/26\/senzacni-triumf-barbora-bukovska-i-pres-pad-a-odreniny-slavi-zivotni-vyhru\/"]}]},{"@type":"ImageObject","inLanguage":"cs","@id":"https:\/\/www.welovecycling.com\/cs\/2025\/01\/26\/senzacni-triumf-barbora-bukovska-i-pres-pad-a-odreniny-slavi-zivotni-vyhru\/#primaryimage","url":"https:\/\/d2p6e6u75xmxt8.cloudfront.net\/13\/2025\/01\/UCI-World-Cyclo-Cross-Cup-Hulst-2024-_-\u00a9Filip-Bezdek-2024-54-scaled.webp","contentUrl":"https:\/\/d2p6e6u75xmxt8.cloudfront.net\/13\/2025\/01\/UCI-World-Cyclo-Cross-Cup-Hulst-2024-_-\u00a9Filip-Bezdek-2024-54-scaled.webp","width":2560,"height":1707,"caption":"Barbora Bukovsk\u00e1 vyhr\u00e1la Sv\u011btov\u00fd poh\u00e1r v Hoogerheide."},{"@type":"WebSite","@id":"https:\/\/www.welovecycling.com\/cs\/#website","url":"https:\/\/www.welovecycling.com\/cs\/","name":"\u0160koda We Love Cycling - \u010cesk\u00e1 republika","description":"WeLoveCycling.cz je online magaz\u00edn, kter\u00fd v\u00e1m pravideln\u011b p\u0159in\u00e1\u0161\u00ed rady a tipy, zaj\u00edmav\u00e9 \u010dl\u00e1nky, videa a jedine\u010dn\u00e9 report\u00e1\u017ee ze sv\u011bta cyklistiky.","potentialAction":[{"@type":"SearchAction","target":{"@type":"EntryPoint","urlTemplate":"https:\/\/www.welovecycling.com\/cs\/?s={search_term_string}"},"query-input":{"@type":"PropertyValueSpecification","valueRequired":true,"valueName":"search_term_string"}}],"inLanguage":"cs"},{"@type":"Person","@id":"https:\/\/www.welovecycling.com\/cs\/#\/schema\/person\/d9eeb0a378f3a7e4a6d12d2b536b04b8","name":"radekmalina","image":{"@type":"ImageObject","inLanguage":"cs","@id":"https:\/\/www.welovecycling.com\/cs\/#\/schema\/person\/image\/","url":"https:\/\/secure.gravatar.com\/avatar\/66994b632cb8c39a46b9f54afa3ae07201b678d32a54275b6f1c9ffec356bfc0?s=96&d=mm&r=g","contentUrl":"https:\/\/secure.gravatar.com\/avatar\/66994b632cb8c39a46b9f54afa3ae07201b678d32a54275b6f1c9ffec356bfc0?s=96&d=mm&r=g","caption":"radekmalina"},"url":"https:\/\/www.welovecycling.com\/cs\/author\/radekmalina\/"}]}},"_links":{"self":[{"href":"https:\/\/www.welovecycling.com\/cs\/wp-json\/wp\/v2\/posts\/28077","targetHints":{"allow":["GET"]}}],"collection":[{"href":"https:\/\/www.welovecycling.com\/cs\/wp-json\/wp\/v2\/posts"}],"about":[{"href":"https:\/\/www.welovecycling.com\/cs\/wp-json\/wp\/v2\/types\/post"}],"author":[{"embeddable":true,"href":"https:\/\/www.welovecycling.com\/cs\/wp-json\/wp\/v2\/users\/138"}],"replies":[{"embeddable":true,"href":"https:\/\/www.welovecycling.com\/cs\/wp-json\/wp\/v2\/comments?post=28077"}],"version-history":[{"count":1,"href":"https:\/\/www.welovecycling.com\/cs\/wp-json\/wp\/v2\/posts\/28077\/revisions"}],"predecessor-version":[{"id":28082,"href":"https:\/\/www.welovecycling.com\/cs\/wp-json\/wp\/v2\/posts\/28077\/revisions\/28082"}],"wp:featuredmedia":[{"embeddable":true,"href":"https:\/\/www.welovecycling.com\/cs\/wp-json\/wp\/v2\/media\/28078"}],"wp:attachment":[{"href":"https:\/\/www.welovecycling.com\/cs\/wp-json\/wp\/v2\/media?parent=28077"}],"wp:term":[{"taxonomy":"category","embeddable":true,"href":"https:\/\/www.welovecycling.com\/cs\/wp-json\/wp\/v2\/categories?post=28077"},{"taxonomy":"post_tag","embeddable":true,"href":"https:\/\/www.welovecycling.com\/cs\/wp-json\/wp\/v2\/tags?post=28077"},{"taxonomy":"global-categories","embeddable":true,"href":"https:\/\/www.welovecycling.com\/cs\/wp-json\/wp\/v2\/global-categories?post=28077"}],"curies":[{"name":"wp","href":"https:\/\/api.w.org\/{rel}","templated":true}]}}