{"id":28036,"date":"2025-01-20T06:00:51","date_gmt":"2025-01-20T04:00:51","guid":{"rendered":"https:\/\/www.welovecycling.com\/cs\/?p=28036"},"modified":"2025-01-15T20:39:53","modified_gmt":"2025-01-15T18:39:53","slug":"kolik-materialu-v-podobe-dresu-bidonu-pneumatik-a-kol-spotrebuje-tym","status":"publish","type":"post","link":"https:\/\/www.welovecycling.com\/cs\/2025\/01\/20\/kolik-materialu-v-podobe-dresu-bidonu-pneumatik-a-kol-spotrebuje-tym\/","title":{"rendered":"Kolik materi\u00e1lu v podob\u011b dres\u016f, bidon\u016f, pneumatik a kol spot\u0159ebuje t\u00fdm?"},"content":{"rendered":"<p><strong>Snad se neuraz\u00ed, kdy\u017e o nich vyneseme tento soud: Jayco Alula nepat\u0159\u00ed v pelotonu k nejbohat\u0161\u00edm a t\u00edm \u2013 p\u0159i dne\u0161n\u00edch z\u00e1konech cyklistiky \u2013 k nej\u00fasp\u011b\u0161n\u011bj\u0161\u00edm. A p\u0159ece se \u010d\u00edsla, je\u017e australsk\u00fd t\u00fdm na sv\u00e9m webu popisuje, zdaj\u00ed z\u00e1vratn\u00e1. Kolik materi\u00e1lu, m\u00edn\u011bno bidon\u016f, dres\u016f, kol protino\u017eci na novou sezonu objednali?<\/strong><\/p>\n<p><span style=\"font-weight: 400;\">T\u00fdmov\u00fd service course alias centr\u00e1la alias skladi\u0161t\u011b se nach\u00e1z\u00ed u italsk\u00e9ho Varese. Ta industri\u00e1ln\u00ed budova je start a c\u00edl ka\u017ed\u00e9ho z\u00e1vodu, kde se posledn\u00edch p\u00e1r m\u011bs\u00edc\u016f hore\u010dn\u011b pracovalo. Letos ve 14. sezon\u011b t\u00fdmu o to v\u00edc, proto\u017ee prob\u011bhl barevn\u00fd facelift. A zm\u011bna dodavatele. Nov\u00fd krej\u010d\u00ed, australsk\u00e1 zna\u010dka MAAP bude p\u0159\u00ed\u0161t\u00edch p\u00e1r let obl\u00e9kat \u010dty\u0159i t\u00fdmov\u00e9 odno\u017ee: mu\u017esk\u00e9 \u00e1\u010dko a jeho development sestavu a dv\u011b \u017eensk\u00e9 skvadry, worldtourovou a taky tu druhodivizn\u00ed.<\/span><\/p>\n<p><span style=\"font-weight: 400;\">V\u00a0\u0159\u00edjnu se cel\u00fd t\u00fdm se\u0161el v\u00a0Tur\u00edn\u011b, kde si brali m\u00edry, aby se v\u010das stihlo v\u0161echno u\u0161\u00edt. A v\u00a0prosinci se ka\u017ed\u00fd \u010dlen na prvn\u00ed t\u00fdmov\u00fd kemp dostavil s\u00a0pr\u00e1zdn\u00fdm kufrem nebo dv\u011bma, proto\u017ee ho \u010dekal p\u0159ed\u010dasn\u00fd Je\u017e\u00ed\u0161ek.<\/span><\/p>\n<figure id=\"attachment_28039\" aria-describedby=\"caption-attachment-28039\" style=\"width: 1536px\" class=\"wp-caption alignnone\"><a href=\"https:\/\/d2p6e6u75xmxt8.cloudfront.net\/13\/2025\/01\/GreenEDGE_Press_4x3_1-1536x1152-1.webp\"><img loading=\"lazy\" decoding=\"async\" class=\"size-full wp-image-28039\" src=\"https:\/\/d2p6e6u75xmxt8.cloudfront.net\/13\/2025\/01\/GreenEDGE_Press_4x3_1-1536x1152-1.webp\" alt=\"\" width=\"1536\" height=\"1152\" srcset=\"https:\/\/d2p6e6u75xmxt8.cloudfront.net\/13\/2025\/01\/GreenEDGE_Press_4x3_1-1536x1152-1.webp 1536w, https:\/\/d2p6e6u75xmxt8.cloudfront.net\/13\/2025\/01\/GreenEDGE_Press_4x3_1-1536x1152-1-300x225.webp 300w, https:\/\/d2p6e6u75xmxt8.cloudfront.net\/13\/2025\/01\/GreenEDGE_Press_4x3_1-1536x1152-1-1024x768.webp 1024w, https:\/\/d2p6e6u75xmxt8.cloudfront.net\/13\/2025\/01\/GreenEDGE_Press_4x3_1-1536x1152-1-768x576.webp 768w, https:\/\/d2p6e6u75xmxt8.cloudfront.net\/13\/2025\/01\/GreenEDGE_Press_4x3_1-1536x1152-1-400x300.webp 400w\" sizes=\"auto, (max-width: 1536px) 100vw, 1536px\" \/><\/a><figcaption id=\"caption-attachment-28039\" class=\"wp-caption-text\">Kolik materi\u00e1lu<\/figcaption><\/figure>\n<p><span style=\"font-weight: 400;\">A te\u010f se podr\u017ete \u2013 t\u0159i t\u00fdmy, v\u00a0sou\u010dtu 69 z\u00e1vodn\u00edk\u016f a z\u00e1vodnic si mezi sebe rozd\u011blilo 800 dres\u016f. Letos v\u00a0designu, kter\u00fd se od minul\u00e9, b\u00edlo-modro-oran\u017eov\u00e9 sezony prom\u011bnil ve fialovou v\u00a0kombinaci pro cyklistiku nezvykl\u00fdch \u0161ed\u00fdch kra\u0165as\u016f. Prvn\u00ed v\u00e1rka obsahuj\u00edc\u00ed i teplej\u0161\u00ed oble\u010den\u00ed p\u0159ed V\u00e1nocemi, druh\u00e1 s\u00a0lehk\u00fdmi dresy p\u0159ed Girem v\u00a0kv\u011btnu.<\/span><\/p>\n<h2><strong>800 dres\u016f pro 69 z\u00e1vodn\u00edk\u016f<\/strong><\/h2>\n<p><span style=\"font-weight: 400;\">Proto\u017ee z\u00e1vod\u011bn\u00ed na kole je \u017e\u00edzniv\u00e1 pr\u00e1ce, dorazily do centr\u00e1ly taky neuv\u011b\u0159iteln\u00e9 z\u00e1soby bidon\u016f. T\u00fdm jich za rok spot\u0159ebuje 60 tis\u00edc, zpravidla jsou na jedno pou\u017eit\u00ed a pot\u00e9, co je z\u00e1vodn\u00edk zahod\u00ed, nakonec skon\u010d\u00ed v\u00a0rukou fanou\u0161k\u016f.<\/span><\/p>\n<figure id=\"attachment_28042\" aria-describedby=\"caption-attachment-28042\" style=\"width: 1536px\" class=\"wp-caption alignnone\"><a href=\"https:\/\/d2p6e6u75xmxt8.cloudfront.net\/13\/2025\/01\/WhatsApp-Image-2025-01-03-at-11.01.39_f16a97f2-edited.webp\"><img loading=\"lazy\" decoding=\"async\" class=\"size-full wp-image-28042\" src=\"https:\/\/d2p6e6u75xmxt8.cloudfront.net\/13\/2025\/01\/WhatsApp-Image-2025-01-03-at-11.01.39_f16a97f2-edited.webp\" alt=\"\" width=\"1536\" height=\"1152\" srcset=\"https:\/\/d2p6e6u75xmxt8.cloudfront.net\/13\/2025\/01\/WhatsApp-Image-2025-01-03-at-11.01.39_f16a97f2-edited.webp 1536w, https:\/\/d2p6e6u75xmxt8.cloudfront.net\/13\/2025\/01\/WhatsApp-Image-2025-01-03-at-11.01.39_f16a97f2-edited-300x225.webp 300w, https:\/\/d2p6e6u75xmxt8.cloudfront.net\/13\/2025\/01\/WhatsApp-Image-2025-01-03-at-11.01.39_f16a97f2-edited-1024x768.webp 1024w, https:\/\/d2p6e6u75xmxt8.cloudfront.net\/13\/2025\/01\/WhatsApp-Image-2025-01-03-at-11.01.39_f16a97f2-edited-768x576.webp 768w, https:\/\/d2p6e6u75xmxt8.cloudfront.net\/13\/2025\/01\/WhatsApp-Image-2025-01-03-at-11.01.39_f16a97f2-edited-400x300.webp 400w\" sizes=\"auto, (max-width: 1536px) 100vw, 1536px\" \/><\/a><figcaption id=\"caption-attachment-28042\" class=\"wp-caption-text\"><em>\u0160edes\u00e1t tis\u00edc bidon\u016f na sezonu. Ne, nejde o vtip.<\/em><\/figcaption><\/figure>\n<p><span style=\"font-weight: 400;\">\u017de materi\u00e1l se spot\u0159ebov\u00e1v\u00e1 ve velk\u00e9m m\u011b\u0159\u00edtku, dokl\u00e1d\u00e1 je\u0161t\u011b jeden lo\u0148sk\u00fd \u00fadaj. Za sezonu z\u00e1vodn\u00edci o\u0161oupali a mechanici vym\u011bnili 1000 bezdu\u0161ov\u00fdch pneumatik. I jen drobn\u00e9 po\u0161kozen\u00ed toti\u017e vede k\u00a0v\u00fdm\u011bn\u011b, na nejvy\u0161\u0161\u00ed \u00farovni nen\u00ed prostor pro riziko \u010di chybu.<\/span><\/p>\n<p><span style=\"font-weight: 400;\">Taky proto dvac\u00edtka t\u00fdmov\u00fdch mechanik\u016f cel\u00fd listopad strojila nov\u011b zbarven\u00e1 kola zna\u010dky Giant. Jen jeho sestaven\u00ed trv\u00e1 t\u0159i hodiny, pot\u00e9 se je\u0161t\u011b podle tabulek nastavuje ka\u017ed\u00e9mu z\u00e1vodn\u00edkovi p\u0159esn\u00fd posed. Do ledna muselo b\u00fdt v\u0161echno hotov\u00e9. A kolik materi\u00e1lu v podob\u011b kol tedy v? Jen mu\u017esk\u00fd Wordl Tour t\u00fdm osedl\u00e1 200 bicykl\u016f, od modelu do kopc\u016f p\u0159es aerodynamick\u00fd na rovinat\u00e9 etapy po \u010dasovk\u00e1\u0159sk\u00fd stroj.\u00a0<\/span><\/p>\n<h2><strong>Kolik materi\u00e1lu v podob\u011b kol? Sedm kus\u016f pro ka\u017ed\u00e9ho<\/strong><\/h2>\n<p><span style=\"font-weight: 400;\">V\u00a0pr\u016fm\u011bru ka\u017ed\u00fd z\u00e1vodn\u00edk elitn\u00edho t\u00fdmu m\u016f\u017ee po\u010d\u00edtat se sedmi koly na rok. Jsou ale i v\u00fdjimky: australsk\u00fd l\u00eddr pro etapov\u00e9 z\u00e1vody Ben O\u2019Connor bude m\u00edt kol dev\u011bt, dv\u011b silni\u010dn\u00ed a \u010dasovk\u00e1\u0159sk\u00e9 na doma, aby m\u011bl na \u010dem tr\u00e9novat.<\/span><\/p>\n<p><span style=\"font-weight: 400;\">Mu\u017esk\u00fd World Tour t\u00fdm se letos p\u0159edstav\u00ed ve v\u00edce ne\u017e\u00a0280 z\u00e1vodn\u00edch dnech. Za drobn\u00fdm nav\u00fd\u0161en\u00edm stoj\u00ed n\u011bkter\u00e9 nov\u00e9 podniky v\u00a0kalend\u00e1\u0159i, nap\u0159\u00edklad \u010dervnov\u00fd Copenhagen Sprint v\u00a0D\u00e1nsku a srpnov\u00e1 Tour of Hellas v\u00a0\u0158ecku. Loni mu\u017esk\u00e9 a \u017eensk\u00e9 \u00e1\u010dko dohromady z\u00e1vodilo 390 dn\u016f.<\/span><\/p>\n<p><a href=\"https:\/\/d2p6e6u75xmxt8.cloudfront.net\/13\/2025\/01\/WhatsApp-Image-2025-01-03-at-10.58.41_0f48e5ce-1-1536x1156-1.webp\"><img loading=\"lazy\" decoding=\"async\" class=\"alignnone size-full wp-image-28038\" src=\"https:\/\/d2p6e6u75xmxt8.cloudfront.net\/13\/2025\/01\/WhatsApp-Image-2025-01-03-at-10.58.41_0f48e5ce-1-1536x1156-1.webp\" alt=\"\" width=\"1536\" height=\"1156\" srcset=\"https:\/\/d2p6e6u75xmxt8.cloudfront.net\/13\/2025\/01\/WhatsApp-Image-2025-01-03-at-10.58.41_0f48e5ce-1-1536x1156-1.webp 1536w, https:\/\/d2p6e6u75xmxt8.cloudfront.net\/13\/2025\/01\/WhatsApp-Image-2025-01-03-at-10.58.41_0f48e5ce-1-1536x1156-1-300x226.webp 300w, https:\/\/d2p6e6u75xmxt8.cloudfront.net\/13\/2025\/01\/WhatsApp-Image-2025-01-03-at-10.58.41_0f48e5ce-1-1536x1156-1-1024x771.webp 1024w, https:\/\/d2p6e6u75xmxt8.cloudfront.net\/13\/2025\/01\/WhatsApp-Image-2025-01-03-at-10.58.41_0f48e5ce-1-1536x1156-1-768x578.webp 768w, https:\/\/d2p6e6u75xmxt8.cloudfront.net\/13\/2025\/01\/WhatsApp-Image-2025-01-03-at-10.58.41_0f48e5ce-1-1536x1156-1-400x301.webp 400w\" sizes=\"auto, (max-width: 1536px) 100vw, 1536px\" \/><\/a><\/p>\n<p><span style=\"font-weight: 400;\">Aby tohle v\u0161echno \u0161lapalo, je nutn\u00e9 dob\u0159e zvl\u00e1dnout logistiku. T\u00fdm se p\u0159emis\u0165uje pomoc\u00ed 18 osobn\u00edch aut, t\u0159\u00ed kamion\u016f k\u00a0prasknut\u00ed nacpan\u00fdch materi\u00e1lem a stejn\u00fdm po\u010dtem autobus\u016f. K\u00a0tomu si t\u00fdm s\u00a0sebou po sv\u011bt\u011b voz\u00ed tzv. kitchen truck, mobiln\u00ed kuchyni s\u00a0vlastn\u00edm \u0161\u00e9fkucha\u0159em.<\/span><\/p>\n<p><span style=\"font-weight: 400;\">Uhl\u00edkov\u00e1 stopa na prvn\u00ed pohled enormn\u00ed, ale i na toto t\u00fdm mysl\u00ed. Kamion mechanik\u016f a n\u011bkter\u00e9 osob\u00e1ky z\u016fstaly mezi dv\u011bma zimn\u00edmi kempy zaparkovan\u00e9 ve \u0160pan\u011blsku. A stejn\u00e9 to bude na ja\u0159e b\u011bhem klasik, kdy se flotila bude m\u011bs\u00edc p\u0159esouvat jen na minim\u00e1ln\u00ed vzd\u00e1lenosti po Belgii a Holandsku.<\/span><\/p>\n<p><span style=\"font-weight: 400;\">Pro ilustraci luxusu (nebo marnivosti?) profesion\u00e1ln\u00ed cyklistiky jsou tyto informace dostate\u010dn\u00e9. A p\u0159eci se do mysli vkr\u00e1d\u00e1 \u00favaha: jak to asi vypad\u00e1 u t\u011bch opravdu nejv\u011bt\u0161\u00edch velmoc\u00ed pelotonu, je\u017e aspiruj\u00ed na \u017elut\u00e9 a jinak barevn\u00e9 dresy?<\/span><\/p>\n","protected":false},"excerpt":{"rendered":"<p>Snad se neuraz\u00ed, kdy\u017e o nich vyneseme tento soud: Jayco Alula nepat\u0159\u00ed v pelotonu k nejbohat\u0161\u00edm a t\u00edm \u2013 p\u0159i [&hellip;]<\/p>\n","protected":false},"author":138,"featured_media":28041,"comment_status":"open","ping_status":"open","sticky":false,"template":"","format":"standard","meta":{"footnotes":""},"categories":[660],"tags":[4020,126,370,2084,4021,4019,1884,9],"global-categories":[411],"class_list":["post-28036","post","type-post","status-publish","format-standard","has-post-thumbnail","hentry","category-https-www-welovecycling-com-cs-category-zabava","tag-bidony","tag-cyklistika","tag-dresy","tag-kola","tag-kolik-materialu-potrebuje-tym","tag-material","tag-pneumatiky","tag-silnicni-cyklistika","global-categories-cycling"],"yoast_head":"<!-- This site is optimized with the Yoast SEO Premium plugin v25.3 (Yoast SEO v25.9) - https:\/\/yoast.com\/wordpress\/plugins\/seo\/ -->\n<title>Kolik materi\u00e1lu v podob\u011b dres\u016f, bidon\u016f, pneumatik a kol spot\u0159ebuje t\u00fdm? | \u0160koda We Love Cycling - \u010cesk\u00e1 republika<\/title>\n<meta name=\"description\" content=\"Snad se neuraz\u00ed, kdy\u017e o nich vyneseme tento soud: Jayco Alula nepat\u0159\u00ed v pelotonu k nejbohat\u0161\u00edm a t\u00edm \u2013 p\u0159i dne\u0161n\u00edch z\u00e1konech cyklistiky \u2013 k nej\u00fasp\u011b\u0161n\u011bj\u0161\u00edm. A p\u0159ece se \u010d\u00edsla, je\u017e australsk\u00fd t\u00fdm na sv\u00e9m webu popisuje, zdaj\u00ed z\u00e1vratn\u00e1. Kolik materi\u00e1lu, m\u00edn\u011bno bidon\u016f, dres\u016f, kol protino\u017eci na novou sezonu objednali?\" \/>\n<meta name=\"robots\" content=\"index, follow, max-snippet:-1, max-image-preview:large, max-video-preview:-1\" \/>\n<link rel=\"canonical\" href=\"https:\/\/www.welovecycling.com\/cs\/2025\/01\/20\/kolik-materialu-v-podobe-dresu-bidonu-pneumatik-a-kol-spotrebuje-tym\/\" \/>\n<meta property=\"og:locale\" content=\"cs_CZ\" \/>\n<meta property=\"og:type\" content=\"article\" \/>\n<meta property=\"og:title\" content=\"Kolik materi\u00e1lu v podob\u011b dres\u016f, bidon\u016f, pneumatik a kol spot\u0159ebuje t\u00fdm?\" \/>\n<meta property=\"og:description\" content=\"Snad se neuraz\u00ed, kdy\u017e o nich vyneseme tento soud: Jayco Alula nepat\u0159\u00ed v pelotonu k nejbohat\u0161\u00edm a t\u00edm \u2013 p\u0159i dne\u0161n\u00edch z\u00e1konech cyklistiky \u2013 k nej\u00fasp\u011b\u0161n\u011bj\u0161\u00edm. A p\u0159ece se \u010d\u00edsla, je\u017e australsk\u00fd t\u00fdm na sv\u00e9m webu popisuje, zdaj\u00ed z\u00e1vratn\u00e1. Kolik materi\u00e1lu, m\u00edn\u011bno bidon\u016f, dres\u016f, kol protino\u017eci na novou sezonu objednali?\" \/>\n<meta property=\"og:url\" content=\"https:\/\/www.welovecycling.com\/cs\/2025\/01\/20\/kolik-materialu-v-podobe-dresu-bidonu-pneumatik-a-kol-spotrebuje-tym\/\" \/>\n<meta property=\"og:site_name\" content=\"\u0160koda We Love Cycling - \u010cesk\u00e1 republika\" \/>\n<meta property=\"article:published_time\" content=\"2025-01-20T04:00:51+00:00\" \/>\n<meta property=\"og:image\" content=\"https:\/\/d2p6e6u75xmxt8.cloudfront.net\/13\/2025\/01\/Y2A6099-1536x1025-1.webp\" \/>\n\t<meta property=\"og:image:width\" content=\"1536\" \/>\n\t<meta property=\"og:image:height\" content=\"1025\" \/>\n\t<meta property=\"og:image:type\" content=\"image\/webp\" \/>\n<meta name=\"author\" content=\"radekmalina\" \/>\n<meta name=\"twitter:card\" content=\"summary_large_image\" \/>\n<meta name=\"twitter:label1\" content=\"Written by\" \/>\n\t<meta name=\"twitter:data1\" content=\"We Love Cycling\" \/>\n\t<meta name=\"twitter:label2\" content=\"Est. reading time\" \/>\n\t<meta name=\"twitter:data2\" content=\"5\" \/>\n<script type=\"application\/ld+json\" class=\"yoast-schema-graph\">{\"@context\":\"https:\/\/schema.org\",\"@graph\":[{\"@type\":\"WebPage\",\"@id\":\"https:\/\/www.welovecycling.com\/cs\/2025\/01\/20\/kolik-materialu-v-podobe-dresu-bidonu-pneumatik-a-kol-spotrebuje-tym\/\",\"url\":\"https:\/\/www.welovecycling.com\/cs\/2025\/01\/20\/kolik-materialu-v-podobe-dresu-bidonu-pneumatik-a-kol-spotrebuje-tym\/\",\"name\":\"Kolik materi\u00e1lu v podob\u011b dres\u016f, bidon\u016f, pneumatik a kol spot\u0159ebuje t\u00fdm? | \u0160koda We Love Cycling - \u010cesk\u00e1 republika\",\"isPartOf\":{\"@id\":\"https:\/\/www.welovecycling.com\/cs\/#website\"},\"primaryImageOfPage\":{\"@id\":\"https:\/\/www.welovecycling.com\/cs\/2025\/01\/20\/kolik-materialu-v-podobe-dresu-bidonu-pneumatik-a-kol-spotrebuje-tym\/#primaryimage\"},\"image\":{\"@id\":\"https:\/\/www.welovecycling.com\/cs\/2025\/01\/20\/kolik-materialu-v-podobe-dresu-bidonu-pneumatik-a-kol-spotrebuje-tym\/#primaryimage\"},\"thumbnailUrl\":\"https:\/\/d2p6e6u75xmxt8.cloudfront.net\/13\/2025\/01\/Y2A6099-1536x1025-1.webp\",\"datePublished\":\"2025-01-20T04:00:51+00:00\",\"author\":{\"@id\":\"https:\/\/www.welovecycling.com\/cs\/#\/schema\/person\/d9eeb0a378f3a7e4a6d12d2b536b04b8\"},\"description\":\"Snad se neuraz\u00ed, kdy\u017e o nich vyneseme tento soud: Jayco Alula nepat\u0159\u00ed v pelotonu k nejbohat\u0161\u00edm a t\u00edm \u2013 p\u0159i dne\u0161n\u00edch z\u00e1konech cyklistiky \u2013 k nej\u00fasp\u011b\u0161n\u011bj\u0161\u00edm. A p\u0159ece se \u010d\u00edsla, je\u017e australsk\u00fd t\u00fdm na sv\u00e9m webu popisuje, zdaj\u00ed z\u00e1vratn\u00e1. Kolik materi\u00e1lu, m\u00edn\u011bno bidon\u016f, dres\u016f, kol protino\u017eci na novou sezonu objednali?\",\"inLanguage\":\"cs\",\"potentialAction\":[{\"@type\":\"ReadAction\",\"target\":[\"https:\/\/www.welovecycling.com\/cs\/2025\/01\/20\/kolik-materialu-v-podobe-dresu-bidonu-pneumatik-a-kol-spotrebuje-tym\/\"]}]},{\"@type\":\"ImageObject\",\"inLanguage\":\"cs\",\"@id\":\"https:\/\/www.welovecycling.com\/cs\/2025\/01\/20\/kolik-materialu-v-podobe-dresu-bidonu-pneumatik-a-kol-spotrebuje-tym\/#primaryimage\",\"url\":\"https:\/\/d2p6e6u75xmxt8.cloudfront.net\/13\/2025\/01\/Y2A6099-1536x1025-1.webp\",\"contentUrl\":\"https:\/\/d2p6e6u75xmxt8.cloudfront.net\/13\/2025\/01\/Y2A6099-1536x1025-1.webp\",\"width\":1536,\"height\":1025,\"caption\":\"Kolik materi\u00e1lu spot\u0159ebuje jedna cyklistick\u00e1 st\u00e1j?\"},{\"@type\":\"WebSite\",\"@id\":\"https:\/\/www.welovecycling.com\/cs\/#website\",\"url\":\"https:\/\/www.welovecycling.com\/cs\/\",\"name\":\"\u0160koda We Love Cycling - \u010cesk\u00e1 republika\",\"description\":\"WeLoveCycling.cz je online magaz\u00edn, kter\u00fd v\u00e1m pravideln\u011b p\u0159in\u00e1\u0161\u00ed rady a tipy, zaj\u00edmav\u00e9 \u010dl\u00e1nky, videa a jedine\u010dn\u00e9 report\u00e1\u017ee ze sv\u011bta cyklistiky.\",\"potentialAction\":[{\"@type\":\"SearchAction\",\"target\":{\"@type\":\"EntryPoint\",\"urlTemplate\":\"https:\/\/www.welovecycling.com\/cs\/?s={search_term_string}\"},\"query-input\":{\"@type\":\"PropertyValueSpecification\",\"valueRequired\":true,\"valueName\":\"search_term_string\"}}],\"inLanguage\":\"cs\"},{\"@type\":\"Person\",\"@id\":\"https:\/\/www.welovecycling.com\/cs\/#\/schema\/person\/d9eeb0a378f3a7e4a6d12d2b536b04b8\",\"name\":\"radekmalina\",\"image\":{\"@type\":\"ImageObject\",\"inLanguage\":\"cs\",\"@id\":\"https:\/\/www.welovecycling.com\/cs\/#\/schema\/person\/image\/\",\"url\":\"https:\/\/secure.gravatar.com\/avatar\/66994b632cb8c39a46b9f54afa3ae07201b678d32a54275b6f1c9ffec356bfc0?s=96&d=mm&r=g\",\"contentUrl\":\"https:\/\/secure.gravatar.com\/avatar\/66994b632cb8c39a46b9f54afa3ae07201b678d32a54275b6f1c9ffec356bfc0?s=96&d=mm&r=g\",\"caption\":\"radekmalina\"},\"url\":\"https:\/\/www.welovecycling.com\/cs\/author\/radekmalina\/\"}]}<\/script>\n<!-- \/ Yoast SEO Premium plugin. -->","yoast_head_json":{"title":"Kolik materi\u00e1lu v podob\u011b dres\u016f, bidon\u016f, pneumatik a kol spot\u0159ebuje t\u00fdm? | \u0160koda We Love Cycling - \u010cesk\u00e1 republika","description":"Snad se neuraz\u00ed, kdy\u017e o nich vyneseme tento soud: Jayco Alula nepat\u0159\u00ed v pelotonu k nejbohat\u0161\u00edm a t\u00edm \u2013 p\u0159i dne\u0161n\u00edch z\u00e1konech cyklistiky \u2013 k nej\u00fasp\u011b\u0161n\u011bj\u0161\u00edm. A p\u0159ece se \u010d\u00edsla, je\u017e australsk\u00fd t\u00fdm na sv\u00e9m webu popisuje, zdaj\u00ed z\u00e1vratn\u00e1. Kolik materi\u00e1lu, m\u00edn\u011bno bidon\u016f, dres\u016f, kol protino\u017eci na novou sezonu objednali?","robots":{"index":"index","follow":"follow","max-snippet":"max-snippet:-1","max-image-preview":"max-image-preview:large","max-video-preview":"max-video-preview:-1"},"canonical":"https:\/\/www.welovecycling.com\/cs\/2025\/01\/20\/kolik-materialu-v-podobe-dresu-bidonu-pneumatik-a-kol-spotrebuje-tym\/","og_locale":"cs_CZ","og_type":"article","og_title":"Kolik materi\u00e1lu v podob\u011b dres\u016f, bidon\u016f, pneumatik a kol spot\u0159ebuje t\u00fdm?","og_description":"Snad se neuraz\u00ed, kdy\u017e o nich vyneseme tento soud: Jayco Alula nepat\u0159\u00ed v pelotonu k nejbohat\u0161\u00edm a t\u00edm \u2013 p\u0159i dne\u0161n\u00edch z\u00e1konech cyklistiky \u2013 k nej\u00fasp\u011b\u0161n\u011bj\u0161\u00edm. A p\u0159ece se \u010d\u00edsla, je\u017e australsk\u00fd t\u00fdm na sv\u00e9m webu popisuje, zdaj\u00ed z\u00e1vratn\u00e1. Kolik materi\u00e1lu, m\u00edn\u011bno bidon\u016f, dres\u016f, kol protino\u017eci na novou sezonu objednali?","og_url":"https:\/\/www.welovecycling.com\/cs\/2025\/01\/20\/kolik-materialu-v-podobe-dresu-bidonu-pneumatik-a-kol-spotrebuje-tym\/","og_site_name":"\u0160koda We Love Cycling - \u010cesk\u00e1 republika","article_published_time":"2025-01-20T04:00:51+00:00","og_image":[{"width":1536,"height":1025,"url":"https:\/\/d2p6e6u75xmxt8.cloudfront.net\/13\/2025\/01\/Y2A6099-1536x1025-1.webp","type":"image\/webp"}],"author":"radekmalina","twitter_card":"summary_large_image","twitter_misc":{"Written by":"We Love Cycling","Est. reading time":"5"},"schema":{"@context":"https:\/\/schema.org","@graph":[{"@type":"WebPage","@id":"https:\/\/www.welovecycling.com\/cs\/2025\/01\/20\/kolik-materialu-v-podobe-dresu-bidonu-pneumatik-a-kol-spotrebuje-tym\/","url":"https:\/\/www.welovecycling.com\/cs\/2025\/01\/20\/kolik-materialu-v-podobe-dresu-bidonu-pneumatik-a-kol-spotrebuje-tym\/","name":"Kolik materi\u00e1lu v podob\u011b dres\u016f, bidon\u016f, pneumatik a kol spot\u0159ebuje t\u00fdm? | \u0160koda We Love Cycling - \u010cesk\u00e1 republika","isPartOf":{"@id":"https:\/\/www.welovecycling.com\/cs\/#website"},"primaryImageOfPage":{"@id":"https:\/\/www.welovecycling.com\/cs\/2025\/01\/20\/kolik-materialu-v-podobe-dresu-bidonu-pneumatik-a-kol-spotrebuje-tym\/#primaryimage"},"image":{"@id":"https:\/\/www.welovecycling.com\/cs\/2025\/01\/20\/kolik-materialu-v-podobe-dresu-bidonu-pneumatik-a-kol-spotrebuje-tym\/#primaryimage"},"thumbnailUrl":"https:\/\/d2p6e6u75xmxt8.cloudfront.net\/13\/2025\/01\/Y2A6099-1536x1025-1.webp","datePublished":"2025-01-20T04:00:51+00:00","author":{"@id":"https:\/\/www.welovecycling.com\/cs\/#\/schema\/person\/d9eeb0a378f3a7e4a6d12d2b536b04b8"},"description":"Snad se neuraz\u00ed, kdy\u017e o nich vyneseme tento soud: Jayco Alula nepat\u0159\u00ed v pelotonu k nejbohat\u0161\u00edm a t\u00edm \u2013 p\u0159i dne\u0161n\u00edch z\u00e1konech cyklistiky \u2013 k nej\u00fasp\u011b\u0161n\u011bj\u0161\u00edm. A p\u0159ece se \u010d\u00edsla, je\u017e australsk\u00fd t\u00fdm na sv\u00e9m webu popisuje, zdaj\u00ed z\u00e1vratn\u00e1. Kolik materi\u00e1lu, m\u00edn\u011bno bidon\u016f, dres\u016f, kol protino\u017eci na novou sezonu objednali?","inLanguage":"cs","potentialAction":[{"@type":"ReadAction","target":["https:\/\/www.welovecycling.com\/cs\/2025\/01\/20\/kolik-materialu-v-podobe-dresu-bidonu-pneumatik-a-kol-spotrebuje-tym\/"]}]},{"@type":"ImageObject","inLanguage":"cs","@id":"https:\/\/www.welovecycling.com\/cs\/2025\/01\/20\/kolik-materialu-v-podobe-dresu-bidonu-pneumatik-a-kol-spotrebuje-tym\/#primaryimage","url":"https:\/\/d2p6e6u75xmxt8.cloudfront.net\/13\/2025\/01\/Y2A6099-1536x1025-1.webp","contentUrl":"https:\/\/d2p6e6u75xmxt8.cloudfront.net\/13\/2025\/01\/Y2A6099-1536x1025-1.webp","width":1536,"height":1025,"caption":"Kolik materi\u00e1lu spot\u0159ebuje jedna cyklistick\u00e1 st\u00e1j?"},{"@type":"WebSite","@id":"https:\/\/www.welovecycling.com\/cs\/#website","url":"https:\/\/www.welovecycling.com\/cs\/","name":"\u0160koda We Love Cycling - \u010cesk\u00e1 republika","description":"WeLoveCycling.cz je online magaz\u00edn, kter\u00fd v\u00e1m pravideln\u011b p\u0159in\u00e1\u0161\u00ed rady a tipy, zaj\u00edmav\u00e9 \u010dl\u00e1nky, videa a jedine\u010dn\u00e9 report\u00e1\u017ee ze sv\u011bta cyklistiky.","potentialAction":[{"@type":"SearchAction","target":{"@type":"EntryPoint","urlTemplate":"https:\/\/www.welovecycling.com\/cs\/?s={search_term_string}"},"query-input":{"@type":"PropertyValueSpecification","valueRequired":true,"valueName":"search_term_string"}}],"inLanguage":"cs"},{"@type":"Person","@id":"https:\/\/www.welovecycling.com\/cs\/#\/schema\/person\/d9eeb0a378f3a7e4a6d12d2b536b04b8","name":"radekmalina","image":{"@type":"ImageObject","inLanguage":"cs","@id":"https:\/\/www.welovecycling.com\/cs\/#\/schema\/person\/image\/","url":"https:\/\/secure.gravatar.com\/avatar\/66994b632cb8c39a46b9f54afa3ae07201b678d32a54275b6f1c9ffec356bfc0?s=96&d=mm&r=g","contentUrl":"https:\/\/secure.gravatar.com\/avatar\/66994b632cb8c39a46b9f54afa3ae07201b678d32a54275b6f1c9ffec356bfc0?s=96&d=mm&r=g","caption":"radekmalina"},"url":"https:\/\/www.welovecycling.com\/cs\/author\/radekmalina\/"}]}},"_links":{"self":[{"href":"https:\/\/www.welovecycling.com\/cs\/wp-json\/wp\/v2\/posts\/28036","targetHints":{"allow":["GET"]}}],"collection":[{"href":"https:\/\/www.welovecycling.com\/cs\/wp-json\/wp\/v2\/posts"}],"about":[{"href":"https:\/\/www.welovecycling.com\/cs\/wp-json\/wp\/v2\/types\/post"}],"author":[{"embeddable":true,"href":"https:\/\/www.welovecycling.com\/cs\/wp-json\/wp\/v2\/users\/138"}],"replies":[{"embeddable":true,"href":"https:\/\/www.welovecycling.com\/cs\/wp-json\/wp\/v2\/comments?post=28036"}],"version-history":[{"count":3,"href":"https:\/\/www.welovecycling.com\/cs\/wp-json\/wp\/v2\/posts\/28036\/revisions"}],"predecessor-version":[{"id":28044,"href":"https:\/\/www.welovecycling.com\/cs\/wp-json\/wp\/v2\/posts\/28036\/revisions\/28044"}],"wp:featuredmedia":[{"embeddable":true,"href":"https:\/\/www.welovecycling.com\/cs\/wp-json\/wp\/v2\/media\/28041"}],"wp:attachment":[{"href":"https:\/\/www.welovecycling.com\/cs\/wp-json\/wp\/v2\/media?parent=28036"}],"wp:term":[{"taxonomy":"category","embeddable":true,"href":"https:\/\/www.welovecycling.com\/cs\/wp-json\/wp\/v2\/categories?post=28036"},{"taxonomy":"post_tag","embeddable":true,"href":"https:\/\/www.welovecycling.com\/cs\/wp-json\/wp\/v2\/tags?post=28036"},{"taxonomy":"global-categories","embeddable":true,"href":"https:\/\/www.welovecycling.com\/cs\/wp-json\/wp\/v2\/global-categories?post=28036"}],"curies":[{"name":"wp","href":"https:\/\/api.w.org\/{rel}","templated":true}]}}