{"id":28013,"date":"2025-01-17T05:30:50","date_gmt":"2025-01-17T03:30:50","guid":{"rendered":"https:\/\/www.welovecycling.com\/cs\/?p=28013"},"modified":"2025-01-10T15:34:22","modified_gmt":"2025-01-10T13:34:22","slug":"tour-de-gauc-nejlepsi-cyklisticke-video-hry-pro-ledove-mesice","status":"publish","type":"post","link":"https:\/\/www.welovecycling.com\/cs\/2025\/01\/17\/tour-de-gauc-nejlepsi-cyklisticke-video-hry-pro-ledove-mesice\/","title":{"rendered":"Tour de Gau\u010d. Nejlep\u0161\u00ed cyklistick\u00e9 videohry pro ledov\u00e9 m\u011bs\u00edce"},"content":{"rendered":"<p><strong>Pr\u00e1v\u011b te\u010f je pot\u0159eba velk\u00e1 d\u00e1vka odhodl\u00e1n\u00ed, abyste se obl\u00e9kli jako Eskym\u00e1ci a vyrazili na kolo ven. Pro ty z n\u00e1s, kter\u00fdm se takov\u00e9 v\u016fle nedost\u00e1v\u00e1, a p\u0159eci cht\u011bj\u00ed u cyklistiky z\u016fstat, m\u00e1me \u0159e\u0161en\u00ed. Na jedn\u00e9 stran\u011b p\u011bkn\u011b postaru deskovou hrou, t\u0159eba i \u010desk\u00e9 produkce k <a href=\"https:\/\/www.welovecycling.com\/cs\/2023\/04\/04\/deskova-hra-tour-de-france-k-realizaci-me-dovedla-vytrvalost-z-pelotonu-rika-autor-projektu\/\">Tour de France<\/a>. Na stran\u011b druh\u00e9 v trendu doby \u2013 na po\u010d\u00edta\u010d\u00edch, kdy bude z\u00e1zem\u00edm v mraziv\u00e9m po\u010das\u00ed v\u00e1\u0161 gau\u010d&#8230;<\/strong><\/p>\n<p><span style=\"font-weight: 400;\">Za\u010dalo to p\u0159esn\u011b p\u0159ed 40 lety ark\u00e1dou Paperboy od Atari. Posl\u00ed\u010dek na sv\u00e9m kole po ulici rozv\u00e1\u017eel noviny s n\u00e1zvem The Daily Sun a ovlada\u010dem \u0161lo navigovat jeho \u0159\u00edd\u00edtka. P\u0159esto\u017ee hru na rozhazov\u00e1n\u00ed ruli\u010dek tiskovin po okol\u00ed u\u017e si nezahrajete, m\u00e1te dnes k\u00a0dispozici poveden\u011bj\u0161\u00ed n\u00e1hrady.<\/span><\/p>\n<h2><strong>Parcel Corps<\/strong><\/h2>\n<p><span style=\"font-weight: 400;\">Vyd\u00e1n\u00ed: 2024.\u00a0<\/span><span style=\"font-weight: 400;\">Form\u00e1ty: PC, PS5, Xbox<\/span><\/p>\n<p><a href=\"https:\/\/d2p6e6u75xmxt8.cloudfront.net\/13\/2025\/01\/Parcel.webp\"><img loading=\"lazy\" decoding=\"async\" class=\"alignnone size-full wp-image-28019\" src=\"https:\/\/d2p6e6u75xmxt8.cloudfront.net\/13\/2025\/01\/Parcel.webp\" alt=\"\" width=\"1494\" height=\"835\" srcset=\"https:\/\/d2p6e6u75xmxt8.cloudfront.net\/13\/2025\/01\/Parcel.webp 1494w, https:\/\/d2p6e6u75xmxt8.cloudfront.net\/13\/2025\/01\/Parcel-300x168.webp 300w, https:\/\/d2p6e6u75xmxt8.cloudfront.net\/13\/2025\/01\/Parcel-1024x572.webp 1024w, https:\/\/d2p6e6u75xmxt8.cloudfront.net\/13\/2025\/01\/Parcel-768x429.webp 768w, https:\/\/d2p6e6u75xmxt8.cloudfront.net\/13\/2025\/01\/Parcel-400x224.webp 400w\" sizes=\"auto, (max-width: 1494px) 100vw, 1494px\" \/><\/a><\/p>\n<p><span style=\"font-weight: 400;\">Lo\u0148sk\u00fd Parcel Corps je novodobou verz\u00ed cyklokur\u00fdra, ve kter\u00e9 d\u011bl\u00e1te zat\u00e1\u010dky smykem, jezd\u00edte pod zaparkovan\u00fdmi n\u00e1kla\u010f\u00e1ky, sk\u00e1\u010dete ze st\u0159ech a terorizujete babi\u010dky v\u00a0parku. Nen\u00ed to \u00fapln\u011b simul\u00e1tor, ale po\u0159\u00e1d dost z\u00e1bavn\u00e9 brouzd\u00e1n\u00ed po ru\u0161n\u00e9m m\u011bst\u011b na kole.<\/span><\/p>\n<h2><b>Descenders<\/b><\/h2>\n<p><span style=\"font-weight: 400;\">Vyd\u00e1n\u00ed: 2019.\u00a0<\/span><span style=\"font-weight: 400;\">Form\u00e1ty: Mobile, PC, PS4\/5, Switch, Xbox<\/span><\/p>\n<figure id=\"attachment_28020\" aria-describedby=\"caption-attachment-28020\" style=\"width: 1920px\" class=\"wp-caption alignnone\"><a href=\"https:\/\/d2p6e6u75xmxt8.cloudfront.net\/13\/2025\/01\/Descenders.webp\"><img loading=\"lazy\" decoding=\"async\" class=\"size-full wp-image-28020\" src=\"https:\/\/d2p6e6u75xmxt8.cloudfront.net\/13\/2025\/01\/Descenders.webp\" alt=\"\" width=\"1920\" height=\"1080\" srcset=\"https:\/\/d2p6e6u75xmxt8.cloudfront.net\/13\/2025\/01\/Descenders.webp 1920w, https:\/\/d2p6e6u75xmxt8.cloudfront.net\/13\/2025\/01\/Descenders-300x169.webp 300w, https:\/\/d2p6e6u75xmxt8.cloudfront.net\/13\/2025\/01\/Descenders-1024x576.webp 1024w, https:\/\/d2p6e6u75xmxt8.cloudfront.net\/13\/2025\/01\/Descenders-768x432.webp 768w, https:\/\/d2p6e6u75xmxt8.cloudfront.net\/13\/2025\/01\/Descenders-1536x864.webp 1536w, https:\/\/d2p6e6u75xmxt8.cloudfront.net\/13\/2025\/01\/Descenders-400x225.webp 400w\" sizes=\"auto, (max-width: 1920px) 100vw, 1920px\" \/><\/a><figcaption id=\"caption-attachment-28020\" class=\"wp-caption-text\"><em>Descenders jsou na gau\u010d jako d\u011blan\u00e9&#8230;<\/em><\/figcaption><\/figure>\n<p><span style=\"font-weight: 400;\">Freestyle downhillov\u00e1 cyklistika s\u00a0\u0159\u00e1dkou trik\u016f v\u00e1s posouv\u00e1 vzh\u016fru skrze jednotliv\u00e9 levely, tak\u017ee nikdy nepojedete po stejn\u00e9 trati dvakr\u00e1t. C\u00edlem hry je projet sjezda\u0159sk\u00e9 trat\u011b bez p\u00e1du, proto\u017ee po ka\u017ed\u00e9m takov\u00e9m p\u0159ijdete o \u010d\u00e1st zdrav\u00ed. A\u017e v\u00e1m nezbude \u017e\u00e1dn\u00e9. Pak je Game over. Sou\u010d\u00e1st\u00ed je on-line po\u0159ad\u00ed z\u00e1vodn\u00edk\u016f a v\u00a0p\u0159\u00edprav\u011b na leto\u0161n\u00ed rok pokra\u010dov\u00e1n\u00ed Descenders Next.<\/span><\/p>\n<h2><b>Bike Mechanic Simulator 2023<\/b><\/h2>\n<p><span style=\"font-weight: 400;\">Vyd\u00e1n\u00ed: chyst\u00e1 se.\u00a0<\/span><span style=\"font-weight: 400;\">Form\u00e1t: PC<\/span><\/p>\n<div class=\"shortcode-ys-post-pinup\"><article class=\"loop-simple post-27880 post type-post status-publish format-standard has-post-thumbnail hentry category-silnicni-cyklistika tag-cyklistika tag-julian-alaphilippe tag-kolem-flander tag-mistrovstvi-sveta tag-odchod-do-duchodu tag-pariz-roubaix tag-patrick-lefevere tag-silnicni-cyklistika tag-soudal-quick-step tag-sportovni-reditel tag-vuelta-2022 global-categories-cycling\" data-postid=\"27880\" role=\"article\" data-post-id=\"27880\" data-word-count=\"528\" data-headline-length=\"59\" data-category=\"Silni\u010dn\u00ed cyklistika\" data-global-category=\"Cycling\" data-author=\"We Love Cycling\" data-published=\"2024-12-28T05:00:51+02:00\" data-published-day=\"Saturday\">\n    <div class=\"entry-thumbnail article-thumbnail\" content=\"https:\/\/d2p6e6u75xmxt8.cloudfront.net\/13\/2024\/12\/profimedia-0016006382-150x150.webp\"><a href=\"https:\/\/www.welovecycling.com\/cs\/2024\/12\/28\/tisic-vitezstvi-za-20-let-peloton-opousti-jeho-kmotr-patrick-lefevere\/\" class=\"image-holder\" target=\"_self\"><img decoding=\"async\" loading=\"lazy\" class=\"\" src=\"https:\/\/d2p6e6u75xmxt8.cloudfront.net\/13\/2024\/12\/profimedia-0016006382-1024x675.webp\" srcset=\"https:\/\/d2p6e6u75xmxt8.cloudfront.net\/13\/2024\/12\/profimedia-0016006382.webp 1800w, https:\/\/d2p6e6u75xmxt8.cloudfront.net\/13\/2024\/12\/profimedia-0016006382-300x198.webp 300w, https:\/\/d2p6e6u75xmxt8.cloudfront.net\/13\/2024\/12\/profimedia-0016006382-1024x675.webp 1024w, https:\/\/d2p6e6u75xmxt8.cloudfront.net\/13\/2024\/12\/profimedia-0016006382-768x506.webp 768w, https:\/\/d2p6e6u75xmxt8.cloudfront.net\/13\/2024\/12\/profimedia-0016006382-1536x1013.webp 1536w, https:\/\/d2p6e6u75xmxt8.cloudfront.net\/13\/2024\/12\/profimedia-0016006382-400x264.webp 400w\" width=\"1024\" height=\"675\" sizes=\"auto, (min-width: 1200px) 304px, (min-width: 768px) 25vw, 100vw\" alt=\"tisic-vitezstvi-za-20-let-peloton-opousti-jeho-kmotr-patrick-lefevere\"\/><\/a><\/div>    <div class=\"entry-meta\">\n        <a class=\"label label-secondary post-category\" href=\"https:\/\/www.welovecycling.com\/cs\/category\/silnicni-cyklistika\/\" title=\"Silni\u010dn\u00ed cyklistika\">Silni\u010dn\u00ed cyklistika<\/a>\n    <\/div>\n    <div class=\"entry-details\">\n        <a href=\"https:\/\/www.welovecycling.com\/cs\/2024\/12\/28\/tisic-vitezstvi-za-20-let-peloton-opousti-jeho-kmotr-patrick-lefevere\/\" class='entry-title-wrapper'>\n            <h3 class=\"entry-title\"><span>Tis\u00edc v\u00edt\u011bzstv\u00ed za 20 let? Peloton opou\u0161t\u00ed jeho kmotr<\/span><\/h3>\n        <\/a>\n    <\/div>\n    <\/article>\n<\/div>\n<p><span style=\"font-weight: 400;\">\u017de hra s\u00a0\u010d\u00edslovkou 2023 v n\u00e1zvu je\u0161t\u011b nevy\u0161la, i kdy\u017e u\u017e tu m\u00e1me rok 2025, je trochu \u00fasm\u011bvn\u00e9. Na PC hern\u00edm tr\u017ei\u0161ti Steam je prozat\u00edm k dispozici bezplatn\u00e9 demo, je\u017e si ne\u017e\u00e1d\u00e1 \u00fapln\u011b nadupan\u00e9 hern\u00ed po\u010d\u00edta\u010de. Prost\u0159ed\u00edm hry je mechanikova d\u00edlna, v\u00a0n\u00ed\u017e dost\u00e1v\u00e1te zak\u00e1zky k\u00a0oprav\u011b nebo \u00fadr\u017eb\u011b kol od MTB a\u017e po ta m\u011bstsk\u00e1. Postupn\u011b lze servis roz\u0161\u00ed\u0159it o kav\u00e1rnu nebo testovac\u00ed dr\u00e1hu. A\u010dkoliv hra mo\u017en\u00e1 nep\u0159inese vzru\u0161en\u00ed z\u00e1vod\u016f, p\u0159in\u00e1\u0161\u00ed tich\u00e9 uspokojen\u00ed z dob\u0159e odveden\u00e9 pr\u00e1ce.<\/span><\/p>\n<h2><b>Pro Cycling Manager 2024<\/b><\/h2>\n<p><span style=\"font-weight: 400;\">Vyd\u00e1n\u00ed: 2024.\u00a0<\/span><span style=\"font-weight: 400;\">Form\u00e1t: PC<\/span><\/p>\n<p><a href=\"https:\/\/d2p6e6u75xmxt8.cloudfront.net\/13\/2025\/01\/Manager.webp\"><img loading=\"lazy\" decoding=\"async\" class=\"alignnone size-full wp-image-28018\" src=\"https:\/\/d2p6e6u75xmxt8.cloudfront.net\/13\/2025\/01\/Manager.webp\" alt=\"\" width=\"1920\" height=\"1080\" srcset=\"https:\/\/d2p6e6u75xmxt8.cloudfront.net\/13\/2025\/01\/Manager.webp 1920w, https:\/\/d2p6e6u75xmxt8.cloudfront.net\/13\/2025\/01\/Manager-300x169.webp 300w, https:\/\/d2p6e6u75xmxt8.cloudfront.net\/13\/2025\/01\/Manager-1024x576.webp 1024w, https:\/\/d2p6e6u75xmxt8.cloudfront.net\/13\/2025\/01\/Manager-768x432.webp 768w, https:\/\/d2p6e6u75xmxt8.cloudfront.net\/13\/2025\/01\/Manager-1536x864.webp 1536w, https:\/\/d2p6e6u75xmxt8.cloudfront.net\/13\/2025\/01\/Manager-400x225.webp 400w\" sizes=\"auto, (max-width: 1920px) 100vw, 1920px\" \/><\/a><\/p>\n<p><span style=\"font-weight: 400;\">Pro Cycling Manager v\u00e1s posad\u00ed do seda\u010dky sportovn\u00edho \u0159editele v\u00a0doprovodn\u00e9m voze, odkud budete \u0159\u00eddit t\u00fdm cyklist\u016f k v\u00edt\u011bzstv\u00ed v\u00a0z\u00e1vodech jako Tour de France. K takov\u00fdm v\u00fd\u0161in\u00e1m se samoz\u0159ejm\u011b budete muset propracovat, a to znamen\u00e1 p\u0159emlouvat sponzory, vyjedn\u00e1vat s jezdci a udr\u017eovat jejich v\u00fdkon prost\u0159ednictv\u00edm tr\u00e9ninku. Pak budete sledovat, jak z\u00e1vodn\u00edci dosahuj\u00ed sv\u00fdch c\u00edl\u016f, nebo naopak hekaj\u00ed na krajnici zran\u011bn\u00ed pot\u00e9, co se p\u0159imotali do hromadn\u00e9ho p\u00e1du.<\/span><\/p>\n<h2><strong>Tour de France 2024<\/strong><\/h2>\n<p><span style=\"font-weight: 400;\">Vyd\u00e1n\u00ed: 2024.\u00a0<\/span><span style=\"font-weight: 400;\">Form\u00e1ty: PC, PS4\/5, Xbox<\/span><\/p>\n<figure id=\"attachment_28016\" aria-describedby=\"caption-attachment-28016\" style=\"width: 1920px\" class=\"wp-caption alignnone\"><a href=\"https:\/\/d2p6e6u75xmxt8.cloudfront.net\/13\/2025\/01\/Tour.webp\"><img loading=\"lazy\" decoding=\"async\" class=\"size-full wp-image-28016\" src=\"https:\/\/d2p6e6u75xmxt8.cloudfront.net\/13\/2025\/01\/Tour.webp\" alt=\"\" width=\"1920\" height=\"1080\" srcset=\"https:\/\/d2p6e6u75xmxt8.cloudfront.net\/13\/2025\/01\/Tour.webp 1920w, https:\/\/d2p6e6u75xmxt8.cloudfront.net\/13\/2025\/01\/Tour-300x169.webp 300w, https:\/\/d2p6e6u75xmxt8.cloudfront.net\/13\/2025\/01\/Tour-1024x576.webp 1024w, https:\/\/d2p6e6u75xmxt8.cloudfront.net\/13\/2025\/01\/Tour-768x432.webp 768w, https:\/\/d2p6e6u75xmxt8.cloudfront.net\/13\/2025\/01\/Tour-1536x864.webp 1536w, https:\/\/d2p6e6u75xmxt8.cloudfront.net\/13\/2025\/01\/Tour-400x225.webp 400w\" sizes=\"auto, (max-width: 1920px) 100vw, 1920px\" \/><\/a><figcaption id=\"caption-attachment-28016\" class=\"wp-caption-text\"><em>Gau\u010d m\u016f\u017ee b\u00fdt b\u011bhem zimy alternativou, jak pro\u017e\u00edt Tour de France.<\/em><\/figcaption><\/figure>\n<p><span style=\"font-weight: 400;\">Ofici\u00e1ln\u00ed hra nejslavn\u011bj\u0161\u00edho cyklistick\u00e9ho z\u00e1vodu sv\u011bta, v\u00a0n\u00ed\u017e spravujete nejlep\u0161\u00ed t\u00fdmy sv\u011bta. Jej\u00ed online m\u00f3d nazvan\u00fd Criterium nastavuje t\u00fddenn\u00ed v\u00fdzvy, abyste mohli otestovat strategii sv\u00e9ho t\u00fdmu proti a\u017e \u0161esti dal\u0161\u00edm hr\u00e1\u010d\u016fm. M\u016f\u017eete si sestavit t\u00fdm z\u00a0dev\u00edti stovek elitn\u00edch jezdc\u016f a vytvo\u0159it jim i vlastn\u00ed dresy. V re\u017eimech Pro Team a Pro Leader p\u0159evezmete ot\u011b\u017ee profesion\u00e1ln\u00edch t\u00fdm\u016f nebo si vytvo\u0159\u00edte sv\u016fj vlastn\u00ed a budete stoupat na vrchol UCI \u017eeb\u0159\u00ed\u010dku.<\/span><\/p>\n<p><span style=\"font-weight: 400;\">Pokud by v\u00e1s tahle gau\u010dov\u00e1 cyklistika p\u0159eci jen neuspokojovala, po\u0159\u00e1d se d\u00e1 virtu\u00e1ln\u011b provozovat i fyzicky skrze chytr\u00e9 tr\u00e9ninkov\u00e9 aplikace Rouvy nebo Zwift. Jen jedno varov\u00e1n\u00ed: nebudou v\u00e1s od n\u00ed bolet palce, ale ty spr\u00e1vn\u00e9 svaly.<\/span><\/p>\n","protected":false},"excerpt":{"rendered":"<p>Pr\u00e1v\u011b te\u010f je pot\u0159eba velk\u00e1 d\u00e1vka odhodl\u00e1n\u00ed, abyste se obl\u00e9kli jako Eskym\u00e1ci a vyrazili na kolo ven. Pro ty z [&hellip;]<\/p>\n","protected":false},"author":138,"featured_media":28014,"comment_status":"open","ping_status":"open","sticky":false,"template":"","format":"standard","meta":{"footnotes":""},"categories":[660],"tags":[126,4011,4012,4013,23,4010],"global-categories":[411],"class_list":["post-28013","post","type-post","status-publish","format-standard","has-post-thumbnail","hentry","category-https-www-welovecycling-com-cs-category-zabava","tag-cyklistika","tag-hry-na-pocitaci","tag-parcel-corps","tag-pro-cycling-manager-2024","tag-tour-de-france","tag-videohry","global-categories-cycling"],"yoast_head":"<!-- This site is optimized with the Yoast SEO Premium plugin v25.3 (Yoast SEO v25.9) - https:\/\/yoast.com\/wordpress\/plugins\/seo\/ -->\n<title>Tour de Gau\u010d. Nejlep\u0161\u00ed cyklistick\u00e9 videohry pro ledov\u00e9 m\u011bs\u00edce | \u0160koda We Love Cycling - \u010cesk\u00e1 republika<\/title>\n<meta name=\"description\" content=\"Pr\u00e1v\u011b te\u010f je pot\u0159eba velk\u00e1 d\u00e1vka odhodl\u00e1n\u00ed, abyste se obl\u00e9kli jako Eskym\u00e1ci a vyrazili na kolo ven. Pro ty z n\u00e1s, kter\u00fdm se takov\u00e9 v\u016fle nedost\u00e1v\u00e1, a p\u0159eci cht\u011bj\u00ed u cyklistiky z\u016fstat, m\u00e1me \u0159e\u0161en\u00ed. Na jedn\u00e9 stran\u011b p\u011bkn\u011b postaru deskovou hrou, t\u0159eba i \u010desk\u00e9 produkce k Tour de France. Na stran\u011b druh\u00e9 v trendu doby \u2013 na po\u010d\u00edta\u010d\u00edch, kdy bude z\u00e1zem\u00edm v mraziv\u00e9m po\u010das\u00ed v\u00e1\u0161 gau\u010d...\" \/>\n<meta name=\"robots\" content=\"index, follow, max-snippet:-1, max-image-preview:large, max-video-preview:-1\" \/>\n<link rel=\"canonical\" href=\"https:\/\/www.welovecycling.com\/cs\/2025\/01\/17\/tour-de-gauc-nejlepsi-cyklisticke-video-hry-pro-ledove-mesice\/\" \/>\n<meta property=\"og:locale\" content=\"cs_CZ\" \/>\n<meta property=\"og:type\" content=\"article\" \/>\n<meta property=\"og:title\" content=\"Tour de Gau\u010d. Nejlep\u0161\u00ed cyklistick\u00e9 videohry pro ledov\u00e9 m\u011bs\u00edce\" \/>\n<meta property=\"og:description\" content=\"Pr\u00e1v\u011b te\u010f je pot\u0159eba velk\u00e1 d\u00e1vka odhodl\u00e1n\u00ed, abyste se obl\u00e9kli jako Eskym\u00e1ci a vyrazili na kolo ven. Pro ty z n\u00e1s, kter\u00fdm se takov\u00e9 v\u016fle nedost\u00e1v\u00e1, a p\u0159eci cht\u011bj\u00ed u cyklistiky z\u016fstat, m\u00e1me \u0159e\u0161en\u00ed. Na jedn\u00e9 stran\u011b p\u011bkn\u011b postaru deskovou hrou, t\u0159eba i \u010desk\u00e9 produkce k Tour de France. Na stran\u011b druh\u00e9 v trendu doby \u2013 na po\u010d\u00edta\u010d\u00edch, kdy bude z\u00e1zem\u00edm v mraziv\u00e9m po\u010das\u00ed v\u00e1\u0161 gau\u010d...\" \/>\n<meta property=\"og:url\" content=\"https:\/\/www.welovecycling.com\/cs\/2025\/01\/17\/tour-de-gauc-nejlepsi-cyklisticke-video-hry-pro-ledove-mesice\/\" \/>\n<meta property=\"og:site_name\" content=\"\u0160koda We Love Cycling - \u010cesk\u00e1 republika\" \/>\n<meta property=\"article:published_time\" content=\"2025-01-17T03:30:50+00:00\" \/>\n<meta property=\"og:image\" content=\"https:\/\/d2p6e6u75xmxt8.cloudfront.net\/13\/2025\/01\/uvodka2-scaled.webp\" \/>\n\t<meta property=\"og:image:width\" content=\"2560\" \/>\n\t<meta property=\"og:image:height\" content=\"1700\" \/>\n\t<meta property=\"og:image:type\" content=\"image\/webp\" \/>\n<meta name=\"author\" content=\"radekmalina\" \/>\n<meta name=\"twitter:card\" content=\"summary_large_image\" \/>\n<meta name=\"twitter:label1\" content=\"Written by\" \/>\n\t<meta name=\"twitter:data1\" content=\"We Love Cycling\" \/>\n\t<meta name=\"twitter:label2\" content=\"Est. reading time\" \/>\n\t<meta name=\"twitter:data2\" content=\"6\" \/>\n<script type=\"application\/ld+json\" class=\"yoast-schema-graph\">{\"@context\":\"https:\/\/schema.org\",\"@graph\":[{\"@type\":\"WebPage\",\"@id\":\"https:\/\/www.welovecycling.com\/cs\/2025\/01\/17\/tour-de-gauc-nejlepsi-cyklisticke-video-hry-pro-ledove-mesice\/\",\"url\":\"https:\/\/www.welovecycling.com\/cs\/2025\/01\/17\/tour-de-gauc-nejlepsi-cyklisticke-video-hry-pro-ledove-mesice\/\",\"name\":\"Tour de Gau\u010d. Nejlep\u0161\u00ed cyklistick\u00e9 videohry pro ledov\u00e9 m\u011bs\u00edce | \u0160koda We Love Cycling - \u010cesk\u00e1 republika\",\"isPartOf\":{\"@id\":\"https:\/\/www.welovecycling.com\/cs\/#website\"},\"primaryImageOfPage\":{\"@id\":\"https:\/\/www.welovecycling.com\/cs\/2025\/01\/17\/tour-de-gauc-nejlepsi-cyklisticke-video-hry-pro-ledove-mesice\/#primaryimage\"},\"image\":{\"@id\":\"https:\/\/www.welovecycling.com\/cs\/2025\/01\/17\/tour-de-gauc-nejlepsi-cyklisticke-video-hry-pro-ledove-mesice\/#primaryimage\"},\"thumbnailUrl\":\"https:\/\/d2p6e6u75xmxt8.cloudfront.net\/13\/2025\/01\/uvodka2-scaled.webp\",\"datePublished\":\"2025-01-17T03:30:50+00:00\",\"author\":{\"@id\":\"https:\/\/www.welovecycling.com\/cs\/#\/schema\/person\/d9eeb0a378f3a7e4a6d12d2b536b04b8\"},\"description\":\"Pr\u00e1v\u011b te\u010f je pot\u0159eba velk\u00e1 d\u00e1vka odhodl\u00e1n\u00ed, abyste se obl\u00e9kli jako Eskym\u00e1ci a vyrazili na kolo ven. Pro ty z n\u00e1s, kter\u00fdm se takov\u00e9 v\u016fle nedost\u00e1v\u00e1, a p\u0159eci cht\u011bj\u00ed u cyklistiky z\u016fstat, m\u00e1me \u0159e\u0161en\u00ed. Na jedn\u00e9 stran\u011b p\u011bkn\u011b postaru deskovou hrou, t\u0159eba i \u010desk\u00e9 produkce k Tour de France. Na stran\u011b druh\u00e9 v trendu doby \u2013 na po\u010d\u00edta\u010d\u00edch, kdy bude z\u00e1zem\u00edm v mraziv\u00e9m po\u010das\u00ed v\u00e1\u0161 gau\u010d...\",\"inLanguage\":\"cs\",\"potentialAction\":[{\"@type\":\"ReadAction\",\"target\":[\"https:\/\/www.welovecycling.com\/cs\/2025\/01\/17\/tour-de-gauc-nejlepsi-cyklisticke-video-hry-pro-ledove-mesice\/\"]}]},{\"@type\":\"ImageObject\",\"inLanguage\":\"cs\",\"@id\":\"https:\/\/www.welovecycling.com\/cs\/2025\/01\/17\/tour-de-gauc-nejlepsi-cyklisticke-video-hry-pro-ledove-mesice\/#primaryimage\",\"url\":\"https:\/\/d2p6e6u75xmxt8.cloudfront.net\/13\/2025\/01\/uvodka2-scaled.webp\",\"contentUrl\":\"https:\/\/d2p6e6u75xmxt8.cloudfront.net\/13\/2025\/01\/uvodka2-scaled.webp\",\"width\":2560,\"height\":1700,\"caption\":\"Gau\u010d nab\u00edz\u00ed v zimn\u00edch m\u011bs\u00edc\u00edch alternativu pro cyklistick\u00e1 dobrodru\u017estv\u00ed...\"},{\"@type\":\"WebSite\",\"@id\":\"https:\/\/www.welovecycling.com\/cs\/#website\",\"url\":\"https:\/\/www.welovecycling.com\/cs\/\",\"name\":\"\u0160koda We Love Cycling - \u010cesk\u00e1 republika\",\"description\":\"WeLoveCycling.cz je online magaz\u00edn, kter\u00fd v\u00e1m pravideln\u011b p\u0159in\u00e1\u0161\u00ed rady a tipy, zaj\u00edmav\u00e9 \u010dl\u00e1nky, videa a jedine\u010dn\u00e9 report\u00e1\u017ee ze sv\u011bta cyklistiky.\",\"potentialAction\":[{\"@type\":\"SearchAction\",\"target\":{\"@type\":\"EntryPoint\",\"urlTemplate\":\"https:\/\/www.welovecycling.com\/cs\/?s={search_term_string}\"},\"query-input\":{\"@type\":\"PropertyValueSpecification\",\"valueRequired\":true,\"valueName\":\"search_term_string\"}}],\"inLanguage\":\"cs\"},{\"@type\":\"Person\",\"@id\":\"https:\/\/www.welovecycling.com\/cs\/#\/schema\/person\/d9eeb0a378f3a7e4a6d12d2b536b04b8\",\"name\":\"radekmalina\",\"image\":{\"@type\":\"ImageObject\",\"inLanguage\":\"cs\",\"@id\":\"https:\/\/www.welovecycling.com\/cs\/#\/schema\/person\/image\/\",\"url\":\"https:\/\/secure.gravatar.com\/avatar\/66994b632cb8c39a46b9f54afa3ae07201b678d32a54275b6f1c9ffec356bfc0?s=96&d=mm&r=g\",\"contentUrl\":\"https:\/\/secure.gravatar.com\/avatar\/66994b632cb8c39a46b9f54afa3ae07201b678d32a54275b6f1c9ffec356bfc0?s=96&d=mm&r=g\",\"caption\":\"radekmalina\"},\"url\":\"https:\/\/www.welovecycling.com\/cs\/author\/radekmalina\/\"}]}<\/script>\n<!-- \/ Yoast SEO Premium plugin. -->","yoast_head_json":{"title":"Tour de Gau\u010d. Nejlep\u0161\u00ed cyklistick\u00e9 videohry pro ledov\u00e9 m\u011bs\u00edce | \u0160koda We Love Cycling - \u010cesk\u00e1 republika","description":"Pr\u00e1v\u011b te\u010f je pot\u0159eba velk\u00e1 d\u00e1vka odhodl\u00e1n\u00ed, abyste se obl\u00e9kli jako Eskym\u00e1ci a vyrazili na kolo ven. Pro ty z n\u00e1s, kter\u00fdm se takov\u00e9 v\u016fle nedost\u00e1v\u00e1, a p\u0159eci cht\u011bj\u00ed u cyklistiky z\u016fstat, m\u00e1me \u0159e\u0161en\u00ed. Na jedn\u00e9 stran\u011b p\u011bkn\u011b postaru deskovou hrou, t\u0159eba i \u010desk\u00e9 produkce k Tour de France. Na stran\u011b druh\u00e9 v trendu doby \u2013 na po\u010d\u00edta\u010d\u00edch, kdy bude z\u00e1zem\u00edm v mraziv\u00e9m po\u010das\u00ed v\u00e1\u0161 gau\u010d...","robots":{"index":"index","follow":"follow","max-snippet":"max-snippet:-1","max-image-preview":"max-image-preview:large","max-video-preview":"max-video-preview:-1"},"canonical":"https:\/\/www.welovecycling.com\/cs\/2025\/01\/17\/tour-de-gauc-nejlepsi-cyklisticke-video-hry-pro-ledove-mesice\/","og_locale":"cs_CZ","og_type":"article","og_title":"Tour de Gau\u010d. Nejlep\u0161\u00ed cyklistick\u00e9 videohry pro ledov\u00e9 m\u011bs\u00edce","og_description":"Pr\u00e1v\u011b te\u010f je pot\u0159eba velk\u00e1 d\u00e1vka odhodl\u00e1n\u00ed, abyste se obl\u00e9kli jako Eskym\u00e1ci a vyrazili na kolo ven. Pro ty z n\u00e1s, kter\u00fdm se takov\u00e9 v\u016fle nedost\u00e1v\u00e1, a p\u0159eci cht\u011bj\u00ed u cyklistiky z\u016fstat, m\u00e1me \u0159e\u0161en\u00ed. Na jedn\u00e9 stran\u011b p\u011bkn\u011b postaru deskovou hrou, t\u0159eba i \u010desk\u00e9 produkce k Tour de France. Na stran\u011b druh\u00e9 v trendu doby \u2013 na po\u010d\u00edta\u010d\u00edch, kdy bude z\u00e1zem\u00edm v mraziv\u00e9m po\u010das\u00ed v\u00e1\u0161 gau\u010d...","og_url":"https:\/\/www.welovecycling.com\/cs\/2025\/01\/17\/tour-de-gauc-nejlepsi-cyklisticke-video-hry-pro-ledove-mesice\/","og_site_name":"\u0160koda We Love Cycling - \u010cesk\u00e1 republika","article_published_time":"2025-01-17T03:30:50+00:00","og_image":[{"width":2560,"height":1700,"url":"https:\/\/d2p6e6u75xmxt8.cloudfront.net\/13\/2025\/01\/uvodka2-scaled.webp","type":"image\/webp"}],"author":"radekmalina","twitter_card":"summary_large_image","twitter_misc":{"Written by":"We Love Cycling","Est. reading time":"6"},"schema":{"@context":"https:\/\/schema.org","@graph":[{"@type":"WebPage","@id":"https:\/\/www.welovecycling.com\/cs\/2025\/01\/17\/tour-de-gauc-nejlepsi-cyklisticke-video-hry-pro-ledove-mesice\/","url":"https:\/\/www.welovecycling.com\/cs\/2025\/01\/17\/tour-de-gauc-nejlepsi-cyklisticke-video-hry-pro-ledove-mesice\/","name":"Tour de Gau\u010d. Nejlep\u0161\u00ed cyklistick\u00e9 videohry pro ledov\u00e9 m\u011bs\u00edce | \u0160koda We Love Cycling - \u010cesk\u00e1 republika","isPartOf":{"@id":"https:\/\/www.welovecycling.com\/cs\/#website"},"primaryImageOfPage":{"@id":"https:\/\/www.welovecycling.com\/cs\/2025\/01\/17\/tour-de-gauc-nejlepsi-cyklisticke-video-hry-pro-ledove-mesice\/#primaryimage"},"image":{"@id":"https:\/\/www.welovecycling.com\/cs\/2025\/01\/17\/tour-de-gauc-nejlepsi-cyklisticke-video-hry-pro-ledove-mesice\/#primaryimage"},"thumbnailUrl":"https:\/\/d2p6e6u75xmxt8.cloudfront.net\/13\/2025\/01\/uvodka2-scaled.webp","datePublished":"2025-01-17T03:30:50+00:00","author":{"@id":"https:\/\/www.welovecycling.com\/cs\/#\/schema\/person\/d9eeb0a378f3a7e4a6d12d2b536b04b8"},"description":"Pr\u00e1v\u011b te\u010f je pot\u0159eba velk\u00e1 d\u00e1vka odhodl\u00e1n\u00ed, abyste se obl\u00e9kli jako Eskym\u00e1ci a vyrazili na kolo ven. Pro ty z n\u00e1s, kter\u00fdm se takov\u00e9 v\u016fle nedost\u00e1v\u00e1, a p\u0159eci cht\u011bj\u00ed u cyklistiky z\u016fstat, m\u00e1me \u0159e\u0161en\u00ed. Na jedn\u00e9 stran\u011b p\u011bkn\u011b postaru deskovou hrou, t\u0159eba i \u010desk\u00e9 produkce k Tour de France. Na stran\u011b druh\u00e9 v trendu doby \u2013 na po\u010d\u00edta\u010d\u00edch, kdy bude z\u00e1zem\u00edm v mraziv\u00e9m po\u010das\u00ed v\u00e1\u0161 gau\u010d...","inLanguage":"cs","potentialAction":[{"@type":"ReadAction","target":["https:\/\/www.welovecycling.com\/cs\/2025\/01\/17\/tour-de-gauc-nejlepsi-cyklisticke-video-hry-pro-ledove-mesice\/"]}]},{"@type":"ImageObject","inLanguage":"cs","@id":"https:\/\/www.welovecycling.com\/cs\/2025\/01\/17\/tour-de-gauc-nejlepsi-cyklisticke-video-hry-pro-ledove-mesice\/#primaryimage","url":"https:\/\/d2p6e6u75xmxt8.cloudfront.net\/13\/2025\/01\/uvodka2-scaled.webp","contentUrl":"https:\/\/d2p6e6u75xmxt8.cloudfront.net\/13\/2025\/01\/uvodka2-scaled.webp","width":2560,"height":1700,"caption":"Gau\u010d nab\u00edz\u00ed v zimn\u00edch m\u011bs\u00edc\u00edch alternativu pro cyklistick\u00e1 dobrodru\u017estv\u00ed..."},{"@type":"WebSite","@id":"https:\/\/www.welovecycling.com\/cs\/#website","url":"https:\/\/www.welovecycling.com\/cs\/","name":"\u0160koda We Love Cycling - \u010cesk\u00e1 republika","description":"WeLoveCycling.cz je online magaz\u00edn, kter\u00fd v\u00e1m pravideln\u011b p\u0159in\u00e1\u0161\u00ed rady a tipy, zaj\u00edmav\u00e9 \u010dl\u00e1nky, videa a jedine\u010dn\u00e9 report\u00e1\u017ee ze sv\u011bta cyklistiky.","potentialAction":[{"@type":"SearchAction","target":{"@type":"EntryPoint","urlTemplate":"https:\/\/www.welovecycling.com\/cs\/?s={search_term_string}"},"query-input":{"@type":"PropertyValueSpecification","valueRequired":true,"valueName":"search_term_string"}}],"inLanguage":"cs"},{"@type":"Person","@id":"https:\/\/www.welovecycling.com\/cs\/#\/schema\/person\/d9eeb0a378f3a7e4a6d12d2b536b04b8","name":"radekmalina","image":{"@type":"ImageObject","inLanguage":"cs","@id":"https:\/\/www.welovecycling.com\/cs\/#\/schema\/person\/image\/","url":"https:\/\/secure.gravatar.com\/avatar\/66994b632cb8c39a46b9f54afa3ae07201b678d32a54275b6f1c9ffec356bfc0?s=96&d=mm&r=g","contentUrl":"https:\/\/secure.gravatar.com\/avatar\/66994b632cb8c39a46b9f54afa3ae07201b678d32a54275b6f1c9ffec356bfc0?s=96&d=mm&r=g","caption":"radekmalina"},"url":"https:\/\/www.welovecycling.com\/cs\/author\/radekmalina\/"}]}},"_links":{"self":[{"href":"https:\/\/www.welovecycling.com\/cs\/wp-json\/wp\/v2\/posts\/28013","targetHints":{"allow":["GET"]}}],"collection":[{"href":"https:\/\/www.welovecycling.com\/cs\/wp-json\/wp\/v2\/posts"}],"about":[{"href":"https:\/\/www.welovecycling.com\/cs\/wp-json\/wp\/v2\/types\/post"}],"author":[{"embeddable":true,"href":"https:\/\/www.welovecycling.com\/cs\/wp-json\/wp\/v2\/users\/138"}],"replies":[{"embeddable":true,"href":"https:\/\/www.welovecycling.com\/cs\/wp-json\/wp\/v2\/comments?post=28013"}],"version-history":[{"count":3,"href":"https:\/\/www.welovecycling.com\/cs\/wp-json\/wp\/v2\/posts\/28013\/revisions"}],"predecessor-version":[{"id":28022,"href":"https:\/\/www.welovecycling.com\/cs\/wp-json\/wp\/v2\/posts\/28013\/revisions\/28022"}],"wp:featuredmedia":[{"embeddable":true,"href":"https:\/\/www.welovecycling.com\/cs\/wp-json\/wp\/v2\/media\/28014"}],"wp:attachment":[{"href":"https:\/\/www.welovecycling.com\/cs\/wp-json\/wp\/v2\/media?parent=28013"}],"wp:term":[{"taxonomy":"category","embeddable":true,"href":"https:\/\/www.welovecycling.com\/cs\/wp-json\/wp\/v2\/categories?post=28013"},{"taxonomy":"post_tag","embeddable":true,"href":"https:\/\/www.welovecycling.com\/cs\/wp-json\/wp\/v2\/tags?post=28013"},{"taxonomy":"global-categories","embeddable":true,"href":"https:\/\/www.welovecycling.com\/cs\/wp-json\/wp\/v2\/global-categories?post=28013"}],"curies":[{"name":"wp","href":"https:\/\/api.w.org\/{rel}","templated":true}]}}