{"id":27977,"date":"2025-01-09T05:10:13","date_gmt":"2025-01-09T03:10:13","guid":{"rendered":"https:\/\/www.welovecycling.com\/cs\/?p=27977"},"modified":"2025-01-08T00:19:33","modified_gmt":"2025-01-07T22:19:33","slug":"prohrat-s-van-aertem-ci-van-der-poelem-neni-ostuda-rika-adept-rekordu","status":"publish","type":"post","link":"https:\/\/www.welovecycling.com\/cs\/2025\/01\/09\/prohrat-s-van-aertem-ci-van-der-poelem-neni-ostuda-rika-adept-rekordu\/","title":{"rendered":"Prohr\u00e1t s van Aertem \u010di van der Poelem nen\u00ed ostuda, \u0159\u00edk\u00e1 adept rekordu"},"content":{"rendered":"<p><strong>Nena\u0161el p\u0159emo\u017eitele! Od za\u010d\u00e1tku cyklokrosov\u00e9 sezony Michael Boro\u0161 na \u010desk\u00fdch trat\u00edch jenom vyhr\u00e1val. Nav\u00edc dok\u00e1zal v jednom ze z\u00e1vod\u016f sv\u011btov\u00e9ho poh\u00e1ru vybojovat dev\u00e1tou p\u0159\u00ed\u010dku, co\u017e je pro \u010desk\u00e9ho cyklokrosa\u0159e v\u00fdsledek vskutku obdivuhodn\u00fd. Nen\u00ed divu, \u017ee je dvaat\u0159icetilet\u00fd z\u00e1vodn\u00edk formace Elkov Kasper hlavn\u00edm favoritem na titul mistra republiky, kter\u00fd m\u016f\u017ee z\u00edskat 11. ledna v Ji\u010d\u00edn\u011b. Pokud usp\u011bje, p\u016fjde o osm\u00fd triumf v bitv\u011b o dres tuzemsk\u00e9ho \u0161ampiona, co\u017e by znamenalo absolutn\u00ed rekord.<\/strong><\/p>\n<p>&#8222;\u017de jsem favorit? To nen\u00ed nic nov\u00e9ho, situace se opakuje jako ka\u017ed\u00fd rok,&#8220; usm\u00edv\u00e1 se nejlep\u0161\u00ed \u010desk\u00fd cyklokrosa\u0159 sou\u010dasnosti, kter\u00fd na dom\u00e1c\u00edch trat\u00edch vl\u00e1dne od roku 2017. Jen b\u011bhem zimy 2020 v bitv\u011b o tuzemsk\u00fd titul neusp\u011bl, kdy\u017e pr\u00e1v\u011b v Ji\u010d\u00edn\u011b skon\u010dil t\u0159et\u00ed. Letos se v m\u011bst\u011b Rumcajse pojede znovu. A Michael Boro\u0161 douf\u00e1, \u017ee \u017e\u00e1dn\u00fd loupe\u017en\u00edk jej o titul nep\u0159iprav\u00ed. Minul\u00fd rok v T\u00e1bo\u0159e se dot\u00e1hl na rekordmany Zde\u0148ka \u0160tybara a Radom\u00edra \u0160im\u016fnka star\u0161\u00edho, kte\u0159\u00ed b\u011bhem kari\u00e9ry slavili sedm prvenstv\u00ed z \u010desk\u00e9ho mistrovstv\u00ed. &#8222;J\u00e1 ale rekordn\u00ed z\u00e1pis ne\u0159e\u0161\u00edm. Nen\u00ed to n\u011bco, \u010d\u00edm bych se zat\u011b\u017eoval,&#8220; prohl\u00e1sil Boro\u0161.<\/p>\n<h2><strong>V \u010cesku slavil Michael Boro\u0161 p\u011bt v\u00edt\u011bzstv\u00ed<\/strong><\/h2>\n<p>Vyhr\u00e1l doma z\u00e1vody HSF System Cupu v Hlinsku, Kol\u00edn\u011b a R\u00fdma\u0159ov\u011b. Navrch p\u0159idal triumfy z Grand Prix St\u0159edo\u010desk\u00e9ho kraje v \u010c\u00e1slavi a Grand Prix Plzn\u011b. &#8222;M\u011bl jsem jasn\u00fd pl\u00e1n. Zpo\u010d\u00e1tku jsem z\u00e1vodil hlavn\u011b v \u010cesku a nikam jsem se nehnal. Mysl\u00edm, \u017ee m\u016fj p\u0159\u00edstup p\u0159inesl ovoce, proto\u017ee prosinec a leden byly z pohledu mno\u017estv\u00ed z\u00e1vod\u016f extr\u00e9mn\u00ed. A v\u00fdsledkov\u011b mohu b\u00fdt ur\u010dit\u011b spokojen\u00fd,&#8220; \u0159\u00edkal Michael Boro\u0161, dvaat\u0159icetilet\u00fd \u010desk\u00fd reprezentant.<\/p>\n<p><a href=\"https:\/\/d2p6e6u75xmxt8.cloudfront.net\/13\/2024\/01\/mcr-michael-boros.webp\"><img loading=\"lazy\" decoding=\"async\" class=\"alignnone size-full wp-image-24508\" src=\"https:\/\/d2p6e6u75xmxt8.cloudfront.net\/13\/2024\/01\/mcr-michael-boros.webp\" alt=\"\" width=\"1600\" height=\"1067\" srcset=\"https:\/\/d2p6e6u75xmxt8.cloudfront.net\/13\/2024\/01\/mcr-michael-boros.webp 1600w, https:\/\/d2p6e6u75xmxt8.cloudfront.net\/13\/2024\/01\/mcr-michael-boros-300x200.webp 300w, https:\/\/d2p6e6u75xmxt8.cloudfront.net\/13\/2024\/01\/mcr-michael-boros-1024x683.webp 1024w, https:\/\/d2p6e6u75xmxt8.cloudfront.net\/13\/2024\/01\/mcr-michael-boros-768x512.webp 768w, https:\/\/d2p6e6u75xmxt8.cloudfront.net\/13\/2024\/01\/mcr-michael-boros-1536x1024.webp 1536w, https:\/\/d2p6e6u75xmxt8.cloudfront.net\/13\/2024\/01\/mcr-michael-boros-400x267.webp 400w, https:\/\/d2p6e6u75xmxt8.cloudfront.net\/13\/2024\/01\/mcr-michael-boros-272x182.webp 272w\" sizes=\"auto, (max-width: 1600px) 100vw, 1600px\" \/><\/a><\/p>\n<p>Z\u00e1vodn\u00edk obl\u00e9kaj\u00edc\u00ed dres formace Elkov Kasper absolvoval v zahrani\u010d\u00ed jeden\u00e1ct z\u00e1vod\u016f. Sv\u011btov\u00fd poh\u00e1r v Antverp\u00e1ch dokon\u010dil patn\u00e1ct\u00fd, v Dublinu byl jednadvac\u00e1t\u00fd, v Namuru kv\u016fli nemoci nedokon\u010dil, v Hulstu projel c\u00edlem jednadvac\u00e1t\u00fd, v Zonhoveun \u0161estn\u00e1ct\u00fd, v Gavere t\u0159in\u00e1ct\u00fd, v Besanconu dev\u00e1t\u00fd a v Dendermonde patn\u00e1ct\u00fd. P\u0159i z\u00e1vodu s\u00e9rie Superprestige v Diegemu byl \u0161estadvac\u00e1t\u00fd, p\u0159i X20 Trofee Baal GP Svena Nyse projel c\u00edlem dev\u00e1t\u00fd a z\u00e1vod X20 Trofee v Koksijde dokon\u010dil dvan\u00e1ct\u00fd. Je\u0161t\u011b p\u0159ed t\u00edmto koloto\u010dem vybojoval osm\u00e9 m\u00edsto na mistrovstv\u00ed Evropy ve \u0160pan\u011blsku.<\/p>\n<div class=\"shortcode-ys-post-pinup\"><article class=\"loop-simple post-27854 post type-post status-publish format-standard has-post-thumbnail hentry category-rady-tipy tag-3d-tistena-sedla tag-cyklisticka-sedla tag-cyklisticke-doplnky tag-cyklisticke-obleceni tag-cyklocomputery global-categories-cycling\" data-postid=\"27854\" role=\"article\" data-post-id=\"27854\" data-word-count=\"458\" data-headline-length=\"65\" data-category=\"Rady &amp; tipy\" data-global-category=\"Cycling\" data-author=\"We Love Cycling\" data-published=\"2024-12-20T10:12:23+02:00\" data-published-day=\"Friday\">\n    <div class=\"entry-thumbnail article-thumbnail\" content=\"https:\/\/d2p6e6u75xmxt8.cloudfront.net\/13\/2024\/03\/mocca-150x150.webp\"><a href=\"https:\/\/www.welovecycling.com\/cs\/2024\/12\/20\/smesne-drahe-cyklisticke-doplnky-ktere-nepotrebujete\/\" class=\"image-holder\" target=\"_self\"><img decoding=\"async\" loading=\"lazy\" class=\"\" src=\"https:\/\/d2p6e6u75xmxt8.cloudfront.net\/13\/2024\/03\/mocca-1024x572.webp\" srcset=\"https:\/\/d2p6e6u75xmxt8.cloudfront.net\/13\/2024\/03\/mocca-scaled.webp 2560w, https:\/\/d2p6e6u75xmxt8.cloudfront.net\/13\/2024\/03\/mocca-300x168.webp 300w, https:\/\/d2p6e6u75xmxt8.cloudfront.net\/13\/2024\/03\/mocca-1024x572.webp 1024w, https:\/\/d2p6e6u75xmxt8.cloudfront.net\/13\/2024\/03\/mocca-768x429.webp 768w, https:\/\/d2p6e6u75xmxt8.cloudfront.net\/13\/2024\/03\/mocca-1536x859.webp 1536w, https:\/\/d2p6e6u75xmxt8.cloudfront.net\/13\/2024\/03\/mocca-2048x1145.webp 2048w, https:\/\/d2p6e6u75xmxt8.cloudfront.net\/13\/2024\/03\/mocca-1920x1073.webp 1920w, https:\/\/d2p6e6u75xmxt8.cloudfront.net\/13\/2024\/03\/mocca-400x224.webp 400w, https:\/\/d2p6e6u75xmxt8.cloudfront.net\/13\/2024\/03\/mocca-1920x1073.webp 1920w\" width=\"1024\" height=\"572\" sizes=\"auto, (min-width: 1200px) 358px, (min-width: 768px) 30vw, 100vw\" alt=\"smesne-drahe-cyklisticke-doplnky-ktere-nepotrebujete\"\/><\/a><\/div>    <div class=\"entry-meta\">\n        <a class=\"label label-secondary post-category\" href=\"https:\/\/www.welovecycling.com\/cs\/category\/rady-tipy\/\" title=\"Rady &amp; tipy\">Rady &amp; tipy<\/a>\n    <\/div>\n    <div class=\"entry-details\">\n        <a href=\"https:\/\/www.welovecycling.com\/cs\/2024\/12\/20\/smesne-drahe-cyklisticke-doplnky-ktere-nepotrebujete\/\" class='entry-title-wrapper'>\n            <h3 class=\"entry-title\"><span>Sm\u011b\u0161n\u011b drah\u00e9?! Cyklistick\u00e9 dopl\u0148ky, kter\u00e9 (ne)pot\u0159ebujete<\/span><\/h3>\n        <\/a>\n    <\/div>\n    <\/article>\n<\/div>\n<p>&#8222;Venku je tak obrovsk\u00e1 konkurence, \u017ee v\u016fbec nen\u00ed mo\u017en\u00e9 \u0159e\u0161it jak\u00e9koliv porovn\u00e1n\u00ed k dom\u00e1c\u00edm z\u00e1vod\u016fm. Prvn\u00ed dvac\u00edtka ve sv\u011btov\u00e9m poh\u00e1ru nen\u00ed \u017e\u00e1dn\u00e1 ostuda. Z\u00e1vodn\u00edk, kter\u00fd jeden den vyhraje, klidn\u011b dal\u0161\u00ed z\u00e1vod fini\u0161uje a\u017e p\u011btadvac\u00e1t\u00fd. Startovka je neuv\u011b\u0159iteln\u011b nat\u0159\u00edskan\u00e1. A z\u00e1vody d\u011bsn\u011b vyrovnan\u00e9. Um\u00edst\u011bn\u00ed v elitn\u00ed des\u00edtce p\u0159edstavuje super v\u00fdsledek,&#8220; ohl\u00ed\u017eel se Michael Boro\u0161 za dosavadn\u00edm pr\u016fb\u011bhem sezony. &#8222;Paradoxn\u011b p\u0159i sv\u011b\u0165\u00e1ku ve Francii jsem nem\u011bl nejlep\u0161\u00ed den. Sp\u00ed\u0161e jsem tu des\u00edtku ubojoval.&#8220;<\/p>\n<h2><strong>Cyklokros bere jako skv\u011bl\u00fd tr\u00e9nink pro silnici<\/strong><\/h2>\n<p>Pravideln\u011b stejn\u011b jako ostatn\u00ed cyklokrosa\u0159i sledoval prom\u011bnu z\u00e1vod\u016f, kdy\u017e se ve startovn\u00ed listin\u011b objevili Wout van Aert nebo Mathieu van der Poel. Oba toti\u017e startovn\u00ed pole drtili v\u011bt\u0161inou rozd\u00edlem t\u0159\u00eddy. &#8222;V\u0161ichni jsou s t\u00edm srovnan\u00ed. Pokud jsou na startu, z\u00e1vod\u00ed se \u00fapln\u011b stejn\u011b, by\u0165 je slo\u017eit\u011bj\u0161\u00ed dos\u00e1hnout na v\u00edt\u011bzstv\u00ed. Ale nejde o nic demotivuj\u00edc\u00edho. V\u017edy\u0165 jsou to jedni z nejlep\u0161\u00edch z\u00e1vodn\u00edk\u016f sv\u011bta v silni\u010dn\u00ed cyklistice i v cyklokrosu. Pro nikoho nen\u00ed ostuda, pokud t\u011bmto borc\u016fm podlehne,&#8220; p\u0159em\u00edt\u00e1 Michael Boro\u0161.<\/p>\n<figure id=\"attachment_24462\" aria-describedby=\"caption-attachment-24462\" style=\"width: 1920px\" class=\"wp-caption alignnone\"><a href=\"https:\/\/d2p6e6u75xmxt8.cloudfront.net\/13\/2024\/01\/BrychtaJan_UCI_MTB_WC_Hoogerheide_20230205_165745_DSC_0407.webp\"><img loading=\"lazy\" decoding=\"async\" class=\"size-extra-large wp-image-24462\" src=\"https:\/\/d2p6e6u75xmxt8.cloudfront.net\/13\/2024\/01\/BrychtaJan_UCI_MTB_WC_Hoogerheide_20230205_165745_DSC_0407-1920x1278.webp\" alt=\"Michael Boro\u0161\" width=\"1920\" height=\"1278\" srcset=\"https:\/\/d2p6e6u75xmxt8.cloudfront.net\/13\/2024\/01\/BrychtaJan_UCI_MTB_WC_Hoogerheide_20230205_165745_DSC_0407-1920x1278.webp 1920w, https:\/\/d2p6e6u75xmxt8.cloudfront.net\/13\/2024\/01\/BrychtaJan_UCI_MTB_WC_Hoogerheide_20230205_165745_DSC_0407-300x200.webp 300w, https:\/\/d2p6e6u75xmxt8.cloudfront.net\/13\/2024\/01\/BrychtaJan_UCI_MTB_WC_Hoogerheide_20230205_165745_DSC_0407-1024x681.webp 1024w, https:\/\/d2p6e6u75xmxt8.cloudfront.net\/13\/2024\/01\/BrychtaJan_UCI_MTB_WC_Hoogerheide_20230205_165745_DSC_0407-768x511.webp 768w, https:\/\/d2p6e6u75xmxt8.cloudfront.net\/13\/2024\/01\/BrychtaJan_UCI_MTB_WC_Hoogerheide_20230205_165745_DSC_0407-1536x1022.webp 1536w, https:\/\/d2p6e6u75xmxt8.cloudfront.net\/13\/2024\/01\/BrychtaJan_UCI_MTB_WC_Hoogerheide_20230205_165745_DSC_0407-400x266.webp 400w, https:\/\/d2p6e6u75xmxt8.cloudfront.net\/13\/2024\/01\/BrychtaJan_UCI_MTB_WC_Hoogerheide_20230205_165745_DSC_0407-272x182.webp 272w, https:\/\/d2p6e6u75xmxt8.cloudfront.net\/13\/2024\/01\/BrychtaJan_UCI_MTB_WC_Hoogerheide_20230205_165745_DSC_0407.webp 2000w, https:\/\/d2p6e6u75xmxt8.cloudfront.net\/13\/2024\/01\/BrychtaJan_UCI_MTB_WC_Hoogerheide_20230205_165745_DSC_0407-1920x1278.webp 1920w\" sizes=\"auto, (max-width: 1920px) 100vw, 1920px\" \/><\/a><figcaption id=\"caption-attachment-24462\" class=\"wp-caption-text\"><em>Michael Boro\u0161 v reprezenta\u010dn\u00edm dresu bude hlavn\u00ed nad\u011bj\u00ed \u010desk\u00e9 v\u00fdpravy na bl\u00ed\u017e\u00edc\u00edm se mistrovstv\u00ed sv\u011bta.<\/em><\/figcaption><\/figure>\n<p>A\u010d se v\u00fdsledkov\u011b s dv\u011bma hv\u011bzdami z Nizozemska a Belgie nem\u016f\u017ee rovnat, sd\u00edl\u00ed jejich pohled na benefity cyklokrosu sm\u011brem k silni\u010dn\u00ed sezon\u011b. Mathieu van der Poel i <a href=\"https:\/\/www.welovecycling.com\/cs\/2025\/01\/06\/bahenni-lazne-si-wout-van-aert-uzil-vse-podrizuje-monumentum\/\">Wout van Aert<\/a> se netaj\u00ed, \u017ee starty v ter\u00e9nu jsou skv\u011bl\u00fdm prost\u0159edkem, jak se p\u0159ipravit na bitvy v jarn\u00edch monumentech. &#8222;Z m\u00e9ho pohledu p\u0159edstavuje cyklokros skv\u011bl\u00fd benefit pro sezonu. M\u016fj pohled je zcela shodn\u00fd s van der Poelem a van Aertem. Jde o mimo\u0159\u00e1dnou intenzitu. Prost\u0159ednictv\u00edm z\u00e1vod\u016f do sebe dost\u00e1v\u00e1m nenucen\u011b takovou porci intenzity, kterou je\u0161t\u011b v l\u00e9t\u011b jako kdy\u017e najdu,&#8220; usm\u00edv\u00e1 se Michael Boro\u0161.<\/p>\n<div class=\"shortcode-ys-post-pinup\"><article class=\"loop-simple post-27903 post type-post status-publish format-standard has-post-thumbnail hentry category-horska-cyklistika tag-cube-factory-racing tag-cyklistika tag-horska-cyklistika tag-ondrej-cink tag-prestup tag-sezona-2025 global-categories-cycling\" data-postid=\"27903\" role=\"article\" data-post-id=\"27903\" data-word-count=\"847\" data-headline-length=\"69\" data-category=\"Horsk\u00e1 cyklistika\" data-global-category=\"Cycling\" data-author=\"Radek Malina\" data-published=\"2025-01-01T06:00:02+02:00\" data-published-day=\"Wednesday\">\n    <div class=\"entry-thumbnail article-thumbnail\" content=\"https:\/\/d2p6e6u75xmxt8.cloudfront.net\/13\/2024\/12\/profimedia-0902477537-150x150.webp\"><a href=\"https:\/\/www.welovecycling.com\/cs\/2025\/01\/01\/ondrej-cink-proc-jsem-zvolil-cube-factory\/\" class=\"image-holder\" target=\"_self\"><img decoding=\"async\" loading=\"lazy\" class=\"\" src=\"https:\/\/d2p6e6u75xmxt8.cloudfront.net\/13\/2024\/12\/profimedia-0902477537-1024x683.webp\" srcset=\"https:\/\/d2p6e6u75xmxt8.cloudfront.net\/13\/2024\/12\/profimedia-0902477537.webp 1800w, https:\/\/d2p6e6u75xmxt8.cloudfront.net\/13\/2024\/12\/profimedia-0902477537-300x200.webp 300w, https:\/\/d2p6e6u75xmxt8.cloudfront.net\/13\/2024\/12\/profimedia-0902477537-1024x683.webp 1024w, https:\/\/d2p6e6u75xmxt8.cloudfront.net\/13\/2024\/12\/profimedia-0902477537-768x512.webp 768w, https:\/\/d2p6e6u75xmxt8.cloudfront.net\/13\/2024\/12\/profimedia-0902477537-1536x1024.webp 1536w, https:\/\/d2p6e6u75xmxt8.cloudfront.net\/13\/2024\/12\/profimedia-0902477537-400x267.webp 400w, https:\/\/d2p6e6u75xmxt8.cloudfront.net\/13\/2024\/12\/profimedia-0902477537-272x182.webp 272w\" width=\"1024\" height=\"683\" sizes=\"auto, (min-width: 1200px) 300px, (min-width: 768px) 25vw, 100vw\" alt=\"ondrej-cink-proc-jsem-zvolil-cube-factory\"\/><\/a><\/div>    <div class=\"entry-meta\">\n        <a class=\"label label-secondary post-category\" href=\"https:\/\/www.welovecycling.com\/cs\/category\/horska-cyklistika\/\" title=\"Horsk\u00e1 cyklistika\">Horsk\u00e1 cyklistika<\/a>\n    <\/div>\n    <div class=\"entry-details\">\n        <a href=\"https:\/\/www.welovecycling.com\/cs\/2025\/01\/01\/ondrej-cink-proc-jsem-zvolil-cube-factory\/\" class='entry-title-wrapper'>\n            <h3 class=\"entry-title\"><span>Ond\u0159ej Cink p\u0159estupuje. Pro\u010d zvolil Cube Factory? Co jej ohromilo?<\/span><\/h3>\n        <\/a>\n    <\/div>\n    <\/article>\n<\/div>\n<p>V ter\u00e9nu b\u011bhem leto\u0161n\u00ed cyklokrosov\u00e9 sezony absolvoval sedmn\u00e1ct z\u00e1vod\u016f. Minim\u00e1ln\u011b je\u0161t\u011b dva p\u0159id\u00e1. Jak\u00e1 je ide\u00e1ln\u00ed porce? &#8222;Z\u00e1le\u017e\u00ed na podpo\u0159e od t\u00fdmu. A pl\u00e1nech do sezony. Jde o velice individu\u00e1ln\u00ed z\u00e1le\u017eitost. Ka\u017edop\u00e1dn\u011b jsem si jist\u00fd, \u017ee cyklokrosov\u00e9 z\u00e1vody silni\u010dn\u00edm specialist\u016fm nijak neu\u0161kod\u00ed,&#8220; vypravuje Michael Boro\u0161.<\/p>\n","protected":false},"excerpt":{"rendered":"<p>Nena\u0161el p\u0159emo\u017eitele! Od za\u010d\u00e1tku cyklokrosov\u00e9 sezony Michael Boro\u0161 na \u010desk\u00fdch trat\u00edch jenom vyhr\u00e1val. Nav\u00edc dok\u00e1zal v jednom ze z\u00e1vod\u016f sv\u011btov\u00e9ho [&hellip;]<\/p>\n","protected":false},"author":138,"featured_media":24502,"comment_status":"open","ping_status":"open","sticky":false,"template":"","format":"standard","meta":{"footnotes":""},"categories":[1303],"tags":[126,723,178,3996,1311,1462,1073],"global-categories":[411],"class_list":["post-27977","post","type-post","status-publish","format-standard","has-post-thumbnail","hentry","category-cyklokros","tag-cyklistika","tag-cyklokros","tag-mathieu-van-der-poel","tag-mcr-2025","tag-michael-boros","tag-mistrovstvi-ceske-republiky","tag-wout-van-aert","global-categories-cycling"],"yoast_head":"<!-- This site is optimized with the Yoast SEO Premium plugin v25.3 (Yoast SEO v25.9) - https:\/\/yoast.com\/wordpress\/plugins\/seo\/ -->\n<title>Rekordn\u00ed z\u00e1pis Michael Boro\u0161 ne\u0159e\u0161\u00ed<\/title>\n<meta name=\"description\" content=\"Nena\u0161el p\u0159emo\u017eitele! Od za\u010d\u00e1tku cyklokrosov\u00e9 sezony Michael Boro\u0161 na \u010desk\u00fdch trat\u00edch jenom vyhr\u00e1val. Nav\u00edc dok\u00e1zal v jednom ze z\u00e1vod\u016f sv\u011btov\u00e9ho poh\u00e1ru vybojovat dev\u00e1tou p\u0159\u00ed\u010dku, co\u017e je pro \u010desk\u00e9ho cyklokrosa\u0159e v\u00fdsledek vskutku obdivuhodn\u00fd.\" \/>\n<meta name=\"robots\" content=\"index, follow, max-snippet:-1, max-image-preview:large, max-video-preview:-1\" \/>\n<link rel=\"canonical\" href=\"https:\/\/www.welovecycling.com\/cs\/2025\/01\/09\/prohrat-s-van-aertem-ci-van-der-poelem-neni-ostuda-rika-adept-rekordu\/\" \/>\n<meta property=\"og:locale\" content=\"cs_CZ\" \/>\n<meta property=\"og:type\" content=\"article\" \/>\n<meta property=\"og:title\" content=\"Prohr\u00e1t s van Aertem \u010di van der Poelem nen\u00ed ostuda, \u0159\u00edk\u00e1 adept rekordu\" \/>\n<meta property=\"og:description\" content=\"Nena\u0161el p\u0159emo\u017eitele! Od za\u010d\u00e1tku cyklokrosov\u00e9 sezony Michael Boro\u0161 na \u010desk\u00fdch trat\u00edch jenom vyhr\u00e1val. Nav\u00edc dok\u00e1zal v jednom ze z\u00e1vod\u016f sv\u011btov\u00e9ho poh\u00e1ru vybojovat dev\u00e1tou p\u0159\u00ed\u010dku, co\u017e je pro \u010desk\u00e9ho cyklokrosa\u0159e v\u00fdsledek vskutku obdivuhodn\u00fd.\" \/>\n<meta property=\"og:url\" content=\"https:\/\/www.welovecycling.com\/cs\/2025\/01\/09\/prohrat-s-van-aertem-ci-van-der-poelem-neni-ostuda-rika-adept-rekordu\/\" \/>\n<meta property=\"og:site_name\" content=\"\u0160koda We Love Cycling - \u010cesk\u00e1 republika\" \/>\n<meta property=\"article:published_time\" content=\"2025-01-09T03:10:13+00:00\" \/>\n<meta property=\"og:image\" content=\"https:\/\/d2p6e6u75xmxt8.cloudfront.net\/13\/2024\/01\/mcr-boros-stupne.webp\" \/>\n\t<meta property=\"og:image:width\" content=\"1600\" \/>\n\t<meta property=\"og:image:height\" content=\"1067\" \/>\n\t<meta property=\"og:image:type\" content=\"image\/webp\" \/>\n<meta name=\"author\" content=\"radekmalina\" \/>\n<meta name=\"twitter:card\" content=\"summary_large_image\" \/>\n<meta name=\"twitter:label1\" content=\"Written by\" \/>\n\t<meta name=\"twitter:data1\" content=\"Radek Malina\" \/>\n\t<meta name=\"twitter:label2\" content=\"Est. reading time\" \/>\n\t<meta name=\"twitter:data2\" content=\"5\" \/>\n<script type=\"application\/ld+json\" class=\"yoast-schema-graph\">{\"@context\":\"https:\/\/schema.org\",\"@graph\":[{\"@type\":\"WebPage\",\"@id\":\"https:\/\/www.welovecycling.com\/cs\/2025\/01\/09\/prohrat-s-van-aertem-ci-van-der-poelem-neni-ostuda-rika-adept-rekordu\/\",\"url\":\"https:\/\/www.welovecycling.com\/cs\/2025\/01\/09\/prohrat-s-van-aertem-ci-van-der-poelem-neni-ostuda-rika-adept-rekordu\/\",\"name\":\"Rekordn\u00ed z\u00e1pis Michael Boro\u0161 ne\u0159e\u0161\u00ed\",\"isPartOf\":{\"@id\":\"https:\/\/www.welovecycling.com\/cs\/#website\"},\"primaryImageOfPage\":{\"@id\":\"https:\/\/www.welovecycling.com\/cs\/2025\/01\/09\/prohrat-s-van-aertem-ci-van-der-poelem-neni-ostuda-rika-adept-rekordu\/#primaryimage\"},\"image\":{\"@id\":\"https:\/\/www.welovecycling.com\/cs\/2025\/01\/09\/prohrat-s-van-aertem-ci-van-der-poelem-neni-ostuda-rika-adept-rekordu\/#primaryimage\"},\"thumbnailUrl\":\"https:\/\/d2p6e6u75xmxt8.cloudfront.net\/13\/2024\/01\/mcr-boros-stupne.webp\",\"datePublished\":\"2025-01-09T03:10:13+00:00\",\"author\":{\"@id\":\"https:\/\/www.welovecycling.com\/cs\/#\/schema\/person\/d9eeb0a378f3a7e4a6d12d2b536b04b8\"},\"description\":\"Nena\u0161el p\u0159emo\u017eitele! Od za\u010d\u00e1tku cyklokrosov\u00e9 sezony Michael Boro\u0161 na \u010desk\u00fdch trat\u00edch jenom vyhr\u00e1val. Nav\u00edc dok\u00e1zal v jednom ze z\u00e1vod\u016f sv\u011btov\u00e9ho poh\u00e1ru vybojovat dev\u00e1tou p\u0159\u00ed\u010dku, co\u017e je pro \u010desk\u00e9ho cyklokrosa\u0159e v\u00fdsledek vskutku obdivuhodn\u00fd.\",\"inLanguage\":\"cs\",\"potentialAction\":[{\"@type\":\"ReadAction\",\"target\":[\"https:\/\/www.welovecycling.com\/cs\/2025\/01\/09\/prohrat-s-van-aertem-ci-van-der-poelem-neni-ostuda-rika-adept-rekordu\/\"]}]},{\"@type\":\"ImageObject\",\"inLanguage\":\"cs\",\"@id\":\"https:\/\/www.welovecycling.com\/cs\/2025\/01\/09\/prohrat-s-van-aertem-ci-van-der-poelem-neni-ostuda-rika-adept-rekordu\/#primaryimage\",\"url\":\"https:\/\/d2p6e6u75xmxt8.cloudfront.net\/13\/2024\/01\/mcr-boros-stupne.webp\",\"contentUrl\":\"https:\/\/d2p6e6u75xmxt8.cloudfront.net\/13\/2024\/01\/mcr-boros-stupne.webp\",\"width\":1600,\"height\":1067,\"caption\":\"Michael Boro\u0161\"},{\"@type\":\"WebSite\",\"@id\":\"https:\/\/www.welovecycling.com\/cs\/#website\",\"url\":\"https:\/\/www.welovecycling.com\/cs\/\",\"name\":\"\u0160koda We Love Cycling - \u010cesk\u00e1 republika\",\"description\":\"WeLoveCycling.cz je online magaz\u00edn, kter\u00fd v\u00e1m pravideln\u011b p\u0159in\u00e1\u0161\u00ed rady a tipy, zaj\u00edmav\u00e9 \u010dl\u00e1nky, videa a jedine\u010dn\u00e9 report\u00e1\u017ee ze sv\u011bta cyklistiky.\",\"potentialAction\":[{\"@type\":\"SearchAction\",\"target\":{\"@type\":\"EntryPoint\",\"urlTemplate\":\"https:\/\/www.welovecycling.com\/cs\/?s={search_term_string}\"},\"query-input\":{\"@type\":\"PropertyValueSpecification\",\"valueRequired\":true,\"valueName\":\"search_term_string\"}}],\"inLanguage\":\"cs\"},{\"@type\":\"Person\",\"@id\":\"https:\/\/www.welovecycling.com\/cs\/#\/schema\/person\/d9eeb0a378f3a7e4a6d12d2b536b04b8\",\"name\":\"radekmalina\",\"image\":{\"@type\":\"ImageObject\",\"inLanguage\":\"cs\",\"@id\":\"https:\/\/www.welovecycling.com\/cs\/#\/schema\/person\/image\/\",\"url\":\"https:\/\/secure.gravatar.com\/avatar\/66994b632cb8c39a46b9f54afa3ae07201b678d32a54275b6f1c9ffec356bfc0?s=96&d=mm&r=g\",\"contentUrl\":\"https:\/\/secure.gravatar.com\/avatar\/66994b632cb8c39a46b9f54afa3ae07201b678d32a54275b6f1c9ffec356bfc0?s=96&d=mm&r=g\",\"caption\":\"radekmalina\"},\"url\":\"https:\/\/www.welovecycling.com\/cs\/author\/radekmalina\/\"}]}<\/script>\n<!-- \/ Yoast SEO Premium plugin. -->","yoast_head_json":{"title":"Rekordn\u00ed z\u00e1pis Michael Boro\u0161 ne\u0159e\u0161\u00ed","description":"Nena\u0161el p\u0159emo\u017eitele! Od za\u010d\u00e1tku cyklokrosov\u00e9 sezony Michael Boro\u0161 na \u010desk\u00fdch trat\u00edch jenom vyhr\u00e1val. Nav\u00edc dok\u00e1zal v jednom ze z\u00e1vod\u016f sv\u011btov\u00e9ho poh\u00e1ru vybojovat dev\u00e1tou p\u0159\u00ed\u010dku, co\u017e je pro \u010desk\u00e9ho cyklokrosa\u0159e v\u00fdsledek vskutku obdivuhodn\u00fd.","robots":{"index":"index","follow":"follow","max-snippet":"max-snippet:-1","max-image-preview":"max-image-preview:large","max-video-preview":"max-video-preview:-1"},"canonical":"https:\/\/www.welovecycling.com\/cs\/2025\/01\/09\/prohrat-s-van-aertem-ci-van-der-poelem-neni-ostuda-rika-adept-rekordu\/","og_locale":"cs_CZ","og_type":"article","og_title":"Prohr\u00e1t s van Aertem \u010di van der Poelem nen\u00ed ostuda, \u0159\u00edk\u00e1 adept rekordu","og_description":"Nena\u0161el p\u0159emo\u017eitele! Od za\u010d\u00e1tku cyklokrosov\u00e9 sezony Michael Boro\u0161 na \u010desk\u00fdch trat\u00edch jenom vyhr\u00e1val. Nav\u00edc dok\u00e1zal v jednom ze z\u00e1vod\u016f sv\u011btov\u00e9ho poh\u00e1ru vybojovat dev\u00e1tou p\u0159\u00ed\u010dku, co\u017e je pro \u010desk\u00e9ho cyklokrosa\u0159e v\u00fdsledek vskutku obdivuhodn\u00fd.","og_url":"https:\/\/www.welovecycling.com\/cs\/2025\/01\/09\/prohrat-s-van-aertem-ci-van-der-poelem-neni-ostuda-rika-adept-rekordu\/","og_site_name":"\u0160koda We Love Cycling - \u010cesk\u00e1 republika","article_published_time":"2025-01-09T03:10:13+00:00","og_image":[{"width":1600,"height":1067,"url":"https:\/\/d2p6e6u75xmxt8.cloudfront.net\/13\/2024\/01\/mcr-boros-stupne.webp","type":"image\/webp"}],"author":"radekmalina","twitter_card":"summary_large_image","twitter_misc":{"Written by":"Radek Malina","Est. reading time":"5"},"schema":{"@context":"https:\/\/schema.org","@graph":[{"@type":"WebPage","@id":"https:\/\/www.welovecycling.com\/cs\/2025\/01\/09\/prohrat-s-van-aertem-ci-van-der-poelem-neni-ostuda-rika-adept-rekordu\/","url":"https:\/\/www.welovecycling.com\/cs\/2025\/01\/09\/prohrat-s-van-aertem-ci-van-der-poelem-neni-ostuda-rika-adept-rekordu\/","name":"Rekordn\u00ed z\u00e1pis Michael Boro\u0161 ne\u0159e\u0161\u00ed","isPartOf":{"@id":"https:\/\/www.welovecycling.com\/cs\/#website"},"primaryImageOfPage":{"@id":"https:\/\/www.welovecycling.com\/cs\/2025\/01\/09\/prohrat-s-van-aertem-ci-van-der-poelem-neni-ostuda-rika-adept-rekordu\/#primaryimage"},"image":{"@id":"https:\/\/www.welovecycling.com\/cs\/2025\/01\/09\/prohrat-s-van-aertem-ci-van-der-poelem-neni-ostuda-rika-adept-rekordu\/#primaryimage"},"thumbnailUrl":"https:\/\/d2p6e6u75xmxt8.cloudfront.net\/13\/2024\/01\/mcr-boros-stupne.webp","datePublished":"2025-01-09T03:10:13+00:00","author":{"@id":"https:\/\/www.welovecycling.com\/cs\/#\/schema\/person\/d9eeb0a378f3a7e4a6d12d2b536b04b8"},"description":"Nena\u0161el p\u0159emo\u017eitele! Od za\u010d\u00e1tku cyklokrosov\u00e9 sezony Michael Boro\u0161 na \u010desk\u00fdch trat\u00edch jenom vyhr\u00e1val. Nav\u00edc dok\u00e1zal v jednom ze z\u00e1vod\u016f sv\u011btov\u00e9ho poh\u00e1ru vybojovat dev\u00e1tou p\u0159\u00ed\u010dku, co\u017e je pro \u010desk\u00e9ho cyklokrosa\u0159e v\u00fdsledek vskutku obdivuhodn\u00fd.","inLanguage":"cs","potentialAction":[{"@type":"ReadAction","target":["https:\/\/www.welovecycling.com\/cs\/2025\/01\/09\/prohrat-s-van-aertem-ci-van-der-poelem-neni-ostuda-rika-adept-rekordu\/"]}]},{"@type":"ImageObject","inLanguage":"cs","@id":"https:\/\/www.welovecycling.com\/cs\/2025\/01\/09\/prohrat-s-van-aertem-ci-van-der-poelem-neni-ostuda-rika-adept-rekordu\/#primaryimage","url":"https:\/\/d2p6e6u75xmxt8.cloudfront.net\/13\/2024\/01\/mcr-boros-stupne.webp","contentUrl":"https:\/\/d2p6e6u75xmxt8.cloudfront.net\/13\/2024\/01\/mcr-boros-stupne.webp","width":1600,"height":1067,"caption":"Michael Boro\u0161"},{"@type":"WebSite","@id":"https:\/\/www.welovecycling.com\/cs\/#website","url":"https:\/\/www.welovecycling.com\/cs\/","name":"\u0160koda We Love Cycling - \u010cesk\u00e1 republika","description":"WeLoveCycling.cz je online magaz\u00edn, kter\u00fd v\u00e1m pravideln\u011b p\u0159in\u00e1\u0161\u00ed rady a tipy, zaj\u00edmav\u00e9 \u010dl\u00e1nky, videa a jedine\u010dn\u00e9 report\u00e1\u017ee ze sv\u011bta cyklistiky.","potentialAction":[{"@type":"SearchAction","target":{"@type":"EntryPoint","urlTemplate":"https:\/\/www.welovecycling.com\/cs\/?s={search_term_string}"},"query-input":{"@type":"PropertyValueSpecification","valueRequired":true,"valueName":"search_term_string"}}],"inLanguage":"cs"},{"@type":"Person","@id":"https:\/\/www.welovecycling.com\/cs\/#\/schema\/person\/d9eeb0a378f3a7e4a6d12d2b536b04b8","name":"radekmalina","image":{"@type":"ImageObject","inLanguage":"cs","@id":"https:\/\/www.welovecycling.com\/cs\/#\/schema\/person\/image\/","url":"https:\/\/secure.gravatar.com\/avatar\/66994b632cb8c39a46b9f54afa3ae07201b678d32a54275b6f1c9ffec356bfc0?s=96&d=mm&r=g","contentUrl":"https:\/\/secure.gravatar.com\/avatar\/66994b632cb8c39a46b9f54afa3ae07201b678d32a54275b6f1c9ffec356bfc0?s=96&d=mm&r=g","caption":"radekmalina"},"url":"https:\/\/www.welovecycling.com\/cs\/author\/radekmalina\/"}]}},"_links":{"self":[{"href":"https:\/\/www.welovecycling.com\/cs\/wp-json\/wp\/v2\/posts\/27977","targetHints":{"allow":["GET"]}}],"collection":[{"href":"https:\/\/www.welovecycling.com\/cs\/wp-json\/wp\/v2\/posts"}],"about":[{"href":"https:\/\/www.welovecycling.com\/cs\/wp-json\/wp\/v2\/types\/post"}],"author":[{"embeddable":true,"href":"https:\/\/www.welovecycling.com\/cs\/wp-json\/wp\/v2\/users\/138"}],"replies":[{"embeddable":true,"href":"https:\/\/www.welovecycling.com\/cs\/wp-json\/wp\/v2\/comments?post=27977"}],"version-history":[{"count":1,"href":"https:\/\/www.welovecycling.com\/cs\/wp-json\/wp\/v2\/posts\/27977\/revisions"}],"predecessor-version":[{"id":27978,"href":"https:\/\/www.welovecycling.com\/cs\/wp-json\/wp\/v2\/posts\/27977\/revisions\/27978"}],"wp:featuredmedia":[{"embeddable":true,"href":"https:\/\/www.welovecycling.com\/cs\/wp-json\/wp\/v2\/media\/24502"}],"wp:attachment":[{"href":"https:\/\/www.welovecycling.com\/cs\/wp-json\/wp\/v2\/media?parent=27977"}],"wp:term":[{"taxonomy":"category","embeddable":true,"href":"https:\/\/www.welovecycling.com\/cs\/wp-json\/wp\/v2\/categories?post=27977"},{"taxonomy":"post_tag","embeddable":true,"href":"https:\/\/www.welovecycling.com\/cs\/wp-json\/wp\/v2\/tags?post=27977"},{"taxonomy":"global-categories","embeddable":true,"href":"https:\/\/www.welovecycling.com\/cs\/wp-json\/wp\/v2\/global-categories?post=27977"}],"curies":[{"name":"wp","href":"https:\/\/api.w.org\/{rel}","templated":true}]}}