{"id":27915,"date":"2025-01-19T04:00:48","date_gmt":"2025-01-19T02:00:48","guid":{"rendered":"https:\/\/www.welovecycling.com\/cs\/?p=27915"},"modified":"2025-01-03T19:17:25","modified_gmt":"2025-01-03T17:17:25","slug":"mathieu-van-der-poel-chci-rekord-z-flander-a-titul-na-biku-ma-to-jeden-hacek","status":"publish","type":"post","link":"https:\/\/www.welovecycling.com\/cs\/2025\/01\/19\/mathieu-van-der-poel-chci-rekord-z-flander-a-titul-na-biku-ma-to-jeden-hacek\/","title":{"rendered":"Mathieu van der Poel: Chci rekord z Flander a titul na biku! M\u00e1 to jeden h\u00e1\u010dek&#8230;"},"content":{"rendered":"<p><strong>U\u017e d\u00e1vno je legendou cyklistiky. Nemus\u00ed nikomu nic dokazovat! A p\u0159ece m\u00e1 po\u0159\u00e1d hlad po dal\u0161\u00edch triumfech. Mathieu van der Poel, kter\u00fd oslavil 19. ledna t\u0159ic\u00e1t\u00e9 narozeniny, sn\u00ed o rekordn\u00edm v\u00edt\u011bzstv\u00ed z Monumentu Kolem Flander. A tak\u00e9 trikot mistra sv\u011bta z p\u00e1t\u00e9 discipl\u00edny!<\/strong><\/p>\n<p>&#8222;Pro\u017eil jsem sezonu, kter\u00e1 byla par\u00e1dn\u00ed. Z\u00edskal jsem titul z cyklokrosu, duhov\u00fd trikot na gravelu, ovl\u00e1dl Flandry a Roubaix. A vyhr\u00e1t tyhle dva Monumenty v trikotu silni\u010dn\u00edho mistra sv\u011bta je prost\u011b jedine\u010dn\u00e9. Mo\u017en\u00e1 \u0161lo o vrchol moj\u00ed kari\u00e9ry,&#8220; p\u0159em\u00edt\u00e1 Mathieu van der Poel.<\/p>\n<h2><strong>Flandry po\u010dtvrt\u00e9?<\/strong><\/h2>\n<p>Titul mistra sv\u011bta na silnici z\u00edskal v Glasgow na podzim 2023. O p\u00e1r m\u011bs\u00edc\u016f pozd\u011bji p\u0159idal \u0161est\u00fd duhov\u00fd dres mezi elitou v cyklokrosu p\u0159i \u0161ampion\u00e1tu v <a href=\"https:\/\/www.welovecycling.com\/cs\/2024\/02\/05\/fotopribeh-mathieu-van-der-poel-a-jeho-sesty-titul-mistra-sveta\/\">T\u00e1bo\u0159e<\/a>. A na z\u00e1v\u011br sezony suver\u00e9nn\u011b ovl\u00e1dl sv\u011btov\u00fd \u0161ampion\u00e1t v gravelu.<\/p>\n<figure id=\"attachment_27283\" aria-describedby=\"caption-attachment-27283\" style=\"width: 1920px\" class=\"wp-caption alignnone\"><a href=\"https:\/\/d2p6e6u75xmxt8.cloudfront.net\/13\/2024\/10\/gravel-3.webp\"><img loading=\"lazy\" decoding=\"async\" class=\"size-extra-large wp-image-27283\" src=\"https:\/\/d2p6e6u75xmxt8.cloudfront.net\/13\/2024\/10\/gravel-3-1920x1280.webp\" alt=\"\" width=\"1920\" height=\"1280\" srcset=\"https:\/\/d2p6e6u75xmxt8.cloudfront.net\/13\/2024\/10\/gravel-3-1920x1280.webp 1920w, https:\/\/d2p6e6u75xmxt8.cloudfront.net\/13\/2024\/10\/gravel-3-300x200.webp 300w, https:\/\/d2p6e6u75xmxt8.cloudfront.net\/13\/2024\/10\/gravel-3-1024x683.webp 1024w, https:\/\/d2p6e6u75xmxt8.cloudfront.net\/13\/2024\/10\/gravel-3-768x512.webp 768w, https:\/\/d2p6e6u75xmxt8.cloudfront.net\/13\/2024\/10\/gravel-3-1536x1024.webp 1536w, https:\/\/d2p6e6u75xmxt8.cloudfront.net\/13\/2024\/10\/gravel-3-400x267.webp 400w, https:\/\/d2p6e6u75xmxt8.cloudfront.net\/13\/2024\/10\/gravel-3-272x182.webp 272w, https:\/\/d2p6e6u75xmxt8.cloudfront.net\/13\/2024\/10\/gravel-3.webp 2048w, https:\/\/d2p6e6u75xmxt8.cloudfront.net\/13\/2024\/10\/gravel-3-1920x1280.webp 1920w\" sizes=\"auto, (max-width: 1920px) 100vw, 1920px\" \/><\/a><figcaption id=\"caption-attachment-27283\" class=\"wp-caption-text\"><em>Mathieu van der Poel si jede pro titul mistra sv\u011bta v gravelu.<\/em><\/figcaption><\/figure>\n<p>&#8222;Nos\u00edm v hlav\u011b sen o duhov\u00e9m trikotu z mistrovstv\u00ed sv\u011bta horsk\u00fdch kol. R\u00e1d bych jej b\u011bhem leto\u0161n\u00ed sezony uskute\u010dnil,&#8220; p\u0159iznal Mathieu van der Poel v rozhovoru pro server sporza.be. O zlato se nejlep\u0161\u00ed bike\u0159i utkaj\u00ed ve \u0161v\u00fdcarsk\u00e9m Valais v \u00favodu z\u00e1\u0159\u00ed, co\u017e je term\u00edn, kter\u00fd skv\u011ble zapad\u00e1 do programu nizozemsk\u00e9ho z\u00e1vodn\u00edka. Bude zb\u00fdvat dostatek \u010dasu do silni\u010dn\u00edho mistrovstv\u00ed sv\u011bta ve Rwand\u011b, tak\u017ee bude m\u00edt prostor zregenerovat. A dost mo\u017en\u00e1 bude dostate\u010dn\u011b sebev\u011bdom\u00ed po \u00favodn\u00ed \u010d\u00e1sti sezony.<\/p>\n<div class=\"shortcode-ys-post-pinup\"><article class=\"loop-simple post-25136 post type-post status-publish format-standard has-post-thumbnail hentry category-silnicni-cyklistika tag-cyklistika tag-kolem-flander tag-kolem-flander-2024 tag-mathieu-van-der-poel tag-silnicni-cyklistika global-categories-cycling\" data-postid=\"25136\" role=\"article\" data-post-id=\"25136\" data-word-count=\"406\" data-headline-length=\"65\" data-category=\"Silni\u010dn\u00ed cyklistika\" data-global-category=\"Cycling\" data-author=\"We Love Cycling\" data-published=\"2024-04-01T11:16:53+02:00\" data-published-day=\"Monday\">\n    <div class=\"entry-thumbnail article-thumbnail\" content=\"https:\/\/d2p6e6u75xmxt8.cloudfront.net\/13\/2024\/04\/profimedia-0861421974-150x150.webp\"><a href=\"https:\/\/www.welovecycling.com\/cs\/2024\/04\/01\/impozantni-kral-chaosu-mathieu-van-der-poel-prepsal-dejiny-kolem-flander\/\" class=\"image-holder\" target=\"_self\"><img decoding=\"async\" loading=\"lazy\" class=\"\" src=\"https:\/\/d2p6e6u75xmxt8.cloudfront.net\/13\/2024\/04\/profimedia-0861421974-1024x682.webp\" srcset=\"https:\/\/d2p6e6u75xmxt8.cloudfront.net\/13\/2024\/04\/profimedia-0861421974.webp 1800w, https:\/\/d2p6e6u75xmxt8.cloudfront.net\/13\/2024\/04\/profimedia-0861421974-300x200.webp 300w, https:\/\/d2p6e6u75xmxt8.cloudfront.net\/13\/2024\/04\/profimedia-0861421974-1024x682.webp 1024w, https:\/\/d2p6e6u75xmxt8.cloudfront.net\/13\/2024\/04\/profimedia-0861421974-768x512.webp 768w, https:\/\/d2p6e6u75xmxt8.cloudfront.net\/13\/2024\/04\/profimedia-0861421974-1536x1023.webp 1536w, https:\/\/d2p6e6u75xmxt8.cloudfront.net\/13\/2024\/04\/profimedia-0861421974-400x266.webp 400w, https:\/\/d2p6e6u75xmxt8.cloudfront.net\/13\/2024\/04\/profimedia-0861421974-272x182.webp 272w\" width=\"1024\" height=\"682\" sizes=\"auto, (min-width: 1200px) 300px, (min-width: 768px) 25vw, 100vw\" alt=\"impozantni-kral-chaosu-mathieu-van-der-poel-prepsal-dejiny-kolem-flander\"\/><\/a><\/div>    <div class=\"entry-meta\">\n        <a class=\"label label-secondary post-category\" href=\"https:\/\/www.welovecycling.com\/cs\/category\/silnicni-cyklistika\/\" title=\"Silni\u010dn\u00ed cyklistika\">Silni\u010dn\u00ed cyklistika<\/a>\n    <\/div>\n    <div class=\"entry-details\">\n        <a href=\"https:\/\/www.welovecycling.com\/cs\/2024\/04\/01\/impozantni-kral-chaosu-mathieu-van-der-poel-prepsal-dejiny-kolem-flander\/\" class='entry-title-wrapper'>\n            <h3 class=\"entry-title\"><span>Kr\u00e1l chaosu! Mathieu van der Poel p\u0159epsal d\u011bjiny Kolem Flander<\/span><\/h3>\n        <\/a>\n    <\/div>\n    <\/article>\n<\/div>\n<p>Jej\u00edm vrcholem budou nepochybn\u011b klasiky. Dosud t\u0159ikr\u00e1t vyhr\u00e1l Kolem Flander. Stejn\u011b jako Cancellara, Magni, Boonen, Museeuw, Leman a Buysse. Pokud to zvl\u00e1dne po\u010dtvrt\u00e9, bude absolutn\u00edm kr\u00e1lem slavn\u00e9 klasiky. Jen\u017ee v\u0161e m\u00e1 jeden h\u00e1\u010dek. Z\u00e1vod m\u00e1 v kalend\u00e1\u0159i i Tadej Poga\u010dar, jen\u017e se v sezon\u011b 2024 zd\u00e1l neporaziteln\u00fd. &#8222;Je pro m\u011b velk\u00e1 v\u00fdzva vyhr\u00e1t Flandry, kdy\u017e bude na startu Tadej. \u0158e\u0161\u00edme s m\u00fdm t\u00fdmem, jak ho porazit. Mo\u017en\u00e1 jde o trochu jin\u00fd p\u0159\u00edstup k tr\u00e9ninku, o jeho v\u011bt\u0161\u00ed n\u00e1ro\u010dnost,&#8220; p\u0159em\u00edtal Mathieu van der Poel. &#8222;I proto jsem zru\u0161il \u00fa\u010dast na sv\u011btov\u00e9m poh\u00e1ru v cyklokrosu v Benidormu. Tr\u00e9ninkov\u00fd kemp ve stejn\u00e9m obdob\u00ed mi bude v pr\u016fb\u011bhu jara na silnici mnohem prosp\u011b\u0161n\u011bj\u0161\u00ed,&#8220; nast\u00ednil nizozemsk\u00fd fenom\u00e9n zm\u011bnu programu.<\/p>\n<p>Ten zahrnuje i start na Pa\u0159\u00ed\u017e-Roubaix, kde bude na velodromu obhajovat v\u00edt\u011bzstv\u00ed z dvou posledn\u00edch ro\u010dn\u00edk\u016f. &#8222;Dal\u0161\u00ed jarn\u00ed klasiky ale sp\u00ed\u0161e vynech\u00e1m. Mysl\u00edm, \u017ee je mo\u017en\u00fd start na Pa\u0159\u00ed\u017e-Nice. Jel jsem n\u011bkolikr\u00e1t Tirreno-Adriatico. Ale nov\u00e9 z\u00e1vody znamenaj\u00ed nov\u00e9 impulsy,&#8220; vysv\u011btloval Mathieu van der Poel.<\/p>\n<h2><strong>Mathieu van der Poel o Tour: L\u00e1ska i nen\u00e1vist<\/strong><\/h2>\n<p>Vrcholem letn\u00ed \u010d\u00e1sti sezony pak bude pochopiteln\u011b Tour de France. &#8222;M\u016fj vztah ke Grande Boucle, to je l\u00e1ska a nen\u00e1vist,&#8220; usm\u00e1l se borec, kter\u00fd v sezon\u011b 2021 vyhr\u00e1l na nejslavn\u011bj\u0161\u00edm etapov\u00e9m z\u00e1vod\u011b planety etapu a n\u00e1sledn\u011b jel \u0161est dn\u016f v maillot jaune.<\/p>\n<p>&#8222;Mohu se znovu pokusit z\u00edskat \u017elut\u00fd dres na den \u010di \u010d\u00e1st z\u00e1vodu. Mohu zkusit vyhr\u00e1t etapu, ale celkov\u00e9 po\u0159ad\u00ed je pro m\u011b nedosa\u017eiteln\u00e9. Proto rad\u011bji pojedu p\u011bt z\u00e1vod\u016f s nad\u011bj\u00ed na v\u00edt\u011bzstv\u00ed, ne\u017e dvacet etap, z nich\u017e v polovin\u011b nemohu jet na v\u00fdhru,&#8220; kr\u010dil rameny Mathieu van der Poel. &#8222;Na\u0161t\u011bst\u00ed m\u00e1m po boku p\u0159i Tour Jaspera Philipsena. Pro n\u011bho mohu bojovat a uskute\u010d\u0148ovat jeho sny o v\u00edt\u011bzstv\u00ed, co\u017e ze m\u011b sn\u00edm\u00e1 velk\u00fd tlak,&#8220; p\u0159ipom\u00ednal nizozemsk\u00fd cyklista, \u017ee o t\u0159i roky mlad\u0161\u00ed par\u0165\u00e1k je jedni\u010dkou t\u00fdmu Alpecin-Deceuninck pro hromadn\u00e9 dojezdy a bitvu o zelen\u00fd trikot.<\/p>\n<figure id=\"attachment_13742\" aria-describedby=\"caption-attachment-13742\" style=\"width: 1800px\" class=\"wp-caption alignnone\"><a href=\"https:\/\/d2p6e6u75xmxt8.cloudfront.net\/13\/2021\/07\/van-der-poel-profimedia-0618781809.webp\"><img loading=\"lazy\" decoding=\"async\" class=\"size-full wp-image-13742\" src=\"https:\/\/d2p6e6u75xmxt8.cloudfront.net\/13\/2021\/07\/van-der-poel-profimedia-0618781809.webp\" alt=\"Mathieu van der Poel p\u0159i \u010dasovce pou\u017eil r\u00e1fky, kter\u00e9 nesm\u00ed vozit. Ale hlavn\u00ed sponzor p\u0159i vidin\u011b \u017elut\u00e9ho trikotu v\u0161e p\u0159e\u0161el. Foto: profimedia\" width=\"1800\" height=\"1199\" srcset=\"https:\/\/d2p6e6u75xmxt8.cloudfront.net\/13\/2021\/07\/van-der-poel-profimedia-0618781809.webp 1800w, https:\/\/d2p6e6u75xmxt8.cloudfront.net\/13\/2021\/07\/van-der-poel-profimedia-0618781809-300x200.webp 300w, https:\/\/d2p6e6u75xmxt8.cloudfront.net\/13\/2021\/07\/van-der-poel-profimedia-0618781809-1024x682.webp 1024w, https:\/\/d2p6e6u75xmxt8.cloudfront.net\/13\/2021\/07\/van-der-poel-profimedia-0618781809-768x512.webp 768w, https:\/\/d2p6e6u75xmxt8.cloudfront.net\/13\/2021\/07\/van-der-poel-profimedia-0618781809-1536x1023.webp 1536w, https:\/\/d2p6e6u75xmxt8.cloudfront.net\/13\/2021\/07\/van-der-poel-profimedia-0618781809-272x182.webp 272w\" sizes=\"auto, (max-width: 1800px) 100vw, 1800px\" \/><\/a><figcaption id=\"caption-attachment-13742\" class=\"wp-caption-text\"><em>Nizozemsk\u00fd fenom\u00e9n MVDP ve \u017elut\u00e9m trikotu l\u00eddra Tour de France 2021.\u00a0<\/em><\/figcaption><\/figure>\n<p>V barv\u00e1ch belgick\u00e9 formace pl\u00e1nuje ukon\u010dit kari\u00e9ru. &#8222;Mo\u017en\u00e1 bych jinde dostal vy\u0161\u0161\u00ed kontrakt, ale lid\u00e9 v Alpecinu jsou moj\u00ed rodinou, m\u00fdmi p\u0159\u00e1teli,&#8220; vysv\u011btluje, pro\u010d m\u00e1 v pl\u00e1nu kari\u00e9ru str\u00e1vit ve st\u00e1ji, kde za\u010dal v\u00fdstup na v\u00fdslun\u00ed. Smlouva vypr\u0161\u00ed na konci sezony 2028. A p\u0159esto\u017ee jeho exkluzivn\u00ed partnerstv\u00ed s v\u00fdrobcem kol Canyon je od lo\u0148sk\u00e9ho roku platn\u00e9 deset let, nikdo by nem\u011bl o\u010dek\u00e1vat, \u017ee Mathieu van der Poel bude sed\u011bt na kole je\u0161t\u011b v dev\u011btat\u0159iceti.<\/p>\n<div class=\"shortcode-ys-post-pinup\"><article class=\"loop-simple post-27890 post type-post status-publish format-standard has-post-thumbnail hentry category-https-www-welovecycling-com-cs-category-zabava tag-cyklistika tag-drill tag-eminem tag-masayah tag-playlist tag-rammstein tag-siddharta tag-silnicni-cyklistika tag-spotify tag-tadej-pogacar tag-tour-de-france tag-zdravi-a-trenink global-categories-cycling\" data-postid=\"27890\" role=\"article\" data-post-id=\"27890\" data-word-count=\"324\" data-headline-length=\"28\" data-category=\"Z\u00c1BAVA\" data-global-category=\"Cycling\" data-author=\"We Love Cycling\" data-published=\"2025-01-02T04:40:10+02:00\" data-published-day=\"Thursday\">\n    <div class=\"entry-thumbnail article-thumbnail\" content=\"https:\/\/d2p6e6u75xmxt8.cloudfront.net\/13\/2024\/12\/Bez-nazvu-150x150.webp\"><a href=\"https:\/\/www.welovecycling.com\/cs\/2025\/01\/02\/na-co-jezdi-tadej-pogacar\/\" class=\"image-holder\" target=\"_self\"><img decoding=\"async\" loading=\"lazy\" class=\"\" src=\"https:\/\/d2p6e6u75xmxt8.cloudfront.net\/13\/2024\/12\/Bez-nazvu.webp\" srcset=\"https:\/\/d2p6e6u75xmxt8.cloudfront.net\/13\/2024\/12\/Bez-nazvu.webp 1003w, https:\/\/d2p6e6u75xmxt8.cloudfront.net\/13\/2024\/12\/Bez-nazvu-300x200.webp 300w, https:\/\/d2p6e6u75xmxt8.cloudfront.net\/13\/2024\/12\/Bez-nazvu-768x512.webp 768w, https:\/\/d2p6e6u75xmxt8.cloudfront.net\/13\/2024\/12\/Bez-nazvu-400x267.webp 400w, https:\/\/d2p6e6u75xmxt8.cloudfront.net\/13\/2024\/12\/Bez-nazvu-272x182.webp 272w\" width=\"1003\" height=\"669\" sizes=\"auto, (min-width: 1200px) 300px, (min-width: 768px) 25vw, 100vw\" alt=\"na-co-jezdi-tadej-pogacar\"\/><\/a><\/div>    <div class=\"entry-meta\">\n        <a class=\"label label-secondary post-category\" href=\"https:\/\/www.welovecycling.com\/cs\/category\/https-www-welovecycling-com-cs-category-zabava\/\" title=\"Z\u00c1BAVA\">Z\u00c1BAVA<\/a>\n    <\/div>\n    <div class=\"entry-details\">\n        <a href=\"https:\/\/www.welovecycling.com\/cs\/2025\/01\/02\/na-co-jezdi-tadej-pogacar\/\" class='entry-title-wrapper'>\n            <h3 class=\"entry-title\"><span>Na co jezd\u00ed Tadej Poga\u010dar?<\/span><\/h3>\n        <\/a>\n    <\/div>\n    <\/article>\n<\/div>\n<p>&#8222;M\u00e1m jasno, \u017ee nebudu z\u00e1vodit do \u010dty\u0159iceti. Chci skon\u010dit, a\u017e budu na v\u00fdslun\u00ed. Nebo prost\u011b hodn\u011b vysoko. Nechci se za\u0159adit po bok cyklist\u016f, kte\u0159\u00ed jezdili p\u0159\u00edli\u0161 dlouho, a pak zanikly \u00fasp\u011bchy, kter\u00fdch dos\u00e1hli v nejlep\u0161\u00edch letech kari\u00e9ry,&#8220; nast\u00ednil jasn\u00fd pl\u00e1n nizozemsk\u00fd fenom\u00e9n.<\/p>\n","protected":false},"excerpt":{"rendered":"<p>U\u017e d\u00e1vno je legendou cyklistiky. Nemus\u00ed nikomu nic dokazovat! A p\u0159ece m\u00e1 po\u0159\u00e1d hlad po dal\u0161\u00edch triumfech. Mathieu van der [&hellip;]<\/p>\n","protected":false},"author":138,"featured_media":27281,"comment_status":"open","ping_status":"open","sticky":false,"template":"","format":"standard","meta":{"footnotes":""},"categories":[10],"tags":[126,723,56,151,178,917,3984,3983,168,9,23],"global-categories":[411],"class_list":["post-27915","post","type-post","status-publish","format-standard","has-post-thumbnail","hentry","category-silnicni-cyklistika","tag-cyklistika","tag-cyklokros","tag-horska-cyklistika","tag-kolem-flander","tag-mathieu-van-der-poel","tag-ms-cross-country","tag-ms-cyklokros","tag-ms-horskych-kol-2025","tag-pariz-roubaix","tag-silnicni-cyklistika","tag-tour-de-france","global-categories-cycling"],"yoast_head":"<!-- This site is optimized with the Yoast SEO Premium plugin v25.3 (Yoast SEO v25.9) - https:\/\/yoast.com\/wordpress\/plugins\/seo\/ -->\n<title>Mathieu van der Poel: Dv\u011b v\u00fdhry, kter\u00e9 nedaj\u00ed jubilantovi sp\u00e1t<\/title>\n<meta name=\"description\" content=\"Mathieu van der Poel, kter\u00fd oslavil 19. ledna t\u0159ic\u00e1t\u00e9 narozeniny, sn\u00ed o dvou triumfech, aby jeho sb\u00edrka \u00fasp\u011bch\u016f byla dokonal\u00e1\" \/>\n<meta name=\"robots\" content=\"index, follow, max-snippet:-1, max-image-preview:large, max-video-preview:-1\" \/>\n<link rel=\"canonical\" href=\"https:\/\/www.welovecycling.com\/cs\/2025\/01\/19\/mathieu-van-der-poel-chci-rekord-z-flander-a-titul-na-biku-ma-to-jeden-hacek\/\" \/>\n<meta property=\"og:locale\" content=\"cs_CZ\" \/>\n<meta property=\"og:type\" content=\"article\" \/>\n<meta property=\"og:title\" content=\"Mathieu van der Poel: Chci rekord z Flander a titul na biku! M\u00e1 to jeden h\u00e1\u010dek...\" \/>\n<meta property=\"og:description\" content=\"Mathieu van der Poel, kter\u00fd oslavil 19. ledna t\u0159ic\u00e1t\u00e9 narozeniny, sn\u00ed o dvou triumfech, aby jeho sb\u00edrka \u00fasp\u011bch\u016f byla dokonal\u00e1\" \/>\n<meta property=\"og:url\" content=\"https:\/\/www.welovecycling.com\/cs\/2025\/01\/19\/mathieu-van-der-poel-chci-rekord-z-flander-a-titul-na-biku-ma-to-jeden-hacek\/\" \/>\n<meta property=\"og:site_name\" content=\"\u0160koda We Love Cycling - \u010cesk\u00e1 republika\" \/>\n<meta property=\"article:published_time\" content=\"2025-01-19T02:00:48+00:00\" \/>\n<meta property=\"og:image\" content=\"https:\/\/d2p6e6u75xmxt8.cloudfront.net\/13\/2024\/10\/profimedia-0917248283.webp\" \/>\n\t<meta property=\"og:image:width\" content=\"1800\" \/>\n\t<meta property=\"og:image:height\" content=\"1200\" \/>\n\t<meta property=\"og:image:type\" content=\"image\/webp\" \/>\n<meta name=\"author\" content=\"radekmalina\" \/>\n<meta name=\"twitter:card\" content=\"summary_large_image\" \/>\n<meta name=\"twitter:label1\" content=\"Written by\" \/>\n\t<meta name=\"twitter:data1\" content=\"We Love Cycling\" \/>\n\t<meta name=\"twitter:label2\" content=\"Est. reading time\" \/>\n\t<meta name=\"twitter:data2\" content=\"5\" \/>\n<script type=\"application\/ld+json\" class=\"yoast-schema-graph\">{\"@context\":\"https:\/\/schema.org\",\"@graph\":[{\"@type\":\"WebPage\",\"@id\":\"https:\/\/www.welovecycling.com\/cs\/2025\/01\/19\/mathieu-van-der-poel-chci-rekord-z-flander-a-titul-na-biku-ma-to-jeden-hacek\/\",\"url\":\"https:\/\/www.welovecycling.com\/cs\/2025\/01\/19\/mathieu-van-der-poel-chci-rekord-z-flander-a-titul-na-biku-ma-to-jeden-hacek\/\",\"name\":\"Mathieu van der Poel: Dv\u011b v\u00fdhry, kter\u00e9 nedaj\u00ed jubilantovi sp\u00e1t\",\"isPartOf\":{\"@id\":\"https:\/\/www.welovecycling.com\/cs\/#website\"},\"primaryImageOfPage\":{\"@id\":\"https:\/\/www.welovecycling.com\/cs\/2025\/01\/19\/mathieu-van-der-poel-chci-rekord-z-flander-a-titul-na-biku-ma-to-jeden-hacek\/#primaryimage\"},\"image\":{\"@id\":\"https:\/\/www.welovecycling.com\/cs\/2025\/01\/19\/mathieu-van-der-poel-chci-rekord-z-flander-a-titul-na-biku-ma-to-jeden-hacek\/#primaryimage\"},\"thumbnailUrl\":\"https:\/\/d2p6e6u75xmxt8.cloudfront.net\/13\/2024\/10\/profimedia-0917248283.webp\",\"datePublished\":\"2025-01-19T02:00:48+00:00\",\"author\":{\"@id\":\"https:\/\/www.welovecycling.com\/cs\/#\/schema\/person\/d9eeb0a378f3a7e4a6d12d2b536b04b8\"},\"description\":\"Mathieu van der Poel, kter\u00fd oslavil 19. ledna t\u0159ic\u00e1t\u00e9 narozeniny, sn\u00ed o dvou triumfech, aby jeho sb\u00edrka \u00fasp\u011bch\u016f byla dokonal\u00e1\",\"inLanguage\":\"cs\",\"potentialAction\":[{\"@type\":\"ReadAction\",\"target\":[\"https:\/\/www.welovecycling.com\/cs\/2025\/01\/19\/mathieu-van-der-poel-chci-rekord-z-flander-a-titul-na-biku-ma-to-jeden-hacek\/\"]}]},{\"@type\":\"ImageObject\",\"inLanguage\":\"cs\",\"@id\":\"https:\/\/www.welovecycling.com\/cs\/2025\/01\/19\/mathieu-van-der-poel-chci-rekord-z-flander-a-titul-na-biku-ma-to-jeden-hacek\/#primaryimage\",\"url\":\"https:\/\/d2p6e6u75xmxt8.cloudfront.net\/13\/2024\/10\/profimedia-0917248283.webp\",\"contentUrl\":\"https:\/\/d2p6e6u75xmxt8.cloudfront.net\/13\/2024\/10\/profimedia-0917248283.webp\",\"width\":1800,\"height\":1200,\"caption\":\"Mathieu van der Poel\"},{\"@type\":\"WebSite\",\"@id\":\"https:\/\/www.welovecycling.com\/cs\/#website\",\"url\":\"https:\/\/www.welovecycling.com\/cs\/\",\"name\":\"\u0160koda We Love Cycling - \u010cesk\u00e1 republika\",\"description\":\"WeLoveCycling.cz je online magaz\u00edn, kter\u00fd v\u00e1m pravideln\u011b p\u0159in\u00e1\u0161\u00ed rady a tipy, zaj\u00edmav\u00e9 \u010dl\u00e1nky, videa a jedine\u010dn\u00e9 report\u00e1\u017ee ze sv\u011bta cyklistiky.\",\"potentialAction\":[{\"@type\":\"SearchAction\",\"target\":{\"@type\":\"EntryPoint\",\"urlTemplate\":\"https:\/\/www.welovecycling.com\/cs\/?s={search_term_string}\"},\"query-input\":{\"@type\":\"PropertyValueSpecification\",\"valueRequired\":true,\"valueName\":\"search_term_string\"}}],\"inLanguage\":\"cs\"},{\"@type\":\"Person\",\"@id\":\"https:\/\/www.welovecycling.com\/cs\/#\/schema\/person\/d9eeb0a378f3a7e4a6d12d2b536b04b8\",\"name\":\"radekmalina\",\"image\":{\"@type\":\"ImageObject\",\"inLanguage\":\"cs\",\"@id\":\"https:\/\/www.welovecycling.com\/cs\/#\/schema\/person\/image\/\",\"url\":\"https:\/\/secure.gravatar.com\/avatar\/66994b632cb8c39a46b9f54afa3ae07201b678d32a54275b6f1c9ffec356bfc0?s=96&d=mm&r=g\",\"contentUrl\":\"https:\/\/secure.gravatar.com\/avatar\/66994b632cb8c39a46b9f54afa3ae07201b678d32a54275b6f1c9ffec356bfc0?s=96&d=mm&r=g\",\"caption\":\"radekmalina\"},\"url\":\"https:\/\/www.welovecycling.com\/cs\/author\/radekmalina\/\"}]}<\/script>\n<!-- \/ Yoast SEO Premium plugin. -->","yoast_head_json":{"title":"Mathieu van der Poel: Dv\u011b v\u00fdhry, kter\u00e9 nedaj\u00ed jubilantovi sp\u00e1t","description":"Mathieu van der Poel, kter\u00fd oslavil 19. ledna t\u0159ic\u00e1t\u00e9 narozeniny, sn\u00ed o dvou triumfech, aby jeho sb\u00edrka \u00fasp\u011bch\u016f byla dokonal\u00e1","robots":{"index":"index","follow":"follow","max-snippet":"max-snippet:-1","max-image-preview":"max-image-preview:large","max-video-preview":"max-video-preview:-1"},"canonical":"https:\/\/www.welovecycling.com\/cs\/2025\/01\/19\/mathieu-van-der-poel-chci-rekord-z-flander-a-titul-na-biku-ma-to-jeden-hacek\/","og_locale":"cs_CZ","og_type":"article","og_title":"Mathieu van der Poel: Chci rekord z Flander a titul na biku! M\u00e1 to jeden h\u00e1\u010dek...","og_description":"Mathieu van der Poel, kter\u00fd oslavil 19. ledna t\u0159ic\u00e1t\u00e9 narozeniny, sn\u00ed o dvou triumfech, aby jeho sb\u00edrka \u00fasp\u011bch\u016f byla dokonal\u00e1","og_url":"https:\/\/www.welovecycling.com\/cs\/2025\/01\/19\/mathieu-van-der-poel-chci-rekord-z-flander-a-titul-na-biku-ma-to-jeden-hacek\/","og_site_name":"\u0160koda We Love Cycling - \u010cesk\u00e1 republika","article_published_time":"2025-01-19T02:00:48+00:00","og_image":[{"width":1800,"height":1200,"url":"https:\/\/d2p6e6u75xmxt8.cloudfront.net\/13\/2024\/10\/profimedia-0917248283.webp","type":"image\/webp"}],"author":"radekmalina","twitter_card":"summary_large_image","twitter_misc":{"Written by":"We Love Cycling","Est. reading time":"5"},"schema":{"@context":"https:\/\/schema.org","@graph":[{"@type":"WebPage","@id":"https:\/\/www.welovecycling.com\/cs\/2025\/01\/19\/mathieu-van-der-poel-chci-rekord-z-flander-a-titul-na-biku-ma-to-jeden-hacek\/","url":"https:\/\/www.welovecycling.com\/cs\/2025\/01\/19\/mathieu-van-der-poel-chci-rekord-z-flander-a-titul-na-biku-ma-to-jeden-hacek\/","name":"Mathieu van der Poel: Dv\u011b v\u00fdhry, kter\u00e9 nedaj\u00ed jubilantovi sp\u00e1t","isPartOf":{"@id":"https:\/\/www.welovecycling.com\/cs\/#website"},"primaryImageOfPage":{"@id":"https:\/\/www.welovecycling.com\/cs\/2025\/01\/19\/mathieu-van-der-poel-chci-rekord-z-flander-a-titul-na-biku-ma-to-jeden-hacek\/#primaryimage"},"image":{"@id":"https:\/\/www.welovecycling.com\/cs\/2025\/01\/19\/mathieu-van-der-poel-chci-rekord-z-flander-a-titul-na-biku-ma-to-jeden-hacek\/#primaryimage"},"thumbnailUrl":"https:\/\/d2p6e6u75xmxt8.cloudfront.net\/13\/2024\/10\/profimedia-0917248283.webp","datePublished":"2025-01-19T02:00:48+00:00","author":{"@id":"https:\/\/www.welovecycling.com\/cs\/#\/schema\/person\/d9eeb0a378f3a7e4a6d12d2b536b04b8"},"description":"Mathieu van der Poel, kter\u00fd oslavil 19. ledna t\u0159ic\u00e1t\u00e9 narozeniny, sn\u00ed o dvou triumfech, aby jeho sb\u00edrka \u00fasp\u011bch\u016f byla dokonal\u00e1","inLanguage":"cs","potentialAction":[{"@type":"ReadAction","target":["https:\/\/www.welovecycling.com\/cs\/2025\/01\/19\/mathieu-van-der-poel-chci-rekord-z-flander-a-titul-na-biku-ma-to-jeden-hacek\/"]}]},{"@type":"ImageObject","inLanguage":"cs","@id":"https:\/\/www.welovecycling.com\/cs\/2025\/01\/19\/mathieu-van-der-poel-chci-rekord-z-flander-a-titul-na-biku-ma-to-jeden-hacek\/#primaryimage","url":"https:\/\/d2p6e6u75xmxt8.cloudfront.net\/13\/2024\/10\/profimedia-0917248283.webp","contentUrl":"https:\/\/d2p6e6u75xmxt8.cloudfront.net\/13\/2024\/10\/profimedia-0917248283.webp","width":1800,"height":1200,"caption":"Mathieu van der Poel"},{"@type":"WebSite","@id":"https:\/\/www.welovecycling.com\/cs\/#website","url":"https:\/\/www.welovecycling.com\/cs\/","name":"\u0160koda We Love Cycling - \u010cesk\u00e1 republika","description":"WeLoveCycling.cz je online magaz\u00edn, kter\u00fd v\u00e1m pravideln\u011b p\u0159in\u00e1\u0161\u00ed rady a tipy, zaj\u00edmav\u00e9 \u010dl\u00e1nky, videa a jedine\u010dn\u00e9 report\u00e1\u017ee ze sv\u011bta cyklistiky.","potentialAction":[{"@type":"SearchAction","target":{"@type":"EntryPoint","urlTemplate":"https:\/\/www.welovecycling.com\/cs\/?s={search_term_string}"},"query-input":{"@type":"PropertyValueSpecification","valueRequired":true,"valueName":"search_term_string"}}],"inLanguage":"cs"},{"@type":"Person","@id":"https:\/\/www.welovecycling.com\/cs\/#\/schema\/person\/d9eeb0a378f3a7e4a6d12d2b536b04b8","name":"radekmalina","image":{"@type":"ImageObject","inLanguage":"cs","@id":"https:\/\/www.welovecycling.com\/cs\/#\/schema\/person\/image\/","url":"https:\/\/secure.gravatar.com\/avatar\/66994b632cb8c39a46b9f54afa3ae07201b678d32a54275b6f1c9ffec356bfc0?s=96&d=mm&r=g","contentUrl":"https:\/\/secure.gravatar.com\/avatar\/66994b632cb8c39a46b9f54afa3ae07201b678d32a54275b6f1c9ffec356bfc0?s=96&d=mm&r=g","caption":"radekmalina"},"url":"https:\/\/www.welovecycling.com\/cs\/author\/radekmalina\/"}]}},"_links":{"self":[{"href":"https:\/\/www.welovecycling.com\/cs\/wp-json\/wp\/v2\/posts\/27915","targetHints":{"allow":["GET"]}}],"collection":[{"href":"https:\/\/www.welovecycling.com\/cs\/wp-json\/wp\/v2\/posts"}],"about":[{"href":"https:\/\/www.welovecycling.com\/cs\/wp-json\/wp\/v2\/types\/post"}],"author":[{"embeddable":true,"href":"https:\/\/www.welovecycling.com\/cs\/wp-json\/wp\/v2\/users\/138"}],"replies":[{"embeddable":true,"href":"https:\/\/www.welovecycling.com\/cs\/wp-json\/wp\/v2\/comments?post=27915"}],"version-history":[{"count":3,"href":"https:\/\/www.welovecycling.com\/cs\/wp-json\/wp\/v2\/posts\/27915\/revisions"}],"predecessor-version":[{"id":27918,"href":"https:\/\/www.welovecycling.com\/cs\/wp-json\/wp\/v2\/posts\/27915\/revisions\/27918"}],"wp:featuredmedia":[{"embeddable":true,"href":"https:\/\/www.welovecycling.com\/cs\/wp-json\/wp\/v2\/media\/27281"}],"wp:attachment":[{"href":"https:\/\/www.welovecycling.com\/cs\/wp-json\/wp\/v2\/media?parent=27915"}],"wp:term":[{"taxonomy":"category","embeddable":true,"href":"https:\/\/www.welovecycling.com\/cs\/wp-json\/wp\/v2\/categories?post=27915"},{"taxonomy":"post_tag","embeddable":true,"href":"https:\/\/www.welovecycling.com\/cs\/wp-json\/wp\/v2\/tags?post=27915"},{"taxonomy":"global-categories","embeddable":true,"href":"https:\/\/www.welovecycling.com\/cs\/wp-json\/wp\/v2\/global-categories?post=27915"}],"curies":[{"name":"wp","href":"https:\/\/api.w.org\/{rel}","templated":true}]}}