{"id":27911,"date":"2025-01-03T04:00:08","date_gmt":"2025-01-03T02:00:08","guid":{"rendered":"https:\/\/www.welovecycling.com\/cs\/?p=27911"},"modified":"2025-01-02T13:12:11","modified_gmt":"2025-01-02T11:12:11","slug":"kalendar-nejdulezitejsich-cyklistickych-udalosti-2025","status":"publish","type":"post","link":"https:\/\/www.welovecycling.com\/cs\/2025\/01\/03\/kalendar-nejdulezitejsich-cyklistickych-udalosti-2025\/","title":{"rendered":"Kalend\u00e1\u0159 nejd\u016fle\u017eit\u011bj\u0161\u00edch cyklistick\u00fdch ud\u00e1lost\u00ed 2025"},"content":{"rendered":"<p><strong>Tour de France je nejv\u011bt\u0161\u00edm tah\u00e1kem sezony silni\u010dn\u00edch cyklist\u016f. Term\u00edn je u\u017e des\u00edtky let pevn\u011b zakotven\u00fd na \u010dervenec ka\u017ed\u00e9ho roku. Pro bikery jsou vrcholem z\u00e1vody sv\u011btov\u00e9ho poh\u00e1ru a tak\u00e9 mistrovstv\u00ed sv\u011bta. Dr\u00e1ha\u0159i zase vyhl\u00ed\u017e\u00ed mistrovstv\u00ed sv\u011bta. Jak vypad\u00e1 kalend\u00e1\u0159 nejd\u016fle\u017eit\u011bj\u0161\u00edch cyklistick\u00fdch ud\u00e1lost\u00ed roku 2025?<\/strong><\/p>\n<h2><strong>Silni\u010dn\u00ed cyklistika<\/strong><\/h2>\n<p>Sezonu silni\u010dn\u00ed cyklistiky na nejvy\u0161\u0161\u00ed \u00farovni tradi\u010dn\u011b otev\u0159ou v Austr\u00e1lii p\u0159i etapov\u00e9 bitv\u011b Santos Tour Down Under. Jarn\u00edmi vrcholy budou tradi\u010dn\u011b Monumenty, pro \u010desk\u00e9 fanou\u0161ky bude jist\u011b zaj\u00edmav\u00e9 sledovat, zda dostanou d\u016fv\u011bru Pavel Bittner \u010di Mathias Vacek. Oba u\u017e maj\u00ed na kont\u011b prvn\u00ed Grand Tour, a tak jist\u011b v\u0161ichni budou s nap\u011bt\u00edm sledovat, zda dostanou \u0161anci na Giru, Tour \u010di Vuelt\u011b v roce 2025.<\/p>\n<p><strong>Kalend\u00e1\u0159 mu\u017e\u016f:<\/strong> 21.-26. ledna: Santos Tour Down Under, 2. \u00fanora: Cadel Evans Great Ocean Road, 17.-23. \u00fanora: UAE Tour, 1. b\u0159ezna: Omloop Het Nieuwsblad, 8. b\u0159ezna: Strade Bianche, 9.-16. b\u0159ezna: Pa\u0159\u00ed\u017e-Nice, 10.-16. b\u0159ezna: Tirreno Adriatico, 22. b\u0159ezna: Mil\u00e1n-San Remo, 24.-30. b\u0159ezna: Kolem Katal\u00e1nska, 26. b\u0159ezna: Bruggy-De Panne, 28. b\u0159ezna: E3 Saxo Classic, 30. b\u0159ezna: Gent-Wevelgem, 2. dubna: Dwars door Vlaanderen, 6. dubna: Kolem Flander, 7.-12. dubna: Itzulia Baskicko, 13. dubna: Pa\u0159\u00ed\u017e-Roubaix, 20. dubna: Amstel Gold Race, 23. dubna: Valonsk\u00fd \u0161\u00edp, 27. dubna: Lutych-Bastogne-Lutych, 29.dubna-5. kv\u011btna: Kolem Romandie, 1. kv\u011btna: Eschborn-Frankfurt, 9. kv\u011btna-1. \u010dervna: Giro di Italia, 8.-15. \u010dervna: Crit\u00e9rium du Dauphin\u00e9, 15.-22. \u010dervna: Kolem \u0160v\u00fdcarska, 22. \u010dervna: Copenhagen Sprint, 5.-27. \u010dervence: <a href=\"https:\/\/www.welovecycling.com\/cs\/2024\/10\/29\/tour-de-france-2025-uvod-bez-hor-navrat-legend-prevyseni-51-tisic-metru\/\">Tour de France<\/a>, 2. srpna: Klasika San Sebasti\u00e1n, 4.-10. srpna: Kolem Polska, 17. srpna: Bemer Cyclassics, 20.-24. srpna: Renewi Tour, 23. srpna-14. z\u00e1\u0159\u00ed: Vuelta, 31. srpna: Bretagne Classic, 12. z\u00e1\u0159\u00ed: GP Quebec, 14. z\u00e1\u0159\u00ed: GP Montreal, 21.-28. z\u00e1\u0159\u00ed: mistrovstv\u00ed sv\u011bta v Kigali (Rwanda), 1.-5. \u0159\u00edjna: mistrovstv\u00ed Evropy ve Francii, 11. \u0159\u00edjna: Kolem Lombardie, 14.-19. \u0159\u00edjna: Tour of Guangxi.<\/p>\n<figure id=\"attachment_26849\" aria-describedby=\"caption-attachment-26849\" style=\"width: 1800px\" class=\"wp-caption alignnone\"><a href=\"https:\/\/d2p6e6u75xmxt8.cloudfront.net\/13\/2024\/08\/profimedia-0897424674.webp\"><img loading=\"lazy\" decoding=\"async\" class=\"size-full wp-image-26849\" src=\"https:\/\/d2p6e6u75xmxt8.cloudfront.net\/13\/2024\/08\/profimedia-0897424674.webp\" alt=\"\" width=\"1800\" height=\"1200\" srcset=\"https:\/\/d2p6e6u75xmxt8.cloudfront.net\/13\/2024\/08\/profimedia-0897424674.webp 1800w, https:\/\/d2p6e6u75xmxt8.cloudfront.net\/13\/2024\/08\/profimedia-0897424674-300x200.webp 300w, https:\/\/d2p6e6u75xmxt8.cloudfront.net\/13\/2024\/08\/profimedia-0897424674-1024x683.webp 1024w, https:\/\/d2p6e6u75xmxt8.cloudfront.net\/13\/2024\/08\/profimedia-0897424674-768x512.webp 768w, https:\/\/d2p6e6u75xmxt8.cloudfront.net\/13\/2024\/08\/profimedia-0897424674-1536x1024.webp 1536w, https:\/\/d2p6e6u75xmxt8.cloudfront.net\/13\/2024\/08\/profimedia-0897424674-400x267.webp 400w, https:\/\/d2p6e6u75xmxt8.cloudfront.net\/13\/2024\/08\/profimedia-0897424674-272x182.webp 272w\" sizes=\"auto, (max-width: 1800px) 100vw, 1800px\" \/><\/a><figcaption id=\"caption-attachment-26849\" class=\"wp-caption-text\"><em>Pavel Bittner posb\u00edral v sezon\u011b 2024 n\u011bkolik etapov\u00fdch v\u00edt\u011bzstv\u00ed, a tak fanou\u0161ci netrp\u011bliv\u011b vyhl\u00ed\u017e\u00ed silni\u010dn\u00ed sezonu 2025.<\/em><\/figcaption><\/figure>\n<p><strong>Kalend\u00e1\u0159 \u017een:<\/strong> 17.-19. ledna: Santos Tour Down Under, 26. ledna: Down Under Classic, 1. \u00fanora: Cadel Evans Great Ocean Race, 6.-9. \u00fanora: UAE Tour, 1. b\u0159ezna: Omloop Het Nieuwsblad, 8. b\u0159ezna: Strade Bianche, 22. b\u0159ezna: Mil\u00e1n-San Remo, 27. b\u0159ezna: Bruggy-De Panne, 30. b\u0159ezna: Gent-Wevelgem, 6. dubna: Kolem Flander, 12. dubna: Pa\u0159\u00ed\u017e-Roubaix, 20. dubna: Amstel Gold Race, 23. dubna: Valonsk\u00fd \u0161\u00edp, 27. dubna: Lutych-Bastogne-Lutych, 5.-11. kv\u011btna: Vuelta, 16.-18. kv\u011btna: Itzulia Women, 22.-25. kv\u011btna: Vuelta Burgos, 5.-8. \u010dervena: Tour of Britain, 12.-15. \u010dervna: Kolem \u0160v\u00fdcarska, 21. \u010dervna: Copenhagen Sprint, 7.-13. \u010dervence: Giro di Italia, 26. \u010dervence-2. srpna: Tour de France Femmes, 19.-24. srpna: Tour of Scandinavia, 5.-7. z\u00e1\u0159\u00ed: Tour de Romandie, 21.-28. z\u00e1\u0159\u00ed MS v Kigali (Rwanda), 1.-5. \u0159\u00edjna: mistrovstv\u00ed Evropy ve Francii, 7.-12. \u0159\u00edjna: Simac Ladies.<\/p>\n<h2><strong>Kalend\u00e1\u0159 horsk\u00fdch kol 2025<\/strong><\/h2>\n<p>Bikov\u00e1 sc\u00e9na tradi\u010dn\u011b zahrnuje pestrou \u0161k\u00e1lu discipl\u00edn. \u010cesk\u00e9 fanou\u0161ky m\u016f\u017ee t\u011b\u0161it, \u017ee cross country se tradi\u010dn\u011b pojede i ve Vyso\u010dina Ar\u00e9n\u011b v Nov\u00e9m M\u011bst\u011b na Morav\u011b, kam sv\u011btov\u00e1 elita zam\u00ed\u0159\u00ed v z\u00e1v\u011bru kv\u011btna.<\/p>\n<p>Prvn\u00edm velk\u00fdm tah\u00e1kem bude pro fanou\u0161ky horsk\u00fdch kol Cape Epic, kter\u00fd se uskute\u010dn\u00ed od 16. do 23. b\u0159ezna. Mistrovstv\u00ed Evropy horsk\u00fdch kol se kon\u00e1 od 23. do 27. \u010dervence v Portugalsku. O duhov\u00e9 trikoty pro mistry sv\u011bta se bude bojovat od 2. do 14. z\u00e1\u0159\u00ed ve \u0161v\u00fdcarsk\u00e9m Valais.<\/p>\n<div class=\"shortcode-ys-post-pinup\"><article class=\"loop-simple post-27903 post type-post status-publish format-standard has-post-thumbnail hentry category-horska-cyklistika tag-cube-factory-racing tag-cyklistika tag-horska-cyklistika tag-ondrej-cink tag-prestup tag-sezona-2025 global-categories-cycling\" data-postid=\"27903\" role=\"article\" data-post-id=\"27903\" data-word-count=\"847\" data-headline-length=\"69\" data-category=\"Horsk\u00e1 cyklistika\" data-global-category=\"Cycling\" data-author=\"Radek Malina\" data-published=\"2025-01-01T06:00:02+02:00\" data-published-day=\"Wednesday\">\n    <div class=\"entry-thumbnail article-thumbnail\" content=\"https:\/\/d2p6e6u75xmxt8.cloudfront.net\/13\/2024\/12\/profimedia-0902477537-150x150.webp\"><a href=\"https:\/\/www.welovecycling.com\/cs\/2025\/01\/01\/ondrej-cink-proc-jsem-zvolil-cube-factory\/\" class=\"image-holder\" target=\"_self\"><img decoding=\"async\" loading=\"lazy\" class=\"\" src=\"https:\/\/d2p6e6u75xmxt8.cloudfront.net\/13\/2024\/12\/profimedia-0902477537-1024x683.webp\" srcset=\"https:\/\/d2p6e6u75xmxt8.cloudfront.net\/13\/2024\/12\/profimedia-0902477537.webp 1800w, https:\/\/d2p6e6u75xmxt8.cloudfront.net\/13\/2024\/12\/profimedia-0902477537-300x200.webp 300w, https:\/\/d2p6e6u75xmxt8.cloudfront.net\/13\/2024\/12\/profimedia-0902477537-1024x683.webp 1024w, https:\/\/d2p6e6u75xmxt8.cloudfront.net\/13\/2024\/12\/profimedia-0902477537-768x512.webp 768w, https:\/\/d2p6e6u75xmxt8.cloudfront.net\/13\/2024\/12\/profimedia-0902477537-1536x1024.webp 1536w, https:\/\/d2p6e6u75xmxt8.cloudfront.net\/13\/2024\/12\/profimedia-0902477537-400x267.webp 400w, https:\/\/d2p6e6u75xmxt8.cloudfront.net\/13\/2024\/12\/profimedia-0902477537-272x182.webp 272w\" width=\"1024\" height=\"683\" sizes=\"auto, (min-width: 1200px) 300px, (min-width: 768px) 25vw, 100vw\" alt=\"ondrej-cink-proc-jsem-zvolil-cube-factory\"\/><\/a><\/div>    <div class=\"entry-meta\">\n        <a class=\"label label-secondary post-category\" href=\"https:\/\/www.welovecycling.com\/cs\/category\/horska-cyklistika\/\" title=\"Horsk\u00e1 cyklistika\">Horsk\u00e1 cyklistika<\/a>\n    <\/div>\n    <div class=\"entry-details\">\n        <a href=\"https:\/\/www.welovecycling.com\/cs\/2025\/01\/01\/ondrej-cink-proc-jsem-zvolil-cube-factory\/\" class='entry-title-wrapper'>\n            <h3 class=\"entry-title\"><span>Ond\u0159ej Cink p\u0159estupuje. Pro\u010d zvolil Cube Factory? Co jej ohromilo?<\/span><\/h3>\n        <\/a>\n    <\/div>\n    <\/article>\n<\/div>\n<p><strong>Kalend\u00e1\u0159 sv\u011btov\u00e9 s\u00e9rie horsk\u00fdch kol UCI 2025<\/strong>: 3.\u20136. dubna: Arax\u00e1, Braz\u00edlie (XCO\/XCC), 10.\u201312. dubna: Arax\u00e1, Braz\u00edlie (XCO\/XCC), 9.\u201311. kv\u011btna: Pietra Ligure, It\u00e1lie (EDR), 16.\u201318. kv\u011btna: Bielsko-Bia\u0142a, Polsko (DH\/EDR), 23.\u201325. kv\u011btna: Nov\u00e9 M\u011bsto na Morav\u011b, \u010cesko (XCO\/XCC), 30. kv\u011btna \u2013 1. \u010dervna: Loudenvielle-Peyragudes, Francie (DH\/ EDR), 5.\u20138. \u010dervna: Leogang, Rakousko (XCO\/ XCC\/ DH\/ EDR), 20.\u201322. \u010dervna: Val di Sole, It\u00e1lie (XCO\/XCC\/DH), 27.\u201329. \u010dervna: Val di Fassa, It\u00e1lie (EDR), 3.\u20136. \u010dervence: La Thuile, It\u00e1lie (DH\/EDR), 9.\u201313. \u010dervence: Pal Arinsal, Andorra (XCO\/XCC\/DH), 21.\u201331. srpna: Haute-Savoie, Francie (XCO\/XCC\/DH\/EDR), 18.\u201321. z\u00e1\u0159\u00ed: Lenzerheide, \u0160v\u00fdcarsko (XCO\/XCC\/DH), 3.\u20135. \u0159\u00edjna: Lake Placid, USA (XCO\/XCC\/DH), 9.\u201312. \u0159\u00edjna: Mont-Sainte-Anne, Kanada (XCO\/XCC\/DH). (Pozn.: XCC &#8211; shorttrack, XCO &#8211; croscountry, EDR &#8211; enduro, DH &#8211; downhill)<\/p>\n<h2><strong>Dr\u00e1hov\u00e1 cyklistika<\/strong><\/h2>\n<p>Mistrovstv\u00ed Evropy v dr\u00e1hov\u00e9 cyklistice se uskute\u010dn\u00ed od 12.do 16. \u00fanora v Zolderu. Mistrovstv\u00ed sv\u011bta se m\u011blo p\u016fvodn\u011b konat v argentinsk\u00e9m San Juanu od 15. do 19. \u0159\u00edjna. Nicm\u00e9n\u011b Mezin\u00e1rodn\u00ed cyklistick\u00e1 federace nakonec \u0161ampion\u00e1t p\u0159esunula ve stejn\u00e9m term\u00ednu do Santiaga de Chile.<\/p>\n<h2><strong>Gravel<\/strong><\/h2>\n<p>UCI Gravel World Series odstartuje 15. \u00fanora ve \u0161pan\u011blsk\u00e9m Castellonu. Bitvy o duhov\u00e9 trikoty pro mistry sv\u011bta se odehraje o v\u00edkendu 18. a 19. \u0159\u00edjna ve francouzsk\u00e9m Nice.<\/p>\n<figure id=\"attachment_27344\" aria-describedby=\"caption-attachment-27344\" style=\"width: 1920px\" class=\"wp-caption alignnone\"><a href=\"https:\/\/d2p6e6u75xmxt8.cloudfront.net\/13\/2024\/10\/2024-10-13-15h31-51_Gaetan_Sportpic__-014-STOSEK-scaled.webp\"><img loading=\"lazy\" decoding=\"async\" class=\"size-extra-large wp-image-27344\" src=\"https:\/\/d2p6e6u75xmxt8.cloudfront.net\/13\/2024\/10\/2024-10-13-15h31-51_Gaetan_Sportpic__-014-STOSEK-1920x1280.webp\" alt=\"\" width=\"1920\" height=\"1280\" srcset=\"https:\/\/d2p6e6u75xmxt8.cloudfront.net\/13\/2024\/10\/2024-10-13-15h31-51_Gaetan_Sportpic__-014-STOSEK-1920x1280.webp 1920w, https:\/\/d2p6e6u75xmxt8.cloudfront.net\/13\/2024\/10\/2024-10-13-15h31-51_Gaetan_Sportpic__-014-STOSEK-300x200.webp 300w, https:\/\/d2p6e6u75xmxt8.cloudfront.net\/13\/2024\/10\/2024-10-13-15h31-51_Gaetan_Sportpic__-014-STOSEK-1024x683.webp 1024w, https:\/\/d2p6e6u75xmxt8.cloudfront.net\/13\/2024\/10\/2024-10-13-15h31-51_Gaetan_Sportpic__-014-STOSEK-768x512.webp 768w, https:\/\/d2p6e6u75xmxt8.cloudfront.net\/13\/2024\/10\/2024-10-13-15h31-51_Gaetan_Sportpic__-014-STOSEK-1536x1024.webp 1536w, https:\/\/d2p6e6u75xmxt8.cloudfront.net\/13\/2024\/10\/2024-10-13-15h31-51_Gaetan_Sportpic__-014-STOSEK-2048x1365.webp 2048w, https:\/\/d2p6e6u75xmxt8.cloudfront.net\/13\/2024\/10\/2024-10-13-15h31-51_Gaetan_Sportpic__-014-STOSEK-400x267.webp 400w, https:\/\/d2p6e6u75xmxt8.cloudfront.net\/13\/2024\/10\/2024-10-13-15h31-51_Gaetan_Sportpic__-014-STOSEK-272x182.webp 272w, https:\/\/d2p6e6u75xmxt8.cloudfront.net\/13\/2024\/10\/2024-10-13-15h31-51_Gaetan_Sportpic__-014-STOSEK-1920x1280.webp 1920w\" sizes=\"auto, (max-width: 1920px) 100vw, 1920px\" \/><\/a><figcaption id=\"caption-attachment-27344\" class=\"wp-caption-text\"><em>Gravel p\u0159inesl v roce 2024 \u010desk\u00e9 cyklistice velikou radost v podob\u011b evropsk\u00e9ho zlata Martina Sto\u0161ka.<\/em><\/figcaption><\/figure>\n<h2><strong>BMX<\/strong><\/h2>\n<p>Sv\u011btov\u00fd poh\u00e1r pro BMX m\u00e1 \u00favodn\u00ed dv\u011b kola v pl\u00e1nu ve francouzsk\u00e9m Sarrians 14. a 15. \u010dervna. Kalend\u00e1\u0159 pak zahrnuje 3. a 4. kolo v nizozemsk\u00e9m Papendalu 21. a 22. \u010dervna, dal\u0161\u00ed dv\u011b d\u011bjstv\u00ed se uskute\u010dn\u00ed 20. a 21. z\u00e1\u0159\u00ed v Santiagu del Estero v Argentin\u011b. Mistrovstv\u00ed sv\u011bta bude hostit Koda\u0148 od 28. \u010dervence do 3. srpna 2025.<\/p>\n<h2><strong>Cyklokros<\/strong><\/h2>\n<p>Mistrovstv\u00ed sv\u011bta se uskute\u010dn\u00ed od 31. ledna do 2. \u00fanora 2025 ve francouzsk\u00e9m Lievinu.<\/p>\n","protected":false},"excerpt":{"rendered":"<p>Tour de France je nejv\u011bt\u0161\u00edm tah\u00e1kem sezony silni\u010dn\u00edch cyklist\u016f. Term\u00edn je u\u017e des\u00edtky let pevn\u011b zakotven\u00fd na \u010dervenec ka\u017ed\u00e9ho roku. [&hellip;]<\/p>\n","protected":false},"author":138,"featured_media":27455,"comment_status":"open","ping_status":"open","sticky":false,"template":"","format":"standard","meta":{"footnotes":""},"categories":[660],"tags":[3982,126,1004,2001,56,3980,9,23,3981],"global-categories":[411],"class_list":["post-27911","post","type-post","status-publish","format-standard","has-post-thumbnail","hentry","category-https-www-welovecycling-com-cs-category-zabava","tag-cyklisticky-kalendar-2025","tag-cyklistika","tag-drahova-cyklistika","tag-gravel","tag-horska-cyklistika","tag-kalendar-2025","tag-silnicni-cyklistika","tag-tour-de-france","tag-udalosti-roku-2025","global-categories-cycling"],"yoast_head":"<!-- This site is optimized with the Yoast SEO Premium plugin v25.3 (Yoast SEO v25.9) - https:\/\/yoast.com\/wordpress\/plugins\/seo\/ -->\n<title>Kalend\u00e1\u0159 nejd\u016fle\u017eit\u011bj\u0161\u00edch cyklistick\u00fdch ud\u00e1lost\u00ed 2025 | \u0160koda We Love Cycling - \u010cesk\u00e1 republika<\/title>\n<meta name=\"description\" content=\"Jak vypad\u00e1 kalend\u00e1\u0159 nejd\u016fle\u017eit\u011bj\u0161\u00edch cyklistick\u00fdch ud\u00e1lost\u00ed roku 2025? P\u0159ehled hlavn\u00edch z\u00e1vod\u016f nap\u0159\u00ed\u010d discipl\u00ednami...\" \/>\n<meta name=\"robots\" content=\"index, follow, max-snippet:-1, max-image-preview:large, max-video-preview:-1\" \/>\n<link rel=\"canonical\" href=\"https:\/\/www.welovecycling.com\/cs\/2025\/01\/03\/kalendar-nejdulezitejsich-cyklistickych-udalosti-2025\/\" \/>\n<meta property=\"og:locale\" content=\"cs_CZ\" \/>\n<meta property=\"og:type\" content=\"article\" \/>\n<meta property=\"og:title\" content=\"Kalend\u00e1\u0159 nejd\u016fle\u017eit\u011bj\u0161\u00edch cyklistick\u00fdch ud\u00e1lost\u00ed 2025\" \/>\n<meta property=\"og:description\" content=\"Jak vypad\u00e1 kalend\u00e1\u0159 nejd\u016fle\u017eit\u011bj\u0161\u00edch cyklistick\u00fdch ud\u00e1lost\u00ed roku 2025? P\u0159ehled hlavn\u00edch z\u00e1vod\u016f nap\u0159\u00ed\u010d discipl\u00ednami...\" \/>\n<meta property=\"og:url\" content=\"https:\/\/www.welovecycling.com\/cs\/2025\/01\/03\/kalendar-nejdulezitejsich-cyklistickych-udalosti-2025\/\" \/>\n<meta property=\"og:site_name\" content=\"\u0160koda We Love Cycling - \u010cesk\u00e1 republika\" \/>\n<meta property=\"article:published_time\" content=\"2025-01-03T02:00:08+00:00\" \/>\n<meta property=\"og:image\" content=\"https:\/\/d2p6e6u75xmxt8.cloudfront.net\/13\/2024\/10\/profimedia-0927782602.webp\" \/>\n\t<meta property=\"og:image:width\" content=\"1800\" \/>\n\t<meta property=\"og:image:height\" content=\"1200\" \/>\n\t<meta property=\"og:image:type\" content=\"image\/webp\" \/>\n<meta name=\"author\" content=\"radekmalina\" \/>\n<meta name=\"twitter:card\" content=\"summary_large_image\" \/>\n<meta name=\"twitter:label1\" content=\"Written by\" \/>\n\t<meta name=\"twitter:data1\" content=\"Radek Malina\" \/>\n\t<meta name=\"twitter:label2\" content=\"Est. reading time\" \/>\n\t<meta name=\"twitter:data2\" content=\"5\" \/>\n<script type=\"application\/ld+json\" class=\"yoast-schema-graph\">{\"@context\":\"https:\/\/schema.org\",\"@graph\":[{\"@type\":\"WebPage\",\"@id\":\"https:\/\/www.welovecycling.com\/cs\/2025\/01\/03\/kalendar-nejdulezitejsich-cyklistickych-udalosti-2025\/\",\"url\":\"https:\/\/www.welovecycling.com\/cs\/2025\/01\/03\/kalendar-nejdulezitejsich-cyklistickych-udalosti-2025\/\",\"name\":\"Kalend\u00e1\u0159 nejd\u016fle\u017eit\u011bj\u0161\u00edch cyklistick\u00fdch ud\u00e1lost\u00ed 2025 | \u0160koda We Love Cycling - \u010cesk\u00e1 republika\",\"isPartOf\":{\"@id\":\"https:\/\/www.welovecycling.com\/cs\/#website\"},\"primaryImageOfPage\":{\"@id\":\"https:\/\/www.welovecycling.com\/cs\/2025\/01\/03\/kalendar-nejdulezitejsich-cyklistickych-udalosti-2025\/#primaryimage\"},\"image\":{\"@id\":\"https:\/\/www.welovecycling.com\/cs\/2025\/01\/03\/kalendar-nejdulezitejsich-cyklistickych-udalosti-2025\/#primaryimage\"},\"thumbnailUrl\":\"https:\/\/d2p6e6u75xmxt8.cloudfront.net\/13\/2024\/10\/profimedia-0927782602.webp\",\"datePublished\":\"2025-01-03T02:00:08+00:00\",\"author\":{\"@id\":\"https:\/\/www.welovecycling.com\/cs\/#\/schema\/person\/d9eeb0a378f3a7e4a6d12d2b536b04b8\"},\"description\":\"Jak vypad\u00e1 kalend\u00e1\u0159 nejd\u016fle\u017eit\u011bj\u0161\u00edch cyklistick\u00fdch ud\u00e1lost\u00ed roku 2025? P\u0159ehled hlavn\u00edch z\u00e1vod\u016f nap\u0159\u00ed\u010d discipl\u00ednami...\",\"inLanguage\":\"cs\",\"potentialAction\":[{\"@type\":\"ReadAction\",\"target\":[\"https:\/\/www.welovecycling.com\/cs\/2025\/01\/03\/kalendar-nejdulezitejsich-cyklistickych-udalosti-2025\/\"]}]},{\"@type\":\"ImageObject\",\"inLanguage\":\"cs\",\"@id\":\"https:\/\/www.welovecycling.com\/cs\/2025\/01\/03\/kalendar-nejdulezitejsich-cyklistickych-udalosti-2025\/#primaryimage\",\"url\":\"https:\/\/d2p6e6u75xmxt8.cloudfront.net\/13\/2024\/10\/profimedia-0927782602.webp\",\"contentUrl\":\"https:\/\/d2p6e6u75xmxt8.cloudfront.net\/13\/2024\/10\/profimedia-0927782602.webp\",\"width\":1800,\"height\":1200,\"caption\":\"Kalend\u00e1\u0159 2025: Tour de France 2025\"},{\"@type\":\"WebSite\",\"@id\":\"https:\/\/www.welovecycling.com\/cs\/#website\",\"url\":\"https:\/\/www.welovecycling.com\/cs\/\",\"name\":\"\u0160koda We Love Cycling - \u010cesk\u00e1 republika\",\"description\":\"WeLoveCycling.cz je online magaz\u00edn, kter\u00fd v\u00e1m pravideln\u011b p\u0159in\u00e1\u0161\u00ed rady a tipy, zaj\u00edmav\u00e9 \u010dl\u00e1nky, videa a jedine\u010dn\u00e9 report\u00e1\u017ee ze sv\u011bta cyklistiky.\",\"potentialAction\":[{\"@type\":\"SearchAction\",\"target\":{\"@type\":\"EntryPoint\",\"urlTemplate\":\"https:\/\/www.welovecycling.com\/cs\/?s={search_term_string}\"},\"query-input\":{\"@type\":\"PropertyValueSpecification\",\"valueRequired\":true,\"valueName\":\"search_term_string\"}}],\"inLanguage\":\"cs\"},{\"@type\":\"Person\",\"@id\":\"https:\/\/www.welovecycling.com\/cs\/#\/schema\/person\/d9eeb0a378f3a7e4a6d12d2b536b04b8\",\"name\":\"radekmalina\",\"image\":{\"@type\":\"ImageObject\",\"inLanguage\":\"cs\",\"@id\":\"https:\/\/www.welovecycling.com\/cs\/#\/schema\/person\/image\/\",\"url\":\"https:\/\/secure.gravatar.com\/avatar\/66994b632cb8c39a46b9f54afa3ae07201b678d32a54275b6f1c9ffec356bfc0?s=96&d=mm&r=g\",\"contentUrl\":\"https:\/\/secure.gravatar.com\/avatar\/66994b632cb8c39a46b9f54afa3ae07201b678d32a54275b6f1c9ffec356bfc0?s=96&d=mm&r=g\",\"caption\":\"radekmalina\"},\"url\":\"https:\/\/www.welovecycling.com\/cs\/author\/radekmalina\/\"}]}<\/script>\n<!-- \/ Yoast SEO Premium plugin. -->","yoast_head_json":{"title":"Kalend\u00e1\u0159 nejd\u016fle\u017eit\u011bj\u0161\u00edch cyklistick\u00fdch ud\u00e1lost\u00ed 2025 | \u0160koda We Love Cycling - \u010cesk\u00e1 republika","description":"Jak vypad\u00e1 kalend\u00e1\u0159 nejd\u016fle\u017eit\u011bj\u0161\u00edch cyklistick\u00fdch ud\u00e1lost\u00ed roku 2025? P\u0159ehled hlavn\u00edch z\u00e1vod\u016f nap\u0159\u00ed\u010d discipl\u00ednami...","robots":{"index":"index","follow":"follow","max-snippet":"max-snippet:-1","max-image-preview":"max-image-preview:large","max-video-preview":"max-video-preview:-1"},"canonical":"https:\/\/www.welovecycling.com\/cs\/2025\/01\/03\/kalendar-nejdulezitejsich-cyklistickych-udalosti-2025\/","og_locale":"cs_CZ","og_type":"article","og_title":"Kalend\u00e1\u0159 nejd\u016fle\u017eit\u011bj\u0161\u00edch cyklistick\u00fdch ud\u00e1lost\u00ed 2025","og_description":"Jak vypad\u00e1 kalend\u00e1\u0159 nejd\u016fle\u017eit\u011bj\u0161\u00edch cyklistick\u00fdch ud\u00e1lost\u00ed roku 2025? P\u0159ehled hlavn\u00edch z\u00e1vod\u016f nap\u0159\u00ed\u010d discipl\u00ednami...","og_url":"https:\/\/www.welovecycling.com\/cs\/2025\/01\/03\/kalendar-nejdulezitejsich-cyklistickych-udalosti-2025\/","og_site_name":"\u0160koda We Love Cycling - \u010cesk\u00e1 republika","article_published_time":"2025-01-03T02:00:08+00:00","og_image":[{"width":1800,"height":1200,"url":"https:\/\/d2p6e6u75xmxt8.cloudfront.net\/13\/2024\/10\/profimedia-0927782602.webp","type":"image\/webp"}],"author":"radekmalina","twitter_card":"summary_large_image","twitter_misc":{"Written by":"Radek Malina","Est. reading time":"5"},"schema":{"@context":"https:\/\/schema.org","@graph":[{"@type":"WebPage","@id":"https:\/\/www.welovecycling.com\/cs\/2025\/01\/03\/kalendar-nejdulezitejsich-cyklistickych-udalosti-2025\/","url":"https:\/\/www.welovecycling.com\/cs\/2025\/01\/03\/kalendar-nejdulezitejsich-cyklistickych-udalosti-2025\/","name":"Kalend\u00e1\u0159 nejd\u016fle\u017eit\u011bj\u0161\u00edch cyklistick\u00fdch ud\u00e1lost\u00ed 2025 | \u0160koda We Love Cycling - \u010cesk\u00e1 republika","isPartOf":{"@id":"https:\/\/www.welovecycling.com\/cs\/#website"},"primaryImageOfPage":{"@id":"https:\/\/www.welovecycling.com\/cs\/2025\/01\/03\/kalendar-nejdulezitejsich-cyklistickych-udalosti-2025\/#primaryimage"},"image":{"@id":"https:\/\/www.welovecycling.com\/cs\/2025\/01\/03\/kalendar-nejdulezitejsich-cyklistickych-udalosti-2025\/#primaryimage"},"thumbnailUrl":"https:\/\/d2p6e6u75xmxt8.cloudfront.net\/13\/2024\/10\/profimedia-0927782602.webp","datePublished":"2025-01-03T02:00:08+00:00","author":{"@id":"https:\/\/www.welovecycling.com\/cs\/#\/schema\/person\/d9eeb0a378f3a7e4a6d12d2b536b04b8"},"description":"Jak vypad\u00e1 kalend\u00e1\u0159 nejd\u016fle\u017eit\u011bj\u0161\u00edch cyklistick\u00fdch ud\u00e1lost\u00ed roku 2025? P\u0159ehled hlavn\u00edch z\u00e1vod\u016f nap\u0159\u00ed\u010d discipl\u00ednami...","inLanguage":"cs","potentialAction":[{"@type":"ReadAction","target":["https:\/\/www.welovecycling.com\/cs\/2025\/01\/03\/kalendar-nejdulezitejsich-cyklistickych-udalosti-2025\/"]}]},{"@type":"ImageObject","inLanguage":"cs","@id":"https:\/\/www.welovecycling.com\/cs\/2025\/01\/03\/kalendar-nejdulezitejsich-cyklistickych-udalosti-2025\/#primaryimage","url":"https:\/\/d2p6e6u75xmxt8.cloudfront.net\/13\/2024\/10\/profimedia-0927782602.webp","contentUrl":"https:\/\/d2p6e6u75xmxt8.cloudfront.net\/13\/2024\/10\/profimedia-0927782602.webp","width":1800,"height":1200,"caption":"Kalend\u00e1\u0159 2025: Tour de France 2025"},{"@type":"WebSite","@id":"https:\/\/www.welovecycling.com\/cs\/#website","url":"https:\/\/www.welovecycling.com\/cs\/","name":"\u0160koda We Love Cycling - \u010cesk\u00e1 republika","description":"WeLoveCycling.cz je online magaz\u00edn, kter\u00fd v\u00e1m pravideln\u011b p\u0159in\u00e1\u0161\u00ed rady a tipy, zaj\u00edmav\u00e9 \u010dl\u00e1nky, videa a jedine\u010dn\u00e9 report\u00e1\u017ee ze sv\u011bta cyklistiky.","potentialAction":[{"@type":"SearchAction","target":{"@type":"EntryPoint","urlTemplate":"https:\/\/www.welovecycling.com\/cs\/?s={search_term_string}"},"query-input":{"@type":"PropertyValueSpecification","valueRequired":true,"valueName":"search_term_string"}}],"inLanguage":"cs"},{"@type":"Person","@id":"https:\/\/www.welovecycling.com\/cs\/#\/schema\/person\/d9eeb0a378f3a7e4a6d12d2b536b04b8","name":"radekmalina","image":{"@type":"ImageObject","inLanguage":"cs","@id":"https:\/\/www.welovecycling.com\/cs\/#\/schema\/person\/image\/","url":"https:\/\/secure.gravatar.com\/avatar\/66994b632cb8c39a46b9f54afa3ae07201b678d32a54275b6f1c9ffec356bfc0?s=96&d=mm&r=g","contentUrl":"https:\/\/secure.gravatar.com\/avatar\/66994b632cb8c39a46b9f54afa3ae07201b678d32a54275b6f1c9ffec356bfc0?s=96&d=mm&r=g","caption":"radekmalina"},"url":"https:\/\/www.welovecycling.com\/cs\/author\/radekmalina\/"}]}},"_links":{"self":[{"href":"https:\/\/www.welovecycling.com\/cs\/wp-json\/wp\/v2\/posts\/27911","targetHints":{"allow":["GET"]}}],"collection":[{"href":"https:\/\/www.welovecycling.com\/cs\/wp-json\/wp\/v2\/posts"}],"about":[{"href":"https:\/\/www.welovecycling.com\/cs\/wp-json\/wp\/v2\/types\/post"}],"author":[{"embeddable":true,"href":"https:\/\/www.welovecycling.com\/cs\/wp-json\/wp\/v2\/users\/138"}],"replies":[{"embeddable":true,"href":"https:\/\/www.welovecycling.com\/cs\/wp-json\/wp\/v2\/comments?post=27911"}],"version-history":[{"count":3,"href":"https:\/\/www.welovecycling.com\/cs\/wp-json\/wp\/v2\/posts\/27911\/revisions"}],"predecessor-version":[{"id":27914,"href":"https:\/\/www.welovecycling.com\/cs\/wp-json\/wp\/v2\/posts\/27911\/revisions\/27914"}],"wp:featuredmedia":[{"embeddable":true,"href":"https:\/\/www.welovecycling.com\/cs\/wp-json\/wp\/v2\/media\/27455"}],"wp:attachment":[{"href":"https:\/\/www.welovecycling.com\/cs\/wp-json\/wp\/v2\/media?parent=27911"}],"wp:term":[{"taxonomy":"category","embeddable":true,"href":"https:\/\/www.welovecycling.com\/cs\/wp-json\/wp\/v2\/categories?post=27911"},{"taxonomy":"post_tag","embeddable":true,"href":"https:\/\/www.welovecycling.com\/cs\/wp-json\/wp\/v2\/tags?post=27911"},{"taxonomy":"global-categories","embeddable":true,"href":"https:\/\/www.welovecycling.com\/cs\/wp-json\/wp\/v2\/global-categories?post=27911"}],"curies":[{"name":"wp","href":"https:\/\/api.w.org\/{rel}","templated":true}]}}