{"id":27788,"date":"2024-12-06T18:33:20","date_gmt":"2024-12-06T16:33:20","guid":{"rendered":"https:\/\/www.welovecycling.com\/cs\/?p=27788"},"modified":"2024-12-07T08:01:10","modified_gmt":"2024-12-07T06:01:10","slug":"tip-na-jarni-soustredeni-mesto-plazi-ceka-na-objeveni-druhe-tvare","status":"publish","type":"post","link":"https:\/\/www.welovecycling.com\/cs\/2024\/12\/06\/tip-na-jarni-soustredeni-mesto-plazi-ceka-na-objeveni-druhe-tvare\/","title":{"rendered":"Tip na soust\u0159ed\u011bn\u00ed: M\u011bsto pl\u00e1\u017e\u00ed \u010dek\u00e1 na objeven\u00ed druh\u00e9 tv\u00e1\u0159e"},"content":{"rendered":"<p><strong>\u00dachvatn\u00e1 oblast vhodn\u00e1 pro cyklistiku! P\u0159esn\u011b to je m\u011bsto Rimini a jeho okol\u00ed, kam ka\u017edoro\u010dn\u011b m\u00ed\u0159\u00ed tis\u00edce \u010cech\u016f. Av\u0161ak jen vz\u00e1cn\u011b za cyklistick\u00fdmi radov\u00e1nkami, v\u011bt\u0161inou jde o letn\u00ed dovolenou. Ruku na srdce, kdo v lokalit\u011b spadaj\u00edc\u00ed pod oblast Emiglia Romagna hled\u00e1 cyklistick\u00fd r\u00e1j?<\/strong><\/p>\n<p>\u0160irok\u00e9 pl\u00e1\u017ee, diskot\u00e9ky, hotely jako p\u0159es kop\u00edr\u00e1k, m\u011blk\u00e9 mo\u0159e vhodn\u00e9 pro rodiny s d\u011btmi. Tyhle p\u0159edsudky ho\u010fte za hlavu. Objevili jsme pro v\u00e1s zcela jin\u00e9 Rimini.<\/p>\n<p>Rimini, kter\u00e9 je vhodn\u00e9 jako ide\u00e1ln\u00ed m\u00edsto pro z\u00e1kladn\u00ed t\u00e1bor pro jarn\u00ed \u010di podzimn\u00ed soust\u0159ed\u011bn\u00ed v sedle kola. A budete ohromeni. Impozantn\u00ed st\u0159edov\u011bk\u00e9 pevnosti, \u00fachvatn\u00e9 h\u0159ebeny, \u010darovn\u00e9 vesni\u010dky, farn\u00ed stavby, kl\u00e1\u0161tery, kr\u00e1sn\u00e9 vinice a zem\u011bd\u011blsk\u00e9 usedlosti, kde m\u016f\u017eete za drobn\u00fd poplatek u\u017e\u00edvat ob\u010derstven\u00ed m\u00edstn\u00edmi dobrotami, z nich\u017e bude va\u0161e mysl tot\u00e1ln\u011b vyvedena z m\u00edry.<\/p>\n<h2><strong>Rimini a okol\u00ed nab\u00edz\u00ed roviny i n\u00e1ro\u010dn\u00e1 stoup\u00e1n\u00ed<\/strong><\/h2>\n<p>A \u017ee je to p\u0159\u00edmo\u0159sk\u00e1 oblast, kde budete bojovat maxim\u00e1ln\u011b s v\u011btrem, nikoliv kopci. Velk\u00fd m\u00fdlka! Od mo\u0159e vyjedete za p\u00e1r minut do kopc\u016f. Na trase dlouh\u00e9 sto kilometr\u016f snadno v p\u0159\u00edpad\u011b chuti nasb\u00edr\u00e1te t\u00e9m\u011b\u0159 dva tis\u00edce v\u00fd\u0161kov\u00fdch metr\u016f. A kdy\u017e p\u00e1r des\u00edtek kilometr\u016f na okruhu p\u0159id\u00e1te, dostanete se i k \u010d\u00edseln\u00e9mu sou\u010dtu za\u010d\u00ednaj\u00edc\u00edmu trojkou.<\/p>\n<p>Oblast Rimini je doslova protk\u00e1na cyklostezkami a mnoha zna\u010den\u00fdmi cyklistick\u00fdmi trasami. Jsou ur\u010den\u00fd pohod\u00e1\u0159\u016fm, co rozhodn\u011b nehon\u00ed kilometry. Amat\u00e9r\u016fm, kte\u0159\u00ed cht\u011bj\u00ed budovat kondici. Ale potkat zde m\u016f\u017eete i profesion\u00e1ly vyu\u017e\u00edvaj\u00edc\u00ed p\u0159\u00edzniv\u00e9ho klimatu v kombinaci s rozmanit\u00fdm ter\u00e9nem nab\u00edzej\u00edc\u00edm roviny stejn\u011b jako n\u00e1ro\u010dn\u00e1 stoup\u00e1n\u00ed. Nen\u00ed pochyb, \u017ee tohle je lokalita, kter\u00e1 stoj\u00ed za prozkoum\u00e1n\u00ed ze sedla. V\u017edy\u0165 pr\u00e1v\u011b tady se odehr\u00e1vala \u010d\u00e1st \u00favodn\u00edch d\u011bjstv\u00ed Tour de France 2024.<\/p>\n<figure id=\"attachment_27792\" aria-describedby=\"caption-attachment-27792\" style=\"width: 1281px\" class=\"wp-caption alignnone\"><a href=\"https:\/\/d2p6e6u75xmxt8.cloudfront.net\/13\/2024\/12\/1V3A4810.webp\"><img loading=\"lazy\" decoding=\"async\" class=\"size-extra-large wp-image-27792\" src=\"https:\/\/d2p6e6u75xmxt8.cloudfront.net\/13\/2024\/12\/1V3A4810-1281x1920.webp\" alt=\"\" width=\"1281\" height=\"1920\" srcset=\"https:\/\/d2p6e6u75xmxt8.cloudfront.net\/13\/2024\/12\/1V3A4810-1281x1920.webp 1281w, https:\/\/d2p6e6u75xmxt8.cloudfront.net\/13\/2024\/12\/1V3A4810-200x300.webp 200w, https:\/\/d2p6e6u75xmxt8.cloudfront.net\/13\/2024\/12\/1V3A4810-683x1024.webp 683w, https:\/\/d2p6e6u75xmxt8.cloudfront.net\/13\/2024\/12\/1V3A4810-768x1151.webp 768w, https:\/\/d2p6e6u75xmxt8.cloudfront.net\/13\/2024\/12\/1V3A4810-1025x1536.webp 1025w, https:\/\/d2p6e6u75xmxt8.cloudfront.net\/13\/2024\/12\/1V3A4810-267x400.webp 267w, https:\/\/d2p6e6u75xmxt8.cloudfront.net\/13\/2024\/12\/1V3A4810.webp 1320w, https:\/\/d2p6e6u75xmxt8.cloudfront.net\/13\/2024\/12\/1V3A4810-1281x1920.webp 1281w\" sizes=\"auto, (max-width: 1281px) 100vw, 1281px\" \/><\/a><figcaption id=\"caption-attachment-27792\" class=\"wp-caption-text\"><em>Rimini m\u016f\u017ee poslou\u017eit jako z\u00e1kladna pro skv\u011bl\u00e9 jarn\u00ed \u010di podzimn\u00ed cyklistick\u00e9 soust\u0159ed\u011bn\u00ed.<\/em><\/figcaption><\/figure>\n<p>V \u00fadol\u00edch \u0159ek Conca a Marecchia m\u016f\u017eete t\u011blu dop\u0159\u00e1t po\u0159\u00e1dnou n\u00e1lo\u017e fyzick\u00e9ho drilu a p\u0159itom se budete kochat v\u00fdhledem na Jadersk\u00e9 mo\u0159e. Oblast je protk\u00e1na cesti\u010dkami kolem \u00fachvatn\u00fdch pevnost\u00ed, kter\u00e9 p\u0159ipom\u00ednaj\u00ed d\u00e1vnou a bou\u0159livou minulost cel\u00e9 lokality. V sedle kola m\u016f\u017eete objevovat vzne\u0161en\u00e9 pal\u00e1ce, mal\u00e1 n\u00e1m\u011bst\u00ed\u010dka v zapadl\u00fdch m\u011bste\u010dk\u00e1ch nebo se prost\u011b jen potulovat venkovem. Z\u00e1le\u017e\u00ed, jak\u00e9mu druhu cyklistiky nejv\u00edce holdujete, proto\u017ee na sv\u00e9 si zde p\u0159ijdou milovn\u00edci silni\u010dn\u00ed cyklistiky, gravel kol i p\u0159\u00edznivce MTB.<\/p>\n<div class=\"shortcode-ys-post-pinup\"><article class=\"loop-simple post-27741 post type-post status-publish format-standard has-post-thumbnail hentry category-tour-de-france tag-bankrot tag-bradley-wiggins tag-cyklistika tag-dusevni-problemy tag-lance-armstrong tag-silnicni-cyklistika tag-tour-de-france tag-zdravi-a-trenink global-categories-cycling\" data-postid=\"27741\" role=\"article\" data-post-id=\"27741\" data-word-count=\"430\" data-headline-length=\"96\" data-category=\"Tour de France\" data-global-category=\"Cycling\" data-author=\"We Love Cycling\" data-published=\"2024-12-03T00:10:02+02:00\" data-published-day=\"Tuesday\">\n    <div class=\"entry-thumbnail article-thumbnail\" content=\"https:\/\/d2p6e6u75xmxt8.cloudfront.net\/13\/2024\/12\/profimedia-0754596905-150x150.webp\"><a href=\"https:\/\/www.welovecycling.com\/cs\/2024\/12\/03\/bradley-wiggins-mel-jsem-sebedestruktivni-myslenky-kdo-po-bankrotu-nabidl-uhrazeni-terapie\/\" class=\"image-holder\" target=\"_self\"><img decoding=\"async\" loading=\"lazy\" class=\"\" src=\"https:\/\/d2p6e6u75xmxt8.cloudfront.net\/13\/2024\/12\/profimedia-0754596905-1024x757.webp\" srcset=\"https:\/\/d2p6e6u75xmxt8.cloudfront.net\/13\/2024\/12\/profimedia-0754596905.webp 1800w, https:\/\/d2p6e6u75xmxt8.cloudfront.net\/13\/2024\/12\/profimedia-0754596905-300x222.webp 300w, https:\/\/d2p6e6u75xmxt8.cloudfront.net\/13\/2024\/12\/profimedia-0754596905-1024x757.webp 1024w, https:\/\/d2p6e6u75xmxt8.cloudfront.net\/13\/2024\/12\/profimedia-0754596905-768x567.webp 768w, https:\/\/d2p6e6u75xmxt8.cloudfront.net\/13\/2024\/12\/profimedia-0754596905-1536x1135.webp 1536w, https:\/\/d2p6e6u75xmxt8.cloudfront.net\/13\/2024\/12\/profimedia-0754596905-400x296.webp 400w\" width=\"1024\" height=\"757\" sizes=\"auto, (min-width: 1200px) 300px, (min-width: 768px) 25vw, 100vw\" alt=\"bradley-wiggins-mel-jsem-sebedestruktivni-myslenky-kdo-po-bankrotu-nabidl-uhrazeni-terapie\"\/><\/a><\/div>    <div class=\"entry-meta\">\n        <a class=\"label label-secondary post-category\" href=\"https:\/\/www.welovecycling.com\/cs\/category\/tour-de-france\/\" title=\"Tour de France\">Tour de France<\/a>\n    <\/div>\n    <div class=\"entry-details\">\n        <a href=\"https:\/\/www.welovecycling.com\/cs\/2024\/12\/03\/bradley-wiggins-mel-jsem-sebedestruktivni-myslenky-kdo-po-bankrotu-nabidl-uhrazeni-terapie\/\" class='entry-title-wrapper'>\n            <h3 class=\"entry-title\"><span>Bradley Wiggins: M\u011bl jsem sebedestruktivn\u00ed my\u0161lenky! Kdo po bankrotu nab\u00eddl \u00fahradu terapie?<\/span><\/h3>\n        <\/a>\n    <\/div>\n    <\/article>\n<\/div>\n<p>V\u0161ak pr\u00e1v\u011b zde &#8211; p\u0159esn\u011bji na okruhu Marca Simoncelliho v Misanu &#8211; se kon\u00e1 Italian Bike Festival dramaticky p\u0159esahuj\u00edc\u00ed hranice zem\u011b pod Apeninami. Jde o mezin\u00e1rodn\u00ed cyklistickou show, kter\u00e1 odstartovala v roce 2018 a od t\u00e9 doby p\u0159itahuje pozornost evropsk\u00e9ho trhu.<\/p>\n<p><a href=\"https:\/\/d2p6e6u75xmxt8.cloudfront.net\/13\/2024\/12\/1V3A4215.webp\"><img loading=\"lazy\" decoding=\"async\" class=\"alignnone size-extra-large wp-image-27790\" src=\"https:\/\/d2p6e6u75xmxt8.cloudfront.net\/13\/2024\/12\/1V3A4215-1920x1281.webp\" alt=\"\" width=\"1920\" height=\"1281\" srcset=\"https:\/\/d2p6e6u75xmxt8.cloudfront.net\/13\/2024\/12\/1V3A4215-1920x1281.webp 1920w, https:\/\/d2p6e6u75xmxt8.cloudfront.net\/13\/2024\/12\/1V3A4215-300x200.webp 300w, https:\/\/d2p6e6u75xmxt8.cloudfront.net\/13\/2024\/12\/1V3A4215-1024x683.webp 1024w, https:\/\/d2p6e6u75xmxt8.cloudfront.net\/13\/2024\/12\/1V3A4215-768x512.webp 768w, https:\/\/d2p6e6u75xmxt8.cloudfront.net\/13\/2024\/12\/1V3A4215-1536x1025.webp 1536w, https:\/\/d2p6e6u75xmxt8.cloudfront.net\/13\/2024\/12\/1V3A4215-400x267.webp 400w, https:\/\/d2p6e6u75xmxt8.cloudfront.net\/13\/2024\/12\/1V3A4215-272x182.webp 272w, https:\/\/d2p6e6u75xmxt8.cloudfront.net\/13\/2024\/12\/1V3A4215.webp 1980w, https:\/\/d2p6e6u75xmxt8.cloudfront.net\/13\/2024\/12\/1V3A4215-1920x1281.webp 1920w\" sizes=\"auto, (max-width: 1920px) 100vw, 1920px\" \/><\/a><\/p>\n<p>T\u0159i dny, b\u011bhem nich\u017e se p\u0159edstavuje p\u0159es \u0161est set zna\u010dek. \u017d\u00e1dn\u00e1 z t\u011bch v\u011bhlasn\u00fdch si nedovol\u00ed chyb\u011bt. Pr\u00e1v\u011b zde jsou prezentov\u00e1ny nov\u00e9 trendy a inovace. Nechyb\u00ed workshopy zam\u011b\u0159en\u00e9 na cykloturistiku. K tomu mo\u017enost testov\u00e1n\u00ed kol nap\u0159\u00ed\u010d segmenty od silni\u010dn\u00edch po downhillov\u00e9 speci\u00e1ly. Z\u00e1vody pro nejmen\u0161\u00ed, ale i ty zku\u0161en\u00e9.<\/p>\n<h2><strong>La Gialla Cycling je v\u00edc ne\u017e z\u00e1vod, jde o gastro z\u00e1\u017eitky<\/strong><\/h2>\n<p>V Misanu startuje v r\u00e1mci podzimn\u00edho festivalu akce <a href=\"https:\/\/giallacycling.com\/en\/\">La Gialla Cycling<\/a>. Z\u00e1vod vypsan\u00fd pro silni\u010dn\u00ed i gravel kola. Po obkrou\u017een\u00ed dr\u00e1hy vybudovan\u00e9 v roce 1969 dlouh\u00e9 4226 metr\u016f m\u00ed\u0159\u00ed cyklist\u00e9 t\u0159eba do Montefiore Conca, co\u017e je jedna z nejv\u00edce zachoval\u00fdch a fascinuj\u00edc\u00edch vesnic panstv\u00ed Malatesta. \u00da\u010dastn\u00edk\u016fm se naskytne fascinuj\u00edc\u00ed v\u00fdhled na pob\u0159e\u017e\u00ed a cel\u00e9 \u00fadol\u00ed. Dal\u0161\u00edm kl\u00ed\u010dov\u00fdm bodem z\u00e1vodu je pak Mondaino, starobyl\u00e9 st\u0159edov\u011bk\u00e9 m\u011bste\u010dko s jedn\u00edm z nejunik\u00e1tn\u011bj\u0161\u00edch n\u00e1m\u011bst\u00ed v oblasti Rimini se sv\u00fdm p\u016flkruhov\u00fdm tvarem &#8211; Piazza Maggiore.<\/p>\n<p><a href=\"https:\/\/d2p6e6u75xmxt8.cloudfront.net\/13\/2024\/12\/LaGialla23_LaGiallaGF_strada.webp\"><img loading=\"lazy\" decoding=\"async\" class=\"alignnone size-full wp-image-27793\" src=\"https:\/\/d2p6e6u75xmxt8.cloudfront.net\/13\/2024\/12\/LaGialla23_LaGiallaGF_strada.webp\" alt=\"\" width=\"1801\" height=\"1200\" srcset=\"https:\/\/d2p6e6u75xmxt8.cloudfront.net\/13\/2024\/12\/LaGialla23_LaGiallaGF_strada.webp 1801w, https:\/\/d2p6e6u75xmxt8.cloudfront.net\/13\/2024\/12\/LaGialla23_LaGiallaGF_strada-300x200.webp 300w, https:\/\/d2p6e6u75xmxt8.cloudfront.net\/13\/2024\/12\/LaGialla23_LaGiallaGF_strada-1024x682.webp 1024w, https:\/\/d2p6e6u75xmxt8.cloudfront.net\/13\/2024\/12\/LaGialla23_LaGiallaGF_strada-768x512.webp 768w, https:\/\/d2p6e6u75xmxt8.cloudfront.net\/13\/2024\/12\/LaGialla23_LaGiallaGF_strada-1536x1023.webp 1536w, https:\/\/d2p6e6u75xmxt8.cloudfront.net\/13\/2024\/12\/LaGialla23_LaGiallaGF_strada-400x267.webp 400w, https:\/\/d2p6e6u75xmxt8.cloudfront.net\/13\/2024\/12\/LaGialla23_LaGiallaGF_strada-272x182.webp 272w\" sizes=\"auto, (max-width: 1801px) 100vw, 1801px\" \/><\/a><\/p>\n<p>Z\u00e1vod je sp\u00ed\u0161e objevov\u00e1n\u00edm oblasti a zdej\u0161\u00edch gastronomick\u00fdch zvl\u00e1\u0161tnost\u00ed, p\u0159i\u010dem\u017e na ob\u010derstvovac\u00edch stanic\u00edch si m\u016f\u017eete vychutnat delikatesy oblasti jako je piadina, pe\u010den\u00e9 sardinky a m\u00edstn\u00ed pivo \u010di v\u00edno, mezi nimi\u017e vynik\u00e1 odr\u016fda p\u0159ipravovan\u00e1 v betonov\u00fdch sudech podle historick\u00e9 tradice.<\/p>\n<div class=\"shortcode-ys-post-pinup\"><article class=\"loop-simple post-27402 post type-post status-publish format-standard has-post-thumbnail hentry category-silnicni-cyklistika tag-cyklistika tag-eddy-merckx tag-jonas-vingegaard tag-motivace tag-rekordy tag-silnicni-cyklistika tag-tadej-pogacar tag-tour-de-france global-categories-cycling\" data-postid=\"27402\" role=\"article\" data-post-id=\"27402\" data-word-count=\"381\" data-headline-length=\"84\" data-category=\"Silni\u010dn\u00ed cyklistika\" data-global-category=\"Cycling\" data-author=\"We Love Cycling\" data-published=\"2024-10-22T04:20:20+02:00\" data-published-day=\"Tuesday\">\n    <div class=\"entry-thumbnail article-thumbnail\" content=\"https:\/\/d2p6e6u75xmxt8.cloudfront.net\/13\/2024\/07\/profimedia-0890928696-150x150.webp\"><a href=\"https:\/\/www.welovecycling.com\/cs\/2024\/10\/22\/vingegaard-sam-si-za-to-muze-rika-tadej-pogacar-o-nove-urovni-vykonnosti\/\" class=\"image-holder\" target=\"_self\"><img decoding=\"async\" loading=\"lazy\" class=\"\" src=\"https:\/\/d2p6e6u75xmxt8.cloudfront.net\/13\/2024\/07\/profimedia-0890928696-1024x683.webp\" srcset=\"https:\/\/d2p6e6u75xmxt8.cloudfront.net\/13\/2024\/07\/profimedia-0890928696.webp 1800w, https:\/\/d2p6e6u75xmxt8.cloudfront.net\/13\/2024\/07\/profimedia-0890928696-300x200.webp 300w, https:\/\/d2p6e6u75xmxt8.cloudfront.net\/13\/2024\/07\/profimedia-0890928696-1024x683.webp 1024w, https:\/\/d2p6e6u75xmxt8.cloudfront.net\/13\/2024\/07\/profimedia-0890928696-768x512.webp 768w, https:\/\/d2p6e6u75xmxt8.cloudfront.net\/13\/2024\/07\/profimedia-0890928696-1536x1024.webp 1536w, https:\/\/d2p6e6u75xmxt8.cloudfront.net\/13\/2024\/07\/profimedia-0890928696-400x267.webp 400w, https:\/\/d2p6e6u75xmxt8.cloudfront.net\/13\/2024\/07\/profimedia-0890928696-272x182.webp 272w\" width=\"1024\" height=\"683\" sizes=\"auto, (min-width: 1200px) 300px, (min-width: 768px) 25vw, 100vw\" alt=\"vingegaard-sam-si-za-to-muze-rika-tadej-pogacar-o-nove-urovni-vykonnosti\"\/><\/a><\/div>    <div class=\"entry-meta\">\n        <a class=\"label label-secondary post-category\" href=\"https:\/\/www.welovecycling.com\/cs\/category\/silnicni-cyklistika\/\" title=\"Silni\u010dn\u00ed cyklistika\">Silni\u010dn\u00ed cyklistika<\/a>\n    <\/div>\n    <div class=\"entry-details\">\n        <a href=\"https:\/\/www.welovecycling.com\/cs\/2024\/10\/22\/vingegaard-sam-si-za-to-muze-rika-tadej-pogacar-o-nove-urovni-vykonnosti\/\" class='entry-title-wrapper'>\n            <h3 class=\"entry-title\"><span>Vingegaard? S\u00e1m si za to m\u016f\u017ee, \u0159\u00edk\u00e1 Tadej Poga\u010dar o nov\u00e9 \u00farovni v\u00fdkonnosti<\/span><\/h3>\n        <\/a>\n    <\/div>\n    <\/article>\n<\/div>\n<p>Prakticky na ka\u017ed\u00e9m kilometru je \u010dlov\u011bk na dosah historie a italsk\u00e9 l\u00e1sce k cyklistice. Fausto Coppi, Felice Gimondi, Fiorenzo Magni, Alfredo Binda, Gino Bartali\u2026 Italov\u00e9 jsou na svoji v\u00fdznamnou stopu ve sv\u011bt\u011b cyklistiky n\u00e1le\u017eit\u011b hrd\u00ed. V\u017edy\u0165 amat\u00e9rsk\u00e9 z\u00e1vody maj\u00ed v zemi snad stejn\u011b dlouhou historii jako je kolo samo. Nav\u00edc pr\u00e1v\u011b Emiglia Romagna a lokalita kolem Rimini byly domovem <a href=\"https:\/\/www.welovecycling.com\/cs\/2023\/11\/06\/legenda-ktere-smrt-pridala-na-popularite\/\">Marka Pantaniho<\/a>, dal\u0161\u00ed legendy na dvou kolech.<\/p>\n<figure id=\"attachment_24032\" aria-describedby=\"caption-attachment-24032\" style=\"width: 1920px\" class=\"wp-caption alignnone\"><a href=\"https:\/\/d2p6e6u75xmxt8.cloudfront.net\/13\/2023\/11\/emilia-romagna-3-scaled.webp\"><img loading=\"lazy\" decoding=\"async\" class=\"size-extra-large wp-image-24032\" src=\"https:\/\/d2p6e6u75xmxt8.cloudfront.net\/13\/2023\/11\/emilia-romagna-3-1920x1280.webp\" alt=\"Emilia Romagna Marco Pantani\" width=\"1920\" height=\"1280\" srcset=\"https:\/\/d2p6e6u75xmxt8.cloudfront.net\/13\/2023\/11\/emilia-romagna-3-1920x1280.webp 1920w, https:\/\/d2p6e6u75xmxt8.cloudfront.net\/13\/2023\/11\/emilia-romagna-3-300x200.webp 300w, https:\/\/d2p6e6u75xmxt8.cloudfront.net\/13\/2023\/11\/emilia-romagna-3-1024x683.webp 1024w, https:\/\/d2p6e6u75xmxt8.cloudfront.net\/13\/2023\/11\/emilia-romagna-3-768x512.webp 768w, https:\/\/d2p6e6u75xmxt8.cloudfront.net\/13\/2023\/11\/emilia-romagna-3-1536x1024.webp 1536w, https:\/\/d2p6e6u75xmxt8.cloudfront.net\/13\/2023\/11\/emilia-romagna-3-2048x1365.webp 2048w, https:\/\/d2p6e6u75xmxt8.cloudfront.net\/13\/2023\/11\/emilia-romagna-3-400x267.webp 400w, https:\/\/d2p6e6u75xmxt8.cloudfront.net\/13\/2023\/11\/emilia-romagna-3-272x182.webp 272w, https:\/\/d2p6e6u75xmxt8.cloudfront.net\/13\/2023\/11\/emilia-romagna-3-1920x1280.webp 1920w\" sizes=\"auto, (max-width: 1920px) 100vw, 1920px\" \/><\/a><figcaption id=\"caption-attachment-24032\" class=\"wp-caption-text\"><em>Na dosah Rimini se ty\u010d\u00ed kopce, kter\u00e9 berou dech.<\/em><\/figcaption><\/figure>\n<p>Kav\u00e1rny jsou vyzdobeny podobiznami italsk\u00fdch cyklistick\u00fdch velik\u00e1n\u016f. J\u00edzda v sedle je tu kultura. Je to n\u00e1bo\u017eenstv\u00ed. Je to posedlost. V\u00e1\u0161e\u0148 k cyklistice zde na \u010dlov\u011bka s\u00e1l\u00e1 prakticky p\u0159i ka\u017ed\u00e9 zast\u00e1vce. Je nemo\u017en\u00e9 nepodlehnout a nenechat se strhnout. A m\u00edsto pl\u00e1\u017eov\u00e9ho povale\u010dstv\u00ed odhalit jinou tv\u00e1\u0159 Rimini a jeho okol\u00ed. Tu cyklistikou, kter\u00e1 \u010dek\u00e1 a\u017e ji objev\u00edte.<\/p>\n","protected":false},"excerpt":{"rendered":"<p>\u00dachvatn\u00e1 oblast vhodn\u00e1 pro cyklistiku! P\u0159esn\u011b to je m\u011bsto Rimini a jeho okol\u00ed, kam ka\u017edoro\u010dn\u011b m\u00ed\u0159\u00ed tis\u00edce \u010cech\u016f. Av\u0161ak jen [&hellip;]<\/p>\n","protected":false},"author":138,"featured_media":27791,"comment_status":"open","ping_status":"open","sticky":false,"template":"","format":"standard","meta":{"footnotes":""},"categories":[167],"tags":[3287,3950,2999,3647,3448,393,23],"global-categories":[411],"class_list":["post-27788","post","type-post","status-publish","format-standard","has-post-thumbnail","hentry","category-tipy-na-vylet","tag-emilia-romagna","tag-italie","tag-jarni-soustredeni","tag-rimini","tag-tip-na-jarni-soustredeni","tag-tip-na-vylet","tag-tour-de-france","global-categories-cycling"],"yoast_head":"<!-- This site is optimized with the Yoast SEO Premium plugin v25.3 (Yoast SEO v25.9) - https:\/\/yoast.com\/wordpress\/plugins\/seo\/ -->\n<title>Tip na soust\u0159ed\u011bn\u00ed: M\u011bsto pl\u00e1\u017e\u00ed \u010dek\u00e1 na objeven\u00ed druh\u00e9 tv\u00e1\u0159e | \u0160koda We Love Cycling - \u010cesk\u00e1 republika<\/title>\n<meta name=\"description\" content=\"\u00dachvatn\u00e1 oblast vhodn\u00e1 pro cyklistiku! P\u0159esn\u011b to je Rimini a jeho okol\u00ed. Ruku na srdce, kdo v p\u0159\u00edmo\u0159sk\u00e9 lokalit\u011b hled\u00e1 cyklistick\u00fd r\u00e1j?\" \/>\n<meta name=\"robots\" content=\"index, follow, max-snippet:-1, max-image-preview:large, max-video-preview:-1\" \/>\n<link rel=\"canonical\" href=\"https:\/\/www.welovecycling.com\/cs\/2024\/12\/06\/tip-na-jarni-soustredeni-mesto-plazi-ceka-na-objeveni-druhe-tvare\/\" \/>\n<meta property=\"og:locale\" content=\"cs_CZ\" \/>\n<meta property=\"og:type\" content=\"article\" \/>\n<meta property=\"og:title\" content=\"Tip na soust\u0159ed\u011bn\u00ed: M\u011bsto pl\u00e1\u017e\u00ed \u010dek\u00e1 na objeven\u00ed druh\u00e9 tv\u00e1\u0159e\" \/>\n<meta property=\"og:description\" content=\"\u00dachvatn\u00e1 oblast vhodn\u00e1 pro cyklistiku! P\u0159esn\u011b to je Rimini a jeho okol\u00ed. Ruku na srdce, kdo v p\u0159\u00edmo\u0159sk\u00e9 lokalit\u011b hled\u00e1 cyklistick\u00fd r\u00e1j?\" \/>\n<meta property=\"og:url\" content=\"https:\/\/www.welovecycling.com\/cs\/2024\/12\/06\/tip-na-jarni-soustredeni-mesto-plazi-ceka-na-objeveni-druhe-tvare\/\" \/>\n<meta property=\"og:site_name\" content=\"\u0160koda We Love Cycling - \u010cesk\u00e1 republika\" \/>\n<meta property=\"article:published_time\" content=\"2024-12-06T16:33:20+00:00\" \/>\n<meta property=\"article:modified_time\" content=\"2024-12-07T06:01:10+00:00\" \/>\n<meta property=\"og:image\" content=\"https:\/\/d2p6e6u75xmxt8.cloudfront.net\/13\/2024\/12\/LaGialla23_ristoro_gravel_mondaino.webp\" \/>\n\t<meta property=\"og:image:width\" content=\"1600\" \/>\n\t<meta property=\"og:image:height\" content=\"1200\" \/>\n\t<meta property=\"og:image:type\" content=\"image\/webp\" \/>\n<meta name=\"author\" content=\"radekmalina\" \/>\n<meta name=\"twitter:card\" content=\"summary_large_image\" \/>\n<meta name=\"twitter:label1\" content=\"Written by\" \/>\n\t<meta name=\"twitter:data1\" content=\"We Love Cycling\" \/>\n\t<meta name=\"twitter:label2\" content=\"Est. reading time\" \/>\n\t<meta name=\"twitter:data2\" content=\"5\" \/>\n<script type=\"application\/ld+json\" class=\"yoast-schema-graph\">{\"@context\":\"https:\/\/schema.org\",\"@graph\":[{\"@type\":\"WebPage\",\"@id\":\"https:\/\/www.welovecycling.com\/cs\/2024\/12\/06\/tip-na-jarni-soustredeni-mesto-plazi-ceka-na-objeveni-druhe-tvare\/\",\"url\":\"https:\/\/www.welovecycling.com\/cs\/2024\/12\/06\/tip-na-jarni-soustredeni-mesto-plazi-ceka-na-objeveni-druhe-tvare\/\",\"name\":\"Tip na soust\u0159ed\u011bn\u00ed: M\u011bsto pl\u00e1\u017e\u00ed \u010dek\u00e1 na objeven\u00ed druh\u00e9 tv\u00e1\u0159e | \u0160koda We Love Cycling - \u010cesk\u00e1 republika\",\"isPartOf\":{\"@id\":\"https:\/\/www.welovecycling.com\/cs\/#website\"},\"primaryImageOfPage\":{\"@id\":\"https:\/\/www.welovecycling.com\/cs\/2024\/12\/06\/tip-na-jarni-soustredeni-mesto-plazi-ceka-na-objeveni-druhe-tvare\/#primaryimage\"},\"image\":{\"@id\":\"https:\/\/www.welovecycling.com\/cs\/2024\/12\/06\/tip-na-jarni-soustredeni-mesto-plazi-ceka-na-objeveni-druhe-tvare\/#primaryimage\"},\"thumbnailUrl\":\"https:\/\/d2p6e6u75xmxt8.cloudfront.net\/13\/2024\/12\/LaGialla23_ristoro_gravel_mondaino.webp\",\"datePublished\":\"2024-12-06T16:33:20+00:00\",\"dateModified\":\"2024-12-07T06:01:10+00:00\",\"author\":{\"@id\":\"https:\/\/www.welovecycling.com\/cs\/#\/schema\/person\/d9eeb0a378f3a7e4a6d12d2b536b04b8\"},\"description\":\"\u00dachvatn\u00e1 oblast vhodn\u00e1 pro cyklistiku! P\u0159esn\u011b to je Rimini a jeho okol\u00ed. Ruku na srdce, kdo v p\u0159\u00edmo\u0159sk\u00e9 lokalit\u011b hled\u00e1 cyklistick\u00fd r\u00e1j?\",\"inLanguage\":\"cs\",\"potentialAction\":[{\"@type\":\"ReadAction\",\"target\":[\"https:\/\/www.welovecycling.com\/cs\/2024\/12\/06\/tip-na-jarni-soustredeni-mesto-plazi-ceka-na-objeveni-druhe-tvare\/\"]}]},{\"@type\":\"ImageObject\",\"inLanguage\":\"cs\",\"@id\":\"https:\/\/www.welovecycling.com\/cs\/2024\/12\/06\/tip-na-jarni-soustredeni-mesto-plazi-ceka-na-objeveni-druhe-tvare\/#primaryimage\",\"url\":\"https:\/\/d2p6e6u75xmxt8.cloudfront.net\/13\/2024\/12\/LaGialla23_ristoro_gravel_mondaino.webp\",\"contentUrl\":\"https:\/\/d2p6e6u75xmxt8.cloudfront.net\/13\/2024\/12\/LaGialla23_ristoro_gravel_mondaino.webp\",\"width\":1600,\"height\":1200},{\"@type\":\"WebSite\",\"@id\":\"https:\/\/www.welovecycling.com\/cs\/#website\",\"url\":\"https:\/\/www.welovecycling.com\/cs\/\",\"name\":\"\u0160koda We Love Cycling - \u010cesk\u00e1 republika\",\"description\":\"WeLoveCycling.cz je online magaz\u00edn, kter\u00fd v\u00e1m pravideln\u011b p\u0159in\u00e1\u0161\u00ed rady a tipy, zaj\u00edmav\u00e9 \u010dl\u00e1nky, videa a jedine\u010dn\u00e9 report\u00e1\u017ee ze sv\u011bta cyklistiky.\",\"potentialAction\":[{\"@type\":\"SearchAction\",\"target\":{\"@type\":\"EntryPoint\",\"urlTemplate\":\"https:\/\/www.welovecycling.com\/cs\/?s={search_term_string}\"},\"query-input\":{\"@type\":\"PropertyValueSpecification\",\"valueRequired\":true,\"valueName\":\"search_term_string\"}}],\"inLanguage\":\"cs\"},{\"@type\":\"Person\",\"@id\":\"https:\/\/www.welovecycling.com\/cs\/#\/schema\/person\/d9eeb0a378f3a7e4a6d12d2b536b04b8\",\"name\":\"radekmalina\",\"image\":{\"@type\":\"ImageObject\",\"inLanguage\":\"cs\",\"@id\":\"https:\/\/www.welovecycling.com\/cs\/#\/schema\/person\/image\/\",\"url\":\"https:\/\/secure.gravatar.com\/avatar\/66994b632cb8c39a46b9f54afa3ae07201b678d32a54275b6f1c9ffec356bfc0?s=96&d=mm&r=g\",\"contentUrl\":\"https:\/\/secure.gravatar.com\/avatar\/66994b632cb8c39a46b9f54afa3ae07201b678d32a54275b6f1c9ffec356bfc0?s=96&d=mm&r=g\",\"caption\":\"radekmalina\"},\"url\":\"https:\/\/www.welovecycling.com\/cs\/author\/radekmalina\/\"}]}<\/script>\n<!-- \/ Yoast SEO Premium plugin. -->","yoast_head_json":{"title":"Tip na soust\u0159ed\u011bn\u00ed: M\u011bsto pl\u00e1\u017e\u00ed \u010dek\u00e1 na objeven\u00ed druh\u00e9 tv\u00e1\u0159e | \u0160koda We Love Cycling - \u010cesk\u00e1 republika","description":"\u00dachvatn\u00e1 oblast vhodn\u00e1 pro cyklistiku! P\u0159esn\u011b to je Rimini a jeho okol\u00ed. Ruku na srdce, kdo v p\u0159\u00edmo\u0159sk\u00e9 lokalit\u011b hled\u00e1 cyklistick\u00fd r\u00e1j?","robots":{"index":"index","follow":"follow","max-snippet":"max-snippet:-1","max-image-preview":"max-image-preview:large","max-video-preview":"max-video-preview:-1"},"canonical":"https:\/\/www.welovecycling.com\/cs\/2024\/12\/06\/tip-na-jarni-soustredeni-mesto-plazi-ceka-na-objeveni-druhe-tvare\/","og_locale":"cs_CZ","og_type":"article","og_title":"Tip na soust\u0159ed\u011bn\u00ed: M\u011bsto pl\u00e1\u017e\u00ed \u010dek\u00e1 na objeven\u00ed druh\u00e9 tv\u00e1\u0159e","og_description":"\u00dachvatn\u00e1 oblast vhodn\u00e1 pro cyklistiku! P\u0159esn\u011b to je Rimini a jeho okol\u00ed. Ruku na srdce, kdo v p\u0159\u00edmo\u0159sk\u00e9 lokalit\u011b hled\u00e1 cyklistick\u00fd r\u00e1j?","og_url":"https:\/\/www.welovecycling.com\/cs\/2024\/12\/06\/tip-na-jarni-soustredeni-mesto-plazi-ceka-na-objeveni-druhe-tvare\/","og_site_name":"\u0160koda We Love Cycling - \u010cesk\u00e1 republika","article_published_time":"2024-12-06T16:33:20+00:00","article_modified_time":"2024-12-07T06:01:10+00:00","og_image":[{"width":1600,"height":1200,"url":"https:\/\/d2p6e6u75xmxt8.cloudfront.net\/13\/2024\/12\/LaGialla23_ristoro_gravel_mondaino.webp","type":"image\/webp"}],"author":"radekmalina","twitter_card":"summary_large_image","twitter_misc":{"Written by":"We Love Cycling","Est. reading time":"5"},"schema":{"@context":"https:\/\/schema.org","@graph":[{"@type":"WebPage","@id":"https:\/\/www.welovecycling.com\/cs\/2024\/12\/06\/tip-na-jarni-soustredeni-mesto-plazi-ceka-na-objeveni-druhe-tvare\/","url":"https:\/\/www.welovecycling.com\/cs\/2024\/12\/06\/tip-na-jarni-soustredeni-mesto-plazi-ceka-na-objeveni-druhe-tvare\/","name":"Tip na soust\u0159ed\u011bn\u00ed: M\u011bsto pl\u00e1\u017e\u00ed \u010dek\u00e1 na objeven\u00ed druh\u00e9 tv\u00e1\u0159e | \u0160koda We Love Cycling - \u010cesk\u00e1 republika","isPartOf":{"@id":"https:\/\/www.welovecycling.com\/cs\/#website"},"primaryImageOfPage":{"@id":"https:\/\/www.welovecycling.com\/cs\/2024\/12\/06\/tip-na-jarni-soustredeni-mesto-plazi-ceka-na-objeveni-druhe-tvare\/#primaryimage"},"image":{"@id":"https:\/\/www.welovecycling.com\/cs\/2024\/12\/06\/tip-na-jarni-soustredeni-mesto-plazi-ceka-na-objeveni-druhe-tvare\/#primaryimage"},"thumbnailUrl":"https:\/\/d2p6e6u75xmxt8.cloudfront.net\/13\/2024\/12\/LaGialla23_ristoro_gravel_mondaino.webp","datePublished":"2024-12-06T16:33:20+00:00","dateModified":"2024-12-07T06:01:10+00:00","author":{"@id":"https:\/\/www.welovecycling.com\/cs\/#\/schema\/person\/d9eeb0a378f3a7e4a6d12d2b536b04b8"},"description":"\u00dachvatn\u00e1 oblast vhodn\u00e1 pro cyklistiku! P\u0159esn\u011b to je Rimini a jeho okol\u00ed. Ruku na srdce, kdo v p\u0159\u00edmo\u0159sk\u00e9 lokalit\u011b hled\u00e1 cyklistick\u00fd r\u00e1j?","inLanguage":"cs","potentialAction":[{"@type":"ReadAction","target":["https:\/\/www.welovecycling.com\/cs\/2024\/12\/06\/tip-na-jarni-soustredeni-mesto-plazi-ceka-na-objeveni-druhe-tvare\/"]}]},{"@type":"ImageObject","inLanguage":"cs","@id":"https:\/\/www.welovecycling.com\/cs\/2024\/12\/06\/tip-na-jarni-soustredeni-mesto-plazi-ceka-na-objeveni-druhe-tvare\/#primaryimage","url":"https:\/\/d2p6e6u75xmxt8.cloudfront.net\/13\/2024\/12\/LaGialla23_ristoro_gravel_mondaino.webp","contentUrl":"https:\/\/d2p6e6u75xmxt8.cloudfront.net\/13\/2024\/12\/LaGialla23_ristoro_gravel_mondaino.webp","width":1600,"height":1200},{"@type":"WebSite","@id":"https:\/\/www.welovecycling.com\/cs\/#website","url":"https:\/\/www.welovecycling.com\/cs\/","name":"\u0160koda We Love Cycling - \u010cesk\u00e1 republika","description":"WeLoveCycling.cz je online magaz\u00edn, kter\u00fd v\u00e1m pravideln\u011b p\u0159in\u00e1\u0161\u00ed rady a tipy, zaj\u00edmav\u00e9 \u010dl\u00e1nky, videa a jedine\u010dn\u00e9 report\u00e1\u017ee ze sv\u011bta cyklistiky.","potentialAction":[{"@type":"SearchAction","target":{"@type":"EntryPoint","urlTemplate":"https:\/\/www.welovecycling.com\/cs\/?s={search_term_string}"},"query-input":{"@type":"PropertyValueSpecification","valueRequired":true,"valueName":"search_term_string"}}],"inLanguage":"cs"},{"@type":"Person","@id":"https:\/\/www.welovecycling.com\/cs\/#\/schema\/person\/d9eeb0a378f3a7e4a6d12d2b536b04b8","name":"radekmalina","image":{"@type":"ImageObject","inLanguage":"cs","@id":"https:\/\/www.welovecycling.com\/cs\/#\/schema\/person\/image\/","url":"https:\/\/secure.gravatar.com\/avatar\/66994b632cb8c39a46b9f54afa3ae07201b678d32a54275b6f1c9ffec356bfc0?s=96&d=mm&r=g","contentUrl":"https:\/\/secure.gravatar.com\/avatar\/66994b632cb8c39a46b9f54afa3ae07201b678d32a54275b6f1c9ffec356bfc0?s=96&d=mm&r=g","caption":"radekmalina"},"url":"https:\/\/www.welovecycling.com\/cs\/author\/radekmalina\/"}]}},"_links":{"self":[{"href":"https:\/\/www.welovecycling.com\/cs\/wp-json\/wp\/v2\/posts\/27788","targetHints":{"allow":["GET"]}}],"collection":[{"href":"https:\/\/www.welovecycling.com\/cs\/wp-json\/wp\/v2\/posts"}],"about":[{"href":"https:\/\/www.welovecycling.com\/cs\/wp-json\/wp\/v2\/types\/post"}],"author":[{"embeddable":true,"href":"https:\/\/www.welovecycling.com\/cs\/wp-json\/wp\/v2\/users\/138"}],"replies":[{"embeddable":true,"href":"https:\/\/www.welovecycling.com\/cs\/wp-json\/wp\/v2\/comments?post=27788"}],"version-history":[{"count":3,"href":"https:\/\/www.welovecycling.com\/cs\/wp-json\/wp\/v2\/posts\/27788\/revisions"}],"predecessor-version":[{"id":27796,"href":"https:\/\/www.welovecycling.com\/cs\/wp-json\/wp\/v2\/posts\/27788\/revisions\/27796"}],"wp:featuredmedia":[{"embeddable":true,"href":"https:\/\/www.welovecycling.com\/cs\/wp-json\/wp\/v2\/media\/27791"}],"wp:attachment":[{"href":"https:\/\/www.welovecycling.com\/cs\/wp-json\/wp\/v2\/media?parent=27788"}],"wp:term":[{"taxonomy":"category","embeddable":true,"href":"https:\/\/www.welovecycling.com\/cs\/wp-json\/wp\/v2\/categories?post=27788"},{"taxonomy":"post_tag","embeddable":true,"href":"https:\/\/www.welovecycling.com\/cs\/wp-json\/wp\/v2\/tags?post=27788"},{"taxonomy":"global-categories","embeddable":true,"href":"https:\/\/www.welovecycling.com\/cs\/wp-json\/wp\/v2\/global-categories?post=27788"}],"curies":[{"name":"wp","href":"https:\/\/api.w.org\/{rel}","templated":true}]}}