{"id":27767,"date":"2024-12-05T05:00:12","date_gmt":"2024-12-05T03:00:12","guid":{"rendered":"https:\/\/www.welovecycling.com\/cs\/?p=27767"},"modified":"2024-12-05T13:01:39","modified_gmt":"2024-12-05T11:01:39","slug":"jak-vybrat-kolo-je-pro-vas-idealni-silnicka-gravel-nebo-mtb","status":"publish","type":"post","link":"https:\/\/www.welovecycling.com\/cs\/2024\/12\/05\/jak-vybrat-kolo-je-pro-vas-idealni-silnicka-gravel-nebo-mtb\/","title":{"rendered":"Jak vybrat kolo pod strome\u010dek? Je ide\u00e1ln\u00ed silni\u010dka, gravel nebo MTB?"},"content":{"rendered":"<p><strong>Chyst\u00e1te se na n\u00e1kup nov\u00e9ho bicyklu? Nejste zat\u00edm rozhodnut\u00ed pro konkr\u00e9tn\u00ed typ a \u0159e\u0161\u00edte, jak vybrat kolo? Jestli je pro v\u00e1s ide\u00e1ln\u00ed silni\u010dka, gravel nebo MTB? Zde je p\u00e1r tip\u016f, jak si v\u0161e ut\u0159\u00eddit p\u0159ed fin\u00e1ln\u00edm rozhodnut\u00edm&#8230;<\/strong><\/p>\n<p>Pokud jste b\u011bhem roku st\u0159\u00e1dali a rozhodli se odm\u011bnit v obdob\u00ed V\u00e1noc nov\u00fdm kolem, ur\u010dit\u011b neprohloup\u00edte. Ceny jsou moment\u00e1ln\u011b p\u0159\u00edzniv\u00e9, jde jen o spr\u00e1vnou volbu. Mnoho lid\u00ed p\u0159ech\u00e1z\u00ed ze silni\u010dn\u00edch kol na gravel, dal\u0161\u00ed zase \u0159e\u0161\u00ed volbu mezi gravelem a horsk\u00fdm kolem. Tak\u017ee jak vybrat kolo, abyste nelitovali?<\/p>\n<h2><strong>Silni\u010dn\u00ed kolo<\/strong><\/h2>\n<p>Prim\u00e1rn\u011b je pot\u0159eba si ur\u010dit, po jak\u00fdch cest\u00e1ch se odehr\u00e1v\u00e1 v\u011bt\u0161ina va\u0161ich cest a jak\u00fd je smysl va\u0161ich j\u00edzd. Pokud v\u00e1m jde vylo\u017een\u011b o kondi\u010dn\u00ed str\u00e1nku v\u011bci a maxim\u00e1ln\u00ed n\u00e1jezd kilometr\u016f, je jedinou rozumnou volbou silni\u010dn\u00ed kolo. Jestli\u017ee tr\u00e1v\u00edte devades\u00e1t procent \u010dasu v sedle na silnic\u00edch, zpevn\u011bn\u00fdch poln\u00edch cest\u00e1ch nebo udr\u017eovan\u00fdch lesn\u00edch stezk\u00e1ch, je nesmysl po\u0159izovat si horsk\u00e9 kolo.<\/p>\n<p>V\u00fdrobci nav\u00edc reagovali na popt\u00e1vku a mnoz\u00ed nab\u00edz\u00ed r\u00e1my, kter\u00e9 pojmou i \u0161ir\u0161\u00ed pl\u00e1\u0161t\u011b. Nen\u00ed zvl\u00e1\u0161tnost\u00ed, pokud do silni\u010dn\u00edho kola m\u016f\u017eete pou\u017e\u00edt pl\u00e1\u0161t\u011b o \u0161\u00ed\u0159ce a\u017e t\u0159icet osm milimetr\u016f, co\u017e je rozm\u011br pou\u017e\u00edvan\u00fd i jako nejmen\u0161\u00ed na horsk\u00fdch kolech&#8230; Tud\u00ed\u017e mnoz\u00ed cyklist\u00e9 maj\u00ed r\u00e1m silni\u010dn\u00edho kola a v gar\u00e1\u017ei \u010di sklep\u011b dv\u011b toto\u017en\u00e9 sady kol pouze s rozli\u010dn\u00fdmi r\u00e1fky. Pokud si cht\u011bj\u00ed dop\u0159\u00e1t \u0161vih tro\u0161ku pest\u0159ej\u0161\u00ed a za\u0159ad\u00ed i \u0161otolinov\u00e9 \u00faseky, nasad\u00ed kola s \u0161ir\u0161\u00edmi a odoln\u011bj\u0161\u00edmi pl\u00e1\u0161ti.<\/p>\n<figure id=\"attachment_26239\" aria-describedby=\"caption-attachment-26239\" style=\"width: 1800px\" class=\"wp-caption alignnone\"><a href=\"https:\/\/d2p6e6u75xmxt8.cloudfront.net\/13\/2024\/07\/profimedia-0888089180.webp\"><img loading=\"lazy\" decoding=\"async\" class=\"size-full wp-image-26239\" src=\"https:\/\/d2p6e6u75xmxt8.cloudfront.net\/13\/2024\/07\/profimedia-0888089180.webp\" alt=\"Tadej Poga\u010dar a Jonas Vingegaard v dev\u00e1t\u00e9 etap\u011b Tour de France 2024.\" width=\"1800\" height=\"1200\" srcset=\"https:\/\/d2p6e6u75xmxt8.cloudfront.net\/13\/2024\/07\/profimedia-0888089180.webp 1800w, https:\/\/d2p6e6u75xmxt8.cloudfront.net\/13\/2024\/07\/profimedia-0888089180-300x200.webp 300w, https:\/\/d2p6e6u75xmxt8.cloudfront.net\/13\/2024\/07\/profimedia-0888089180-1024x683.webp 1024w, https:\/\/d2p6e6u75xmxt8.cloudfront.net\/13\/2024\/07\/profimedia-0888089180-768x512.webp 768w, https:\/\/d2p6e6u75xmxt8.cloudfront.net\/13\/2024\/07\/profimedia-0888089180-1536x1024.webp 1536w, https:\/\/d2p6e6u75xmxt8.cloudfront.net\/13\/2024\/07\/profimedia-0888089180-400x267.webp 400w, https:\/\/d2p6e6u75xmxt8.cloudfront.net\/13\/2024\/07\/profimedia-0888089180-272x182.webp 272w\" sizes=\"auto, (max-width: 1800px) 100vw, 1800px\" \/><\/a><figcaption id=\"caption-attachment-26239\" class=\"wp-caption-text\"><em>Gravel v pod\u00e1n\u00ed silni\u010dn\u00edch cyklist\u016f na Tour de France, aneb Jonas Vingegaard nah\u00e1n\u00ed Tadeje Poga\u010dara v dev\u00e1t\u00e9 etap\u011b Grande Boucle 2024.<\/em><\/figcaption><\/figure>\n<p>Silni\u010dn\u00ed kola maj\u00ed vnit\u0159n\u00ed pr\u016fm\u011br r\u00e1fku 622 milimetr\u016f, vn\u011bj\u0161\u00ed 700 milimetr\u016f. Z\u00e1sadn\u00ed z hlediska komfortu je \u0161\u00ed\u0159ka. Aero modely maj\u00ed b\u011b\u017en\u011b mezi 25 a 28 milimetry, univerz\u00e1ln\u011b postaven\u00e1 kola v\u011bt\u0161inou 28 milimetr\u016f, endurance silni\u010dky v tov\u00e1rn\u00edm osazen\u00ed zpravidla s\u00e1z\u00ed na komfortn\u00edch 32 milimetr\u016f. S \u0161\u00ed\u0159kou 35 a\u017e 38 milimetr\u016f zvl\u00e1dnete i seri\u00f3zn\u00ed \u0161otolinov\u00fd tr\u00e9nink.<\/p>\n<p>Pro\u010d vybrat kolo silni\u010dn\u00ed? Pokud jezd\u00edte del\u0161\u00ed vzd\u00e1lenosti po zpevn\u011bn\u00fdch cest\u00e1ch a jde v\u00e1m o rychl\u00fd p\u0159esun z bodu A do bodu B.<\/p>\n<h2><strong>Gravel kolo<\/strong><\/h2>\n<p>Jestli\u017ee v\u011bt\u0161inu \u010dasu v sedle kola tr\u00e1v\u00edte na \u0161otolinov\u00fdch cest\u00e1ch a na bicykl v\u00e1s \u017eene nutk\u00e1n\u00ed vyrazit za dobrodru\u017estv\u00edm, pak je spr\u00e1vn\u00e9 zvolit gravel bike.<\/p>\n<div class=\"shortcode-ys-post-pinup\"><article class=\"loop-simple post-25462 post type-post status-publish format-standard has-post-thumbnail hentry category-rady-tipy tag-cyklistika tag-defekt tag-horska-cyklistika tag-kdy-je-cas-vymenit-plaste tag-opotrebovany-behoun tag-plaste tag-silnicni-cyklistika tag-zdravi-a-trenink global-categories-cycling\" data-postid=\"25462\" role=\"article\" data-post-id=\"25462\" data-word-count=\"405\" data-headline-length=\"45\" data-category=\"Rady &amp; tipy\" data-global-category=\"Cycling\" data-author=\"We Love Cycling\" data-published=\"2024-05-14T12:29:46+02:00\" data-published-day=\"Tuesday\">\n    <div class=\"entry-thumbnail article-thumbnail\" content=\"https:\/\/d2p6e6u75xmxt8.cloudfront.net\/13\/2023\/09\/zapletena-kola-5-150x150.webp\"><a href=\"https:\/\/www.welovecycling.com\/cs\/2024\/05\/14\/jak-poznate-kdy-je-cas-vymenit-plaste\/\" class=\"image-holder\" target=\"_self\"><img decoding=\"async\" loading=\"lazy\" class=\"\" src=\"https:\/\/d2p6e6u75xmxt8.cloudfront.net\/13\/2023\/09\/zapletena-kola-5-1024x682.webp\" srcset=\"https:\/\/d2p6e6u75xmxt8.cloudfront.net\/13\/2023\/09\/zapletena-kola-5.webp 2000w, https:\/\/d2p6e6u75xmxt8.cloudfront.net\/13\/2023\/09\/zapletena-kola-5-300x200.webp 300w, https:\/\/d2p6e6u75xmxt8.cloudfront.net\/13\/2023\/09\/zapletena-kola-5-1024x682.webp 1024w, https:\/\/d2p6e6u75xmxt8.cloudfront.net\/13\/2023\/09\/zapletena-kola-5-768x512.webp 768w, https:\/\/d2p6e6u75xmxt8.cloudfront.net\/13\/2023\/09\/zapletena-kola-5-1536x1024.webp 1536w, https:\/\/d2p6e6u75xmxt8.cloudfront.net\/13\/2023\/09\/zapletena-kola-5-1920x1280.webp 1920w, https:\/\/d2p6e6u75xmxt8.cloudfront.net\/13\/2023\/09\/zapletena-kola-5-400x267.webp 400w, https:\/\/d2p6e6u75xmxt8.cloudfront.net\/13\/2023\/09\/zapletena-kola-5-272x182.webp 272w, https:\/\/d2p6e6u75xmxt8.cloudfront.net\/13\/2023\/09\/zapletena-kola-5-1920x1280.webp 1920w\" width=\"1024\" height=\"682\" sizes=\"auto, (min-width: 1200px) 300px, (min-width: 768px) 25vw, 100vw\" alt=\"jak-poznate-kdy-je-cas-vymenit-plaste\"\/><\/a><\/div>    <div class=\"entry-meta\">\n        <a class=\"label label-secondary post-category\" href=\"https:\/\/www.welovecycling.com\/cs\/category\/rady-tipy\/\" title=\"Rady &amp; tipy\">Rady &amp; tipy<\/a>\n    <\/div>\n    <div class=\"entry-details\">\n        <a href=\"https:\/\/www.welovecycling.com\/cs\/2024\/05\/14\/jak-poznate-kdy-je-cas-vymenit-plaste\/\" class='entry-title-wrapper'>\n            <h3 class=\"entry-title\"><span>Jak pozn\u00e1te, kdy je \u010das vym\u011bnit pl\u00e1\u0161t\u011b?<\/span><\/h3>\n        <\/a>\n    <\/div>\n    <\/article>\n<\/div>\n<p>Nejlep\u0161\u00ed <a href=\"https:\/\/www.welovecycling.com\/cs\/2024\/10\/13\/zlate-solo-martin-stosek-je-mistrem-evropy-v-gravelu\/\">gravel<\/a> kola se geometri\u00ed p\u0159ibli\u017euj\u00ed vytrvalostn\u00edm silni\u010dn\u00edm kol\u016fm. \u0158e\u010d je o t\u011bch nejlep\u0161\u00edch stroj\u00edch. Obecn\u011b je gravel pomalej\u0161\u00ed a typy ur\u010den\u00e9 pro n\u00e1ro\u010dn\u00fd ter\u00e9n se geometri\u00ed vlastn\u011b p\u0159ibli\u017euj\u00ed horsk\u00fdm kol\u016fm. Nemaj\u00ed, a\u017e na drobn\u00e9 v\u00fdjimky, odpru\u017een\u00ed. Pokud ano, je prim\u00e1rn\u00edm c\u00edlem zlep\u0161en\u00ed komfortu, nikoliv schopnost\u00ed kola.<\/p>\n<p>V\u011bt\u0161ina r\u00e1m\u016f gravel kol je p\u0159ipravena na kola toto\u017en\u00e1 jako v p\u0159\u00edpad\u011b silni\u010dky. Tud\u00ed\u017e o velikosti 700 milimetr\u016f. Ov\u0161em mnoh\u00e9 jsou kompatibiln\u00ed i s men\u0161\u00ed variantou kol, kter\u00e1 se ozna\u010duje jako 650B. A pro\u010d bychom u gravelu m\u011bli p\u0159em\u00fd\u0161let nad mal\u00fdmi koly? D\u00edky men\u0161\u00edmu pr\u016fm\u011bru r\u00e1fku v r\u00e1mu a vidlici zbude v\u00edce m\u00edsta pro \u0161irok\u00fd pl\u00e1\u0161\u0165. Pokud ale z gravel biku nechcete d\u011blat silni\u010dku, nebo naopak horsk\u00e9 kolo, doporu\u010d\u00ed v\u011bt\u0161ina jezdc\u016f jako nejuniverz\u00e1ln\u011bj\u0161\u00ed \u0161\u00ed\u0159ku okolo 40\u201342 milimetr\u016f.<\/p>\n<figure id=\"attachment_27768\" aria-describedby=\"caption-attachment-27768\" style=\"width: 1920px\" class=\"wp-caption alignnone\"><a href=\"https:\/\/d2p6e6u75xmxt8.cloudfront.net\/13\/2024\/12\/jak-vybrat-kolo-gravel-photo-pg-1633-1920-.webp\"><img loading=\"lazy\" decoding=\"async\" class=\"size-full wp-image-27768\" src=\"https:\/\/d2p6e6u75xmxt8.cloudfront.net\/13\/2024\/12\/jak-vybrat-kolo-gravel-photo-pg-1633-1920-.webp\" alt=\"\" width=\"1920\" height=\"1081\" srcset=\"https:\/\/d2p6e6u75xmxt8.cloudfront.net\/13\/2024\/12\/jak-vybrat-kolo-gravel-photo-pg-1633-1920-.webp 1920w, https:\/\/d2p6e6u75xmxt8.cloudfront.net\/13\/2024\/12\/jak-vybrat-kolo-gravel-photo-pg-1633-1920--300x169.webp 300w, https:\/\/d2p6e6u75xmxt8.cloudfront.net\/13\/2024\/12\/jak-vybrat-kolo-gravel-photo-pg-1633-1920--1024x577.webp 1024w, https:\/\/d2p6e6u75xmxt8.cloudfront.net\/13\/2024\/12\/jak-vybrat-kolo-gravel-photo-pg-1633-1920--768x432.webp 768w, https:\/\/d2p6e6u75xmxt8.cloudfront.net\/13\/2024\/12\/jak-vybrat-kolo-gravel-photo-pg-1633-1920--1536x865.webp 1536w, https:\/\/d2p6e6u75xmxt8.cloudfront.net\/13\/2024\/12\/jak-vybrat-kolo-gravel-photo-pg-1633-1920--400x225.webp 400w\" sizes=\"auto, (max-width: 1920px) 100vw, 1920px\" \/><\/a><figcaption id=\"caption-attachment-27768\" class=\"wp-caption-text\"><em>Jak vybrat kolo? Gravel nab\u00edz\u00ed v podob\u011b \u0159\u00edd\u00edtek hodn\u011b velkou rozmanitost \u00fachopu, Foto: gravelseries.cz<\/em><\/figcaption><\/figure>\n<p>Stejn\u011b jako \u0159\u00edd\u00edtka silni\u010dn\u00edch kol umo\u017e\u0148uj\u00ed \u0159\u00edd\u00edtka gravel kola jezdci dostat se do aerodynami\u010dt\u011bj\u0161\u00ed polohy ne\u017e rovn\u00e1 \u0159\u00edd\u00edtka u MTB. Nab\u00edzej\u00ed tak\u00e9 mnohem v\u00edce poloh rukou, co\u017e m\u016f\u017ee poskytnout v\u011bt\u0161\u00ed pohodl\u00ed p\u0159i del\u0161\u00edch j\u00edzd\u00e1ch.<\/p>\n<p>\u0158azen\u00ed je ve srovn\u00e1n\u00ed se silni\u010dn\u00edm kolem p\u0159eci jen tro\u0161ku odli\u0161n\u00e9. Kazety jsou v\u011bt\u0161inou v rozsahu jeden\u00e1cti a\u017e dvan\u00e1cti kole\u010dek. P\u0159evodn\u00edk b\u00fdval jeden. Ov\u0161em st\u00e1le \u010dast\u011bji kv\u016fli univerz\u00e1lnosti pou\u017eit\u00ed od silnice, p\u0159es \u0161t\u011brkov\u00e9 cesty a\u017e po lesn\u00ed stezky v\u00fdrobci nab\u00edz\u00ed dva p\u0159evodn\u00edky.<\/p>\n<div class=\"shortcode-ys-post-pinup\"><article class=\"loop-simple post-26200 post type-post status-publish format-standard has-post-thumbnail hentry category-tour-de-france tag-gravel tag-gravel-na-tour-de-france tag-gravel-tour-de-france tag-matej-mohoric tag-roman-kreuziger tag-tour-de-france-2024 tag-visma-lease-a-bike global-categories-cycling\" data-postid=\"26200\" role=\"article\" data-post-id=\"26200\" data-word-count=\"413\" data-headline-length=\"100\" data-category=\"Tour de France\" data-global-category=\"Cycling\" data-author=\"Radek Malina\" data-published=\"2024-07-06T06:10:56+02:00\" data-published-day=\"Saturday\">\n    <div class=\"entry-thumbnail article-thumbnail\" content=\"https:\/\/d2p6e6u75xmxt8.cloudfront.net\/13\/2024\/07\/profimedia-0710246492-150x150.webp\"><a href=\"https:\/\/www.welovecycling.com\/cs\/2024\/07\/06\/gravel-na-tour-alchymie-s-tlakem-v-pneumatikach-a-jejich-sirkou-u-trasy-25-lidi-jednoho-tymu\/\" class=\"image-holder\" target=\"_self\"><img decoding=\"async\" loading=\"lazy\" class=\"\" src=\"https:\/\/d2p6e6u75xmxt8.cloudfront.net\/13\/2024\/07\/profimedia-0710246492-1024x683.webp\" srcset=\"https:\/\/d2p6e6u75xmxt8.cloudfront.net\/13\/2024\/07\/profimedia-0710246492.webp 1800w, https:\/\/d2p6e6u75xmxt8.cloudfront.net\/13\/2024\/07\/profimedia-0710246492-300x200.webp 300w, https:\/\/d2p6e6u75xmxt8.cloudfront.net\/13\/2024\/07\/profimedia-0710246492-1024x683.webp 1024w, https:\/\/d2p6e6u75xmxt8.cloudfront.net\/13\/2024\/07\/profimedia-0710246492-768x512.webp 768w, https:\/\/d2p6e6u75xmxt8.cloudfront.net\/13\/2024\/07\/profimedia-0710246492-1536x1024.webp 1536w, https:\/\/d2p6e6u75xmxt8.cloudfront.net\/13\/2024\/07\/profimedia-0710246492-400x267.webp 400w, https:\/\/d2p6e6u75xmxt8.cloudfront.net\/13\/2024\/07\/profimedia-0710246492-272x182.webp 272w\" width=\"1024\" height=\"683\" sizes=\"auto, (min-width: 1200px) 300px, (min-width: 768px) 25vw, 100vw\" alt=\"gravel-na-tour-alchymie-s-tlakem-v-pneumatikach-a-jejich-sirkou-u-trasy-25-lidi-jednoho-tymu\"\/><\/a><\/div>    <div class=\"entry-meta\">\n        <a class=\"label label-secondary post-category\" href=\"https:\/\/www.welovecycling.com\/cs\/category\/tour-de-france\/\" title=\"Tour de France\">Tour de France<\/a>\n    <\/div>\n    <div class=\"entry-details\">\n        <a href=\"https:\/\/www.welovecycling.com\/cs\/2024\/07\/06\/gravel-na-tour-alchymie-s-tlakem-v-pneumatikach-a-jejich-sirkou-u-trasy-25-lidi-jednoho-tymu\/\" class='entry-title-wrapper'>\n            <h3 class=\"entry-title\"><span>Gravel na Tour: alchymie s tlakem v pneumatik\u00e1ch a jejich \u0161\u00ed\u0159kou, u trasy 25 lid\u00ed jednoho t\u00fdmu<\/span><\/h3>\n        <\/a>\n    <\/div>\n    <\/article>\n<\/div>\n<p>Kdy vybrat gravel kolo? Budete jezdit na del\u0161\u00ed vzd\u00e1lenosti po zpevn\u011bn\u00fdch i nezpevn\u011bn\u00fdch cest\u00e1ch. Ob\u010das r\u00e1di vyraz\u00edte do lesa, ale p\u0159ev\u00e1\u017en\u011b na udr\u017eovan\u00e9 cesty.<\/p>\n<h2><strong>Horsk\u00e1 kola<\/strong><\/h2>\n<p>P\u016fvodn\u011b slou\u017eilo horsk\u00e9 kolo k objevov\u00e1n\u00ed a zkoum\u00e1n\u00ed nov\u00fdch lokalit. Kam se nedalo jet na silni\u010dn\u00edm kole, kter\u00e9 m\u011blo berany, m\u00ed\u0159ili cyklist\u00e9 na horsk\u00e9m kole. Bylo byteln\u011bj\u0161\u00ed, pevn\u011bj\u0161\u00ed, m\u011blo \u0161ir\u0161\u00ed pneumatiky, postupem \u010dasu lep\u0161\u00ed p\u0159evody. Ov\u0161em MTB sc\u00e9na se dramaticky prom\u011bnila. Horsk\u00e9 kolo slou\u017e\u00ed mnohdy pro adrenalinov\u00e9 discipl\u00edny. A k objevov\u00e1n\u00ed posta\u010d\u00ed gravel.<\/p>\n<p>Horsk\u00e1 kola jsou bu\u010f \u010d\u00e1ste\u010dn\u011b odpru\u017een\u00e1 (hardtail) nebo celoodpru\u017een\u00e1 (odpru\u017een\u00e1 p\u0159edn\u00ed vidlice, na zadn\u00ed \u010d\u00e1sti kola tlumi\u010d). D\u016fvodem je lep\u0161\u00ed p\u0159ilnavost, pokud se biker dostane do ter\u00e9nu prorostl\u00e9ho ko\u0159eny nebo na kamenit\u00fd podklad. V\u011bt\u0161inou jde o ter\u00e9n, kter\u00fd u\u017e je pro gravel nesj\u00edzdn\u00fd. Zdvih se pohybuje od deseti centimetr\u016f a\u017e po dvacet centimetr\u016f.<\/p>\n<figure id=\"attachment_27769\" aria-describedby=\"caption-attachment-27769\" style=\"width: 1600px\" class=\"wp-caption alignnone\"><a href=\"https:\/\/d2p6e6u75xmxt8.cloudfront.net\/13\/2024\/12\/jak-vybrat-kolo-photo-pg-1623-1920-.webp\"><img loading=\"lazy\" decoding=\"async\" class=\"size-full wp-image-27769\" src=\"https:\/\/d2p6e6u75xmxt8.cloudfront.net\/13\/2024\/12\/jak-vybrat-kolo-photo-pg-1623-1920-.webp\" alt=\"\" width=\"1600\" height=\"1067\" srcset=\"https:\/\/d2p6e6u75xmxt8.cloudfront.net\/13\/2024\/12\/jak-vybrat-kolo-photo-pg-1623-1920-.webp 1600w, https:\/\/d2p6e6u75xmxt8.cloudfront.net\/13\/2024\/12\/jak-vybrat-kolo-photo-pg-1623-1920--300x200.webp 300w, https:\/\/d2p6e6u75xmxt8.cloudfront.net\/13\/2024\/12\/jak-vybrat-kolo-photo-pg-1623-1920--1024x683.webp 1024w, https:\/\/d2p6e6u75xmxt8.cloudfront.net\/13\/2024\/12\/jak-vybrat-kolo-photo-pg-1623-1920--768x512.webp 768w, https:\/\/d2p6e6u75xmxt8.cloudfront.net\/13\/2024\/12\/jak-vybrat-kolo-photo-pg-1623-1920--1536x1024.webp 1536w, https:\/\/d2p6e6u75xmxt8.cloudfront.net\/13\/2024\/12\/jak-vybrat-kolo-photo-pg-1623-1920--400x267.webp 400w, https:\/\/d2p6e6u75xmxt8.cloudfront.net\/13\/2024\/12\/jak-vybrat-kolo-photo-pg-1623-1920--272x182.webp 272w\" sizes=\"auto, (max-width: 1600px) 100vw, 1600px\" \/><\/a><figcaption id=\"caption-attachment-27769\" class=\"wp-caption-text\"><em>Horsk\u00e9 kolo versus gravel? \u010casto jsou tyto duely vid\u011bt i v amat\u00e9rsk\u00fdch z\u00e1vodech. Foto: gravelseries.cz<\/em><\/figcaption><\/figure>\n<p>Dramatickou prom\u011bnou pro\u0161ly MTB stroje v p\u0159\u00edpad\u011b velikosti kol. D\u0159\u00edve zab\u011bhnut\u00e9 \u0161estadvac\u00edtky postupn\u011b nahradila velikost 27,5 a z\u00e1hy dokonce 29, co\u017e je moment\u00e1ln\u011b prakticky standard. Dev\u011btadvac\u00edtky l\u00e9pe zvl\u00e1daj\u00ed p\u0159ek\u00e1\u017eky p\u0159i j\u00edzd\u011b. Ko\u0159eny, \u00falomky v\u011btv\u00ed, v\u00fdmoly, hroudy hl\u00edny a v\u011bt\u0161\u00ed nerovnosti doslova &#8222;p\u0159e\u017eehl\u00edte&#8220;. M\u00e1te v\u011bt\u0161\u00ed p\u0159ilnavost kola, vy\u0161\u0161\u00ed setrva\u010dnost.<\/p>\n<p>V\u011bt\u0161ina horsk\u00fdch kol je nyn\u00ed nab\u00edzena s jedn\u00edm p\u0159evodn\u00edkem a kazetami s velk\u00fdm rozsahem, aby v\u00e1m poskytly dostatek p\u0159evod\u016f pro strm\u00e1 a technick\u00e1 stoup\u00e1n\u00ed.<\/p>\n<h2><strong>Jak vybrat kolo? Zohledn\u011bte ter\u00e9n<\/strong><\/h2>\n<p>Na horsk\u00e9m kole je b\u011b\u017en\u00e9 pou\u017e\u00edvat r\u016fzn\u00e9 pneumatiky vp\u0159edu a vzadu. Optimalizujete tak p\u0159ilnavost p\u0159edn\u00edho kola a rychlost vzadu. I kdy\u017e to d\u00e1v\u00e1 dokonal\u00fd smysl, nezd\u00e1 se, \u017ee by se tento trend zat\u00edm dostal k j\u00edzd\u011b na \u0161otolin\u011b, kde maj\u00ed jezdci tendenci pou\u017e\u00edvat stejn\u00e9 pneumatiky na obou kolech, stejn\u011b jako na silnici.<\/p>\n<p>\u0158\u00edd\u00edtka horsk\u00fdch kol nab\u00edz\u00ed \u0161ir\u0161\u00ed a stabiln\u011bj\u0161\u00ed pozici, kter\u00e1 se l\u00e9pe hod\u00ed do drsn\u00e9ho a technick\u00e9ho ter\u00e9nu. V dne\u0161n\u00ed dob\u011b v\u011bt\u0161inou maj\u00ed horsk\u00e1 kola mnohem krat\u0161\u00ed p\u0159edstavce ne\u017e gravel kola, co\u017e nab\u00edz\u00ed vzp\u0159\u00edmen\u011bj\u0161\u00ed pozici a lep\u0161\u00ed stabilitu \u0159\u00edzen\u00ed v drsn\u00e9m ter\u00e9nu.<\/p>\n<div class=\"shortcode-ys-post-pinup\"><article class=\"loop-simple post-27631 post type-post status-publish format-standard has-post-thumbnail hentry category-silnicni-cyklistika tag-cykliste-bez-prace tag-cyklistika tag-sestupovy-system tag-silnicni-cyklistika tag-tadej-pogacar tag-tour-de-france tag-world-tour tag-zachrana-world-tour global-categories-cycling\" data-postid=\"27631\" role=\"article\" data-post-id=\"27631\" data-word-count=\"461\" data-headline-length=\"41\" data-category=\"Silni\u010dn\u00ed cyklistika\" data-global-category=\"Cycling\" data-author=\"We Love Cycling\" data-published=\"2024-11-25T05:00:40+02:00\" data-published-day=\"Monday\">\n    <div class=\"entry-thumbnail article-thumbnail\" content=\"https:\/\/d2p6e6u75xmxt8.cloudfront.net\/13\/2024\/08\/profimedia-0876375803-150x150.webp\"><a href=\"https:\/\/www.welovecycling.com\/cs\/2024\/11\/25\/pogi-tym-lepsi-nez-polovina-pelotonu\/\" class=\"image-holder\" target=\"_self\"><img decoding=\"async\" loading=\"lazy\" class=\"\" src=\"https:\/\/d2p6e6u75xmxt8.cloudfront.net\/13\/2024\/08\/profimedia-0876375803-1024x683.webp\" srcset=\"https:\/\/d2p6e6u75xmxt8.cloudfront.net\/13\/2024\/08\/profimedia-0876375803.webp 1800w, https:\/\/d2p6e6u75xmxt8.cloudfront.net\/13\/2024\/08\/profimedia-0876375803-300x200.webp 300w, https:\/\/d2p6e6u75xmxt8.cloudfront.net\/13\/2024\/08\/profimedia-0876375803-1024x683.webp 1024w, https:\/\/d2p6e6u75xmxt8.cloudfront.net\/13\/2024\/08\/profimedia-0876375803-768x512.webp 768w, https:\/\/d2p6e6u75xmxt8.cloudfront.net\/13\/2024\/08\/profimedia-0876375803-1536x1024.webp 1536w, https:\/\/d2p6e6u75xmxt8.cloudfront.net\/13\/2024\/08\/profimedia-0876375803-400x267.webp 400w, https:\/\/d2p6e6u75xmxt8.cloudfront.net\/13\/2024\/08\/profimedia-0876375803-272x182.webp 272w\" width=\"1024\" height=\"683\" sizes=\"auto, (min-width: 1200px) 300px, (min-width: 768px) 25vw, 100vw\" alt=\"pogi-tym-lepsi-nez-polovina-pelotonu\"\/><\/a><\/div>    <div class=\"entry-meta\">\n        <a class=\"label label-secondary post-category\" href=\"https:\/\/www.welovecycling.com\/cs\/category\/silnicni-cyklistika\/\" title=\"Silni\u010dn\u00ed cyklistika\">Silni\u010dn\u00ed cyklistika<\/a>\n    <\/div>\n    <div class=\"entry-details\">\n        <a href=\"https:\/\/www.welovecycling.com\/cs\/2024\/11\/25\/pogi-tym-lepsi-nez-polovina-pelotonu\/\" class='entry-title-wrapper'>\n            <h3 class=\"entry-title\"><span>Pogi t\u00fdm lep\u0161\u00ed ne\u017e polovina pelotonu?<\/span><\/h3>\n        <\/a>\n    <\/div>\n    <\/article>\n<\/div>\n<p>Pokud prahnete po vylo\u017een\u011b adrenalinov\u00fdch z\u00e1\u017eitc\u00edch, pak se nab\u00edz\u00ed po\u0159\u00edzen\u00ed kola na downhill \u010di enduro, s nimi\u017e si u\u017eijete mnoho z\u00e1bavy. V\u011bt\u0161inou tyto stroje maj\u00ed teleskopickou sedlovku, co\u017e je specialita, kterou rozhodn\u011b nenajdete na silni\u010dn\u00edm kole a jen velmi vz\u00e1cn\u011b na gravel kole.<\/p>\n<p>Tak\u017ee jak vybrat kolo pro j\u00edzdu v ter\u00e9nu? Ve st\u0159edn\u011b technick\u00e9m ter\u00e9nu bude hardtail ur\u010dit\u011b vhodn\u011bj\u0161\u00ed ne\u017e gravel kolo. Naopak na hlad\u0161\u00edch povr\u0161\u00edch d\u00edky aerodynami\u010dt\u011bj\u0161\u00ed p\u0159edn\u00ed \u010d\u00e1sti ur\u010dit\u011b vyu\u017eijete sp\u00ed\u0161e gravel. V p\u0159\u00edpad\u011b drsn\u00fdch podm\u00ednek nebo strm\u00fdch stezek se vyplat\u00ed horsk\u00e9 kolo.<\/p>\n","protected":false},"excerpt":{"rendered":"<p>Chyst\u00e1te se na n\u00e1kup nov\u00e9ho bicyklu? Nejste zat\u00edm rozhodnut\u00ed pro konkr\u00e9tn\u00ed typ a \u0159e\u0161\u00edte, jak vybrat kolo? Jestli je pro [&hellip;]<\/p>\n","protected":false},"author":138,"featured_media":19260,"comment_status":"open","ping_status":"open","sticky":false,"template":"","format":"standard","meta":{"footnotes":""},"categories":[15],"tags":[126,2001,3947,56,1295,2615,3948,3037,9,1294,3949,240],"global-categories":[411],"class_list":["post-27767","post","type-post","status-publish","format-standard","has-post-thumbnail","hentry","category-rady-tipy","tag-cyklistika","tag-gravel","tag-gravel-kolo","tag-horska-cyklistika","tag-horske-kolo","tag-jak-vybrat-kolo","tag-mtb-kolo","tag-nove-kolo","tag-silnicni-cyklistika","tag-silnicni-kolo","tag-volba-kola","tag-vyber-kola","global-categories-cycling"],"yoast_head":"<!-- This site is optimized with the Yoast SEO Premium plugin v25.3 (Yoast SEO v25.9) - https:\/\/yoast.com\/wordpress\/plugins\/seo\/ -->\n<title>Jak vybrat kolo pod strome\u010dek? Je ide\u00e1ln\u00ed silni\u010dka, gravel nebo MTB? | \u0160koda We Love Cycling - \u010cesk\u00e1 republika<\/title>\n<meta name=\"description\" content=\"Chyst\u00e1te se na n\u00e1kup nov\u00e9ho bicyklu? Nejste rozhodnut\u00ed pro konkr\u00e9tn\u00ed typ a \u0159e\u0161\u00edte, jak vybrat kolo? Zda je ide\u00e1ln\u00ed silni\u010dka, gravel nebo MTB?\" \/>\n<meta name=\"robots\" content=\"index, follow, max-snippet:-1, max-image-preview:large, max-video-preview:-1\" \/>\n<link rel=\"canonical\" href=\"https:\/\/www.welovecycling.com\/cs\/2024\/12\/05\/jak-vybrat-kolo-je-pro-vas-idealni-silnicka-gravel-nebo-mtb\/\" \/>\n<meta property=\"og:locale\" content=\"cs_CZ\" \/>\n<meta property=\"og:type\" content=\"article\" \/>\n<meta property=\"og:title\" content=\"Jak vybrat kolo pod strome\u010dek? Je ide\u00e1ln\u00ed silni\u010dka, gravel nebo MTB?\" \/>\n<meta property=\"og:description\" content=\"Chyst\u00e1te se na n\u00e1kup nov\u00e9ho bicyklu? Nejste rozhodnut\u00ed pro konkr\u00e9tn\u00ed typ a \u0159e\u0161\u00edte, jak vybrat kolo? Zda je ide\u00e1ln\u00ed silni\u010dka, gravel nebo MTB?\" \/>\n<meta property=\"og:url\" content=\"https:\/\/www.welovecycling.com\/cs\/2024\/12\/05\/jak-vybrat-kolo-je-pro-vas-idealni-silnicka-gravel-nebo-mtb\/\" \/>\n<meta property=\"og:site_name\" content=\"\u0160koda We Love Cycling - \u010cesk\u00e1 republika\" \/>\n<meta property=\"article:published_time\" content=\"2024-12-05T03:00:12+00:00\" \/>\n<meta property=\"article:modified_time\" content=\"2024-12-05T11:01:39+00:00\" \/>\n<meta property=\"og:image\" content=\"https:\/\/d2p6e6u75xmxt8.cloudfront.net\/13\/2022\/10\/gravel-michal-cerveny-4.webp\" \/>\n\t<meta property=\"og:image:width\" content=\"2000\" \/>\n\t<meta property=\"og:image:height\" content=\"1333\" \/>\n\t<meta property=\"og:image:type\" content=\"image\/webp\" \/>\n<meta name=\"author\" content=\"radekmalina\" \/>\n<meta name=\"twitter:card\" content=\"summary_large_image\" \/>\n<meta name=\"twitter:label1\" content=\"Written by\" \/>\n\t<meta name=\"twitter:data1\" content=\"We Love Cycling\" \/>\n\t<meta name=\"twitter:label2\" content=\"Est. reading time\" \/>\n\t<meta name=\"twitter:data2\" content=\"5\" \/>\n<script type=\"application\/ld+json\" class=\"yoast-schema-graph\">{\"@context\":\"https:\/\/schema.org\",\"@graph\":[{\"@type\":\"WebPage\",\"@id\":\"https:\/\/www.welovecycling.com\/cs\/2024\/12\/05\/jak-vybrat-kolo-je-pro-vas-idealni-silnicka-gravel-nebo-mtb\/\",\"url\":\"https:\/\/www.welovecycling.com\/cs\/2024\/12\/05\/jak-vybrat-kolo-je-pro-vas-idealni-silnicka-gravel-nebo-mtb\/\",\"name\":\"Jak vybrat kolo pod strome\u010dek? Je ide\u00e1ln\u00ed silni\u010dka, gravel nebo MTB? | \u0160koda We Love Cycling - \u010cesk\u00e1 republika\",\"isPartOf\":{\"@id\":\"https:\/\/www.welovecycling.com\/cs\/#website\"},\"primaryImageOfPage\":{\"@id\":\"https:\/\/www.welovecycling.com\/cs\/2024\/12\/05\/jak-vybrat-kolo-je-pro-vas-idealni-silnicka-gravel-nebo-mtb\/#primaryimage\"},\"image\":{\"@id\":\"https:\/\/www.welovecycling.com\/cs\/2024\/12\/05\/jak-vybrat-kolo-je-pro-vas-idealni-silnicka-gravel-nebo-mtb\/#primaryimage\"},\"thumbnailUrl\":\"https:\/\/d2p6e6u75xmxt8.cloudfront.net\/13\/2022\/10\/gravel-michal-cerveny-4.webp\",\"datePublished\":\"2024-12-05T03:00:12+00:00\",\"dateModified\":\"2024-12-05T11:01:39+00:00\",\"author\":{\"@id\":\"https:\/\/www.welovecycling.com\/cs\/#\/schema\/person\/d9eeb0a378f3a7e4a6d12d2b536b04b8\"},\"description\":\"Chyst\u00e1te se na n\u00e1kup nov\u00e9ho bicyklu? Nejste rozhodnut\u00ed pro konkr\u00e9tn\u00ed typ a \u0159e\u0161\u00edte, jak vybrat kolo? Zda je ide\u00e1ln\u00ed silni\u010dka, gravel nebo MTB?\",\"inLanguage\":\"cs\",\"potentialAction\":[{\"@type\":\"ReadAction\",\"target\":[\"https:\/\/www.welovecycling.com\/cs\/2024\/12\/05\/jak-vybrat-kolo-je-pro-vas-idealni-silnicka-gravel-nebo-mtb\/\"]}]},{\"@type\":\"ImageObject\",\"inLanguage\":\"cs\",\"@id\":\"https:\/\/www.welovecycling.com\/cs\/2024\/12\/05\/jak-vybrat-kolo-je-pro-vas-idealni-silnicka-gravel-nebo-mtb\/#primaryimage\",\"url\":\"https:\/\/d2p6e6u75xmxt8.cloudfront.net\/13\/2022\/10\/gravel-michal-cerveny-4.webp\",\"contentUrl\":\"https:\/\/d2p6e6u75xmxt8.cloudfront.net\/13\/2022\/10\/gravel-michal-cerveny-4.webp\",\"width\":2000,\"height\":1333,\"caption\":\"Jak vybrat kolo\"},{\"@type\":\"WebSite\",\"@id\":\"https:\/\/www.welovecycling.com\/cs\/#website\",\"url\":\"https:\/\/www.welovecycling.com\/cs\/\",\"name\":\"\u0160koda We Love Cycling - \u010cesk\u00e1 republika\",\"description\":\"WeLoveCycling.cz je online magaz\u00edn, kter\u00fd v\u00e1m pravideln\u011b p\u0159in\u00e1\u0161\u00ed rady a tipy, zaj\u00edmav\u00e9 \u010dl\u00e1nky, videa a jedine\u010dn\u00e9 report\u00e1\u017ee ze sv\u011bta cyklistiky.\",\"potentialAction\":[{\"@type\":\"SearchAction\",\"target\":{\"@type\":\"EntryPoint\",\"urlTemplate\":\"https:\/\/www.welovecycling.com\/cs\/?s={search_term_string}\"},\"query-input\":{\"@type\":\"PropertyValueSpecification\",\"valueRequired\":true,\"valueName\":\"search_term_string\"}}],\"inLanguage\":\"cs\"},{\"@type\":\"Person\",\"@id\":\"https:\/\/www.welovecycling.com\/cs\/#\/schema\/person\/d9eeb0a378f3a7e4a6d12d2b536b04b8\",\"name\":\"radekmalina\",\"image\":{\"@type\":\"ImageObject\",\"inLanguage\":\"cs\",\"@id\":\"https:\/\/www.welovecycling.com\/cs\/#\/schema\/person\/image\/\",\"url\":\"https:\/\/secure.gravatar.com\/avatar\/66994b632cb8c39a46b9f54afa3ae07201b678d32a54275b6f1c9ffec356bfc0?s=96&d=mm&r=g\",\"contentUrl\":\"https:\/\/secure.gravatar.com\/avatar\/66994b632cb8c39a46b9f54afa3ae07201b678d32a54275b6f1c9ffec356bfc0?s=96&d=mm&r=g\",\"caption\":\"radekmalina\"},\"url\":\"https:\/\/www.welovecycling.com\/cs\/author\/radekmalina\/\"}]}<\/script>\n<!-- \/ Yoast SEO Premium plugin. -->","yoast_head_json":{"title":"Jak vybrat kolo pod strome\u010dek? Je ide\u00e1ln\u00ed silni\u010dka, gravel nebo MTB? | \u0160koda We Love Cycling - \u010cesk\u00e1 republika","description":"Chyst\u00e1te se na n\u00e1kup nov\u00e9ho bicyklu? Nejste rozhodnut\u00ed pro konkr\u00e9tn\u00ed typ a \u0159e\u0161\u00edte, jak vybrat kolo? Zda je ide\u00e1ln\u00ed silni\u010dka, gravel nebo MTB?","robots":{"index":"index","follow":"follow","max-snippet":"max-snippet:-1","max-image-preview":"max-image-preview:large","max-video-preview":"max-video-preview:-1"},"canonical":"https:\/\/www.welovecycling.com\/cs\/2024\/12\/05\/jak-vybrat-kolo-je-pro-vas-idealni-silnicka-gravel-nebo-mtb\/","og_locale":"cs_CZ","og_type":"article","og_title":"Jak vybrat kolo pod strome\u010dek? Je ide\u00e1ln\u00ed silni\u010dka, gravel nebo MTB?","og_description":"Chyst\u00e1te se na n\u00e1kup nov\u00e9ho bicyklu? Nejste rozhodnut\u00ed pro konkr\u00e9tn\u00ed typ a \u0159e\u0161\u00edte, jak vybrat kolo? Zda je ide\u00e1ln\u00ed silni\u010dka, gravel nebo MTB?","og_url":"https:\/\/www.welovecycling.com\/cs\/2024\/12\/05\/jak-vybrat-kolo-je-pro-vas-idealni-silnicka-gravel-nebo-mtb\/","og_site_name":"\u0160koda We Love Cycling - \u010cesk\u00e1 republika","article_published_time":"2024-12-05T03:00:12+00:00","article_modified_time":"2024-12-05T11:01:39+00:00","og_image":[{"width":2000,"height":1333,"url":"https:\/\/d2p6e6u75xmxt8.cloudfront.net\/13\/2022\/10\/gravel-michal-cerveny-4.webp","type":"image\/webp"}],"author":"radekmalina","twitter_card":"summary_large_image","twitter_misc":{"Written by":"We Love Cycling","Est. reading time":"5"},"schema":{"@context":"https:\/\/schema.org","@graph":[{"@type":"WebPage","@id":"https:\/\/www.welovecycling.com\/cs\/2024\/12\/05\/jak-vybrat-kolo-je-pro-vas-idealni-silnicka-gravel-nebo-mtb\/","url":"https:\/\/www.welovecycling.com\/cs\/2024\/12\/05\/jak-vybrat-kolo-je-pro-vas-idealni-silnicka-gravel-nebo-mtb\/","name":"Jak vybrat kolo pod strome\u010dek? Je ide\u00e1ln\u00ed silni\u010dka, gravel nebo MTB? | \u0160koda We Love Cycling - \u010cesk\u00e1 republika","isPartOf":{"@id":"https:\/\/www.welovecycling.com\/cs\/#website"},"primaryImageOfPage":{"@id":"https:\/\/www.welovecycling.com\/cs\/2024\/12\/05\/jak-vybrat-kolo-je-pro-vas-idealni-silnicka-gravel-nebo-mtb\/#primaryimage"},"image":{"@id":"https:\/\/www.welovecycling.com\/cs\/2024\/12\/05\/jak-vybrat-kolo-je-pro-vas-idealni-silnicka-gravel-nebo-mtb\/#primaryimage"},"thumbnailUrl":"https:\/\/d2p6e6u75xmxt8.cloudfront.net\/13\/2022\/10\/gravel-michal-cerveny-4.webp","datePublished":"2024-12-05T03:00:12+00:00","dateModified":"2024-12-05T11:01:39+00:00","author":{"@id":"https:\/\/www.welovecycling.com\/cs\/#\/schema\/person\/d9eeb0a378f3a7e4a6d12d2b536b04b8"},"description":"Chyst\u00e1te se na n\u00e1kup nov\u00e9ho bicyklu? Nejste rozhodnut\u00ed pro konkr\u00e9tn\u00ed typ a \u0159e\u0161\u00edte, jak vybrat kolo? Zda je ide\u00e1ln\u00ed silni\u010dka, gravel nebo MTB?","inLanguage":"cs","potentialAction":[{"@type":"ReadAction","target":["https:\/\/www.welovecycling.com\/cs\/2024\/12\/05\/jak-vybrat-kolo-je-pro-vas-idealni-silnicka-gravel-nebo-mtb\/"]}]},{"@type":"ImageObject","inLanguage":"cs","@id":"https:\/\/www.welovecycling.com\/cs\/2024\/12\/05\/jak-vybrat-kolo-je-pro-vas-idealni-silnicka-gravel-nebo-mtb\/#primaryimage","url":"https:\/\/d2p6e6u75xmxt8.cloudfront.net\/13\/2022\/10\/gravel-michal-cerveny-4.webp","contentUrl":"https:\/\/d2p6e6u75xmxt8.cloudfront.net\/13\/2022\/10\/gravel-michal-cerveny-4.webp","width":2000,"height":1333,"caption":"Jak vybrat kolo"},{"@type":"WebSite","@id":"https:\/\/www.welovecycling.com\/cs\/#website","url":"https:\/\/www.welovecycling.com\/cs\/","name":"\u0160koda We Love Cycling - \u010cesk\u00e1 republika","description":"WeLoveCycling.cz je online magaz\u00edn, kter\u00fd v\u00e1m pravideln\u011b p\u0159in\u00e1\u0161\u00ed rady a tipy, zaj\u00edmav\u00e9 \u010dl\u00e1nky, videa a jedine\u010dn\u00e9 report\u00e1\u017ee ze sv\u011bta cyklistiky.","potentialAction":[{"@type":"SearchAction","target":{"@type":"EntryPoint","urlTemplate":"https:\/\/www.welovecycling.com\/cs\/?s={search_term_string}"},"query-input":{"@type":"PropertyValueSpecification","valueRequired":true,"valueName":"search_term_string"}}],"inLanguage":"cs"},{"@type":"Person","@id":"https:\/\/www.welovecycling.com\/cs\/#\/schema\/person\/d9eeb0a378f3a7e4a6d12d2b536b04b8","name":"radekmalina","image":{"@type":"ImageObject","inLanguage":"cs","@id":"https:\/\/www.welovecycling.com\/cs\/#\/schema\/person\/image\/","url":"https:\/\/secure.gravatar.com\/avatar\/66994b632cb8c39a46b9f54afa3ae07201b678d32a54275b6f1c9ffec356bfc0?s=96&d=mm&r=g","contentUrl":"https:\/\/secure.gravatar.com\/avatar\/66994b632cb8c39a46b9f54afa3ae07201b678d32a54275b6f1c9ffec356bfc0?s=96&d=mm&r=g","caption":"radekmalina"},"url":"https:\/\/www.welovecycling.com\/cs\/author\/radekmalina\/"}]}},"_links":{"self":[{"href":"https:\/\/www.welovecycling.com\/cs\/wp-json\/wp\/v2\/posts\/27767","targetHints":{"allow":["GET"]}}],"collection":[{"href":"https:\/\/www.welovecycling.com\/cs\/wp-json\/wp\/v2\/posts"}],"about":[{"href":"https:\/\/www.welovecycling.com\/cs\/wp-json\/wp\/v2\/types\/post"}],"author":[{"embeddable":true,"href":"https:\/\/www.welovecycling.com\/cs\/wp-json\/wp\/v2\/users\/138"}],"replies":[{"embeddable":true,"href":"https:\/\/www.welovecycling.com\/cs\/wp-json\/wp\/v2\/comments?post=27767"}],"version-history":[{"count":6,"href":"https:\/\/www.welovecycling.com\/cs\/wp-json\/wp\/v2\/posts\/27767\/revisions"}],"predecessor-version":[{"id":27776,"href":"https:\/\/www.welovecycling.com\/cs\/wp-json\/wp\/v2\/posts\/27767\/revisions\/27776"}],"wp:featuredmedia":[{"embeddable":true,"href":"https:\/\/www.welovecycling.com\/cs\/wp-json\/wp\/v2\/media\/19260"}],"wp:attachment":[{"href":"https:\/\/www.welovecycling.com\/cs\/wp-json\/wp\/v2\/media?parent=27767"}],"wp:term":[{"taxonomy":"category","embeddable":true,"href":"https:\/\/www.welovecycling.com\/cs\/wp-json\/wp\/v2\/categories?post=27767"},{"taxonomy":"post_tag","embeddable":true,"href":"https:\/\/www.welovecycling.com\/cs\/wp-json\/wp\/v2\/tags?post=27767"},{"taxonomy":"global-categories","embeddable":true,"href":"https:\/\/www.welovecycling.com\/cs\/wp-json\/wp\/v2\/global-categories?post=27767"}],"curies":[{"name":"wp","href":"https:\/\/api.w.org\/{rel}","templated":true}]}}