{"id":27741,"date":"2024-12-03T00:10:02","date_gmt":"2024-12-02T22:10:02","guid":{"rendered":"https:\/\/www.welovecycling.com\/cs\/?p=27741"},"modified":"2024-12-03T00:10:29","modified_gmt":"2024-12-02T22:10:29","slug":"bradley-wiggins-mel-jsem-sebedestruktivni-myslenky-kdo-po-bankrotu-nabidl-uhrazeni-terapie","status":"publish","type":"post","link":"https:\/\/www.welovecycling.com\/cs\/2024\/12\/03\/bradley-wiggins-mel-jsem-sebedestruktivni-myslenky-kdo-po-bankrotu-nabidl-uhrazeni-terapie\/","title":{"rendered":"Bradley Wiggins: M\u011bl jsem sebedestruktivn\u00ed my\u0161lenky! Kdo po bankrotu nab\u00eddl \u00fahradu terapie?"},"content":{"rendered":"<p><strong>N\u011bkolik posledn\u00edch let bojoval s t\u011b\u017ek\u00fdmi du\u0161evn\u00edmi probl\u00e9my. M\u011bl sebedestruktivn\u00ed my\u0161lenky. Zbankrotoval a dlu\u017e\u00ed v p\u0159epo\u010dtu des\u00edtky milion\u016f korun. P\u0159itom m\u00e1 osm olympijsk\u00fdch medail\u00ed, jako prvn\u00ed cyklista z Velk\u00e9 Brit\u00e1nie vyhr\u00e1l Tour de France. A p\u0159ece m\u011bl Bradley Wiggins daleko ke \u0161t\u011bst\u00ed. Pomoc ne\u010dekan\u011b p\u0159i\u0161la zpoza oce\u00e1nu. Lance Armstrong, b\u00fdval\u00fd cyklista, nab\u00eddl \u0161ampionovi Grande Boucle z roku 2012 terapii v USA.<\/strong><\/p>\n<p>&#8222;Pro\u017eil jsem si n\u011bkolik hodn\u011b extr\u00e9mn\u00edch moment\u016f. Naposledy p\u0159ibli\u017en\u011b p\u0159ed rokem, kdy jsem byl mnoho dn\u00ed na velmi temn\u00e9m m\u00edst\u011b. Do\u0161lo to tak daleko, \u017ee m\u016fj syn Ben zas\u00e1hl a p\u0159inutil m\u011b, abych si uv\u011bdomil sebedestruktivn\u00ed my\u0161lenky,&#8220; vypov\u011bd\u011bl Bradley Wiggins, kter\u00fd b\u011bhem p\u011bti \u00fa\u010dast\u00ed v boj\u00edch pod p\u011bti kruhy nashrom\u00e1\u017edil p\u011bt zlat\u00fdch, jednu st\u0159\u00edbrnou a dv\u011b bronzov\u00e9 olympijsk\u00e9 medaile.<\/p>\n<h2><strong>Dlu\u017e\u00ed dva miliony liber<\/strong><\/h2>\n<p>Jeho pot\u00ed\u017ee se projevily v okam\u017eiku, kdy\u017e ukon\u010dil v roce 2016 profesion\u00e1ln\u00ed kari\u00e9ru. V\u0161e gradovalo. Wiggins ut\u00e1p\u011bl deprese v alkoholu. Z majetku v \u0159\u00e1dech n\u011bkolika stovek milion\u016f korun nez\u016fstalo nic. V obdob\u00ed b\u011bhem pandemie koronaviru se provalily ekonomick\u00e9 probl\u00e9my, do nich\u017e se dostal. V l\u00e9t\u011b 2024 vyhl\u00e1sil Bradley Wiggins bankrot. P\u0159i\u0161el o d\u016fm v Lancashiru, kter\u00fd je k m\u00e1n\u00ed v za milion liber. Stejn\u011b tak o d\u016fm na Mallorce. Man\u017eelka Catherine se s cyklistou rozvedla. Pr\u00e1vn\u00ed z\u00e1stupce britsk\u00e9ho cyklisty p\u0159ipustil, \u017ee jeho chr\u00e1n\u011bnec je prakticky bezdomovec a jednu dobu byl nucen p\u0159esp\u00e1vat u zn\u00e1m\u00fdch a rodinn\u00fdch p\u0159\u00edslu\u0161n\u00edk\u016f.<\/p>\n<p>Britsk\u00e1 m\u00e9dia spekuluji, zda bude Bradley Wiggins nucen prodat olympijsk\u00e9 medaile. P\u016fvodn\u011b \u010dinily dluhy milion liber, ov\u0161em p\u0159i vypo\u0159\u00e1d\u00e1n\u00ed se uk\u00e1zalo, \u017ee v r\u00e1mci konkurzn\u00edho \u0159\u00edzen\u00ed se jedn\u00e1 o \u010d\u00e1stku dva miliony liber bez t\u0159iadvaceti tis\u00edc.<\/p>\n<figure id=\"attachment_6915\" aria-describedby=\"caption-attachment-6915\" style=\"width: 1800px\" class=\"wp-caption alignnone\"><a href=\"https:\/\/d2p6e6u75xmxt8.cloudfront.net\/13\/2020\/04\/bradley-wiggins-kr\u00e1lovna.webp\"><img loading=\"lazy\" decoding=\"async\" class=\"size-full wp-image-6915\" src=\"https:\/\/d2p6e6u75xmxt8.cloudfront.net\/13\/2020\/04\/bradley-wiggins-kr\u00e1lovna.webp\" alt=\"Britsk\u00e1 kr\u00e1lovna Al\u017eb\u011bta II. a Bradley Wiggins, v\u00edt\u011bz Tour de France 2012, s man\u017eelkou Catherine. Foto: profimedia\" width=\"1800\" height=\"1198\" srcset=\"https:\/\/d2p6e6u75xmxt8.cloudfront.net\/13\/2020\/04\/bradley-wiggins-kr\u00e1lovna.webp 1800w, https:\/\/d2p6e6u75xmxt8.cloudfront.net\/13\/2020\/04\/bradley-wiggins-kr\u00e1lovna-300x200.webp 300w, https:\/\/d2p6e6u75xmxt8.cloudfront.net\/13\/2020\/04\/bradley-wiggins-kr\u00e1lovna-1024x682.webp 1024w, https:\/\/d2p6e6u75xmxt8.cloudfront.net\/13\/2020\/04\/bradley-wiggins-kr\u00e1lovna-768x511.webp 768w, https:\/\/d2p6e6u75xmxt8.cloudfront.net\/13\/2020\/04\/bradley-wiggins-kr\u00e1lovna-1536x1022.webp 1536w, https:\/\/d2p6e6u75xmxt8.cloudfront.net\/13\/2020\/04\/bradley-wiggins-kr\u00e1lovna-272x182.webp 272w\" sizes=\"auto, (max-width: 1800px) 100vw, 1800px\" \/><\/a><figcaption id=\"caption-attachment-6915\" class=\"wp-caption-text\"><em>Britsk\u00e1 kr\u00e1lovna Al\u017eb\u011bta II. a Bradley Wiggins, v\u00edt\u011bz Tour de France 2012, s man\u017eelkou Catherine. Foto: profimedia<\/em><\/figcaption><\/figure>\n<p>&#8222;Nev\u011bnoval jsem dostatek pozornosti sv\u00fdm finan\u010dn\u00edm operac\u00edm,&#8220; prohl\u00e1sil v podcastu Lance Armstronga, za n\u00edm\u017e odcestoval do USA. Pr\u00e1v\u011b b\u00fdval\u00fd sedmin\u00e1sobn\u00fd v\u00edt\u011bz Tour de France se rozhodl financovat l\u00e9\u010dbu du\u0161evn\u00edch pot\u00ed\u017e\u00ed britsk\u00e9ho \u0161ampiona. &#8222;Lance Armstrong mi nab\u00eddl, \u017ee pro m\u011b zaplat\u00ed terapii v Atlant\u011b. Chce mi pomoci vybudovat znovu m\u016fj \u017eivot,&#8220; pronesl Bradley Wiggins v podcastu High Performance, kter\u00fd moderovali b\u00fdval\u00fd moder\u00e1tor BBC a BT Sport Jake Humphrey a spisovatel Damian Hughes.<\/p>\n<p>&#8222;Dlouho jsem vinil ze sv\u00fdch probl\u00e9m\u016f cyklistiku. Sv\u016fj \u00fasp\u011bch. Ale u\u017e v\u00edm, \u017ee to bylo jinak. Moment\u00e1ln\u011b se sna\u017e\u00edm vid\u011bt cyklistiku jako soci\u00e1ln\u00ed prvek,&#8220; prohl\u00e1sil Bradley Wiggins.<\/p>\n<h2><strong>Byl jsem na konci sv\u011bta, p\u0159iznal Bradley Wiggins<\/strong><\/h2>\n<p>Otev\u0159en\u011b p\u0159iznal, \u017ee jej ni\u010dila \u017e\u00e1rlivost jeho otce. Garry Wiggins, rovn\u011b\u017e b\u00fdval\u00fd cyklista, opustil rodinu je\u0161t\u011b ne\u017e Bradley Wiggins oslavil druh\u00e9 narozeniny. Byl t\u011b\u017ek\u00fd alkoholik a l\u00e1ska k alkoholu jej nakonec st\u00e1la \u017eivot.<\/p>\n<figure id=\"attachment_6916\" aria-describedby=\"caption-attachment-6916\" style=\"width: 1624px\" class=\"wp-caption alignnone\"><a href=\"https:\/\/d2p6e6u75xmxt8.cloudfront.net\/13\/2020\/04\/bradley-wiggins-\u017elut\u00fd-trikot-tour-de-france.webp\"><img loading=\"lazy\" decoding=\"async\" class=\"size-full wp-image-6916\" src=\"https:\/\/d2p6e6u75xmxt8.cloudfront.net\/13\/2020\/04\/bradley-wiggins-\u017elut\u00fd-trikot-tour-de-france.webp\" alt=\"Bradley Wiggins ve \u017elut\u00e9m trikotu l\u00eddra Tour de France. Foto: profimedia\" width=\"1624\" height=\"1800\" srcset=\"https:\/\/d2p6e6u75xmxt8.cloudfront.net\/13\/2020\/04\/bradley-wiggins-\u017elut\u00fd-trikot-tour-de-france.webp 1624w, https:\/\/d2p6e6u75xmxt8.cloudfront.net\/13\/2020\/04\/bradley-wiggins-\u017elut\u00fd-trikot-tour-de-france-271x300.webp 271w, https:\/\/d2p6e6u75xmxt8.cloudfront.net\/13\/2020\/04\/bradley-wiggins-\u017elut\u00fd-trikot-tour-de-france-924x1024.webp 924w, https:\/\/d2p6e6u75xmxt8.cloudfront.net\/13\/2020\/04\/bradley-wiggins-\u017elut\u00fd-trikot-tour-de-france-768x851.webp 768w, https:\/\/d2p6e6u75xmxt8.cloudfront.net\/13\/2020\/04\/bradley-wiggins-\u017elut\u00fd-trikot-tour-de-france-1386x1536.webp 1386w\" sizes=\"auto, (max-width: 1624px) 100vw, 1624px\" \/><\/a><figcaption id=\"caption-attachment-6916\" class=\"wp-caption-text\">Bradley Wiggins ve \u017elut\u00e9m trikotu l\u00eddra Tour de France. Foto: profimedia<\/figcaption><\/figure>\n<p>Dal\u0161\u00ed du\u0161evn\u00ed pot\u00ed\u017ee osmin\u00e1sobn\u00e9ho olympijsk\u00e9ho medailisty zp\u016fsobilo fyzick\u00e9 t\u00fdr\u00e1n\u00ed tren\u00e9ra b\u011bhem dosp\u00edv\u00e1n\u00ed. &#8222;V\u017edy bylo n\u011bco, co mi d\u011blalo probl\u00e9my a d\u00e1valo d\u016fvod neb\u00fdt \u0161\u0165astn\u00fd. D\u00edky podpo\u0159e rodiny a p\u0159\u00e1tel jsem na spr\u00e1vn\u00e9 cest\u011b. Mus\u00edm p\u0159iznat, \u017ee jsem byl na konci sv\u011bta a vid\u011bl hodn\u011b temn\u00e1 m\u00edsta. Ale b\u011bhem posledn\u00edch p\u011bti let jsem si v\u0161e ut\u0159\u00eddil v hlav\u011b, p\u0159ijal odpov\u011bdnost za sv\u016fj \u017eivot,&#8220; pronesl <a href=\"https:\/\/www.welovecycling.com\/cs\/2024\/08\/15\/bradley-wiggins-o-bankrotu-nikdy-jsem-nevenoval-pozornost-financim\/\">Bradley Wiggins<\/a>.<\/p>\n<div class=\"shortcode-ys-post-pinup\"><article class=\"loop-simple post-19689 post type-post status-publish format-standard has-post-thumbnail hentry category-letape-czech-republic category-silnicni-cyklistika tag-ambasador-letape-czech-republic-by-tour-de-france-2023 tag-bradley-wiggins tag-cyklistika tag-drahova-cyklistika tag-letape-czech-republic-by-le-tour-de-france-2023 tag-rytir tag-silnicni-cyklistika tag-tour-de-france global-categories-cycling\" data-postid=\"19689\" role=\"article\" data-post-id=\"19689\" data-word-count=\"1207\" data-headline-length=\"94\" data-category=\"L&#039;Etape Czech Republic\" data-global-category=\"Cycling\" data-author=\"Radek Malina\" data-published=\"2022-11-23T13:09:14+02:00\" data-published-day=\"Wednesday\">\n    <div class=\"entry-thumbnail article-thumbnail\" content=\"https:\/\/d2p6e6u75xmxt8.cloudfront.net\/13\/2022\/11\/Wiggin-titulprofimedia-0138388246-150x150.webp\"><a href=\"https:\/\/www.welovecycling.com\/cs\/2022\/11\/23\/bradley-wiggins-po-zlatem-vylovu-propadl-alkoholu-aby-se-vratil-jako-kral-tour-de-france\/\" class=\"image-holder\" target=\"_self\"><img decoding=\"async\" loading=\"lazy\" class=\"\" src=\"https:\/\/d2p6e6u75xmxt8.cloudfront.net\/13\/2022\/11\/Wiggin-titulprofimedia-0138388246-1024x682.webp\" srcset=\"https:\/\/d2p6e6u75xmxt8.cloudfront.net\/13\/2022\/11\/Wiggin-titulprofimedia-0138388246.webp 1800w, https:\/\/d2p6e6u75xmxt8.cloudfront.net\/13\/2022\/11\/Wiggin-titulprofimedia-0138388246-300x200.webp 300w, https:\/\/d2p6e6u75xmxt8.cloudfront.net\/13\/2022\/11\/Wiggin-titulprofimedia-0138388246-1024x682.webp 1024w, https:\/\/d2p6e6u75xmxt8.cloudfront.net\/13\/2022\/11\/Wiggin-titulprofimedia-0138388246-768x511.webp 768w, https:\/\/d2p6e6u75xmxt8.cloudfront.net\/13\/2022\/11\/Wiggin-titulprofimedia-0138388246-1536x1022.webp 1536w, https:\/\/d2p6e6u75xmxt8.cloudfront.net\/13\/2022\/11\/Wiggin-titulprofimedia-0138388246-272x182.webp 272w\" width=\"1024\" height=\"682\" sizes=\"auto, (min-width: 1200px) 300px, (min-width: 768px) 25vw, 100vw\" alt=\"bradley-wiggins-po-zlatem-vylovu-propadl-alkoholu-aby-se-vratil-jako-kral-tour-de-france\"\/><\/a><\/div>    <div class=\"entry-meta\">\n        <a class=\"label label-secondary post-category\" href=\"https:\/\/www.welovecycling.com\/cs\/category\/letape-czech-republic\/\" title=\"L'Etape Czech Republic\">L'Etape Czech Republic<\/a>\n    <\/div>\n    <div class=\"entry-details\">\n        <a href=\"https:\/\/www.welovecycling.com\/cs\/2022\/11\/23\/bradley-wiggins-po-zlatem-vylovu-propadl-alkoholu-aby-se-vratil-jako-kral-tour-de-france\/\" class='entry-title-wrapper'>\n            <h3 class=\"entry-title\"><span>Bradley Wiggins: po zlat\u00e9m v\u00fdlovu propadl alkoholu, aby se vr\u00e1til jako kr\u00e1l Tour de France<\/span><\/h3>\n        <\/a>\n    <\/div>\n    <\/article>\n<\/div>\n<p>B\u011bhem sv\u00e9 zpov\u011bdi se zastal i zneuznan\u00e9ho \u0161ampiona Tour de France, jemu\u017e byly po p\u0159izn\u00e1n\u00ed k u\u017e\u00edv\u00e1n\u00ed dopingu v pr\u016fb\u011bhu velk\u00e9 \u010d\u00e1sti kari\u00e9ry odebr\u00e1ny v\u0161echny triumfy z Tour de France. &#8222;Trest pro Armstronga byl nep\u0159im\u011b\u0159en\u00fd. Nechci ho omlouvat. Neschvaluji u\u017e\u00edv\u00e1n\u00ed dopingu za \u00fa\u010delem zv\u00fd\u0161en\u00ed v\u00fdkonnosti. Ale trest ztr\u00e1ty v\u0161ech v\u00fdsledk\u016f a do\u017eivotn\u00edho z\u00e1kazu organizovan\u00e9ho sportu je pon\u011bkud nep\u0159im\u011b\u0159en\u00fd, pokud si uv\u011bdom\u00edme, co n\u011bkter\u00fdm lidem tohoto sv\u011bta proch\u00e1z\u00ed,&#8220; prohl\u00e1sil <a href=\"https:\/\/www.procyclingstats.com\/rider\/bradley-wiggins\">Bradley Wiggins<\/a>. &#8222;Lance je \u017eenat\u00fd, je to t\u00e1ta p\u011bti d\u011bn\u00ed. M\u00e1 srdce.&#8220;<\/p>\n","protected":false},"excerpt":{"rendered":"<p>N\u011bkolik posledn\u00edch let bojoval s t\u011b\u017ek\u00fdmi du\u0161evn\u00edmi probl\u00e9my. M\u011bl sebedestruktivn\u00ed my\u0161lenky. Zbankrotoval a dlu\u017e\u00ed v p\u0159epo\u010dtu des\u00edtky milion\u016f korun. P\u0159itom [&hellip;]<\/p>\n","protected":false},"author":138,"featured_media":27742,"comment_status":"open","ping_status":"open","sticky":false,"template":"","format":"standard","meta":{"footnotes":""},"categories":[1711],"tags":[3749,896,126,3943,242,9,23,67],"global-categories":[411],"class_list":["post-27741","post","type-post","status-publish","format-standard","has-post-thumbnail","hentry","category-tour-de-france","tag-bankrot","tag-bradley-wiggins","tag-cyklistika","tag-dusevni-problemy","tag-lance-armstrong","tag-silnicni-cyklistika","tag-tour-de-france","tag-zdravi-a-trenink","global-categories-cycling"],"yoast_head":"<!-- This site is optimized with the Yoast SEO Premium plugin v25.3 (Yoast SEO v25.9) - https:\/\/yoast.com\/wordpress\/plugins\/seo\/ -->\n<title>Bradley Wiggins: M\u011bl jsem sebedestruktivn\u00ed my\u0161lenky! Kdo po bankrotu nab\u00eddl \u00fahradu terapie? | \u0160koda We Love Cycling - \u010cesk\u00e1 republika<\/title>\n<meta name=\"description\" content=\"Bojoval s du\u0161evn\u00edmi probl\u00e9my. M\u011bl sebedestruktivn\u00ed my\u0161lenky. P\u0159itom m\u00e1 osm olympijsk\u00fdch medail\u00ed a vyhr\u00e1l Tour de France. A p\u0159ece m\u011bl Bradley Wiggins daleko ke \u0161t\u011bst\u00ed.\" \/>\n<meta name=\"robots\" content=\"index, follow, max-snippet:-1, max-image-preview:large, max-video-preview:-1\" \/>\n<link rel=\"canonical\" href=\"https:\/\/www.welovecycling.com\/cs\/2024\/12\/03\/bradley-wiggins-mel-jsem-sebedestruktivni-myslenky-kdo-po-bankrotu-nabidl-uhrazeni-terapie\/\" \/>\n<meta property=\"og:locale\" content=\"cs_CZ\" \/>\n<meta property=\"og:type\" content=\"article\" \/>\n<meta property=\"og:title\" content=\"Bradley Wiggins: M\u011bl jsem sebedestruktivn\u00ed my\u0161lenky! Kdo po bankrotu nab\u00eddl \u00fahradu terapie?\" \/>\n<meta property=\"og:description\" content=\"Bojoval s du\u0161evn\u00edmi probl\u00e9my. M\u011bl sebedestruktivn\u00ed my\u0161lenky. P\u0159itom m\u00e1 osm olympijsk\u00fdch medail\u00ed a vyhr\u00e1l Tour de France. A p\u0159ece m\u011bl Bradley Wiggins daleko ke \u0161t\u011bst\u00ed.\" \/>\n<meta property=\"og:url\" content=\"https:\/\/www.welovecycling.com\/cs\/2024\/12\/03\/bradley-wiggins-mel-jsem-sebedestruktivni-myslenky-kdo-po-bankrotu-nabidl-uhrazeni-terapie\/\" \/>\n<meta property=\"og:site_name\" content=\"\u0160koda We Love Cycling - \u010cesk\u00e1 republika\" \/>\n<meta property=\"article:published_time\" content=\"2024-12-02T22:10:02+00:00\" \/>\n<meta property=\"article:modified_time\" content=\"2024-12-02T22:10:29+00:00\" \/>\n<meta property=\"og:image\" content=\"https:\/\/d2p6e6u75xmxt8.cloudfront.net\/13\/2024\/12\/profimedia-0754596905.webp\" \/>\n\t<meta property=\"og:image:width\" content=\"1800\" \/>\n\t<meta property=\"og:image:height\" content=\"1330\" \/>\n\t<meta property=\"og:image:type\" content=\"image\/webp\" \/>\n<meta name=\"author\" content=\"radekmalina\" \/>\n<meta name=\"twitter:card\" content=\"summary_large_image\" \/>\n<meta name=\"twitter:label1\" content=\"Written by\" \/>\n\t<meta name=\"twitter:data1\" content=\"Radek Malina\" \/>\n\t<meta name=\"twitter:label2\" content=\"Est. reading time\" \/>\n\t<meta name=\"twitter:data2\" content=\"7\" \/>\n<script type=\"application\/ld+json\" class=\"yoast-schema-graph\">{\"@context\":\"https:\/\/schema.org\",\"@graph\":[{\"@type\":\"WebPage\",\"@id\":\"https:\/\/www.welovecycling.com\/cs\/2024\/12\/03\/bradley-wiggins-mel-jsem-sebedestruktivni-myslenky-kdo-po-bankrotu-nabidl-uhrazeni-terapie\/\",\"url\":\"https:\/\/www.welovecycling.com\/cs\/2024\/12\/03\/bradley-wiggins-mel-jsem-sebedestruktivni-myslenky-kdo-po-bankrotu-nabidl-uhrazeni-terapie\/\",\"name\":\"Bradley Wiggins: M\u011bl jsem sebedestruktivn\u00ed my\u0161lenky! Kdo po bankrotu nab\u00eddl \u00fahradu terapie? | \u0160koda We Love Cycling - \u010cesk\u00e1 republika\",\"isPartOf\":{\"@id\":\"https:\/\/www.welovecycling.com\/cs\/#website\"},\"primaryImageOfPage\":{\"@id\":\"https:\/\/www.welovecycling.com\/cs\/2024\/12\/03\/bradley-wiggins-mel-jsem-sebedestruktivni-myslenky-kdo-po-bankrotu-nabidl-uhrazeni-terapie\/#primaryimage\"},\"image\":{\"@id\":\"https:\/\/www.welovecycling.com\/cs\/2024\/12\/03\/bradley-wiggins-mel-jsem-sebedestruktivni-myslenky-kdo-po-bankrotu-nabidl-uhrazeni-terapie\/#primaryimage\"},\"thumbnailUrl\":\"https:\/\/d2p6e6u75xmxt8.cloudfront.net\/13\/2024\/12\/profimedia-0754596905.webp\",\"datePublished\":\"2024-12-02T22:10:02+00:00\",\"dateModified\":\"2024-12-02T22:10:29+00:00\",\"author\":{\"@id\":\"https:\/\/www.welovecycling.com\/cs\/#\/schema\/person\/d9eeb0a378f3a7e4a6d12d2b536b04b8\"},\"description\":\"Bojoval s du\u0161evn\u00edmi probl\u00e9my. M\u011bl sebedestruktivn\u00ed my\u0161lenky. P\u0159itom m\u00e1 osm olympijsk\u00fdch medail\u00ed a vyhr\u00e1l Tour de France. A p\u0159ece m\u011bl Bradley Wiggins daleko ke \u0161t\u011bst\u00ed.\",\"inLanguage\":\"cs\",\"potentialAction\":[{\"@type\":\"ReadAction\",\"target\":[\"https:\/\/www.welovecycling.com\/cs\/2024\/12\/03\/bradley-wiggins-mel-jsem-sebedestruktivni-myslenky-kdo-po-bankrotu-nabidl-uhrazeni-terapie\/\"]}]},{\"@type\":\"ImageObject\",\"inLanguage\":\"cs\",\"@id\":\"https:\/\/www.welovecycling.com\/cs\/2024\/12\/03\/bradley-wiggins-mel-jsem-sebedestruktivni-myslenky-kdo-po-bankrotu-nabidl-uhrazeni-terapie\/#primaryimage\",\"url\":\"https:\/\/d2p6e6u75xmxt8.cloudfront.net\/13\/2024\/12\/profimedia-0754596905.webp\",\"contentUrl\":\"https:\/\/d2p6e6u75xmxt8.cloudfront.net\/13\/2024\/12\/profimedia-0754596905.webp\",\"width\":1800,\"height\":1330},{\"@type\":\"WebSite\",\"@id\":\"https:\/\/www.welovecycling.com\/cs\/#website\",\"url\":\"https:\/\/www.welovecycling.com\/cs\/\",\"name\":\"\u0160koda We Love Cycling - \u010cesk\u00e1 republika\",\"description\":\"WeLoveCycling.cz je online magaz\u00edn, kter\u00fd v\u00e1m pravideln\u011b p\u0159in\u00e1\u0161\u00ed rady a tipy, zaj\u00edmav\u00e9 \u010dl\u00e1nky, videa a jedine\u010dn\u00e9 report\u00e1\u017ee ze sv\u011bta cyklistiky.\",\"potentialAction\":[{\"@type\":\"SearchAction\",\"target\":{\"@type\":\"EntryPoint\",\"urlTemplate\":\"https:\/\/www.welovecycling.com\/cs\/?s={search_term_string}\"},\"query-input\":{\"@type\":\"PropertyValueSpecification\",\"valueRequired\":true,\"valueName\":\"search_term_string\"}}],\"inLanguage\":\"cs\"},{\"@type\":\"Person\",\"@id\":\"https:\/\/www.welovecycling.com\/cs\/#\/schema\/person\/d9eeb0a378f3a7e4a6d12d2b536b04b8\",\"name\":\"radekmalina\",\"image\":{\"@type\":\"ImageObject\",\"inLanguage\":\"cs\",\"@id\":\"https:\/\/www.welovecycling.com\/cs\/#\/schema\/person\/image\/\",\"url\":\"https:\/\/secure.gravatar.com\/avatar\/66994b632cb8c39a46b9f54afa3ae07201b678d32a54275b6f1c9ffec356bfc0?s=96&d=mm&r=g\",\"contentUrl\":\"https:\/\/secure.gravatar.com\/avatar\/66994b632cb8c39a46b9f54afa3ae07201b678d32a54275b6f1c9ffec356bfc0?s=96&d=mm&r=g\",\"caption\":\"radekmalina\"},\"url\":\"https:\/\/www.welovecycling.com\/cs\/author\/radekmalina\/\"}]}<\/script>\n<!-- \/ Yoast SEO Premium plugin. -->","yoast_head_json":{"title":"Bradley Wiggins: M\u011bl jsem sebedestruktivn\u00ed my\u0161lenky! Kdo po bankrotu nab\u00eddl \u00fahradu terapie? | \u0160koda We Love Cycling - \u010cesk\u00e1 republika","description":"Bojoval s du\u0161evn\u00edmi probl\u00e9my. M\u011bl sebedestruktivn\u00ed my\u0161lenky. P\u0159itom m\u00e1 osm olympijsk\u00fdch medail\u00ed a vyhr\u00e1l Tour de France. A p\u0159ece m\u011bl Bradley Wiggins daleko ke \u0161t\u011bst\u00ed.","robots":{"index":"index","follow":"follow","max-snippet":"max-snippet:-1","max-image-preview":"max-image-preview:large","max-video-preview":"max-video-preview:-1"},"canonical":"https:\/\/www.welovecycling.com\/cs\/2024\/12\/03\/bradley-wiggins-mel-jsem-sebedestruktivni-myslenky-kdo-po-bankrotu-nabidl-uhrazeni-terapie\/","og_locale":"cs_CZ","og_type":"article","og_title":"Bradley Wiggins: M\u011bl jsem sebedestruktivn\u00ed my\u0161lenky! Kdo po bankrotu nab\u00eddl \u00fahradu terapie?","og_description":"Bojoval s du\u0161evn\u00edmi probl\u00e9my. M\u011bl sebedestruktivn\u00ed my\u0161lenky. P\u0159itom m\u00e1 osm olympijsk\u00fdch medail\u00ed a vyhr\u00e1l Tour de France. A p\u0159ece m\u011bl Bradley Wiggins daleko ke \u0161t\u011bst\u00ed.","og_url":"https:\/\/www.welovecycling.com\/cs\/2024\/12\/03\/bradley-wiggins-mel-jsem-sebedestruktivni-myslenky-kdo-po-bankrotu-nabidl-uhrazeni-terapie\/","og_site_name":"\u0160koda We Love Cycling - \u010cesk\u00e1 republika","article_published_time":"2024-12-02T22:10:02+00:00","article_modified_time":"2024-12-02T22:10:29+00:00","og_image":[{"width":1800,"height":1330,"url":"https:\/\/d2p6e6u75xmxt8.cloudfront.net\/13\/2024\/12\/profimedia-0754596905.webp","type":"image\/webp"}],"author":"radekmalina","twitter_card":"summary_large_image","twitter_misc":{"Written by":"Radek Malina","Est. reading time":"7"},"schema":{"@context":"https:\/\/schema.org","@graph":[{"@type":"WebPage","@id":"https:\/\/www.welovecycling.com\/cs\/2024\/12\/03\/bradley-wiggins-mel-jsem-sebedestruktivni-myslenky-kdo-po-bankrotu-nabidl-uhrazeni-terapie\/","url":"https:\/\/www.welovecycling.com\/cs\/2024\/12\/03\/bradley-wiggins-mel-jsem-sebedestruktivni-myslenky-kdo-po-bankrotu-nabidl-uhrazeni-terapie\/","name":"Bradley Wiggins: M\u011bl jsem sebedestruktivn\u00ed my\u0161lenky! Kdo po bankrotu nab\u00eddl \u00fahradu terapie? | \u0160koda We Love Cycling - \u010cesk\u00e1 republika","isPartOf":{"@id":"https:\/\/www.welovecycling.com\/cs\/#website"},"primaryImageOfPage":{"@id":"https:\/\/www.welovecycling.com\/cs\/2024\/12\/03\/bradley-wiggins-mel-jsem-sebedestruktivni-myslenky-kdo-po-bankrotu-nabidl-uhrazeni-terapie\/#primaryimage"},"image":{"@id":"https:\/\/www.welovecycling.com\/cs\/2024\/12\/03\/bradley-wiggins-mel-jsem-sebedestruktivni-myslenky-kdo-po-bankrotu-nabidl-uhrazeni-terapie\/#primaryimage"},"thumbnailUrl":"https:\/\/d2p6e6u75xmxt8.cloudfront.net\/13\/2024\/12\/profimedia-0754596905.webp","datePublished":"2024-12-02T22:10:02+00:00","dateModified":"2024-12-02T22:10:29+00:00","author":{"@id":"https:\/\/www.welovecycling.com\/cs\/#\/schema\/person\/d9eeb0a378f3a7e4a6d12d2b536b04b8"},"description":"Bojoval s du\u0161evn\u00edmi probl\u00e9my. M\u011bl sebedestruktivn\u00ed my\u0161lenky. P\u0159itom m\u00e1 osm olympijsk\u00fdch medail\u00ed a vyhr\u00e1l Tour de France. A p\u0159ece m\u011bl Bradley Wiggins daleko ke \u0161t\u011bst\u00ed.","inLanguage":"cs","potentialAction":[{"@type":"ReadAction","target":["https:\/\/www.welovecycling.com\/cs\/2024\/12\/03\/bradley-wiggins-mel-jsem-sebedestruktivni-myslenky-kdo-po-bankrotu-nabidl-uhrazeni-terapie\/"]}]},{"@type":"ImageObject","inLanguage":"cs","@id":"https:\/\/www.welovecycling.com\/cs\/2024\/12\/03\/bradley-wiggins-mel-jsem-sebedestruktivni-myslenky-kdo-po-bankrotu-nabidl-uhrazeni-terapie\/#primaryimage","url":"https:\/\/d2p6e6u75xmxt8.cloudfront.net\/13\/2024\/12\/profimedia-0754596905.webp","contentUrl":"https:\/\/d2p6e6u75xmxt8.cloudfront.net\/13\/2024\/12\/profimedia-0754596905.webp","width":1800,"height":1330},{"@type":"WebSite","@id":"https:\/\/www.welovecycling.com\/cs\/#website","url":"https:\/\/www.welovecycling.com\/cs\/","name":"\u0160koda We Love Cycling - \u010cesk\u00e1 republika","description":"WeLoveCycling.cz je online magaz\u00edn, kter\u00fd v\u00e1m pravideln\u011b p\u0159in\u00e1\u0161\u00ed rady a tipy, zaj\u00edmav\u00e9 \u010dl\u00e1nky, videa a jedine\u010dn\u00e9 report\u00e1\u017ee ze sv\u011bta cyklistiky.","potentialAction":[{"@type":"SearchAction","target":{"@type":"EntryPoint","urlTemplate":"https:\/\/www.welovecycling.com\/cs\/?s={search_term_string}"},"query-input":{"@type":"PropertyValueSpecification","valueRequired":true,"valueName":"search_term_string"}}],"inLanguage":"cs"},{"@type":"Person","@id":"https:\/\/www.welovecycling.com\/cs\/#\/schema\/person\/d9eeb0a378f3a7e4a6d12d2b536b04b8","name":"radekmalina","image":{"@type":"ImageObject","inLanguage":"cs","@id":"https:\/\/www.welovecycling.com\/cs\/#\/schema\/person\/image\/","url":"https:\/\/secure.gravatar.com\/avatar\/66994b632cb8c39a46b9f54afa3ae07201b678d32a54275b6f1c9ffec356bfc0?s=96&d=mm&r=g","contentUrl":"https:\/\/secure.gravatar.com\/avatar\/66994b632cb8c39a46b9f54afa3ae07201b678d32a54275b6f1c9ffec356bfc0?s=96&d=mm&r=g","caption":"radekmalina"},"url":"https:\/\/www.welovecycling.com\/cs\/author\/radekmalina\/"}]}},"_links":{"self":[{"href":"https:\/\/www.welovecycling.com\/cs\/wp-json\/wp\/v2\/posts\/27741","targetHints":{"allow":["GET"]}}],"collection":[{"href":"https:\/\/www.welovecycling.com\/cs\/wp-json\/wp\/v2\/posts"}],"about":[{"href":"https:\/\/www.welovecycling.com\/cs\/wp-json\/wp\/v2\/types\/post"}],"author":[{"embeddable":true,"href":"https:\/\/www.welovecycling.com\/cs\/wp-json\/wp\/v2\/users\/138"}],"replies":[{"embeddable":true,"href":"https:\/\/www.welovecycling.com\/cs\/wp-json\/wp\/v2\/comments?post=27741"}],"version-history":[{"count":3,"href":"https:\/\/www.welovecycling.com\/cs\/wp-json\/wp\/v2\/posts\/27741\/revisions"}],"predecessor-version":[{"id":27744,"href":"https:\/\/www.welovecycling.com\/cs\/wp-json\/wp\/v2\/posts\/27741\/revisions\/27744"}],"wp:featuredmedia":[{"embeddable":true,"href":"https:\/\/www.welovecycling.com\/cs\/wp-json\/wp\/v2\/media\/27742"}],"wp:attachment":[{"href":"https:\/\/www.welovecycling.com\/cs\/wp-json\/wp\/v2\/media?parent=27741"}],"wp:term":[{"taxonomy":"category","embeddable":true,"href":"https:\/\/www.welovecycling.com\/cs\/wp-json\/wp\/v2\/categories?post=27741"},{"taxonomy":"post_tag","embeddable":true,"href":"https:\/\/www.welovecycling.com\/cs\/wp-json\/wp\/v2\/tags?post=27741"},{"taxonomy":"global-categories","embeddable":true,"href":"https:\/\/www.welovecycling.com\/cs\/wp-json\/wp\/v2\/global-categories?post=27741"}],"curies":[{"name":"wp","href":"https:\/\/api.w.org\/{rel}","templated":true}]}}