{"id":27686,"date":"2024-11-28T13:25:00","date_gmt":"2024-11-28T11:25:00","guid":{"rendered":"https:\/\/www.welovecycling.com\/cs\/?p=27686"},"modified":"2024-11-29T11:16:25","modified_gmt":"2024-11-29T09:16:25","slug":"peloton-musi-zpomalit-zada-reditel-tour-de-france-jaky-ma-plan","status":"publish","type":"post","link":"https:\/\/www.welovecycling.com\/cs\/2024\/11\/28\/peloton-musi-zpomalit-zada-reditel-tour-de-france-jaky-ma-plan\/","title":{"rendered":"Peloton mus\u00ed zpomalit, \u017e\u00e1d\u00e1 \u0159editel Tour de France. Jak\u00fd m\u00e1 pl\u00e1n?"},"content":{"rendered":"<p><strong>Stovkou ve sjezdu? Rutina! \u0160edes\u00e1t a\u017e sedmdes\u00e1t kilometr\u016f rameno na rameno ve spurtu? Standard. Cyklistika zrychluje. Zejm\u00e9na v p\u0159\u00edpad\u011b profesion\u00e1ln\u00edho pelotonu \u010d\u00edsla dramaticky rostou. A to p\u0159in\u00e1\u0161\u00ed i v\u011bt\u0161\u00ed rizika a nehody, kter\u00e9 maj\u00ed zdrcuj\u00edc\u00ed n\u00e1sledky v podob\u011b v\u00e1\u017en\u00fdch zran\u011bn\u00ed. N\u011bkdy jsou p\u00e1dy dokonce fat\u00e1ln\u00ed. Christian Prudhomme, \u0159editel Tour de France, chce, aby peloton zpomalil&#8230;<\/strong><\/p>\n<p>Profesion\u00e1ln\u00ed peloton zaznamenal dramatick\u00fd n\u00e1r\u016fst rychlosti. <a href=\"https:\/\/www.procyclingstats.com\/rider\/tadej-pogacar\/start\">Tadej Poga\u010dar<\/a>, slovinsk\u00fd fenom\u00e9n z t\u00fdmu UAE Emirates, m\u011bl p\u0159i v\u00edt\u011bzstv\u00ed na Tour de France 2024 pr\u016fm\u011brnou rychlost 41,82 kilometr\u016f v hodin\u011b. V sezon\u011b 2007 byla pr\u016fm\u011brn\u00e1 rychlost \u0161ampiona Grande Boucle Alberta Contadora 38,98 kilometr\u016f v hodin\u011b a v l\u00e9t\u011b 1984, tedy p\u0159ed \u010dty\u0159iceti lety, m\u011bl Lauren Fignon pr\u016fm\u011br 35,88 kilometr\u016f v hodin\u011b.<\/p>\n<h2><strong>Pro\u010d je peloton rychlej\u0161\u00ed?<\/strong><\/h2>\n<p>Podle anal\u00fdzy serveru ProCyclingStats byla p\u0159i z\u00e1vodech World Tour v roce 2024 pr\u016fm\u011brn\u00e1 rychlost pelotonu 42,3 kilometr\u016f v hodin\u011b. O deset let d\u0159\u00edve byl pr\u016fm\u011br 40 kilometr\u016f v hodin\u011b&#8230;<\/p>\n<p>Jak\u00e9 jsou d\u016fvody vy\u0161\u0161\u00edch rychlost\u00ed? Cyklist\u00e9 maj\u00ed k dispozici lep\u0161\u00ed materi\u00e1l. Kvalitn\u011bj\u0161\u00ed r\u00e1my, kvalitn\u011bj\u0161\u00ed kola, kvalitn\u011bj\u0161\u00ed komponenty. Jsou l\u00e9pe tr\u00e9novan\u00ed, l\u00e9pe se stravuj\u00ed, l\u00e9pe odpo\u010d\u00edvaj\u00ed, l\u00e9pe regeneruj\u00ed.<\/p>\n<div class=\"shortcode-ys-post-pinup\"><article class=\"loop-simple post-27631 post type-post status-publish format-standard has-post-thumbnail hentry category-silnicni-cyklistika tag-cykliste-bez-prace tag-cyklistika tag-sestupovy-system tag-silnicni-cyklistika tag-tadej-pogacar tag-tour-de-france tag-world-tour tag-zachrana-world-tour global-categories-cycling\" data-postid=\"27631\" role=\"article\" data-post-id=\"27631\" data-word-count=\"461\" data-headline-length=\"41\" data-category=\"Silni\u010dn\u00ed cyklistika\" data-global-category=\"Cycling\" data-author=\"We Love Cycling\" data-published=\"2024-11-25T05:00:40+02:00\" data-published-day=\"Monday\">\n    <div class=\"entry-thumbnail article-thumbnail\" content=\"https:\/\/d2p6e6u75xmxt8.cloudfront.net\/13\/2024\/08\/profimedia-0876375803-150x150.webp\"><a href=\"https:\/\/www.welovecycling.com\/cs\/2024\/11\/25\/pogi-tym-lepsi-nez-polovina-pelotonu\/\" class=\"image-holder\" target=\"_self\"><img decoding=\"async\" loading=\"lazy\" class=\"\" src=\"https:\/\/d2p6e6u75xmxt8.cloudfront.net\/13\/2024\/08\/profimedia-0876375803-1024x683.webp\" srcset=\"https:\/\/d2p6e6u75xmxt8.cloudfront.net\/13\/2024\/08\/profimedia-0876375803.webp 1800w, https:\/\/d2p6e6u75xmxt8.cloudfront.net\/13\/2024\/08\/profimedia-0876375803-300x200.webp 300w, https:\/\/d2p6e6u75xmxt8.cloudfront.net\/13\/2024\/08\/profimedia-0876375803-1024x683.webp 1024w, https:\/\/d2p6e6u75xmxt8.cloudfront.net\/13\/2024\/08\/profimedia-0876375803-768x512.webp 768w, https:\/\/d2p6e6u75xmxt8.cloudfront.net\/13\/2024\/08\/profimedia-0876375803-1536x1024.webp 1536w, https:\/\/d2p6e6u75xmxt8.cloudfront.net\/13\/2024\/08\/profimedia-0876375803-400x267.webp 400w, https:\/\/d2p6e6u75xmxt8.cloudfront.net\/13\/2024\/08\/profimedia-0876375803-272x182.webp 272w\" width=\"1024\" height=\"683\" sizes=\"auto, (min-width: 1200px) 300px, (min-width: 768px) 25vw, 100vw\" alt=\"pogi-tym-lepsi-nez-polovina-pelotonu\"\/><\/a><\/div>    <div class=\"entry-meta\">\n        <a class=\"label label-secondary post-category\" href=\"https:\/\/www.welovecycling.com\/cs\/category\/silnicni-cyklistika\/\" title=\"Silni\u010dn\u00ed cyklistika\">Silni\u010dn\u00ed cyklistika<\/a>\n    <\/div>\n    <div class=\"entry-details\">\n        <a href=\"https:\/\/www.welovecycling.com\/cs\/2024\/11\/25\/pogi-tym-lepsi-nez-polovina-pelotonu\/\" class='entry-title-wrapper'>\n            <h3 class=\"entry-title\"><span>Pogi t\u00fdm lep\u0161\u00ed ne\u017e polovina pelotonu?<\/span><\/h3>\n        <\/a>\n    <\/div>\n    <\/article>\n<\/div>\n<p>Tlak na \u00fasp\u011bch a v\u00edt\u011bzstv\u00ed je obrovsk\u00fd. Zat\u00edmco v minulosti n\u011bkter\u00e9 z\u00e1vody byly vylo\u017een\u011b na rozjet\u00ed a vylad\u011bn\u00ed z\u00e1vodn\u00edho tempa, v sou\u010dasnosti je ka\u017ed\u00fd den bitvou o smlouvu a budoucnost. Vy\u0161\u0161\u00ed rychlost p\u0159in\u00e1\u0161\u00ed \u010dast\u011bj\u0161\u00ed nehody. A z\u00e1va\u017en\u011bj\u0161\u00ed jsou i samotn\u00e9 karamboly, respektive jejich n\u00e1sledky.<\/p>\n<figure id=\"attachment_26241\" aria-describedby=\"caption-attachment-26241\" style=\"width: 1920px\" class=\"wp-caption alignnone\"><a href=\"https:\/\/d2p6e6u75xmxt8.cloudfront.net\/13\/2024\/07\/20240629TDF1060-A.S.O._Charly_Lopez-scaled.webp\"><img loading=\"lazy\" decoding=\"async\" class=\"size-extra-large wp-image-26241\" src=\"https:\/\/d2p6e6u75xmxt8.cloudfront.net\/13\/2024\/07\/20240629TDF1060-A.S.O._Charly_Lopez-1920x1279.webp\" alt=\"Jonas Vingegaard obklopen sv\u00fdmi domestiky v \u00favodn\u00ed etap\u011b Tour de France 2024. Foto: A.S.O.\/Charly Lopez\" width=\"1920\" height=\"1279\" srcset=\"https:\/\/d2p6e6u75xmxt8.cloudfront.net\/13\/2024\/07\/20240629TDF1060-A.S.O._Charly_Lopez-1920x1279.webp 1920w, https:\/\/d2p6e6u75xmxt8.cloudfront.net\/13\/2024\/07\/20240629TDF1060-A.S.O._Charly_Lopez-300x200.webp 300w, https:\/\/d2p6e6u75xmxt8.cloudfront.net\/13\/2024\/07\/20240629TDF1060-A.S.O._Charly_Lopez-1024x682.webp 1024w, https:\/\/d2p6e6u75xmxt8.cloudfront.net\/13\/2024\/07\/20240629TDF1060-A.S.O._Charly_Lopez-768x512.webp 768w, https:\/\/d2p6e6u75xmxt8.cloudfront.net\/13\/2024\/07\/20240629TDF1060-A.S.O._Charly_Lopez-1536x1023.webp 1536w, https:\/\/d2p6e6u75xmxt8.cloudfront.net\/13\/2024\/07\/20240629TDF1060-A.S.O._Charly_Lopez-2048x1364.webp 2048w, https:\/\/d2p6e6u75xmxt8.cloudfront.net\/13\/2024\/07\/20240629TDF1060-A.S.O._Charly_Lopez-400x267.webp 400w, https:\/\/d2p6e6u75xmxt8.cloudfront.net\/13\/2024\/07\/20240629TDF1060-A.S.O._Charly_Lopez-272x182.webp 272w, https:\/\/d2p6e6u75xmxt8.cloudfront.net\/13\/2024\/07\/20240629TDF1060-A.S.O._Charly_Lopez-1920x1279.webp 1920w\" sizes=\"auto, (max-width: 1920px) 100vw, 1920px\" \/><\/a><figcaption id=\"caption-attachment-26241\" class=\"wp-caption-text\"><em>Jonas Vingegaard obklopen sv\u00fdmi domestiky v \u00favodn\u00ed etap\u011b Tour de France 2024. Foto: A.S.O.\/Charly Lopez<\/em><\/figcaption><\/figure>\n<p>P\u0159i dubnov\u00e9m etap\u00e1ku v Baskicku p\u0159i hromadn\u00e9m karambolu z\u016fstaly le\u017eet nejv\u011bt\u0161\u00ed hv\u011bzdy World Tour a Jonas Vingegaard (Visma Lease a Bike) n\u00e1sledn\u011b p\u0159iznal, \u017ee se b\u00e1l o \u017eivot. M\u011bl prop\u00edchnutou pl\u00edci, pol\u00e1man\u00e1 \u017eebra, zlomenou kl\u00ed\u010dn\u00ed kost.<\/p>\n<p>Kdy\u017e jeho t\u00fdmov\u00fd par\u0165\u00e1k Wout van Aert ve sjezdu b\u011bhem Vuelty narazil do sk\u00e1ly, vyv\u00e1zl &#8222;jen&#8220; s poran\u011bn\u00edm \u010d\u00e9\u0161ky. Jen\u017ee se uk\u00e1zalo, \u017ee zran\u011bn\u00ed je mnohem dramati\u010dt\u011bj\u0161\u00ed. A belgick\u00fd cyklista se dosud k z\u00e1vod\u016fm nevr\u00e1til. P\u0159i mistrovstv\u00ed sv\u011bta ve \u0160v\u00fdcarsku si p\u00e1d Muriel Furrerov\u00e9 vybral nejvy\u0161\u0161\u00ed da\u0148, stejn\u011b jako kdy\u017e Gino M\u00e4der podlehl n\u00e1sledk\u016fm p\u00e1du p\u0159i p\u00e1t\u00e9 etap\u011b ve sjezdu z\u00e1vodu Kolem \u0160v\u00fdcarska 2023&#8230;<\/p>\n<h2><strong>Prudhomme si je v\u011bdom nebezpe\u010d\u00ed<\/strong><\/h2>\n<p>Christian Prudhomme, \u0159editel <a href=\"https:\/\/www.welovecycling.com\/cs\/2024\/10\/29\/tour-de-france-2025-uvod-bez-hor-navrat-legend-prevyseni-51-tisic-metru\/\">Tour de France<\/a>, nyn\u00ed na zased\u00e1n\u00ed organiz\u00e1tor\u016f z\u00e1vod\u016f (International Association of Cycling Race) p\u0159i\u0161el s po\u017eadavkem na zpomalen\u00ed pelotonu&#8230; Ano, boss nejv\u011bt\u0161\u00edho a nejsledovan\u011bj\u0161\u00edho z\u00e1vodu planety skute\u010dn\u011b po\u017eaduje, aby jezdci zpomalili.<\/p>\n<p>&#8222;Z\u00e1vody mus\u00edme l\u00e9pe pl\u00e1novat, l\u00e9pe organizovat. Ale je absolutn\u011b nezbytn\u00e9, aby se sn\u00ed\u017eila rychlost na rozumnou \u00farove\u0148,&#8220; uvedl Christian Prudhomme.<\/p>\n<figure id=\"attachment_25253\" aria-describedby=\"caption-attachment-25253\" style=\"width: 1200px\" class=\"wp-caption alignnone\"><a href=\"https:\/\/d2p6e6u75xmxt8.cloudfront.net\/13\/2024\/04\/profimedia-0848334378.webp\"><img loading=\"lazy\" decoding=\"async\" class=\"size-full wp-image-25253\" src=\"https:\/\/d2p6e6u75xmxt8.cloudfront.net\/13\/2024\/04\/profimedia-0848334378.webp\" alt=\"Hromadn\u00e9 p\u00e1dy d\u011bs\u00ed letos peloton od sam\u00e9ho \u00favodu sezony\" width=\"1200\" height=\"1800\" srcset=\"https:\/\/d2p6e6u75xmxt8.cloudfront.net\/13\/2024\/04\/profimedia-0848334378.webp 1200w, https:\/\/d2p6e6u75xmxt8.cloudfront.net\/13\/2024\/04\/profimedia-0848334378-200x300.webp 200w, https:\/\/d2p6e6u75xmxt8.cloudfront.net\/13\/2024\/04\/profimedia-0848334378-683x1024.webp 683w, https:\/\/d2p6e6u75xmxt8.cloudfront.net\/13\/2024\/04\/profimedia-0848334378-768x1152.webp 768w, https:\/\/d2p6e6u75xmxt8.cloudfront.net\/13\/2024\/04\/profimedia-0848334378-1024x1536.webp 1024w, https:\/\/d2p6e6u75xmxt8.cloudfront.net\/13\/2024\/04\/profimedia-0848334378-267x400.webp 267w\" sizes=\"auto, (max-width: 1200px) 100vw, 1200px\" \/><\/a><figcaption id=\"caption-attachment-25253\" class=\"wp-caption-text\"><em>Hromadn\u00e9 p\u00e1dy prov\u00e1zely peloton v cel\u00e9 sezon\u011b 2024.<\/em><\/figcaption><\/figure>\n<p>&#8222;Cyklist\u00e9 jezd\u00ed p\u0159\u00edli\u0161 rychle. \u010c\u00edm rychleji jedou, t\u00edm v\u011bt\u0161\u00ed je riziko. A pochopiteln\u011b i v\u011bt\u0161\u00ed nebezpe\u010d\u00ed pro cel\u00fd peloton,&#8220; pronesl \u0161\u00e9f Tour de France na zased\u00e1n\u00ed asociace v It\u00e1lii u jezera Lago di Garda. Extr\u00e9mn\u00ed rychlosti p\u0159ipomenul i ve spojitosti s rizikem pro \u0159idi\u010de cel\u00e9 kolony, proto\u017ee ve sjezdech z dlouh\u00fdch kopc\u016f mus\u00ed pochopiteln\u011b i doprovodn\u00e9 motocykly a osobn\u00ed automobily jezdit mimo\u0159\u00e1dn\u011b rychle, aby cyklisty neblokovaly.<\/p>\n<p>Jednu v\u011bc v\u0161ak neuvedl: jak rychlost cyklist\u016f omezit&#8230;<\/p>\n<p>Podle z\u00e1kulisn\u00edch informac\u00ed se mezi p\u0159edstaviteli nejv\u011bt\u0161\u00edch z\u00e1vod\u016f debatuje o mo\u017en\u00e9 podob\u011b zaveden\u00ed jak\u00e9hosi safety caru ve sjezdech. Kv\u016fli bezpe\u010dnosti by se jezdci mohli do\u010dkat um\u00edst\u011bn\u00ed lok\u00e1tor\u016f GPS na kola, aby organiz\u00e1to\u0159i dost\u00e1vali okam\u017eit\u011b informaci, kdy\u017e se n\u011bkter\u00fd ze z\u00e1vodn\u00edk\u016f p\u0159estane pohybovat. Do \u017ehav\u00e9ho t\u00e9matu bezpe\u010dnosti pat\u0159\u00ed i omezen\u00ed pou\u017e\u00edv\u00e1n\u00ed vys\u00edla\u010dek, co\u017e UCI u\u017e testovala b\u011bhem sezony 2024. Ov\u0161em v tomto p\u0159\u00edpad\u011b jsou t\u00fdmy z\u00e1sadn\u011b proti a peloton tak z\u0159ejm\u011b d\u00e1l bude v re\u017eii sportovn\u00edch \u0159editel\u016f.<\/p>\n","protected":false},"excerpt":{"rendered":"<p>Stovkou ve sjezdu? Rutina! \u0160edes\u00e1t a\u017e sedmdes\u00e1t kilometr\u016f rameno na rameno ve spurtu? Standard. Cyklistika zrychluje. Zejm\u00e9na v p\u0159\u00edpad\u011b profesion\u00e1ln\u00edho [&hellip;]<\/p>\n","protected":false},"author":138,"featured_media":22348,"comment_status":"open","ping_status":"open","sticky":false,"template":"","format":"standard","meta":{"footnotes":""},"categories":[1711],"tags":[860,126,3935,1745,3936,3934,9,23],"global-categories":[411],"class_list":["post-27686","post","type-post","status-publish","format-standard","has-post-thumbnail","hentry","category-tour-de-france","tag-christian-prudhomme","tag-cyklistika","tag-nehody-v-cyklistice","tag-peloton","tag-rychlost-cyklistu","tag-rychlost-pelotonu","tag-silnicni-cyklistika","tag-tour-de-france","global-categories-cycling"],"yoast_head":"<!-- This site is optimized with the Yoast SEO Premium plugin v25.3 (Yoast SEO v25.9) - https:\/\/yoast.com\/wordpress\/plugins\/seo\/ -->\n<title>Peloton mus\u00ed zpomalit, \u017e\u00e1d\u00e1 \u0159editel Tour de France. Jak\u00fd m\u00e1 pl\u00e1n? | \u0160koda We Love Cycling - \u010cesk\u00e1 republika<\/title>\n<meta name=\"description\" content=\"Stovkou ve sjezdu? Rutina! \u0160edes\u00e1t a\u017e sedmdes\u00e1t kilometr\u016f rameno na rameno ve spurtu? Standard. Cyklistika zrychluje. Zejm\u00e9na v p\u0159\u00edpad\u011b profesion\u00e1ln\u00edho pelotonu \u010d\u00edsla dramaticky rostou. A to p\u0159in\u00e1\u0161\u00ed i v\u011bt\u0161\u00ed rizika a nehody, kter\u00e9 maj\u00ed zdrcuj\u00edc\u00ed n\u00e1sledky v podob\u011b v\u00e1\u017en\u00fdch zran\u011bn\u00ed. N\u011bkdy jsou p\u00e1dy dokonce fat\u00e1ln\u00ed. Christian Prudhomme, \u0159editel Tour de France, chce, aby peloton zpomalil...\" \/>\n<meta name=\"robots\" content=\"index, follow, max-snippet:-1, max-image-preview:large, max-video-preview:-1\" \/>\n<link rel=\"canonical\" href=\"https:\/\/www.welovecycling.com\/cs\/2024\/11\/28\/peloton-musi-zpomalit-zada-reditel-tour-de-france-jaky-ma-plan\/\" \/>\n<meta property=\"og:locale\" content=\"cs_CZ\" \/>\n<meta property=\"og:type\" content=\"article\" \/>\n<meta property=\"og:title\" content=\"Peloton mus\u00ed zpomalit, \u017e\u00e1d\u00e1 \u0159editel Tour de France. Jak\u00fd m\u00e1 pl\u00e1n?\" \/>\n<meta property=\"og:description\" content=\"Stovkou ve sjezdu? Rutina! \u0160edes\u00e1t a\u017e sedmdes\u00e1t kilometr\u016f rameno na rameno ve spurtu? Standard. Cyklistika zrychluje. Zejm\u00e9na v p\u0159\u00edpad\u011b profesion\u00e1ln\u00edho pelotonu \u010d\u00edsla dramaticky rostou. A to p\u0159in\u00e1\u0161\u00ed i v\u011bt\u0161\u00ed rizika a nehody, kter\u00e9 maj\u00ed zdrcuj\u00edc\u00ed n\u00e1sledky v podob\u011b v\u00e1\u017en\u00fdch zran\u011bn\u00ed. N\u011bkdy jsou p\u00e1dy dokonce fat\u00e1ln\u00ed. Christian Prudhomme, \u0159editel Tour de France, chce, aby peloton zpomalil...\" \/>\n<meta property=\"og:url\" content=\"https:\/\/www.welovecycling.com\/cs\/2024\/11\/28\/peloton-musi-zpomalit-zada-reditel-tour-de-france-jaky-ma-plan\/\" \/>\n<meta property=\"og:site_name\" content=\"\u0160koda We Love Cycling - \u010cesk\u00e1 republika\" \/>\n<meta property=\"article:published_time\" content=\"2024-11-28T11:25:00+00:00\" \/>\n<meta property=\"article:modified_time\" content=\"2024-11-29T09:16:25+00:00\" \/>\n<meta property=\"og:image\" content=\"https:\/\/d2p6e6u75xmxt8.cloudfront.net\/13\/2023\/05\/profimedia-0774948949.webp\" \/>\n\t<meta property=\"og:image:width\" content=\"1800\" \/>\n\t<meta property=\"og:image:height\" content=\"1200\" \/>\n\t<meta property=\"og:image:type\" content=\"image\/webp\" \/>\n<meta name=\"author\" content=\"radekmalina\" \/>\n<meta name=\"twitter:card\" content=\"summary_large_image\" \/>\n<meta name=\"twitter:label1\" content=\"Written by\" \/>\n\t<meta name=\"twitter:data1\" content=\"We Love Cycling\" \/>\n\t<meta name=\"twitter:label2\" content=\"Est. reading time\" \/>\n\t<meta name=\"twitter:data2\" content=\"5\" \/>\n<script type=\"application\/ld+json\" class=\"yoast-schema-graph\">{\"@context\":\"https:\/\/schema.org\",\"@graph\":[{\"@type\":\"WebPage\",\"@id\":\"https:\/\/www.welovecycling.com\/cs\/2024\/11\/28\/peloton-musi-zpomalit-zada-reditel-tour-de-france-jaky-ma-plan\/\",\"url\":\"https:\/\/www.welovecycling.com\/cs\/2024\/11\/28\/peloton-musi-zpomalit-zada-reditel-tour-de-france-jaky-ma-plan\/\",\"name\":\"Peloton mus\u00ed zpomalit, \u017e\u00e1d\u00e1 \u0159editel Tour de France. Jak\u00fd m\u00e1 pl\u00e1n? | \u0160koda We Love Cycling - \u010cesk\u00e1 republika\",\"isPartOf\":{\"@id\":\"https:\/\/www.welovecycling.com\/cs\/#website\"},\"primaryImageOfPage\":{\"@id\":\"https:\/\/www.welovecycling.com\/cs\/2024\/11\/28\/peloton-musi-zpomalit-zada-reditel-tour-de-france-jaky-ma-plan\/#primaryimage\"},\"image\":{\"@id\":\"https:\/\/www.welovecycling.com\/cs\/2024\/11\/28\/peloton-musi-zpomalit-zada-reditel-tour-de-france-jaky-ma-plan\/#primaryimage\"},\"thumbnailUrl\":\"https:\/\/d2p6e6u75xmxt8.cloudfront.net\/13\/2023\/05\/profimedia-0774948949.webp\",\"datePublished\":\"2024-11-28T11:25:00+00:00\",\"dateModified\":\"2024-11-29T09:16:25+00:00\",\"author\":{\"@id\":\"https:\/\/www.welovecycling.com\/cs\/#\/schema\/person\/d9eeb0a378f3a7e4a6d12d2b536b04b8\"},\"description\":\"Stovkou ve sjezdu? Rutina! \u0160edes\u00e1t a\u017e sedmdes\u00e1t kilometr\u016f rameno na rameno ve spurtu? Standard. Cyklistika zrychluje. Zejm\u00e9na v p\u0159\u00edpad\u011b profesion\u00e1ln\u00edho pelotonu \u010d\u00edsla dramaticky rostou. A to p\u0159in\u00e1\u0161\u00ed i v\u011bt\u0161\u00ed rizika a nehody, kter\u00e9 maj\u00ed zdrcuj\u00edc\u00ed n\u00e1sledky v podob\u011b v\u00e1\u017en\u00fdch zran\u011bn\u00ed. N\u011bkdy jsou p\u00e1dy dokonce fat\u00e1ln\u00ed. Christian Prudhomme, \u0159editel Tour de France, chce, aby peloton zpomalil...\",\"inLanguage\":\"cs\",\"potentialAction\":[{\"@type\":\"ReadAction\",\"target\":[\"https:\/\/www.welovecycling.com\/cs\/2024\/11\/28\/peloton-musi-zpomalit-zada-reditel-tour-de-france-jaky-ma-plan\/\"]}]},{\"@type\":\"ImageObject\",\"inLanguage\":\"cs\",\"@id\":\"https:\/\/www.welovecycling.com\/cs\/2024\/11\/28\/peloton-musi-zpomalit-zada-reditel-tour-de-france-jaky-ma-plan\/#primaryimage\",\"url\":\"https:\/\/d2p6e6u75xmxt8.cloudfront.net\/13\/2023\/05\/profimedia-0774948949.webp\",\"contentUrl\":\"https:\/\/d2p6e6u75xmxt8.cloudfront.net\/13\/2023\/05\/profimedia-0774948949.webp\",\"width\":1800,\"height\":1200,\"caption\":\"Giro di Italia 2023 p\u0159ineslo mnoho dramatick\u00fdch okam\u017eik\u016f a drsn\u00fdch p\u00e1d\u016f. Nejv\u011bt\u0161\u00edm stra\u0161\u00e1kem se v\u0161ak zat\u00edm zd\u00e1 b\u00fdt covid. Foto: profimedia\"},{\"@type\":\"WebSite\",\"@id\":\"https:\/\/www.welovecycling.com\/cs\/#website\",\"url\":\"https:\/\/www.welovecycling.com\/cs\/\",\"name\":\"\u0160koda We Love Cycling - \u010cesk\u00e1 republika\",\"description\":\"WeLoveCycling.cz je online magaz\u00edn, kter\u00fd v\u00e1m pravideln\u011b p\u0159in\u00e1\u0161\u00ed rady a tipy, zaj\u00edmav\u00e9 \u010dl\u00e1nky, videa a jedine\u010dn\u00e9 report\u00e1\u017ee ze sv\u011bta cyklistiky.\",\"potentialAction\":[{\"@type\":\"SearchAction\",\"target\":{\"@type\":\"EntryPoint\",\"urlTemplate\":\"https:\/\/www.welovecycling.com\/cs\/?s={search_term_string}\"},\"query-input\":{\"@type\":\"PropertyValueSpecification\",\"valueRequired\":true,\"valueName\":\"search_term_string\"}}],\"inLanguage\":\"cs\"},{\"@type\":\"Person\",\"@id\":\"https:\/\/www.welovecycling.com\/cs\/#\/schema\/person\/d9eeb0a378f3a7e4a6d12d2b536b04b8\",\"name\":\"radekmalina\",\"image\":{\"@type\":\"ImageObject\",\"inLanguage\":\"cs\",\"@id\":\"https:\/\/www.welovecycling.com\/cs\/#\/schema\/person\/image\/\",\"url\":\"https:\/\/secure.gravatar.com\/avatar\/66994b632cb8c39a46b9f54afa3ae07201b678d32a54275b6f1c9ffec356bfc0?s=96&d=mm&r=g\",\"contentUrl\":\"https:\/\/secure.gravatar.com\/avatar\/66994b632cb8c39a46b9f54afa3ae07201b678d32a54275b6f1c9ffec356bfc0?s=96&d=mm&r=g\",\"caption\":\"radekmalina\"},\"url\":\"https:\/\/www.welovecycling.com\/cs\/author\/radekmalina\/\"}]}<\/script>\n<!-- \/ Yoast SEO Premium plugin. -->","yoast_head_json":{"title":"Peloton mus\u00ed zpomalit, \u017e\u00e1d\u00e1 \u0159editel Tour de France. Jak\u00fd m\u00e1 pl\u00e1n? | \u0160koda We Love Cycling - \u010cesk\u00e1 republika","description":"Stovkou ve sjezdu? Rutina! \u0160edes\u00e1t a\u017e sedmdes\u00e1t kilometr\u016f rameno na rameno ve spurtu? Standard. Cyklistika zrychluje. Zejm\u00e9na v p\u0159\u00edpad\u011b profesion\u00e1ln\u00edho pelotonu \u010d\u00edsla dramaticky rostou. A to p\u0159in\u00e1\u0161\u00ed i v\u011bt\u0161\u00ed rizika a nehody, kter\u00e9 maj\u00ed zdrcuj\u00edc\u00ed n\u00e1sledky v podob\u011b v\u00e1\u017en\u00fdch zran\u011bn\u00ed. N\u011bkdy jsou p\u00e1dy dokonce fat\u00e1ln\u00ed. Christian Prudhomme, \u0159editel Tour de France, chce, aby peloton zpomalil...","robots":{"index":"index","follow":"follow","max-snippet":"max-snippet:-1","max-image-preview":"max-image-preview:large","max-video-preview":"max-video-preview:-1"},"canonical":"https:\/\/www.welovecycling.com\/cs\/2024\/11\/28\/peloton-musi-zpomalit-zada-reditel-tour-de-france-jaky-ma-plan\/","og_locale":"cs_CZ","og_type":"article","og_title":"Peloton mus\u00ed zpomalit, \u017e\u00e1d\u00e1 \u0159editel Tour de France. Jak\u00fd m\u00e1 pl\u00e1n?","og_description":"Stovkou ve sjezdu? Rutina! \u0160edes\u00e1t a\u017e sedmdes\u00e1t kilometr\u016f rameno na rameno ve spurtu? Standard. Cyklistika zrychluje. Zejm\u00e9na v p\u0159\u00edpad\u011b profesion\u00e1ln\u00edho pelotonu \u010d\u00edsla dramaticky rostou. A to p\u0159in\u00e1\u0161\u00ed i v\u011bt\u0161\u00ed rizika a nehody, kter\u00e9 maj\u00ed zdrcuj\u00edc\u00ed n\u00e1sledky v podob\u011b v\u00e1\u017en\u00fdch zran\u011bn\u00ed. N\u011bkdy jsou p\u00e1dy dokonce fat\u00e1ln\u00ed. Christian Prudhomme, \u0159editel Tour de France, chce, aby peloton zpomalil...","og_url":"https:\/\/www.welovecycling.com\/cs\/2024\/11\/28\/peloton-musi-zpomalit-zada-reditel-tour-de-france-jaky-ma-plan\/","og_site_name":"\u0160koda We Love Cycling - \u010cesk\u00e1 republika","article_published_time":"2024-11-28T11:25:00+00:00","article_modified_time":"2024-11-29T09:16:25+00:00","og_image":[{"width":1800,"height":1200,"url":"https:\/\/d2p6e6u75xmxt8.cloudfront.net\/13\/2023\/05\/profimedia-0774948949.webp","type":"image\/webp"}],"author":"radekmalina","twitter_card":"summary_large_image","twitter_misc":{"Written by":"We Love Cycling","Est. reading time":"5"},"schema":{"@context":"https:\/\/schema.org","@graph":[{"@type":"WebPage","@id":"https:\/\/www.welovecycling.com\/cs\/2024\/11\/28\/peloton-musi-zpomalit-zada-reditel-tour-de-france-jaky-ma-plan\/","url":"https:\/\/www.welovecycling.com\/cs\/2024\/11\/28\/peloton-musi-zpomalit-zada-reditel-tour-de-france-jaky-ma-plan\/","name":"Peloton mus\u00ed zpomalit, \u017e\u00e1d\u00e1 \u0159editel Tour de France. Jak\u00fd m\u00e1 pl\u00e1n? | \u0160koda We Love Cycling - \u010cesk\u00e1 republika","isPartOf":{"@id":"https:\/\/www.welovecycling.com\/cs\/#website"},"primaryImageOfPage":{"@id":"https:\/\/www.welovecycling.com\/cs\/2024\/11\/28\/peloton-musi-zpomalit-zada-reditel-tour-de-france-jaky-ma-plan\/#primaryimage"},"image":{"@id":"https:\/\/www.welovecycling.com\/cs\/2024\/11\/28\/peloton-musi-zpomalit-zada-reditel-tour-de-france-jaky-ma-plan\/#primaryimage"},"thumbnailUrl":"https:\/\/d2p6e6u75xmxt8.cloudfront.net\/13\/2023\/05\/profimedia-0774948949.webp","datePublished":"2024-11-28T11:25:00+00:00","dateModified":"2024-11-29T09:16:25+00:00","author":{"@id":"https:\/\/www.welovecycling.com\/cs\/#\/schema\/person\/d9eeb0a378f3a7e4a6d12d2b536b04b8"},"description":"Stovkou ve sjezdu? Rutina! \u0160edes\u00e1t a\u017e sedmdes\u00e1t kilometr\u016f rameno na rameno ve spurtu? Standard. Cyklistika zrychluje. Zejm\u00e9na v p\u0159\u00edpad\u011b profesion\u00e1ln\u00edho pelotonu \u010d\u00edsla dramaticky rostou. A to p\u0159in\u00e1\u0161\u00ed i v\u011bt\u0161\u00ed rizika a nehody, kter\u00e9 maj\u00ed zdrcuj\u00edc\u00ed n\u00e1sledky v podob\u011b v\u00e1\u017en\u00fdch zran\u011bn\u00ed. N\u011bkdy jsou p\u00e1dy dokonce fat\u00e1ln\u00ed. Christian Prudhomme, \u0159editel Tour de France, chce, aby peloton zpomalil...","inLanguage":"cs","potentialAction":[{"@type":"ReadAction","target":["https:\/\/www.welovecycling.com\/cs\/2024\/11\/28\/peloton-musi-zpomalit-zada-reditel-tour-de-france-jaky-ma-plan\/"]}]},{"@type":"ImageObject","inLanguage":"cs","@id":"https:\/\/www.welovecycling.com\/cs\/2024\/11\/28\/peloton-musi-zpomalit-zada-reditel-tour-de-france-jaky-ma-plan\/#primaryimage","url":"https:\/\/d2p6e6u75xmxt8.cloudfront.net\/13\/2023\/05\/profimedia-0774948949.webp","contentUrl":"https:\/\/d2p6e6u75xmxt8.cloudfront.net\/13\/2023\/05\/profimedia-0774948949.webp","width":1800,"height":1200,"caption":"Giro di Italia 2023 p\u0159ineslo mnoho dramatick\u00fdch okam\u017eik\u016f a drsn\u00fdch p\u00e1d\u016f. Nejv\u011bt\u0161\u00edm stra\u0161\u00e1kem se v\u0161ak zat\u00edm zd\u00e1 b\u00fdt covid. Foto: profimedia"},{"@type":"WebSite","@id":"https:\/\/www.welovecycling.com\/cs\/#website","url":"https:\/\/www.welovecycling.com\/cs\/","name":"\u0160koda We Love Cycling - \u010cesk\u00e1 republika","description":"WeLoveCycling.cz je online magaz\u00edn, kter\u00fd v\u00e1m pravideln\u011b p\u0159in\u00e1\u0161\u00ed rady a tipy, zaj\u00edmav\u00e9 \u010dl\u00e1nky, videa a jedine\u010dn\u00e9 report\u00e1\u017ee ze sv\u011bta cyklistiky.","potentialAction":[{"@type":"SearchAction","target":{"@type":"EntryPoint","urlTemplate":"https:\/\/www.welovecycling.com\/cs\/?s={search_term_string}"},"query-input":{"@type":"PropertyValueSpecification","valueRequired":true,"valueName":"search_term_string"}}],"inLanguage":"cs"},{"@type":"Person","@id":"https:\/\/www.welovecycling.com\/cs\/#\/schema\/person\/d9eeb0a378f3a7e4a6d12d2b536b04b8","name":"radekmalina","image":{"@type":"ImageObject","inLanguage":"cs","@id":"https:\/\/www.welovecycling.com\/cs\/#\/schema\/person\/image\/","url":"https:\/\/secure.gravatar.com\/avatar\/66994b632cb8c39a46b9f54afa3ae07201b678d32a54275b6f1c9ffec356bfc0?s=96&d=mm&r=g","contentUrl":"https:\/\/secure.gravatar.com\/avatar\/66994b632cb8c39a46b9f54afa3ae07201b678d32a54275b6f1c9ffec356bfc0?s=96&d=mm&r=g","caption":"radekmalina"},"url":"https:\/\/www.welovecycling.com\/cs\/author\/radekmalina\/"}]}},"_links":{"self":[{"href":"https:\/\/www.welovecycling.com\/cs\/wp-json\/wp\/v2\/posts\/27686","targetHints":{"allow":["GET"]}}],"collection":[{"href":"https:\/\/www.welovecycling.com\/cs\/wp-json\/wp\/v2\/posts"}],"about":[{"href":"https:\/\/www.welovecycling.com\/cs\/wp-json\/wp\/v2\/types\/post"}],"author":[{"embeddable":true,"href":"https:\/\/www.welovecycling.com\/cs\/wp-json\/wp\/v2\/users\/138"}],"replies":[{"embeddable":true,"href":"https:\/\/www.welovecycling.com\/cs\/wp-json\/wp\/v2\/comments?post=27686"}],"version-history":[{"count":6,"href":"https:\/\/www.welovecycling.com\/cs\/wp-json\/wp\/v2\/posts\/27686\/revisions"}],"predecessor-version":[{"id":27714,"href":"https:\/\/www.welovecycling.com\/cs\/wp-json\/wp\/v2\/posts\/27686\/revisions\/27714"}],"wp:featuredmedia":[{"embeddable":true,"href":"https:\/\/www.welovecycling.com\/cs\/wp-json\/wp\/v2\/media\/22348"}],"wp:attachment":[{"href":"https:\/\/www.welovecycling.com\/cs\/wp-json\/wp\/v2\/media?parent=27686"}],"wp:term":[{"taxonomy":"category","embeddable":true,"href":"https:\/\/www.welovecycling.com\/cs\/wp-json\/wp\/v2\/categories?post=27686"},{"taxonomy":"post_tag","embeddable":true,"href":"https:\/\/www.welovecycling.com\/cs\/wp-json\/wp\/v2\/tags?post=27686"},{"taxonomy":"global-categories","embeddable":true,"href":"https:\/\/www.welovecycling.com\/cs\/wp-json\/wp\/v2\/global-categories?post=27686"}],"curies":[{"name":"wp","href":"https:\/\/api.w.org\/{rel}","templated":true}]}}