{"id":27675,"date":"2024-11-26T14:28:47","date_gmt":"2024-11-26T12:28:47","guid":{"rendered":"https:\/\/www.welovecycling.com\/cs\/?p=27675"},"modified":"2024-11-26T14:29:02","modified_gmt":"2024-11-26T12:29:02","slug":"jonas-vingegaard-a-jeho-nejvetsi-inspirace","status":"publish","type":"post","link":"https:\/\/www.welovecycling.com\/cs\/2024\/11\/26\/jonas-vingegaard-a-jeho-nejvetsi-inspirace\/","title":{"rendered":"Jonas Vingegaard a jeho nejv\u011bt\u0161\u00ed inspirace?"},"content":{"rendered":"<p><strong>Zran\u011bn\u00ed z d\u011bsiv\u00e9 nehody m\u00e1lem ukon\u010dila jeho kari\u00e9ru. Byl tak pol\u00e1man\u00fd, \u017ee nikdo netu\u0161il, jestli bude je\u0161t\u011b z\u00e1vodit. Ale Jonas Vingegaard se dok\u00e1zal vzep\u0159\u00edt osudu. L\u00eddr formace Visma Lease a Bike vybojoval druhou p\u0159\u00ed\u010dku na Tour de France. Je pln\u00fd odhodl\u00e1n\u00ed vr\u00e1tit se do \u017elut\u00e9ho trikotu kr\u00e1le Grande Boucle. A inspiraci \u010derp\u00e1 p\u0159ekvapiv\u011b u nejv\u011bt\u0161\u00edho rivala&#8230;<\/strong><\/p>\n<p>&#8222;Byl jsem tak zni\u010den\u00fd, jako nikdy v minulosti. Psychicky i fyzicky,&#8220; prohl\u00e1sil d\u00e1nsk\u00fd cyklista v reakci na dlouh\u00e9 volno, kter\u00e9 si u\u017e\u00edv\u00e1 u\u017e od poloviny srpna. Po Tour de France vyhr\u00e1l celkov\u011b etap\u00e1k Kolem Polska, ale n\u00e1sledn\u011b ukon\u010dil sezonu. B\u011bhem podzimu se stal podruh\u00e9 otcem. A nab\u00edral s\u00edly po sezon\u011b, kter\u00e1 byla jako ze zl\u00e9ho snu. Nebo ne?<\/p>\n<p>V \u00favodu vyhr\u00e1l etap\u00e1k O Gran Camino, kde dominoval t\u0159em ze \u010dty\u0159 d\u011bjstv\u00ed. Pak si p\u0159ipsal prvenstv\u00ed na Tirreno-Adriatico, kde byl tak\u00e9 kr\u00e1lem p\u00e1t\u00e9 a \u0161est\u00e9 etapy. V\u0161ichni se t\u011b\u0161ili na souboj, kter\u00fd p\u0159edvede Jonas Vingegaard na Tour de France proti Tadeji Poga\u010darovi.<\/p>\n<p>Jen\u017ee p\u0159i \u010dtvrt\u00e9m d\u011bjstv\u00ed Itzulia Basque Country havaroval. Utrp\u011bl zlomeninu kl\u00ed\u010dn\u00ed kosti, pol\u00e1mal si \u017eebra, m\u011bl po\u0161kozen\u00e9 pl\u00edce. &#8222;Myslel jsem si, \u017ee um\u0159u. Rozhodn\u011b jsem nemyslel na pokra\u010dov\u00e1n\u00ed kari\u00e9ry,&#8220; uvedl Jonas Vingegaard v pr\u016fb\u011bhu Tour de France 2024.<\/p>\n<h2><strong>Etapov\u00fd triumf na Tour de France D\u00e1na rozplakal<\/strong><\/h2>\n<p>Kdy\u017e ovl\u00e1dl jeden\u00e1ctou etapu bitvy o maillot jaune, rozplakal se. P\u0159i dekorov\u00e1n\u00ed nov\u00e9ho \u0161ampiona, j\u00edm\u017e se stal pot\u0159et\u00ed v kari\u00e9\u0159e Tadej Poga\u010dar, st\u00e1l d\u00e1nsk\u00fd cyklista na druh\u00e9m nejvy\u0161\u0161\u00edm stup\u00ednku. Jeho manko bylo p\u0159es \u0161est minut. &#8222;U\u017e jen dokon\u010dit Tour pro m\u011b bylo v\u00edt\u011bzstv\u00edm. Douf\u00e1m, \u017ee v budoucnosti oslav\u00edm dal\u0161\u00ed celkov\u00fd triumf,&#8220; prohl\u00e1sil Jonas Vingegaard, \u017ee se nehodl\u00e1 sm\u00ed\u0159it s po\u010dtem dvou prvenstv\u00ed.<\/p>\n<p>Byl vy\u010derpan\u00fd. V\u00e1hal, zda pokra\u010dovat v z\u00e1vodn\u00edm programu. Jel klasiku San Sebastian, kterou nedokon\u010dil. Pak se vydal na etap\u00e1k do Polska. &#8222;Byl jsem tot\u00e1ln\u011b vy\u0159\u00edzen\u00fd. Tot\u00e1ln\u011b. Po z\u00e1vod\u011b v Polsku u\u017e jsem prost\u011b nemohl pokra\u010dovat. Sice jsem vyhr\u00e1l, ale jel jsem na v\u00fdpary. Nem\u011bl jsem energii,&#8220; p\u0159iznal s odstupem Jonas Vingegaard, \u017ee triumf o t\u0159in\u00e1ct vte\u0159in nad Diegem Ulissim z UAE Emirates jej dorazil.<\/p>\n<figure id=\"attachment_26317\" aria-describedby=\"caption-attachment-26317\" style=\"width: 1000px\" class=\"wp-caption alignnone\"><a href=\"https:\/\/d2p6e6u75xmxt8.cloudfront.net\/13\/2024\/07\/TDF-2024-etapa-11-Jonas-vingegaard-tadej-pogacar-foto-billy-ceusters.webp\"><img loading=\"lazy\" decoding=\"async\" class=\"size-full wp-image-26317\" src=\"https:\/\/d2p6e6u75xmxt8.cloudfront.net\/13\/2024\/07\/TDF-2024-etapa-11-Jonas-vingegaard-tadej-pogacar-foto-billy-ceusters.webp\" alt=\"Jonas Vingegaard a Tadej Poga\u010dar b\u011bhem 11. etapy\" width=\"1000\" height=\"664\" srcset=\"https:\/\/d2p6e6u75xmxt8.cloudfront.net\/13\/2024\/07\/TDF-2024-etapa-11-Jonas-vingegaard-tadej-pogacar-foto-billy-ceusters.webp 1000w, https:\/\/d2p6e6u75xmxt8.cloudfront.net\/13\/2024\/07\/TDF-2024-etapa-11-Jonas-vingegaard-tadej-pogacar-foto-billy-ceusters-300x199.webp 300w, https:\/\/d2p6e6u75xmxt8.cloudfront.net\/13\/2024\/07\/TDF-2024-etapa-11-Jonas-vingegaard-tadej-pogacar-foto-billy-ceusters-768x510.webp 768w, https:\/\/d2p6e6u75xmxt8.cloudfront.net\/13\/2024\/07\/TDF-2024-etapa-11-Jonas-vingegaard-tadej-pogacar-foto-billy-ceusters-400x266.webp 400w, https:\/\/d2p6e6u75xmxt8.cloudfront.net\/13\/2024\/07\/TDF-2024-etapa-11-Jonas-vingegaard-tadej-pogacar-foto-billy-ceusters-272x182.webp 272w\" sizes=\"auto, (max-width: 1000px) 100vw, 1000px\" \/><\/a><figcaption id=\"caption-attachment-26317\" class=\"wp-caption-text\"><em>Jonas Vingegaard a Tadej Poga\u010dar b\u011bhem 11. etapy Tour de France 2024. Foto: A.S.O.<\/em><\/figcaption><\/figure>\n<p>Dokonce ani mistrovstv\u00ed sv\u011bta ve \u0160v\u00fdcarsku, kter\u00e9 by mu profilov\u011b sed\u011blo, jej nezl\u00e1kalo. Z pozice rekreanta sledoval fenomen\u00e1ln\u00ed triumf Tadeje Poga\u010dara. O p\u00e1r t\u00fddn\u016f d\u0159\u00edve pak vid\u011bl jako div\u00e1k zlat\u00fd v\u00fdlov Remca Evenepoela na olympijsk\u00fdch hr\u00e1ch v Pa\u0159\u00ed\u017ei, kde Belgi\u010dan slavil zlato v hromadn\u00e9m z\u00e1vod\u011b i v \u010dasovce. Dva \u00fahlavn\u00ed rivalov\u00e9 jeli na pln\u00e9 obr\u00e1tky do konce sezony.<\/p>\n<div class=\"shortcode-ys-post-pinup\"><article class=\"loop-simple post-27402 post type-post status-publish format-standard has-post-thumbnail hentry category-silnicni-cyklistika tag-cyklistika tag-eddy-merckx tag-jonas-vingegaard tag-motivace tag-rekordy tag-silnicni-cyklistika tag-tadej-pogacar tag-tour-de-france global-categories-cycling\" data-postid=\"27402\" role=\"article\" data-post-id=\"27402\" data-word-count=\"381\" data-headline-length=\"84\" data-category=\"Silni\u010dn\u00ed cyklistika\" data-global-category=\"Cycling\" data-author=\"We Love Cycling\" data-published=\"2024-10-22T04:20:20+02:00\" data-published-day=\"Tuesday\">\n    <div class=\"entry-thumbnail article-thumbnail\" content=\"https:\/\/d2p6e6u75xmxt8.cloudfront.net\/13\/2024\/07\/profimedia-0890928696-150x150.webp\"><a href=\"https:\/\/www.welovecycling.com\/cs\/2024\/10\/22\/vingegaard-sam-si-za-to-muze-rika-tadej-pogacar-o-nove-urovni-vykonnosti\/\" class=\"image-holder\" target=\"_self\"><img decoding=\"async\" loading=\"lazy\" class=\"\" src=\"https:\/\/d2p6e6u75xmxt8.cloudfront.net\/13\/2024\/07\/profimedia-0890928696-1024x683.webp\" srcset=\"https:\/\/d2p6e6u75xmxt8.cloudfront.net\/13\/2024\/07\/profimedia-0890928696.webp 1800w, https:\/\/d2p6e6u75xmxt8.cloudfront.net\/13\/2024\/07\/profimedia-0890928696-300x200.webp 300w, https:\/\/d2p6e6u75xmxt8.cloudfront.net\/13\/2024\/07\/profimedia-0890928696-1024x683.webp 1024w, https:\/\/d2p6e6u75xmxt8.cloudfront.net\/13\/2024\/07\/profimedia-0890928696-768x512.webp 768w, https:\/\/d2p6e6u75xmxt8.cloudfront.net\/13\/2024\/07\/profimedia-0890928696-1536x1024.webp 1536w, https:\/\/d2p6e6u75xmxt8.cloudfront.net\/13\/2024\/07\/profimedia-0890928696-400x267.webp 400w, https:\/\/d2p6e6u75xmxt8.cloudfront.net\/13\/2024\/07\/profimedia-0890928696-272x182.webp 272w\" width=\"1024\" height=\"683\" sizes=\"auto, (min-width: 1200px) 300px, (min-width: 768px) 25vw, 100vw\" alt=\"vingegaard-sam-si-za-to-muze-rika-tadej-pogacar-o-nove-urovni-vykonnosti\"\/><\/a><\/div>    <div class=\"entry-meta\">\n        <a class=\"label label-secondary post-category\" href=\"https:\/\/www.welovecycling.com\/cs\/category\/silnicni-cyklistika\/\" title=\"Silni\u010dn\u00ed cyklistika\">Silni\u010dn\u00ed cyklistika<\/a>\n    <\/div>\n    <div class=\"entry-details\">\n        <a href=\"https:\/\/www.welovecycling.com\/cs\/2024\/10\/22\/vingegaard-sam-si-za-to-muze-rika-tadej-pogacar-o-nove-urovni-vykonnosti\/\" class='entry-title-wrapper'>\n            <h3 class=\"entry-title\"><span>Vingegaard? S\u00e1m si za to m\u016f\u017ee, \u0159\u00edk\u00e1 Tadej Poga\u010dar o nov\u00e9 \u00farovni v\u00fdkonnosti<\/span><\/h3>\n        <\/a>\n    <\/div>\n    <\/article>\n<\/div>\n<p>Kdy\u017e se borec, kter\u00fd v prosinci oslav\u00ed osmadvac\u00e1t\u00e9 narozeniny, dostate\u010dn\u011b zotavil, pustil se znovu do tr\u00e9ninku. A nevylou\u010dil, \u017ee do programu pro dal\u0161\u00ed sezonu zahrne dv\u011b Grand Tour. Inspirac\u00ed pro n\u011bj p\u0159itom dost mo\u017en\u00e1 bude Tadej Poga\u010dar z UAE Emirates, jeho nejv\u011bt\u0161\u00ed rival, respektive program ze sezony 2024.<\/p>\n<p>D\u016fvod je prost\u00fd. Slovinec toti\u017e p\u0159ijel na Tour de France ve fantastick\u00e9 form\u011b. Jednadvacet dn\u016f z\u00e1vod\u011bn\u00ed v It\u00e1lii jej nijak nepoznamenalo. Triumf jen upevnil Poga\u010darovo sebev\u011bdom\u00ed. &#8222;Na Giru jsem m\u011bl jeden \u0161patn\u00fd den. Ale na Tour de France jsem se c\u00edtil skv\u011ble od prvn\u00edho do posledn\u00edho dne. Do ka\u017ed\u00e9 etapy jsem vstupoval pln\u00fd sebed\u016fv\u011bry a u\u017e\u00edval si cyklistiku,&#8220; prohl\u00e1sil nyn\u00ed u\u017e trojn\u00e1sobn\u00fd v\u00edt\u011bz Tour de France.<\/p>\n<h2><strong>Jonas Vingegaard: Nic nesm\u00ed ohrozit sen o maillot jaune<\/strong><\/h2>\n<p>A p\u0159itom mezi prvn\u00ed a druhou Grand Tour sezony bylo jen 33 dn\u016f volna. Probl\u00e9m je, \u017ee organiz\u00e1to\u0159i Gira zat\u00edm neozn\u00e1mili p\u0159esnou podobu trasy pro sezonu 2025. Ka\u017edop\u00e1dn\u011b start by se m\u011bl uskute\u010dnit 9. kv\u011btna, c\u00edl byl v p\u016fvodn\u00edm itiner\u00e1\u0159i napl\u00e1nov\u00e1n na 1. \u010dervna.<\/p>\n<p>N\u00e1sledn\u011b se <a href=\"https:\/\/www.welovecycling.com\/cs\/2024\/10\/29\/tour-de-france-2025-uvod-bez-hor-navrat-legend-prevyseni-51-tisic-metru\/\">Grand D\u00e9part v Lille<\/a> odehraje 5. \u010dervence. Na odpo\u010dinek by tud\u00ed\u017e m\u011bl Jonas Vingegaard 33 dn\u016f, stejn\u011b jako Tadej Poga\u010dar, kter\u00fd teprve jako sedm\u00fd mu\u017e v historii dok\u00e1zal vyhr\u00e1t Giro a Tour de France v jedin\u00e9 sezon\u011b.<\/p>\n<figure id=\"attachment_26555\" aria-describedby=\"caption-attachment-26555\" style=\"width: 1800px\" class=\"wp-caption alignnone\"><a href=\"https:\/\/d2p6e6u75xmxt8.cloudfront.net\/13\/2024\/07\/profimedia-0891085873.webp\"><img loading=\"lazy\" decoding=\"async\" class=\"size-full wp-image-26555\" src=\"https:\/\/d2p6e6u75xmxt8.cloudfront.net\/13\/2024\/07\/profimedia-0891085873.webp\" alt=\"St\u0159\u00edd\u00e1n\u00ed str\u00e1\u017e\u00ed. Jonas Vingegaard jako pora\u017een\u00fd p\u0159i Tour de France 2024, vpravo nov\u00fd \u0161ampion Tadej Poga\u010dar. Foto: profimedia\" width=\"1800\" height=\"1200\" srcset=\"https:\/\/d2p6e6u75xmxt8.cloudfront.net\/13\/2024\/07\/profimedia-0891085873.webp 1800w, https:\/\/d2p6e6u75xmxt8.cloudfront.net\/13\/2024\/07\/profimedia-0891085873-300x200.webp 300w, https:\/\/d2p6e6u75xmxt8.cloudfront.net\/13\/2024\/07\/profimedia-0891085873-1024x683.webp 1024w, https:\/\/d2p6e6u75xmxt8.cloudfront.net\/13\/2024\/07\/profimedia-0891085873-768x512.webp 768w, https:\/\/d2p6e6u75xmxt8.cloudfront.net\/13\/2024\/07\/profimedia-0891085873-1536x1024.webp 1536w, https:\/\/d2p6e6u75xmxt8.cloudfront.net\/13\/2024\/07\/profimedia-0891085873-400x267.webp 400w, https:\/\/d2p6e6u75xmxt8.cloudfront.net\/13\/2024\/07\/profimedia-0891085873-272x182.webp 272w\" sizes=\"auto, (max-width: 1800px) 100vw, 1800px\" \/><\/a><figcaption id=\"caption-attachment-26555\" class=\"wp-caption-text\"><em>St\u0159\u00edd\u00e1n\u00ed str\u00e1\u017e\u00ed. Jonas Vingegaard jako pora\u017een\u00fd p\u0159i Tour de France 2024, vpravo staronov\u00fd \u0161ampion Tadej Poga\u010dar. Foto: profimedia<\/em><\/figcaption><\/figure>\n<p>&#8222;Jonas Vingegaard z\u00e1vodn\u00ed program na p\u0159\u00ed\u0161t\u00ed sezonu teprve lad\u00ed a jeho definitivn\u00ed podoba nen\u00ed jasn\u00e1,&#8220; uvedlo v ofici\u00e1ln\u00edm prohl\u00e1\u0161en\u00ed tiskov\u00e9 odd\u011blen\u00ed t\u00fdmu Visma Lease a Bike. M\u00e9dia na jihu Evropy nicm\u00e9n\u011b tvrd\u00ed, \u017ee d\u00e1nsk\u00fd cyklista na startu Gira bude.<\/p>\n<div class=\"shortcode-ys-post-pinup\"><article class=\"loop-simple post-27578 post type-post status-publish format-standard has-post-thumbnail hentry category-zdravi-a-trenink tag-cyklistika tag-gravel tag-horska-cyklistika tag-kdy-je-nejlepsi-cas-pro-trenink tag-silnicni-cyklistika global-categories-cycling\" data-postid=\"27578\" role=\"article\" data-post-id=\"27578\" data-word-count=\"454\" data-headline-length=\"36\" data-category=\"Zdrav\u00ed a tr\u00e9nink\" data-global-category=\"Cycling\" data-author=\"Radek Malina\" data-published=\"2024-11-15T05:00:15+02:00\" data-published-day=\"Friday\">\n    <div class=\"entry-thumbnail article-thumbnail\" content=\"https:\/\/d2p6e6u75xmxt8.cloudfront.net\/13\/2024\/11\/kdy-je-nejlepsi-cas-trenovat-150x150.webp\"><a href=\"https:\/\/www.welovecycling.com\/cs\/2024\/11\/15\/kdy-je-nejlepsi-cas-pro-trenink\/\" class=\"image-holder\" target=\"_self\"><img decoding=\"async\" loading=\"lazy\" class=\"\" src=\"https:\/\/d2p6e6u75xmxt8.cloudfront.net\/13\/2024\/11\/kdy-je-nejlepsi-cas-trenovat-1024x682.webp\" srcset=\"https:\/\/d2p6e6u75xmxt8.cloudfront.net\/13\/2024\/11\/kdy-je-nejlepsi-cas-trenovat.webp 1600w, https:\/\/d2p6e6u75xmxt8.cloudfront.net\/13\/2024\/11\/kdy-je-nejlepsi-cas-trenovat-300x200.webp 300w, https:\/\/d2p6e6u75xmxt8.cloudfront.net\/13\/2024\/11\/kdy-je-nejlepsi-cas-trenovat-1024x682.webp 1024w, https:\/\/d2p6e6u75xmxt8.cloudfront.net\/13\/2024\/11\/kdy-je-nejlepsi-cas-trenovat-768x512.webp 768w, https:\/\/d2p6e6u75xmxt8.cloudfront.net\/13\/2024\/11\/kdy-je-nejlepsi-cas-trenovat-1536x1023.webp 1536w, https:\/\/d2p6e6u75xmxt8.cloudfront.net\/13\/2024\/11\/kdy-je-nejlepsi-cas-trenovat-400x267.webp 400w, https:\/\/d2p6e6u75xmxt8.cloudfront.net\/13\/2024\/11\/kdy-je-nejlepsi-cas-trenovat-272x182.webp 272w\" width=\"1024\" height=\"682\" sizes=\"auto, (min-width: 1200px) 300px, (min-width: 768px) 25vw, 100vw\" alt=\"kdy-je-nejlepsi-cas-pro-trenink\"\/><\/a><\/div>    <div class=\"entry-meta\">\n        <a class=\"label label-secondary post-category\" href=\"https:\/\/www.welovecycling.com\/cs\/category\/zdravi-a-trenink\/\" title=\"Zdrav\u00ed a tr\u00e9nink\">Zdrav\u00ed a tr\u00e9nink<\/a>\n    <\/div>\n    <div class=\"entry-details\">\n        <a href=\"https:\/\/www.welovecycling.com\/cs\/2024\/11\/15\/kdy-je-nejlepsi-cas-pro-trenink\/\" class='entry-title-wrapper'>\n            <h3 class=\"entry-title\"><span>Kdy je nejlep\u0161\u00ed \u010das pro tr\u00e9nink?<\/span><\/h3>\n        <\/a>\n    <\/div>\n    <\/article>\n<\/div>\n<p>&#8222;Mo\u017en\u00e1 Giro skute\u010dn\u011b pojedu. Uvid\u00edme. Pokud si vyhodnot\u00edm, \u017ee je to dobr\u00e1 p\u0159\u00edprava na Tour de France, pak na startu ur\u010dit\u011b budu. Ka\u017edop\u00e1dn\u011b nic nesm\u00ed ohrozit bitvu o maillot jaune. \u00da\u010dast v z\u00e1vod\u011b o maglia rosa nesm\u00ed b\u00fdt na \u00fakor mo\u017en\u00e9ho v\u00edt\u011bzstv\u00ed z Grande Boucle,&#8220; uvedl Jonas Vingegaard.<\/p>\n<p>D\u00e1nsk\u00fd cyklista, stejn\u011b jako Slovinec do leto\u0161n\u00edho roku, na Giru nestartoval. Napodob\u00ed l\u00eddra Visama Lease a Bike slovinsk\u00e9ho rivala?<\/p>\n","protected":false},"excerpt":{"rendered":"<p>Zran\u011bn\u00ed z d\u011bsiv\u00e9 nehody m\u00e1lem ukon\u010dila jeho kari\u00e9ru. Byl tak pol\u00e1man\u00fd, \u017ee nikdo netu\u0161il, jestli bude je\u0161t\u011b z\u00e1vodit. Ale Jonas [&hellip;]<\/p>\n","protected":false},"author":138,"featured_media":26315,"comment_status":"open","ping_status":"open","sticky":false,"template":"","format":"standard","meta":{"footnotes":""},"categories":[10],"tags":[126,3842,1601,9,502,3843,3706,3566,113],"global-categories":[411],"class_list":["post-27675","post","type-post","status-publish","format-standard","has-post-thumbnail","hentry","category-silnicni-cyklistika","tag-cyklistika","tag-giro-2025","tag-jonas-vingegaard","tag-silnicni-cyklistika","tag-tadej-pogacar","tag-tour-de-france-2025","tag-uae-emirates","tag-visma-lease-a-bike","tag-zraneni","global-categories-cycling"],"yoast_head":"<!-- This site is optimized with the Yoast SEO Premium plugin v25.3 (Yoast SEO v25.9) - https:\/\/yoast.com\/wordpress\/plugins\/seo\/ -->\n<title>Jonas Vingegaard a jeho nejv\u011bt\u0161\u00ed inspirace? | \u0160koda We Love Cycling - \u010cesk\u00e1 republika<\/title>\n<meta name=\"description\" content=\"Zran\u011bn\u00ed z d\u011bsiv\u00e9 nehody m\u00e1lem ukon\u010dila jeho kari\u00e9ru. Byl tak pol\u00e1man\u00fd, \u017ee nikdo netu\u0161il, jestli bude je\u0161t\u011b z\u00e1vodit. Ale Jonas Vingegaard se dok\u00e1zal vr\u00e1tit. L\u00eddr formace Visma Lease a Bike vybojoval druhou p\u0159\u00ed\u010dku na Tour de France. Je pln\u00fd odhodl\u00e1n\u00ed vr\u00e1tit se do \u017elut\u00e9ho trikotu kr\u00e1le Grande Boucle. A inspiraci \u010derp\u00e1 p\u0159ekvapiv\u011b u nejv\u011bt\u0161\u00edho rivala...\" \/>\n<meta name=\"robots\" content=\"index, follow, max-snippet:-1, max-image-preview:large, max-video-preview:-1\" \/>\n<link rel=\"canonical\" href=\"https:\/\/www.welovecycling.com\/cs\/2024\/11\/26\/jonas-vingegaard-a-jeho-nejvetsi-inspirace\/\" \/>\n<meta property=\"og:locale\" content=\"cs_CZ\" \/>\n<meta property=\"og:type\" content=\"article\" \/>\n<meta property=\"og:title\" content=\"Jonas Vingegaard a jeho nejv\u011bt\u0161\u00ed inspirace?\" \/>\n<meta property=\"og:description\" content=\"Zran\u011bn\u00ed z d\u011bsiv\u00e9 nehody m\u00e1lem ukon\u010dila jeho kari\u00e9ru. Byl tak pol\u00e1man\u00fd, \u017ee nikdo netu\u0161il, jestli bude je\u0161t\u011b z\u00e1vodit. Ale Jonas Vingegaard se dok\u00e1zal vr\u00e1tit. L\u00eddr formace Visma Lease a Bike vybojoval druhou p\u0159\u00ed\u010dku na Tour de France. Je pln\u00fd odhodl\u00e1n\u00ed vr\u00e1tit se do \u017elut\u00e9ho trikotu kr\u00e1le Grande Boucle. A inspiraci \u010derp\u00e1 p\u0159ekvapiv\u011b u nejv\u011bt\u0161\u00edho rivala...\" \/>\n<meta property=\"og:url\" content=\"https:\/\/www.welovecycling.com\/cs\/2024\/11\/26\/jonas-vingegaard-a-jeho-nejvetsi-inspirace\/\" \/>\n<meta property=\"og:site_name\" content=\"\u0160koda We Love Cycling - \u010cesk\u00e1 republika\" \/>\n<meta property=\"article:published_time\" content=\"2024-11-26T12:28:47+00:00\" \/>\n<meta property=\"article:modified_time\" content=\"2024-11-26T12:29:02+00:00\" \/>\n<meta property=\"og:image\" content=\"https:\/\/d2p6e6u75xmxt8.cloudfront.net\/13\/2024\/07\/TDF-2024-etapa-11-Jonas-vingegaard-tadej-pogacar-foto-billy-ceusters-B.webp\" \/>\n\t<meta property=\"og:image:width\" content=\"1000\" \/>\n\t<meta property=\"og:image:height\" content=\"667\" \/>\n\t<meta property=\"og:image:type\" content=\"image\/webp\" \/>\n<meta name=\"author\" content=\"radekmalina\" \/>\n<meta name=\"twitter:card\" content=\"summary_large_image\" \/>\n<meta name=\"twitter:label1\" content=\"Written by\" \/>\n\t<meta name=\"twitter:data1\" content=\"Radek Malina\" \/>\n\t<meta name=\"twitter:label2\" content=\"Est. reading time\" \/>\n\t<meta name=\"twitter:data2\" content=\"5\" \/>\n<script type=\"application\/ld+json\" class=\"yoast-schema-graph\">{\"@context\":\"https:\/\/schema.org\",\"@graph\":[{\"@type\":\"WebPage\",\"@id\":\"https:\/\/www.welovecycling.com\/cs\/2024\/11\/26\/jonas-vingegaard-a-jeho-nejvetsi-inspirace\/\",\"url\":\"https:\/\/www.welovecycling.com\/cs\/2024\/11\/26\/jonas-vingegaard-a-jeho-nejvetsi-inspirace\/\",\"name\":\"Jonas Vingegaard a jeho nejv\u011bt\u0161\u00ed inspirace? | \u0160koda We Love Cycling - \u010cesk\u00e1 republika\",\"isPartOf\":{\"@id\":\"https:\/\/www.welovecycling.com\/cs\/#website\"},\"primaryImageOfPage\":{\"@id\":\"https:\/\/www.welovecycling.com\/cs\/2024\/11\/26\/jonas-vingegaard-a-jeho-nejvetsi-inspirace\/#primaryimage\"},\"image\":{\"@id\":\"https:\/\/www.welovecycling.com\/cs\/2024\/11\/26\/jonas-vingegaard-a-jeho-nejvetsi-inspirace\/#primaryimage\"},\"thumbnailUrl\":\"https:\/\/d2p6e6u75xmxt8.cloudfront.net\/13\/2024\/07\/TDF-2024-etapa-11-Jonas-vingegaard-tadej-pogacar-foto-billy-ceusters-B.webp\",\"datePublished\":\"2024-11-26T12:28:47+00:00\",\"dateModified\":\"2024-11-26T12:29:02+00:00\",\"author\":{\"@id\":\"https:\/\/www.welovecycling.com\/cs\/#\/schema\/person\/d9eeb0a378f3a7e4a6d12d2b536b04b8\"},\"description\":\"Zran\u011bn\u00ed z d\u011bsiv\u00e9 nehody m\u00e1lem ukon\u010dila jeho kari\u00e9ru. Byl tak pol\u00e1man\u00fd, \u017ee nikdo netu\u0161il, jestli bude je\u0161t\u011b z\u00e1vodit. Ale Jonas Vingegaard se dok\u00e1zal vr\u00e1tit. L\u00eddr formace Visma Lease a Bike vybojoval druhou p\u0159\u00ed\u010dku na Tour de France. Je pln\u00fd odhodl\u00e1n\u00ed vr\u00e1tit se do \u017elut\u00e9ho trikotu kr\u00e1le Grande Boucle. A inspiraci \u010derp\u00e1 p\u0159ekvapiv\u011b u nejv\u011bt\u0161\u00edho rivala...\",\"inLanguage\":\"cs\",\"potentialAction\":[{\"@type\":\"ReadAction\",\"target\":[\"https:\/\/www.welovecycling.com\/cs\/2024\/11\/26\/jonas-vingegaard-a-jeho-nejvetsi-inspirace\/\"]}]},{\"@type\":\"ImageObject\",\"inLanguage\":\"cs\",\"@id\":\"https:\/\/www.welovecycling.com\/cs\/2024\/11\/26\/jonas-vingegaard-a-jeho-nejvetsi-inspirace\/#primaryimage\",\"url\":\"https:\/\/d2p6e6u75xmxt8.cloudfront.net\/13\/2024\/07\/TDF-2024-etapa-11-Jonas-vingegaard-tadej-pogacar-foto-billy-ceusters-B.webp\",\"contentUrl\":\"https:\/\/d2p6e6u75xmxt8.cloudfront.net\/13\/2024\/07\/TDF-2024-etapa-11-Jonas-vingegaard-tadej-pogacar-foto-billy-ceusters-B.webp\",\"width\":1000,\"height\":667,\"caption\":\"Jonas Vingegaardse raduje z v\u00edt\u011bzstv\u00ed v 11. etap\u011b Tour de France 2024.\"},{\"@type\":\"WebSite\",\"@id\":\"https:\/\/www.welovecycling.com\/cs\/#website\",\"url\":\"https:\/\/www.welovecycling.com\/cs\/\",\"name\":\"\u0160koda We Love Cycling - \u010cesk\u00e1 republika\",\"description\":\"WeLoveCycling.cz je online magaz\u00edn, kter\u00fd v\u00e1m pravideln\u011b p\u0159in\u00e1\u0161\u00ed rady a tipy, zaj\u00edmav\u00e9 \u010dl\u00e1nky, videa a jedine\u010dn\u00e9 report\u00e1\u017ee ze sv\u011bta cyklistiky.\",\"potentialAction\":[{\"@type\":\"SearchAction\",\"target\":{\"@type\":\"EntryPoint\",\"urlTemplate\":\"https:\/\/www.welovecycling.com\/cs\/?s={search_term_string}\"},\"query-input\":{\"@type\":\"PropertyValueSpecification\",\"valueRequired\":true,\"valueName\":\"search_term_string\"}}],\"inLanguage\":\"cs\"},{\"@type\":\"Person\",\"@id\":\"https:\/\/www.welovecycling.com\/cs\/#\/schema\/person\/d9eeb0a378f3a7e4a6d12d2b536b04b8\",\"name\":\"radekmalina\",\"image\":{\"@type\":\"ImageObject\",\"inLanguage\":\"cs\",\"@id\":\"https:\/\/www.welovecycling.com\/cs\/#\/schema\/person\/image\/\",\"url\":\"https:\/\/secure.gravatar.com\/avatar\/66994b632cb8c39a46b9f54afa3ae07201b678d32a54275b6f1c9ffec356bfc0?s=96&d=mm&r=g\",\"contentUrl\":\"https:\/\/secure.gravatar.com\/avatar\/66994b632cb8c39a46b9f54afa3ae07201b678d32a54275b6f1c9ffec356bfc0?s=96&d=mm&r=g\",\"caption\":\"radekmalina\"},\"url\":\"https:\/\/www.welovecycling.com\/cs\/author\/radekmalina\/\"}]}<\/script>\n<!-- \/ Yoast SEO Premium plugin. -->","yoast_head_json":{"title":"Jonas Vingegaard a jeho nejv\u011bt\u0161\u00ed inspirace? | \u0160koda We Love Cycling - \u010cesk\u00e1 republika","description":"Zran\u011bn\u00ed z d\u011bsiv\u00e9 nehody m\u00e1lem ukon\u010dila jeho kari\u00e9ru. Byl tak pol\u00e1man\u00fd, \u017ee nikdo netu\u0161il, jestli bude je\u0161t\u011b z\u00e1vodit. Ale Jonas Vingegaard se dok\u00e1zal vr\u00e1tit. L\u00eddr formace Visma Lease a Bike vybojoval druhou p\u0159\u00ed\u010dku na Tour de France. Je pln\u00fd odhodl\u00e1n\u00ed vr\u00e1tit se do \u017elut\u00e9ho trikotu kr\u00e1le Grande Boucle. A inspiraci \u010derp\u00e1 p\u0159ekvapiv\u011b u nejv\u011bt\u0161\u00edho rivala...","robots":{"index":"index","follow":"follow","max-snippet":"max-snippet:-1","max-image-preview":"max-image-preview:large","max-video-preview":"max-video-preview:-1"},"canonical":"https:\/\/www.welovecycling.com\/cs\/2024\/11\/26\/jonas-vingegaard-a-jeho-nejvetsi-inspirace\/","og_locale":"cs_CZ","og_type":"article","og_title":"Jonas Vingegaard a jeho nejv\u011bt\u0161\u00ed inspirace?","og_description":"Zran\u011bn\u00ed z d\u011bsiv\u00e9 nehody m\u00e1lem ukon\u010dila jeho kari\u00e9ru. Byl tak pol\u00e1man\u00fd, \u017ee nikdo netu\u0161il, jestli bude je\u0161t\u011b z\u00e1vodit. Ale Jonas Vingegaard se dok\u00e1zal vr\u00e1tit. L\u00eddr formace Visma Lease a Bike vybojoval druhou p\u0159\u00ed\u010dku na Tour de France. Je pln\u00fd odhodl\u00e1n\u00ed vr\u00e1tit se do \u017elut\u00e9ho trikotu kr\u00e1le Grande Boucle. A inspiraci \u010derp\u00e1 p\u0159ekvapiv\u011b u nejv\u011bt\u0161\u00edho rivala...","og_url":"https:\/\/www.welovecycling.com\/cs\/2024\/11\/26\/jonas-vingegaard-a-jeho-nejvetsi-inspirace\/","og_site_name":"\u0160koda We Love Cycling - \u010cesk\u00e1 republika","article_published_time":"2024-11-26T12:28:47+00:00","article_modified_time":"2024-11-26T12:29:02+00:00","og_image":[{"width":1000,"height":667,"url":"https:\/\/d2p6e6u75xmxt8.cloudfront.net\/13\/2024\/07\/TDF-2024-etapa-11-Jonas-vingegaard-tadej-pogacar-foto-billy-ceusters-B.webp","type":"image\/webp"}],"author":"radekmalina","twitter_card":"summary_large_image","twitter_misc":{"Written by":"Radek Malina","Est. reading time":"5"},"schema":{"@context":"https:\/\/schema.org","@graph":[{"@type":"WebPage","@id":"https:\/\/www.welovecycling.com\/cs\/2024\/11\/26\/jonas-vingegaard-a-jeho-nejvetsi-inspirace\/","url":"https:\/\/www.welovecycling.com\/cs\/2024\/11\/26\/jonas-vingegaard-a-jeho-nejvetsi-inspirace\/","name":"Jonas Vingegaard a jeho nejv\u011bt\u0161\u00ed inspirace? | \u0160koda We Love Cycling - \u010cesk\u00e1 republika","isPartOf":{"@id":"https:\/\/www.welovecycling.com\/cs\/#website"},"primaryImageOfPage":{"@id":"https:\/\/www.welovecycling.com\/cs\/2024\/11\/26\/jonas-vingegaard-a-jeho-nejvetsi-inspirace\/#primaryimage"},"image":{"@id":"https:\/\/www.welovecycling.com\/cs\/2024\/11\/26\/jonas-vingegaard-a-jeho-nejvetsi-inspirace\/#primaryimage"},"thumbnailUrl":"https:\/\/d2p6e6u75xmxt8.cloudfront.net\/13\/2024\/07\/TDF-2024-etapa-11-Jonas-vingegaard-tadej-pogacar-foto-billy-ceusters-B.webp","datePublished":"2024-11-26T12:28:47+00:00","dateModified":"2024-11-26T12:29:02+00:00","author":{"@id":"https:\/\/www.welovecycling.com\/cs\/#\/schema\/person\/d9eeb0a378f3a7e4a6d12d2b536b04b8"},"description":"Zran\u011bn\u00ed z d\u011bsiv\u00e9 nehody m\u00e1lem ukon\u010dila jeho kari\u00e9ru. Byl tak pol\u00e1man\u00fd, \u017ee nikdo netu\u0161il, jestli bude je\u0161t\u011b z\u00e1vodit. Ale Jonas Vingegaard se dok\u00e1zal vr\u00e1tit. L\u00eddr formace Visma Lease a Bike vybojoval druhou p\u0159\u00ed\u010dku na Tour de France. Je pln\u00fd odhodl\u00e1n\u00ed vr\u00e1tit se do \u017elut\u00e9ho trikotu kr\u00e1le Grande Boucle. A inspiraci \u010derp\u00e1 p\u0159ekvapiv\u011b u nejv\u011bt\u0161\u00edho rivala...","inLanguage":"cs","potentialAction":[{"@type":"ReadAction","target":["https:\/\/www.welovecycling.com\/cs\/2024\/11\/26\/jonas-vingegaard-a-jeho-nejvetsi-inspirace\/"]}]},{"@type":"ImageObject","inLanguage":"cs","@id":"https:\/\/www.welovecycling.com\/cs\/2024\/11\/26\/jonas-vingegaard-a-jeho-nejvetsi-inspirace\/#primaryimage","url":"https:\/\/d2p6e6u75xmxt8.cloudfront.net\/13\/2024\/07\/TDF-2024-etapa-11-Jonas-vingegaard-tadej-pogacar-foto-billy-ceusters-B.webp","contentUrl":"https:\/\/d2p6e6u75xmxt8.cloudfront.net\/13\/2024\/07\/TDF-2024-etapa-11-Jonas-vingegaard-tadej-pogacar-foto-billy-ceusters-B.webp","width":1000,"height":667,"caption":"Jonas Vingegaardse raduje z v\u00edt\u011bzstv\u00ed v 11. etap\u011b Tour de France 2024."},{"@type":"WebSite","@id":"https:\/\/www.welovecycling.com\/cs\/#website","url":"https:\/\/www.welovecycling.com\/cs\/","name":"\u0160koda We Love Cycling - \u010cesk\u00e1 republika","description":"WeLoveCycling.cz je online magaz\u00edn, kter\u00fd v\u00e1m pravideln\u011b p\u0159in\u00e1\u0161\u00ed rady a tipy, zaj\u00edmav\u00e9 \u010dl\u00e1nky, videa a jedine\u010dn\u00e9 report\u00e1\u017ee ze sv\u011bta cyklistiky.","potentialAction":[{"@type":"SearchAction","target":{"@type":"EntryPoint","urlTemplate":"https:\/\/www.welovecycling.com\/cs\/?s={search_term_string}"},"query-input":{"@type":"PropertyValueSpecification","valueRequired":true,"valueName":"search_term_string"}}],"inLanguage":"cs"},{"@type":"Person","@id":"https:\/\/www.welovecycling.com\/cs\/#\/schema\/person\/d9eeb0a378f3a7e4a6d12d2b536b04b8","name":"radekmalina","image":{"@type":"ImageObject","inLanguage":"cs","@id":"https:\/\/www.welovecycling.com\/cs\/#\/schema\/person\/image\/","url":"https:\/\/secure.gravatar.com\/avatar\/66994b632cb8c39a46b9f54afa3ae07201b678d32a54275b6f1c9ffec356bfc0?s=96&d=mm&r=g","contentUrl":"https:\/\/secure.gravatar.com\/avatar\/66994b632cb8c39a46b9f54afa3ae07201b678d32a54275b6f1c9ffec356bfc0?s=96&d=mm&r=g","caption":"radekmalina"},"url":"https:\/\/www.welovecycling.com\/cs\/author\/radekmalina\/"}]}},"_links":{"self":[{"href":"https:\/\/www.welovecycling.com\/cs\/wp-json\/wp\/v2\/posts\/27675","targetHints":{"allow":["GET"]}}],"collection":[{"href":"https:\/\/www.welovecycling.com\/cs\/wp-json\/wp\/v2\/posts"}],"about":[{"href":"https:\/\/www.welovecycling.com\/cs\/wp-json\/wp\/v2\/types\/post"}],"author":[{"embeddable":true,"href":"https:\/\/www.welovecycling.com\/cs\/wp-json\/wp\/v2\/users\/138"}],"replies":[{"embeddable":true,"href":"https:\/\/www.welovecycling.com\/cs\/wp-json\/wp\/v2\/comments?post=27675"}],"version-history":[{"count":4,"href":"https:\/\/www.welovecycling.com\/cs\/wp-json\/wp\/v2\/posts\/27675\/revisions"}],"predecessor-version":[{"id":27679,"href":"https:\/\/www.welovecycling.com\/cs\/wp-json\/wp\/v2\/posts\/27675\/revisions\/27679"}],"wp:featuredmedia":[{"embeddable":true,"href":"https:\/\/www.welovecycling.com\/cs\/wp-json\/wp\/v2\/media\/26315"}],"wp:attachment":[{"href":"https:\/\/www.welovecycling.com\/cs\/wp-json\/wp\/v2\/media?parent=27675"}],"wp:term":[{"taxonomy":"category","embeddable":true,"href":"https:\/\/www.welovecycling.com\/cs\/wp-json\/wp\/v2\/categories?post=27675"},{"taxonomy":"post_tag","embeddable":true,"href":"https:\/\/www.welovecycling.com\/cs\/wp-json\/wp\/v2\/tags?post=27675"},{"taxonomy":"global-categories","embeddable":true,"href":"https:\/\/www.welovecycling.com\/cs\/wp-json\/wp\/v2\/global-categories?post=27675"}],"curies":[{"name":"wp","href":"https:\/\/api.w.org\/{rel}","templated":true}]}}