{"id":27583,"date":"2024-11-18T09:53:53","date_gmt":"2024-11-18T07:53:53","guid":{"rendered":"https:\/\/www.welovecycling.com\/cs\/?p=27583"},"modified":"2024-11-18T09:56:39","modified_gmt":"2024-11-18T07:56:39","slug":"astana-doufa-ze-ji-cinske-penize-zachrani-ve-world-tour","status":"publish","type":"post","link":"https:\/\/www.welovecycling.com\/cs\/2024\/11\/18\/astana-doufa-ze-ji-cinske-penize-zachrani-ve-world-tour\/","title":{"rendered":"Astana douf\u00e1, \u017ee ji \u010d\u00ednsk\u00e9 pen\u00edze zachr\u00e1n\u00ed ve World Tour"},"content":{"rendered":"<p><strong>Z\u016fstalo to ve st\u00ednu \u00fasp\u011b\u0161n\u00e9ho projektu. Astana se prakticky dva roky v\u011bnovala pl\u00e1nu, jeho\u017e smyslem bylo rekordn\u00ed p\u011btat\u0159ic\u00e1t\u00e9 v\u00edt\u011bzstv\u00ed Marka Cavendishe na Tour de France! Britsk\u00fd spurter misi v \u010dervenci 2024 naplnil. Ode\u0161el do z\u00e1vodn\u00edho d\u016fchodu. Pod rou\u0161kou opojen\u00ed z rekordu na Grande Boucle je ve skute\u010dnosti skryta zoufal\u00e1 sezona. A t\u00fdm z Kazachst\u00e1nu nyn\u00ed mus\u00ed uhasit jeden velk\u00fd po\u017e\u00e1r. Vybojovat z\u00e1chranu mezi cyklistickou elitou. Kl\u00ed\u010dem m\u00e1 b\u00fdt \u010d\u00ednsk\u00fd titul\u00e1rn\u00ed sponzor. Poprv\u00e9 v d\u011bjin\u00e1ch World Tour.<\/strong><\/p>\n<p>Astana z\u00edskala obrovskou medi\u00e1ln\u00ed pozornost, kdy\u017e pro sezonu 2023 podepsala Marka Cavendishe, britsk\u00e9ho sprintera py\u0161n\u00edc\u00edho se tou dobou \u010dty\u0159iat\u0159iceti triumfy na Tour de France. Kdy\u017e rod\u00e1k z ostrova Man p\u0159i Grande Boucle 2023 spadl a zlomil si kl\u00ed\u010dn\u00ed kost, m\u011bl b\u00fdt velk\u00e9mu snu konec. Ale Alexandr Vinokoruov, gener\u00e1ln\u00ed mana\u017eer Astany, se rozhodl d\u00e1t dvojn\u00e1sobn\u00e9mu v\u00edt\u011bzi zelen\u00e9ho trikotu sponzorovan\u00e9ho \u0160koda Auto je\u0161t\u011b jednu \u0161anci. Projekt 35, jak zn\u011bl n\u00e1zev mise, byl st\u0159edobodem d\u011bn\u00ed formace, kterou dosud z velk\u00e9 m\u00edry sponzoroval Kazachst\u00e1n.<\/p>\n<h2><strong>Mark Cavendish a jinak nic&#8230;<\/strong><\/h2>\n<p>P\u00e1t\u00e1 etapa Tour de France 2024 p\u0159inesla t\u00fdmu obrovskou euforii. Mark Cavendish porazil Jaspera Philipsena, Alexandra Kristoffa, Arnauda de Lieho, Fabia Jakobsena i dal\u0161\u00ed spurtersk\u00e1 esa. Vstoupil do d\u011bjin jako mu\u017e s nejv\u011bt\u0161\u00edm po\u010dtem etapov\u00fdch v\u00edt\u011bzstv\u00ed. Astana tak trochu ob\u011btovala dv\u011b sezony na \u00fakor obrovsk\u00e9 pozornosti, kterou ji riskantn\u00ed Projekt 35 p\u0159inesl.<\/p>\n<p>B\u011bhem sezony 2024 slavila jen dvan\u00e1ct v\u00edt\u011bzstv\u00ed. Krom\u011b <a href=\"https:\/\/www.welovecycling.com\/cs\/2024\/07\/03\/mark-cavendish-o-rekordu-na-tour-jsou-silnejsi-zavodnici-ale-ja-umim-pouzivat-hlavu\/\">Cavendishova \u00fasp\u011bchu<\/a> na Tour de France dva etapov\u00e9 triumfy na Tour Colombia, d\u00edl\u010d\u00ed prvenstv\u00ed a celkovou v\u00fdhru na Giro Abruzzo, etapu p\u0159i z\u00e1vod\u011b Kolem Turecka, jedno d\u011bjstv\u00ed p\u0159i etap\u00e1ku v Ma\u010farsku, tituly z \u010dasovky a hromadn\u00e9ho z\u00e1vodu na n\u00e1rodn\u00edm \u0161ampion\u00e1tu v Kazachst\u00e1nu a po jedn\u00e9 etap\u011b z Tour of Hainan, Tour de Langkawi a z\u00e1vodu v Japonsku.<\/p>\n<figure id=\"attachment_26400\" aria-describedby=\"caption-attachment-26400\" style=\"width: 1000px\" class=\"wp-caption alignnone\"><a href=\"https:\/\/d2p6e6u75xmxt8.cloudfront.net\/13\/2024\/07\/tdf-charly-lopez-cavendish.webp\"><img loading=\"lazy\" decoding=\"async\" class=\"size-full wp-image-26400\" src=\"https:\/\/d2p6e6u75xmxt8.cloudfront.net\/13\/2024\/07\/tdf-charly-lopez-cavendish.webp\" alt=\"\" width=\"1000\" height=\"667\" srcset=\"https:\/\/d2p6e6u75xmxt8.cloudfront.net\/13\/2024\/07\/tdf-charly-lopez-cavendish.webp 1000w, https:\/\/d2p6e6u75xmxt8.cloudfront.net\/13\/2024\/07\/tdf-charly-lopez-cavendish-300x200.webp 300w, https:\/\/d2p6e6u75xmxt8.cloudfront.net\/13\/2024\/07\/tdf-charly-lopez-cavendish-768x512.webp 768w, https:\/\/d2p6e6u75xmxt8.cloudfront.net\/13\/2024\/07\/tdf-charly-lopez-cavendish-400x267.webp 400w, https:\/\/d2p6e6u75xmxt8.cloudfront.net\/13\/2024\/07\/tdf-charly-lopez-cavendish-272x182.webp 272w\" sizes=\"auto, (max-width: 1000px) 100vw, 1000px\" \/><\/a><figcaption id=\"caption-attachment-26400\" class=\"wp-caption-text\"><em>Mark Cavendish slav\u00ed na Tour de France 35. etapov\u00e9 v\u00edt\u011bzstv\u00ed. Foto: A.S.O.\/Charly Lopez<\/em><\/figcaption><\/figure>\n<p>Nejv\u00edce bod\u016f &#8211; 130 &#8211; v sezon\u011b 2024 p\u0159inesl Lorenzo Fortunato za celkovou dvan\u00e1ctou p\u0159\u00ed\u010dku z italsk\u00e9ho Gira. Henok Mulubrhan p\u0159idal 110 za druhou pozici v kone\u010dn\u00e9m \u00fa\u010dtov\u00e1n\u00ed Tour of Hainan, po stovce pak Mark Cavendish za etapov\u00e9 v\u00edt\u011bzstv\u00ed na Tour de France a Alex Lutsenko za celkov\u00fd triumf z Giro Abruzzo.<\/p>\n<p>Astana nashrom\u00e1\u017edila za posledn\u00ed dv\u011b sezony pouh\u00fdch 13 563 bod\u016f! A re\u00e1ln\u011b hroz\u00ed, \u017ee opust\u00ed World Tour. V pr\u016fb\u011b\u017en\u00e9m hodnocen\u00ed, kter\u00e9 v\u017edy zahrnuje t\u0159i roky a pro kone\u010dn\u00e9 po\u0159ad\u00ed sou\u010dasn\u00fd cyklus po\u010d\u00edt\u00e1 i se sezonou 2025, je t\u00fdm Alexandra Vinokurova a\u017e dvaadvac\u00e1t\u00fd s d\u011bsivou ztr\u00e1tou. Osmn\u00e1ct\u00fd Cofidis, jen\u017e dr\u017e\u00ed posledn\u00ed pozici garantuj\u00edc\u00ed z\u00e1chranu mezi elitou a tud\u00ed\u017e licenci World Tour, m\u00e1 o t\u00e9m\u011b\u0159 p\u011bt tis\u00edc bod\u016f v\u00edce!<\/p>\n<h2><strong>P\u0159inese sp\u00e1su XDS Carbon-Tech?<\/strong><\/h2>\n<p>Jestli\u017ee Projekt 35 m\u011bl hodn\u011b nejist\u00fd v\u00fdsledek, pak z\u00e1chrana ve World Tour se zd\u00e1 b\u00fdt \u010dir\u00e1 utopie. Ale Astana p\u0159esto v\u011b\u0159\u00ed. Pozici mezi elitou maj\u00ed zajistit \u010d\u00ednsk\u00e9 pen\u00edze. Hlavn\u00edm sponzorem pro rok 2025 se stal \u010d\u00ednsk\u00fd v\u00fdrobce karbonov\u00fdch r\u00e1m\u016f XDS Carbon-Tech. Poprv\u00e9 od zalo\u017een\u00ed t\u00fdmu, kter\u00fd je st\u00e1tem sponzorovan\u00fd, nebude Astana prvn\u00edm jm\u00e9nem formance.<\/p>\n<p>&#8222;Hledali jsme investora, kter\u00fd je schopen posunout t\u00fdm na novou \u00farove\u0148. Budeme \u010delit v\u00fdrazn\u00fdm zm\u011bn\u00e1m, ale jsme p\u0159ipraveni,&#8220; komentoval z\u00e1sadn\u00ed krok Alexandr Vinokurov, gener\u00e1ln\u00ed \u0159editel Astany a potvrdil, \u017ee partnerstv\u00ed bude dlouhodob\u00e9.<\/p>\n<div class=\"shortcode-ys-post-pinup\"><article class=\"loop-simple post-26197 post type-post status-publish format-standard has-post-thumbnail hentry category-tour-de-france tag-cyklistika tag-eddy-merckx tag-etapovy-rekord tag-mark-cavendish tag-projekt-35 tag-rekord tag-rekordni-vitezstvi tag-silnicni-cyklistika tag-tour-de-france tag-tour-de-france-2024 global-categories-cycling\" data-postid=\"26197\" role=\"article\" data-post-id=\"26197\" data-word-count=\"368\" data-headline-length=\"113\" data-category=\"Tour de France\" data-global-category=\"Cycling\" data-author=\"We Love Cycling\" data-published=\"2024-07-04T12:44:40+02:00\" data-published-day=\"Thursday\">\n    <div class=\"entry-thumbnail article-thumbnail\" content=\"https:\/\/d2p6e6u75xmxt8.cloudfront.net\/13\/2024\/07\/profimedia-0886980403-150x150.webp\"><a href=\"https:\/\/www.welovecycling.com\/cs\/2024\/07\/04\/vysilacka-na-brise-ponozky-za-30-tisic-ci-hodinky-za-ctyri-a-pul-milionu-detaily-cavendishova-rekordu\/\" class=\"image-holder\" target=\"_self\"><img decoding=\"async\" loading=\"lazy\" class=\"\" src=\"https:\/\/d2p6e6u75xmxt8.cloudfront.net\/13\/2024\/07\/profimedia-0886980403-1024x683.webp\" srcset=\"https:\/\/d2p6e6u75xmxt8.cloudfront.net\/13\/2024\/07\/profimedia-0886980403.webp 1800w, https:\/\/d2p6e6u75xmxt8.cloudfront.net\/13\/2024\/07\/profimedia-0886980403-300x200.webp 300w, https:\/\/d2p6e6u75xmxt8.cloudfront.net\/13\/2024\/07\/profimedia-0886980403-1024x683.webp 1024w, https:\/\/d2p6e6u75xmxt8.cloudfront.net\/13\/2024\/07\/profimedia-0886980403-768x512.webp 768w, https:\/\/d2p6e6u75xmxt8.cloudfront.net\/13\/2024\/07\/profimedia-0886980403-1536x1024.webp 1536w, https:\/\/d2p6e6u75xmxt8.cloudfront.net\/13\/2024\/07\/profimedia-0886980403-400x267.webp 400w, https:\/\/d2p6e6u75xmxt8.cloudfront.net\/13\/2024\/07\/profimedia-0886980403-272x182.webp 272w\" width=\"1024\" height=\"683\" sizes=\"auto, (min-width: 1200px) 300px, (min-width: 768px) 25vw, 100vw\" alt=\"vysilacka-na-brise-ponozky-za-30-tisic-ci-hodinky-za-ctyri-a-pul-milionu-detaily-cavendishova-rekordu\"\/><\/a><\/div>    <div class=\"entry-meta\">\n        <a class=\"label label-secondary post-category\" href=\"https:\/\/www.welovecycling.com\/cs\/category\/tour-de-france\/\" title=\"Tour de France\">Tour de France<\/a>\n    <\/div>\n    <div class=\"entry-details\">\n        <a href=\"https:\/\/www.welovecycling.com\/cs\/2024\/07\/04\/vysilacka-na-brise-ponozky-za-30-tisic-ci-hodinky-za-ctyri-a-pul-milionu-detaily-cavendishova-rekordu\/\" class='entry-title-wrapper'>\n            <h3 class=\"entry-title\"><span>Vys\u00edla\u010dka na b\u0159i\u0161e, pono\u017eky za 30 tis\u00edc \u010di hodinky za \u010dty\u0159i a p\u016fl milionu. Detaily Cavendishova rekordu<\/span><\/h3>\n        <\/a>\n    <\/div>\n    <\/article>\n<\/div>\n<p>\u010c\u00ednsk\u00e1 spole\u010dnost je jedn\u00edm z nejv\u011bt\u0161\u00edch v\u00fdrobc\u016f uhl\u00edkov\u00fdch vl\u00e1ken na sv\u011bt\u011b. Pod zna\u010dkou X-Lab vyr\u00e1b\u00ed vlastn\u00ed \u0159adu kol, kter\u00e1 maj\u00ed b\u00fdt schopna konkurovat nejv\u011bt\u0161\u00edm a nej\u00fasp\u011b\u0161n\u011bj\u0161\u00edm zna\u010dk\u00e1m. A pr\u00e1v\u011b Astana, respektive jej\u00ed jezdci se maj\u00ed st\u00e1t propag\u00e1tory a cestou k \u00fasp\u011bchu, co\u017e si \u017e\u00e1d\u00e1 pochopiteln\u011b skv\u011bl\u00e9 v\u00fdsledky. A pokud jich Astana dos\u00e1hne, m\u016f\u017ee sn\u00edt o z\u00e1chran\u011b.<\/p>\n<p>&#8222;M\u016f\u017eete si b\u00fdt jist\u00ed, \u017ee t\u00fdm bude m\u00edt dostate\u010dn\u00fd rozpo\u010det a nejlep\u0161\u00ed mo\u017enou technickou podporu. Hledali jsme mo\u017enosti vstoupit do World Tour od roku 2022. Spojen\u00ed s Astanou pova\u017eujeme za velk\u00e9 \u0161t\u011bst\u00ed,&#8220; prohl\u00e1sil Yancong Tan, gener\u00e1ln\u00ed \u0159editel XDS.<\/p>\n<h2><strong>Astana mohutn\u011b posiluje<\/strong><\/h2>\n<p>S \u010d\u00ednsk\u00fdmi pen\u011bzi v z\u00e1dech Vinokurov\u016fv t\u00fdm mohutn\u011b zbroj\u00ed. Kontrakt u\u017e podepsali Wout Poels (Bahrain Victorious), Diego Ulissi (UAE Emirates), Sergio Higuita (Red Bull Bora-hansgrohe), Fausto Masnada (Soudal Quick Step), Mike Teunissen (Intermarch\u00e9 Wanty) a dal\u0161\u00edch sedm jezdc\u016f. U\u017e v srpnu p\u0159estoupil z formace EF Ital Alberto Bettiol, T\u00fdm, kter\u00fd dost mo\u017en\u00e1 bude m\u00edt dokonce \u010d\u00ednskou licenci, douf\u00e1 je\u0161t\u011b v podpis kontraktu s n\u011bkter\u00fdm ze sprinter\u016f, aby zaplnil m\u00edsto po Cavendishovi.<\/p>\n<figure id=\"attachment_1386\" aria-describedby=\"caption-attachment-1386\" style=\"width: 1920px\" class=\"wp-caption alignnone\"><a href=\"https:\/\/d2p6e6u75xmxt8.cloudfront.net\/13\/2019\/04\/unnamed-3-scaled.webp\"><img loading=\"lazy\" decoding=\"async\" class=\"size-extra-large wp-image-1386\" src=\"https:\/\/d2p6e6u75xmxt8.cloudfront.net\/13\/2019\/04\/unnamed-3-1920x1280.webp\" alt=\"\" width=\"1920\" height=\"1280\" srcset=\"https:\/\/d2p6e6u75xmxt8.cloudfront.net\/13\/2019\/04\/unnamed-3-1920x1280.webp 1920w, https:\/\/d2p6e6u75xmxt8.cloudfront.net\/13\/2019\/04\/unnamed-3-300x200.webp 300w, https:\/\/d2p6e6u75xmxt8.cloudfront.net\/13\/2019\/04\/unnamed-3-1024x683.webp 1024w, https:\/\/d2p6e6u75xmxt8.cloudfront.net\/13\/2019\/04\/unnamed-3-768x512.webp 768w, https:\/\/d2p6e6u75xmxt8.cloudfront.net\/13\/2019\/04\/unnamed-3-1536x1024.webp 1536w, https:\/\/d2p6e6u75xmxt8.cloudfront.net\/13\/2019\/04\/unnamed-3-2048x1365.webp 2048w, https:\/\/d2p6e6u75xmxt8.cloudfront.net\/13\/2019\/04\/unnamed-3-272x182.webp 272w, https:\/\/d2p6e6u75xmxt8.cloudfront.net\/13\/2019\/04\/unnamed-3-1920x1280.webp 1920w\" sizes=\"auto, (max-width: 1920px) 100vw, 1920px\" \/><\/a><figcaption id=\"caption-attachment-1386\" class=\"wp-caption-text\"><em>Alberto Bettiol, senza\u010dn\u00ed v\u00edt\u011bz klasiky Kolem Flander 2019, je posilou t\u00fdmu Astana. Foto: Slipstream Sports Inc.<\/em><\/figcaption><\/figure>\n<p>Velk\u00e9 zm\u011bny se odehr\u00e1ly i v obsazen\u00ed podp\u016frn\u00e9ho t\u00fdmu. Coby v\u00fdkonnostn\u00ed in\u017een\u00fdr se p\u0159ipojil Alex Dowsett, b\u00fdval\u00fd britsk\u00fd cyklista a rekordman v hodinovce, kter\u00fd pro XDS pracoval na v\u00fdvoji kola. P\u0159i testov\u00e1n\u00ed ve v\u011btrn\u00e9m tunelu v Silverstone \u00fadajn\u011b nov\u00fd stroj jezdc\u016f Astany dos\u00e1hl lep\u0161\u00edch v\u00fdsledk\u016f ne\u017e konkurence. Mnoho nov\u00fdch tv\u00e1\u0159\u00ed je na pozic\u00edch sportovn\u00edch \u0159editel\u016f, tren\u00e9r\u016f a v r\u00e1mci datov\u00e9ho t\u00fdmu.<\/p>\n<p>Zvl\u00e1dne Astana dal\u0161\u00ed zd\u00e1nliv\u011b nere\u00e1ln\u00fd projekt v podob\u011b z\u00e1chrany ve World Tour?<\/p>\n","protected":false},"excerpt":{"rendered":"<p>Z\u016fstalo to ve st\u00ednu \u00fasp\u011b\u0161n\u00e9ho projektu. Astana se prakticky dva roky v\u011bnovala pl\u00e1nu, jeho\u017e smyslem bylo rekordn\u00ed p\u011btat\u0159ic\u00e1t\u00e9 v\u00edt\u011bzstv\u00ed Marka [&hellip;]<\/p>\n","protected":false},"author":138,"featured_media":26106,"comment_status":"open","ping_status":"open","sticky":false,"template":"","format":"standard","meta":{"footnotes":""},"categories":[10],"tags":[1954,126,3918,361,3919,9,275,3917],"global-categories":[411],"class_list":["post-27583","post","type-post","status-publish","format-standard","has-post-thumbnail","hentry","category-silnicni-cyklistika","tag-astana","tag-cyklistika","tag-licence","tag-mark-cavendish","tag-sestupovy-system-world-tour","tag-silnicni-cyklistika","tag-world-tour","tag-xds-carbon-tech","global-categories-cycling"],"yoast_head":"<!-- This site is optimized with the Yoast SEO Premium plugin v25.3 (Yoast SEO v25.9) - https:\/\/yoast.com\/wordpress\/plugins\/seo\/ -->\n<title>Astana douf\u00e1, \u017ee ji \u010d\u00ednsk\u00e9 pen\u00edze zachr\u00e1n\u00ed ve World Tour | \u0160koda We Love Cycling - \u010cesk\u00e1 republika<\/title>\n<meta name=\"description\" content=\"Z\u016fstalo to ve st\u00ednu \u00fasp\u011b\u0161n\u00e9ho projektu. Astana se prakticky dva roky v\u011bnovala pl\u00e1nu, jeho\u017e smyslem bylo rekordn\u00ed p\u011btat\u0159ic\u00e1t\u00e9 v\u00edt\u011bzstv\u00ed Marka Cavendishe na Tour de France! Britsk\u00fd spurter misi v \u010dervenci 2024 naplnil. Ode\u0161el do z\u00e1vodn\u00edho d\u016fchodu. Pod rou\u0161kou opojen\u00ed z rekordu na Grande Boucle je ve skute\u010dnosti skryta zoufal\u00e1 sezona. A t\u00fdm z Kazachst\u00e1nu nyn\u00ed mus\u00ed uhasit jeden velk\u00fd po\u017e\u00e1r. Vybojovat z\u00e1chranu mezi cyklistickou elitou. Kl\u00ed\u010dem m\u00e1 b\u00fdt \u010d\u00ednsk\u00fd titul\u00e1rn\u00ed sponzor. Poprv\u00e9 v d\u011bjin\u00e1ch World Tour.\" \/>\n<meta name=\"robots\" content=\"index, follow, max-snippet:-1, max-image-preview:large, max-video-preview:-1\" \/>\n<link rel=\"canonical\" href=\"https:\/\/www.welovecycling.com\/cs\/2024\/11\/18\/astana-doufa-ze-ji-cinske-penize-zachrani-ve-world-tour\/\" \/>\n<meta property=\"og:locale\" content=\"cs_CZ\" \/>\n<meta property=\"og:type\" content=\"article\" \/>\n<meta property=\"og:title\" content=\"Astana douf\u00e1, \u017ee ji \u010d\u00ednsk\u00e9 pen\u00edze zachr\u00e1n\u00ed ve World Tour\" \/>\n<meta property=\"og:description\" content=\"Z\u016fstalo to ve st\u00ednu \u00fasp\u011b\u0161n\u00e9ho projektu. Astana se prakticky dva roky v\u011bnovala pl\u00e1nu, jeho\u017e smyslem bylo rekordn\u00ed p\u011btat\u0159ic\u00e1t\u00e9 v\u00edt\u011bzstv\u00ed Marka Cavendishe na Tour de France! Britsk\u00fd spurter misi v \u010dervenci 2024 naplnil. Ode\u0161el do z\u00e1vodn\u00edho d\u016fchodu. Pod rou\u0161kou opojen\u00ed z rekordu na Grande Boucle je ve skute\u010dnosti skryta zoufal\u00e1 sezona. A t\u00fdm z Kazachst\u00e1nu nyn\u00ed mus\u00ed uhasit jeden velk\u00fd po\u017e\u00e1r. Vybojovat z\u00e1chranu mezi cyklistickou elitou. Kl\u00ed\u010dem m\u00e1 b\u00fdt \u010d\u00ednsk\u00fd titul\u00e1rn\u00ed sponzor. Poprv\u00e9 v d\u011bjin\u00e1ch World Tour.\" \/>\n<meta property=\"og:url\" content=\"https:\/\/www.welovecycling.com\/cs\/2024\/11\/18\/astana-doufa-ze-ji-cinske-penize-zachrani-ve-world-tour\/\" \/>\n<meta property=\"og:site_name\" content=\"\u0160koda We Love Cycling - \u010cesk\u00e1 republika\" \/>\n<meta property=\"article:published_time\" content=\"2024-11-18T07:53:53+00:00\" \/>\n<meta property=\"article:modified_time\" content=\"2024-11-18T07:56:39+00:00\" \/>\n<meta property=\"og:image\" content=\"https:\/\/d2p6e6u75xmxt8.cloudfront.net\/13\/2024\/06\/profimedia-0885779816.webp\" \/>\n\t<meta property=\"og:image:width\" content=\"1800\" \/>\n\t<meta property=\"og:image:height\" content=\"1200\" \/>\n\t<meta property=\"og:image:type\" content=\"image\/webp\" \/>\n<meta name=\"author\" content=\"radekmalina\" \/>\n<meta name=\"twitter:card\" content=\"summary_large_image\" \/>\n<meta name=\"twitter:label1\" content=\"Written by\" \/>\n\t<meta name=\"twitter:data1\" content=\"We Love Cycling\" \/>\n\t<meta name=\"twitter:label2\" content=\"Est. reading time\" \/>\n\t<meta name=\"twitter:data2\" content=\"5\" \/>\n<script type=\"application\/ld+json\" class=\"yoast-schema-graph\">{\"@context\":\"https:\/\/schema.org\",\"@graph\":[{\"@type\":\"WebPage\",\"@id\":\"https:\/\/www.welovecycling.com\/cs\/2024\/11\/18\/astana-doufa-ze-ji-cinske-penize-zachrani-ve-world-tour\/\",\"url\":\"https:\/\/www.welovecycling.com\/cs\/2024\/11\/18\/astana-doufa-ze-ji-cinske-penize-zachrani-ve-world-tour\/\",\"name\":\"Astana douf\u00e1, \u017ee ji \u010d\u00ednsk\u00e9 pen\u00edze zachr\u00e1n\u00ed ve World Tour | \u0160koda We Love Cycling - \u010cesk\u00e1 republika\",\"isPartOf\":{\"@id\":\"https:\/\/www.welovecycling.com\/cs\/#website\"},\"primaryImageOfPage\":{\"@id\":\"https:\/\/www.welovecycling.com\/cs\/2024\/11\/18\/astana-doufa-ze-ji-cinske-penize-zachrani-ve-world-tour\/#primaryimage\"},\"image\":{\"@id\":\"https:\/\/www.welovecycling.com\/cs\/2024\/11\/18\/astana-doufa-ze-ji-cinske-penize-zachrani-ve-world-tour\/#primaryimage\"},\"thumbnailUrl\":\"https:\/\/d2p6e6u75xmxt8.cloudfront.net\/13\/2024\/06\/profimedia-0885779816.webp\",\"datePublished\":\"2024-11-18T07:53:53+00:00\",\"dateModified\":\"2024-11-18T07:56:39+00:00\",\"author\":{\"@id\":\"https:\/\/www.welovecycling.com\/cs\/#\/schema\/person\/d9eeb0a378f3a7e4a6d12d2b536b04b8\"},\"description\":\"Z\u016fstalo to ve st\u00ednu \u00fasp\u011b\u0161n\u00e9ho projektu. Astana se prakticky dva roky v\u011bnovala pl\u00e1nu, jeho\u017e smyslem bylo rekordn\u00ed p\u011btat\u0159ic\u00e1t\u00e9 v\u00edt\u011bzstv\u00ed Marka Cavendishe na Tour de France! Britsk\u00fd spurter misi v \u010dervenci 2024 naplnil. Ode\u0161el do z\u00e1vodn\u00edho d\u016fchodu. Pod rou\u0161kou opojen\u00ed z rekordu na Grande Boucle je ve skute\u010dnosti skryta zoufal\u00e1 sezona. A t\u00fdm z Kazachst\u00e1nu nyn\u00ed mus\u00ed uhasit jeden velk\u00fd po\u017e\u00e1r. Vybojovat z\u00e1chranu mezi cyklistickou elitou. Kl\u00ed\u010dem m\u00e1 b\u00fdt \u010d\u00ednsk\u00fd titul\u00e1rn\u00ed sponzor. Poprv\u00e9 v d\u011bjin\u00e1ch World Tour.\",\"inLanguage\":\"cs\",\"potentialAction\":[{\"@type\":\"ReadAction\",\"target\":[\"https:\/\/www.welovecycling.com\/cs\/2024\/11\/18\/astana-doufa-ze-ji-cinske-penize-zachrani-ve-world-tour\/\"]}]},{\"@type\":\"ImageObject\",\"inLanguage\":\"cs\",\"@id\":\"https:\/\/www.welovecycling.com\/cs\/2024\/11\/18\/astana-doufa-ze-ji-cinske-penize-zachrani-ve-world-tour\/#primaryimage\",\"url\":\"https:\/\/d2p6e6u75xmxt8.cloudfront.net\/13\/2024\/06\/profimedia-0885779816.webp\",\"contentUrl\":\"https:\/\/d2p6e6u75xmxt8.cloudfront.net\/13\/2024\/06\/profimedia-0885779816.webp\",\"width\":1800,\"height\":1200,\"caption\":\"Mark Cavendish Astana\"},{\"@type\":\"WebSite\",\"@id\":\"https:\/\/www.welovecycling.com\/cs\/#website\",\"url\":\"https:\/\/www.welovecycling.com\/cs\/\",\"name\":\"\u0160koda We Love Cycling - \u010cesk\u00e1 republika\",\"description\":\"WeLoveCycling.cz je online magaz\u00edn, kter\u00fd v\u00e1m pravideln\u011b p\u0159in\u00e1\u0161\u00ed rady a tipy, zaj\u00edmav\u00e9 \u010dl\u00e1nky, videa a jedine\u010dn\u00e9 report\u00e1\u017ee ze sv\u011bta cyklistiky.\",\"potentialAction\":[{\"@type\":\"SearchAction\",\"target\":{\"@type\":\"EntryPoint\",\"urlTemplate\":\"https:\/\/www.welovecycling.com\/cs\/?s={search_term_string}\"},\"query-input\":{\"@type\":\"PropertyValueSpecification\",\"valueRequired\":true,\"valueName\":\"search_term_string\"}}],\"inLanguage\":\"cs\"},{\"@type\":\"Person\",\"@id\":\"https:\/\/www.welovecycling.com\/cs\/#\/schema\/person\/d9eeb0a378f3a7e4a6d12d2b536b04b8\",\"name\":\"radekmalina\",\"image\":{\"@type\":\"ImageObject\",\"inLanguage\":\"cs\",\"@id\":\"https:\/\/www.welovecycling.com\/cs\/#\/schema\/person\/image\/\",\"url\":\"https:\/\/secure.gravatar.com\/avatar\/66994b632cb8c39a46b9f54afa3ae07201b678d32a54275b6f1c9ffec356bfc0?s=96&d=mm&r=g\",\"contentUrl\":\"https:\/\/secure.gravatar.com\/avatar\/66994b632cb8c39a46b9f54afa3ae07201b678d32a54275b6f1c9ffec356bfc0?s=96&d=mm&r=g\",\"caption\":\"radekmalina\"},\"url\":\"https:\/\/www.welovecycling.com\/cs\/author\/radekmalina\/\"}]}<\/script>\n<!-- \/ Yoast SEO Premium plugin. -->","yoast_head_json":{"title":"Astana douf\u00e1, \u017ee ji \u010d\u00ednsk\u00e9 pen\u00edze zachr\u00e1n\u00ed ve World Tour | \u0160koda We Love Cycling - \u010cesk\u00e1 republika","description":"Z\u016fstalo to ve st\u00ednu \u00fasp\u011b\u0161n\u00e9ho projektu. Astana se prakticky dva roky v\u011bnovala pl\u00e1nu, jeho\u017e smyslem bylo rekordn\u00ed p\u011btat\u0159ic\u00e1t\u00e9 v\u00edt\u011bzstv\u00ed Marka Cavendishe na Tour de France! Britsk\u00fd spurter misi v \u010dervenci 2024 naplnil. Ode\u0161el do z\u00e1vodn\u00edho d\u016fchodu. Pod rou\u0161kou opojen\u00ed z rekordu na Grande Boucle je ve skute\u010dnosti skryta zoufal\u00e1 sezona. A t\u00fdm z Kazachst\u00e1nu nyn\u00ed mus\u00ed uhasit jeden velk\u00fd po\u017e\u00e1r. Vybojovat z\u00e1chranu mezi cyklistickou elitou. Kl\u00ed\u010dem m\u00e1 b\u00fdt \u010d\u00ednsk\u00fd titul\u00e1rn\u00ed sponzor. Poprv\u00e9 v d\u011bjin\u00e1ch World Tour.","robots":{"index":"index","follow":"follow","max-snippet":"max-snippet:-1","max-image-preview":"max-image-preview:large","max-video-preview":"max-video-preview:-1"},"canonical":"https:\/\/www.welovecycling.com\/cs\/2024\/11\/18\/astana-doufa-ze-ji-cinske-penize-zachrani-ve-world-tour\/","og_locale":"cs_CZ","og_type":"article","og_title":"Astana douf\u00e1, \u017ee ji \u010d\u00ednsk\u00e9 pen\u00edze zachr\u00e1n\u00ed ve World Tour","og_description":"Z\u016fstalo to ve st\u00ednu \u00fasp\u011b\u0161n\u00e9ho projektu. Astana se prakticky dva roky v\u011bnovala pl\u00e1nu, jeho\u017e smyslem bylo rekordn\u00ed p\u011btat\u0159ic\u00e1t\u00e9 v\u00edt\u011bzstv\u00ed Marka Cavendishe na Tour de France! Britsk\u00fd spurter misi v \u010dervenci 2024 naplnil. Ode\u0161el do z\u00e1vodn\u00edho d\u016fchodu. Pod rou\u0161kou opojen\u00ed z rekordu na Grande Boucle je ve skute\u010dnosti skryta zoufal\u00e1 sezona. A t\u00fdm z Kazachst\u00e1nu nyn\u00ed mus\u00ed uhasit jeden velk\u00fd po\u017e\u00e1r. Vybojovat z\u00e1chranu mezi cyklistickou elitou. Kl\u00ed\u010dem m\u00e1 b\u00fdt \u010d\u00ednsk\u00fd titul\u00e1rn\u00ed sponzor. Poprv\u00e9 v d\u011bjin\u00e1ch World Tour.","og_url":"https:\/\/www.welovecycling.com\/cs\/2024\/11\/18\/astana-doufa-ze-ji-cinske-penize-zachrani-ve-world-tour\/","og_site_name":"\u0160koda We Love Cycling - \u010cesk\u00e1 republika","article_published_time":"2024-11-18T07:53:53+00:00","article_modified_time":"2024-11-18T07:56:39+00:00","og_image":[{"width":1800,"height":1200,"url":"https:\/\/d2p6e6u75xmxt8.cloudfront.net\/13\/2024\/06\/profimedia-0885779816.webp","type":"image\/webp"}],"author":"radekmalina","twitter_card":"summary_large_image","twitter_misc":{"Written by":"We Love Cycling","Est. reading time":"5"},"schema":{"@context":"https:\/\/schema.org","@graph":[{"@type":"WebPage","@id":"https:\/\/www.welovecycling.com\/cs\/2024\/11\/18\/astana-doufa-ze-ji-cinske-penize-zachrani-ve-world-tour\/","url":"https:\/\/www.welovecycling.com\/cs\/2024\/11\/18\/astana-doufa-ze-ji-cinske-penize-zachrani-ve-world-tour\/","name":"Astana douf\u00e1, \u017ee ji \u010d\u00ednsk\u00e9 pen\u00edze zachr\u00e1n\u00ed ve World Tour | \u0160koda We Love Cycling - \u010cesk\u00e1 republika","isPartOf":{"@id":"https:\/\/www.welovecycling.com\/cs\/#website"},"primaryImageOfPage":{"@id":"https:\/\/www.welovecycling.com\/cs\/2024\/11\/18\/astana-doufa-ze-ji-cinske-penize-zachrani-ve-world-tour\/#primaryimage"},"image":{"@id":"https:\/\/www.welovecycling.com\/cs\/2024\/11\/18\/astana-doufa-ze-ji-cinske-penize-zachrani-ve-world-tour\/#primaryimage"},"thumbnailUrl":"https:\/\/d2p6e6u75xmxt8.cloudfront.net\/13\/2024\/06\/profimedia-0885779816.webp","datePublished":"2024-11-18T07:53:53+00:00","dateModified":"2024-11-18T07:56:39+00:00","author":{"@id":"https:\/\/www.welovecycling.com\/cs\/#\/schema\/person\/d9eeb0a378f3a7e4a6d12d2b536b04b8"},"description":"Z\u016fstalo to ve st\u00ednu \u00fasp\u011b\u0161n\u00e9ho projektu. Astana se prakticky dva roky v\u011bnovala pl\u00e1nu, jeho\u017e smyslem bylo rekordn\u00ed p\u011btat\u0159ic\u00e1t\u00e9 v\u00edt\u011bzstv\u00ed Marka Cavendishe na Tour de France! Britsk\u00fd spurter misi v \u010dervenci 2024 naplnil. Ode\u0161el do z\u00e1vodn\u00edho d\u016fchodu. Pod rou\u0161kou opojen\u00ed z rekordu na Grande Boucle je ve skute\u010dnosti skryta zoufal\u00e1 sezona. A t\u00fdm z Kazachst\u00e1nu nyn\u00ed mus\u00ed uhasit jeden velk\u00fd po\u017e\u00e1r. Vybojovat z\u00e1chranu mezi cyklistickou elitou. Kl\u00ed\u010dem m\u00e1 b\u00fdt \u010d\u00ednsk\u00fd titul\u00e1rn\u00ed sponzor. Poprv\u00e9 v d\u011bjin\u00e1ch World Tour.","inLanguage":"cs","potentialAction":[{"@type":"ReadAction","target":["https:\/\/www.welovecycling.com\/cs\/2024\/11\/18\/astana-doufa-ze-ji-cinske-penize-zachrani-ve-world-tour\/"]}]},{"@type":"ImageObject","inLanguage":"cs","@id":"https:\/\/www.welovecycling.com\/cs\/2024\/11\/18\/astana-doufa-ze-ji-cinske-penize-zachrani-ve-world-tour\/#primaryimage","url":"https:\/\/d2p6e6u75xmxt8.cloudfront.net\/13\/2024\/06\/profimedia-0885779816.webp","contentUrl":"https:\/\/d2p6e6u75xmxt8.cloudfront.net\/13\/2024\/06\/profimedia-0885779816.webp","width":1800,"height":1200,"caption":"Mark Cavendish Astana"},{"@type":"WebSite","@id":"https:\/\/www.welovecycling.com\/cs\/#website","url":"https:\/\/www.welovecycling.com\/cs\/","name":"\u0160koda We Love Cycling - \u010cesk\u00e1 republika","description":"WeLoveCycling.cz je online magaz\u00edn, kter\u00fd v\u00e1m pravideln\u011b p\u0159in\u00e1\u0161\u00ed rady a tipy, zaj\u00edmav\u00e9 \u010dl\u00e1nky, videa a jedine\u010dn\u00e9 report\u00e1\u017ee ze sv\u011bta cyklistiky.","potentialAction":[{"@type":"SearchAction","target":{"@type":"EntryPoint","urlTemplate":"https:\/\/www.welovecycling.com\/cs\/?s={search_term_string}"},"query-input":{"@type":"PropertyValueSpecification","valueRequired":true,"valueName":"search_term_string"}}],"inLanguage":"cs"},{"@type":"Person","@id":"https:\/\/www.welovecycling.com\/cs\/#\/schema\/person\/d9eeb0a378f3a7e4a6d12d2b536b04b8","name":"radekmalina","image":{"@type":"ImageObject","inLanguage":"cs","@id":"https:\/\/www.welovecycling.com\/cs\/#\/schema\/person\/image\/","url":"https:\/\/secure.gravatar.com\/avatar\/66994b632cb8c39a46b9f54afa3ae07201b678d32a54275b6f1c9ffec356bfc0?s=96&d=mm&r=g","contentUrl":"https:\/\/secure.gravatar.com\/avatar\/66994b632cb8c39a46b9f54afa3ae07201b678d32a54275b6f1c9ffec356bfc0?s=96&d=mm&r=g","caption":"radekmalina"},"url":"https:\/\/www.welovecycling.com\/cs\/author\/radekmalina\/"}]}},"_links":{"self":[{"href":"https:\/\/www.welovecycling.com\/cs\/wp-json\/wp\/v2\/posts\/27583","targetHints":{"allow":["GET"]}}],"collection":[{"href":"https:\/\/www.welovecycling.com\/cs\/wp-json\/wp\/v2\/posts"}],"about":[{"href":"https:\/\/www.welovecycling.com\/cs\/wp-json\/wp\/v2\/types\/post"}],"author":[{"embeddable":true,"href":"https:\/\/www.welovecycling.com\/cs\/wp-json\/wp\/v2\/users\/138"}],"replies":[{"embeddable":true,"href":"https:\/\/www.welovecycling.com\/cs\/wp-json\/wp\/v2\/comments?post=27583"}],"version-history":[{"count":2,"href":"https:\/\/www.welovecycling.com\/cs\/wp-json\/wp\/v2\/posts\/27583\/revisions"}],"predecessor-version":[{"id":27585,"href":"https:\/\/www.welovecycling.com\/cs\/wp-json\/wp\/v2\/posts\/27583\/revisions\/27585"}],"wp:featuredmedia":[{"embeddable":true,"href":"https:\/\/www.welovecycling.com\/cs\/wp-json\/wp\/v2\/media\/26106"}],"wp:attachment":[{"href":"https:\/\/www.welovecycling.com\/cs\/wp-json\/wp\/v2\/media?parent=27583"}],"wp:term":[{"taxonomy":"category","embeddable":true,"href":"https:\/\/www.welovecycling.com\/cs\/wp-json\/wp\/v2\/categories?post=27583"},{"taxonomy":"post_tag","embeddable":true,"href":"https:\/\/www.welovecycling.com\/cs\/wp-json\/wp\/v2\/tags?post=27583"},{"taxonomy":"global-categories","embeddable":true,"href":"https:\/\/www.welovecycling.com\/cs\/wp-json\/wp\/v2\/global-categories?post=27583"}],"curies":[{"name":"wp","href":"https:\/\/api.w.org\/{rel}","templated":true}]}}