{"id":27524,"date":"2024-11-09T21:05:54","date_gmt":"2024-11-09T19:05:54","guid":{"rendered":"https:\/\/www.welovecycling.com\/cs\/?p=27524"},"modified":"2024-11-09T21:07:13","modified_gmt":"2024-11-09T19:07:13","slug":"sabina-kosarkova-je-mistryni-sveta-v-pumptracku","status":"publish","type":"post","link":"https:\/\/www.welovecycling.com\/cs\/2024\/11\/09\/sabina-kosarkova-je-mistryni-sveta-v-pumptracku\/","title":{"rendered":"Sabina Ko\u0161\u00e1rkov\u00e1 je mistryn\u00ed sv\u011bta v\u00a0pumptracku!"},"content":{"rendered":"<p><strong>\u010cesk\u00e1 reprezentantka Sabina Ko\u0161\u00e1rkov\u00e1 se stala mistryn\u00ed sv\u011bta v cyklistick\u00e9 discipl\u00edn\u011b pumptrack. Po dvou druh\u00fdch m\u00edstech z p\u0159edchoz\u00edch dvou let vybojovala v Durbanu v Jihoafrick\u00e9 republice vysn\u011bn\u00fd titul a duhov\u00fd dres!<\/strong><\/p>\n<p><span style=\"font-weight: 400;\">Od kvalifikace Sabina Ko\u0161\u00e1rkov\u00e1 nena\u0161la ani v jedn\u00e9 j\u00edzd\u011b v\u010detn\u011b fin\u00e1le p\u0159emo\u017eitelku a v\u017edy zajela nejlep\u0161\u00ed \u010das. Ve fin\u00e1le pak porazila t\u011bsn\u011b o pouh\u00fdch 71 setin \u0160v\u00fdcarku Nadine Aeberhardovou. Titul mezi mu\u017ei vybojoval Australan Ryan Gilchrist.<\/span><\/p>\n<p><span style=\"font-weight: 400;\">\u201eJsem neskute\u010dn\u011b \u0161\u0165astn\u00e1, je to spln\u011bn\u00fd sen. V\u017edy jsem cht\u011bla duhov\u00fd dres a te\u010f ho m\u00e1m. Byla tam spousta emoc\u00ed, zlatou medaili jsem obre\u010dela. Na vyhl\u00e1\u0161en\u00ed mi hr\u00e1li hymnu, zp\u00edvala jsem\u2026 Moc jsem si to u\u017eila, gratulovaly mi i ostatn\u00ed soupe\u0159ky a fanou\u0161ci byli taky skv\u011bl\u00ed. Prost\u011b n\u00e1dhera,\u201c<\/span><span style=\"font-weight: 400;\"> \u0159ekla Sabina Ko\u0161\u00e1rkov\u00e1.<\/span><\/p>\n<p><a href=\"https:\/\/d2p6e6u75xmxt8.cloudfront.net\/13\/2024\/11\/Kosarkova-2.webp\"><img loading=\"lazy\" decoding=\"async\" class=\"alignnone size-extra-large wp-image-27525\" src=\"https:\/\/d2p6e6u75xmxt8.cloudfront.net\/13\/2024\/11\/Kosarkova-2-1920x1281.webp\" alt=\"\" width=\"1920\" height=\"1281\" srcset=\"https:\/\/d2p6e6u75xmxt8.cloudfront.net\/13\/2024\/11\/Kosarkova-2-1920x1281.webp 1920w, https:\/\/d2p6e6u75xmxt8.cloudfront.net\/13\/2024\/11\/Kosarkova-2-300x200.webp 300w, https:\/\/d2p6e6u75xmxt8.cloudfront.net\/13\/2024\/11\/Kosarkova-2-1024x683.webp 1024w, https:\/\/d2p6e6u75xmxt8.cloudfront.net\/13\/2024\/11\/Kosarkova-2-768x512.webp 768w, https:\/\/d2p6e6u75xmxt8.cloudfront.net\/13\/2024\/11\/Kosarkova-2-1536x1025.webp 1536w, https:\/\/d2p6e6u75xmxt8.cloudfront.net\/13\/2024\/11\/Kosarkova-2-400x267.webp 400w, https:\/\/d2p6e6u75xmxt8.cloudfront.net\/13\/2024\/11\/Kosarkova-2-272x182.webp 272w, https:\/\/d2p6e6u75xmxt8.cloudfront.net\/13\/2024\/11\/Kosarkova-2.webp 2048w, https:\/\/d2p6e6u75xmxt8.cloudfront.net\/13\/2024\/11\/Kosarkova-2-1920x1281.webp 1920w\" sizes=\"auto, (max-width: 1920px) 100vw, 1920px\" \/><\/a><\/p>\n<p><span style=\"font-weight: 400;\">Fin\u00e1lovou j\u00edzdu jela jako prvn\u00ed jej\u00ed soupe\u0159ka. <\/span><span style=\"font-weight: 400;\">\u201eZajela \u010das, kter\u00fd byl takov\u00fd m\u016fj pr\u016fm\u011br z\u00a0cel\u00e9ho dne. Ale necht\u011bla jsem se t\u00edm n\u011bjak uchl\u00e1cholit a sna\u017eila jsem se maxim\u00e1ln\u011b koncentrovat na svou j\u00edzdu. Jen\u017ee jsem stejn\u011b ud\u011blala dost chyb, jednou jsem m\u00e1lem vylet\u011bla z\u00a0trati. Ale n\u011bjak jsem to st\u00e1hla zp\u00e1tky a konec u\u017e byl z\u00a0m\u00e9 strany docela \u010dist\u00fd. Kone\u010dn\u00fd rozd\u00edl mezi n\u00e1mi nen\u00ed nic, mo\u017en\u00e1 p\u00e1r centimetr\u016f. Byl to z\u00e1hul na psychiku. Blesklo mi hlavou, abych nebyla pot\u0159et\u00ed druh\u00e1. Na\u0161t\u011bst\u00ed to sta\u010dilo na zlato,\u201c<\/span><span style=\"font-weight: 400;\"> vypr\u00e1v\u011bla Sabina Ko\u0161\u00e1rkov\u00e1.<\/span><\/p>\n<p><span style=\"font-weight: 400;\">Zat\u00edm jde o jej\u00ed nejv\u011bt\u0161\u00ed \u00fasp\u011bch dosavadn\u00ed kari\u00e9ry. <\/span><span style=\"font-weight: 400;\">\u201ePoda\u0159ilo se mi zkompletovat medailovou sb\u00edrku: z\u00a0pumptracku m\u00e1m zlato a dv\u011b st\u0159\u00edbra, z\u00a0BMX dva bronzy na Evrop\u011b. Ale ur\u010dit\u011b se t\u00edm titulem nenech\u00e1m uspokojit. Naopak je to v\u00fdzva do dal\u0161\u00ed pr\u00e1ce, abych t\u0159eba dok\u00e1zala titul obh\u00e1jit a p\u0159idala n\u011bjak\u00fd i v\u00a0bikrosu,\u201c<\/span><span style=\"font-weight: 400;\"> dodala z\u00e1vodnice francouzsk\u00e9ho t\u00fdmu Sunn, kter\u00e1 \u00fasp\u011b\u0161n\u011b kombinuje BMX, sjezd i <a href=\"https:\/\/www.welovecycling.com\/cs\/2020\/06\/26\/pumptrack-a-jeho-historie-od-hlinenych-trati-po-asfalt\/\">pumptrack<\/a>.<\/span><\/p>\n<p><em>Foto: Dan Griffiths (2x)<\/em><\/p>\n","protected":false},"excerpt":{"rendered":"<p>\u010cesk\u00e1 reprezentantka Sabina Ko\u0161\u00e1rkov\u00e1 se stala mistryn\u00ed sv\u011bta v cyklistick\u00e9 discipl\u00edn\u011b pumptrack. Po dvou druh\u00fdch m\u00edstech z p\u0159edchoz\u00edch dvou let [&hellip;]<\/p>\n","protected":false},"author":138,"featured_media":27526,"comment_status":"open","ping_status":"open","sticky":false,"template":"","format":"standard","meta":{"footnotes":""},"categories":[1003],"tags":[126,1877,1154,2692,726,2580,3902,3901],"global-categories":[411],"class_list":["post-27524","post","type-post","status-publish","format-standard","has-post-thumbnail","hentry","category-pumptrack","tag-cyklistika","tag-duhovy-dres","tag-mistrovstvi-sveta","tag-mistryne-sveta","tag-pumptrack","tag-sabina-kosarkova","tag-titul-mistryne-sveta","tag-zlata-medaile","global-categories-cycling"],"yoast_head":"<!-- This site is optimized with the Yoast SEO Premium plugin v25.3 (Yoast SEO v25.9) - https:\/\/yoast.com\/wordpress\/plugins\/seo\/ -->\n<title>Sabina Ko\u0161\u00e1rkov\u00e1 je mistryn\u00ed sv\u011bta v\u00a0pumptracku! | \u0160koda We Love Cycling - \u010cesk\u00e1 republika<\/title>\n<meta name=\"description\" content=\"\u010cesk\u00e1 reprezentantka Sabina Ko\u0161\u00e1rkov\u00e1 se stala v Durbanu mistryn\u00ed sv\u011bta v cyklistick\u00e9 discipl\u00edn\u011b pumptrack.\" \/>\n<meta name=\"robots\" content=\"index, follow, max-snippet:-1, max-image-preview:large, max-video-preview:-1\" \/>\n<link rel=\"canonical\" href=\"https:\/\/www.welovecycling.com\/cs\/2024\/11\/09\/sabina-kosarkova-je-mistryni-sveta-v-pumptracku\/\" \/>\n<meta property=\"og:locale\" content=\"cs_CZ\" \/>\n<meta property=\"og:type\" content=\"article\" \/>\n<meta property=\"og:title\" content=\"Sabina Ko\u0161\u00e1rkov\u00e1 je mistryn\u00ed sv\u011bta v\u00a0pumptracku!\" \/>\n<meta property=\"og:description\" content=\"\u010cesk\u00e1 reprezentantka Sabina Ko\u0161\u00e1rkov\u00e1 se stala v Durbanu mistryn\u00ed sv\u011bta v cyklistick\u00e9 discipl\u00edn\u011b pumptrack.\" \/>\n<meta property=\"og:url\" content=\"https:\/\/www.welovecycling.com\/cs\/2024\/11\/09\/sabina-kosarkova-je-mistryni-sveta-v-pumptracku\/\" \/>\n<meta property=\"og:site_name\" content=\"\u0160koda We Love Cycling - \u010cesk\u00e1 republika\" \/>\n<meta property=\"article:published_time\" content=\"2024-11-09T19:05:54+00:00\" \/>\n<meta property=\"article:modified_time\" content=\"2024-11-09T19:07:13+00:00\" \/>\n<meta property=\"og:image\" content=\"https:\/\/d2p6e6u75xmxt8.cloudfront.net\/13\/2024\/11\/Kosarkova-foto.webp\" \/>\n\t<meta property=\"og:image:width\" content=\"2048\" \/>\n\t<meta property=\"og:image:height\" content=\"1366\" \/>\n\t<meta property=\"og:image:type\" content=\"image\/webp\" \/>\n<meta name=\"author\" content=\"radekmalina\" \/>\n<meta name=\"twitter:card\" content=\"summary_large_image\" \/>\n<meta name=\"twitter:label1\" content=\"Written by\" \/>\n\t<meta name=\"twitter:data1\" content=\"We Love Cycling\" \/>\n\t<meta name=\"twitter:label2\" content=\"Est. reading time\" \/>\n\t<meta name=\"twitter:data2\" content=\"4\" \/>\n<script type=\"application\/ld+json\" class=\"yoast-schema-graph\">{\"@context\":\"https:\/\/schema.org\",\"@graph\":[{\"@type\":\"WebPage\",\"@id\":\"https:\/\/www.welovecycling.com\/cs\/2024\/11\/09\/sabina-kosarkova-je-mistryni-sveta-v-pumptracku\/\",\"url\":\"https:\/\/www.welovecycling.com\/cs\/2024\/11\/09\/sabina-kosarkova-je-mistryni-sveta-v-pumptracku\/\",\"name\":\"Sabina Ko\u0161\u00e1rkov\u00e1 je mistryn\u00ed sv\u011bta v\u00a0pumptracku! | \u0160koda We Love Cycling - \u010cesk\u00e1 republika\",\"isPartOf\":{\"@id\":\"https:\/\/www.welovecycling.com\/cs\/#website\"},\"primaryImageOfPage\":{\"@id\":\"https:\/\/www.welovecycling.com\/cs\/2024\/11\/09\/sabina-kosarkova-je-mistryni-sveta-v-pumptracku\/#primaryimage\"},\"image\":{\"@id\":\"https:\/\/www.welovecycling.com\/cs\/2024\/11\/09\/sabina-kosarkova-je-mistryni-sveta-v-pumptracku\/#primaryimage\"},\"thumbnailUrl\":\"https:\/\/d2p6e6u75xmxt8.cloudfront.net\/13\/2024\/11\/Kosarkova-foto.webp\",\"datePublished\":\"2024-11-09T19:05:54+00:00\",\"dateModified\":\"2024-11-09T19:07:13+00:00\",\"author\":{\"@id\":\"https:\/\/www.welovecycling.com\/cs\/#\/schema\/person\/d9eeb0a378f3a7e4a6d12d2b536b04b8\"},\"description\":\"\u010cesk\u00e1 reprezentantka Sabina Ko\u0161\u00e1rkov\u00e1 se stala v Durbanu mistryn\u00ed sv\u011bta v cyklistick\u00e9 discipl\u00edn\u011b pumptrack.\",\"inLanguage\":\"cs\",\"potentialAction\":[{\"@type\":\"ReadAction\",\"target\":[\"https:\/\/www.welovecycling.com\/cs\/2024\/11\/09\/sabina-kosarkova-je-mistryni-sveta-v-pumptracku\/\"]}]},{\"@type\":\"ImageObject\",\"inLanguage\":\"cs\",\"@id\":\"https:\/\/www.welovecycling.com\/cs\/2024\/11\/09\/sabina-kosarkova-je-mistryni-sveta-v-pumptracku\/#primaryimage\",\"url\":\"https:\/\/d2p6e6u75xmxt8.cloudfront.net\/13\/2024\/11\/Kosarkova-foto.webp\",\"contentUrl\":\"https:\/\/d2p6e6u75xmxt8.cloudfront.net\/13\/2024\/11\/Kosarkova-foto.webp\",\"width\":2048,\"height\":1366,\"caption\":\"Sabina Ko\u0161\u00e1rkov\u00e1\"},{\"@type\":\"WebSite\",\"@id\":\"https:\/\/www.welovecycling.com\/cs\/#website\",\"url\":\"https:\/\/www.welovecycling.com\/cs\/\",\"name\":\"\u0160koda We Love Cycling - \u010cesk\u00e1 republika\",\"description\":\"WeLoveCycling.cz je online magaz\u00edn, kter\u00fd v\u00e1m pravideln\u011b p\u0159in\u00e1\u0161\u00ed rady a tipy, zaj\u00edmav\u00e9 \u010dl\u00e1nky, videa a jedine\u010dn\u00e9 report\u00e1\u017ee ze sv\u011bta cyklistiky.\",\"potentialAction\":[{\"@type\":\"SearchAction\",\"target\":{\"@type\":\"EntryPoint\",\"urlTemplate\":\"https:\/\/www.welovecycling.com\/cs\/?s={search_term_string}\"},\"query-input\":{\"@type\":\"PropertyValueSpecification\",\"valueRequired\":true,\"valueName\":\"search_term_string\"}}],\"inLanguage\":\"cs\"},{\"@type\":\"Person\",\"@id\":\"https:\/\/www.welovecycling.com\/cs\/#\/schema\/person\/d9eeb0a378f3a7e4a6d12d2b536b04b8\",\"name\":\"radekmalina\",\"image\":{\"@type\":\"ImageObject\",\"inLanguage\":\"cs\",\"@id\":\"https:\/\/www.welovecycling.com\/cs\/#\/schema\/person\/image\/\",\"url\":\"https:\/\/secure.gravatar.com\/avatar\/66994b632cb8c39a46b9f54afa3ae07201b678d32a54275b6f1c9ffec356bfc0?s=96&d=mm&r=g\",\"contentUrl\":\"https:\/\/secure.gravatar.com\/avatar\/66994b632cb8c39a46b9f54afa3ae07201b678d32a54275b6f1c9ffec356bfc0?s=96&d=mm&r=g\",\"caption\":\"radekmalina\"},\"url\":\"https:\/\/www.welovecycling.com\/cs\/author\/radekmalina\/\"}]}<\/script>\n<!-- \/ Yoast SEO Premium plugin. -->","yoast_head_json":{"title":"Sabina Ko\u0161\u00e1rkov\u00e1 je mistryn\u00ed sv\u011bta v\u00a0pumptracku! | \u0160koda We Love Cycling - \u010cesk\u00e1 republika","description":"\u010cesk\u00e1 reprezentantka Sabina Ko\u0161\u00e1rkov\u00e1 se stala v Durbanu mistryn\u00ed sv\u011bta v cyklistick\u00e9 discipl\u00edn\u011b pumptrack.","robots":{"index":"index","follow":"follow","max-snippet":"max-snippet:-1","max-image-preview":"max-image-preview:large","max-video-preview":"max-video-preview:-1"},"canonical":"https:\/\/www.welovecycling.com\/cs\/2024\/11\/09\/sabina-kosarkova-je-mistryni-sveta-v-pumptracku\/","og_locale":"cs_CZ","og_type":"article","og_title":"Sabina Ko\u0161\u00e1rkov\u00e1 je mistryn\u00ed sv\u011bta v\u00a0pumptracku!","og_description":"\u010cesk\u00e1 reprezentantka Sabina Ko\u0161\u00e1rkov\u00e1 se stala v Durbanu mistryn\u00ed sv\u011bta v cyklistick\u00e9 discipl\u00edn\u011b pumptrack.","og_url":"https:\/\/www.welovecycling.com\/cs\/2024\/11\/09\/sabina-kosarkova-je-mistryni-sveta-v-pumptracku\/","og_site_name":"\u0160koda We Love Cycling - \u010cesk\u00e1 republika","article_published_time":"2024-11-09T19:05:54+00:00","article_modified_time":"2024-11-09T19:07:13+00:00","og_image":[{"width":2048,"height":1366,"url":"https:\/\/d2p6e6u75xmxt8.cloudfront.net\/13\/2024\/11\/Kosarkova-foto.webp","type":"image\/webp"}],"author":"radekmalina","twitter_card":"summary_large_image","twitter_misc":{"Written by":"We Love Cycling","Est. reading time":"4"},"schema":{"@context":"https:\/\/schema.org","@graph":[{"@type":"WebPage","@id":"https:\/\/www.welovecycling.com\/cs\/2024\/11\/09\/sabina-kosarkova-je-mistryni-sveta-v-pumptracku\/","url":"https:\/\/www.welovecycling.com\/cs\/2024\/11\/09\/sabina-kosarkova-je-mistryni-sveta-v-pumptracku\/","name":"Sabina Ko\u0161\u00e1rkov\u00e1 je mistryn\u00ed sv\u011bta v\u00a0pumptracku! | \u0160koda We Love Cycling - \u010cesk\u00e1 republika","isPartOf":{"@id":"https:\/\/www.welovecycling.com\/cs\/#website"},"primaryImageOfPage":{"@id":"https:\/\/www.welovecycling.com\/cs\/2024\/11\/09\/sabina-kosarkova-je-mistryni-sveta-v-pumptracku\/#primaryimage"},"image":{"@id":"https:\/\/www.welovecycling.com\/cs\/2024\/11\/09\/sabina-kosarkova-je-mistryni-sveta-v-pumptracku\/#primaryimage"},"thumbnailUrl":"https:\/\/d2p6e6u75xmxt8.cloudfront.net\/13\/2024\/11\/Kosarkova-foto.webp","datePublished":"2024-11-09T19:05:54+00:00","dateModified":"2024-11-09T19:07:13+00:00","author":{"@id":"https:\/\/www.welovecycling.com\/cs\/#\/schema\/person\/d9eeb0a378f3a7e4a6d12d2b536b04b8"},"description":"\u010cesk\u00e1 reprezentantka Sabina Ko\u0161\u00e1rkov\u00e1 se stala v Durbanu mistryn\u00ed sv\u011bta v cyklistick\u00e9 discipl\u00edn\u011b pumptrack.","inLanguage":"cs","potentialAction":[{"@type":"ReadAction","target":["https:\/\/www.welovecycling.com\/cs\/2024\/11\/09\/sabina-kosarkova-je-mistryni-sveta-v-pumptracku\/"]}]},{"@type":"ImageObject","inLanguage":"cs","@id":"https:\/\/www.welovecycling.com\/cs\/2024\/11\/09\/sabina-kosarkova-je-mistryni-sveta-v-pumptracku\/#primaryimage","url":"https:\/\/d2p6e6u75xmxt8.cloudfront.net\/13\/2024\/11\/Kosarkova-foto.webp","contentUrl":"https:\/\/d2p6e6u75xmxt8.cloudfront.net\/13\/2024\/11\/Kosarkova-foto.webp","width":2048,"height":1366,"caption":"Sabina Ko\u0161\u00e1rkov\u00e1"},{"@type":"WebSite","@id":"https:\/\/www.welovecycling.com\/cs\/#website","url":"https:\/\/www.welovecycling.com\/cs\/","name":"\u0160koda We Love Cycling - \u010cesk\u00e1 republika","description":"WeLoveCycling.cz je online magaz\u00edn, kter\u00fd v\u00e1m pravideln\u011b p\u0159in\u00e1\u0161\u00ed rady a tipy, zaj\u00edmav\u00e9 \u010dl\u00e1nky, videa a jedine\u010dn\u00e9 report\u00e1\u017ee ze sv\u011bta cyklistiky.","potentialAction":[{"@type":"SearchAction","target":{"@type":"EntryPoint","urlTemplate":"https:\/\/www.welovecycling.com\/cs\/?s={search_term_string}"},"query-input":{"@type":"PropertyValueSpecification","valueRequired":true,"valueName":"search_term_string"}}],"inLanguage":"cs"},{"@type":"Person","@id":"https:\/\/www.welovecycling.com\/cs\/#\/schema\/person\/d9eeb0a378f3a7e4a6d12d2b536b04b8","name":"radekmalina","image":{"@type":"ImageObject","inLanguage":"cs","@id":"https:\/\/www.welovecycling.com\/cs\/#\/schema\/person\/image\/","url":"https:\/\/secure.gravatar.com\/avatar\/66994b632cb8c39a46b9f54afa3ae07201b678d32a54275b6f1c9ffec356bfc0?s=96&d=mm&r=g","contentUrl":"https:\/\/secure.gravatar.com\/avatar\/66994b632cb8c39a46b9f54afa3ae07201b678d32a54275b6f1c9ffec356bfc0?s=96&d=mm&r=g","caption":"radekmalina"},"url":"https:\/\/www.welovecycling.com\/cs\/author\/radekmalina\/"}]}},"_links":{"self":[{"href":"https:\/\/www.welovecycling.com\/cs\/wp-json\/wp\/v2\/posts\/27524","targetHints":{"allow":["GET"]}}],"collection":[{"href":"https:\/\/www.welovecycling.com\/cs\/wp-json\/wp\/v2\/posts"}],"about":[{"href":"https:\/\/www.welovecycling.com\/cs\/wp-json\/wp\/v2\/types\/post"}],"author":[{"embeddable":true,"href":"https:\/\/www.welovecycling.com\/cs\/wp-json\/wp\/v2\/users\/138"}],"replies":[{"embeddable":true,"href":"https:\/\/www.welovecycling.com\/cs\/wp-json\/wp\/v2\/comments?post=27524"}],"version-history":[{"count":2,"href":"https:\/\/www.welovecycling.com\/cs\/wp-json\/wp\/v2\/posts\/27524\/revisions"}],"predecessor-version":[{"id":27529,"href":"https:\/\/www.welovecycling.com\/cs\/wp-json\/wp\/v2\/posts\/27524\/revisions\/27529"}],"wp:featuredmedia":[{"embeddable":true,"href":"https:\/\/www.welovecycling.com\/cs\/wp-json\/wp\/v2\/media\/27526"}],"wp:attachment":[{"href":"https:\/\/www.welovecycling.com\/cs\/wp-json\/wp\/v2\/media?parent=27524"}],"wp:term":[{"taxonomy":"category","embeddable":true,"href":"https:\/\/www.welovecycling.com\/cs\/wp-json\/wp\/v2\/categories?post=27524"},{"taxonomy":"post_tag","embeddable":true,"href":"https:\/\/www.welovecycling.com\/cs\/wp-json\/wp\/v2\/tags?post=27524"},{"taxonomy":"global-categories","embeddable":true,"href":"https:\/\/www.welovecycling.com\/cs\/wp-json\/wp\/v2\/global-categories?post=27524"}],"curies":[{"name":"wp","href":"https:\/\/api.w.org\/{rel}","templated":true}]}}