{"id":27492,"date":"2024-11-05T15:18:52","date_gmt":"2024-11-05T13:18:52","guid":{"rendered":"https:\/\/www.welovecycling.com\/cs\/?p=27492"},"modified":"2024-11-05T15:19:10","modified_gmt":"2024-11-05T13:19:10","slug":"jak-milionova-investice-vraci-tour-na-zapomenuty-kopec-most-do-starych-casu","status":"publish","type":"post","link":"https:\/\/www.welovecycling.com\/cs\/2024\/11\/05\/jak-milionova-investice-vraci-tour-na-zapomenuty-kopec-most-do-starych-casu\/","title":{"rendered":"Jak t\u0159i sta milion\u016f vrac\u00ed Tour na zapomenut\u00fd kopec? Most do star\u00fdch \u010das\u016f&#8230;"},"content":{"rendered":"<p><strong> V \u010ceskoslovensku padl komunismus, Madonna vydala hit Like a Prayer, narodil se filmov\u00fd p\u0159edstavitel Harryho Pottera. A na Tour de France se zrodil nejmen\u0161\u00ed rozd\u00edl v d\u011bjin\u00e1ch: LeMond a\u017e z\u00e1v\u011bre\u010dnou \u010dasovkou porazil Fignona o osm sekund. A taky to bylo naposledy, kdy se na trase z\u00e1vodu objevilo stoup\u00e1n\u00ed Superbagn\u00e8res. Psal se rok 1989. Po \u0161estat\u0159iceti letech se zapomenut\u00fd kopec do itiner\u00e1\u0159e nejv\u011bt\u0161\u00edho etapov\u00e9ho z\u00e1vodu vr\u00e1t\u00ed.<\/strong><\/p>\n<p><span style=\"font-weight: 400;\">Proto\u017ee se Christian Prudhomme r\u00e1d pochlub\u00ed svou prac\u00ed, osm m\u011bs\u00edc\u016f p\u0159ed startem Tour de France 2025 p\u0159edstavil v Pa\u0159\u00ed\u017ei jej\u00ed podobu. A proto\u017ee miluje historii sv\u00e9ho z\u00e1vodu, p\u0159ipomn\u011bl to nejv\u011bt\u0161\u00ed drama z tohoto kopce. \u201eByl to den, kdy vznikl m\u00fdtus,\u201c b\u00e1snil direktor.<\/span><\/p>\n<h2><span style=\"font-weight: 400;\"><strong>Superbagn\u00e8res vid\u011bl st\u0159et tit\u00e1n\u016f<\/strong><\/span><\/h2>\n<p><span style=\"font-weight: 400;\">Superbagn\u00e8res b\u00fdval slavn\u00fdm vrcholem. Prvn\u011b tam etapa Tour fini\u0161ovala u\u017e v roce 1961 a pak je\u0161t\u011b p\u011btkr\u00e1t. Mezi v\u00edt\u011bzi jsme \u010detli jm\u00e9na ryz\u00edch vrcha\u0159\u016f Massignana, Bahamontese nebo Millara. V roce 1986 tu Greg LeMond a l\u00eddr Tour Bernard Hinault bojovali mezi sebou o \u017elut\u00fd dres, a\u010dkoliv byli t\u00fdmov\u00fdmi kolegy z La Vie Claire. Ameri\u010dan sv\u00e9ho francouzsk\u00e9ho kolegu zlomil a nakro\u010dil ke kone\u010dn\u00e9mu v\u00edt\u011bzstv\u00ed v Pa\u0159\u00ed\u017ei.<\/span><\/p>\n<p><span style=\"font-weight: 400;\">Je\u0161t\u011b t\u0159i roky pot\u00e9 tady, proto\u017ee vzh\u016fru veden jen slep\u00e1 silnice, jedna z etap vygradovala. Od t\u00e9 doby nic, ani stopa po pelotonu Tour. K horn\u00ed stanici lanovky se nestoupalo, proto\u017ee nebylo kudy. Prastar\u00fd most p\u0159es \u0159\u00ed\u010dku Pique toti\u017e nebyl s to un\u00e9st modern\u00ed n\u00e1roky toho cyklistick\u00e9ho kolosu, jak\u00fdm Tour de France je. Luchon usnul v minulosti a Tour ho musela ze sv\u00fdch pl\u00e1n\u016f vy\u0161krtnout.<\/span><\/p>\n<div class=\"shortcode-ys-post-pinup\"><article class=\"loop-simple post-27485 post type-post status-publish format-standard has-post-thumbnail hentry category-silnicni-cyklistika tag-cyklistika tag-eddy-merckx tag-fausto-coppi tag-kdo-je-nejlepsi-cyklista tag-nejlepsi-cyklista tag-silnicni-cyklistika tag-tadej-pogacar global-categories-cycling\" data-postid=\"27485\" role=\"article\" data-post-id=\"27485\" data-word-count=\"469\" data-headline-length=\"38\" data-category=\"Silni\u010dn\u00ed cyklistika\" data-global-category=\"Cycling\" data-author=\"We Love Cycling\" data-published=\"2024-11-01T05:00:53+02:00\" data-published-day=\"Friday\">\n    <div class=\"entry-thumbnail article-thumbnail\" content=\"https:\/\/d2p6e6u75xmxt8.cloudfront.net\/13\/2020\/09\/WLC-merckx-profimedia-0460745643-150x150.webp\"><a href=\"https:\/\/www.welovecycling.com\/cs\/2024\/11\/01\/kdo-je-nejlepsi-cyklista-vsech-dob\/\" class=\"image-holder\" target=\"_self\"><img decoding=\"async\" loading=\"lazy\" class=\"\" src=\"https:\/\/d2p6e6u75xmxt8.cloudfront.net\/13\/2020\/09\/WLC-merckx-profimedia-0460745643-1024x688.webp\" srcset=\"https:\/\/d2p6e6u75xmxt8.cloudfront.net\/13\/2020\/09\/WLC-merckx-profimedia-0460745643.webp 1800w, https:\/\/d2p6e6u75xmxt8.cloudfront.net\/13\/2020\/09\/WLC-merckx-profimedia-0460745643-300x202.webp 300w, https:\/\/d2p6e6u75xmxt8.cloudfront.net\/13\/2020\/09\/WLC-merckx-profimedia-0460745643-1024x688.webp 1024w, https:\/\/d2p6e6u75xmxt8.cloudfront.net\/13\/2020\/09\/WLC-merckx-profimedia-0460745643-768x516.webp 768w, https:\/\/d2p6e6u75xmxt8.cloudfront.net\/13\/2020\/09\/WLC-merckx-profimedia-0460745643-1536x1033.webp 1536w, https:\/\/d2p6e6u75xmxt8.cloudfront.net\/13\/2020\/09\/WLC-merckx-profimedia-0460745643-272x182.webp 272w\" width=\"1024\" height=\"688\" sizes=\"auto, (min-width: 1200px) 300px, (min-width: 768px) 25vw, 100vw\" alt=\"kdo-je-nejlepsi-cyklista-vsech-dob\"\/><\/a><\/div>    <div class=\"entry-meta\">\n        <a class=\"label label-secondary post-category\" href=\"https:\/\/www.welovecycling.com\/cs\/category\/silnicni-cyklistika\/\" title=\"Silni\u010dn\u00ed cyklistika\">Silni\u010dn\u00ed cyklistika<\/a>\n    <\/div>\n    <div class=\"entry-details\">\n        <a href=\"https:\/\/www.welovecycling.com\/cs\/2024\/11\/01\/kdo-je-nejlepsi-cyklista-vsech-dob\/\" class='entry-title-wrapper'>\n            <h3 class=\"entry-title\"><span>Kdo je nejlep\u0161\u00ed cyklista v\u0161ech dob?<\/span><\/h3>\n        <\/a>\n    <\/div>\n    <\/article>\n<\/div>\n<p><span style=\"font-weight: 400;\">A\u017e p\u0159ed dv\u011bma lety se m\u00edstn\u00ed probudili a postavili nov\u00fd most. Taky nat\u00e1hli 200metrov\u00fd \u00fasek nov\u00e9ho asfaltu. A s nimi \u201eob\u010derstvili\u201c i lanovku. To v\u0161e dohromady m\u011blo umo\u017enit logistiku tis\u00edc\u016f lid\u00ed i kamion\u016f, kter\u00e9 cel\u00fd z\u00e1vod p\u0159ev\u00e1\u017eej\u00ed, a t\u011bch, co ho p\u0159en\u00e1\u0161ej\u00ed i do va\u0161ich obrazovek.<\/span><\/p>\n<h2><strong>Tour na\u0161la (staro)nov\u00fd vrchol Pyrenej\u00ed?<\/strong><\/h2>\n<p><span style=\"font-weight: 400;\">Teprve s t\u011bmito argumenty se starosta m\u011bsta Saint-Aventin, k n\u011bmu\u017e ly\u017ea\u0159sk\u00e9 st\u0159edisko p\u0159in\u00e1le\u017e\u00ed, spolu s t\u00edm z l\u00e1ze\u0148sk\u00e9ho Bagn\u00e8res-de-Luchon, je\u017e le\u017e\u00ed na \u00fapat\u00ed, p\u0159ihl\u00e1sili Prudhommovi jako z\u00e1jemci o n\u00e1vrat star\u00fdch \u010das\u016f. A ty \u2013 jak tu v\u0161ichni pam\u011btn\u00edci 70. a 80. let v\u011b\u0159\u00ed \u2013 nastanou znovu 19. \u010dervence, proto\u017ee jinak byla cel\u00e1 investice ve v\u00fd\u0161i 11,7 milionu eur, tedy p\u0159ibli\u017en\u011b t\u0159i sta milion\u016f korun, zbyte\u010dn\u00e1.<\/span><\/p>\n<figure id=\"attachment_27455\" aria-describedby=\"caption-attachment-27455\" style=\"width: 1800px\" class=\"wp-caption alignnone\"><a href=\"https:\/\/d2p6e6u75xmxt8.cloudfront.net\/13\/2024\/10\/profimedia-0927782602.webp\"><img loading=\"lazy\" decoding=\"async\" class=\"size-full wp-image-27455\" src=\"https:\/\/d2p6e6u75xmxt8.cloudfront.net\/13\/2024\/10\/profimedia-0927782602.webp\" alt=\"\" width=\"1800\" height=\"1200\" srcset=\"https:\/\/d2p6e6u75xmxt8.cloudfront.net\/13\/2024\/10\/profimedia-0927782602.webp 1800w, https:\/\/d2p6e6u75xmxt8.cloudfront.net\/13\/2024\/10\/profimedia-0927782602-300x200.webp 300w, https:\/\/d2p6e6u75xmxt8.cloudfront.net\/13\/2024\/10\/profimedia-0927782602-1024x683.webp 1024w, https:\/\/d2p6e6u75xmxt8.cloudfront.net\/13\/2024\/10\/profimedia-0927782602-768x512.webp 768w, https:\/\/d2p6e6u75xmxt8.cloudfront.net\/13\/2024\/10\/profimedia-0927782602-1536x1024.webp 1536w, https:\/\/d2p6e6u75xmxt8.cloudfront.net\/13\/2024\/10\/profimedia-0927782602-400x267.webp 400w, https:\/\/d2p6e6u75xmxt8.cloudfront.net\/13\/2024\/10\/profimedia-0927782602-272x182.webp 272w\" sizes=\"auto, (max-width: 1800px) 100vw, 1800px\" \/><\/a><figcaption id=\"caption-attachment-27455\" class=\"wp-caption-text\"><em>Tour de France 2025 se vrac\u00ed na vrchol Superbagn\u00e8res. M\u00edstn\u00ed investovali 300 milion\u016f korun do infrastruktury.<\/em><\/figcaption><\/figure>\n<p><span style=\"font-weight: 400;\">A Tour u \u201et\u00e9to renesenace\u201c jak to Prudhomme naz\u00fdv\u00e1, nesm\u00ed chyb\u011bt. \u0158editel\u016fv kolega Thierry Gouvenou, kter\u00fd m\u00e1 na starosti podobu trat\u00ed, jde ve sv\u00fdch odv\u00e1\u017en\u00fdch slovech je\u0161t\u011b d\u00e1l. \u201eM\u00e1m tendenci \u0159\u00edkat: Objevili jsme n\u011bco nov\u00e9ho. Rok 1989 je tak d\u00e1vn\u00fd, \u017ee mnoho lid\u00ed o tomto kopci ani nev\u00ed. A j\u00e1 byl ten prvn\u00ed. Tak\u017ee jsme vlastn\u011b na\u0161li nov\u00fd vrchol Pyrenej\u00ed. Bude to jeden z velk\u00fdch moment\u016f <a href=\"https:\/\/www.welovecycling.com\/cs\/2024\/10\/29\/tour-de-france-2025-uvod-bez-hor-navrat-legend-prevyseni-51-tisic-metru\/\">Tour de France 2025<\/a>.\u201c<\/span><\/p>\n<p><span style=\"font-weight: 400;\">To hlavn\u011b pro sv\u00e9 parametry. Etapa \u010d\u00edslo \u010dtrn\u00e1ct vyvrchol\u00ed po 183 kilometrech c\u00edlem u lanovky. Co bude fin\u00e1le p\u0159edch\u00e1zet, je nem\u00e9n\u011b \u0161\u0165avnat\u00e9. Ani jeden z vrchol\u016f dne nepat\u0159\u00ed mo\u017en\u00e1 mezi ty nejstrm\u011bj\u0161\u00ed kopce, ale 4950 metr\u016f p\u0159ev\u00fd\u0161en\u00ed si svou da\u0148 vybere.<\/span><\/p>\n<h2><strong>Vycen\u00ed dr\u00e1py slovin\u0161t\u00ed medv\u011bdi?<\/strong><\/h2>\n<p><span style=\"font-weight: 400;\">Stejn\u011b jako v roce 1986 za\u010dne den v Pau a po 60 kilometrech roviny, kdy se snad zrod\u00ed \u00fanik, p\u0159ijde vpravd\u011b vra\u017eedn\u00fd sled: Col du Tourmalet (19 km s pr\u016fm\u011brn\u00fdm sklonem 7,4 %), Col d&#8217;Aspin (5\/7,6 %), Peyresourde (7,1\/7,8 %) a z\u00e1v\u011bre\u010dn\u00e1 hora s d\u00e9lkou 12,4 km a sklonem 7,4 % (ale pas\u00e1\u017eemi p\u0159es 10 %).<\/span><\/p>\n<div class=\"shortcode-ys-post-pinup\"><article class=\"loop-simple post-27399 post type-post status-publish format-standard has-post-thumbnail hentry category-rady-tipy tag-cyklistika tag-gravel tag-horska-cyklistika tag-motivace-pro-podzimni-cyklistiku tag-motivace-v-cyklistice tag-podzimni-cyklistika tag-silnicni-cyklistika tag-trenink global-categories-cycling\" data-postid=\"27399\" role=\"article\" data-post-id=\"27399\" data-word-count=\"372\" data-headline-length=\"59\" data-category=\"Rady &amp; tipy\" data-global-category=\"Cycling\" data-author=\"We Love Cycling\" data-published=\"2024-10-20T21:53:37+02:00\" data-published-day=\"Sunday\">\n    <div class=\"entry-thumbnail article-thumbnail\" content=\"https:\/\/d2p6e6u75xmxt8.cloudfront.net\/13\/2023\/10\/Istria-foto-1-150x150.webp\"><a href=\"https:\/\/www.welovecycling.com\/cs\/2024\/10\/20\/motivace-pro-podzimni-cyklistiku-deset-zarucenych-tipu\/\" class=\"image-holder\" target=\"_self\"><img decoding=\"async\" loading=\"lazy\" class=\"\" src=\"https:\/\/d2p6e6u75xmxt8.cloudfront.net\/13\/2023\/10\/Istria-foto-1-1024x682.webp\" srcset=\"https:\/\/d2p6e6u75xmxt8.cloudfront.net\/13\/2023\/10\/Istria-foto-1.webp 1239w, https:\/\/d2p6e6u75xmxt8.cloudfront.net\/13\/2023\/10\/Istria-foto-1-300x200.webp 300w, https:\/\/d2p6e6u75xmxt8.cloudfront.net\/13\/2023\/10\/Istria-foto-1-1024x682.webp 1024w, https:\/\/d2p6e6u75xmxt8.cloudfront.net\/13\/2023\/10\/Istria-foto-1-768x511.webp 768w, https:\/\/d2p6e6u75xmxt8.cloudfront.net\/13\/2023\/10\/Istria-foto-1-400x266.webp 400w, https:\/\/d2p6e6u75xmxt8.cloudfront.net\/13\/2023\/10\/Istria-foto-1-272x182.webp 272w\" width=\"1024\" height=\"682\" sizes=\"auto, (min-width: 1200px) 300px, (min-width: 768px) 25vw, 100vw\" alt=\"motivace-pro-podzimni-cyklistiku-deset-zarucenych-tipu\"\/><\/a><\/div>    <div class=\"entry-meta\">\n        <a class=\"label label-secondary post-category\" href=\"https:\/\/www.welovecycling.com\/cs\/category\/rady-tipy\/\" title=\"Rady &amp; tipy\">Rady &amp; tipy<\/a>\n    <\/div>\n    <div class=\"entry-details\">\n        <a href=\"https:\/\/www.welovecycling.com\/cs\/2024\/10\/20\/motivace-pro-podzimni-cyklistiku-deset-zarucenych-tipu\/\" class='entry-title-wrapper'>\n            <h3 class=\"entry-title\"><span>Motivace pro podzimn\u00ed cyklistiku: deset zaru\u010den\u00fdch tip\u016f<\/span><\/h3>\n        <\/a>\n    <\/div>\n    <\/article>\n<\/div>\n<p><span style=\"font-weight: 400;\">\u0158eknete si, \u017ee 1804 metr\u016f nadmo\u0159sk\u00e9 v\u00fd\u0161ky nen\u00ed \u017e\u00e1dn\u00e1 vra\u017eda, ale kolem se ty\u010d\u00ed ne m\u00e9n\u011b ne\u017e 15 t\u0159\u00edtis\u00edcov\u00fdch vrcholk\u016f st\u0159edn\u00edch Pyrenej\u00ed. Za jedn\u00edm z nich le\u017e\u00ed u\u017e \u0160pan\u011blsko a za jin\u00fdm dost mo\u017en\u00e1 medv\u011bdi, kter\u00e9 sem nasadili p\u0159ed t\u0159iceti lety od slovinsk\u00fdch samic.<\/span><\/p>\n<p><span style=\"font-weight: 400;\">Za p\u00e1r m\u011bs\u00edc\u016f tu bude \u0159\u00e1dit jin\u00e1 slovinsk\u00e1 \u0161elma, kter\u00e1 by mohla cenit sv\u00e9 dr\u00e1py a zaseknout je do v\u00fdsledk\u016f Tour de France. Jak \u017ee se jmenuje? Ale to p\u0159ece v\u00edte.<\/span><\/p>\n","protected":false},"excerpt":{"rendered":"<p>V \u010ceskoslovensku padl komunismus, Madonna vydala hit Like a Prayer, narodil se filmov\u00fd p\u0159edstavitel Harryho Pottera. A na Tour de [&hellip;]<\/p>\n","protected":false},"author":138,"featured_media":27493,"comment_status":"open","ping_status":"open","sticky":false,"template":"","format":"standard","meta":{"footnotes":""},"categories":[1711],"tags":[860,126,9,3894,23,3843,3885],"global-categories":[411],"class_list":["post-27492","post","type-post","status-publish","format-standard","has-post-thumbnail","hentry","category-tour-de-france","tag-christian-prudhomme","tag-cyklistika","tag-silnicni-cyklistika","tag-superbagneres","tag-tour-de-france","tag-tour-de-france-2025","tag-trasa-tour-de-france-2025","global-categories-cycling"],"yoast_head":"<!-- This site is optimized with the Yoast SEO Premium plugin v25.3 (Yoast SEO v25.9) - https:\/\/yoast.com\/wordpress\/plugins\/seo\/ -->\n<title>Jak t\u0159i sta milion\u016f vrac\u00ed Tour na zapomenut\u00fd kopec? Most do star\u00fdch \u010das\u016f... | \u0160koda We Love Cycling - \u010cesk\u00e1 republika<\/title>\n<meta name=\"description\" content=\"V \u010ceskoslovensku padl komunismus, Madonna vydala hit Like a Prayer, narodil se filmov\u00fd p\u0159edstavitel Harryho Pottera. A na Tour de France se zrodil nejmen\u0161\u00ed rozd\u00edl v d\u011bjin\u00e1ch: LeMond a\u017e z\u00e1v\u011bre\u010dnou \u010dasovkou porazil Fignona o osm sekund. A taky to bylo naposledy, kdy se na trase z\u00e1vodu objevilo stoup\u00e1n\u00ed Superbagn\u00e8res. Psal se rok 1989. Po \u0161estat\u0159iceti letech se zapomenut\u00fd kopec do itiner\u00e1\u0159e nejv\u011bt\u0161\u00edho etapov\u00e9ho z\u00e1vodu vr\u00e1t\u00ed.\" \/>\n<meta name=\"robots\" content=\"index, follow, max-snippet:-1, max-image-preview:large, max-video-preview:-1\" \/>\n<link rel=\"canonical\" href=\"https:\/\/www.welovecycling.com\/cs\/2024\/11\/05\/jak-milionova-investice-vraci-tour-na-zapomenuty-kopec-most-do-starych-casu\/\" \/>\n<meta property=\"og:locale\" content=\"cs_CZ\" \/>\n<meta property=\"og:type\" content=\"article\" \/>\n<meta property=\"og:title\" content=\"Jak t\u0159i sta milion\u016f vrac\u00ed Tour na zapomenut\u00fd kopec? Most do star\u00fdch \u010das\u016f...\" \/>\n<meta property=\"og:description\" content=\"V \u010ceskoslovensku padl komunismus, Madonna vydala hit Like a Prayer, narodil se filmov\u00fd p\u0159edstavitel Harryho Pottera. A na Tour de France se zrodil nejmen\u0161\u00ed rozd\u00edl v d\u011bjin\u00e1ch: LeMond a\u017e z\u00e1v\u011bre\u010dnou \u010dasovkou porazil Fignona o osm sekund. A taky to bylo naposledy, kdy se na trase z\u00e1vodu objevilo stoup\u00e1n\u00ed Superbagn\u00e8res. Psal se rok 1989. Po \u0161estat\u0159iceti letech se zapomenut\u00fd kopec do itiner\u00e1\u0159e nejv\u011bt\u0161\u00edho etapov\u00e9ho z\u00e1vodu vr\u00e1t\u00ed.\" \/>\n<meta property=\"og:url\" content=\"https:\/\/www.welovecycling.com\/cs\/2024\/11\/05\/jak-milionova-investice-vraci-tour-na-zapomenuty-kopec-most-do-starych-casu\/\" \/>\n<meta property=\"og:site_name\" content=\"\u0160koda We Love Cycling - \u010cesk\u00e1 republika\" \/>\n<meta property=\"article:published_time\" content=\"2024-11-05T13:18:52+00:00\" \/>\n<meta property=\"article:modified_time\" content=\"2024-11-05T13:19:10+00:00\" \/>\n<meta property=\"og:image\" content=\"https:\/\/d2p6e6u75xmxt8.cloudfront.net\/13\/2024\/11\/profimedia-0397930595.webp\" \/>\n\t<meta property=\"og:image:width\" content=\"1800\" \/>\n\t<meta property=\"og:image:height\" content=\"1207\" \/>\n\t<meta property=\"og:image:type\" content=\"image\/webp\" \/>\n<meta name=\"author\" content=\"radekmalina\" \/>\n<meta name=\"twitter:card\" content=\"summary_large_image\" \/>\n<meta name=\"twitter:label1\" content=\"Written by\" \/>\n\t<meta name=\"twitter:data1\" content=\"We Love Cycling\" \/>\n\t<meta name=\"twitter:label2\" content=\"Est. reading time\" \/>\n\t<meta name=\"twitter:data2\" content=\"5\" \/>\n<script type=\"application\/ld+json\" class=\"yoast-schema-graph\">{\"@context\":\"https:\/\/schema.org\",\"@graph\":[{\"@type\":\"WebPage\",\"@id\":\"https:\/\/www.welovecycling.com\/cs\/2024\/11\/05\/jak-milionova-investice-vraci-tour-na-zapomenuty-kopec-most-do-starych-casu\/\",\"url\":\"https:\/\/www.welovecycling.com\/cs\/2024\/11\/05\/jak-milionova-investice-vraci-tour-na-zapomenuty-kopec-most-do-starych-casu\/\",\"name\":\"Jak t\u0159i sta milion\u016f vrac\u00ed Tour na zapomenut\u00fd kopec? Most do star\u00fdch \u010das\u016f... | \u0160koda We Love Cycling - \u010cesk\u00e1 republika\",\"isPartOf\":{\"@id\":\"https:\/\/www.welovecycling.com\/cs\/#website\"},\"primaryImageOfPage\":{\"@id\":\"https:\/\/www.welovecycling.com\/cs\/2024\/11\/05\/jak-milionova-investice-vraci-tour-na-zapomenuty-kopec-most-do-starych-casu\/#primaryimage\"},\"image\":{\"@id\":\"https:\/\/www.welovecycling.com\/cs\/2024\/11\/05\/jak-milionova-investice-vraci-tour-na-zapomenuty-kopec-most-do-starych-casu\/#primaryimage\"},\"thumbnailUrl\":\"https:\/\/d2p6e6u75xmxt8.cloudfront.net\/13\/2024\/11\/profimedia-0397930595.webp\",\"datePublished\":\"2024-11-05T13:18:52+00:00\",\"dateModified\":\"2024-11-05T13:19:10+00:00\",\"author\":{\"@id\":\"https:\/\/www.welovecycling.com\/cs\/#\/schema\/person\/d9eeb0a378f3a7e4a6d12d2b536b04b8\"},\"description\":\"V \u010ceskoslovensku padl komunismus, Madonna vydala hit Like a Prayer, narodil se filmov\u00fd p\u0159edstavitel Harryho Pottera. A na Tour de France se zrodil nejmen\u0161\u00ed rozd\u00edl v d\u011bjin\u00e1ch: LeMond a\u017e z\u00e1v\u011bre\u010dnou \u010dasovkou porazil Fignona o osm sekund. A taky to bylo naposledy, kdy se na trase z\u00e1vodu objevilo stoup\u00e1n\u00ed Superbagn\u00e8res. Psal se rok 1989. Po \u0161estat\u0159iceti letech se zapomenut\u00fd kopec do itiner\u00e1\u0159e nejv\u011bt\u0161\u00edho etapov\u00e9ho z\u00e1vodu vr\u00e1t\u00ed.\",\"inLanguage\":\"cs\",\"potentialAction\":[{\"@type\":\"ReadAction\",\"target\":[\"https:\/\/www.welovecycling.com\/cs\/2024\/11\/05\/jak-milionova-investice-vraci-tour-na-zapomenuty-kopec-most-do-starych-casu\/\"]}]},{\"@type\":\"ImageObject\",\"inLanguage\":\"cs\",\"@id\":\"https:\/\/www.welovecycling.com\/cs\/2024\/11\/05\/jak-milionova-investice-vraci-tour-na-zapomenuty-kopec-most-do-starych-casu\/#primaryimage\",\"url\":\"https:\/\/d2p6e6u75xmxt8.cloudfront.net\/13\/2024\/11\/profimedia-0397930595.webp\",\"contentUrl\":\"https:\/\/d2p6e6u75xmxt8.cloudfront.net\/13\/2024\/11\/profimedia-0397930595.webp\",\"width\":1800,\"height\":1207,\"caption\":\"Tour 1989 Hinault\"},{\"@type\":\"WebSite\",\"@id\":\"https:\/\/www.welovecycling.com\/cs\/#website\",\"url\":\"https:\/\/www.welovecycling.com\/cs\/\",\"name\":\"\u0160koda We Love Cycling - \u010cesk\u00e1 republika\",\"description\":\"WeLoveCycling.cz je online magaz\u00edn, kter\u00fd v\u00e1m pravideln\u011b p\u0159in\u00e1\u0161\u00ed rady a tipy, zaj\u00edmav\u00e9 \u010dl\u00e1nky, videa a jedine\u010dn\u00e9 report\u00e1\u017ee ze sv\u011bta cyklistiky.\",\"potentialAction\":[{\"@type\":\"SearchAction\",\"target\":{\"@type\":\"EntryPoint\",\"urlTemplate\":\"https:\/\/www.welovecycling.com\/cs\/?s={search_term_string}\"},\"query-input\":{\"@type\":\"PropertyValueSpecification\",\"valueRequired\":true,\"valueName\":\"search_term_string\"}}],\"inLanguage\":\"cs\"},{\"@type\":\"Person\",\"@id\":\"https:\/\/www.welovecycling.com\/cs\/#\/schema\/person\/d9eeb0a378f3a7e4a6d12d2b536b04b8\",\"name\":\"radekmalina\",\"image\":{\"@type\":\"ImageObject\",\"inLanguage\":\"cs\",\"@id\":\"https:\/\/www.welovecycling.com\/cs\/#\/schema\/person\/image\/\",\"url\":\"https:\/\/secure.gravatar.com\/avatar\/66994b632cb8c39a46b9f54afa3ae07201b678d32a54275b6f1c9ffec356bfc0?s=96&d=mm&r=g\",\"contentUrl\":\"https:\/\/secure.gravatar.com\/avatar\/66994b632cb8c39a46b9f54afa3ae07201b678d32a54275b6f1c9ffec356bfc0?s=96&d=mm&r=g\",\"caption\":\"radekmalina\"},\"url\":\"https:\/\/www.welovecycling.com\/cs\/author\/radekmalina\/\"}]}<\/script>\n<!-- \/ Yoast SEO Premium plugin. -->","yoast_head_json":{"title":"Jak t\u0159i sta milion\u016f vrac\u00ed Tour na zapomenut\u00fd kopec? Most do star\u00fdch \u010das\u016f... | \u0160koda We Love Cycling - \u010cesk\u00e1 republika","description":"V \u010ceskoslovensku padl komunismus, Madonna vydala hit Like a Prayer, narodil se filmov\u00fd p\u0159edstavitel Harryho Pottera. A na Tour de France se zrodil nejmen\u0161\u00ed rozd\u00edl v d\u011bjin\u00e1ch: LeMond a\u017e z\u00e1v\u011bre\u010dnou \u010dasovkou porazil Fignona o osm sekund. A taky to bylo naposledy, kdy se na trase z\u00e1vodu objevilo stoup\u00e1n\u00ed Superbagn\u00e8res. Psal se rok 1989. Po \u0161estat\u0159iceti letech se zapomenut\u00fd kopec do itiner\u00e1\u0159e nejv\u011bt\u0161\u00edho etapov\u00e9ho z\u00e1vodu vr\u00e1t\u00ed.","robots":{"index":"index","follow":"follow","max-snippet":"max-snippet:-1","max-image-preview":"max-image-preview:large","max-video-preview":"max-video-preview:-1"},"canonical":"https:\/\/www.welovecycling.com\/cs\/2024\/11\/05\/jak-milionova-investice-vraci-tour-na-zapomenuty-kopec-most-do-starych-casu\/","og_locale":"cs_CZ","og_type":"article","og_title":"Jak t\u0159i sta milion\u016f vrac\u00ed Tour na zapomenut\u00fd kopec? Most do star\u00fdch \u010das\u016f...","og_description":"V \u010ceskoslovensku padl komunismus, Madonna vydala hit Like a Prayer, narodil se filmov\u00fd p\u0159edstavitel Harryho Pottera. A na Tour de France se zrodil nejmen\u0161\u00ed rozd\u00edl v d\u011bjin\u00e1ch: LeMond a\u017e z\u00e1v\u011bre\u010dnou \u010dasovkou porazil Fignona o osm sekund. A taky to bylo naposledy, kdy se na trase z\u00e1vodu objevilo stoup\u00e1n\u00ed Superbagn\u00e8res. Psal se rok 1989. Po \u0161estat\u0159iceti letech se zapomenut\u00fd kopec do itiner\u00e1\u0159e nejv\u011bt\u0161\u00edho etapov\u00e9ho z\u00e1vodu vr\u00e1t\u00ed.","og_url":"https:\/\/www.welovecycling.com\/cs\/2024\/11\/05\/jak-milionova-investice-vraci-tour-na-zapomenuty-kopec-most-do-starych-casu\/","og_site_name":"\u0160koda We Love Cycling - \u010cesk\u00e1 republika","article_published_time":"2024-11-05T13:18:52+00:00","article_modified_time":"2024-11-05T13:19:10+00:00","og_image":[{"width":1800,"height":1207,"url":"https:\/\/d2p6e6u75xmxt8.cloudfront.net\/13\/2024\/11\/profimedia-0397930595.webp","type":"image\/webp"}],"author":"radekmalina","twitter_card":"summary_large_image","twitter_misc":{"Written by":"We Love Cycling","Est. reading time":"5"},"schema":{"@context":"https:\/\/schema.org","@graph":[{"@type":"WebPage","@id":"https:\/\/www.welovecycling.com\/cs\/2024\/11\/05\/jak-milionova-investice-vraci-tour-na-zapomenuty-kopec-most-do-starych-casu\/","url":"https:\/\/www.welovecycling.com\/cs\/2024\/11\/05\/jak-milionova-investice-vraci-tour-na-zapomenuty-kopec-most-do-starych-casu\/","name":"Jak t\u0159i sta milion\u016f vrac\u00ed Tour na zapomenut\u00fd kopec? Most do star\u00fdch \u010das\u016f... | \u0160koda We Love Cycling - \u010cesk\u00e1 republika","isPartOf":{"@id":"https:\/\/www.welovecycling.com\/cs\/#website"},"primaryImageOfPage":{"@id":"https:\/\/www.welovecycling.com\/cs\/2024\/11\/05\/jak-milionova-investice-vraci-tour-na-zapomenuty-kopec-most-do-starych-casu\/#primaryimage"},"image":{"@id":"https:\/\/www.welovecycling.com\/cs\/2024\/11\/05\/jak-milionova-investice-vraci-tour-na-zapomenuty-kopec-most-do-starych-casu\/#primaryimage"},"thumbnailUrl":"https:\/\/d2p6e6u75xmxt8.cloudfront.net\/13\/2024\/11\/profimedia-0397930595.webp","datePublished":"2024-11-05T13:18:52+00:00","dateModified":"2024-11-05T13:19:10+00:00","author":{"@id":"https:\/\/www.welovecycling.com\/cs\/#\/schema\/person\/d9eeb0a378f3a7e4a6d12d2b536b04b8"},"description":"V \u010ceskoslovensku padl komunismus, Madonna vydala hit Like a Prayer, narodil se filmov\u00fd p\u0159edstavitel Harryho Pottera. A na Tour de France se zrodil nejmen\u0161\u00ed rozd\u00edl v d\u011bjin\u00e1ch: LeMond a\u017e z\u00e1v\u011bre\u010dnou \u010dasovkou porazil Fignona o osm sekund. A taky to bylo naposledy, kdy se na trase z\u00e1vodu objevilo stoup\u00e1n\u00ed Superbagn\u00e8res. Psal se rok 1989. Po \u0161estat\u0159iceti letech se zapomenut\u00fd kopec do itiner\u00e1\u0159e nejv\u011bt\u0161\u00edho etapov\u00e9ho z\u00e1vodu vr\u00e1t\u00ed.","inLanguage":"cs","potentialAction":[{"@type":"ReadAction","target":["https:\/\/www.welovecycling.com\/cs\/2024\/11\/05\/jak-milionova-investice-vraci-tour-na-zapomenuty-kopec-most-do-starych-casu\/"]}]},{"@type":"ImageObject","inLanguage":"cs","@id":"https:\/\/www.welovecycling.com\/cs\/2024\/11\/05\/jak-milionova-investice-vraci-tour-na-zapomenuty-kopec-most-do-starych-casu\/#primaryimage","url":"https:\/\/d2p6e6u75xmxt8.cloudfront.net\/13\/2024\/11\/profimedia-0397930595.webp","contentUrl":"https:\/\/d2p6e6u75xmxt8.cloudfront.net\/13\/2024\/11\/profimedia-0397930595.webp","width":1800,"height":1207,"caption":"Tour 1989 Hinault"},{"@type":"WebSite","@id":"https:\/\/www.welovecycling.com\/cs\/#website","url":"https:\/\/www.welovecycling.com\/cs\/","name":"\u0160koda We Love Cycling - \u010cesk\u00e1 republika","description":"WeLoveCycling.cz je online magaz\u00edn, kter\u00fd v\u00e1m pravideln\u011b p\u0159in\u00e1\u0161\u00ed rady a tipy, zaj\u00edmav\u00e9 \u010dl\u00e1nky, videa a jedine\u010dn\u00e9 report\u00e1\u017ee ze sv\u011bta cyklistiky.","potentialAction":[{"@type":"SearchAction","target":{"@type":"EntryPoint","urlTemplate":"https:\/\/www.welovecycling.com\/cs\/?s={search_term_string}"},"query-input":{"@type":"PropertyValueSpecification","valueRequired":true,"valueName":"search_term_string"}}],"inLanguage":"cs"},{"@type":"Person","@id":"https:\/\/www.welovecycling.com\/cs\/#\/schema\/person\/d9eeb0a378f3a7e4a6d12d2b536b04b8","name":"radekmalina","image":{"@type":"ImageObject","inLanguage":"cs","@id":"https:\/\/www.welovecycling.com\/cs\/#\/schema\/person\/image\/","url":"https:\/\/secure.gravatar.com\/avatar\/66994b632cb8c39a46b9f54afa3ae07201b678d32a54275b6f1c9ffec356bfc0?s=96&d=mm&r=g","contentUrl":"https:\/\/secure.gravatar.com\/avatar\/66994b632cb8c39a46b9f54afa3ae07201b678d32a54275b6f1c9ffec356bfc0?s=96&d=mm&r=g","caption":"radekmalina"},"url":"https:\/\/www.welovecycling.com\/cs\/author\/radekmalina\/"}]}},"_links":{"self":[{"href":"https:\/\/www.welovecycling.com\/cs\/wp-json\/wp\/v2\/posts\/27492","targetHints":{"allow":["GET"]}}],"collection":[{"href":"https:\/\/www.welovecycling.com\/cs\/wp-json\/wp\/v2\/posts"}],"about":[{"href":"https:\/\/www.welovecycling.com\/cs\/wp-json\/wp\/v2\/types\/post"}],"author":[{"embeddable":true,"href":"https:\/\/www.welovecycling.com\/cs\/wp-json\/wp\/v2\/users\/138"}],"replies":[{"embeddable":true,"href":"https:\/\/www.welovecycling.com\/cs\/wp-json\/wp\/v2\/comments?post=27492"}],"version-history":[{"count":2,"href":"https:\/\/www.welovecycling.com\/cs\/wp-json\/wp\/v2\/posts\/27492\/revisions"}],"predecessor-version":[{"id":27495,"href":"https:\/\/www.welovecycling.com\/cs\/wp-json\/wp\/v2\/posts\/27492\/revisions\/27495"}],"wp:featuredmedia":[{"embeddable":true,"href":"https:\/\/www.welovecycling.com\/cs\/wp-json\/wp\/v2\/media\/27493"}],"wp:attachment":[{"href":"https:\/\/www.welovecycling.com\/cs\/wp-json\/wp\/v2\/media?parent=27492"}],"wp:term":[{"taxonomy":"category","embeddable":true,"href":"https:\/\/www.welovecycling.com\/cs\/wp-json\/wp\/v2\/categories?post=27492"},{"taxonomy":"post_tag","embeddable":true,"href":"https:\/\/www.welovecycling.com\/cs\/wp-json\/wp\/v2\/tags?post=27492"},{"taxonomy":"global-categories","embeddable":true,"href":"https:\/\/www.welovecycling.com\/cs\/wp-json\/wp\/v2\/global-categories?post=27492"}],"curies":[{"name":"wp","href":"https:\/\/api.w.org\/{rel}","templated":true}]}}