{"id":27485,"date":"2024-11-01T05:00:53","date_gmt":"2024-11-01T03:00:53","guid":{"rendered":"https:\/\/www.welovecycling.com\/cs\/?p=27485"},"modified":"2024-10-31T14:08:10","modified_gmt":"2024-10-31T12:08:10","slug":"kdo-je-nejlepsi-cyklista-vsech-dob","status":"publish","type":"post","link":"https:\/\/www.welovecycling.com\/cs\/2024\/11\/01\/kdo-je-nejlepsi-cyklista-vsech-dob\/","title":{"rendered":"Kdo je nejlep\u0161\u00ed cyklista v\u0161ech dob?"},"content":{"rendered":"<p><strong>Kdo je nejlep\u0161\u00ed cyklista v\u0161ech dob? Ta ot\u00e1zka znovu zazn\u011bla v Curychu, kdy\u017e slovinsk\u00fd z\u00e1zrak Tadej Poga\u010dar zavr\u0161il sezonu sn\u016f. Po Giru, Tour de France a \u0159\u00e1dce d\u00edl\u010d\u00edch \u00fasp\u011bch\u016f vyhr\u00e1l i zlato z mistrovstv\u00ed sv\u011bta. Tehdy Eddy Merckx, cyklista stolet\u00ed, kanibal, kter\u00fd vyhr\u00e1l v\u0161e mysliteln\u00e9, pronesl: \u201eTadej u\u017e je nade mnou.\u201c Jen\u017ee\u2026<\/strong><\/p>\n<p><span style=\"font-weight: 400;\">Lze v\u016fbec porovnat n\u011bco tak nesoum\u011b\u0159iteln\u00e9ho jako r\u016fzn\u00e9 \u00e9ry, epochy, r\u016fzn\u00e9 jezdce? P\u0159i sledov\u00e1n\u00ed dne\u0161n\u00edch kosmick\u00fdch v\u00fdkon\u016f a rychlost\u00ed mus\u00edme nab\u00fdt dojmu, \u017ee minul\u00ed \u0161ampioni by t\u011bm dne\u0161n\u00edm nemohli v ni\u010dem sta\u010dit.<\/span><\/p>\n<p><span style=\"font-weight: 400;\">Ale v\u00e1\u017en\u011b? Ono to tak mo\u017en\u00e1 nebude, a\u010dkoliv nikdy nezjist\u00edme, jak by Poga\u010dar z\u00e1vodil na 12kilov\u00e9m kole se sedmi p\u0159evody a jak by se naopak Merckxovi da\u0159ilo na supermodern\u00ed z\u00e1vodni\u010dce a s metodami, v\u00fd\u017eivou, regenerac\u00ed, jak\u00e9 zn\u00e1 dne\u0161n\u00ed cyklistika.<\/span><\/p>\n<figure id=\"attachment_14791\" aria-describedby=\"caption-attachment-14791\" style=\"width: 1800px\" class=\"wp-caption alignnone\"><a href=\"https:\/\/d2p6e6u75xmxt8.cloudfront.net\/13\/2021\/10\/coppi-profimedia-0278023244.webp\"><img loading=\"lazy\" decoding=\"async\" class=\"size-full wp-image-14791\" src=\"https:\/\/d2p6e6u75xmxt8.cloudfront.net\/13\/2021\/10\/coppi-profimedia-0278023244.webp\" alt=\"Fausto Coppi s galuskami kolem t\u011bla, kr\u00e1tk\u00fdmi kra\u0165asy a n\u00edzk\u00fdmi pono\u017ekami. Foto: profimedia\" width=\"1800\" height=\"1199\" srcset=\"https:\/\/d2p6e6u75xmxt8.cloudfront.net\/13\/2021\/10\/coppi-profimedia-0278023244.webp 1800w, https:\/\/d2p6e6u75xmxt8.cloudfront.net\/13\/2021\/10\/coppi-profimedia-0278023244-300x200.webp 300w, https:\/\/d2p6e6u75xmxt8.cloudfront.net\/13\/2021\/10\/coppi-profimedia-0278023244-1024x682.webp 1024w, https:\/\/d2p6e6u75xmxt8.cloudfront.net\/13\/2021\/10\/coppi-profimedia-0278023244-768x512.webp 768w, https:\/\/d2p6e6u75xmxt8.cloudfront.net\/13\/2021\/10\/coppi-profimedia-0278023244-1536x1023.webp 1536w, https:\/\/d2p6e6u75xmxt8.cloudfront.net\/13\/2021\/10\/coppi-profimedia-0278023244-272x182.webp 272w\" sizes=\"auto, (max-width: 1800px) 100vw, 1800px\" \/><\/a><figcaption id=\"caption-attachment-14791\" class=\"wp-caption-text\"><em>Fausto Coppi s galuskami kolem t\u011bla, kr\u00e1tk\u00fdmi kra\u0165asy a n\u00edzk\u00fdmi pono\u017ekami. Foto: profimedia<\/em><\/figcaption><\/figure>\n<p><span style=\"font-weight: 400;\">Jak dobr\u00fd by byl Fausto Coppi s modern\u00edmi pneumatikami, je\u017e skoro neznaj\u00ed valiv\u00fd odpor, a na dne\u0161n\u00edch dokonale hladk\u00fdch silnic\u00edch (nepo\u010d\u00edt\u00e1me-li orani\u0161t\u011b Roubaix)? Alespo\u0148 na \u010d\u00e1st ot\u00e1zky odpov\u011b\u010f m\u00e1me: str\u00e1vil by o n\u011bco m\u00e9n\u011b \u010dasu opravov\u00e1n\u00edm defekt\u016f, tak\u017ee by byl o n\u011bco \u0161\u0165astn\u011bj\u0161\u00ed. Ale co do rychlost\u00ed, do odvahy ve sjezdech a v \u00fatoc\u00edch, v tom by byl pravd\u011bpodobn\u011b v podstat\u011b stejn\u00fd.<\/span><\/p>\n<h2><strong>Mluvil Eddy Merckx v\u00e1\u017en\u011b nebo jen projevil slu\u0161nost?<\/strong><\/h2>\n<p><span style=\"font-weight: 400;\">Ot\u00e1zka ve v\u011bci \u201ejak dob\u0159e by&#8230;\u201c nebo \u201enejv\u011bt\u0161\u00ed v\u0161ech dob\u2026\u201c vede v\u017edy ke skv\u011bl\u00e9 debat\u011b. Na rozd\u00edl od jin\u00fdch t\u00e9mat, jako t\u0159eba kdo vyhraje Tour de France v roce 2025. Proto\u017ee pokud by m\u011bl Poga\u010dar d\u00e1l hr\u00e1t podle leto\u0161n\u00edch not, prost\u011b p\u0159ijede, uvid\u00ed a vyhraje. Ale \u00favaha Merckx vs. Poga\u010dar vzru\u0161uje v\u00edc a nikdy nikdo nevyvr\u00e1t\u00ed, \u017ee se m\u00fdl\u00edte se sv\u00fdm pohledem, a nikdy nikdo neprok\u00e1\u017ee, \u017ee to nen\u00ed pravda.<\/span><\/p>\n<div class=\"shortcode-ys-post-pinup\"><article class=\"loop-simple post-27402 post type-post status-publish format-standard has-post-thumbnail hentry category-silnicni-cyklistika tag-cyklistika tag-eddy-merckx tag-jonas-vingegaard tag-motivace tag-rekordy tag-silnicni-cyklistika tag-tadej-pogacar tag-tour-de-france global-categories-cycling\" data-postid=\"27402\" role=\"article\" data-post-id=\"27402\" data-word-count=\"381\" data-headline-length=\"84\" data-category=\"Silni\u010dn\u00ed cyklistika\" data-global-category=\"Cycling\" data-author=\"We Love Cycling\" data-published=\"2024-10-22T04:20:20+02:00\" data-published-day=\"Tuesday\">\n    <div class=\"entry-thumbnail article-thumbnail\" content=\"https:\/\/d2p6e6u75xmxt8.cloudfront.net\/13\/2024\/07\/profimedia-0890928696-150x150.webp\"><a href=\"https:\/\/www.welovecycling.com\/cs\/2024\/10\/22\/vingegaard-sam-si-za-to-muze-rika-tadej-pogacar-o-nove-urovni-vykonnosti\/\" class=\"image-holder\" target=\"_self\"><img decoding=\"async\" loading=\"lazy\" class=\"\" src=\"https:\/\/d2p6e6u75xmxt8.cloudfront.net\/13\/2024\/07\/profimedia-0890928696-1024x683.webp\" srcset=\"https:\/\/d2p6e6u75xmxt8.cloudfront.net\/13\/2024\/07\/profimedia-0890928696.webp 1800w, https:\/\/d2p6e6u75xmxt8.cloudfront.net\/13\/2024\/07\/profimedia-0890928696-300x200.webp 300w, https:\/\/d2p6e6u75xmxt8.cloudfront.net\/13\/2024\/07\/profimedia-0890928696-1024x683.webp 1024w, https:\/\/d2p6e6u75xmxt8.cloudfront.net\/13\/2024\/07\/profimedia-0890928696-768x512.webp 768w, https:\/\/d2p6e6u75xmxt8.cloudfront.net\/13\/2024\/07\/profimedia-0890928696-1536x1024.webp 1536w, https:\/\/d2p6e6u75xmxt8.cloudfront.net\/13\/2024\/07\/profimedia-0890928696-400x267.webp 400w, https:\/\/d2p6e6u75xmxt8.cloudfront.net\/13\/2024\/07\/profimedia-0890928696-272x182.webp 272w\" width=\"1024\" height=\"683\" sizes=\"auto, (min-width: 1200px) 300px, (min-width: 768px) 25vw, 100vw\" alt=\"vingegaard-sam-si-za-to-muze-rika-tadej-pogacar-o-nove-urovni-vykonnosti\"\/><\/a><\/div>    <div class=\"entry-meta\">\n        <a class=\"label label-secondary post-category\" href=\"https:\/\/www.welovecycling.com\/cs\/category\/silnicni-cyklistika\/\" title=\"Silni\u010dn\u00ed cyklistika\">Silni\u010dn\u00ed cyklistika<\/a>\n    <\/div>\n    <div class=\"entry-details\">\n        <a href=\"https:\/\/www.welovecycling.com\/cs\/2024\/10\/22\/vingegaard-sam-si-za-to-muze-rika-tadej-pogacar-o-nove-urovni-vykonnosti\/\" class='entry-title-wrapper'>\n            <h3 class=\"entry-title\"><span>Vingegaard? S\u00e1m si za to m\u016f\u017ee, \u0159\u00edk\u00e1 Tadej Poga\u010dar o nov\u00e9 \u00farovni v\u00fdkonnosti<\/span><\/h3>\n        <\/a>\n    <\/div>\n    <\/article>\n<\/div>\n<p><span style=\"font-weight: 400;\">Jedin\u00e1 spr\u00e1vn\u00e1, takzvan\u011b \u201ev\u011bdeck\u00e1\u201c odpov\u011b\u010f neexistuje a nem\u016f\u017eeme ji \u010d\u00edst ani z Merckxov\u00fdch slov. Belgi\u010dan sp\u00ed\u0161 proto, \u017ee se to \u010dekalo, a v duchu sou\u010dasn\u00e9 euforie a sv\u00e9 slu\u0161nosti Slovince vychv\u00e1lil a\u017e do nebes, ale ur\u010dit\u011b si mysl\u00ed svoje.<\/span><\/p>\n<p><span style=\"font-weight: 400;\"><a href=\"https:\/\/www.welovecycling.com\/cs\/2024\/07\/22\/sest-duvodu-proc-je-tadej-pogacar-neporazitelny\/\">Poga\u010dar je sice d\u00e9mon<\/a>, to jist\u011b, ale Merckxov\u00fdch 525 prvenstv\u00ed, p\u011btkr\u00e1t Tour, p\u011btkr\u00e1t Giro nebo taky t\u0159ikr\u00e1t Roubaix, to je pro n\u011bj zat\u00edm nemysliteln\u00e9. Probl\u00e9m ale je, \u017ee \u010d\u00edm v\u00edc b\u00e1d\u00e1te a zam\u00fd\u0161l\u00edte se, t\u00edm se odpov\u011b\u010f na srovn\u00e1vac\u00ed ot\u00e1zky vzdaluje.<\/span><\/p>\n<figure id=\"attachment_26581\" aria-describedby=\"caption-attachment-26581\" style=\"width: 1800px\" class=\"wp-caption alignnone\"><a href=\"https:\/\/d2p6e6u75xmxt8.cloudfront.net\/13\/2024\/07\/profimedia-0890928696.webp\"><img loading=\"lazy\" decoding=\"async\" class=\"size-full wp-image-26581\" src=\"https:\/\/d2p6e6u75xmxt8.cloudfront.net\/13\/2024\/07\/profimedia-0890928696.webp\" alt=\"Tadej Poga\u010dar a jeho poklona publiku i cel\u00e9 Tour de France 2024 v c\u00edli 19. etapy. Foto: profimedia\" width=\"1800\" height=\"1200\" srcset=\"https:\/\/d2p6e6u75xmxt8.cloudfront.net\/13\/2024\/07\/profimedia-0890928696.webp 1800w, https:\/\/d2p6e6u75xmxt8.cloudfront.net\/13\/2024\/07\/profimedia-0890928696-300x200.webp 300w, https:\/\/d2p6e6u75xmxt8.cloudfront.net\/13\/2024\/07\/profimedia-0890928696-1024x683.webp 1024w, https:\/\/d2p6e6u75xmxt8.cloudfront.net\/13\/2024\/07\/profimedia-0890928696-768x512.webp 768w, https:\/\/d2p6e6u75xmxt8.cloudfront.net\/13\/2024\/07\/profimedia-0890928696-1536x1024.webp 1536w, https:\/\/d2p6e6u75xmxt8.cloudfront.net\/13\/2024\/07\/profimedia-0890928696-400x267.webp 400w, https:\/\/d2p6e6u75xmxt8.cloudfront.net\/13\/2024\/07\/profimedia-0890928696-272x182.webp 272w\" sizes=\"auto, (max-width: 1800px) 100vw, 1800px\" \/><\/a><figcaption id=\"caption-attachment-26581\" class=\"wp-caption-text\"><em>Tadej Poga\u010dar a jeho poklona publiku i cel\u00e9 Tour de France 2024 v c\u00edli 19. etapy ro\u010dn\u00edku 2024. Foto: profimedia<\/em><\/figcaption><\/figure>\n<p><span style=\"font-weight: 400;\">Pod\u00edvejme se t\u0159eba na \u201emodern\u00ed tr\u00e9nink\u201c. Takzvan\u011b modern\u00ed metodika nen\u00ed tak odli\u0161n\u00e1 od t\u00e9 star\u00e9, jak si lid\u00e9 p\u0159i pohledu na \u010dernob\u00edl\u00e9 fotografie mo\u017en\u00e1 mysl\u00ed. Kouzlo \u0161ampion\u016f nap\u0159\u00ed\u010d \u00e9rami je, \u017ee prost\u011b \u0161lapete na kole a t\u00edm se zdokonalujete. \u010c\u00edm v\u00edc (nebo chyt\u0159eji), t\u00edm rychleji. Zbytek jsou detaily.<\/span><\/p>\n<h2><strong>Nejlep\u0161\u00ed cyklista? TrainingPeaks by situaci (ne)zm\u011bnil<\/strong><\/h2>\n<p><span style=\"font-weight: 400;\">Velk\u00fd d\u016fvod, pro\u010d d\u00e1vn\u00e9 hv\u011bzdy mohly vyhr\u00e1vat, byl ten, \u017ee tyhle detaily dok\u00e1zaly hledat a ladit. V dob\u011b, kdy byl tr\u00e9nink intuitivn\u011bj\u0161\u00ed z\u00e1le\u017eitost\u00ed, byla jejich instinktivn\u00ed schopnost d\u011blat v\u011bci spr\u00e1vn\u011b jedn\u00edm z faktor\u016f, kter\u00e9 jim d\u00e1valy v\u00fdhodu. <\/span><\/p>\n<p><span style=\"font-weight: 400;\">Tento \u201estarom\u00f3dn\u00ed\u201c tr\u00e9nink byl silnou str\u00e1nkou, nikoli slabost\u00ed. Nebo si snad mysl\u00edte, \u017ee Merckx by v p\u0159\u00edprav\u011b na sv\u016fj sv\u011btov\u00fd rekord v hodinovce ud\u011blal n\u011bco jinak, kdyby m\u011bl p\u0159edplatn\u00e9 v datab\u00e1zi TrainingPeaks?<\/span><\/p>\n<div class=\"shortcode-ys-post-pinup\"><article class=\"loop-simple post-27411 post type-post status-publish format-standard has-post-thumbnail hentry category-https-www-welovecycling-com-cs-category-zabava tag-athletic-bilbao tag-az-alkmaar tag-cyklisticti-treneri tag-cyklistika tag-dave-brailsford tag-inigo-san-millan tag-manchester-united tag-marginal-gains tag-ogc-nice tag-silnicni-cyklistika tag-slavia-praha tag-tadej-pogacar tag-trenink tag-vyziva global-categories-cycling\" data-postid=\"27411\" role=\"article\" data-post-id=\"27411\" data-word-count=\"460\" data-headline-length=\"51\" data-category=\"Z\u00c1BAVA\" data-global-category=\"Cycling\" data-author=\"We Love Cycling\" data-published=\"2024-10-24T05:00:49+02:00\" data-published-day=\"Thursday\">\n    <div class=\"entry-thumbnail article-thumbnail\" content=\"https:\/\/d2p6e6u75xmxt8.cloudfront.net\/13\/2024\/10\/20231025_por_SanMillan-150x150.webp\"><a href=\"https:\/\/www.welovecycling.com\/cs\/2024\/10\/24\/proc-cyklisticti-treneri-odchazi-do-fotbalu\/\" class=\"image-holder\" target=\"_self\"><img decoding=\"async\" loading=\"lazy\" class=\"\" src=\"https:\/\/d2p6e6u75xmxt8.cloudfront.net\/13\/2024\/10\/20231025_por_SanMillan-1024x576.webp\" srcset=\"https:\/\/d2p6e6u75xmxt8.cloudfront.net\/13\/2024\/10\/20231025_por_SanMillan.webp 1920w, https:\/\/d2p6e6u75xmxt8.cloudfront.net\/13\/2024\/10\/20231025_por_SanMillan-300x169.webp 300w, https:\/\/d2p6e6u75xmxt8.cloudfront.net\/13\/2024\/10\/20231025_por_SanMillan-1024x576.webp 1024w, https:\/\/d2p6e6u75xmxt8.cloudfront.net\/13\/2024\/10\/20231025_por_SanMillan-768x432.webp 768w, https:\/\/d2p6e6u75xmxt8.cloudfront.net\/13\/2024\/10\/20231025_por_SanMillan-1536x864.webp 1536w, https:\/\/d2p6e6u75xmxt8.cloudfront.net\/13\/2024\/10\/20231025_por_SanMillan-400x225.webp 400w\" width=\"1024\" height=\"576\" sizes=\"auto, (min-width: 1200px) 356px, (min-width: 768px) 30vw, 100vw\" alt=\"proc-cyklisticti-treneri-odchazi-do-fotbalu\"\/><\/a><\/div>    <div class=\"entry-meta\">\n        <a class=\"label label-secondary post-category\" href=\"https:\/\/www.welovecycling.com\/cs\/category\/https-www-welovecycling-com-cs-category-zabava\/\" title=\"Z\u00c1BAVA\">Z\u00c1BAVA<\/a>\n    <\/div>\n    <div class=\"entry-details\">\n        <a href=\"https:\/\/www.welovecycling.com\/cs\/2024\/10\/24\/proc-cyklisticti-treneri-odchazi-do-fotbalu\/\" class='entry-title-wrapper'>\n            <h3 class=\"entry-title\"><span>Pro\u010d cyklisti\u010dt\u00ed tren\u00e9\u0159i odch\u00e1z\u00ed do fotbalu?<\/span><\/h3>\n        <\/a>\n    <\/div>\n    <\/article>\n<\/div>\n<p><span style=\"font-weight: 400;\">Naproti tomu v\u00fdhody modern\u00edch technologi\u00ed bagatelizovat nem\u016f\u017eeme. A technologi\u00ed te\u010f m\u00e1me na mysli prim\u00e1rn\u011b aerodynamiku. M\u016f\u017eeme se zam\u00fd\u0161let, jak by byl velk\u00fd Eddy rychl\u00fd na Poga\u010darov\u011b stroji. Ale dokud nebude \u0161ance ho s tehdej\u0161\u00ed formou na takov\u00e9 kolo posadit, bude v tom jen velk\u00e1 m\u00edra odhadu. M\u016f\u017eeme se jen domn\u00edvat, \u017ee Merckxova super aerodynamick\u00e1 pozice generovala stejn\u00fd odpor vzduchu jako pozice modern\u00edch z\u00e1vodn\u00edk\u016f. V tom p\u0159\u00edpad\u011b testov\u00e1n\u00ed v aerodynamick\u00e9m tunelu pozb\u00fdv\u00e1 smyslu.<\/span><\/p>\n<p><span style=\"font-weight: 400;\">Pokud byste dok\u00e1zali p\u0159en\u00e9st to v\u0161e modern\u00ed zp\u011bt do 70. let minul\u00e9ho stolet\u00ed, mo\u017en\u00e1 byste zjistili, \u017ee Raymond Poulidor by nakonec m\u011bl na to Merckxe porazit. A to by nad\u011blalo hrozn\u00fd chaos v pokusu ustanovit Eddyho jako toho nejv\u011bt\u0161\u00edho cyklistu v\u0161ech dob. Ale byl skute\u010dn\u011b nejlep\u0161\u00ed cyklista?<\/span><\/p>\n<p><span style=\"font-weight: 400;\">A\u0165 tak \u010di jinak, v\u00e1\u0161 n\u00e1zor bude v nejlep\u0161\u00edm p\u0159\u00edpad\u011b ne\u0161kodn\u00fd, v nejhor\u0161\u00edm maxim\u00e1ln\u011b trochu nespravedliv\u00fd v\u016f\u010di minul\u00fdm hv\u011bzd\u00e1m. Obdivu zasluhuj\u00ed v\u0161echny.<\/span><\/p>\n","protected":false},"excerpt":{"rendered":"<p>Kdo je nejlep\u0161\u00ed cyklista v\u0161ech dob? Ta ot\u00e1zka znovu zazn\u011bla v Curychu, kdy\u017e slovinsk\u00fd z\u00e1zrak Tadej Poga\u010dar zavr\u0161il sezonu sn\u016f. [&hellip;]<\/p>\n","protected":false},"author":138,"featured_media":9671,"comment_status":"open","ping_status":"open","sticky":false,"template":"","format":"standard","meta":{"footnotes":""},"categories":[10],"tags":[126,310,970,3890,3891,9,502],"global-categories":[411],"class_list":["post-27485","post","type-post","status-publish","format-standard","has-post-thumbnail","hentry","category-silnicni-cyklistika","tag-cyklistika","tag-eddy-merckx","tag-fausto-coppi","tag-kdo-je-nejlepsi-cyklista","tag-nejlepsi-cyklista","tag-silnicni-cyklistika","tag-tadej-pogacar","global-categories-cycling"],"yoast_head":"<!-- This site is optimized with the Yoast SEO Premium plugin v25.3 (Yoast SEO v25.9) - https:\/\/yoast.com\/wordpress\/plugins\/seo\/ -->\n<title>Kdo je nejlep\u0161\u00ed cyklista v\u0161ech dob? | \u0160koda We Love Cycling - \u010cesk\u00e1 republika<\/title>\n<meta name=\"description\" content=\"Kdo je nejlep\u0161\u00ed cyklista v\u0161ech dob? Ta ot\u00e1zka znovu zazn\u011bla v Curychu, kdy\u017e slovinsk\u00fd z\u00e1zrak Tadej Poga\u010dar zavr\u0161il sezonu sn\u016f. Po Giru, Tour de France a \u0159\u00e1dce d\u00edl\u010d\u00edch \u00fasp\u011bch\u016f vyhr\u00e1l i zlato z mistrovstv\u00ed sv\u011bta. Tehdy Eddy Merckx, cyklista stolet\u00ed, kanibal, kter\u00fd vyhr\u00e1l v\u0161e mysliteln\u00e9, pronesl: \u201eTadej u\u017e je nade mnou.\u201c Jen\u017ee\u2026\" \/>\n<meta name=\"robots\" content=\"index, follow, max-snippet:-1, max-image-preview:large, max-video-preview:-1\" \/>\n<link rel=\"canonical\" href=\"https:\/\/www.welovecycling.com\/cs\/2024\/11\/01\/kdo-je-nejlepsi-cyklista-vsech-dob\/\" \/>\n<meta property=\"og:locale\" content=\"cs_CZ\" \/>\n<meta property=\"og:type\" content=\"article\" \/>\n<meta property=\"og:title\" content=\"Kdo je nejlep\u0161\u00ed cyklista v\u0161ech dob?\" \/>\n<meta property=\"og:description\" content=\"Kdo je nejlep\u0161\u00ed cyklista v\u0161ech dob? Ta ot\u00e1zka znovu zazn\u011bla v Curychu, kdy\u017e slovinsk\u00fd z\u00e1zrak Tadej Poga\u010dar zavr\u0161il sezonu sn\u016f. Po Giru, Tour de France a \u0159\u00e1dce d\u00edl\u010d\u00edch \u00fasp\u011bch\u016f vyhr\u00e1l i zlato z mistrovstv\u00ed sv\u011bta. Tehdy Eddy Merckx, cyklista stolet\u00ed, kanibal, kter\u00fd vyhr\u00e1l v\u0161e mysliteln\u00e9, pronesl: \u201eTadej u\u017e je nade mnou.\u201c Jen\u017ee\u2026\" \/>\n<meta property=\"og:url\" content=\"https:\/\/www.welovecycling.com\/cs\/2024\/11\/01\/kdo-je-nejlepsi-cyklista-vsech-dob\/\" \/>\n<meta property=\"og:site_name\" content=\"\u0160koda We Love Cycling - \u010cesk\u00e1 republika\" \/>\n<meta property=\"article:published_time\" content=\"2024-11-01T03:00:53+00:00\" \/>\n<meta property=\"og:image\" content=\"https:\/\/d2p6e6u75xmxt8.cloudfront.net\/13\/2020\/09\/WLC-merckx-profimedia-0460745643.webp\" \/>\n\t<meta property=\"og:image:width\" content=\"1800\" \/>\n\t<meta property=\"og:image:height\" content=\"1210\" \/>\n\t<meta property=\"og:image:type\" content=\"image\/webp\" \/>\n<meta name=\"author\" content=\"radekmalina\" \/>\n<meta name=\"twitter:card\" content=\"summary_large_image\" \/>\n<meta name=\"twitter:label1\" content=\"Written by\" \/>\n\t<meta name=\"twitter:data1\" content=\"We Love Cycling\" \/>\n\t<meta name=\"twitter:label2\" content=\"Est. reading time\" \/>\n\t<meta name=\"twitter:data2\" content=\"5\" \/>\n<script type=\"application\/ld+json\" class=\"yoast-schema-graph\">{\"@context\":\"https:\/\/schema.org\",\"@graph\":[{\"@type\":\"WebPage\",\"@id\":\"https:\/\/www.welovecycling.com\/cs\/2024\/11\/01\/kdo-je-nejlepsi-cyklista-vsech-dob\/\",\"url\":\"https:\/\/www.welovecycling.com\/cs\/2024\/11\/01\/kdo-je-nejlepsi-cyklista-vsech-dob\/\",\"name\":\"Kdo je nejlep\u0161\u00ed cyklista v\u0161ech dob? | \u0160koda We Love Cycling - \u010cesk\u00e1 republika\",\"isPartOf\":{\"@id\":\"https:\/\/www.welovecycling.com\/cs\/#website\"},\"primaryImageOfPage\":{\"@id\":\"https:\/\/www.welovecycling.com\/cs\/2024\/11\/01\/kdo-je-nejlepsi-cyklista-vsech-dob\/#primaryimage\"},\"image\":{\"@id\":\"https:\/\/www.welovecycling.com\/cs\/2024\/11\/01\/kdo-je-nejlepsi-cyklista-vsech-dob\/#primaryimage\"},\"thumbnailUrl\":\"https:\/\/d2p6e6u75xmxt8.cloudfront.net\/13\/2020\/09\/WLC-merckx-profimedia-0460745643.webp\",\"datePublished\":\"2024-11-01T03:00:53+00:00\",\"author\":{\"@id\":\"https:\/\/www.welovecycling.com\/cs\/#\/schema\/person\/d9eeb0a378f3a7e4a6d12d2b536b04b8\"},\"description\":\"Kdo je nejlep\u0161\u00ed cyklista v\u0161ech dob? Ta ot\u00e1zka znovu zazn\u011bla v Curychu, kdy\u017e slovinsk\u00fd z\u00e1zrak Tadej Poga\u010dar zavr\u0161il sezonu sn\u016f. Po Giru, Tour de France a \u0159\u00e1dce d\u00edl\u010d\u00edch \u00fasp\u011bch\u016f vyhr\u00e1l i zlato z mistrovstv\u00ed sv\u011bta. Tehdy Eddy Merckx, cyklista stolet\u00ed, kanibal, kter\u00fd vyhr\u00e1l v\u0161e mysliteln\u00e9, pronesl: \u201eTadej u\u017e je nade mnou.\u201c Jen\u017ee\u2026\",\"inLanguage\":\"cs\",\"potentialAction\":[{\"@type\":\"ReadAction\",\"target\":[\"https:\/\/www.welovecycling.com\/cs\/2024\/11\/01\/kdo-je-nejlepsi-cyklista-vsech-dob\/\"]}]},{\"@type\":\"ImageObject\",\"inLanguage\":\"cs\",\"@id\":\"https:\/\/www.welovecycling.com\/cs\/2024\/11\/01\/kdo-je-nejlepsi-cyklista-vsech-dob\/#primaryimage\",\"url\":\"https:\/\/d2p6e6u75xmxt8.cloudfront.net\/13\/2020\/09\/WLC-merckx-profimedia-0460745643.webp\",\"contentUrl\":\"https:\/\/d2p6e6u75xmxt8.cloudfront.net\/13\/2020\/09\/WLC-merckx-profimedia-0460745643.webp\",\"width\":1800,\"height\":1210,\"caption\":\"Nejlep\u0161\u00ed cyklista? Eddy Merckx ve \u017elut\u00e9m trikotu l\u00eddra nejslavn\u011bj\u0161\u00edho cyklistick\u00e9ho z\u00e1vodu Tour de France 1970 Foto: profimedia\"},{\"@type\":\"WebSite\",\"@id\":\"https:\/\/www.welovecycling.com\/cs\/#website\",\"url\":\"https:\/\/www.welovecycling.com\/cs\/\",\"name\":\"\u0160koda We Love Cycling - \u010cesk\u00e1 republika\",\"description\":\"WeLoveCycling.cz je online magaz\u00edn, kter\u00fd v\u00e1m pravideln\u011b p\u0159in\u00e1\u0161\u00ed rady a tipy, zaj\u00edmav\u00e9 \u010dl\u00e1nky, videa a jedine\u010dn\u00e9 report\u00e1\u017ee ze sv\u011bta cyklistiky.\",\"potentialAction\":[{\"@type\":\"SearchAction\",\"target\":{\"@type\":\"EntryPoint\",\"urlTemplate\":\"https:\/\/www.welovecycling.com\/cs\/?s={search_term_string}\"},\"query-input\":{\"@type\":\"PropertyValueSpecification\",\"valueRequired\":true,\"valueName\":\"search_term_string\"}}],\"inLanguage\":\"cs\"},{\"@type\":\"Person\",\"@id\":\"https:\/\/www.welovecycling.com\/cs\/#\/schema\/person\/d9eeb0a378f3a7e4a6d12d2b536b04b8\",\"name\":\"radekmalina\",\"image\":{\"@type\":\"ImageObject\",\"inLanguage\":\"cs\",\"@id\":\"https:\/\/www.welovecycling.com\/cs\/#\/schema\/person\/image\/\",\"url\":\"https:\/\/secure.gravatar.com\/avatar\/66994b632cb8c39a46b9f54afa3ae07201b678d32a54275b6f1c9ffec356bfc0?s=96&d=mm&r=g\",\"contentUrl\":\"https:\/\/secure.gravatar.com\/avatar\/66994b632cb8c39a46b9f54afa3ae07201b678d32a54275b6f1c9ffec356bfc0?s=96&d=mm&r=g\",\"caption\":\"radekmalina\"},\"url\":\"https:\/\/www.welovecycling.com\/cs\/author\/radekmalina\/\"}]}<\/script>\n<!-- \/ Yoast SEO Premium plugin. -->","yoast_head_json":{"title":"Kdo je nejlep\u0161\u00ed cyklista v\u0161ech dob? | \u0160koda We Love Cycling - \u010cesk\u00e1 republika","description":"Kdo je nejlep\u0161\u00ed cyklista v\u0161ech dob? Ta ot\u00e1zka znovu zazn\u011bla v Curychu, kdy\u017e slovinsk\u00fd z\u00e1zrak Tadej Poga\u010dar zavr\u0161il sezonu sn\u016f. Po Giru, Tour de France a \u0159\u00e1dce d\u00edl\u010d\u00edch \u00fasp\u011bch\u016f vyhr\u00e1l i zlato z mistrovstv\u00ed sv\u011bta. Tehdy Eddy Merckx, cyklista stolet\u00ed, kanibal, kter\u00fd vyhr\u00e1l v\u0161e mysliteln\u00e9, pronesl: \u201eTadej u\u017e je nade mnou.\u201c Jen\u017ee\u2026","robots":{"index":"index","follow":"follow","max-snippet":"max-snippet:-1","max-image-preview":"max-image-preview:large","max-video-preview":"max-video-preview:-1"},"canonical":"https:\/\/www.welovecycling.com\/cs\/2024\/11\/01\/kdo-je-nejlepsi-cyklista-vsech-dob\/","og_locale":"cs_CZ","og_type":"article","og_title":"Kdo je nejlep\u0161\u00ed cyklista v\u0161ech dob?","og_description":"Kdo je nejlep\u0161\u00ed cyklista v\u0161ech dob? Ta ot\u00e1zka znovu zazn\u011bla v Curychu, kdy\u017e slovinsk\u00fd z\u00e1zrak Tadej Poga\u010dar zavr\u0161il sezonu sn\u016f. Po Giru, Tour de France a \u0159\u00e1dce d\u00edl\u010d\u00edch \u00fasp\u011bch\u016f vyhr\u00e1l i zlato z mistrovstv\u00ed sv\u011bta. Tehdy Eddy Merckx, cyklista stolet\u00ed, kanibal, kter\u00fd vyhr\u00e1l v\u0161e mysliteln\u00e9, pronesl: \u201eTadej u\u017e je nade mnou.\u201c Jen\u017ee\u2026","og_url":"https:\/\/www.welovecycling.com\/cs\/2024\/11\/01\/kdo-je-nejlepsi-cyklista-vsech-dob\/","og_site_name":"\u0160koda We Love Cycling - \u010cesk\u00e1 republika","article_published_time":"2024-11-01T03:00:53+00:00","og_image":[{"width":1800,"height":1210,"url":"https:\/\/d2p6e6u75xmxt8.cloudfront.net\/13\/2020\/09\/WLC-merckx-profimedia-0460745643.webp","type":"image\/webp"}],"author":"radekmalina","twitter_card":"summary_large_image","twitter_misc":{"Written by":"We Love Cycling","Est. reading time":"5"},"schema":{"@context":"https:\/\/schema.org","@graph":[{"@type":"WebPage","@id":"https:\/\/www.welovecycling.com\/cs\/2024\/11\/01\/kdo-je-nejlepsi-cyklista-vsech-dob\/","url":"https:\/\/www.welovecycling.com\/cs\/2024\/11\/01\/kdo-je-nejlepsi-cyklista-vsech-dob\/","name":"Kdo je nejlep\u0161\u00ed cyklista v\u0161ech dob? | \u0160koda We Love Cycling - \u010cesk\u00e1 republika","isPartOf":{"@id":"https:\/\/www.welovecycling.com\/cs\/#website"},"primaryImageOfPage":{"@id":"https:\/\/www.welovecycling.com\/cs\/2024\/11\/01\/kdo-je-nejlepsi-cyklista-vsech-dob\/#primaryimage"},"image":{"@id":"https:\/\/www.welovecycling.com\/cs\/2024\/11\/01\/kdo-je-nejlepsi-cyklista-vsech-dob\/#primaryimage"},"thumbnailUrl":"https:\/\/d2p6e6u75xmxt8.cloudfront.net\/13\/2020\/09\/WLC-merckx-profimedia-0460745643.webp","datePublished":"2024-11-01T03:00:53+00:00","author":{"@id":"https:\/\/www.welovecycling.com\/cs\/#\/schema\/person\/d9eeb0a378f3a7e4a6d12d2b536b04b8"},"description":"Kdo je nejlep\u0161\u00ed cyklista v\u0161ech dob? Ta ot\u00e1zka znovu zazn\u011bla v Curychu, kdy\u017e slovinsk\u00fd z\u00e1zrak Tadej Poga\u010dar zavr\u0161il sezonu sn\u016f. Po Giru, Tour de France a \u0159\u00e1dce d\u00edl\u010d\u00edch \u00fasp\u011bch\u016f vyhr\u00e1l i zlato z mistrovstv\u00ed sv\u011bta. Tehdy Eddy Merckx, cyklista stolet\u00ed, kanibal, kter\u00fd vyhr\u00e1l v\u0161e mysliteln\u00e9, pronesl: \u201eTadej u\u017e je nade mnou.\u201c Jen\u017ee\u2026","inLanguage":"cs","potentialAction":[{"@type":"ReadAction","target":["https:\/\/www.welovecycling.com\/cs\/2024\/11\/01\/kdo-je-nejlepsi-cyklista-vsech-dob\/"]}]},{"@type":"ImageObject","inLanguage":"cs","@id":"https:\/\/www.welovecycling.com\/cs\/2024\/11\/01\/kdo-je-nejlepsi-cyklista-vsech-dob\/#primaryimage","url":"https:\/\/d2p6e6u75xmxt8.cloudfront.net\/13\/2020\/09\/WLC-merckx-profimedia-0460745643.webp","contentUrl":"https:\/\/d2p6e6u75xmxt8.cloudfront.net\/13\/2020\/09\/WLC-merckx-profimedia-0460745643.webp","width":1800,"height":1210,"caption":"Nejlep\u0161\u00ed cyklista? Eddy Merckx ve \u017elut\u00e9m trikotu l\u00eddra nejslavn\u011bj\u0161\u00edho cyklistick\u00e9ho z\u00e1vodu Tour de France 1970 Foto: profimedia"},{"@type":"WebSite","@id":"https:\/\/www.welovecycling.com\/cs\/#website","url":"https:\/\/www.welovecycling.com\/cs\/","name":"\u0160koda We Love Cycling - \u010cesk\u00e1 republika","description":"WeLoveCycling.cz je online magaz\u00edn, kter\u00fd v\u00e1m pravideln\u011b p\u0159in\u00e1\u0161\u00ed rady a tipy, zaj\u00edmav\u00e9 \u010dl\u00e1nky, videa a jedine\u010dn\u00e9 report\u00e1\u017ee ze sv\u011bta cyklistiky.","potentialAction":[{"@type":"SearchAction","target":{"@type":"EntryPoint","urlTemplate":"https:\/\/www.welovecycling.com\/cs\/?s={search_term_string}"},"query-input":{"@type":"PropertyValueSpecification","valueRequired":true,"valueName":"search_term_string"}}],"inLanguage":"cs"},{"@type":"Person","@id":"https:\/\/www.welovecycling.com\/cs\/#\/schema\/person\/d9eeb0a378f3a7e4a6d12d2b536b04b8","name":"radekmalina","image":{"@type":"ImageObject","inLanguage":"cs","@id":"https:\/\/www.welovecycling.com\/cs\/#\/schema\/person\/image\/","url":"https:\/\/secure.gravatar.com\/avatar\/66994b632cb8c39a46b9f54afa3ae07201b678d32a54275b6f1c9ffec356bfc0?s=96&d=mm&r=g","contentUrl":"https:\/\/secure.gravatar.com\/avatar\/66994b632cb8c39a46b9f54afa3ae07201b678d32a54275b6f1c9ffec356bfc0?s=96&d=mm&r=g","caption":"radekmalina"},"url":"https:\/\/www.welovecycling.com\/cs\/author\/radekmalina\/"}]}},"_links":{"self":[{"href":"https:\/\/www.welovecycling.com\/cs\/wp-json\/wp\/v2\/posts\/27485","targetHints":{"allow":["GET"]}}],"collection":[{"href":"https:\/\/www.welovecycling.com\/cs\/wp-json\/wp\/v2\/posts"}],"about":[{"href":"https:\/\/www.welovecycling.com\/cs\/wp-json\/wp\/v2\/types\/post"}],"author":[{"embeddable":true,"href":"https:\/\/www.welovecycling.com\/cs\/wp-json\/wp\/v2\/users\/138"}],"replies":[{"embeddable":true,"href":"https:\/\/www.welovecycling.com\/cs\/wp-json\/wp\/v2\/comments?post=27485"}],"version-history":[{"count":1,"href":"https:\/\/www.welovecycling.com\/cs\/wp-json\/wp\/v2\/posts\/27485\/revisions"}],"predecessor-version":[{"id":27486,"href":"https:\/\/www.welovecycling.com\/cs\/wp-json\/wp\/v2\/posts\/27485\/revisions\/27486"}],"wp:featuredmedia":[{"embeddable":true,"href":"https:\/\/www.welovecycling.com\/cs\/wp-json\/wp\/v2\/media\/9671"}],"wp:attachment":[{"href":"https:\/\/www.welovecycling.com\/cs\/wp-json\/wp\/v2\/media?parent=27485"}],"wp:term":[{"taxonomy":"category","embeddable":true,"href":"https:\/\/www.welovecycling.com\/cs\/wp-json\/wp\/v2\/categories?post=27485"},{"taxonomy":"post_tag","embeddable":true,"href":"https:\/\/www.welovecycling.com\/cs\/wp-json\/wp\/v2\/tags?post=27485"},{"taxonomy":"global-categories","embeddable":true,"href":"https:\/\/www.welovecycling.com\/cs\/wp-json\/wp\/v2\/global-categories?post=27485"}],"curies":[{"name":"wp","href":"https:\/\/api.w.org\/{rel}","templated":true}]}}