{"id":27464,"date":"2024-10-29T15:30:30","date_gmt":"2024-10-29T13:30:30","guid":{"rendered":"https:\/\/www.welovecycling.com\/cs\/?p=27464"},"modified":"2024-10-29T18:05:10","modified_gmt":"2024-10-29T16:05:10","slug":"tour-de-france-femmes-2025-prepisuje-rekordy-vice-etap-i-vyskovych-metru","status":"publish","type":"post","link":"https:\/\/www.welovecycling.com\/cs\/2024\/10\/29\/tour-de-france-femmes-2025-prepisuje-rekordy-vice-etap-i-vyskovych-metru\/","title":{"rendered":"Tour de France Femmes 2025 p\u0159episuje rekordy! V\u00edce etap i v\u00fd\u0161kov\u00fdch metr\u016f"},"content":{"rendered":"<p><strong>Ve znamen\u00ed rekord\u016f bude Tour de France Femmes 2025, kter\u00e1 odstartuje 26. \u010dervence ve Vannes. \u010ctvrt\u00fd ro\u010dn\u00edk z\u00e1vodu m\u00e1 v\u00edce etap i dosud nejv\u011bt\u0161\u00ed po\u010det v\u00fd\u0161kov\u00fdch metr\u016f. V\u00edt\u011bzka bude korunov\u00e1na 3. srpna.<\/strong><\/p>\n<p>Tour de France Femmes 2025 odstartuje v Bretani, vyvrchol\u00ed v Alp\u00e1ch. Dv\u011b etapy jsou ozna\u010deny jako rovinat\u00e9, t\u0159i jako kopcovit\u00e9. Dv\u011b d\u011bjstv\u00ed dostala ozna\u010den\u00ed medium mountain, dv\u011b high mountain.<\/p>\n<h2><strong>Tour de France Femmes 2025 tvo\u0159\u00ed dev\u011bt etap<\/strong><\/h2>\n<p>Poprv\u00e9 v historii bude m\u00edt Tour de France awec Zwift dev\u011bt etap. Dosavadn\u00edm maximem bylo osm d\u011bjstv\u00ed, p\u0159i\u010dem\u017e b\u011bhem lo\u0148sk\u00e9ho startu z Nizozemska se nav\u00edc v jedin\u00e9m dni jely dv\u011b etapy. Nic takov\u00e9ho letos v programu nenajdete. Je to poctiv\u00e1 porce kilometr\u016f, kter\u00e9 ur\u010d\u00ed novou \u0161ampionku. Celkov\u00e1 d\u00e9lka \u010dtvrt\u00e9ho ro\u010dn\u00edku je 1165 kilometr\u016f. Z\u00e1vodnice poko\u0159\u00ed v dev\u00edti dnech 17 240 v\u00fd\u0161kov\u00fdch metr\u016f, co\u017e je rovn\u011b\u017e nov\u00fd rekord z\u00e1vodu.<\/p>\n<p>Z\u00e1vod projede Franci\u00ed od z\u00e1padu na v\u00fdchod p\u0159es patn\u00e1ct pr\u016fsmyk\u016f. P\u0159esto\u017ee hory jsou v itiner\u00e1\u0159i a\u017e v z\u00e1v\u011bru Tour de France Femmes 2025, o\u010dek\u00e1v\u00e1 se prvn\u00ed hromadn\u00fd dojezd a\u017e b\u011bhem t\u0159et\u00edho d\u011bjstv\u00ed. Prvn\u00ed dv\u011b etapy z\u0159ejm\u011b rozhodnou z\u00e1vodnice po \u00faniku, proto\u017ee se bude fini\u0161ovat na kopc\u00edch v\u017edy po zvln\u011bn\u00e9m pr\u016fb\u011bhu etapy.<\/p>\n<figure id=\"attachment_27446\" aria-describedby=\"caption-attachment-27446\" style=\"width: 935px\" class=\"wp-caption alignnone\"><a href=\"https:\/\/d2p6e6u75xmxt8.cloudfront.net\/13\/2024\/10\/Tdf-zeny-8.-etapa.webp\"><img loading=\"lazy\" decoding=\"async\" class=\"size-full wp-image-27446\" src=\"https:\/\/d2p6e6u75xmxt8.cloudfront.net\/13\/2024\/10\/Tdf-zeny-8.-etapa.webp\" alt=\"\" width=\"935\" height=\"660\" srcset=\"https:\/\/d2p6e6u75xmxt8.cloudfront.net\/13\/2024\/10\/Tdf-zeny-8.-etapa.webp 935w, https:\/\/d2p6e6u75xmxt8.cloudfront.net\/13\/2024\/10\/Tdf-zeny-8.-etapa-300x212.webp 300w, https:\/\/d2p6e6u75xmxt8.cloudfront.net\/13\/2024\/10\/Tdf-zeny-8.-etapa-768x542.webp 768w, https:\/\/d2p6e6u75xmxt8.cloudfront.net\/13\/2024\/10\/Tdf-zeny-8.-etapa-400x282.webp 400w\" sizes=\"auto, (max-width: 935px) 100vw, 935px\" \/><\/a><figcaption id=\"caption-attachment-27446\" class=\"wp-caption-text\"><em>Pro Tour de France Femmes 2025 bude dost mo\u017en\u00e1 rozhoduj\u00edc\u00ed osm\u00e1 etapa. Foto: A. S. O.<\/em><\/figcaption><\/figure>\n<p>S p\u0159ib\u00fdvaj\u00edc\u00edmi dny bude \u010dtvrt\u00fd ro\u010dn\u00edk Grande Boucle pro \u017eeny gradovat. B\u011bhem sedm\u00e9ho d\u011bjstv\u00ed se pojede do Chamb\u00e9ry a cyklistky budou muset p\u0159ekonat kr\u00e1tce p\u0159ed c\u00edlem Col du Granier, co\u017e je stoup\u00e1n\u00ed dlouh\u00e9 8,5 kilometr\u016f s pr\u016fm\u011brn\u00fdm sklonem 5,4 procent!<\/p>\n<h2><strong>Rozhodnou Alpy?<\/strong><\/h2>\n<p>O den pozd\u011bji p\u0159ijde na \u0159adu kr\u00e1lovsk\u00e1 etapa z Chamb\u00e9ry na Col de la Madeleine, co\u017e je v\u00fdstup dlouh\u00fd 18,6 kilometr\u016f p\u0159i pr\u016fm\u011brn\u00e9m sklonu 8,1 procent. Ov\u0161em hned po startu je p\u0159edkrem v podob\u011b Col de Plainpalais, kde mus\u00ed \u00fa\u010dastnice poko\u0159it 13,2 kilometr\u016f p\u0159i sklonu 6,3 procent.<\/p>\n<div class=\"shortcode-ys-post-pinup\"><article class=\"loop-simple post-27442 post type-post status-publish format-standard has-post-thumbnail hentry category-tour-de-france tag-cyklistika tag-program-tour-de-france-2025 tag-silnicni-cyklistika tag-tadej-pogacar tag-tour-de-france tag-tour-de-france-2025 tag-trasa-tour-de-france-2025 global-categories-cycling\" data-postid=\"27442\" role=\"article\" data-post-id=\"27442\" data-word-count=\"424\" data-headline-length=\"82\" data-category=\"Tour de France\" data-global-category=\"Cycling\" data-author=\"We Love Cycling\" data-published=\"2024-10-29T17:32:36+02:00\" data-published-day=\"Tuesday\">\n    <div class=\"entry-thumbnail article-thumbnail\" content=\"https:\/\/d2p6e6u75xmxt8.cloudfront.net\/13\/2024\/10\/profimedia-0927782602-150x150.webp\"><a href=\"https:\/\/www.welovecycling.com\/cs\/2024\/10\/29\/tour-de-france-2025-uvod-bez-hor-navrat-legend-prevyseni-51-tisic-metru\/\" class=\"image-holder\" target=\"_self\"><img decoding=\"async\" loading=\"lazy\" class=\"\" src=\"https:\/\/d2p6e6u75xmxt8.cloudfront.net\/13\/2024\/10\/profimedia-0927782602-1024x683.webp\" srcset=\"https:\/\/d2p6e6u75xmxt8.cloudfront.net\/13\/2024\/10\/profimedia-0927782602.webp 1800w, https:\/\/d2p6e6u75xmxt8.cloudfront.net\/13\/2024\/10\/profimedia-0927782602-300x200.webp 300w, https:\/\/d2p6e6u75xmxt8.cloudfront.net\/13\/2024\/10\/profimedia-0927782602-1024x683.webp 1024w, https:\/\/d2p6e6u75xmxt8.cloudfront.net\/13\/2024\/10\/profimedia-0927782602-768x512.webp 768w, https:\/\/d2p6e6u75xmxt8.cloudfront.net\/13\/2024\/10\/profimedia-0927782602-1536x1024.webp 1536w, https:\/\/d2p6e6u75xmxt8.cloudfront.net\/13\/2024\/10\/profimedia-0927782602-400x267.webp 400w, https:\/\/d2p6e6u75xmxt8.cloudfront.net\/13\/2024\/10\/profimedia-0927782602-272x182.webp 272w\" width=\"1024\" height=\"683\" sizes=\"auto, (min-width: 1200px) 300px, (min-width: 768px) 25vw, 100vw\" alt=\"tour-de-france-2025-uvod-bez-hor-navrat-legend-prevyseni-51-tisic-metru\"\/><\/a><\/div>    <div class=\"entry-meta\">\n        <a class=\"label label-secondary post-category\" href=\"https:\/\/www.welovecycling.com\/cs\/category\/tour-de-france\/\" title=\"Tour de France\">Tour de France<\/a>\n    <\/div>\n    <div class=\"entry-details\">\n        <a href=\"https:\/\/www.welovecycling.com\/cs\/2024\/10\/29\/tour-de-france-2025-uvod-bez-hor-navrat-legend-prevyseni-51-tisic-metru\/\" class='entry-title-wrapper'>\n            <h3 class=\"entry-title\"><span>Tour de France 2025: \u00favod bez hor, n\u00e1vrat legend, p\u0159ev\u00fd\u0161en\u00ed 51 tis\u00edc metr\u016f<\/span><\/h3>\n        <\/a>\n    <\/div>\n    <\/article>\n<\/div>\n<p>Z\u00e1v\u011bre\u010dn\u00fd den pak zahrnuje t\u0159i vrcholy, p\u0159i\u010dem\u017e Col de Joux-Plane a Col du Corbier mohou klidn\u011b zvr\u00e1tit cel\u00fd z\u00e1vod. Ale pozor, dojezd nebude na kopci. N\u00e1sledovat bude je\u0161t\u011b sjezd, a pak dvacet kilometr\u016f pozvoln\u00e9ho stoup\u00e1n\u00ed, co\u017e otev\u00edr\u00e1 mnoho strategi\u00ed.<\/p>\n<p>Na prize money pro peloton \u010d\u00edtaj\u00edc\u00ed dvaadvacet t\u00fdm\u016f po sedmi z\u00e1vodnic\u00edch rozd\u011bl\u00ed organiz\u00e1to\u0159i 250 tis\u00edc eur, pro v\u00edt\u011bzku je p\u0159ipravena pr\u00e9mie 50 tis\u00edc eur. Nejdel\u0161\u00ed p\u00e1t\u00e1 etapa m\u011b\u0159\u00ed 166 kilometr\u016f, nejn\u00e1ro\u010dn\u011bj\u0161\u00ed bude osm\u00e1 etapa s p\u0159ev\u00fd\u0161en\u00edm 3490 v\u00fd\u0161kov\u00fdch metr\u016f.<\/p>\n<p>V\u00edt\u011bzkou posledn\u00edho ro\u010dn\u00edku z\u00e1vodu, jeho\u017e partnerem je \u0160koda Auta, se stala polsk\u00e1 z\u00e1vodnice <a href=\"https:\/\/www.welovecycling.com\/cs\/2024\/08\/19\/ctyri-sekundy-a-kralovna-druhych-mist-kasia-niewiadoma-je-sampionkou-tour-de-france\/\">Katarzyna Niewiadoma<\/a>. O \u010dty\u0159i sekundy porazila nizozemskou cyklistiku Demi Volleringovou, kter\u00e1 byla \u0161ampionkou v roce 2023. Ta b\u011bhem zimy p\u0159estoupila do francouzsk\u00e9ho t\u00fdmu FDJ Suez, tud\u00ed\u017e z\u00e1vod z\u00edsk\u00e1 mimo\u0159\u00e1dn\u00fd n\u00e1boj.<\/p>\n","protected":false},"excerpt":{"rendered":"<p>Ve znamen\u00ed rekord\u016f bude Tour de France Femmes 2025, kter\u00e1 odstartuje 26. \u010dervence ve Vannes. \u010ctvrt\u00fd ro\u010dn\u00edk z\u00e1vodu m\u00e1 v\u00edce [&hellip;]<\/p>\n","protected":false},"author":138,"featured_media":27447,"comment_status":"open","ping_status":"open","sticky":false,"template":"","format":"standard","meta":{"footnotes":""},"categories":[1711],"tags":[126,2933,9,3886,3885,3887,43],"global-categories":[411],"class_list":["post-27464","post","type-post","status-publish","format-standard","has-post-thumbnail","hentry","category-tour-de-france","tag-cyklistika","tag-demi-vollering","tag-silnicni-cyklistika","tag-tour-de-france-femmes-2025","tag-trasa-tour-de-france-2025","tag-trasa-tour-de-france-femmes-2025","tag-zeny","global-categories-cycling"],"yoast_head":"<!-- This site is optimized with the Yoast SEO Premium plugin v25.3 (Yoast SEO v25.9) - https:\/\/yoast.com\/wordpress\/plugins\/seo\/ -->\n<title>Tour de France Femmes 2025 p\u0159episuje rekordy! V\u00edce etap i v\u00fd\u0161kov\u00fdch metr\u016f | \u0160koda We Love Cycling - \u010cesk\u00e1 republika<\/title>\n<meta name=\"description\" content=\"Ve znamen\u00ed rekord\u016f bude Tour de France Femmes 2025, kter\u00e1 odstartuje 26. \u010dervence ve Vannes. \u010ctvrt\u00fd ro\u010dn\u00edk z\u00e1vodu m\u00e1 v\u00edce etap i dosud nejv\u011bt\u0161\u00ed po\u010det v\u00fd\u0161kov\u00fdch metr\u016f. V\u00edt\u011bzka bude korunov\u00e1na 3. srpna.\" \/>\n<meta name=\"robots\" content=\"index, follow, max-snippet:-1, max-image-preview:large, max-video-preview:-1\" \/>\n<link rel=\"canonical\" href=\"https:\/\/www.welovecycling.com\/cs\/2024\/10\/29\/tour-de-france-femmes-2025-prepisuje-rekordy-vice-etap-i-vyskovych-metru\/\" \/>\n<meta property=\"og:locale\" content=\"cs_CZ\" \/>\n<meta property=\"og:type\" content=\"article\" \/>\n<meta property=\"og:title\" content=\"Tour de France Femmes 2025 p\u0159episuje rekordy! V\u00edce etap i v\u00fd\u0161kov\u00fdch metr\u016f\" \/>\n<meta property=\"og:description\" content=\"Ve znamen\u00ed rekord\u016f bude Tour de France Femmes 2025, kter\u00e1 odstartuje 26. \u010dervence ve Vannes. \u010ctvrt\u00fd ro\u010dn\u00edk z\u00e1vodu m\u00e1 v\u00edce etap i dosud nejv\u011bt\u0161\u00ed po\u010det v\u00fd\u0161kov\u00fdch metr\u016f. V\u00edt\u011bzka bude korunov\u00e1na 3. srpna.\" \/>\n<meta property=\"og:url\" content=\"https:\/\/www.welovecycling.com\/cs\/2024\/10\/29\/tour-de-france-femmes-2025-prepisuje-rekordy-vice-etap-i-vyskovych-metru\/\" \/>\n<meta property=\"og:site_name\" content=\"\u0160koda We Love Cycling - \u010cesk\u00e1 republika\" \/>\n<meta property=\"article:published_time\" content=\"2024-10-29T13:30:30+00:00\" \/>\n<meta property=\"article:modified_time\" content=\"2024-10-29T16:05:10+00:00\" \/>\n<meta property=\"og:image\" content=\"https:\/\/d2p6e6u75xmxt8.cloudfront.net\/13\/2024\/10\/Tdf-zeny-2025.webp\" \/>\n\t<meta property=\"og:image:width\" content=\"1752\" \/>\n\t<meta property=\"og:image:height\" content=\"806\" \/>\n\t<meta property=\"og:image:type\" content=\"image\/webp\" \/>\n<meta name=\"author\" content=\"radekmalina\" \/>\n<meta name=\"twitter:card\" content=\"summary_large_image\" \/>\n<meta name=\"twitter:label1\" content=\"Written by\" \/>\n\t<meta name=\"twitter:data1\" content=\"We Love Cycling\" \/>\n\t<meta name=\"twitter:label2\" content=\"Est. reading time\" \/>\n\t<meta name=\"twitter:data2\" content=\"5\" \/>\n<script type=\"application\/ld+json\" class=\"yoast-schema-graph\">{\"@context\":\"https:\/\/schema.org\",\"@graph\":[{\"@type\":\"WebPage\",\"@id\":\"https:\/\/www.welovecycling.com\/cs\/2024\/10\/29\/tour-de-france-femmes-2025-prepisuje-rekordy-vice-etap-i-vyskovych-metru\/\",\"url\":\"https:\/\/www.welovecycling.com\/cs\/2024\/10\/29\/tour-de-france-femmes-2025-prepisuje-rekordy-vice-etap-i-vyskovych-metru\/\",\"name\":\"Tour de France Femmes 2025 p\u0159episuje rekordy! V\u00edce etap i v\u00fd\u0161kov\u00fdch metr\u016f | \u0160koda We Love Cycling - \u010cesk\u00e1 republika\",\"isPartOf\":{\"@id\":\"https:\/\/www.welovecycling.com\/cs\/#website\"},\"primaryImageOfPage\":{\"@id\":\"https:\/\/www.welovecycling.com\/cs\/2024\/10\/29\/tour-de-france-femmes-2025-prepisuje-rekordy-vice-etap-i-vyskovych-metru\/#primaryimage\"},\"image\":{\"@id\":\"https:\/\/www.welovecycling.com\/cs\/2024\/10\/29\/tour-de-france-femmes-2025-prepisuje-rekordy-vice-etap-i-vyskovych-metru\/#primaryimage\"},\"thumbnailUrl\":\"https:\/\/d2p6e6u75xmxt8.cloudfront.net\/13\/2024\/10\/Tdf-zeny-2025.webp\",\"datePublished\":\"2024-10-29T13:30:30+00:00\",\"dateModified\":\"2024-10-29T16:05:10+00:00\",\"author\":{\"@id\":\"https:\/\/www.welovecycling.com\/cs\/#\/schema\/person\/d9eeb0a378f3a7e4a6d12d2b536b04b8\"},\"description\":\"Ve znamen\u00ed rekord\u016f bude Tour de France Femmes 2025, kter\u00e1 odstartuje 26. \u010dervence ve Vannes. \u010ctvrt\u00fd ro\u010dn\u00edk z\u00e1vodu m\u00e1 v\u00edce etap i dosud nejv\u011bt\u0161\u00ed po\u010det v\u00fd\u0161kov\u00fdch metr\u016f. V\u00edt\u011bzka bude korunov\u00e1na 3. srpna.\",\"inLanguage\":\"cs\",\"potentialAction\":[{\"@type\":\"ReadAction\",\"target\":[\"https:\/\/www.welovecycling.com\/cs\/2024\/10\/29\/tour-de-france-femmes-2025-prepisuje-rekordy-vice-etap-i-vyskovych-metru\/\"]}]},{\"@type\":\"ImageObject\",\"inLanguage\":\"cs\",\"@id\":\"https:\/\/www.welovecycling.com\/cs\/2024\/10\/29\/tour-de-france-femmes-2025-prepisuje-rekordy-vice-etap-i-vyskovych-metru\/#primaryimage\",\"url\":\"https:\/\/d2p6e6u75xmxt8.cloudfront.net\/13\/2024\/10\/Tdf-zeny-2025.webp\",\"contentUrl\":\"https:\/\/d2p6e6u75xmxt8.cloudfront.net\/13\/2024\/10\/Tdf-zeny-2025.webp\",\"width\":1752,\"height\":806,\"caption\":\"Tour de France Femmes 2025\"},{\"@type\":\"WebSite\",\"@id\":\"https:\/\/www.welovecycling.com\/cs\/#website\",\"url\":\"https:\/\/www.welovecycling.com\/cs\/\",\"name\":\"\u0160koda We Love Cycling - \u010cesk\u00e1 republika\",\"description\":\"WeLoveCycling.cz je online magaz\u00edn, kter\u00fd v\u00e1m pravideln\u011b p\u0159in\u00e1\u0161\u00ed rady a tipy, zaj\u00edmav\u00e9 \u010dl\u00e1nky, videa a jedine\u010dn\u00e9 report\u00e1\u017ee ze sv\u011bta cyklistiky.\",\"potentialAction\":[{\"@type\":\"SearchAction\",\"target\":{\"@type\":\"EntryPoint\",\"urlTemplate\":\"https:\/\/www.welovecycling.com\/cs\/?s={search_term_string}\"},\"query-input\":{\"@type\":\"PropertyValueSpecification\",\"valueRequired\":true,\"valueName\":\"search_term_string\"}}],\"inLanguage\":\"cs\"},{\"@type\":\"Person\",\"@id\":\"https:\/\/www.welovecycling.com\/cs\/#\/schema\/person\/d9eeb0a378f3a7e4a6d12d2b536b04b8\",\"name\":\"radekmalina\",\"image\":{\"@type\":\"ImageObject\",\"inLanguage\":\"cs\",\"@id\":\"https:\/\/www.welovecycling.com\/cs\/#\/schema\/person\/image\/\",\"url\":\"https:\/\/secure.gravatar.com\/avatar\/66994b632cb8c39a46b9f54afa3ae07201b678d32a54275b6f1c9ffec356bfc0?s=96&d=mm&r=g\",\"contentUrl\":\"https:\/\/secure.gravatar.com\/avatar\/66994b632cb8c39a46b9f54afa3ae07201b678d32a54275b6f1c9ffec356bfc0?s=96&d=mm&r=g\",\"caption\":\"radekmalina\"},\"url\":\"https:\/\/www.welovecycling.com\/cs\/author\/radekmalina\/\"}]}<\/script>\n<!-- \/ Yoast SEO Premium plugin. -->","yoast_head_json":{"title":"Tour de France Femmes 2025 p\u0159episuje rekordy! V\u00edce etap i v\u00fd\u0161kov\u00fdch metr\u016f | \u0160koda We Love Cycling - \u010cesk\u00e1 republika","description":"Ve znamen\u00ed rekord\u016f bude Tour de France Femmes 2025, kter\u00e1 odstartuje 26. \u010dervence ve Vannes. \u010ctvrt\u00fd ro\u010dn\u00edk z\u00e1vodu m\u00e1 v\u00edce etap i dosud nejv\u011bt\u0161\u00ed po\u010det v\u00fd\u0161kov\u00fdch metr\u016f. V\u00edt\u011bzka bude korunov\u00e1na 3. srpna.","robots":{"index":"index","follow":"follow","max-snippet":"max-snippet:-1","max-image-preview":"max-image-preview:large","max-video-preview":"max-video-preview:-1"},"canonical":"https:\/\/www.welovecycling.com\/cs\/2024\/10\/29\/tour-de-france-femmes-2025-prepisuje-rekordy-vice-etap-i-vyskovych-metru\/","og_locale":"cs_CZ","og_type":"article","og_title":"Tour de France Femmes 2025 p\u0159episuje rekordy! V\u00edce etap i v\u00fd\u0161kov\u00fdch metr\u016f","og_description":"Ve znamen\u00ed rekord\u016f bude Tour de France Femmes 2025, kter\u00e1 odstartuje 26. \u010dervence ve Vannes. \u010ctvrt\u00fd ro\u010dn\u00edk z\u00e1vodu m\u00e1 v\u00edce etap i dosud nejv\u011bt\u0161\u00ed po\u010det v\u00fd\u0161kov\u00fdch metr\u016f. V\u00edt\u011bzka bude korunov\u00e1na 3. srpna.","og_url":"https:\/\/www.welovecycling.com\/cs\/2024\/10\/29\/tour-de-france-femmes-2025-prepisuje-rekordy-vice-etap-i-vyskovych-metru\/","og_site_name":"\u0160koda We Love Cycling - \u010cesk\u00e1 republika","article_published_time":"2024-10-29T13:30:30+00:00","article_modified_time":"2024-10-29T16:05:10+00:00","og_image":[{"width":1752,"height":806,"url":"https:\/\/d2p6e6u75xmxt8.cloudfront.net\/13\/2024\/10\/Tdf-zeny-2025.webp","type":"image\/webp"}],"author":"radekmalina","twitter_card":"summary_large_image","twitter_misc":{"Written by":"We Love Cycling","Est. reading time":"5"},"schema":{"@context":"https:\/\/schema.org","@graph":[{"@type":"WebPage","@id":"https:\/\/www.welovecycling.com\/cs\/2024\/10\/29\/tour-de-france-femmes-2025-prepisuje-rekordy-vice-etap-i-vyskovych-metru\/","url":"https:\/\/www.welovecycling.com\/cs\/2024\/10\/29\/tour-de-france-femmes-2025-prepisuje-rekordy-vice-etap-i-vyskovych-metru\/","name":"Tour de France Femmes 2025 p\u0159episuje rekordy! V\u00edce etap i v\u00fd\u0161kov\u00fdch metr\u016f | \u0160koda We Love Cycling - \u010cesk\u00e1 republika","isPartOf":{"@id":"https:\/\/www.welovecycling.com\/cs\/#website"},"primaryImageOfPage":{"@id":"https:\/\/www.welovecycling.com\/cs\/2024\/10\/29\/tour-de-france-femmes-2025-prepisuje-rekordy-vice-etap-i-vyskovych-metru\/#primaryimage"},"image":{"@id":"https:\/\/www.welovecycling.com\/cs\/2024\/10\/29\/tour-de-france-femmes-2025-prepisuje-rekordy-vice-etap-i-vyskovych-metru\/#primaryimage"},"thumbnailUrl":"https:\/\/d2p6e6u75xmxt8.cloudfront.net\/13\/2024\/10\/Tdf-zeny-2025.webp","datePublished":"2024-10-29T13:30:30+00:00","dateModified":"2024-10-29T16:05:10+00:00","author":{"@id":"https:\/\/www.welovecycling.com\/cs\/#\/schema\/person\/d9eeb0a378f3a7e4a6d12d2b536b04b8"},"description":"Ve znamen\u00ed rekord\u016f bude Tour de France Femmes 2025, kter\u00e1 odstartuje 26. \u010dervence ve Vannes. \u010ctvrt\u00fd ro\u010dn\u00edk z\u00e1vodu m\u00e1 v\u00edce etap i dosud nejv\u011bt\u0161\u00ed po\u010det v\u00fd\u0161kov\u00fdch metr\u016f. V\u00edt\u011bzka bude korunov\u00e1na 3. srpna.","inLanguage":"cs","potentialAction":[{"@type":"ReadAction","target":["https:\/\/www.welovecycling.com\/cs\/2024\/10\/29\/tour-de-france-femmes-2025-prepisuje-rekordy-vice-etap-i-vyskovych-metru\/"]}]},{"@type":"ImageObject","inLanguage":"cs","@id":"https:\/\/www.welovecycling.com\/cs\/2024\/10\/29\/tour-de-france-femmes-2025-prepisuje-rekordy-vice-etap-i-vyskovych-metru\/#primaryimage","url":"https:\/\/d2p6e6u75xmxt8.cloudfront.net\/13\/2024\/10\/Tdf-zeny-2025.webp","contentUrl":"https:\/\/d2p6e6u75xmxt8.cloudfront.net\/13\/2024\/10\/Tdf-zeny-2025.webp","width":1752,"height":806,"caption":"Tour de France Femmes 2025"},{"@type":"WebSite","@id":"https:\/\/www.welovecycling.com\/cs\/#website","url":"https:\/\/www.welovecycling.com\/cs\/","name":"\u0160koda We Love Cycling - \u010cesk\u00e1 republika","description":"WeLoveCycling.cz je online magaz\u00edn, kter\u00fd v\u00e1m pravideln\u011b p\u0159in\u00e1\u0161\u00ed rady a tipy, zaj\u00edmav\u00e9 \u010dl\u00e1nky, videa a jedine\u010dn\u00e9 report\u00e1\u017ee ze sv\u011bta cyklistiky.","potentialAction":[{"@type":"SearchAction","target":{"@type":"EntryPoint","urlTemplate":"https:\/\/www.welovecycling.com\/cs\/?s={search_term_string}"},"query-input":{"@type":"PropertyValueSpecification","valueRequired":true,"valueName":"search_term_string"}}],"inLanguage":"cs"},{"@type":"Person","@id":"https:\/\/www.welovecycling.com\/cs\/#\/schema\/person\/d9eeb0a378f3a7e4a6d12d2b536b04b8","name":"radekmalina","image":{"@type":"ImageObject","inLanguage":"cs","@id":"https:\/\/www.welovecycling.com\/cs\/#\/schema\/person\/image\/","url":"https:\/\/secure.gravatar.com\/avatar\/66994b632cb8c39a46b9f54afa3ae07201b678d32a54275b6f1c9ffec356bfc0?s=96&d=mm&r=g","contentUrl":"https:\/\/secure.gravatar.com\/avatar\/66994b632cb8c39a46b9f54afa3ae07201b678d32a54275b6f1c9ffec356bfc0?s=96&d=mm&r=g","caption":"radekmalina"},"url":"https:\/\/www.welovecycling.com\/cs\/author\/radekmalina\/"}]}},"_links":{"self":[{"href":"https:\/\/www.welovecycling.com\/cs\/wp-json\/wp\/v2\/posts\/27464","targetHints":{"allow":["GET"]}}],"collection":[{"href":"https:\/\/www.welovecycling.com\/cs\/wp-json\/wp\/v2\/posts"}],"about":[{"href":"https:\/\/www.welovecycling.com\/cs\/wp-json\/wp\/v2\/types\/post"}],"author":[{"embeddable":true,"href":"https:\/\/www.welovecycling.com\/cs\/wp-json\/wp\/v2\/users\/138"}],"replies":[{"embeddable":true,"href":"https:\/\/www.welovecycling.com\/cs\/wp-json\/wp\/v2\/comments?post=27464"}],"version-history":[{"count":2,"href":"https:\/\/www.welovecycling.com\/cs\/wp-json\/wp\/v2\/posts\/27464\/revisions"}],"predecessor-version":[{"id":27466,"href":"https:\/\/www.welovecycling.com\/cs\/wp-json\/wp\/v2\/posts\/27464\/revisions\/27466"}],"wp:featuredmedia":[{"embeddable":true,"href":"https:\/\/www.welovecycling.com\/cs\/wp-json\/wp\/v2\/media\/27447"}],"wp:attachment":[{"href":"https:\/\/www.welovecycling.com\/cs\/wp-json\/wp\/v2\/media?parent=27464"}],"wp:term":[{"taxonomy":"category","embeddable":true,"href":"https:\/\/www.welovecycling.com\/cs\/wp-json\/wp\/v2\/categories?post=27464"},{"taxonomy":"post_tag","embeddable":true,"href":"https:\/\/www.welovecycling.com\/cs\/wp-json\/wp\/v2\/tags?post=27464"},{"taxonomy":"global-categories","embeddable":true,"href":"https:\/\/www.welovecycling.com\/cs\/wp-json\/wp\/v2\/global-categories?post=27464"}],"curies":[{"name":"wp","href":"https:\/\/api.w.org\/{rel}","templated":true}]}}