{"id":27442,"date":"2024-10-29T17:32:36","date_gmt":"2024-10-29T15:32:36","guid":{"rendered":"https:\/\/www.welovecycling.com\/cs\/?p=27442"},"modified":"2024-10-29T17:32:36","modified_gmt":"2024-10-29T15:32:36","slug":"tour-de-france-2025-uvod-bez-hor-navrat-legend-prevyseni-51-tisic-metru","status":"publish","type":"post","link":"https:\/\/www.welovecycling.com\/cs\/2024\/10\/29\/tour-de-france-2025-uvod-bez-hor-navrat-legend-prevyseni-51-tisic-metru\/","title":{"rendered":"Tour de France 2025: \u00favod bez hor, n\u00e1vrat legend, p\u0159ev\u00fd\u0161en\u00ed 51 tis\u00edc metr\u016f"},"content":{"rendered":"<p><strong>Stoprocentn\u011b francouzsk\u00e1 bude Tour de France 2025, kter\u00e1 odstartuje 5. \u010dervence v Lille. Po t\u0159ech letech, kdy nejslavn\u011bj\u0161\u00ed etapov\u00fd z\u00e1vod planety startoval mimo \u00fazem\u00ed po\u0159adatelsk\u00e9 zem\u011b, za\u010dnou cyklist\u00e9 112. ro\u010dn\u00edk bitvy o legend\u00e1rn\u00ed \u017elut\u00fd trikot ve Francii. A po p\u011bti letech dokonce v\u0161echny kilometry trasy vedou v\u00fdhradn\u011b zem\u00ed galsk\u00e9ho kohouta. Jak\u00e1 trasa \u010dek\u00e1 na cest\u011b k obhajob\u011b v\u00edt\u011bzstv\u00ed Tadeje Poga\u010dara, slovinsk\u00e9ho d\u00e9mona v dresu UAE Emirates?<\/strong><\/p>\n<p>&#8222;\u00davod Tour de France 2025 je poctou pro Jacquese Anquetila, Louisona Bobeta a Bernarda Hinaulta, legendy cyklistiky poch\u00e1zej\u00edc\u00ed z Normandie, respektive Bretan\u011b. V dal\u0161\u00edm pr\u016fb\u011bhu nezapomeneme ani na Laurenta Pignona, kter\u00fd dvakr\u00e1t vyhr\u00e1l v La Plagne, nebo Bernarda Th\u00e9veneta, jen\u017e p\u0159ed pades\u00e1ti lety poprv\u00e9 porazil Merckxe,&#8220; zd\u016fraznil Christian Prudhomme, \u0159editel Tour de France, \u017ee trasa nadch\u00e1zej\u00edc\u00edho ro\u010dn\u00edku je poctou legend\u00e1m francouzsk\u00e9 cyklistiky.<\/p>\n<h2><strong>Tour de France 2025: deset etap bez pauzy<\/strong><\/h2>\n<p>\u00davodn\u00ed z\u00e1vodn\u00ed blok \u010d\u00edt\u00e1 nezvykle deset dn\u016f bez voln\u00e9ho dne. Toho se cyklist\u00e9 do\u010dkaj\u00ed netradi\u010dn\u011b a\u017e v \u00fater\u00fd po deseti etap\u00e1ch v nohou. Pro\u010d? Proto\u017ee na pon\u011bl\u00ed 14. \u010dervence vych\u00e1z\u00ed francouzsk\u00fd st\u00e1tn\u00ed sv\u00e1tek Den Bastily, kdy prost\u011b organiz\u00e1to\u0159i nemohli nechat z\u00e1vodn\u00edky odpo\u010d\u00edvat. V\u017edy\u0165 u silnic se na tento v\u00fdznamn\u00fd historick\u00fd den sejdou pravideln\u011b miliony p\u0159\u00edznivc\u016f nejv\u011bt\u0161\u00edho cyklistick\u00e9ho z\u00e1vodu sv\u011bta.<\/p>\n<p>T\u011bchto deset d\u011bjstv\u00ed ve srovn\u00e1n\u00ed s ned\u00e1vn\u00fdmi ro\u010dn\u00edky ani jednou nezav\u00edt\u00e1 do hor. Fakt, \u017ee v itiner\u00e1\u0159i chyb\u00ed v\u00fdrazn\u00e1 vrcha\u0159sk\u00e1 prov\u011brka v\u0161ak podle \u0159editele z\u00e1vodu v\u016fbec nen\u00ed na \u0161kodu a rozhodn\u011b ned\u011bl\u00e1 Grande Boucle 2025 snadn\u00fdm.<\/p>\n<figure id=\"attachment_27445\" aria-describedby=\"caption-attachment-27445\" style=\"width: 760px\" class=\"wp-caption alignnone\"><a href=\"https:\/\/d2p6e6u75xmxt8.cloudfront.net\/13\/2024\/10\/tdf-muzi-2025-program.webp\"><img loading=\"lazy\" decoding=\"async\" class=\"size-full wp-image-27445\" src=\"https:\/\/d2p6e6u75xmxt8.cloudfront.net\/13\/2024\/10\/tdf-muzi-2025-program.webp\" alt=\"\" width=\"760\" height=\"817\" srcset=\"https:\/\/d2p6e6u75xmxt8.cloudfront.net\/13\/2024\/10\/tdf-muzi-2025-program.webp 760w, https:\/\/d2p6e6u75xmxt8.cloudfront.net\/13\/2024\/10\/tdf-muzi-2025-program-279x300.webp 279w, https:\/\/d2p6e6u75xmxt8.cloudfront.net\/13\/2024\/10\/tdf-muzi-2025-program-372x400.webp 372w\" sizes=\"auto, (max-width: 760px) 100vw, 760px\" \/><\/a><figcaption id=\"caption-attachment-27445\" class=\"wp-caption-text\"><em>Program Tour de France 2025, kter\u00e1 odstartuje 5. \u010dervence v Lille. Foto: A.S.O.<\/em><\/figcaption><\/figure>\n<p>&#8222;U\u017e patn\u00e1ct let db\u00e1me, aby \u00favodn\u00ed t\u00fdden netvo\u0159ily pouze rovinat\u00e9 etapy. Kdy\u017e jsme se rozhodli pro start v Bretani, prost\u011b jsme museli hory o\u017eelet. Ale na druhou stranu jsme za\u0159adili prakticky ka\u017ed\u00e9 stoup\u00e1n\u00ed, kter\u00e9 se nab\u00edzelo. \u017d\u00e1dn\u00fd, by\u0165 mal\u00fd kopec, n\u00e1m neuniknul,&#8220; usm\u00edval se Christian Prudhomme, jak \u010f\u00e1belskou lest na peloton nachystal. &#8222;Z \u00favodn\u00edch deseti dn\u016f jsou \u010dty\u0159i pro sprintery. Ale v\u00e1\u017en\u011b existuje jistota, \u017ee uvid\u00edme hromadn\u00fd dojezd?&#8220;<\/p>\n<h2><strong>V itiner\u00e1\u0159i je 26 vrchol\u016f prvn\u00ed nebo mimo\u0159\u00e1dn\u00e9 kategorie<\/strong><\/h2>\n<p>V itiner\u00e1\u0159i je celkem sedm etap s ozna\u010den\u00edm rovinat\u00e9, \u0161est kopcovit\u00fdch, \u0161est etap je horsk\u00fdch a pojedou se dv\u011b \u010dasovky, p\u0159i\u010dem\u017e ta druh\u00e1 napl\u00e1novan\u00e1 na t\u0159in\u00e1ct\u00fd z\u00e1vodn\u00ed den m\u00e1 sice jen 11 kilometr\u016f, ov\u0161em horsk\u00fd dojezd v Peyragudes a p\u0159ev\u00fd\u0161en\u00ed 650 metr\u016f.<\/p>\n<div class=\"shortcode-ys-post-pinup\"><article class=\"loop-simple post-27402 post type-post status-publish format-standard has-post-thumbnail hentry category-silnicni-cyklistika tag-cyklistika tag-eddy-merckx tag-jonas-vingegaard tag-motivace tag-rekordy tag-silnicni-cyklistika tag-tadej-pogacar tag-tour-de-france global-categories-cycling\" data-postid=\"27402\" role=\"article\" data-post-id=\"27402\" data-word-count=\"381\" data-headline-length=\"84\" data-category=\"Silni\u010dn\u00ed cyklistika\" data-global-category=\"Cycling\" data-author=\"We Love Cycling\" data-published=\"2024-10-22T04:20:20+02:00\" data-published-day=\"Tuesday\">\n    <div class=\"entry-thumbnail article-thumbnail\" content=\"https:\/\/d2p6e6u75xmxt8.cloudfront.net\/13\/2024\/07\/profimedia-0890928696-150x150.webp\"><a href=\"https:\/\/www.welovecycling.com\/cs\/2024\/10\/22\/vingegaard-sam-si-za-to-muze-rika-tadej-pogacar-o-nove-urovni-vykonnosti\/\" class=\"image-holder\" target=\"_self\"><img decoding=\"async\" loading=\"lazy\" class=\"\" src=\"https:\/\/d2p6e6u75xmxt8.cloudfront.net\/13\/2024\/07\/profimedia-0890928696-1024x683.webp\" srcset=\"https:\/\/d2p6e6u75xmxt8.cloudfront.net\/13\/2024\/07\/profimedia-0890928696.webp 1800w, https:\/\/d2p6e6u75xmxt8.cloudfront.net\/13\/2024\/07\/profimedia-0890928696-300x200.webp 300w, https:\/\/d2p6e6u75xmxt8.cloudfront.net\/13\/2024\/07\/profimedia-0890928696-1024x683.webp 1024w, https:\/\/d2p6e6u75xmxt8.cloudfront.net\/13\/2024\/07\/profimedia-0890928696-768x512.webp 768w, https:\/\/d2p6e6u75xmxt8.cloudfront.net\/13\/2024\/07\/profimedia-0890928696-1536x1024.webp 1536w, https:\/\/d2p6e6u75xmxt8.cloudfront.net\/13\/2024\/07\/profimedia-0890928696-400x267.webp 400w, https:\/\/d2p6e6u75xmxt8.cloudfront.net\/13\/2024\/07\/profimedia-0890928696-272x182.webp 272w\" width=\"1024\" height=\"683\" sizes=\"auto, (min-width: 1200px) 300px, (min-width: 768px) 25vw, 100vw\" alt=\"vingegaard-sam-si-za-to-muze-rika-tadej-pogacar-o-nove-urovni-vykonnosti\"\/><\/a><\/div>    <div class=\"entry-meta\">\n        <a class=\"label label-secondary post-category\" href=\"https:\/\/www.welovecycling.com\/cs\/category\/silnicni-cyklistika\/\" title=\"Silni\u010dn\u00ed cyklistika\">Silni\u010dn\u00ed cyklistika<\/a>\n    <\/div>\n    <div class=\"entry-details\">\n        <a href=\"https:\/\/www.welovecycling.com\/cs\/2024\/10\/22\/vingegaard-sam-si-za-to-muze-rika-tadej-pogacar-o-nove-urovni-vykonnosti\/\" class='entry-title-wrapper'>\n            <h3 class=\"entry-title\"><span>Vingegaard? S\u00e1m si za to m\u016f\u017ee, \u0159\u00edk\u00e1 Tadej Poga\u010dar o nov\u00e9 \u00farovni v\u00fdkonnosti<\/span><\/h3>\n        <\/a>\n    <\/div>\n    <\/article>\n<\/div>\n<p>Cyklist\u00e9 poko\u0159\u00ed \u0161estadvacet vrchol\u016f prvn\u00ed nebo mimo\u0159\u00e1dn\u00e9 kategorie. P\u016fjde o dokonalou oslavu pades\u00e1t\u00e9ho jubilea punt\u00edkat\u00e9ho dresu pro nejlep\u0161\u00edho vrcha\u0159e.<\/p>\n<figure id=\"attachment_27444\" aria-describedby=\"caption-attachment-27444\" style=\"width: 827px\" class=\"wp-caption alignnone\"><a href=\"https:\/\/d2p6e6u75xmxt8.cloudfront.net\/13\/2024\/10\/TDF-muzi-2025-etapa-19.webp\"><img loading=\"lazy\" decoding=\"async\" class=\"size-full wp-image-27444\" src=\"https:\/\/d2p6e6u75xmxt8.cloudfront.net\/13\/2024\/10\/TDF-muzi-2025-etapa-19.webp\" alt=\"\" width=\"827\" height=\"637\" srcset=\"https:\/\/d2p6e6u75xmxt8.cloudfront.net\/13\/2024\/10\/TDF-muzi-2025-etapa-19.webp 827w, https:\/\/d2p6e6u75xmxt8.cloudfront.net\/13\/2024\/10\/TDF-muzi-2025-etapa-19-300x231.webp 300w, https:\/\/d2p6e6u75xmxt8.cloudfront.net\/13\/2024\/10\/TDF-muzi-2025-etapa-19-768x592.webp 768w, https:\/\/d2p6e6u75xmxt8.cloudfront.net\/13\/2024\/10\/TDF-muzi-2025-etapa-19-400x308.webp 400w\" sizes=\"auto, (max-width: 827px) 100vw, 827px\" \/><\/a><figcaption id=\"caption-attachment-27444\" class=\"wp-caption-text\"><em>Posledn\u00ed horsk\u00e1 etapa Tour de France 2025 je v po\u0159ad\u00ed devaten\u00e1ct\u00fdm z\u00e1vodn\u00edm dnem. Foto: A.S.O.<\/em><\/figcaption><\/figure>\n<p>Po dvan\u00e1cti letech bude dojezd jednoho z d\u011bjstv\u00ed Tour de France na legend\u00e1rn\u00edm vrcholu <a href=\"https:\/\/www.welovecycling.com\/cs\/2021\/07\/07\/tour-de-france-v-oblacich-mont-ventoux\/\">Mont Ventoux<\/a>. B\u011bhem ro\u010dn\u00edku 2021 se p\u0159es vrchol &#8222;pouze&#8220; dvakr\u00e1t proj\u00ed\u017ed\u011blo, v sezon\u011b 2016 byl kv\u016fli siln\u00e9mu v\u011btru fini\u0161 zkr\u00e1cen. &#8222;N\u011bkter\u00e1 m\u00edsta jsou prost\u00fd m\u00fdtick\u00e1,&#8220; komentuje Christian Prudhomme n\u00e1vrat provens\u00e1lsk\u00e9ho obra. Stejn\u011b tak se po dlouh\u00e9 dob\u011b do\u010dk\u00e1 fini\u0161e La Plagne. Toto horsk\u00e9 st\u0159edisko bylo naposledy jako c\u00edl etapy v roce 2002.<\/p>\n<div class=\"shortcode-ys-post-pinup\"><article class=\"loop-simple post-27431 post type-post status-publish format-standard has-post-thumbnail hentry category-https-www-welovecycling-com-cs-category-zabava tag-cyklistika tag-daniel-turek tag-ecyklistika tag-jason-osborne tag-mistrovstvi-sveta tag-peter-sagan tag-tadej-pogacar tag-virtualni-cyklistika global-categories-cycling\" data-postid=\"27431\" role=\"article\" data-post-id=\"27431\" data-word-count=\"516\" data-headline-length=\"69\" data-category=\"Z\u00c1BAVA\" data-global-category=\"Cycling\" data-author=\"We Love Cycling\" data-published=\"2024-10-27T11:32:42+02:00\" data-published-day=\"Sunday\">\n    <div class=\"entry-thumbnail article-thumbnail\" content=\"https:\/\/d2p6e6u75xmxt8.cloudfront.net\/13\/2024\/10\/IMG-20241027-WA0011-150x150.webp\"><a href=\"https:\/\/www.welovecycling.com\/cs\/2024\/10\/27\/i-pogacar-se-saganem-aplaudovali-show-kterou-predvedl-daniel-turek\/\" class=\"image-holder\" target=\"_self\"><img decoding=\"async\" loading=\"lazy\" class=\"\" src=\"https:\/\/d2p6e6u75xmxt8.cloudfront.net\/13\/2024\/10\/IMG-20241027-WA0011-1024x705.webp\" srcset=\"https:\/\/d2p6e6u75xmxt8.cloudfront.net\/13\/2024\/10\/IMG-20241027-WA0011.webp 1600w, https:\/\/d2p6e6u75xmxt8.cloudfront.net\/13\/2024\/10\/IMG-20241027-WA0011-300x207.webp 300w, https:\/\/d2p6e6u75xmxt8.cloudfront.net\/13\/2024\/10\/IMG-20241027-WA0011-1024x705.webp 1024w, https:\/\/d2p6e6u75xmxt8.cloudfront.net\/13\/2024\/10\/IMG-20241027-WA0011-768x529.webp 768w, https:\/\/d2p6e6u75xmxt8.cloudfront.net\/13\/2024\/10\/IMG-20241027-WA0011-1536x1058.webp 1536w, https:\/\/d2p6e6u75xmxt8.cloudfront.net\/13\/2024\/10\/IMG-20241027-WA0011-400x276.webp 400w\" width=\"1024\" height=\"705\" sizes=\"auto, (min-width: 1200px) 300px, (min-width: 768px) 25vw, 100vw\" alt=\"i-pogacar-se-saganem-aplaudovali-show-kterou-predvedl-daniel-turek\"\/><\/a><\/div>    <div class=\"entry-meta\">\n        <a class=\"label label-secondary post-category\" href=\"https:\/\/www.welovecycling.com\/cs\/category\/https-www-welovecycling-com-cs-category-zabava\/\" title=\"Z\u00c1BAVA\">Z\u00c1BAVA<\/a>\n    <\/div>\n    <div class=\"entry-details\">\n        <a href=\"https:\/\/www.welovecycling.com\/cs\/2024\/10\/27\/i-pogacar-se-saganem-aplaudovali-show-kterou-predvedl-daniel-turek\/\" class='entry-title-wrapper'>\n            <h3 class=\"entry-title\"><span>I Poga\u010dar se Saganem aplaudovali show, kterou p\u0159edvedl Daniel Turek<\/span><\/h3>\n        <\/a>\n    <\/div>\n    <\/article>\n<\/div>\n<p>&#8222;Mysl\u00edm, \u017ee ani Ventoux ani horsk\u00e1 \u010dasovka s dojezdem v Peyragudes z\u00e1vod nerozhodnou. Kl\u00ed\u010dov\u00e9 budou etapy v Alp\u00e1ch s dojezdem v Chourchevelu a La Plagne,&#8220; p\u0159em\u00edt\u00e1 nad osudem Tour de France 2025 \u0159editel Christian Prudhomme.<\/p>\n<p>Cyklist\u00e9 poko\u0159\u00ed celkem 3320 kilometr\u016f a p\u0159ev\u00fd\u0161en\u00ed 51 550 metr\u016f. Projedou Cenr\u00e1ln\u00ed masiv, Pyreneje, Alpy a poho\u0159\u00ed Jura. Nejvy\u0161\u0161\u00edm bodem cel\u00e9ho z\u00e1vodu bude Col de la Loze (2304 metr\u016f nad mo\u0159em). V\u00edt\u011bz 112. ro\u010dn\u00edku Tour de France 2025 bude po ro\u010dn\u00ed pauze korunov\u00e1n v Pa\u0159\u00ed\u017ei na Elysejsk\u00fdch pol\u00edch 27. \u010dervence. Z\u00edsk\u00e1 bonus p\u011bt set tis\u00edc eur, celkov\u00e1 dotace z\u00e1vodu je 2 300 000 eur.<\/p>\n","protected":false},"excerpt":{"rendered":"<p>Stoprocentn\u011b francouzsk\u00e1 bude Tour de France 2025, kter\u00e1 odstartuje 5. \u010dervence v Lille. Po t\u0159ech letech, kdy nejslavn\u011bj\u0161\u00ed etapov\u00fd z\u00e1vod [&hellip;]<\/p>\n","protected":false},"author":138,"featured_media":27455,"comment_status":"open","ping_status":"open","sticky":false,"template":"","format":"standard","meta":{"footnotes":""},"categories":[1711],"tags":[126,3884,9,502,23,3843,3885],"global-categories":[411],"class_list":["post-27442","post","type-post","status-publish","format-standard","has-post-thumbnail","hentry","category-tour-de-france","tag-cyklistika","tag-program-tour-de-france-2025","tag-silnicni-cyklistika","tag-tadej-pogacar","tag-tour-de-france","tag-tour-de-france-2025","tag-trasa-tour-de-france-2025","global-categories-cycling"],"yoast_head":"<!-- This site is optimized with the Yoast SEO Premium plugin v25.3 (Yoast SEO v25.9) - https:\/\/yoast.com\/wordpress\/plugins\/seo\/ -->\n<title>Tour de France 2025: \u00favod bez hor, n\u00e1vrat legend, p\u0159ev\u00fd\u0161en\u00ed 51 tis\u00edc metr\u016f | \u0160koda We Love Cycling - \u010cesk\u00e1 republika<\/title>\n<meta name=\"description\" content=\"Stoprocentn\u011b francouzsk\u00e1 bude Tour de France 2025, kter\u00e1 odstartuje 5. \u010dervence v Lille. Po t\u0159ech letech, kdy nejslavn\u011bj\u0161\u00ed etapov\u00fd z\u00e1vod planety startoval mimo \u00fazem\u00ed po\u0159adatelsk\u00e9 zem\u011b, za\u010dnou cyklist\u00e9 112. ro\u010dn\u00edk bitvy o legend\u00e1rn\u00ed \u017elut\u00fd trikot ve Francii. A po p\u011bti letech dokonce v\u0161echny kilometry trasy vedou v\u00fdhradn\u011b zem\u00ed galsk\u00e9ho kohouta. Jak\u00e1 trasa \u010dek\u00e1 na cest\u011b k obhajob\u011b v\u00edt\u011bzstv\u00ed Tadeje Poga\u010dara, slovinsk\u00e9ho d\u00e9mona v dresu UAE Emirates?\" \/>\n<meta name=\"robots\" content=\"index, follow, max-snippet:-1, max-image-preview:large, max-video-preview:-1\" \/>\n<link rel=\"canonical\" href=\"https:\/\/www.welovecycling.com\/cs\/2024\/10\/29\/tour-de-france-2025-uvod-bez-hor-navrat-legend-prevyseni-51-tisic-metru\/\" \/>\n<meta property=\"og:locale\" content=\"cs_CZ\" \/>\n<meta property=\"og:type\" content=\"article\" \/>\n<meta property=\"og:title\" content=\"Tour de France 2025: \u00favod bez hor, n\u00e1vrat legend, p\u0159ev\u00fd\u0161en\u00ed 51 tis\u00edc metr\u016f\" \/>\n<meta property=\"og:description\" content=\"Stoprocentn\u011b francouzsk\u00e1 bude Tour de France 2025, kter\u00e1 odstartuje 5. \u010dervence v Lille. Po t\u0159ech letech, kdy nejslavn\u011bj\u0161\u00ed etapov\u00fd z\u00e1vod planety startoval mimo \u00fazem\u00ed po\u0159adatelsk\u00e9 zem\u011b, za\u010dnou cyklist\u00e9 112. ro\u010dn\u00edk bitvy o legend\u00e1rn\u00ed \u017elut\u00fd trikot ve Francii. A po p\u011bti letech dokonce v\u0161echny kilometry trasy vedou v\u00fdhradn\u011b zem\u00ed galsk\u00e9ho kohouta. Jak\u00e1 trasa \u010dek\u00e1 na cest\u011b k obhajob\u011b v\u00edt\u011bzstv\u00ed Tadeje Poga\u010dara, slovinsk\u00e9ho d\u00e9mona v dresu UAE Emirates?\" \/>\n<meta property=\"og:url\" content=\"https:\/\/www.welovecycling.com\/cs\/2024\/10\/29\/tour-de-france-2025-uvod-bez-hor-navrat-legend-prevyseni-51-tisic-metru\/\" \/>\n<meta property=\"og:site_name\" content=\"\u0160koda We Love Cycling - \u010cesk\u00e1 republika\" \/>\n<meta property=\"article:published_time\" content=\"2024-10-29T15:32:36+00:00\" \/>\n<meta property=\"og:image\" content=\"https:\/\/d2p6e6u75xmxt8.cloudfront.net\/13\/2024\/10\/profimedia-0927782602.webp\" \/>\n\t<meta property=\"og:image:width\" content=\"1800\" \/>\n\t<meta property=\"og:image:height\" content=\"1200\" \/>\n\t<meta property=\"og:image:type\" content=\"image\/webp\" \/>\n<meta name=\"author\" content=\"radekmalina\" \/>\n<meta name=\"twitter:card\" content=\"summary_large_image\" \/>\n<meta name=\"twitter:label1\" content=\"Written by\" \/>\n\t<meta name=\"twitter:data1\" content=\"We Love Cycling\" \/>\n\t<meta name=\"twitter:label2\" content=\"Est. reading time\" \/>\n\t<meta name=\"twitter:data2\" content=\"5\" \/>\n<script type=\"application\/ld+json\" class=\"yoast-schema-graph\">{\"@context\":\"https:\/\/schema.org\",\"@graph\":[{\"@type\":\"WebPage\",\"@id\":\"https:\/\/www.welovecycling.com\/cs\/2024\/10\/29\/tour-de-france-2025-uvod-bez-hor-navrat-legend-prevyseni-51-tisic-metru\/\",\"url\":\"https:\/\/www.welovecycling.com\/cs\/2024\/10\/29\/tour-de-france-2025-uvod-bez-hor-navrat-legend-prevyseni-51-tisic-metru\/\",\"name\":\"Tour de France 2025: \u00favod bez hor, n\u00e1vrat legend, p\u0159ev\u00fd\u0161en\u00ed 51 tis\u00edc metr\u016f | \u0160koda We Love Cycling - \u010cesk\u00e1 republika\",\"isPartOf\":{\"@id\":\"https:\/\/www.welovecycling.com\/cs\/#website\"},\"primaryImageOfPage\":{\"@id\":\"https:\/\/www.welovecycling.com\/cs\/2024\/10\/29\/tour-de-france-2025-uvod-bez-hor-navrat-legend-prevyseni-51-tisic-metru\/#primaryimage\"},\"image\":{\"@id\":\"https:\/\/www.welovecycling.com\/cs\/2024\/10\/29\/tour-de-france-2025-uvod-bez-hor-navrat-legend-prevyseni-51-tisic-metru\/#primaryimage\"},\"thumbnailUrl\":\"https:\/\/d2p6e6u75xmxt8.cloudfront.net\/13\/2024\/10\/profimedia-0927782602.webp\",\"datePublished\":\"2024-10-29T15:32:36+00:00\",\"author\":{\"@id\":\"https:\/\/www.welovecycling.com\/cs\/#\/schema\/person\/d9eeb0a378f3a7e4a6d12d2b536b04b8\"},\"description\":\"Stoprocentn\u011b francouzsk\u00e1 bude Tour de France 2025, kter\u00e1 odstartuje 5. \u010dervence v Lille. Po t\u0159ech letech, kdy nejslavn\u011bj\u0161\u00ed etapov\u00fd z\u00e1vod planety startoval mimo \u00fazem\u00ed po\u0159adatelsk\u00e9 zem\u011b, za\u010dnou cyklist\u00e9 112. ro\u010dn\u00edk bitvy o legend\u00e1rn\u00ed \u017elut\u00fd trikot ve Francii. A po p\u011bti letech dokonce v\u0161echny kilometry trasy vedou v\u00fdhradn\u011b zem\u00ed galsk\u00e9ho kohouta. Jak\u00e1 trasa \u010dek\u00e1 na cest\u011b k obhajob\u011b v\u00edt\u011bzstv\u00ed Tadeje Poga\u010dara, slovinsk\u00e9ho d\u00e9mona v dresu UAE Emirates?\",\"inLanguage\":\"cs\",\"potentialAction\":[{\"@type\":\"ReadAction\",\"target\":[\"https:\/\/www.welovecycling.com\/cs\/2024\/10\/29\/tour-de-france-2025-uvod-bez-hor-navrat-legend-prevyseni-51-tisic-metru\/\"]}]},{\"@type\":\"ImageObject\",\"inLanguage\":\"cs\",\"@id\":\"https:\/\/www.welovecycling.com\/cs\/2024\/10\/29\/tour-de-france-2025-uvod-bez-hor-navrat-legend-prevyseni-51-tisic-metru\/#primaryimage\",\"url\":\"https:\/\/d2p6e6u75xmxt8.cloudfront.net\/13\/2024\/10\/profimedia-0927782602.webp\",\"contentUrl\":\"https:\/\/d2p6e6u75xmxt8.cloudfront.net\/13\/2024\/10\/profimedia-0927782602.webp\",\"width\":1800,\"height\":1200,\"caption\":\"Kalend\u00e1\u0159 2025: Tour de France 2025\"},{\"@type\":\"WebSite\",\"@id\":\"https:\/\/www.welovecycling.com\/cs\/#website\",\"url\":\"https:\/\/www.welovecycling.com\/cs\/\",\"name\":\"\u0160koda We Love Cycling - \u010cesk\u00e1 republika\",\"description\":\"WeLoveCycling.cz je online magaz\u00edn, kter\u00fd v\u00e1m pravideln\u011b p\u0159in\u00e1\u0161\u00ed rady a tipy, zaj\u00edmav\u00e9 \u010dl\u00e1nky, videa a jedine\u010dn\u00e9 report\u00e1\u017ee ze sv\u011bta cyklistiky.\",\"potentialAction\":[{\"@type\":\"SearchAction\",\"target\":{\"@type\":\"EntryPoint\",\"urlTemplate\":\"https:\/\/www.welovecycling.com\/cs\/?s={search_term_string}\"},\"query-input\":{\"@type\":\"PropertyValueSpecification\",\"valueRequired\":true,\"valueName\":\"search_term_string\"}}],\"inLanguage\":\"cs\"},{\"@type\":\"Person\",\"@id\":\"https:\/\/www.welovecycling.com\/cs\/#\/schema\/person\/d9eeb0a378f3a7e4a6d12d2b536b04b8\",\"name\":\"radekmalina\",\"image\":{\"@type\":\"ImageObject\",\"inLanguage\":\"cs\",\"@id\":\"https:\/\/www.welovecycling.com\/cs\/#\/schema\/person\/image\/\",\"url\":\"https:\/\/secure.gravatar.com\/avatar\/66994b632cb8c39a46b9f54afa3ae07201b678d32a54275b6f1c9ffec356bfc0?s=96&d=mm&r=g\",\"contentUrl\":\"https:\/\/secure.gravatar.com\/avatar\/66994b632cb8c39a46b9f54afa3ae07201b678d32a54275b6f1c9ffec356bfc0?s=96&d=mm&r=g\",\"caption\":\"radekmalina\"},\"url\":\"https:\/\/www.welovecycling.com\/cs\/author\/radekmalina\/\"}]}<\/script>\n<!-- \/ Yoast SEO Premium plugin. -->","yoast_head_json":{"title":"Tour de France 2025: \u00favod bez hor, n\u00e1vrat legend, p\u0159ev\u00fd\u0161en\u00ed 51 tis\u00edc metr\u016f | \u0160koda We Love Cycling - \u010cesk\u00e1 republika","description":"Stoprocentn\u011b francouzsk\u00e1 bude Tour de France 2025, kter\u00e1 odstartuje 5. \u010dervence v Lille. Po t\u0159ech letech, kdy nejslavn\u011bj\u0161\u00ed etapov\u00fd z\u00e1vod planety startoval mimo \u00fazem\u00ed po\u0159adatelsk\u00e9 zem\u011b, za\u010dnou cyklist\u00e9 112. ro\u010dn\u00edk bitvy o legend\u00e1rn\u00ed \u017elut\u00fd trikot ve Francii. A po p\u011bti letech dokonce v\u0161echny kilometry trasy vedou v\u00fdhradn\u011b zem\u00ed galsk\u00e9ho kohouta. Jak\u00e1 trasa \u010dek\u00e1 na cest\u011b k obhajob\u011b v\u00edt\u011bzstv\u00ed Tadeje Poga\u010dara, slovinsk\u00e9ho d\u00e9mona v dresu UAE Emirates?","robots":{"index":"index","follow":"follow","max-snippet":"max-snippet:-1","max-image-preview":"max-image-preview:large","max-video-preview":"max-video-preview:-1"},"canonical":"https:\/\/www.welovecycling.com\/cs\/2024\/10\/29\/tour-de-france-2025-uvod-bez-hor-navrat-legend-prevyseni-51-tisic-metru\/","og_locale":"cs_CZ","og_type":"article","og_title":"Tour de France 2025: \u00favod bez hor, n\u00e1vrat legend, p\u0159ev\u00fd\u0161en\u00ed 51 tis\u00edc metr\u016f","og_description":"Stoprocentn\u011b francouzsk\u00e1 bude Tour de France 2025, kter\u00e1 odstartuje 5. \u010dervence v Lille. Po t\u0159ech letech, kdy nejslavn\u011bj\u0161\u00ed etapov\u00fd z\u00e1vod planety startoval mimo \u00fazem\u00ed po\u0159adatelsk\u00e9 zem\u011b, za\u010dnou cyklist\u00e9 112. ro\u010dn\u00edk bitvy o legend\u00e1rn\u00ed \u017elut\u00fd trikot ve Francii. A po p\u011bti letech dokonce v\u0161echny kilometry trasy vedou v\u00fdhradn\u011b zem\u00ed galsk\u00e9ho kohouta. Jak\u00e1 trasa \u010dek\u00e1 na cest\u011b k obhajob\u011b v\u00edt\u011bzstv\u00ed Tadeje Poga\u010dara, slovinsk\u00e9ho d\u00e9mona v dresu UAE Emirates?","og_url":"https:\/\/www.welovecycling.com\/cs\/2024\/10\/29\/tour-de-france-2025-uvod-bez-hor-navrat-legend-prevyseni-51-tisic-metru\/","og_site_name":"\u0160koda We Love Cycling - \u010cesk\u00e1 republika","article_published_time":"2024-10-29T15:32:36+00:00","og_image":[{"width":1800,"height":1200,"url":"https:\/\/d2p6e6u75xmxt8.cloudfront.net\/13\/2024\/10\/profimedia-0927782602.webp","type":"image\/webp"}],"author":"radekmalina","twitter_card":"summary_large_image","twitter_misc":{"Written by":"We Love Cycling","Est. reading time":"5"},"schema":{"@context":"https:\/\/schema.org","@graph":[{"@type":"WebPage","@id":"https:\/\/www.welovecycling.com\/cs\/2024\/10\/29\/tour-de-france-2025-uvod-bez-hor-navrat-legend-prevyseni-51-tisic-metru\/","url":"https:\/\/www.welovecycling.com\/cs\/2024\/10\/29\/tour-de-france-2025-uvod-bez-hor-navrat-legend-prevyseni-51-tisic-metru\/","name":"Tour de France 2025: \u00favod bez hor, n\u00e1vrat legend, p\u0159ev\u00fd\u0161en\u00ed 51 tis\u00edc metr\u016f | \u0160koda We Love Cycling - \u010cesk\u00e1 republika","isPartOf":{"@id":"https:\/\/www.welovecycling.com\/cs\/#website"},"primaryImageOfPage":{"@id":"https:\/\/www.welovecycling.com\/cs\/2024\/10\/29\/tour-de-france-2025-uvod-bez-hor-navrat-legend-prevyseni-51-tisic-metru\/#primaryimage"},"image":{"@id":"https:\/\/www.welovecycling.com\/cs\/2024\/10\/29\/tour-de-france-2025-uvod-bez-hor-navrat-legend-prevyseni-51-tisic-metru\/#primaryimage"},"thumbnailUrl":"https:\/\/d2p6e6u75xmxt8.cloudfront.net\/13\/2024\/10\/profimedia-0927782602.webp","datePublished":"2024-10-29T15:32:36+00:00","author":{"@id":"https:\/\/www.welovecycling.com\/cs\/#\/schema\/person\/d9eeb0a378f3a7e4a6d12d2b536b04b8"},"description":"Stoprocentn\u011b francouzsk\u00e1 bude Tour de France 2025, kter\u00e1 odstartuje 5. \u010dervence v Lille. Po t\u0159ech letech, kdy nejslavn\u011bj\u0161\u00ed etapov\u00fd z\u00e1vod planety startoval mimo \u00fazem\u00ed po\u0159adatelsk\u00e9 zem\u011b, za\u010dnou cyklist\u00e9 112. ro\u010dn\u00edk bitvy o legend\u00e1rn\u00ed \u017elut\u00fd trikot ve Francii. A po p\u011bti letech dokonce v\u0161echny kilometry trasy vedou v\u00fdhradn\u011b zem\u00ed galsk\u00e9ho kohouta. Jak\u00e1 trasa \u010dek\u00e1 na cest\u011b k obhajob\u011b v\u00edt\u011bzstv\u00ed Tadeje Poga\u010dara, slovinsk\u00e9ho d\u00e9mona v dresu UAE Emirates?","inLanguage":"cs","potentialAction":[{"@type":"ReadAction","target":["https:\/\/www.welovecycling.com\/cs\/2024\/10\/29\/tour-de-france-2025-uvod-bez-hor-navrat-legend-prevyseni-51-tisic-metru\/"]}]},{"@type":"ImageObject","inLanguage":"cs","@id":"https:\/\/www.welovecycling.com\/cs\/2024\/10\/29\/tour-de-france-2025-uvod-bez-hor-navrat-legend-prevyseni-51-tisic-metru\/#primaryimage","url":"https:\/\/d2p6e6u75xmxt8.cloudfront.net\/13\/2024\/10\/profimedia-0927782602.webp","contentUrl":"https:\/\/d2p6e6u75xmxt8.cloudfront.net\/13\/2024\/10\/profimedia-0927782602.webp","width":1800,"height":1200,"caption":"Kalend\u00e1\u0159 2025: Tour de France 2025"},{"@type":"WebSite","@id":"https:\/\/www.welovecycling.com\/cs\/#website","url":"https:\/\/www.welovecycling.com\/cs\/","name":"\u0160koda We Love Cycling - \u010cesk\u00e1 republika","description":"WeLoveCycling.cz je online magaz\u00edn, kter\u00fd v\u00e1m pravideln\u011b p\u0159in\u00e1\u0161\u00ed rady a tipy, zaj\u00edmav\u00e9 \u010dl\u00e1nky, videa a jedine\u010dn\u00e9 report\u00e1\u017ee ze sv\u011bta cyklistiky.","potentialAction":[{"@type":"SearchAction","target":{"@type":"EntryPoint","urlTemplate":"https:\/\/www.welovecycling.com\/cs\/?s={search_term_string}"},"query-input":{"@type":"PropertyValueSpecification","valueRequired":true,"valueName":"search_term_string"}}],"inLanguage":"cs"},{"@type":"Person","@id":"https:\/\/www.welovecycling.com\/cs\/#\/schema\/person\/d9eeb0a378f3a7e4a6d12d2b536b04b8","name":"radekmalina","image":{"@type":"ImageObject","inLanguage":"cs","@id":"https:\/\/www.welovecycling.com\/cs\/#\/schema\/person\/image\/","url":"https:\/\/secure.gravatar.com\/avatar\/66994b632cb8c39a46b9f54afa3ae07201b678d32a54275b6f1c9ffec356bfc0?s=96&d=mm&r=g","contentUrl":"https:\/\/secure.gravatar.com\/avatar\/66994b632cb8c39a46b9f54afa3ae07201b678d32a54275b6f1c9ffec356bfc0?s=96&d=mm&r=g","caption":"radekmalina"},"url":"https:\/\/www.welovecycling.com\/cs\/author\/radekmalina\/"}]}},"_links":{"self":[{"href":"https:\/\/www.welovecycling.com\/cs\/wp-json\/wp\/v2\/posts\/27442","targetHints":{"allow":["GET"]}}],"collection":[{"href":"https:\/\/www.welovecycling.com\/cs\/wp-json\/wp\/v2\/posts"}],"about":[{"href":"https:\/\/www.welovecycling.com\/cs\/wp-json\/wp\/v2\/types\/post"}],"author":[{"embeddable":true,"href":"https:\/\/www.welovecycling.com\/cs\/wp-json\/wp\/v2\/users\/138"}],"replies":[{"embeddable":true,"href":"https:\/\/www.welovecycling.com\/cs\/wp-json\/wp\/v2\/comments?post=27442"}],"version-history":[{"count":1,"href":"https:\/\/www.welovecycling.com\/cs\/wp-json\/wp\/v2\/posts\/27442\/revisions"}],"predecessor-version":[{"id":27456,"href":"https:\/\/www.welovecycling.com\/cs\/wp-json\/wp\/v2\/posts\/27442\/revisions\/27456"}],"wp:featuredmedia":[{"embeddable":true,"href":"https:\/\/www.welovecycling.com\/cs\/wp-json\/wp\/v2\/media\/27455"}],"wp:attachment":[{"href":"https:\/\/www.welovecycling.com\/cs\/wp-json\/wp\/v2\/media?parent=27442"}],"wp:term":[{"taxonomy":"category","embeddable":true,"href":"https:\/\/www.welovecycling.com\/cs\/wp-json\/wp\/v2\/categories?post=27442"},{"taxonomy":"post_tag","embeddable":true,"href":"https:\/\/www.welovecycling.com\/cs\/wp-json\/wp\/v2\/tags?post=27442"},{"taxonomy":"global-categories","embeddable":true,"href":"https:\/\/www.welovecycling.com\/cs\/wp-json\/wp\/v2\/global-categories?post=27442"}],"curies":[{"name":"wp","href":"https:\/\/api.w.org\/{rel}","templated":true}]}}