{"id":27438,"date":"2024-11-14T12:00:40","date_gmt":"2024-11-14T10:00:40","guid":{"rendered":"https:\/\/www.welovecycling.com\/cs\/?p=27438"},"modified":"2024-11-25T17:05:51","modified_gmt":"2024-11-25T15:05:51","slug":"soutez-garmin-varia","status":"publish","type":"post","link":"https:\/\/www.welovecycling.com\/cs\/2024\/11\/14\/soutez-garmin-varia\/","title":{"rendered":"Sout\u011b\u017e o radar Garmin Varia 515. Pomocn\u00edk pro bezpe\u010d\u00ed na va\u0161ich cest\u00e1ch"},"content":{"rendered":"<p><strong>Bezpe\u010dnost je jedn\u00edm z pil\u00ed\u0159\u016f zna\u010dky \u0160koda Auto. I proto WeLoveCycling.cz p\u0159iv\u00e1\u017e\u00ed sout\u011b\u017e, kde v\u00fdherce v\u00fdrazn\u011b pov\u00fd\u0161\u00ed bezpe\u010dnost p\u0159i j\u00edzd\u011b na kole. Ve spolupr\u00e1ci s americkou spole\u010dnost\u00ed Garmin je ve h\u0159e cyklo radar <span data-olk-copy-source=\"MessageBody\">Garmin Varia 515.<\/span><\/strong><\/p>\n<p><strong>Sout\u011b\u017en\u00ed formul\u00e1\u0159 naleznete n\u00ed\u017ee.<\/strong><\/p>\n<p>Sice plat\u00ed pravidlo o odstupu 1,5 metru motorist\u016f p\u0159i p\u0159edj\u00ed\u017ed\u011bn\u00ed cyklist\u016f, ale m\u00edt pomocn\u00edka, kter\u00fd v\u00e1s na bl\u00ed\u017e\u00edc\u00ed se vozidlo upozorn\u00ed, je k nezaplacen\u00ed. \u010casto nepochybn\u011b ve v\u011btru prost\u011b nen\u00ed provoz za z\u00e1dy sly\u0161et, snadno se m\u016f\u017eete pono\u0159it do my\u0161lenek hloub\u011bji a ztratit pojem o d\u011bn\u00ed na komunikaci. Pomocn\u00edci od Garminu v\u0161echny cyklisty udr\u017euj\u00ed v aktu\u00e1ln\u00ed situaci, respektive p\u0159ipraven\u00e9 na p\u0159edjet\u00ed vozidlem.<\/p>\n<p>Sv\u011btlo Garmin Varia 515 je viditeln\u00e9 u\u017e ze vzd\u00e1lenosti 1600 metr\u016f, \u0161\u00ed\u0159\u00ed se v z\u00e1b\u011bru 220 stup\u0148\u016f a b\u011bhem dne dosahuje sv\u00edtivosti 65 lumen\u016f, v noci pak 20 a\u017e 29 lumen\u016f. Rozhodn\u011b se stanete nep\u0159ehl\u00e9dnuteln\u00fdmi. V\u00fddr\u017e baterie v denn\u00edm re\u017eimu je 15 hodin, v no\u010dn\u00edm re\u017eimu je p\u0159ibli\u017en\u011b polovi\u010dn\u00ed. Radar je vod\u011bodoln\u00fd, tud\u00ed\u017e jej bez probl\u00e9m\u016f m\u016f\u017eete pou\u017e\u00edt i b\u011bhem de\u0161tiv\u00e9ho tr\u00e9ninku nebo v zimn\u00edch m\u011bs\u00edc\u00edch. Velkou p\u0159ednost\u00ed je mno\u017estv\u00ed adapt\u00e9r\u016f pro p\u0159ipevn\u011bn\u00ed na r\u00e1m, tud\u00ed\u017e nevznik\u00e1 probl\u00e9m p\u0159i rozd\u00edln\u00e9m pou\u017eit\u00ed na rodinn\u00e9m kole, trekov\u00e9m, silni\u010dn\u00edm ani \u017e\u00e1dn\u00e9m dal\u0161\u00edm jednostop\u00e9m dom\u00e1c\u00edm mil\u00e1\u010dkovi.<\/p>\n<p>&nbsp;<\/p>\n<p><strong>Sout\u011b\u017e byla ukon\u010dena. V\u00edt\u011bz byl vylosov\u00e1n a kontaktov\u00e1n prost\u0159ednictv\u00edm emailu. V\u00edt\u011bzkou se stala Petra K.<\/strong><\/p>\n","protected":false},"excerpt":{"rendered":"<p>Bezpe\u010dnost je jedn\u00edm z pil\u00ed\u0159\u016f zna\u010dky \u0160koda Auto. I proto WeLoveCycling.cz p\u0159iv\u00e1\u017e\u00ed sout\u011b\u017e, kde v\u00fdherce v\u00fdrazn\u011b pov\u00fd\u0161\u00ed bezpe\u010dnost p\u0159i j\u00edzd\u011b [&hellip;]<\/p>\n","protected":false},"author":137,"featured_media":23915,"comment_status":"open","ping_status":"open","sticky":false,"template":"","format":"standard","meta":{"footnotes":""},"categories":[1,10,150,660],"tags":[126,3085,3888,2001,56,3889,9,1069],"global-categories":[411],"class_list":["post-27438","post","type-post","status-publish","format-standard","has-post-thumbnail","hentry","category-bezpecnost","category-silnicni-cyklistika","category-soutez","category-https-www-welovecycling-com-cs-category-zabava","tag-cyklistika","tag-garmin","tag-garmin-varia-515","tag-gravel","tag-horska-cyklistika","tag-radar-garmin-varia-515","tag-silnicni-cyklistika","tag-soutez","global-categories-cycling"],"yoast_head":"<!-- This site is optimized with the Yoast SEO Premium plugin v25.3 (Yoast SEO v25.9) - https:\/\/yoast.com\/wordpress\/plugins\/seo\/ -->\n<title>Sout\u011b\u017e o radar Garmin Varia 515. Pomocn\u00edk pro bezpe\u010d\u00ed na va\u0161ich cest\u00e1ch | \u0160koda We Love Cycling - \u010cesk\u00e1 republika<\/title>\n<meta name=\"description\" content=\"Bezpe\u010dnost je jedn\u00edm z pil\u00ed\u0159\u016f zna\u010dky \u0160koda Auto. I proto WeLoveCycling.cz p\u0159iv\u00e1\u017e\u00ed sout\u011b\u017e, kde v\u00fdherce v\u00fdrazn\u011b pov\u00fd\u0161\u00ed bezpe\u010dnost p\u0159i j\u00edzd\u011b na kole. Ve spolupr\u00e1ci s americkou spole\u010dnost\u00ed Garmin je ve h\u0159e cyklo radar Garmin Varia 515.\" \/>\n<meta name=\"robots\" content=\"index, follow, max-snippet:-1, max-image-preview:large, max-video-preview:-1\" \/>\n<link rel=\"canonical\" href=\"https:\/\/www.welovecycling.com\/cs\/2024\/11\/14\/soutez-garmin-varia\/\" \/>\n<meta property=\"og:locale\" content=\"cs_CZ\" \/>\n<meta property=\"og:type\" content=\"article\" \/>\n<meta property=\"og:title\" content=\"Sout\u011b\u017e o radar Garmin Varia 515. Pomocn\u00edk pro bezpe\u010d\u00ed na va\u0161ich cest\u00e1ch\" \/>\n<meta property=\"og:description\" content=\"Bezpe\u010dnost je jedn\u00edm z pil\u00ed\u0159\u016f zna\u010dky \u0160koda Auto. I proto WeLoveCycling.cz p\u0159iv\u00e1\u017e\u00ed sout\u011b\u017e, kde v\u00fdherce v\u00fdrazn\u011b pov\u00fd\u0161\u00ed bezpe\u010dnost p\u0159i j\u00edzd\u011b na kole. Ve spolupr\u00e1ci s americkou spole\u010dnost\u00ed Garmin je ve h\u0159e cyklo radar Garmin Varia 515.\" \/>\n<meta property=\"og:url\" content=\"https:\/\/www.welovecycling.com\/cs\/2024\/11\/14\/soutez-garmin-varia\/\" \/>\n<meta property=\"og:site_name\" content=\"\u0160koda We Love Cycling - \u010cesk\u00e1 republika\" \/>\n<meta property=\"article:published_time\" content=\"2024-11-14T10:00:40+00:00\" \/>\n<meta property=\"article:modified_time\" content=\"2024-11-25T15:05:51+00:00\" \/>\n<meta property=\"og:image\" content=\"https:\/\/d2p6e6u75xmxt8.cloudfront.net\/13\/2023\/10\/cem_9518-scaled.webp\" \/>\n\t<meta property=\"og:image:width\" content=\"2560\" \/>\n\t<meta property=\"og:image:height\" content=\"1707\" \/>\n\t<meta property=\"og:image:type\" content=\"image\/webp\" \/>\n<meta name=\"author\" content=\"bartosek\" \/>\n<meta name=\"twitter:card\" content=\"summary_large_image\" \/>\n<meta name=\"twitter:label1\" content=\"Written by\" \/>\n\t<meta name=\"twitter:data1\" content=\"We Love Cycling\" \/>\n\t<meta name=\"twitter:label2\" content=\"Est. reading time\" \/>\n\t<meta name=\"twitter:data2\" content=\"4\" \/>\n<script type=\"application\/ld+json\" class=\"yoast-schema-graph\">{\"@context\":\"https:\/\/schema.org\",\"@graph\":[{\"@type\":\"WebPage\",\"@id\":\"https:\/\/www.welovecycling.com\/cs\/2024\/11\/14\/soutez-garmin-varia\/\",\"url\":\"https:\/\/www.welovecycling.com\/cs\/2024\/11\/14\/soutez-garmin-varia\/\",\"name\":\"Sout\u011b\u017e o radar Garmin Varia 515. Pomocn\u00edk pro bezpe\u010d\u00ed na va\u0161ich cest\u00e1ch | \u0160koda We Love Cycling - \u010cesk\u00e1 republika\",\"isPartOf\":{\"@id\":\"https:\/\/www.welovecycling.com\/cs\/#website\"},\"primaryImageOfPage\":{\"@id\":\"https:\/\/www.welovecycling.com\/cs\/2024\/11\/14\/soutez-garmin-varia\/#primaryimage\"},\"image\":{\"@id\":\"https:\/\/www.welovecycling.com\/cs\/2024\/11\/14\/soutez-garmin-varia\/#primaryimage\"},\"thumbnailUrl\":\"https:\/\/d2p6e6u75xmxt8.cloudfront.net\/13\/2023\/10\/cem_9518-scaled.webp\",\"datePublished\":\"2024-11-14T10:00:40+00:00\",\"dateModified\":\"2024-11-25T15:05:51+00:00\",\"author\":{\"@id\":\"https:\/\/www.welovecycling.com\/cs\/#\/schema\/person\/e1c6405fe3725f2ffb5db320c875ea31\"},\"description\":\"Bezpe\u010dnost je jedn\u00edm z pil\u00ed\u0159\u016f zna\u010dky \u0160koda Auto. I proto WeLoveCycling.cz p\u0159iv\u00e1\u017e\u00ed sout\u011b\u017e, kde v\u00fdherce v\u00fdrazn\u011b pov\u00fd\u0161\u00ed bezpe\u010dnost p\u0159i j\u00edzd\u011b na kole. Ve spolupr\u00e1ci s americkou spole\u010dnost\u00ed Garmin je ve h\u0159e cyklo radar Garmin Varia 515.\",\"inLanguage\":\"cs\",\"potentialAction\":[{\"@type\":\"ReadAction\",\"target\":[\"https:\/\/www.welovecycling.com\/cs\/2024\/11\/14\/soutez-garmin-varia\/\"]}]},{\"@type\":\"ImageObject\",\"inLanguage\":\"cs\",\"@id\":\"https:\/\/www.welovecycling.com\/cs\/2024\/11\/14\/soutez-garmin-varia\/#primaryimage\",\"url\":\"https:\/\/d2p6e6u75xmxt8.cloudfront.net\/13\/2023\/10\/cem_9518-scaled.webp\",\"contentUrl\":\"https:\/\/d2p6e6u75xmxt8.cloudfront.net\/13\/2023\/10\/cem_9518-scaled.webp\",\"width\":2560,\"height\":1707,\"caption\":\"Garmin Varia RTL 515\"},{\"@type\":\"WebSite\",\"@id\":\"https:\/\/www.welovecycling.com\/cs\/#website\",\"url\":\"https:\/\/www.welovecycling.com\/cs\/\",\"name\":\"\u0160koda We Love Cycling - \u010cesk\u00e1 republika\",\"description\":\"WeLoveCycling.cz je online magaz\u00edn, kter\u00fd v\u00e1m pravideln\u011b p\u0159in\u00e1\u0161\u00ed rady a tipy, zaj\u00edmav\u00e9 \u010dl\u00e1nky, videa a jedine\u010dn\u00e9 report\u00e1\u017ee ze sv\u011bta cyklistiky.\",\"potentialAction\":[{\"@type\":\"SearchAction\",\"target\":{\"@type\":\"EntryPoint\",\"urlTemplate\":\"https:\/\/www.welovecycling.com\/cs\/?s={search_term_string}\"},\"query-input\":{\"@type\":\"PropertyValueSpecification\",\"valueRequired\":true,\"valueName\":\"search_term_string\"}}],\"inLanguage\":\"cs\"},{\"@type\":\"Person\",\"@id\":\"https:\/\/www.welovecycling.com\/cs\/#\/schema\/person\/e1c6405fe3725f2ffb5db320c875ea31\",\"name\":\"bartosek\",\"image\":{\"@type\":\"ImageObject\",\"inLanguage\":\"cs\",\"@id\":\"https:\/\/www.welovecycling.com\/cs\/#\/schema\/person\/image\/\",\"url\":\"https:\/\/secure.gravatar.com\/avatar\/0e88996c3e5788daece0439a835b6439c171a42e3978ec00cfb1913dd71bef33?s=96&d=mm&r=g\",\"contentUrl\":\"https:\/\/secure.gravatar.com\/avatar\/0e88996c3e5788daece0439a835b6439c171a42e3978ec00cfb1913dd71bef33?s=96&d=mm&r=g\",\"caption\":\"bartosek\"},\"url\":\"https:\/\/www.welovecycling.com\/cs\/author\/bartosek\/\"}]}<\/script>\n<!-- \/ Yoast SEO Premium plugin. -->","yoast_head_json":{"title":"Sout\u011b\u017e o radar Garmin Varia 515. Pomocn\u00edk pro bezpe\u010d\u00ed na va\u0161ich cest\u00e1ch | \u0160koda We Love Cycling - \u010cesk\u00e1 republika","description":"Bezpe\u010dnost je jedn\u00edm z pil\u00ed\u0159\u016f zna\u010dky \u0160koda Auto. I proto WeLoveCycling.cz p\u0159iv\u00e1\u017e\u00ed sout\u011b\u017e, kde v\u00fdherce v\u00fdrazn\u011b pov\u00fd\u0161\u00ed bezpe\u010dnost p\u0159i j\u00edzd\u011b na kole. Ve spolupr\u00e1ci s americkou spole\u010dnost\u00ed Garmin je ve h\u0159e cyklo radar Garmin Varia 515.","robots":{"index":"index","follow":"follow","max-snippet":"max-snippet:-1","max-image-preview":"max-image-preview:large","max-video-preview":"max-video-preview:-1"},"canonical":"https:\/\/www.welovecycling.com\/cs\/2024\/11\/14\/soutez-garmin-varia\/","og_locale":"cs_CZ","og_type":"article","og_title":"Sout\u011b\u017e o radar Garmin Varia 515. Pomocn\u00edk pro bezpe\u010d\u00ed na va\u0161ich cest\u00e1ch","og_description":"Bezpe\u010dnost je jedn\u00edm z pil\u00ed\u0159\u016f zna\u010dky \u0160koda Auto. I proto WeLoveCycling.cz p\u0159iv\u00e1\u017e\u00ed sout\u011b\u017e, kde v\u00fdherce v\u00fdrazn\u011b pov\u00fd\u0161\u00ed bezpe\u010dnost p\u0159i j\u00edzd\u011b na kole. Ve spolupr\u00e1ci s americkou spole\u010dnost\u00ed Garmin je ve h\u0159e cyklo radar Garmin Varia 515.","og_url":"https:\/\/www.welovecycling.com\/cs\/2024\/11\/14\/soutez-garmin-varia\/","og_site_name":"\u0160koda We Love Cycling - \u010cesk\u00e1 republika","article_published_time":"2024-11-14T10:00:40+00:00","article_modified_time":"2024-11-25T15:05:51+00:00","og_image":[{"width":2560,"height":1707,"url":"https:\/\/d2p6e6u75xmxt8.cloudfront.net\/13\/2023\/10\/cem_9518-scaled.webp","type":"image\/webp"}],"author":"bartosek","twitter_card":"summary_large_image","twitter_misc":{"Written by":"We Love Cycling","Est. reading time":"4"},"schema":{"@context":"https:\/\/schema.org","@graph":[{"@type":"WebPage","@id":"https:\/\/www.welovecycling.com\/cs\/2024\/11\/14\/soutez-garmin-varia\/","url":"https:\/\/www.welovecycling.com\/cs\/2024\/11\/14\/soutez-garmin-varia\/","name":"Sout\u011b\u017e o radar Garmin Varia 515. Pomocn\u00edk pro bezpe\u010d\u00ed na va\u0161ich cest\u00e1ch | \u0160koda We Love Cycling - \u010cesk\u00e1 republika","isPartOf":{"@id":"https:\/\/www.welovecycling.com\/cs\/#website"},"primaryImageOfPage":{"@id":"https:\/\/www.welovecycling.com\/cs\/2024\/11\/14\/soutez-garmin-varia\/#primaryimage"},"image":{"@id":"https:\/\/www.welovecycling.com\/cs\/2024\/11\/14\/soutez-garmin-varia\/#primaryimage"},"thumbnailUrl":"https:\/\/d2p6e6u75xmxt8.cloudfront.net\/13\/2023\/10\/cem_9518-scaled.webp","datePublished":"2024-11-14T10:00:40+00:00","dateModified":"2024-11-25T15:05:51+00:00","author":{"@id":"https:\/\/www.welovecycling.com\/cs\/#\/schema\/person\/e1c6405fe3725f2ffb5db320c875ea31"},"description":"Bezpe\u010dnost je jedn\u00edm z pil\u00ed\u0159\u016f zna\u010dky \u0160koda Auto. I proto WeLoveCycling.cz p\u0159iv\u00e1\u017e\u00ed sout\u011b\u017e, kde v\u00fdherce v\u00fdrazn\u011b pov\u00fd\u0161\u00ed bezpe\u010dnost p\u0159i j\u00edzd\u011b na kole. Ve spolupr\u00e1ci s americkou spole\u010dnost\u00ed Garmin je ve h\u0159e cyklo radar Garmin Varia 515.","inLanguage":"cs","potentialAction":[{"@type":"ReadAction","target":["https:\/\/www.welovecycling.com\/cs\/2024\/11\/14\/soutez-garmin-varia\/"]}]},{"@type":"ImageObject","inLanguage":"cs","@id":"https:\/\/www.welovecycling.com\/cs\/2024\/11\/14\/soutez-garmin-varia\/#primaryimage","url":"https:\/\/d2p6e6u75xmxt8.cloudfront.net\/13\/2023\/10\/cem_9518-scaled.webp","contentUrl":"https:\/\/d2p6e6u75xmxt8.cloudfront.net\/13\/2023\/10\/cem_9518-scaled.webp","width":2560,"height":1707,"caption":"Garmin Varia RTL 515"},{"@type":"WebSite","@id":"https:\/\/www.welovecycling.com\/cs\/#website","url":"https:\/\/www.welovecycling.com\/cs\/","name":"\u0160koda We Love Cycling - \u010cesk\u00e1 republika","description":"WeLoveCycling.cz je online magaz\u00edn, kter\u00fd v\u00e1m pravideln\u011b p\u0159in\u00e1\u0161\u00ed rady a tipy, zaj\u00edmav\u00e9 \u010dl\u00e1nky, videa a jedine\u010dn\u00e9 report\u00e1\u017ee ze sv\u011bta cyklistiky.","potentialAction":[{"@type":"SearchAction","target":{"@type":"EntryPoint","urlTemplate":"https:\/\/www.welovecycling.com\/cs\/?s={search_term_string}"},"query-input":{"@type":"PropertyValueSpecification","valueRequired":true,"valueName":"search_term_string"}}],"inLanguage":"cs"},{"@type":"Person","@id":"https:\/\/www.welovecycling.com\/cs\/#\/schema\/person\/e1c6405fe3725f2ffb5db320c875ea31","name":"bartosek","image":{"@type":"ImageObject","inLanguage":"cs","@id":"https:\/\/www.welovecycling.com\/cs\/#\/schema\/person\/image\/","url":"https:\/\/secure.gravatar.com\/avatar\/0e88996c3e5788daece0439a835b6439c171a42e3978ec00cfb1913dd71bef33?s=96&d=mm&r=g","contentUrl":"https:\/\/secure.gravatar.com\/avatar\/0e88996c3e5788daece0439a835b6439c171a42e3978ec00cfb1913dd71bef33?s=96&d=mm&r=g","caption":"bartosek"},"url":"https:\/\/www.welovecycling.com\/cs\/author\/bartosek\/"}]}},"_links":{"self":[{"href":"https:\/\/www.welovecycling.com\/cs\/wp-json\/wp\/v2\/posts\/27438","targetHints":{"allow":["GET"]}}],"collection":[{"href":"https:\/\/www.welovecycling.com\/cs\/wp-json\/wp\/v2\/posts"}],"about":[{"href":"https:\/\/www.welovecycling.com\/cs\/wp-json\/wp\/v2\/types\/post"}],"author":[{"embeddable":true,"href":"https:\/\/www.welovecycling.com\/cs\/wp-json\/wp\/v2\/users\/137"}],"replies":[{"embeddable":true,"href":"https:\/\/www.welovecycling.com\/cs\/wp-json\/wp\/v2\/comments?post=27438"}],"version-history":[{"count":14,"href":"https:\/\/www.welovecycling.com\/cs\/wp-json\/wp\/v2\/posts\/27438\/revisions"}],"predecessor-version":[{"id":27636,"href":"https:\/\/www.welovecycling.com\/cs\/wp-json\/wp\/v2\/posts\/27438\/revisions\/27636"}],"wp:featuredmedia":[{"embeddable":true,"href":"https:\/\/www.welovecycling.com\/cs\/wp-json\/wp\/v2\/media\/23915"}],"wp:attachment":[{"href":"https:\/\/www.welovecycling.com\/cs\/wp-json\/wp\/v2\/media?parent=27438"}],"wp:term":[{"taxonomy":"category","embeddable":true,"href":"https:\/\/www.welovecycling.com\/cs\/wp-json\/wp\/v2\/categories?post=27438"},{"taxonomy":"post_tag","embeddable":true,"href":"https:\/\/www.welovecycling.com\/cs\/wp-json\/wp\/v2\/tags?post=27438"},{"taxonomy":"global-categories","embeddable":true,"href":"https:\/\/www.welovecycling.com\/cs\/wp-json\/wp\/v2\/global-categories?post=27438"}],"curies":[{"name":"wp","href":"https:\/\/api.w.org\/{rel}","templated":true}]}}