{"id":27402,"date":"2024-10-22T04:20:20","date_gmt":"2024-10-22T02:20:20","guid":{"rendered":"https:\/\/www.welovecycling.com\/cs\/?p=27402"},"modified":"2024-10-22T09:06:28","modified_gmt":"2024-10-22T07:06:28","slug":"vingegaard-sam-si-za-to-muze-rika-tadej-pogacar-o-nove-urovni-vykonnosti","status":"publish","type":"post","link":"https:\/\/www.welovecycling.com\/cs\/2024\/10\/22\/vingegaard-sam-si-za-to-muze-rika-tadej-pogacar-o-nove-urovni-vykonnosti\/","title":{"rendered":"Vingegaard? S\u00e1m si za to m\u016f\u017ee, \u0159\u00edk\u00e1 Tadej Poga\u010dar o nov\u00e9 \u00farovni v\u00fdkonnosti"},"content":{"rendered":"<p><strong>Jeden\u00e1ct v\u00edt\u011bzstv\u00ed na Grand Tour, devaten\u00e1ct triumf\u016f z Monument\u016f, t\u0159i prvenstv\u00ed z mistrovstv\u00ed sv\u011bta. Fascinuj\u00edc\u00ed bilance legend\u00e1rn\u00edho Merckxe, kter\u00e1 se zd\u00e1la nep\u0159ekonateln\u00e1. Ov\u0161em leto\u0161n\u00ed cyklistick\u00e1 sezona byla ve znamenan\u00ed brut\u00e1ln\u00ed dominance jednoho mu\u017ee. Tadej Poga\u010dar v roce 2024 prakticky jenom vyhr\u00e1val. P\u0159ep\u00ed\u0161e Slovinec historick\u00e9 rekordy belgick\u00e9ho Kanibala?<\/strong><\/p>\n<p>&#8222;V cyklistice p\u0159edstavuje nejv\u011bt\u0161\u00ed mo\u017en\u00fd triumf prvn\u00ed m\u00edsto v absolutn\u00edm po\u0159ad\u00ed na Tour de France. Dos\u00e1hl jsem na n\u011bj v roce 2020. Tak\u017ee v\u0161echno od t\u00e9 doby je bonus. V\u017edy\u0165 jako mal\u00fd jsem nikdy ani nesnil o v\u00edt\u011bzstv\u00ed v etap\u011b Tour de France, &#8220; usm\u00e1l se Tadej Poga\u010dar v rozhovoru pro CNN, v n\u011bm\u017e hovo\u0159il zejm\u00e9na o motivaci i ost\u0159e sledovan\u00e9m soupe\u0159en\u00ed s Jonasem Vingegaardem.<\/p>\n<h2><strong>Jonas m\u011b donutil zv\u00fd\u0161it standardy, vysv\u011btluje Slovinec<\/strong><\/h2>\n<p>Tadej Poga\u010dar, teprve \u0161estadvacetilet\u00fd z\u00e1vodn\u00edk, vyhr\u00e1l u\u017e sedm Monument\u016f! \u010cty\u0159ikr\u00e1t Lombardii, kde je nepora\u017een od roku 2021. Dvakr\u00e1t Lutych-Basto\u0148-Lutych (2021, 2024) a jednou Kolem Flander (2023). Letos se stal prvn\u00edm cyklistou od roku 1998, kter\u00fd vyhr\u00e1l Giro a Tour de France v jedin\u00e9 sezon\u011b. Tehdy bravurn\u00ed kousek zvl\u00e1dl Marco Pantani. Nav\u00edc jako prvn\u00ed Slovinec v historii vyhr\u00e1l titul mistra sv\u011bta.<\/p>\n<p>&#8222;Je to ot\u00e1zka dokonal\u00e9ho pl\u00e1nov\u00e1n\u00ed a organizace. A tak\u00e9 soupe\u0159\u016f. To Jonas Vingegaard m\u011b donutil zv\u00fd\u0161it moje standardy, kdy\u017e m\u011b dvakr\u00e1t porazil na Tour de France. M\u011bl jsem je\u0161t\u011b v\u011bt\u0161\u00ed hlad, je\u0161t\u011b v\u011bt\u0161\u00ed motivaci. S\u00e1m m\u016f\u017ee za to, jak jsem se posunul,&#8220; pokr\u010dil rameny Tadej Poga\u010dar. &#8222;Ale je to p\u0159irozen\u00e9. \u0160pi\u010dkov\u00ed jezdci se navz\u00e1jem tla\u010d\u00ed na hranici mo\u017enost\u00ed. V\u017edy se chceme porazit a posunout na dal\u0161\u00ed \u00farove\u0148,&#8220; neskr\u00fdval Slovinec o\u010dek\u00e1v\u00e1n\u00ed, \u017ee d\u00e1nsk\u00fd rival se vr\u00e1t\u00ed v p\u0159\u00ed\u0161t\u00edm roce je\u0161t\u011b lep\u0161\u00ed a odhodlan\u011bj\u0161\u00ed.<\/p>\n<figure id=\"attachment_25567\" aria-describedby=\"caption-attachment-25567\" style=\"width: 1800px\" class=\"wp-caption alignnone\"><a href=\"https:\/\/d2p6e6u75xmxt8.cloudfront.net\/13\/2024\/05\/profimedia-0876658247.webp\"><img loading=\"lazy\" decoding=\"async\" class=\"size-full wp-image-25567\" src=\"https:\/\/d2p6e6u75xmxt8.cloudfront.net\/13\/2024\/05\/profimedia-0876658247.webp\" alt=\"Tadej Poga\u010dar\" width=\"1800\" height=\"1200\" srcset=\"https:\/\/d2p6e6u75xmxt8.cloudfront.net\/13\/2024\/05\/profimedia-0876658247.webp 1800w, https:\/\/d2p6e6u75xmxt8.cloudfront.net\/13\/2024\/05\/profimedia-0876658247-300x200.webp 300w, https:\/\/d2p6e6u75xmxt8.cloudfront.net\/13\/2024\/05\/profimedia-0876658247-1024x683.webp 1024w, https:\/\/d2p6e6u75xmxt8.cloudfront.net\/13\/2024\/05\/profimedia-0876658247-768x512.webp 768w, https:\/\/d2p6e6u75xmxt8.cloudfront.net\/13\/2024\/05\/profimedia-0876658247-1536x1024.webp 1536w, https:\/\/d2p6e6u75xmxt8.cloudfront.net\/13\/2024\/05\/profimedia-0876658247-400x267.webp 400w, https:\/\/d2p6e6u75xmxt8.cloudfront.net\/13\/2024\/05\/profimedia-0876658247-272x182.webp 272w\" sizes=\"auto, (max-width: 1800px) 100vw, 1800px\" \/><\/a><figcaption id=\"caption-attachment-25567\" class=\"wp-caption-text\"><em>Tadej Poga\u010dar po triumfu na italsk\u00e9m Giru 2024.<\/em><\/figcaption><\/figure>\n<p>V \u00e9\u0159e po druh\u00e9 sv\u011btov\u00e9 v\u00e1lce byl Tadej Poga\u010dar nejmlad\u0161\u00edm v\u00edt\u011bzem Tour de France. Je nejmlad\u0161\u00edm cyklistou, kter\u00fd vyhr\u00e1l Tour de France t\u0159ikr\u00e1t. Je velmi pravd\u011bpodobn\u00e9, \u017ee m\u016f\u017ee vyrovnat \u010dty\u0159i cyklistick\u00e9 legendy py\u0161n\u00edc\u00ed se p\u011bti triumfy ze Star\u00e9 d\u00e1my. Pouze Jacques Anquetil, Eddy Merckx, Bernard Hinault a Miguel Indurain byli p\u0159i korunovaci v Pa\u0159\u00ed\u017ei p\u011btkr\u00e1t na nejvy\u0161\u0161\u00edm stupni.<\/p>\n<div class=\"shortcode-ys-post-pinup\"><article class=\"loop-simple post-27359 post type-post status-publish format-standard has-post-thumbnail hentry category-rady-tipy tag-cyklistika tag-gravel tag-horska-cyklistika tag-jak-cistit-retez tag-mazivo-na-retez tag-pece-o-retez tag-retez tag-silnicni-cyklistika tag-trenink global-categories-cycling\" data-postid=\"27359\" role=\"article\" data-post-id=\"27359\" data-word-count=\"415\" data-headline-length=\"41\" data-category=\"Rady &amp; tipy\" data-global-category=\"Cycling\" data-author=\"We Love Cycling\" data-published=\"2024-10-16T05:00:19+02:00\" data-published-day=\"Wednesday\">\n    <div class=\"entry-thumbnail article-thumbnail\" content=\"https:\/\/d2p6e6u75xmxt8.cloudfront.net\/13\/2024\/10\/profimedia-0895437879-150x150.webp\"><a href=\"https:\/\/www.welovecycling.com\/cs\/2024\/10\/16\/retez-a-pece-o-klicovou-cast-kola\/\" class=\"image-holder\" target=\"_self\"><img decoding=\"async\" loading=\"lazy\" class=\"\" src=\"https:\/\/d2p6e6u75xmxt8.cloudfront.net\/13\/2024\/10\/profimedia-0895437879-1024x683.webp\" srcset=\"https:\/\/d2p6e6u75xmxt8.cloudfront.net\/13\/2024\/10\/profimedia-0895437879.webp 1800w, https:\/\/d2p6e6u75xmxt8.cloudfront.net\/13\/2024\/10\/profimedia-0895437879-300x200.webp 300w, https:\/\/d2p6e6u75xmxt8.cloudfront.net\/13\/2024\/10\/profimedia-0895437879-1024x683.webp 1024w, https:\/\/d2p6e6u75xmxt8.cloudfront.net\/13\/2024\/10\/profimedia-0895437879-768x512.webp 768w, https:\/\/d2p6e6u75xmxt8.cloudfront.net\/13\/2024\/10\/profimedia-0895437879-1536x1024.webp 1536w, https:\/\/d2p6e6u75xmxt8.cloudfront.net\/13\/2024\/10\/profimedia-0895437879-400x267.webp 400w, https:\/\/d2p6e6u75xmxt8.cloudfront.net\/13\/2024\/10\/profimedia-0895437879-272x182.webp 272w\" width=\"1024\" height=\"683\" sizes=\"auto, (min-width: 1200px) 300px, (min-width: 768px) 25vw, 100vw\" alt=\"retez-a-pece-o-klicovou-cast-kola\"\/><\/a><\/div>    <div class=\"entry-meta\">\n        <a class=\"label label-secondary post-category\" href=\"https:\/\/www.welovecycling.com\/cs\/category\/rady-tipy\/\" title=\"Rady &amp; tipy\">Rady &amp; tipy<\/a>\n    <\/div>\n    <div class=\"entry-details\">\n        <a href=\"https:\/\/www.welovecycling.com\/cs\/2024\/10\/16\/retez-a-pece-o-klicovou-cast-kola\/\" class='entry-title-wrapper'>\n            <h3 class=\"entry-title\"><span>\u0158et\u011bz a p\u00e9\u010de o kl\u00ed\u010dovou \u010d\u00e1st kola<\/span><\/h3>\n        <\/a>\n    <\/div>\n    <\/article>\n<\/div>\n<p>&#8222;M\u00e1m t\u0159i triumfy a je\u0161t\u011b mo\u017en\u00e1 deset let kari\u00e9ry, jestli\u017ee vydr\u017e\u00edm zdrav\u00fd. \u0160ance na p\u011bt celkov\u00fdch v\u00edt\u011bzstv\u00ed z Tour de France jsou tedy docela slu\u0161n\u00e9. Ale nejde o metu, za kterou bych se hnal,&#8220; prohl\u00e1sil Tadej Poga\u010dar. &#8222;Z\u00e1vod\u00edm proto, abych se bavil. Nechci m\u00edt v hlav\u011b, \u017ee je moj\u00ed povinnost\u00ed vyhr\u00e1vat. Do ka\u017ed\u00e9ho z\u00e1vodu nastupuji s \u010distou hlavou.&#8220;<\/p>\n<h2><strong>Eddy Merckx: Tadej Poga\u010dar je pro cyklistiku po\u017eehn\u00e1n\u00edm<\/strong><\/h2>\n<p><a href=\"https:\/\/www.welovecycling.com\/cs\/2024\/07\/22\/sest-duvodu-proc-je-tadej-pogacar-neporazitelny\/\">Tadej Poga\u010dar<\/a> dok\u00e1\u017ee vyhr\u00e1vat etapy na Tour de France, Giru \u010di Vuelt\u011b. \u010casovky, horsk\u00e1 i kopcovit\u00e1 d\u011bjstv\u00ed. Stejn\u011b jako klasiky. Z Grand Tour sch\u00e1z\u00ed po leto\u0161ku do sb\u00edrky jen \u0161pan\u011blsk\u00e1 Vuelta. V p\u0159\u00edpad\u011b Monument\u016f postr\u00e1d\u00e1 triumfy z Pa\u0159\u00ed\u017e-Roubaix a Mil\u00e1n-San Remo.<\/p>\n<p><a href=\"https:\/\/d2p6e6u75xmxt8.cloudfront.net\/13\/2024\/07\/tadej-charly-lopez-4.webp\"><img loading=\"lazy\" decoding=\"async\" class=\"alignnone size-full wp-image-26446\" src=\"https:\/\/d2p6e6u75xmxt8.cloudfront.net\/13\/2024\/07\/tadej-charly-lopez-4.webp\" alt=\"\" width=\"1000\" height=\"667\" srcset=\"https:\/\/d2p6e6u75xmxt8.cloudfront.net\/13\/2024\/07\/tadej-charly-lopez-4.webp 1000w, https:\/\/d2p6e6u75xmxt8.cloudfront.net\/13\/2024\/07\/tadej-charly-lopez-4-300x200.webp 300w, https:\/\/d2p6e6u75xmxt8.cloudfront.net\/13\/2024\/07\/tadej-charly-lopez-4-768x512.webp 768w, https:\/\/d2p6e6u75xmxt8.cloudfront.net\/13\/2024\/07\/tadej-charly-lopez-4-400x267.webp 400w, https:\/\/d2p6e6u75xmxt8.cloudfront.net\/13\/2024\/07\/tadej-charly-lopez-4-272x182.webp 272w\" sizes=\"auto, (max-width: 1000px) 100vw, 1000px\" \/><\/a><\/p>\n<p>V\u0161echny Monumenty dok\u00e1zali vyhr\u00e1t pouze Merckx a jeho krajan\u00e9 Roger de Vlaeminck a Rik van Looy. Prvenstv\u00ed ze v\u0161ech t\u0159\u00ed Grand Tour maj\u00ed Vincenzo Nibali, Felice Gimondi, Chris Froome, Alberto Contador, Jacques Anquetil, Bernard Hinault a Eddy Merckx. Poga\u010dar by se stal osm\u00fdm mu\u017eem cyklistick\u00e9 historie, kter\u00fd vyhr\u00e1l v\u0161echny Grand Tour.<\/p>\n<div class=\"shortcode-ys-post-pinup\"><article class=\"loop-simple post-27291 post type-post status-publish format-standard has-post-thumbnail hentry category-rady-tipy tag-cyklistika tag-kolofix tag-mazani-retezu tag-pece-o-retez tag-trenink tag-udrzba-kola tag-voskovani-retezu global-categories-cycling\" data-postid=\"27291\" role=\"article\" data-post-id=\"27291\" data-word-count=\"409\" data-headline-length=\"45\" data-category=\"Rady &amp; tipy\" data-global-category=\"Cycling\" data-author=\"We Love Cycling\" data-published=\"2024-10-08T14:37:33+02:00\" data-published-day=\"Tuesday\">\n    <div class=\"entry-thumbnail article-thumbnail\" content=\"https:\/\/d2p6e6u75xmxt8.cloudfront.net\/13\/2022\/05\/olej-retez-cerveny-2-150x150.webp\"><a href=\"https:\/\/www.welovecycling.com\/cs\/2024\/10\/08\/vosk-muze-zdvojnasobit-zivotnost-retezu\/\" class=\"image-holder\" target=\"_self\"><img decoding=\"async\" loading=\"lazy\" class=\"\" src=\"https:\/\/d2p6e6u75xmxt8.cloudfront.net\/13\/2022\/05\/olej-retez-cerveny-2-1024x682.webp\" srcset=\"https:\/\/d2p6e6u75xmxt8.cloudfront.net\/13\/2022\/05\/olej-retez-cerveny-2.webp 2000w, https:\/\/d2p6e6u75xmxt8.cloudfront.net\/13\/2022\/05\/olej-retez-cerveny-2-300x200.webp 300w, https:\/\/d2p6e6u75xmxt8.cloudfront.net\/13\/2022\/05\/olej-retez-cerveny-2-1024x682.webp 1024w, https:\/\/d2p6e6u75xmxt8.cloudfront.net\/13\/2022\/05\/olej-retez-cerveny-2-768x512.webp 768w, https:\/\/d2p6e6u75xmxt8.cloudfront.net\/13\/2022\/05\/olej-retez-cerveny-2-1536x1024.webp 1536w, https:\/\/d2p6e6u75xmxt8.cloudfront.net\/13\/2022\/05\/olej-retez-cerveny-2-1920x1280.webp 1920w, https:\/\/d2p6e6u75xmxt8.cloudfront.net\/13\/2022\/05\/olej-retez-cerveny-2-272x182.webp 272w, https:\/\/d2p6e6u75xmxt8.cloudfront.net\/13\/2022\/05\/olej-retez-cerveny-2-1920x1280.webp 1920w\" width=\"1024\" height=\"682\" sizes=\"auto, (min-width: 1200px) 300px, (min-width: 768px) 25vw, 100vw\" alt=\"vosk-muze-zdvojnasobit-zivotnost-retezu\"\/><\/a><\/div>    <div class=\"entry-meta\">\n        <a class=\"label label-secondary post-category\" href=\"https:\/\/www.welovecycling.com\/cs\/category\/rady-tipy\/\" title=\"Rady &amp; tipy\">Rady &amp; tipy<\/a>\n    <\/div>\n    <div class=\"entry-details\">\n        <a href=\"https:\/\/www.welovecycling.com\/cs\/2024\/10\/08\/vosk-muze-zdvojnasobit-zivotnost-retezu\/\" class='entry-title-wrapper'>\n            <h3 class=\"entry-title\"><span>Vosk m\u016f\u017ee zdvojn\u00e1sobit \u017eivotnost \u0159et\u011bzu<\/span><\/h3>\n        <\/a>\n    <\/div>\n    <\/article>\n<\/div>\n<p>&#8222;Tadej je pro cyklistiku po\u017eehn\u00e1n\u00edm,&#8220; zamyslel se Eddy Merckx a jednozna\u010dn\u011b odm\u00edtl, \u017ee Slovincova dominance by cyklistiku ni\u010dila. Samotn\u00fd Tadej Poga\u010dar se srovn\u00e1n\u00ed br\u00e1n\u00ed: &#8222;Nemohu se m\u011b\u0159it s Merckxem. Nez\u00e1vodil v moj\u00ed dob\u011b. Lichot\u00ed mi to, ale chci b\u00fdt s\u00e1m sebou. Ps\u00e1t vlastn\u00ed historii, j\u00edt za sv\u00fdmi metami.&#8220;<\/p>\n","protected":false},"excerpt":{"rendered":"<p>Jeden\u00e1ct v\u00edt\u011bzstv\u00ed na Grand Tour, devaten\u00e1ct triumf\u016f z Monument\u016f, t\u0159i prvenstv\u00ed z mistrovstv\u00ed sv\u011bta. Fascinuj\u00edc\u00ed bilance legend\u00e1rn\u00edho Merckxe, kter\u00e1 se [&hellip;]<\/p>\n","protected":false},"author":138,"featured_media":26581,"comment_status":"open","ping_status":"open","sticky":false,"template":"","format":"standard","meta":{"footnotes":""},"categories":[10],"tags":[126,310,1601,599,1613,9,502,23],"global-categories":[411],"class_list":["post-27402","post","type-post","status-publish","format-standard","has-post-thumbnail","hentry","category-silnicni-cyklistika","tag-cyklistika","tag-eddy-merckx","tag-jonas-vingegaard","tag-motivace","tag-rekordy","tag-silnicni-cyklistika","tag-tadej-pogacar","tag-tour-de-france","global-categories-cycling"],"yoast_head":"<!-- This site is optimized with the Yoast SEO Premium plugin v25.3 (Yoast SEO v25.9) - https:\/\/yoast.com\/wordpress\/plugins\/seo\/ -->\n<title>Vingegaard? S\u00e1m si za to m\u016f\u017ee, \u0159\u00edk\u00e1 Tadej Poga\u010dar o nov\u00e9 \u00farovni v\u00fdkonnosti | \u0160koda We Love Cycling - \u010cesk\u00e1 republika<\/title>\n<meta name=\"description\" content=\"Jeden\u00e1ct v\u00edt\u011bzstv\u00ed na Grand Tour, devaten\u00e1ct triumf\u016f z Monument\u016f, t\u0159i prvenstv\u00ed z mistrovstv\u00ed sv\u011bta. Fascinuj\u00edc\u00ed bilance legend\u00e1rn\u00edho Merckxe, kter\u00e1 se zd\u00e1la nep\u0159ekonateln\u00e1. Ov\u0161em leto\u0161n\u00ed cyklistick\u00e1 sezona byla ve znamenan\u00ed brut\u00e1ln\u00ed dominance jednoho mu\u017ee. Tadej Poga\u010dar v sezon\u011b 2024 prakticky jenom vyhr\u00e1val. P\u0159ep\u00ed\u0161e Slovinec historick\u00e9 rekordy belgick\u00e9ho Kanibala?\" \/>\n<meta name=\"robots\" content=\"index, follow, max-snippet:-1, max-image-preview:large, max-video-preview:-1\" \/>\n<link rel=\"canonical\" href=\"https:\/\/www.welovecycling.com\/cs\/2024\/10\/22\/vingegaard-sam-si-za-to-muze-rika-tadej-pogacar-o-nove-urovni-vykonnosti\/\" \/>\n<meta property=\"og:locale\" content=\"cs_CZ\" \/>\n<meta property=\"og:type\" content=\"article\" \/>\n<meta property=\"og:title\" content=\"Vingegaard? S\u00e1m si za to m\u016f\u017ee, \u0159\u00edk\u00e1 Tadej Poga\u010dar o nov\u00e9 \u00farovni v\u00fdkonnosti\" \/>\n<meta property=\"og:description\" content=\"Jeden\u00e1ct v\u00edt\u011bzstv\u00ed na Grand Tour, devaten\u00e1ct triumf\u016f z Monument\u016f, t\u0159i prvenstv\u00ed z mistrovstv\u00ed sv\u011bta. Fascinuj\u00edc\u00ed bilance legend\u00e1rn\u00edho Merckxe, kter\u00e1 se zd\u00e1la nep\u0159ekonateln\u00e1. Ov\u0161em leto\u0161n\u00ed cyklistick\u00e1 sezona byla ve znamenan\u00ed brut\u00e1ln\u00ed dominance jednoho mu\u017ee. Tadej Poga\u010dar v sezon\u011b 2024 prakticky jenom vyhr\u00e1val. P\u0159ep\u00ed\u0161e Slovinec historick\u00e9 rekordy belgick\u00e9ho Kanibala?\" \/>\n<meta property=\"og:url\" content=\"https:\/\/www.welovecycling.com\/cs\/2024\/10\/22\/vingegaard-sam-si-za-to-muze-rika-tadej-pogacar-o-nove-urovni-vykonnosti\/\" \/>\n<meta property=\"og:site_name\" content=\"\u0160koda We Love Cycling - \u010cesk\u00e1 republika\" \/>\n<meta property=\"article:published_time\" content=\"2024-10-22T02:20:20+00:00\" \/>\n<meta property=\"article:modified_time\" content=\"2024-10-22T07:06:28+00:00\" \/>\n<meta property=\"og:image\" content=\"https:\/\/d2p6e6u75xmxt8.cloudfront.net\/13\/2024\/07\/profimedia-0890928696.webp\" \/>\n\t<meta property=\"og:image:width\" content=\"1800\" \/>\n\t<meta property=\"og:image:height\" content=\"1200\" \/>\n\t<meta property=\"og:image:type\" content=\"image\/webp\" \/>\n<meta name=\"author\" content=\"radekmalina\" \/>\n<meta name=\"twitter:card\" content=\"summary_large_image\" \/>\n<meta name=\"twitter:label1\" content=\"Written by\" \/>\n\t<meta name=\"twitter:data1\" content=\"We Love Cycling\" \/>\n\t<meta name=\"twitter:label2\" content=\"Est. reading time\" \/>\n\t<meta name=\"twitter:data2\" content=\"6\" \/>\n<script type=\"application\/ld+json\" class=\"yoast-schema-graph\">{\"@context\":\"https:\/\/schema.org\",\"@graph\":[{\"@type\":\"WebPage\",\"@id\":\"https:\/\/www.welovecycling.com\/cs\/2024\/10\/22\/vingegaard-sam-si-za-to-muze-rika-tadej-pogacar-o-nove-urovni-vykonnosti\/\",\"url\":\"https:\/\/www.welovecycling.com\/cs\/2024\/10\/22\/vingegaard-sam-si-za-to-muze-rika-tadej-pogacar-o-nove-urovni-vykonnosti\/\",\"name\":\"Vingegaard? S\u00e1m si za to m\u016f\u017ee, \u0159\u00edk\u00e1 Tadej Poga\u010dar o nov\u00e9 \u00farovni v\u00fdkonnosti | \u0160koda We Love Cycling - \u010cesk\u00e1 republika\",\"isPartOf\":{\"@id\":\"https:\/\/www.welovecycling.com\/cs\/#website\"},\"primaryImageOfPage\":{\"@id\":\"https:\/\/www.welovecycling.com\/cs\/2024\/10\/22\/vingegaard-sam-si-za-to-muze-rika-tadej-pogacar-o-nove-urovni-vykonnosti\/#primaryimage\"},\"image\":{\"@id\":\"https:\/\/www.welovecycling.com\/cs\/2024\/10\/22\/vingegaard-sam-si-za-to-muze-rika-tadej-pogacar-o-nove-urovni-vykonnosti\/#primaryimage\"},\"thumbnailUrl\":\"https:\/\/d2p6e6u75xmxt8.cloudfront.net\/13\/2024\/07\/profimedia-0890928696.webp\",\"datePublished\":\"2024-10-22T02:20:20+00:00\",\"dateModified\":\"2024-10-22T07:06:28+00:00\",\"author\":{\"@id\":\"https:\/\/www.welovecycling.com\/cs\/#\/schema\/person\/d9eeb0a378f3a7e4a6d12d2b536b04b8\"},\"description\":\"Jeden\u00e1ct v\u00edt\u011bzstv\u00ed na Grand Tour, devaten\u00e1ct triumf\u016f z Monument\u016f, t\u0159i prvenstv\u00ed z mistrovstv\u00ed sv\u011bta. Fascinuj\u00edc\u00ed bilance legend\u00e1rn\u00edho Merckxe, kter\u00e1 se zd\u00e1la nep\u0159ekonateln\u00e1. Ov\u0161em leto\u0161n\u00ed cyklistick\u00e1 sezona byla ve znamenan\u00ed brut\u00e1ln\u00ed dominance jednoho mu\u017ee. Tadej Poga\u010dar v sezon\u011b 2024 prakticky jenom vyhr\u00e1val. P\u0159ep\u00ed\u0161e Slovinec historick\u00e9 rekordy belgick\u00e9ho Kanibala?\",\"inLanguage\":\"cs\",\"potentialAction\":[{\"@type\":\"ReadAction\",\"target\":[\"https:\/\/www.welovecycling.com\/cs\/2024\/10\/22\/vingegaard-sam-si-za-to-muze-rika-tadej-pogacar-o-nove-urovni-vykonnosti\/\"]}]},{\"@type\":\"ImageObject\",\"inLanguage\":\"cs\",\"@id\":\"https:\/\/www.welovecycling.com\/cs\/2024\/10\/22\/vingegaard-sam-si-za-to-muze-rika-tadej-pogacar-o-nove-urovni-vykonnosti\/#primaryimage\",\"url\":\"https:\/\/d2p6e6u75xmxt8.cloudfront.net\/13\/2024\/07\/profimedia-0890928696.webp\",\"contentUrl\":\"https:\/\/d2p6e6u75xmxt8.cloudfront.net\/13\/2024\/07\/profimedia-0890928696.webp\",\"width\":1800,\"height\":1200,\"caption\":\"Tadej Poga\u010dar a jeho poklona publiku i cel\u00e9 Tour de France 2024 v c\u00edli 19. etapy. Foto: profimedia\"},{\"@type\":\"WebSite\",\"@id\":\"https:\/\/www.welovecycling.com\/cs\/#website\",\"url\":\"https:\/\/www.welovecycling.com\/cs\/\",\"name\":\"\u0160koda We Love Cycling - \u010cesk\u00e1 republika\",\"description\":\"WeLoveCycling.cz je online magaz\u00edn, kter\u00fd v\u00e1m pravideln\u011b p\u0159in\u00e1\u0161\u00ed rady a tipy, zaj\u00edmav\u00e9 \u010dl\u00e1nky, videa a jedine\u010dn\u00e9 report\u00e1\u017ee ze sv\u011bta cyklistiky.\",\"potentialAction\":[{\"@type\":\"SearchAction\",\"target\":{\"@type\":\"EntryPoint\",\"urlTemplate\":\"https:\/\/www.welovecycling.com\/cs\/?s={search_term_string}\"},\"query-input\":{\"@type\":\"PropertyValueSpecification\",\"valueRequired\":true,\"valueName\":\"search_term_string\"}}],\"inLanguage\":\"cs\"},{\"@type\":\"Person\",\"@id\":\"https:\/\/www.welovecycling.com\/cs\/#\/schema\/person\/d9eeb0a378f3a7e4a6d12d2b536b04b8\",\"name\":\"radekmalina\",\"image\":{\"@type\":\"ImageObject\",\"inLanguage\":\"cs\",\"@id\":\"https:\/\/www.welovecycling.com\/cs\/#\/schema\/person\/image\/\",\"url\":\"https:\/\/secure.gravatar.com\/avatar\/66994b632cb8c39a46b9f54afa3ae07201b678d32a54275b6f1c9ffec356bfc0?s=96&d=mm&r=g\",\"contentUrl\":\"https:\/\/secure.gravatar.com\/avatar\/66994b632cb8c39a46b9f54afa3ae07201b678d32a54275b6f1c9ffec356bfc0?s=96&d=mm&r=g\",\"caption\":\"radekmalina\"},\"url\":\"https:\/\/www.welovecycling.com\/cs\/author\/radekmalina\/\"}]}<\/script>\n<!-- \/ Yoast SEO Premium plugin. -->","yoast_head_json":{"title":"Vingegaard? S\u00e1m si za to m\u016f\u017ee, \u0159\u00edk\u00e1 Tadej Poga\u010dar o nov\u00e9 \u00farovni v\u00fdkonnosti | \u0160koda We Love Cycling - \u010cesk\u00e1 republika","description":"Jeden\u00e1ct v\u00edt\u011bzstv\u00ed na Grand Tour, devaten\u00e1ct triumf\u016f z Monument\u016f, t\u0159i prvenstv\u00ed z mistrovstv\u00ed sv\u011bta. Fascinuj\u00edc\u00ed bilance legend\u00e1rn\u00edho Merckxe, kter\u00e1 se zd\u00e1la nep\u0159ekonateln\u00e1. Ov\u0161em leto\u0161n\u00ed cyklistick\u00e1 sezona byla ve znamenan\u00ed brut\u00e1ln\u00ed dominance jednoho mu\u017ee. Tadej Poga\u010dar v sezon\u011b 2024 prakticky jenom vyhr\u00e1val. P\u0159ep\u00ed\u0161e Slovinec historick\u00e9 rekordy belgick\u00e9ho Kanibala?","robots":{"index":"index","follow":"follow","max-snippet":"max-snippet:-1","max-image-preview":"max-image-preview:large","max-video-preview":"max-video-preview:-1"},"canonical":"https:\/\/www.welovecycling.com\/cs\/2024\/10\/22\/vingegaard-sam-si-za-to-muze-rika-tadej-pogacar-o-nove-urovni-vykonnosti\/","og_locale":"cs_CZ","og_type":"article","og_title":"Vingegaard? S\u00e1m si za to m\u016f\u017ee, \u0159\u00edk\u00e1 Tadej Poga\u010dar o nov\u00e9 \u00farovni v\u00fdkonnosti","og_description":"Jeden\u00e1ct v\u00edt\u011bzstv\u00ed na Grand Tour, devaten\u00e1ct triumf\u016f z Monument\u016f, t\u0159i prvenstv\u00ed z mistrovstv\u00ed sv\u011bta. Fascinuj\u00edc\u00ed bilance legend\u00e1rn\u00edho Merckxe, kter\u00e1 se zd\u00e1la nep\u0159ekonateln\u00e1. Ov\u0161em leto\u0161n\u00ed cyklistick\u00e1 sezona byla ve znamenan\u00ed brut\u00e1ln\u00ed dominance jednoho mu\u017ee. Tadej Poga\u010dar v sezon\u011b 2024 prakticky jenom vyhr\u00e1val. P\u0159ep\u00ed\u0161e Slovinec historick\u00e9 rekordy belgick\u00e9ho Kanibala?","og_url":"https:\/\/www.welovecycling.com\/cs\/2024\/10\/22\/vingegaard-sam-si-za-to-muze-rika-tadej-pogacar-o-nove-urovni-vykonnosti\/","og_site_name":"\u0160koda We Love Cycling - \u010cesk\u00e1 republika","article_published_time":"2024-10-22T02:20:20+00:00","article_modified_time":"2024-10-22T07:06:28+00:00","og_image":[{"width":1800,"height":1200,"url":"https:\/\/d2p6e6u75xmxt8.cloudfront.net\/13\/2024\/07\/profimedia-0890928696.webp","type":"image\/webp"}],"author":"radekmalina","twitter_card":"summary_large_image","twitter_misc":{"Written by":"We Love Cycling","Est. reading time":"6"},"schema":{"@context":"https:\/\/schema.org","@graph":[{"@type":"WebPage","@id":"https:\/\/www.welovecycling.com\/cs\/2024\/10\/22\/vingegaard-sam-si-za-to-muze-rika-tadej-pogacar-o-nove-urovni-vykonnosti\/","url":"https:\/\/www.welovecycling.com\/cs\/2024\/10\/22\/vingegaard-sam-si-za-to-muze-rika-tadej-pogacar-o-nove-urovni-vykonnosti\/","name":"Vingegaard? S\u00e1m si za to m\u016f\u017ee, \u0159\u00edk\u00e1 Tadej Poga\u010dar o nov\u00e9 \u00farovni v\u00fdkonnosti | \u0160koda We Love Cycling - \u010cesk\u00e1 republika","isPartOf":{"@id":"https:\/\/www.welovecycling.com\/cs\/#website"},"primaryImageOfPage":{"@id":"https:\/\/www.welovecycling.com\/cs\/2024\/10\/22\/vingegaard-sam-si-za-to-muze-rika-tadej-pogacar-o-nove-urovni-vykonnosti\/#primaryimage"},"image":{"@id":"https:\/\/www.welovecycling.com\/cs\/2024\/10\/22\/vingegaard-sam-si-za-to-muze-rika-tadej-pogacar-o-nove-urovni-vykonnosti\/#primaryimage"},"thumbnailUrl":"https:\/\/d2p6e6u75xmxt8.cloudfront.net\/13\/2024\/07\/profimedia-0890928696.webp","datePublished":"2024-10-22T02:20:20+00:00","dateModified":"2024-10-22T07:06:28+00:00","author":{"@id":"https:\/\/www.welovecycling.com\/cs\/#\/schema\/person\/d9eeb0a378f3a7e4a6d12d2b536b04b8"},"description":"Jeden\u00e1ct v\u00edt\u011bzstv\u00ed na Grand Tour, devaten\u00e1ct triumf\u016f z Monument\u016f, t\u0159i prvenstv\u00ed z mistrovstv\u00ed sv\u011bta. Fascinuj\u00edc\u00ed bilance legend\u00e1rn\u00edho Merckxe, kter\u00e1 se zd\u00e1la nep\u0159ekonateln\u00e1. Ov\u0161em leto\u0161n\u00ed cyklistick\u00e1 sezona byla ve znamenan\u00ed brut\u00e1ln\u00ed dominance jednoho mu\u017ee. Tadej Poga\u010dar v sezon\u011b 2024 prakticky jenom vyhr\u00e1val. P\u0159ep\u00ed\u0161e Slovinec historick\u00e9 rekordy belgick\u00e9ho Kanibala?","inLanguage":"cs","potentialAction":[{"@type":"ReadAction","target":["https:\/\/www.welovecycling.com\/cs\/2024\/10\/22\/vingegaard-sam-si-za-to-muze-rika-tadej-pogacar-o-nove-urovni-vykonnosti\/"]}]},{"@type":"ImageObject","inLanguage":"cs","@id":"https:\/\/www.welovecycling.com\/cs\/2024\/10\/22\/vingegaard-sam-si-za-to-muze-rika-tadej-pogacar-o-nove-urovni-vykonnosti\/#primaryimage","url":"https:\/\/d2p6e6u75xmxt8.cloudfront.net\/13\/2024\/07\/profimedia-0890928696.webp","contentUrl":"https:\/\/d2p6e6u75xmxt8.cloudfront.net\/13\/2024\/07\/profimedia-0890928696.webp","width":1800,"height":1200,"caption":"Tadej Poga\u010dar a jeho poklona publiku i cel\u00e9 Tour de France 2024 v c\u00edli 19. etapy. Foto: profimedia"},{"@type":"WebSite","@id":"https:\/\/www.welovecycling.com\/cs\/#website","url":"https:\/\/www.welovecycling.com\/cs\/","name":"\u0160koda We Love Cycling - \u010cesk\u00e1 republika","description":"WeLoveCycling.cz je online magaz\u00edn, kter\u00fd v\u00e1m pravideln\u011b p\u0159in\u00e1\u0161\u00ed rady a tipy, zaj\u00edmav\u00e9 \u010dl\u00e1nky, videa a jedine\u010dn\u00e9 report\u00e1\u017ee ze sv\u011bta cyklistiky.","potentialAction":[{"@type":"SearchAction","target":{"@type":"EntryPoint","urlTemplate":"https:\/\/www.welovecycling.com\/cs\/?s={search_term_string}"},"query-input":{"@type":"PropertyValueSpecification","valueRequired":true,"valueName":"search_term_string"}}],"inLanguage":"cs"},{"@type":"Person","@id":"https:\/\/www.welovecycling.com\/cs\/#\/schema\/person\/d9eeb0a378f3a7e4a6d12d2b536b04b8","name":"radekmalina","image":{"@type":"ImageObject","inLanguage":"cs","@id":"https:\/\/www.welovecycling.com\/cs\/#\/schema\/person\/image\/","url":"https:\/\/secure.gravatar.com\/avatar\/66994b632cb8c39a46b9f54afa3ae07201b678d32a54275b6f1c9ffec356bfc0?s=96&d=mm&r=g","contentUrl":"https:\/\/secure.gravatar.com\/avatar\/66994b632cb8c39a46b9f54afa3ae07201b678d32a54275b6f1c9ffec356bfc0?s=96&d=mm&r=g","caption":"radekmalina"},"url":"https:\/\/www.welovecycling.com\/cs\/author\/radekmalina\/"}]}},"_links":{"self":[{"href":"https:\/\/www.welovecycling.com\/cs\/wp-json\/wp\/v2\/posts\/27402","targetHints":{"allow":["GET"]}}],"collection":[{"href":"https:\/\/www.welovecycling.com\/cs\/wp-json\/wp\/v2\/posts"}],"about":[{"href":"https:\/\/www.welovecycling.com\/cs\/wp-json\/wp\/v2\/types\/post"}],"author":[{"embeddable":true,"href":"https:\/\/www.welovecycling.com\/cs\/wp-json\/wp\/v2\/users\/138"}],"replies":[{"embeddable":true,"href":"https:\/\/www.welovecycling.com\/cs\/wp-json\/wp\/v2\/comments?post=27402"}],"version-history":[{"count":5,"href":"https:\/\/www.welovecycling.com\/cs\/wp-json\/wp\/v2\/posts\/27402\/revisions"}],"predecessor-version":[{"id":27407,"href":"https:\/\/www.welovecycling.com\/cs\/wp-json\/wp\/v2\/posts\/27402\/revisions\/27407"}],"wp:featuredmedia":[{"embeddable":true,"href":"https:\/\/www.welovecycling.com\/cs\/wp-json\/wp\/v2\/media\/26581"}],"wp:attachment":[{"href":"https:\/\/www.welovecycling.com\/cs\/wp-json\/wp\/v2\/media?parent=27402"}],"wp:term":[{"taxonomy":"category","embeddable":true,"href":"https:\/\/www.welovecycling.com\/cs\/wp-json\/wp\/v2\/categories?post=27402"},{"taxonomy":"post_tag","embeddable":true,"href":"https:\/\/www.welovecycling.com\/cs\/wp-json\/wp\/v2\/tags?post=27402"},{"taxonomy":"global-categories","embeddable":true,"href":"https:\/\/www.welovecycling.com\/cs\/wp-json\/wp\/v2\/global-categories?post=27402"}],"curies":[{"name":"wp","href":"https:\/\/api.w.org\/{rel}","templated":true}]}}