{"id":27333,"date":"2024-10-13T19:34:21","date_gmt":"2024-10-13T17:34:21","guid":{"rendered":"https:\/\/www.welovecycling.com\/cs\/?p=27333"},"modified":"2024-10-13T21:42:31","modified_gmt":"2024-10-13T19:42:31","slug":"zlate-solo-martin-stosek-je-mistrem-evropy-v-gravelu","status":"publish","type":"post","link":"https:\/\/www.welovecycling.com\/cs\/2024\/10\/13\/zlate-solo-martin-stosek-je-mistrem-evropy-v-gravelu\/","title":{"rendered":"Zlat\u00e9 s\u00f3lo! Martin Sto\u0161ek je mistrem Evropy v gravelu"},"content":{"rendered":"<p><strong>Senza\u010dn\u00ed triumf! Po drtiv\u00e9m n\u00e1stupu a dlouh\u00e9 s\u00f3lov\u00e9 j\u00edzd\u011b slav\u00ed \u010desk\u00fd reprezentant Martin Sto\u0161ek zlato z mistrovstv\u00ed Evropy na gravelu. V italsk\u00e9m Asiagu t\u0159icetilet\u00fd z\u00e1vodn\u00edk formace Canyon Sidi napsal zlatou te\u010dku za sezonou. &#8222;Je to \u017eivotn\u00ed v\u00fdsledek, prvn\u00ed titul z mezin\u00e1rodn\u00ed akce. Je\u0161t\u011b pot\u0159ebuji \u010das, abych to po\u0159\u00e1dn\u011b vst\u0159ebal,&#8220; \u0159\u00edkal novope\u010den\u00fd kontinent\u00e1ln\u00ed \u0161ampion, kdy\u017e navl\u00e9kl trikot evropsk\u00e9ho vl\u00e1dce a kolem krku se mu houpala zlat\u00e1 medaile.<\/strong><\/p>\n<p>Z\u00e1vod dlouh\u00fd 153 kilometr\u016f s p\u0159ev\u00fd\u0161en\u00edm 2400 metr\u016f zvl\u00e1dl za 4:31:30 hodiny. Druh\u00fd Toby Perry z Velk\u00e9 Brit\u00e1nie ztratil 3 minuty a 44 vte\u0159in, t\u0159et\u00ed Jenno Berckmoes z Belgie zaostal je\u0161t\u011b o dal\u0161\u00edch p\u011btat\u0159icet vte\u0159in.<\/p>\n<h2><strong>Martin Sto\u0161ek, mistr Evropy v gravelu. Jak v\u00e1m tohle spojen\u00ed zn\u00ed?<\/strong><\/h2>\n<p>Jde o kr\u00e1snou zlatou te\u010dku za sezonou. Kdybych vyhr\u00e1l mistrovstv\u00ed Evropy v maratonu na horsk\u00fdch kolech, tak sk\u00e1\u010du do v\u00fd\u0161ky. Te\u010f bezprost\u0159edn\u011b po z\u00e1vod\u011b mi p\u0159ijde, \u017ee druh\u00e9 m\u00edsto z mistrovstv\u00ed sv\u011bta na horsk\u00fdch kolech minul\u00fd rok nebo st\u0159\u00edbro z Cape Epic ve mn\u011b zanechalo v\u011bt\u0161\u00ed stopu. P\u0159itom je jasn\u00e9, \u017ee titul z Evropy je m\u016fj dosavadn\u00ed nejv\u011bt\u0161\u00ed \u00fasp\u011bch. V\u017edy\u0165 je to prvn\u00ed mistrovsk\u00fd dres z mezin\u00e1rodn\u00edho \u0161ampion\u00e1tu. Asi je\u0161t\u011b pot\u0159ebuji \u010das, abych v\u0161echno vst\u0159ebal.<\/p>\n<h2><strong>V pl\u00e1nu jste m\u011bl start u\u017e na mistrovstv\u00ed sv\u011bta v gravelu prvn\u00ed \u0159\u00edjnovou ned\u011bli, ale do Belgie jste nakonec necestoval a zam\u011b\u0159il jste se na mistrovstv\u00ed Evropy v It\u00e1lii. Jednalo se o d\u016fsledek n\u00e1ro\u010dn\u00e9ho programu ze z\u00e1v\u011bru bikov\u00e9 sezony?<\/strong><\/h2>\n<p>Ano. Byli jsme s t\u00fdmem na mistrovstv\u00ed sv\u011bta v Americe ve Snowshoe, pak jsme je\u0161t\u011b jeli z\u00e1vod sv\u011btov\u00e9ho poh\u00e1ru v maratonu v Lake Placid, kde jsem byl druh\u00fd. Sm\u011brem k mistrovstv\u00ed sv\u011bta v gravelu jsem tu\u0161il, \u017ee to bude problematick\u00e9 psychicky i fyzicky po n\u00e1vratu p\u0159es oce\u00e1n. P\u0159ilet\u011bli jsme do \u010ceska v \u00fater\u00fd, ve \u010dtvrtek bych musel cestovat do Belgie, v ned\u011bli jet z\u00e1vod. Kdy\u017e jsem si p\u0159idal charakter trat\u011b na gravelov\u00e9m mistrovstv\u00ed sv\u011bta bylo jasn\u00e9, \u017ee bych musel b\u00fdt absolutn\u011b stoprocentn\u00ed pro bitvu o stupn\u011b v\u00edt\u011bz\u016f. A j\u00e1 se necht\u011bl jenom \u00fa\u010dastnit. Proto jsem si \u0159ekl, \u017ee se zam\u011b\u0159\u00edm na mistrovstv\u00ed Evropy.<\/p>\n<figure id=\"attachment_27334\" aria-describedby=\"caption-attachment-27334\" style=\"width: 1920px\" class=\"wp-caption alignnone\"><a href=\"https:\/\/d2p6e6u75xmxt8.cloudfront.net\/13\/2024\/10\/2024-10-13-11h36-52_Gaetan_Sportpic__-001-scaled.webp\"><img loading=\"lazy\" decoding=\"async\" class=\"size-extra-large wp-image-27334\" src=\"https:\/\/d2p6e6u75xmxt8.cloudfront.net\/13\/2024\/10\/2024-10-13-11h36-52_Gaetan_Sportpic__-001-1920x1280.webp\" alt=\"\" width=\"1920\" height=\"1280\" srcset=\"https:\/\/d2p6e6u75xmxt8.cloudfront.net\/13\/2024\/10\/2024-10-13-11h36-52_Gaetan_Sportpic__-001-1920x1280.webp 1920w, https:\/\/d2p6e6u75xmxt8.cloudfront.net\/13\/2024\/10\/2024-10-13-11h36-52_Gaetan_Sportpic__-001-300x200.webp 300w, https:\/\/d2p6e6u75xmxt8.cloudfront.net\/13\/2024\/10\/2024-10-13-11h36-52_Gaetan_Sportpic__-001-1024x683.webp 1024w, https:\/\/d2p6e6u75xmxt8.cloudfront.net\/13\/2024\/10\/2024-10-13-11h36-52_Gaetan_Sportpic__-001-768x512.webp 768w, https:\/\/d2p6e6u75xmxt8.cloudfront.net\/13\/2024\/10\/2024-10-13-11h36-52_Gaetan_Sportpic__-001-1536x1024.webp 1536w, https:\/\/d2p6e6u75xmxt8.cloudfront.net\/13\/2024\/10\/2024-10-13-11h36-52_Gaetan_Sportpic__-001-2048x1365.webp 2048w, https:\/\/d2p6e6u75xmxt8.cloudfront.net\/13\/2024\/10\/2024-10-13-11h36-52_Gaetan_Sportpic__-001-400x267.webp 400w, https:\/\/d2p6e6u75xmxt8.cloudfront.net\/13\/2024\/10\/2024-10-13-11h36-52_Gaetan_Sportpic__-001-272x182.webp 272w, https:\/\/d2p6e6u75xmxt8.cloudfront.net\/13\/2024\/10\/2024-10-13-11h36-52_Gaetan_Sportpic__-001-1920x1280.webp 1920w\" sizes=\"auto, (max-width: 1920px) 100vw, 1920px\" \/><\/a><figcaption id=\"caption-attachment-27334\" class=\"wp-caption-text\"><em>Martin Sto\u0161ek na trati mistrovstv\u00ed Evropy v gravelu v Asiagu.<\/em><\/figcaption><\/figure>\n<h2><strong>V It\u00e1lii se ve srovn\u00e1n\u00ed se sv\u011btov\u00fdm \u0161ampion\u00e1tem v Belgii jelo na pom\u011brn\u011b drsn\u00e9 trati, kter\u00e1 m\u011bla p\u0159ev\u00fd\u0161en\u00ed 2400 metr\u016f na 153 kilometrech. Byl to profil podle va\u0161eho gusta?<\/strong><\/h2>\n<p>Kdy\u017e jsem vid\u011bl profil a zjistil, jak bude tra\u0165 vypadat, m\u011bl jsem radost. Bylo to perfektn\u00ed. Bylo to podobn\u00e9 n\u011bkter\u00fdm m\u00e1lo technick\u00fdm maraton\u016fm. Kdyby se evropsk\u00fd \u0161ampion\u00e1t jel n\u011bkde u mo\u0159e kolem Ben\u00e1tek, zva\u017eoval bych \u00fa\u010dast pe\u010dliv\u011bji. Tam by toti\u017e rozhodovala jenom taktika jako na silnici. Podoba z\u00e1vodu v Asiagu mi hr\u00e1la do karet. M\u011bl jsem po n\u00e1vratu z Ameriky prostor je\u0161t\u011b kvalitn\u011b tr\u00e9novat. P\u0159\u00e1lo mi po\u010das\u00ed a z\u016fstal jsem v hodn\u011b kvalitn\u00ed p\u0159\u00edprav\u011b. Byl jsem pro Evropu skv\u011ble nachystan\u00fd.<\/p>\n<h2><strong>Trasa byla velice kamenit\u00e1, m\u00edsty rozbit\u00e1, po poln\u00edch cest\u00e1ch. Proti mistrovstv\u00ed sv\u011bta tot\u00e1ln\u011b odli\u0161n\u00e1. Ur\u010dil \u0161ampion\u00e1t skute\u010dn\u00e9ho gravelov\u00e9ho \u0161ampiona?<\/strong><\/h2>\n<p>Je ot\u00e1zka, co je vlastn\u011b p\u0159esn\u00e1 definice gravelu. Obecn\u011b b\u00fdvaj\u00ed gravelov\u00e9 z\u00e1vody asi m\u00e9n\u011b kopcovit\u00e9, by\u0165 v Belgii na mistrovstv\u00ed sv\u011bta se jelo prakticky bez kopc\u016f. Ka\u017edop\u00e1dn\u011b evropsk\u00fd \u0161ampion\u00e1t byl hodn\u011b t\u011b\u017ek\u00fd. Povrch byl velice n\u00e1chyln\u00fd k defekt\u016fm. Charakterov\u011b \u0161lo sp\u00ed\u0161e o maratonsk\u00fd z\u00e1vod, p\u0159i n\u011bm\u017e odpadne taktick\u00fd prvek a jde \u010dist\u011b o v\u00fdkonnost.<\/p>\n<figure id=\"attachment_27340\" aria-describedby=\"caption-attachment-27340\" style=\"width: 1920px\" class=\"wp-caption alignnone\"><a href=\"https:\/\/d2p6e6u75xmxt8.cloudfront.net\/13\/2024\/10\/2024-10-13-15h31-19_Gaetan_Sportpic__-009-scaled.webp\"><img loading=\"lazy\" decoding=\"async\" class=\"size-extra-large wp-image-27340\" src=\"https:\/\/d2p6e6u75xmxt8.cloudfront.net\/13\/2024\/10\/2024-10-13-15h31-19_Gaetan_Sportpic__-009-1920x1280.webp\" alt=\"\" width=\"1920\" height=\"1280\" srcset=\"https:\/\/d2p6e6u75xmxt8.cloudfront.net\/13\/2024\/10\/2024-10-13-15h31-19_Gaetan_Sportpic__-009-1920x1280.webp 1920w, https:\/\/d2p6e6u75xmxt8.cloudfront.net\/13\/2024\/10\/2024-10-13-15h31-19_Gaetan_Sportpic__-009-300x200.webp 300w, https:\/\/d2p6e6u75xmxt8.cloudfront.net\/13\/2024\/10\/2024-10-13-15h31-19_Gaetan_Sportpic__-009-1024x683.webp 1024w, https:\/\/d2p6e6u75xmxt8.cloudfront.net\/13\/2024\/10\/2024-10-13-15h31-19_Gaetan_Sportpic__-009-768x512.webp 768w, https:\/\/d2p6e6u75xmxt8.cloudfront.net\/13\/2024\/10\/2024-10-13-15h31-19_Gaetan_Sportpic__-009-1536x1024.webp 1536w, https:\/\/d2p6e6u75xmxt8.cloudfront.net\/13\/2024\/10\/2024-10-13-15h31-19_Gaetan_Sportpic__-009-2048x1365.webp 2048w, https:\/\/d2p6e6u75xmxt8.cloudfront.net\/13\/2024\/10\/2024-10-13-15h31-19_Gaetan_Sportpic__-009-400x267.webp 400w, https:\/\/d2p6e6u75xmxt8.cloudfront.net\/13\/2024\/10\/2024-10-13-15h31-19_Gaetan_Sportpic__-009-272x182.webp 272w, https:\/\/d2p6e6u75xmxt8.cloudfront.net\/13\/2024\/10\/2024-10-13-15h31-19_Gaetan_Sportpic__-009-1920x1280.webp 1920w\" sizes=\"auto, (max-width: 1920px) 100vw, 1920px\" \/><\/a><figcaption id=\"caption-attachment-27340\" class=\"wp-caption-text\"><em><a href=\"https:\/\/mtbdata.com\/riders\/stosek-martin\">Martin Sto\u0161ek<\/a> slav\u00ed v\u00edt\u011bzstv\u00ed na mistrovstv\u00ed Evropy v gravelu.<\/em><\/figcaption><\/figure>\n<h2><strong>Jak\u00fd jste zvolil pro mistrovstv\u00ed Evropy materi\u00e1l?<\/strong><\/h2>\n<p>Mysl\u00edm, \u017ee na horsk\u00e9m kole by z\u00e1vod nebyl o mnoho pomalej\u0161\u00ed. Bylo to nebezpe\u010dn\u00e9 na defekty. Raz\u00edm teorii, \u017ee \u010d\u00edm tlust\u0161\u00ed je pl\u00e1\u0161\u0165, t\u00edm lep\u0161\u00ed. A je\u0161t\u011b si je fouk\u00e1m na hodn\u011b vysok\u00fd tlak p\u0159es dva bary. Ve srovn\u00e1n\u00ed s bikem vlastn\u011b dvakr\u00e1t tolik. Ale nem\u016f\u017ee to b\u00fdt prost\u011b jako \u017ev\u00fdka\u010dka na cyklokrosov\u00e9 kolo. Riziko pr\u016frazu se p\u0159i vysok\u00e9m tlaku zmen\u0161uje. Kolo je sice h\u016f\u0159e ovladateln\u00e9, ale je to n\u011bco za n\u011bco. Pro Asiago jsem pou\u017eil \u00fapln\u011b hladk\u00e9 gumy \u0161\u00ed\u0159ky p\u011bta\u010dty\u0159icet milimetr\u016f, jen po stran\u00e1ch byl vzorek. Kdybych do r\u00e1mu kola dostal \u0161ir\u0161\u00ed, nasad\u00edm je\u0161t\u011b \u0161ir\u0161\u00ed. Ve sjezdu to hraje toti\u017e obrovskou roli.<\/p>\n<div class=\"shortcode-ys-post-pinup\"><article class=\"loop-simple post-27326 post type-post status-publish format-standard has-post-thumbnail hentry category-silnicni-cyklistika tag-cyklistika tag-giro-2024 tag-kolem-lombardie tag-silnicni-cyklistika tag-tadej-pogacar tag-tour-de-france global-categories-cycling\" data-postid=\"27326\" role=\"article\" data-post-id=\"27326\" data-word-count=\"353\" data-headline-length=\"56\" data-category=\"Silni\u010dn\u00ed cyklistika\" data-global-category=\"Cycling\" data-author=\"We Love Cycling\" data-published=\"2024-10-13T11:34:59+02:00\" data-published-day=\"Sunday\">\n    <div class=\"entry-thumbnail article-thumbnail\" content=\"https:\/\/d2p6e6u75xmxt8.cloudfront.net\/13\/2024\/10\/profimedia-0920400260-150x150.webp\"><a href=\"https:\/\/www.welovecycling.com\/cs\/2024\/10\/13\/dalsi-exhibice-tadej-pogacar-vyrovnal-fausta-coppiho\/\" class=\"image-holder\" target=\"_self\"><img decoding=\"async\" loading=\"lazy\" class=\"\" src=\"https:\/\/d2p6e6u75xmxt8.cloudfront.net\/13\/2024\/10\/profimedia-0920400260-1024x683.webp\" srcset=\"https:\/\/d2p6e6u75xmxt8.cloudfront.net\/13\/2024\/10\/profimedia-0920400260.webp 1800w, https:\/\/d2p6e6u75xmxt8.cloudfront.net\/13\/2024\/10\/profimedia-0920400260-300x200.webp 300w, https:\/\/d2p6e6u75xmxt8.cloudfront.net\/13\/2024\/10\/profimedia-0920400260-1024x683.webp 1024w, https:\/\/d2p6e6u75xmxt8.cloudfront.net\/13\/2024\/10\/profimedia-0920400260-768x512.webp 768w, https:\/\/d2p6e6u75xmxt8.cloudfront.net\/13\/2024\/10\/profimedia-0920400260-1536x1024.webp 1536w, https:\/\/d2p6e6u75xmxt8.cloudfront.net\/13\/2024\/10\/profimedia-0920400260-400x267.webp 400w, https:\/\/d2p6e6u75xmxt8.cloudfront.net\/13\/2024\/10\/profimedia-0920400260-272x182.webp 272w\" width=\"1024\" height=\"683\" sizes=\"auto, (min-width: 1200px) 300px, (min-width: 768px) 25vw, 100vw\" alt=\"dalsi-exhibice-tadej-pogacar-vyrovnal-fausta-coppiho\"\/><\/a><\/div>    <div class=\"entry-meta\">\n        <a class=\"label label-secondary post-category\" href=\"https:\/\/www.welovecycling.com\/cs\/category\/silnicni-cyklistika\/\" title=\"Silni\u010dn\u00ed cyklistika\">Silni\u010dn\u00ed cyklistika<\/a>\n    <\/div>\n    <div class=\"entry-details\">\n        <a href=\"https:\/\/www.welovecycling.com\/cs\/2024\/10\/13\/dalsi-exhibice-tadej-pogacar-vyrovnal-fausta-coppiho\/\" class='entry-title-wrapper'>\n            <h3 class=\"entry-title\"><span>Dal\u0161\u00ed exhibice! Tadej Poga\u010dar vyrovnal Fausta Coppiho<\/span><\/h3>\n        <\/a>\n    <\/div>\n    <\/article>\n<\/div>\n<h2><strong>Pro titul jste si dojel s velk\u00fdm n\u00e1skokem po \u00fatoku daleko p\u0159ed c\u00edlem. Byl to pl\u00e1n?<\/strong><\/h2>\n<p>Od prvn\u00edch kilometr\u016f jsem se cht\u011bl dr\u017eet vp\u0159edu. Start byl hodn\u011b rychl\u00fd a dostali jsme se na \u010delo ve t\u0159ech, nicm\u00e9n\u011b \u0161lo o kontrolovan\u00e9 tempo. Necht\u011bl jsem b\u00fdt v \u00faniku sto pades\u00e1t kilometr\u016f. Kdy\u017e se z\u00e1vodn\u00ed pole zase spojilo, d\u00e1l jsem z\u016fst\u00e1val na \u010dele. B\u011bhem druh\u00e9ho pades\u00e1tikilometrov\u00e9ho okruhu jsem si odpo\u010dinul a zmapoval soupe\u0159e. Prvn\u00ed polovina okruhu byla cel\u00e1 ve stoup\u00e1n\u00ed, druh\u00e1 byla sp\u00ed\u0161e klesav\u00e1. Soupe\u0159i nebyli tak siln\u00ed v kopc\u00edch, tud\u00ed\u017e jsem se rozhodl po \u0161esti kilometrech z\u00e1v\u011bre\u010dn\u00e9ho kola vyrazit do \u00fatoku a dal\u0161\u00edch devaten\u00e1ct kil\u00e1k\u016f jsem jel tot\u00e1ln\u00ed doraz.\u00a0 Jel jsem vlastn\u011b hodinu na hran\u011b. Cht\u011bl jsem si vytvo\u0159it n\u00e1skok do klesav\u00e9 pas\u00e1\u017ee, kter\u00e1 byla rizikov\u00e1 z hlediska defekt\u016f.<\/p>\n<h2><strong>Vychutnal jste si dojezd pro zlato s v\u011bdom\u00edm ob\u0159\u00edho n\u00e1skoku?<\/strong><\/h2>\n<p>V polovin\u011b okruhu mi doprovodn\u00fd motork\u00e1\u0159 \u0159ekl, \u017ee m\u00e1m odstup od pron\u00e1sledovatel\u016f asi t\u0159i minuty. J\u00e1 tu\u0161il, \u017ee mezera bude velk\u00e1, proto\u017ee hned p\u0159i n\u00e1stupu jsem rychle odsko\u010dil. A pak byly na trati je\u0161t\u011b velk\u00e9 kopce. Po\u010d\u00edtal jsem s minutou, mo\u017en\u00e1 minutou a p\u016fl. \u017de jsem m\u011bl t\u00e9m\u011b\u0159 t\u0159i minuty bylo dokonal\u00e9. Asi deset kilometr\u016f p\u0159ed c\u00edlem byl na trase n\u00e1\u0161 t\u00fdmov\u00fd mechanik, tak\u017ee u\u017e jsem m\u011bl informace velice p\u0159esn\u00e9 a jel jsem na pohodu.<\/p>\n<figure id=\"attachment_27347\" aria-describedby=\"caption-attachment-27347\" style=\"width: 1536px\" class=\"wp-caption alignnone\"><a href=\"https:\/\/d2p6e6u75xmxt8.cloudfront.net\/13\/2024\/10\/2024-10-13-16h01-57_Gaetan_Sportpic__-018-scaled.webp\"><img loading=\"lazy\" decoding=\"async\" class=\"size-extra-large wp-image-27347\" src=\"https:\/\/d2p6e6u75xmxt8.cloudfront.net\/13\/2024\/10\/2024-10-13-16h01-57_Gaetan_Sportpic__-018-1536x1920.webp\" alt=\"\" width=\"1536\" height=\"1920\" srcset=\"https:\/\/d2p6e6u75xmxt8.cloudfront.net\/13\/2024\/10\/2024-10-13-16h01-57_Gaetan_Sportpic__-018-1536x1920.webp 1536w, https:\/\/d2p6e6u75xmxt8.cloudfront.net\/13\/2024\/10\/2024-10-13-16h01-57_Gaetan_Sportpic__-018-240x300.webp 240w, https:\/\/d2p6e6u75xmxt8.cloudfront.net\/13\/2024\/10\/2024-10-13-16h01-57_Gaetan_Sportpic__-018-819x1024.webp 819w, https:\/\/d2p6e6u75xmxt8.cloudfront.net\/13\/2024\/10\/2024-10-13-16h01-57_Gaetan_Sportpic__-018-768x960.webp 768w, https:\/\/d2p6e6u75xmxt8.cloudfront.net\/13\/2024\/10\/2024-10-13-16h01-57_Gaetan_Sportpic__-018-1229x1536.webp 1229w, https:\/\/d2p6e6u75xmxt8.cloudfront.net\/13\/2024\/10\/2024-10-13-16h01-57_Gaetan_Sportpic__-018-1639x2048.webp 1639w, https:\/\/d2p6e6u75xmxt8.cloudfront.net\/13\/2024\/10\/2024-10-13-16h01-57_Gaetan_Sportpic__-018-320x400.webp 320w, https:\/\/d2p6e6u75xmxt8.cloudfront.net\/13\/2024\/10\/2024-10-13-16h01-57_Gaetan_Sportpic__-018-scaled.webp 2048w, https:\/\/d2p6e6u75xmxt8.cloudfront.net\/13\/2024\/10\/2024-10-13-16h01-57_Gaetan_Sportpic__-018-1536x1920.webp 1536w\" sizes=\"auto, (max-width: 1536px) 100vw, 1536px\" \/><\/a><figcaption id=\"caption-attachment-27347\" class=\"wp-caption-text\"><em>Martin Sto\u0161ek se zlatou medail\u00ed z mistrovstv\u00ed Evropy v gravelu.\u00a0<\/em><\/figcaption><\/figure>\n<h2><strong>Bude <a href=\"https:\/\/www.welovecycling.com\/cs\/2022\/04\/25\/podcast-martin-stosek-maratonem-se-da-uzivit-ale-az-skoncim-budu-pracovat\/\">Martin Sto\u0161ek<\/a> v dresu kontinent\u00e1ln\u00edho \u0161ampiona startovat v p\u0159\u00ed\u0161t\u00edm roce na gravelov\u00fdch z\u00e1vodech \u010dast\u011bji?<\/strong><\/h2>\n<p>Ur\u010dit\u011b pro m\u011b z\u016fstane priorou maraton. Teprve letos v \u010dervenci jsem jel ve Villars gravelov\u00fd z\u00e1vod poprv\u00e9 a skon\u010dilo to bronzem. Pak jsem z\u00edskal titul \u010desk\u00e9ho mistra. Popularitu gravelu raketov\u011b roste a je dobr\u00e9 v\u011bd\u011bt, \u017ee jsem v discipl\u00edn\u011b dobr\u00fd. Tak\u017ee beru jako povinnost uk\u00e1zat dres evropsk\u00e9ho \u0161ampiona b\u011bhem p\u0159\u00ed\u0161t\u00ed sezony, ale bude z\u00e1le\u017eet na t\u00fdmov\u00e9m programu.<\/p>\n<h2><strong>Evropsk\u00fd titul je te\u010dkou za sezonou 2024. Jak\u00e1 z va\u0161eho pohledu byla?<\/strong><\/h2>\n<p>Vyhr\u00e1li jsme jako t\u00fdm Canyon Sidi bikov\u00fd z\u00e1vod Transalp, byl jsem p\u00e1t\u00fd na mistrovstv\u00ed Evropy v maratonu, \u0161est\u00fd na mistrovstv\u00ed sv\u011bta. Z\u00edskal jsem titul mistra republiky v maratonu a na gravelu. Povedly se i dal\u0161\u00ed z\u00e1vody. Ale Cape Epic a mistrovstv\u00ed sv\u011bta stupn\u011b v\u00edt\u011bz\u016f nep\u0159inesly, co\u017e radost kal\u00ed. Nicm\u00e9n\u011b se zlatem z mistrovstv\u00ed Evropy je to v\u00e1\u017en\u011b par\u00e1dn\u00ed te\u010dka.<\/p>\n<p><em>Foto: flandersclassics.be<\/em><\/p>\n","protected":false},"excerpt":{"rendered":"<p>Senza\u010dn\u00ed triumf! Po drtiv\u00e9m n\u00e1stupu a dlouh\u00e9 s\u00f3lov\u00e9 j\u00edzd\u011b slav\u00ed \u010desk\u00fd reprezentant Martin Sto\u0161ek zlato z mistrovstv\u00ed Evropy na gravelu. [&hellip;]<\/p>\n","protected":false},"author":138,"featured_media":27344,"comment_status":"open","ping_status":"open","sticky":false,"template":"","format":"standard","meta":{"footnotes":""},"categories":[2602],"tags":[3851,3854,126,3853,2001,863,3850,1290,3852],"global-categories":[411],"class_list":["post-27333","post","type-post","status-publish","format-standard","has-post-thumbnail","hentry","category-gravel","tag-asiago","tag-canyon-sidi","tag-cyklistika","tag-evropsky-sampion","tag-gravel","tag-martin-stosek","tag-me-2024","tag-mistrovstvi-evropy","tag-titul-mistra-evropy","global-categories-cycling"],"yoast_head":"<!-- This site is optimized with the Yoast SEO Premium plugin v25.3 (Yoast SEO v25.9) - https:\/\/yoast.com\/wordpress\/plugins\/seo\/ -->\n<title>Zlat\u00e9 s\u00f3lo! Martin Sto\u0161ek je mistrem Evropy v gravelu | \u0160koda We Love Cycling - \u010cesk\u00e1 republika<\/title>\n<meta name=\"description\" content=\"Senza\u010dn\u00ed triumf! Martin Sto\u0161ek vybojoval zlato z mistrovstv\u00ed Evropy na gravelu. &quot;Je to \u017eivotn\u00ed v\u00fdsledek. Je\u0161t\u011b pot\u0159ebuji \u010das, abych to po\u0159\u00e1dn\u011b vst\u0159ebal.&quot;\" \/>\n<meta name=\"robots\" content=\"index, follow, max-snippet:-1, max-image-preview:large, max-video-preview:-1\" \/>\n<link rel=\"canonical\" href=\"https:\/\/www.welovecycling.com\/cs\/2024\/10\/13\/zlate-solo-martin-stosek-je-mistrem-evropy-v-gravelu\/\" \/>\n<meta property=\"og:locale\" content=\"cs_CZ\" \/>\n<meta property=\"og:type\" content=\"article\" \/>\n<meta property=\"og:title\" content=\"Zlat\u00e9 s\u00f3lo! Martin Sto\u0161ek je mistrem Evropy v gravelu\" \/>\n<meta property=\"og:description\" content=\"Senza\u010dn\u00ed triumf! Martin Sto\u0161ek vybojoval zlato z mistrovstv\u00ed Evropy na gravelu. &quot;Je to \u017eivotn\u00ed v\u00fdsledek. Je\u0161t\u011b pot\u0159ebuji \u010das, abych to po\u0159\u00e1dn\u011b vst\u0159ebal.&quot;\" \/>\n<meta property=\"og:url\" content=\"https:\/\/www.welovecycling.com\/cs\/2024\/10\/13\/zlate-solo-martin-stosek-je-mistrem-evropy-v-gravelu\/\" \/>\n<meta property=\"og:site_name\" content=\"\u0160koda We Love Cycling - \u010cesk\u00e1 republika\" \/>\n<meta property=\"article:published_time\" content=\"2024-10-13T17:34:21+00:00\" \/>\n<meta property=\"article:modified_time\" content=\"2024-10-13T19:42:31+00:00\" \/>\n<meta property=\"og:image\" content=\"https:\/\/d2p6e6u75xmxt8.cloudfront.net\/13\/2024\/10\/2024-10-13-15h31-51_Gaetan_Sportpic__-014-STOSEK-scaled.webp\" \/>\n\t<meta property=\"og:image:width\" content=\"2560\" \/>\n\t<meta property=\"og:image:height\" content=\"1706\" \/>\n\t<meta property=\"og:image:type\" content=\"image\/webp\" \/>\n<meta name=\"author\" content=\"radekmalina\" \/>\n<meta name=\"twitter:card\" content=\"summary_large_image\" \/>\n<meta name=\"twitter:label1\" content=\"Written by\" \/>\n\t<meta name=\"twitter:data1\" content=\"We Love Cycling\" \/>\n\t<meta name=\"twitter:label2\" content=\"Est. reading time\" \/>\n\t<meta name=\"twitter:data2\" content=\"5\" \/>\n<script type=\"application\/ld+json\" class=\"yoast-schema-graph\">{\"@context\":\"https:\/\/schema.org\",\"@graph\":[{\"@type\":\"WebPage\",\"@id\":\"https:\/\/www.welovecycling.com\/cs\/2024\/10\/13\/zlate-solo-martin-stosek-je-mistrem-evropy-v-gravelu\/\",\"url\":\"https:\/\/www.welovecycling.com\/cs\/2024\/10\/13\/zlate-solo-martin-stosek-je-mistrem-evropy-v-gravelu\/\",\"name\":\"Zlat\u00e9 s\u00f3lo! Martin Sto\u0161ek je mistrem Evropy v gravelu | \u0160koda We Love Cycling - \u010cesk\u00e1 republika\",\"isPartOf\":{\"@id\":\"https:\/\/www.welovecycling.com\/cs\/#website\"},\"primaryImageOfPage\":{\"@id\":\"https:\/\/www.welovecycling.com\/cs\/2024\/10\/13\/zlate-solo-martin-stosek-je-mistrem-evropy-v-gravelu\/#primaryimage\"},\"image\":{\"@id\":\"https:\/\/www.welovecycling.com\/cs\/2024\/10\/13\/zlate-solo-martin-stosek-je-mistrem-evropy-v-gravelu\/#primaryimage\"},\"thumbnailUrl\":\"https:\/\/d2p6e6u75xmxt8.cloudfront.net\/13\/2024\/10\/2024-10-13-15h31-51_Gaetan_Sportpic__-014-STOSEK-scaled.webp\",\"datePublished\":\"2024-10-13T17:34:21+00:00\",\"dateModified\":\"2024-10-13T19:42:31+00:00\",\"author\":{\"@id\":\"https:\/\/www.welovecycling.com\/cs\/#\/schema\/person\/d9eeb0a378f3a7e4a6d12d2b536b04b8\"},\"description\":\"Senza\u010dn\u00ed triumf! Martin Sto\u0161ek vybojoval zlato z mistrovstv\u00ed Evropy na gravelu. \\\"Je to \u017eivotn\u00ed v\u00fdsledek. Je\u0161t\u011b pot\u0159ebuji \u010das, abych to po\u0159\u00e1dn\u011b vst\u0159ebal.\\\"\",\"inLanguage\":\"cs\",\"potentialAction\":[{\"@type\":\"ReadAction\",\"target\":[\"https:\/\/www.welovecycling.com\/cs\/2024\/10\/13\/zlate-solo-martin-stosek-je-mistrem-evropy-v-gravelu\/\"]}]},{\"@type\":\"ImageObject\",\"inLanguage\":\"cs\",\"@id\":\"https:\/\/www.welovecycling.com\/cs\/2024\/10\/13\/zlate-solo-martin-stosek-je-mistrem-evropy-v-gravelu\/#primaryimage\",\"url\":\"https:\/\/d2p6e6u75xmxt8.cloudfront.net\/13\/2024\/10\/2024-10-13-15h31-51_Gaetan_Sportpic__-014-STOSEK-scaled.webp\",\"contentUrl\":\"https:\/\/d2p6e6u75xmxt8.cloudfront.net\/13\/2024\/10\/2024-10-13-15h31-51_Gaetan_Sportpic__-014-STOSEK-scaled.webp\",\"width\":2560,\"height\":1706,\"caption\":\"Martin Sto\u0161ek je mistr Evropy na gravelu\"},{\"@type\":\"WebSite\",\"@id\":\"https:\/\/www.welovecycling.com\/cs\/#website\",\"url\":\"https:\/\/www.welovecycling.com\/cs\/\",\"name\":\"\u0160koda We Love Cycling - \u010cesk\u00e1 republika\",\"description\":\"WeLoveCycling.cz je online magaz\u00edn, kter\u00fd v\u00e1m pravideln\u011b p\u0159in\u00e1\u0161\u00ed rady a tipy, zaj\u00edmav\u00e9 \u010dl\u00e1nky, videa a jedine\u010dn\u00e9 report\u00e1\u017ee ze sv\u011bta cyklistiky.\",\"potentialAction\":[{\"@type\":\"SearchAction\",\"target\":{\"@type\":\"EntryPoint\",\"urlTemplate\":\"https:\/\/www.welovecycling.com\/cs\/?s={search_term_string}\"},\"query-input\":{\"@type\":\"PropertyValueSpecification\",\"valueRequired\":true,\"valueName\":\"search_term_string\"}}],\"inLanguage\":\"cs\"},{\"@type\":\"Person\",\"@id\":\"https:\/\/www.welovecycling.com\/cs\/#\/schema\/person\/d9eeb0a378f3a7e4a6d12d2b536b04b8\",\"name\":\"radekmalina\",\"image\":{\"@type\":\"ImageObject\",\"inLanguage\":\"cs\",\"@id\":\"https:\/\/www.welovecycling.com\/cs\/#\/schema\/person\/image\/\",\"url\":\"https:\/\/secure.gravatar.com\/avatar\/66994b632cb8c39a46b9f54afa3ae07201b678d32a54275b6f1c9ffec356bfc0?s=96&d=mm&r=g\",\"contentUrl\":\"https:\/\/secure.gravatar.com\/avatar\/66994b632cb8c39a46b9f54afa3ae07201b678d32a54275b6f1c9ffec356bfc0?s=96&d=mm&r=g\",\"caption\":\"radekmalina\"},\"url\":\"https:\/\/www.welovecycling.com\/cs\/author\/radekmalina\/\"}]}<\/script>\n<!-- \/ Yoast SEO Premium plugin. -->","yoast_head_json":{"title":"Zlat\u00e9 s\u00f3lo! Martin Sto\u0161ek je mistrem Evropy v gravelu | \u0160koda We Love Cycling - \u010cesk\u00e1 republika","description":"Senza\u010dn\u00ed triumf! Martin Sto\u0161ek vybojoval zlato z mistrovstv\u00ed Evropy na gravelu. \"Je to \u017eivotn\u00ed v\u00fdsledek. Je\u0161t\u011b pot\u0159ebuji \u010das, abych to po\u0159\u00e1dn\u011b vst\u0159ebal.\"","robots":{"index":"index","follow":"follow","max-snippet":"max-snippet:-1","max-image-preview":"max-image-preview:large","max-video-preview":"max-video-preview:-1"},"canonical":"https:\/\/www.welovecycling.com\/cs\/2024\/10\/13\/zlate-solo-martin-stosek-je-mistrem-evropy-v-gravelu\/","og_locale":"cs_CZ","og_type":"article","og_title":"Zlat\u00e9 s\u00f3lo! Martin Sto\u0161ek je mistrem Evropy v gravelu","og_description":"Senza\u010dn\u00ed triumf! Martin Sto\u0161ek vybojoval zlato z mistrovstv\u00ed Evropy na gravelu. \"Je to \u017eivotn\u00ed v\u00fdsledek. Je\u0161t\u011b pot\u0159ebuji \u010das, abych to po\u0159\u00e1dn\u011b vst\u0159ebal.\"","og_url":"https:\/\/www.welovecycling.com\/cs\/2024\/10\/13\/zlate-solo-martin-stosek-je-mistrem-evropy-v-gravelu\/","og_site_name":"\u0160koda We Love Cycling - \u010cesk\u00e1 republika","article_published_time":"2024-10-13T17:34:21+00:00","article_modified_time":"2024-10-13T19:42:31+00:00","og_image":[{"width":2560,"height":1706,"url":"https:\/\/d2p6e6u75xmxt8.cloudfront.net\/13\/2024\/10\/2024-10-13-15h31-51_Gaetan_Sportpic__-014-STOSEK-scaled.webp","type":"image\/webp"}],"author":"radekmalina","twitter_card":"summary_large_image","twitter_misc":{"Written by":"We Love Cycling","Est. reading time":"5"},"schema":{"@context":"https:\/\/schema.org","@graph":[{"@type":"WebPage","@id":"https:\/\/www.welovecycling.com\/cs\/2024\/10\/13\/zlate-solo-martin-stosek-je-mistrem-evropy-v-gravelu\/","url":"https:\/\/www.welovecycling.com\/cs\/2024\/10\/13\/zlate-solo-martin-stosek-je-mistrem-evropy-v-gravelu\/","name":"Zlat\u00e9 s\u00f3lo! Martin Sto\u0161ek je mistrem Evropy v gravelu | \u0160koda We Love Cycling - \u010cesk\u00e1 republika","isPartOf":{"@id":"https:\/\/www.welovecycling.com\/cs\/#website"},"primaryImageOfPage":{"@id":"https:\/\/www.welovecycling.com\/cs\/2024\/10\/13\/zlate-solo-martin-stosek-je-mistrem-evropy-v-gravelu\/#primaryimage"},"image":{"@id":"https:\/\/www.welovecycling.com\/cs\/2024\/10\/13\/zlate-solo-martin-stosek-je-mistrem-evropy-v-gravelu\/#primaryimage"},"thumbnailUrl":"https:\/\/d2p6e6u75xmxt8.cloudfront.net\/13\/2024\/10\/2024-10-13-15h31-51_Gaetan_Sportpic__-014-STOSEK-scaled.webp","datePublished":"2024-10-13T17:34:21+00:00","dateModified":"2024-10-13T19:42:31+00:00","author":{"@id":"https:\/\/www.welovecycling.com\/cs\/#\/schema\/person\/d9eeb0a378f3a7e4a6d12d2b536b04b8"},"description":"Senza\u010dn\u00ed triumf! Martin Sto\u0161ek vybojoval zlato z mistrovstv\u00ed Evropy na gravelu. \"Je to \u017eivotn\u00ed v\u00fdsledek. Je\u0161t\u011b pot\u0159ebuji \u010das, abych to po\u0159\u00e1dn\u011b vst\u0159ebal.\"","inLanguage":"cs","potentialAction":[{"@type":"ReadAction","target":["https:\/\/www.welovecycling.com\/cs\/2024\/10\/13\/zlate-solo-martin-stosek-je-mistrem-evropy-v-gravelu\/"]}]},{"@type":"ImageObject","inLanguage":"cs","@id":"https:\/\/www.welovecycling.com\/cs\/2024\/10\/13\/zlate-solo-martin-stosek-je-mistrem-evropy-v-gravelu\/#primaryimage","url":"https:\/\/d2p6e6u75xmxt8.cloudfront.net\/13\/2024\/10\/2024-10-13-15h31-51_Gaetan_Sportpic__-014-STOSEK-scaled.webp","contentUrl":"https:\/\/d2p6e6u75xmxt8.cloudfront.net\/13\/2024\/10\/2024-10-13-15h31-51_Gaetan_Sportpic__-014-STOSEK-scaled.webp","width":2560,"height":1706,"caption":"Martin Sto\u0161ek je mistr Evropy na gravelu"},{"@type":"WebSite","@id":"https:\/\/www.welovecycling.com\/cs\/#website","url":"https:\/\/www.welovecycling.com\/cs\/","name":"\u0160koda We Love Cycling - \u010cesk\u00e1 republika","description":"WeLoveCycling.cz je online magaz\u00edn, kter\u00fd v\u00e1m pravideln\u011b p\u0159in\u00e1\u0161\u00ed rady a tipy, zaj\u00edmav\u00e9 \u010dl\u00e1nky, videa a jedine\u010dn\u00e9 report\u00e1\u017ee ze sv\u011bta cyklistiky.","potentialAction":[{"@type":"SearchAction","target":{"@type":"EntryPoint","urlTemplate":"https:\/\/www.welovecycling.com\/cs\/?s={search_term_string}"},"query-input":{"@type":"PropertyValueSpecification","valueRequired":true,"valueName":"search_term_string"}}],"inLanguage":"cs"},{"@type":"Person","@id":"https:\/\/www.welovecycling.com\/cs\/#\/schema\/person\/d9eeb0a378f3a7e4a6d12d2b536b04b8","name":"radekmalina","image":{"@type":"ImageObject","inLanguage":"cs","@id":"https:\/\/www.welovecycling.com\/cs\/#\/schema\/person\/image\/","url":"https:\/\/secure.gravatar.com\/avatar\/66994b632cb8c39a46b9f54afa3ae07201b678d32a54275b6f1c9ffec356bfc0?s=96&d=mm&r=g","contentUrl":"https:\/\/secure.gravatar.com\/avatar\/66994b632cb8c39a46b9f54afa3ae07201b678d32a54275b6f1c9ffec356bfc0?s=96&d=mm&r=g","caption":"radekmalina"},"url":"https:\/\/www.welovecycling.com\/cs\/author\/radekmalina\/"}]}},"_links":{"self":[{"href":"https:\/\/www.welovecycling.com\/cs\/wp-json\/wp\/v2\/posts\/27333","targetHints":{"allow":["GET"]}}],"collection":[{"href":"https:\/\/www.welovecycling.com\/cs\/wp-json\/wp\/v2\/posts"}],"about":[{"href":"https:\/\/www.welovecycling.com\/cs\/wp-json\/wp\/v2\/types\/post"}],"author":[{"embeddable":true,"href":"https:\/\/www.welovecycling.com\/cs\/wp-json\/wp\/v2\/users\/138"}],"replies":[{"embeddable":true,"href":"https:\/\/www.welovecycling.com\/cs\/wp-json\/wp\/v2\/comments?post=27333"}],"version-history":[{"count":6,"href":"https:\/\/www.welovecycling.com\/cs\/wp-json\/wp\/v2\/posts\/27333\/revisions"}],"predecessor-version":[{"id":27353,"href":"https:\/\/www.welovecycling.com\/cs\/wp-json\/wp\/v2\/posts\/27333\/revisions\/27353"}],"wp:featuredmedia":[{"embeddable":true,"href":"https:\/\/www.welovecycling.com\/cs\/wp-json\/wp\/v2\/media\/27344"}],"wp:attachment":[{"href":"https:\/\/www.welovecycling.com\/cs\/wp-json\/wp\/v2\/media?parent=27333"}],"wp:term":[{"taxonomy":"category","embeddable":true,"href":"https:\/\/www.welovecycling.com\/cs\/wp-json\/wp\/v2\/categories?post=27333"},{"taxonomy":"post_tag","embeddable":true,"href":"https:\/\/www.welovecycling.com\/cs\/wp-json\/wp\/v2\/tags?post=27333"},{"taxonomy":"global-categories","embeddable":true,"href":"https:\/\/www.welovecycling.com\/cs\/wp-json\/wp\/v2\/global-categories?post=27333"}],"curies":[{"name":"wp","href":"https:\/\/api.w.org\/{rel}","templated":true}]}}