{"id":27326,"date":"2024-10-13T11:34:59","date_gmt":"2024-10-13T09:34:59","guid":{"rendered":"https:\/\/www.welovecycling.com\/cs\/?p=27326"},"modified":"2024-10-13T11:34:59","modified_gmt":"2024-10-13T09:34:59","slug":"dalsi-exhibice-tadej-pogacar-vyrovnal-fausta-coppiho","status":"publish","type":"post","link":"https:\/\/www.welovecycling.com\/cs\/2024\/10\/13\/dalsi-exhibice-tadej-pogacar-vyrovnal-fausta-coppiho\/","title":{"rendered":"Dal\u0161\u00ed exhibice! Tadej Poga\u010dar vyrovnal Fausta Coppiho"},"content":{"rendered":"<p><strong>Lou\u010den\u00ed s gr\u00e1ci\u00ed! Ve stylu, kter\u00fdm sezonu za\u010dal, ji ukon\u010dil! Dal\u0161\u00ed exhibice. Dal\u0161\u00ed uk\u00e1zka v\u00fdjime\u010dnosti. Tadej Poga\u010dar, Slovinec ve slu\u017eb\u00e1ch UAE Emirates, ovl\u00e1dl klasiku Kolem Lombardie. Po\u010dtvrt\u00e9 v \u0159ad\u011b. A jako letos v\u011bt\u0161inou po \u00faniku, kter\u00fd bral dech.<\/strong><\/p>\n<p>&#8222;V\u0161echno dopadlo podle pl\u00e1nu. Takhle jsme to cht\u011bli,&#8220; usm\u00edval se Tadej Poga\u010dar, kdy\u017e ovl\u00e1dl jeden z nejlegend\u00e1rn\u011bj\u0161\u00edch z\u00e1vod\u016f v kalend\u00e1\u0159i, kter\u00fd napsal sto osmn\u00e1ct\u00fd ro\u010dn\u00edk.<\/p>\n<h2><strong>Tadej Poga\u010dar a jeho sport&#8230;<\/strong><\/h2>\n<p>Mohla Lombardie 2024 dopadnout jinak? Zd\u00e1 se, \u017ee pokud je Tadej Poga\u010dar ve startovn\u00ed listin\u011b, jsou karty jasn\u011b rozd\u00e1ny. Tohle je prost\u011b jeho sport. A ostatn\u00ed se jen \u00fa\u010dastn\u00ed. V\u0161ichni tu\u0161ili, kde bude \u00fato\u010dit. Stoup\u00e1n\u00ed Colma di Sormano, posledn\u00ed prudk\u00fd v\u00fd\u0161lap.<\/p>\n<p>Adam Yates a Pavel Sivakov odvedli tradi\u010dn\u011b skv\u011blou pr\u00e1ci p\u0159i doj\u00ed\u017ed\u011bn\u00ed uprchl\u00edk\u016f. A nebyli to outside\u0159i doufaj\u00edc\u00ed ve \u0161t\u011bst\u00ed. Dvaadvacet cyklist\u016f, jejich\u017e seznam v\u00edt\u011bzstv\u00ed je ohromuj\u00edc\u00ed. Ale stejn\u011b to nesta\u010dilo. Formace UAE Emirates m\u011bla z\u00e1vod pod kontrolou. A jejich l\u00eddr okam\u017eit\u011b uk\u00e1zal, pro\u010d je majitelem duhov\u00e9ho trikotu pro mistra sv\u011bta. Byl to \u00fatok p\u0159esn\u011b ve stylu cel\u00e9 sezony, kdy si Tadej Poga\u010dar p\u0159ipsal ohromuj\u00edc\u00edch p\u011btadvacet v\u00edt\u011bzstv\u00ed b\u011bhem osmapades\u00e1ti z\u00e1vodn\u00edch dn\u016f!<\/p>\n<figure id=\"attachment_27327\" aria-describedby=\"caption-attachment-27327\" style=\"width: 1800px\" class=\"wp-caption alignnone\"><a href=\"https:\/\/d2p6e6u75xmxt8.cloudfront.net\/13\/2024\/10\/profimedia-0920115389.webp\"><img loading=\"lazy\" decoding=\"async\" class=\"size-full wp-image-27327\" src=\"https:\/\/d2p6e6u75xmxt8.cloudfront.net\/13\/2024\/10\/profimedia-0920115389.webp\" alt=\"\" width=\"1800\" height=\"1200\" srcset=\"https:\/\/d2p6e6u75xmxt8.cloudfront.net\/13\/2024\/10\/profimedia-0920115389.webp 1800w, https:\/\/d2p6e6u75xmxt8.cloudfront.net\/13\/2024\/10\/profimedia-0920115389-300x200.webp 300w, https:\/\/d2p6e6u75xmxt8.cloudfront.net\/13\/2024\/10\/profimedia-0920115389-1024x683.webp 1024w, https:\/\/d2p6e6u75xmxt8.cloudfront.net\/13\/2024\/10\/profimedia-0920115389-768x512.webp 768w, https:\/\/d2p6e6u75xmxt8.cloudfront.net\/13\/2024\/10\/profimedia-0920115389-1536x1024.webp 1536w, https:\/\/d2p6e6u75xmxt8.cloudfront.net\/13\/2024\/10\/profimedia-0920115389-400x267.webp 400w, https:\/\/d2p6e6u75xmxt8.cloudfront.net\/13\/2024\/10\/profimedia-0920115389-272x182.webp 272w\" sizes=\"auto, (max-width: 1800px) 100vw, 1800px\" \/><\/a><figcaption id=\"caption-attachment-27327\" class=\"wp-caption-text\"><em>Tadej Poga\u010dar oslavuje triumf ze z\u00e1vodu Kolem Lombardie 2024. Foto: profimedia<\/em><\/figcaption><\/figure>\n<p>Do prvn\u00edho z\u00e1vodu sezony nasko\u010dil druh\u00fd b\u0159eznov\u00fd den. P\u0159i Strade Bianche p\u0159edvedl \u00fatok, kter\u00fd v\u0161ichni pova\u017eovali za bl\u00e1zniv\u00fd. Zb\u00fdvalo osmdes\u00e1t kilometr\u016f do c\u00edle, kdy\u017e Tadej Poga\u010dar akceleroval. V m\u00edst\u011b, kter\u00e9 p\u0159edem ozna\u010dil za kl\u00ed\u010dov\u00e9. Nikdo nereagoval. Bylo to fenomen\u00e1ln\u00ed v\u00edt\u011bzstv\u00ed.<\/p>\n<div class=\"shortcode-ys-post-pinup\"><article class=\"loop-simple post-27241 post type-post status-publish format-standard has-post-thumbnail hentry category-silnicni-cyklistika tag-eddy-merckx tag-giro-2024 tag-mathieu-van-der-poel tag-mistrovstvi-sveta tag-ms-2024 tag-remco-evenepoel tag-stephen-roche tag-tadej-pogacar tag-tour-de-france global-categories-cycling\" data-postid=\"27241\" role=\"article\" data-post-id=\"27241\" data-word-count=\"549\" data-headline-length=\"45\" data-category=\"Silni\u010dn\u00ed cyklistika\" data-global-category=\"Cycling\" data-author=\"We Love Cycling\" data-published=\"2024-10-01T12:32:28+02:00\" data-published-day=\"Tuesday\">\n    <div class=\"entry-thumbnail article-thumbnail\" content=\"https:\/\/d2p6e6u75xmxt8.cloudfront.net\/13\/2024\/10\/profimedia-0913978516-150x150.webp\"><a href=\"https:\/\/www.welovecycling.com\/cs\/2024\/10\/01\/nejvetsi-cyklisticky-rebus-pro-rok-2025\/\" class=\"image-holder\" target=\"_self\"><img decoding=\"async\" loading=\"lazy\" class=\"\" src=\"https:\/\/d2p6e6u75xmxt8.cloudfront.net\/13\/2024\/10\/profimedia-0913978516-1024x667.webp\" srcset=\"https:\/\/d2p6e6u75xmxt8.cloudfront.net\/13\/2024\/10\/profimedia-0913978516.webp 1800w, https:\/\/d2p6e6u75xmxt8.cloudfront.net\/13\/2024\/10\/profimedia-0913978516-300x195.webp 300w, https:\/\/d2p6e6u75xmxt8.cloudfront.net\/13\/2024\/10\/profimedia-0913978516-1024x667.webp 1024w, https:\/\/d2p6e6u75xmxt8.cloudfront.net\/13\/2024\/10\/profimedia-0913978516-768x500.webp 768w, https:\/\/d2p6e6u75xmxt8.cloudfront.net\/13\/2024\/10\/profimedia-0913978516-1536x1000.webp 1536w, https:\/\/d2p6e6u75xmxt8.cloudfront.net\/13\/2024\/10\/profimedia-0913978516-400x260.webp 400w\" width=\"1024\" height=\"667\" sizes=\"auto, (min-width: 1200px) 308px, (min-width: 768px) 26vw, 100vw\" alt=\"nejvetsi-cyklisticky-rebus-pro-rok-2025\"\/><\/a><\/div>    <div class=\"entry-meta\">\n        <a class=\"label label-secondary post-category\" href=\"https:\/\/www.welovecycling.com\/cs\/category\/silnicni-cyklistika\/\" title=\"Silni\u010dn\u00ed cyklistika\">Silni\u010dn\u00ed cyklistika<\/a>\n    <\/div>\n    <div class=\"entry-details\">\n        <a href=\"https:\/\/www.welovecycling.com\/cs\/2024\/10\/01\/nejvetsi-cyklisticky-rebus-pro-rok-2025\/\" class='entry-title-wrapper'>\n            <h3 class=\"entry-title\"><span>Nejv\u011bt\u0161\u00ed cyklistick\u00fd r\u00e9bus pro rok 2025?<\/span><\/h3>\n        <\/a>\n    <\/div>\n    <\/article>\n<\/div>\n<p>A tak\u00e9 vzkaz, jak budou vypadat z\u00e1vody v sezon\u011b 2024, do nich\u017e Tadej Poga\u010dar nastoup\u00ed. Po s\u00f3lov\u00e9m \u00faniku ovl\u00e1dl klasiku Lutych-Bastogne-Lutych. Samostatn\u00e9 dojezdy p\u0159edvedl i p\u0159i v\u011bt\u0161in\u011b v\u00edt\u011bzn\u00fdch etap na Giru a Tour de France. Vrcholem pak bylo mistrovstv\u00ed sv\u011bta, kde za\u00fato\u010dil sto kilometr\u016f p\u0159ed c\u00edlem!<\/p>\n<h2><strong>Druh\u00fd nejdel\u0161\u00ed v\u00edt\u011bzn\u00fd \u00fanik na Lombardii<\/strong><\/h2>\n<p>Sedm m\u011bs\u00edc\u016f po spektakul\u00e1rn\u00edm triumfu na \u0161otolinov\u00fdch cest\u00e1ch Tosk\u00e1nka se k posledn\u00edm startu sezony vr\u00e1til do It\u00e1lie. Sc\u00e9n\u00e1\u0159 t\u00e9m\u011b\u0159 okop\u00edroval Strade Bianche. Tadej Poga\u010dar za\u00fato\u010dil 48 kilometr\u016f p\u0159ed c\u00edlem. Z\u00e1vod rozhodl p\u0159i posledn\u00edm prudk\u00e9m stoup\u00e1n\u00ed. P\u0159i v\u00fdjezdu na Colma di Sormano se zvedl ze sedla, p\u0159edvedl tradi\u010dn\u00ed akceleraci a u\u017e ho nikdo nevid\u011bl. Soupe\u0159i ani nereagovali. Nik\u00fdm neohro\u017eov\u00e1n si dojel pro osmaosmdes\u00e1t\u00e9 v\u00edt\u011bztv\u00ed kari\u00e9ry. Druh\u00fd nejlep\u0161\u00ed byl Remco Evenepoel, jen\u017e ov\u0161em c\u00edlovou p\u00e1skou projel s mankem t\u0159i minuty a \u0161estn\u00e1ct sekund.<\/p>\n<p>\u010ctvrt\u00fdm v\u00edt\u011bzstv\u00edm v \u0159ad\u011b na Lombardii vyrovnal v\u00fdkon Fausta Coppiho z let 1946 a\u017e 1949. Italsk\u00e1 legenda vyhr\u00e1la z\u00e1vod celkem p\u011btkr\u00e1t. &#8222;Uvid\u00edme, na jak\u00e1 \u010d\u00edsla se v kari\u00e9\u0159e dostanu,&#8220; culil se Tadej Poga\u010dar.<\/p>\n<p><a href=\"https:\/\/d2p6e6u75xmxt8.cloudfront.net\/13\/2024\/10\/profimedia-0913978516.webp\"><img loading=\"lazy\" decoding=\"async\" class=\"size-full wp-image-27242\" src=\"https:\/\/d2p6e6u75xmxt8.cloudfront.net\/13\/2024\/10\/profimedia-0913978516.webp\" alt=\"\" width=\"1800\" height=\"1172\" srcset=\"https:\/\/d2p6e6u75xmxt8.cloudfront.net\/13\/2024\/10\/profimedia-0913978516.webp 1800w, https:\/\/d2p6e6u75xmxt8.cloudfront.net\/13\/2024\/10\/profimedia-0913978516-300x195.webp 300w, https:\/\/d2p6e6u75xmxt8.cloudfront.net\/13\/2024\/10\/profimedia-0913978516-1024x667.webp 1024w, https:\/\/d2p6e6u75xmxt8.cloudfront.net\/13\/2024\/10\/profimedia-0913978516-768x500.webp 768w, https:\/\/d2p6e6u75xmxt8.cloudfront.net\/13\/2024\/10\/profimedia-0913978516-1536x1000.webp 1536w, https:\/\/d2p6e6u75xmxt8.cloudfront.net\/13\/2024\/10\/profimedia-0913978516-400x260.webp 400w\" sizes=\"auto, (max-width: 1800px) 100vw, 1800px\" \/><\/a><\/p>\n<p>Jednalo se o druh\u00fd nejdel\u0161\u00ed s\u00f3lov\u00fd \u00fanik znamenaj\u00edc\u00ed v\u00edt\u011bzstv\u00ed v historii Lombardie. Lep\u0161\u00ed p\u0159edvedl v sezon\u011b 1989 \u0160v\u00fdcar Tony Rominger. Tehdej\u0161\u00ed ro\u010dn\u00edk posledn\u00edho monumentu sezony ovl\u00e1dl po \u00faniku dlouh\u00e9m 113 kilometr\u016f.<\/p>\n<p>Slovinec pro\u017e\u00edv\u00e1 skute\u010dn\u011b <a href=\"https:\/\/www.welovecycling.com\/cs\/2024\/07\/22\/sest-duvodu-proc-je-tadej-pogacar-neporazitelny\/\">v\u00fdjime\u010dnou sezonu<\/a>. Ovl\u00e1dl Giro, Tour de France a mistrovstv\u00ed sv\u011bta. Tak zvanou Trojkorunu z\u00edskal jako teprve t\u0159et\u00ed v historii cyklistiky. K tomu slavil v\u00edt\u011bzstv\u00ed na nejslavn\u011bj\u0161\u00ed klasice Lutych-Bastogne-Lutych a Strade Bianche, zvan\u00e9m jako \u0161est\u00fd Monument.<\/p>\n","protected":false},"excerpt":{"rendered":"<p>Lou\u010den\u00ed s gr\u00e1ci\u00ed! Ve stylu, kter\u00fdm sezonu za\u010dal, ji ukon\u010dil! Dal\u0161\u00ed exhibice. Dal\u0161\u00ed uk\u00e1zka v\u00fdjime\u010dnosti. Tadej Poga\u010dar, Slovinec ve slu\u017eb\u00e1ch [&hellip;]<\/p>\n","protected":false},"author":138,"featured_media":27328,"comment_status":"open","ping_status":"open","sticky":false,"template":"","format":"standard","meta":{"footnotes":""},"categories":[10],"tags":[126,3457,2272,9,502,23],"global-categories":[411],"class_list":["post-27326","post","type-post","status-publish","format-standard","has-post-thumbnail","hentry","category-silnicni-cyklistika","tag-cyklistika","tag-giro-2024","tag-kolem-lombardie","tag-silnicni-cyklistika","tag-tadej-pogacar","tag-tour-de-france","global-categories-cycling"],"yoast_head":"<!-- This site is optimized with the Yoast SEO Premium plugin v25.3 (Yoast SEO v25.9) - https:\/\/yoast.com\/wordpress\/plugins\/seo\/ -->\n<title>Dal\u0161\u00ed exhibice! Tadej Poga\u010dar vyrovnal Fausta Coppiho | \u0160koda We Love Cycling - \u010cesk\u00e1 republika<\/title>\n<meta name=\"description\" content=\"Lou\u010den\u00ed s gr\u00e1ci\u00ed! Ve stylu, kter\u00fdm sezonu za\u010dal, ji ukon\u010dil! Dal\u0161\u00ed exhibice. Dal\u0161\u00ed uk\u00e1zka v\u00fdjime\u010dnosti. Tadej Poga\u010dar, Slovinec ve slu\u017eb\u00e1ch UAE Emirates, ovl\u00e1dl klasiku Kolem Lombardie. Po\u010dtvrt\u00e9 v \u0159ad\u011b. A jako letos v\u011bt\u0161inou po \u00faniku, kter\u00fd bral dech.\" \/>\n<meta name=\"robots\" content=\"index, follow, max-snippet:-1, max-image-preview:large, max-video-preview:-1\" \/>\n<link rel=\"canonical\" href=\"https:\/\/www.welovecycling.com\/cs\/2024\/10\/13\/dalsi-exhibice-tadej-pogacar-vyrovnal-fausta-coppiho\/\" \/>\n<meta property=\"og:locale\" content=\"cs_CZ\" \/>\n<meta property=\"og:type\" content=\"article\" \/>\n<meta property=\"og:title\" content=\"Dal\u0161\u00ed exhibice! Tadej Poga\u010dar vyrovnal Fausta Coppiho\" \/>\n<meta property=\"og:description\" content=\"Lou\u010den\u00ed s gr\u00e1ci\u00ed! Ve stylu, kter\u00fdm sezonu za\u010dal, ji ukon\u010dil! Dal\u0161\u00ed exhibice. Dal\u0161\u00ed uk\u00e1zka v\u00fdjime\u010dnosti. Tadej Poga\u010dar, Slovinec ve slu\u017eb\u00e1ch UAE Emirates, ovl\u00e1dl klasiku Kolem Lombardie. Po\u010dtvrt\u00e9 v \u0159ad\u011b. A jako letos v\u011bt\u0161inou po \u00faniku, kter\u00fd bral dech.\" \/>\n<meta property=\"og:url\" content=\"https:\/\/www.welovecycling.com\/cs\/2024\/10\/13\/dalsi-exhibice-tadej-pogacar-vyrovnal-fausta-coppiho\/\" \/>\n<meta property=\"og:site_name\" content=\"\u0160koda We Love Cycling - \u010cesk\u00e1 republika\" \/>\n<meta property=\"article:published_time\" content=\"2024-10-13T09:34:59+00:00\" \/>\n<meta property=\"og:image\" content=\"https:\/\/d2p6e6u75xmxt8.cloudfront.net\/13\/2024\/10\/profimedia-0920400260.webp\" \/>\n\t<meta property=\"og:image:width\" content=\"1800\" \/>\n\t<meta property=\"og:image:height\" content=\"1200\" \/>\n\t<meta property=\"og:image:type\" content=\"image\/webp\" \/>\n<meta name=\"author\" content=\"radekmalina\" \/>\n<meta name=\"twitter:card\" content=\"summary_large_image\" \/>\n<meta name=\"twitter:label1\" content=\"Written by\" \/>\n\t<meta name=\"twitter:data1\" content=\"We Love Cycling\" \/>\n\t<meta name=\"twitter:label2\" content=\"Est. reading time\" \/>\n\t<meta name=\"twitter:data2\" content=\"5\" \/>\n<script type=\"application\/ld+json\" class=\"yoast-schema-graph\">{\"@context\":\"https:\/\/schema.org\",\"@graph\":[{\"@type\":\"WebPage\",\"@id\":\"https:\/\/www.welovecycling.com\/cs\/2024\/10\/13\/dalsi-exhibice-tadej-pogacar-vyrovnal-fausta-coppiho\/\",\"url\":\"https:\/\/www.welovecycling.com\/cs\/2024\/10\/13\/dalsi-exhibice-tadej-pogacar-vyrovnal-fausta-coppiho\/\",\"name\":\"Dal\u0161\u00ed exhibice! Tadej Poga\u010dar vyrovnal Fausta Coppiho | \u0160koda We Love Cycling - \u010cesk\u00e1 republika\",\"isPartOf\":{\"@id\":\"https:\/\/www.welovecycling.com\/cs\/#website\"},\"primaryImageOfPage\":{\"@id\":\"https:\/\/www.welovecycling.com\/cs\/2024\/10\/13\/dalsi-exhibice-tadej-pogacar-vyrovnal-fausta-coppiho\/#primaryimage\"},\"image\":{\"@id\":\"https:\/\/www.welovecycling.com\/cs\/2024\/10\/13\/dalsi-exhibice-tadej-pogacar-vyrovnal-fausta-coppiho\/#primaryimage\"},\"thumbnailUrl\":\"https:\/\/d2p6e6u75xmxt8.cloudfront.net\/13\/2024\/10\/profimedia-0920400260.webp\",\"datePublished\":\"2024-10-13T09:34:59+00:00\",\"author\":{\"@id\":\"https:\/\/www.welovecycling.com\/cs\/#\/schema\/person\/d9eeb0a378f3a7e4a6d12d2b536b04b8\"},\"description\":\"Lou\u010den\u00ed s gr\u00e1ci\u00ed! Ve stylu, kter\u00fdm sezonu za\u010dal, ji ukon\u010dil! Dal\u0161\u00ed exhibice. Dal\u0161\u00ed uk\u00e1zka v\u00fdjime\u010dnosti. Tadej Poga\u010dar, Slovinec ve slu\u017eb\u00e1ch UAE Emirates, ovl\u00e1dl klasiku Kolem Lombardie. Po\u010dtvrt\u00e9 v \u0159ad\u011b. A jako letos v\u011bt\u0161inou po \u00faniku, kter\u00fd bral dech.\",\"inLanguage\":\"cs\",\"potentialAction\":[{\"@type\":\"ReadAction\",\"target\":[\"https:\/\/www.welovecycling.com\/cs\/2024\/10\/13\/dalsi-exhibice-tadej-pogacar-vyrovnal-fausta-coppiho\/\"]}]},{\"@type\":\"ImageObject\",\"inLanguage\":\"cs\",\"@id\":\"https:\/\/www.welovecycling.com\/cs\/2024\/10\/13\/dalsi-exhibice-tadej-pogacar-vyrovnal-fausta-coppiho\/#primaryimage\",\"url\":\"https:\/\/d2p6e6u75xmxt8.cloudfront.net\/13\/2024\/10\/profimedia-0920400260.webp\",\"contentUrl\":\"https:\/\/d2p6e6u75xmxt8.cloudfront.net\/13\/2024\/10\/profimedia-0920400260.webp\",\"width\":1800,\"height\":1200,\"caption\":\"Tadej Poga\u010dar\"},{\"@type\":\"WebSite\",\"@id\":\"https:\/\/www.welovecycling.com\/cs\/#website\",\"url\":\"https:\/\/www.welovecycling.com\/cs\/\",\"name\":\"\u0160koda We Love Cycling - \u010cesk\u00e1 republika\",\"description\":\"WeLoveCycling.cz je online magaz\u00edn, kter\u00fd v\u00e1m pravideln\u011b p\u0159in\u00e1\u0161\u00ed rady a tipy, zaj\u00edmav\u00e9 \u010dl\u00e1nky, videa a jedine\u010dn\u00e9 report\u00e1\u017ee ze sv\u011bta cyklistiky.\",\"potentialAction\":[{\"@type\":\"SearchAction\",\"target\":{\"@type\":\"EntryPoint\",\"urlTemplate\":\"https:\/\/www.welovecycling.com\/cs\/?s={search_term_string}\"},\"query-input\":{\"@type\":\"PropertyValueSpecification\",\"valueRequired\":true,\"valueName\":\"search_term_string\"}}],\"inLanguage\":\"cs\"},{\"@type\":\"Person\",\"@id\":\"https:\/\/www.welovecycling.com\/cs\/#\/schema\/person\/d9eeb0a378f3a7e4a6d12d2b536b04b8\",\"name\":\"radekmalina\",\"image\":{\"@type\":\"ImageObject\",\"inLanguage\":\"cs\",\"@id\":\"https:\/\/www.welovecycling.com\/cs\/#\/schema\/person\/image\/\",\"url\":\"https:\/\/secure.gravatar.com\/avatar\/66994b632cb8c39a46b9f54afa3ae07201b678d32a54275b6f1c9ffec356bfc0?s=96&d=mm&r=g\",\"contentUrl\":\"https:\/\/secure.gravatar.com\/avatar\/66994b632cb8c39a46b9f54afa3ae07201b678d32a54275b6f1c9ffec356bfc0?s=96&d=mm&r=g\",\"caption\":\"radekmalina\"},\"url\":\"https:\/\/www.welovecycling.com\/cs\/author\/radekmalina\/\"}]}<\/script>\n<!-- \/ Yoast SEO Premium plugin. -->","yoast_head_json":{"title":"Dal\u0161\u00ed exhibice! Tadej Poga\u010dar vyrovnal Fausta Coppiho | \u0160koda We Love Cycling - \u010cesk\u00e1 republika","description":"Lou\u010den\u00ed s gr\u00e1ci\u00ed! Ve stylu, kter\u00fdm sezonu za\u010dal, ji ukon\u010dil! Dal\u0161\u00ed exhibice. Dal\u0161\u00ed uk\u00e1zka v\u00fdjime\u010dnosti. Tadej Poga\u010dar, Slovinec ve slu\u017eb\u00e1ch UAE Emirates, ovl\u00e1dl klasiku Kolem Lombardie. Po\u010dtvrt\u00e9 v \u0159ad\u011b. A jako letos v\u011bt\u0161inou po \u00faniku, kter\u00fd bral dech.","robots":{"index":"index","follow":"follow","max-snippet":"max-snippet:-1","max-image-preview":"max-image-preview:large","max-video-preview":"max-video-preview:-1"},"canonical":"https:\/\/www.welovecycling.com\/cs\/2024\/10\/13\/dalsi-exhibice-tadej-pogacar-vyrovnal-fausta-coppiho\/","og_locale":"cs_CZ","og_type":"article","og_title":"Dal\u0161\u00ed exhibice! Tadej Poga\u010dar vyrovnal Fausta Coppiho","og_description":"Lou\u010den\u00ed s gr\u00e1ci\u00ed! Ve stylu, kter\u00fdm sezonu za\u010dal, ji ukon\u010dil! Dal\u0161\u00ed exhibice. Dal\u0161\u00ed uk\u00e1zka v\u00fdjime\u010dnosti. Tadej Poga\u010dar, Slovinec ve slu\u017eb\u00e1ch UAE Emirates, ovl\u00e1dl klasiku Kolem Lombardie. Po\u010dtvrt\u00e9 v \u0159ad\u011b. A jako letos v\u011bt\u0161inou po \u00faniku, kter\u00fd bral dech.","og_url":"https:\/\/www.welovecycling.com\/cs\/2024\/10\/13\/dalsi-exhibice-tadej-pogacar-vyrovnal-fausta-coppiho\/","og_site_name":"\u0160koda We Love Cycling - \u010cesk\u00e1 republika","article_published_time":"2024-10-13T09:34:59+00:00","og_image":[{"width":1800,"height":1200,"url":"https:\/\/d2p6e6u75xmxt8.cloudfront.net\/13\/2024\/10\/profimedia-0920400260.webp","type":"image\/webp"}],"author":"radekmalina","twitter_card":"summary_large_image","twitter_misc":{"Written by":"We Love Cycling","Est. reading time":"5"},"schema":{"@context":"https:\/\/schema.org","@graph":[{"@type":"WebPage","@id":"https:\/\/www.welovecycling.com\/cs\/2024\/10\/13\/dalsi-exhibice-tadej-pogacar-vyrovnal-fausta-coppiho\/","url":"https:\/\/www.welovecycling.com\/cs\/2024\/10\/13\/dalsi-exhibice-tadej-pogacar-vyrovnal-fausta-coppiho\/","name":"Dal\u0161\u00ed exhibice! Tadej Poga\u010dar vyrovnal Fausta Coppiho | \u0160koda We Love Cycling - \u010cesk\u00e1 republika","isPartOf":{"@id":"https:\/\/www.welovecycling.com\/cs\/#website"},"primaryImageOfPage":{"@id":"https:\/\/www.welovecycling.com\/cs\/2024\/10\/13\/dalsi-exhibice-tadej-pogacar-vyrovnal-fausta-coppiho\/#primaryimage"},"image":{"@id":"https:\/\/www.welovecycling.com\/cs\/2024\/10\/13\/dalsi-exhibice-tadej-pogacar-vyrovnal-fausta-coppiho\/#primaryimage"},"thumbnailUrl":"https:\/\/d2p6e6u75xmxt8.cloudfront.net\/13\/2024\/10\/profimedia-0920400260.webp","datePublished":"2024-10-13T09:34:59+00:00","author":{"@id":"https:\/\/www.welovecycling.com\/cs\/#\/schema\/person\/d9eeb0a378f3a7e4a6d12d2b536b04b8"},"description":"Lou\u010den\u00ed s gr\u00e1ci\u00ed! Ve stylu, kter\u00fdm sezonu za\u010dal, ji ukon\u010dil! Dal\u0161\u00ed exhibice. Dal\u0161\u00ed uk\u00e1zka v\u00fdjime\u010dnosti. Tadej Poga\u010dar, Slovinec ve slu\u017eb\u00e1ch UAE Emirates, ovl\u00e1dl klasiku Kolem Lombardie. Po\u010dtvrt\u00e9 v \u0159ad\u011b. A jako letos v\u011bt\u0161inou po \u00faniku, kter\u00fd bral dech.","inLanguage":"cs","potentialAction":[{"@type":"ReadAction","target":["https:\/\/www.welovecycling.com\/cs\/2024\/10\/13\/dalsi-exhibice-tadej-pogacar-vyrovnal-fausta-coppiho\/"]}]},{"@type":"ImageObject","inLanguage":"cs","@id":"https:\/\/www.welovecycling.com\/cs\/2024\/10\/13\/dalsi-exhibice-tadej-pogacar-vyrovnal-fausta-coppiho\/#primaryimage","url":"https:\/\/d2p6e6u75xmxt8.cloudfront.net\/13\/2024\/10\/profimedia-0920400260.webp","contentUrl":"https:\/\/d2p6e6u75xmxt8.cloudfront.net\/13\/2024\/10\/profimedia-0920400260.webp","width":1800,"height":1200,"caption":"Tadej Poga\u010dar"},{"@type":"WebSite","@id":"https:\/\/www.welovecycling.com\/cs\/#website","url":"https:\/\/www.welovecycling.com\/cs\/","name":"\u0160koda We Love Cycling - \u010cesk\u00e1 republika","description":"WeLoveCycling.cz je online magaz\u00edn, kter\u00fd v\u00e1m pravideln\u011b p\u0159in\u00e1\u0161\u00ed rady a tipy, zaj\u00edmav\u00e9 \u010dl\u00e1nky, videa a jedine\u010dn\u00e9 report\u00e1\u017ee ze sv\u011bta cyklistiky.","potentialAction":[{"@type":"SearchAction","target":{"@type":"EntryPoint","urlTemplate":"https:\/\/www.welovecycling.com\/cs\/?s={search_term_string}"},"query-input":{"@type":"PropertyValueSpecification","valueRequired":true,"valueName":"search_term_string"}}],"inLanguage":"cs"},{"@type":"Person","@id":"https:\/\/www.welovecycling.com\/cs\/#\/schema\/person\/d9eeb0a378f3a7e4a6d12d2b536b04b8","name":"radekmalina","image":{"@type":"ImageObject","inLanguage":"cs","@id":"https:\/\/www.welovecycling.com\/cs\/#\/schema\/person\/image\/","url":"https:\/\/secure.gravatar.com\/avatar\/66994b632cb8c39a46b9f54afa3ae07201b678d32a54275b6f1c9ffec356bfc0?s=96&d=mm&r=g","contentUrl":"https:\/\/secure.gravatar.com\/avatar\/66994b632cb8c39a46b9f54afa3ae07201b678d32a54275b6f1c9ffec356bfc0?s=96&d=mm&r=g","caption":"radekmalina"},"url":"https:\/\/www.welovecycling.com\/cs\/author\/radekmalina\/"}]}},"_links":{"self":[{"href":"https:\/\/www.welovecycling.com\/cs\/wp-json\/wp\/v2\/posts\/27326","targetHints":{"allow":["GET"]}}],"collection":[{"href":"https:\/\/www.welovecycling.com\/cs\/wp-json\/wp\/v2\/posts"}],"about":[{"href":"https:\/\/www.welovecycling.com\/cs\/wp-json\/wp\/v2\/types\/post"}],"author":[{"embeddable":true,"href":"https:\/\/www.welovecycling.com\/cs\/wp-json\/wp\/v2\/users\/138"}],"replies":[{"embeddable":true,"href":"https:\/\/www.welovecycling.com\/cs\/wp-json\/wp\/v2\/comments?post=27326"}],"version-history":[{"count":1,"href":"https:\/\/www.welovecycling.com\/cs\/wp-json\/wp\/v2\/posts\/27326\/revisions"}],"predecessor-version":[{"id":27329,"href":"https:\/\/www.welovecycling.com\/cs\/wp-json\/wp\/v2\/posts\/27326\/revisions\/27329"}],"wp:featuredmedia":[{"embeddable":true,"href":"https:\/\/www.welovecycling.com\/cs\/wp-json\/wp\/v2\/media\/27328"}],"wp:attachment":[{"href":"https:\/\/www.welovecycling.com\/cs\/wp-json\/wp\/v2\/media?parent=27326"}],"wp:term":[{"taxonomy":"category","embeddable":true,"href":"https:\/\/www.welovecycling.com\/cs\/wp-json\/wp\/v2\/categories?post=27326"},{"taxonomy":"post_tag","embeddable":true,"href":"https:\/\/www.welovecycling.com\/cs\/wp-json\/wp\/v2\/tags?post=27326"},{"taxonomy":"global-categories","embeddable":true,"href":"https:\/\/www.welovecycling.com\/cs\/wp-json\/wp\/v2\/global-categories?post=27326"}],"curies":[{"name":"wp","href":"https:\/\/api.w.org\/{rel}","templated":true}]}}