{"id":2730,"date":"2019-07-06T17:52:08","date_gmt":"2019-07-06T16:52:08","guid":{"rendered":"https:\/\/www.welovecycling.com\/cs\/?p=2730"},"modified":"2019-07-06T17:55:17","modified_gmt":"2019-07-06T16:55:17","slug":"muze-cesko-vychovat-vitez-tour-de-france-skoda-welovecycling-cr","status":"publish","type":"post","link":"https:\/\/www.welovecycling.com\/cs\/2019\/07\/06\/muze-cesko-vychovat-vitez-tour-de-france-skoda-welovecycling-cr\/","title":{"rendered":"M\u016f\u017ee \u010cesko vychovat v\u00edt\u011bze Tour de France? Ka\u017ed\u00fd by tomu r\u00e1d v\u011b\u0159il"},"content":{"rendered":"<p><strong>\u010cesk\u00fd cyklista nikdy v\u00a0historii nevyhr\u00e1l slavnou <a href=\"https:\/\/www.letour.fr\/en\/\">Tour de France<\/a>, ani se tam nepostavil na p\u00f3dium. Nejlep\u0161\u00edm v\u00fdsledkem je 5. m\u00edsto <a href=\"https:\/\/roman-kreuziger.com\/\">Romana Kreuzigera<\/a> z\u00a0roku 2012. Je v\u016fbec re\u00e1ln\u00e9, \u017ee se \u010cesko jednou do\u010dk\u00e1 \u0161ampi\u00f3na, kter\u00fd bude schopen vyhr\u00e1vat Tour?<\/strong><\/p>\n<p><!--more--><\/p>\n<p>Asi ka\u017ed\u00fd fanou\u0161ek by tomu r\u00e1d v\u011b\u0159il, i kdy\u017e v\u00a0dohledn\u00e9 dob\u011b to je sp\u00ed\u0161 nere\u00e1ln\u00e9. <em>\u201eU\u017e jsme tu lidi, kte\u0159\u00ed byli v\u00a0top 10 na Grand Tours, vychovali, tak nevid\u00edm d\u016fvod, pro\u010d by se to nepoda\u0159ilo znovu. Ale mysl\u00edm sp\u00ed\u0161 cyklistu na tu prvn\u00ed des\u00edtku. V\u00edt\u011bze asi ne,\u201c<\/em> \u0159\u00edk\u00e1 \u0161\u00e9ftren\u00e9r <a href=\"http:\/\/www.favoritbrno.cz\/\">Favoritu Brno<\/a> Franti\u0161ek Trkal, dlouholet\u00fd v\u00fdborn\u00fd z\u00e1vodn\u00edk.<\/p>\n<p><em>\u201eAle na Slovensku si taky p\u0159ed n\u011bjak\u00fdmi deseti lety asi nemysleli, \u017ee budou m\u00edt frajera, kter\u00fd za\u010dne ve spurtech vyhr\u00e1vat nejv\u011bt\u0161\u00ed jednor\u00e1zov\u00e9 z\u00e1vody v\u010detn\u011b etap na Tour de France a ud\u011bl\u00e1 t\u0159i tituly mistra sv\u011bta. A najednou se objevil <a href=\"https:\/\/www.petersagan.com\/\">Peter Sagan<\/a>,\u201c<\/em> m\u00edn\u00ed tren\u00e9r \u010desk\u00e9 reprezentace Tom\u00e1\u0161 Kone\u010dn\u00fd.<\/p>\n<p>Jak u\u017e bylo \u0159e\u010deno, nejlep\u0161\u00edm \u010desk\u00fdm na Tour v\u00fdsledkem je 5. m\u00edsto Romana Kreuzigera z\u00a0roku 2012. Tehdy obl\u00e9kal dres t\u00fdmu Saxo-Tinkoff. <em>\u201eA to byl tenkr\u00e1t domestik Contadora, kter\u00fd skon\u010dil \u010dtvrt\u00fd. Tehdy mohl jet na sebe, tak na tom p\u00f3diu podle m\u011b byl,\u201c<\/em> mysl\u00ed si Kone\u010dn\u00fd, rovn\u011b\u017e b\u00fdval\u00fd profesion\u00e1l, kter\u00fd s\u00e1m jel Tour v\u00a0roce 2002 v\u00a0dresu st\u00e1je Domo-Farm Frites.<\/p>\n<figure id=\"attachment_2410\" aria-describedby=\"caption-attachment-2410\" style=\"width: 960px\" class=\"wp-caption alignnone\"><a href=\"https:\/\/d2p6e6u75xmxt8.cloudfront.net\/13\/2019\/06\/roman.jpg\"><img loading=\"lazy\" decoding=\"async\" class=\"size-full wp-image-2410\" src=\"https:\/\/d2p6e6u75xmxt8.cloudfront.net\/13\/2019\/06\/roman.jpg\" alt=\"\" width=\"960\" height=\"637\" \/><\/a><figcaption id=\"caption-attachment-2410\" class=\"wp-caption-text\">Roman Kreuziger letos startuje na sv\u00e9 17. Grand Tour. Foto: www.roman-kreuziger.com \/ Sa\u0161a Kliment.<\/figcaption><\/figure>\n<h2><strong>Na top 3 nikdo nedos\u00e1hl<\/strong><\/h2>\n<p>\u010cesk\u00e1 resp. \u010deskoslovensk\u00e1 stopa na Tour se datuje od roku 1987, kdy na startu stanuli emigrant Kv\u011btoslav Palov a Milan Jur\u010do. Palov si start vynutil a\u017e emigrac\u00ed, Jur\u010do jel Tour poprv\u00e9 ve t\u0159iceti. Startoval na n\u00ed dvakr\u00e1t, bl\u00fdskl se t\u0159et\u00edm m\u00edstem v\u00a0\u010dasovce 1988, ale celkov\u00e9 po\u0159ad\u00ed mu bylo hodn\u011b vzd\u00e1leno.<\/p>\n<p>J\u00e1n Svorada b\u00fdval excelentn\u00edm sprinterem (vyhr\u00e1l 3 etapy), Pavel Padrnos a Ren\u00e9 Andrle \u0161pi\u010dkov\u00fdmi domestiky, kte\u0159\u00ed pracovali pro hv\u011bzdy, Jan Hru\u0161ka um\u011bl skv\u011ble \u010dasovky, Tom\u00e1\u0161 Kone\u010dn\u00fd byl vyhl\u00e1\u0161en\u00fdm univerz\u00e1lem, ale ani jeden ze\u00a0jmenovan\u00fdch borc\u016f nikdy nebojoval na Tour o nejvy\u0161\u0161\u00ed p\u0159\u00ed\u010dky. Ne \u017ee by necht\u011bl, ale nikdo z\u00a0nich nebyl excelentn\u00ed \u010dasovk\u00e1\u0159 a vrcha\u0159 z\u00e1rove\u0148.<\/p>\n<h2><strong>Po K\u00f6nigovi se slehla zem<\/strong><\/h2>\n<p>Prvn\u00edm komplexn\u00edm \u010cechem byl v\u00a0tomto sm\u011bru Kreuziger. V\u00a0roce 2008 skon\u010dil p\u0159i premi\u00e9\u0159e na Tour 12. V\u00a0dal\u0161\u00edch letech p\u0159idal osm\u00e9, sedm\u00e9, dv\u011b p\u00e1t\u00e1 m\u00edsta, ale to bylo maximum. Hodn\u011b se v\u011b\u0159ilo i <a href=\"https:\/\/www.facebook.com\/leopoldkonig87\/\">Leopoldu K\u00f6nigovi<\/a>. Na Tour v\u00a0roce 2014 skon\u010dil sedm\u00fd, o rok pozd\u011bji na Giru \u0161est\u00fd a \u0159\u00edkalo se, \u017ee \u010cesko m\u00e1 po Kreuzigerovi dal\u0161\u00edho borce, kter\u00fd m\u016f\u017ee pom\u00fd\u0161let vysoko.<\/p>\n<p>Jen\u017ee rozlet K\u00f6niga, kter\u00fd si na dva roky vyslou\u017eil i anga\u017em\u00e1 v\u00a0elitn\u00edm t\u00fdmu Sky, brzdily zdravotn\u00ed pot\u00ed\u017ee. Se z\u00e1dy, s\u00a0koleny a kdo v\u00ed, s\u00a0\u010d\u00edm je\u0161t\u011b. Naposledy z\u00e1vodil vloni v\u00a0b\u0159eznu na Tirrenu, to u\u017e v\u00a0dresu Bora-Hansgrohe, kde dostal t\u0159\u00edlet\u00fd kontrakt.<\/p>\n<p>https:\/\/www.instagram.com\/p\/Bf6VD5aHpUO\/<\/p>\n<p>Jen\u017ee od t\u00e9 doby nejel nic. Bora ho sice m\u00e1 d\u00e1l na soupisce, ale v\u00a0podstat\u011b se po n\u011bm slehla zem. T\u00fdm ml\u010d\u00ed, K\u00f6nig ml\u010d\u00ed, smlouva mu kon\u010d\u00ed. Vypad\u00e1 to na konec kari\u00e9ry, kter\u00e1 ur\u010dit\u011b mohla nabrat je\u0161t\u011b strm\u011bj\u0161\u00ed sm\u011br vzh\u016fru.<\/p>\n<p>Je tu <a href=\"https:\/\/www.facebook.com\/HirtJanCCC\/\">Jan Hirt<\/a>, kter\u00fd u\u017e byl na Giru 12. (2017), ale v\u00a0Astan\u011b je sp\u00ed\u0161 superdomestikem do hor a na roli l\u00eddra na Grand Tours m\u016f\u017ee v\u00a0dresu tohoto kaza\u0161sk\u00e9ho ginanta zapomenout. Proto se st\u00e1le v\u00edce spekuluje o tom, \u017ee po leto\u0161n\u00ed sez\u00f3n\u011b p\u0159estoup\u00ed do t\u00fdmu, kde by dostal v\u00edce prostoru.<\/p>\n<h2><strong>Brat\u0159i Vackov\u00e9 maj\u00ed potenci\u00e1l<\/strong><\/h2>\n<p>Trkal i Kone\u010dn\u00fd v\u011b\u0159\u00ed, \u017ee t\u0159eba brat\u0159i Vackov\u00e9 maj\u00ed velk\u00fd potenci\u00e1l, aby se dostali do nejvy\u0161\u0161\u00edch pater cyklistiky. \u201eOba \u0161li v\u00a0\u00fatl\u00e9m v\u011bku do zahrani\u010d\u00ed, a to je ta spr\u00e1vn\u00e1 cesta. Pomohlo to kdysi Kreuzigerovi, \u0160tybarovi. U Vack\u016f to sice letos nen\u00ed \u00fapln\u011b tak ide\u00e1ln\u00ed, ale na\u0161l\u00e1pnuto maj\u00ed dob\u0159e,\u201c m\u00edn\u00ed Franti\u0161ek Trkal, b\u00fdval\u00fd excelentn\u00ed sprinter i \u010dasovk\u00e1\u0159.<\/p>\n<p>Oba Vackov\u00e9 jsou excelentn\u00ed vrcha\u0159i a maj\u00ed i velmi dobrou \u010dasovku. To je z\u00e1kladn\u00ed p\u0159edpoklad pro to, aby \u010dlov\u011bk mohl jet o \u010deln\u00ed p\u0159\u00ed\u010dky t\u0159eba na Tour.<\/p>\n<p><em>\u201eKdy\u017e srovn\u00e1m oba Vacky, tak star\u0161\u00ed Karel je obrovsk\u00fd d\u0159\u00ed\u010d. M\u00e1 to v\u00a0hlav\u011b srovnan\u00e9 a jde si p\u0159esn\u011b za t\u00edm, co chce. Mathias je v\u00edc free, moc ne\u0159e\u0161\u00ed, co bude, ne\u00fasp\u011bch ho nezlom\u00ed. Co\u017e m\u016f\u017ee b\u00fdt pro budoucnost leckdy i v\u00fdhoda. Ale zat\u00edm je prvn\u00edm rokem junior,\u201c<\/em> tvrd\u00ed reprezenta\u010dn\u00ed tren\u00e9r.<\/p>\n<p>Ale cesta od \u00fasp\u011b\u0161n\u00e9ho juniora k\u00a0hotov\u00e9mu z\u00e1vodn\u00edkovi je stra\u0161n\u011b dlouh\u00e1. <em>\u201eP\u0159echod z\u00a0junior\u016f do mu\u017e\u016f b\u00fdv\u00e1 \u010dasto slo\u017eit\u00fd. N\u011bkdy to t\u0159eba hned nejde, z\u00e1vodn\u00edk si p\u0159estane v\u011b\u0159it, t\u00fdm ho nepodr\u017e\u00ed a n\u011bkoho to m\u016f\u017ee zlomit. Proto \u0159\u00edk\u00e1m, \u017ee je cesta na vrchol hodn\u011b t\u011b\u017ek\u00e1 a trnit\u00e1 a usp\u011bj\u00ed jen ti nejlep\u0161\u00ed a nejodoln\u011bj\u0161\u00ed,\u201c<\/em> p\u0159id\u00e1v\u00e1 Tom\u00e1\u0161 Kone\u010dn\u00fd.<\/p>\n<p><em>\u201eV\u011bt\u0161inou se takhle prosazuj\u00ed cyklist\u00e9, kte\u0159\u00ed u\u017e n\u011bco dok\u00e1zali t\u0159eba v\u00a0kadetech nebo juniorech. T\u011bch p\u0159\u00edpad\u016f, \u017ee za\u010dnu s\u00a0cyklistikou pozd\u011b, a pak budu bojovat o p\u0159edn\u00ed pozice na Grand Tours, je opravdu hodn\u011b m\u00e1lo,\u201c<\/em> \u0159\u00edk\u00e1 Trkal.<\/p>\n<p>Zd\u00e1rn\u00fdm takov\u00fdm p\u0159\u00edpadem je Slovinec Primo\u017e Rogli\u010d, kter\u00fd se v\u011bnoval skok\u016fm na ly\u017e\u00edch a v\u00a0roce 2007 z\u00edskal titul juniorsk\u00e9ho mistra sv\u011bta. S\u00a0cyklistikou za\u010dal a\u017e v\u00a0roce 2012, ale u\u017e o t\u0159i roky pozd\u011bji dok\u00e1zal vyhr\u00e1t etapov\u00fd z\u00e1vod Kolem Slovinska! Dnes je v\u00a0t\u00fdmu Jumbo-Visma l\u00eddrem pro Grand Tours. Vloni byl \u010dtvrt\u00fd na Tour, letos t\u0159et\u00ed na Giru. <em>\u201eAle takov\u00e9 p\u0159\u00edpady spo\u010d\u00edt\u00e1me na prstech jedn\u00e9 ruky,\u201c <\/em>dod\u00e1v\u00e1 \u0161\u00e9ftren\u00e9r Favoritu.<\/p>\n<figure id=\"attachment_1794\" aria-describedby=\"caption-attachment-1794\" style=\"width: 800px\" class=\"wp-caption alignnone\"><a href=\"https:\/\/d2p6e6u75xmxt8.cloudfront.net\/13\/2019\/05\/roglic2.jpg\"><img loading=\"lazy\" decoding=\"async\" class=\"size-full wp-image-1794\" src=\"https:\/\/d2p6e6u75xmxt8.cloudfront.net\/13\/2019\/05\/roglic2.jpg\" alt=\"\" width=\"800\" height=\"533\" \/><\/a><figcaption id=\"caption-attachment-1794\" class=\"wp-caption-text\">Slovinec Primo\u017e Rogli\u010d se je\u0161t\u011b ned\u00e1vno v\u011bnoval skok\u016fm na ly\u017e\u00edch.<\/figcaption><\/figure>\n<p>Podle na\u0161ich expert\u016f se s\u00a0dispozic\u00ed, aby \u010dlov\u011bk mohl bojovat na nejlep\u0161\u00edch z\u00e1vodech o nejlep\u0161\u00ed um\u00edst\u011bn\u00ed, mus\u00ed narodit. <em>\u201eP\u00edl\u00ed dok\u00e1\u017eete hodn\u011b, ale bez gen\u016f a talentu to tak vysoko nikdo nedot\u00e1hne,\u201c<\/em> soud\u00ed Trkal.<\/p>\n<p>Tour de France vyhr\u00e1li v\u00a0historii 36x Francouzi, 18x Belgi\u010dan\u00e9, 12x \u0160pan\u011bl\u00e9, 10x Italov\u00e9, 6x Britov\u00e9, 5x z\u00e1vodn\u00edci z\u00a0Lucemburska, 3x Ameri\u010dan\u00e9, 2x Holan\u010fani a \u0160v\u00fdca\u0159i, po 1 prvenstv\u00ed maj\u00ed D\u00e1nsko, Austr\u00e1lie, N\u011bmecko a Irsko. Sedm ro\u010dn\u00edk\u016f, kdy triumfoval Ameri\u010dan Armstrong, je kv\u016fli zn\u00e1m\u00e9 dopingov\u00e9 af\u00e9\u0159e uv\u00e1d\u011bno bez v\u00edt\u011bze.<\/p>\n<p>\u010cesko na sv\u00e9ho v\u00edt\u011bze st\u00e1le \u010dek\u00e1. Kdy a jestli se v\u016fbec do\u010dk\u00e1, je ve hv\u011bzd\u00e1ch. Ml\u00e1de\u017enick\u00e1 z\u00e1kladna je ur\u010dit\u011b dobr\u00e1, ale jak bylo \u0159e\u010deno, s\u00a0p\u0159edpoklady pro v\u00edt\u011bzstv\u00ed na Tour se \u010dlov\u011bk mus\u00ed narodit.<\/p>\n","protected":false},"excerpt":{"rendered":"<p>\u010cesk\u00fd cyklista nikdy v\u00a0historii nevyhr\u00e1l slavnou Tour de France, ani se tam nepostavil na p\u00f3dium. Nejlep\u0161\u00edm v\u00fdsledkem je 5. m\u00edsto [&hellip;]<\/p>\n","protected":false},"author":95,"featured_media":2478,"comment_status":"open","ping_status":"open","sticky":false,"template":"","format":"standard","meta":{"footnotes":""},"categories":[243],"tags":[215,303,253,304,305,18,102,92,23,73],"global-categories":[],"class_list":["post-2730","post","type-post","status-publish","format-standard","has-post-thumbnail","hentry","category-welovecycling-com-cs-tdf","tag-jan-hirt","tag-jan-svorada","tag-karel-vacek","tag-leopold-konig","tag-mathias-vacek","tag-peter-sagan","tag-primoz-roglic","tag-roman-kreuziger","tag-tour-de-france","tag-zdenek-stybar"],"yoast_head":"<!-- This site is optimized with the Yoast SEO Premium plugin v25.3 (Yoast SEO v25.9) - https:\/\/yoast.com\/wordpress\/plugins\/seo\/ -->\n<title>M\u016f\u017ee \u010cesko vychovat v\u00edt\u011bze Tour de France? Ka\u017ed\u00fd by tomu r\u00e1d v\u011b\u0159il | \u0160koda We Love Cycling - \u010cesk\u00e1 republika<\/title>\n<meta name=\"description\" content=\"\u010cesk\u00fd cyklista nikdy v\u00a0historii nevyhr\u00e1l slavnou Tour de France, ani se tam nepostavil na p\u00f3dium. Je v\u016fbec re\u00e1ln\u00e9, \u017ee se \u010cesko jednou do\u010dk\u00e1 \u0161ampi\u00f3na?\" \/>\n<meta name=\"robots\" content=\"index, follow, max-snippet:-1, max-image-preview:large, max-video-preview:-1\" \/>\n<link rel=\"canonical\" href=\"https:\/\/www.welovecycling.com\/cs\/2019\/07\/06\/muze-cesko-vychovat-vitez-tour-de-france-skoda-welovecycling-cr\/\" \/>\n<meta property=\"og:locale\" content=\"cs_CZ\" \/>\n<meta property=\"og:type\" content=\"article\" \/>\n<meta property=\"og:title\" content=\"M\u016f\u017ee \u010cesko vychovat v\u00edt\u011bze Tour de France? Ka\u017ed\u00fd by tomu r\u00e1d v\u011b\u0159il\" \/>\n<meta property=\"og:description\" content=\"\u010cesk\u00fd cyklista nikdy v\u00a0historii nevyhr\u00e1l slavnou Tour de France, ani se tam nepostavil na p\u00f3dium. Je v\u016fbec re\u00e1ln\u00e9, \u017ee se \u010cesko jednou do\u010dk\u00e1 \u0161ampi\u00f3na?\" \/>\n<meta property=\"og:url\" content=\"https:\/\/www.welovecycling.com\/cs\/2019\/07\/06\/muze-cesko-vychovat-vitez-tour-de-france-skoda-welovecycling-cr\/\" \/>\n<meta property=\"og:site_name\" content=\"\u0160koda We Love Cycling - \u010cesk\u00e1 republika\" \/>\n<meta property=\"article:published_time\" content=\"2019-07-06T16:52:08+00:00\" \/>\n<meta property=\"article:modified_time\" content=\"2019-07-06T16:55:17+00:00\" \/>\n<meta property=\"og:image\" content=\"https:\/\/d2p6e6u75xmxt8.cloudfront.net\/13\/2019\/06\/profimedia-0343128687jpg.webp\" \/>\n\t<meta property=\"og:image:width\" content=\"1800\" \/>\n\t<meta property=\"og:image:height\" content=\"785\" \/>\n\t<meta property=\"og:image:type\" content=\"image\/webp\" \/>\n<meta name=\"twitter:card\" content=\"summary_large_image\" \/>\n<meta name=\"twitter:label1\" content=\"Written by\" \/>\n\t<meta name=\"twitter:data1\" content=\"Jan Kr\u016fta\" \/>\n\t<meta name=\"twitter:label2\" content=\"Est. reading time\" \/>\n\t<meta name=\"twitter:data2\" content=\"8\" \/>\n<script type=\"application\/ld+json\" class=\"yoast-schema-graph\">{\"@context\":\"https:\/\/schema.org\",\"@graph\":[{\"@type\":\"WebPage\",\"@id\":\"https:\/\/www.welovecycling.com\/cs\/2019\/07\/06\/muze-cesko-vychovat-vitez-tour-de-france-skoda-welovecycling-cr\/\",\"url\":\"https:\/\/www.welovecycling.com\/cs\/2019\/07\/06\/muze-cesko-vychovat-vitez-tour-de-france-skoda-welovecycling-cr\/\",\"name\":\"M\u016f\u017ee \u010cesko vychovat v\u00edt\u011bze Tour de France? Ka\u017ed\u00fd by tomu r\u00e1d v\u011b\u0159il | \u0160koda We Love Cycling - \u010cesk\u00e1 republika\",\"isPartOf\":{\"@id\":\"https:\/\/www.welovecycling.com\/cs\/#website\"},\"primaryImageOfPage\":{\"@id\":\"https:\/\/www.welovecycling.com\/cs\/2019\/07\/06\/muze-cesko-vychovat-vitez-tour-de-france-skoda-welovecycling-cr\/#primaryimage\"},\"image\":{\"@id\":\"https:\/\/www.welovecycling.com\/cs\/2019\/07\/06\/muze-cesko-vychovat-vitez-tour-de-france-skoda-welovecycling-cr\/#primaryimage\"},\"thumbnailUrl\":\"https:\/\/d2p6e6u75xmxt8.cloudfront.net\/13\/2019\/06\/profimedia-0343128687jpg.webp\",\"datePublished\":\"2019-07-06T16:52:08+00:00\",\"dateModified\":\"2019-07-06T16:55:17+00:00\",\"author\":{\"@id\":\"\"},\"description\":\"\u010cesk\u00fd cyklista nikdy v\u00a0historii nevyhr\u00e1l slavnou Tour de France, ani se tam nepostavil na p\u00f3dium. Je v\u016fbec re\u00e1ln\u00e9, \u017ee se \u010cesko jednou do\u010dk\u00e1 \u0161ampi\u00f3na?\",\"inLanguage\":\"cs\",\"potentialAction\":[{\"@type\":\"ReadAction\",\"target\":[\"https:\/\/www.welovecycling.com\/cs\/2019\/07\/06\/muze-cesko-vychovat-vitez-tour-de-france-skoda-welovecycling-cr\/\"]}]},{\"@type\":\"ImageObject\",\"inLanguage\":\"cs\",\"@id\":\"https:\/\/www.welovecycling.com\/cs\/2019\/07\/06\/muze-cesko-vychovat-vitez-tour-de-france-skoda-welovecycling-cr\/#primaryimage\",\"url\":\"https:\/\/d2p6e6u75xmxt8.cloudfront.net\/13\/2019\/06\/profimedia-0343128687jpg.webp\",\"contentUrl\":\"https:\/\/d2p6e6u75xmxt8.cloudfront.net\/13\/2019\/06\/profimedia-0343128687jpg.webp\",\"width\":1800,\"height\":785},{\"@type\":\"WebSite\",\"@id\":\"https:\/\/www.welovecycling.com\/cs\/#website\",\"url\":\"https:\/\/www.welovecycling.com\/cs\/\",\"name\":\"\u0160koda We Love Cycling - \u010cesk\u00e1 republika\",\"description\":\"WeLoveCycling.cz je online magaz\u00edn, kter\u00fd v\u00e1m pravideln\u011b p\u0159in\u00e1\u0161\u00ed rady a tipy, zaj\u00edmav\u00e9 \u010dl\u00e1nky, videa a jedine\u010dn\u00e9 report\u00e1\u017ee ze sv\u011bta cyklistiky.\",\"potentialAction\":[{\"@type\":\"SearchAction\",\"target\":{\"@type\":\"EntryPoint\",\"urlTemplate\":\"https:\/\/www.welovecycling.com\/cs\/?s={search_term_string}\"},\"query-input\":{\"@type\":\"PropertyValueSpecification\",\"valueRequired\":true,\"valueName\":\"search_term_string\"}}],\"inLanguage\":\"cs\"},{\"@type\":\"Person\",\"@id\":\"\",\"url\":\"https:\/\/www.welovecycling.com\/cs\/author\/\"}]}<\/script>\n<!-- \/ Yoast SEO Premium plugin. -->","yoast_head_json":{"title":"M\u016f\u017ee \u010cesko vychovat v\u00edt\u011bze Tour de France? Ka\u017ed\u00fd by tomu r\u00e1d v\u011b\u0159il | \u0160koda We Love Cycling - \u010cesk\u00e1 republika","description":"\u010cesk\u00fd cyklista nikdy v\u00a0historii nevyhr\u00e1l slavnou Tour de France, ani se tam nepostavil na p\u00f3dium. Je v\u016fbec re\u00e1ln\u00e9, \u017ee se \u010cesko jednou do\u010dk\u00e1 \u0161ampi\u00f3na?","robots":{"index":"index","follow":"follow","max-snippet":"max-snippet:-1","max-image-preview":"max-image-preview:large","max-video-preview":"max-video-preview:-1"},"canonical":"https:\/\/www.welovecycling.com\/cs\/2019\/07\/06\/muze-cesko-vychovat-vitez-tour-de-france-skoda-welovecycling-cr\/","og_locale":"cs_CZ","og_type":"article","og_title":"M\u016f\u017ee \u010cesko vychovat v\u00edt\u011bze Tour de France? Ka\u017ed\u00fd by tomu r\u00e1d v\u011b\u0159il","og_description":"\u010cesk\u00fd cyklista nikdy v\u00a0historii nevyhr\u00e1l slavnou Tour de France, ani se tam nepostavil na p\u00f3dium. Je v\u016fbec re\u00e1ln\u00e9, \u017ee se \u010cesko jednou do\u010dk\u00e1 \u0161ampi\u00f3na?","og_url":"https:\/\/www.welovecycling.com\/cs\/2019\/07\/06\/muze-cesko-vychovat-vitez-tour-de-france-skoda-welovecycling-cr\/","og_site_name":"\u0160koda We Love Cycling - \u010cesk\u00e1 republika","article_published_time":"2019-07-06T16:52:08+00:00","article_modified_time":"2019-07-06T16:55:17+00:00","og_image":[{"width":1800,"height":785,"url":"https:\/\/d2p6e6u75xmxt8.cloudfront.net\/13\/2019\/06\/profimedia-0343128687jpg.webp","type":"image\/webp"}],"twitter_card":"summary_large_image","twitter_misc":{"Written by":"Jan Kr\u016fta","Est. reading time":"8"},"schema":{"@context":"https:\/\/schema.org","@graph":[{"@type":"WebPage","@id":"https:\/\/www.welovecycling.com\/cs\/2019\/07\/06\/muze-cesko-vychovat-vitez-tour-de-france-skoda-welovecycling-cr\/","url":"https:\/\/www.welovecycling.com\/cs\/2019\/07\/06\/muze-cesko-vychovat-vitez-tour-de-france-skoda-welovecycling-cr\/","name":"M\u016f\u017ee \u010cesko vychovat v\u00edt\u011bze Tour de France? Ka\u017ed\u00fd by tomu r\u00e1d v\u011b\u0159il | \u0160koda We Love Cycling - \u010cesk\u00e1 republika","isPartOf":{"@id":"https:\/\/www.welovecycling.com\/cs\/#website"},"primaryImageOfPage":{"@id":"https:\/\/www.welovecycling.com\/cs\/2019\/07\/06\/muze-cesko-vychovat-vitez-tour-de-france-skoda-welovecycling-cr\/#primaryimage"},"image":{"@id":"https:\/\/www.welovecycling.com\/cs\/2019\/07\/06\/muze-cesko-vychovat-vitez-tour-de-france-skoda-welovecycling-cr\/#primaryimage"},"thumbnailUrl":"https:\/\/d2p6e6u75xmxt8.cloudfront.net\/13\/2019\/06\/profimedia-0343128687jpg.webp","datePublished":"2019-07-06T16:52:08+00:00","dateModified":"2019-07-06T16:55:17+00:00","author":{"@id":""},"description":"\u010cesk\u00fd cyklista nikdy v\u00a0historii nevyhr\u00e1l slavnou Tour de France, ani se tam nepostavil na p\u00f3dium. Je v\u016fbec re\u00e1ln\u00e9, \u017ee se \u010cesko jednou do\u010dk\u00e1 \u0161ampi\u00f3na?","inLanguage":"cs","potentialAction":[{"@type":"ReadAction","target":["https:\/\/www.welovecycling.com\/cs\/2019\/07\/06\/muze-cesko-vychovat-vitez-tour-de-france-skoda-welovecycling-cr\/"]}]},{"@type":"ImageObject","inLanguage":"cs","@id":"https:\/\/www.welovecycling.com\/cs\/2019\/07\/06\/muze-cesko-vychovat-vitez-tour-de-france-skoda-welovecycling-cr\/#primaryimage","url":"https:\/\/d2p6e6u75xmxt8.cloudfront.net\/13\/2019\/06\/profimedia-0343128687jpg.webp","contentUrl":"https:\/\/d2p6e6u75xmxt8.cloudfront.net\/13\/2019\/06\/profimedia-0343128687jpg.webp","width":1800,"height":785},{"@type":"WebSite","@id":"https:\/\/www.welovecycling.com\/cs\/#website","url":"https:\/\/www.welovecycling.com\/cs\/","name":"\u0160koda We Love Cycling - \u010cesk\u00e1 republika","description":"WeLoveCycling.cz je online magaz\u00edn, kter\u00fd v\u00e1m pravideln\u011b p\u0159in\u00e1\u0161\u00ed rady a tipy, zaj\u00edmav\u00e9 \u010dl\u00e1nky, videa a jedine\u010dn\u00e9 report\u00e1\u017ee ze sv\u011bta cyklistiky.","potentialAction":[{"@type":"SearchAction","target":{"@type":"EntryPoint","urlTemplate":"https:\/\/www.welovecycling.com\/cs\/?s={search_term_string}"},"query-input":{"@type":"PropertyValueSpecification","valueRequired":true,"valueName":"search_term_string"}}],"inLanguage":"cs"},{"@type":"Person","@id":"","url":"https:\/\/www.welovecycling.com\/cs\/author\/"}]}},"_links":{"self":[{"href":"https:\/\/www.welovecycling.com\/cs\/wp-json\/wp\/v2\/posts\/2730","targetHints":{"allow":["GET"]}}],"collection":[{"href":"https:\/\/www.welovecycling.com\/cs\/wp-json\/wp\/v2\/posts"}],"about":[{"href":"https:\/\/www.welovecycling.com\/cs\/wp-json\/wp\/v2\/types\/post"}],"author":[{"embeddable":true,"href":"https:\/\/www.welovecycling.com\/cs\/wp-json\/wp\/v2\/users\/95"}],"replies":[{"embeddable":true,"href":"https:\/\/www.welovecycling.com\/cs\/wp-json\/wp\/v2\/comments?post=2730"}],"version-history":[{"count":2,"href":"https:\/\/www.welovecycling.com\/cs\/wp-json\/wp\/v2\/posts\/2730\/revisions"}],"predecessor-version":[{"id":2734,"href":"https:\/\/www.welovecycling.com\/cs\/wp-json\/wp\/v2\/posts\/2730\/revisions\/2734"}],"wp:featuredmedia":[{"embeddable":true,"href":"https:\/\/www.welovecycling.com\/cs\/wp-json\/wp\/v2\/media\/2478"}],"wp:attachment":[{"href":"https:\/\/www.welovecycling.com\/cs\/wp-json\/wp\/v2\/media?parent=2730"}],"wp:term":[{"taxonomy":"category","embeddable":true,"href":"https:\/\/www.welovecycling.com\/cs\/wp-json\/wp\/v2\/categories?post=2730"},{"taxonomy":"post_tag","embeddable":true,"href":"https:\/\/www.welovecycling.com\/cs\/wp-json\/wp\/v2\/tags?post=2730"},{"taxonomy":"global-categories","embeddable":true,"href":"https:\/\/www.welovecycling.com\/cs\/wp-json\/wp\/v2\/global-categories?post=2730"}],"curies":[{"name":"wp","href":"https:\/\/api.w.org\/{rel}","templated":true}]}}