{"id":27291,"date":"2024-10-08T14:37:33","date_gmt":"2024-10-08T12:37:33","guid":{"rendered":"https:\/\/www.welovecycling.com\/cs\/?p=27291"},"modified":"2024-10-08T20:32:25","modified_gmt":"2024-10-08T18:32:25","slug":"vosk-muze-zdvojnasobit-zivotnost-retezu","status":"publish","type":"post","link":"https:\/\/www.welovecycling.com\/cs\/2024\/10\/08\/vosk-muze-zdvojnasobit-zivotnost-retezu\/","title":{"rendered":"Vosk m\u016f\u017ee zdvojn\u00e1sobit \u017eivotnost \u0159et\u011bzu"},"content":{"rendered":"<p><strong>Vosk nebo olej?! Podzimn\u00ed pl\u00edskanice a vlhk\u00e9 po\u010das\u00ed prov\u00e1zej\u00edc\u00ed t\u00fddny p\u0159ed n\u00e1stupem zimy p\u0159edstavuj\u00ed velkou zkou\u0161ku pro cyklisty i jejich vybaven\u00ed. Jedn\u00edm z kl\u00ed\u010dov\u00fdch faktor\u016f pro po\u017eitek z j\u00edzdy v sedle kola je \u0159et\u011bz a jeho stav. Zanedb\u00e1n\u00ed p\u00e9\u010de m\u016f\u017ee zp\u016fsobit probl\u00e9my, a hlavn\u011b zkazit vyj\u00ed\u017e\u010fku, a\u0165 u\u017e se jedn\u00e1 o rodinn\u00fd v\u00fdlet \u010di pravideln\u00fd tr\u00e9nink. Pe\u010dliv\u00fd p\u0159\u00edstup naopak zv\u00fd\u0161\u00ed komfort z j\u00edzdy.<\/strong><\/p>\n<p>Velk\u00fdm t\u00e9matem p\u0159i podzimn\u00edm po\u010das\u00ed je volba vhodn\u00e9ho maziva. Zp\u016fsob\u016f, jak impregnovat \u0159et\u011bz je mnoho. U\u017e d\u00e1vno neplat\u00ed, \u017ee jedin\u00fdm vhodn\u00fdm prost\u0159edkem je olej, kter\u00fd se na \u0159et\u011bz nanese t\u011bsn\u011b p\u0159ed j\u00edzdou. St\u00e1le v\u00edce se do pop\u0159ed\u00ed z\u00e1jmu cyklist\u016f dost\u00e1vaj\u00ed nejr\u016fzn\u011bj\u0161\u00ed vosky \u010di paraf\u00edny. Bez nads\u00e1zky lze \u0159\u00edci, \u017ee o\u0161et\u0159en\u00ed \u0159et\u011bzu p\u0159edstavuje alchymii.<\/p>\n<h2><strong>Hlavn\u011b z \u0159et\u011bzu odstra\u0148te ne\u010distoty<\/strong><\/h2>\n<p>Oleje maj\u00ed r\u016fznou viskozitu, n\u011bkter\u00e9 jsou pln\u011b syntetick\u00e9, dal\u0161\u00ed jsou miner\u00e1ln\u00ed, na trhu jsou oleje s p\u0159\u00edm\u011bs\u00ed teflonu \u010di silikonu&#8230; K m\u00e1n\u00ed jsou ve sprej\u00edch \u010di speci\u00e1ln\u00edch d\u00e1vkova\u010d\u00edch, tud\u00ed\u017e s jejich aplikac\u00ed si porad\u00ed naprosto ka\u017ed\u00fd.<\/p>\n<p>V\u017edy je t\u0159eba pou\u017e\u00edt olej, kter\u00fd je skute\u010dn\u011b ur\u010den\u00fd pro j\u00edzdn\u00ed kola. Ani v nejv\u011bt\u0161\u00ed krizi nepou\u017e\u00edvejte olej z \u201ekuchyn\u011b\u201c. A pokud m\u00e1te na v\u00fdb\u011br, rozhodn\u011b se doporu\u010duje up\u0159ednostnit kap\u00e1tko p\u0159ed sprejem.<\/p>\n<div class=\"shortcode-ys-post-pinup\"><article class=\"loop-simple post-25012 post type-post status-publish format-standard has-post-thumbnail hentry category-rady-tipy tag-cyklistika tag-horska-cyklistika tag-jak-spravne-radit tag-jizda-na-kole tag-kolo tag-prehazovacka tag-prehazovani-na-kole tag-presmykac tag-razeni-na-kole tag-silnicni-cyklistika tag-volba-rychlosti-na-kole global-categories-cycling\" data-postid=\"25012\" role=\"article\" data-post-id=\"25012\" data-word-count=\"530\" data-headline-length=\"21\" data-category=\"Rady &amp; tipy\" data-global-category=\"Cycling\" data-author=\"We Love Cycling\" data-published=\"2024-03-12T14:00:14+02:00\" data-published-day=\"Tuesday\">\n    <div class=\"entry-thumbnail article-thumbnail\" content=\"https:\/\/d2p6e6u75xmxt8.cloudfront.net\/13\/2020\/08\/WLC-p\u0159ehazova\u010dka-p\u0159evodn\u00edk-kazeta-ped\u00e1l-klika-150x150.webp\"><a href=\"https:\/\/www.welovecycling.com\/cs\/2024\/03\/12\/jak-spravne-radit\/\" class=\"image-holder\" target=\"_self\"><img decoding=\"async\" loading=\"lazy\" class=\"\" src=\"https:\/\/d2p6e6u75xmxt8.cloudfront.net\/13\/2020\/08\/WLC-p\u0159ehazova\u010dka-p\u0159evodn\u00edk-kazeta-ped\u00e1l-klika-1024x683.webp\" srcset=\"https:\/\/d2p6e6u75xmxt8.cloudfront.net\/13\/2020\/08\/WLC-p\u0159ehazova\u010dka-p\u0159evodn\u00edk-kazeta-ped\u00e1l-klika.webp 1600w, https:\/\/d2p6e6u75xmxt8.cloudfront.net\/13\/2020\/08\/WLC-p\u0159ehazova\u010dka-p\u0159evodn\u00edk-kazeta-ped\u00e1l-klika-300x200.webp 300w, https:\/\/d2p6e6u75xmxt8.cloudfront.net\/13\/2020\/08\/WLC-p\u0159ehazova\u010dka-p\u0159evodn\u00edk-kazeta-ped\u00e1l-klika-1024x683.webp 1024w, https:\/\/d2p6e6u75xmxt8.cloudfront.net\/13\/2020\/08\/WLC-p\u0159ehazova\u010dka-p\u0159evodn\u00edk-kazeta-ped\u00e1l-klika-768x512.webp 768w, https:\/\/d2p6e6u75xmxt8.cloudfront.net\/13\/2020\/08\/WLC-p\u0159ehazova\u010dka-p\u0159evodn\u00edk-kazeta-ped\u00e1l-klika-1536x1024.webp 1536w, https:\/\/d2p6e6u75xmxt8.cloudfront.net\/13\/2020\/08\/WLC-p\u0159ehazova\u010dka-p\u0159evodn\u00edk-kazeta-ped\u00e1l-klika-272x182.webp 272w\" width=\"1024\" height=\"683\" sizes=\"auto, (min-width: 1200px) 300px, (min-width: 768px) 25vw, 100vw\" alt=\"jak-spravne-radit\"\/><\/a><\/div>    <div class=\"entry-meta\">\n        <a class=\"label label-secondary post-category\" href=\"https:\/\/www.welovecycling.com\/cs\/category\/rady-tipy\/\" title=\"Rady &amp; tipy\">Rady &amp; tipy<\/a>\n    <\/div>\n    <div class=\"entry-details\">\n        <a href=\"https:\/\/www.welovecycling.com\/cs\/2024\/03\/12\/jak-spravne-radit\/\" class='entry-title-wrapper'>\n            <h3 class=\"entry-title\"><span>Jak spr\u00e1vn\u011b \u0159adit?<\/span><\/h3>\n        <\/a>\n    <\/div>\n    <\/article>\n<\/div>\n<p>P\u0159ed aplikac\u00ed je nezbytn\u00e9 z \u0159et\u011bzu i v\u0161ech ozuben\u00fdch \u010d\u00e1stic odstranit ne\u010distoty, kter\u00e9 se zachytily po p\u0159ede\u0161l\u00e9 aplikaci oleje. N\u00e1sledn\u011b je t\u0159eba sprej \u010di kap\u00e1tko um\u00edstit nad \u0159et\u011bz a n\u011bkolikr\u00e1t proto\u010dit ped\u00e1ly proti sm\u011bru j\u00edzdy.<\/p>\n<p>Po n\u011bkolika minut\u00e1ch je t\u0159eba hadrem \u0159et\u011bz osu\u0161it. Ide\u00e1ln\u00ed je znovu proto\u010dit ped\u00e1ly, aby do\u0161lo k osu\u0161en\u00ed cel\u00e9ho \u0159et\u011bzu. Doporu\u010den\u00ed zn\u00ed volit men\u0161\u00ed \u201evrstvu\u201c oleje, proto\u017ee n\u00e1sledn\u011b bude \u0159et\u011bz zachyt\u00e1vat m\u00e9n\u011b ne\u010distot a rovn\u011b\u017e bude m\u00e9n\u011b \u0161pinit. A rozhodn\u011b je lep\u0161\u00ed mazat m\u00e9n\u011b a \u010dast\u011bji ne\u017e jednou za sezonu.<\/p>\n<p>Pokud jako mazac\u00ed prost\u0159edek zvol\u00edte olej, bu\u010fte p\u0159i aplikaci ostra\u017eit\u00ed, jestli\u017ee pou\u017e\u00edv\u00e1te kotou\u010dov\u00e9 brzdy, kam se olej nesm\u00ed dostat!<\/p>\n<h2><strong>Vosk zdvojn\u00e1sob\u00ed \u017eivotnost \u0159et\u011bzu<\/strong><\/h2>\n<p>V\u00fdhodou navoskovan\u00e9ho \u0159et\u011bzu je zv\u00fd\u0161en\u00ed v\u00fdkonu o p\u011bt a\u017e deset watt\u016f ve srovn\u00e1n\u00ed s pou\u017eit\u00edm oleje. P\u0159i pou\u017eit\u00ed vosku doch\u00e1z\u00ed k ni\u017e\u0161\u00edmu t\u0159en\u00ed a \u010d\u00edm jsou podm\u00ednky n\u00e1ro\u010dn\u011bj\u0161\u00ed, je efekt pou\u017eit\u00ed vosku v\u011bt\u0161\u00ed. \u00dadr\u017eba \u0159et\u011bzu o\u0161et\u0159en\u00e9ho voskem je nav\u00edc mnohem snadn\u011bj\u0161\u00ed, sta\u010d\u00ed \u0159et\u011bz za\u0161pin\u011bn\u00fd bl\u00e1tem \u010di dal\u0161\u00edmi ne\u010distotami lehce opl\u00e1chnout vodou a vysu\u0161it.<\/p>\n<p>Z\u00e1sadn\u00edm kladem pou\u017eit\u00ed vosku je prodlou\u017een\u00ed \u017eivotnosti \u0159et\u011bzu, kazety, p\u0159evodn\u00edk\u016f i kladek. Mnohdy jde zejm\u00e9na v p\u0159\u00edpad\u011b \u0159et\u011bzu a\u017e o dvojn\u00e1sobek najet\u00fdch kilometr\u016f, tud\u00ed\u017e se pochopiteln\u011b investice do vosku vyplat\u00ed.<\/p>\n<p>Velkou v\u00fdhodou je \u201e\u010distota\u201c ve srovn\u00e1n\u00ed s pou\u017eit\u00edm oleje. P\u0159i transportu neu\u0161pin\u00edte auto ani sebe, v neposledn\u00ed \u0159ad\u011b pak navoskovan\u00fd \u0159et\u011bz upout\u00e1 mnoho pohled\u016f cyklistick\u00fdch koleg\u016f.<\/p>\n<p>Pokud se rozhodnete pro o\u0161et\u0159en\u00ed \u0159et\u011bzu voskem, m\u016f\u017eete vyu\u017e\u00edt slu\u017eeb specialist\u016f nebo se do dan\u00e9 \u00fadr\u017eby pustit sami, ov\u0161em je t\u0159eba m\u00edt na pam\u011bti, \u017ee aplikace vosku je pom\u011brn\u011b n\u00e1ro\u010dn\u00e1.<\/p>\n<figure id=\"attachment_16824\" aria-describedby=\"caption-attachment-16824\" style=\"width: 1920px\" class=\"wp-caption alignnone\"><a href=\"https:\/\/d2p6e6u75xmxt8.cloudfront.net\/13\/2022\/05\/olej-retez-cerveny-5.webp\"><img loading=\"lazy\" decoding=\"async\" class=\"size-extra-large wp-image-16824\" src=\"https:\/\/d2p6e6u75xmxt8.cloudfront.net\/13\/2022\/05\/olej-retez-cerveny-5-1920x1280.webp\" alt=\"\" width=\"1920\" height=\"1280\" srcset=\"https:\/\/d2p6e6u75xmxt8.cloudfront.net\/13\/2022\/05\/olej-retez-cerveny-5-1920x1280.webp 1920w, https:\/\/d2p6e6u75xmxt8.cloudfront.net\/13\/2022\/05\/olej-retez-cerveny-5-300x200.webp 300w, https:\/\/d2p6e6u75xmxt8.cloudfront.net\/13\/2022\/05\/olej-retez-cerveny-5-1024x682.webp 1024w, https:\/\/d2p6e6u75xmxt8.cloudfront.net\/13\/2022\/05\/olej-retez-cerveny-5-768x512.webp 768w, https:\/\/d2p6e6u75xmxt8.cloudfront.net\/13\/2022\/05\/olej-retez-cerveny-5-1536x1024.webp 1536w, https:\/\/d2p6e6u75xmxt8.cloudfront.net\/13\/2022\/05\/olej-retez-cerveny-5-272x182.webp 272w, https:\/\/d2p6e6u75xmxt8.cloudfront.net\/13\/2022\/05\/olej-retez-cerveny-5.webp 2000w, https:\/\/d2p6e6u75xmxt8.cloudfront.net\/13\/2022\/05\/olej-retez-cerveny-5-1920x1280.webp 1920w\" sizes=\"auto, (max-width: 1920px) 100vw, 1920px\" \/><\/a><figcaption id=\"caption-attachment-16824\" class=\"wp-caption-text\"><em>Vosk versus olej?\u00a0<\/em><\/figcaption><\/figure>\n<p>\u0158et\u011bz je pot\u0159eba um\u00edstit do roztaven\u00e9ho vosku, kter\u00fd bude m\u00edt teplotu p\u0159ibli\u017en\u011b sto stup\u0148\u016f celsia. Aby do\u0161lo k dokonal\u00e9 aplikaci a vosk pronikl v\u0161emi d\u00edlky \u0159et\u011bzu, je nutn\u00e9 \u0159et\u011bz ve vosku &#8222;mixovat&#8220; jako p\u0159i m\u00e1ch\u00e1n\u00ed pr\u00e1dla.<\/p>\n<h2><strong>Vosk aplikujte nejprve na z\u00e1vodn\u00ed \u0159et\u011bz<\/strong><\/h2>\n<p>Ide\u00e1ln\u011b pak za pomoc\u00ed ko\u017een\u00fdch rukavic \u0159et\u011bz opatrn\u011b vynd\u00e1te a zav\u011bs\u00edte na p\u0159ipraven\u00fd h\u0159eb\u00edk \u010di klasick\u00fd h\u00e1\u010dek z ram\u00ednka a nech\u00e1te zatuhnout. Je vhodn\u00e9 pod \u0159et\u011bz um\u00edstit kup\u0159\u00edkladu hlin\u00edkovou f\u00f3lii, proto\u017ee ur\u010dit\u011b \u010d\u00e1st vosku odkape. Po ochlazen\u00ed na pokojovou teplotu \u0159et\u011bz jednodu\u0161e rozh\u00fdbete a nasad\u00edte na kolo.<\/p>\n<div class=\"shortcode-ys-post-pinup\"><article class=\"loop-simple post-27232 post type-post status-publish format-standard has-post-thumbnail hentry category-rady-tipy tag-cyklistika tag-horska-cyklistika tag-podzimni-servis tag-servis-kola tag-silnicni-cyklistika tag-trenink tag-zdravi-a-trenink global-categories-cycling\" data-postid=\"27232\" role=\"article\" data-post-id=\"27232\" data-word-count=\"276\" data-headline-length=\"33\" data-category=\"Rady &amp; tipy\" data-global-category=\"Cycling\" data-author=\"Podzimn\u00ed servis\" data-published=\"2024-09-30T12:00:18+02:00\" data-published-day=\"Monday\">\n    <div class=\"entry-thumbnail article-thumbnail\" content=\"https:\/\/d2p6e6u75xmxt8.cloudfront.net\/13\/2023\/12\/CER_0324-1-150x150.webp\"><a href=\"https:\/\/www.welovecycling.com\/cs\/2024\/09\/30\/proc-vsadit-na-podzimni-servis\/\" class=\"image-holder\" target=\"_self\"><img decoding=\"async\" loading=\"lazy\" class=\"\" src=\"https:\/\/d2p6e6u75xmxt8.cloudfront.net\/13\/2023\/12\/CER_0324-1-1024x509.webp\" srcset=\"https:\/\/d2p6e6u75xmxt8.cloudfront.net\/13\/2023\/12\/CER_0324-1.webp 1200w, https:\/\/d2p6e6u75xmxt8.cloudfront.net\/13\/2023\/12\/CER_0324-1-300x149.webp 300w, https:\/\/d2p6e6u75xmxt8.cloudfront.net\/13\/2023\/12\/CER_0324-1-1024x509.webp 1024w, https:\/\/d2p6e6u75xmxt8.cloudfront.net\/13\/2023\/12\/CER_0324-1-768x382.webp 768w, https:\/\/d2p6e6u75xmxt8.cloudfront.net\/13\/2023\/12\/CER_0324-1-400x199.webp 400w\" width=\"1024\" height=\"509\" sizes=\"auto, (min-width: 1200px) 402px, (min-width: 768px) 34vw, 100vw\" alt=\"proc-vsadit-na-podzimni-servis\"\/><\/a><\/div>    <div class=\"entry-meta\">\n        <a class=\"label label-secondary post-category\" href=\"https:\/\/www.welovecycling.com\/cs\/category\/rady-tipy\/\" title=\"Rady &amp; tipy\">Rady &amp; tipy<\/a>\n    <\/div>\n    <div class=\"entry-details\">\n        <a href=\"https:\/\/www.welovecycling.com\/cs\/2024\/09\/30\/proc-vsadit-na-podzimni-servis\/\" class='entry-title-wrapper'>\n            <h3 class=\"entry-title\"><span>Pro\u010d vsadit na podzimn\u00ed servis?<\/span><\/h3>\n        <\/a>\n    <\/div>\n    <\/article>\n<\/div>\n<p>Pokud pou\u017e\u00edv\u00e1te r\u016fzn\u00e9 \u0159et\u011bzy pro tr\u00e9ninkov\u00e9 a z\u00e1vodn\u00ed j\u00edzdy, plat\u00ed doporu\u010den\u00ed nejprve voskovat \u0159et\u011bz ur\u010den\u00fd k sout\u011b\u017en\u00edm \u00fa\u010del\u016fm a v pou\u017eit\u00e9 l\u00e1zni n\u00e1sledn\u011b voskovat rezervn\u00ed \u0159et\u011bz, na n\u011bm\u017e naj\u00ed\u017ed\u00edte kilometry. Jestli\u017ee je \u0159et\u011bz po p\u0159ede\u0161l\u00fdch j\u00edzd\u00e1ch extr\u00e9mn\u011b zne\u010di\u0161t\u011bn\u00fd, je t\u0159eba p\u0159ed celou procedurou s\u00e1hnout k o\u0161et\u0159en\u00ed miner\u00e1ln\u00edmi lihovinami.<\/p>\n<p>A\u0165 u\u017e zvol\u00edte kteroukoliv variantu <a href=\"https:\/\/www.welovecycling.com\/cs\/2023\/10\/06\/jak-spravne-vycistit-a-namazat-retez\/\">maz\u00e1n\u00ed \u0159et\u011bzu<\/a>, p\u016fjde o p\u0159\u00ednos pro va\u0161e kolo, a tud\u00ed\u017e i va\u0161i j\u00edzdu. Nejhor\u0161\u00ed variantou je \u0159et\u011bz nemazat a p\u00e9\u010di o n\u011bj zanedb\u00e1vat.<\/p>\n","protected":false},"excerpt":{"rendered":"<p>Vosk nebo olej?! Podzimn\u00ed pl\u00edskanice a vlhk\u00e9 po\u010das\u00ed prov\u00e1zej\u00edc\u00ed t\u00fddny p\u0159ed n\u00e1stupem zimy p\u0159edstavuj\u00ed velkou zkou\u0161ku pro cyklisty i jejich [&hellip;]<\/p>\n","protected":false},"author":138,"featured_media":16821,"comment_status":"open","ping_status":"open","sticky":false,"template":"","format":"standard","meta":{"footnotes":""},"categories":[15],"tags":[126,2669,3839,3840,27,771,3838],"global-categories":[411],"class_list":["post-27291","post","type-post","status-publish","format-standard","has-post-thumbnail","hentry","category-rady-tipy","tag-cyklistika","tag-kolofix","tag-mazani-retezu","tag-pece-o-retez","tag-trenink","tag-udrzba-kola","tag-voskovani-retezu","global-categories-cycling"],"yoast_head":"<!-- This site is optimized with the Yoast SEO Premium plugin v25.3 (Yoast SEO v25.9) - https:\/\/yoast.com\/wordpress\/plugins\/seo\/ -->\n<title>Vosk m\u016f\u017ee zdvojn\u00e1sobit \u017eivotnost \u0159et\u011bzu | \u0160koda We Love Cycling - \u010cesk\u00e1 republika<\/title>\n<meta name=\"description\" content=\"Vosk nebo olej? Podzimn\u00ed pl\u00edskanice a vlhk\u00e9 po\u010das\u00ed prov\u00e1zej\u00edc\u00ed t\u00fddny p\u0159ed n\u00e1stupem zimy p\u0159edstavuj\u00ed velkou zkou\u0161ku pro cyklisty i jejich vybaven\u00ed. Jedn\u00edm z kl\u00ed\u010dov\u00fdch faktor\u016f pro po\u017eitek z j\u00edzdy v sedle kola je \u0159et\u011bz a jeho stav. Zanedb\u00e1n\u00ed p\u00e9\u010de m\u016f\u017ee zp\u016fsobit probl\u00e9my, a hlavn\u011b zkazit vyj\u00ed\u017e\u010fku, a\u0165 u\u017e se jedn\u00e1 o rodinn\u00fd v\u00fdlet \u010di pravideln\u00fd tr\u00e9nink. Pe\u010dliv\u00fd p\u0159\u00edstup naopak zv\u00fd\u0161\u00ed komfort z j\u00edzdy.\" \/>\n<meta name=\"robots\" content=\"index, follow, max-snippet:-1, max-image-preview:large, max-video-preview:-1\" \/>\n<link rel=\"canonical\" href=\"https:\/\/www.welovecycling.com\/cs\/2024\/10\/08\/vosk-muze-zdvojnasobit-zivotnost-retezu\/\" \/>\n<meta property=\"og:locale\" content=\"cs_CZ\" \/>\n<meta property=\"og:type\" content=\"article\" \/>\n<meta property=\"og:title\" content=\"Vosk m\u016f\u017ee zdvojn\u00e1sobit \u017eivotnost \u0159et\u011bzu\" \/>\n<meta property=\"og:description\" content=\"Vosk nebo olej? Podzimn\u00ed pl\u00edskanice a vlhk\u00e9 po\u010das\u00ed prov\u00e1zej\u00edc\u00ed t\u00fddny p\u0159ed n\u00e1stupem zimy p\u0159edstavuj\u00ed velkou zkou\u0161ku pro cyklisty i jejich vybaven\u00ed. Jedn\u00edm z kl\u00ed\u010dov\u00fdch faktor\u016f pro po\u017eitek z j\u00edzdy v sedle kola je \u0159et\u011bz a jeho stav. Zanedb\u00e1n\u00ed p\u00e9\u010de m\u016f\u017ee zp\u016fsobit probl\u00e9my, a hlavn\u011b zkazit vyj\u00ed\u017e\u010fku, a\u0165 u\u017e se jedn\u00e1 o rodinn\u00fd v\u00fdlet \u010di pravideln\u00fd tr\u00e9nink. Pe\u010dliv\u00fd p\u0159\u00edstup naopak zv\u00fd\u0161\u00ed komfort z j\u00edzdy.\" \/>\n<meta property=\"og:url\" content=\"https:\/\/www.welovecycling.com\/cs\/2024\/10\/08\/vosk-muze-zdvojnasobit-zivotnost-retezu\/\" \/>\n<meta property=\"og:site_name\" content=\"\u0160koda We Love Cycling - \u010cesk\u00e1 republika\" \/>\n<meta property=\"article:published_time\" content=\"2024-10-08T12:37:33+00:00\" \/>\n<meta property=\"article:modified_time\" content=\"2024-10-08T18:32:25+00:00\" \/>\n<meta property=\"og:image\" content=\"https:\/\/d2p6e6u75xmxt8.cloudfront.net\/13\/2022\/05\/olej-retez-cerveny-2.webp\" \/>\n\t<meta property=\"og:image:width\" content=\"2000\" \/>\n\t<meta property=\"og:image:height\" content=\"1333\" \/>\n\t<meta property=\"og:image:type\" content=\"image\/webp\" \/>\n<meta name=\"author\" content=\"radekmalina\" \/>\n<meta name=\"twitter:card\" content=\"summary_large_image\" \/>\n<meta name=\"twitter:label1\" content=\"Written by\" \/>\n\t<meta name=\"twitter:data1\" content=\"Podzimn\u00ed servis\" \/>\n\t<meta name=\"twitter:label2\" content=\"Est. reading time\" \/>\n\t<meta name=\"twitter:data2\" content=\"5\" \/>\n<script type=\"application\/ld+json\" class=\"yoast-schema-graph\">{\"@context\":\"https:\/\/schema.org\",\"@graph\":[{\"@type\":\"WebPage\",\"@id\":\"https:\/\/www.welovecycling.com\/cs\/2024\/10\/08\/vosk-muze-zdvojnasobit-zivotnost-retezu\/\",\"url\":\"https:\/\/www.welovecycling.com\/cs\/2024\/10\/08\/vosk-muze-zdvojnasobit-zivotnost-retezu\/\",\"name\":\"Vosk m\u016f\u017ee zdvojn\u00e1sobit \u017eivotnost \u0159et\u011bzu | \u0160koda We Love Cycling - \u010cesk\u00e1 republika\",\"isPartOf\":{\"@id\":\"https:\/\/www.welovecycling.com\/cs\/#website\"},\"primaryImageOfPage\":{\"@id\":\"https:\/\/www.welovecycling.com\/cs\/2024\/10\/08\/vosk-muze-zdvojnasobit-zivotnost-retezu\/#primaryimage\"},\"image\":{\"@id\":\"https:\/\/www.welovecycling.com\/cs\/2024\/10\/08\/vosk-muze-zdvojnasobit-zivotnost-retezu\/#primaryimage\"},\"thumbnailUrl\":\"https:\/\/d2p6e6u75xmxt8.cloudfront.net\/13\/2022\/05\/olej-retez-cerveny-2.webp\",\"datePublished\":\"2024-10-08T12:37:33+00:00\",\"dateModified\":\"2024-10-08T18:32:25+00:00\",\"author\":{\"@id\":\"https:\/\/www.welovecycling.com\/cs\/#\/schema\/person\/d9eeb0a378f3a7e4a6d12d2b536b04b8\"},\"description\":\"Vosk nebo olej? Podzimn\u00ed pl\u00edskanice a vlhk\u00e9 po\u010das\u00ed prov\u00e1zej\u00edc\u00ed t\u00fddny p\u0159ed n\u00e1stupem zimy p\u0159edstavuj\u00ed velkou zkou\u0161ku pro cyklisty i jejich vybaven\u00ed. Jedn\u00edm z kl\u00ed\u010dov\u00fdch faktor\u016f pro po\u017eitek z j\u00edzdy v sedle kola je \u0159et\u011bz a jeho stav. Zanedb\u00e1n\u00ed p\u00e9\u010de m\u016f\u017ee zp\u016fsobit probl\u00e9my, a hlavn\u011b zkazit vyj\u00ed\u017e\u010fku, a\u0165 u\u017e se jedn\u00e1 o rodinn\u00fd v\u00fdlet \u010di pravideln\u00fd tr\u00e9nink. Pe\u010dliv\u00fd p\u0159\u00edstup naopak zv\u00fd\u0161\u00ed komfort z j\u00edzdy.\",\"inLanguage\":\"cs\",\"potentialAction\":[{\"@type\":\"ReadAction\",\"target\":[\"https:\/\/www.welovecycling.com\/cs\/2024\/10\/08\/vosk-muze-zdvojnasobit-zivotnost-retezu\/\"]}]},{\"@type\":\"ImageObject\",\"inLanguage\":\"cs\",\"@id\":\"https:\/\/www.welovecycling.com\/cs\/2024\/10\/08\/vosk-muze-zdvojnasobit-zivotnost-retezu\/#primaryimage\",\"url\":\"https:\/\/d2p6e6u75xmxt8.cloudfront.net\/13\/2022\/05\/olej-retez-cerveny-2.webp\",\"contentUrl\":\"https:\/\/d2p6e6u75xmxt8.cloudfront.net\/13\/2022\/05\/olej-retez-cerveny-2.webp\",\"width\":2000,\"height\":1333},{\"@type\":\"WebSite\",\"@id\":\"https:\/\/www.welovecycling.com\/cs\/#website\",\"url\":\"https:\/\/www.welovecycling.com\/cs\/\",\"name\":\"\u0160koda We Love Cycling - \u010cesk\u00e1 republika\",\"description\":\"WeLoveCycling.cz je online magaz\u00edn, kter\u00fd v\u00e1m pravideln\u011b p\u0159in\u00e1\u0161\u00ed rady a tipy, zaj\u00edmav\u00e9 \u010dl\u00e1nky, videa a jedine\u010dn\u00e9 report\u00e1\u017ee ze sv\u011bta cyklistiky.\",\"potentialAction\":[{\"@type\":\"SearchAction\",\"target\":{\"@type\":\"EntryPoint\",\"urlTemplate\":\"https:\/\/www.welovecycling.com\/cs\/?s={search_term_string}\"},\"query-input\":{\"@type\":\"PropertyValueSpecification\",\"valueRequired\":true,\"valueName\":\"search_term_string\"}}],\"inLanguage\":\"cs\"},{\"@type\":\"Person\",\"@id\":\"https:\/\/www.welovecycling.com\/cs\/#\/schema\/person\/d9eeb0a378f3a7e4a6d12d2b536b04b8\",\"name\":\"radekmalina\",\"image\":{\"@type\":\"ImageObject\",\"inLanguage\":\"cs\",\"@id\":\"https:\/\/www.welovecycling.com\/cs\/#\/schema\/person\/image\/\",\"url\":\"https:\/\/secure.gravatar.com\/avatar\/66994b632cb8c39a46b9f54afa3ae07201b678d32a54275b6f1c9ffec356bfc0?s=96&d=mm&r=g\",\"contentUrl\":\"https:\/\/secure.gravatar.com\/avatar\/66994b632cb8c39a46b9f54afa3ae07201b678d32a54275b6f1c9ffec356bfc0?s=96&d=mm&r=g\",\"caption\":\"radekmalina\"},\"url\":\"https:\/\/www.welovecycling.com\/cs\/author\/radekmalina\/\"}]}<\/script>\n<!-- \/ Yoast SEO Premium plugin. -->","yoast_head_json":{"title":"Vosk m\u016f\u017ee zdvojn\u00e1sobit \u017eivotnost \u0159et\u011bzu | \u0160koda We Love Cycling - \u010cesk\u00e1 republika","description":"Vosk nebo olej? Podzimn\u00ed pl\u00edskanice a vlhk\u00e9 po\u010das\u00ed prov\u00e1zej\u00edc\u00ed t\u00fddny p\u0159ed n\u00e1stupem zimy p\u0159edstavuj\u00ed velkou zkou\u0161ku pro cyklisty i jejich vybaven\u00ed. Jedn\u00edm z kl\u00ed\u010dov\u00fdch faktor\u016f pro po\u017eitek z j\u00edzdy v sedle kola je \u0159et\u011bz a jeho stav. Zanedb\u00e1n\u00ed p\u00e9\u010de m\u016f\u017ee zp\u016fsobit probl\u00e9my, a hlavn\u011b zkazit vyj\u00ed\u017e\u010fku, a\u0165 u\u017e se jedn\u00e1 o rodinn\u00fd v\u00fdlet \u010di pravideln\u00fd tr\u00e9nink. Pe\u010dliv\u00fd p\u0159\u00edstup naopak zv\u00fd\u0161\u00ed komfort z j\u00edzdy.","robots":{"index":"index","follow":"follow","max-snippet":"max-snippet:-1","max-image-preview":"max-image-preview:large","max-video-preview":"max-video-preview:-1"},"canonical":"https:\/\/www.welovecycling.com\/cs\/2024\/10\/08\/vosk-muze-zdvojnasobit-zivotnost-retezu\/","og_locale":"cs_CZ","og_type":"article","og_title":"Vosk m\u016f\u017ee zdvojn\u00e1sobit \u017eivotnost \u0159et\u011bzu","og_description":"Vosk nebo olej? Podzimn\u00ed pl\u00edskanice a vlhk\u00e9 po\u010das\u00ed prov\u00e1zej\u00edc\u00ed t\u00fddny p\u0159ed n\u00e1stupem zimy p\u0159edstavuj\u00ed velkou zkou\u0161ku pro cyklisty i jejich vybaven\u00ed. Jedn\u00edm z kl\u00ed\u010dov\u00fdch faktor\u016f pro po\u017eitek z j\u00edzdy v sedle kola je \u0159et\u011bz a jeho stav. Zanedb\u00e1n\u00ed p\u00e9\u010de m\u016f\u017ee zp\u016fsobit probl\u00e9my, a hlavn\u011b zkazit vyj\u00ed\u017e\u010fku, a\u0165 u\u017e se jedn\u00e1 o rodinn\u00fd v\u00fdlet \u010di pravideln\u00fd tr\u00e9nink. Pe\u010dliv\u00fd p\u0159\u00edstup naopak zv\u00fd\u0161\u00ed komfort z j\u00edzdy.","og_url":"https:\/\/www.welovecycling.com\/cs\/2024\/10\/08\/vosk-muze-zdvojnasobit-zivotnost-retezu\/","og_site_name":"\u0160koda We Love Cycling - \u010cesk\u00e1 republika","article_published_time":"2024-10-08T12:37:33+00:00","article_modified_time":"2024-10-08T18:32:25+00:00","og_image":[{"width":2000,"height":1333,"url":"https:\/\/d2p6e6u75xmxt8.cloudfront.net\/13\/2022\/05\/olej-retez-cerveny-2.webp","type":"image\/webp"}],"author":"radekmalina","twitter_card":"summary_large_image","twitter_misc":{"Written by":"Podzimn\u00ed servis","Est. reading time":"5"},"schema":{"@context":"https:\/\/schema.org","@graph":[{"@type":"WebPage","@id":"https:\/\/www.welovecycling.com\/cs\/2024\/10\/08\/vosk-muze-zdvojnasobit-zivotnost-retezu\/","url":"https:\/\/www.welovecycling.com\/cs\/2024\/10\/08\/vosk-muze-zdvojnasobit-zivotnost-retezu\/","name":"Vosk m\u016f\u017ee zdvojn\u00e1sobit \u017eivotnost \u0159et\u011bzu | \u0160koda We Love Cycling - \u010cesk\u00e1 republika","isPartOf":{"@id":"https:\/\/www.welovecycling.com\/cs\/#website"},"primaryImageOfPage":{"@id":"https:\/\/www.welovecycling.com\/cs\/2024\/10\/08\/vosk-muze-zdvojnasobit-zivotnost-retezu\/#primaryimage"},"image":{"@id":"https:\/\/www.welovecycling.com\/cs\/2024\/10\/08\/vosk-muze-zdvojnasobit-zivotnost-retezu\/#primaryimage"},"thumbnailUrl":"https:\/\/d2p6e6u75xmxt8.cloudfront.net\/13\/2022\/05\/olej-retez-cerveny-2.webp","datePublished":"2024-10-08T12:37:33+00:00","dateModified":"2024-10-08T18:32:25+00:00","author":{"@id":"https:\/\/www.welovecycling.com\/cs\/#\/schema\/person\/d9eeb0a378f3a7e4a6d12d2b536b04b8"},"description":"Vosk nebo olej? Podzimn\u00ed pl\u00edskanice a vlhk\u00e9 po\u010das\u00ed prov\u00e1zej\u00edc\u00ed t\u00fddny p\u0159ed n\u00e1stupem zimy p\u0159edstavuj\u00ed velkou zkou\u0161ku pro cyklisty i jejich vybaven\u00ed. Jedn\u00edm z kl\u00ed\u010dov\u00fdch faktor\u016f pro po\u017eitek z j\u00edzdy v sedle kola je \u0159et\u011bz a jeho stav. Zanedb\u00e1n\u00ed p\u00e9\u010de m\u016f\u017ee zp\u016fsobit probl\u00e9my, a hlavn\u011b zkazit vyj\u00ed\u017e\u010fku, a\u0165 u\u017e se jedn\u00e1 o rodinn\u00fd v\u00fdlet \u010di pravideln\u00fd tr\u00e9nink. Pe\u010dliv\u00fd p\u0159\u00edstup naopak zv\u00fd\u0161\u00ed komfort z j\u00edzdy.","inLanguage":"cs","potentialAction":[{"@type":"ReadAction","target":["https:\/\/www.welovecycling.com\/cs\/2024\/10\/08\/vosk-muze-zdvojnasobit-zivotnost-retezu\/"]}]},{"@type":"ImageObject","inLanguage":"cs","@id":"https:\/\/www.welovecycling.com\/cs\/2024\/10\/08\/vosk-muze-zdvojnasobit-zivotnost-retezu\/#primaryimage","url":"https:\/\/d2p6e6u75xmxt8.cloudfront.net\/13\/2022\/05\/olej-retez-cerveny-2.webp","contentUrl":"https:\/\/d2p6e6u75xmxt8.cloudfront.net\/13\/2022\/05\/olej-retez-cerveny-2.webp","width":2000,"height":1333},{"@type":"WebSite","@id":"https:\/\/www.welovecycling.com\/cs\/#website","url":"https:\/\/www.welovecycling.com\/cs\/","name":"\u0160koda We Love Cycling - \u010cesk\u00e1 republika","description":"WeLoveCycling.cz je online magaz\u00edn, kter\u00fd v\u00e1m pravideln\u011b p\u0159in\u00e1\u0161\u00ed rady a tipy, zaj\u00edmav\u00e9 \u010dl\u00e1nky, videa a jedine\u010dn\u00e9 report\u00e1\u017ee ze sv\u011bta cyklistiky.","potentialAction":[{"@type":"SearchAction","target":{"@type":"EntryPoint","urlTemplate":"https:\/\/www.welovecycling.com\/cs\/?s={search_term_string}"},"query-input":{"@type":"PropertyValueSpecification","valueRequired":true,"valueName":"search_term_string"}}],"inLanguage":"cs"},{"@type":"Person","@id":"https:\/\/www.welovecycling.com\/cs\/#\/schema\/person\/d9eeb0a378f3a7e4a6d12d2b536b04b8","name":"radekmalina","image":{"@type":"ImageObject","inLanguage":"cs","@id":"https:\/\/www.welovecycling.com\/cs\/#\/schema\/person\/image\/","url":"https:\/\/secure.gravatar.com\/avatar\/66994b632cb8c39a46b9f54afa3ae07201b678d32a54275b6f1c9ffec356bfc0?s=96&d=mm&r=g","contentUrl":"https:\/\/secure.gravatar.com\/avatar\/66994b632cb8c39a46b9f54afa3ae07201b678d32a54275b6f1c9ffec356bfc0?s=96&d=mm&r=g","caption":"radekmalina"},"url":"https:\/\/www.welovecycling.com\/cs\/author\/radekmalina\/"}]}},"_links":{"self":[{"href":"https:\/\/www.welovecycling.com\/cs\/wp-json\/wp\/v2\/posts\/27291","targetHints":{"allow":["GET"]}}],"collection":[{"href":"https:\/\/www.welovecycling.com\/cs\/wp-json\/wp\/v2\/posts"}],"about":[{"href":"https:\/\/www.welovecycling.com\/cs\/wp-json\/wp\/v2\/types\/post"}],"author":[{"embeddable":true,"href":"https:\/\/www.welovecycling.com\/cs\/wp-json\/wp\/v2\/users\/138"}],"replies":[{"embeddable":true,"href":"https:\/\/www.welovecycling.com\/cs\/wp-json\/wp\/v2\/comments?post=27291"}],"version-history":[{"count":6,"href":"https:\/\/www.welovecycling.com\/cs\/wp-json\/wp\/v2\/posts\/27291\/revisions"}],"predecessor-version":[{"id":27295,"href":"https:\/\/www.welovecycling.com\/cs\/wp-json\/wp\/v2\/posts\/27291\/revisions\/27295"}],"wp:featuredmedia":[{"embeddable":true,"href":"https:\/\/www.welovecycling.com\/cs\/wp-json\/wp\/v2\/media\/16821"}],"wp:attachment":[{"href":"https:\/\/www.welovecycling.com\/cs\/wp-json\/wp\/v2\/media?parent=27291"}],"wp:term":[{"taxonomy":"category","embeddable":true,"href":"https:\/\/www.welovecycling.com\/cs\/wp-json\/wp\/v2\/categories?post=27291"},{"taxonomy":"post_tag","embeddable":true,"href":"https:\/\/www.welovecycling.com\/cs\/wp-json\/wp\/v2\/tags?post=27291"},{"taxonomy":"global-categories","embeddable":true,"href":"https:\/\/www.welovecycling.com\/cs\/wp-json\/wp\/v2\/global-categories?post=27291"}],"curies":[{"name":"wp","href":"https:\/\/api.w.org\/{rel}","templated":true}]}}